{"id":10887,"date":"2018-02-25T08:13:17","date_gmt":"2018-02-25T07:13:17","guid":{"rendered":"https:\/\/leckerekekse.de\/wordpress\/?p=10887"},"modified":"2018-02-24T13:13:46","modified_gmt":"2018-02-24T12:13:46","slug":"rezension-delphine-de-vigan-tage-ohne-hunger","status":"publish","type":"post","link":"https:\/\/leckerekekse.de\/wordpress\/rezension-delphine-de-vigan-tage-ohne-hunger\/","title":{"rendered":"[Rezension] Delphine de Vigan: Tage ohne Hunger"},"content":{"rendered":"<h2><img loading=\"lazy\" decoding=\"async\" class=\"aligncenter size-large wp-image-10988\" src=\"https:\/\/leckerekekse.de\/wordpress\/wp-content\/uploads\/2018\/01\/Tage-ohne-Hunger-1-640x480.jpg\" alt=\"Tage ohne Hunger - Das Deb\u00fct\" width=\"640\" height=\"480\" srcset=\"https:\/\/leckerekekse.de\/wordpress\/wp-content\/uploads\/2018\/01\/Tage-ohne-Hunger-1.jpg 640w, https:\/\/leckerekekse.de\/wordpress\/wp-content\/uploads\/2018\/01\/Tage-ohne-Hunger-1-300x225.jpg 300w\" sizes=\"auto, (max-width: 640px) 100vw, 640px\" \/><\/h2>\n<h2>Der Deb\u00fctroman der Autorin<\/h2>\n<p>Endlich! Endlich gibt es eine \u00dcbersetzung des Deb\u00fctromans meiner Lieblingsschriftstellerin. Seit langem wartete ich auf \u201eTage ohne Hunger\u201c.<\/p>\n<p>Delphine de Vigan ist mit No &amp; ich bekannt geworden. Inzwischen gibt es viele B\u00fccher auf Deutsch von ihr: <b>No &amp; ich<\/b>; <b>Ich hatte vergessen, dass ich verwundbar bin; Das L\u00e4cheln meiner Mutter; <a href=\"https:\/\/leckerekekse.de\/wordpress\/nach-einer-wahren-geschichte\/\" target=\"_blank\" rel=\"noopener\">Nach einer wahren Geschichte<\/a>.<\/b><!--more--><\/p>\n<p><a href=\"https:\/\/leckerekekse.de\/wordpress\/nach-einer-wahren-geschichte\/\" target=\"_blank\" rel=\"noopener\">&#8222;Nach einer wahren Geschichte&#8220;<\/a> haben Silvia und ich beide gelesen und uns dar\u00fcber hier auf dem Blog ausgetauscht.<\/p>\n<p>Tage ohne Hunger, ihr Deb\u00fct, 2001 erschienen, beruht auf eigenen Erfahrungen der Autorin. Und man merkt diesem Buch an, dass sie wei\u00df, wovon sie spricht.<\/p>\n<h3>Inhalt<\/h3>\n<p>Laure ist 19 Jahre alt, als sie mehr tot als lebendig in eine Klinik geht. Sie friert st\u00e4ndig und kann sich kaum noch auf den Beinen halten. Sie erkennt, dass ihre Situation kritisch f\u00fcr sie ist.<\/p>\n<blockquote><p>In ihrem Bauch klopfte der Tod, sie konnte ihn ber\u00fchren!<\/p><\/blockquote>\n<p>Dr. Brunel ist ihr behandelnder Arzt, bem\u00fcht sich sehr um seine junge Patientin, ermutigt sie zu essen, damit sie wieder zunimmt und vielleicht irgendwann wieder ein normales Leben f\u00fchren kann.<\/p>\n<p><img loading=\"lazy\" decoding=\"async\" class=\"aligncenter size-large wp-image-10989\" src=\"https:\/\/leckerekekse.de\/wordpress\/wp-content\/uploads\/2018\/01\/Tage-ohne-Hunger-5-640x480.jpg\" alt=\"Alle B\u00fccher von Delphine de Vegan\" width=\"640\" height=\"480\" srcset=\"https:\/\/leckerekekse.de\/wordpress\/wp-content\/uploads\/2018\/01\/Tage-ohne-Hunger-5.jpg 640w, https:\/\/leckerekekse.de\/wordpress\/wp-content\/uploads\/2018\/01\/Tage-ohne-Hunger-5-300x225.jpg 300w\" sizes=\"auto, (max-width: 640px) 100vw, 640px\" \/><\/p>\n<p>Laures Eltern sind keine Hilfe. Die Mutter, selbst psychisch sehr angeschlagen, kommt sie besuchen. Ihr Vater \u2013 lange getrennt von der Mutter \u2013 macht ihr Vorw\u00fcrfe, weil sie nicht \u201efunktioniert\u201c.<\/p>\n<p>Die Tage im Krankenhaus sind lang. Laure strickt, liest und lernt ihre Mitpatienten besser kennen. Fatima mit ihrer gro\u00dfen Familie, die immer zu ihr zum Fernsehen kommt. Die Blaue, die ihr immer Vorhaltungen macht, Catherine, die zu dick ist, weil sie zu viel trinkt. Der Schwergewichtige, der im Gegensatz zu Laure abnehmen muss.<\/p>\n<p>Die Probleme auf der Station sind vielf\u00e4ltig. Aber immer dreht es sich ums Essen. Die einen essen zu wenig, gar nicht oder schlichtweg zu viel.<\/p>\n<p>Laure bekommt einen Schlauch gesetzt, mit dem sie k\u00fcnstlich ern\u00e4hrt wird. Zus\u00e4tzlich muss sie auch das normale Krankenhausessen zu sich nehmen. Sie braucht lange f\u00fcrs Essen, sie muss sich erst langsam wieder an Essen gew\u00f6hnen. St\u00e4ndig wird sie gewogen. Sie muss sich an die Kilos, die sich auf ihrem K\u00f6rper breit machen, gew\u00f6hnen. Es ist ungewohnt, wieder einen Po zu haben, einen Bauch, den sie f\u00fchlen kann. Aber es kommen immer wieder Zweifel, ob das richtig ist. Sie hat das gro\u00dfe Gl\u00fcck, einen einf\u00fchlsamen, attraktiven Arzt zu haben, in den sie sich ein klein wenig verliebt.<\/p>\n<p>&nbsp;<\/p>\n<p><img loading=\"lazy\" decoding=\"async\" class=\"aligncenter size-large wp-image-10990\" src=\"https:\/\/leckerekekse.de\/wordpress\/wp-content\/uploads\/2018\/01\/Tage-ohne-Hunger-7-640x480.jpg\" alt=\"Delphine de Vigan - Tage ohne Hunger\" width=\"640\" height=\"480\" srcset=\"https:\/\/leckerekekse.de\/wordpress\/wp-content\/uploads\/2018\/01\/Tage-ohne-Hunger-7.jpg 640w, https:\/\/leckerekekse.de\/wordpress\/wp-content\/uploads\/2018\/01\/Tage-ohne-Hunger-7-300x225.jpg 300w\" sizes=\"auto, (max-width: 640px) 100vw, 640px\" \/><\/p>\n<p>&nbsp;<\/p>\n<h3>Ein kurzes intensives Buch<\/h3>\n<p>Dieses Buch ist kurz \u2013 sehr kurz. Die 170 Seiten sind nicht einmal voll geschrieben. Immer wenn ein neuer Abschnitt anf\u00e4ngt, sind noch einige Seiten zwischendrin frei. Aber trotz allem ist dieses Buch unheimlich intensiv. Der Leser f\u00fchlt mit jedem Kilo, dass Laure zunimmt, mit. Denn obwohl das Zunehmen das Ziel ist, ist es nicht leicht f\u00fcr Anorexie-Patienten, das zu verkraften. Sie haben mit Absicht abgenommen, um andere Schmerzen auszuschalten. Mit jedem neu gewonnenen Kilo haben sie Angst davor, dass diese Schmerzen zur\u00fcckkommen.<\/p>\n<blockquote><p>Sp\u00e4ter wird sie begreifen, dass sie unter anderem genau das angestrebt hatte, ihren K\u00f6rper zu zerst\u00f6ren, um nichts mehr von au\u00dfen wahrzunehmen und auch in ihrem Fleisch und ihrem Bauch nur noch den Hunger zu sp\u00fcren.<\/p><\/blockquote>\n<p>Die Story wird in abgehackten kurzen Abs\u00e4tzen erz\u00e4hlt. Aus wechselnden Perspektiven. Zeiten wechseln st\u00e4ndig. Jedes Wort ist gut gew\u00e4hlt und in de Vigans typischem Schreibstil. Dieses Deb\u00fct ist sprachlich genauso perfekt wie ihre folgenden B\u00fccher.<\/p>\n<p>Delphine de Vigan ist ungef\u00e4hr mein Jahrgang und Laure erz\u00e4hlt die Geschichte, die in den 1980igern spielt. Viele Leser k\u00f6nnen vielleicht mit manchen Details nichts anfangen. Wer kennt denn noch \u201eDallas\u201c Und \u201eJR\u201c? F\u00fcr mich war das ein kleiner R\u00fcckblick auf meine eigene Jugend.<\/p>\n<h3>Fazit<\/h3>\n<p>Obwohl ich fr\u00fcher Kontakt mit Magersuchtpatienten hatte, konnte ich die Problematik nie ganz verstehen. Es war mir einfach nicht klar, warum diese Menschen es so weit mit ihrem K\u00f6rper kommen lassen. Und sich anfangs dabei noch sch\u00f6n finden. Dieses Buch hat sehr viel zum Verst\u00e4ndnis beigetragen und daf\u00fcr bin ich der Autorin unendlich dankbar. Schade nur, dass diese \u00dcbersetzung erst jetzt gekommen ist. Warum nur?<\/p>\n<p>&nbsp;<\/p>\n<p><img loading=\"lazy\" decoding=\"async\" class=\"aligncenter size-full wp-image-5966\" src=\"https:\/\/leckerekekse.de\/wordpress\/wp-content\/uploads\/2016\/04\/Scan-11.jpeg\" alt=\"\" width=\"206\" height=\"97\" \/><\/p>\n<p>&nbsp;<\/p>\n<p>&nbsp;<\/p>\n<table>\n<tbody>\n<tr>\n<td><img loading=\"lazy\" decoding=\"async\" class=\"aligncenter size-full wp-image-10991\" src=\"https:\/\/leckerekekse.de\/wordpress\/wp-content\/uploads\/2018\/02\/tage-ohne-hunger-cover.jpg\" alt=\"Tage ohne Hunger \" width=\"200\" height=\"309\" srcset=\"https:\/\/leckerekekse.de\/wordpress\/wp-content\/uploads\/2018\/02\/tage-ohne-hunger-cover.jpg 200w, https:\/\/leckerekekse.de\/wordpress\/wp-content\/uploads\/2018\/02\/tage-ohne-hunger-cover-194x300.jpg 194w\" sizes=\"auto, (max-width: 200px) 100vw, 200px\" \/><\/td>\n<td>Delphine de Vigan<\/p>\n<p>TAGE OHNE HUNGER<\/p>\n<p>Roman<\/p>\n<p>176 Seiten, mit Leseb\u00e4ndchen,<\/p>\n<p>Originalverlag: Grasset, Paris 2001 , Originaltitel: Jour sans faim<\/p>\n<p>Erscheinungstag: 22.08.2017<\/p>\n<p>ISBN 978-3-8321-9837-4<\/p>\n<p>\u00dcbersetzung: Doris Heinemann<\/p>\n<p><a href=\"http:\/\/www.dumont-buchverlag.de\/buch\/vigan-tage-ohne-hunger-9783832198374\/\" target=\"_blank\" rel=\"noopener\">Dumont-Verlag<\/a><\/td>\n<\/tr>\n<\/tbody>\n<\/table>\n<p>&nbsp;<\/p>\n<p><span style=\"border-top-left-radius: 2px; border-top-right-radius: 2px; border-bottom-right-radius: 2px; border-bottom-left-radius: 2px; text-indent: 20px; width: auto; padding: 0px 4px 0px 0px; text-align: center; font-style: normal; font-variant-caps: normal; font-weight: bold; font-stretch: normal; font-size: 11px; line-height: 20px; font-family: 'Helvetica Neue', Helvetica, sans-serif; color: #ffffff; background-image: url(data:image\/svg+xml; base64,phn2zyb4bwxucz0iahr0cdovl3d3dy53my5vcmcvmjawmc9zdmciighlawdodd0imzbwecigd2lkdgg9ijmwchgiihzpzxdcb3g9ii0xic0xidmxidmxij48zz48cgf0acbkpsjnmjkundq5lde0ljy2mibdmjkundq5ldiyljcymiaymi44njgsmjkumju2ide0ljc1ldi5lji1nibdni42mzismjkumju2idaumduxldiyljcymiawlja1mswxnc42njigqzaumduxldyunjaxidyunjmyldaumdy3ide0ljc1ldaumdy3iemymi44njgsmc4wnjcgmjkundq5ldyunjaxidi5ljq0oswxnc42njiiigzpbgw9iinmzmyiihn0cm9rzt0ii2zmziigc3ryb2tllxdpzhropsixij48l3bhdgg+phbhdgggzd0itte0ljczmywxljy4nibdny41mtysms42odygms42njusny40otugms42njusmtqunjyyiemxljy2nswymc4xntkgns4xmdksmjquodu0idkuotcsmjyunzq0iem5ljg1niwyns43mtggos43ntmsmjqumtqzidewljaxniwymy4wmjigqzewlji1mywymi4wmsaxms41ndgsmtyuntcyidexlju0ocwxni41nzigqzexlju0ocwxni41nzigmteumtu3lde1ljc5nsaxms4xntcsmtqunjq2iemxms4xntcsmtiuodqyideyljixmswxms40otugmtmuntiyldexljq5nsbdmtqunjm3ldexljq5nsaxns4xnzusmtiumzi2ide1lje3nswxmy4zmjmgqze1lje3nswxnc40mzygmtqundyylde2ljegmtqumdkzlde3ljy0mybdmtmunzg1lde4ljkznsaxnc43ndusmtkuotg4ide2ljayocwxos45odggqze4ljm1mswxos45odggmjaumtm2lde3lju1niaymc4xmzysmtqumdq2iemymc4xmzysmtauotm5ide3ljg4ocw4ljc2nyaxnc42nzgsoc43njcgqzewljk1osw4ljc2nya4ljc3nywxms41mzygoc43nzcsmtqumzk4iem4ljc3nywxns41mtmgos4ymswxni43mdkgos43ndksmtcumzu5iem5ljg1niwxny40odggos44nzismtcunia5ljg0lde3ljczmsbdos43ndesmtgumtqxidkuntismtkumdizidkundc3lde5ljiwmybdos40miwxos40nca5lji4ocwxos40otegos4wncwxos4znzygqzcunda4lde4ljyymia2ljm4nywxni4yntigni4zodcsmtqumzq5iem2ljm4nywxmc4yntygos4zodmsni40otcgmtuumdiyldyundk3iemxos41ntusni40otcgmjmumdc4ldkunza1idizlja3ocwxmy45otegqzizlja3ocwxoc40njmgmjaumjm5ldiylja2miaxni4yotcsmjiumdyyiemxnc45nzmsmjiumdyyidezljcyocwyms4znzkgmtmumzayldiwlju3mibdmtmumzayldiwlju3miaxmi42ndcsmjmumdugmtiundg4ldizljy1nybdmtiumtkzldi0ljc4ncaxms4zotysmjyumtk2idewljg2mywyny4wntggqzeylja4niwyny40mzqgmtmumzg2ldi3ljyznyaxnc43mzmsmjcunjm3iemyms45nswyny42mzcgmjcuodaxldixljgyocayny44mdesmtqunjyyiemyny44mdesny40otugmjeuotusms42odygmtqunzmzldeunjg2iibmawxspsijymqwodfjij48l3bhdgg+pc9npjwvc3znpg==); background-size: 14px 14px; background-color: #bd081c; position: absolute; opacity: 1; z-index: 8675309; display: none; cursor: pointer; border: none; -webkit-font-smoothing: antialiased; top: 25px; left: 158px; background-position: 3px 50%; background-repeat: no-repeat no-repeat;\">Merken<\/span><span style=\"border-top-left-radius: 2px; border-top-right-radius: 2px; border-bottom-right-radius: 2px; border-bottom-left-radius: 2px; text-indent: 20px; width: auto; padding: 0px 4px 0px 0px; text-align: center; font-style: normal; font-variant-caps: normal; font-weight: bold; font-stretch: normal; font-size: 11px; line-height: 20px; font-family: 'Helvetica Neue', Helvetica, sans-serif; color: #ffffff; background-image: url(data:image\/svg+xml; base64,phn2zyb4bwxucz0iahr0cdovl3d3dy53my5vcmcvmjawmc9zdmciighlawdodd0imzbwecigd2lkdgg9ijmwchgiihzpzxdcb3g9ii0xic0xidmxidmxij48zz48cgf0acbkpsjnmjkundq5lde0ljy2mibdmjkundq5ldiyljcymiaymi44njgsmjkumju2ide0ljc1ldi5lji1nibdni42mzismjkumju2idaumduxldiyljcymiawlja1mswxnc42njigqzaumduxldyunjaxidyunjmyldaumdy3ide0ljc1ldaumdy3iemymi44njgsmc4wnjcgmjkundq5ldyunjaxidi5ljq0oswxnc42njiiigzpbgw9iinmzmyiihn0cm9rzt0ii2zmziigc3ryb2tllxdpzhropsixij48l3bhdgg+phbhdgggzd0itte0ljczmywxljy4nibdny41mtysms42odygms42njusny40otugms42njusmtqunjyyiemxljy2nswymc4xntkgns4xmdksmjquodu0idkuotcsmjyunzq0iem5ljg1niwyns43mtggos43ntmsmjqumtqzidewljaxniwymy4wmjigqzewlji1mywymi4wmsaxms41ndgsmtyuntcyidexlju0ocwxni41nzigqzexlju0ocwxni41nzigmteumtu3lde1ljc5nsaxms4xntcsmtqunjq2iemxms4xntcsmtiuodqyideyljixmswxms40otugmtmuntiyldexljq5nsbdmtqunjm3ldexljq5nsaxns4xnzusmtiumzi2ide1lje3nswxmy4zmjmgqze1lje3nswxnc40mzygmtqundyylde2ljegmtqumdkzlde3ljy0mybdmtmunzg1lde4ljkznsaxnc43ndusmtkuotg4ide2ljayocwxos45odggqze4ljm1mswxos45odggmjaumtm2lde3lju1niaymc4xmzysmtqumdq2iemymc4xmzysmtauotm5ide3ljg4ocw4ljc2nyaxnc42nzgsoc43njcgqzewljk1osw4ljc2nya4ljc3nywxms41mzygoc43nzcsmtqumzk4iem4ljc3nywxns41mtmgos4ymswxni43mdkgos43ndksmtcumzu5iem5ljg1niwxny40odggos44nzismtcunia5ljg0lde3ljczmsbdos43ndesmtgumtqxidkuntismtkumdizidkundc3lde5ljiwmybdos40miwxos40nca5lji4ocwxos40otegos4wncwxos4znzygqzcunda4lde4ljyymia2ljm4nywxni4yntigni4zodcsmtqumzq5iem2ljm4nywxmc4yntygos4zodmsni40otcgmtuumdiyldyundk3iemxos41ntusni40otcgmjmumdc4ldkunza1idizlja3ocwxmy45otegqzizlja3ocwxoc40njmgmjaumjm5ldiylja2miaxni4yotcsmjiumdyyiemxnc45nzmsmjiumdyyidezljcyocwyms4znzkgmtmumzayldiwlju3mibdmtmumzayldiwlju3miaxmi42ndcsmjmumdugmtiundg4ldizljy1nybdmtiumtkzldi0ljc4ncaxms4zotysmjyumtk2idewljg2mywyny4wntggqzeylja4niwyny40mzqgmtmumzg2ldi3ljyznyaxnc43mzmsmjcunjm3iemyms45nswyny42mzcgmjcuodaxldixljgyocayny44mdesmtqunjyyiemyny44mdesny40otugmjeuotusms42odygmtqunzmzldeunjg2iibmawxspsijymqwodfjij48l3bhdgg+pc9npjwvc3znpg==); background-size: 14px 14px; background-color: #bd081c; position: absolute; opacity: 1; z-index: 8675309; display: none; cursor: pointer; border: none; -webkit-font-smoothing: antialiased; top: 25px; left: 158px; background-position: 3px 50%; background-repeat: no-repeat no-repeat;\">Merken<\/span><\/p>\n","protected":false},"excerpt":{"rendered":"<p>Der Deb\u00fctroman der Autorin Endlich! Endlich gibt es eine \u00dcbersetzung des Deb\u00fctromans meiner Lieblingsschriftstellerin. Seit langem wartete ich auf \u201eTage ohne Hunger\u201c. Delphine de Vigan ist mit No &amp; ich bekannt geworden. Inzwischen gibt es viele B\u00fccher auf Deutsch von ihr: No &amp; ich; Ich hatte vergessen, dass ich verwundbar bin; Das L\u00e4cheln meiner Mutter; [&hellip;]<\/p>\n","protected":false},"author":1,"featured_media":10990,"comment_status":"open","ping_status":"open","sticky":false,"template":"","format":"standard","meta":{"footnotes":""},"categories":[1,788],"tags":[1061,57,1060],"class_list":["post-10887","post","type-post","status-publish","format-standard","has-post-thumbnail","hentry","category-allgemein","category-rezension","tag-anorexie","tag-debuet","tag-magersucht"],"yoast_head":"<!-- This site is optimized with the Yoast SEO plugin v27.5 - https:\/\/yoast.com\/product\/yoast-seo-wordpress\/ -->\n<title>[Rezension] Delphine de Vigan: Tage ohne Hunger | Leckere Kekse &amp; mehr<\/title>\n<meta name=\"description\" content=\"Endlich gibt es den Deb\u00fctroman der Autorin auch auf Deutsch. Bisher war ich von all ihren B\u00fcchern begeistert und auch &quot;Tage ohne Hunger&quot; beeindruckt mich.\" \/>\n<meta name=\"robots\" content=\"index, follow, max-snippet:-1, max-image-preview:large, max-video-preview:-1\" \/>\n<link rel=\"canonical\" href=\"https:\/\/leckerekekse.de\/wordpress\/rezension-delphine-de-vigan-tage-ohne-hunger\/\" \/>\n<meta property=\"og:locale\" content=\"de_DE\" \/>\n<meta property=\"og:type\" content=\"article\" \/>\n<meta property=\"og:title\" content=\"[Rezension] Delphine de Vigan: Tage ohne Hunger | Leckere Kekse &amp; mehr\" \/>\n<meta property=\"og:description\" content=\"Endlich gibt es den Deb\u00fctroman der Autorin auch auf Deutsch. Bisher war ich von all ihren B\u00fcchern begeistert und auch &quot;Tage ohne Hunger&quot; beeindruckt mich.\" \/>\n<meta property=\"og:url\" content=\"https:\/\/leckerekekse.de\/wordpress\/rezension-delphine-de-vigan-tage-ohne-hunger\/\" \/>\n<meta property=\"og:site_name\" content=\"Leckere Kekse &amp; mehr\" \/>\n<meta property=\"article:published_time\" content=\"2018-02-25T07:13:17+00:00\" \/>\n<meta property=\"og:image\" content=\"https:\/\/leckerekekse.de\/wordpress\/wp-content\/uploads\/2018\/01\/Tage-ohne-Hunger-7.jpg\" \/>\n\t<meta property=\"og:image:width\" content=\"640\" \/>\n\t<meta property=\"og:image:height\" content=\"480\" \/>\n\t<meta property=\"og:image:type\" content=\"image\/jpeg\" \/>\n<meta name=\"author\" content=\"Astrid\" \/>\n<meta name=\"twitter:label1\" content=\"Verfasst von\" \/>\n\t<meta name=\"twitter:data1\" content=\"Astrid\" \/>\n\t<meta name=\"twitter:label2\" content=\"Gesch\u00e4tzte Lesezeit\" \/>\n\t<meta name=\"twitter:data2\" content=\"4\u00a0Minuten\" \/>\n<script type=\"application\/ld+json\" class=\"yoast-schema-graph\">{\"@context\":\"https:\\\/\\\/schema.org\",\"@graph\":[{\"@type\":\"Article\",\"@id\":\"https:\\\/\\\/leckerekekse.de\\\/wordpress\\\/rezension-delphine-de-vigan-tage-ohne-hunger\\\/#article\",\"isPartOf\":{\"@id\":\"https:\\\/\\\/leckerekekse.de\\\/wordpress\\\/rezension-delphine-de-vigan-tage-ohne-hunger\\\/\"},\"author\":{\"name\":\"Astrid\",\"@id\":\"https:\\\/\\\/leckerekekse.de\\\/wordpress\\\/#\\\/schema\\\/person\\\/8f45748de22f11ca6e316da813f59b85\"},\"headline\":\"[Rezension] Delphine de Vigan: Tage ohne Hunger\",\"datePublished\":\"2018-02-25T07:13:17+00:00\",\"mainEntityOfPage\":{\"@id\":\"https:\\\/\\\/leckerekekse.de\\\/wordpress\\\/rezension-delphine-de-vigan-tage-ohne-hunger\\\/\"},\"wordCount\":739,\"commentCount\":0,\"publisher\":{\"@id\":\"https:\\\/\\\/leckerekekse.de\\\/wordpress\\\/#\\\/schema\\\/person\\\/8f45748de22f11ca6e316da813f59b85\"},\"image\":{\"@id\":\"https:\\\/\\\/leckerekekse.de\\\/wordpress\\\/rezension-delphine-de-vigan-tage-ohne-hunger\\\/#primaryimage\"},\"thumbnailUrl\":\"https:\\\/\\\/leckerekekse.de\\\/wordpress\\\/wp-content\\\/uploads\\\/2018\\\/01\\\/Tage-ohne-Hunger-7.jpg\",\"keywords\":[\"Anorexie\",\"Deb\u00fct\",\"Magersucht\"],\"articleSection\":{\"1\":\"Rezension\"},\"inLanguage\":\"de\",\"potentialAction\":[{\"@type\":\"CommentAction\",\"name\":\"Comment\",\"target\":[\"https:\\\/\\\/leckerekekse.de\\\/wordpress\\\/rezension-delphine-de-vigan-tage-ohne-hunger\\\/#respond\"]}]},{\"@type\":\"WebPage\",\"@id\":\"https:\\\/\\\/leckerekekse.de\\\/wordpress\\\/rezension-delphine-de-vigan-tage-ohne-hunger\\\/\",\"url\":\"https:\\\/\\\/leckerekekse.de\\\/wordpress\\\/rezension-delphine-de-vigan-tage-ohne-hunger\\\/\",\"name\":\"[Rezension] Delphine de Vigan: Tage ohne Hunger | Leckere Kekse &amp; mehr\",\"isPartOf\":{\"@id\":\"https:\\\/\\\/leckerekekse.de\\\/wordpress\\\/#website\"},\"primaryImageOfPage\":{\"@id\":\"https:\\\/\\\/leckerekekse.de\\\/wordpress\\\/rezension-delphine-de-vigan-tage-ohne-hunger\\\/#primaryimage\"},\"image\":{\"@id\":\"https:\\\/\\\/leckerekekse.de\\\/wordpress\\\/rezension-delphine-de-vigan-tage-ohne-hunger\\\/#primaryimage\"},\"thumbnailUrl\":\"https:\\\/\\\/leckerekekse.de\\\/wordpress\\\/wp-content\\\/uploads\\\/2018\\\/01\\\/Tage-ohne-Hunger-7.jpg\",\"datePublished\":\"2018-02-25T07:13:17+00:00\",\"description\":\"Endlich gibt es den Deb\u00fctroman der Autorin auch auf Deutsch. Bisher war ich von all ihren B\u00fcchern begeistert und auch \\\"Tage ohne Hunger\\\" beeindruckt mich.\",\"breadcrumb\":{\"@id\":\"https:\\\/\\\/leckerekekse.de\\\/wordpress\\\/rezension-delphine-de-vigan-tage-ohne-hunger\\\/#breadcrumb\"},\"inLanguage\":\"de\",\"potentialAction\":[{\"@type\":\"ReadAction\",\"target\":[\"https:\\\/\\\/leckerekekse.de\\\/wordpress\\\/rezension-delphine-de-vigan-tage-ohne-hunger\\\/\"]}]},{\"@type\":\"ImageObject\",\"inLanguage\":\"de\",\"@id\":\"https:\\\/\\\/leckerekekse.de\\\/wordpress\\\/rezension-delphine-de-vigan-tage-ohne-hunger\\\/#primaryimage\",\"url\":\"https:\\\/\\\/leckerekekse.de\\\/wordpress\\\/wp-content\\\/uploads\\\/2018\\\/01\\\/Tage-ohne-Hunger-7.jpg\",\"contentUrl\":\"https:\\\/\\\/leckerekekse.de\\\/wordpress\\\/wp-content\\\/uploads\\\/2018\\\/01\\\/Tage-ohne-Hunger-7.jpg\",\"width\":640,\"height\":480,\"caption\":\"Delphine de Vigan - Tage ohne Hunger\"},{\"@type\":\"BreadcrumbList\",\"@id\":\"https:\\\/\\\/leckerekekse.de\\\/wordpress\\\/rezension-delphine-de-vigan-tage-ohne-hunger\\\/#breadcrumb\",\"itemListElement\":[{\"@type\":\"ListItem\",\"position\":1,\"name\":\"Home\",\"item\":\"https:\\\/\\\/leckerekekse.de\\\/wordpress\\\/\"},{\"@type\":\"ListItem\",\"position\":2,\"name\":\"[Rezension] Delphine de Vigan: Tage ohne Hunger\"}]},{\"@type\":\"WebSite\",\"@id\":\"https:\\\/\\\/leckerekekse.de\\\/wordpress\\\/#website\",\"url\":\"https:\\\/\\\/leckerekekse.de\\\/wordpress\\\/\",\"name\":\"Leckere Kekse &amp; mehr\",\"description\":\"Kekse backen, B\u00fccher lesen und mehr\",\"publisher\":{\"@id\":\"https:\\\/\\\/leckerekekse.de\\\/wordpress\\\/#\\\/schema\\\/person\\\/8f45748de22f11ca6e316da813f59b85\"},\"potentialAction\":[{\"@type\":\"SearchAction\",\"target\":{\"@type\":\"EntryPoint\",\"urlTemplate\":\"https:\\\/\\\/leckerekekse.de\\\/wordpress\\\/?s={search_term_string}\"},\"query-input\":{\"@type\":\"PropertyValueSpecification\",\"valueRequired\":true,\"valueName\":\"search_term_string\"}}],\"inLanguage\":\"de\"},{\"@type\":[\"Person\",\"Organization\"],\"@id\":\"https:\\\/\\\/leckerekekse.de\\\/wordpress\\\/#\\\/schema\\\/person\\\/8f45748de22f11ca6e316da813f59b85\",\"name\":\"Astrid\",\"logo\":{\"@id\":\"https:\\\/\\\/leckerekekse.de\\\/wordpress\\\/#\\\/schema\\\/person\\\/image\\\/\"},\"sameAs\":[\"https:\\\/\\\/leckerekekse.de\\\/wordpress\"]}]}<\/script>\n<!-- \/ Yoast SEO plugin. -->","yoast_head_json":{"title":"[Rezension] Delphine de Vigan: Tage ohne Hunger | Leckere Kekse &amp; mehr","description":"Endlich gibt es den Deb\u00fctroman der Autorin auch auf Deutsch. Bisher war ich von all ihren B\u00fcchern begeistert und auch \"Tage ohne Hunger\" beeindruckt mich.","robots":{"index":"index","follow":"follow","max-snippet":"max-snippet:-1","max-image-preview":"max-image-preview:large","max-video-preview":"max-video-preview:-1"},"canonical":"https:\/\/leckerekekse.de\/wordpress\/rezension-delphine-de-vigan-tage-ohne-hunger\/","og_locale":"de_DE","og_type":"article","og_title":"[Rezension] Delphine de Vigan: Tage ohne Hunger | Leckere Kekse &amp; mehr","og_description":"Endlich gibt es den Deb\u00fctroman der Autorin auch auf Deutsch. Bisher war ich von all ihren B\u00fcchern begeistert und auch \"Tage ohne Hunger\" beeindruckt mich.","og_url":"https:\/\/leckerekekse.de\/wordpress\/rezension-delphine-de-vigan-tage-ohne-hunger\/","og_site_name":"Leckere Kekse &amp; mehr","article_published_time":"2018-02-25T07:13:17+00:00","og_image":[{"width":640,"height":480,"url":"https:\/\/leckerekekse.de\/wordpress\/wp-content\/uploads\/2018\/01\/Tage-ohne-Hunger-7.jpg","type":"image\/jpeg"}],"author":"Astrid","twitter_misc":{"Verfasst von":"Astrid","Gesch\u00e4tzte Lesezeit":"4\u00a0Minuten"},"schema":{"@context":"https:\/\/schema.org","@graph":[{"@type":"Article","@id":"https:\/\/leckerekekse.de\/wordpress\/rezension-delphine-de-vigan-tage-ohne-hunger\/#article","isPartOf":{"@id":"https:\/\/leckerekekse.de\/wordpress\/rezension-delphine-de-vigan-tage-ohne-hunger\/"},"author":{"name":"Astrid","@id":"https:\/\/leckerekekse.de\/wordpress\/#\/schema\/person\/8f45748de22f11ca6e316da813f59b85"},"headline":"[Rezension] Delphine de Vigan: Tage ohne Hunger","datePublished":"2018-02-25T07:13:17+00:00","mainEntityOfPage":{"@id":"https:\/\/leckerekekse.de\/wordpress\/rezension-delphine-de-vigan-tage-ohne-hunger\/"},"wordCount":739,"commentCount":0,"publisher":{"@id":"https:\/\/leckerekekse.de\/wordpress\/#\/schema\/person\/8f45748de22f11ca6e316da813f59b85"},"image":{"@id":"https:\/\/leckerekekse.de\/wordpress\/rezension-delphine-de-vigan-tage-ohne-hunger\/#primaryimage"},"thumbnailUrl":"https:\/\/leckerekekse.de\/wordpress\/wp-content\/uploads\/2018\/01\/Tage-ohne-Hunger-7.jpg","keywords":["Anorexie","Deb\u00fct","Magersucht"],"articleSection":{"1":"Rezension"},"inLanguage":"de","potentialAction":[{"@type":"CommentAction","name":"Comment","target":["https:\/\/leckerekekse.de\/wordpress\/rezension-delphine-de-vigan-tage-ohne-hunger\/#respond"]}]},{"@type":"WebPage","@id":"https:\/\/leckerekekse.de\/wordpress\/rezension-delphine-de-vigan-tage-ohne-hunger\/","url":"https:\/\/leckerekekse.de\/wordpress\/rezension-delphine-de-vigan-tage-ohne-hunger\/","name":"[Rezension] Delphine de Vigan: Tage ohne Hunger | Leckere Kekse &amp; mehr","isPartOf":{"@id":"https:\/\/leckerekekse.de\/wordpress\/#website"},"primaryImageOfPage":{"@id":"https:\/\/leckerekekse.de\/wordpress\/rezension-delphine-de-vigan-tage-ohne-hunger\/#primaryimage"},"image":{"@id":"https:\/\/leckerekekse.de\/wordpress\/rezension-delphine-de-vigan-tage-ohne-hunger\/#primaryimage"},"thumbnailUrl":"https:\/\/leckerekekse.de\/wordpress\/wp-content\/uploads\/2018\/01\/Tage-ohne-Hunger-7.jpg","datePublished":"2018-02-25T07:13:17+00:00","description":"Endlich gibt es den Deb\u00fctroman der Autorin auch auf Deutsch. Bisher war ich von all ihren B\u00fcchern begeistert und auch \"Tage ohne Hunger\" beeindruckt mich.","breadcrumb":{"@id":"https:\/\/leckerekekse.de\/wordpress\/rezension-delphine-de-vigan-tage-ohne-hunger\/#breadcrumb"},"inLanguage":"de","potentialAction":[{"@type":"ReadAction","target":["https:\/\/leckerekekse.de\/wordpress\/rezension-delphine-de-vigan-tage-ohne-hunger\/"]}]},{"@type":"ImageObject","inLanguage":"de","@id":"https:\/\/leckerekekse.de\/wordpress\/rezension-delphine-de-vigan-tage-ohne-hunger\/#primaryimage","url":"https:\/\/leckerekekse.de\/wordpress\/wp-content\/uploads\/2018\/01\/Tage-ohne-Hunger-7.jpg","contentUrl":"https:\/\/leckerekekse.de\/wordpress\/wp-content\/uploads\/2018\/01\/Tage-ohne-Hunger-7.jpg","width":640,"height":480,"caption":"Delphine de Vigan - Tage ohne Hunger"},{"@type":"BreadcrumbList","@id":"https:\/\/leckerekekse.de\/wordpress\/rezension-delphine-de-vigan-tage-ohne-hunger\/#breadcrumb","itemListElement":[{"@type":"ListItem","position":1,"name":"Home","item":"https:\/\/leckerekekse.de\/wordpress\/"},{"@type":"ListItem","position":2,"name":"[Rezension] Delphine de Vigan: Tage ohne Hunger"}]},{"@type":"WebSite","@id":"https:\/\/leckerekekse.de\/wordpress\/#website","url":"https:\/\/leckerekekse.de\/wordpress\/","name":"Leckere Kekse &amp; mehr","description":"Kekse backen, B\u00fccher lesen und mehr","publisher":{"@id":"https:\/\/leckerekekse.de\/wordpress\/#\/schema\/person\/8f45748de22f11ca6e316da813f59b85"},"potentialAction":[{"@type":"SearchAction","target":{"@type":"EntryPoint","urlTemplate":"https:\/\/leckerekekse.de\/wordpress\/?s={search_term_string}"},"query-input":{"@type":"PropertyValueSpecification","valueRequired":true,"valueName":"search_term_string"}}],"inLanguage":"de"},{"@type":["Person","Organization"],"@id":"https:\/\/leckerekekse.de\/wordpress\/#\/schema\/person\/8f45748de22f11ca6e316da813f59b85","name":"Astrid","logo":{"@id":"https:\/\/leckerekekse.de\/wordpress\/#\/schema\/person\/image\/"},"sameAs":["https:\/\/leckerekekse.de\/wordpress"]}]}},"_links":{"self":[{"href":"https:\/\/leckerekekse.de\/wordpress\/wp-json\/wp\/v2\/posts\/10887","targetHints":{"allow":["GET"]}}],"collection":[{"href":"https:\/\/leckerekekse.de\/wordpress\/wp-json\/wp\/v2\/posts"}],"about":[{"href":"https:\/\/leckerekekse.de\/wordpress\/wp-json\/wp\/v2\/types\/post"}],"author":[{"embeddable":true,"href":"https:\/\/leckerekekse.de\/wordpress\/wp-json\/wp\/v2\/users\/1"}],"replies":[{"embeddable":true,"href":"https:\/\/leckerekekse.de\/wordpress\/wp-json\/wp\/v2\/comments?post=10887"}],"version-history":[{"count":3,"href":"https:\/\/leckerekekse.de\/wordpress\/wp-json\/wp\/v2\/posts\/10887\/revisions"}],"predecessor-version":[{"id":11036,"href":"https:\/\/leckerekekse.de\/wordpress\/wp-json\/wp\/v2\/posts\/10887\/revisions\/11036"}],"wp:featuredmedia":[{"embeddable":true,"href":"https:\/\/leckerekekse.de\/wordpress\/wp-json\/wp\/v2\/media\/10990"}],"wp:attachment":[{"href":"https:\/\/leckerekekse.de\/wordpress\/wp-json\/wp\/v2\/media?parent=10887"}],"wp:term":[{"taxonomy":"category","embeddable":true,"href":"https:\/\/leckerekekse.de\/wordpress\/wp-json\/wp\/v2\/categories?post=10887"},{"taxonomy":"post_tag","embeddable":true,"href":"https:\/\/leckerekekse.de\/wordpress\/wp-json\/wp\/v2\/tags?post=10887"}],"curies":[{"name":"wp","href":"https:\/\/api.w.org\/{rel}","templated":true}]}}