{"id":1093,"date":"2014-12-14T06:00:22","date_gmt":"2014-12-14T04:00:22","guid":{"rendered":"http:\/\/leckerekekse.de\/wordpress\/?p=1093"},"modified":"2016-12-06T19:23:54","modified_gmt":"2016-12-06T17:23:54","slug":"jo-nesbo-der-sohn","status":"publish","type":"post","link":"https:\/\/leckerekekse.de\/wordpress\/jo-nesbo-der-sohn\/","title":{"rendered":"Jo Nesb\u00f8: Der Sohn"},"content":{"rendered":"<header><a href=\"http:\/\/www.ullsteinbuchverlage.de\/nc\/buch\/details\/der-sohn-9783550080449.html\" target=\"_blank\"><img loading=\"lazy\" decoding=\"async\" class=\"alignleft wp-image-1025 size-medium\" src=\"https:\/\/leckerekekse.de\/wordpress\/wp-content\/uploads\/2014\/11\/9783550080449_cover-188x300.jpg\" alt=\"Der Sohn Jo Nesbo\" width=\"188\" height=\"300\" srcset=\"https:\/\/leckerekekse.de\/wordpress\/wp-content\/uploads\/2014\/11\/9783550080449_cover-188x300.jpg 188w, https:\/\/leckerekekse.de\/wordpress\/wp-content\/uploads\/2014\/11\/9783550080449_cover-641x1024.jpg 641w, https:\/\/leckerekekse.de\/wordpress\/wp-content\/uploads\/2014\/11\/9783550080449_cover-900x1435.jpg 900w, https:\/\/leckerekekse.de\/wordpress\/wp-content\/uploads\/2014\/11\/9783550080449_cover.jpg 1003w\" sizes=\"auto, (max-width: 188px) 100vw, 188px\" \/><\/a>Sonny sitzt im Knast, Wegen einiger Morde. Bei einem Tag Freigang kommt ein weiterer hinzu. Dabei macht Sonny im Umgang mit den Mith\u00e4ftlingen gar nicht den Eindruck des skrupellosen Killers. Viele haben mehr Vertrauen in ihn als in den Anstaltspfarrer. Sie gestehen Sonny gegen\u00fcber ihre S\u00fcnden und er vergibt ihnen. Aber Sonny ist heroinabh\u00e4ngig, wer wei\u00df was in so einem Menschen vorgeht.Bis eines Tages jemand ihm die Wahrheit \u00fcber den angeblichen Selbstmord seines Vaters mitteilt. Sonny bricht aus und beginnt einen gnadenlosen Rachefeldzug.<\/p>\n<p>Auf der anderen Seite k\u00e4mpft Simon Kefas, Polizist f\u00fcr Recht und Ordnung. Zur Seite hat er die Neue in der Mordkommission, \u00a0Kari, f\u00fcr die der Ausflug in dieses Kommissariat nur eine Stufe auf der hohen Karriereleiter ist. Sie geben aber ein gutes Team ab, bis Kari merkt, das Simon einige Alleing\u00e4nge macht.<br \/>\nSimon hat auch viele pers\u00f6nliche Probleme: Schulden, kein Geld f\u00fcr die OP seiner Frau. <!--more--> Da macht ihm Oslos oberster Gangsterboss ein Angebot.<\/p>\n<p>Eine St\u00e4rke des Romans liegt f\u00fcr mich auch in der Beschreibung von Nebenfiguren. Zum Beispiel des Jungen Marcus, der ein Fan von Sonny ist, der Rezeptionistin, die immer vor der Entscheidung Moral oder Karriere steht. Alle sind irgendwie miteinander verstrickt.<\/p>\n<p>Liebe scheint der treibende Faktor auf der Welt zu sein. Liebe zum Partner, Kindern, Job. \u00a0Das wirkt neben den radikalen Gewaltdarstellungen irgendwie absurd.<\/p>\n<p>Ein spannender, aber recht brutaler Krimi mit vielen Wendungen und moralischen Fragestellungen.<\/p>\n<p>Jo Nesb\u00f8: Der Sohn, Ullstein Verlage, 528 Seiten, ISBN-13 9783550080449, Preis \u20ac 22,99<br \/>\n\u264c<\/p>\n<\/header>\n","protected":false},"excerpt":{"rendered":"<p>Sonny sitzt im Knast, Wegen einiger Morde. Bei einem Tag Freigang kommt ein weiterer hinzu. Dabei macht Sonny im Umgang mit den Mith\u00e4ftlingen gar nicht den Eindruck des skrupellosen Killers. Viele haben mehr Vertrauen in ihn als in den Anstaltspfarrer. Sie gestehen Sonny gegen\u00fcber ihre S\u00fcnden und er vergibt ihnen. Aber Sonny ist heroinabh\u00e4ngig, wer [&hellip;]<\/p>\n","protected":false},"author":2,"featured_media":1025,"comment_status":"open","ping_status":"open","sticky":false,"template":"","format":"standard","meta":{"footnotes":""},"categories":[1,3],"tags":[],"class_list":["post-1093","post","type-post","status-publish","format-standard","has-post-thumbnail","hentry","category-allgemein","category-buecher"],"yoast_head":"<!-- This site is optimized with the Yoast SEO plugin v27.5 - https:\/\/yoast.com\/product\/yoast-seo-wordpress\/ -->\n<title>Jo Nesb\u00f8: Der Sohn | Leckere Kekse &amp; mehr<\/title>\n<meta name=\"robots\" content=\"index, follow, max-snippet:-1, max-image-preview:large, max-video-preview:-1\" \/>\n<link rel=\"canonical\" href=\"https:\/\/leckerekekse.de\/wordpress\/jo-nesbo-der-sohn\/\" \/>\n<meta property=\"og:locale\" content=\"de_DE\" \/>\n<meta property=\"og:type\" content=\"article\" \/>\n<meta property=\"og:title\" content=\"Jo Nesb\u00f8: Der Sohn | Leckere Kekse &amp; mehr\" \/>\n<meta property=\"og:description\" content=\"Sonny sitzt im Knast, Wegen einiger Morde. Bei einem Tag Freigang kommt ein weiterer hinzu. Dabei macht Sonny im Umgang mit den Mith\u00e4ftlingen gar nicht den Eindruck des skrupellosen Killers. Viele haben mehr Vertrauen in ihn als in den Anstaltspfarrer. Sie gestehen Sonny gegen\u00fcber ihre S\u00fcnden und er vergibt ihnen. Aber Sonny ist heroinabh\u00e4ngig, wer [&hellip;]\" \/>\n<meta property=\"og:url\" content=\"https:\/\/leckerekekse.de\/wordpress\/jo-nesbo-der-sohn\/\" \/>\n<meta property=\"og:site_name\" content=\"Leckere Kekse &amp; mehr\" \/>\n<meta property=\"article:published_time\" content=\"2014-12-14T04:00:22+00:00\" \/>\n<meta property=\"article:modified_time\" content=\"2016-12-06T17:23:54+00:00\" \/>\n<meta property=\"og:image\" content=\"https:\/\/leckerekekse.de\/wordpress\/wp-content\/uploads\/2014\/11\/9783550080449_cover.jpg\" \/>\n\t<meta property=\"og:image:width\" content=\"1003\" \/>\n\t<meta property=\"og:image:height\" content=\"1600\" \/>\n\t<meta property=\"og:image:type\" content=\"image\/jpeg\" \/>\n<meta name=\"author\" content=\"Buchlieberin\" \/>\n<meta name=\"twitter:label1\" content=\"Verfasst von\" \/>\n\t<meta name=\"twitter:data1\" content=\"Buchlieberin\" \/>\n\t<meta name=\"twitter:label2\" content=\"Gesch\u00e4tzte Lesezeit\" \/>\n\t<meta name=\"twitter:data2\" content=\"1\u00a0Minute\" \/>\n<script type=\"application\/ld+json\" class=\"yoast-schema-graph\">{\"@context\":\"https:\\\/\\\/schema.org\",\"@graph\":[{\"@type\":\"Article\",\"@id\":\"https:\\\/\\\/leckerekekse.de\\\/wordpress\\\/jo-nesbo-der-sohn\\\/#article\",\"isPartOf\":{\"@id\":\"https:\\\/\\\/leckerekekse.de\\\/wordpress\\\/jo-nesbo-der-sohn\\\/\"},\"author\":{\"name\":\"Buchlieberin\",\"@id\":\"https:\\\/\\\/leckerekekse.de\\\/wordpress\\\/#\\\/schema\\\/person\\\/aeca9a159c2be36b9bce9092b38c13c8\"},\"headline\":\"Jo Nesb\u00f8: Der Sohn\",\"datePublished\":\"2014-12-14T04:00:22+00:00\",\"dateModified\":\"2016-12-06T17:23:54+00:00\",\"mainEntityOfPage\":{\"@id\":\"https:\\\/\\\/leckerekekse.de\\\/wordpress\\\/jo-nesbo-der-sohn\\\/\"},\"wordCount\":258,\"commentCount\":0,\"publisher\":{\"@id\":\"https:\\\/\\\/leckerekekse.de\\\/wordpress\\\/#\\\/schema\\\/person\\\/6e4b2658514a3b7423a1f323400bdc1b\"},\"image\":{\"@id\":\"https:\\\/\\\/leckerekekse.de\\\/wordpress\\\/jo-nesbo-der-sohn\\\/#primaryimage\"},\"thumbnailUrl\":\"https:\\\/\\\/leckerekekse.de\\\/wordpress\\\/wp-content\\\/uploads\\\/2014\\\/11\\\/9783550080449_cover.jpg\",\"articleSection\":{\"1\":\"B\u00fccher\"},\"inLanguage\":\"de\",\"potentialAction\":[{\"@type\":\"CommentAction\",\"name\":\"Comment\",\"target\":[\"https:\\\/\\\/leckerekekse.de\\\/wordpress\\\/jo-nesbo-der-sohn\\\/#respond\"]}]},{\"@type\":\"WebPage\",\"@id\":\"https:\\\/\\\/leckerekekse.de\\\/wordpress\\\/jo-nesbo-der-sohn\\\/\",\"url\":\"https:\\\/\\\/leckerekekse.de\\\/wordpress\\\/jo-nesbo-der-sohn\\\/\",\"name\":\"Jo Nesb\u00f8: Der Sohn | Leckere Kekse &amp; mehr\",\"isPartOf\":{\"@id\":\"https:\\\/\\\/leckerekekse.de\\\/wordpress\\\/#website\"},\"primaryImageOfPage\":{\"@id\":\"https:\\\/\\\/leckerekekse.de\\\/wordpress\\\/jo-nesbo-der-sohn\\\/#primaryimage\"},\"image\":{\"@id\":\"https:\\\/\\\/leckerekekse.de\\\/wordpress\\\/jo-nesbo-der-sohn\\\/#primaryimage\"},\"thumbnailUrl\":\"https:\\\/\\\/leckerekekse.de\\\/wordpress\\\/wp-content\\\/uploads\\\/2014\\\/11\\\/9783550080449_cover.jpg\",\"datePublished\":\"2014-12-14T04:00:22+00:00\",\"dateModified\":\"2016-12-06T17:23:54+00:00\",\"breadcrumb\":{\"@id\":\"https:\\\/\\\/leckerekekse.de\\\/wordpress\\\/jo-nesbo-der-sohn\\\/#breadcrumb\"},\"inLanguage\":\"de\",\"potentialAction\":[{\"@type\":\"ReadAction\",\"target\":[\"https:\\\/\\\/leckerekekse.de\\\/wordpress\\\/jo-nesbo-der-sohn\\\/\"]}]},{\"@type\":\"ImageObject\",\"inLanguage\":\"de\",\"@id\":\"https:\\\/\\\/leckerekekse.de\\\/wordpress\\\/jo-nesbo-der-sohn\\\/#primaryimage\",\"url\":\"https:\\\/\\\/leckerekekse.de\\\/wordpress\\\/wp-content\\\/uploads\\\/2014\\\/11\\\/9783550080449_cover.jpg\",\"contentUrl\":\"https:\\\/\\\/leckerekekse.de\\\/wordpress\\\/wp-content\\\/uploads\\\/2014\\\/11\\\/9783550080449_cover.jpg\",\"width\":1003,\"height\":1600},{\"@type\":\"BreadcrumbList\",\"@id\":\"https:\\\/\\\/leckerekekse.de\\\/wordpress\\\/jo-nesbo-der-sohn\\\/#breadcrumb\",\"itemListElement\":[{\"@type\":\"ListItem\",\"position\":1,\"name\":\"Home\",\"item\":\"https:\\\/\\\/leckerekekse.de\\\/wordpress\\\/\"},{\"@type\":\"ListItem\",\"position\":2,\"name\":\"Jo Nesb\u00f8: Der Sohn\"}]},{\"@type\":\"WebSite\",\"@id\":\"https:\\\/\\\/leckerekekse.de\\\/wordpress\\\/#website\",\"url\":\"https:\\\/\\\/leckerekekse.de\\\/wordpress\\\/\",\"name\":\"Leckere Kekse &amp; mehr\",\"description\":\"Kekse backen, B\u00fccher lesen und mehr\",\"publisher\":{\"@id\":\"https:\\\/\\\/leckerekekse.de\\\/wordpress\\\/#\\\/schema\\\/person\\\/6e4b2658514a3b7423a1f323400bdc1b\"},\"potentialAction\":[{\"@type\":\"SearchAction\",\"target\":{\"@type\":\"EntryPoint\",\"urlTemplate\":\"https:\\\/\\\/leckerekekse.de\\\/wordpress\\\/?s={search_term_string}\"},\"query-input\":{\"@type\":\"PropertyValueSpecification\",\"valueRequired\":true,\"valueName\":\"search_term_string\"}}],\"inLanguage\":\"de\"},{\"@type\":[\"Person\",\"Organization\"],\"@id\":\"https:\\\/\\\/leckerekekse.de\\\/wordpress\\\/#\\\/schema\\\/person\\\/6e4b2658514a3b7423a1f323400bdc1b\",\"name\":\"Astrid\",\"logo\":{\"@id\":\"https:\\\/\\\/leckerekekse.de\\\/wordpress\\\/#\\\/schema\\\/person\\\/image\\\/\"},\"sameAs\":[\"https:\\\/\\\/leckerekekse.de\\\/wordpress\"]},{\"@type\":\"Person\",\"@id\":\"https:\\\/\\\/leckerekekse.de\\\/wordpress\\\/#\\\/schema\\\/person\\\/aeca9a159c2be36b9bce9092b38c13c8\",\"name\":\"Buchlieberin\",\"sameAs\":[\"https:\\\/\\\/leckerekekse.de\\\/wordpress\"]}]}<\/script>\n<!-- \/ Yoast SEO plugin. -->","yoast_head_json":{"title":"Jo Nesb\u00f8: Der Sohn | Leckere Kekse &amp; mehr","robots":{"index":"index","follow":"follow","max-snippet":"max-snippet:-1","max-image-preview":"max-image-preview:large","max-video-preview":"max-video-preview:-1"},"canonical":"https:\/\/leckerekekse.de\/wordpress\/jo-nesbo-der-sohn\/","og_locale":"de_DE","og_type":"article","og_title":"Jo Nesb\u00f8: Der Sohn | Leckere Kekse &amp; mehr","og_description":"Sonny sitzt im Knast, Wegen einiger Morde. Bei einem Tag Freigang kommt ein weiterer hinzu. Dabei macht Sonny im Umgang mit den Mith\u00e4ftlingen gar nicht den Eindruck des skrupellosen Killers. Viele haben mehr Vertrauen in ihn als in den Anstaltspfarrer. Sie gestehen Sonny gegen\u00fcber ihre S\u00fcnden und er vergibt ihnen. Aber Sonny ist heroinabh\u00e4ngig, wer [&hellip;]","og_url":"https:\/\/leckerekekse.de\/wordpress\/jo-nesbo-der-sohn\/","og_site_name":"Leckere Kekse &amp; mehr","article_published_time":"2014-12-14T04:00:22+00:00","article_modified_time":"2016-12-06T17:23:54+00:00","og_image":[{"width":1003,"height":1600,"url":"https:\/\/leckerekekse.de\/wordpress\/wp-content\/uploads\/2014\/11\/9783550080449_cover.jpg","type":"image\/jpeg"}],"author":"Buchlieberin","twitter_misc":{"Verfasst von":"Buchlieberin","Gesch\u00e4tzte Lesezeit":"1\u00a0Minute"},"schema":{"@context":"https:\/\/schema.org","@graph":[{"@type":"Article","@id":"https:\/\/leckerekekse.de\/wordpress\/jo-nesbo-der-sohn\/#article","isPartOf":{"@id":"https:\/\/leckerekekse.de\/wordpress\/jo-nesbo-der-sohn\/"},"author":{"name":"Buchlieberin","@id":"https:\/\/leckerekekse.de\/wordpress\/#\/schema\/person\/aeca9a159c2be36b9bce9092b38c13c8"},"headline":"Jo Nesb\u00f8: Der Sohn","datePublished":"2014-12-14T04:00:22+00:00","dateModified":"2016-12-06T17:23:54+00:00","mainEntityOfPage":{"@id":"https:\/\/leckerekekse.de\/wordpress\/jo-nesbo-der-sohn\/"},"wordCount":258,"commentCount":0,"publisher":{"@id":"https:\/\/leckerekekse.de\/wordpress\/#\/schema\/person\/6e4b2658514a3b7423a1f323400bdc1b"},"image":{"@id":"https:\/\/leckerekekse.de\/wordpress\/jo-nesbo-der-sohn\/#primaryimage"},"thumbnailUrl":"https:\/\/leckerekekse.de\/wordpress\/wp-content\/uploads\/2014\/11\/9783550080449_cover.jpg","articleSection":{"1":"B\u00fccher"},"inLanguage":"de","potentialAction":[{"@type":"CommentAction","name":"Comment","target":["https:\/\/leckerekekse.de\/wordpress\/jo-nesbo-der-sohn\/#respond"]}]},{"@type":"WebPage","@id":"https:\/\/leckerekekse.de\/wordpress\/jo-nesbo-der-sohn\/","url":"https:\/\/leckerekekse.de\/wordpress\/jo-nesbo-der-sohn\/","name":"Jo Nesb\u00f8: Der Sohn | Leckere Kekse &amp; mehr","isPartOf":{"@id":"https:\/\/leckerekekse.de\/wordpress\/#website"},"primaryImageOfPage":{"@id":"https:\/\/leckerekekse.de\/wordpress\/jo-nesbo-der-sohn\/#primaryimage"},"image":{"@id":"https:\/\/leckerekekse.de\/wordpress\/jo-nesbo-der-sohn\/#primaryimage"},"thumbnailUrl":"https:\/\/leckerekekse.de\/wordpress\/wp-content\/uploads\/2014\/11\/9783550080449_cover.jpg","datePublished":"2014-12-14T04:00:22+00:00","dateModified":"2016-12-06T17:23:54+00:00","breadcrumb":{"@id":"https:\/\/leckerekekse.de\/wordpress\/jo-nesbo-der-sohn\/#breadcrumb"},"inLanguage":"de","potentialAction":[{"@type":"ReadAction","target":["https:\/\/leckerekekse.de\/wordpress\/jo-nesbo-der-sohn\/"]}]},{"@type":"ImageObject","inLanguage":"de","@id":"https:\/\/leckerekekse.de\/wordpress\/jo-nesbo-der-sohn\/#primaryimage","url":"https:\/\/leckerekekse.de\/wordpress\/wp-content\/uploads\/2014\/11\/9783550080449_cover.jpg","contentUrl":"https:\/\/leckerekekse.de\/wordpress\/wp-content\/uploads\/2014\/11\/9783550080449_cover.jpg","width":1003,"height":1600},{"@type":"BreadcrumbList","@id":"https:\/\/leckerekekse.de\/wordpress\/jo-nesbo-der-sohn\/#breadcrumb","itemListElement":[{"@type":"ListItem","position":1,"name":"Home","item":"https:\/\/leckerekekse.de\/wordpress\/"},{"@type":"ListItem","position":2,"name":"Jo Nesb\u00f8: Der Sohn"}]},{"@type":"WebSite","@id":"https:\/\/leckerekekse.de\/wordpress\/#website","url":"https:\/\/leckerekekse.de\/wordpress\/","name":"Leckere Kekse &amp; mehr","description":"Kekse backen, B\u00fccher lesen und mehr","publisher":{"@id":"https:\/\/leckerekekse.de\/wordpress\/#\/schema\/person\/6e4b2658514a3b7423a1f323400bdc1b"},"potentialAction":[{"@type":"SearchAction","target":{"@type":"EntryPoint","urlTemplate":"https:\/\/leckerekekse.de\/wordpress\/?s={search_term_string}"},"query-input":{"@type":"PropertyValueSpecification","valueRequired":true,"valueName":"search_term_string"}}],"inLanguage":"de"},{"@type":["Person","Organization"],"@id":"https:\/\/leckerekekse.de\/wordpress\/#\/schema\/person\/6e4b2658514a3b7423a1f323400bdc1b","name":"Astrid","logo":{"@id":"https:\/\/leckerekekse.de\/wordpress\/#\/schema\/person\/image\/"},"sameAs":["https:\/\/leckerekekse.de\/wordpress"]},{"@type":"Person","@id":"https:\/\/leckerekekse.de\/wordpress\/#\/schema\/person\/aeca9a159c2be36b9bce9092b38c13c8","name":"Buchlieberin","sameAs":["https:\/\/leckerekekse.de\/wordpress"]}]}},"_links":{"self":[{"href":"https:\/\/leckerekekse.de\/wordpress\/wp-json\/wp\/v2\/posts\/1093","targetHints":{"allow":["GET"]}}],"collection":[{"href":"https:\/\/leckerekekse.de\/wordpress\/wp-json\/wp\/v2\/posts"}],"about":[{"href":"https:\/\/leckerekekse.de\/wordpress\/wp-json\/wp\/v2\/types\/post"}],"author":[{"embeddable":true,"href":"https:\/\/leckerekekse.de\/wordpress\/wp-json\/wp\/v2\/users\/2"}],"replies":[{"embeddable":true,"href":"https:\/\/leckerekekse.de\/wordpress\/wp-json\/wp\/v2\/comments?post=1093"}],"version-history":[{"count":3,"href":"https:\/\/leckerekekse.de\/wordpress\/wp-json\/wp\/v2\/posts\/1093\/revisions"}],"predecessor-version":[{"id":7778,"href":"https:\/\/leckerekekse.de\/wordpress\/wp-json\/wp\/v2\/posts\/1093\/revisions\/7778"}],"wp:featuredmedia":[{"embeddable":true,"href":"https:\/\/leckerekekse.de\/wordpress\/wp-json\/wp\/v2\/media\/1025"}],"wp:attachment":[{"href":"https:\/\/leckerekekse.de\/wordpress\/wp-json\/wp\/v2\/media?parent=1093"}],"wp:term":[{"taxonomy":"category","embeddable":true,"href":"https:\/\/leckerekekse.de\/wordpress\/wp-json\/wp\/v2\/categories?post=1093"},{"taxonomy":"post_tag","embeddable":true,"href":"https:\/\/leckerekekse.de\/wordpress\/wp-json\/wp\/v2\/tags?post=1093"}],"curies":[{"name":"wp","href":"https:\/\/api.w.org\/{rel}","templated":true}]}}