{"id":10964,"date":"2018-02-14T15:18:48","date_gmt":"2018-02-14T14:18:48","guid":{"rendered":"https:\/\/leckerekekse.de\/wordpress\/?p=10964"},"modified":"2021-03-27T16:37:19","modified_gmt":"2021-03-27T15:37:19","slug":"rezension-commendatore-murakami","status":"publish","type":"post","link":"https:\/\/leckerekekse.de\/wordpress\/rezension-commendatore-murakami\/","title":{"rendered":"Murakami: Commendatore Teil 1"},"content":{"rendered":"<h2><img loading=\"lazy\" decoding=\"async\" class=\"aligncenter size-full wp-image-10965\" src=\"https:\/\/leckerekekse.de\/wordpress\/wp-content\/uploads\/2018\/02\/ermordung-des-commendatore.jpg\" alt=\"Haruki Murakami: Die Ermordung des Commendatore, Teil 1, Eine Idee escheint\" width=\"640\" height=\"426\" srcset=\"https:\/\/leckerekekse.de\/wordpress\/wp-content\/uploads\/2018\/02\/ermordung-des-commendatore.jpg 640w, https:\/\/leckerekekse.de\/wordpress\/wp-content\/uploads\/2018\/02\/ermordung-des-commendatore-300x200.jpg 300w\" sizes=\"auto, (max-width: 640px) 100vw, 640px\" \/><\/h2>\n<h2>Die Ermordung des Commendatore: Eine Idee erscheint<\/h2>\n<p>Ein Mann wird von seiner Frau verlassen, packt seine Sachen und geht auf eine Autotour. Diese f\u00fchrt ihn letztendlich in ein einsames, kleines Haus in den Bergen. Dort m\u00f6chte er ein neues Leben beginnen. Die namenlose Hauptperson ist Maler. Nach dem Kunststudium arbeitete er freiberuflich als Portr\u00e4tmaler. Das birgt zwar keine k\u00fcnstlerische Erf\u00fcllung, aber ein gesichertes Einkommen. Davon will er sich freimachen. Da der Hauprotagonist im Buch keinen Namen erh\u00e4lt, nenne ich ihn in dieser Buchbesprechung den \u201eMaler\u201c. Er lebt kosteng\u00fcnstig in diesem Haus, das einem Freund geh\u00f6rt und leer steht, seit dessen Vater wegen Demenz in ein Heim gehen musste. Nebenbei gibt der Maler Malkurse f\u00fcr Kinder und Erwachsene im n\u00e4chsten Ort.<br \/>\n<!--more--><br \/>\nBis dahin ist das Buch recht ruhig. Es gibt zwar ein paar handlungsreichere Episoden w\u00e4hrend seiner Reise durch das Land, doch pl\u00e4tschert eher alles so dahin. Doch dann, als alles zur Ruhe gekommen zu sein scheint, passiert schnell hintereinander so Einiges. Das Buch wird pl\u00f6tzlich richtig spannend!<\/p>\n<p>Der Maler findet ein geheimnisvolles Bild, das diesem Buch den Namen gibt. Ein reicher Mann macht ihm ein sehr gutes finanzielles Angebot, wenn er nochmal ein Portr\u00e4t malt und nachts erklingt eine geheimnisvolle Glocke, die dem Maler den Schlaf raubt.<\/p>\n<p>Ich m\u00f6chte in dieser Besprechung keine traditionelle Rezension schreiben, sondern auf einige Aspekte aus dem Buch genauer eingehen. Und zwar auf Punkte, die mich dazu brachten im Internet den Hintergrund zu erforschen.<\/p>\n<h3>Japan<\/h3>\n<p>F\u00fcr mich ein sehr geheimnisvolles Land. In Gr\u00f6\u00dfe, Wirtschaftskraft und Klima ist es Deutschland nicht un\u00e4hnlich, aber die Werte der Japaner scheinen anders gewichtet zu sein. Mein Bild von diesem Land ist von Vorurteilen gepr\u00e4gt. Alle Japaner trinken nur Tee, essen rohen Fisch und verbeugen sich st\u00e4ndig. Alle Zimmer sind klein, das Leben ist von Traditionen gepr\u00e4gt, das Frauenbild seltsam, alle Haare schwarz, die Gesichter unbewegt.\u00a0 Dieses Bild wird durch ein solches Buch nat\u00fcrlich \u00fcber den Haufen geworfen.<\/p>\n<p>Ich habe nie mit dem Gedanken gespielt selbst nach Japan zu fahren, doch irgendwie prasselt von allen Seiten Japan auf mich ein. Vor allem durch meine T\u00f6chter, die durch Mangas und Animes sehr an diesem f\u00fcr mich fremden Land interessiert sind. Meine j\u00fcngere Tochter lernt sogar ein wenig japanisch.<\/p>\n<h3>Campen<\/h3>\n<p>Im Buch gibt es Szenen die Campingpl\u00e4tze erw\u00e4hnen. Ein campender Japaner: das passt \u00fcberhaupt nicht in mein Bild!<\/p>\n<p>Meine Recherchen ergaben, dass die viele Japaner Camping auch strikt ablehnen. Doch die Liebe zur Natur macht diese Art des Urlaubs vor allem bei jungen Menschen sehr beliebt. Es soll ca. 3000 Pl\u00e4tze im Land geben, viele unter staatlicher Aufsicht und viele in Nationalparks in denen Wildcampen strikt verboten ist. Auf der Insel Niijima soll man \u00fcberall wild und kostenlos zelten k\u00f6nnen. In Tokyo gibt es einen Platz ganz in der N\u00e4he einer U-Bahn-Station. Ich muss langsam das historische Bild von Japanerinnen in Kimonos, die durch die Gegend trippeln, aus dem Kopf bekommen. Ich denke moderne, japanische Literatur bietet mir da einen guten Einstieg.<\/p>\n<p><img loading=\"lazy\" decoding=\"async\" class=\"aligncenter size-full wp-image-10967\" src=\"https:\/\/leckerekekse.de\/wordpress\/wp-content\/uploads\/2018\/02\/murakami-commendatore-rezension.jpg\" alt=\"Haruki Murakami: Die Ermordung des Commendatore, Teil 1, Eine Idee escheint, \" width=\"640\" height=\"480\" srcset=\"https:\/\/leckerekekse.de\/wordpress\/wp-content\/uploads\/2018\/02\/murakami-commendatore-rezension.jpg 640w, https:\/\/leckerekekse.de\/wordpress\/wp-content\/uploads\/2018\/02\/murakami-commendatore-rezension-300x225.jpg 300w\" sizes=\"auto, (max-width: 640px) 100vw, 640px\" \/><\/p>\n<h3>Murakami \u6751\u4e0a<\/h3>\n<p>Der Nachname des Autors ist auch der Name einer Stadt in Japan, sie wird im Buch erw\u00e4hnt.<\/p>\n<p>Diese Stadt liegt an der Westk\u00fcste der Hauptinsel in der Pr\u00e4fektur Niigata und beherbergt eine gleichnamige Burg. Sie hat ca. 60000 Einwohner.<\/p>\n<p>Im 10. Jahrhundert gab es auch mal einen Tenno, also einen japanischen Kaiser mit dem Namen Murakami. Auch ein <a href=\"https:\/\/planetarynames.wr.usgs.gov\/Feature\/4070\" target=\"_blank\" rel=\"noopener\">Krater auf dem Mond<\/a> ist so benannt.<\/p>\n<h3>Namen<\/h3>\n<p>Murakami hat sicher auch die anderen Namen im Buch nicht zuf\u00e4llig gew\u00e4hlt. So, wie die Haupterson gar keinen Namen bekommt, sind die anderen auch sprechend. So bedeutet Menshiki \u9762\u8b58 (das ist der reiche Nachbar, der ein Portr\u00e4t m\u00f6chte) so viel wie Bekanntschaft. Die geliebte Frau, die sich vom Maler trennte ist nach einer Zitrusfrucht benannt, w\u00e4hrend ein M\u00e4dchen einfach Marie hei\u00dft. Ich bin gespannt, ob dieser Name im zweiten Teil noch eine Bedeutung erh\u00e4lt.<\/p>\n<p>Meine Tochter erz\u00e4hlte mir auch, dass man sich in Japan normalerweise erst mit Nach-, dann mit Vornamen vorstellt. Also Murakami Haruki. Wir haben dann noch etwas ger\u00e4tselt, welcher Teil nun der Nachname des Autors ist, doch Haruki war ihr nur als Vorname bekannt. Mich w\u00fcrde interessieren, wie die \u00dcbersetzerin damit umging.<\/p>\n<h3>Musik<\/h3>\n<p>Vor diesem Buch habe ich erst zwei B\u00fccher des Autors gelesen. Eines davon war \u201eDie Pilgerreise des farblosen Herrn Tazaki\u201c. Dieses Buch bot mir eine Symbiose aus dem Text mit der passenden Musik. Solche B\u00fccher liebe ich! Auch im Commendatore spielt Musik eine gro\u00dfe Rolle. In dem Haus, das der Maler bewohnen darf, gibt es eine Stereoanlage und jede Menge Schallplatten. Ausschlie\u00dflich klassische Musik, sehr viele Opern.<\/p>\n<p>Um sich eine bessere Vorstellung von der im Buch angesprochenen Musk machen zu k\u00f6nnen gibt es eine passende Playlist auf Youtube. Und keine Angst: es wird nicht nur Klassik gespielt.<\/p>\n<h3>Don Giovanni<\/h3>\n<p>Der Maler findet versteckt im Dachboden ein Bild des Mannes, der vorher in dem Haus wohnte. Es zeigt eine Szene aus der Oper Don Giovanni. In dieser Oper von Mozart wird das Don-Juan-Thema aufgegriffen. Bereits im ersten Akt will Don Giovanni ein Stelldichein mit einer jungen Frau, ihr Vater \u00fcberrascht sie, Don Giovanni t\u00f6tet ihm im folgenden Kampf vor den Augen seiner Angebeteten und seinem Diener. Diese Szene wird auf dem gefundenen Bild dargestellt. Allerdings versetzte der K\u00fcnstler die Szene ins 7. Jahrhundert, in die Asuka-Zeit, was sich vor allem in der Kleidung auf dem Bild wiederspiegelt.<\/p>\n<p>Ich denke, die Story dieser Oper wird noch eine Rolle im Verlauf des zweiten Teils des Buches spielen.<\/p>\n<h3>Nihonga<\/h3>\n<p>Das Bild \u201eDie Ermordung des Commendatore\u201c wurde im sogenannten Nihonga Stil gemalt. Der bevorzugte Malstil des Mannes, in dessen Haus unser Maler lebt. \u00a0Ich muss gestehen, dieser Ausdruck sagte mir gar nichts. Ich muss unbedingt mal wieder ins Museum f\u00fcr ostasiatische Kunst und Kultur hier in K\u00f6ln, dort finde ich sicher passende Bilder. Das Buch geht auch recht ausf\u00fchrlich auf diesen Stil und seine Besonderheiten ein. Ich habe es so verstanden, dass es ein typischer japanischer Kunststil ist, der sich von allen anderen Kunstrichtungen absetzen m\u00f6chte und typische japanisch sein m\u00f6chte. Wenn ich mir die Ergebnisse der Suchmaschinensuche zu diesem Begriff ansehe, w\u00fcrde ich die Bilder auch direkt mit Japan verbinden.<\/p>\n<p><img loading=\"lazy\" decoding=\"async\" class=\"aligncenter size-full wp-image-10966\" src=\"https:\/\/leckerekekse.de\/wordpress\/wp-content\/uploads\/2018\/02\/commendatore-murakami-rezension.jpg\" alt=\"Haruki Murakami: Die Ermordung des Commendatore, Teil 1, Eine Idee escheint\" width=\"640\" height=\"426\" srcset=\"https:\/\/leckerekekse.de\/wordpress\/wp-content\/uploads\/2018\/02\/commendatore-murakami-rezension.jpg 640w, https:\/\/leckerekekse.de\/wordpress\/wp-content\/uploads\/2018\/02\/commendatore-murakami-rezension-300x200.jpg 300w\" sizes=\"auto, (max-width: 640px) 100vw, 640px\" \/><\/p>\n<h3>Nochmal zum Buch<\/h3>\n<p>Heute habe ich den Prolog noch einmal gelesen. Er wird in diesem ersten Teil noch nicht erkl\u00e4rt. Zusammen mit dem Cliffhanger am Ende des Bandes bin ich jetzt sehr gespannt auf den zweiten Teil. Ich m\u00f6chte wissen wie es weitergeht und ein paar lose F\u00e4den zusammenkn\u00fcpfen. Besonders erw\u00e4hnen m\u00f6chte ich noch die sch\u00f6ne Aufmachung des Buches. Der schwarze Farbschnitt, der transparente Umschlag und die sch\u00f6ne Gestaltung der Buchoberfl\u00e4che ist sehr gelungen.<\/p>\n<h3>#MurakamiLesen<\/h3>\n<p>Ende Januar gab es eine sch\u00f6ne Aktion vom Dumont-Verlag. Einen ganzen Tag gemeinsam Murakami lesen und \u00fcber seine B\u00fccher twittern. Mit Gewinnspielen, Fragen und auch ein paar steuernden Bloggern wurde das ein sehr abwechslungsreicher Tag. Eine sehr gelungene Aktion, in der sich auch pl\u00f6tzlich Prominente (Matts Hummels) zu Wort meldeten. Geleitet wurde diese Aktion \u00fcbrigens von <a href=\"https:\/\/leckerekekse.de\/wordpress\/woywood-buchhandlungen-europas\/\" target=\"_blank\" rel=\"noopener\">Torsten Woywod<\/a>.<\/p>\n<h3>Fazit<\/h3>\n<p>Ich muss zugeben, dass Murakami mich nur wirklich erreicht, wenn er \u00fcber Musik und Kunst schreibt. Ansonsten empfinde ich seinen Stil als distanziert. Ist das typisch japanisch? Doch das Buch wird ab der zweiten H\u00e4lfte richtig spannend, die Fantasy-Beigaben sind sehr nat\u00fcrlich wirkend integriert. Mein Tipp: warte bis der zweite Teil erschienen ist und lese dann beide direkt hintereinander, der Cliffhanger ist schwer zu ertragen.<\/p>\n<p>&nbsp;<\/p>\n<h2 style=\"text-align: center;\">\u30b7\u30eb\u30d3\u30a2<\/h2>\n<p>&nbsp;<\/p>\n<p>Infos zum Buch<\/p>\n<table width=\"640\">\n<tbody>\n<tr>\n<td width=\"320\"><img loading=\"lazy\" decoding=\"async\" class=\"aligncenter wp-image-10733 size-medium\" src=\"https:\/\/leckerekekse.de\/wordpress\/wp-content\/uploads\/2018\/01\/murakami-ermordung-commendatore-1-194x300.jpg\" alt=\"\" width=\"194\" height=\"300\" srcset=\"https:\/\/leckerekekse.de\/wordpress\/wp-content\/uploads\/2018\/01\/murakami-ermordung-commendatore-1-194x300.jpg 194w, https:\/\/leckerekekse.de\/wordpress\/wp-content\/uploads\/2018\/01\/murakami-ermordung-commendatore-1.jpg 413w\" sizes=\"auto, (max-width: 194px) 100vw, 194px\" \/><\/td>\n<td width=\"320\">Die Ermordung des Commendatore, Teil 1: Eine Idee erscheint<br \/>\nHaruki Murakami<br \/>\n\u00fcbersetzt von Ursula Gr\u00e4fe<br \/>\nDumont Buchverlag<br \/>\nISBN 978-3-8321-9891-6<br \/>\n480 Seiten<\/td>\n<\/tr>\n<\/tbody>\n<\/table>\n","protected":false},"excerpt":{"rendered":"<p>Die Ermordung des Commendatore: Eine Idee erscheint Ein Mann wird von seiner Frau verlassen, packt seine Sachen und geht auf eine Autotour. Diese f\u00fchrt ihn letztendlich in ein einsames, kleines Haus in den Bergen. Dort m\u00f6chte er ein neues Leben beginnen. Die namenlose Hauptperson ist Maler. Nach dem Kunststudium arbeitete er freiberuflich als Portr\u00e4tmaler. Das [&hellip;]<\/p>\n","protected":false},"author":2,"featured_media":10965,"comment_status":"open","ping_status":"open","sticky":false,"template":"","format":"standard","meta":{"footnotes":""},"categories":[1,3,788],"tags":[526,458,56,459],"class_list":["post-10964","post","type-post","status-publish","format-standard","has-post-thumbnail","hentry","category-allgemein","category-buecher","category-rezension","tag-japan","tag-kunst","tag-musik","tag-roman"],"yoast_head":"<!-- This site is optimized with the Yoast SEO plugin v27.5 - https:\/\/yoast.com\/product\/yoast-seo-wordpress\/ -->\n<title>Murakami: Commendatore Teil 1 | Leckere Kekse &amp; mehr<\/title>\n<meta name=\"description\" content=\"Der neue Roman von Murakami, Die Ermordung des Commendatore ist zweigeteilt. Dies ist eine Rezension des ersten Teils: Eine Idee erscheint.\" \/>\n<meta name=\"robots\" content=\"index, follow, max-snippet:-1, max-image-preview:large, max-video-preview:-1\" \/>\n<link rel=\"canonical\" href=\"https:\/\/leckerekekse.de\/wordpress\/rezension-commendatore-murakami\/\" \/>\n<meta property=\"og:locale\" content=\"de_DE\" \/>\n<meta property=\"og:type\" content=\"article\" \/>\n<meta property=\"og:title\" content=\"Murakami: Commendatore Teil 1 | Leckere Kekse &amp; mehr\" \/>\n<meta property=\"og:description\" content=\"Der neue Roman von Murakami, Die Ermordung des Commendatore ist zweigeteilt. Dies ist eine Rezension des ersten Teils: Eine Idee erscheint.\" \/>\n<meta property=\"og:url\" content=\"https:\/\/leckerekekse.de\/wordpress\/rezension-commendatore-murakami\/\" \/>\n<meta property=\"og:site_name\" content=\"Leckere Kekse &amp; mehr\" \/>\n<meta property=\"article:published_time\" content=\"2018-02-14T14:18:48+00:00\" \/>\n<meta property=\"article:modified_time\" content=\"2021-03-27T15:37:19+00:00\" \/>\n<meta property=\"og:image\" content=\"https:\/\/leckerekekse.de\/wordpress\/wp-content\/uploads\/2018\/02\/ermordung-des-commendatore.jpg\" \/>\n\t<meta property=\"og:image:width\" content=\"640\" \/>\n\t<meta property=\"og:image:height\" content=\"426\" \/>\n\t<meta property=\"og:image:type\" content=\"image\/jpeg\" \/>\n<meta name=\"author\" content=\"Buchlieberin\" \/>\n<meta name=\"twitter:label1\" content=\"Verfasst von\" \/>\n\t<meta name=\"twitter:data1\" content=\"Buchlieberin\" \/>\n\t<meta name=\"twitter:label2\" content=\"Gesch\u00e4tzte Lesezeit\" \/>\n\t<meta name=\"twitter:data2\" content=\"7\u00a0Minuten\" \/>\n<script type=\"application\/ld+json\" class=\"yoast-schema-graph\">{\"@context\":\"https:\\\/\\\/schema.org\",\"@graph\":[{\"@type\":\"Article\",\"@id\":\"https:\\\/\\\/leckerekekse.de\\\/wordpress\\\/rezension-commendatore-murakami\\\/#article\",\"isPartOf\":{\"@id\":\"https:\\\/\\\/leckerekekse.de\\\/wordpress\\\/rezension-commendatore-murakami\\\/\"},\"author\":{\"name\":\"Buchlieberin\",\"@id\":\"https:\\\/\\\/leckerekekse.de\\\/wordpress\\\/#\\\/schema\\\/person\\\/161a8971fdc6b42b40eb2cf476f78939\"},\"headline\":\"Murakami: Commendatore Teil 1\",\"datePublished\":\"2018-02-14T14:18:48+00:00\",\"dateModified\":\"2021-03-27T15:37:19+00:00\",\"mainEntityOfPage\":{\"@id\":\"https:\\\/\\\/leckerekekse.de\\\/wordpress\\\/rezension-commendatore-murakami\\\/\"},\"wordCount\":1305,\"commentCount\":1,\"publisher\":{\"@id\":\"https:\\\/\\\/leckerekekse.de\\\/wordpress\\\/#\\\/schema\\\/person\\\/8f45748de22f11ca6e316da813f59b85\"},\"image\":{\"@id\":\"https:\\\/\\\/leckerekekse.de\\\/wordpress\\\/rezension-commendatore-murakami\\\/#primaryimage\"},\"thumbnailUrl\":\"https:\\\/\\\/leckerekekse.de\\\/wordpress\\\/wp-content\\\/uploads\\\/2018\\\/02\\\/ermordung-des-commendatore.jpg\",\"keywords\":[\"Japan\",\"Kunst\",\"Musik\",\"Roman\"],\"articleSection\":{\"1\":\"B\u00fccher\",\"2\":\"Rezension\"},\"inLanguage\":\"de\",\"potentialAction\":[{\"@type\":\"CommentAction\",\"name\":\"Comment\",\"target\":[\"https:\\\/\\\/leckerekekse.de\\\/wordpress\\\/rezension-commendatore-murakami\\\/#respond\"]}]},{\"@type\":\"WebPage\",\"@id\":\"https:\\\/\\\/leckerekekse.de\\\/wordpress\\\/rezension-commendatore-murakami\\\/\",\"url\":\"https:\\\/\\\/leckerekekse.de\\\/wordpress\\\/rezension-commendatore-murakami\\\/\",\"name\":\"Murakami: Commendatore Teil 1 | Leckere Kekse &amp; mehr\",\"isPartOf\":{\"@id\":\"https:\\\/\\\/leckerekekse.de\\\/wordpress\\\/#website\"},\"primaryImageOfPage\":{\"@id\":\"https:\\\/\\\/leckerekekse.de\\\/wordpress\\\/rezension-commendatore-murakami\\\/#primaryimage\"},\"image\":{\"@id\":\"https:\\\/\\\/leckerekekse.de\\\/wordpress\\\/rezension-commendatore-murakami\\\/#primaryimage\"},\"thumbnailUrl\":\"https:\\\/\\\/leckerekekse.de\\\/wordpress\\\/wp-content\\\/uploads\\\/2018\\\/02\\\/ermordung-des-commendatore.jpg\",\"datePublished\":\"2018-02-14T14:18:48+00:00\",\"dateModified\":\"2021-03-27T15:37:19+00:00\",\"description\":\"Der neue Roman von Murakami, Die Ermordung des Commendatore ist zweigeteilt. Dies ist eine Rezension des ersten Teils: Eine Idee erscheint.\",\"breadcrumb\":{\"@id\":\"https:\\\/\\\/leckerekekse.de\\\/wordpress\\\/rezension-commendatore-murakami\\\/#breadcrumb\"},\"inLanguage\":\"de\",\"potentialAction\":[{\"@type\":\"ReadAction\",\"target\":[\"https:\\\/\\\/leckerekekse.de\\\/wordpress\\\/rezension-commendatore-murakami\\\/\"]}]},{\"@type\":\"ImageObject\",\"inLanguage\":\"de\",\"@id\":\"https:\\\/\\\/leckerekekse.de\\\/wordpress\\\/rezension-commendatore-murakami\\\/#primaryimage\",\"url\":\"https:\\\/\\\/leckerekekse.de\\\/wordpress\\\/wp-content\\\/uploads\\\/2018\\\/02\\\/ermordung-des-commendatore.jpg\",\"contentUrl\":\"https:\\\/\\\/leckerekekse.de\\\/wordpress\\\/wp-content\\\/uploads\\\/2018\\\/02\\\/ermordung-des-commendatore.jpg\",\"width\":640,\"height\":426,\"caption\":\"Haruki Murakami: Die Ermordung des Commendatore, Teil 1, Eine Idee escheint\"},{\"@type\":\"BreadcrumbList\",\"@id\":\"https:\\\/\\\/leckerekekse.de\\\/wordpress\\\/rezension-commendatore-murakami\\\/#breadcrumb\",\"itemListElement\":[{\"@type\":\"ListItem\",\"position\":1,\"name\":\"Home\",\"item\":\"https:\\\/\\\/leckerekekse.de\\\/wordpress\\\/\"},{\"@type\":\"ListItem\",\"position\":2,\"name\":\"Murakami: Commendatore Teil 1\"}]},{\"@type\":\"WebSite\",\"@id\":\"https:\\\/\\\/leckerekekse.de\\\/wordpress\\\/#website\",\"url\":\"https:\\\/\\\/leckerekekse.de\\\/wordpress\\\/\",\"name\":\"Leckere Kekse &amp; mehr\",\"description\":\"Kekse backen, B\u00fccher lesen und mehr\",\"publisher\":{\"@id\":\"https:\\\/\\\/leckerekekse.de\\\/wordpress\\\/#\\\/schema\\\/person\\\/8f45748de22f11ca6e316da813f59b85\"},\"potentialAction\":[{\"@type\":\"SearchAction\",\"target\":{\"@type\":\"EntryPoint\",\"urlTemplate\":\"https:\\\/\\\/leckerekekse.de\\\/wordpress\\\/?s={search_term_string}\"},\"query-input\":{\"@type\":\"PropertyValueSpecification\",\"valueRequired\":true,\"valueName\":\"search_term_string\"}}],\"inLanguage\":\"de\"},{\"@type\":[\"Person\",\"Organization\"],\"@id\":\"https:\\\/\\\/leckerekekse.de\\\/wordpress\\\/#\\\/schema\\\/person\\\/8f45748de22f11ca6e316da813f59b85\",\"name\":\"Astrid\",\"logo\":{\"@id\":\"https:\\\/\\\/leckerekekse.de\\\/wordpress\\\/#\\\/schema\\\/person\\\/image\\\/\"},\"sameAs\":[\"https:\\\/\\\/leckerekekse.de\\\/wordpress\"]},{\"@type\":\"Person\",\"@id\":\"https:\\\/\\\/leckerekekse.de\\\/wordpress\\\/#\\\/schema\\\/person\\\/161a8971fdc6b42b40eb2cf476f78939\",\"name\":\"Buchlieberin\",\"sameAs\":[\"https:\\\/\\\/leckerekekse.de\\\/wordpress\"]}]}<\/script>\n<!-- \/ Yoast SEO plugin. -->","yoast_head_json":{"title":"Murakami: Commendatore Teil 1 | Leckere Kekse &amp; mehr","description":"Der neue Roman von Murakami, Die Ermordung des Commendatore ist zweigeteilt. Dies ist eine Rezension des ersten Teils: Eine Idee erscheint.","robots":{"index":"index","follow":"follow","max-snippet":"max-snippet:-1","max-image-preview":"max-image-preview:large","max-video-preview":"max-video-preview:-1"},"canonical":"https:\/\/leckerekekse.de\/wordpress\/rezension-commendatore-murakami\/","og_locale":"de_DE","og_type":"article","og_title":"Murakami: Commendatore Teil 1 | Leckere Kekse &amp; mehr","og_description":"Der neue Roman von Murakami, Die Ermordung des Commendatore ist zweigeteilt. Dies ist eine Rezension des ersten Teils: Eine Idee erscheint.","og_url":"https:\/\/leckerekekse.de\/wordpress\/rezension-commendatore-murakami\/","og_site_name":"Leckere Kekse &amp; mehr","article_published_time":"2018-02-14T14:18:48+00:00","article_modified_time":"2021-03-27T15:37:19+00:00","og_image":[{"width":640,"height":426,"url":"https:\/\/leckerekekse.de\/wordpress\/wp-content\/uploads\/2018\/02\/ermordung-des-commendatore.jpg","type":"image\/jpeg"}],"author":"Buchlieberin","twitter_misc":{"Verfasst von":"Buchlieberin","Gesch\u00e4tzte Lesezeit":"7\u00a0Minuten"},"schema":{"@context":"https:\/\/schema.org","@graph":[{"@type":"Article","@id":"https:\/\/leckerekekse.de\/wordpress\/rezension-commendatore-murakami\/#article","isPartOf":{"@id":"https:\/\/leckerekekse.de\/wordpress\/rezension-commendatore-murakami\/"},"author":{"name":"Buchlieberin","@id":"https:\/\/leckerekekse.de\/wordpress\/#\/schema\/person\/161a8971fdc6b42b40eb2cf476f78939"},"headline":"Murakami: Commendatore Teil 1","datePublished":"2018-02-14T14:18:48+00:00","dateModified":"2021-03-27T15:37:19+00:00","mainEntityOfPage":{"@id":"https:\/\/leckerekekse.de\/wordpress\/rezension-commendatore-murakami\/"},"wordCount":1305,"commentCount":1,"publisher":{"@id":"https:\/\/leckerekekse.de\/wordpress\/#\/schema\/person\/8f45748de22f11ca6e316da813f59b85"},"image":{"@id":"https:\/\/leckerekekse.de\/wordpress\/rezension-commendatore-murakami\/#primaryimage"},"thumbnailUrl":"https:\/\/leckerekekse.de\/wordpress\/wp-content\/uploads\/2018\/02\/ermordung-des-commendatore.jpg","keywords":["Japan","Kunst","Musik","Roman"],"articleSection":{"1":"B\u00fccher","2":"Rezension"},"inLanguage":"de","potentialAction":[{"@type":"CommentAction","name":"Comment","target":["https:\/\/leckerekekse.de\/wordpress\/rezension-commendatore-murakami\/#respond"]}]},{"@type":"WebPage","@id":"https:\/\/leckerekekse.de\/wordpress\/rezension-commendatore-murakami\/","url":"https:\/\/leckerekekse.de\/wordpress\/rezension-commendatore-murakami\/","name":"Murakami: Commendatore Teil 1 | Leckere Kekse &amp; mehr","isPartOf":{"@id":"https:\/\/leckerekekse.de\/wordpress\/#website"},"primaryImageOfPage":{"@id":"https:\/\/leckerekekse.de\/wordpress\/rezension-commendatore-murakami\/#primaryimage"},"image":{"@id":"https:\/\/leckerekekse.de\/wordpress\/rezension-commendatore-murakami\/#primaryimage"},"thumbnailUrl":"https:\/\/leckerekekse.de\/wordpress\/wp-content\/uploads\/2018\/02\/ermordung-des-commendatore.jpg","datePublished":"2018-02-14T14:18:48+00:00","dateModified":"2021-03-27T15:37:19+00:00","description":"Der neue Roman von Murakami, Die Ermordung des Commendatore ist zweigeteilt. Dies ist eine Rezension des ersten Teils: Eine Idee erscheint.","breadcrumb":{"@id":"https:\/\/leckerekekse.de\/wordpress\/rezension-commendatore-murakami\/#breadcrumb"},"inLanguage":"de","potentialAction":[{"@type":"ReadAction","target":["https:\/\/leckerekekse.de\/wordpress\/rezension-commendatore-murakami\/"]}]},{"@type":"ImageObject","inLanguage":"de","@id":"https:\/\/leckerekekse.de\/wordpress\/rezension-commendatore-murakami\/#primaryimage","url":"https:\/\/leckerekekse.de\/wordpress\/wp-content\/uploads\/2018\/02\/ermordung-des-commendatore.jpg","contentUrl":"https:\/\/leckerekekse.de\/wordpress\/wp-content\/uploads\/2018\/02\/ermordung-des-commendatore.jpg","width":640,"height":426,"caption":"Haruki Murakami: Die Ermordung des Commendatore, Teil 1, Eine Idee escheint"},{"@type":"BreadcrumbList","@id":"https:\/\/leckerekekse.de\/wordpress\/rezension-commendatore-murakami\/#breadcrumb","itemListElement":[{"@type":"ListItem","position":1,"name":"Home","item":"https:\/\/leckerekekse.de\/wordpress\/"},{"@type":"ListItem","position":2,"name":"Murakami: Commendatore Teil 1"}]},{"@type":"WebSite","@id":"https:\/\/leckerekekse.de\/wordpress\/#website","url":"https:\/\/leckerekekse.de\/wordpress\/","name":"Leckere Kekse &amp; mehr","description":"Kekse backen, B\u00fccher lesen und mehr","publisher":{"@id":"https:\/\/leckerekekse.de\/wordpress\/#\/schema\/person\/8f45748de22f11ca6e316da813f59b85"},"potentialAction":[{"@type":"SearchAction","target":{"@type":"EntryPoint","urlTemplate":"https:\/\/leckerekekse.de\/wordpress\/?s={search_term_string}"},"query-input":{"@type":"PropertyValueSpecification","valueRequired":true,"valueName":"search_term_string"}}],"inLanguage":"de"},{"@type":["Person","Organization"],"@id":"https:\/\/leckerekekse.de\/wordpress\/#\/schema\/person\/8f45748de22f11ca6e316da813f59b85","name":"Astrid","logo":{"@id":"https:\/\/leckerekekse.de\/wordpress\/#\/schema\/person\/image\/"},"sameAs":["https:\/\/leckerekekse.de\/wordpress"]},{"@type":"Person","@id":"https:\/\/leckerekekse.de\/wordpress\/#\/schema\/person\/161a8971fdc6b42b40eb2cf476f78939","name":"Buchlieberin","sameAs":["https:\/\/leckerekekse.de\/wordpress"]}]}},"_links":{"self":[{"href":"https:\/\/leckerekekse.de\/wordpress\/wp-json\/wp\/v2\/posts\/10964","targetHints":{"allow":["GET"]}}],"collection":[{"href":"https:\/\/leckerekekse.de\/wordpress\/wp-json\/wp\/v2\/posts"}],"about":[{"href":"https:\/\/leckerekekse.de\/wordpress\/wp-json\/wp\/v2\/types\/post"}],"author":[{"embeddable":true,"href":"https:\/\/leckerekekse.de\/wordpress\/wp-json\/wp\/v2\/users\/2"}],"replies":[{"embeddable":true,"href":"https:\/\/leckerekekse.de\/wordpress\/wp-json\/wp\/v2\/comments?post=10964"}],"version-history":[{"count":5,"href":"https:\/\/leckerekekse.de\/wordpress\/wp-json\/wp\/v2\/posts\/10964\/revisions"}],"predecessor-version":[{"id":16416,"href":"https:\/\/leckerekekse.de\/wordpress\/wp-json\/wp\/v2\/posts\/10964\/revisions\/16416"}],"wp:featuredmedia":[{"embeddable":true,"href":"https:\/\/leckerekekse.de\/wordpress\/wp-json\/wp\/v2\/media\/10965"}],"wp:attachment":[{"href":"https:\/\/leckerekekse.de\/wordpress\/wp-json\/wp\/v2\/media?parent=10964"}],"wp:term":[{"taxonomy":"category","embeddable":true,"href":"https:\/\/leckerekekse.de\/wordpress\/wp-json\/wp\/v2\/categories?post=10964"},{"taxonomy":"post_tag","embeddable":true,"href":"https:\/\/leckerekekse.de\/wordpress\/wp-json\/wp\/v2\/tags?post=10964"}],"curies":[{"name":"wp","href":"https:\/\/api.w.org\/{rel}","templated":true}]}}