{"id":11531,"date":"2018-05-28T13:25:06","date_gmt":"2018-05-28T11:25:06","guid":{"rendered":"https:\/\/leckerekekse.de\/?p=11531"},"modified":"2018-05-29T08:38:39","modified_gmt":"2018-05-29T06:38:39","slug":"frank-schaetzing-tyrannei-des-schmetterlings-hoerbuch-2","status":"publish","type":"post","link":"https:\/\/leckerekekse.de\/wordpress\/frank-schaetzing-tyrannei-des-schmetterlings-hoerbuch-2\/","title":{"rendered":"Frank Schaetzing: Tyrannei des Schmetterlings H\u00f6rbuch 2"},"content":{"rendered":"<h2><img loading=\"lazy\" decoding=\"async\" class=\"aligncenter size-full wp-image-11532\" src=\"https:\/\/leckerekekse.de\/wordpress\/wp-content\/uploads\/2018\/05\/Tyrannei-des-schmetterlings-hoerbuch.jpg\" alt=\"H\u00f6rbuch Tyrannei Schmetterling Frank Sch\u00e4tzing\" width=\"640\" height=\"429\" srcset=\"https:\/\/leckerekekse.de\/wordpress\/wp-content\/uploads\/2018\/05\/Tyrannei-des-schmetterlings-hoerbuch.jpg 640w, https:\/\/leckerekekse.de\/wordpress\/wp-content\/uploads\/2018\/05\/Tyrannei-des-schmetterlings-hoerbuch-300x201.jpg 300w\" sizes=\"auto, (max-width: 640px) 100vw, 640px\" \/><\/h2>\n<h2>H\u00f6rtagebuch, zweiter Teil<\/h2>\n<h3>01.05.2018<\/h3>\n<p>Feiertag. Wenig Zeit zum H\u00f6ren. Aber Unkraut j\u00e4ten wird durch ein spannendes H\u00f6rbuch ertr\u00e4glich.<\/p>\n<p>Eine geheime Forschungsanlage eines Tech-Riesen mitten in der Sierra Nevada. Nennt sich \u201eFarm\u201c. Hm. Computergesteuerte Landwirtschaft? Z\u00fcchtung von Tieren mit k\u00fcnstlicher Intelligenz? Es ist noch nicht ganz klar, wa da abgeht.<br \/>\n<!--more--><br \/>\nUnd wo bin ich gelandet? Das fragt sich vor allem Luther Opoku. Er ermittelt auf der Farm, verfolgt einen der Sicherheitsmitarbeiter und ??? Was ist das jetzt? Habe ich die H\u00f6rbuchteile nicht in der richtigen Reihenfolge aufs Handy gebracht? Luther rannte in einen Raum, in dem ihm alles recht seltsam vorkam. Sph\u00e4re nennt er ihn. Und danach befindet er sich pl\u00f6tzlich am gleichen Ort, aber zu einer anderen Zeit. Am Vorabend. Die vorher gefundene Tote ist quicklebendig. Doch der von ihm verfolgte Sicherheitsmann (oder den er am Folgeabend verfolgen wird? Ich bin verwirrt, Luther auch). Zeitreise?\u00a0 Jemand trachtet Pilar (so hei\u00dft die, die eigentlich schon gestorben ist) nach dem Leben. Luther rettet sie, Pilar kann fliehen. Zu dem Zeitpunkt ist sich Luther noch nicht klar, dass er sich wirklich am Vortag befindet. Dies erf\u00e4hrt er erst nach und nach. Und noch viel mehr. Denn sein Leben ist nicht mehr seins. Vieles scheint pl\u00f6tzlich ganz anders gelaufen zu sein. Seine Exfrau lebt, seine Tochter lebt bei ihr, er hatte gerade Urlaub. Er erkennt seine Kleidung nicht, die Nummern auf seinem Handy erreichen die Empf\u00e4nger nicht.<\/p>\n<h3>02.05.2018<\/h3>\n<p>Was ist das denn jetzt f\u00fcr ein Buch? Ein Zeitreiseroman? Terminator auf modern? Luther begegnet sich selbst und sieht seinen eigenen Tod. H\u00e4?<\/p>\n<p>Sp\u00e4ter wird erkl\u00e4rt: es handelt sich um PUs, parallele Universen.<\/p>\n<h3>Parallele Universen<\/h3>\n<p>Dies ist keine Idee nur aus Sci-Fi-Romanen, sondern eine Theorie, die ernsthaft diskutiert wird. \u00a0Es gibt dabei verschiedenen theoretische Ans\u00e4tze. Einer davon besagt, dass in einer ungef\u00e4hr 10 hoch 10<sup>28<\/sup> Meter entfernten Galaxie ein Zwilling von mir lebt. Und von dir. Und von Frank Sch\u00e4tzing.<\/p>\n<p>So wirklich erkl\u00e4ren kann ich es nicht, doch dieser <a href=\"https:\/\/www.spektrum.de\/magazin\/parallel-universen\/830044\" target=\"_blank\" rel=\"noopener\">Artikel aus Spektrum der Wissenschaft<\/a> gibt den Stand der Forschung wieder .<\/p>\n<p>Diese Galaxien sind unheimlich weit voneinander entfernt, in unserer Vorstellung existiert kein Mittel diese Entfernung zu \u00fcberbr\u00fccken, somit muss ich mir keine Gedanken \u00fcber meine Zwillinge machen. Im Buch gibt es ein Portal, doch \u00fcber die Funktionsweise h\u00fcllen sich Supercomputer ARES und auch Frank Sch\u00e4tzing in Schweigen.<\/p>\n<p>\u00dcber die M\u00f6glichkeiten und Gefahren des Reisens zwischen diesen verschiedenen Welten wird im Buch sehr realistisch spekuliert, diese M\u00f6glichkeiten brachten auch mich zum Nachdenken. In unserer Welt kann ich zu einem Zeitpunkt nur einen Weg gehen. Doch vielleicht hat mein Zwilling in einer anderen Galaxie an einer Stelle eine bessere Entscheidung getroffen? Oder eine schlechtere?<\/p>\n<p>Im Buch werden die PUs auch erkl\u00e4rt, diese Theorie ist neben der k\u00fcnstlichen Intelligenz das Hauptthema des Romans. Doch die, schon durchaus verst\u00e4ndlich formulierte, Erkl\u00e4rung bringt mich zum Sprecher des H\u00f6rbuches.<\/p>\n<div id=\"attachment_11533\" style=\"width: 490px\" class=\"wp-caption aligncenter\"><img loading=\"lazy\" decoding=\"async\" aria-describedby=\"caption-attachment-11533\" class=\"wp-image-11533 size-large\" src=\"https:\/\/leckerekekse.de\/wordpress\/wp-content\/uploads\/2018\/05\/tyrannei-hoerbuch-im-auto-480x640.jpg\" alt=\"Frank Sch\u00e4tzing: Tyrannei des Schmetterlings\" width=\"480\" height=\"640\" srcset=\"https:\/\/leckerekekse.de\/wordpress\/wp-content\/uploads\/2018\/05\/tyrannei-hoerbuch-im-auto.jpg 480w, https:\/\/leckerekekse.de\/wordpress\/wp-content\/uploads\/2018\/05\/tyrannei-hoerbuch-im-auto-225x300.jpg 225w\" sizes=\"auto, (max-width: 480px) 100vw, 480px\" \/><p id=\"caption-attachment-11533\" class=\"wp-caption-text\">Ich h\u00f6re oft im Auto H\u00f6rb\u00fccher<\/p><\/div>\n<h3>Der Sprecher<\/h3>\n<p>Ein Buch bekommt durch die Lesung eines erfahrenen Sprechers als H\u00f6rbuch eine Art Eigenleben. Schon oft habe ich begeistert zugeh\u00f6rt, wenn mir B\u00fccher vorgelesen wurden, die ich nicht selbst lesen w\u00fcrde. Der\/die SprecherIn machen das H\u00f6rbuch zu einer eigenen Kunstform. Ein paar H\u00f6rb\u00fccher h\u00f6re ich nur wegen des Sprechers, oder der Sprecherin. Zum Beispiel alles was <a href=\"https:\/\/leckerekekse.de\/elena-ferrante-finale-neapel-saga-hoerbuch\/\" target=\"_blank\" rel=\"noopener\">Eva Matthes<\/a> so einliest. Im Bonusmaterial des H\u00f6rbuchs gibt es ein Interview mit Sch\u00e4tzing, in dem er sich ganz \u00e4hnlich \u00e4ussert. Der Sprecher von \u201eDie Tyrannei des Schmetterlings\u201c, Sascha Rotermund, war seine Wahl. Rotermund ist Schauspieler, ein beliebter Synchronsprecher und erfahrener Interpret von H\u00f6rb\u00fcchern.<\/p>\n<p>Doch ich muss zugeben, dass er nicht meine erste Wahl f\u00fcr dieses Buch gewesen w\u00e4re. Die Spannungsteile und auch die \u201eTheorieteile\u201c, wie zum Beispiel \u00fcber PUs finde ich sehr gut vorgetragen. Doch in den \u201ePhilosophie-Teilen\u201c, wenn die Protagonisten zum Beispiel \u00fcber die Auswirkungen der Technologien nachdenken, finde ich ihn zu pathetisch. \u00dcberbetont. Schon im ersten Teil, einem Prolog, der in Afrika spielt und eigentlich eine sehr spannende Szene ist, wird Sch\u00e4tzing-m\u00e4\u00dfig ausschweifend \u00fcber die Hintergr\u00fcnde der Konflikte in Afrika gesprochen. Nicht uninteressant, aber meiner Ansicht nach zu theatralisch vorgetragen.<\/p>\n<p>Solche Szenen gibt es immer wieder im Buch. Ich finde es toll, wenn eine Sprecher mit der Lesung ein neues Werk erschafft, doch sollte er sich doch irgendwie dem Buch unterordnen. Und manchmal wurde es mir einfach zu viel \u201eSchauspielerei\u201c. Ich h\u00e4tte mir in einigen Szenen mehr Zur\u00fcckhaltung vom Sprecher gew\u00fcnscht. Doch auch das ist nat\u00fcrlich Geschmackssache.<\/p>\n<div id=\"attachment_11570\" style=\"width: 498px\" class=\"wp-caption aligncenter\"><img loading=\"lazy\" decoding=\"async\" aria-describedby=\"caption-attachment-11570\" class=\"size-large wp-image-11570\" src=\"https:\/\/leckerekekse.de\/wordpress\/wp-content\/uploads\/2018\/05\/sascha-rotermund-c-Arnd-Geise-488x640.jpg\" alt=\"Sascha Rotermund, Sprecher H\u00f6rbuch Tyrannei des Schmetterlings\" width=\"488\" height=\"640\" srcset=\"https:\/\/leckerekekse.de\/wordpress\/wp-content\/uploads\/2018\/05\/sascha-rotermund-c-Arnd-Geise-488x640.jpg 488w, https:\/\/leckerekekse.de\/wordpress\/wp-content\/uploads\/2018\/05\/sascha-rotermund-c-Arnd-Geise-229x300.jpg 229w, https:\/\/leckerekekse.de\/wordpress\/wp-content\/uploads\/2018\/05\/sascha-rotermund-c-Arnd-Geise.jpg 768w\" sizes=\"auto, (max-width: 488px) 100vw, 488px\" \/><p id=\"caption-attachment-11570\" class=\"wp-caption-text\">Sascha Rotermund \u00a9Arnd Geise<\/p><\/div>\n<h3>8.5.2018<\/h3>\n<p>Inzwischen bin ich schon recht weit fortgeschritten. Die Spannung h\u00e4lt an, ich bin zufrieden. Auch damit, dass ich mich f\u00fcr die H\u00f6rbuchversion entschieden habe.<\/p>\n<p>Und sonst so: meine \u00e4ltere Tochter ist gestern 17 geworden. Ich kann es kaum fassen. Sie ist fast erwachsen. Deshalb werde ich die n\u00e4chsten Tage wenig Zeit haben und gr\u00f6\u00dftenteils im Auto auf dem Weg zur Arbeit und zur\u00fcck h\u00f6ren. Das ist \u00fcbrigens die Zeit die meistens h\u00f6rend verbringe. Im Auto, und auch, wenn ich mit der Bahn fahre. Fr\u00fcher habe ich in der Bahn immer gelesen, doch seit ich eine Lesebrille brauche, greife ich lieber zum H\u00f6rbuch. Das kann ich auch w\u00e4hrend ich umsteige weiterh\u00f6ren.<\/p>\n<p>Weiter geht es. Es fehlen \u201enur noch\u201c 6 CDs.<\/p>\n<p><img loading=\"lazy\" decoding=\"async\" class=\"aligncenter size-medium wp-image-5977\" src=\"https:\/\/leckerekekse.de\/wordpress\/wp-content\/uploads\/2016\/04\/Signatur-002-300x219.jpg\" alt=\"\" width=\"300\" height=\"219\" srcset=\"https:\/\/leckerekekse.de\/wordpress\/wp-content\/uploads\/2016\/04\/Signatur-002-300x219.jpg 300w, https:\/\/leckerekekse.de\/wordpress\/wp-content\/uploads\/2016\/04\/Signatur-002.jpg 640w\" sizes=\"auto, (max-width: 300px) 100vw, 300px\" \/><\/p>\n<p><a href=\"https:\/\/www.randomhouse.de\/Hoerbuch\/Die-Tyrannei-des-Schmetterlings\/Frank-Schaetzing\/der-Hoerverlag\/e547059.rhd\" target=\"_blank\" rel=\"noopener\">Verlagsseite H\u00f6rbuch<\/a><\/p>\n<p><a href=\"https:\/\/www.kiwi-verlag.de\/buch\/die-tyrannei-des-schmetterlings\/978-3-462-05084-4\/\" target=\"_blank\" rel=\"noopener\">Verlagsseite Buch<\/a><\/p>\n<p><a href=\"https:\/\/leckerekekse.de\/hoertagebuch-tyrannei-des-schmetterlings\/\">Erster Teil des H\u00f6rtagebuchs<\/a><\/p>\n<p>&nbsp;<\/p>\n","protected":false},"excerpt":{"rendered":"<p>H\u00f6rtagebuch, zweiter Teil 01.05.2018 Feiertag. Wenig Zeit zum H\u00f6ren. Aber Unkraut j\u00e4ten wird durch ein spannendes H\u00f6rbuch ertr\u00e4glich. Eine geheime Forschungsanlage eines Tech-Riesen mitten in der Sierra Nevada. Nennt sich \u201eFarm\u201c. Hm. Computergesteuerte Landwirtschaft? Z\u00fcchtung von Tieren mit k\u00fcnstlicher Intelligenz? Es ist noch nicht ganz klar, wa da abgeht.<\/p>\n","protected":false},"author":2,"featured_media":11533,"comment_status":"open","ping_status":"open","sticky":false,"template":"","format":"standard","meta":{"footnotes":""},"categories":[1,3,952,788],"tags":[1096,451,871,43,1062],"class_list":["post-11531","post","type-post","status-publish","format-standard","has-post-thumbnail","hentry","category-allgemein","category-buecher","category-hoerbuch","category-rezension","tag-computer","tag-hoerbuch","tag-science-fiction","tag-thriller","tag-zukunft"],"yoast_head":"<!-- This site is optimized with the Yoast SEO plugin v27.5 - https:\/\/yoast.com\/product\/yoast-seo-wordpress\/ -->\n<title>Rezension: Tyrannei des Schmetterlings von Frank Sch\u00e4tzing<\/title>\n<meta name=\"description\" content=\"Das H\u00f6rbuch zu Die Tyrannei des Schmetterlings von Frank Sch\u00e4tzing l\u00e4uft ca. 24 Stunden. Hier der zweite Teil meines H\u00f6rtagebuchs dazu.\" \/>\n<meta name=\"robots\" content=\"index, follow, max-snippet:-1, max-image-preview:large, max-video-preview:-1\" \/>\n<link rel=\"canonical\" href=\"https:\/\/leckerekekse.de\/wordpress\/frank-schaetzing-tyrannei-des-schmetterlings-hoerbuch-2\/\" \/>\n<meta property=\"og:locale\" content=\"de_DE\" \/>\n<meta property=\"og:type\" content=\"article\" \/>\n<meta property=\"og:title\" content=\"Rezension: Tyrannei des Schmetterlings von Frank Sch\u00e4tzing\" \/>\n<meta property=\"og:description\" content=\"Das H\u00f6rbuch zu Die Tyrannei des Schmetterlings von Frank Sch\u00e4tzing l\u00e4uft ca. 24 Stunden. Hier der zweite Teil meines H\u00f6rtagebuchs dazu.\" \/>\n<meta property=\"og:url\" content=\"https:\/\/leckerekekse.de\/wordpress\/frank-schaetzing-tyrannei-des-schmetterlings-hoerbuch-2\/\" \/>\n<meta property=\"og:site_name\" content=\"Leckere Kekse &amp; mehr\" \/>\n<meta property=\"article:published_time\" content=\"2018-05-28T11:25:06+00:00\" \/>\n<meta property=\"article:modified_time\" content=\"2018-05-29T06:38:39+00:00\" \/>\n<meta property=\"og:image\" content=\"https:\/\/leckerekekse.de\/wordpress\/wp-content\/uploads\/2018\/05\/tyrannei-hoerbuch-im-auto.jpg\" \/>\n\t<meta property=\"og:image:width\" content=\"480\" \/>\n\t<meta property=\"og:image:height\" content=\"640\" \/>\n\t<meta property=\"og:image:type\" content=\"image\/jpeg\" \/>\n<meta name=\"author\" content=\"Buchlieberin\" \/>\n<meta name=\"twitter:label1\" content=\"Verfasst von\" \/>\n\t<meta name=\"twitter:data1\" content=\"Buchlieberin\" \/>\n\t<meta name=\"twitter:label2\" content=\"Gesch\u00e4tzte Lesezeit\" \/>\n\t<meta name=\"twitter:data2\" content=\"5\u00a0Minuten\" \/>\n<script type=\"application\/ld+json\" class=\"yoast-schema-graph\">{\"@context\":\"https:\\\/\\\/schema.org\",\"@graph\":[{\"@type\":\"Article\",\"@id\":\"https:\\\/\\\/leckerekekse.de\\\/wordpress\\\/frank-schaetzing-tyrannei-des-schmetterlings-hoerbuch-2\\\/#article\",\"isPartOf\":{\"@id\":\"https:\\\/\\\/leckerekekse.de\\\/wordpress\\\/frank-schaetzing-tyrannei-des-schmetterlings-hoerbuch-2\\\/\"},\"author\":{\"name\":\"Buchlieberin\",\"@id\":\"https:\\\/\\\/leckerekekse.de\\\/wordpress\\\/#\\\/schema\\\/person\\\/161a8971fdc6b42b40eb2cf476f78939\"},\"headline\":\"Frank Schaetzing: Tyrannei des Schmetterlings H\u00f6rbuch 2\",\"datePublished\":\"2018-05-28T11:25:06+00:00\",\"dateModified\":\"2018-05-29T06:38:39+00:00\",\"mainEntityOfPage\":{\"@id\":\"https:\\\/\\\/leckerekekse.de\\\/wordpress\\\/frank-schaetzing-tyrannei-des-schmetterlings-hoerbuch-2\\\/\"},\"wordCount\":937,\"commentCount\":2,\"publisher\":{\"@id\":\"https:\\\/\\\/leckerekekse.de\\\/wordpress\\\/#\\\/schema\\\/person\\\/8f45748de22f11ca6e316da813f59b85\"},\"image\":{\"@id\":\"https:\\\/\\\/leckerekekse.de\\\/wordpress\\\/frank-schaetzing-tyrannei-des-schmetterlings-hoerbuch-2\\\/#primaryimage\"},\"thumbnailUrl\":\"https:\\\/\\\/leckerekekse.de\\\/wordpress\\\/wp-content\\\/uploads\\\/2018\\\/05\\\/tyrannei-hoerbuch-im-auto.jpg\",\"keywords\":[\"Computer\",\"H\u00f6rbuch\",\"Science Fiction\",\"Thriller\",\"Zukunft\"],\"articleSection\":{\"1\":\"B\u00fccher\",\"2\":\"H\u00f6rbuch\",\"3\":\"Rezension\"},\"inLanguage\":\"de\",\"potentialAction\":[{\"@type\":\"CommentAction\",\"name\":\"Comment\",\"target\":[\"https:\\\/\\\/leckerekekse.de\\\/wordpress\\\/frank-schaetzing-tyrannei-des-schmetterlings-hoerbuch-2\\\/#respond\"]}]},{\"@type\":\"WebPage\",\"@id\":\"https:\\\/\\\/leckerekekse.de\\\/wordpress\\\/frank-schaetzing-tyrannei-des-schmetterlings-hoerbuch-2\\\/\",\"url\":\"https:\\\/\\\/leckerekekse.de\\\/wordpress\\\/frank-schaetzing-tyrannei-des-schmetterlings-hoerbuch-2\\\/\",\"name\":\"Rezension: Tyrannei des Schmetterlings von Frank Sch\u00e4tzing\",\"isPartOf\":{\"@id\":\"https:\\\/\\\/leckerekekse.de\\\/wordpress\\\/#website\"},\"primaryImageOfPage\":{\"@id\":\"https:\\\/\\\/leckerekekse.de\\\/wordpress\\\/frank-schaetzing-tyrannei-des-schmetterlings-hoerbuch-2\\\/#primaryimage\"},\"image\":{\"@id\":\"https:\\\/\\\/leckerekekse.de\\\/wordpress\\\/frank-schaetzing-tyrannei-des-schmetterlings-hoerbuch-2\\\/#primaryimage\"},\"thumbnailUrl\":\"https:\\\/\\\/leckerekekse.de\\\/wordpress\\\/wp-content\\\/uploads\\\/2018\\\/05\\\/tyrannei-hoerbuch-im-auto.jpg\",\"datePublished\":\"2018-05-28T11:25:06+00:00\",\"dateModified\":\"2018-05-29T06:38:39+00:00\",\"description\":\"Das H\u00f6rbuch zu Die Tyrannei des Schmetterlings von Frank Sch\u00e4tzing l\u00e4uft ca. 24 Stunden. Hier der zweite Teil meines H\u00f6rtagebuchs dazu.\",\"breadcrumb\":{\"@id\":\"https:\\\/\\\/leckerekekse.de\\\/wordpress\\\/frank-schaetzing-tyrannei-des-schmetterlings-hoerbuch-2\\\/#breadcrumb\"},\"inLanguage\":\"de\",\"potentialAction\":[{\"@type\":\"ReadAction\",\"target\":[\"https:\\\/\\\/leckerekekse.de\\\/wordpress\\\/frank-schaetzing-tyrannei-des-schmetterlings-hoerbuch-2\\\/\"]}]},{\"@type\":\"ImageObject\",\"inLanguage\":\"de\",\"@id\":\"https:\\\/\\\/leckerekekse.de\\\/wordpress\\\/frank-schaetzing-tyrannei-des-schmetterlings-hoerbuch-2\\\/#primaryimage\",\"url\":\"https:\\\/\\\/leckerekekse.de\\\/wordpress\\\/wp-content\\\/uploads\\\/2018\\\/05\\\/tyrannei-hoerbuch-im-auto.jpg\",\"contentUrl\":\"https:\\\/\\\/leckerekekse.de\\\/wordpress\\\/wp-content\\\/uploads\\\/2018\\\/05\\\/tyrannei-hoerbuch-im-auto.jpg\",\"width\":480,\"height\":640,\"caption\":\"Frank Sch\u00e4tzing: Tyrannei des Schmetterlings\"},{\"@type\":\"BreadcrumbList\",\"@id\":\"https:\\\/\\\/leckerekekse.de\\\/wordpress\\\/frank-schaetzing-tyrannei-des-schmetterlings-hoerbuch-2\\\/#breadcrumb\",\"itemListElement\":[{\"@type\":\"ListItem\",\"position\":1,\"name\":\"Home\",\"item\":\"https:\\\/\\\/leckerekekse.de\\\/wordpress\\\/\"},{\"@type\":\"ListItem\",\"position\":2,\"name\":\"Frank Schaetzing: Tyrannei des Schmetterlings H\u00f6rbuch 2\"}]},{\"@type\":\"WebSite\",\"@id\":\"https:\\\/\\\/leckerekekse.de\\\/wordpress\\\/#website\",\"url\":\"https:\\\/\\\/leckerekekse.de\\\/wordpress\\\/\",\"name\":\"Leckere Kekse &amp; mehr\",\"description\":\"Kekse backen, B\u00fccher lesen und mehr\",\"publisher\":{\"@id\":\"https:\\\/\\\/leckerekekse.de\\\/wordpress\\\/#\\\/schema\\\/person\\\/8f45748de22f11ca6e316da813f59b85\"},\"potentialAction\":[{\"@type\":\"SearchAction\",\"target\":{\"@type\":\"EntryPoint\",\"urlTemplate\":\"https:\\\/\\\/leckerekekse.de\\\/wordpress\\\/?s={search_term_string}\"},\"query-input\":{\"@type\":\"PropertyValueSpecification\",\"valueRequired\":true,\"valueName\":\"search_term_string\"}}],\"inLanguage\":\"de\"},{\"@type\":[\"Person\",\"Organization\"],\"@id\":\"https:\\\/\\\/leckerekekse.de\\\/wordpress\\\/#\\\/schema\\\/person\\\/8f45748de22f11ca6e316da813f59b85\",\"name\":\"Astrid\",\"logo\":{\"@id\":\"https:\\\/\\\/leckerekekse.de\\\/wordpress\\\/#\\\/schema\\\/person\\\/image\\\/\"},\"sameAs\":[\"https:\\\/\\\/leckerekekse.de\\\/wordpress\"]},{\"@type\":\"Person\",\"@id\":\"https:\\\/\\\/leckerekekse.de\\\/wordpress\\\/#\\\/schema\\\/person\\\/161a8971fdc6b42b40eb2cf476f78939\",\"name\":\"Buchlieberin\",\"sameAs\":[\"https:\\\/\\\/leckerekekse.de\\\/wordpress\"]}]}<\/script>\n<!-- \/ Yoast SEO plugin. -->","yoast_head_json":{"title":"Rezension: Tyrannei des Schmetterlings von Frank Sch\u00e4tzing","description":"Das H\u00f6rbuch zu Die Tyrannei des Schmetterlings von Frank Sch\u00e4tzing l\u00e4uft ca. 24 Stunden. Hier der zweite Teil meines H\u00f6rtagebuchs dazu.","robots":{"index":"index","follow":"follow","max-snippet":"max-snippet:-1","max-image-preview":"max-image-preview:large","max-video-preview":"max-video-preview:-1"},"canonical":"https:\/\/leckerekekse.de\/wordpress\/frank-schaetzing-tyrannei-des-schmetterlings-hoerbuch-2\/","og_locale":"de_DE","og_type":"article","og_title":"Rezension: Tyrannei des Schmetterlings von Frank Sch\u00e4tzing","og_description":"Das H\u00f6rbuch zu Die Tyrannei des Schmetterlings von Frank Sch\u00e4tzing l\u00e4uft ca. 24 Stunden. Hier der zweite Teil meines H\u00f6rtagebuchs dazu.","og_url":"https:\/\/leckerekekse.de\/wordpress\/frank-schaetzing-tyrannei-des-schmetterlings-hoerbuch-2\/","og_site_name":"Leckere Kekse &amp; mehr","article_published_time":"2018-05-28T11:25:06+00:00","article_modified_time":"2018-05-29T06:38:39+00:00","og_image":[{"width":480,"height":640,"url":"https:\/\/leckerekekse.de\/wordpress\/wp-content\/uploads\/2018\/05\/tyrannei-hoerbuch-im-auto.jpg","type":"image\/jpeg"}],"author":"Buchlieberin","twitter_misc":{"Verfasst von":"Buchlieberin","Gesch\u00e4tzte Lesezeit":"5\u00a0Minuten"},"schema":{"@context":"https:\/\/schema.org","@graph":[{"@type":"Article","@id":"https:\/\/leckerekekse.de\/wordpress\/frank-schaetzing-tyrannei-des-schmetterlings-hoerbuch-2\/#article","isPartOf":{"@id":"https:\/\/leckerekekse.de\/wordpress\/frank-schaetzing-tyrannei-des-schmetterlings-hoerbuch-2\/"},"author":{"name":"Buchlieberin","@id":"https:\/\/leckerekekse.de\/wordpress\/#\/schema\/person\/161a8971fdc6b42b40eb2cf476f78939"},"headline":"Frank Schaetzing: Tyrannei des Schmetterlings H\u00f6rbuch 2","datePublished":"2018-05-28T11:25:06+00:00","dateModified":"2018-05-29T06:38:39+00:00","mainEntityOfPage":{"@id":"https:\/\/leckerekekse.de\/wordpress\/frank-schaetzing-tyrannei-des-schmetterlings-hoerbuch-2\/"},"wordCount":937,"commentCount":2,"publisher":{"@id":"https:\/\/leckerekekse.de\/wordpress\/#\/schema\/person\/8f45748de22f11ca6e316da813f59b85"},"image":{"@id":"https:\/\/leckerekekse.de\/wordpress\/frank-schaetzing-tyrannei-des-schmetterlings-hoerbuch-2\/#primaryimage"},"thumbnailUrl":"https:\/\/leckerekekse.de\/wordpress\/wp-content\/uploads\/2018\/05\/tyrannei-hoerbuch-im-auto.jpg","keywords":["Computer","H\u00f6rbuch","Science Fiction","Thriller","Zukunft"],"articleSection":{"1":"B\u00fccher","2":"H\u00f6rbuch","3":"Rezension"},"inLanguage":"de","potentialAction":[{"@type":"CommentAction","name":"Comment","target":["https:\/\/leckerekekse.de\/wordpress\/frank-schaetzing-tyrannei-des-schmetterlings-hoerbuch-2\/#respond"]}]},{"@type":"WebPage","@id":"https:\/\/leckerekekse.de\/wordpress\/frank-schaetzing-tyrannei-des-schmetterlings-hoerbuch-2\/","url":"https:\/\/leckerekekse.de\/wordpress\/frank-schaetzing-tyrannei-des-schmetterlings-hoerbuch-2\/","name":"Rezension: Tyrannei des Schmetterlings von Frank Sch\u00e4tzing","isPartOf":{"@id":"https:\/\/leckerekekse.de\/wordpress\/#website"},"primaryImageOfPage":{"@id":"https:\/\/leckerekekse.de\/wordpress\/frank-schaetzing-tyrannei-des-schmetterlings-hoerbuch-2\/#primaryimage"},"image":{"@id":"https:\/\/leckerekekse.de\/wordpress\/frank-schaetzing-tyrannei-des-schmetterlings-hoerbuch-2\/#primaryimage"},"thumbnailUrl":"https:\/\/leckerekekse.de\/wordpress\/wp-content\/uploads\/2018\/05\/tyrannei-hoerbuch-im-auto.jpg","datePublished":"2018-05-28T11:25:06+00:00","dateModified":"2018-05-29T06:38:39+00:00","description":"Das H\u00f6rbuch zu Die Tyrannei des Schmetterlings von Frank Sch\u00e4tzing l\u00e4uft ca. 24 Stunden. Hier der zweite Teil meines H\u00f6rtagebuchs dazu.","breadcrumb":{"@id":"https:\/\/leckerekekse.de\/wordpress\/frank-schaetzing-tyrannei-des-schmetterlings-hoerbuch-2\/#breadcrumb"},"inLanguage":"de","potentialAction":[{"@type":"ReadAction","target":["https:\/\/leckerekekse.de\/wordpress\/frank-schaetzing-tyrannei-des-schmetterlings-hoerbuch-2\/"]}]},{"@type":"ImageObject","inLanguage":"de","@id":"https:\/\/leckerekekse.de\/wordpress\/frank-schaetzing-tyrannei-des-schmetterlings-hoerbuch-2\/#primaryimage","url":"https:\/\/leckerekekse.de\/wordpress\/wp-content\/uploads\/2018\/05\/tyrannei-hoerbuch-im-auto.jpg","contentUrl":"https:\/\/leckerekekse.de\/wordpress\/wp-content\/uploads\/2018\/05\/tyrannei-hoerbuch-im-auto.jpg","width":480,"height":640,"caption":"Frank Sch\u00e4tzing: Tyrannei des Schmetterlings"},{"@type":"BreadcrumbList","@id":"https:\/\/leckerekekse.de\/wordpress\/frank-schaetzing-tyrannei-des-schmetterlings-hoerbuch-2\/#breadcrumb","itemListElement":[{"@type":"ListItem","position":1,"name":"Home","item":"https:\/\/leckerekekse.de\/wordpress\/"},{"@type":"ListItem","position":2,"name":"Frank Schaetzing: Tyrannei des Schmetterlings H\u00f6rbuch 2"}]},{"@type":"WebSite","@id":"https:\/\/leckerekekse.de\/wordpress\/#website","url":"https:\/\/leckerekekse.de\/wordpress\/","name":"Leckere Kekse &amp; mehr","description":"Kekse backen, B\u00fccher lesen und mehr","publisher":{"@id":"https:\/\/leckerekekse.de\/wordpress\/#\/schema\/person\/8f45748de22f11ca6e316da813f59b85"},"potentialAction":[{"@type":"SearchAction","target":{"@type":"EntryPoint","urlTemplate":"https:\/\/leckerekekse.de\/wordpress\/?s={search_term_string}"},"query-input":{"@type":"PropertyValueSpecification","valueRequired":true,"valueName":"search_term_string"}}],"inLanguage":"de"},{"@type":["Person","Organization"],"@id":"https:\/\/leckerekekse.de\/wordpress\/#\/schema\/person\/8f45748de22f11ca6e316da813f59b85","name":"Astrid","logo":{"@id":"https:\/\/leckerekekse.de\/wordpress\/#\/schema\/person\/image\/"},"sameAs":["https:\/\/leckerekekse.de\/wordpress"]},{"@type":"Person","@id":"https:\/\/leckerekekse.de\/wordpress\/#\/schema\/person\/161a8971fdc6b42b40eb2cf476f78939","name":"Buchlieberin","sameAs":["https:\/\/leckerekekse.de\/wordpress"]}]}},"_links":{"self":[{"href":"https:\/\/leckerekekse.de\/wordpress\/wp-json\/wp\/v2\/posts\/11531","targetHints":{"allow":["GET"]}}],"collection":[{"href":"https:\/\/leckerekekse.de\/wordpress\/wp-json\/wp\/v2\/posts"}],"about":[{"href":"https:\/\/leckerekekse.de\/wordpress\/wp-json\/wp\/v2\/types\/post"}],"author":[{"embeddable":true,"href":"https:\/\/leckerekekse.de\/wordpress\/wp-json\/wp\/v2\/users\/2"}],"replies":[{"embeddable":true,"href":"https:\/\/leckerekekse.de\/wordpress\/wp-json\/wp\/v2\/comments?post=11531"}],"version-history":[{"count":3,"href":"https:\/\/leckerekekse.de\/wordpress\/wp-json\/wp\/v2\/posts\/11531\/revisions"}],"predecessor-version":[{"id":11587,"href":"https:\/\/leckerekekse.de\/wordpress\/wp-json\/wp\/v2\/posts\/11531\/revisions\/11587"}],"wp:featuredmedia":[{"embeddable":true,"href":"https:\/\/leckerekekse.de\/wordpress\/wp-json\/wp\/v2\/media\/11533"}],"wp:attachment":[{"href":"https:\/\/leckerekekse.de\/wordpress\/wp-json\/wp\/v2\/media?parent=11531"}],"wp:term":[{"taxonomy":"category","embeddable":true,"href":"https:\/\/leckerekekse.de\/wordpress\/wp-json\/wp\/v2\/categories?post=11531"},{"taxonomy":"post_tag","embeddable":true,"href":"https:\/\/leckerekekse.de\/wordpress\/wp-json\/wp\/v2\/tags?post=11531"}],"curies":[{"name":"wp","href":"https:\/\/api.w.org\/{rel}","templated":true}]}}