{"id":11818,"date":"2019-04-14T07:43:32","date_gmt":"2019-04-14T05:43:32","guid":{"rendered":"https:\/\/leckerekekse.de\/wordpress\/?p=11818"},"modified":"2022-09-12T11:55:30","modified_gmt":"2022-09-12T09:55:30","slug":"rezension-eine-bessere-zeit","status":"publish","type":"post","link":"https:\/\/leckerekekse.de\/wordpress\/rezension-eine-bessere-zeit\/","title":{"rendered":"Rezension: Eine bessere Zeit"},"content":{"rendered":"<h2><img loading=\"lazy\" decoding=\"async\" class=\"aligncenter size-large wp-image-11821\" src=\"https:\/\/leckerekekse.de\/wordpress\/wp-content\/uploads\/2018\/07\/jaume-cabre-alban-berg-640x428.jpg\" alt=\"Jaume Cabr\u00e9: Eine bessere Zeit\" width=\"640\" height=\"428\" srcset=\"https:\/\/leckerekekse.de\/wordpress\/wp-content\/uploads\/2018\/07\/jaume-cabre-alban-berg.jpg 640w, https:\/\/leckerekekse.de\/wordpress\/wp-content\/uploads\/2018\/07\/jaume-cabre-alban-berg-300x201.jpg 300w\" sizes=\"auto, (max-width: 640px) 100vw, 640px\" \/><\/h2>\n<h2>Roman von Jaume Cabre<\/h2>\n<p>Miquel, ein Journalist, muss einen Freund aus Jugendtagen beerdigen. Viele Erinnerungen kommen hoch. Miquel hat in etwa die Mitte seines Lebens erreicht.<\/p>\n<p>Eine Kollegin soll den Nachruf verfassen und m\u00f6chte von Miquel Informationen \u00fcber dessen Freund. Ein skurriles Abendessen beginnt. Dies findet n\u00e4mlich in Miquels Elternhaus statt. In diesen R\u00e4umen hat ein Restaurant er\u00f6ffnet, nachdem seine Familie alles verloren hatte und auch das Haus verkaufen musste.<\/p>\n<p>Doch dies will er seiner Kollegin nicht sagen. Oder wei\u00df sie es von Anfang an? Das Haus, diese Umgebung, die Fragen nach seiner Jugend, das Essen in den R\u00e4umen, in denen er aufwuchs: das alles bringt ihm seine Vergangenheit zur\u00fcck.<br \/>\n<!--more--><br \/>\nZwischen Vorspeise und Dessert rollt er vor den Lesern eine sehr problematische Familiengeschichte aus. Was er nur uns, und was er seiner Kollegin erz\u00e4hlt: es verschwimmt. So wie auch die Perspektiven, die Erz\u00e4hlsichten, die Zeiten von denen er erz\u00e4hlt nicht immer leicht zu unterscheiden sind.<\/p>\n<p>Wir blicken ins Innere einer Fabrikantenfamilie, in die Franco-Zeit, den kommunistischen Widerstand und in das Leben eines Jungen und Mannes, der kaum eigene Entscheidungen trifft, sondern sich irgendwie immer von anderen oder den Umst\u00e4nden der Zeit treiben l\u00e4sst.<\/p>\n<h3>Namen<\/h3>\n<p>Namen haben hier keine Bedeutung. Oder eher zu viel. Jeder Protagonist wird mit einer Vielzahl an Namen ausgestattet. Vor allem Miquels Onkel ist sehr kreativ darin Menschen mit Beinamen auszustatten. Und nicht immer mit denselben. Sie wechseln, so wie sie auch ihre Absichten wechseln.<\/p>\n<p>Das Buch wird durch zwei Stammb\u00e4ume illustriert. Die Namen im Blick zu halten wird einfacher, wenn man wie ich, die Seiten mit den Stammb\u00e4umen markiert und ab und zu mal schaut, wie die famili\u00e4ren Zusammenh\u00e4nge sind. Da gibt es den offiziellen Stammbaum und gegen Ende des Buches den \u201ewahren, unbekannten und echten\u201c Stammbaum der Familie Gensana. Ich empfehle auch diesen NICHT vorher anzusehen.<\/p>\n<p><img loading=\"lazy\" decoding=\"async\" class=\"aligncenter size-large wp-image-11822\" src=\"https:\/\/leckerekekse.de\/wordpress\/wp-content\/uploads\/2018\/07\/jaume-cabre-eine-bessere-zeit-640x429.jpg\" alt=\"Jaume Cabr\u00e9: Eine bessere Zeit\" width=\"640\" height=\"429\" srcset=\"https:\/\/leckerekekse.de\/wordpress\/wp-content\/uploads\/2018\/07\/jaume-cabre-eine-bessere-zeit.jpg 640w, https:\/\/leckerekekse.de\/wordpress\/wp-content\/uploads\/2018\/07\/jaume-cabre-eine-bessere-zeit-300x201.jpg 300w\" sizes=\"auto, (max-width: 640px) 100vw, 640px\" \/><\/p>\n<h3>Verwirrung<\/h3>\n<p>Der st\u00e4ndige Wechsel der Erz\u00e4hlperspektive mitten im Satz, ist ziemlich verwirrend. Doch bildet sich irgendwann ein Muster heraus. Nach 100 Seiten hatte ich mich eingelesen. Wenn ich auch nicht immer dem roten Faden folgen konnte, folgte ich Miquels Gedankeng\u00e4ngen und Erinnerungen sehr gerne. Sprachlich ist Cabr\u00e9 Buch einfach super!<\/p>\n<h3>Musik im Buch<\/h3>\n<p>Im letzten Drittel wird pl\u00f6tzlich Musik eines der beherrschenden Themen des Buches. Dies liegt nicht nur an Miquels Beziehung zu einer gefeierten Violinistin. Auch das ganze Buch ist wie ein Konzert aufgebaut. Den einzelnen Teilen wird ein musikalisches Tempo vorgegeben. Die gesamte Struktur entspricht einem Violinkonzert von Alban Berg.<\/p>\n<p>Diese Konstruktion hat mich sehr angesprochen!<\/p>\n<h3>Perspektivwechsel<\/h3>\n<p>Wie schon erw\u00e4hnt, verschiebt sich mitten im Erz\u00e4hlfluss die Perspektive. Dies ist wohl eine Spezialit\u00e4t des Autors. Er springt hier nicht so sehr in den Zeiten wie in \u201eStimmen des Flusses\u201c, sondern in der Erz\u00e4hlperspektive. Mitten im Satz wechselt Miquel von der ersten zur dritten Person. Er spricht \u00fcber sein Leben, distanziert sich aber gleichzeitig durch den Wechsel vom \u201eich\u201c zum \u201eer\u201c . Die vielfache Vergebung von Namen (wie es in Familien mit Geschichte durchaus \u00fcblich ist) macht das auch nicht einfacher.<\/p>\n<p><img loading=\"lazy\" decoding=\"async\" class=\"aligncenter size-large wp-image-11823\" src=\"https:\/\/leckerekekse.de\/wordpress\/wp-content\/uploads\/2018\/07\/cabre-bessere-zeit-rezension-640x480.jpg\" alt=\"Jaume Cabr\u00e9: Eine bessere Zeit\" width=\"640\" height=\"480\" srcset=\"https:\/\/leckerekekse.de\/wordpress\/wp-content\/uploads\/2018\/07\/cabre-bessere-zeit-rezension.jpg 640w, https:\/\/leckerekekse.de\/wordpress\/wp-content\/uploads\/2018\/07\/cabre-bessere-zeit-rezension-300x225.jpg 300w\" sizes=\"auto, (max-width: 640px) 100vw, 640px\" \/><\/p>\n<h3>Humor<\/h3>\n<p>Die blumigen Beinamen der jeweiligen Ahnen geben dem im Text eine weitere Dimension. Dies entbehrt auch nicht einer geh\u00f6rigen Prise Humor, die ansonsten noch im Gehabe des Kellners in der Restaurant-Rahmenhandlung wiederkehrt. Die kleinen Gefechte mit dem Kellner sind einfach herrlich!<\/p>\n<p>Das Restaurant, die verschiedenen G\u00e4nge, die Unterhaltung mit der Kollegin und gelegentliche kurze Ausfl\u00fcge innerhalb des Hauses bilden die Rahmenhandlung in der Gegenwart des Romans. Dieser ist im Original bereits Mitte der 1990iger erschien. Es handelt sich also NICHT um einen neuen Roman von Cabr\u00e9.<\/p>\n<h3>Fazit<\/h3>\n<p>Ich musste mich erst einlesen, doch nachdem ich den Aufbau begriffen habe, konnte ich mich fallen lassen in die Geschichten von Miquel, seiner Familie und seinem Leben. Der Roman erscheint mir (vom Teil \u00fcber die Musik mal abgesehen) noch nicht ganz so ausgereift wie sp\u00e4tere B\u00fccher. Trotzdem f\u00fcr mich ein Genuss. Ich m\u00f6chte das Buch Liebhabern klassischer Musik und Geschichtsinteressierten empfehlen.<\/p>\n<h4>Weitere Stimmen<\/h4>\n<p>Literaturreich<\/p>\n<p><a href=\"https:\/\/travelwithoutmoving.de\/eine-bessere-zeit-von-jaume-cabre\/\" target=\"_blank\" rel=\"noopener\">Travel without Moving<\/a><\/p>\n<p><a href=\"https:\/\/leseschatz.com\/2018\/04\/10\/jaume-cabre-eine-bessere-zeit\/\" target=\"_blank\" rel=\"noopener\">Leseschatz<\/a><\/p>\n<p><img loading=\"lazy\" decoding=\"async\" class=\"aligncenter size-medium wp-image-5977\" src=\"https:\/\/leckerekekse.de\/wordpress\/wp-content\/uploads\/2016\/04\/Signatur-002-300x219.jpg\" alt=\"\" width=\"300\" height=\"219\" srcset=\"https:\/\/leckerekekse.de\/wordpress\/wp-content\/uploads\/2016\/04\/Signatur-002-300x219.jpg 300w, https:\/\/leckerekekse.de\/wordpress\/wp-content\/uploads\/2016\/04\/Signatur-002.jpg 640w\" sizes=\"auto, (max-width: 300px) 100vw, 300px\" \/><\/p>\n<h4>Infos zum Buch<\/h4>\n<table width=\"640\">\n<tbody>\n<tr>\n<td width=\"320\"><img loading=\"lazy\" decoding=\"async\" class=\"aligncenter size-medium wp-image-11824\" src=\"https:\/\/leckerekekse.de\/wordpress\/wp-content\/uploads\/2018\/07\/eine-bessere-zeit-cabre-cover-180x300.jpg\" alt=\"Jaume Cabr\u00e9: Eine bessere Zeit\" width=\"180\" height=\"300\" srcset=\"https:\/\/leckerekekse.de\/wordpress\/wp-content\/uploads\/2018\/07\/eine-bessere-zeit-cabre-cover-180x300.jpg 180w, https:\/\/leckerekekse.de\/wordpress\/wp-content\/uploads\/2018\/07\/eine-bessere-zeit-cabre-cover.jpg 383w\" sizes=\"auto, (max-width: 180px) 100vw, 180px\" \/><\/td>\n<td width=\"320\"><strong>Eine bessere Zeit<\/strong><br \/>\nJaume Cabr\u00e9<br \/>\n\u00fcbersetzt von Petra Zickmann &amp; Kirsten Brandt<br \/>\nInsel Verlag<a href=\"https:\/\/www.suhrkamp.de\/buecher\/eine_bessere_zeit-jaume_cabre_17739.html\" target=\"_blank\" rel=\"noopener\">Verlagsseite<\/a><\/td>\n<\/tr>\n<\/tbody>\n<\/table>\n","protected":false},"excerpt":{"rendered":"<p>Roman von Jaume Cabre Miquel, ein Journalist, muss einen Freund aus Jugendtagen beerdigen. Viele Erinnerungen kommen hoch. Miquel hat in etwa die Mitte seines Lebens erreicht. Eine Kollegin soll den Nachruf verfassen und m\u00f6chte von Miquel Informationen \u00fcber dessen Freund. Ein skurriles Abendessen beginnt. Dies findet n\u00e4mlich in Miquels Elternhaus statt. In diesen R\u00e4umen hat [&hellip;]<\/p>\n","protected":false},"author":2,"featured_media":11821,"comment_status":"open","ping_status":"open","sticky":false,"template":"","format":"standard","meta":{"footnotes":""},"categories":[1,3,788],"tags":[754,56,459,1089],"class_list":["post-11818","post","type-post","status-publish","format-standard","has-post-thumbnail","hentry","category-allgemein","category-buecher","category-rezension","tag-geschichte","tag-musik","tag-roman","tag-spanien"],"yoast_head":"<!-- This site is optimized with the Yoast SEO plugin v27.5 - https:\/\/yoast.com\/product\/yoast-seo-wordpress\/ -->\n<title>Rezension: Eine bessere Zeit | Leckere Kekse &amp; mehr<\/title>\n<meta name=\"description\" content=\"Fr\u00fcher war alles besser. Oder doch nicht? Rezension der Familiengeschichte voller Geheimnisse und Musik. Eine bessere Zeit von Jaume Cabr\u00e9 .\" \/>\n<meta name=\"robots\" content=\"index, follow, max-snippet:-1, max-image-preview:large, max-video-preview:-1\" \/>\n<link rel=\"canonical\" href=\"https:\/\/leckerekekse.de\/wordpress\/rezension-eine-bessere-zeit\/\" \/>\n<meta property=\"og:locale\" content=\"de_DE\" \/>\n<meta property=\"og:type\" content=\"article\" \/>\n<meta property=\"og:title\" content=\"Rezension: Eine bessere Zeit | Leckere Kekse &amp; mehr\" \/>\n<meta property=\"og:description\" content=\"Fr\u00fcher war alles besser. Oder doch nicht? Rezension der Familiengeschichte voller Geheimnisse und Musik. Eine bessere Zeit von Jaume Cabr\u00e9 .\" \/>\n<meta property=\"og:url\" content=\"https:\/\/leckerekekse.de\/wordpress\/rezension-eine-bessere-zeit\/\" \/>\n<meta property=\"og:site_name\" content=\"Leckere Kekse &amp; mehr\" \/>\n<meta property=\"article:published_time\" content=\"2019-04-14T05:43:32+00:00\" \/>\n<meta property=\"article:modified_time\" content=\"2022-09-12T09:55:30+00:00\" \/>\n<meta property=\"og:image\" content=\"https:\/\/leckerekekse.de\/wordpress\/wp-content\/uploads\/2018\/07\/jaume-cabre-alban-berg.jpg\" \/>\n\t<meta property=\"og:image:width\" content=\"640\" \/>\n\t<meta property=\"og:image:height\" content=\"428\" \/>\n\t<meta property=\"og:image:type\" content=\"image\/jpeg\" \/>\n<meta name=\"author\" content=\"Buchlieberin\" \/>\n<meta name=\"twitter:label1\" content=\"Verfasst von\" \/>\n\t<meta name=\"twitter:data1\" content=\"Buchlieberin\" \/>\n\t<meta name=\"twitter:label2\" content=\"Gesch\u00e4tzte Lesezeit\" \/>\n\t<meta name=\"twitter:data2\" content=\"3\u00a0Minuten\" \/>\n<script type=\"application\/ld+json\" class=\"yoast-schema-graph\">{\"@context\":\"https:\\\/\\\/schema.org\",\"@graph\":[{\"@type\":\"Article\",\"@id\":\"https:\\\/\\\/leckerekekse.de\\\/wordpress\\\/rezension-eine-bessere-zeit\\\/#article\",\"isPartOf\":{\"@id\":\"https:\\\/\\\/leckerekekse.de\\\/wordpress\\\/rezension-eine-bessere-zeit\\\/\"},\"author\":{\"name\":\"Buchlieberin\",\"@id\":\"https:\\\/\\\/leckerekekse.de\\\/wordpress\\\/#\\\/schema\\\/person\\\/161a8971fdc6b42b40eb2cf476f78939\"},\"headline\":\"Rezension: Eine bessere Zeit\",\"datePublished\":\"2019-04-14T05:43:32+00:00\",\"dateModified\":\"2022-09-12T09:55:30+00:00\",\"mainEntityOfPage\":{\"@id\":\"https:\\\/\\\/leckerekekse.de\\\/wordpress\\\/rezension-eine-bessere-zeit\\\/\"},\"wordCount\":697,\"commentCount\":0,\"publisher\":{\"@id\":\"https:\\\/\\\/leckerekekse.de\\\/wordpress\\\/#\\\/schema\\\/person\\\/8f45748de22f11ca6e316da813f59b85\"},\"image\":{\"@id\":\"https:\\\/\\\/leckerekekse.de\\\/wordpress\\\/rezension-eine-bessere-zeit\\\/#primaryimage\"},\"thumbnailUrl\":\"https:\\\/\\\/leckerekekse.de\\\/wordpress\\\/wp-content\\\/uploads\\\/2018\\\/07\\\/jaume-cabre-alban-berg.jpg\",\"keywords\":[\"Geschichte\",\"Musik\",\"Roman\",\"Spanien\"],\"articleSection\":{\"1\":\"B\u00fccher\",\"2\":\"Rezension\"},\"inLanguage\":\"de\",\"potentialAction\":[{\"@type\":\"CommentAction\",\"name\":\"Comment\",\"target\":[\"https:\\\/\\\/leckerekekse.de\\\/wordpress\\\/rezension-eine-bessere-zeit\\\/#respond\"]}]},{\"@type\":\"WebPage\",\"@id\":\"https:\\\/\\\/leckerekekse.de\\\/wordpress\\\/rezension-eine-bessere-zeit\\\/\",\"url\":\"https:\\\/\\\/leckerekekse.de\\\/wordpress\\\/rezension-eine-bessere-zeit\\\/\",\"name\":\"Rezension: Eine bessere Zeit | Leckere Kekse &amp; mehr\",\"isPartOf\":{\"@id\":\"https:\\\/\\\/leckerekekse.de\\\/wordpress\\\/#website\"},\"primaryImageOfPage\":{\"@id\":\"https:\\\/\\\/leckerekekse.de\\\/wordpress\\\/rezension-eine-bessere-zeit\\\/#primaryimage\"},\"image\":{\"@id\":\"https:\\\/\\\/leckerekekse.de\\\/wordpress\\\/rezension-eine-bessere-zeit\\\/#primaryimage\"},\"thumbnailUrl\":\"https:\\\/\\\/leckerekekse.de\\\/wordpress\\\/wp-content\\\/uploads\\\/2018\\\/07\\\/jaume-cabre-alban-berg.jpg\",\"datePublished\":\"2019-04-14T05:43:32+00:00\",\"dateModified\":\"2022-09-12T09:55:30+00:00\",\"description\":\"Fr\u00fcher war alles besser. Oder doch nicht? Rezension der Familiengeschichte voller Geheimnisse und Musik. Eine bessere Zeit von Jaume Cabr\u00e9 .\",\"breadcrumb\":{\"@id\":\"https:\\\/\\\/leckerekekse.de\\\/wordpress\\\/rezension-eine-bessere-zeit\\\/#breadcrumb\"},\"inLanguage\":\"de\",\"potentialAction\":[{\"@type\":\"ReadAction\",\"target\":[\"https:\\\/\\\/leckerekekse.de\\\/wordpress\\\/rezension-eine-bessere-zeit\\\/\"]}]},{\"@type\":\"ImageObject\",\"inLanguage\":\"de\",\"@id\":\"https:\\\/\\\/leckerekekse.de\\\/wordpress\\\/rezension-eine-bessere-zeit\\\/#primaryimage\",\"url\":\"https:\\\/\\\/leckerekekse.de\\\/wordpress\\\/wp-content\\\/uploads\\\/2018\\\/07\\\/jaume-cabre-alban-berg.jpg\",\"contentUrl\":\"https:\\\/\\\/leckerekekse.de\\\/wordpress\\\/wp-content\\\/uploads\\\/2018\\\/07\\\/jaume-cabre-alban-berg.jpg\",\"width\":640,\"height\":428,\"caption\":\"Jaume Cabr\u00e9: Eine bessere Zeit\"},{\"@type\":\"BreadcrumbList\",\"@id\":\"https:\\\/\\\/leckerekekse.de\\\/wordpress\\\/rezension-eine-bessere-zeit\\\/#breadcrumb\",\"itemListElement\":[{\"@type\":\"ListItem\",\"position\":1,\"name\":\"Home\",\"item\":\"https:\\\/\\\/leckerekekse.de\\\/wordpress\\\/\"},{\"@type\":\"ListItem\",\"position\":2,\"name\":\"Rezension: Eine bessere Zeit\"}]},{\"@type\":\"WebSite\",\"@id\":\"https:\\\/\\\/leckerekekse.de\\\/wordpress\\\/#website\",\"url\":\"https:\\\/\\\/leckerekekse.de\\\/wordpress\\\/\",\"name\":\"Leckere Kekse &amp; mehr\",\"description\":\"Kekse backen, B\u00fccher lesen und mehr\",\"publisher\":{\"@id\":\"https:\\\/\\\/leckerekekse.de\\\/wordpress\\\/#\\\/schema\\\/person\\\/8f45748de22f11ca6e316da813f59b85\"},\"potentialAction\":[{\"@type\":\"SearchAction\",\"target\":{\"@type\":\"EntryPoint\",\"urlTemplate\":\"https:\\\/\\\/leckerekekse.de\\\/wordpress\\\/?s={search_term_string}\"},\"query-input\":{\"@type\":\"PropertyValueSpecification\",\"valueRequired\":true,\"valueName\":\"search_term_string\"}}],\"inLanguage\":\"de\"},{\"@type\":[\"Person\",\"Organization\"],\"@id\":\"https:\\\/\\\/leckerekekse.de\\\/wordpress\\\/#\\\/schema\\\/person\\\/8f45748de22f11ca6e316da813f59b85\",\"name\":\"Astrid\",\"logo\":{\"@id\":\"https:\\\/\\\/leckerekekse.de\\\/wordpress\\\/#\\\/schema\\\/person\\\/image\\\/\"},\"sameAs\":[\"https:\\\/\\\/leckerekekse.de\\\/wordpress\"]},{\"@type\":\"Person\",\"@id\":\"https:\\\/\\\/leckerekekse.de\\\/wordpress\\\/#\\\/schema\\\/person\\\/161a8971fdc6b42b40eb2cf476f78939\",\"name\":\"Buchlieberin\",\"sameAs\":[\"https:\\\/\\\/leckerekekse.de\\\/wordpress\"]}]}<\/script>\n<!-- \/ Yoast SEO plugin. -->","yoast_head_json":{"title":"Rezension: Eine bessere Zeit | Leckere Kekse &amp; mehr","description":"Fr\u00fcher war alles besser. Oder doch nicht? Rezension der Familiengeschichte voller Geheimnisse und Musik. Eine bessere Zeit von Jaume Cabr\u00e9 .","robots":{"index":"index","follow":"follow","max-snippet":"max-snippet:-1","max-image-preview":"max-image-preview:large","max-video-preview":"max-video-preview:-1"},"canonical":"https:\/\/leckerekekse.de\/wordpress\/rezension-eine-bessere-zeit\/","og_locale":"de_DE","og_type":"article","og_title":"Rezension: Eine bessere Zeit | Leckere Kekse &amp; mehr","og_description":"Fr\u00fcher war alles besser. Oder doch nicht? Rezension der Familiengeschichte voller Geheimnisse und Musik. Eine bessere Zeit von Jaume Cabr\u00e9 .","og_url":"https:\/\/leckerekekse.de\/wordpress\/rezension-eine-bessere-zeit\/","og_site_name":"Leckere Kekse &amp; mehr","article_published_time":"2019-04-14T05:43:32+00:00","article_modified_time":"2022-09-12T09:55:30+00:00","og_image":[{"width":640,"height":428,"url":"https:\/\/leckerekekse.de\/wordpress\/wp-content\/uploads\/2018\/07\/jaume-cabre-alban-berg.jpg","type":"image\/jpeg"}],"author":"Buchlieberin","twitter_misc":{"Verfasst von":"Buchlieberin","Gesch\u00e4tzte Lesezeit":"3\u00a0Minuten"},"schema":{"@context":"https:\/\/schema.org","@graph":[{"@type":"Article","@id":"https:\/\/leckerekekse.de\/wordpress\/rezension-eine-bessere-zeit\/#article","isPartOf":{"@id":"https:\/\/leckerekekse.de\/wordpress\/rezension-eine-bessere-zeit\/"},"author":{"name":"Buchlieberin","@id":"https:\/\/leckerekekse.de\/wordpress\/#\/schema\/person\/161a8971fdc6b42b40eb2cf476f78939"},"headline":"Rezension: Eine bessere Zeit","datePublished":"2019-04-14T05:43:32+00:00","dateModified":"2022-09-12T09:55:30+00:00","mainEntityOfPage":{"@id":"https:\/\/leckerekekse.de\/wordpress\/rezension-eine-bessere-zeit\/"},"wordCount":697,"commentCount":0,"publisher":{"@id":"https:\/\/leckerekekse.de\/wordpress\/#\/schema\/person\/8f45748de22f11ca6e316da813f59b85"},"image":{"@id":"https:\/\/leckerekekse.de\/wordpress\/rezension-eine-bessere-zeit\/#primaryimage"},"thumbnailUrl":"https:\/\/leckerekekse.de\/wordpress\/wp-content\/uploads\/2018\/07\/jaume-cabre-alban-berg.jpg","keywords":["Geschichte","Musik","Roman","Spanien"],"articleSection":{"1":"B\u00fccher","2":"Rezension"},"inLanguage":"de","potentialAction":[{"@type":"CommentAction","name":"Comment","target":["https:\/\/leckerekekse.de\/wordpress\/rezension-eine-bessere-zeit\/#respond"]}]},{"@type":"WebPage","@id":"https:\/\/leckerekekse.de\/wordpress\/rezension-eine-bessere-zeit\/","url":"https:\/\/leckerekekse.de\/wordpress\/rezension-eine-bessere-zeit\/","name":"Rezension: Eine bessere Zeit | Leckere Kekse &amp; mehr","isPartOf":{"@id":"https:\/\/leckerekekse.de\/wordpress\/#website"},"primaryImageOfPage":{"@id":"https:\/\/leckerekekse.de\/wordpress\/rezension-eine-bessere-zeit\/#primaryimage"},"image":{"@id":"https:\/\/leckerekekse.de\/wordpress\/rezension-eine-bessere-zeit\/#primaryimage"},"thumbnailUrl":"https:\/\/leckerekekse.de\/wordpress\/wp-content\/uploads\/2018\/07\/jaume-cabre-alban-berg.jpg","datePublished":"2019-04-14T05:43:32+00:00","dateModified":"2022-09-12T09:55:30+00:00","description":"Fr\u00fcher war alles besser. Oder doch nicht? Rezension der Familiengeschichte voller Geheimnisse und Musik. Eine bessere Zeit von Jaume Cabr\u00e9 .","breadcrumb":{"@id":"https:\/\/leckerekekse.de\/wordpress\/rezension-eine-bessere-zeit\/#breadcrumb"},"inLanguage":"de","potentialAction":[{"@type":"ReadAction","target":["https:\/\/leckerekekse.de\/wordpress\/rezension-eine-bessere-zeit\/"]}]},{"@type":"ImageObject","inLanguage":"de","@id":"https:\/\/leckerekekse.de\/wordpress\/rezension-eine-bessere-zeit\/#primaryimage","url":"https:\/\/leckerekekse.de\/wordpress\/wp-content\/uploads\/2018\/07\/jaume-cabre-alban-berg.jpg","contentUrl":"https:\/\/leckerekekse.de\/wordpress\/wp-content\/uploads\/2018\/07\/jaume-cabre-alban-berg.jpg","width":640,"height":428,"caption":"Jaume Cabr\u00e9: Eine bessere Zeit"},{"@type":"BreadcrumbList","@id":"https:\/\/leckerekekse.de\/wordpress\/rezension-eine-bessere-zeit\/#breadcrumb","itemListElement":[{"@type":"ListItem","position":1,"name":"Home","item":"https:\/\/leckerekekse.de\/wordpress\/"},{"@type":"ListItem","position":2,"name":"Rezension: Eine bessere Zeit"}]},{"@type":"WebSite","@id":"https:\/\/leckerekekse.de\/wordpress\/#website","url":"https:\/\/leckerekekse.de\/wordpress\/","name":"Leckere Kekse &amp; mehr","description":"Kekse backen, B\u00fccher lesen und mehr","publisher":{"@id":"https:\/\/leckerekekse.de\/wordpress\/#\/schema\/person\/8f45748de22f11ca6e316da813f59b85"},"potentialAction":[{"@type":"SearchAction","target":{"@type":"EntryPoint","urlTemplate":"https:\/\/leckerekekse.de\/wordpress\/?s={search_term_string}"},"query-input":{"@type":"PropertyValueSpecification","valueRequired":true,"valueName":"search_term_string"}}],"inLanguage":"de"},{"@type":["Person","Organization"],"@id":"https:\/\/leckerekekse.de\/wordpress\/#\/schema\/person\/8f45748de22f11ca6e316da813f59b85","name":"Astrid","logo":{"@id":"https:\/\/leckerekekse.de\/wordpress\/#\/schema\/person\/image\/"},"sameAs":["https:\/\/leckerekekse.de\/wordpress"]},{"@type":"Person","@id":"https:\/\/leckerekekse.de\/wordpress\/#\/schema\/person\/161a8971fdc6b42b40eb2cf476f78939","name":"Buchlieberin","sameAs":["https:\/\/leckerekekse.de\/wordpress"]}]}},"_links":{"self":[{"href":"https:\/\/leckerekekse.de\/wordpress\/wp-json\/wp\/v2\/posts\/11818","targetHints":{"allow":["GET"]}}],"collection":[{"href":"https:\/\/leckerekekse.de\/wordpress\/wp-json\/wp\/v2\/posts"}],"about":[{"href":"https:\/\/leckerekekse.de\/wordpress\/wp-json\/wp\/v2\/types\/post"}],"author":[{"embeddable":true,"href":"https:\/\/leckerekekse.de\/wordpress\/wp-json\/wp\/v2\/users\/2"}],"replies":[{"embeddable":true,"href":"https:\/\/leckerekekse.de\/wordpress\/wp-json\/wp\/v2\/comments?post=11818"}],"version-history":[{"count":3,"href":"https:\/\/leckerekekse.de\/wordpress\/wp-json\/wp\/v2\/posts\/11818\/revisions"}],"predecessor-version":[{"id":17479,"href":"https:\/\/leckerekekse.de\/wordpress\/wp-json\/wp\/v2\/posts\/11818\/revisions\/17479"}],"wp:featuredmedia":[{"embeddable":true,"href":"https:\/\/leckerekekse.de\/wordpress\/wp-json\/wp\/v2\/media\/11821"}],"wp:attachment":[{"href":"https:\/\/leckerekekse.de\/wordpress\/wp-json\/wp\/v2\/media?parent=11818"}],"wp:term":[{"taxonomy":"category","embeddable":true,"href":"https:\/\/leckerekekse.de\/wordpress\/wp-json\/wp\/v2\/categories?post=11818"},{"taxonomy":"post_tag","embeddable":true,"href":"https:\/\/leckerekekse.de\/wordpress\/wp-json\/wp\/v2\/tags?post=11818"}],"curies":[{"name":"wp","href":"https:\/\/api.w.org\/{rel}","templated":true}]}}