{"id":11828,"date":"2018-07-04T14:51:21","date_gmt":"2018-07-04T12:51:21","guid":{"rendered":"https:\/\/leckerekekse.de\/wordpress\/?p=11828"},"modified":"2018-07-03T10:30:21","modified_gmt":"2018-07-03T08:30:21","slug":"rezension-das-feld-seethaler","status":"publish","type":"post","link":"https:\/\/leckerekekse.de\/wordpress\/rezension-das-feld-seethaler\/","title":{"rendered":"Rezension: Das Feld, Seethaler"},"content":{"rendered":"<h2><\/h2>\n<h2><img loading=\"lazy\" decoding=\"async\" class=\"aligncenter size-full wp-image-11834\" src=\"https:\/\/leckerekekse.de\/wordpress\/wp-content\/uploads\/2018\/07\/Suchergebnisse-f\u00fcr-Seethaler.jpg\" alt=\"Robert Seethaler: Das Feld, Rezension\" width=\"640\" height=\"427\" srcset=\"https:\/\/leckerekekse.de\/wordpress\/wp-content\/uploads\/2018\/07\/Suchergebnisse-f\u00fcr-Seethaler.jpg 640w, https:\/\/leckerekekse.de\/wordpress\/wp-content\/uploads\/2018\/07\/Suchergebnisse-f\u00fcr-Seethaler-300x200.jpg 300w\" sizes=\"auto, (max-width: 640px) 100vw, 640px\" \/><\/h2>\n<h2>Die Toten kommen zu Wort<\/h2>\n<p>In der Kleinstadt Paulst\u00e4dt wird der Friedhof nur \u201eDas Feld\u201c genannt. Ein \u00e4lterer Mann setzt sich dort gerne auf \u201eseine\u201c Bank.<\/p>\n<blockquote><p>Er war \u00fcberzeugt davon die Toten reden zu h\u00f6ren.<\/p><\/blockquote>\n<p>Was w\u00fcrden sie wohl erz\u00e4hlen, wenn sie die Gelegenheit bek\u00e4men? W\u00fcrden sie \u00fcber ihr Leben oder den Tod reden? H\u00f6ren sie, was die Friedhofsbesucher sagen?<br \/>\nIn diesem Buch wird ein ganzer Chor verschiedener Stimmen notiert. Viele sprechen \u00fcber die Zeit kurz vor ihrem Tod, andere schwingen Reden oder denken an ihre gro\u00dfe Liebe. Manche sprechen \u00fcber gute Dinge, andere \u00fcber die schlimmen Zeiten. Diese hier haben alle gemeinsam, dass sie in derselben kleinen Stadt leben und ihre Wege sich ab und zu gekreuzt haben.<br \/>\n<!--more--><br \/>\nEin paar der Stimmen m\u00f6chte ich n\u00e4her betrachten. Seethaler widmet jeder Stimme aus dem Jenseits ein Kapitel, jeweils mit dem Namen als \u00dcberschrift. Ein paar dieser Figuren stelle ich nur durch Zitate vor.<\/p>\n<h3>Pfarrer Hoberg<\/h3>\n<p>Eine zentrale Figur im Roman und im St\u00e4dtchen. Er erz\u00e4hlt, wie er zu Gott fand und vom Priesterseminar. Er versucht auch andere zu Gott zu f\u00fchren und vollf\u00fchrt eine spektakul\u00e4re Himmelfahrt. Hoberg wird auch in weiteren Kapiteln immer wieder erw\u00e4hnt. Mal positiv, mal negativ. Oft wird sein Tod angesprochen.<\/p>\n<h3>Sophie Breyer<\/h3>\n<p>Mein Lieblingskapitel.<br \/>\nEs besteht nur aus ihrem Namen als \u00dcberschrift und einem einzigen Wort:<\/p>\n<blockquote>\n<p style=\"text-align: center;\"><strong>Idioten<\/strong><\/p>\n<\/blockquote>\n<p>Auch sie findet in anderen Abschnitten Erw\u00e4hnung, so bekam ich doch ein paar Infos \u00fcber sie, zum Beispiel, dass sie einen Tabakladen f\u00fchrt, also gewisserma\u00dfen <a href=\"https:\/\/leckerekekse.de\/wordpress\/robert-seethaler-der-trafikant\/\" target=\"_blank\" rel=\"noopener\">die Trafikantin<\/a> von Paulst\u00e4dt war.<\/p>\n<p><img loading=\"lazy\" decoding=\"async\" class=\"aligncenter size-full wp-image-11835\" src=\"https:\/\/leckerekekse.de\/wordpress\/wp-content\/uploads\/2018\/07\/venedig-friedhof-seethaler.jpg\" alt=\"Robert Seethaler: Das Feld, Rezension\" width=\"480\" height=\"640\" srcset=\"https:\/\/leckerekekse.de\/wordpress\/wp-content\/uploads\/2018\/07\/venedig-friedhof-seethaler.jpg 480w, https:\/\/leckerekekse.de\/wordpress\/wp-content\/uploads\/2018\/07\/venedig-friedhof-seethaler-225x300.jpg 225w\" sizes=\"auto, (max-width: 480px) 100vw, 480px\" \/><\/p>\n<h3>Martha und Robert Avenieu<\/h3>\n<p>Jeder der beiden Ehepartner schildert seine eigene Sicht auf die Beziehung. Und diese f\u00e4llt sehr unterschiedlich aus. Hier wird deutlich, wie man sich doch oft selbst bel\u00fcgt. Auch Marthas Tod ist sehr spektakul\u00e4r und geh\u00f6rt zu den gro\u00dfen Ereignissen im St\u00e4dtchen, \u00fcber die auch noch viele Jahre sp\u00e4ter gesprochen werden wird. Die beiden f\u00fchrten ein Schuhgesch\u00e4ft. Durch dessen Geschichte wird auch der Strukturwandel im Ort verdeutlicht.<\/p>\n<h3>B\u00fcrgermeister<\/h3>\n<p>Gewohnheitsm\u00e4\u00dfig h\u00e4lt Heiner Joseph Landmann eine Rede. Er kann wohl nicht anders. Und Landmann rechnet ab. Mit der Stadt, ihren B\u00fcrgern und auch mit sich selbst. Von Bestechung ist die Rede, gibt er sogar er zu. Trotzdem ist da keinerlei Unrechtsbewusstsein. Doch erweckt auch er Mitleid, als er zum Beispiel von seinem eigenen Vater erz\u00e4hlt. Und der letzte Absatz seines Kapitels vers\u00f6hnt mich wieder mit diesem sehr machthungrigen Mann.<\/p>\n<h3>Heide Friedland<\/h3>\n<p>Diese Frau erz\u00e4hlt von allen M\u00e4nnern, mit denen sie im Laufe ihres Lebens zusammen war. 67, wenn sie sich nicht verz\u00e4hlt hat. Einige sind nur eine kurze Erw\u00e4hnung wert, andere einen ganzen Absatz. Und dann kam da doch noch der Eine. Die wahre Liebe. Auch andere Stimmen sprechen davon von der echten Liebe. Andere haben sie nie gefunden. Aber als so melancholisch wie sich das jetzt hier gerade anh\u00f6rt empfand ich das Buch gar nicht.<\/p>\n<h3>Heribert Kraus<\/h3>\n<p>Ein Brieftr\u00e4ger Paulst\u00e4dts. Er spricht von seiner Arbeit seinem Alltag und auch ein wenig von seinem Kind. Bei seiner Stimme dachte ich mir direkt: das w\u00e4re doch auch ein eigenes Buch wert! Er wei\u00df so viel \u00fcber die Menschen, denen er die Post bringt. Und sein eigenes Schicksal ist erz\u00e4hlenswert.<\/p>\n<h3>Stumme Stimmen<\/h3>\n<p>Wenn ich jetzt nochmal durch das Buch bl\u00e4ttere und mich einigen Stellen festlese, fallen mir immer mehr Querverweise auf. Ein Buch, dass ich mehrmals lesen k\u00f6nnte und immer noch etwas Neues entdecken w\u00fcrde, obwohl es ja eher d\u00fcnn ist.<br \/>\nEs gibt auch B\u00fcrger von Paulst\u00e4dt, die immer wieder erw\u00e4hnt werden, aber kein eigenes Kapitel bekommen haben. Zum Beispiel die Blumenh\u00e4ndlerin. Doch durch die vielen Erw\u00e4hnungen und Einzelheiten, die ich dadurch zusammentragen kann, kann ich mir ihre Geschichte zum Teil selbst zusammenreimen. Mit ein wenig Phantasie auch die von Metzger Buxter.<\/p>\n<p>Es gibt auch offene Schicksale. So zum Beispiel von Regnier, der pl\u00f6tzlich nicht mehr da war.<br \/>\nWenn ich hier einige der Personen nicht erw\u00e4hne, habe ich ihnen gegen\u00fcber ein schlechtes Gewissen. Als ob ich ihnen damit nicht gerecht werden w\u00fcrde. Doch ich mag ja nicht das ganze Buch nacherz\u00e4hlen\u2026<\/p>\n<p><img loading=\"lazy\" decoding=\"async\" class=\"aligncenter size-full wp-image-11837\" src=\"https:\/\/leckerekekse.de\/wordpress\/wp-content\/uploads\/2018\/07\/das-feld-robert-seethaler.jpg\" alt=\"Robert Seethaler: Das Feld, Rezension\" width=\"480\" height=\"640\" srcset=\"https:\/\/leckerekekse.de\/wordpress\/wp-content\/uploads\/2018\/07\/das-feld-robert-seethaler.jpg 480w, https:\/\/leckerekekse.de\/wordpress\/wp-content\/uploads\/2018\/07\/das-feld-robert-seethaler-225x300.jpg 225w\" sizes=\"auto, (max-width: 480px) 100vw, 480px\" \/><\/p>\n<h3>K.P. Lindow<\/h3>\n<p>Er erz\u00e4hlt vom Alter:<\/p>\n<blockquote><p>Ganz unmerklich verwandelt sich die Sehnsucht nach den ersten Malen in die Hoffnung auf die letzten Male.<\/p><\/blockquote>\n<h3>Karlo Jonas<\/h3>\n<p>Er war Landwirt, wie auch sein Vater und dessen Vater. Auf seinem ehemaligem Land entstand \u00fcbrigens der Friedhof. Deshalb der Name &#8222;Das Feld&#8220;.<\/p>\n<blockquote><p>Ich sa\u00df vor meiner Haust\u00fcr und sah dem Wind zu und hatte das Gef\u00fchl, dass sich alles in mir vereinte. Ich war mein Vater, ich war mein Gro\u00dfvater, ich war dessen Vater und dessen Vater und dessen Vater. Ich war der Letzte und der Erste in dieser langen Reihe, und in der Erde unter meinen F\u00fc\u00dfen l\u00f6sten sich die Wurzeln und es war mir recht.<\/p><\/blockquote>\n<h3>Susann Tessler<\/h3>\n<blockquote><p>Sie lebt in einem Hospiz.<br \/>\nGegenst\u00e4nde haben ihre Bedeutung verloren. Henriette nannte sie \u201edas Ger\u00fcmpel unseres Lebens\u201c.<\/p>\n<p>&#8230;<\/p>\n<p>Die Zeit schien belanglos geworden zu sein \u2013 und andererseits zu kostbar um sie in blo\u00dfe Minuten, Stunden, Tage zu fassen.<\/p><\/blockquote>\n<h3>Annelie Lorbeer<\/h3>\n<blockquote><p>Eine meiner Lieblingsfiguren. Annelie erreicht das h\u00f6chste Alter. Wie mir scheint, geht Weisheit damit einher.<br \/>\nEs ist merkw\u00fcrdig: Alle, die ich gekannt habe, habe ich \u00fcberlebt. Und die, die ich nicht \u00fcberlebt habe, habe ich nicht gekannt. Jetzt wei\u00df ich nicht einmal mehr, ob das traurig ist. Ich glaube, mein Humor ist hin. Ohne W\u00fcrde ist der Mensch ein Nichts. Solange es geht, sollte man sich selbst darum bem\u00fchen. Sobald es jedoch aufs Ende hin geht, kann einem die W\u00fcrde nur mehr geschenkt werden. Sie liegt im Blick der anderen.<\/p>\n<p>&#8230;<br \/>\nJetzt wei\u00df ich wie es ist. Aber ich erz\u00e4hle nichts. Es ist verboten, vom Tod zu erz\u00e4hlen. Im Tod liegt die Wahrheit, doch man darf sie nicht sagen. \u2026 Ich bin einfach aus dem Leben gefallen. Genauso wie man ins Leben hineinf\u00e4llt, so f\u00e4llt man auch wieder heraus. \u2026 So oder so, es klappt immer.<\/p><\/blockquote>\n<p><img loading=\"lazy\" decoding=\"async\" class=\"aligncenter size-full wp-image-11836\" src=\"https:\/\/leckerekekse.de\/wordpress\/wp-content\/uploads\/2018\/07\/seethaler-das-feld-1.jpg\" alt=\"Robert Seethaler: Das Feld, Rezension\" width=\"428\" height=\"640\" srcset=\"https:\/\/leckerekekse.de\/wordpress\/wp-content\/uploads\/2018\/07\/seethaler-das-feld-1.jpg 428w, https:\/\/leckerekekse.de\/wordpress\/wp-content\/uploads\/2018\/07\/seethaler-das-feld-1-201x300.jpg 201w\" sizes=\"auto, (max-width: 428px) 100vw, 428px\" \/><\/p>\n<h3>Friedh\u00f6fe<\/h3>\n<p>Ich gehe sehr gerne \u00fcber Friedh\u00f6fe. Schon als Kind war das so. Ich empfinde das nicht als unheimlich und bedr\u00fcckend. Nur wenn ich die Menschen in den Gr\u00e4bern dort kannte. Doch auf fremden Friedh\u00f6fen passiert dies nat\u00fcrlich nicht. Dort ist es ruhig und meist sch\u00f6n. Ich lasse meinen Blick \u00fcber die Namen auf den Grabsteinen wandern, rechne aus, wie alt sie wurden. Was sie wohl alles erlebt haben?<\/p>\n<p>Manche Gr\u00e4ber sind sehr gepflegt, auf manchen liegen frische Blumen. An anderer Stelle sind noch frische H\u00fcgel mit Kr\u00e4nzen zu sehen. Auch der Besuch von Friedh\u00f6fen in anderen L\u00e4ndern lohnt sich immer wieder f\u00fcr mich. Die Friedhofsinsel in Venedig zum Beispiel. In manchen L\u00e4ndern sind Fotos der Toten zu sehen, manche bestehen nur aus Urnenschubladen, in Lissabon konnte man in halb verfallenen Mausoleen auf die S\u00e4rge schauen. Meist bilden die Friedh\u00f6fe gr\u00fcne Oasen in den St\u00e4dten.<\/p>\n<p>Welche Zahl wird wohl mal auf meinem Grabstein stehen? Gut, dass ich das nicht voraussehen kann.<\/p>\n<h3>Fazit<\/h3>\n<p>Das Feld w\u00fcrde ich mit \u201emelancholisches Unterleuten\u201c beschreiben. Seethaler gelingt es eine kleine Stadt durch die Stimmen ihrer Toten sehr lebendig erscheinen zu lassen. Das Leben aller ist irgendwie miteinander verbunden. Manche Einzelschicksale ber\u00fchrten mich sehr, \u00fcber manche h\u00e4tte ich gerne viel mehr erfahren. Ihr Leben w\u00e4re ein eigenes Buch wert gewesen. Eine Fortsetzung w\u00fcrde ich mir w\u00fcnschen!<\/p>\n<p><img loading=\"lazy\" decoding=\"async\" class=\"aligncenter size-medium wp-image-5977\" src=\"https:\/\/leckerekekse.de\/wordpress\/wp-content\/uploads\/2016\/04\/Signatur-002-300x219.jpg\" alt=\"\" width=\"300\" height=\"219\" srcset=\"https:\/\/leckerekekse.de\/wordpress\/wp-content\/uploads\/2016\/04\/Signatur-002-300x219.jpg 300w, https:\/\/leckerekekse.de\/wordpress\/wp-content\/uploads\/2016\/04\/Signatur-002.jpg 640w\" sizes=\"auto, (max-width: 300px) 100vw, 300px\" \/><\/p>\n<h3>Infos zum Buch<\/h3>\n<table width=\"640\">\n<tbody>\n<tr>\n<td width=\"320\"><img loading=\"lazy\" decoding=\"async\" class=\"aligncenter size-medium wp-image-11599\" src=\"https:\/\/leckerekekse.de\/wordpress\/wp-content\/uploads\/2018\/05\/seethaler-das-feld-184x300.jpg\" alt=\"Robert Seethaler: Das Feld\" width=\"184\" height=\"300\" srcset=\"https:\/\/leckerekekse.de\/wordpress\/wp-content\/uploads\/2018\/05\/seethaler-das-feld-184x300.jpg 184w, https:\/\/leckerekekse.de\/wordpress\/wp-content\/uploads\/2018\/05\/seethaler-das-feld.jpg 392w\" sizes=\"auto, (max-width: 184px) 100vw, 184px\" \/><\/td>\n<td width=\"320\"><a href=\"http:\/\/www.hoffmann-und-campe.de\/buch-info\/so-traeumen-die-frauen-buch-8043\/\" target=\"_blank\" rel=\"noopener\">Das Feld<\/a><br \/>\nRobert Seethaler<br \/>\nHanser Verlag<a href=\"https:\/\/www.hanser-literaturverlage.de\/buch\/das-feld\/978-3-446-26038-2\/\" target=\"_blank\" rel=\"noopener\">Verlagsseite<\/a><\/td>\n<\/tr>\n<\/tbody>\n<\/table>\n","protected":false},"excerpt":{"rendered":"<p>Die Toten kommen zu Wort In der Kleinstadt Paulst\u00e4dt wird der Friedhof nur \u201eDas Feld\u201c genannt. Ein \u00e4lterer Mann setzt sich dort gerne auf \u201eseine\u201c Bank. Er war \u00fcberzeugt davon die Toten reden zu h\u00f6ren. Was w\u00fcrden sie wohl erz\u00e4hlen, wenn sie die Gelegenheit bek\u00e4men? W\u00fcrden sie \u00fcber ihr Leben oder den Tod reden? H\u00f6ren [&hellip;]<\/p>\n","protected":false},"author":2,"featured_media":11834,"comment_status":"open","ping_status":"open","sticky":false,"template":"","format":"standard","meta":{"footnotes":""},"categories":[1,3,788],"tags":[1113,1114,244,459,508],"class_list":["post-11828","post","type-post","status-publish","format-standard","has-post-thumbnail","hentry","category-allgemein","category-buecher","category-rezension","tag-friedhof","tag-kleinstadt","tag-leben","tag-roman","tag-tod"],"yoast_head":"<!-- This site is optimized with the Yoast SEO plugin v27.4 - https:\/\/yoast.com\/product\/yoast-seo-wordpress\/ -->\n<title>Rezension: Das Feld, Seethaler | Leckere Kekse &amp; mehr<\/title>\n<meta name=\"description\" content=\"Dieses Buch geht mit dem Leser \u00fcber einen Friedhof und erz\u00e4hlt Geschichten \u00fcber die Toten. Rezension des Romans Das Feld von Robert Seethaler.\" \/>\n<meta name=\"robots\" content=\"index, follow, max-snippet:-1, max-image-preview:large, max-video-preview:-1\" \/>\n<link rel=\"canonical\" href=\"https:\/\/leckerekekse.de\/wordpress\/rezension-das-feld-seethaler\/\" \/>\n<meta property=\"og:locale\" content=\"de_DE\" \/>\n<meta property=\"og:type\" content=\"article\" \/>\n<meta property=\"og:title\" content=\"Rezension: Das Feld, Seethaler | Leckere Kekse &amp; mehr\" \/>\n<meta property=\"og:description\" content=\"Dieses Buch geht mit dem Leser \u00fcber einen Friedhof und erz\u00e4hlt Geschichten \u00fcber die Toten. Rezension des Romans Das Feld von Robert Seethaler.\" \/>\n<meta property=\"og:url\" content=\"https:\/\/leckerekekse.de\/wordpress\/rezension-das-feld-seethaler\/\" \/>\n<meta property=\"og:site_name\" content=\"Leckere Kekse &amp; mehr\" \/>\n<meta property=\"article:published_time\" content=\"2018-07-04T12:51:21+00:00\" \/>\n<meta property=\"og:image\" content=\"https:\/\/leckerekekse.de\/wordpress\/wp-content\/uploads\/2018\/07\/Suchergebnisse-f\u00fcr-Seethaler.jpg\" \/>\n\t<meta property=\"og:image:width\" content=\"640\" \/>\n\t<meta property=\"og:image:height\" content=\"427\" \/>\n\t<meta property=\"og:image:type\" content=\"image\/jpeg\" \/>\n<meta name=\"author\" content=\"Buchlieberin\" \/>\n<meta name=\"twitter:label1\" content=\"Verfasst von\" \/>\n\t<meta name=\"twitter:data1\" content=\"Buchlieberin\" \/>\n\t<meta name=\"twitter:label2\" content=\"Gesch\u00e4tzte Lesezeit\" \/>\n\t<meta name=\"twitter:data2\" content=\"6\u00a0Minuten\" \/>\n<script type=\"application\/ld+json\" class=\"yoast-schema-graph\">{\"@context\":\"https:\\\/\\\/schema.org\",\"@graph\":[{\"@type\":\"Article\",\"@id\":\"https:\\\/\\\/leckerekekse.de\\\/wordpress\\\/rezension-das-feld-seethaler\\\/#article\",\"isPartOf\":{\"@id\":\"https:\\\/\\\/leckerekekse.de\\\/wordpress\\\/rezension-das-feld-seethaler\\\/\"},\"author\":{\"name\":\"Buchlieberin\",\"@id\":\"https:\\\/\\\/leckerekekse.de\\\/wordpress\\\/#\\\/schema\\\/person\\\/aeca9a159c2be36b9bce9092b38c13c8\"},\"headline\":\"Rezension: Das Feld, Seethaler\",\"datePublished\":\"2018-07-04T12:51:21+00:00\",\"mainEntityOfPage\":{\"@id\":\"https:\\\/\\\/leckerekekse.de\\\/wordpress\\\/rezension-das-feld-seethaler\\\/\"},\"wordCount\":1290,\"commentCount\":8,\"publisher\":{\"@id\":\"https:\\\/\\\/leckerekekse.de\\\/wordpress\\\/#\\\/schema\\\/person\\\/6e4b2658514a3b7423a1f323400bdc1b\"},\"image\":{\"@id\":\"https:\\\/\\\/leckerekekse.de\\\/wordpress\\\/rezension-das-feld-seethaler\\\/#primaryimage\"},\"thumbnailUrl\":\"https:\\\/\\\/leckerekekse.de\\\/wordpress\\\/wp-content\\\/uploads\\\/2018\\\/07\\\/Suchergebnisse-f\u00fcr-Seethaler.jpg\",\"keywords\":[\"Friedhof\",\"Kleinstadt\",\"Leben\",\"Roman\",\"Tod\"],\"articleSection\":{\"1\":\"B\u00fccher\",\"2\":\"Rezension\"},\"inLanguage\":\"de\",\"potentialAction\":[{\"@type\":\"CommentAction\",\"name\":\"Comment\",\"target\":[\"https:\\\/\\\/leckerekekse.de\\\/wordpress\\\/rezension-das-feld-seethaler\\\/#respond\"]}]},{\"@type\":\"WebPage\",\"@id\":\"https:\\\/\\\/leckerekekse.de\\\/wordpress\\\/rezension-das-feld-seethaler\\\/\",\"url\":\"https:\\\/\\\/leckerekekse.de\\\/wordpress\\\/rezension-das-feld-seethaler\\\/\",\"name\":\"Rezension: Das Feld, Seethaler | Leckere Kekse &amp; mehr\",\"isPartOf\":{\"@id\":\"https:\\\/\\\/leckerekekse.de\\\/wordpress\\\/#website\"},\"primaryImageOfPage\":{\"@id\":\"https:\\\/\\\/leckerekekse.de\\\/wordpress\\\/rezension-das-feld-seethaler\\\/#primaryimage\"},\"image\":{\"@id\":\"https:\\\/\\\/leckerekekse.de\\\/wordpress\\\/rezension-das-feld-seethaler\\\/#primaryimage\"},\"thumbnailUrl\":\"https:\\\/\\\/leckerekekse.de\\\/wordpress\\\/wp-content\\\/uploads\\\/2018\\\/07\\\/Suchergebnisse-f\u00fcr-Seethaler.jpg\",\"datePublished\":\"2018-07-04T12:51:21+00:00\",\"description\":\"Dieses Buch geht mit dem Leser \u00fcber einen Friedhof und erz\u00e4hlt Geschichten \u00fcber die Toten. Rezension des Romans Das Feld von Robert Seethaler.\",\"breadcrumb\":{\"@id\":\"https:\\\/\\\/leckerekekse.de\\\/wordpress\\\/rezension-das-feld-seethaler\\\/#breadcrumb\"},\"inLanguage\":\"de\",\"potentialAction\":[{\"@type\":\"ReadAction\",\"target\":[\"https:\\\/\\\/leckerekekse.de\\\/wordpress\\\/rezension-das-feld-seethaler\\\/\"]}]},{\"@type\":\"ImageObject\",\"inLanguage\":\"de\",\"@id\":\"https:\\\/\\\/leckerekekse.de\\\/wordpress\\\/rezension-das-feld-seethaler\\\/#primaryimage\",\"url\":\"https:\\\/\\\/leckerekekse.de\\\/wordpress\\\/wp-content\\\/uploads\\\/2018\\\/07\\\/Suchergebnisse-f\u00fcr-Seethaler.jpg\",\"contentUrl\":\"https:\\\/\\\/leckerekekse.de\\\/wordpress\\\/wp-content\\\/uploads\\\/2018\\\/07\\\/Suchergebnisse-f\u00fcr-Seethaler.jpg\",\"width\":640,\"height\":427,\"caption\":\"Robert Seethaler: Das Feld, Rezension\"},{\"@type\":\"BreadcrumbList\",\"@id\":\"https:\\\/\\\/leckerekekse.de\\\/wordpress\\\/rezension-das-feld-seethaler\\\/#breadcrumb\",\"itemListElement\":[{\"@type\":\"ListItem\",\"position\":1,\"name\":\"Home\",\"item\":\"https:\\\/\\\/leckerekekse.de\\\/wordpress\\\/\"},{\"@type\":\"ListItem\",\"position\":2,\"name\":\"Rezension: Das Feld, Seethaler\"}]},{\"@type\":\"WebSite\",\"@id\":\"https:\\\/\\\/leckerekekse.de\\\/wordpress\\\/#website\",\"url\":\"https:\\\/\\\/leckerekekse.de\\\/wordpress\\\/\",\"name\":\"Leckere Kekse &amp; mehr\",\"description\":\"Kekse backen, B\u00fccher lesen und mehr\",\"publisher\":{\"@id\":\"https:\\\/\\\/leckerekekse.de\\\/wordpress\\\/#\\\/schema\\\/person\\\/6e4b2658514a3b7423a1f323400bdc1b\"},\"potentialAction\":[{\"@type\":\"SearchAction\",\"target\":{\"@type\":\"EntryPoint\",\"urlTemplate\":\"https:\\\/\\\/leckerekekse.de\\\/wordpress\\\/?s={search_term_string}\"},\"query-input\":{\"@type\":\"PropertyValueSpecification\",\"valueRequired\":true,\"valueName\":\"search_term_string\"}}],\"inLanguage\":\"de\"},{\"@type\":[\"Person\",\"Organization\"],\"@id\":\"https:\\\/\\\/leckerekekse.de\\\/wordpress\\\/#\\\/schema\\\/person\\\/6e4b2658514a3b7423a1f323400bdc1b\",\"name\":\"Astrid\",\"logo\":{\"@id\":\"https:\\\/\\\/leckerekekse.de\\\/wordpress\\\/#\\\/schema\\\/person\\\/image\\\/\"},\"sameAs\":[\"https:\\\/\\\/leckerekekse.de\\\/wordpress\"]},{\"@type\":\"Person\",\"@id\":\"https:\\\/\\\/leckerekekse.de\\\/wordpress\\\/#\\\/schema\\\/person\\\/aeca9a159c2be36b9bce9092b38c13c8\",\"name\":\"Buchlieberin\",\"sameAs\":[\"https:\\\/\\\/leckerekekse.de\\\/wordpress\"]}]}<\/script>\n<!-- \/ Yoast SEO plugin. -->","yoast_head_json":{"title":"Rezension: Das Feld, Seethaler | Leckere Kekse &amp; mehr","description":"Dieses Buch geht mit dem Leser \u00fcber einen Friedhof und erz\u00e4hlt Geschichten \u00fcber die Toten. Rezension des Romans Das Feld von Robert Seethaler.","robots":{"index":"index","follow":"follow","max-snippet":"max-snippet:-1","max-image-preview":"max-image-preview:large","max-video-preview":"max-video-preview:-1"},"canonical":"https:\/\/leckerekekse.de\/wordpress\/rezension-das-feld-seethaler\/","og_locale":"de_DE","og_type":"article","og_title":"Rezension: Das Feld, Seethaler | Leckere Kekse &amp; mehr","og_description":"Dieses Buch geht mit dem Leser \u00fcber einen Friedhof und erz\u00e4hlt Geschichten \u00fcber die Toten. Rezension des Romans Das Feld von Robert Seethaler.","og_url":"https:\/\/leckerekekse.de\/wordpress\/rezension-das-feld-seethaler\/","og_site_name":"Leckere Kekse &amp; mehr","article_published_time":"2018-07-04T12:51:21+00:00","og_image":[{"width":640,"height":427,"url":"https:\/\/leckerekekse.de\/wordpress\/wp-content\/uploads\/2018\/07\/Suchergebnisse-f\u00fcr-Seethaler.jpg","type":"image\/jpeg"}],"author":"Buchlieberin","twitter_misc":{"Verfasst von":"Buchlieberin","Gesch\u00e4tzte Lesezeit":"6\u00a0Minuten"},"schema":{"@context":"https:\/\/schema.org","@graph":[{"@type":"Article","@id":"https:\/\/leckerekekse.de\/wordpress\/rezension-das-feld-seethaler\/#article","isPartOf":{"@id":"https:\/\/leckerekekse.de\/wordpress\/rezension-das-feld-seethaler\/"},"author":{"name":"Buchlieberin","@id":"https:\/\/leckerekekse.de\/wordpress\/#\/schema\/person\/aeca9a159c2be36b9bce9092b38c13c8"},"headline":"Rezension: Das Feld, Seethaler","datePublished":"2018-07-04T12:51:21+00:00","mainEntityOfPage":{"@id":"https:\/\/leckerekekse.de\/wordpress\/rezension-das-feld-seethaler\/"},"wordCount":1290,"commentCount":8,"publisher":{"@id":"https:\/\/leckerekekse.de\/wordpress\/#\/schema\/person\/6e4b2658514a3b7423a1f323400bdc1b"},"image":{"@id":"https:\/\/leckerekekse.de\/wordpress\/rezension-das-feld-seethaler\/#primaryimage"},"thumbnailUrl":"https:\/\/leckerekekse.de\/wordpress\/wp-content\/uploads\/2018\/07\/Suchergebnisse-f\u00fcr-Seethaler.jpg","keywords":["Friedhof","Kleinstadt","Leben","Roman","Tod"],"articleSection":{"1":"B\u00fccher","2":"Rezension"},"inLanguage":"de","potentialAction":[{"@type":"CommentAction","name":"Comment","target":["https:\/\/leckerekekse.de\/wordpress\/rezension-das-feld-seethaler\/#respond"]}]},{"@type":"WebPage","@id":"https:\/\/leckerekekse.de\/wordpress\/rezension-das-feld-seethaler\/","url":"https:\/\/leckerekekse.de\/wordpress\/rezension-das-feld-seethaler\/","name":"Rezension: Das Feld, Seethaler | Leckere Kekse &amp; mehr","isPartOf":{"@id":"https:\/\/leckerekekse.de\/wordpress\/#website"},"primaryImageOfPage":{"@id":"https:\/\/leckerekekse.de\/wordpress\/rezension-das-feld-seethaler\/#primaryimage"},"image":{"@id":"https:\/\/leckerekekse.de\/wordpress\/rezension-das-feld-seethaler\/#primaryimage"},"thumbnailUrl":"https:\/\/leckerekekse.de\/wordpress\/wp-content\/uploads\/2018\/07\/Suchergebnisse-f\u00fcr-Seethaler.jpg","datePublished":"2018-07-04T12:51:21+00:00","description":"Dieses Buch geht mit dem Leser \u00fcber einen Friedhof und erz\u00e4hlt Geschichten \u00fcber die Toten. Rezension des Romans Das Feld von Robert Seethaler.","breadcrumb":{"@id":"https:\/\/leckerekekse.de\/wordpress\/rezension-das-feld-seethaler\/#breadcrumb"},"inLanguage":"de","potentialAction":[{"@type":"ReadAction","target":["https:\/\/leckerekekse.de\/wordpress\/rezension-das-feld-seethaler\/"]}]},{"@type":"ImageObject","inLanguage":"de","@id":"https:\/\/leckerekekse.de\/wordpress\/rezension-das-feld-seethaler\/#primaryimage","url":"https:\/\/leckerekekse.de\/wordpress\/wp-content\/uploads\/2018\/07\/Suchergebnisse-f\u00fcr-Seethaler.jpg","contentUrl":"https:\/\/leckerekekse.de\/wordpress\/wp-content\/uploads\/2018\/07\/Suchergebnisse-f\u00fcr-Seethaler.jpg","width":640,"height":427,"caption":"Robert Seethaler: Das Feld, Rezension"},{"@type":"BreadcrumbList","@id":"https:\/\/leckerekekse.de\/wordpress\/rezension-das-feld-seethaler\/#breadcrumb","itemListElement":[{"@type":"ListItem","position":1,"name":"Home","item":"https:\/\/leckerekekse.de\/wordpress\/"},{"@type":"ListItem","position":2,"name":"Rezension: Das Feld, Seethaler"}]},{"@type":"WebSite","@id":"https:\/\/leckerekekse.de\/wordpress\/#website","url":"https:\/\/leckerekekse.de\/wordpress\/","name":"Leckere Kekse &amp; mehr","description":"Kekse backen, B\u00fccher lesen und mehr","publisher":{"@id":"https:\/\/leckerekekse.de\/wordpress\/#\/schema\/person\/6e4b2658514a3b7423a1f323400bdc1b"},"potentialAction":[{"@type":"SearchAction","target":{"@type":"EntryPoint","urlTemplate":"https:\/\/leckerekekse.de\/wordpress\/?s={search_term_string}"},"query-input":{"@type":"PropertyValueSpecification","valueRequired":true,"valueName":"search_term_string"}}],"inLanguage":"de"},{"@type":["Person","Organization"],"@id":"https:\/\/leckerekekse.de\/wordpress\/#\/schema\/person\/6e4b2658514a3b7423a1f323400bdc1b","name":"Astrid","logo":{"@id":"https:\/\/leckerekekse.de\/wordpress\/#\/schema\/person\/image\/"},"sameAs":["https:\/\/leckerekekse.de\/wordpress"]},{"@type":"Person","@id":"https:\/\/leckerekekse.de\/wordpress\/#\/schema\/person\/aeca9a159c2be36b9bce9092b38c13c8","name":"Buchlieberin","sameAs":["https:\/\/leckerekekse.de\/wordpress"]}]}},"_links":{"self":[{"href":"https:\/\/leckerekekse.de\/wordpress\/wp-json\/wp\/v2\/posts\/11828","targetHints":{"allow":["GET"]}}],"collection":[{"href":"https:\/\/leckerekekse.de\/wordpress\/wp-json\/wp\/v2\/posts"}],"about":[{"href":"https:\/\/leckerekekse.de\/wordpress\/wp-json\/wp\/v2\/types\/post"}],"author":[{"embeddable":true,"href":"https:\/\/leckerekekse.de\/wordpress\/wp-json\/wp\/v2\/users\/2"}],"replies":[{"embeddable":true,"href":"https:\/\/leckerekekse.de\/wordpress\/wp-json\/wp\/v2\/comments?post=11828"}],"version-history":[{"count":4,"href":"https:\/\/leckerekekse.de\/wordpress\/wp-json\/wp\/v2\/posts\/11828\/revisions"}],"predecessor-version":[{"id":11846,"href":"https:\/\/leckerekekse.de\/wordpress\/wp-json\/wp\/v2\/posts\/11828\/revisions\/11846"}],"wp:featuredmedia":[{"embeddable":true,"href":"https:\/\/leckerekekse.de\/wordpress\/wp-json\/wp\/v2\/media\/11834"}],"wp:attachment":[{"href":"https:\/\/leckerekekse.de\/wordpress\/wp-json\/wp\/v2\/media?parent=11828"}],"wp:term":[{"taxonomy":"category","embeddable":true,"href":"https:\/\/leckerekekse.de\/wordpress\/wp-json\/wp\/v2\/categories?post=11828"},{"taxonomy":"post_tag","embeddable":true,"href":"https:\/\/leckerekekse.de\/wordpress\/wp-json\/wp\/v2\/tags?post=11828"}],"curies":[{"name":"wp","href":"https:\/\/api.w.org\/{rel}","templated":true}]}}