{"id":13578,"date":"2019-05-22T08:00:29","date_gmt":"2019-05-22T06:00:29","guid":{"rendered":"https:\/\/leckerekekse.de\/wordpress\/?p=13578"},"modified":"2022-09-12T11:55:30","modified_gmt":"2022-09-12T09:55:30","slug":"litblogconvention-2019","status":"publish","type":"post","link":"https:\/\/leckerekekse.de\/wordpress\/litblogconvention-2019\/","title":{"rendered":"Litblogconvention 2019"},"content":{"rendered":"\n<figure class=\"wp-block-image\"><img loading=\"lazy\" decoding=\"async\" width=\"640\" height=\"443\" src=\"https:\/\/leckerekekse.de\/wordpress\/wp-content\/uploads\/2019\/05\/LBC192-640x443.jpg\" alt=\"\" class=\"wp-image-13579\" srcset=\"https:\/\/leckerekekse.de\/wordpress\/wp-content\/uploads\/2019\/05\/LBC192.jpg 640w, https:\/\/leckerekekse.de\/wordpress\/wp-content\/uploads\/2019\/05\/LBC192-300x208.jpg 300w\" sizes=\"auto, (max-width: 640px) 100vw, 640px\" \/><\/figure>\n\n\n\n<h2 class=\"wp-block-heading\">Meine #LBC19<\/h2>\n\n\n\n<p>Zahlreiche Buchbloggerinnen und auch ein paar Buchblogger aus ganz Deutschland kamen wieder zur Litblogconvention in K\u00f6ln zusammen. Die Verlage Bastei-L\u00fcbbe, Diogenes, Dumont-Kalenderverlag und erstmalig Droemer Knaur boten wieder ein buntes Programm f\u00fcr interessierte Blogger.<br>Ganz ehrlich; ich hatte diesmal keine Lust. Auf Anhieb fand ich das Programm (bis auf einen Punkt) nicht so spannend. Der ganze Monat Mai ist immer recht stressig, ich war in der Woche vorher schon viel unterwegs.&nbsp; Nach der Veranstaltung wartete auch noch ein sch\u00f6ner, aber langer Abend auf mich: eine Freundin feierte einen runden Geburtstag.&nbsp; Aber der Hauptgrund meiner Unlust war wohl, das Astrid diesmal nicht dabei war.&nbsp;&nbsp; <br>So sa\u00df ich also im Auto auf dem Parkplatz vor dem Verlagsgeb\u00e4ude von Bastei-L\u00fcbbe und hatte keine Lust auszusteigen. Doch zuhause bereitete meine \u00e4lteste Tochter ihre Geburtstagesfeier (18!) f\u00fcr den Abend vor. Und ich hatte nun gar keine Lust wieder die K\u00fcchenfee zu spielen. Also ging es los!<\/p>\n\n\n\n<!--more-->\n\n\n\n<p>Es gab wieder f\u00fcnf Beitragsslots hintereinander, bis zu\nsechs Veranstaltungen parallel. Die Qual der Wahl stand also wieder an.<\/p>\n\n\n\n<figure class=\"wp-block-image\"><img loading=\"lazy\" decoding=\"async\" width=\"640\" height=\"420\" src=\"https:\/\/leckerekekse.de\/wordpress\/wp-content\/uploads\/2019\/05\/Fauser-lbc19-diogenes-640x420.jpg\" alt=\"Fauser. Lesen.Jetzt. Diogenes Verlag, B\u00fccher von J\u00f6rg Fauser, LBC19\" class=\"wp-image-13580\" srcset=\"https:\/\/leckerekekse.de\/wordpress\/wp-content\/uploads\/2019\/05\/Fauser-lbc19-diogenes.jpg 640w, https:\/\/leckerekekse.de\/wordpress\/wp-content\/uploads\/2019\/05\/Fauser-lbc19-diogenes-300x197.jpg 300w\" sizes=\"auto, (max-width: 640px) 100vw, 640px\" \/><figcaption>Diogenes stellt das Werk von J\u00f6rg Fauser vor<\/figcaption><\/figure>\n\n\n\n<h3 class=\"wp-block-heading\">J\u00f6rg Fauser<\/h3>\n\n\n\n<p>Unter dem Motto &#8222;Fauser. Lesen. Jetzt.&#8220; stellte Diogenes die Literatur des bereits 1987 verstorbenen Kultautors vor. Martha Schoknecht ist beim Verlag f\u00fcr sein Werk verantwortlich. Einige B\u00e4nde kommen jetzt (Ende Mai 2019) neu heraus, einige wurden als H\u00f6rbuch neu vertont. Wir konnten H\u00f6rproben von Charly H\u00fcbner und Lars Eidinger h\u00f6ren. Au\u00dferdem Fauser im O-Ton. &nbsp;Sehr spannend war auch eine uralte Aufzeichnung vom Literaturwettbewerb in Klagenfurt, in dem Marcel Reich-Ranicki das Werk von Fauser demontiert. Zugegeben: das war eine reine Werbeveranstaltung. Doch sie hat mir einen bedeutenden Ausnahmeautor n\u00e4hergebracht. Und Martha ist so begeistert, dass ich richtig neidisch auf ihren Job wurde. <br>In unserem heimatlichen B\u00fccherregal steht das Buch \u201eDer Schneemann\u201c von Fauser, damals mit Marius M\u00fcller-Westernhagen verfilmt und von meinem Mann mit \u201ein die Ehe gebracht\u201c. Darin werde ich mich bald mal versenken.<\/p>\n\n\n\n<h3 class=\"wp-block-heading\">Joe Fischler<\/h3>\n\n\n\n<figure class=\"wp-block-image\"><img loading=\"lazy\" decoding=\"async\" width=\"640\" height=\"443\" src=\"https:\/\/leckerekekse.de\/wordpress\/wp-content\/uploads\/2019\/05\/LBC191-640x443.jpg\" alt=\"Kiwi-Verlag, Joe Fischler, Der Tote im Schnitzparadies, Krimi, LBC19\" class=\"wp-image-13581\" srcset=\"https:\/\/leckerekekse.de\/wordpress\/wp-content\/uploads\/2019\/05\/LBC191.jpg 640w, https:\/\/leckerekekse.de\/wordpress\/wp-content\/uploads\/2019\/05\/LBC191-300x208.jpg 300w\" sizes=\"auto, (max-width: 640px) 100vw, 640px\" \/><figcaption>Joe Fischler stellt &#8222;Der Tote im Schnitzparadies&#8220; vor<\/figcaption><\/figure>\n\n\n\n<p>Danach wollte ich eigentlich den Beitrag von Droemer Knaur besuchen, in dem von der Planung der Buchmesse die Rede sein sollte, doch dort war es schon rappelvoll. Im Raum nebenan bekam ich aber noch einen Platz bei Joe Fischler im Gespr\u00e4ch mit seiner Lektorin Stephanie Kratz. <br>Humor-Krimis sind eigentlich nicht mein Genre, doch Joe ist sehr sympathisch, offen und im Besitz des typischen \u00d6si-Charmes. Wir erfuhren einiges aus seiner Vergangenheit als Banker und Blogger. Sein erstes Buch befasste sich \u00fcbrigens mit dem Bau von Kaninchenst\u00e4llen. Nein, kein Krimi \u00fcber Killerkarnickel, sondern eine tats\u00e4chlich Bauanleitung. &nbsp;<br>Fischler hat eine neue Krimireihe und sich daf\u00fcr den KiWi-Verlag ausgesucht. Sein Held hei\u00dft Bussi, Schauplatz sind zwei fiktive D\u00f6rfer im \u00f6sterreichischen Tirol. Ich fahre diesen Sommer zweimal in den Alpenstaat, da passt diese leichte Lekt\u00fcre gut dazu. <\/p>\n\n\n\n<h3 class=\"wp-block-heading\">Christiane Slawik<\/h3>\n\n\n\n<figure class=\"wp-block-image\"><img loading=\"lazy\" decoding=\"async\" width=\"640\" height=\"427\" src=\"https:\/\/leckerekekse.de\/wordpress\/wp-content\/uploads\/2019\/05\/LBC19-640x427.jpg\" alt=\"Pferdefotografin Christiane Slawik, Kalender, Dumont, LBC19\" class=\"wp-image-13582\" srcset=\"https:\/\/leckerekekse.de\/wordpress\/wp-content\/uploads\/2019\/05\/LBC19.jpg 640w, https:\/\/leckerekekse.de\/wordpress\/wp-content\/uploads\/2019\/05\/LBC19-300x200.jpg 300w\" sizes=\"auto, (max-width: 640px) 100vw, 640px\" \/><figcaption>Pferdefotografin Christiane Slawik<\/figcaption><\/figure>\n\n\n\n<p>Aus den vergangenen Jahren wei\u00df ich, dass sich der Dumont Kalenderverlag immer sch\u00f6ne Beitr\u00e4ge plant. Letztes Jahr war schon einen Tierfotografin mit einem kleinen Greifvogel da, diesmal eine Pferdefotografin. Sie bringt f\u00fcr 2020 neue Kalender heraus, wobei es mir vor allem der Island-Isl\u00e4nder-Kalender angetan hat. Die sch\u00f6nen kleinen Pferde werden dabei in ihrer nat\u00fcrlichen Umgebung dargestellt. Christiane sah den fertigen Kalender an dem Tag zum ersten Mal und war begeistert vom Papier und dem gro\u00dfen Format. &nbsp;<br> Doch dieser Kalender spielte eigentlich keine Rolle. Sondern die Geschichten, die sie zu erz\u00e4hlen hatte. <a href=\"https:\/\/www.slawik.com\/\" target=\"_blank\" rel=\"noreferrer noopener\" aria-label=\" (\u00f6ffnet in neuem Tab)\">Christiane Slawik<\/a> zeigte ein Dutzend Fotos und beschrieb wie sie entstanden sind. Und diese Stories sind nicht nur f\u00fcr Pferdefreunde interessant. Ich habe mich am Tag nach der LBC einige Zeit mit den Fotos auf ihrer Webseite befasst. Unglaublich! Sie benutzt kaum Tools zur Nachbearbeitung. Wie dann ihre fast wei\u00dfen Bilder und die unglaublichen Gegenlichtaufnahmen zustande kamen: das war echt spannend. Ich h\u00e4tte noch zwei Stunden zuh\u00f6ren k\u00f6nnen. Dabei ging es nicht nur um Pferde und Fotoideen, sondern auch um die gesellschaftlichen Zust\u00e4nde in den L\u00e4ndern in denen sie fotografiert. So ging sie besonders auf Saudi-Arabien und Indien ein. Schade, dass ihr Buch mit diesen Erz\u00e4hlungen erst im Oktober erscheint, ich h\u00e4tte es gerne bald zu einem Geburtstag verschenkt.<\/p>\n\n\n\n<h3 class=\"wp-block-heading\">Katrine Engberg<\/h3>\n\n\n\n<div class=\"wp-block-image\"><figure class=\"aligncenter\"><img loading=\"lazy\" decoding=\"async\" width=\"480\" height=\"640\" src=\"https:\/\/leckerekekse.de\/wordpress\/wp-content\/uploads\/2019\/05\/Katrine-Engberg-Blutmond-480x640.jpg\" alt=\"Katrine Engberg, Krimiautorin, Diogenes, Blutmond, Kopenhagen, LBC19\" class=\"wp-image-13583\" srcset=\"https:\/\/leckerekekse.de\/wordpress\/wp-content\/uploads\/2019\/05\/Katrine-Engberg-Blutmond.jpg 480w, https:\/\/leckerekekse.de\/wordpress\/wp-content\/uploads\/2019\/05\/Katrine-Engberg-Blutmond-225x300.jpg 225w\" sizes=\"auto, (max-width: 480px) 100vw, 480px\" \/><figcaption>Katrine Engberg \u00fcber Mordin Kopenhagen<\/figcaption><\/figure><\/div>\n\n\n\n<p>Dann konnte ich einfach sitzen bleiben und auf die n\u00e4chste Autorin warten. Die d\u00e4nische Krimiautorin Engberg besuchte K\u00f6ln. Erste \u00dcberraschung: sie spricht flie\u00dfend deutsch. Katrine war n\u00e4mlich vor ihrem jetzigen Job Ballettt\u00e4nzerin und hat einen Teil ihrer Ausbildung in Deutschland absolviert. Sehr charismatisch, sehr elegant. An den Bewegungen sieht man die B\u00fchnenvergangenheit. <br>Sie erz\u00e4hlte sehr begeistert von Kopenhagen. Wir sollten diese Stadt alle nochmal besuchen und dann nicht nur die Touristenhotspots ansehen. Diese Stadt h\u00e4tte so viel zu bieten!<br>Katrine beschrieb wie sie die Stadt nach neuen Schaupl\u00e4tzen f\u00fcr ihre Romane durchsucht. Auch ihre Recherchearbeit ist sehr spannend. Wieviel Abflussreiniger brauchst du um jemanden zuverl\u00e4ssig zu t\u00f6ten? Katrine kann es dir sagen. Spannend war auch der Tag, an dem sie einen Polizisten im Einsatz begleitete. Dieser w\u00e4hlte extra einen Samstagvormittag aus: normalerweise der ruhigste Zeitraum einer Woche. Doch kaum sa\u00df sie im Streifenwagen, ging es zu einer Messerstecherei.<br>Blutmond ist der zweite Teil ihrer Krimireihe, sie schreibt bereits am vierten Band und hat sich insgesamt sechs Teile vorgenommen.<br>Sehr erfrischender Beitrag.<\/p>\n\n\n\n<h3 class=\"wp-block-heading\">Simone Lappert<\/h3>\n\n\n\n<div class=\"wp-block-image\"><figure class=\"aligncenter\"><img loading=\"lazy\" decoding=\"async\" width=\"480\" height=\"640\" src=\"https:\/\/leckerekekse.de\/wordpress\/wp-content\/uploads\/2019\/05\/Simone-lappert-autorin-480x640.jpg\" alt=\"Simone lappert. Schreibkurs, Wahrnehmung, Diogenes, Der Sprung, LBC19\" class=\"wp-image-13584\" srcset=\"https:\/\/leckerekekse.de\/wordpress\/wp-content\/uploads\/2019\/05\/Simone-lappert-autorin.jpg 480w, https:\/\/leckerekekse.de\/wordpress\/wp-content\/uploads\/2019\/05\/Simone-lappert-autorin-225x300.jpg 225w\" sizes=\"auto, (max-width: 480px) 100vw, 480px\" \/><figcaption>Simone Lappert gibt Schreibkurse<\/figcaption><\/figure><\/div>\n\n\n\n<p>Von Simone besprach ich vor einiger Zeit den Roman <a rel=\"noreferrer noopener\" aria-label=\" (\u00f6ffnet in neuem Tab)\" href=\"https:\/\/leckerekekse.de\/wordpress\/simone-lappert-wurfschatten\/\" target=\"_blank\">Wurfschatten<\/a>. Im August kommt mit \u201eDer Sprung\u201c ihr neuer Roman. <br>Doch es ging im Beitrag eigentlich gar nicht um ihr Buch, auch wenn sie ein paar Worte dazu erz\u00e4hlte und eine kurze Passage vorlas. Simone Lappert f\u00fchrte ein Experiment mit uns durch. Keines mit dem Abfluss Reiniger von Kristine, sondern es ging um Wahrnehmung und den Einfluss auf das Schreiben. <br>Dazu wurden Schlafbrillen aus Stoff verteilt, es ging ab auf die Dachterrasse. Jede Teilnehmerin sollte sich ein Pl\u00e4tzchen suchen und die Bille f\u00fcr ca. 3 Minuten aufsetzen. Danach ein paar Zeilen einfach drauflos schreiben. Ein paar der entstandenen Texte wurden danach noch vorgelesen. Sie waren alle sehr unterschiedlich. Diese \u00dcbung bringt den Menschen dazu sich nicht zu sehr auf den Sinn des Sehens zu konzentrieren, sondern auch h\u00f6ren, f\u00fchlen, riechen, schmecken st\u00e4rker zu aktivieren. Wenn ein Autor den Protagonisten mit allen Sinnen beschreibt, wirkt die Person viel lebendiger. Spannend!<\/p>\n\n\n\n<h3 class=\"wp-block-heading\">Fazit<\/h3>\n\n\n\n<p>Trotz meiner anf\u00e4nglichen Unlust hatte ich einen sehr abwechslungsreichen, kurzweiligen Tag der unheimlich schnell vorbeiging. Alle von mir besuchten Programmpunkte waren sehr unterschiedlich und interessant. Etwas schade fand ich, dass sich mehrere Programmpunkte \u00fcber nicht anwesende Autoren drehten. Bei J\u00f6rg Fauser war das klar, bei anderen w\u00fcrde ich mir w\u00fcnschen, dass das aus dem Programm eindeutiger hervorging. <br>Daneben lernte ich neue Menschen kenne und konnte alte Bekanntschaften auffrischen. Zum Beispiel mit <a href=\"https:\/\/litblogkoeb.de\/\" target=\"_blank\" rel=\"noreferrer noopener\" aria-label=\"Erika von Litblobkoeb (\u00f6ffnet in neuem Tab)\">Erika von Litblobkoeb<\/a>. Mit ihr besuchte ich den Fotobully: <\/p>\n\n\n\n<figure class=\"wp-block-image\"><img loading=\"lazy\" decoding=\"async\" width=\"640\" height=\"427\" src=\"https:\/\/leckerekekse.de\/wordpress\/wp-content\/uploads\/2019\/05\/LBC19-fotobully-erika-mager-640x427.jpg\" alt=\"\" class=\"wp-image-13586\" srcset=\"https:\/\/leckerekekse.de\/wordpress\/wp-content\/uploads\/2019\/05\/LBC19-fotobully-erika-mager.jpg 640w, https:\/\/leckerekekse.de\/wordpress\/wp-content\/uploads\/2019\/05\/LBC19-fotobully-erika-mager-300x200.jpg 300w\" sizes=\"auto, (max-width: 640px) 100vw, 640px\" \/><figcaption>Erika und ich im Bully<\/figcaption><\/figure>\n\n\n\n<div class=\"wp-block-image\"><figure class=\"aligncenter\"><img loading=\"lazy\" decoding=\"async\" width=\"300\" height=\"219\" src=\"https:\/\/leckerekekse.de\/wordpress\/wp-content\/uploads\/2016\/04\/Signatur-002-300x219.jpg\" alt=\"\" class=\"wp-image-5977\" srcset=\"https:\/\/leckerekekse.de\/wordpress\/wp-content\/uploads\/2016\/04\/Signatur-002-300x219.jpg 300w, https:\/\/leckerekekse.de\/wordpress\/wp-content\/uploads\/2016\/04\/Signatur-002.jpg 640w\" sizes=\"auto, (max-width: 300px) 100vw, 300px\" \/><\/figure><\/div>\n","protected":false},"excerpt":{"rendered":"<p>Meine #LBC19 Zahlreiche Buchbloggerinnen und auch ein paar Buchblogger aus ganz Deutschland kamen wieder zur Litblogconvention in K\u00f6ln zusammen. Die Verlage Bastei-L\u00fcbbe, Diogenes, Dumont-Kalenderverlag und erstmalig Droemer Knaur boten wieder ein buntes Programm f\u00fcr interessierte Blogger.Ganz ehrlich; ich hatte diesmal keine Lust. Auf Anhieb fand ich das Programm (bis auf einen Punkt) nicht so spannend. [&hellip;]<\/p>\n","protected":false},"author":2,"featured_media":13579,"comment_status":"open","ping_status":"open","sticky":false,"template":"","format":"standard","meta":{"footnotes":""},"categories":[1,3,19],"tags":[704,282,1214,445],"class_list":["post-13578","post","type-post","status-publish","format-standard","has-post-thumbnail","hentry","category-allgemein","category-buecher","category-veranstaltungen","tag-diogenes","tag-koeln","tag-lbc","tag-veranstaltung"],"yoast_head":"<!-- This site is optimized with the Yoast SEO plugin v27.5 - https:\/\/yoast.com\/product\/yoast-seo-wordpress\/ -->\n<title>Litblogconvention 2019 | Leckere Kekse &amp; mehr<\/title>\n<meta name=\"description\" content=\"K\u00f6ln und einige Verlage luden mal wieder zur Litblogconvention ein. Im Beitrag beschriebe ich die Sessions, die ich w\u00e4hrend der Veranstaltung besuchte.\" \/>\n<meta name=\"robots\" content=\"index, follow, max-snippet:-1, max-image-preview:large, max-video-preview:-1\" \/>\n<link rel=\"canonical\" href=\"https:\/\/leckerekekse.de\/wordpress\/litblogconvention-2019\/\" \/>\n<meta property=\"og:locale\" content=\"de_DE\" \/>\n<meta property=\"og:type\" content=\"article\" \/>\n<meta property=\"og:title\" content=\"Litblogconvention 2019 | Leckere Kekse &amp; mehr\" \/>\n<meta property=\"og:description\" content=\"K\u00f6ln und einige Verlage luden mal wieder zur Litblogconvention ein. Im Beitrag beschriebe ich die Sessions, die ich w\u00e4hrend der Veranstaltung besuchte.\" \/>\n<meta property=\"og:url\" content=\"https:\/\/leckerekekse.de\/wordpress\/litblogconvention-2019\/\" \/>\n<meta property=\"og:site_name\" content=\"Leckere Kekse &amp; mehr\" \/>\n<meta property=\"article:published_time\" content=\"2019-05-22T06:00:29+00:00\" \/>\n<meta property=\"article:modified_time\" content=\"2022-09-12T09:55:30+00:00\" \/>\n<meta property=\"og:image\" content=\"https:\/\/leckerekekse.de\/wordpress\/wp-content\/uploads\/2019\/05\/LBC192.jpg\" \/>\n\t<meta property=\"og:image:width\" content=\"640\" \/>\n\t<meta property=\"og:image:height\" content=\"443\" \/>\n\t<meta property=\"og:image:type\" content=\"image\/jpeg\" \/>\n<meta name=\"author\" content=\"Buchlieberin\" \/>\n<meta name=\"twitter:label1\" content=\"Verfasst von\" \/>\n\t<meta name=\"twitter:data1\" content=\"Buchlieberin\" \/>\n\t<meta name=\"twitter:label2\" content=\"Gesch\u00e4tzte Lesezeit\" \/>\n\t<meta name=\"twitter:data2\" content=\"6\u00a0Minuten\" \/>\n<script type=\"application\/ld+json\" class=\"yoast-schema-graph\">{\"@context\":\"https:\\\/\\\/schema.org\",\"@graph\":[{\"@type\":\"Article\",\"@id\":\"https:\\\/\\\/leckerekekse.de\\\/wordpress\\\/litblogconvention-2019\\\/#article\",\"isPartOf\":{\"@id\":\"https:\\\/\\\/leckerekekse.de\\\/wordpress\\\/litblogconvention-2019\\\/\"},\"author\":{\"name\":\"Buchlieberin\",\"@id\":\"https:\\\/\\\/leckerekekse.de\\\/wordpress\\\/#\\\/schema\\\/person\\\/aeca9a159c2be36b9bce9092b38c13c8\"},\"headline\":\"Litblogconvention 2019\",\"datePublished\":\"2019-05-22T06:00:29+00:00\",\"dateModified\":\"2022-09-12T09:55:30+00:00\",\"mainEntityOfPage\":{\"@id\":\"https:\\\/\\\/leckerekekse.de\\\/wordpress\\\/litblogconvention-2019\\\/\"},\"wordCount\":1173,\"commentCount\":6,\"publisher\":{\"@id\":\"https:\\\/\\\/leckerekekse.de\\\/wordpress\\\/#\\\/schema\\\/person\\\/6e4b2658514a3b7423a1f323400bdc1b\"},\"image\":{\"@id\":\"https:\\\/\\\/leckerekekse.de\\\/wordpress\\\/litblogconvention-2019\\\/#primaryimage\"},\"thumbnailUrl\":\"https:\\\/\\\/leckerekekse.de\\\/wordpress\\\/wp-content\\\/uploads\\\/2019\\\/05\\\/LBC192.jpg\",\"keywords\":[\"Diogenes\",\"K\u00f6ln\",\"LBC\",\"veranstaltung\"],\"articleSection\":{\"1\":\"B\u00fccher\",\"2\":\"Veranstaltungen\"},\"inLanguage\":\"de\",\"potentialAction\":[{\"@type\":\"CommentAction\",\"name\":\"Comment\",\"target\":[\"https:\\\/\\\/leckerekekse.de\\\/wordpress\\\/litblogconvention-2019\\\/#respond\"]}]},{\"@type\":\"WebPage\",\"@id\":\"https:\\\/\\\/leckerekekse.de\\\/wordpress\\\/litblogconvention-2019\\\/\",\"url\":\"https:\\\/\\\/leckerekekse.de\\\/wordpress\\\/litblogconvention-2019\\\/\",\"name\":\"Litblogconvention 2019 | Leckere Kekse &amp; mehr\",\"isPartOf\":{\"@id\":\"https:\\\/\\\/leckerekekse.de\\\/wordpress\\\/#website\"},\"primaryImageOfPage\":{\"@id\":\"https:\\\/\\\/leckerekekse.de\\\/wordpress\\\/litblogconvention-2019\\\/#primaryimage\"},\"image\":{\"@id\":\"https:\\\/\\\/leckerekekse.de\\\/wordpress\\\/litblogconvention-2019\\\/#primaryimage\"},\"thumbnailUrl\":\"https:\\\/\\\/leckerekekse.de\\\/wordpress\\\/wp-content\\\/uploads\\\/2019\\\/05\\\/LBC192.jpg\",\"datePublished\":\"2019-05-22T06:00:29+00:00\",\"dateModified\":\"2022-09-12T09:55:30+00:00\",\"description\":\"K\u00f6ln und einige Verlage luden mal wieder zur Litblogconvention ein. Im Beitrag beschriebe ich die Sessions, die ich w\u00e4hrend der Veranstaltung besuchte.\",\"breadcrumb\":{\"@id\":\"https:\\\/\\\/leckerekekse.de\\\/wordpress\\\/litblogconvention-2019\\\/#breadcrumb\"},\"inLanguage\":\"de\",\"potentialAction\":[{\"@type\":\"ReadAction\",\"target\":[\"https:\\\/\\\/leckerekekse.de\\\/wordpress\\\/litblogconvention-2019\\\/\"]}]},{\"@type\":\"ImageObject\",\"inLanguage\":\"de\",\"@id\":\"https:\\\/\\\/leckerekekse.de\\\/wordpress\\\/litblogconvention-2019\\\/#primaryimage\",\"url\":\"https:\\\/\\\/leckerekekse.de\\\/wordpress\\\/wp-content\\\/uploads\\\/2019\\\/05\\\/LBC192.jpg\",\"contentUrl\":\"https:\\\/\\\/leckerekekse.de\\\/wordpress\\\/wp-content\\\/uploads\\\/2019\\\/05\\\/LBC192.jpg\",\"width\":640,\"height\":443},{\"@type\":\"BreadcrumbList\",\"@id\":\"https:\\\/\\\/leckerekekse.de\\\/wordpress\\\/litblogconvention-2019\\\/#breadcrumb\",\"itemListElement\":[{\"@type\":\"ListItem\",\"position\":1,\"name\":\"Home\",\"item\":\"https:\\\/\\\/leckerekekse.de\\\/wordpress\\\/\"},{\"@type\":\"ListItem\",\"position\":2,\"name\":\"Litblogconvention 2019\"}]},{\"@type\":\"WebSite\",\"@id\":\"https:\\\/\\\/leckerekekse.de\\\/wordpress\\\/#website\",\"url\":\"https:\\\/\\\/leckerekekse.de\\\/wordpress\\\/\",\"name\":\"Leckere Kekse &amp; mehr\",\"description\":\"Kekse backen, B\u00fccher lesen und mehr\",\"publisher\":{\"@id\":\"https:\\\/\\\/leckerekekse.de\\\/wordpress\\\/#\\\/schema\\\/person\\\/6e4b2658514a3b7423a1f323400bdc1b\"},\"potentialAction\":[{\"@type\":\"SearchAction\",\"target\":{\"@type\":\"EntryPoint\",\"urlTemplate\":\"https:\\\/\\\/leckerekekse.de\\\/wordpress\\\/?s={search_term_string}\"},\"query-input\":{\"@type\":\"PropertyValueSpecification\",\"valueRequired\":true,\"valueName\":\"search_term_string\"}}],\"inLanguage\":\"de\"},{\"@type\":[\"Person\",\"Organization\"],\"@id\":\"https:\\\/\\\/leckerekekse.de\\\/wordpress\\\/#\\\/schema\\\/person\\\/6e4b2658514a3b7423a1f323400bdc1b\",\"name\":\"Astrid\",\"logo\":{\"@id\":\"https:\\\/\\\/leckerekekse.de\\\/wordpress\\\/#\\\/schema\\\/person\\\/image\\\/\"},\"sameAs\":[\"https:\\\/\\\/leckerekekse.de\\\/wordpress\"]},{\"@type\":\"Person\",\"@id\":\"https:\\\/\\\/leckerekekse.de\\\/wordpress\\\/#\\\/schema\\\/person\\\/aeca9a159c2be36b9bce9092b38c13c8\",\"name\":\"Buchlieberin\",\"sameAs\":[\"https:\\\/\\\/leckerekekse.de\\\/wordpress\"]}]}<\/script>\n<!-- \/ Yoast SEO plugin. -->","yoast_head_json":{"title":"Litblogconvention 2019 | Leckere Kekse &amp; mehr","description":"K\u00f6ln und einige Verlage luden mal wieder zur Litblogconvention ein. Im Beitrag beschriebe ich die Sessions, die ich w\u00e4hrend der Veranstaltung besuchte.","robots":{"index":"index","follow":"follow","max-snippet":"max-snippet:-1","max-image-preview":"max-image-preview:large","max-video-preview":"max-video-preview:-1"},"canonical":"https:\/\/leckerekekse.de\/wordpress\/litblogconvention-2019\/","og_locale":"de_DE","og_type":"article","og_title":"Litblogconvention 2019 | Leckere Kekse &amp; mehr","og_description":"K\u00f6ln und einige Verlage luden mal wieder zur Litblogconvention ein. Im Beitrag beschriebe ich die Sessions, die ich w\u00e4hrend der Veranstaltung besuchte.","og_url":"https:\/\/leckerekekse.de\/wordpress\/litblogconvention-2019\/","og_site_name":"Leckere Kekse &amp; mehr","article_published_time":"2019-05-22T06:00:29+00:00","article_modified_time":"2022-09-12T09:55:30+00:00","og_image":[{"width":640,"height":443,"url":"https:\/\/leckerekekse.de\/wordpress\/wp-content\/uploads\/2019\/05\/LBC192.jpg","type":"image\/jpeg"}],"author":"Buchlieberin","twitter_misc":{"Verfasst von":"Buchlieberin","Gesch\u00e4tzte Lesezeit":"6\u00a0Minuten"},"schema":{"@context":"https:\/\/schema.org","@graph":[{"@type":"Article","@id":"https:\/\/leckerekekse.de\/wordpress\/litblogconvention-2019\/#article","isPartOf":{"@id":"https:\/\/leckerekekse.de\/wordpress\/litblogconvention-2019\/"},"author":{"name":"Buchlieberin","@id":"https:\/\/leckerekekse.de\/wordpress\/#\/schema\/person\/aeca9a159c2be36b9bce9092b38c13c8"},"headline":"Litblogconvention 2019","datePublished":"2019-05-22T06:00:29+00:00","dateModified":"2022-09-12T09:55:30+00:00","mainEntityOfPage":{"@id":"https:\/\/leckerekekse.de\/wordpress\/litblogconvention-2019\/"},"wordCount":1173,"commentCount":6,"publisher":{"@id":"https:\/\/leckerekekse.de\/wordpress\/#\/schema\/person\/6e4b2658514a3b7423a1f323400bdc1b"},"image":{"@id":"https:\/\/leckerekekse.de\/wordpress\/litblogconvention-2019\/#primaryimage"},"thumbnailUrl":"https:\/\/leckerekekse.de\/wordpress\/wp-content\/uploads\/2019\/05\/LBC192.jpg","keywords":["Diogenes","K\u00f6ln","LBC","veranstaltung"],"articleSection":{"1":"B\u00fccher","2":"Veranstaltungen"},"inLanguage":"de","potentialAction":[{"@type":"CommentAction","name":"Comment","target":["https:\/\/leckerekekse.de\/wordpress\/litblogconvention-2019\/#respond"]}]},{"@type":"WebPage","@id":"https:\/\/leckerekekse.de\/wordpress\/litblogconvention-2019\/","url":"https:\/\/leckerekekse.de\/wordpress\/litblogconvention-2019\/","name":"Litblogconvention 2019 | Leckere Kekse &amp; mehr","isPartOf":{"@id":"https:\/\/leckerekekse.de\/wordpress\/#website"},"primaryImageOfPage":{"@id":"https:\/\/leckerekekse.de\/wordpress\/litblogconvention-2019\/#primaryimage"},"image":{"@id":"https:\/\/leckerekekse.de\/wordpress\/litblogconvention-2019\/#primaryimage"},"thumbnailUrl":"https:\/\/leckerekekse.de\/wordpress\/wp-content\/uploads\/2019\/05\/LBC192.jpg","datePublished":"2019-05-22T06:00:29+00:00","dateModified":"2022-09-12T09:55:30+00:00","description":"K\u00f6ln und einige Verlage luden mal wieder zur Litblogconvention ein. Im Beitrag beschriebe ich die Sessions, die ich w\u00e4hrend der Veranstaltung besuchte.","breadcrumb":{"@id":"https:\/\/leckerekekse.de\/wordpress\/litblogconvention-2019\/#breadcrumb"},"inLanguage":"de","potentialAction":[{"@type":"ReadAction","target":["https:\/\/leckerekekse.de\/wordpress\/litblogconvention-2019\/"]}]},{"@type":"ImageObject","inLanguage":"de","@id":"https:\/\/leckerekekse.de\/wordpress\/litblogconvention-2019\/#primaryimage","url":"https:\/\/leckerekekse.de\/wordpress\/wp-content\/uploads\/2019\/05\/LBC192.jpg","contentUrl":"https:\/\/leckerekekse.de\/wordpress\/wp-content\/uploads\/2019\/05\/LBC192.jpg","width":640,"height":443},{"@type":"BreadcrumbList","@id":"https:\/\/leckerekekse.de\/wordpress\/litblogconvention-2019\/#breadcrumb","itemListElement":[{"@type":"ListItem","position":1,"name":"Home","item":"https:\/\/leckerekekse.de\/wordpress\/"},{"@type":"ListItem","position":2,"name":"Litblogconvention 2019"}]},{"@type":"WebSite","@id":"https:\/\/leckerekekse.de\/wordpress\/#website","url":"https:\/\/leckerekekse.de\/wordpress\/","name":"Leckere Kekse &amp; mehr","description":"Kekse backen, B\u00fccher lesen und mehr","publisher":{"@id":"https:\/\/leckerekekse.de\/wordpress\/#\/schema\/person\/6e4b2658514a3b7423a1f323400bdc1b"},"potentialAction":[{"@type":"SearchAction","target":{"@type":"EntryPoint","urlTemplate":"https:\/\/leckerekekse.de\/wordpress\/?s={search_term_string}"},"query-input":{"@type":"PropertyValueSpecification","valueRequired":true,"valueName":"search_term_string"}}],"inLanguage":"de"},{"@type":["Person","Organization"],"@id":"https:\/\/leckerekekse.de\/wordpress\/#\/schema\/person\/6e4b2658514a3b7423a1f323400bdc1b","name":"Astrid","logo":{"@id":"https:\/\/leckerekekse.de\/wordpress\/#\/schema\/person\/image\/"},"sameAs":["https:\/\/leckerekekse.de\/wordpress"]},{"@type":"Person","@id":"https:\/\/leckerekekse.de\/wordpress\/#\/schema\/person\/aeca9a159c2be36b9bce9092b38c13c8","name":"Buchlieberin","sameAs":["https:\/\/leckerekekse.de\/wordpress"]}]}},"_links":{"self":[{"href":"https:\/\/leckerekekse.de\/wordpress\/wp-json\/wp\/v2\/posts\/13578","targetHints":{"allow":["GET"]}}],"collection":[{"href":"https:\/\/leckerekekse.de\/wordpress\/wp-json\/wp\/v2\/posts"}],"about":[{"href":"https:\/\/leckerekekse.de\/wordpress\/wp-json\/wp\/v2\/types\/post"}],"author":[{"embeddable":true,"href":"https:\/\/leckerekekse.de\/wordpress\/wp-json\/wp\/v2\/users\/2"}],"replies":[{"embeddable":true,"href":"https:\/\/leckerekekse.de\/wordpress\/wp-json\/wp\/v2\/comments?post=13578"}],"version-history":[{"count":3,"href":"https:\/\/leckerekekse.de\/wordpress\/wp-json\/wp\/v2\/posts\/13578\/revisions"}],"predecessor-version":[{"id":17480,"href":"https:\/\/leckerekekse.de\/wordpress\/wp-json\/wp\/v2\/posts\/13578\/revisions\/17480"}],"wp:featuredmedia":[{"embeddable":true,"href":"https:\/\/leckerekekse.de\/wordpress\/wp-json\/wp\/v2\/media\/13579"}],"wp:attachment":[{"href":"https:\/\/leckerekekse.de\/wordpress\/wp-json\/wp\/v2\/media?parent=13578"}],"wp:term":[{"taxonomy":"category","embeddable":true,"href":"https:\/\/leckerekekse.de\/wordpress\/wp-json\/wp\/v2\/categories?post=13578"},{"taxonomy":"post_tag","embeddable":true,"href":"https:\/\/leckerekekse.de\/wordpress\/wp-json\/wp\/v2\/tags?post=13578"}],"curies":[{"name":"wp","href":"https:\/\/api.w.org\/{rel}","templated":true}]}}