{"id":13643,"date":"2019-06-09T08:05:19","date_gmt":"2019-06-09T06:05:19","guid":{"rendered":"https:\/\/leckerekekse.de\/wordpress\/?p=13643"},"modified":"2019-06-07T12:14:20","modified_gmt":"2019-06-07T10:14:20","slug":"rezension-fuenf-tage-in-paris","status":"publish","type":"post","link":"https:\/\/leckerekekse.de\/wordpress\/rezension-fuenf-tage-in-paris\/","title":{"rendered":"[Rezension] F\u00fcnf Tage in Paris"},"content":{"rendered":"\n<figure class=\"wp-block-image\"><img loading=\"lazy\" decoding=\"async\" width=\"640\" height=\"854\" src=\"https:\/\/leckerekekse.de\/wordpress\/wp-content\/uploads\/2019\/06\/fuenftageinparis.jpg\" alt=\"Roman von Tatiana de Rosnay\" class=\"wp-image-13646\" srcset=\"https:\/\/leckerekekse.de\/wordpress\/wp-content\/uploads\/2019\/06\/fuenftageinparis.jpg 640w, https:\/\/leckerekekse.de\/wordpress\/wp-content\/uploads\/2019\/06\/fuenftageinparis-225x300.jpg 225w, https:\/\/leckerekekse.de\/wordpress\/wp-content\/uploads\/2019\/06\/fuenftageinparis-480x640.jpg 480w\" sizes=\"auto, (max-width: 640px) 100vw, 640px\" \/><\/figure>\n\n\n\n<h2 class=\"wp-block-heading\">Tatiana de Rosnay<\/h2>\n\n\n\n<p>Ich bin wirklich untr\u00f6stlich. Eine meiner hoch gesch\u00e4tzten Autorinnen bringt ein neues Buch mit einem tollen Cover, aber einem etwas nichtssagenden Titel (&#8222;F\u00fcnf Tage in Paris&#8220;) heraus und ich bekomme es nur durch Zufall mit. Das geht doch gar nicht, oder?<\/p>\n\n\n\n<p>Ihre alten B\u00fccher haben feste Pl\u00e4tze im Regal, aber seit wir den Blog haben, gab es kein Buch mehr von ihr. Dachte ich zumindest. Ich habe n\u00e4mlich recherchiert und das letzte ihrer B\u00fccher habe ich glatt verpasst. Wie schade! Auf dem Bild seht ihr alle meine B\u00fccher von ihr. Ihr ber\u00fchmtestes &#8222;<a href=\"https:\/\/de.wikipedia.org\/wiki\/Sarahs_Schl\u00fcssel\" target=\"_blank\" rel=\"noreferrer noopener\" aria-label=\"Sarahs Schl\u00fcssel (\u00f6ffnet in neuem Tab)\">Sarahs Schl\u00fcssel<\/a>&#8220; habe ich leider nicht gefunden. Wem habe ich es wohl geliehen und nie zur\u00fcckbekommen?<\/p>\n\n\n\n<!--more-->\n\n\n\n<figure class=\"wp-block-image\"><img loading=\"lazy\" decoding=\"async\" width=\"640\" height=\"853\" src=\"https:\/\/leckerekekse.de\/wordpress\/wp-content\/uploads\/2019\/06\/buecher-derosnay.jpg\" alt=\"Meine B\u00fccher von Tatiana de Rosnay\" class=\"wp-image-13647\" srcset=\"https:\/\/leckerekekse.de\/wordpress\/wp-content\/uploads\/2019\/06\/buecher-derosnay.jpg 640w, https:\/\/leckerekekse.de\/wordpress\/wp-content\/uploads\/2019\/06\/buecher-derosnay-225x300.jpg 225w, https:\/\/leckerekekse.de\/wordpress\/wp-content\/uploads\/2019\/06\/buecher-derosnay-480x640.jpg 480w\" sizes=\"auto, (max-width: 640px) 100vw, 640px\" \/><\/figure>\n\n\n\n<p>\u201eF\u00fcnf Tage in Paris\u201c spielt \u2013 wie der Titel vermuten l\u00e4sst \u2013 in Paris. Es ist Januar. Die Familie Malegarde trifft sich anl\u00e4sslich des 70. Geburtstags des Vaters. Sohn Linden kommt aus Amerika, Tochter Tilia aus London, die Eltern aus S\u00fcdfrankreich.&nbsp;<\/p>\n\n\n\n<p>Sie haben sich eine schlechte Zeit ausgesucht. In Paris regnet es seit Tagen, die Seine steigt h\u00f6her und h\u00f6her und die Beh\u00f6rden warnen bereits vor einem Hochwasser. Noch nimmt es die Familie Malegarde gelassen, steigen sie doch in einem hochwassersicheren Hotel ab. Dass die geplanten Unternehmungen aufgrund des Regens teilweise ausfallen m\u00fcssen, nehmen sie hin. Echte Sorgen machen sie sich nicht. So schlimm kann es ja nicht werden. Als sie am Abend in einem Restaurant essen, erleidet Vater Paul einen Schlaganfall und kommt ins Krankenhaus. Dieses liegt im hochwassergef\u00e4hrdeten Gebiet.&nbsp;<\/p>\n\n\n\n<figure class=\"wp-block-image\"><img loading=\"lazy\" decoding=\"async\" width=\"640\" height=\"480\" src=\"https:\/\/leckerekekse.de\/wordpress\/wp-content\/uploads\/2019\/06\/fuen-tage-in-paris-640x480.jpg\" alt=\"5 Tage in Paris\" class=\"wp-image-13648\" srcset=\"https:\/\/leckerekekse.de\/wordpress\/wp-content\/uploads\/2019\/06\/fuen-tage-in-paris.jpg 640w, https:\/\/leckerekekse.de\/wordpress\/wp-content\/uploads\/2019\/06\/fuen-tage-in-paris-300x225.jpg 300w\" sizes=\"auto, (max-width: 640px) 100vw, 640px\" \/><\/figure>\n\n\n\n<p>Der Regen h\u00f6rt einfach nicht auf. Und es kommt wie erwartet, Paris erlebt eine \u00dcberschwemmung wie seit 1910 nicht mehr. Es kommt zur Katastrophe. Die Seine steigt \u00fcber die Ufer, die Metro wird geflutet, es gibt keinen Strom mehr und viele H\u00e4user m\u00fcssen evakuiert werden. Es kommt zu Pl\u00fcnderungen, die Beh\u00f6rden sind \u00fcberfordert und Polizei und Soldaten sind im Dauereinsatz.&nbsp;<\/p>\n\n\n\n<h2 class=\"wp-block-heading\">Naturkatastrophe = Familienkatastrophe<\/h2>\n\n\n\n<p>Auch f\u00fcr die Familie Malegarde bricht die Katastrophe herein. Dem Vater geht es sehr schlecht, die Mutter bekommt eine Lungenentz\u00fcndung und ist nicht ansprechbar. Linden, der Sohn, muss sich alleine um alles k\u00fcmmern, da seine Schwester aufgrund eines 15 Jahre zur\u00fcckliegenden Unfalls nicht im Stande ist, ein Krankenhaus zu betreten.&nbsp;<\/p>\n\n\n\n<p>Die Autorin hat mehrere B\u00fccher gelesen, um dieses zu schreiben. Unter anderem das von Peter Wohlleben. Das Geheimnis der B\u00e4ume. Und: \u201e\u00dcber Fotografie\u201c von Susan Sontag. Paul ist Mr. Treeman, der Baumexperte, der ber\u00fchmt ist f\u00fcr sein Wissen \u00fcber B\u00e4ume. Seine Leidenschaft geh\u00f6rt vor allem den Linden, weshalb er seinen Sohn Linden und seine Tochter Tilia (lateinisch f\u00fcr Linde) getauft hat.&nbsp;<\/p>\n\n\n\n<h2 class=\"wp-block-heading\">Ich liebe Fotografen als Protagonisten<\/h2>\n\n\n\n<p>Linden ist ein hoch angesehener Fotograf, der f\u00fcr das Familientreffen nur eine alte analoge Leica mit nach Paris genommen hat. Damit dokumentiert er die Katastrophe von Paris. Rosnay hat ein Talent Fotos zu beschreiben, die es gar nicht gibt.&nbsp;<\/p>\n\n\n\n<p>Die Situation in der Stadt wird immer chaotischer. Es regnet weiter. Es werden Fragen gestellt. Warum wurde ein Krankenhaus in einem hochwassergef\u00e4hrdeten Gebiet gebaut? Wieso Wohnungen? Wieso hat man aus dem Hochwasser von 1910 nichts gelernt?<\/p>\n\n\n\n<p>Die Tage der Familie Malegarde werden zu einem Albtraum. Jeder hat seit dem Schlaganfall des Vaters mit seinen eigenen Problemen zu k\u00e4mpfen. Gleichzeitig mit dem Wasser der Seine steigen auch die Krisen der Familie auf ein kritisches Niveau an. Linden muss dringend mit seinem Vater \u00fcber seine Vergangenheit reden. Aber wie soll das gehen? Sein Vater ist zwar manchmal wach und aufmerksam, aber nicht in der Lage zu sprechen.&nbsp;<\/p>\n\n\n\n<h2 class=\"wp-block-heading\">Hochaktuelle Themen<\/h2>\n\n\n\n<p>Hochaktuelle Themen werden in \u201eF\u00fcnf Tage in Paris\u201c beschrieben. Klimakatastrophe, Katastrophentourismus, Sozialkompetenz, Traumata innerhalb der Familie, Homosexualt\u00e4t, Alkoholismus und einiges mehr. Alles wunderbar verflochten in dieser Familiengeschichte im regnerischen Paris. Eng beschriebene 300 Seiten lassen das Buch zu einem echten Leseerlebnis werden. De Rosnay verzichtet fast komplett auf w\u00f6rtliche Rede, was bei anderen Autoren h\u00e4ufig nicht immer leicht zu lesen ist. In diesem Buch f\u00e4llt es quasi kaum auf.  Die Parallelen der \u00fcberschwemmten Stadt mit der von Problemen \u00fcberh\u00e4uften Familie ist toll inszeniert. Mich hat Tatiana de Rosnay wieder einmal \u00fcberzeugt. Es ist ein Buch, das nach der letzten Seite nicht aufh\u00f6rt, mich zu besch\u00e4ftigen.\u00a0<\/p>\n\n\n\n<p>Wieso sind mir Linden eigentlich kein wirklicher Begriff? Dar\u00fcber muss ich unbedingt weiter recherchieren. Auf meinem letzten Besuch auf einem Friedhof sind mir diese tollen Linden aufgefallen. Das Buch von Peter Wohlleben wollte ich mir schon langen mal ansehen und nun steht es ziemlich weit oben auf meiner Liste.&nbsp;<\/p>\n\n\n\n<figure class=\"wp-block-image\"><img loading=\"lazy\" decoding=\"async\" width=\"640\" height=\"853\" src=\"https:\/\/leckerekekse.de\/wordpress\/wp-content\/uploads\/2019\/06\/Lindenallee.jpg\" alt=\"Lindenallee\" class=\"wp-image-13649\" srcset=\"https:\/\/leckerekekse.de\/wordpress\/wp-content\/uploads\/2019\/06\/Lindenallee.jpg 640w, https:\/\/leckerekekse.de\/wordpress\/wp-content\/uploads\/2019\/06\/Lindenallee-225x300.jpg 225w, https:\/\/leckerekekse.de\/wordpress\/wp-content\/uploads\/2019\/06\/Lindenallee-480x640.jpg 480w\" sizes=\"auto, (max-width: 640px) 100vw, 640px\" \/><figcaption>Der Friedhof in Gr\u00f6mitz<\/figcaption><\/figure>\n\n\n\n<p>Bei einer Freundin stand das Buch \u201e\u00dcber Fotografie\u201c im Regal. Jetzt liegt es hier bei mir. Obwohl ich mich sehr f\u00fcr Fotografie interessiere, war es mir bislang nicht aufgefallen.<\/p>\n\n\n\n<blockquote class=\"wp-block-quote is-layout-flow wp-block-quote-is-layout-flow\"><p>Aber im Grunde besteht ja auch seine Arbeit darin, auf den richtigen Moment zu warten. Um nichts anderes geht es beim Fotografieren \u2013 den einen gl\u00fccklichen Moment und die Kunst, dessen Magie in seinem Sucher einzufangen.<\/p><\/blockquote>\n\n\n\n<p>Der Starfotograf im Buch hat &#8211; wie sollte es anders sein &#8211; nat\u00fcrlich eine alte Leica. Ich habe mir inzwischen eine stattliche Sammlung alter Cameras zusammengesammelt. Aber eine Leica ist noch nicht darunter. So eine Kamera steht noch auf meiner Was-ich-in-meinem-Leben-gerne-noch-haben-m\u00f6chte-Liste. Am liebsten eine alte und ein neue. Also falls ihr noch irgendwo eine alte wertlose rumliegen habt, ich h\u00e4tte Interesse.<\/p>\n\n\n\n<h2 class=\"wp-block-heading\">Fazit<\/h2>\n\n\n\n<p>\u201eF\u00fcnf Tage in Paris\u201c ist das neuste Buch von Tatiana de Rosnay. Sie schreibt \u00fcber das hochwassergeplagte Paris und eine Familie, die ausgerechnet zu dieser Zeit ein harmonisches kleines Familientreffen organisiert hat. So wie das Wasser der Seine immer weiter steigt, so treten auch alte Konflikte einzelner Familienmitglieder aus der Vergangenheit hervor.<\/p>\n\n\n\n<p>Sehr gut geschrieben und sehr lesenswert, wenn man auf das romantische Paris verzichten kann.<br><\/p>\n\n\n\n<div class=\"wp-block-image\"><figure class=\"aligncenter\"><img loading=\"lazy\" decoding=\"async\" width=\"206\" height=\"97\" src=\"https:\/\/leckerekekse.de\/wordpress\/wp-content\/uploads\/2016\/04\/Scan-11.jpeg\" alt=\"\" class=\"wp-image-5966\"\/><\/figure><\/div>\n\n\n\n<p><br><\/p>\n","protected":false},"excerpt":{"rendered":"<p>Tatiana de Rosnay Ich bin wirklich untr\u00f6stlich. Eine meiner hoch gesch\u00e4tzten Autorinnen bringt ein neues Buch mit einem tollen Cover, aber einem etwas nichtssagenden Titel (&#8222;F\u00fcnf Tage in Paris&#8220;) heraus und ich bekomme es nur durch Zufall mit. Das geht doch gar nicht, oder? Ihre alten B\u00fccher haben feste Pl\u00e4tze im Regal, aber seit wir [&hellip;]<\/p>\n","protected":false},"author":1,"featured_media":13646,"comment_status":"open","ping_status":"open","sticky":false,"template":"","format":"standard","meta":{"footnotes":""},"categories":[1,3,788],"tags":[],"class_list":["post-13643","post","type-post","status-publish","format-standard","has-post-thumbnail","hentry","category-allgemein","category-buecher","category-rezension"],"yoast_head":"<!-- This site is optimized with the Yoast SEO plugin v27.5 - https:\/\/yoast.com\/product\/yoast-seo-wordpress\/ -->\n<title>[Rezension] F\u00fcnf Tage in Paris | Leckere Kekse &amp; mehr<\/title>\n<meta name=\"description\" content=\"Gro\u00dfe Freude \u00fcber das neue Buch von Tatiana de Rosnay. Ein eindringlicher Roman \u00fcber eine zum Gl\u00fcck fiktive Hochwasserkatatrophe in Paris\" \/>\n<meta name=\"robots\" content=\"index, follow, max-snippet:-1, max-image-preview:large, max-video-preview:-1\" \/>\n<link rel=\"canonical\" href=\"https:\/\/leckerekekse.de\/wordpress\/rezension-fuenf-tage-in-paris\/\" \/>\n<meta property=\"og:locale\" content=\"de_DE\" \/>\n<meta property=\"og:type\" content=\"article\" \/>\n<meta property=\"og:title\" content=\"[Rezension] F\u00fcnf Tage in Paris | Leckere Kekse &amp; mehr\" \/>\n<meta property=\"og:description\" content=\"Gro\u00dfe Freude \u00fcber das neue Buch von Tatiana de Rosnay. Ein eindringlicher Roman \u00fcber eine zum Gl\u00fcck fiktive Hochwasserkatatrophe in Paris\" \/>\n<meta property=\"og:url\" content=\"https:\/\/leckerekekse.de\/wordpress\/rezension-fuenf-tage-in-paris\/\" \/>\n<meta property=\"og:site_name\" content=\"Leckere Kekse &amp; mehr\" \/>\n<meta property=\"article:published_time\" content=\"2019-06-09T06:05:19+00:00\" \/>\n<meta property=\"og:image\" content=\"https:\/\/leckerekekse.de\/wordpress\/wp-content\/uploads\/2019\/06\/fuenftageinparis.jpg\" \/>\n\t<meta property=\"og:image:width\" content=\"640\" \/>\n\t<meta property=\"og:image:height\" content=\"854\" \/>\n\t<meta property=\"og:image:type\" content=\"image\/jpeg\" \/>\n<meta name=\"author\" content=\"Astrid\" \/>\n<meta name=\"twitter:label1\" content=\"Verfasst von\" \/>\n\t<meta name=\"twitter:data1\" content=\"Astrid\" \/>\n\t<meta name=\"twitter:label2\" content=\"Gesch\u00e4tzte Lesezeit\" \/>\n\t<meta name=\"twitter:data2\" content=\"5\u00a0Minuten\" \/>\n<script type=\"application\/ld+json\" class=\"yoast-schema-graph\">{\"@context\":\"https:\\\/\\\/schema.org\",\"@graph\":[{\"@type\":\"Article\",\"@id\":\"https:\\\/\\\/leckerekekse.de\\\/wordpress\\\/rezension-fuenf-tage-in-paris\\\/#article\",\"isPartOf\":{\"@id\":\"https:\\\/\\\/leckerekekse.de\\\/wordpress\\\/rezension-fuenf-tage-in-paris\\\/\"},\"author\":{\"name\":\"Astrid\",\"@id\":\"https:\\\/\\\/leckerekekse.de\\\/wordpress\\\/#\\\/schema\\\/person\\\/6e4b2658514a3b7423a1f323400bdc1b\"},\"headline\":\"[Rezension] F\u00fcnf Tage in Paris\",\"datePublished\":\"2019-06-09T06:05:19+00:00\",\"mainEntityOfPage\":{\"@id\":\"https:\\\/\\\/leckerekekse.de\\\/wordpress\\\/rezension-fuenf-tage-in-paris\\\/\"},\"wordCount\":978,\"commentCount\":2,\"publisher\":{\"@id\":\"https:\\\/\\\/leckerekekse.de\\\/wordpress\\\/#\\\/schema\\\/person\\\/6e4b2658514a3b7423a1f323400bdc1b\"},\"image\":{\"@id\":\"https:\\\/\\\/leckerekekse.de\\\/wordpress\\\/rezension-fuenf-tage-in-paris\\\/#primaryimage\"},\"thumbnailUrl\":\"https:\\\/\\\/leckerekekse.de\\\/wordpress\\\/wp-content\\\/uploads\\\/2019\\\/06\\\/fuenftageinparis.jpg\",\"articleSection\":{\"1\":\"B\u00fccher\",\"2\":\"Rezension\"},\"inLanguage\":\"de\",\"potentialAction\":[{\"@type\":\"CommentAction\",\"name\":\"Comment\",\"target\":[\"https:\\\/\\\/leckerekekse.de\\\/wordpress\\\/rezension-fuenf-tage-in-paris\\\/#respond\"]}]},{\"@type\":\"WebPage\",\"@id\":\"https:\\\/\\\/leckerekekse.de\\\/wordpress\\\/rezension-fuenf-tage-in-paris\\\/\",\"url\":\"https:\\\/\\\/leckerekekse.de\\\/wordpress\\\/rezension-fuenf-tage-in-paris\\\/\",\"name\":\"[Rezension] F\u00fcnf Tage in Paris | Leckere Kekse &amp; mehr\",\"isPartOf\":{\"@id\":\"https:\\\/\\\/leckerekekse.de\\\/wordpress\\\/#website\"},\"primaryImageOfPage\":{\"@id\":\"https:\\\/\\\/leckerekekse.de\\\/wordpress\\\/rezension-fuenf-tage-in-paris\\\/#primaryimage\"},\"image\":{\"@id\":\"https:\\\/\\\/leckerekekse.de\\\/wordpress\\\/rezension-fuenf-tage-in-paris\\\/#primaryimage\"},\"thumbnailUrl\":\"https:\\\/\\\/leckerekekse.de\\\/wordpress\\\/wp-content\\\/uploads\\\/2019\\\/06\\\/fuenftageinparis.jpg\",\"datePublished\":\"2019-06-09T06:05:19+00:00\",\"description\":\"Gro\u00dfe Freude \u00fcber das neue Buch von Tatiana de Rosnay. Ein eindringlicher Roman \u00fcber eine zum Gl\u00fcck fiktive Hochwasserkatatrophe in Paris\",\"breadcrumb\":{\"@id\":\"https:\\\/\\\/leckerekekse.de\\\/wordpress\\\/rezension-fuenf-tage-in-paris\\\/#breadcrumb\"},\"inLanguage\":\"de\",\"potentialAction\":[{\"@type\":\"ReadAction\",\"target\":[\"https:\\\/\\\/leckerekekse.de\\\/wordpress\\\/rezension-fuenf-tage-in-paris\\\/\"]}]},{\"@type\":\"ImageObject\",\"inLanguage\":\"de\",\"@id\":\"https:\\\/\\\/leckerekekse.de\\\/wordpress\\\/rezension-fuenf-tage-in-paris\\\/#primaryimage\",\"url\":\"https:\\\/\\\/leckerekekse.de\\\/wordpress\\\/wp-content\\\/uploads\\\/2019\\\/06\\\/fuenftageinparis.jpg\",\"contentUrl\":\"https:\\\/\\\/leckerekekse.de\\\/wordpress\\\/wp-content\\\/uploads\\\/2019\\\/06\\\/fuenftageinparis.jpg\",\"width\":640,\"height\":854,\"caption\":\"F\u00fcnf Tage in Paris\"},{\"@type\":\"BreadcrumbList\",\"@id\":\"https:\\\/\\\/leckerekekse.de\\\/wordpress\\\/rezension-fuenf-tage-in-paris\\\/#breadcrumb\",\"itemListElement\":[{\"@type\":\"ListItem\",\"position\":1,\"name\":\"Home\",\"item\":\"https:\\\/\\\/leckerekekse.de\\\/wordpress\\\/\"},{\"@type\":\"ListItem\",\"position\":2,\"name\":\"[Rezension] F\u00fcnf Tage in Paris\"}]},{\"@type\":\"WebSite\",\"@id\":\"https:\\\/\\\/leckerekekse.de\\\/wordpress\\\/#website\",\"url\":\"https:\\\/\\\/leckerekekse.de\\\/wordpress\\\/\",\"name\":\"Leckere Kekse &amp; mehr\",\"description\":\"Kekse backen, B\u00fccher lesen und mehr\",\"publisher\":{\"@id\":\"https:\\\/\\\/leckerekekse.de\\\/wordpress\\\/#\\\/schema\\\/person\\\/6e4b2658514a3b7423a1f323400bdc1b\"},\"potentialAction\":[{\"@type\":\"SearchAction\",\"target\":{\"@type\":\"EntryPoint\",\"urlTemplate\":\"https:\\\/\\\/leckerekekse.de\\\/wordpress\\\/?s={search_term_string}\"},\"query-input\":{\"@type\":\"PropertyValueSpecification\",\"valueRequired\":true,\"valueName\":\"search_term_string\"}}],\"inLanguage\":\"de\"},{\"@type\":[\"Person\",\"Organization\"],\"@id\":\"https:\\\/\\\/leckerekekse.de\\\/wordpress\\\/#\\\/schema\\\/person\\\/6e4b2658514a3b7423a1f323400bdc1b\",\"name\":\"Astrid\",\"logo\":{\"@id\":\"https:\\\/\\\/leckerekekse.de\\\/wordpress\\\/#\\\/schema\\\/person\\\/image\\\/\"},\"sameAs\":[\"https:\\\/\\\/leckerekekse.de\\\/wordpress\"]}]}<\/script>\n<!-- \/ Yoast SEO plugin. -->","yoast_head_json":{"title":"[Rezension] F\u00fcnf Tage in Paris | Leckere Kekse &amp; mehr","description":"Gro\u00dfe Freude \u00fcber das neue Buch von Tatiana de Rosnay. Ein eindringlicher Roman \u00fcber eine zum Gl\u00fcck fiktive Hochwasserkatatrophe in Paris","robots":{"index":"index","follow":"follow","max-snippet":"max-snippet:-1","max-image-preview":"max-image-preview:large","max-video-preview":"max-video-preview:-1"},"canonical":"https:\/\/leckerekekse.de\/wordpress\/rezension-fuenf-tage-in-paris\/","og_locale":"de_DE","og_type":"article","og_title":"[Rezension] F\u00fcnf Tage in Paris | Leckere Kekse &amp; mehr","og_description":"Gro\u00dfe Freude \u00fcber das neue Buch von Tatiana de Rosnay. Ein eindringlicher Roman \u00fcber eine zum Gl\u00fcck fiktive Hochwasserkatatrophe in Paris","og_url":"https:\/\/leckerekekse.de\/wordpress\/rezension-fuenf-tage-in-paris\/","og_site_name":"Leckere Kekse &amp; mehr","article_published_time":"2019-06-09T06:05:19+00:00","og_image":[{"width":640,"height":854,"url":"https:\/\/leckerekekse.de\/wordpress\/wp-content\/uploads\/2019\/06\/fuenftageinparis.jpg","type":"image\/jpeg"}],"author":"Astrid","twitter_misc":{"Verfasst von":"Astrid","Gesch\u00e4tzte Lesezeit":"5\u00a0Minuten"},"schema":{"@context":"https:\/\/schema.org","@graph":[{"@type":"Article","@id":"https:\/\/leckerekekse.de\/wordpress\/rezension-fuenf-tage-in-paris\/#article","isPartOf":{"@id":"https:\/\/leckerekekse.de\/wordpress\/rezension-fuenf-tage-in-paris\/"},"author":{"name":"Astrid","@id":"https:\/\/leckerekekse.de\/wordpress\/#\/schema\/person\/6e4b2658514a3b7423a1f323400bdc1b"},"headline":"[Rezension] F\u00fcnf Tage in Paris","datePublished":"2019-06-09T06:05:19+00:00","mainEntityOfPage":{"@id":"https:\/\/leckerekekse.de\/wordpress\/rezension-fuenf-tage-in-paris\/"},"wordCount":978,"commentCount":2,"publisher":{"@id":"https:\/\/leckerekekse.de\/wordpress\/#\/schema\/person\/6e4b2658514a3b7423a1f323400bdc1b"},"image":{"@id":"https:\/\/leckerekekse.de\/wordpress\/rezension-fuenf-tage-in-paris\/#primaryimage"},"thumbnailUrl":"https:\/\/leckerekekse.de\/wordpress\/wp-content\/uploads\/2019\/06\/fuenftageinparis.jpg","articleSection":{"1":"B\u00fccher","2":"Rezension"},"inLanguage":"de","potentialAction":[{"@type":"CommentAction","name":"Comment","target":["https:\/\/leckerekekse.de\/wordpress\/rezension-fuenf-tage-in-paris\/#respond"]}]},{"@type":"WebPage","@id":"https:\/\/leckerekekse.de\/wordpress\/rezension-fuenf-tage-in-paris\/","url":"https:\/\/leckerekekse.de\/wordpress\/rezension-fuenf-tage-in-paris\/","name":"[Rezension] F\u00fcnf Tage in Paris | Leckere Kekse &amp; mehr","isPartOf":{"@id":"https:\/\/leckerekekse.de\/wordpress\/#website"},"primaryImageOfPage":{"@id":"https:\/\/leckerekekse.de\/wordpress\/rezension-fuenf-tage-in-paris\/#primaryimage"},"image":{"@id":"https:\/\/leckerekekse.de\/wordpress\/rezension-fuenf-tage-in-paris\/#primaryimage"},"thumbnailUrl":"https:\/\/leckerekekse.de\/wordpress\/wp-content\/uploads\/2019\/06\/fuenftageinparis.jpg","datePublished":"2019-06-09T06:05:19+00:00","description":"Gro\u00dfe Freude \u00fcber das neue Buch von Tatiana de Rosnay. Ein eindringlicher Roman \u00fcber eine zum Gl\u00fcck fiktive Hochwasserkatatrophe in Paris","breadcrumb":{"@id":"https:\/\/leckerekekse.de\/wordpress\/rezension-fuenf-tage-in-paris\/#breadcrumb"},"inLanguage":"de","potentialAction":[{"@type":"ReadAction","target":["https:\/\/leckerekekse.de\/wordpress\/rezension-fuenf-tage-in-paris\/"]}]},{"@type":"ImageObject","inLanguage":"de","@id":"https:\/\/leckerekekse.de\/wordpress\/rezension-fuenf-tage-in-paris\/#primaryimage","url":"https:\/\/leckerekekse.de\/wordpress\/wp-content\/uploads\/2019\/06\/fuenftageinparis.jpg","contentUrl":"https:\/\/leckerekekse.de\/wordpress\/wp-content\/uploads\/2019\/06\/fuenftageinparis.jpg","width":640,"height":854,"caption":"F\u00fcnf Tage in Paris"},{"@type":"BreadcrumbList","@id":"https:\/\/leckerekekse.de\/wordpress\/rezension-fuenf-tage-in-paris\/#breadcrumb","itemListElement":[{"@type":"ListItem","position":1,"name":"Home","item":"https:\/\/leckerekekse.de\/wordpress\/"},{"@type":"ListItem","position":2,"name":"[Rezension] F\u00fcnf Tage in Paris"}]},{"@type":"WebSite","@id":"https:\/\/leckerekekse.de\/wordpress\/#website","url":"https:\/\/leckerekekse.de\/wordpress\/","name":"Leckere Kekse &amp; mehr","description":"Kekse backen, B\u00fccher lesen und mehr","publisher":{"@id":"https:\/\/leckerekekse.de\/wordpress\/#\/schema\/person\/6e4b2658514a3b7423a1f323400bdc1b"},"potentialAction":[{"@type":"SearchAction","target":{"@type":"EntryPoint","urlTemplate":"https:\/\/leckerekekse.de\/wordpress\/?s={search_term_string}"},"query-input":{"@type":"PropertyValueSpecification","valueRequired":true,"valueName":"search_term_string"}}],"inLanguage":"de"},{"@type":["Person","Organization"],"@id":"https:\/\/leckerekekse.de\/wordpress\/#\/schema\/person\/6e4b2658514a3b7423a1f323400bdc1b","name":"Astrid","logo":{"@id":"https:\/\/leckerekekse.de\/wordpress\/#\/schema\/person\/image\/"},"sameAs":["https:\/\/leckerekekse.de\/wordpress"]}]}},"_links":{"self":[{"href":"https:\/\/leckerekekse.de\/wordpress\/wp-json\/wp\/v2\/posts\/13643","targetHints":{"allow":["GET"]}}],"collection":[{"href":"https:\/\/leckerekekse.de\/wordpress\/wp-json\/wp\/v2\/posts"}],"about":[{"href":"https:\/\/leckerekekse.de\/wordpress\/wp-json\/wp\/v2\/types\/post"}],"author":[{"embeddable":true,"href":"https:\/\/leckerekekse.de\/wordpress\/wp-json\/wp\/v2\/users\/1"}],"replies":[{"embeddable":true,"href":"https:\/\/leckerekekse.de\/wordpress\/wp-json\/wp\/v2\/comments?post=13643"}],"version-history":[{"count":3,"href":"https:\/\/leckerekekse.de\/wordpress\/wp-json\/wp\/v2\/posts\/13643\/revisions"}],"predecessor-version":[{"id":13657,"href":"https:\/\/leckerekekse.de\/wordpress\/wp-json\/wp\/v2\/posts\/13643\/revisions\/13657"}],"wp:featuredmedia":[{"embeddable":true,"href":"https:\/\/leckerekekse.de\/wordpress\/wp-json\/wp\/v2\/media\/13646"}],"wp:attachment":[{"href":"https:\/\/leckerekekse.de\/wordpress\/wp-json\/wp\/v2\/media?parent=13643"}],"wp:term":[{"taxonomy":"category","embeddable":true,"href":"https:\/\/leckerekekse.de\/wordpress\/wp-json\/wp\/v2\/categories?post=13643"},{"taxonomy":"post_tag","embeddable":true,"href":"https:\/\/leckerekekse.de\/wordpress\/wp-json\/wp\/v2\/tags?post=13643"}],"curies":[{"name":"wp","href":"https:\/\/api.w.org\/{rel}","templated":true}]}}