{"id":13675,"date":"2019-06-16T08:15:45","date_gmt":"2019-06-16T06:15:45","guid":{"rendered":"https:\/\/leckerekekse.de\/wordpress\/?p=13675"},"modified":"2020-08-26T18:07:34","modified_gmt":"2020-08-26T16:07:34","slug":"food-fotografie-workshop","status":"publish","type":"post","link":"https:\/\/leckerekekse.de\/wordpress\/food-fotografie-workshop\/","title":{"rendered":"Food-Fotografie-Workshop: Mein Fotohighlight des Jahres"},"content":{"rendered":"\n<figure class=\"wp-block-image\"><img loading=\"lazy\" decoding=\"async\" width=\"640\" height=\"513\" src=\"https:\/\/leckerekekse.de\/wordpress\/wp-content\/uploads\/2019\/06\/Ergebnis.jpg\" alt=\"Fotoworkshop bei Martin Willmann\" class=\"wp-image-13676\" srcset=\"https:\/\/leckerekekse.de\/wordpress\/wp-content\/uploads\/2019\/06\/Ergebnis.jpg 640w, https:\/\/leckerekekse.de\/wordpress\/wp-content\/uploads\/2019\/06\/Ergebnis-300x240.jpg 300w\" sizes=\"auto, (max-width: 640px) 100vw, 640px\" \/><\/figure>\n\n\n\n<h2 class=\"wp-block-heading\">Mein Food-Fotografie-Coaching<\/h2>\n\n\n\n<p>Meine beiden gro\u00dfen Hobbys (Lesen und Fotografie) k\u00e4mpfen gerade ganz stark um meine Gunst. Allm\u00e4hlich denke ich, die Fotografie macht dieses Jahr das Rennen.<\/p>\n\n\n\n<p>Ich fotografiere eigentlich alles. Mit meiner Fotogruppe gibt es monatlich neue Themen und so lichte ich auch viele Dinge ab, an denen mein Herz nicht unbedingt h\u00e4ngt. Aber das ist gut so, denn manchmal ist es auch eine Chance, sich mit neuem auseinander zu setzen. Seit ich den Blog habe, sind B\u00fccher und Kekse nat\u00fcrlich sehr in den Fokus getreten. Aber wenn ich ehrlich bin, hatte ich nie den Wunsch, diese Keksbilder zu perfektionieren. Erst in den letzten Monaten habe ich mich dabei ertappt, dass ich mir die Foodbilder auf Instagram mit einem immer gr\u00f6\u00dfer werdenden Interesse angeschaut habe.&nbsp;<\/p>\n\n\n\n<!--more-->\n\n\n\n<p>Dabei bin ich immer h\u00e4ufiger auf Martin gestossen. Er hat sich die Foodfotografie selbst beigebracht und zaubert immer h\u00e4ufiger Bilder, bei denen ich einfach nur WOW sage. Es macht mir viel Spa\u00df, seine Ergebnisse zu betrachten. Als er k\u00fcrzlich berichtete, dass er jetzt auch Workshops anbietet, stand mein Entschluss sofort fest. Das mache ich!\u00a0<\/p>\n\n\n\n<h2 class=\"wp-block-heading\">Food-Fotografie-Workshop f\u00fcr Fortgeschrittene<\/h2>\n\n\n\n<p>Immer h\u00e4ufiger merke ich, dass es sehr schwierig ist, Angebote f\u00fcr Fotoworkshops zu finden, die nicht bei den Basics anfangen. Fast immer sind diese Kurse f\u00fcr Anf\u00e4nger ausgelegt, da langweile ich mich leider ziemlich, wenn es um ISO, Blende und Co geht. Meine L\u00fccken liegen ganz woanders. Und so ist mir schon lange klar gewesen, dass ich was spezielleres brauche. Durch die r\u00e4umliche N\u00e4he passte das Angebot von Martin dann perfekt.<\/p>\n\n\n\n<h2 class=\"wp-block-heading\">Ein Tag nur f\u00fcr mich<\/h2>\n\n\n\n<p>Ich stimmte mit ihm die Themen ab, die ich gerne bearbeiten wollte. Wir verabredeten uns f\u00fcr einen Tag in naher Zukunft, ich versprach Kekse mitzubringen und nat\u00fcrlich meine Ausr\u00fcstung.&nbsp;<\/p>\n\n\n\n<p>Ich dachte, ich k\u00f6nnte gleich zwei Fliegen mit einer Klappe schlagen und bereitete neue Kekse vor, die ich bald mal auf dem Blog ver\u00f6ffentlichen wollte. Das war ein kompletter Reinfall. Schwarze <a href=\"https:\/\/leckerekekse.de\/wordpress\/macarons-ein-erfolgserlebnis\/\" target=\"_blank\" rel=\"noreferrer noopener\" aria-label=\"Macarons  (\u00f6ffnet in neuem Tab)\">Macarons <\/a>habe ich nicht hinbekommen \u2013 naja, dann wurden es rote, die hatte ich schon h\u00e4ufig gemacht. Ein wenig Nussnugatcreme dazwischen und fertig.&nbsp;<\/p>\n\n\n\n<p>Die <a href=\"https:\/\/leckerekekse.de\/wordpress\/kamera-kekse-backen-fuer-eine-foto-ausstellung\/\">Kamerakekse<\/a> hatte ich \u00fcberhaupt nicht geplant. Das war eine ganz spontane Idee, weil mir n\u00e4mlich der Keksausstecher in die H\u00e4nde fiel.<\/p>\n\n\n\n<figure class=\"wp-block-image\"><img loading=\"lazy\" decoding=\"async\" width=\"631\" height=\"573\" src=\"https:\/\/leckerekekse.de\/wordpress\/wp-content\/uploads\/2019\/06\/food-workshop-styling.png\" alt=\"Food-Fotografie-Workshop\" class=\"wp-image-13680\" srcset=\"https:\/\/leckerekekse.de\/wordpress\/wp-content\/uploads\/2019\/06\/food-workshop-styling.png 631w, https:\/\/leckerekekse.de\/wordpress\/wp-content\/uploads\/2019\/06\/food-workshop-styling-300x272.png 300w\" sizes=\"auto, (max-width: 631px) 100vw, 631px\" \/><\/figure>\n\n\n\n<p>An einem Freitagmorgen packte ich mein Auto voll mit allen Keksen, Kameraausr\u00fcstung und Props und fuhr gutgelaunt, aber auch etwas aufgeregt ins Alte Land. Zum Gl\u00fcck war die Obstbl\u00fcte schon vorbei, sonst h\u00e4tte ich wohl noch den ein oder anderen Fotostop einlegen m\u00fcssen.<\/p>\n\n\n\n<h2 class=\"wp-block-heading\">Ohne Theorie geht es nicht!<\/h2>\n\n\n\n<p>Ohne Theorie ging es nat\u00fcrlich nicht! Aber Martin hatte seinen Theorieteil an meine Kenntnisse angepasst und so lernte ich das, was ich brauchte. Was aber manchmal viel wertvoller war, war der Austausch. Jeder Fotograf hat seine eigene Arbeitsweise, die leider manchmal zu sehr in Fleisch und Blut \u00fcbergeht. Da ist es gut, mal zu sehen, wie andere das machen. Martin hat mich sehr motiviert, mehr zu planen und nicht einfach loszulegen.&nbsp;<br><\/p>\n\n\n\n<p>Nachdem wir unseren ersten Setaufbau geplant hatten, gingen wir an den Praxisteil. Nach und nach entwickelte sich auf Martins Bildschirm ein Foodfoto, mit dem wir beide zufrieden waren. Manchmal war es Millimeterarbeit. Wo liegt ein Kr\u00fcmel am besten? Brauchen wir noch eine Serviette? Wo ist der Fokus? Ihr glaubt ja gar nicht, auf was man alles achten muss.<\/p>\n\n\n\n<p>Wir waren beide mit viel Energie und Freude bei der Sache, so dass wir gar nicht merkten, wie schnell die Zeit verging. Fast h\u00e4tten wir den Mittagssnack vergessen, den Martin vorbereitet hatte.<\/p>\n\n\n\n<figure class=\"wp-block-image\"><img loading=\"lazy\" decoding=\"async\" width=\"640\" height=\"853\" src=\"https:\/\/leckerekekse.de\/wordpress\/wp-content\/uploads\/2019\/06\/pizza-muffins.jpg\" alt=\"\" class=\"wp-image-13678\" srcset=\"https:\/\/leckerekekse.de\/wordpress\/wp-content\/uploads\/2019\/06\/pizza-muffins.jpg 640w, https:\/\/leckerekekse.de\/wordpress\/wp-content\/uploads\/2019\/06\/pizza-muffins-225x300.jpg 225w, https:\/\/leckerekekse.de\/wordpress\/wp-content\/uploads\/2019\/06\/pizza-muffins-480x640.jpg 480w\" sizes=\"auto, (max-width: 640px) 100vw, 640px\" \/><\/figure>\n\n\n\n<h2 class=\"wp-block-heading\">Fotografie und Styling<\/h2>\n\n\n\n<p>Am Nachmittag ging es dann weiter mit stylen und fotografieren. Eigentlich wollte ich Martin auch noch bei der Bildbearbeitung \u00fcber die Schulter gucken, aber das machten wir nur nebenbei, weil die Zeit einfach viel zu schnell vorbei ging.&nbsp;<\/p>\n\n\n\n<p>Nach 8 Stunden intensiven Arbeitens ging es f\u00fcr mich wieder zur\u00fcck auf die andere Elbseite, wo ich noch voll motiviert meine Notizen vervollst\u00e4ndigte. Am n\u00e4chsten Morgen brach dann das Chaos in meinem Kopf aus und ich brauchte ein wenig Abstand.&nbsp;<\/p>\n\n\n\n<figure class=\"wp-block-image\"><img loading=\"lazy\" decoding=\"async\" width=\"640\" height=\"853\" src=\"https:\/\/leckerekekse.de\/wordpress\/wp-content\/uploads\/2019\/06\/food-workshop-kekse-blog.jpg\" alt=\"Behind the scenes\" class=\"wp-image-13679\" srcset=\"https:\/\/leckerekekse.de\/wordpress\/wp-content\/uploads\/2019\/06\/food-workshop-kekse-blog.jpg 640w, https:\/\/leckerekekse.de\/wordpress\/wp-content\/uploads\/2019\/06\/food-workshop-kekse-blog-225x300.jpg 225w, https:\/\/leckerekekse.de\/wordpress\/wp-content\/uploads\/2019\/06\/food-workshop-kekse-blog-480x640.jpg 480w\" sizes=\"auto, (max-width: 640px) 100vw, 640px\" \/><\/figure>\n\n\n\n<p>Und nun? Ich schaue mir Fotos mit anderen Augen an, sehe ein wenig anders als vorher und hoffe, dass sich das auch auf meine zuk\u00fcnftigen Fotos auswirken wird. Ich bin sehr gespannt.&nbsp;<\/p>\n\n\n\n<p>Der Tag bei Martin war sehr inspiriend f\u00fcr mich, es hat unheimlich viel Spa\u00df gemacht. Ich konnte Fragen ohne Ende stellen und hatte nie das Gef\u00fchl, dass es langweilig ist. F\u00fcr mich war es perfekt.<\/p>\n\n\n\n<p>Zum Schluss haben wir noch etwas rumgesponnen. Ob es wohl Leute gibt, die Spa\u00df an einem Workshop haben, in dem wir das Keksebacken mit dem Fotografieren verbinden? Wenn ja, werden wir das im Herbst anbieten!<\/p>\n\n\n\n<p>Vielen Dank an Martin f\u00fcr diesen ereignisreichen Tag! <br><\/p>\n\n\n\n<div class=\"wp-block-image\"><figure class=\"aligncenter\"><img loading=\"lazy\" decoding=\"async\" width=\"206\" height=\"97\" src=\"https:\/\/leckerekekse.de\/wordpress\/wp-content\/uploads\/2016\/04\/Scan-11.jpeg\" alt=\"\" class=\"wp-image-5966\"\/><\/figure><\/div>\n\n\n\n<p>PS: Die Fotos, die wir zusammen fotografiert haben, sind \u00fcbrigens auch alle in dem Kalender zu sehen, den ich f\u00fcr 2020 entwickelt habe. Es gibt ihn jetzt im Buchhandel zu kaufen. Ansehen k\u00f6nnest ihr ihn euch <a rel=\"noreferrer noopener\" aria-label=\"hier (\u00f6ffnet in neuem Tab)\" href=\"https:\/\/www.amazon.de\/Jahr-Kekse-Tischkalender-2020-hoch\/dp\/3671196157\/ref=sr_1_1?__mk_de_DE=\u00c5M\u00c5\u017d\u00d5\u00d1&amp;keywords=kalender+kekse+calvendo+meine&amp;qid=1560449577&amp;s=gateway&amp;sr=8-1\" target=\"_blank\">hier<\/a>. Verlagsmenschen glauben ja nicht, dass Kekskalender nachgefragt werden. Irgendwie glauben die meisten, dass Kekse ein Weihnachtsprodukt sind. Das ist bei Silvia und mir nicht so. Wir backen das ganze Jahr \u00fcber Kekse und w\u00fcrden uns \u00fcber mehr Kekskalender sehr freuen.<\/p>\n\n\n\n<p>PPS: Ihr m\u00f6chtet die Husarenkrapferl nachbacken? Hier ist das <a rel=\"noreferrer noopener\" aria-label=\"Rezept (\u00f6ffnet in neuem Tab)\" href=\"https:\/\/leckerekekse.de\/wordpress\/husarenkrapferl-rezept\/\" target=\"_blank\">Rezept<\/a>.<\/p>\n","protected":false},"excerpt":{"rendered":"<p>Mein Food-Fotografie-Coaching Meine beiden gro\u00dfen Hobbys (Lesen und Fotografie) k\u00e4mpfen gerade ganz stark um meine Gunst. Allm\u00e4hlich denke ich, die Fotografie macht dieses Jahr das Rennen. Ich fotografiere eigentlich alles. Mit meiner Fotogruppe gibt es monatlich neue Themen und so lichte ich auch viele Dinge ab, an denen mein Herz nicht unbedingt h\u00e4ngt. Aber das [&hellip;]<\/p>\n","protected":false},"author":1,"featured_media":13676,"comment_status":"open","ping_status":"open","sticky":false,"template":"","format":"standard","meta":{"footnotes":""},"categories":[1,4,19],"tags":[1222,1223,387],"class_list":["post-13675","post","type-post","status-publish","format-standard","has-post-thumbnail","hentry","category-allgemein","category-photography","category-veranstaltungen","tag-coaching","tag-food","tag-fotografie"],"yoast_head":"<!-- This site is optimized with the Yoast SEO plugin v27.5 - https:\/\/yoast.com\/product\/yoast-seo-wordpress\/ -->\n<title>Food-Fotografie-Workshop: Mein Fotohighlight des Jahres | Leckere Kekse &amp; mehr<\/title>\n<meta name=\"description\" content=\"Mein Fotohighlight des Jahres steht jetzt schon fest. Ich habe mir einen Food-Fotografie-Workshop geg\u00f6nnt. Und zwar einen ganz f\u00fcr mich alleine.\" \/>\n<meta name=\"robots\" content=\"index, follow, max-snippet:-1, max-image-preview:large, max-video-preview:-1\" \/>\n<link rel=\"canonical\" href=\"https:\/\/leckerekekse.de\/wordpress\/food-fotografie-workshop\/\" \/>\n<meta property=\"og:locale\" content=\"de_DE\" \/>\n<meta property=\"og:type\" content=\"article\" \/>\n<meta property=\"og:title\" content=\"Food-Fotografie-Workshop: Mein Fotohighlight des Jahres | Leckere Kekse &amp; mehr\" \/>\n<meta property=\"og:description\" content=\"Mein Fotohighlight des Jahres steht jetzt schon fest. Ich habe mir einen Food-Fotografie-Workshop geg\u00f6nnt. Und zwar einen ganz f\u00fcr mich alleine.\" \/>\n<meta property=\"og:url\" content=\"https:\/\/leckerekekse.de\/wordpress\/food-fotografie-workshop\/\" \/>\n<meta property=\"og:site_name\" content=\"Leckere Kekse &amp; mehr\" \/>\n<meta property=\"article:published_time\" content=\"2019-06-16T06:15:45+00:00\" \/>\n<meta property=\"article:modified_time\" content=\"2020-08-26T16:07:34+00:00\" \/>\n<meta property=\"og:image\" content=\"https:\/\/leckerekekse.de\/wordpress\/wp-content\/uploads\/2019\/06\/Ergebnis.jpg\" \/>\n\t<meta property=\"og:image:width\" content=\"640\" \/>\n\t<meta property=\"og:image:height\" content=\"513\" \/>\n\t<meta property=\"og:image:type\" content=\"image\/jpeg\" \/>\n<meta name=\"author\" content=\"Astrid\" \/>\n<meta name=\"twitter:label1\" content=\"Verfasst von\" \/>\n\t<meta name=\"twitter:data1\" content=\"Astrid\" \/>\n\t<meta name=\"twitter:label2\" content=\"Gesch\u00e4tzte Lesezeit\" \/>\n\t<meta name=\"twitter:data2\" content=\"5\u00a0Minuten\" \/>\n<script type=\"application\/ld+json\" class=\"yoast-schema-graph\">{\"@context\":\"https:\\\/\\\/schema.org\",\"@graph\":[{\"@type\":\"Article\",\"@id\":\"https:\\\/\\\/leckerekekse.de\\\/wordpress\\\/food-fotografie-workshop\\\/#article\",\"isPartOf\":{\"@id\":\"https:\\\/\\\/leckerekekse.de\\\/wordpress\\\/food-fotografie-workshop\\\/\"},\"author\":{\"name\":\"Astrid\",\"@id\":\"https:\\\/\\\/leckerekekse.de\\\/wordpress\\\/#\\\/schema\\\/person\\\/8f45748de22f11ca6e316da813f59b85\"},\"headline\":\"Food-Fotografie-Workshop: Mein Fotohighlight des Jahres\",\"datePublished\":\"2019-06-16T06:15:45+00:00\",\"dateModified\":\"2020-08-26T16:07:34+00:00\",\"mainEntityOfPage\":{\"@id\":\"https:\\\/\\\/leckerekekse.de\\\/wordpress\\\/food-fotografie-workshop\\\/\"},\"wordCount\":907,\"commentCount\":6,\"publisher\":{\"@id\":\"https:\\\/\\\/leckerekekse.de\\\/wordpress\\\/#\\\/schema\\\/person\\\/8f45748de22f11ca6e316da813f59b85\"},\"image\":{\"@id\":\"https:\\\/\\\/leckerekekse.de\\\/wordpress\\\/food-fotografie-workshop\\\/#primaryimage\"},\"thumbnailUrl\":\"https:\\\/\\\/leckerekekse.de\\\/wordpress\\\/wp-content\\\/uploads\\\/2019\\\/06\\\/Ergebnis.jpg\",\"keywords\":[\"Coaching\",\"Food\",\"Fotografie\"],\"articleSection\":{\"1\":\"Photography\",\"2\":\"Veranstaltungen\"},\"inLanguage\":\"de\",\"potentialAction\":[{\"@type\":\"CommentAction\",\"name\":\"Comment\",\"target\":[\"https:\\\/\\\/leckerekekse.de\\\/wordpress\\\/food-fotografie-workshop\\\/#respond\"]}]},{\"@type\":\"WebPage\",\"@id\":\"https:\\\/\\\/leckerekekse.de\\\/wordpress\\\/food-fotografie-workshop\\\/\",\"url\":\"https:\\\/\\\/leckerekekse.de\\\/wordpress\\\/food-fotografie-workshop\\\/\",\"name\":\"Food-Fotografie-Workshop: Mein Fotohighlight des Jahres | Leckere Kekse &amp; mehr\",\"isPartOf\":{\"@id\":\"https:\\\/\\\/leckerekekse.de\\\/wordpress\\\/#website\"},\"primaryImageOfPage\":{\"@id\":\"https:\\\/\\\/leckerekekse.de\\\/wordpress\\\/food-fotografie-workshop\\\/#primaryimage\"},\"image\":{\"@id\":\"https:\\\/\\\/leckerekekse.de\\\/wordpress\\\/food-fotografie-workshop\\\/#primaryimage\"},\"thumbnailUrl\":\"https:\\\/\\\/leckerekekse.de\\\/wordpress\\\/wp-content\\\/uploads\\\/2019\\\/06\\\/Ergebnis.jpg\",\"datePublished\":\"2019-06-16T06:15:45+00:00\",\"dateModified\":\"2020-08-26T16:07:34+00:00\",\"description\":\"Mein Fotohighlight des Jahres steht jetzt schon fest. Ich habe mir einen Food-Fotografie-Workshop geg\u00f6nnt. Und zwar einen ganz f\u00fcr mich alleine.\",\"breadcrumb\":{\"@id\":\"https:\\\/\\\/leckerekekse.de\\\/wordpress\\\/food-fotografie-workshop\\\/#breadcrumb\"},\"inLanguage\":\"de\",\"potentialAction\":[{\"@type\":\"ReadAction\",\"target\":[\"https:\\\/\\\/leckerekekse.de\\\/wordpress\\\/food-fotografie-workshop\\\/\"]}]},{\"@type\":\"ImageObject\",\"inLanguage\":\"de\",\"@id\":\"https:\\\/\\\/leckerekekse.de\\\/wordpress\\\/food-fotografie-workshop\\\/#primaryimage\",\"url\":\"https:\\\/\\\/leckerekekse.de\\\/wordpress\\\/wp-content\\\/uploads\\\/2019\\\/06\\\/Ergebnis.jpg\",\"contentUrl\":\"https:\\\/\\\/leckerekekse.de\\\/wordpress\\\/wp-content\\\/uploads\\\/2019\\\/06\\\/Ergebnis.jpg\",\"width\":640,\"height\":513,\"caption\":\"Fotografie-Coaching\"},{\"@type\":\"BreadcrumbList\",\"@id\":\"https:\\\/\\\/leckerekekse.de\\\/wordpress\\\/food-fotografie-workshop\\\/#breadcrumb\",\"itemListElement\":[{\"@type\":\"ListItem\",\"position\":1,\"name\":\"Home\",\"item\":\"https:\\\/\\\/leckerekekse.de\\\/wordpress\\\/\"},{\"@type\":\"ListItem\",\"position\":2,\"name\":\"Food-Fotografie-Workshop: Mein Fotohighlight des Jahres\"}]},{\"@type\":\"WebSite\",\"@id\":\"https:\\\/\\\/leckerekekse.de\\\/wordpress\\\/#website\",\"url\":\"https:\\\/\\\/leckerekekse.de\\\/wordpress\\\/\",\"name\":\"Leckere Kekse &amp; mehr\",\"description\":\"Kekse backen, B\u00fccher lesen und mehr\",\"publisher\":{\"@id\":\"https:\\\/\\\/leckerekekse.de\\\/wordpress\\\/#\\\/schema\\\/person\\\/8f45748de22f11ca6e316da813f59b85\"},\"potentialAction\":[{\"@type\":\"SearchAction\",\"target\":{\"@type\":\"EntryPoint\",\"urlTemplate\":\"https:\\\/\\\/leckerekekse.de\\\/wordpress\\\/?s={search_term_string}\"},\"query-input\":{\"@type\":\"PropertyValueSpecification\",\"valueRequired\":true,\"valueName\":\"search_term_string\"}}],\"inLanguage\":\"de\"},{\"@type\":[\"Person\",\"Organization\"],\"@id\":\"https:\\\/\\\/leckerekekse.de\\\/wordpress\\\/#\\\/schema\\\/person\\\/8f45748de22f11ca6e316da813f59b85\",\"name\":\"Astrid\",\"logo\":{\"@id\":\"https:\\\/\\\/leckerekekse.de\\\/wordpress\\\/#\\\/schema\\\/person\\\/image\\\/\"},\"sameAs\":[\"https:\\\/\\\/leckerekekse.de\\\/wordpress\"]}]}<\/script>\n<!-- \/ Yoast SEO plugin. -->","yoast_head_json":{"title":"Food-Fotografie-Workshop: Mein Fotohighlight des Jahres | Leckere Kekse &amp; mehr","description":"Mein Fotohighlight des Jahres steht jetzt schon fest. Ich habe mir einen Food-Fotografie-Workshop geg\u00f6nnt. Und zwar einen ganz f\u00fcr mich alleine.","robots":{"index":"index","follow":"follow","max-snippet":"max-snippet:-1","max-image-preview":"max-image-preview:large","max-video-preview":"max-video-preview:-1"},"canonical":"https:\/\/leckerekekse.de\/wordpress\/food-fotografie-workshop\/","og_locale":"de_DE","og_type":"article","og_title":"Food-Fotografie-Workshop: Mein Fotohighlight des Jahres | Leckere Kekse &amp; mehr","og_description":"Mein Fotohighlight des Jahres steht jetzt schon fest. Ich habe mir einen Food-Fotografie-Workshop geg\u00f6nnt. Und zwar einen ganz f\u00fcr mich alleine.","og_url":"https:\/\/leckerekekse.de\/wordpress\/food-fotografie-workshop\/","og_site_name":"Leckere Kekse &amp; mehr","article_published_time":"2019-06-16T06:15:45+00:00","article_modified_time":"2020-08-26T16:07:34+00:00","og_image":[{"width":640,"height":513,"url":"https:\/\/leckerekekse.de\/wordpress\/wp-content\/uploads\/2019\/06\/Ergebnis.jpg","type":"image\/jpeg"}],"author":"Astrid","twitter_misc":{"Verfasst von":"Astrid","Gesch\u00e4tzte Lesezeit":"5\u00a0Minuten"},"schema":{"@context":"https:\/\/schema.org","@graph":[{"@type":"Article","@id":"https:\/\/leckerekekse.de\/wordpress\/food-fotografie-workshop\/#article","isPartOf":{"@id":"https:\/\/leckerekekse.de\/wordpress\/food-fotografie-workshop\/"},"author":{"name":"Astrid","@id":"https:\/\/leckerekekse.de\/wordpress\/#\/schema\/person\/8f45748de22f11ca6e316da813f59b85"},"headline":"Food-Fotografie-Workshop: Mein Fotohighlight des Jahres","datePublished":"2019-06-16T06:15:45+00:00","dateModified":"2020-08-26T16:07:34+00:00","mainEntityOfPage":{"@id":"https:\/\/leckerekekse.de\/wordpress\/food-fotografie-workshop\/"},"wordCount":907,"commentCount":6,"publisher":{"@id":"https:\/\/leckerekekse.de\/wordpress\/#\/schema\/person\/8f45748de22f11ca6e316da813f59b85"},"image":{"@id":"https:\/\/leckerekekse.de\/wordpress\/food-fotografie-workshop\/#primaryimage"},"thumbnailUrl":"https:\/\/leckerekekse.de\/wordpress\/wp-content\/uploads\/2019\/06\/Ergebnis.jpg","keywords":["Coaching","Food","Fotografie"],"articleSection":{"1":"Photography","2":"Veranstaltungen"},"inLanguage":"de","potentialAction":[{"@type":"CommentAction","name":"Comment","target":["https:\/\/leckerekekse.de\/wordpress\/food-fotografie-workshop\/#respond"]}]},{"@type":"WebPage","@id":"https:\/\/leckerekekse.de\/wordpress\/food-fotografie-workshop\/","url":"https:\/\/leckerekekse.de\/wordpress\/food-fotografie-workshop\/","name":"Food-Fotografie-Workshop: Mein Fotohighlight des Jahres | Leckere Kekse &amp; mehr","isPartOf":{"@id":"https:\/\/leckerekekse.de\/wordpress\/#website"},"primaryImageOfPage":{"@id":"https:\/\/leckerekekse.de\/wordpress\/food-fotografie-workshop\/#primaryimage"},"image":{"@id":"https:\/\/leckerekekse.de\/wordpress\/food-fotografie-workshop\/#primaryimage"},"thumbnailUrl":"https:\/\/leckerekekse.de\/wordpress\/wp-content\/uploads\/2019\/06\/Ergebnis.jpg","datePublished":"2019-06-16T06:15:45+00:00","dateModified":"2020-08-26T16:07:34+00:00","description":"Mein Fotohighlight des Jahres steht jetzt schon fest. Ich habe mir einen Food-Fotografie-Workshop geg\u00f6nnt. Und zwar einen ganz f\u00fcr mich alleine.","breadcrumb":{"@id":"https:\/\/leckerekekse.de\/wordpress\/food-fotografie-workshop\/#breadcrumb"},"inLanguage":"de","potentialAction":[{"@type":"ReadAction","target":["https:\/\/leckerekekse.de\/wordpress\/food-fotografie-workshop\/"]}]},{"@type":"ImageObject","inLanguage":"de","@id":"https:\/\/leckerekekse.de\/wordpress\/food-fotografie-workshop\/#primaryimage","url":"https:\/\/leckerekekse.de\/wordpress\/wp-content\/uploads\/2019\/06\/Ergebnis.jpg","contentUrl":"https:\/\/leckerekekse.de\/wordpress\/wp-content\/uploads\/2019\/06\/Ergebnis.jpg","width":640,"height":513,"caption":"Fotografie-Coaching"},{"@type":"BreadcrumbList","@id":"https:\/\/leckerekekse.de\/wordpress\/food-fotografie-workshop\/#breadcrumb","itemListElement":[{"@type":"ListItem","position":1,"name":"Home","item":"https:\/\/leckerekekse.de\/wordpress\/"},{"@type":"ListItem","position":2,"name":"Food-Fotografie-Workshop: Mein Fotohighlight des Jahres"}]},{"@type":"WebSite","@id":"https:\/\/leckerekekse.de\/wordpress\/#website","url":"https:\/\/leckerekekse.de\/wordpress\/","name":"Leckere Kekse &amp; mehr","description":"Kekse backen, B\u00fccher lesen und mehr","publisher":{"@id":"https:\/\/leckerekekse.de\/wordpress\/#\/schema\/person\/8f45748de22f11ca6e316da813f59b85"},"potentialAction":[{"@type":"SearchAction","target":{"@type":"EntryPoint","urlTemplate":"https:\/\/leckerekekse.de\/wordpress\/?s={search_term_string}"},"query-input":{"@type":"PropertyValueSpecification","valueRequired":true,"valueName":"search_term_string"}}],"inLanguage":"de"},{"@type":["Person","Organization"],"@id":"https:\/\/leckerekekse.de\/wordpress\/#\/schema\/person\/8f45748de22f11ca6e316da813f59b85","name":"Astrid","logo":{"@id":"https:\/\/leckerekekse.de\/wordpress\/#\/schema\/person\/image\/"},"sameAs":["https:\/\/leckerekekse.de\/wordpress"]}]}},"_links":{"self":[{"href":"https:\/\/leckerekekse.de\/wordpress\/wp-json\/wp\/v2\/posts\/13675","targetHints":{"allow":["GET"]}}],"collection":[{"href":"https:\/\/leckerekekse.de\/wordpress\/wp-json\/wp\/v2\/posts"}],"about":[{"href":"https:\/\/leckerekekse.de\/wordpress\/wp-json\/wp\/v2\/types\/post"}],"author":[{"embeddable":true,"href":"https:\/\/leckerekekse.de\/wordpress\/wp-json\/wp\/v2\/users\/1"}],"replies":[{"embeddable":true,"href":"https:\/\/leckerekekse.de\/wordpress\/wp-json\/wp\/v2\/comments?post=13675"}],"version-history":[{"count":3,"href":"https:\/\/leckerekekse.de\/wordpress\/wp-json\/wp\/v2\/posts\/13675\/revisions"}],"predecessor-version":[{"id":15540,"href":"https:\/\/leckerekekse.de\/wordpress\/wp-json\/wp\/v2\/posts\/13675\/revisions\/15540"}],"wp:featuredmedia":[{"embeddable":true,"href":"https:\/\/leckerekekse.de\/wordpress\/wp-json\/wp\/v2\/media\/13676"}],"wp:attachment":[{"href":"https:\/\/leckerekekse.de\/wordpress\/wp-json\/wp\/v2\/media?parent=13675"}],"wp:term":[{"taxonomy":"category","embeddable":true,"href":"https:\/\/leckerekekse.de\/wordpress\/wp-json\/wp\/v2\/categories?post=13675"},{"taxonomy":"post_tag","embeddable":true,"href":"https:\/\/leckerekekse.de\/wordpress\/wp-json\/wp\/v2\/tags?post=13675"}],"curies":[{"name":"wp","href":"https:\/\/api.w.org\/{rel}","templated":true}]}}