{"id":14076,"date":"2019-10-09T13:49:00","date_gmt":"2019-10-09T11:49:00","guid":{"rendered":"https:\/\/leckerekekse.de\/wordpress\/?p=14076"},"modified":"2019-09-14T13:54:43","modified_gmt":"2019-09-14T11:54:43","slug":"anna-enquist-denn-es-will-abend-werden","status":"publish","type":"post","link":"https:\/\/leckerekekse.de\/wordpress\/anna-enquist-denn-es-will-abend-werden\/","title":{"rendered":"Anna Enquist: Denn es will Abend werden"},"content":{"rendered":"\n<figure class=\"wp-block-image size-large\"><img loading=\"lazy\" decoding=\"async\" width=\"640\" height=\"480\" src=\"https:\/\/leckerekekse.de\/wordpress\/wp-content\/uploads\/2019\/09\/Anna-Enquist-denn-es-will-abend-werden-rezension-640x480.jpg\" alt=\"Anna Enquist: Denn es will Abend werden, Rezension, Roman, Luchterhand, Streichquartett\" class=\"wp-image-14078\" srcset=\"https:\/\/leckerekekse.de\/wordpress\/wp-content\/uploads\/2019\/09\/Anna-Enquist-denn-es-will-abend-werden-rezension.jpg 640w, https:\/\/leckerekekse.de\/wordpress\/wp-content\/uploads\/2019\/09\/Anna-Enquist-denn-es-will-abend-werden-rezension-300x225.jpg 300w\" sizes=\"auto, (max-width: 640px) 100vw, 640px\" \/><\/figure>\n\n\n\n<h2 class=\"wp-block-heading\">Wie geht man mit einem Trauma um?<\/h2>\n\n\n\n<p>Vier Menschen haben gemeinsam ein schlimmes Trauma erlitten. Doch das schwei\u00dft sie nicht zusammen, sondern es treibt sie auseinander. Jeder versucht auf eine andere Art wieder zu einem lebenswerten Leben zur\u00fcckzufinden. Doch das ist nicht so einfach.<\/p>\n\n\n\n<!--more-->\n\n\n\n<h3 class=\"wp-block-heading\">Vorgeschichte<\/h3>\n\n\n\n<p>Der Roman denn es will Abend werden geh\u00f6rt eng zu dem Vorg\u00e4nger von Anna Enquist <a href=\"https:\/\/leckerekekse.de\/wordpress\/streichquartett\/\">Streichquartett<\/a>. Dort musizierten vier Menschen regelm\u00e4\u00dfig zusammen, bis sie Opfer einer Gewalttat werden. Dieser sollte auf jeden Fall vor diesem Buch hier gelesen werden. Sonst wird das tiefe Trauma meiner Ansicht nach nicht klar. <br>In beiden B\u00fcchern geht es um Jochem, den Geigenbauer, seine Frau Carolien, die nach dem Vorfall sich nicht mehr in der Lage sieht ihren Beruf als \u00c4rztin auszu\u00fcben. Heleen, die sich schuldig f\u00fchlt und alles an sich selbst und ihren Lebensumst\u00e4nden \u00e4ndert. Dann noch Hugo, der den Kontakt zu seiner kleinen Tochter verliert und nach Shanghai geht. Wobei Carolien die Hauptperson dieses Buches ist. <\/p>\n\n\n\n<h3 class=\"wp-block-heading\">Carolien<\/h3>\n\n\n\n<p>\u00c4u\u00dferlich hat sie durch den Gewaltakt \u201enur\u201c ihren kleinen\nFinger verloren. Innerlich f\u00fchlt sie sich aber total zerst\u00f6rt. Nun muss man\nwissen, dass das Drama aus Streichquartett nicht das erste schreckliche\nEreignis in ihrem Leben war. Vorher haben Jochem und sie ihre beiden S\u00f6hne\ndurch einen tragischen Unfall verloren. Wie viele solcher Schicksalsschl\u00e4ge\nkann man wegstecken? Wie noch einen Lebensmut und ein Ziel finden? Der fehlende\nFinger steht auch f\u00fcr Caroliens innere Versehrtheit. Sie gibt ihn als Grund an,\nwarum sie nicht arbeiten und auch nicht mehr musizieren kann. Sie f\u00fchlt sich\nbedr\u00e4ngt, vor allem von Jochem ihren Mann. Aber auch von allen anderen, die\nihre inneren Verletzungen \u00fcbersehen. <\/p>\n\n\n\n<blockquote class=\"wp-block-quote is-layout-flow wp-block-quote-is-layout-flow\"><p>Er wird mich in das Alltagsheer eingliedern, mich zu einer braven Soldatin machen, die ohne Murren mit den anderen mitl\u00e4uft, vorw\u00e4rts, als h\u00e4tte es einen Sinn, irgendwohin zu marschieren, als g\u00e4be es in der Ferne ein Ziel.<\/p><\/blockquote>\n\n\n\n<p>Denn Carolien sieht kein Ziel mehr f\u00fcr ihr Leben. Was hat das alles noch f\u00fcr einen Sinn? Sie bricht total aus und geht ganz neue Wege. Sie macht meiner Ansicht nach die gr\u00f6\u00dfte Entwicklung w\u00e4hrend des Romans durch.<\/p>\n\n\n\n<figure class=\"wp-block-image size-large\"><img loading=\"lazy\" decoding=\"async\" width=\"640\" height=\"480\" src=\"https:\/\/leckerekekse.de\/wordpress\/wp-content\/uploads\/2019\/09\/anna-enquist-rezension-denn-es-will-abend-werden-640x480.jpg\" alt=\"Anna Enquist: Denn es will Abend werden, Rezension, Roman, Luchterhand, Streichquartett\" class=\"wp-image-14079\" srcset=\"https:\/\/leckerekekse.de\/wordpress\/wp-content\/uploads\/2019\/09\/anna-enquist-rezension-denn-es-will-abend-werden.jpg 640w, https:\/\/leckerekekse.de\/wordpress\/wp-content\/uploads\/2019\/09\/anna-enquist-rezension-denn-es-will-abend-werden-300x225.jpg 300w\" sizes=\"auto, (max-width: 640px) 100vw, 640px\" \/><\/figure>\n\n\n\n<h3 class=\"wp-block-heading\">Jochem<\/h3>\n\n\n\n<p>Einige Teile des Romans sind auch aus seiner Sicht geschrieben. Er scheint am besten zu \u201efunktionieren\u201c. Er hat ein neues Atelier, in dem er neue Streichinstrumente herstellt und andere repariert. Das Gesch\u00e4ft geht sehr gut. Da \u00fcbersieht man schnell, wie zwanghaft er um Sicherheit bem\u00fcht ist. So ergreift er sofort einen willkommenen Vorwand um das Haus, und damit auch seine Frau, mit Gittern zu umgeben. Das hat zur Folge, dass Carolien sich immer unwohler f\u00fchlt, was auch zu ihrer Flucht f\u00fchrt.<br>Jochem ist ein gutes Beispiel f\u00fcr einen Menschen, der \u00e4u\u00dferlich sehr gut in die Gesellschaft integriert ist, innerlich aber von \u00c4ngsten zerfressen wird.  <\/p>\n\n\n\n<h3 class=\"wp-block-heading\">China<\/h3>\n\n\n\n<p>Ganz spontan folgt Carolien einer Einladung von Hugo nach\nShanghai. Dort wird immer wieder der Unterschied zwischen Arm und Reich, Land\nund Stadt beschrieben. Sie besucht dort einige Kinderheime, in denen zum Teil\nganz entsetzliche Zust\u00e4nde herrschen. In anderen scheint dagegen alles in\nOrdnung. Das wird sehr anschaulich beschrieben, mir hat sich aber nicht\nerschlossen, was ich damit im Kontext des Romans anfangen soll.&nbsp; <\/p>\n\n\n\n<h3 class=\"wp-block-heading\">Anna Enquist<\/h3>\n\n\n\n<p>Die Autorin ist ausgebildete Pianistin und klinische Psychologin. Die Themen Musik und Psychologie findet man auch in jedem ihrer B\u00fccher wieder. Ein anderes wiederkehrendes Sujet ist der Verlust. Denn sie muss selbst einen schweren Verlust, den ihrer Tochter verarbeiten. Das passiert vor allem in Kontrapunkt, eines meiner absoluten Lieblingsb\u00fccher. <\/p>\n\n\n\n<figure class=\"wp-block-image size-large\"><img loading=\"lazy\" decoding=\"async\" width=\"480\" height=\"640\" src=\"https:\/\/leckerekekse.de\/wordpress\/wp-content\/uploads\/2015\/10\/Anna-Enquist.jpg\" alt=\"Anna Enquist: Denn es will Abend werden, Rezension, Roman, Luchterhand, Streichquartett\" class=\"wp-image-4464\" srcset=\"https:\/\/leckerekekse.de\/wordpress\/wp-content\/uploads\/2015\/10\/Anna-Enquist.jpg 480w, https:\/\/leckerekekse.de\/wordpress\/wp-content\/uploads\/2015\/10\/Anna-Enquist-225x300.jpg 225w\" sizes=\"auto, (max-width: 480px) 100vw, 480px\" \/><\/figure>\n\n\n\n<p>Kennengelernt habe ich Enquist durch das Buch Letzte Reise, welches ich auch sehr empfehlenswert finde. Es handelt vom Leben der Frau von James Cook, auch sie musste viele Verluste verarbeiten.<\/p>\n\n\n\n<h3 class=\"wp-block-heading\">Fazit<\/h3>\n\n\n\n<p>Leider kann Anna Enquist mit <a href=\"https:\/\/www.randomhouse.de\/Buch\/Denn-es-will-Abend-werden\/Anna-Enquist\/Luchterhand-Literaturverlag\/e551674.rhd\" target=\"_blank\" rel=\"noreferrer noopener\" aria-label=\"Denn es will Abend werden (\u00f6ffnet in neuem Tab)\">Denn es will Abend werden<\/a> nicht an ihre H\u00f6chstform heranreichen. Sie hat nach wie vor eine wundersch\u00f6ne Art zu schreiben, doch konnte mich diesmal keiner der Charaktere wirklich packen. Ob Streichquartett wirklich eine Fortsetzung n\u00f6tig hatte? Ich hoffe, sie greift bald ein anderes Thema, gerne wieder mit einem st\u00e4rkeren Musikbezug auf.<\/p>\n\n\n\n<figure class=\"wp-block-image size-medium\"><img loading=\"lazy\" decoding=\"async\" width=\"300\" height=\"219\" src=\"https:\/\/leckerekekse.de\/wordpress\/wp-content\/uploads\/2016\/04\/Signatur-002-300x219.jpg\" alt=\"\" class=\"wp-image-5977\" srcset=\"https:\/\/leckerekekse.de\/wordpress\/wp-content\/uploads\/2016\/04\/Signatur-002-300x219.jpg 300w, https:\/\/leckerekekse.de\/wordpress\/wp-content\/uploads\/2016\/04\/Signatur-002.jpg 640w\" sizes=\"auto, (max-width: 300px) 100vw, 300px\" \/><\/figure>\n\n\n\n<h3 class=\"wp-block-heading\">Weitere Rezensionen<\/h3>\n\n\n\n<p>Weitere Meinungen zum Buch gibt es zum Beispiel auf diesen Blogs:<br><a rel=\"noreferrer noopener\" aria-label=\" (\u00f6ffnet in neuem Tab)\" href=\"http:\/\/www.neue-buchtipps.de\/roman\/international\/817-anna-enquist-denn-es-will-abend-werden-luchterhand-literaturverlag.html\" target=\"_blank\">Neue Buchtipps<\/a><br><a rel=\"noreferrer noopener\" aria-label=\" (\u00f6ffnet in neuem Tab)\" href=\"https:\/\/letteraturablog.wordpress.com\/2019\/07\/28\/nach-dem-ueberfall-anna-enquist-denn-es-will-abend-werden\/\" target=\"_blank\">Letteratura<\/a><br><a rel=\"noreferrer noopener\" aria-label=\" (\u00f6ffnet in neuem Tab)\" href=\"http:\/\/schreiblust-leselust.de\/anna-enquist-denn-es-will-abend-werden\" target=\"_blank\">Schreiblust-Leselust<\/a><br><br>Du m\u00f6chtest, das wir deine Rezension hier auch verlinken? Kontaktiere uns gerne per Mail.<\/p>\n\n\n","protected":false},"excerpt":{"rendered":"<p>Wie geht man mit einem Trauma um? Vier Menschen haben gemeinsam ein schlimmes Trauma erlitten. Doch das schwei\u00dft sie nicht zusammen, sondern es treibt sie auseinander. Jeder versucht auf eine andere Art wieder zu einem lebenswerten Leben zur\u00fcckzufinden. Doch das ist nicht so einfach.<\/p>\n","protected":false},"author":2,"featured_media":14078,"comment_status":"open","ping_status":"open","sticky":false,"template":"","format":"standard","meta":{"footnotes":""},"categories":[1,3,808,788],"tags":[1248,1250,56,142,1249,120],"class_list":["post-14076","post","type-post","status-publish","format-standard","has-post-thumbnail","hentry","category-allgemein","category-buecher","category-buchtipps","category-rezension","tag-holland","tag-klassische-musik","tag-musik","tag-niederlande","tag-paar","tag-trauma"],"yoast_head":"<!-- This site is optimized with the Yoast SEO plugin v27.5 - https:\/\/yoast.com\/product\/yoast-seo-wordpress\/ -->\n<title>Anna Enquist: Denn es will Abend werden | Leckere Kekse &amp; mehr<\/title>\n<meta name=\"description\" content=\"Vier Menschen haben ein schreckliches Trauma erlitten und gehen sehr unterschiedlich damit um. Rezension: Anna Enquist, Denn es soll Abend werden.\" \/>\n<meta name=\"robots\" content=\"index, follow, max-snippet:-1, max-image-preview:large, max-video-preview:-1\" \/>\n<link rel=\"canonical\" href=\"https:\/\/leckerekekse.de\/wordpress\/anna-enquist-denn-es-will-abend-werden\/\" \/>\n<meta property=\"og:locale\" content=\"de_DE\" \/>\n<meta property=\"og:type\" content=\"article\" \/>\n<meta property=\"og:title\" content=\"Anna Enquist: Denn es will Abend werden | Leckere Kekse &amp; mehr\" \/>\n<meta property=\"og:description\" content=\"Vier Menschen haben ein schreckliches Trauma erlitten und gehen sehr unterschiedlich damit um. Rezension: Anna Enquist, Denn es soll Abend werden.\" \/>\n<meta property=\"og:url\" content=\"https:\/\/leckerekekse.de\/wordpress\/anna-enquist-denn-es-will-abend-werden\/\" \/>\n<meta property=\"og:site_name\" content=\"Leckere Kekse &amp; mehr\" \/>\n<meta property=\"article:published_time\" content=\"2019-10-09T11:49:00+00:00\" \/>\n<meta property=\"og:image\" content=\"https:\/\/leckerekekse.de\/wordpress\/wp-content\/uploads\/2019\/09\/Anna-Enquist-denn-es-will-abend-werden-rezension.jpg\" \/>\n\t<meta property=\"og:image:width\" content=\"640\" \/>\n\t<meta property=\"og:image:height\" content=\"480\" \/>\n\t<meta property=\"og:image:type\" content=\"image\/jpeg\" \/>\n<meta name=\"author\" content=\"Buchlieberin\" \/>\n<meta name=\"twitter:label1\" content=\"Verfasst von\" \/>\n\t<meta name=\"twitter:data1\" content=\"Buchlieberin\" \/>\n\t<meta name=\"twitter:label2\" content=\"Gesch\u00e4tzte Lesezeit\" \/>\n\t<meta name=\"twitter:data2\" content=\"4\u00a0Minuten\" \/>\n<script type=\"application\/ld+json\" class=\"yoast-schema-graph\">{\"@context\":\"https:\\\/\\\/schema.org\",\"@graph\":[{\"@type\":\"Article\",\"@id\":\"https:\\\/\\\/leckerekekse.de\\\/wordpress\\\/anna-enquist-denn-es-will-abend-werden\\\/#article\",\"isPartOf\":{\"@id\":\"https:\\\/\\\/leckerekekse.de\\\/wordpress\\\/anna-enquist-denn-es-will-abend-werden\\\/\"},\"author\":{\"name\":\"Buchlieberin\",\"@id\":\"https:\\\/\\\/leckerekekse.de\\\/wordpress\\\/#\\\/schema\\\/person\\\/161a8971fdc6b42b40eb2cf476f78939\"},\"headline\":\"Anna Enquist: Denn es will Abend werden\",\"datePublished\":\"2019-10-09T11:49:00+00:00\",\"mainEntityOfPage\":{\"@id\":\"https:\\\/\\\/leckerekekse.de\\\/wordpress\\\/anna-enquist-denn-es-will-abend-werden\\\/\"},\"wordCount\":729,\"commentCount\":1,\"publisher\":{\"@id\":\"https:\\\/\\\/leckerekekse.de\\\/wordpress\\\/#\\\/schema\\\/person\\\/8f45748de22f11ca6e316da813f59b85\"},\"image\":{\"@id\":\"https:\\\/\\\/leckerekekse.de\\\/wordpress\\\/anna-enquist-denn-es-will-abend-werden\\\/#primaryimage\"},\"thumbnailUrl\":\"https:\\\/\\\/leckerekekse.de\\\/wordpress\\\/wp-content\\\/uploads\\\/2019\\\/09\\\/Anna-Enquist-denn-es-will-abend-werden-rezension.jpg\",\"keywords\":[\"Holland\",\"klassische Musik\",\"Musik\",\"Niederlande\",\"Paar\",\"Trauma\"],\"articleSection\":{\"1\":\"B\u00fccher\",\"2\":\"Buchtipps\",\"3\":\"Rezension\"},\"inLanguage\":\"de\",\"potentialAction\":[{\"@type\":\"CommentAction\",\"name\":\"Comment\",\"target\":[\"https:\\\/\\\/leckerekekse.de\\\/wordpress\\\/anna-enquist-denn-es-will-abend-werden\\\/#respond\"]}]},{\"@type\":\"WebPage\",\"@id\":\"https:\\\/\\\/leckerekekse.de\\\/wordpress\\\/anna-enquist-denn-es-will-abend-werden\\\/\",\"url\":\"https:\\\/\\\/leckerekekse.de\\\/wordpress\\\/anna-enquist-denn-es-will-abend-werden\\\/\",\"name\":\"Anna Enquist: Denn es will Abend werden | Leckere Kekse &amp; mehr\",\"isPartOf\":{\"@id\":\"https:\\\/\\\/leckerekekse.de\\\/wordpress\\\/#website\"},\"primaryImageOfPage\":{\"@id\":\"https:\\\/\\\/leckerekekse.de\\\/wordpress\\\/anna-enquist-denn-es-will-abend-werden\\\/#primaryimage\"},\"image\":{\"@id\":\"https:\\\/\\\/leckerekekse.de\\\/wordpress\\\/anna-enquist-denn-es-will-abend-werden\\\/#primaryimage\"},\"thumbnailUrl\":\"https:\\\/\\\/leckerekekse.de\\\/wordpress\\\/wp-content\\\/uploads\\\/2019\\\/09\\\/Anna-Enquist-denn-es-will-abend-werden-rezension.jpg\",\"datePublished\":\"2019-10-09T11:49:00+00:00\",\"description\":\"Vier Menschen haben ein schreckliches Trauma erlitten und gehen sehr unterschiedlich damit um. Rezension: Anna Enquist, Denn es soll Abend werden.\",\"breadcrumb\":{\"@id\":\"https:\\\/\\\/leckerekekse.de\\\/wordpress\\\/anna-enquist-denn-es-will-abend-werden\\\/#breadcrumb\"},\"inLanguage\":\"de\",\"potentialAction\":[{\"@type\":\"ReadAction\",\"target\":[\"https:\\\/\\\/leckerekekse.de\\\/wordpress\\\/anna-enquist-denn-es-will-abend-werden\\\/\"]}]},{\"@type\":\"ImageObject\",\"inLanguage\":\"de\",\"@id\":\"https:\\\/\\\/leckerekekse.de\\\/wordpress\\\/anna-enquist-denn-es-will-abend-werden\\\/#primaryimage\",\"url\":\"https:\\\/\\\/leckerekekse.de\\\/wordpress\\\/wp-content\\\/uploads\\\/2019\\\/09\\\/Anna-Enquist-denn-es-will-abend-werden-rezension.jpg\",\"contentUrl\":\"https:\\\/\\\/leckerekekse.de\\\/wordpress\\\/wp-content\\\/uploads\\\/2019\\\/09\\\/Anna-Enquist-denn-es-will-abend-werden-rezension.jpg\",\"width\":640,\"height\":480},{\"@type\":\"BreadcrumbList\",\"@id\":\"https:\\\/\\\/leckerekekse.de\\\/wordpress\\\/anna-enquist-denn-es-will-abend-werden\\\/#breadcrumb\",\"itemListElement\":[{\"@type\":\"ListItem\",\"position\":1,\"name\":\"Home\",\"item\":\"https:\\\/\\\/leckerekekse.de\\\/wordpress\\\/\"},{\"@type\":\"ListItem\",\"position\":2,\"name\":\"Anna Enquist: Denn es will Abend werden\"}]},{\"@type\":\"WebSite\",\"@id\":\"https:\\\/\\\/leckerekekse.de\\\/wordpress\\\/#website\",\"url\":\"https:\\\/\\\/leckerekekse.de\\\/wordpress\\\/\",\"name\":\"Leckere Kekse &amp; mehr\",\"description\":\"Kekse backen, B\u00fccher lesen und mehr\",\"publisher\":{\"@id\":\"https:\\\/\\\/leckerekekse.de\\\/wordpress\\\/#\\\/schema\\\/person\\\/8f45748de22f11ca6e316da813f59b85\"},\"potentialAction\":[{\"@type\":\"SearchAction\",\"target\":{\"@type\":\"EntryPoint\",\"urlTemplate\":\"https:\\\/\\\/leckerekekse.de\\\/wordpress\\\/?s={search_term_string}\"},\"query-input\":{\"@type\":\"PropertyValueSpecification\",\"valueRequired\":true,\"valueName\":\"search_term_string\"}}],\"inLanguage\":\"de\"},{\"@type\":[\"Person\",\"Organization\"],\"@id\":\"https:\\\/\\\/leckerekekse.de\\\/wordpress\\\/#\\\/schema\\\/person\\\/8f45748de22f11ca6e316da813f59b85\",\"name\":\"Astrid\",\"logo\":{\"@id\":\"https:\\\/\\\/leckerekekse.de\\\/wordpress\\\/#\\\/schema\\\/person\\\/image\\\/\"},\"sameAs\":[\"https:\\\/\\\/leckerekekse.de\\\/wordpress\"]},{\"@type\":\"Person\",\"@id\":\"https:\\\/\\\/leckerekekse.de\\\/wordpress\\\/#\\\/schema\\\/person\\\/161a8971fdc6b42b40eb2cf476f78939\",\"name\":\"Buchlieberin\",\"sameAs\":[\"https:\\\/\\\/leckerekekse.de\\\/wordpress\"]}]}<\/script>\n<!-- \/ Yoast SEO plugin. -->","yoast_head_json":{"title":"Anna Enquist: Denn es will Abend werden | Leckere Kekse &amp; mehr","description":"Vier Menschen haben ein schreckliches Trauma erlitten und gehen sehr unterschiedlich damit um. Rezension: Anna Enquist, Denn es soll Abend werden.","robots":{"index":"index","follow":"follow","max-snippet":"max-snippet:-1","max-image-preview":"max-image-preview:large","max-video-preview":"max-video-preview:-1"},"canonical":"https:\/\/leckerekekse.de\/wordpress\/anna-enquist-denn-es-will-abend-werden\/","og_locale":"de_DE","og_type":"article","og_title":"Anna Enquist: Denn es will Abend werden | Leckere Kekse &amp; mehr","og_description":"Vier Menschen haben ein schreckliches Trauma erlitten und gehen sehr unterschiedlich damit um. Rezension: Anna Enquist, Denn es soll Abend werden.","og_url":"https:\/\/leckerekekse.de\/wordpress\/anna-enquist-denn-es-will-abend-werden\/","og_site_name":"Leckere Kekse &amp; mehr","article_published_time":"2019-10-09T11:49:00+00:00","og_image":[{"width":640,"height":480,"url":"https:\/\/leckerekekse.de\/wordpress\/wp-content\/uploads\/2019\/09\/Anna-Enquist-denn-es-will-abend-werden-rezension.jpg","type":"image\/jpeg"}],"author":"Buchlieberin","twitter_misc":{"Verfasst von":"Buchlieberin","Gesch\u00e4tzte Lesezeit":"4\u00a0Minuten"},"schema":{"@context":"https:\/\/schema.org","@graph":[{"@type":"Article","@id":"https:\/\/leckerekekse.de\/wordpress\/anna-enquist-denn-es-will-abend-werden\/#article","isPartOf":{"@id":"https:\/\/leckerekekse.de\/wordpress\/anna-enquist-denn-es-will-abend-werden\/"},"author":{"name":"Buchlieberin","@id":"https:\/\/leckerekekse.de\/wordpress\/#\/schema\/person\/161a8971fdc6b42b40eb2cf476f78939"},"headline":"Anna Enquist: Denn es will Abend werden","datePublished":"2019-10-09T11:49:00+00:00","mainEntityOfPage":{"@id":"https:\/\/leckerekekse.de\/wordpress\/anna-enquist-denn-es-will-abend-werden\/"},"wordCount":729,"commentCount":1,"publisher":{"@id":"https:\/\/leckerekekse.de\/wordpress\/#\/schema\/person\/8f45748de22f11ca6e316da813f59b85"},"image":{"@id":"https:\/\/leckerekekse.de\/wordpress\/anna-enquist-denn-es-will-abend-werden\/#primaryimage"},"thumbnailUrl":"https:\/\/leckerekekse.de\/wordpress\/wp-content\/uploads\/2019\/09\/Anna-Enquist-denn-es-will-abend-werden-rezension.jpg","keywords":["Holland","klassische Musik","Musik","Niederlande","Paar","Trauma"],"articleSection":{"1":"B\u00fccher","2":"Buchtipps","3":"Rezension"},"inLanguage":"de","potentialAction":[{"@type":"CommentAction","name":"Comment","target":["https:\/\/leckerekekse.de\/wordpress\/anna-enquist-denn-es-will-abend-werden\/#respond"]}]},{"@type":"WebPage","@id":"https:\/\/leckerekekse.de\/wordpress\/anna-enquist-denn-es-will-abend-werden\/","url":"https:\/\/leckerekekse.de\/wordpress\/anna-enquist-denn-es-will-abend-werden\/","name":"Anna Enquist: Denn es will Abend werden | Leckere Kekse &amp; mehr","isPartOf":{"@id":"https:\/\/leckerekekse.de\/wordpress\/#website"},"primaryImageOfPage":{"@id":"https:\/\/leckerekekse.de\/wordpress\/anna-enquist-denn-es-will-abend-werden\/#primaryimage"},"image":{"@id":"https:\/\/leckerekekse.de\/wordpress\/anna-enquist-denn-es-will-abend-werden\/#primaryimage"},"thumbnailUrl":"https:\/\/leckerekekse.de\/wordpress\/wp-content\/uploads\/2019\/09\/Anna-Enquist-denn-es-will-abend-werden-rezension.jpg","datePublished":"2019-10-09T11:49:00+00:00","description":"Vier Menschen haben ein schreckliches Trauma erlitten und gehen sehr unterschiedlich damit um. Rezension: Anna Enquist, Denn es soll Abend werden.","breadcrumb":{"@id":"https:\/\/leckerekekse.de\/wordpress\/anna-enquist-denn-es-will-abend-werden\/#breadcrumb"},"inLanguage":"de","potentialAction":[{"@type":"ReadAction","target":["https:\/\/leckerekekse.de\/wordpress\/anna-enquist-denn-es-will-abend-werden\/"]}]},{"@type":"ImageObject","inLanguage":"de","@id":"https:\/\/leckerekekse.de\/wordpress\/anna-enquist-denn-es-will-abend-werden\/#primaryimage","url":"https:\/\/leckerekekse.de\/wordpress\/wp-content\/uploads\/2019\/09\/Anna-Enquist-denn-es-will-abend-werden-rezension.jpg","contentUrl":"https:\/\/leckerekekse.de\/wordpress\/wp-content\/uploads\/2019\/09\/Anna-Enquist-denn-es-will-abend-werden-rezension.jpg","width":640,"height":480},{"@type":"BreadcrumbList","@id":"https:\/\/leckerekekse.de\/wordpress\/anna-enquist-denn-es-will-abend-werden\/#breadcrumb","itemListElement":[{"@type":"ListItem","position":1,"name":"Home","item":"https:\/\/leckerekekse.de\/wordpress\/"},{"@type":"ListItem","position":2,"name":"Anna Enquist: Denn es will Abend werden"}]},{"@type":"WebSite","@id":"https:\/\/leckerekekse.de\/wordpress\/#website","url":"https:\/\/leckerekekse.de\/wordpress\/","name":"Leckere Kekse &amp; mehr","description":"Kekse backen, B\u00fccher lesen und mehr","publisher":{"@id":"https:\/\/leckerekekse.de\/wordpress\/#\/schema\/person\/8f45748de22f11ca6e316da813f59b85"},"potentialAction":[{"@type":"SearchAction","target":{"@type":"EntryPoint","urlTemplate":"https:\/\/leckerekekse.de\/wordpress\/?s={search_term_string}"},"query-input":{"@type":"PropertyValueSpecification","valueRequired":true,"valueName":"search_term_string"}}],"inLanguage":"de"},{"@type":["Person","Organization"],"@id":"https:\/\/leckerekekse.de\/wordpress\/#\/schema\/person\/8f45748de22f11ca6e316da813f59b85","name":"Astrid","logo":{"@id":"https:\/\/leckerekekse.de\/wordpress\/#\/schema\/person\/image\/"},"sameAs":["https:\/\/leckerekekse.de\/wordpress"]},{"@type":"Person","@id":"https:\/\/leckerekekse.de\/wordpress\/#\/schema\/person\/161a8971fdc6b42b40eb2cf476f78939","name":"Buchlieberin","sameAs":["https:\/\/leckerekekse.de\/wordpress"]}]}},"_links":{"self":[{"href":"https:\/\/leckerekekse.de\/wordpress\/wp-json\/wp\/v2\/posts\/14076","targetHints":{"allow":["GET"]}}],"collection":[{"href":"https:\/\/leckerekekse.de\/wordpress\/wp-json\/wp\/v2\/posts"}],"about":[{"href":"https:\/\/leckerekekse.de\/wordpress\/wp-json\/wp\/v2\/types\/post"}],"author":[{"embeddable":true,"href":"https:\/\/leckerekekse.de\/wordpress\/wp-json\/wp\/v2\/users\/2"}],"replies":[{"embeddable":true,"href":"https:\/\/leckerekekse.de\/wordpress\/wp-json\/wp\/v2\/comments?post=14076"}],"version-history":[{"count":3,"href":"https:\/\/leckerekekse.de\/wordpress\/wp-json\/wp\/v2\/posts\/14076\/revisions"}],"predecessor-version":[{"id":14144,"href":"https:\/\/leckerekekse.de\/wordpress\/wp-json\/wp\/v2\/posts\/14076\/revisions\/14144"}],"wp:featuredmedia":[{"embeddable":true,"href":"https:\/\/leckerekekse.de\/wordpress\/wp-json\/wp\/v2\/media\/14078"}],"wp:attachment":[{"href":"https:\/\/leckerekekse.de\/wordpress\/wp-json\/wp\/v2\/media?parent=14076"}],"wp:term":[{"taxonomy":"category","embeddable":true,"href":"https:\/\/leckerekekse.de\/wordpress\/wp-json\/wp\/v2\/categories?post=14076"},{"taxonomy":"post_tag","embeddable":true,"href":"https:\/\/leckerekekse.de\/wordpress\/wp-json\/wp\/v2\/tags?post=14076"}],"curies":[{"name":"wp","href":"https:\/\/api.w.org\/{rel}","templated":true}]}}