{"id":14593,"date":"2019-11-27T06:20:00","date_gmt":"2019-11-27T05:20:00","guid":{"rendered":"https:\/\/leckerekekse.de\/wordpress\/?p=14593"},"modified":"2022-09-12T11:55:49","modified_gmt":"2022-09-12T09:55:49","slug":"der-kekskalender-2020","status":"publish","type":"post","link":"https:\/\/leckerekekse.de\/wordpress\/der-kekskalender-2020\/","title":{"rendered":"Der Kekskalender 2020"},"content":{"rendered":"\n<figure class=\"wp-block-image size-large\"><img loading=\"lazy\" decoding=\"async\" width=\"640\" height=\"480\" src=\"https:\/\/leckerekekse.de\/wordpress\/wp-content\/uploads\/2019\/11\/Keks-Kalender-640x480.jpg\" alt=\"\" class=\"wp-image-14594\" srcset=\"https:\/\/leckerekekse.de\/wordpress\/wp-content\/uploads\/2019\/11\/Keks-Kalender.jpg 640w, https:\/\/leckerekekse.de\/wordpress\/wp-content\/uploads\/2019\/11\/Keks-Kalender-300x225.jpg 300w\" sizes=\"auto, (max-width: 640px) 100vw, 640px\" \/><\/figure>\n\n\n\n<h2 class=\"wp-block-heading\">Kekse f\u00fcr das ganze Jahr<\/h2>\n\n\n\n<h4 class=\"wp-block-heading\"><em>Werbung in eigener Sache<\/em><\/h4>\n\n\n\n<p>Das wollte ich schon ganz lange machen! Ein Kalender mit Keksfotos. Also ein Kekskalender! Mit Fotos von den Rezepten, die ihr hier auf dem Blog schon gesehen habt. Dieses Jahr kann ich nun endlich einen Haken mehr auf meiner To-Do-Liste machen. <\/p>\n\n\n\n<p>Jeden Monat k\u00f6nnt ihr ein zum Monat passendes Keksbild betrachten und wenn ihr wollt, das Rezept vom Blog runterladen und Nachbacken. <\/p>\n\n\n\n<!--more-->\n\n\n\n<p>Es ist ein gro\u00dfes Anliegen von Silvia und mir, die Keksb\u00e4ckerei als Ganzjahrest\u00e4tigkeit zu sehen und nicht nur als Weihnachtsaktivit\u00e4t. Vielleicht hilft der Kalender ja ein wenig beim Umdenken. <\/p>\n\n\n\n<figure class=\"wp-block-gallery aligncenter columns-3 wp-block-gallery-1 is-layout-flex wp-block-gallery-is-layout-flex\"><ul class=\"blocks-gallery-grid\"><li class=\"blocks-gallery-item\"><figure><a href=\"https:\/\/leckerekekse.de\/wordpress\/1-teig-2-kekssorten\/\"><img loading=\"lazy\" decoding=\"async\" width=\"640\" height=\"480\" src=\"https:\/\/leckerekekse.de\/wordpress\/wp-content\/uploads\/2019\/11\/1-Keks-Kalender-Januar-1-640x480.jpg\" alt=\"\" data-id=\"14608\" data-full-url=\"https:\/\/leckerekekse.de\/wordpress\/wp-content\/uploads\/2019\/11\/1-Keks-Kalender-Januar-1.jpg\" data-link=\"https:\/\/leckerekekse.de\/wordpress\/1-teig-2-kekssorten\/\" class=\"wp-image-14608\" srcset=\"https:\/\/leckerekekse.de\/wordpress\/wp-content\/uploads\/2019\/11\/1-Keks-Kalender-Januar-1.jpg 640w, https:\/\/leckerekekse.de\/wordpress\/wp-content\/uploads\/2019\/11\/1-Keks-Kalender-Januar-1-300x225.jpg 300w\" sizes=\"auto, (max-width: 640px) 100vw, 640px\" \/><\/a><\/figure><\/li><li class=\"blocks-gallery-item\"><figure><a href=\"https:\/\/leckerekekse.de\/wordpress\/kamera-kekse-backen-fuer-eine-foto-ausstellung\/\"><img loading=\"lazy\" decoding=\"async\" width=\"640\" height=\"480\" src=\"https:\/\/leckerekekse.de\/wordpress\/wp-content\/uploads\/2019\/11\/2Keks-Kalender-Februar-2-640x480.jpg\" alt=\"\" data-id=\"14609\" data-full-url=\"https:\/\/leckerekekse.de\/wordpress\/wp-content\/uploads\/2019\/11\/2Keks-Kalender-Februar-2.jpg\" data-link=\"https:\/\/leckerekekse.de\/wordpress\/kamera-kekse-backen-fuer-eine-foto-ausstellung\/\" class=\"wp-image-14609\" srcset=\"https:\/\/leckerekekse.de\/wordpress\/wp-content\/uploads\/2019\/11\/2Keks-Kalender-Februar-2.jpg 640w, https:\/\/leckerekekse.de\/wordpress\/wp-content\/uploads\/2019\/11\/2Keks-Kalender-Februar-2-300x225.jpg 300w\" sizes=\"auto, (max-width: 640px) 100vw, 640px\" \/><\/a><\/figure><\/li><li class=\"blocks-gallery-item\"><figure><a href=\"https:\/\/leckerekekse.de\/wordpress\/rezept-kaese-kraeuter-kekse\/\"><img loading=\"lazy\" decoding=\"async\" width=\"640\" height=\"480\" src=\"https:\/\/leckerekekse.de\/wordpress\/wp-content\/uploads\/2019\/11\/3-Keks-Kalender-Maerz-3-640x480.jpg\" alt=\"\" data-id=\"14610\" data-full-url=\"https:\/\/leckerekekse.de\/wordpress\/wp-content\/uploads\/2019\/11\/3-Keks-Kalender-Maerz-3.jpg\" data-link=\"https:\/\/leckerekekse.de\/wordpress\/rezept-kaese-kraeuter-kekse\/\" class=\"wp-image-14610\" srcset=\"https:\/\/leckerekekse.de\/wordpress\/wp-content\/uploads\/2019\/11\/3-Keks-Kalender-Maerz-3.jpg 640w, https:\/\/leckerekekse.de\/wordpress\/wp-content\/uploads\/2019\/11\/3-Keks-Kalender-Maerz-3-300x225.jpg 300w\" sizes=\"auto, (max-width: 640px) 100vw, 640px\" \/><\/a><\/figure><\/li><li class=\"blocks-gallery-item\"><figure><a href=\"https:\/\/leckerekekse.de\/wordpress\/monsieurmuffin-meine-kreative-kekswerkstatt\/\"><img loading=\"lazy\" decoding=\"async\" width=\"640\" height=\"480\" src=\"https:\/\/leckerekekse.de\/wordpress\/wp-content\/uploads\/2019\/11\/4-Keks-Kalender-April-4-640x480.jpg\" alt=\"\" data-id=\"14611\" data-full-url=\"https:\/\/leckerekekse.de\/wordpress\/wp-content\/uploads\/2019\/11\/4-Keks-Kalender-April-4.jpg\" data-link=\"https:\/\/leckerekekse.de\/wordpress\/monsieurmuffin-meine-kreative-kekswerkstatt\/\" class=\"wp-image-14611\" srcset=\"https:\/\/leckerekekse.de\/wordpress\/wp-content\/uploads\/2019\/11\/4-Keks-Kalender-April-4.jpg 640w, https:\/\/leckerekekse.de\/wordpress\/wp-content\/uploads\/2019\/11\/4-Keks-Kalender-April-4-300x225.jpg 300w\" sizes=\"auto, (max-width: 640px) 100vw, 640px\" \/><\/a><\/figure><\/li><li class=\"blocks-gallery-item\"><figure><a href=\"https:\/\/leckerekekse.de\/wordpress\/hamburger-kekse-hanseaten\/\"><img loading=\"lazy\" decoding=\"async\" width=\"640\" height=\"480\" src=\"https:\/\/leckerekekse.de\/wordpress\/wp-content\/uploads\/2019\/11\/5-Keks-Kalender-Mai-5-640x480.jpg\" alt=\"\" data-id=\"14612\" data-full-url=\"https:\/\/leckerekekse.de\/wordpress\/wp-content\/uploads\/2019\/11\/5-Keks-Kalender-Mai-5.jpg\" data-link=\"https:\/\/leckerekekse.de\/wordpress\/hamburger-kekse-hanseaten\/\" class=\"wp-image-14612\" srcset=\"https:\/\/leckerekekse.de\/wordpress\/wp-content\/uploads\/2019\/11\/5-Keks-Kalender-Mai-5.jpg 640w, https:\/\/leckerekekse.de\/wordpress\/wp-content\/uploads\/2019\/11\/5-Keks-Kalender-Mai-5-300x225.jpg 300w\" sizes=\"auto, (max-width: 640px) 100vw, 640px\" \/><\/a><\/figure><\/li><li class=\"blocks-gallery-item\"><figure><a href=\"https:\/\/leckerekekse.de\/wordpress\/lakritz-herzen\/\"><img loading=\"lazy\" decoding=\"async\" width=\"640\" height=\"480\" src=\"https:\/\/leckerekekse.de\/wordpress\/wp-content\/uploads\/2019\/11\/6-Keks-Kalender-Juni-6-640x480.jpg\" alt=\"\" data-id=\"14613\" data-full-url=\"https:\/\/leckerekekse.de\/wordpress\/wp-content\/uploads\/2019\/11\/6-Keks-Kalender-Juni-6.jpg\" data-link=\"https:\/\/leckerekekse.de\/wordpress\/lakritz-herzen\/\" class=\"wp-image-14613\" srcset=\"https:\/\/leckerekekse.de\/wordpress\/wp-content\/uploads\/2019\/11\/6-Keks-Kalender-Juni-6.jpg 640w, https:\/\/leckerekekse.de\/wordpress\/wp-content\/uploads\/2019\/11\/6-Keks-Kalender-Juni-6-300x225.jpg 300w\" sizes=\"auto, (max-width: 640px) 100vw, 640px\" \/><\/a><\/figure><\/li><li class=\"blocks-gallery-item\"><figure><a href=\"https:\/\/leckerekekse.de\/wordpress\/rezept-marzipan-kokos-ecken\/\"><img loading=\"lazy\" decoding=\"async\" width=\"640\" height=\"480\" src=\"https:\/\/leckerekekse.de\/wordpress\/wp-content\/uploads\/2019\/11\/7-Keks-Kalender-Juli-7-640x480.jpg\" alt=\"\" data-id=\"14614\" data-full-url=\"https:\/\/leckerekekse.de\/wordpress\/wp-content\/uploads\/2019\/11\/7-Keks-Kalender-Juli-7.jpg\" data-link=\"https:\/\/leckerekekse.de\/wordpress\/rezept-marzipan-kokos-ecken\/\" class=\"wp-image-14614\" srcset=\"https:\/\/leckerekekse.de\/wordpress\/wp-content\/uploads\/2019\/11\/7-Keks-Kalender-Juli-7.jpg 640w, https:\/\/leckerekekse.de\/wordpress\/wp-content\/uploads\/2019\/11\/7-Keks-Kalender-Juli-7-300x225.jpg 300w\" sizes=\"auto, (max-width: 640px) 100vw, 640px\" \/><\/a><\/figure><\/li><li class=\"blocks-gallery-item\"><figure><a href=\"https:\/\/leckerekekse.de\/wordpress\/blaubeeren-cookies\/\"><img loading=\"lazy\" decoding=\"async\" width=\"640\" height=\"480\" src=\"https:\/\/leckerekekse.de\/wordpress\/wp-content\/uploads\/2019\/11\/8-Keks-Kalender-August-8-640x480.jpg\" alt=\"\" data-id=\"14615\" data-full-url=\"https:\/\/leckerekekse.de\/wordpress\/wp-content\/uploads\/2019\/11\/8-Keks-Kalender-August-8.jpg\" data-link=\"https:\/\/leckerekekse.de\/wordpress\/blaubeeren-cookies\/\" class=\"wp-image-14615\" srcset=\"https:\/\/leckerekekse.de\/wordpress\/wp-content\/uploads\/2019\/11\/8-Keks-Kalender-August-8.jpg 640w, https:\/\/leckerekekse.de\/wordpress\/wp-content\/uploads\/2019\/11\/8-Keks-Kalender-August-8-300x225.jpg 300w\" sizes=\"auto, (max-width: 640px) 100vw, 640px\" \/><\/a><\/figure><\/li><li class=\"blocks-gallery-item\"><figure><a href=\"https:\/\/leckerekekse.de\/wordpress\/rezept-streusel-plaetzchen\/\"><img loading=\"lazy\" decoding=\"async\" width=\"640\" height=\"480\" src=\"https:\/\/leckerekekse.de\/wordpress\/wp-content\/uploads\/2019\/11\/9-Keks-Kalender-September-9-640x480.jpg\" alt=\"\" data-id=\"14616\" data-full-url=\"https:\/\/leckerekekse.de\/wordpress\/wp-content\/uploads\/2019\/11\/9-Keks-Kalender-September-9.jpg\" data-link=\"https:\/\/leckerekekse.de\/wordpress\/rezept-streusel-plaetzchen\/\" class=\"wp-image-14616\" srcset=\"https:\/\/leckerekekse.de\/wordpress\/wp-content\/uploads\/2019\/11\/9-Keks-Kalender-September-9.jpg 640w, https:\/\/leckerekekse.de\/wordpress\/wp-content\/uploads\/2019\/11\/9-Keks-Kalender-September-9-300x225.jpg 300w\" sizes=\"auto, (max-width: 640px) 100vw, 640px\" \/><\/a><\/figure><\/li><li class=\"blocks-gallery-item\"><figure><a href=\"https:\/\/leckerekekse.de\/wordpress\/macarons-ein-erfolgserlebnis\/\"><img loading=\"lazy\" decoding=\"async\" width=\"640\" height=\"480\" src=\"https:\/\/leckerekekse.de\/wordpress\/wp-content\/uploads\/2019\/11\/10-Keks-Kalender-Oktober-10-640x480.jpg\" alt=\"\" data-id=\"14617\" data-full-url=\"https:\/\/leckerekekse.de\/wordpress\/wp-content\/uploads\/2019\/11\/10-Keks-Kalender-Oktober-10.jpg\" data-link=\"https:\/\/leckerekekse.de\/wordpress\/macarons-ein-erfolgserlebnis\/\" class=\"wp-image-14617\" srcset=\"https:\/\/leckerekekse.de\/wordpress\/wp-content\/uploads\/2019\/11\/10-Keks-Kalender-Oktober-10.jpg 640w, https:\/\/leckerekekse.de\/wordpress\/wp-content\/uploads\/2019\/11\/10-Keks-Kalender-Oktober-10-300x225.jpg 300w\" sizes=\"auto, (max-width: 640px) 100vw, 640px\" \/><\/a><\/figure><\/li><li class=\"blocks-gallery-item\"><figure><a href=\"https:\/\/leckerekekse.de\/wordpress\/nougatkipferl\/\"><img loading=\"lazy\" decoding=\"async\" width=\"640\" height=\"480\" src=\"https:\/\/leckerekekse.de\/wordpress\/wp-content\/uploads\/2019\/11\/11-Keks-Kalender-November-11-640x480.jpg\" alt=\"\" data-id=\"14618\" data-full-url=\"https:\/\/leckerekekse.de\/wordpress\/wp-content\/uploads\/2019\/11\/11-Keks-Kalender-November-11.jpg\" data-link=\"https:\/\/leckerekekse.de\/wordpress\/nougatkipferl\/\" class=\"wp-image-14618\" srcset=\"https:\/\/leckerekekse.de\/wordpress\/wp-content\/uploads\/2019\/11\/11-Keks-Kalender-November-11.jpg 640w, https:\/\/leckerekekse.de\/wordpress\/wp-content\/uploads\/2019\/11\/11-Keks-Kalender-November-11-300x225.jpg 300w\" sizes=\"auto, (max-width: 640px) 100vw, 640px\" \/><\/a><\/figure><\/li><li class=\"blocks-gallery-item\"><figure><a href=\"https:\/\/leckerekekse.de\/wordpress\/vanillekipferl\/\"><img loading=\"lazy\" decoding=\"async\" width=\"640\" height=\"480\" src=\"https:\/\/leckerekekse.de\/wordpress\/wp-content\/uploads\/2019\/11\/12-Keks-Kalender-Dezember-12-640x480.jpg\" alt=\"Kekskalender - Weihnachten\" data-id=\"14619\" data-full-url=\"https:\/\/leckerekekse.de\/wordpress\/wp-content\/uploads\/2019\/11\/12-Keks-Kalender-Dezember-12.jpg\" data-link=\"https:\/\/leckerekekse.de\/wordpress\/vanillekipferl\/\" class=\"wp-image-14619\" srcset=\"https:\/\/leckerekekse.de\/wordpress\/wp-content\/uploads\/2019\/11\/12-Keks-Kalender-Dezember-12.jpg 640w, https:\/\/leckerekekse.de\/wordpress\/wp-content\/uploads\/2019\/11\/12-Keks-Kalender-Dezember-12-300x225.jpg 300w\" sizes=\"auto, (max-width: 640px) 100vw, 640px\" \/><\/a><\/figure><\/li><\/ul><\/figure>\n\n\n\n<h2 class=\"wp-block-heading\">Bestellen<\/h2>\n\n\n\n<p>Ihr k\u00f6nnt den Kalender im Buchhandel oder auch online bestellen. <\/p>\n\n\n\n<p>Die bibliografische Daten sind:<\/p>\n\n\n\n<p>Ein Jahr Kekse (Wandkalender 2020 DIN A4 hoch)<\/p>\n\n\n\n<p>von\u00a0CALVENDO<\/p>\n\n\n\n<p>ISBN: 9783671196135<\/p>\n\n\n\n<h2 class=\"wp-block-heading\">Mein Fotojahr 2019<\/h2>\n\n\n\n<p>Irgendwie passt der Keks-Kalender zu meinem Jahr 2019. Noch nie habe ich mich so intensiv mit der Fotografie auseinander gesetzt. Habe einen Foodworkshop besucht, zwei weitere f\u00fcr die n\u00e4chsten Wochen gebucht. Viele Dinge zum ersten Mal fotografiert. Viel gelesen \u00fcber die Fotografie und viel dazugelernt. Viel Kritik bekommen, aber auch Lob und Anerkennung. Ich bin sehr gespannt auf das Jahr 2020.<\/p>\n\n\n\n<h2 class=\"wp-block-heading\">Verbesserungsvorschl\u00e4ge<\/h2>\n\n\n\n<p>Einige W\u00fcnsche zum Kekskalender habe ich schon bekommen. Einige von Euch w\u00fcnschen sich die Rezepte direkt neben den Fotos. Mir gef\u00e4llt das ehrlich gesagt nicht so gut, daher habe ich es dieses Jahr auch nicht so entworfen, dass Foto + Rezept abgebildet sind. Aber f\u00fcr das n\u00e4chste Jahr nehme ich das gerne auf und vielleicht mache ich dann ja wieder einen. <\/p>\n\n\n\n<p>Falls ihr mehr Vorschl\u00e4ge und Verbesserungsideen habt, immer her damit. Ich freue mich immer \u00fcber Input.<\/p>\n\n\n\n<p><\/p>\n\n\n\n<div class=\"wp-block-image\"><figure class=\"aligncenter\"><img loading=\"lazy\" decoding=\"async\" width=\"206\" height=\"97\" src=\"https:\/\/leckerekekse.de\/wordpress\/wp-content\/uploads\/2016\/04\/Scan-11.jpeg\" alt=\"\" class=\"wp-image-5966\"\/><\/figure><\/div>\n\n\n\n<p><\/p>\n","protected":false},"excerpt":{"rendered":"<p>Kekse f\u00fcr das ganze Jahr Werbung in eigener Sache Das wollte ich schon ganz lange machen! Ein Kalender mit Keksfotos. Also ein Kekskalender! Mit Fotos von den Rezepten, die ihr hier auf dem Blog schon gesehen habt. Dieses Jahr kann ich nun endlich einen Haken mehr auf meiner To-Do-Liste machen. Jeden Monat k\u00f6nnt ihr ein [&hellip;]<\/p>\n","protected":false},"author":1,"featured_media":14594,"comment_status":"open","ping_status":"open","sticky":false,"template":"","format":"standard","meta":{"footnotes":""},"categories":[1,2],"tags":[],"class_list":["post-14593","post","type-post","status-publish","format-standard","has-post-thumbnail","hentry","category-allgemein","category-kekse"],"yoast_head":"<!-- This site is optimized with the Yoast SEO plugin v27.5 - https:\/\/yoast.com\/product\/yoast-seo-wordpress\/ -->\n<title>Der Kekskalender 2020 | Leckere Kekse &amp; mehr<\/title>\n<meta name=\"description\" content=\"Dieser Kekskalender soll euch motivieren, das ganze Jahr \u00fcber Kekse zu backen. Kekse sind immer eine gelungene Bereicherung f\u00fcr jede Kaffeetafel.\" \/>\n<meta name=\"robots\" content=\"index, follow, max-snippet:-1, max-image-preview:large, max-video-preview:-1\" \/>\n<link rel=\"canonical\" href=\"https:\/\/leckerekekse.de\/wordpress\/der-kekskalender-2020\/\" \/>\n<meta property=\"og:locale\" content=\"de_DE\" \/>\n<meta property=\"og:type\" content=\"article\" \/>\n<meta property=\"og:title\" content=\"Der Kekskalender 2020 | Leckere Kekse &amp; mehr\" \/>\n<meta property=\"og:description\" content=\"Dieser Kekskalender soll euch motivieren, das ganze Jahr \u00fcber Kekse zu backen. Kekse sind immer eine gelungene Bereicherung f\u00fcr jede Kaffeetafel.\" \/>\n<meta property=\"og:url\" content=\"https:\/\/leckerekekse.de\/wordpress\/der-kekskalender-2020\/\" \/>\n<meta property=\"og:site_name\" content=\"Leckere Kekse &amp; mehr\" \/>\n<meta property=\"article:published_time\" content=\"2019-11-27T05:20:00+00:00\" \/>\n<meta property=\"article:modified_time\" content=\"2022-09-12T09:55:49+00:00\" \/>\n<meta property=\"og:image\" content=\"https:\/\/leckerekekse.de\/wordpress\/wp-content\/uploads\/2019\/11\/Keks-Kalender.jpg\" \/>\n\t<meta property=\"og:image:width\" content=\"640\" \/>\n\t<meta property=\"og:image:height\" content=\"480\" \/>\n\t<meta property=\"og:image:type\" content=\"image\/jpeg\" \/>\n<meta name=\"author\" content=\"Astrid\" \/>\n<meta name=\"twitter:label1\" content=\"Verfasst von\" \/>\n\t<meta name=\"twitter:data1\" content=\"Astrid\" \/>\n\t<meta name=\"twitter:label2\" content=\"Gesch\u00e4tzte Lesezeit\" \/>\n\t<meta name=\"twitter:data2\" content=\"1\u00a0Minute\" \/>\n<script type=\"application\/ld+json\" class=\"yoast-schema-graph\">{\"@context\":\"https:\\\/\\\/schema.org\",\"@graph\":[{\"@type\":\"Article\",\"@id\":\"https:\\\/\\\/leckerekekse.de\\\/wordpress\\\/der-kekskalender-2020\\\/#article\",\"isPartOf\":{\"@id\":\"https:\\\/\\\/leckerekekse.de\\\/wordpress\\\/der-kekskalender-2020\\\/\"},\"author\":{\"name\":\"Astrid\",\"@id\":\"https:\\\/\\\/leckerekekse.de\\\/wordpress\\\/#\\\/schema\\\/person\\\/8f45748de22f11ca6e316da813f59b85\"},\"headline\":\"Der Kekskalender 2020\",\"datePublished\":\"2019-11-27T05:20:00+00:00\",\"dateModified\":\"2022-09-12T09:55:49+00:00\",\"mainEntityOfPage\":{\"@id\":\"https:\\\/\\\/leckerekekse.de\\\/wordpress\\\/der-kekskalender-2020\\\/\"},\"wordCount\":281,\"commentCount\":6,\"publisher\":{\"@id\":\"https:\\\/\\\/leckerekekse.de\\\/wordpress\\\/#\\\/schema\\\/person\\\/8f45748de22f11ca6e316da813f59b85\"},\"image\":{\"@id\":\"https:\\\/\\\/leckerekekse.de\\\/wordpress\\\/der-kekskalender-2020\\\/#primaryimage\"},\"thumbnailUrl\":\"https:\\\/\\\/leckerekekse.de\\\/wordpress\\\/wp-content\\\/uploads\\\/2019\\\/11\\\/Keks-Kalender.jpg\",\"articleSection\":{\"1\":\"Kekse\"},\"inLanguage\":\"de\",\"potentialAction\":[{\"@type\":\"CommentAction\",\"name\":\"Comment\",\"target\":[\"https:\\\/\\\/leckerekekse.de\\\/wordpress\\\/der-kekskalender-2020\\\/#respond\"]}]},{\"@type\":\"WebPage\",\"@id\":\"https:\\\/\\\/leckerekekse.de\\\/wordpress\\\/der-kekskalender-2020\\\/\",\"url\":\"https:\\\/\\\/leckerekekse.de\\\/wordpress\\\/der-kekskalender-2020\\\/\",\"name\":\"Der Kekskalender 2020 | Leckere Kekse &amp; mehr\",\"isPartOf\":{\"@id\":\"https:\\\/\\\/leckerekekse.de\\\/wordpress\\\/#website\"},\"primaryImageOfPage\":{\"@id\":\"https:\\\/\\\/leckerekekse.de\\\/wordpress\\\/der-kekskalender-2020\\\/#primaryimage\"},\"image\":{\"@id\":\"https:\\\/\\\/leckerekekse.de\\\/wordpress\\\/der-kekskalender-2020\\\/#primaryimage\"},\"thumbnailUrl\":\"https:\\\/\\\/leckerekekse.de\\\/wordpress\\\/wp-content\\\/uploads\\\/2019\\\/11\\\/Keks-Kalender.jpg\",\"datePublished\":\"2019-11-27T05:20:00+00:00\",\"dateModified\":\"2022-09-12T09:55:49+00:00\",\"description\":\"Dieser Kekskalender soll euch motivieren, das ganze Jahr \u00fcber Kekse zu backen. Kekse sind immer eine gelungene Bereicherung f\u00fcr jede Kaffeetafel.\",\"breadcrumb\":{\"@id\":\"https:\\\/\\\/leckerekekse.de\\\/wordpress\\\/der-kekskalender-2020\\\/#breadcrumb\"},\"inLanguage\":\"de\",\"potentialAction\":[{\"@type\":\"ReadAction\",\"target\":[\"https:\\\/\\\/leckerekekse.de\\\/wordpress\\\/der-kekskalender-2020\\\/\"]}]},{\"@type\":\"ImageObject\",\"inLanguage\":\"de\",\"@id\":\"https:\\\/\\\/leckerekekse.de\\\/wordpress\\\/der-kekskalender-2020\\\/#primaryimage\",\"url\":\"https:\\\/\\\/leckerekekse.de\\\/wordpress\\\/wp-content\\\/uploads\\\/2019\\\/11\\\/Keks-Kalender.jpg\",\"contentUrl\":\"https:\\\/\\\/leckerekekse.de\\\/wordpress\\\/wp-content\\\/uploads\\\/2019\\\/11\\\/Keks-Kalender.jpg\",\"width\":640,\"height\":480},{\"@type\":\"BreadcrumbList\",\"@id\":\"https:\\\/\\\/leckerekekse.de\\\/wordpress\\\/der-kekskalender-2020\\\/#breadcrumb\",\"itemListElement\":[{\"@type\":\"ListItem\",\"position\":1,\"name\":\"Home\",\"item\":\"https:\\\/\\\/leckerekekse.de\\\/wordpress\\\/\"},{\"@type\":\"ListItem\",\"position\":2,\"name\":\"Der Kekskalender 2020\"}]},{\"@type\":\"WebSite\",\"@id\":\"https:\\\/\\\/leckerekekse.de\\\/wordpress\\\/#website\",\"url\":\"https:\\\/\\\/leckerekekse.de\\\/wordpress\\\/\",\"name\":\"Leckere Kekse &amp; mehr\",\"description\":\"Kekse backen, B\u00fccher lesen und mehr\",\"publisher\":{\"@id\":\"https:\\\/\\\/leckerekekse.de\\\/wordpress\\\/#\\\/schema\\\/person\\\/8f45748de22f11ca6e316da813f59b85\"},\"potentialAction\":[{\"@type\":\"SearchAction\",\"target\":{\"@type\":\"EntryPoint\",\"urlTemplate\":\"https:\\\/\\\/leckerekekse.de\\\/wordpress\\\/?s={search_term_string}\"},\"query-input\":{\"@type\":\"PropertyValueSpecification\",\"valueRequired\":true,\"valueName\":\"search_term_string\"}}],\"inLanguage\":\"de\"},{\"@type\":[\"Person\",\"Organization\"],\"@id\":\"https:\\\/\\\/leckerekekse.de\\\/wordpress\\\/#\\\/schema\\\/person\\\/8f45748de22f11ca6e316da813f59b85\",\"name\":\"Astrid\",\"logo\":{\"@id\":\"https:\\\/\\\/leckerekekse.de\\\/wordpress\\\/#\\\/schema\\\/person\\\/image\\\/\"},\"sameAs\":[\"https:\\\/\\\/leckerekekse.de\\\/wordpress\"]}]}<\/script>\n<!-- \/ Yoast SEO plugin. -->","yoast_head_json":{"title":"Der Kekskalender 2020 | Leckere Kekse &amp; mehr","description":"Dieser Kekskalender soll euch motivieren, das ganze Jahr \u00fcber Kekse zu backen. Kekse sind immer eine gelungene Bereicherung f\u00fcr jede Kaffeetafel.","robots":{"index":"index","follow":"follow","max-snippet":"max-snippet:-1","max-image-preview":"max-image-preview:large","max-video-preview":"max-video-preview:-1"},"canonical":"https:\/\/leckerekekse.de\/wordpress\/der-kekskalender-2020\/","og_locale":"de_DE","og_type":"article","og_title":"Der Kekskalender 2020 | Leckere Kekse &amp; mehr","og_description":"Dieser Kekskalender soll euch motivieren, das ganze Jahr \u00fcber Kekse zu backen. Kekse sind immer eine gelungene Bereicherung f\u00fcr jede Kaffeetafel.","og_url":"https:\/\/leckerekekse.de\/wordpress\/der-kekskalender-2020\/","og_site_name":"Leckere Kekse &amp; mehr","article_published_time":"2019-11-27T05:20:00+00:00","article_modified_time":"2022-09-12T09:55:49+00:00","og_image":[{"width":640,"height":480,"url":"https:\/\/leckerekekse.de\/wordpress\/wp-content\/uploads\/2019\/11\/Keks-Kalender.jpg","type":"image\/jpeg"}],"author":"Astrid","twitter_misc":{"Verfasst von":"Astrid","Gesch\u00e4tzte Lesezeit":"1\u00a0Minute"},"schema":{"@context":"https:\/\/schema.org","@graph":[{"@type":"Article","@id":"https:\/\/leckerekekse.de\/wordpress\/der-kekskalender-2020\/#article","isPartOf":{"@id":"https:\/\/leckerekekse.de\/wordpress\/der-kekskalender-2020\/"},"author":{"name":"Astrid","@id":"https:\/\/leckerekekse.de\/wordpress\/#\/schema\/person\/8f45748de22f11ca6e316da813f59b85"},"headline":"Der Kekskalender 2020","datePublished":"2019-11-27T05:20:00+00:00","dateModified":"2022-09-12T09:55:49+00:00","mainEntityOfPage":{"@id":"https:\/\/leckerekekse.de\/wordpress\/der-kekskalender-2020\/"},"wordCount":281,"commentCount":6,"publisher":{"@id":"https:\/\/leckerekekse.de\/wordpress\/#\/schema\/person\/8f45748de22f11ca6e316da813f59b85"},"image":{"@id":"https:\/\/leckerekekse.de\/wordpress\/der-kekskalender-2020\/#primaryimage"},"thumbnailUrl":"https:\/\/leckerekekse.de\/wordpress\/wp-content\/uploads\/2019\/11\/Keks-Kalender.jpg","articleSection":{"1":"Kekse"},"inLanguage":"de","potentialAction":[{"@type":"CommentAction","name":"Comment","target":["https:\/\/leckerekekse.de\/wordpress\/der-kekskalender-2020\/#respond"]}]},{"@type":"WebPage","@id":"https:\/\/leckerekekse.de\/wordpress\/der-kekskalender-2020\/","url":"https:\/\/leckerekekse.de\/wordpress\/der-kekskalender-2020\/","name":"Der Kekskalender 2020 | Leckere Kekse &amp; mehr","isPartOf":{"@id":"https:\/\/leckerekekse.de\/wordpress\/#website"},"primaryImageOfPage":{"@id":"https:\/\/leckerekekse.de\/wordpress\/der-kekskalender-2020\/#primaryimage"},"image":{"@id":"https:\/\/leckerekekse.de\/wordpress\/der-kekskalender-2020\/#primaryimage"},"thumbnailUrl":"https:\/\/leckerekekse.de\/wordpress\/wp-content\/uploads\/2019\/11\/Keks-Kalender.jpg","datePublished":"2019-11-27T05:20:00+00:00","dateModified":"2022-09-12T09:55:49+00:00","description":"Dieser Kekskalender soll euch motivieren, das ganze Jahr \u00fcber Kekse zu backen. Kekse sind immer eine gelungene Bereicherung f\u00fcr jede Kaffeetafel.","breadcrumb":{"@id":"https:\/\/leckerekekse.de\/wordpress\/der-kekskalender-2020\/#breadcrumb"},"inLanguage":"de","potentialAction":[{"@type":"ReadAction","target":["https:\/\/leckerekekse.de\/wordpress\/der-kekskalender-2020\/"]}]},{"@type":"ImageObject","inLanguage":"de","@id":"https:\/\/leckerekekse.de\/wordpress\/der-kekskalender-2020\/#primaryimage","url":"https:\/\/leckerekekse.de\/wordpress\/wp-content\/uploads\/2019\/11\/Keks-Kalender.jpg","contentUrl":"https:\/\/leckerekekse.de\/wordpress\/wp-content\/uploads\/2019\/11\/Keks-Kalender.jpg","width":640,"height":480},{"@type":"BreadcrumbList","@id":"https:\/\/leckerekekse.de\/wordpress\/der-kekskalender-2020\/#breadcrumb","itemListElement":[{"@type":"ListItem","position":1,"name":"Home","item":"https:\/\/leckerekekse.de\/wordpress\/"},{"@type":"ListItem","position":2,"name":"Der Kekskalender 2020"}]},{"@type":"WebSite","@id":"https:\/\/leckerekekse.de\/wordpress\/#website","url":"https:\/\/leckerekekse.de\/wordpress\/","name":"Leckere Kekse &amp; mehr","description":"Kekse backen, B\u00fccher lesen und mehr","publisher":{"@id":"https:\/\/leckerekekse.de\/wordpress\/#\/schema\/person\/8f45748de22f11ca6e316da813f59b85"},"potentialAction":[{"@type":"SearchAction","target":{"@type":"EntryPoint","urlTemplate":"https:\/\/leckerekekse.de\/wordpress\/?s={search_term_string}"},"query-input":{"@type":"PropertyValueSpecification","valueRequired":true,"valueName":"search_term_string"}}],"inLanguage":"de"},{"@type":["Person","Organization"],"@id":"https:\/\/leckerekekse.de\/wordpress\/#\/schema\/person\/8f45748de22f11ca6e316da813f59b85","name":"Astrid","logo":{"@id":"https:\/\/leckerekekse.de\/wordpress\/#\/schema\/person\/image\/"},"sameAs":["https:\/\/leckerekekse.de\/wordpress"]}]}},"_links":{"self":[{"href":"https:\/\/leckerekekse.de\/wordpress\/wp-json\/wp\/v2\/posts\/14593","targetHints":{"allow":["GET"]}}],"collection":[{"href":"https:\/\/leckerekekse.de\/wordpress\/wp-json\/wp\/v2\/posts"}],"about":[{"href":"https:\/\/leckerekekse.de\/wordpress\/wp-json\/wp\/v2\/types\/post"}],"author":[{"embeddable":true,"href":"https:\/\/leckerekekse.de\/wordpress\/wp-json\/wp\/v2\/users\/1"}],"replies":[{"embeddable":true,"href":"https:\/\/leckerekekse.de\/wordpress\/wp-json\/wp\/v2\/comments?post=14593"}],"version-history":[{"count":3,"href":"https:\/\/leckerekekse.de\/wordpress\/wp-json\/wp\/v2\/posts\/14593\/revisions"}],"predecessor-version":[{"id":17498,"href":"https:\/\/leckerekekse.de\/wordpress\/wp-json\/wp\/v2\/posts\/14593\/revisions\/17498"}],"wp:featuredmedia":[{"embeddable":true,"href":"https:\/\/leckerekekse.de\/wordpress\/wp-json\/wp\/v2\/media\/14594"}],"wp:attachment":[{"href":"https:\/\/leckerekekse.de\/wordpress\/wp-json\/wp\/v2\/media?parent=14593"}],"wp:term":[{"taxonomy":"category","embeddable":true,"href":"https:\/\/leckerekekse.de\/wordpress\/wp-json\/wp\/v2\/categories?post=14593"},{"taxonomy":"post_tag","embeddable":true,"href":"https:\/\/leckerekekse.de\/wordpress\/wp-json\/wp\/v2\/tags?post=14593"}],"curies":[{"name":"wp","href":"https:\/\/api.w.org\/{rel}","templated":true}]}}