{"id":14949,"date":"2020-01-22T08:00:00","date_gmt":"2020-01-22T07:00:00","guid":{"rendered":"https:\/\/leckerekekse.de\/wordpress\/?p=14949"},"modified":"2021-03-27T16:39:55","modified_gmt":"2021-03-27T15:39:55","slug":"blogparade-jahresrueckblick-2019","status":"publish","type":"post","link":"https:\/\/leckerekekse.de\/wordpress\/blogparade-jahresrueckblick-2019\/","title":{"rendered":"Blogparade Jahresr\u00fcckblick 2019"},"content":{"rendered":"\n<h2 class=\"wp-block-heading\">Jahresr\u00fcckblick auf Art der Frauenleserin<\/h2>\n\n\n\n<figure class=\"wp-block-image size-large\"><img loading=\"lazy\" decoding=\"async\" width=\"640\" height=\"427\" src=\"https:\/\/leckerekekse.de\/wordpress\/wp-content\/uploads\/2019\/01\/frauenleserin-blogparade-750x500-640x427.jpg\" alt=\"\" class=\"wp-image-12885\" srcset=\"https:\/\/leckerekekse.de\/wordpress\/wp-content\/uploads\/2019\/01\/frauenleserin-blogparade-750x500.jpg 640w, https:\/\/leckerekekse.de\/wordpress\/wp-content\/uploads\/2019\/01\/frauenleserin-blogparade-750x500-300x200.jpg 300w\" sizes=\"auto, (max-width: 640px) 100vw, 640px\" \/><\/figure>\n\n\n\n<p>Kerstin, <a href=\"http:\/\/www.kerstin-herbert.de\/?p=8088&amp;\">die Frauenleserin<\/a>, ruft wieder zu einer Blogparade auf, um das Leseverhalten bez\u00fcglich Literatur von Autorinnen zu reflektieren. Da habe ich auch schon <a href=\"https:\/\/leckerekekse.de\/wordpress\/leserueckblick-2018\/\">letztes Jahr<\/a> mitgemacht. Eine sch\u00f6ne Art auf das Lesejahr zur\u00fcckzublicken.<br>Astrid hat auch schon auf ihr 2019 zur\u00fcckgeschaut, sich aber an der <a href=\"https:\/\/leckerekekse.de\/wordpress\/11-buchseiten-blogparade\/\">Blogtour von Buchseiten<\/a> beteiligt, die einen etwas anderen Fokus hat.<br>Kerstin m\u00f6chte B\u00fccher von Frauen voranbringen, ihre f\u00fcnf Fragen der Blogtour beziehen sich auch ganz auf das Leseverhalten bez\u00fcglich Autorinnen.<\/p>\n\n\n\n<!--more-->\n\n\n\n<h3 class=\"wp-block-heading\">Frauenquote<\/h3>\n\n\n\n<p><strong>Wie hoch ist meine \u201eFrauenquote\u201c? Wie viele B\u00fccher habe ich in diesem Jahr gelesen? Wie viele davon wurden von Autorinnen verfasst?<\/strong><\/p>\n\n\n\n<p>Wie jedes Jahr habe ich auch 2019 wieder weniger gelesen, als im Jahr davor. Allerdings nicht viel. Auf 71 gelesene B\u00fccher habe ich es gebracht. Davon waren 38 von Autorinnen, also wieder \u00fcber 50%. <br>Au\u00dferdem habe ich 29 H\u00f6rb\u00fccher geh\u00f6rt, davon wurden nur 10 von Autorinnen verfasst.<br>Insgesamt habe ich es also genau auf 100 B\u00fccher\/H\u00f6rb\u00fccher gebracht.&nbsp; Davon waren 48 von Autorinnen, also knapp unter 50%.<\/p>\n\n\n\n<h3 class=\"wp-block-heading\">Lesehighlight<\/h3>\n\n\n\n<p>W<strong>elches Buch einer Autorin ist mein diesj\u00e4hriges Lesehighlight?<\/strong><\/p>\n\n\n\n<figure class=\"wp-block-image size-large\"><img loading=\"lazy\" decoding=\"async\" width=\"480\" height=\"640\" src=\"https:\/\/leckerekekse.de\/wordpress\/wp-content\/uploads\/2019\/02\/klavierschueler-rezension-lea-singer-480x640.jpg\" alt=\"Lea Singer, Der Klaviersch\u00fcler, Kampa Verlag\" class=\"wp-image-13144\" srcset=\"https:\/\/leckerekekse.de\/wordpress\/wp-content\/uploads\/2019\/02\/klavierschueler-rezension-lea-singer.jpg 480w, https:\/\/leckerekekse.de\/wordpress\/wp-content\/uploads\/2019\/02\/klavierschueler-rezension-lea-singer-225x300.jpg 225w\" sizes=\"auto, (max-width: 480px) 100vw, 480px\" \/><\/figure>\n\n\n\n<p>Da musste ich wirklich nochmal meine Liste der gelesenen B\u00fccher durchgehen und lange gegeneinander abw\u00e4gen.<br>Ich habe mich hier f\u00fcr <a href=\"https:\/\/leckerekekse.de\/wordpress\/lea-singer-der-klavierschueler\/\">Der Klaviersch\u00fcler von Lea Singer<\/a> entschieden. Es geht hier um den ber\u00fchmten, bereits verstorbenen, Pianisten Vladimir Horowitz und dessen versteckte Homosexualit\u00e4t. Lea Singer schreibt h\u00e4ufig Romane, die durch historische Pers\u00f6nlichkeiten und deren Leben inspiriert wurden. Die N\u00f6te von Schwulen im Laufe des letzten Jahrhunderts und Verbindung mit sch\u00f6nen Beschreibungen von Klaviermusik hat mich nachhaltig beeindruckt.<\/p>\n\n\n\n<h3 class=\"wp-block-heading\">Neuentdeckung<\/h3>\n\n\n\n<figure class=\"wp-block-image size-large\"><img loading=\"lazy\" decoding=\"async\" width=\"427\" height=\"640\" src=\"https:\/\/leckerekekse.de\/wordpress\/wp-content\/uploads\/2019\/12\/Deb\u00fctpreis4-427x640.jpg\" alt=\"Nadine Schneider, Drei Kilometer, Jung und Jung Verlag\" class=\"wp-image-14773\" srcset=\"https:\/\/leckerekekse.de\/wordpress\/wp-content\/uploads\/2019\/12\/Deb\u00fctpreis4.jpg 427w, https:\/\/leckerekekse.de\/wordpress\/wp-content\/uploads\/2019\/12\/Deb\u00fctpreis4-200x300.jpg 200w\" sizes=\"auto, (max-width: 427px) 100vw, 427px\" \/><\/figure>\n\n\n\n<p><strong>Welche Autorin habe ich in diesem Jahr f\u00fcr mich entdeckt und was macht Sie f\u00fcr mich so besonders?<\/strong><br>Auch diesen Winter habe ich mich wieder an der <a href=\"https:\/\/leckerekekse.de\/wordpress\/bloggerpreis-das-debut-2019\/\">Jury f\u00fcr den Bloggerpreis<\/a> vom Blog Das Deb\u00fct beteiligt. Seit ich das mache, lese ich mehr Deb\u00fctromane, was meine Eindr\u00fccke stark bereichert. Dieses Jahr waren auf der Shortlist, die aus f\u00fcnf B\u00fcchern besteht, vier Autorinnen beteiligt. Meine Favoritin war Nadine Schneider mit ihrem Deb\u00fct <a href=\"https:\/\/leckerekekse.de\/wordpress\/nadine-schneider-drei-kilometer\/\">Drei Kilometer<\/a>.<br>Ein guter Roman, in dem die Personen und ihre N\u00f6te sehr gut gezeichnet waren. Ein Buch, dass es schaffte, viel sehr knapp zu beschreiben. Dieser Mut zur L\u00fccke hat mich, neben dem gelungenen Stil, begeistert.<\/p>\n\n\n\n<h3 class=\"wp-block-heading\">Biographie<\/h3>\n\n\n\n<p><strong>Welche&nbsp;weibliche Lebensgeschichte bzw. Biografie hat mich in diesem Jahr besonders beeindruckt?<\/strong><\/p>\n\n\n\n<figure class=\"wp-block-image size-large\"><img loading=\"lazy\" decoding=\"async\" width=\"640\" height=\"429\" src=\"https:\/\/leckerekekse.de\/wordpress\/wp-content\/uploads\/2019\/11\/birgit-rabisch-schwarze-rosa-640x429.jpg\" alt=\"Die schwarze Rosa von Birigt Rabisch, duotincta Verlag\" class=\"wp-image-14559\" srcset=\"https:\/\/leckerekekse.de\/wordpress\/wp-content\/uploads\/2019\/11\/birgit-rabisch-schwarze-rosa.jpg 640w, https:\/\/leckerekekse.de\/wordpress\/wp-content\/uploads\/2019\/11\/birgit-rabisch-schwarze-rosa-300x201.jpg 300w\" sizes=\"auto, (max-width: 640px) 100vw, 640px\" \/><\/figure>\n\n\n\n<p>F\u00fcr diese Antwort musste ich nicht lang nachdenken. Das war <a href=\"https:\/\/leckerekekse.de\/wordpress\/birgit-rabisch-die-schwarze-rosa\/\">Die schwarze Rosa<\/a> von Birgit Rabisch. Birgit hat in dem Roman das Leben ihrer Gro\u00dfmutter nachgezeichnet und hatte dabei auch den Mut, unangenehme Wahrheiten aufzuzeigen. Ein Buch \u00fcber die Zeit der Weimarer Republik, das ich sehr empfehlen kann.<\/p>\n\n\n\n<h3 class=\"wp-block-heading\">Pl\u00e4ne 2020<\/h3>\n\n\n\n<p><strong>Welches Buch einer Autorin m\u00f6chte ich in 2020 unbedingt lesen?<\/strong><\/p>\n\n\n\n<p>Mein SUB ist nach wie vor sehr hoch. Jetzt im Januar habe ich endlich &#8222;Ein wenig Leben&#8220; von Hanya Yanagihara gelesen. Mein Mann war schon kurz nach dem Erscheinen sehr begeistert. Ich habe es mir jetzt f\u00fcr den Lesekreis endlich vorgenommen. Ich war froh, dass ich es im Urlaub las, denn in einer schlechteren Phase h\u00e4tte es mich sicher sehr deprimiert. Was der arme Jude alles durchmachen musste, war irgendwie Zuviel f\u00fcr einen einzigen Menschen.<br>Ein Buch aus 2019, das mich sehr reizt ist &#8222;GRM&#8220; von Sybille Berg. Ich konnte mich dazu noch nicht aufraffen. Recht dick und sicher nicht ganz einfach zu lesen. Daf\u00fcr brauche ich auch mal eine ruhige Urlaubswoche, in der ich mich ganz darauf einlassen kann.<\/p>\n\n\n\n<h3 class=\"wp-block-heading\">Weitere Beitr\u00e4ge<\/h3>\n\n\n\n<p>Hier ein paar Beitr\u00e4ge anderer Teilnehmerinnen.<br><a href=\"https:\/\/literaturreich.de\/2020\/01\/14\/blogparade-der-frauenleserin-autorinnen-2019\/\">Literaturreich<\/a><br><a href=\"http:\/\/www.kerstin-herbert.de\/?p=8845&amp;\">Kerstin Herbert<\/a><br><a href=\"https:\/\/phileablog.wordpress.com\/2020\/01\/08\/blick-zurueck-2019-das-jahr-der-frauen\/\">Philea`s Blog<\/a><br>Text und Tee<br><a href=\"https:\/\/schiefgelesen.net\/2020\/01\/09\/die-frauen-von-2019-mein-beitrag-zur-frauenleserin-blogparade\/\">Schiefgelesen<\/a><br>Wie sieht es mit deiner Lesestatistik aus? <\/p>\n\n\n\n<figure class=\"wp-block-image size-medium\"><img loading=\"lazy\" decoding=\"async\" width=\"300\" height=\"219\" src=\"https:\/\/leckerekekse.de\/wordpress\/wp-content\/uploads\/2016\/04\/Signatur-002-300x219.jpg\" alt=\"\" class=\"wp-image-5977\" srcset=\"https:\/\/leckerekekse.de\/wordpress\/wp-content\/uploads\/2016\/04\/Signatur-002-300x219.jpg 300w, https:\/\/leckerekekse.de\/wordpress\/wp-content\/uploads\/2016\/04\/Signatur-002.jpg 640w\" sizes=\"auto, (max-width: 300px) 100vw, 300px\" \/><\/figure>\n\n\n","protected":false},"excerpt":{"rendered":"<p>Jahresr\u00fcckblick auf Art der Frauenleserin Kerstin, die Frauenleserin, ruft wieder zu einer Blogparade auf, um das Leseverhalten bez\u00fcglich Literatur von Autorinnen zu reflektieren. Da habe ich auch schon letztes Jahr mitgemacht. Eine sch\u00f6ne Art auf das Lesejahr zur\u00fcckzublicken.Astrid hat auch schon auf ihr 2019 zur\u00fcckgeschaut, sich aber an der Blogtour von Buchseiten beteiligt, die einen [&hellip;]<\/p>\n","protected":false},"author":2,"featured_media":12885,"comment_status":"open","ping_status":"open","sticky":false,"template":"","format":"standard","meta":{"footnotes":""},"categories":[1,3,682],"tags":[1267,433,921],"class_list":["post-14949","post","type-post","status-publish","format-standard","has-post-thumbnail","hentry","category-allgemein","category-buecher","category-social-reading","tag-autorinnen","tag-lesen","tag-rueckblick"],"yoast_head":"<!-- This site is optimized with the Yoast SEO plugin v27.5 - https:\/\/yoast.com\/product\/yoast-seo-wordpress\/ -->\n<title>Blogparade Jahresr\u00fcckblick 2019 | Leckere Kekse &amp; mehr<\/title>\n<meta name=\"description\" content=\"Ein Jahresr\u00fcckblick mit dem Focus auf mein Leseverhalten. Wieviel habe ich gelesen, und wieviele B\u00fccher wurden von Autorinnen verfasst?\" \/>\n<meta name=\"robots\" content=\"index, follow, max-snippet:-1, max-image-preview:large, max-video-preview:-1\" \/>\n<link rel=\"canonical\" href=\"https:\/\/leckerekekse.de\/wordpress\/blogparade-jahresrueckblick-2019\/\" \/>\n<meta property=\"og:locale\" content=\"de_DE\" \/>\n<meta property=\"og:type\" content=\"article\" \/>\n<meta property=\"og:title\" content=\"Blogparade Jahresr\u00fcckblick 2019 | Leckere Kekse &amp; mehr\" \/>\n<meta property=\"og:description\" content=\"Ein Jahresr\u00fcckblick mit dem Focus auf mein Leseverhalten. Wieviel habe ich gelesen, und wieviele B\u00fccher wurden von Autorinnen verfasst?\" \/>\n<meta property=\"og:url\" content=\"https:\/\/leckerekekse.de\/wordpress\/blogparade-jahresrueckblick-2019\/\" \/>\n<meta property=\"og:site_name\" content=\"Leckere Kekse &amp; mehr\" \/>\n<meta property=\"article:published_time\" content=\"2020-01-22T07:00:00+00:00\" \/>\n<meta property=\"article:modified_time\" content=\"2021-03-27T15:39:55+00:00\" \/>\n<meta property=\"og:image\" content=\"https:\/\/leckerekekse.de\/wordpress\/wp-content\/uploads\/2019\/01\/frauenleserin-blogparade-750x500.jpg\" \/>\n\t<meta property=\"og:image:width\" content=\"640\" \/>\n\t<meta property=\"og:image:height\" content=\"427\" \/>\n\t<meta property=\"og:image:type\" content=\"image\/jpeg\" \/>\n<meta name=\"author\" content=\"Buchlieberin\" \/>\n<meta name=\"twitter:label1\" content=\"Verfasst von\" \/>\n\t<meta name=\"twitter:data1\" content=\"Buchlieberin\" \/>\n\t<meta name=\"twitter:label2\" content=\"Gesch\u00e4tzte Lesezeit\" \/>\n\t<meta name=\"twitter:data2\" content=\"3\u00a0Minuten\" \/>\n<script type=\"application\/ld+json\" class=\"yoast-schema-graph\">{\"@context\":\"https:\\\/\\\/schema.org\",\"@graph\":[{\"@type\":\"Article\",\"@id\":\"https:\\\/\\\/leckerekekse.de\\\/wordpress\\\/blogparade-jahresrueckblick-2019\\\/#article\",\"isPartOf\":{\"@id\":\"https:\\\/\\\/leckerekekse.de\\\/wordpress\\\/blogparade-jahresrueckblick-2019\\\/\"},\"author\":{\"name\":\"Buchlieberin\",\"@id\":\"https:\\\/\\\/leckerekekse.de\\\/wordpress\\\/#\\\/schema\\\/person\\\/161a8971fdc6b42b40eb2cf476f78939\"},\"headline\":\"Blogparade Jahresr\u00fcckblick 2019\",\"datePublished\":\"2020-01-22T07:00:00+00:00\",\"dateModified\":\"2021-03-27T15:39:55+00:00\",\"mainEntityOfPage\":{\"@id\":\"https:\\\/\\\/leckerekekse.de\\\/wordpress\\\/blogparade-jahresrueckblick-2019\\\/\"},\"wordCount\":622,\"commentCount\":0,\"publisher\":{\"@id\":\"https:\\\/\\\/leckerekekse.de\\\/wordpress\\\/#\\\/schema\\\/person\\\/8f45748de22f11ca6e316da813f59b85\"},\"image\":{\"@id\":\"https:\\\/\\\/leckerekekse.de\\\/wordpress\\\/blogparade-jahresrueckblick-2019\\\/#primaryimage\"},\"thumbnailUrl\":\"https:\\\/\\\/leckerekekse.de\\\/wordpress\\\/wp-content\\\/uploads\\\/2019\\\/01\\\/frauenleserin-blogparade-750x500.jpg\",\"keywords\":[\"Autorinnen\",\"lesen\",\"R\u00fcckblick\"],\"articleSection\":{\"1\":\"B\u00fccher\",\"2\":\"Social Reading\"},\"inLanguage\":\"de\",\"potentialAction\":[{\"@type\":\"CommentAction\",\"name\":\"Comment\",\"target\":[\"https:\\\/\\\/leckerekekse.de\\\/wordpress\\\/blogparade-jahresrueckblick-2019\\\/#respond\"]}]},{\"@type\":\"WebPage\",\"@id\":\"https:\\\/\\\/leckerekekse.de\\\/wordpress\\\/blogparade-jahresrueckblick-2019\\\/\",\"url\":\"https:\\\/\\\/leckerekekse.de\\\/wordpress\\\/blogparade-jahresrueckblick-2019\\\/\",\"name\":\"Blogparade Jahresr\u00fcckblick 2019 | Leckere Kekse &amp; mehr\",\"isPartOf\":{\"@id\":\"https:\\\/\\\/leckerekekse.de\\\/wordpress\\\/#website\"},\"primaryImageOfPage\":{\"@id\":\"https:\\\/\\\/leckerekekse.de\\\/wordpress\\\/blogparade-jahresrueckblick-2019\\\/#primaryimage\"},\"image\":{\"@id\":\"https:\\\/\\\/leckerekekse.de\\\/wordpress\\\/blogparade-jahresrueckblick-2019\\\/#primaryimage\"},\"thumbnailUrl\":\"https:\\\/\\\/leckerekekse.de\\\/wordpress\\\/wp-content\\\/uploads\\\/2019\\\/01\\\/frauenleserin-blogparade-750x500.jpg\",\"datePublished\":\"2020-01-22T07:00:00+00:00\",\"dateModified\":\"2021-03-27T15:39:55+00:00\",\"description\":\"Ein Jahresr\u00fcckblick mit dem Focus auf mein Leseverhalten. Wieviel habe ich gelesen, und wieviele B\u00fccher wurden von Autorinnen verfasst?\",\"breadcrumb\":{\"@id\":\"https:\\\/\\\/leckerekekse.de\\\/wordpress\\\/blogparade-jahresrueckblick-2019\\\/#breadcrumb\"},\"inLanguage\":\"de\",\"potentialAction\":[{\"@type\":\"ReadAction\",\"target\":[\"https:\\\/\\\/leckerekekse.de\\\/wordpress\\\/blogparade-jahresrueckblick-2019\\\/\"]}]},{\"@type\":\"ImageObject\",\"inLanguage\":\"de\",\"@id\":\"https:\\\/\\\/leckerekekse.de\\\/wordpress\\\/blogparade-jahresrueckblick-2019\\\/#primaryimage\",\"url\":\"https:\\\/\\\/leckerekekse.de\\\/wordpress\\\/wp-content\\\/uploads\\\/2019\\\/01\\\/frauenleserin-blogparade-750x500.jpg\",\"contentUrl\":\"https:\\\/\\\/leckerekekse.de\\\/wordpress\\\/wp-content\\\/uploads\\\/2019\\\/01\\\/frauenleserin-blogparade-750x500.jpg\",\"width\":640,\"height\":427},{\"@type\":\"BreadcrumbList\",\"@id\":\"https:\\\/\\\/leckerekekse.de\\\/wordpress\\\/blogparade-jahresrueckblick-2019\\\/#breadcrumb\",\"itemListElement\":[{\"@type\":\"ListItem\",\"position\":1,\"name\":\"Home\",\"item\":\"https:\\\/\\\/leckerekekse.de\\\/wordpress\\\/\"},{\"@type\":\"ListItem\",\"position\":2,\"name\":\"Blogparade Jahresr\u00fcckblick 2019\"}]},{\"@type\":\"WebSite\",\"@id\":\"https:\\\/\\\/leckerekekse.de\\\/wordpress\\\/#website\",\"url\":\"https:\\\/\\\/leckerekekse.de\\\/wordpress\\\/\",\"name\":\"Leckere Kekse &amp; mehr\",\"description\":\"Kekse backen, B\u00fccher lesen und mehr\",\"publisher\":{\"@id\":\"https:\\\/\\\/leckerekekse.de\\\/wordpress\\\/#\\\/schema\\\/person\\\/8f45748de22f11ca6e316da813f59b85\"},\"potentialAction\":[{\"@type\":\"SearchAction\",\"target\":{\"@type\":\"EntryPoint\",\"urlTemplate\":\"https:\\\/\\\/leckerekekse.de\\\/wordpress\\\/?s={search_term_string}\"},\"query-input\":{\"@type\":\"PropertyValueSpecification\",\"valueRequired\":true,\"valueName\":\"search_term_string\"}}],\"inLanguage\":\"de\"},{\"@type\":[\"Person\",\"Organization\"],\"@id\":\"https:\\\/\\\/leckerekekse.de\\\/wordpress\\\/#\\\/schema\\\/person\\\/8f45748de22f11ca6e316da813f59b85\",\"name\":\"Astrid\",\"logo\":{\"@id\":\"https:\\\/\\\/leckerekekse.de\\\/wordpress\\\/#\\\/schema\\\/person\\\/image\\\/\"},\"sameAs\":[\"https:\\\/\\\/leckerekekse.de\\\/wordpress\"]},{\"@type\":\"Person\",\"@id\":\"https:\\\/\\\/leckerekekse.de\\\/wordpress\\\/#\\\/schema\\\/person\\\/161a8971fdc6b42b40eb2cf476f78939\",\"name\":\"Buchlieberin\",\"sameAs\":[\"https:\\\/\\\/leckerekekse.de\\\/wordpress\"]}]}<\/script>\n<!-- \/ Yoast SEO plugin. -->","yoast_head_json":{"title":"Blogparade Jahresr\u00fcckblick 2019 | Leckere Kekse &amp; mehr","description":"Ein Jahresr\u00fcckblick mit dem Focus auf mein Leseverhalten. Wieviel habe ich gelesen, und wieviele B\u00fccher wurden von Autorinnen verfasst?","robots":{"index":"index","follow":"follow","max-snippet":"max-snippet:-1","max-image-preview":"max-image-preview:large","max-video-preview":"max-video-preview:-1"},"canonical":"https:\/\/leckerekekse.de\/wordpress\/blogparade-jahresrueckblick-2019\/","og_locale":"de_DE","og_type":"article","og_title":"Blogparade Jahresr\u00fcckblick 2019 | Leckere Kekse &amp; mehr","og_description":"Ein Jahresr\u00fcckblick mit dem Focus auf mein Leseverhalten. Wieviel habe ich gelesen, und wieviele B\u00fccher wurden von Autorinnen verfasst?","og_url":"https:\/\/leckerekekse.de\/wordpress\/blogparade-jahresrueckblick-2019\/","og_site_name":"Leckere Kekse &amp; mehr","article_published_time":"2020-01-22T07:00:00+00:00","article_modified_time":"2021-03-27T15:39:55+00:00","og_image":[{"width":640,"height":427,"url":"https:\/\/leckerekekse.de\/wordpress\/wp-content\/uploads\/2019\/01\/frauenleserin-blogparade-750x500.jpg","type":"image\/jpeg"}],"author":"Buchlieberin","twitter_misc":{"Verfasst von":"Buchlieberin","Gesch\u00e4tzte Lesezeit":"3\u00a0Minuten"},"schema":{"@context":"https:\/\/schema.org","@graph":[{"@type":"Article","@id":"https:\/\/leckerekekse.de\/wordpress\/blogparade-jahresrueckblick-2019\/#article","isPartOf":{"@id":"https:\/\/leckerekekse.de\/wordpress\/blogparade-jahresrueckblick-2019\/"},"author":{"name":"Buchlieberin","@id":"https:\/\/leckerekekse.de\/wordpress\/#\/schema\/person\/161a8971fdc6b42b40eb2cf476f78939"},"headline":"Blogparade Jahresr\u00fcckblick 2019","datePublished":"2020-01-22T07:00:00+00:00","dateModified":"2021-03-27T15:39:55+00:00","mainEntityOfPage":{"@id":"https:\/\/leckerekekse.de\/wordpress\/blogparade-jahresrueckblick-2019\/"},"wordCount":622,"commentCount":0,"publisher":{"@id":"https:\/\/leckerekekse.de\/wordpress\/#\/schema\/person\/8f45748de22f11ca6e316da813f59b85"},"image":{"@id":"https:\/\/leckerekekse.de\/wordpress\/blogparade-jahresrueckblick-2019\/#primaryimage"},"thumbnailUrl":"https:\/\/leckerekekse.de\/wordpress\/wp-content\/uploads\/2019\/01\/frauenleserin-blogparade-750x500.jpg","keywords":["Autorinnen","lesen","R\u00fcckblick"],"articleSection":{"1":"B\u00fccher","2":"Social Reading"},"inLanguage":"de","potentialAction":[{"@type":"CommentAction","name":"Comment","target":["https:\/\/leckerekekse.de\/wordpress\/blogparade-jahresrueckblick-2019\/#respond"]}]},{"@type":"WebPage","@id":"https:\/\/leckerekekse.de\/wordpress\/blogparade-jahresrueckblick-2019\/","url":"https:\/\/leckerekekse.de\/wordpress\/blogparade-jahresrueckblick-2019\/","name":"Blogparade Jahresr\u00fcckblick 2019 | Leckere Kekse &amp; mehr","isPartOf":{"@id":"https:\/\/leckerekekse.de\/wordpress\/#website"},"primaryImageOfPage":{"@id":"https:\/\/leckerekekse.de\/wordpress\/blogparade-jahresrueckblick-2019\/#primaryimage"},"image":{"@id":"https:\/\/leckerekekse.de\/wordpress\/blogparade-jahresrueckblick-2019\/#primaryimage"},"thumbnailUrl":"https:\/\/leckerekekse.de\/wordpress\/wp-content\/uploads\/2019\/01\/frauenleserin-blogparade-750x500.jpg","datePublished":"2020-01-22T07:00:00+00:00","dateModified":"2021-03-27T15:39:55+00:00","description":"Ein Jahresr\u00fcckblick mit dem Focus auf mein Leseverhalten. Wieviel habe ich gelesen, und wieviele B\u00fccher wurden von Autorinnen verfasst?","breadcrumb":{"@id":"https:\/\/leckerekekse.de\/wordpress\/blogparade-jahresrueckblick-2019\/#breadcrumb"},"inLanguage":"de","potentialAction":[{"@type":"ReadAction","target":["https:\/\/leckerekekse.de\/wordpress\/blogparade-jahresrueckblick-2019\/"]}]},{"@type":"ImageObject","inLanguage":"de","@id":"https:\/\/leckerekekse.de\/wordpress\/blogparade-jahresrueckblick-2019\/#primaryimage","url":"https:\/\/leckerekekse.de\/wordpress\/wp-content\/uploads\/2019\/01\/frauenleserin-blogparade-750x500.jpg","contentUrl":"https:\/\/leckerekekse.de\/wordpress\/wp-content\/uploads\/2019\/01\/frauenleserin-blogparade-750x500.jpg","width":640,"height":427},{"@type":"BreadcrumbList","@id":"https:\/\/leckerekekse.de\/wordpress\/blogparade-jahresrueckblick-2019\/#breadcrumb","itemListElement":[{"@type":"ListItem","position":1,"name":"Home","item":"https:\/\/leckerekekse.de\/wordpress\/"},{"@type":"ListItem","position":2,"name":"Blogparade Jahresr\u00fcckblick 2019"}]},{"@type":"WebSite","@id":"https:\/\/leckerekekse.de\/wordpress\/#website","url":"https:\/\/leckerekekse.de\/wordpress\/","name":"Leckere Kekse &amp; mehr","description":"Kekse backen, B\u00fccher lesen und mehr","publisher":{"@id":"https:\/\/leckerekekse.de\/wordpress\/#\/schema\/person\/8f45748de22f11ca6e316da813f59b85"},"potentialAction":[{"@type":"SearchAction","target":{"@type":"EntryPoint","urlTemplate":"https:\/\/leckerekekse.de\/wordpress\/?s={search_term_string}"},"query-input":{"@type":"PropertyValueSpecification","valueRequired":true,"valueName":"search_term_string"}}],"inLanguage":"de"},{"@type":["Person","Organization"],"@id":"https:\/\/leckerekekse.de\/wordpress\/#\/schema\/person\/8f45748de22f11ca6e316da813f59b85","name":"Astrid","logo":{"@id":"https:\/\/leckerekekse.de\/wordpress\/#\/schema\/person\/image\/"},"sameAs":["https:\/\/leckerekekse.de\/wordpress"]},{"@type":"Person","@id":"https:\/\/leckerekekse.de\/wordpress\/#\/schema\/person\/161a8971fdc6b42b40eb2cf476f78939","name":"Buchlieberin","sameAs":["https:\/\/leckerekekse.de\/wordpress"]}]}},"_links":{"self":[{"href":"https:\/\/leckerekekse.de\/wordpress\/wp-json\/wp\/v2\/posts\/14949","targetHints":{"allow":["GET"]}}],"collection":[{"href":"https:\/\/leckerekekse.de\/wordpress\/wp-json\/wp\/v2\/posts"}],"about":[{"href":"https:\/\/leckerekekse.de\/wordpress\/wp-json\/wp\/v2\/types\/post"}],"author":[{"embeddable":true,"href":"https:\/\/leckerekekse.de\/wordpress\/wp-json\/wp\/v2\/users\/2"}],"replies":[{"embeddable":true,"href":"https:\/\/leckerekekse.de\/wordpress\/wp-json\/wp\/v2\/comments?post=14949"}],"version-history":[{"count":3,"href":"https:\/\/leckerekekse.de\/wordpress\/wp-json\/wp\/v2\/posts\/14949\/revisions"}],"predecessor-version":[{"id":16470,"href":"https:\/\/leckerekekse.de\/wordpress\/wp-json\/wp\/v2\/posts\/14949\/revisions\/16470"}],"wp:featuredmedia":[{"embeddable":true,"href":"https:\/\/leckerekekse.de\/wordpress\/wp-json\/wp\/v2\/media\/12885"}],"wp:attachment":[{"href":"https:\/\/leckerekekse.de\/wordpress\/wp-json\/wp\/v2\/media?parent=14949"}],"wp:term":[{"taxonomy":"category","embeddable":true,"href":"https:\/\/leckerekekse.de\/wordpress\/wp-json\/wp\/v2\/categories?post=14949"},{"taxonomy":"post_tag","embeddable":true,"href":"https:\/\/leckerekekse.de\/wordpress\/wp-json\/wp\/v2\/tags?post=14949"}],"curies":[{"name":"wp","href":"https:\/\/api.w.org\/{rel}","templated":true}]}}