{"id":14977,"date":"2020-01-25T07:41:00","date_gmt":"2020-01-25T06:41:00","guid":{"rendered":"https:\/\/leckerekekse.de\/wordpress\/?p=14977"},"modified":"2021-03-27T16:39:54","modified_gmt":"2021-03-27T15:39:54","slug":"radeln-und-lesen-auf-den-kanaren","status":"publish","type":"post","link":"https:\/\/leckerekekse.de\/wordpress\/radeln-und-lesen-auf-den-kanaren\/","title":{"rendered":"Radeln und Lesen auf den Kanaren"},"content":{"rendered":"\n<figure class=\"wp-block-image size-large\"><img loading=\"lazy\" decoding=\"async\" width=\"640\" height=\"427\" src=\"https:\/\/leckerekekse.de\/wordpress\/wp-content\/uploads\/2020\/01\/radeln-und-lesen4.jpg\" alt=\"\" class=\"wp-image-14980\" srcset=\"https:\/\/leckerekekse.de\/wordpress\/wp-content\/uploads\/2020\/01\/radeln-und-lesen4.jpg 640w, https:\/\/leckerekekse.de\/wordpress\/wp-content\/uploads\/2020\/01\/radeln-und-lesen4-300x200.jpg 300w\" sizes=\"auto, (max-width: 640px) 100vw, 640px\" \/><\/figure>\n\n\n\n<h2 class=\"wp-block-heading\">Rad- und Leseurlaub auf Gran Canaria<\/h2>\n\n\n\n<p>Da wir letztes Jahr wegen eines Radunfalles meines Mannes einen Urlaub abbrechen und einen anderen ganz absagen mussten, wollten wir uns eine sch\u00f6ne Alternative g\u00f6nnen. Zehn Tage Sonne mitten im Januar. Dabei Radfahren und viel lesen. Dazu sind die kanarischen Inseln sehr gut geeignet. So haben wir Urlaub auf Gran Canaria gebucht.<\/p>\n\n\n\n<!--more-->\n\n\n\n<h3 class=\"wp-block-heading\">Radeln<\/h3>\n\n\n\n<p>Endlich mal wieder ein Aktivurlaub. Dabei kann ich immer sehr gut abschalten. Mehrere Bekannte von uns waren auch schon dort, um einen Radurlaub zu verbringen. Ich hatte ziemlich Respekt davor, weil es dort immer entweder bergauf oder bergab geht. Und das auch schon mal ziemlich steil.<\/p>\n\n\n\n<figure class=\"wp-block-image size-large\"><img loading=\"lazy\" decoding=\"async\" width=\"640\" height=\"427\" src=\"https:\/\/leckerekekse.de\/wordpress\/wp-content\/uploads\/2020\/01\/radeln-und-lesen.jpg\" alt=\"Rafahren auf Gran Canaria, Anstieg Soria\" class=\"wp-image-14981\" srcset=\"https:\/\/leckerekekse.de\/wordpress\/wp-content\/uploads\/2020\/01\/radeln-und-lesen.jpg 640w, https:\/\/leckerekekse.de\/wordpress\/wp-content\/uploads\/2020\/01\/radeln-und-lesen-300x200.jpg 300w\" sizes=\"auto, (max-width: 640px) 100vw, 640px\" \/><\/figure>\n\n\n\n<p>Doch ich hatte gut trainiert, bis zu sechs Stunden Indoor-Cycling pro Woche seit September, zumindest wenn die Gesundheit und die Zeit es erlaubten. Das hat sich ausgezahlt. Ich bin (wider Erwarten) jeden Berg hochgekommen, den wir dort angingen. Bis zu 100 Kilometer am Tag sind wir gefahren. Sieben Tage Radfahren, dann habe ich mir zwei Tage Erholung am Pool erlaubt. Das war eine sehr gute Mischung.<br>Das Wetter war perfekt, immer zwischen 20 und 21 Grad. Manchmal bew\u00f6lkt, meistens nur sonnig. Nur der Wind wird an manchen Tagen schon sehr heftig, besonders wenn man mit dem Rad unterwegs ist. Doch dann bin ich einfach im Windschatten meines Mannes geblieben. Bei soviel Bewegung konnten wir auch unbeschwert das sehr gute Essen im Hotel genie\u00dfen.<\/p>\n\n\n\n<h3 class=\"wp-block-heading\">Lesen<\/h3>\n\n\n\n<p>Zeit zum Lesen war mir in diesem Urlaub auch sehr wichtig. Morgens im Bett ein St\u00fcndchen, nachmittags auf der Terrasse und nat\u00fcrlich an den Pooltagen. Immerhin habe ich sieben B\u00fccher geschafft! Dank des eBook-Readers war ich in der Lekt\u00fcrewahl auch sehr flexibel. Meine mitgebrachten \u201erichtigen\u201c B\u00fccher habe ich auch alle gelesen.<br>Ein weiterer Punkt war auch, dass ich mein Tablet nicht dabeihatte und so mal auf Serien schauen verzichtet habe. Im letzten Jahr habe ich, besonders abends, oft mein Buch links liegen gelassen und mich mit Serien betankt. Eigentlich schrecklich, andererseits auch sch\u00f6n bequem. Sicher einer der Gr\u00fcnde, warum ich jedes Jahr weniger und weniger lese, wie ich auch wieder bei meinem <a href=\"https:\/\/leckerekekse.de\/wordpress\/blogparade-jahresrueckblick-2019\/\">Jahresr\u00fcckblick<\/a> bemerken musste.<br>Im folgenden stelle ich die gelesenen B\u00fccher kurz vor.<\/p>\n\n\n\n<h3 class=\"wp-block-heading\">Marianengraben<\/h3>\n\n\n\n<p>Ein Buch, das erst Ende Februar erscheinen wird. Kein Rezensionsexemplar, sondern Gegenstand einer besonderen Veranstaltung, die dieses Wochenende stattfindet. Das erste Leseclubfestival in K\u00f6ln. Ich werde an anderer Stelle \u00fcber dieses Event und das Buch mehr berichten. Nur so viel: ich habe diesen Deb\u00fctroman an einem Tag verschlungen!<\/p>\n\n\n\n<figure class=\"wp-block-image size-large\"><img loading=\"lazy\" decoding=\"async\" width=\"640\" height=\"427\" src=\"https:\/\/leckerekekse.de\/wordpress\/wp-content\/uploads\/2020\/01\/berlin-prepper-marianengraben.jpg\" alt=\"Groschopf: berlin repper, Jasmin Schreiber: Marianengraben\" class=\"wp-image-14982\" srcset=\"https:\/\/leckerekekse.de\/wordpress\/wp-content\/uploads\/2020\/01\/berlin-prepper-marianengraben.jpg 640w, https:\/\/leckerekekse.de\/wordpress\/wp-content\/uploads\/2020\/01\/berlin-prepper-marianengraben-300x200.jpg 300w\" sizes=\"auto, (max-width: 640px) 100vw, 640px\" \/><\/figure>\n\n\n\n<h3 class=\"wp-block-heading\">Berlin Prepper<\/h3>\n\n\n\n<p>F\u00fcr dieses Buch gab es den deutschen Krimipreis. Wie meistens handelt es sich dann nicht um einen \u201enormalen\u201c Krimi. Hier geht es um einen jungen Mann, der beruflich Hasskommentare im Internet l\u00f6scht. Privat bereitet er sich auf einen Katastrophenfall vor und geh\u00f6rt somit zur Prepper-Szene.<br>Einer seiner Kollegen wird nachts vor der Redaktion, f\u00fcr die sie arbeiten, zusammengeschlagen. Auf der Suche nach dem Verantwortlichen werden dem Leser recht skurrile Typen vorgestellt. Spannend, unterhaltsam und gleichzeitig zum Nachdenken anregend.<\/p>\n\n\n\n<h3 class=\"wp-block-heading\">Ein wenig Leben<\/h3>\n\n\n\n<p>Mein Mann hat mir das Buch schon zwei Jahre vorher empfohlen. Doch irgendwie hatte ich keine Lust, weil es gef\u00fchlt jeder las. Da entziehe ich mich schon mal gerne dem Hype. Jetzt stand es im Lesekreis an und der Urlaub war eine gute Gelegenheit daf\u00fcr. Ich kann immer noch nicht sagen, ob es mir gefiel oder nicht. Aber ich bin froh, es nicht im Alltag gelesen zu haben, das h\u00e4tte mich zu tief runtergezogen.<\/p>\n\n\n\n<figure class=\"wp-block-image size-large\"><img loading=\"lazy\" decoding=\"async\" width=\"640\" height=\"427\" src=\"https:\/\/leckerekekse.de\/wordpress\/wp-content\/uploads\/2020\/01\/lucky-luke-ein-wenig-leben-wisting.jpg\" alt=\"Hanya Yanagahira. EIn wenig Leben, Wisting, Luckyy Luke\" class=\"wp-image-14984\" srcset=\"https:\/\/leckerekekse.de\/wordpress\/wp-content\/uploads\/2020\/01\/lucky-luke-ein-wenig-leben-wisting.jpg 640w, https:\/\/leckerekekse.de\/wordpress\/wp-content\/uploads\/2020\/01\/lucky-luke-ein-wenig-leben-wisting-300x200.jpg 300w\" sizes=\"auto, (max-width: 640px) 100vw, 640px\" \/><\/figure>\n\n\n\n<h3 class=\"wp-block-heading\">Wisting II<\/h3>\n\n\n\n<p>In der Sonne liegen und ein Buch lesen, dass im k\u00fchlen Norwegen spielt: das passt bei mir. Wisting und der fensterlose Raum ist der zweite Cold-Case-Roman von J\u00f8rn Lier Horst. Der erste Teil erschien letztes Jahr. Ein Krimi, der mich vom Stil an die van Veeteren-Krimis von H\u00e5kan Nesser erinnerte. Kein Rei\u00dfer, aber spannend und unterhaltsam. Wurde bereits verfilmt, die Serie kam diesen Winter im ZDF. Die habe ich nicht gesehen, weil ich ja dieses Buch im Urlaub lesen wollte.<\/p>\n\n\n\n<h3 class=\"wp-block-heading\">Lucky Luke<\/h3>\n\n\n\n<p>Ja, kein Buch. Kann ich eigentlich nicht z\u00e4hlen. Doch Lucky Luke auf einem Fahrrad passte sooo gut zu diesem Urlaub. Alles sieht ein wenig anders aus, als ich es aus meiner Kindheit gew\u00f6hnt war, denn es stammt aus der Feder eines anderen Zeichners. Der deutsche <a href=\"https:\/\/www.mawil.net\/\">Mawil<\/a> hat die lustige Geschichte um ein Fahrradrennen und einen eifers\u00fcchtigen Jolly Jumper mit vielen witzigen Ideen umgesetzt.<\/p>\n\n\n\n<h3 class=\"wp-block-heading\">Der Liebhaber<\/h3>\n\n\n\n<p>Auch einen Klassiker hatte ich im Gep\u00e4ck. Doch diesen Roman von Marguerite Duras muss ich nochmal lesen. Mit einem Notizbuch und einem Zeitstrahl. Auch den Film m\u00f6chte ich unbedingt nochmal sehen. Sprachlich hat mich das sehr beeindruckt, ansonsten kam es mir etwas durcheinander vor. Deshalb der Zeitstrahl. Da das Buch sehr d\u00fcnn ist, ist das auch durchaus machbar. Ich m\u00f6chte es unbedingt mal im Lesekreis besprechen.<\/p>\n\n\n\n<figure class=\"wp-block-image size-large\"><img loading=\"lazy\" decoding=\"async\" width=\"640\" height=\"427\" src=\"https:\/\/leckerekekse.de\/wordpress\/wp-content\/uploads\/2020\/01\/duras-kurt-dergute-sohn.jpg\" alt=\"Marguerite Duras: Der Liebhaber, Sarah Kuttner: Kurt, Jeong Yu-Jeong: Der gute Sohn\" class=\"wp-image-14983\" srcset=\"https:\/\/leckerekekse.de\/wordpress\/wp-content\/uploads\/2020\/01\/duras-kurt-dergute-sohn.jpg 640w, https:\/\/leckerekekse.de\/wordpress\/wp-content\/uploads\/2020\/01\/duras-kurt-dergute-sohn-300x200.jpg 300w\" sizes=\"auto, (max-width: 640px) 100vw, 640px\" \/><\/figure>\n\n\n\n<h3 class=\"wp-block-heading\">Kurt<\/h3>\n\n\n\n<p>Dieses Buch hat mir Astrid sehr empfohlen. Von Sarah Kuttner hatte ich vorher auch noch nichts gelesen, das muss ich aber unbedingt noch nachholen. Kurt war f\u00fcr mich sehr ber\u00fchrend, ohne dass es mich fertigmachte. F\u00fcr weitere Infos k\u00f6nnt ihr auch Astrids <a href=\"https:\/\/leckerekekse.de\/wordpress\/buecher-ueber-den-tod\/\">Rezension<\/a> lesen. Auch in ihrem <a href=\"https:\/\/leckerekekse.de\/wordpress\/11-buchseiten-blogparade\/\">Jahresr\u00fcckblick<\/a> hat sie erneut darauf hingewiesen, weil ihr das minimalistische Cover so gef\u00e4llt. Das ist mir auf dem eReader gar nicht so aufgefallen.<\/p>\n\n\n\n<h3 class=\"wp-block-heading\">Korea<\/h3>\n\n\n\n<p>Das letzte Buch des Urlaubs geh\u00f6rt wieder zum Krimigenre. Ich habe es auf dem R\u00fcckflug gelesen. Der gute Sohn der koreanischen Schriftstellerin Jeong Yu-Jeong besch\u00e4ftigt sich mit dem Innenleben eines jungen Mannes. Er wacht eines Morgens blutverschmiert auf. Seine Mutter liegt tot in der Wohnung. Was ist passiert? Er hat keine Erinnerung an die Nacht. Spannend aus meiner Sicht, sehr psychologisch.<\/p>\n\n\n\n<h3 class=\"wp-block-heading\">Fazit<\/h3>\n\n\n\n<p>Ich hatte einen wunderbaren Urlaub mit tollem Wetter, viel Sport und trotzdem Zeit zum Lesen.<br>Kurz gesagt: dieser Urlaub war perfekt und hat uns \u00fcber die Unf\u00e4lle im letzten Jahr etwas hinweggetr\u00f6stet. Wir \u00fcberlegen schon, ob wir uns das Anfang n\u00e4chsten Jahres nochmal g\u00f6nnen.<br>Dieser Beitrag erscheint im Rahmen der Linkparty <a href=\"https:\/\/karminrot-blog.de\">Samstagsplausch von Andrea Karminrot<\/a>. Schaut euch dort um, es gibt wieder viele andere tolle Blogposts zu entdecken.<\/p>\n\n\n\n<figure class=\"wp-block-image size-medium\"><img loading=\"lazy\" decoding=\"async\" width=\"300\" height=\"219\" src=\"https:\/\/leckerekekse.de\/wordpress\/wp-content\/uploads\/2016\/04\/Signatur-002-300x219.jpg\" alt=\"\" class=\"wp-image-5977\" srcset=\"https:\/\/leckerekekse.de\/wordpress\/wp-content\/uploads\/2016\/04\/Signatur-002-300x219.jpg 300w, https:\/\/leckerekekse.de\/wordpress\/wp-content\/uploads\/2016\/04\/Signatur-002.jpg 640w\" sizes=\"auto, (max-width: 300px) 100vw, 300px\" \/><\/figure>\n\n\n","protected":false},"excerpt":{"rendered":"<p>Rad- und Leseurlaub auf Gran Canaria Da wir letztes Jahr wegen eines Radunfalles meines Mannes einen Urlaub abbrechen und einen anderen ganz absagen mussten, wollten wir uns eine sch\u00f6ne Alternative g\u00f6nnen. Zehn Tage Sonne mitten im Januar. Dabei Radfahren und viel lesen. Dazu sind die kanarischen Inseln sehr gut geeignet. So haben wir Urlaub auf [&hellip;]<\/p>\n","protected":false},"author":2,"featured_media":0,"comment_status":"open","ping_status":"open","sticky":false,"template":"","format":"standard","meta":{"footnotes":""},"categories":[1,3,808,682],"tags":[1276,1275,1277,271],"class_list":["post-14977","post","type-post","status-publish","format-standard","hentry","category-allgemein","category-buecher","category-buchtipps","category-social-reading","tag-gran-canaria","tag-kanaren","tag-lesetipps","tag-urlaub"],"yoast_head":"<!-- This site is optimized with the Yoast SEO plugin v27.5 - https:\/\/yoast.com\/product\/yoast-seo-wordpress\/ -->\n<title>Radeln und Lesen auf den Kanaren | Leckere Kekse &amp; mehr<\/title>\n<meta name=\"description\" content=\"Ein paar Tage Sonne im Januar auf den Kanaren! Ein sch\u00f6ner Urlaub mit viel Sport und Zeit zum Lesen. Meine Buchtipps aus dem letzten Urlaub.\" \/>\n<meta name=\"robots\" content=\"index, follow, max-snippet:-1, max-image-preview:large, max-video-preview:-1\" \/>\n<link rel=\"canonical\" href=\"https:\/\/leckerekekse.de\/wordpress\/radeln-und-lesen-auf-den-kanaren\/\" \/>\n<meta property=\"og:locale\" content=\"de_DE\" \/>\n<meta property=\"og:type\" content=\"article\" \/>\n<meta property=\"og:title\" content=\"Radeln und Lesen auf den Kanaren | Leckere Kekse &amp; mehr\" \/>\n<meta property=\"og:description\" content=\"Ein paar Tage Sonne im Januar auf den Kanaren! Ein sch\u00f6ner Urlaub mit viel Sport und Zeit zum Lesen. Meine Buchtipps aus dem letzten Urlaub.\" \/>\n<meta property=\"og:url\" content=\"https:\/\/leckerekekse.de\/wordpress\/radeln-und-lesen-auf-den-kanaren\/\" \/>\n<meta property=\"og:site_name\" content=\"Leckere Kekse &amp; mehr\" \/>\n<meta property=\"article:published_time\" content=\"2020-01-25T06:41:00+00:00\" \/>\n<meta property=\"article:modified_time\" content=\"2021-03-27T15:39:54+00:00\" \/>\n<meta property=\"og:image\" content=\"https:\/\/leckerekekse.de\/wordpress\/wp-content\/uploads\/2020\/01\/radeln-und-lesen4.jpg\" \/>\n<meta name=\"author\" content=\"Buchlieberin\" \/>\n<meta name=\"twitter:label1\" content=\"Verfasst von\" \/>\n\t<meta name=\"twitter:data1\" content=\"Buchlieberin\" \/>\n\t<meta name=\"twitter:label2\" content=\"Gesch\u00e4tzte Lesezeit\" \/>\n\t<meta name=\"twitter:data2\" content=\"5\u00a0Minuten\" \/>\n<script type=\"application\/ld+json\" class=\"yoast-schema-graph\">{\"@context\":\"https:\\\/\\\/schema.org\",\"@graph\":[{\"@type\":\"Article\",\"@id\":\"https:\\\/\\\/leckerekekse.de\\\/wordpress\\\/radeln-und-lesen-auf-den-kanaren\\\/#article\",\"isPartOf\":{\"@id\":\"https:\\\/\\\/leckerekekse.de\\\/wordpress\\\/radeln-und-lesen-auf-den-kanaren\\\/\"},\"author\":{\"name\":\"Buchlieberin\",\"@id\":\"https:\\\/\\\/leckerekekse.de\\\/wordpress\\\/#\\\/schema\\\/person\\\/161a8971fdc6b42b40eb2cf476f78939\"},\"headline\":\"Radeln und Lesen auf den Kanaren\",\"datePublished\":\"2020-01-25T06:41:00+00:00\",\"dateModified\":\"2021-03-27T15:39:54+00:00\",\"mainEntityOfPage\":{\"@id\":\"https:\\\/\\\/leckerekekse.de\\\/wordpress\\\/radeln-und-lesen-auf-den-kanaren\\\/\"},\"wordCount\":1025,\"commentCount\":4,\"publisher\":{\"@id\":\"https:\\\/\\\/leckerekekse.de\\\/wordpress\\\/#\\\/schema\\\/person\\\/8f45748de22f11ca6e316da813f59b85\"},\"image\":{\"@id\":\"https:\\\/\\\/leckerekekse.de\\\/wordpress\\\/radeln-und-lesen-auf-den-kanaren\\\/#primaryimage\"},\"thumbnailUrl\":\"https:\\\/\\\/leckerekekse.de\\\/wordpress\\\/wp-content\\\/uploads\\\/2020\\\/01\\\/radeln-und-lesen4.jpg\",\"keywords\":[\"Gran Canaria\",\"kanaren\",\"Lesetipps\",\"Urlaub\"],\"articleSection\":{\"1\":\"B\u00fccher\",\"2\":\"Buchtipps\",\"3\":\"Social Reading\"},\"inLanguage\":\"de\",\"potentialAction\":[{\"@type\":\"CommentAction\",\"name\":\"Comment\",\"target\":[\"https:\\\/\\\/leckerekekse.de\\\/wordpress\\\/radeln-und-lesen-auf-den-kanaren\\\/#respond\"]}]},{\"@type\":\"WebPage\",\"@id\":\"https:\\\/\\\/leckerekekse.de\\\/wordpress\\\/radeln-und-lesen-auf-den-kanaren\\\/\",\"url\":\"https:\\\/\\\/leckerekekse.de\\\/wordpress\\\/radeln-und-lesen-auf-den-kanaren\\\/\",\"name\":\"Radeln und Lesen auf den Kanaren | Leckere Kekse &amp; mehr\",\"isPartOf\":{\"@id\":\"https:\\\/\\\/leckerekekse.de\\\/wordpress\\\/#website\"},\"primaryImageOfPage\":{\"@id\":\"https:\\\/\\\/leckerekekse.de\\\/wordpress\\\/radeln-und-lesen-auf-den-kanaren\\\/#primaryimage\"},\"image\":{\"@id\":\"https:\\\/\\\/leckerekekse.de\\\/wordpress\\\/radeln-und-lesen-auf-den-kanaren\\\/#primaryimage\"},\"thumbnailUrl\":\"https:\\\/\\\/leckerekekse.de\\\/wordpress\\\/wp-content\\\/uploads\\\/2020\\\/01\\\/radeln-und-lesen4.jpg\",\"datePublished\":\"2020-01-25T06:41:00+00:00\",\"dateModified\":\"2021-03-27T15:39:54+00:00\",\"description\":\"Ein paar Tage Sonne im Januar auf den Kanaren! Ein sch\u00f6ner Urlaub mit viel Sport und Zeit zum Lesen. Meine Buchtipps aus dem letzten Urlaub.\",\"breadcrumb\":{\"@id\":\"https:\\\/\\\/leckerekekse.de\\\/wordpress\\\/radeln-und-lesen-auf-den-kanaren\\\/#breadcrumb\"},\"inLanguage\":\"de\",\"potentialAction\":[{\"@type\":\"ReadAction\",\"target\":[\"https:\\\/\\\/leckerekekse.de\\\/wordpress\\\/radeln-und-lesen-auf-den-kanaren\\\/\"]}]},{\"@type\":\"ImageObject\",\"inLanguage\":\"de\",\"@id\":\"https:\\\/\\\/leckerekekse.de\\\/wordpress\\\/radeln-und-lesen-auf-den-kanaren\\\/#primaryimage\",\"url\":\"https:\\\/\\\/leckerekekse.de\\\/wordpress\\\/wp-content\\\/uploads\\\/2020\\\/01\\\/radeln-und-lesen4.jpg\",\"contentUrl\":\"https:\\\/\\\/leckerekekse.de\\\/wordpress\\\/wp-content\\\/uploads\\\/2020\\\/01\\\/radeln-und-lesen4.jpg\",\"width\":640,\"height\":427},{\"@type\":\"BreadcrumbList\",\"@id\":\"https:\\\/\\\/leckerekekse.de\\\/wordpress\\\/radeln-und-lesen-auf-den-kanaren\\\/#breadcrumb\",\"itemListElement\":[{\"@type\":\"ListItem\",\"position\":1,\"name\":\"Home\",\"item\":\"https:\\\/\\\/leckerekekse.de\\\/wordpress\\\/\"},{\"@type\":\"ListItem\",\"position\":2,\"name\":\"Radeln und Lesen auf den Kanaren\"}]},{\"@type\":\"WebSite\",\"@id\":\"https:\\\/\\\/leckerekekse.de\\\/wordpress\\\/#website\",\"url\":\"https:\\\/\\\/leckerekekse.de\\\/wordpress\\\/\",\"name\":\"Leckere Kekse &amp; mehr\",\"description\":\"Kekse backen, B\u00fccher lesen und mehr\",\"publisher\":{\"@id\":\"https:\\\/\\\/leckerekekse.de\\\/wordpress\\\/#\\\/schema\\\/person\\\/8f45748de22f11ca6e316da813f59b85\"},\"potentialAction\":[{\"@type\":\"SearchAction\",\"target\":{\"@type\":\"EntryPoint\",\"urlTemplate\":\"https:\\\/\\\/leckerekekse.de\\\/wordpress\\\/?s={search_term_string}\"},\"query-input\":{\"@type\":\"PropertyValueSpecification\",\"valueRequired\":true,\"valueName\":\"search_term_string\"}}],\"inLanguage\":\"de\"},{\"@type\":[\"Person\",\"Organization\"],\"@id\":\"https:\\\/\\\/leckerekekse.de\\\/wordpress\\\/#\\\/schema\\\/person\\\/8f45748de22f11ca6e316da813f59b85\",\"name\":\"Astrid\",\"logo\":{\"@id\":\"https:\\\/\\\/leckerekekse.de\\\/wordpress\\\/#\\\/schema\\\/person\\\/image\\\/\"},\"sameAs\":[\"https:\\\/\\\/leckerekekse.de\\\/wordpress\"]},{\"@type\":\"Person\",\"@id\":\"https:\\\/\\\/leckerekekse.de\\\/wordpress\\\/#\\\/schema\\\/person\\\/161a8971fdc6b42b40eb2cf476f78939\",\"name\":\"Buchlieberin\",\"sameAs\":[\"https:\\\/\\\/leckerekekse.de\\\/wordpress\"]}]}<\/script>\n<!-- \/ Yoast SEO plugin. -->","yoast_head_json":{"title":"Radeln und Lesen auf den Kanaren | Leckere Kekse &amp; mehr","description":"Ein paar Tage Sonne im Januar auf den Kanaren! Ein sch\u00f6ner Urlaub mit viel Sport und Zeit zum Lesen. Meine Buchtipps aus dem letzten Urlaub.","robots":{"index":"index","follow":"follow","max-snippet":"max-snippet:-1","max-image-preview":"max-image-preview:large","max-video-preview":"max-video-preview:-1"},"canonical":"https:\/\/leckerekekse.de\/wordpress\/radeln-und-lesen-auf-den-kanaren\/","og_locale":"de_DE","og_type":"article","og_title":"Radeln und Lesen auf den Kanaren | Leckere Kekse &amp; mehr","og_description":"Ein paar Tage Sonne im Januar auf den Kanaren! Ein sch\u00f6ner Urlaub mit viel Sport und Zeit zum Lesen. Meine Buchtipps aus dem letzten Urlaub.","og_url":"https:\/\/leckerekekse.de\/wordpress\/radeln-und-lesen-auf-den-kanaren\/","og_site_name":"Leckere Kekse &amp; mehr","article_published_time":"2020-01-25T06:41:00+00:00","article_modified_time":"2021-03-27T15:39:54+00:00","og_image":[{"url":"https:\/\/leckerekekse.de\/wordpress\/wp-content\/uploads\/2020\/01\/radeln-und-lesen4.jpg","type":"","width":"","height":""}],"author":"Buchlieberin","twitter_misc":{"Verfasst von":"Buchlieberin","Gesch\u00e4tzte Lesezeit":"5\u00a0Minuten"},"schema":{"@context":"https:\/\/schema.org","@graph":[{"@type":"Article","@id":"https:\/\/leckerekekse.de\/wordpress\/radeln-und-lesen-auf-den-kanaren\/#article","isPartOf":{"@id":"https:\/\/leckerekekse.de\/wordpress\/radeln-und-lesen-auf-den-kanaren\/"},"author":{"name":"Buchlieberin","@id":"https:\/\/leckerekekse.de\/wordpress\/#\/schema\/person\/161a8971fdc6b42b40eb2cf476f78939"},"headline":"Radeln und Lesen auf den Kanaren","datePublished":"2020-01-25T06:41:00+00:00","dateModified":"2021-03-27T15:39:54+00:00","mainEntityOfPage":{"@id":"https:\/\/leckerekekse.de\/wordpress\/radeln-und-lesen-auf-den-kanaren\/"},"wordCount":1025,"commentCount":4,"publisher":{"@id":"https:\/\/leckerekekse.de\/wordpress\/#\/schema\/person\/8f45748de22f11ca6e316da813f59b85"},"image":{"@id":"https:\/\/leckerekekse.de\/wordpress\/radeln-und-lesen-auf-den-kanaren\/#primaryimage"},"thumbnailUrl":"https:\/\/leckerekekse.de\/wordpress\/wp-content\/uploads\/2020\/01\/radeln-und-lesen4.jpg","keywords":["Gran Canaria","kanaren","Lesetipps","Urlaub"],"articleSection":{"1":"B\u00fccher","2":"Buchtipps","3":"Social Reading"},"inLanguage":"de","potentialAction":[{"@type":"CommentAction","name":"Comment","target":["https:\/\/leckerekekse.de\/wordpress\/radeln-und-lesen-auf-den-kanaren\/#respond"]}]},{"@type":"WebPage","@id":"https:\/\/leckerekekse.de\/wordpress\/radeln-und-lesen-auf-den-kanaren\/","url":"https:\/\/leckerekekse.de\/wordpress\/radeln-und-lesen-auf-den-kanaren\/","name":"Radeln und Lesen auf den Kanaren | Leckere Kekse &amp; mehr","isPartOf":{"@id":"https:\/\/leckerekekse.de\/wordpress\/#website"},"primaryImageOfPage":{"@id":"https:\/\/leckerekekse.de\/wordpress\/radeln-und-lesen-auf-den-kanaren\/#primaryimage"},"image":{"@id":"https:\/\/leckerekekse.de\/wordpress\/radeln-und-lesen-auf-den-kanaren\/#primaryimage"},"thumbnailUrl":"https:\/\/leckerekekse.de\/wordpress\/wp-content\/uploads\/2020\/01\/radeln-und-lesen4.jpg","datePublished":"2020-01-25T06:41:00+00:00","dateModified":"2021-03-27T15:39:54+00:00","description":"Ein paar Tage Sonne im Januar auf den Kanaren! Ein sch\u00f6ner Urlaub mit viel Sport und Zeit zum Lesen. Meine Buchtipps aus dem letzten Urlaub.","breadcrumb":{"@id":"https:\/\/leckerekekse.de\/wordpress\/radeln-und-lesen-auf-den-kanaren\/#breadcrumb"},"inLanguage":"de","potentialAction":[{"@type":"ReadAction","target":["https:\/\/leckerekekse.de\/wordpress\/radeln-und-lesen-auf-den-kanaren\/"]}]},{"@type":"ImageObject","inLanguage":"de","@id":"https:\/\/leckerekekse.de\/wordpress\/radeln-und-lesen-auf-den-kanaren\/#primaryimage","url":"https:\/\/leckerekekse.de\/wordpress\/wp-content\/uploads\/2020\/01\/radeln-und-lesen4.jpg","contentUrl":"https:\/\/leckerekekse.de\/wordpress\/wp-content\/uploads\/2020\/01\/radeln-und-lesen4.jpg","width":640,"height":427},{"@type":"BreadcrumbList","@id":"https:\/\/leckerekekse.de\/wordpress\/radeln-und-lesen-auf-den-kanaren\/#breadcrumb","itemListElement":[{"@type":"ListItem","position":1,"name":"Home","item":"https:\/\/leckerekekse.de\/wordpress\/"},{"@type":"ListItem","position":2,"name":"Radeln und Lesen auf den Kanaren"}]},{"@type":"WebSite","@id":"https:\/\/leckerekekse.de\/wordpress\/#website","url":"https:\/\/leckerekekse.de\/wordpress\/","name":"Leckere Kekse &amp; mehr","description":"Kekse backen, B\u00fccher lesen und mehr","publisher":{"@id":"https:\/\/leckerekekse.de\/wordpress\/#\/schema\/person\/8f45748de22f11ca6e316da813f59b85"},"potentialAction":[{"@type":"SearchAction","target":{"@type":"EntryPoint","urlTemplate":"https:\/\/leckerekekse.de\/wordpress\/?s={search_term_string}"},"query-input":{"@type":"PropertyValueSpecification","valueRequired":true,"valueName":"search_term_string"}}],"inLanguage":"de"},{"@type":["Person","Organization"],"@id":"https:\/\/leckerekekse.de\/wordpress\/#\/schema\/person\/8f45748de22f11ca6e316da813f59b85","name":"Astrid","logo":{"@id":"https:\/\/leckerekekse.de\/wordpress\/#\/schema\/person\/image\/"},"sameAs":["https:\/\/leckerekekse.de\/wordpress"]},{"@type":"Person","@id":"https:\/\/leckerekekse.de\/wordpress\/#\/schema\/person\/161a8971fdc6b42b40eb2cf476f78939","name":"Buchlieberin","sameAs":["https:\/\/leckerekekse.de\/wordpress"]}]}},"_links":{"self":[{"href":"https:\/\/leckerekekse.de\/wordpress\/wp-json\/wp\/v2\/posts\/14977","targetHints":{"allow":["GET"]}}],"collection":[{"href":"https:\/\/leckerekekse.de\/wordpress\/wp-json\/wp\/v2\/posts"}],"about":[{"href":"https:\/\/leckerekekse.de\/wordpress\/wp-json\/wp\/v2\/types\/post"}],"author":[{"embeddable":true,"href":"https:\/\/leckerekekse.de\/wordpress\/wp-json\/wp\/v2\/users\/2"}],"replies":[{"embeddable":true,"href":"https:\/\/leckerekekse.de\/wordpress\/wp-json\/wp\/v2\/comments?post=14977"}],"version-history":[{"count":3,"href":"https:\/\/leckerekekse.de\/wordpress\/wp-json\/wp\/v2\/posts\/14977\/revisions"}],"predecessor-version":[{"id":16467,"href":"https:\/\/leckerekekse.de\/wordpress\/wp-json\/wp\/v2\/posts\/14977\/revisions\/16467"}],"wp:attachment":[{"href":"https:\/\/leckerekekse.de\/wordpress\/wp-json\/wp\/v2\/media?parent=14977"}],"wp:term":[{"taxonomy":"category","embeddable":true,"href":"https:\/\/leckerekekse.de\/wordpress\/wp-json\/wp\/v2\/categories?post=14977"},{"taxonomy":"post_tag","embeddable":true,"href":"https:\/\/leckerekekse.de\/wordpress\/wp-json\/wp\/v2\/tags?post=14977"}],"curies":[{"name":"wp","href":"https:\/\/api.w.org\/{rel}","templated":true}]}}