{"id":1527,"date":"2015-01-16T07:00:08","date_gmt":"2015-01-16T05:00:08","guid":{"rendered":"http:\/\/leckerekekse.de\/wordpress\/?p=1527"},"modified":"2016-12-06T19:00:43","modified_gmt":"2016-12-06T17:00:43","slug":"lutz-seiler-kruso","status":"publish","type":"post","link":"https:\/\/leckerekekse.de\/wordpress\/lutz-seiler-kruso\/","title":{"rendered":"Lutz Seiler: Kruso"},"content":{"rendered":"<p><a href=\"http:\/\/www.suhrkamp.de\/lutz-seiler\/kruso_1206.html\" target=\"_blank\"><img loading=\"lazy\" decoding=\"async\" class=\"alignleft size-full wp-image-1530\" src=\"https:\/\/leckerekekse.de\/wordpress\/wp-content\/uploads\/2015\/01\/Kruso.jpg\" alt=\"Kruso\" width=\"100\" height=\"167\" \/><\/a>Fr\u00fchjahr 1989. Ed studiert in Halle Germanistik und ist Experte f\u00fcr Georg Trakl. Er kann sehr gut auswendig lernen und hat in seinem Gehirn einen riesigen \u201eBestand\u201c an Gedichten und Texten.<br \/>\nAber seit seine Freundin G. bei einem Unfall (bereits im Vorjahr) ums Leben kam, hat auch Ed keinen Spa\u00df mehr an seinem Dasein.<br \/>\nEr bricht auf, nach Hiddensee, eine Insel, die in der DDR als beliebtes Ferienziel gilt und stark bewacht wird, weil von dort aus schon viele die Republikflucht versucht haben.<br \/>\nUnterk\u00fcnfte sind dort schwer zu bekommen. Am ersten Tag scheitert sein Plan, einen Aushilfsjob zu bekommen, \u00fcbernachtet im Freien und bekommt den Tipp, es doch mal beim \u201eKlausner\u201c zu versuchen. Eine Gastst\u00e4tte, die zu einem Betriebsferienheim geh\u00f6rt und einen sch\u00f6nen Blick aufs Meer bietet.<br \/>\nDort bekommt Ed tats\u00e4chlich einen Job als Abw\u00e4scher und eine Unterkunft. Die Belegschaft ist wie eine gro\u00dfe Familie. In Momenten des gr\u00f6\u00dften Kundenaufkommens st\u00e4rken Sie sich durch abwechselndes Skandieren eines Gedichtes: <!--more--><\/p>\n<blockquote><p>\u201eWarum ziehen der Mond und der Mann zu zweit so bereit nach dem Meer.<br \/>\nAm Hochried vorbei, am Niedermoor vorbei, zieht das Boot nach dem Meer\u201c<\/p><\/blockquote>\n<p>Dieses Gedicht ist nicht, wie ich erwartet habe, vom Autor, sondern die \u00dcbersetzung von Melopee von Paul van Ostaijen.<\/p>\n<p>Es gibt noch viele andere Rituale zwischen den Mitgliedern der Belegschaft, der schweigsame Ed f\u00fcgt sich nur z\u00f6gernd ein.<br \/>\nKern des Klausners ist Kruso. Ein Deutschrusse, der alles zusammenh\u00e4lt im Klausner und auch dar\u00fcber hinaus bei den \u201eEsskaas\u201c (Servicekr\u00e4ften) der ganzen Insel h\u00f6chstes Ansehen genie\u00dft und einiges auf die Beine stellt.<br \/>\nEd stellt in Bezug auf Kruso fest:<\/p>\n<blockquote><p>\u201eIn seiner Lebensverwirrung hatte er einen unvergleichlichen Lehrer gefunden\u201c<\/p><\/blockquote>\n<p>Im Laufe des Buches gehen die beiden eine enge Beziehung ein. Ed mausert sich vom Schatten \u00fcber H\u00fcndchen zu Krusos Freitag und von da zum Freund und Bruder .<\/p>\n<blockquote><p>\u201eDie Freiheit ist da, tief in uns, sie wohnt dort, so tief wie unser innerstes Ich.\u201c<\/p><\/blockquote>\n<p>Kruso hat eine Mission. Er will Fl\u00fcchtlingen verdeutlichen, dass die wahre Freiheit im Menschen liegt und eine Flucht aus dem Staat unn\u00f6tig wird.<\/p>\n<blockquote><p>\u201eHier im Vorhof des Verschwindens fragt keiner, wohin einer noch gehen k\u00f6nnte\u201c<\/p><\/blockquote>\n<p>Die Freiheit hat einen speziellen Lockruf und verspricht jedem etwas anderes:<\/p>\n<blockquote><p>\u201eErl\u00f6sung vom Beruf. Vom Mann. Vom Zwang. Vom Staat\u201c<\/p><\/blockquote>\n<p>Kruso seinerseits verspricht ebenfalls Erl\u00f6sung innerhalb von drei Tagen mit einem speziellen Programm mit vielen Ritualen, wie der Suppe, der Vergabe, der Arbeit\u2026<br \/>\nAllerdings holt die Gegenwart Kruso ein. Pl\u00f6tzlich ist es m\u00f6glich, die Grenzen zu \u00fcberschreiten. Keiner kommt mehr zu ihm. Die \u00e4u\u00dferliche Freiheit ist doch st\u00e4rker. Einem Leben ohne Mission ist Kruso aber nicht gewachsen.<br \/>\nDer Klausner zerbricht, wie auch der ganze Staat. Kruso wird immer schw\u00e4cher, Ed immer st\u00e4rker. Die Rollen Freitag \u2013 Robinson kehren sich um.<\/p>\n<p>Das Buch schlie\u00dft mit einem Epilog, der in der ersten Person Singular geschrieben ist. Dort versucht der Autor die f\u00fcr ihn noch offenen Enden zu verkn\u00fcpfen. Auch vorher ist dem Leser schon der Gedanke gekommen, ob vielleicht Herr Seiler auch schon mal in der Hiddenseer Gastronomie t\u00e4tig war\u2026<\/p>\n<p>Vielleicht noch kurz einige Bemerkungen zur Gestaltung: es gibt ein Inhaltsverzeichnis und richtige Titel der Kapitel, hinten im Buch befindet sich auch eine schematische Zeichnung des Klausners, die mir den \u00dcberblick erleichtert hat. Der Buchr\u00fccken wird von einem Scherenschnitt des Seepferdchen-\u00e4hnlichen Umrisses der Insel geziert. Das Coverbild selbst hat im Hintergrund eine (See?-) Karte, in der man Dornbusch,\u00a0 Heimat des Klausners, entdecken kann. Karten und deren Verl\u00e4sslichkeit ist auch eines der im Buch benutzten Bilder.<\/p>\n<p>Man kann dieses Buch als eine Art Entwicklungsroman begreifen. Es ist sehr anspruchsvoll, vielschichtig und ehrlich gesagt ist mir auch nicht alles klar. Viele offene Fragen bleiben mir am Schluss unbeantwortet.<br \/>\nDas Buch ist durchwoben von Poesie, surrealen Erlebnissen, vielen liebenswerten und einigen widerlichen Protagonisten. Es hat aber auch viele humorige Nebens\u00e4tze. Doch insgesamt bleibt f\u00fcr mich eine d\u00fcstere Weltuntergangsstimmung, die so gar nicht zu den Aussagen in anderen B\u00fcchern, die diesen Sommer in der DDR beschrieben, passt.<\/p>\n<p>Schwere, aber lesenswerte Kost. Dieses Buch wurde 2014 mit dem <a href=\"http:\/\/www.deutscher-buchpreis.de\/\">Deutschen Buchpreis<\/a> ausgezeichnet.<br \/>\nEinen Bericht \u00fcber eine Lesung mit Lutz Seiler findet ihr <a href=\"https:\/\/leckerekekse.de\/wordpress\/lesung-lutz-seiler\/\">hier.<\/a><\/p>\n<p>Lutz Seiler: Kruso, Suhrkamp Verlag, ISBN: 978-3-518-42447-6, 484 Seiten, gebunden 22,95\u20ac<br \/>\n\u264c<\/p>\n","protected":false},"excerpt":{"rendered":"<p>Fr\u00fchjahr 1989. Ed studiert in Halle Germanistik und ist Experte f\u00fcr Georg Trakl. Er kann sehr gut auswendig lernen und hat in seinem Gehirn einen riesigen \u201eBestand\u201c an Gedichten und Texten. Aber seit seine Freundin G. bei einem Unfall (bereits im Vorjahr) ums Leben kam, hat auch Ed keinen Spa\u00df mehr an seinem Dasein. Er [&hellip;]<\/p>\n","protected":false},"author":2,"featured_media":1530,"comment_status":"open","ping_status":"open","sticky":false,"template":"","format":"standard","meta":{"footnotes":""},"categories":[1,3],"tags":[232,101,233,231,229,230,234],"class_list":["post-1527","post","type-post","status-publish","format-standard","has-post-thumbnail","hentry","category-allgemein","category-buecher","tag-ddr","tag-deutscher-buchpreis","tag-flucht","tag-hiddensee","tag-kruso","tag-lutz-seiler","tag-ostsee"],"yoast_head":"<!-- This site is optimized with the Yoast SEO plugin v27.5 - https:\/\/yoast.com\/product\/yoast-seo-wordpress\/ -->\n<title>Lutz Seiler: Kruso | Leckere Kekse &amp; mehr<\/title>\n<meta name=\"description\" content=\"Mit Kruso hat Lutz Seiler 2014 den deutschen Buchpreis gewonnen. Schwere, aber lesenswerte Kost, die den Leser in eine andere Zeit auf Hiddensee versetzt.\" \/>\n<meta name=\"robots\" content=\"index, follow, max-snippet:-1, max-image-preview:large, max-video-preview:-1\" \/>\n<link rel=\"canonical\" href=\"https:\/\/leckerekekse.de\/wordpress\/lutz-seiler-kruso\/\" \/>\n<meta property=\"og:locale\" content=\"de_DE\" \/>\n<meta property=\"og:type\" content=\"article\" \/>\n<meta property=\"og:title\" content=\"Lutz Seiler: Kruso | Leckere Kekse &amp; mehr\" \/>\n<meta property=\"og:description\" content=\"Mit Kruso hat Lutz Seiler 2014 den deutschen Buchpreis gewonnen. Schwere, aber lesenswerte Kost, die den Leser in eine andere Zeit auf Hiddensee versetzt.\" \/>\n<meta property=\"og:url\" content=\"https:\/\/leckerekekse.de\/wordpress\/lutz-seiler-kruso\/\" \/>\n<meta property=\"og:site_name\" content=\"Leckere Kekse &amp; mehr\" \/>\n<meta property=\"article:published_time\" content=\"2015-01-16T05:00:08+00:00\" \/>\n<meta property=\"article:modified_time\" content=\"2016-12-06T17:00:43+00:00\" \/>\n<meta property=\"og:image\" content=\"https:\/\/leckerekekse.de\/wordpress\/wp-content\/uploads\/2015\/01\/Kruso.jpg\" \/>\n\t<meta property=\"og:image:width\" content=\"100\" \/>\n\t<meta property=\"og:image:height\" content=\"167\" \/>\n\t<meta property=\"og:image:type\" content=\"image\/jpeg\" \/>\n<meta name=\"author\" content=\"Buchlieberin\" \/>\n<meta name=\"twitter:label1\" content=\"Verfasst von\" \/>\n\t<meta name=\"twitter:data1\" content=\"Buchlieberin\" \/>\n\t<meta name=\"twitter:label2\" content=\"Gesch\u00e4tzte Lesezeit\" \/>\n\t<meta name=\"twitter:data2\" content=\"4\u00a0Minuten\" \/>\n<script type=\"application\/ld+json\" class=\"yoast-schema-graph\">{\"@context\":\"https:\\\/\\\/schema.org\",\"@graph\":[{\"@type\":\"Article\",\"@id\":\"https:\\\/\\\/leckerekekse.de\\\/wordpress\\\/lutz-seiler-kruso\\\/#article\",\"isPartOf\":{\"@id\":\"https:\\\/\\\/leckerekekse.de\\\/wordpress\\\/lutz-seiler-kruso\\\/\"},\"author\":{\"name\":\"Buchlieberin\",\"@id\":\"https:\\\/\\\/leckerekekse.de\\\/wordpress\\\/#\\\/schema\\\/person\\\/161a8971fdc6b42b40eb2cf476f78939\"},\"headline\":\"Lutz Seiler: Kruso\",\"datePublished\":\"2015-01-16T05:00:08+00:00\",\"dateModified\":\"2016-12-06T17:00:43+00:00\",\"mainEntityOfPage\":{\"@id\":\"https:\\\/\\\/leckerekekse.de\\\/wordpress\\\/lutz-seiler-kruso\\\/\"},\"wordCount\":728,\"commentCount\":0,\"publisher\":{\"@id\":\"https:\\\/\\\/leckerekekse.de\\\/wordpress\\\/#\\\/schema\\\/person\\\/8f45748de22f11ca6e316da813f59b85\"},\"image\":{\"@id\":\"https:\\\/\\\/leckerekekse.de\\\/wordpress\\\/lutz-seiler-kruso\\\/#primaryimage\"},\"thumbnailUrl\":\"https:\\\/\\\/leckerekekse.de\\\/wordpress\\\/wp-content\\\/uploads\\\/2015\\\/01\\\/Kruso.jpg\",\"keywords\":[\"DDR\",\"deutscher Buchpreis\",\"Flucht\",\"Hiddensee\",\"Kruso\",\"Lutz Seiler\",\"Ostsee\"],\"articleSection\":{\"1\":\"B\u00fccher\"},\"inLanguage\":\"de\",\"potentialAction\":[{\"@type\":\"CommentAction\",\"name\":\"Comment\",\"target\":[\"https:\\\/\\\/leckerekekse.de\\\/wordpress\\\/lutz-seiler-kruso\\\/#respond\"]}]},{\"@type\":\"WebPage\",\"@id\":\"https:\\\/\\\/leckerekekse.de\\\/wordpress\\\/lutz-seiler-kruso\\\/\",\"url\":\"https:\\\/\\\/leckerekekse.de\\\/wordpress\\\/lutz-seiler-kruso\\\/\",\"name\":\"Lutz Seiler: Kruso | Leckere Kekse &amp; mehr\",\"isPartOf\":{\"@id\":\"https:\\\/\\\/leckerekekse.de\\\/wordpress\\\/#website\"},\"primaryImageOfPage\":{\"@id\":\"https:\\\/\\\/leckerekekse.de\\\/wordpress\\\/lutz-seiler-kruso\\\/#primaryimage\"},\"image\":{\"@id\":\"https:\\\/\\\/leckerekekse.de\\\/wordpress\\\/lutz-seiler-kruso\\\/#primaryimage\"},\"thumbnailUrl\":\"https:\\\/\\\/leckerekekse.de\\\/wordpress\\\/wp-content\\\/uploads\\\/2015\\\/01\\\/Kruso.jpg\",\"datePublished\":\"2015-01-16T05:00:08+00:00\",\"dateModified\":\"2016-12-06T17:00:43+00:00\",\"description\":\"Mit Kruso hat Lutz Seiler 2014 den deutschen Buchpreis gewonnen. Schwere, aber lesenswerte Kost, die den Leser in eine andere Zeit auf Hiddensee versetzt.\",\"breadcrumb\":{\"@id\":\"https:\\\/\\\/leckerekekse.de\\\/wordpress\\\/lutz-seiler-kruso\\\/#breadcrumb\"},\"inLanguage\":\"de\",\"potentialAction\":[{\"@type\":\"ReadAction\",\"target\":[\"https:\\\/\\\/leckerekekse.de\\\/wordpress\\\/lutz-seiler-kruso\\\/\"]}]},{\"@type\":\"ImageObject\",\"inLanguage\":\"de\",\"@id\":\"https:\\\/\\\/leckerekekse.de\\\/wordpress\\\/lutz-seiler-kruso\\\/#primaryimage\",\"url\":\"https:\\\/\\\/leckerekekse.de\\\/wordpress\\\/wp-content\\\/uploads\\\/2015\\\/01\\\/Kruso.jpg\",\"contentUrl\":\"https:\\\/\\\/leckerekekse.de\\\/wordpress\\\/wp-content\\\/uploads\\\/2015\\\/01\\\/Kruso.jpg\",\"width\":100,\"height\":167},{\"@type\":\"BreadcrumbList\",\"@id\":\"https:\\\/\\\/leckerekekse.de\\\/wordpress\\\/lutz-seiler-kruso\\\/#breadcrumb\",\"itemListElement\":[{\"@type\":\"ListItem\",\"position\":1,\"name\":\"Home\",\"item\":\"https:\\\/\\\/leckerekekse.de\\\/wordpress\\\/\"},{\"@type\":\"ListItem\",\"position\":2,\"name\":\"Lutz Seiler: Kruso\"}]},{\"@type\":\"WebSite\",\"@id\":\"https:\\\/\\\/leckerekekse.de\\\/wordpress\\\/#website\",\"url\":\"https:\\\/\\\/leckerekekse.de\\\/wordpress\\\/\",\"name\":\"Leckere Kekse &amp; mehr\",\"description\":\"Kekse backen, B\u00fccher lesen und mehr\",\"publisher\":{\"@id\":\"https:\\\/\\\/leckerekekse.de\\\/wordpress\\\/#\\\/schema\\\/person\\\/8f45748de22f11ca6e316da813f59b85\"},\"potentialAction\":[{\"@type\":\"SearchAction\",\"target\":{\"@type\":\"EntryPoint\",\"urlTemplate\":\"https:\\\/\\\/leckerekekse.de\\\/wordpress\\\/?s={search_term_string}\"},\"query-input\":{\"@type\":\"PropertyValueSpecification\",\"valueRequired\":true,\"valueName\":\"search_term_string\"}}],\"inLanguage\":\"de\"},{\"@type\":[\"Person\",\"Organization\"],\"@id\":\"https:\\\/\\\/leckerekekse.de\\\/wordpress\\\/#\\\/schema\\\/person\\\/8f45748de22f11ca6e316da813f59b85\",\"name\":\"Astrid\",\"logo\":{\"@id\":\"https:\\\/\\\/leckerekekse.de\\\/wordpress\\\/#\\\/schema\\\/person\\\/image\\\/\"},\"sameAs\":[\"https:\\\/\\\/leckerekekse.de\\\/wordpress\"]},{\"@type\":\"Person\",\"@id\":\"https:\\\/\\\/leckerekekse.de\\\/wordpress\\\/#\\\/schema\\\/person\\\/161a8971fdc6b42b40eb2cf476f78939\",\"name\":\"Buchlieberin\",\"sameAs\":[\"https:\\\/\\\/leckerekekse.de\\\/wordpress\"]}]}<\/script>\n<!-- \/ Yoast SEO plugin. -->","yoast_head_json":{"title":"Lutz Seiler: Kruso | Leckere Kekse &amp; mehr","description":"Mit Kruso hat Lutz Seiler 2014 den deutschen Buchpreis gewonnen. Schwere, aber lesenswerte Kost, die den Leser in eine andere Zeit auf Hiddensee versetzt.","robots":{"index":"index","follow":"follow","max-snippet":"max-snippet:-1","max-image-preview":"max-image-preview:large","max-video-preview":"max-video-preview:-1"},"canonical":"https:\/\/leckerekekse.de\/wordpress\/lutz-seiler-kruso\/","og_locale":"de_DE","og_type":"article","og_title":"Lutz Seiler: Kruso | Leckere Kekse &amp; mehr","og_description":"Mit Kruso hat Lutz Seiler 2014 den deutschen Buchpreis gewonnen. Schwere, aber lesenswerte Kost, die den Leser in eine andere Zeit auf Hiddensee versetzt.","og_url":"https:\/\/leckerekekse.de\/wordpress\/lutz-seiler-kruso\/","og_site_name":"Leckere Kekse &amp; mehr","article_published_time":"2015-01-16T05:00:08+00:00","article_modified_time":"2016-12-06T17:00:43+00:00","og_image":[{"width":100,"height":167,"url":"https:\/\/leckerekekse.de\/wordpress\/wp-content\/uploads\/2015\/01\/Kruso.jpg","type":"image\/jpeg"}],"author":"Buchlieberin","twitter_misc":{"Verfasst von":"Buchlieberin","Gesch\u00e4tzte Lesezeit":"4\u00a0Minuten"},"schema":{"@context":"https:\/\/schema.org","@graph":[{"@type":"Article","@id":"https:\/\/leckerekekse.de\/wordpress\/lutz-seiler-kruso\/#article","isPartOf":{"@id":"https:\/\/leckerekekse.de\/wordpress\/lutz-seiler-kruso\/"},"author":{"name":"Buchlieberin","@id":"https:\/\/leckerekekse.de\/wordpress\/#\/schema\/person\/161a8971fdc6b42b40eb2cf476f78939"},"headline":"Lutz Seiler: Kruso","datePublished":"2015-01-16T05:00:08+00:00","dateModified":"2016-12-06T17:00:43+00:00","mainEntityOfPage":{"@id":"https:\/\/leckerekekse.de\/wordpress\/lutz-seiler-kruso\/"},"wordCount":728,"commentCount":0,"publisher":{"@id":"https:\/\/leckerekekse.de\/wordpress\/#\/schema\/person\/8f45748de22f11ca6e316da813f59b85"},"image":{"@id":"https:\/\/leckerekekse.de\/wordpress\/lutz-seiler-kruso\/#primaryimage"},"thumbnailUrl":"https:\/\/leckerekekse.de\/wordpress\/wp-content\/uploads\/2015\/01\/Kruso.jpg","keywords":["DDR","deutscher Buchpreis","Flucht","Hiddensee","Kruso","Lutz Seiler","Ostsee"],"articleSection":{"1":"B\u00fccher"},"inLanguage":"de","potentialAction":[{"@type":"CommentAction","name":"Comment","target":["https:\/\/leckerekekse.de\/wordpress\/lutz-seiler-kruso\/#respond"]}]},{"@type":"WebPage","@id":"https:\/\/leckerekekse.de\/wordpress\/lutz-seiler-kruso\/","url":"https:\/\/leckerekekse.de\/wordpress\/lutz-seiler-kruso\/","name":"Lutz Seiler: Kruso | Leckere Kekse &amp; mehr","isPartOf":{"@id":"https:\/\/leckerekekse.de\/wordpress\/#website"},"primaryImageOfPage":{"@id":"https:\/\/leckerekekse.de\/wordpress\/lutz-seiler-kruso\/#primaryimage"},"image":{"@id":"https:\/\/leckerekekse.de\/wordpress\/lutz-seiler-kruso\/#primaryimage"},"thumbnailUrl":"https:\/\/leckerekekse.de\/wordpress\/wp-content\/uploads\/2015\/01\/Kruso.jpg","datePublished":"2015-01-16T05:00:08+00:00","dateModified":"2016-12-06T17:00:43+00:00","description":"Mit Kruso hat Lutz Seiler 2014 den deutschen Buchpreis gewonnen. Schwere, aber lesenswerte Kost, die den Leser in eine andere Zeit auf Hiddensee versetzt.","breadcrumb":{"@id":"https:\/\/leckerekekse.de\/wordpress\/lutz-seiler-kruso\/#breadcrumb"},"inLanguage":"de","potentialAction":[{"@type":"ReadAction","target":["https:\/\/leckerekekse.de\/wordpress\/lutz-seiler-kruso\/"]}]},{"@type":"ImageObject","inLanguage":"de","@id":"https:\/\/leckerekekse.de\/wordpress\/lutz-seiler-kruso\/#primaryimage","url":"https:\/\/leckerekekse.de\/wordpress\/wp-content\/uploads\/2015\/01\/Kruso.jpg","contentUrl":"https:\/\/leckerekekse.de\/wordpress\/wp-content\/uploads\/2015\/01\/Kruso.jpg","width":100,"height":167},{"@type":"BreadcrumbList","@id":"https:\/\/leckerekekse.de\/wordpress\/lutz-seiler-kruso\/#breadcrumb","itemListElement":[{"@type":"ListItem","position":1,"name":"Home","item":"https:\/\/leckerekekse.de\/wordpress\/"},{"@type":"ListItem","position":2,"name":"Lutz Seiler: Kruso"}]},{"@type":"WebSite","@id":"https:\/\/leckerekekse.de\/wordpress\/#website","url":"https:\/\/leckerekekse.de\/wordpress\/","name":"Leckere Kekse &amp; mehr","description":"Kekse backen, B\u00fccher lesen und mehr","publisher":{"@id":"https:\/\/leckerekekse.de\/wordpress\/#\/schema\/person\/8f45748de22f11ca6e316da813f59b85"},"potentialAction":[{"@type":"SearchAction","target":{"@type":"EntryPoint","urlTemplate":"https:\/\/leckerekekse.de\/wordpress\/?s={search_term_string}"},"query-input":{"@type":"PropertyValueSpecification","valueRequired":true,"valueName":"search_term_string"}}],"inLanguage":"de"},{"@type":["Person","Organization"],"@id":"https:\/\/leckerekekse.de\/wordpress\/#\/schema\/person\/8f45748de22f11ca6e316da813f59b85","name":"Astrid","logo":{"@id":"https:\/\/leckerekekse.de\/wordpress\/#\/schema\/person\/image\/"},"sameAs":["https:\/\/leckerekekse.de\/wordpress"]},{"@type":"Person","@id":"https:\/\/leckerekekse.de\/wordpress\/#\/schema\/person\/161a8971fdc6b42b40eb2cf476f78939","name":"Buchlieberin","sameAs":["https:\/\/leckerekekse.de\/wordpress"]}]}},"_links":{"self":[{"href":"https:\/\/leckerekekse.de\/wordpress\/wp-json\/wp\/v2\/posts\/1527","targetHints":{"allow":["GET"]}}],"collection":[{"href":"https:\/\/leckerekekse.de\/wordpress\/wp-json\/wp\/v2\/posts"}],"about":[{"href":"https:\/\/leckerekekse.de\/wordpress\/wp-json\/wp\/v2\/types\/post"}],"author":[{"embeddable":true,"href":"https:\/\/leckerekekse.de\/wordpress\/wp-json\/wp\/v2\/users\/2"}],"replies":[{"embeddable":true,"href":"https:\/\/leckerekekse.de\/wordpress\/wp-json\/wp\/v2\/comments?post=1527"}],"version-history":[{"count":9,"href":"https:\/\/leckerekekse.de\/wordpress\/wp-json\/wp\/v2\/posts\/1527\/revisions"}],"predecessor-version":[{"id":7768,"href":"https:\/\/leckerekekse.de\/wordpress\/wp-json\/wp\/v2\/posts\/1527\/revisions\/7768"}],"wp:featuredmedia":[{"embeddable":true,"href":"https:\/\/leckerekekse.de\/wordpress\/wp-json\/wp\/v2\/media\/1530"}],"wp:attachment":[{"href":"https:\/\/leckerekekse.de\/wordpress\/wp-json\/wp\/v2\/media?parent=1527"}],"wp:term":[{"taxonomy":"category","embeddable":true,"href":"https:\/\/leckerekekse.de\/wordpress\/wp-json\/wp\/v2\/categories?post=1527"},{"taxonomy":"post_tag","embeddable":true,"href":"https:\/\/leckerekekse.de\/wordpress\/wp-json\/wp\/v2\/tags?post=1527"}],"curies":[{"name":"wp","href":"https:\/\/api.w.org\/{rel}","templated":true}]}}