{"id":15273,"date":"2020-04-13T08:01:00","date_gmt":"2020-04-13T06:01:00","guid":{"rendered":"https:\/\/leckerekekse.de\/wordpress\/?p=15273"},"modified":"2020-04-16T21:58:17","modified_gmt":"2020-04-16T19:58:17","slug":"interview-claudia-endrich","status":"publish","type":"post","link":"https:\/\/leckerekekse.de\/wordpress\/interview-claudia-endrich\/","title":{"rendered":"Interview: Claudia Endrich"},"content":{"rendered":"\n<figure class=\"wp-block-image size-large\"><img loading=\"lazy\" decoding=\"async\" width=\"640\" height=\"427\" src=\"https:\/\/leckerekekse.de\/wordpress\/wp-content\/uploads\/2020\/04\/CLaudia-Endrich.jpg\" alt=\"Claudia Endrich, Das n\u00e4chste Mal bleib ich daheim. Edition Atelier\" class=\"wp-image-15275\" srcset=\"https:\/\/leckerekekse.de\/wordpress\/wp-content\/uploads\/2020\/04\/CLaudia-Endrich.jpg 640w, https:\/\/leckerekekse.de\/wordpress\/wp-content\/uploads\/2020\/04\/CLaudia-Endrich-300x200.jpg 300w\" sizes=\"auto, (max-width: 640px) 100vw, 640px\" \/><\/figure>\n\n\n\n<h2 class=\"wp-block-heading\">Autorin spricht \u00fcber ihre Erfahrungen<\/h2>\n\n\n\n<p>Claudia Endrich versucht mit ihrem Buch \u201e<a href=\"https:\/\/leckerekekse.de\/wordpress\/claudia-endrich-das-naechste-mal-bleib-ich-daheim\/\">Das n\u00e4chste Mal bleib ich daheim<\/a>\u201c zum Nachdenken anzuregen. \u00dcber unsere globale Mobilit\u00e4t. Mal schnell um den halben Globus zu fliegen ist f\u00fcr viele normal. Ein Thema, das sich wegen Corona zurzeit von alleine erledigt hat.&nbsp; Vielleicht auch eine Chance f\u00fcr uns alle demn\u00e4chst bewusster mit Fl\u00fcgen und Tourismus umzugehen. Claudia hat mir ein Interview per E-Mail gegeben. Sie erz\u00e4hlt \u00fcber ihre jetzigen Erfahrungen, einige Aussagen im Buch und ihre Diskussionen mit anderen Menschen \u00fcber dieses Thema.<\/p>\n\n\n\n<!--more-->\n\n\n\n<p><strong><em>Silvia<\/em><\/strong><em>: <\/em>Corona bringt noch mal einen anderen Aspekt in das Thema Reiseverzicht. Wie gehst du mit der jetzigen Ausgangssperre\/Kontaktsperre um?<\/p>\n\n\n\n<p><strong>Claudia Endrich<\/strong>: <em>Ich erlebe diese Ausnahmesituation, so wie viele Menschen vermute ich, als eine Mischung aus ungewohnter Einschr\u00e4nkung und angenehmer Entschleunigung. Ich bin im Home Office, gehe nur zum Einkaufen und Spazieren raus. Ich habe viel Zeit zum Lesen, Kochen, und \u2013 leider \u2013 auch f\u00fcr Social Media. Seit ich 2018 aus S\u00fcdamerika zur\u00fcckgekommen bin, habe ich grunds\u00e4tzlich keine gro\u00dfen Urlaubs- oder Reisepl\u00e4ne mehr geschmiedet, so gesehen schr\u00e4nkt es mich jetzt nicht ein. Es ist sogar eher so, dass diese Einschr\u00e4nkungen, die inzwischen fast die ganze Welt betreffen, es mir leichter machen, schon lange \u00fcberf\u00e4llige Skype-Gespr\u00e4che mit Freunden in anderen L\u00e4ndern zu organisieren. Es hat also sogar ein bisschen was Gutes!<\/em><\/p>\n\n\n\n<h3 class=\"wp-block-heading\">Wie entstand das Buch?<\/h3>\n\n\n\n<p><strong>Silvia<\/strong>: Auch ich versuche aus der momentanen Situation die f\u00fcr mich positiven Aspekte zu genie\u00dfen. Wie zum Beispiel den gr\u00f6\u00dferen Familienzusammenhalt. Doch erz\u00e4hl, wie bist du auf die Idee gekommen ein Buch aus deinen Gedanken zu machen?<\/p>\n\n\n\n<p>Wenn Sie nach dem besten Webhosting in Deutschland suchen, ist es wichtig, sich von den Experten unter <a href=\"https:\/\/r-tech24.de\/review\/webhosting-vergleich\/\">https:\/\/r-tech24.de\/review\/webhosting-vergleich\/ beraten zu lassen.<\/a><\/p>\n\n\n\n<p><strong>Claudia Endrich<\/strong><em>: Das ist mir mehr oder weniger \u201epassiert\u201c. Die Gedanken waren so dr\u00e4ngend, dieser innere Konflikt hat mich so gequ\u00e4lt, dass ich es einfach aufschreiben musste. Und irgendwann hat sich in den vollgeschriebenen Notizb\u00fcchern eine Struktur abgezeichnet, da war der letzte Schritt zum Buch dann nicht mehr weit.<\/em><\/p>\n\n\n\n<div class=\"wp-block-image\"><figure class=\"aligncenter size-large\"><img loading=\"lazy\" decoding=\"async\" width=\"480\" height=\"640\" src=\"https:\/\/leckerekekse.de\/wordpress\/wp-content\/uploads\/2020\/04\/Claudia-endrich-1.jpg\" alt=\"Claudia Endrich, Das n\u00e4chste Mal bleib ich daheim. Edition Atelier\" class=\"wp-image-15277\" srcset=\"https:\/\/leckerekekse.de\/wordpress\/wp-content\/uploads\/2020\/04\/Claudia-endrich-1.jpg 480w, https:\/\/leckerekekse.de\/wordpress\/wp-content\/uploads\/2020\/04\/Claudia-endrich-1-225x300.jpg 225w\" sizes=\"auto, (max-width: 480px) 100vw, 480px\" \/><figcaption>Copright: Claudia Endrich<\/figcaption><\/figure><\/div>\n\n\n\n<h3 class=\"wp-block-heading\">Flugverzicht<\/h3>\n\n\n\n<p><strong>Silvia<\/strong>: Dieses Buch endet damit, dass du dein selbst auferlegtes Flugverbot aus beruflichen Gr\u00fcnden brechen musst. Konntest du Fliegen seither vermeiden?<\/p>\n\n\n\n<p><strong>Claudia Endrich<\/strong>: <em>Derselbe berufliche Grund hat mich ein Jahr sp\u00e4ter wieder zu einem innereurop\u00e4ischen Flug \u201egezwungen\u201c, trotz meiner gro\u00dfen Bem\u00fchungen, eine Zugreise daraus zu machen. Da es sich um eine Gruppenreise handelte, wurde der Vorschlag schlussendlich leider abgelehnt. Ansonsten konnte ich es seither vermeiden und habe auch vor, das in den n\u00e4chsten Jahren weiterhin so zu halten.<\/em><\/p>\n\n\n\n<p><strong>Silvia: <\/strong>Viel Erfolg dabei! Meine j\u00fcngere Tochter (17) weigert sich seit Jahren zu Fliegen, allerdings prim\u00e4r aus anderen Gr\u00fcnden. Aber als ich ihr von deiem Buch erz\u00e4hlte f\u00fchlte sie sich zus\u00e4tzlich best\u00e4tigt. Bist du seitdem privat auf Reisen gegangen?<\/p>\n\n\n\n<p><strong>Claudia Endrich<\/strong>: <em>Ich habe Urlaub gemacht. In \u00d6sterreich mit dem Fahrrad und in Italien und der Slowakei mit einem ausgeliehenen Auto. Ich unterscheide gerne zwischen Reisen und Urlaub, weil ich Reisen mit dem Anspruch verbinde, etwas zu lernen und meine Komfortzone zu verlassen, w\u00e4hrend Urlaub f\u00fcr mich Erholung und Genuss bedeutet. Darum waren diese Urlaube auch sehr von Natur und Kulinarik gepr\u00e4gt.<\/em><\/p>\n\n\n\n<p><strong>Silvia: <\/strong>Ich bin mehr so der Urlaubstyp, ich brauche einfach die Erholung inmeiner freien Zeit. Du machst in einer Diskussion im Buch mehrere Vorschl\u00e4ge (Buch Seite 90), wie man die Flugkilometer reduzieren k\u00f6nnte. Die Idee mit dem lebenslangen Flugmeilen-Konto gefiel mir sehr. Doch wie kamst du auf den Gedanken, dass nur Menschen bis 35 fliegen d\u00fcrfen? Ich bin \u00fcber 50 und habe erst jetzt die Gelegenheit dar\u00fcber nachzudenken welche Orte auf der Erde ich wirklich besuchen m\u00f6chte.<\/p>\n\n\n\n<p><strong>Claudia Endrich:<\/strong> <em>An dieser Stelle werfe ich mit einer Vielzahl an spontanen Ideen um mich, wie wir den Flugverkehr reduzieren k\u00f6nnten. Dass man einfach eine Altersgrenze einzieht, ist nat\u00fcrlich v\u00f6llig unrealistisch und w\u00e4re bestimmt auch unfair. Erfahrungen, die wir in jungen Jahren machen, pr\u00e4gen uns besonders stark, davon bin ich \u00fcberzeugt. Aus diesem Vorschlag spricht mein Wunsch, dass alle Menschen fr\u00fch lernen, wie verschieden die Lebensrealit\u00e4ten auf unserem Planeten sind, und gleichzeitig verhindert wird, dass Flugreisen zu einer selbstverst\u00e4ndlichen Routine w\u00e4hrend unseres ganzen Lebens werden.<\/em><\/p>\n\n\n\n<p><strong>Silvia: <\/strong>Verschiedene Kulturen und Lebensumst\u00e4nde kennenzulernen ist sicher wichtig f\u00fcr die Ausbildung der eigenen Werte und auch die Erkenntnis wie gut es uns hier geht. Mir kam auch der Gedanke, dass diese Ideen daraus entstanden sind, dass du schon echt viel gesehen hast und vielleicht auch einen gewissen S\u00e4ttigungsgrad erreicht hast. Wird dir das von Diskussionspartnern nicht auch ein wenig vorgeworfen: dass du so vieles schon bereist hast, w\u00e4hrend andere erst mal n\u00e4here Ziele mit dem Auto kennengelernt haben?<\/p>\n\n\n\n<p><strong>Claudia Endrich:<\/strong> <em>Dieses Argument kommt relativ selten, denn ich m\u00f6chte vor allem Menschen ansprechen, die schon viel gereist sind. Ich kenne viele, die schon weit mehr Orte gesehen haben als ich und noch lange nicht genug haben. Ich w\u00fcnsche, wie schon gesagt, jedem und jeder, einmal etwas anderes als die europ\u00e4ische Lebensrealit\u00e4t kennenzulernen. Ich sehe einfach viele Menschen, sowohl in meiner Generation als auch in meiner Elterngeneration, die nie genug bekommen, sondern anstatt eines S\u00e4ttigungseffekts eher einen Gew\u00f6hnungseffekt erleben und darum immer mehr wollen \u2013 mehr Exotik, mehr Abenteuer, mehr Flugkilometer. Das kritisiere ich vielmehr, als jene, die nach mehreren Jahrzehnten Italienurlaub das erste Mal Europa verlassen wollen.<\/em><\/p>\n\n\n\n<figure class=\"wp-block-image size-large\"><img loading=\"lazy\" decoding=\"async\" width=\"640\" height=\"427\" src=\"https:\/\/leckerekekse.de\/wordpress\/wp-content\/uploads\/2020\/04\/CEndrich-Jorghi-Poll-edition-atelier-small.jpg\" alt=\"Claudia Endrich, Das n\u00e4chste Mal bleib ich daheim. Edition Atelier\" class=\"wp-image-15278\" srcset=\"https:\/\/leckerekekse.de\/wordpress\/wp-content\/uploads\/2020\/04\/CEndrich-Jorghi-Poll-edition-atelier-small.jpg 640w, https:\/\/leckerekekse.de\/wordpress\/wp-content\/uploads\/2020\/04\/CEndrich-Jorghi-Poll-edition-atelier-small-300x200.jpg 300w\" sizes=\"auto, (max-width: 640px) 100vw, 640px\" \/><figcaption>Copyrigth: Jorghi Poll, edition atelier<\/figcaption><\/figure>\n\n\n\n<h3 class=\"wp-block-heading\">Diskussionen<\/h3>\n\n\n\n<p><strong>Silvia<\/strong>: Ich kenne auch ein paar Leute die st\u00f6hnen, weil sie schon gar nicht mehr wissen wo sie noch hinfahren sollen, weil sie schon fast \u00fcberall waren. Unglaublich!<br>Im Laufe des Buches durchl\u00e4ufst du eine gewisse Entwicklung, vor allem was die Art der Diskussionen mit \u201eFliegern\u201c angeht. Wie l\u00e4uft das jetzt ab? Versuchst du immer noch andere Menschen davon zu \u00fcberzeugen m\u00f6glichst darauf zu verzichten?<\/p>\n\n\n\n<p><strong>Claudia Endrich:<\/strong> <em>Ich spreche das Thema von mir aus nur noch sehr selten an. Das hat mehrere Gr\u00fcnde: Durch die Entwicklung, die ich im Laufe des Buches erlebe, habe ich auch gelernt, dass Vorw\u00fcrfe wenig zu Verhaltens\u00e4nderungen beitragen. Mir f\u00e4llt es heute leichter, anderen Beweggr\u00fcnde zuzugestehen, die f\u00fcr mich vielleicht schwer nachvollziehbar sind. Andererseits wissen die meisten in meinem Umfeld durch das Buch von meiner Haltung und sprechen ihrerseits ihre Reisepl\u00e4ne ohnehin nur noch an, wenn sie wissen wollen, ob ich sie gerechtfertigt finde! (lacht) Dann halte ich mich erst recht raus und versuche eher, rauszufinden, was die Person selbst dazu denkt. Meine Meinung dazu lautet heute: Wir k\u00f6nnen tun was wir wollen, das ist das Privileg, das uns geschenkt wurde. Wir sollten uns unsere Entscheidungen aber weder sch\u00f6nreden noch dieses Privileg unversch\u00e4mt ausnutzen, sondern es behutsam verwenden.<\/em><\/p>\n\n\n\n<h3 class=\"wp-block-heading\">Tourismus<\/h3>\n\n\n\n<p><strong>Silvia: <\/strong>Da stimme ich dir vollkommen zu.F\u00fcr mich kam im Buch auch heraus, dass es nicht nur um die vielen Flugkilometer geht, sondern auch um die Folgen des Tourismus allgemein. Wem n\u00fctzen unsere Reisen? Wem schaden sie?<\/p>\n\n\n\n<p><strong>Claudia Endrich<\/strong> <em>Das ist, denke ich, immer eine Frage der Menge. Tourismus kann sehr f\u00f6rderlich sein, es bringt Wohlstand, verbesserte Infrastrukturen und im Idealfall sogar gesellschaftlichen Zusammenhalt. Solange die Besuchermenge sich in einem gesunden Ma\u00df h\u00e4lt, das Natur und Mensch aushalten, und solange die Mehrheit vom Tourismus profitiert anstelle von Einzelnen. Das h\u00e4ngt zumeist von der gelebten Solidarit\u00e4t ab, das ist mein pers\u00f6nlicher Eindruck. Tourismus beginnt immer dann zu schaden, wenn es zu viel wird, wenn Overtourism beginnt. Wenn ehemals einsame Str\u00e4nde aufgrund der Umweltverschmutzung gesperrt werden m\u00fcssen, wenn St\u00e4dte zu Freiluftmuseen werden, wo niemand mehr wirklich leben kann. Es f\u00e4llt oft schwer, doch ich glaube wir m\u00fcssen uns darin \u00fcben, bei der Auswahl unserer Reiseziele dem Herdentrieb zu widerstehen. Ein Reiseziel, zu dem es online kaum Informationen gibt \u2013 das ist wirklich eine mutige Reise. Und bestimmt lohnend!<\/em><\/p>\n\n\n\n<p><strong>Silvia<\/strong>: Du hast sicher schon viel Mut auf deinen Reisen bewiesen. Ich frage mich h\u00e4ufig welche Folgen das totale Fehlen von Touristen auf der ganzen Welt hat. Sicher katastrophale f\u00fcr die Menschen, die davon leben, daf\u00fcr gute f\u00fcr die Natur.<br>Ich danke dir sehr f\u00fcr das Interview und dein Buch <a href=\"https:\/\/www.editionatelier.at\/titel\/das-naechste-mal-bleib-ich-daheim\/\">Das n\u00e4chste Mal bleib ich daheim<\/a>. Beides hat mir viele Denkanst\u00f6\u00dfe beschert.<\/p>\n\n\n\n<figure class=\"wp-block-image size-medium\"><img loading=\"lazy\" decoding=\"async\" width=\"300\" height=\"219\" src=\"https:\/\/leckerekekse.de\/wordpress\/wp-content\/uploads\/2016\/04\/Signatur-002-300x219.jpg\" alt=\"\" class=\"wp-image-5977\" srcset=\"https:\/\/leckerekekse.de\/wordpress\/wp-content\/uploads\/2016\/04\/Signatur-002-300x219.jpg 300w, https:\/\/leckerekekse.de\/wordpress\/wp-content\/uploads\/2016\/04\/Signatur-002.jpg 640w\" sizes=\"auto, (max-width: 300px) 100vw, 300px\" \/><\/figure>\n\n\n","protected":false},"excerpt":{"rendered":"<p>Autorin spricht \u00fcber ihre Erfahrungen Claudia Endrich versucht mit ihrem Buch \u201eDas n\u00e4chste Mal bleib ich daheim\u201c zum Nachdenken anzuregen. \u00dcber unsere globale Mobilit\u00e4t. Mal schnell um den halben Globus zu fliegen ist f\u00fcr viele normal. Ein Thema, das sich wegen Corona zurzeit von alleine erledigt hat.&nbsp; Vielleicht auch eine Chance f\u00fcr uns alle demn\u00e4chst [&hellip;]<\/p>\n","protected":false},"author":2,"featured_media":15275,"comment_status":"open","ping_status":"open","sticky":false,"template":"","format":"standard","meta":{"footnotes":""},"categories":[1,3,781],"tags":[1299,725,934,469],"class_list":["post-15273","post","type-post","status-publish","format-standard","has-post-thumbnail","hentry","category-allgemein","category-buecher","category-interview","tag-flugverzicht","tag-interview","tag-oekologie","tag-reisen"],"yoast_head":"<!-- This site is optimized with the Yoast SEO plugin v27.5 - https:\/\/yoast.com\/product\/yoast-seo-wordpress\/ -->\n<title>Interview: Claudia Endrich | Leckere Kekse &amp; mehr<\/title>\n<meta name=\"description\" content=\"Claudia Endrich spricht im Interview \u00fcber ihr Buch &quot;Das n\u00e4chste Mal bleib ich daheim&quot; ihr Leben in der Corona-Krise und ihr Urlaubsverhalten.\" \/>\n<meta name=\"robots\" content=\"index, follow, max-snippet:-1, max-image-preview:large, max-video-preview:-1\" \/>\n<link rel=\"canonical\" href=\"https:\/\/leckerekekse.de\/wordpress\/interview-claudia-endrich\/\" \/>\n<meta property=\"og:locale\" content=\"de_DE\" \/>\n<meta property=\"og:type\" content=\"article\" \/>\n<meta property=\"og:title\" content=\"Interview: Claudia Endrich | Leckere Kekse &amp; mehr\" \/>\n<meta property=\"og:description\" content=\"Claudia Endrich spricht im Interview \u00fcber ihr Buch &quot;Das n\u00e4chste Mal bleib ich daheim&quot; ihr Leben in der Corona-Krise und ihr Urlaubsverhalten.\" \/>\n<meta property=\"og:url\" content=\"https:\/\/leckerekekse.de\/wordpress\/interview-claudia-endrich\/\" \/>\n<meta property=\"og:site_name\" content=\"Leckere Kekse &amp; mehr\" \/>\n<meta property=\"article:published_time\" content=\"2020-04-13T06:01:00+00:00\" \/>\n<meta property=\"article:modified_time\" content=\"2020-04-16T19:58:17+00:00\" \/>\n<meta property=\"og:image\" content=\"https:\/\/leckerekekse.de\/wordpress\/wp-content\/uploads\/2020\/04\/CLaudia-Endrich.jpg\" \/>\n\t<meta property=\"og:image:width\" content=\"640\" \/>\n\t<meta property=\"og:image:height\" content=\"427\" \/>\n\t<meta property=\"og:image:type\" content=\"image\/jpeg\" \/>\n<meta name=\"author\" content=\"Buchlieberin\" \/>\n<meta name=\"twitter:label1\" content=\"Verfasst von\" \/>\n\t<meta name=\"twitter:data1\" content=\"Buchlieberin\" \/>\n\t<meta name=\"twitter:label2\" content=\"Gesch\u00e4tzte Lesezeit\" \/>\n\t<meta name=\"twitter:data2\" content=\"7\u00a0Minuten\" \/>\n<script type=\"application\/ld+json\" class=\"yoast-schema-graph\">{\"@context\":\"https:\\\/\\\/schema.org\",\"@graph\":[{\"@type\":\"Article\",\"@id\":\"https:\\\/\\\/leckerekekse.de\\\/wordpress\\\/interview-claudia-endrich\\\/#article\",\"isPartOf\":{\"@id\":\"https:\\\/\\\/leckerekekse.de\\\/wordpress\\\/interview-claudia-endrich\\\/\"},\"author\":{\"name\":\"Buchlieberin\",\"@id\":\"https:\\\/\\\/leckerekekse.de\\\/wordpress\\\/#\\\/schema\\\/person\\\/161a8971fdc6b42b40eb2cf476f78939\"},\"headline\":\"Interview: Claudia Endrich\",\"datePublished\":\"2020-04-13T06:01:00+00:00\",\"dateModified\":\"2020-04-16T19:58:17+00:00\",\"mainEntityOfPage\":{\"@id\":\"https:\\\/\\\/leckerekekse.de\\\/wordpress\\\/interview-claudia-endrich\\\/\"},\"wordCount\":1411,\"commentCount\":0,\"publisher\":{\"@id\":\"https:\\\/\\\/leckerekekse.de\\\/wordpress\\\/#\\\/schema\\\/person\\\/8f45748de22f11ca6e316da813f59b85\"},\"image\":{\"@id\":\"https:\\\/\\\/leckerekekse.de\\\/wordpress\\\/interview-claudia-endrich\\\/#primaryimage\"},\"thumbnailUrl\":\"https:\\\/\\\/leckerekekse.de\\\/wordpress\\\/wp-content\\\/uploads\\\/2020\\\/04\\\/CLaudia-Endrich.jpg\",\"keywords\":[\"Flugverzicht\",\"Interview\",\"\u00d6kologie\",\"Reisen\"],\"articleSection\":{\"1\":\"B\u00fccher\",\"2\":\"Interview\"},\"inLanguage\":\"de\",\"potentialAction\":[{\"@type\":\"CommentAction\",\"name\":\"Comment\",\"target\":[\"https:\\\/\\\/leckerekekse.de\\\/wordpress\\\/interview-claudia-endrich\\\/#respond\"]}]},{\"@type\":\"WebPage\",\"@id\":\"https:\\\/\\\/leckerekekse.de\\\/wordpress\\\/interview-claudia-endrich\\\/\",\"url\":\"https:\\\/\\\/leckerekekse.de\\\/wordpress\\\/interview-claudia-endrich\\\/\",\"name\":\"Interview: Claudia Endrich | Leckere Kekse &amp; mehr\",\"isPartOf\":{\"@id\":\"https:\\\/\\\/leckerekekse.de\\\/wordpress\\\/#website\"},\"primaryImageOfPage\":{\"@id\":\"https:\\\/\\\/leckerekekse.de\\\/wordpress\\\/interview-claudia-endrich\\\/#primaryimage\"},\"image\":{\"@id\":\"https:\\\/\\\/leckerekekse.de\\\/wordpress\\\/interview-claudia-endrich\\\/#primaryimage\"},\"thumbnailUrl\":\"https:\\\/\\\/leckerekekse.de\\\/wordpress\\\/wp-content\\\/uploads\\\/2020\\\/04\\\/CLaudia-Endrich.jpg\",\"datePublished\":\"2020-04-13T06:01:00+00:00\",\"dateModified\":\"2020-04-16T19:58:17+00:00\",\"description\":\"Claudia Endrich spricht im Interview \u00fcber ihr Buch \\\"Das n\u00e4chste Mal bleib ich daheim\\\" ihr Leben in der Corona-Krise und ihr Urlaubsverhalten.\",\"breadcrumb\":{\"@id\":\"https:\\\/\\\/leckerekekse.de\\\/wordpress\\\/interview-claudia-endrich\\\/#breadcrumb\"},\"inLanguage\":\"de\",\"potentialAction\":[{\"@type\":\"ReadAction\",\"target\":[\"https:\\\/\\\/leckerekekse.de\\\/wordpress\\\/interview-claudia-endrich\\\/\"]}]},{\"@type\":\"ImageObject\",\"inLanguage\":\"de\",\"@id\":\"https:\\\/\\\/leckerekekse.de\\\/wordpress\\\/interview-claudia-endrich\\\/#primaryimage\",\"url\":\"https:\\\/\\\/leckerekekse.de\\\/wordpress\\\/wp-content\\\/uploads\\\/2020\\\/04\\\/CLaudia-Endrich.jpg\",\"contentUrl\":\"https:\\\/\\\/leckerekekse.de\\\/wordpress\\\/wp-content\\\/uploads\\\/2020\\\/04\\\/CLaudia-Endrich.jpg\",\"width\":640,\"height\":427},{\"@type\":\"BreadcrumbList\",\"@id\":\"https:\\\/\\\/leckerekekse.de\\\/wordpress\\\/interview-claudia-endrich\\\/#breadcrumb\",\"itemListElement\":[{\"@type\":\"ListItem\",\"position\":1,\"name\":\"Home\",\"item\":\"https:\\\/\\\/leckerekekse.de\\\/wordpress\\\/\"},{\"@type\":\"ListItem\",\"position\":2,\"name\":\"Interview: Claudia Endrich\"}]},{\"@type\":\"WebSite\",\"@id\":\"https:\\\/\\\/leckerekekse.de\\\/wordpress\\\/#website\",\"url\":\"https:\\\/\\\/leckerekekse.de\\\/wordpress\\\/\",\"name\":\"Leckere Kekse &amp; mehr\",\"description\":\"Kekse backen, B\u00fccher lesen und mehr\",\"publisher\":{\"@id\":\"https:\\\/\\\/leckerekekse.de\\\/wordpress\\\/#\\\/schema\\\/person\\\/8f45748de22f11ca6e316da813f59b85\"},\"potentialAction\":[{\"@type\":\"SearchAction\",\"target\":{\"@type\":\"EntryPoint\",\"urlTemplate\":\"https:\\\/\\\/leckerekekse.de\\\/wordpress\\\/?s={search_term_string}\"},\"query-input\":{\"@type\":\"PropertyValueSpecification\",\"valueRequired\":true,\"valueName\":\"search_term_string\"}}],\"inLanguage\":\"de\"},{\"@type\":[\"Person\",\"Organization\"],\"@id\":\"https:\\\/\\\/leckerekekse.de\\\/wordpress\\\/#\\\/schema\\\/person\\\/8f45748de22f11ca6e316da813f59b85\",\"name\":\"Astrid\",\"logo\":{\"@id\":\"https:\\\/\\\/leckerekekse.de\\\/wordpress\\\/#\\\/schema\\\/person\\\/image\\\/\"},\"sameAs\":[\"https:\\\/\\\/leckerekekse.de\\\/wordpress\"]},{\"@type\":\"Person\",\"@id\":\"https:\\\/\\\/leckerekekse.de\\\/wordpress\\\/#\\\/schema\\\/person\\\/161a8971fdc6b42b40eb2cf476f78939\",\"name\":\"Buchlieberin\",\"sameAs\":[\"https:\\\/\\\/leckerekekse.de\\\/wordpress\"]}]}<\/script>\n<!-- \/ Yoast SEO plugin. -->","yoast_head_json":{"title":"Interview: Claudia Endrich | Leckere Kekse &amp; mehr","description":"Claudia Endrich spricht im Interview \u00fcber ihr Buch \"Das n\u00e4chste Mal bleib ich daheim\" ihr Leben in der Corona-Krise und ihr Urlaubsverhalten.","robots":{"index":"index","follow":"follow","max-snippet":"max-snippet:-1","max-image-preview":"max-image-preview:large","max-video-preview":"max-video-preview:-1"},"canonical":"https:\/\/leckerekekse.de\/wordpress\/interview-claudia-endrich\/","og_locale":"de_DE","og_type":"article","og_title":"Interview: Claudia Endrich | Leckere Kekse &amp; mehr","og_description":"Claudia Endrich spricht im Interview \u00fcber ihr Buch \"Das n\u00e4chste Mal bleib ich daheim\" ihr Leben in der Corona-Krise und ihr Urlaubsverhalten.","og_url":"https:\/\/leckerekekse.de\/wordpress\/interview-claudia-endrich\/","og_site_name":"Leckere Kekse &amp; mehr","article_published_time":"2020-04-13T06:01:00+00:00","article_modified_time":"2020-04-16T19:58:17+00:00","og_image":[{"width":640,"height":427,"url":"https:\/\/leckerekekse.de\/wordpress\/wp-content\/uploads\/2020\/04\/CLaudia-Endrich.jpg","type":"image\/jpeg"}],"author":"Buchlieberin","twitter_misc":{"Verfasst von":"Buchlieberin","Gesch\u00e4tzte Lesezeit":"7\u00a0Minuten"},"schema":{"@context":"https:\/\/schema.org","@graph":[{"@type":"Article","@id":"https:\/\/leckerekekse.de\/wordpress\/interview-claudia-endrich\/#article","isPartOf":{"@id":"https:\/\/leckerekekse.de\/wordpress\/interview-claudia-endrich\/"},"author":{"name":"Buchlieberin","@id":"https:\/\/leckerekekse.de\/wordpress\/#\/schema\/person\/161a8971fdc6b42b40eb2cf476f78939"},"headline":"Interview: Claudia Endrich","datePublished":"2020-04-13T06:01:00+00:00","dateModified":"2020-04-16T19:58:17+00:00","mainEntityOfPage":{"@id":"https:\/\/leckerekekse.de\/wordpress\/interview-claudia-endrich\/"},"wordCount":1411,"commentCount":0,"publisher":{"@id":"https:\/\/leckerekekse.de\/wordpress\/#\/schema\/person\/8f45748de22f11ca6e316da813f59b85"},"image":{"@id":"https:\/\/leckerekekse.de\/wordpress\/interview-claudia-endrich\/#primaryimage"},"thumbnailUrl":"https:\/\/leckerekekse.de\/wordpress\/wp-content\/uploads\/2020\/04\/CLaudia-Endrich.jpg","keywords":["Flugverzicht","Interview","\u00d6kologie","Reisen"],"articleSection":{"1":"B\u00fccher","2":"Interview"},"inLanguage":"de","potentialAction":[{"@type":"CommentAction","name":"Comment","target":["https:\/\/leckerekekse.de\/wordpress\/interview-claudia-endrich\/#respond"]}]},{"@type":"WebPage","@id":"https:\/\/leckerekekse.de\/wordpress\/interview-claudia-endrich\/","url":"https:\/\/leckerekekse.de\/wordpress\/interview-claudia-endrich\/","name":"Interview: Claudia Endrich | Leckere Kekse &amp; mehr","isPartOf":{"@id":"https:\/\/leckerekekse.de\/wordpress\/#website"},"primaryImageOfPage":{"@id":"https:\/\/leckerekekse.de\/wordpress\/interview-claudia-endrich\/#primaryimage"},"image":{"@id":"https:\/\/leckerekekse.de\/wordpress\/interview-claudia-endrich\/#primaryimage"},"thumbnailUrl":"https:\/\/leckerekekse.de\/wordpress\/wp-content\/uploads\/2020\/04\/CLaudia-Endrich.jpg","datePublished":"2020-04-13T06:01:00+00:00","dateModified":"2020-04-16T19:58:17+00:00","description":"Claudia Endrich spricht im Interview \u00fcber ihr Buch \"Das n\u00e4chste Mal bleib ich daheim\" ihr Leben in der Corona-Krise und ihr Urlaubsverhalten.","breadcrumb":{"@id":"https:\/\/leckerekekse.de\/wordpress\/interview-claudia-endrich\/#breadcrumb"},"inLanguage":"de","potentialAction":[{"@type":"ReadAction","target":["https:\/\/leckerekekse.de\/wordpress\/interview-claudia-endrich\/"]}]},{"@type":"ImageObject","inLanguage":"de","@id":"https:\/\/leckerekekse.de\/wordpress\/interview-claudia-endrich\/#primaryimage","url":"https:\/\/leckerekekse.de\/wordpress\/wp-content\/uploads\/2020\/04\/CLaudia-Endrich.jpg","contentUrl":"https:\/\/leckerekekse.de\/wordpress\/wp-content\/uploads\/2020\/04\/CLaudia-Endrich.jpg","width":640,"height":427},{"@type":"BreadcrumbList","@id":"https:\/\/leckerekekse.de\/wordpress\/interview-claudia-endrich\/#breadcrumb","itemListElement":[{"@type":"ListItem","position":1,"name":"Home","item":"https:\/\/leckerekekse.de\/wordpress\/"},{"@type":"ListItem","position":2,"name":"Interview: Claudia Endrich"}]},{"@type":"WebSite","@id":"https:\/\/leckerekekse.de\/wordpress\/#website","url":"https:\/\/leckerekekse.de\/wordpress\/","name":"Leckere Kekse &amp; mehr","description":"Kekse backen, B\u00fccher lesen und mehr","publisher":{"@id":"https:\/\/leckerekekse.de\/wordpress\/#\/schema\/person\/8f45748de22f11ca6e316da813f59b85"},"potentialAction":[{"@type":"SearchAction","target":{"@type":"EntryPoint","urlTemplate":"https:\/\/leckerekekse.de\/wordpress\/?s={search_term_string}"},"query-input":{"@type":"PropertyValueSpecification","valueRequired":true,"valueName":"search_term_string"}}],"inLanguage":"de"},{"@type":["Person","Organization"],"@id":"https:\/\/leckerekekse.de\/wordpress\/#\/schema\/person\/8f45748de22f11ca6e316da813f59b85","name":"Astrid","logo":{"@id":"https:\/\/leckerekekse.de\/wordpress\/#\/schema\/person\/image\/"},"sameAs":["https:\/\/leckerekekse.de\/wordpress"]},{"@type":"Person","@id":"https:\/\/leckerekekse.de\/wordpress\/#\/schema\/person\/161a8971fdc6b42b40eb2cf476f78939","name":"Buchlieberin","sameAs":["https:\/\/leckerekekse.de\/wordpress"]}]}},"_links":{"self":[{"href":"https:\/\/leckerekekse.de\/wordpress\/wp-json\/wp\/v2\/posts\/15273","targetHints":{"allow":["GET"]}}],"collection":[{"href":"https:\/\/leckerekekse.de\/wordpress\/wp-json\/wp\/v2\/posts"}],"about":[{"href":"https:\/\/leckerekekse.de\/wordpress\/wp-json\/wp\/v2\/types\/post"}],"author":[{"embeddable":true,"href":"https:\/\/leckerekekse.de\/wordpress\/wp-json\/wp\/v2\/users\/2"}],"replies":[{"embeddable":true,"href":"https:\/\/leckerekekse.de\/wordpress\/wp-json\/wp\/v2\/comments?post=15273"}],"version-history":[{"count":3,"href":"https:\/\/leckerekekse.de\/wordpress\/wp-json\/wp\/v2\/posts\/15273\/revisions"}],"predecessor-version":[{"id":15286,"href":"https:\/\/leckerekekse.de\/wordpress\/wp-json\/wp\/v2\/posts\/15273\/revisions\/15286"}],"wp:featuredmedia":[{"embeddable":true,"href":"https:\/\/leckerekekse.de\/wordpress\/wp-json\/wp\/v2\/media\/15275"}],"wp:attachment":[{"href":"https:\/\/leckerekekse.de\/wordpress\/wp-json\/wp\/v2\/media?parent=15273"}],"wp:term":[{"taxonomy":"category","embeddable":true,"href":"https:\/\/leckerekekse.de\/wordpress\/wp-json\/wp\/v2\/categories?post=15273"},{"taxonomy":"post_tag","embeddable":true,"href":"https:\/\/leckerekekse.de\/wordpress\/wp-json\/wp\/v2\/tags?post=15273"}],"curies":[{"name":"wp","href":"https:\/\/api.w.org\/{rel}","templated":true}]}}