{"id":15801,"date":"2020-11-28T16:11:41","date_gmt":"2020-11-28T15:11:41","guid":{"rendered":"https:\/\/leckerekekse.de\/wordpress\/?p=15801"},"modified":"2020-11-28T16:11:46","modified_gmt":"2020-11-28T15:11:46","slug":"backwochenende","status":"publish","type":"post","link":"https:\/\/leckerekekse.de\/wordpress\/backwochenende\/","title":{"rendered":"Digitales Backwochenende"},"content":{"rendered":"\n<figure class=\"wp-block-image size-full\"><img loading=\"lazy\" decoding=\"async\" width=\"636\" height=\"740\" src=\"https:\/\/leckerekekse.de\/wordpress\/wp-content\/uploads\/2020\/11\/backwochenende-Koeln-hamburg-1.png\" alt=\"\" class=\"wp-image-15879\" srcset=\"https:\/\/leckerekekse.de\/wordpress\/wp-content\/uploads\/2020\/11\/backwochenende-Koeln-hamburg-1.png 636w, https:\/\/leckerekekse.de\/wordpress\/wp-content\/uploads\/2020\/11\/backwochenende-Koeln-hamburg-1-258x300.png 258w, https:\/\/leckerekekse.de\/wordpress\/wp-content\/uploads\/2020\/11\/backwochenende-Koeln-hamburg-1-550x640.png 550w\" sizes=\"auto, (max-width: 636px) 100vw, 636px\" \/><\/figure>\n\n\n\n<p>Am Wochenende vor dem ersten Advent findet seit Jahrzehnten unser Backwochenende statt. Zu viert treffen wir uns bei Hamburg oder bei K\u00f6ln und backen zusammen unsere Weihnachtspl\u00e4tzchen. So sind vier ehemalige Kolleginnen \u00fcber viele Jahre in Kontakt geblieben. Dar\u00fcber haben wir hier auf dem Blog auch schon mehrmals berichtet. Doch dieses Jahr konnte auch diese Tradition nicht wie gewohnt stattfinden.<\/p>\n\n\n\n<!--more-->\n\n\n\n<p>Was tun? Schnell entschieden wir uns zumindest zu zweit zu backen. Eine Woche vorher trafen wir uns schon in einem digitalen Raum, um uns \u00fcber die Auswahl zu einigen. Das war schon mal nett, aber wegen der schlechten \u00dcbertragungsrate nicht so sch\u00f6n. Aber am Backtag wollten wir uns erneut digital treffen. <br>Unsere L\u00f6sung bestand in Tablets, die mit der gleichen Software ausgestattet sind und uns ein gutes Bild mit gutem Ton auch in der K\u00fcche und am Arbeitstisch erlaubten. Dadurch war es manchmal so, also ob wir gemeinsam in einem Haushalt zusammen sitzen w\u00fcrden. <br>Mittags gab es wie gewohnt belegte Br\u00f6tchen und ein Glas Sekt. So konnten wir sogar gemeinsam anstossen!<\/p>\n\n\n\n<figure class=\"wp-block-image size-large\"><img loading=\"lazy\" decoding=\"async\" width=\"640\" height=\"404\" src=\"https:\/\/leckerekekse.de\/wordpress\/wp-content\/uploads\/2020\/11\/Keksebacken-3.jpg\" alt=\"\" class=\"wp-image-15863\" srcset=\"https:\/\/leckerekekse.de\/wordpress\/wp-content\/uploads\/2020\/11\/Keksebacken-3.jpg 640w, https:\/\/leckerekekse.de\/wordpress\/wp-content\/uploads\/2020\/11\/Keksebacken-3-300x189.jpg 300w\" sizes=\"auto, (max-width: 640px) 100vw, 640px\" \/><\/figure>\n\n\n\n<figure class=\"wp-block-image size-large\"><img loading=\"lazy\" decoding=\"async\" width=\"640\" height=\"495\" src=\"https:\/\/leckerekekse.de\/wordpress\/wp-content\/uploads\/2020\/11\/Keksebacken-640x495.jpg\" alt=\"\" class=\"wp-image-15861\" srcset=\"https:\/\/leckerekekse.de\/wordpress\/wp-content\/uploads\/2020\/11\/Keksebacken-640x495.jpg 640w, https:\/\/leckerekekse.de\/wordpress\/wp-content\/uploads\/2020\/11\/Keksebacken-300x232.jpg 300w, https:\/\/leckerekekse.de\/wordpress\/wp-content\/uploads\/2020\/11\/Keksebacken-768x594.jpg 768w, https:\/\/leckerekekse.de\/wordpress\/wp-content\/uploads\/2020\/11\/Keksebacken-1536x1187.jpg 1536w, https:\/\/leckerekekse.de\/wordpress\/wp-content\/uploads\/2020\/11\/Keksebacken-scaled.jpg 2048w, https:\/\/leckerekekse.de\/wordpress\/wp-content\/uploads\/2020\/11\/Keksebacken-1200x928.jpg 1200w\" sizes=\"auto, (max-width: 640px) 100vw, 640px\" \/><\/figure>\n\n\n\n<p>Im folgenden beschreiben wir ein paar Situationen am Backwochenende aus K\u00f6ln und Hamburg.<\/p>\n\n\n\n<h2 class=\"wp-block-heading\">K\u00f6ln: Schwarz-Wei\u00df-Plage<\/h2>\n\n\n\n<p>Schwarz-Wei\u00df-Geb\u00e4ck geh\u00f6rt auf den Pl\u00e4tzchenteller. Sehe ich (Silvia) auch so. Aber ehrlich gesagt esse ich dieses Geb\u00e4ck gar nicht so gern. Ich bin mehr der Fan von N\u00fcssen und Marzipan. Beides fehlt bei diesen dekorativen Keksen. Ausserdem braucht man einiges an Geduld. Ich puzzle zwar gerne, aber nicht so gerne mit Teig. Normalerweise ist das die Aufgabe von Claudia und Christiane. Aber irgendwie hatten sich alle gegen mich verschworen. Ich sollte das auch mal machen. Nun m\u00fcsst ihr wissen, dass ich immer diejenige bin, die beim Backen andauernd schimpft. Nach den ersten beiden Sorten habe ich schon keine Lust mehr. Und dann auch noch das! Ich denke, die anderen drei lachten sich halb schlapp \u00fcber mich. Ich knetete und rollte und schnitt und puzzelte. Immer fluchend, zunehmend frustriert. Erst war der Teig zu hart, dann zu weich. Dann habe ich vergessen alles (zum kleben) mit Eigelb zu bestreichen. Doch irgendwann war es so weit und ich habe zwei Rollen mit Schachbrettmuster und zwei Rollen mit Schneckenmuster fabriziert. Das Ergebnis sah fast so gut aus wie sonst das von den beiden geduldigen Spezialistinnen. <br>Ihre Rechnung ist aufgegangen. Ich war stolz auf mich!<\/p>\n\n\n\n<figure class=\"wp-block-image size-large\"><img loading=\"lazy\" decoding=\"async\" width=\"640\" height=\"427\" src=\"https:\/\/leckerekekse.de\/wordpress\/wp-content\/uploads\/2020\/11\/Kekse-2015-2306.jpg\" alt=\"Schwarz-Weiss-Geb\u00e4ck\" class=\"wp-image-15888\" srcset=\"https:\/\/leckerekekse.de\/wordpress\/wp-content\/uploads\/2020\/11\/Kekse-2015-2306.jpg 640w, https:\/\/leckerekekse.de\/wordpress\/wp-content\/uploads\/2020\/11\/Kekse-2015-2306-300x200.jpg 300w\" sizes=\"auto, (max-width: 640px) 100vw, 640px\" \/><\/figure>\n\n\n\n<h2 class=\"wp-block-heading\">Hamburg: Karamellspezialisten<\/h2>\n\n\n\n<p>Wir Hamburger haben ein gutes Rezept gegen Stress. Die Teige unserer zugeteilten Kekse konnten sich gut vorbereiten lassen. Daher habe ich die meisten bereits am Freitag vorbereitet und so k\u00f6nnen wir entspannt in den Backtag starten. <br><br>So der Plan! Und dann kommen die Karamellkekse. Davon haben wir gleich zwei auf der Liste. Claudia hatte eine Sorte schon letztes Jahr gemacht und kann sich noch an das Drama erinnern. &#8222;Das Karamell wird so schnell hart!&#8220; Kein Problem, dann machen wir es zusammen, das schaffen wir. Die Kekstaler liegen bereit, eine Macadamianuss liegt auch drauf, fehlt also nur noch der Karamell. Topf zwischen uns und los geht es. Mit einem L\u00f6ffel sollen wir den Karamell dar\u00fcbertr\u00e4ufeln. Und dann geht auch hier das Fluchen los. L\u00f6ffel geht nicht! Gabel vielleicht? Nee, auch nicht besser!! Vielleicht Schaschlickspie\u00dfe? Keine gute Idee! Aua, ist das hei\u00df! Schnell den Finger in den Mund und schon klebt das Karamell an den Z\u00e4hnen fest. Ich liebe Karamell, aber nicht in der Plombenziehervariante! Mist, das Zeug muss wieder auf den Herd. Nochmal richtig hei\u00df machen, lange r\u00fchren und pl\u00f6tzlich geht es viel besser. Zum Schlu\u00df dann doch noch mit dem L\u00f6ffel.<\/p>\n\n\n\n<p>Puh! Und das gleiche nachher noch einmal&#8230;.<\/p>\n\n\n\n<figure class=\"wp-block-image size-full\"><img loading=\"lazy\" decoding=\"async\" width=\"640\" height=\"960\" src=\"https:\/\/leckerekekse.de\/wordpress\/wp-content\/uploads\/2020\/11\/Kekss-backen-63-2.jpg\" alt=\"\" class=\"wp-image-15890\" srcset=\"https:\/\/leckerekekse.de\/wordpress\/wp-content\/uploads\/2020\/11\/Kekss-backen-63-2.jpg 640w, https:\/\/leckerekekse.de\/wordpress\/wp-content\/uploads\/2020\/11\/Kekss-backen-63-2-200x300.jpg 200w, https:\/\/leckerekekse.de\/wordpress\/wp-content\/uploads\/2020\/11\/Kekss-backen-63-2-427x640.jpg 427w\" sizes=\"auto, (max-width: 640px) 100vw, 640px\" \/><\/figure>\n\n\n\n<h2 class=\"wp-block-heading\">K\u00f6ln: Fehler<\/h2>\n\n\n\n<p>Manchmal klappt es mit dem Backen einfach nicht. Wie jedes Jahr probierten wir uns auch an neuen Rezepten. Auf dem K\u00f6lner Plan standen Kokos-Orangen-Taler. Da klappte gar nichts. Christiane m\u00fchte sich mit dem Teig ab, er hatte eine sehr matschige Konsistenz. Allerdings lie\u00df sich das Originalrezept da auch nur relativ diffus dar\u00fcber aus wie das aussehen sollte. Wir formten m\u00fchsam kleine H\u00e4ufchen aus der Pampe und schoben Sie in den Backofen. &nbsp;Sie verdreifachten dort sehr schnell ihre Grundfl\u00e4che, so dass auch die gro\u00dfz\u00fcgigen Abst\u00e4nde schnell bedeckt waren. Wir gaben mehrmals mehr Zeit dazu, weil das Ergebnis immer noch halb fl\u00fcssig war. M\u00fchsam zogen wir die unappetitlich aussehenden Fladen vom Backpapier. Das Ergebnis war unansehnlich, aber lecker. Da alles noch mit Schokolade verziert werden sollte war also alles im gr\u00fcnen Bereich.<br>Doch leider hatte die gekaufte wei\u00dfe Schokolade einen weichen Kern. Das hei\u00dft, sie wurde nicht mehr richtig fest, nachdem wir sie im Wasserbad erhitzten. Doch davon lassen wir uns nicht aufhalten. Wir nahmen einfach dunkle Schokolade. Etwas goldener Glitzer dar\u00fcber: fertig. Jetzt sahen die Kekse gut aus und lecker waren sie auch noch. Der Orangengeschmack kam sehr gut durch, die dunkle Schokolade passte sehr gut dazu.<br>Voller stolz pr\u00e4sentierte Christiane sie \u00fcber das Tablett den Hamburgerinnen und fragte mich, wie sie denn hei\u00dfen w\u00fcrden. Ich: Kokos-Orangen-Taler. Christiane wurde blass, das L\u00e4cheln erstarb: &#8222;Ich habe die Kokosraspeln vergessen\u201c. Ich musste herzlich lachen: deshalb war der Teig so seltsam! Aber was soll&#8217;s: wir hatten Orangen-Ohne-Kokos-Taler kreiert. Hauptsache lecker.<\/p>\n\n\n\n<figure class=\"wp-block-image size-full\"><img loading=\"lazy\" decoding=\"async\" width=\"640\" height=\"960\" src=\"https:\/\/leckerekekse.de\/wordpress\/wp-content\/uploads\/2020\/11\/Keksebacken-2020-23.jpg\" alt=\"\" class=\"wp-image-15886\" srcset=\"https:\/\/leckerekekse.de\/wordpress\/wp-content\/uploads\/2020\/11\/Keksebacken-2020-23.jpg 640w, https:\/\/leckerekekse.de\/wordpress\/wp-content\/uploads\/2020\/11\/Keksebacken-2020-23-200x300.jpg 200w, https:\/\/leckerekekse.de\/wordpress\/wp-content\/uploads\/2020\/11\/Keksebacken-2020-23-427x640.jpg 427w\" sizes=\"auto, (max-width: 640px) 100vw, 640px\" \/><\/figure>\n\n\n\n<h2 class=\"wp-block-heading\">Hamburg: Ausstechpl\u00e4tzchen<\/h2>\n\n\n\n<p>In Hamburg laufen die restlichen Pl\u00e4tzchen reibungslos. Allerdings haben wir uns auch nicht so viel vorgenommen wie die K\u00f6lner. Die sind einfach immer flei\u00dfiger. Ich bin immer die Faule. Au\u00dferdem sehe ich als Fotografin in jedem Keks eher das Modell und nicht den Geschmack! Daher bin ich auch dieses Mal etwas unzufrieden. Keine Ausstechkekse und auch wenige dekorative Pl\u00e4tzchen. Das m\u00fcssen wir \u00e4ndern! Rasch einen schnellen Ausstechteig anger\u00fchrt, kaltgestellt, ausgestochen und gebacken. In Claudias Wundert\u00fcte gew\u00fchlt und Farben und Augen hervorgezaubert. Das Icing ist schnell gemacht. Es werden wundersch\u00f6ne Exemplare. Wir sind sehr zufrieden. Nur &#8211; wieso sieht das eigentlich so aus, als w\u00fcrden die aus der K\u00f6lner Fraktion kommen? Der K\u00f6lner Dom! Und unsere Schiffchen sehen eher nach Karnevelskappen aus. Hier fehlen uns eindeutig die Hamburger F\u00f6rmchen. Wir \u00fcberlegen, welche es \u00fcberhaupt gibt. Uns f\u00e4llt nur die Elbphilharmonie ein. Da m\u00fcssen wir noch recherchieren. Mal sehen, ob wir n\u00e4chstes Jahr auch ein paar Hamburger Kekse kreieren k\u00f6nnen.<\/p>\n\n\n\n<figure class=\"wp-block-image size-full\"><img loading=\"lazy\" decoding=\"async\" width=\"640\" height=\"853\" src=\"https:\/\/leckerekekse.de\/wordpress\/wp-content\/uploads\/2020\/11\/Keksebacken-4.jpg\" alt=\"\" class=\"wp-image-15868\" srcset=\"https:\/\/leckerekekse.de\/wordpress\/wp-content\/uploads\/2020\/11\/Keksebacken-4.jpg 640w, https:\/\/leckerekekse.de\/wordpress\/wp-content\/uploads\/2020\/11\/Keksebacken-4-225x300.jpg 225w, https:\/\/leckerekekse.de\/wordpress\/wp-content\/uploads\/2020\/11\/Keksebacken-4-480x640.jpg 480w\" sizes=\"auto, (max-width: 640px) 100vw, 640px\" \/><\/figure>\n\n\n\n<h3 class=\"wp-block-heading\">Backlist<\/h3>\n\n\n\n<p>Diese Sorten standen dieses Jahr auf unserem Plan. Ein paar weniger als sonst, aber doch schon beachtlich.<\/p>\n\n\n\n<p>In K\u00f6ln wurde folgendes gebacken<br><a href=\"https:\/\/leckerekekse.de\/wordpress\/nougatkipferl\/\">Nougatkipferl<\/a><br><a href=\"https:\/\/leckerekekse.de\/wordpress\/spritzgebaeck\/\">Spritzgeb\u00e4ck<\/a><br><a href=\"https:\/\/leckerekekse.de\/wordpress\/rezept-schwarz-weiss-gebaeck\/\">Schwarz-Wei\u00df-Geb\u00e4ck<\/a><br><a href=\"https:\/\/leckerekekse.de\/wordpress\/rezept-spicy-pfefferkekse\/\">Spicy Pfefferkekse<\/a><br><a href=\"https:\/\/leckerekekse.de\/wordpress\/rezept-spaghettikekse\/\">Spaghettikekse<\/a><br><a href=\"https:\/\/leckerekekse.de\/wordpress\/rezept-zimtsterne\/\">Zimtsterne<\/a><br>In Hamburg wurde auch gezaubert:<br><a href=\"https:\/\/leckerekekse.de\/wordpress\/vanillekipferl\/\">Vanillekipferl<\/a><br><a href=\"https:\/\/leckerekekse.de\/wordpress\/husarenkrapferl-rezept\/\">Husarenkrapferl<\/a><br><a href=\"https:\/\/leckerekekse.de\/wordpress\/pfaffenhuetchen\/\">Pfaffenh\u00fctchen<\/a><br><a href=\"https:\/\/leckerekekse.de\/wordpress\/rezept-walnuss-karamell-taler\/\">Walnuss-Karamell-Taler<\/a><br><a href=\"https:\/\/leckerekekse.de\/wordpress\/marzipan-nougat-kekse\/\">Marzipan-Nougat-Kekse<\/a><br><br>Dann gab es insgesamt noch sieben neue Sorten. Diese m\u00fcssen wir erst ausgiebig probieren und dann entscheiden, ob sie auch den Weg auf den Blog finden werden. <\/p>\n\n\n\n<p>Insgesamt war das ein toller Tag, ganz anders als sonst. Uns fehlten nat\u00fcrlich die vielen kleinen Gespr\u00e4che am Rande. Sonst sind wir ein ganzes Wochenende zusammen, diskutieren gro\u00dfe und kleine Probleme. Diese N\u00e4he fehlte dann eben doch. Eine Sache fiel \u00fcbrigens ziemlich aus dem Rahmen. So gesund wie dieses Mal waren wir wohl noch nie! Sonst war h\u00e4ufig eine von uns krank, hatte Husten oder Schnupfen. Die Maskenkultur hilft eindeutig auch gegen normale Erk\u00e4ltungen.<\/p>\n\n\n\n<p>Wir dr\u00fccken dann jetzt alle ganz fest die Daumen, dass wir diese Form des Backens im n\u00e4chsten Jahr nicht wiederholen m\u00fcssen.<\/p>\n\n\n\n<h3 class=\"wp-block-heading\">Samstagsplausch<\/h3>\n\n\n\n<p>Diesen Beitrag ver\u00f6ffentlichen wir im Zusammenhang mit dem <a href=\"https:\/\/karminrot-blog.de\/category\/samstagsplausch\/\">Samstagsplausch vom Blog Andrea Karminrot<\/a>. Schaut dort gerne mal rein, jeden Samstag kommen dort sehr vielf\u00e4ltige Beitr\u00e4ge zusammen.<br><\/p>\n\n\n\n<figure class=\"wp-block-image size-large is-resized\"><img loading=\"lazy\" decoding=\"async\" src=\"https:\/\/leckerekekse.de\/wordpress\/wp-content\/uploads\/2016\/09\/Signatur-Astrid-Silvia.png\" alt=\"\" class=\"wp-image-6979\" width=\"566\" height=\"283\" srcset=\"https:\/\/leckerekekse.de\/wordpress\/wp-content\/uploads\/2016\/09\/Signatur-Astrid-Silvia.png 566w, https:\/\/leckerekekse.de\/wordpress\/wp-content\/uploads\/2016\/09\/Signatur-Astrid-Silvia-300x150.png 300w\" sizes=\"auto, (max-width: 566px) 100vw, 566px\" \/><\/figure>\n\n\n\n<p><\/p>\n\n\n","protected":false},"excerpt":{"rendered":"<p>Am Wochenende vor dem ersten Advent findet seit Jahrzehnten unser Backwochenende statt. Zu viert treffen wir uns bei Hamburg oder bei K\u00f6ln und backen zusammen unsere Weihnachtspl\u00e4tzchen. So sind vier ehemalige Kolleginnen \u00fcber viele Jahre in Kontakt geblieben. Dar\u00fcber haben wir hier auf dem Blog auch schon mehrmals berichtet. Doch dieses Jahr konnte auch diese [&hellip;]<\/p>\n","protected":false},"author":2,"featured_media":15868,"comment_status":"open","ping_status":"open","sticky":false,"template":"","format":"standard","meta":{"footnotes":""},"categories":[1],"tags":[],"class_list":["post-15801","post","type-post","status-publish","format-standard","has-post-thumbnail","hentry","category-allgemein"],"yoast_head":"<!-- This site is optimized with the Yoast SEO plugin v27.4 - https:\/\/yoast.com\/product\/yoast-seo-wordpress\/ -->\n<title>Digitales Backwochenende | Leckere Kekse &amp; mehr<\/title>\n<meta name=\"description\" content=\"Es gibt dieses Jahr viele virtuelle Treffen. Weinproben, Lesungen, Bloggertreffen. Und nat\u00fcrlich auch unser Backwochenende.\" \/>\n<meta name=\"robots\" content=\"index, follow, max-snippet:-1, max-image-preview:large, max-video-preview:-1\" \/>\n<link rel=\"canonical\" href=\"https:\/\/leckerekekse.de\/wordpress\/backwochenende\/\" \/>\n<meta property=\"og:locale\" content=\"de_DE\" \/>\n<meta property=\"og:type\" content=\"article\" \/>\n<meta property=\"og:title\" content=\"Digitales Backwochenende | Leckere Kekse &amp; mehr\" \/>\n<meta property=\"og:description\" content=\"Es gibt dieses Jahr viele virtuelle Treffen. Weinproben, Lesungen, Bloggertreffen. Und nat\u00fcrlich auch unser Backwochenende.\" \/>\n<meta property=\"og:url\" content=\"https:\/\/leckerekekse.de\/wordpress\/backwochenende\/\" \/>\n<meta property=\"og:site_name\" content=\"Leckere Kekse &amp; mehr\" \/>\n<meta property=\"article:published_time\" content=\"2020-11-28T15:11:41+00:00\" \/>\n<meta property=\"article:modified_time\" content=\"2020-11-28T15:11:46+00:00\" \/>\n<meta property=\"og:image\" content=\"https:\/\/leckerekekse.de\/wordpress\/wp-content\/uploads\/2020\/11\/Keksebacken-4.jpg\" \/>\n\t<meta property=\"og:image:width\" content=\"640\" \/>\n\t<meta property=\"og:image:height\" content=\"853\" \/>\n\t<meta property=\"og:image:type\" content=\"image\/jpeg\" \/>\n<meta name=\"author\" content=\"Buchlieberin\" \/>\n<meta name=\"twitter:label1\" content=\"Verfasst von\" \/>\n\t<meta name=\"twitter:data1\" content=\"Buchlieberin\" \/>\n\t<meta name=\"twitter:label2\" content=\"Gesch\u00e4tzte Lesezeit\" \/>\n\t<meta name=\"twitter:data2\" content=\"6\u00a0Minuten\" \/>\n<script type=\"application\/ld+json\" class=\"yoast-schema-graph\">{\"@context\":\"https:\\\/\\\/schema.org\",\"@graph\":[{\"@type\":\"Article\",\"@id\":\"https:\\\/\\\/leckerekekse.de\\\/wordpress\\\/backwochenende\\\/#article\",\"isPartOf\":{\"@id\":\"https:\\\/\\\/leckerekekse.de\\\/wordpress\\\/backwochenende\\\/\"},\"author\":{\"name\":\"Buchlieberin\",\"@id\":\"https:\\\/\\\/leckerekekse.de\\\/wordpress\\\/#\\\/schema\\\/person\\\/aeca9a159c2be36b9bce9092b38c13c8\"},\"headline\":\"Digitales Backwochenende\",\"datePublished\":\"2020-11-28T15:11:41+00:00\",\"dateModified\":\"2020-11-28T15:11:46+00:00\",\"mainEntityOfPage\":{\"@id\":\"https:\\\/\\\/leckerekekse.de\\\/wordpress\\\/backwochenende\\\/\"},\"wordCount\":1263,\"commentCount\":8,\"publisher\":{\"@id\":\"https:\\\/\\\/leckerekekse.de\\\/wordpress\\\/#\\\/schema\\\/person\\\/6e4b2658514a3b7423a1f323400bdc1b\"},\"image\":{\"@id\":\"https:\\\/\\\/leckerekekse.de\\\/wordpress\\\/backwochenende\\\/#primaryimage\"},\"thumbnailUrl\":\"https:\\\/\\\/leckerekekse.de\\\/wordpress\\\/wp-content\\\/uploads\\\/2020\\\/11\\\/Keksebacken-4.jpg\",\"inLanguage\":\"de\",\"potentialAction\":[{\"@type\":\"CommentAction\",\"name\":\"Comment\",\"target\":[\"https:\\\/\\\/leckerekekse.de\\\/wordpress\\\/backwochenende\\\/#respond\"]}]},{\"@type\":\"WebPage\",\"@id\":\"https:\\\/\\\/leckerekekse.de\\\/wordpress\\\/backwochenende\\\/\",\"url\":\"https:\\\/\\\/leckerekekse.de\\\/wordpress\\\/backwochenende\\\/\",\"name\":\"Digitales Backwochenende | Leckere Kekse &amp; mehr\",\"isPartOf\":{\"@id\":\"https:\\\/\\\/leckerekekse.de\\\/wordpress\\\/#website\"},\"primaryImageOfPage\":{\"@id\":\"https:\\\/\\\/leckerekekse.de\\\/wordpress\\\/backwochenende\\\/#primaryimage\"},\"image\":{\"@id\":\"https:\\\/\\\/leckerekekse.de\\\/wordpress\\\/backwochenende\\\/#primaryimage\"},\"thumbnailUrl\":\"https:\\\/\\\/leckerekekse.de\\\/wordpress\\\/wp-content\\\/uploads\\\/2020\\\/11\\\/Keksebacken-4.jpg\",\"datePublished\":\"2020-11-28T15:11:41+00:00\",\"dateModified\":\"2020-11-28T15:11:46+00:00\",\"description\":\"Es gibt dieses Jahr viele virtuelle Treffen. Weinproben, Lesungen, Bloggertreffen. Und nat\u00fcrlich auch unser Backwochenende.\",\"breadcrumb\":{\"@id\":\"https:\\\/\\\/leckerekekse.de\\\/wordpress\\\/backwochenende\\\/#breadcrumb\"},\"inLanguage\":\"de\",\"potentialAction\":[{\"@type\":\"ReadAction\",\"target\":[\"https:\\\/\\\/leckerekekse.de\\\/wordpress\\\/backwochenende\\\/\"]}]},{\"@type\":\"ImageObject\",\"inLanguage\":\"de\",\"@id\":\"https:\\\/\\\/leckerekekse.de\\\/wordpress\\\/backwochenende\\\/#primaryimage\",\"url\":\"https:\\\/\\\/leckerekekse.de\\\/wordpress\\\/wp-content\\\/uploads\\\/2020\\\/11\\\/Keksebacken-4.jpg\",\"contentUrl\":\"https:\\\/\\\/leckerekekse.de\\\/wordpress\\\/wp-content\\\/uploads\\\/2020\\\/11\\\/Keksebacken-4.jpg\",\"width\":640,\"height\":853,\"caption\":\"Keksbacken\"},{\"@type\":\"BreadcrumbList\",\"@id\":\"https:\\\/\\\/leckerekekse.de\\\/wordpress\\\/backwochenende\\\/#breadcrumb\",\"itemListElement\":[{\"@type\":\"ListItem\",\"position\":1,\"name\":\"Home\",\"item\":\"https:\\\/\\\/leckerekekse.de\\\/wordpress\\\/\"},{\"@type\":\"ListItem\",\"position\":2,\"name\":\"Digitales Backwochenende\"}]},{\"@type\":\"WebSite\",\"@id\":\"https:\\\/\\\/leckerekekse.de\\\/wordpress\\\/#website\",\"url\":\"https:\\\/\\\/leckerekekse.de\\\/wordpress\\\/\",\"name\":\"Leckere Kekse &amp; mehr\",\"description\":\"Kekse backen, B\u00fccher lesen und mehr\",\"publisher\":{\"@id\":\"https:\\\/\\\/leckerekekse.de\\\/wordpress\\\/#\\\/schema\\\/person\\\/6e4b2658514a3b7423a1f323400bdc1b\"},\"potentialAction\":[{\"@type\":\"SearchAction\",\"target\":{\"@type\":\"EntryPoint\",\"urlTemplate\":\"https:\\\/\\\/leckerekekse.de\\\/wordpress\\\/?s={search_term_string}\"},\"query-input\":{\"@type\":\"PropertyValueSpecification\",\"valueRequired\":true,\"valueName\":\"search_term_string\"}}],\"inLanguage\":\"de\"},{\"@type\":[\"Person\",\"Organization\"],\"@id\":\"https:\\\/\\\/leckerekekse.de\\\/wordpress\\\/#\\\/schema\\\/person\\\/6e4b2658514a3b7423a1f323400bdc1b\",\"name\":\"Astrid\",\"logo\":{\"@id\":\"https:\\\/\\\/leckerekekse.de\\\/wordpress\\\/#\\\/schema\\\/person\\\/image\\\/\"},\"sameAs\":[\"https:\\\/\\\/leckerekekse.de\\\/wordpress\"]},{\"@type\":\"Person\",\"@id\":\"https:\\\/\\\/leckerekekse.de\\\/wordpress\\\/#\\\/schema\\\/person\\\/aeca9a159c2be36b9bce9092b38c13c8\",\"name\":\"Buchlieberin\",\"sameAs\":[\"https:\\\/\\\/leckerekekse.de\\\/wordpress\"]}]}<\/script>\n<!-- \/ Yoast SEO plugin. -->","yoast_head_json":{"title":"Digitales Backwochenende | Leckere Kekse &amp; mehr","description":"Es gibt dieses Jahr viele virtuelle Treffen. Weinproben, Lesungen, Bloggertreffen. Und nat\u00fcrlich auch unser Backwochenende.","robots":{"index":"index","follow":"follow","max-snippet":"max-snippet:-1","max-image-preview":"max-image-preview:large","max-video-preview":"max-video-preview:-1"},"canonical":"https:\/\/leckerekekse.de\/wordpress\/backwochenende\/","og_locale":"de_DE","og_type":"article","og_title":"Digitales Backwochenende | Leckere Kekse &amp; mehr","og_description":"Es gibt dieses Jahr viele virtuelle Treffen. Weinproben, Lesungen, Bloggertreffen. Und nat\u00fcrlich auch unser Backwochenende.","og_url":"https:\/\/leckerekekse.de\/wordpress\/backwochenende\/","og_site_name":"Leckere Kekse &amp; mehr","article_published_time":"2020-11-28T15:11:41+00:00","article_modified_time":"2020-11-28T15:11:46+00:00","og_image":[{"width":640,"height":853,"url":"https:\/\/leckerekekse.de\/wordpress\/wp-content\/uploads\/2020\/11\/Keksebacken-4.jpg","type":"image\/jpeg"}],"author":"Buchlieberin","twitter_misc":{"Verfasst von":"Buchlieberin","Gesch\u00e4tzte Lesezeit":"6\u00a0Minuten"},"schema":{"@context":"https:\/\/schema.org","@graph":[{"@type":"Article","@id":"https:\/\/leckerekekse.de\/wordpress\/backwochenende\/#article","isPartOf":{"@id":"https:\/\/leckerekekse.de\/wordpress\/backwochenende\/"},"author":{"name":"Buchlieberin","@id":"https:\/\/leckerekekse.de\/wordpress\/#\/schema\/person\/aeca9a159c2be36b9bce9092b38c13c8"},"headline":"Digitales Backwochenende","datePublished":"2020-11-28T15:11:41+00:00","dateModified":"2020-11-28T15:11:46+00:00","mainEntityOfPage":{"@id":"https:\/\/leckerekekse.de\/wordpress\/backwochenende\/"},"wordCount":1263,"commentCount":8,"publisher":{"@id":"https:\/\/leckerekekse.de\/wordpress\/#\/schema\/person\/6e4b2658514a3b7423a1f323400bdc1b"},"image":{"@id":"https:\/\/leckerekekse.de\/wordpress\/backwochenende\/#primaryimage"},"thumbnailUrl":"https:\/\/leckerekekse.de\/wordpress\/wp-content\/uploads\/2020\/11\/Keksebacken-4.jpg","inLanguage":"de","potentialAction":[{"@type":"CommentAction","name":"Comment","target":["https:\/\/leckerekekse.de\/wordpress\/backwochenende\/#respond"]}]},{"@type":"WebPage","@id":"https:\/\/leckerekekse.de\/wordpress\/backwochenende\/","url":"https:\/\/leckerekekse.de\/wordpress\/backwochenende\/","name":"Digitales Backwochenende | Leckere Kekse &amp; mehr","isPartOf":{"@id":"https:\/\/leckerekekse.de\/wordpress\/#website"},"primaryImageOfPage":{"@id":"https:\/\/leckerekekse.de\/wordpress\/backwochenende\/#primaryimage"},"image":{"@id":"https:\/\/leckerekekse.de\/wordpress\/backwochenende\/#primaryimage"},"thumbnailUrl":"https:\/\/leckerekekse.de\/wordpress\/wp-content\/uploads\/2020\/11\/Keksebacken-4.jpg","datePublished":"2020-11-28T15:11:41+00:00","dateModified":"2020-11-28T15:11:46+00:00","description":"Es gibt dieses Jahr viele virtuelle Treffen. Weinproben, Lesungen, Bloggertreffen. Und nat\u00fcrlich auch unser Backwochenende.","breadcrumb":{"@id":"https:\/\/leckerekekse.de\/wordpress\/backwochenende\/#breadcrumb"},"inLanguage":"de","potentialAction":[{"@type":"ReadAction","target":["https:\/\/leckerekekse.de\/wordpress\/backwochenende\/"]}]},{"@type":"ImageObject","inLanguage":"de","@id":"https:\/\/leckerekekse.de\/wordpress\/backwochenende\/#primaryimage","url":"https:\/\/leckerekekse.de\/wordpress\/wp-content\/uploads\/2020\/11\/Keksebacken-4.jpg","contentUrl":"https:\/\/leckerekekse.de\/wordpress\/wp-content\/uploads\/2020\/11\/Keksebacken-4.jpg","width":640,"height":853,"caption":"Keksbacken"},{"@type":"BreadcrumbList","@id":"https:\/\/leckerekekse.de\/wordpress\/backwochenende\/#breadcrumb","itemListElement":[{"@type":"ListItem","position":1,"name":"Home","item":"https:\/\/leckerekekse.de\/wordpress\/"},{"@type":"ListItem","position":2,"name":"Digitales Backwochenende"}]},{"@type":"WebSite","@id":"https:\/\/leckerekekse.de\/wordpress\/#website","url":"https:\/\/leckerekekse.de\/wordpress\/","name":"Leckere Kekse &amp; mehr","description":"Kekse backen, B\u00fccher lesen und mehr","publisher":{"@id":"https:\/\/leckerekekse.de\/wordpress\/#\/schema\/person\/6e4b2658514a3b7423a1f323400bdc1b"},"potentialAction":[{"@type":"SearchAction","target":{"@type":"EntryPoint","urlTemplate":"https:\/\/leckerekekse.de\/wordpress\/?s={search_term_string}"},"query-input":{"@type":"PropertyValueSpecification","valueRequired":true,"valueName":"search_term_string"}}],"inLanguage":"de"},{"@type":["Person","Organization"],"@id":"https:\/\/leckerekekse.de\/wordpress\/#\/schema\/person\/6e4b2658514a3b7423a1f323400bdc1b","name":"Astrid","logo":{"@id":"https:\/\/leckerekekse.de\/wordpress\/#\/schema\/person\/image\/"},"sameAs":["https:\/\/leckerekekse.de\/wordpress"]},{"@type":"Person","@id":"https:\/\/leckerekekse.de\/wordpress\/#\/schema\/person\/aeca9a159c2be36b9bce9092b38c13c8","name":"Buchlieberin","sameAs":["https:\/\/leckerekekse.de\/wordpress"]}]}},"_links":{"self":[{"href":"https:\/\/leckerekekse.de\/wordpress\/wp-json\/wp\/v2\/posts\/15801","targetHints":{"allow":["GET"]}}],"collection":[{"href":"https:\/\/leckerekekse.de\/wordpress\/wp-json\/wp\/v2\/posts"}],"about":[{"href":"https:\/\/leckerekekse.de\/wordpress\/wp-json\/wp\/v2\/types\/post"}],"author":[{"embeddable":true,"href":"https:\/\/leckerekekse.de\/wordpress\/wp-json\/wp\/v2\/users\/2"}],"replies":[{"embeddable":true,"href":"https:\/\/leckerekekse.de\/wordpress\/wp-json\/wp\/v2\/comments?post=15801"}],"version-history":[{"count":3,"href":"https:\/\/leckerekekse.de\/wordpress\/wp-json\/wp\/v2\/posts\/15801\/revisions"}],"predecessor-version":[{"id":15923,"href":"https:\/\/leckerekekse.de\/wordpress\/wp-json\/wp\/v2\/posts\/15801\/revisions\/15923"}],"wp:featuredmedia":[{"embeddable":true,"href":"https:\/\/leckerekekse.de\/wordpress\/wp-json\/wp\/v2\/media\/15868"}],"wp:attachment":[{"href":"https:\/\/leckerekekse.de\/wordpress\/wp-json\/wp\/v2\/media?parent=15801"}],"wp:term":[{"taxonomy":"category","embeddable":true,"href":"https:\/\/leckerekekse.de\/wordpress\/wp-json\/wp\/v2\/categories?post=15801"},{"taxonomy":"post_tag","embeddable":true,"href":"https:\/\/leckerekekse.de\/wordpress\/wp-json\/wp\/v2\/tags?post=15801"}],"curies":[{"name":"wp","href":"https:\/\/api.w.org\/{rel}","templated":true}]}}