{"id":16809,"date":"2021-10-17T08:09:00","date_gmt":"2021-10-17T06:09:00","guid":{"rendered":"https:\/\/leckerekekse.de\/wordpress\/?p=16809"},"modified":"2021-10-16T23:10:21","modified_gmt":"2021-10-16T21:10:21","slug":"das-holen-wir-alles-nach","status":"publish","type":"post","link":"https:\/\/leckerekekse.de\/wordpress\/das-holen-wir-alles-nach\/","title":{"rendered":"Das holen wir alles nach!"},"content":{"rendered":"\n\n\n<figure class=\"wp-block-image size-large\"><img loading=\"lazy\" decoding=\"async\" width=\"640\" height=\"427\" src=\"https:\/\/leckerekekse.de\/wordpress\/wp-content\/uploads\/2021\/10\/Mein-September-10.jpg\" alt=\"Strandk\u00f6rbe\" class=\"wp-image-16825\" srcset=\"https:\/\/leckerekekse.de\/wordpress\/wp-content\/uploads\/2021\/10\/Mein-September-10.jpg 640w, https:\/\/leckerekekse.de\/wordpress\/wp-content\/uploads\/2021\/10\/Mein-September-10-300x200.jpg 300w\" sizes=\"auto, (max-width: 640px) 100vw, 640px\" \/><\/figure>\n\n\n\n<h2 class=\"wp-block-heading\">Mein September 2021<\/h2>\n\n\n\n<p>Erinnert ihr euch? Der am meisten gesagte Spruch, als es mit der Pandemie losging: \u201eWir holen alles nach!\u201c Ich zweifelte da schon am Anfang dran und als der zweite Lockdown so gar nicht enden wollte, wurde mir bewu\u00dft, dass das irgendwie auch gar nicht funktionieren wird. Wie kann ich einen Geburtstag nachholen, wenn schon der n\u00e4chste ansteht?<\/p>\n\n\n\n<p>Ich hab mich schwer getan, aus diesem Coronaloch wieder rauszukommen. Vieles war inzwischen wieder machbar, aber irgendwie auch nicht. Regelrecht zwingen musste ich mich, wieder unter Leute zu gehen. Anfang August habe ich mir dann selbst gesagt, so geht das nicht weiter. Klar, Corona ist nicht vorbei, aber mein Vertrauen ins Leben muss zur\u00fcckkommen.<span class=\"Apple-converted-space\">&nbsp;<\/span><\/p>\n\n\n\n<p>Der September ist jahreszeitlich gesehen mein Lieblingsmonat. Ich liebe diesen Sp\u00e4tsommer, das sch\u00f6ne Licht, die Temperaturen, freue mich, wenn die Sonne mich w\u00e4rmt und nicht schwitzen l\u00e4\u00dft. Also nahm ich mir vor, diesen Monat richtig zu genie\u00dfen. Und das habe ich wirklich geschafft!! \u00dcber Corona selten nachgedacht und das Gef\u00fchl entwickelt, wieder am Leben teilhaben zu k\u00f6nnen.<\/p>\n\n\n\n<!--more-->\n\n\n\n<h2 class=\"wp-block-heading\">Das holen wir nicht nach<\/h2>\n\n\n\n<p>Angefangen hat es eigentlich schon Ende August. Wir haben zwei N\u00e4chte in der Elbphilharmonie verbracht. Also in dem Hotel. Urlaub in der eigenen Stadt. Wir hatten Silberhochzeit und wegen Corona hatten wir keine Lust, irgendeine Art von Party zu veranstalten. Zu tief sitzt der Frust, alles wieder abzublasen. So genossen wir Hamburg. Es war wirklich witzig. Kaum hatten wir eingecheckt, entwickelten wir uns zu den typischen Hamburgtouristen.<span class=\"Apple-converted-space\">&nbsp;<\/span><\/p>\n\n\n\n<figure class=\"wp-block-image size-large\"><img loading=\"lazy\" decoding=\"async\" width=\"640\" height=\"427\" src=\"https:\/\/leckerekekse.de\/wordpress\/wp-content\/uploads\/2021\/10\/Mein-September-25.jpg\" alt=\"\" class=\"wp-image-16833\" srcset=\"https:\/\/leckerekekse.de\/wordpress\/wp-content\/uploads\/2021\/10\/Mein-September-25.jpg 640w, https:\/\/leckerekekse.de\/wordpress\/wp-content\/uploads\/2021\/10\/Mein-September-25-300x200.jpg 300w\" sizes=\"auto, (max-width: 640px) 100vw, 640px\" \/><\/figure>\n\n\n\n<figure class=\"wp-block-image size-large\"><img loading=\"lazy\" decoding=\"async\" width=\"640\" height=\"427\" src=\"https:\/\/leckerekekse.de\/wordpress\/wp-content\/uploads\/2021\/10\/Mein-September-24.jpg\" alt=\"\" class=\"wp-image-16834\" srcset=\"https:\/\/leckerekekse.de\/wordpress\/wp-content\/uploads\/2021\/10\/Mein-September-24.jpg 640w, https:\/\/leckerekekse.de\/wordpress\/wp-content\/uploads\/2021\/10\/Mein-September-24-300x200.jpg 300w\" sizes=\"auto, (max-width: 640px) 100vw, 640px\" \/><\/figure>\n\n\n\n<p>Am 1. September war Literaturkreis. In Pr\u00e4senz. Wie fr\u00fcher. Wahnsinn, wie lange das letzte Mal her war. Aber zum Gl\u00fcck haben wir unsere Termine alle online gemacht. Ich finde das beachtlich, da wir da viele Teilnehmer haben, die mit den neuen Medien so ihre Probleme haben.<span class=\"Apple-converted-space\">&nbsp;<\/span><\/p>\n\n\n\n<h2 class=\"wp-block-heading\">Traumhaftes Wetter in D\u00e4nemark<\/h2>\n\n\n\n<p>Dann kam das Wochenende und es war traumhaftes Wetter angesagt. Ich liebe Drachenfeste und da Deutschland sich durch Corona immer noch nicht traute, diese wieder zu veranstalten, mu\u00dfte ich \u00fcber die Grenze nach D\u00e4nemark, auf die Insel R\u00f6m\u00f6. So viele Drachen am Himmel &#8211; Wahnsinn. Und tats\u00e4chlich ging es \u00e4hnlich einfach wie fr\u00fcher.<span class=\"Apple-converted-space\">&nbsp;<\/span><\/p>\n\n\n\n<figure class=\"wp-block-image size-large\"><img loading=\"lazy\" decoding=\"async\" width=\"640\" height=\"427\" src=\"https:\/\/leckerekekse.de\/wordpress\/wp-content\/uploads\/2021\/10\/Mein-September-6.jpg\" alt=\"Drachenfest\" class=\"wp-image-16821\" srcset=\"https:\/\/leckerekekse.de\/wordpress\/wp-content\/uploads\/2021\/10\/Mein-September-6.jpg 640w, https:\/\/leckerekekse.de\/wordpress\/wp-content\/uploads\/2021\/10\/Mein-September-6-300x200.jpg 300w\" sizes=\"auto, (max-width: 640px) 100vw, 640px\" \/><\/figure>\n\n\n\n<figure class=\"wp-block-image size-large\"><img loading=\"lazy\" decoding=\"async\" width=\"640\" height=\"427\" src=\"https:\/\/leckerekekse.de\/wordpress\/wp-content\/uploads\/2021\/10\/Mein-September-8.jpg\" alt=\"Drachenfest\" class=\"wp-image-16823\" srcset=\"https:\/\/leckerekekse.de\/wordpress\/wp-content\/uploads\/2021\/10\/Mein-September-8.jpg 640w, https:\/\/leckerekekse.de\/wordpress\/wp-content\/uploads\/2021\/10\/Mein-September-8-300x200.jpg 300w\" sizes=\"auto, (max-width: 640px) 100vw, 640px\" \/><\/figure>\n\n\n\n<figure class=\"wp-block-image size-large\"><img loading=\"lazy\" decoding=\"async\" width=\"640\" height=\"427\" src=\"https:\/\/leckerekekse.de\/wordpress\/wp-content\/uploads\/2021\/10\/Mein-September-7.jpg\" alt=\"Drachen in den D\u00fcnen\" class=\"wp-image-16822\" srcset=\"https:\/\/leckerekekse.de\/wordpress\/wp-content\/uploads\/2021\/10\/Mein-September-7.jpg 640w, https:\/\/leckerekekse.de\/wordpress\/wp-content\/uploads\/2021\/10\/Mein-September-7-300x200.jpg 300w\" sizes=\"auto, (max-width: 640px) 100vw, 640px\" \/><\/figure>\n\n\n\n<figure class=\"wp-block-image size-large\"><img loading=\"lazy\" decoding=\"async\" width=\"640\" height=\"427\" src=\"https:\/\/leckerekekse.de\/wordpress\/wp-content\/uploads\/2021\/10\/Mein-September-9.jpg\" alt=\"kleine Drachen\" class=\"wp-image-16824\" srcset=\"https:\/\/leckerekekse.de\/wordpress\/wp-content\/uploads\/2021\/10\/Mein-September-9.jpg 640w, https:\/\/leckerekekse.de\/wordpress\/wp-content\/uploads\/2021\/10\/Mein-September-9-300x200.jpg 300w\" sizes=\"auto, (max-width: 640px) 100vw, 640px\" \/><\/figure>\n\n\n\n<h2 class=\"wp-block-heading\">Das holen wir wirklich nach<\/h2>\n\n\n\n<p>Zwei gebuchte Foto-Workshops sind dem Lockdown zum Opfer gefallen. Konnte ich jetzt nachholen. Manches geht also doch! Einen weiteren buchte ich dazu. War ja noch ein Wochenende frei! Ich habe es so genossen, mal wieder neue Menschen zu treffen und mich auszutauschen. Es sind tolle Fotos entstanden und meine Liebe zu Portr\u00e4tfotos hat sich sehr gefestigt.<\/p>\n\n\n\n<figure class=\"wp-block-image size-large\"><img loading=\"lazy\" decoding=\"async\" width=\"640\" height=\"640\" src=\"https:\/\/leckerekekse.de\/wordpress\/wp-content\/uploads\/2021\/10\/Mein-September-2.jpg\" alt=\"Portr\u00e4t\" class=\"wp-image-16817\" srcset=\"https:\/\/leckerekekse.de\/wordpress\/wp-content\/uploads\/2021\/10\/Mein-September-2.jpg 640w, https:\/\/leckerekekse.de\/wordpress\/wp-content\/uploads\/2021\/10\/Mein-September-2-300x300.jpg 300w, https:\/\/leckerekekse.de\/wordpress\/wp-content\/uploads\/2021\/10\/Mein-September-2-150x150.jpg 150w, https:\/\/leckerekekse.de\/wordpress\/wp-content\/uploads\/2021\/10\/Mein-September-2-144x144.jpg 144w, https:\/\/leckerekekse.de\/wordpress\/wp-content\/uploads\/2021\/10\/Mein-September-2-120x120.jpg 120w\" sizes=\"auto, (max-width: 640px) 100vw, 640px\" \/><figcaption> Modell Johannes Mannsee<\/figcaption><\/figure>\n\n\n\n<figure class=\"wp-block-image size-large\"><img loading=\"lazy\" decoding=\"async\" width=\"427\" height=\"640\" src=\"https:\/\/leckerekekse.de\/wordpress\/wp-content\/uploads\/2021\/10\/Mein-September-1-427x640.jpg\" alt=\"M\u00e4nnerportr\u00e4t\" class=\"wp-image-16816\" srcset=\"https:\/\/leckerekekse.de\/wordpress\/wp-content\/uploads\/2021\/10\/Mein-September-1-427x640.jpg 427w, https:\/\/leckerekekse.de\/wordpress\/wp-content\/uploads\/2021\/10\/Mein-September-1-200x300.jpg 200w, https:\/\/leckerekekse.de\/wordpress\/wp-content\/uploads\/2021\/10\/Mein-September-1.jpg 640w\" sizes=\"auto, (max-width: 427px) 100vw, 427px\" \/><\/figure>\n\n\n\n<figure class=\"wp-block-image size-large\"><img loading=\"lazy\" decoding=\"async\" width=\"427\" height=\"640\" src=\"https:\/\/leckerekekse.de\/wordpress\/wp-content\/uploads\/2021\/10\/Mein-September-3-427x640.jpg\" alt=\"Fotograf\" class=\"wp-image-16818\" srcset=\"https:\/\/leckerekekse.de\/wordpress\/wp-content\/uploads\/2021\/10\/Mein-September-3-427x640.jpg 427w, https:\/\/leckerekekse.de\/wordpress\/wp-content\/uploads\/2021\/10\/Mein-September-3-200x300.jpg 200w, https:\/\/leckerekekse.de\/wordpress\/wp-content\/uploads\/2021\/10\/Mein-September-3.jpg 640w\" sizes=\"auto, (max-width: 427px) 100vw, 427px\" \/><\/figure>\n\n\n\n<figure class=\"wp-block-image size-large\"><img loading=\"lazy\" decoding=\"async\" width=\"640\" height=\"427\" src=\"https:\/\/leckerekekse.de\/wordpress\/wp-content\/uploads\/2021\/10\/Mein-September-5.jpg\" alt=\"Maria\" class=\"wp-image-16820\" srcset=\"https:\/\/leckerekekse.de\/wordpress\/wp-content\/uploads\/2021\/10\/Mein-September-5.jpg 640w, https:\/\/leckerekekse.de\/wordpress\/wp-content\/uploads\/2021\/10\/Mein-September-5-300x200.jpg 300w\" sizes=\"auto, (max-width: 640px) 100vw, 640px\" \/><figcaption>Mit Maria wurde jedes Foto ein Knaller <\/figcaption><\/figure>\n\n\n\n<figure class=\"wp-block-image size-large\"><img loading=\"lazy\" decoding=\"async\" width=\"427\" height=\"640\" src=\"https:\/\/leckerekekse.de\/wordpress\/wp-content\/uploads\/2021\/10\/Mein-September-4-427x640.jpg\" alt=\"Br\u00fccke mit Model\" class=\"wp-image-16819\" srcset=\"https:\/\/leckerekekse.de\/wordpress\/wp-content\/uploads\/2021\/10\/Mein-September-4-427x640.jpg 427w, https:\/\/leckerekekse.de\/wordpress\/wp-content\/uploads\/2021\/10\/Mein-September-4-200x300.jpg 200w, https:\/\/leckerekekse.de\/wordpress\/wp-content\/uploads\/2021\/10\/Mein-September-4.jpg 640w\" sizes=\"auto, (max-width: 427px) 100vw, 427px\" \/><\/figure>\n\n\n\n<figure class=\"wp-block-image size-large\"><img loading=\"lazy\" decoding=\"async\" width=\"427\" height=\"640\" src=\"https:\/\/leckerekekse.de\/wordpress\/wp-content\/uploads\/2021\/10\/Mein-September-1-2-427x640.jpg\" alt=\"Modell\" class=\"wp-image-16815\" srcset=\"https:\/\/leckerekekse.de\/wordpress\/wp-content\/uploads\/2021\/10\/Mein-September-1-2-427x640.jpg 427w, https:\/\/leckerekekse.de\/wordpress\/wp-content\/uploads\/2021\/10\/Mein-September-1-2-200x300.jpg 200w, https:\/\/leckerekekse.de\/wordpress\/wp-content\/uploads\/2021\/10\/Mein-September-1-2.jpg 640w\" sizes=\"auto, (max-width: 427px) 100vw, 427px\" \/><\/figure>\n\n\n\n<h2 class=\"wp-block-heading\">Kann ich Sylt nachholen?<\/h2>\n\n\n\n<p>Ihr k\u00f6nnt es euch denken. Auch mein Sylturlaub nach Ostern hat nicht stattgefunden. Und nachdem, was ich so von der Insel h\u00f6rte, wollt ich ihn auch nicht nachholen. Jedenfalls nicht in der \u00fcblichen Konstellation. Wenn ich mit meinem Mann dort bin, lassen wir uns treiben. Strandspazierg\u00e4nge, Kaffeepausen und sch\u00f6ne Restaurantbesuche. So war das in diesem Jahr nicht machbar. Anscheinend mu\u00dfte man die Restaurants schon von zu Hause aus buchen, um \u00fcberhaupt essen gehen zu k\u00f6nnen. Und darauf hatten wir keine Lust. Aber ich fand eine Alternative. <\/p>\n\n\n\n<p>Eine kleine Fotoreise in der Akademie am Meer. Einfache Unterkunft mit Vollpension. Ich hatte Gl\u00fcck und bekam sehr spontan einen Platz. Andere Teilnehmer hatten diese Reise schon zweimal verschieben m\u00fcssen. Dort gibt es kleine H\u00e4user, die in den D\u00fcnen verteilt liegen. Viel passt da nicht rein. Bett, Waschbecken, Stuhl \u2013 mehr nicht. Leider lag mein Zimmer in einem Haus mit Schulungsr\u00e4umen. Anfangs war ich entt\u00e4uscht dar\u00fcber, nicht so einen schnuckligen Bungalow zu bewohnen, aber ich hatte dadurch kurze Wege zum WC und Dusche. Und auch WLAN gab es in meinem Zimmer. So einen Luxus hatte sonst kaum jemand.<\/p>\n\n\n\n<figure class=\"wp-block-image size-large\"><img loading=\"lazy\" decoding=\"async\" width=\"427\" height=\"640\" src=\"https:\/\/leckerekekse.de\/wordpress\/wp-content\/uploads\/2021\/10\/Mein-September-14-427x640.jpg\" alt=\"Akademie am Meer\" class=\"wp-image-16829\" srcset=\"https:\/\/leckerekekse.de\/wordpress\/wp-content\/uploads\/2021\/10\/Mein-September-14-427x640.jpg 427w, https:\/\/leckerekekse.de\/wordpress\/wp-content\/uploads\/2021\/10\/Mein-September-14-200x300.jpg 200w, https:\/\/leckerekekse.de\/wordpress\/wp-content\/uploads\/2021\/10\/Mein-September-14.jpg 640w\" sizes=\"auto, (max-width: 427px) 100vw, 427px\" \/><\/figure>\n\n\n\n<figure class=\"wp-block-image size-large\"><img loading=\"lazy\" decoding=\"async\" width=\"640\" height=\"427\" src=\"https:\/\/leckerekekse.de\/wordpress\/wp-content\/uploads\/2021\/10\/Mein-September-15.jpg\" alt=\"Sylturlaub\" class=\"wp-image-16830\" srcset=\"https:\/\/leckerekekse.de\/wordpress\/wp-content\/uploads\/2021\/10\/Mein-September-15.jpg 640w, https:\/\/leckerekekse.de\/wordpress\/wp-content\/uploads\/2021\/10\/Mein-September-15-300x200.jpg 300w\" sizes=\"auto, (max-width: 640px) 100vw, 640px\" \/><\/figure>\n\n\n\n<figure class=\"wp-block-image size-large\"><img loading=\"lazy\" decoding=\"async\" width=\"640\" height=\"427\" src=\"https:\/\/leckerekekse.de\/wordpress\/wp-content\/uploads\/2021\/10\/Mein-September-18.jpg\" alt=\"Wohnen in den D\u00fcnen\" class=\"wp-image-16837\" srcset=\"https:\/\/leckerekekse.de\/wordpress\/wp-content\/uploads\/2021\/10\/Mein-September-18.jpg 640w, https:\/\/leckerekekse.de\/wordpress\/wp-content\/uploads\/2021\/10\/Mein-September-18-300x200.jpg 300w\" sizes=\"auto, (max-width: 640px) 100vw, 640px\" \/><\/figure>\n\n\n\n<figure class=\"wp-block-image size-large\"><img loading=\"lazy\" decoding=\"async\" width=\"640\" height=\"427\" src=\"https:\/\/leckerekekse.de\/wordpress\/wp-content\/uploads\/2021\/10\/Mein-September-19.jpg\" alt=\"Sonnenaufgang\" class=\"wp-image-16838\" srcset=\"https:\/\/leckerekekse.de\/wordpress\/wp-content\/uploads\/2021\/10\/Mein-September-19.jpg 640w, https:\/\/leckerekekse.de\/wordpress\/wp-content\/uploads\/2021\/10\/Mein-September-19-300x200.jpg 300w\" sizes=\"auto, (max-width: 640px) 100vw, 640px\" \/><\/figure>\n\n\n\n<p>Es war total sch\u00f6n. Noch nie habe ich so dicht am Meer \u00fcbernachtet und noch nie so urig. Auch das Wetter spielte mit. Allerdings war ich zeitlich sehr gebunden, so dass ich nicht einen einzigen Strandspaziergang gemacht habe. Daf\u00fcr aber andere Fotos als sonst.<span class=\"Apple-converted-space\">&nbsp;<\/span><\/p>\n\n\n\n<figure class=\"wp-block-image size-large\"><img loading=\"lazy\" decoding=\"async\" width=\"640\" height=\"427\" src=\"https:\/\/leckerekekse.de\/wordpress\/wp-content\/uploads\/2021\/10\/Mein-September-12.jpg\" alt=\"Lightpainting\" class=\"wp-image-16827\" srcset=\"https:\/\/leckerekekse.de\/wordpress\/wp-content\/uploads\/2021\/10\/Mein-September-12.jpg 640w, https:\/\/leckerekekse.de\/wordpress\/wp-content\/uploads\/2021\/10\/Mein-September-12-300x200.jpg 300w\" sizes=\"auto, (max-width: 640px) 100vw, 640px\" \/><\/figure>\n\n\n\n<figure class=\"wp-block-image size-large\"><img loading=\"lazy\" decoding=\"async\" width=\"640\" height=\"427\" src=\"https:\/\/leckerekekse.de\/wordpress\/wp-content\/uploads\/2021\/10\/Mein-September-13.jpg\" alt=\"Lightpainting\" class=\"wp-image-16828\" srcset=\"https:\/\/leckerekekse.de\/wordpress\/wp-content\/uploads\/2021\/10\/Mein-September-13.jpg 640w, https:\/\/leckerekekse.de\/wordpress\/wp-content\/uploads\/2021\/10\/Mein-September-13-300x200.jpg 300w\" sizes=\"auto, (max-width: 640px) 100vw, 640px\" \/><\/figure>\n\n\n\n<p>Es folgten noch einige sch\u00f6ne Fotoshootings, die mir viel Spa\u00df brachten, von denen ich aber keine Bilder zeigen darf. Immer war es eine neue Herausforderung, die Ergebnisse \u00fcberzeugten immer<\/p>\n\n\n\n<p>So habe ich es wirklich geschafft, diesen Monat in vollen Z\u00fcgen zu genie\u00dfen. Schon im Sommer entwickelte ich eine Panik dem Winter gegen\u00fcber. Das hat sich nun zum Gl\u00fcck gelegt. Zwar freue ich mich immer noch nicht auf die dunkle Jahreszeit, aber ich sehe durchaus ein paar positive Aspekte. Keksbacken, lesen, vielleicht der ein oder andere Weihnachtsmarkt.<\/p>\n\n\n\n<p>Und bei Euch so? Konntet ihr vieles nachholen? Wolltet ihr es \u00fcberhaupt nachholen?<\/p>\n\n\n\n<div class=\"wp-block-image\"><figure class=\"aligncenter\"><img loading=\"lazy\" decoding=\"async\" width=\"206\" height=\"97\" src=\"https:\/\/leckerekekse.de\/wordpress\/wp-content\/uploads\/2016\/04\/Scan-11.jpeg\" alt=\"\" class=\"wp-image-5966\"\/><\/figure><\/div>\n","protected":false},"excerpt":{"rendered":"<p>Mein September 2021 Erinnert ihr euch? Der am meisten gesagte Spruch, als es mit der Pandemie losging: \u201eWir holen alles nach!\u201c Ich zweifelte da schon am Anfang dran und als der zweite Lockdown so gar nicht enden wollte, wurde mir bewu\u00dft, dass das irgendwie auch gar nicht funktionieren wird. Wie kann ich einen Geburtstag nachholen, [&hellip;]<\/p>\n","protected":false},"author":1,"featured_media":16825,"comment_status":"open","ping_status":"open","sticky":false,"template":"","format":"standard","meta":{"footnotes":""},"categories":[1],"tags":[1435,711,1436,1437,60],"class_list":["post-16809","post","type-post","status-publish","format-standard","has-post-thumbnail","hentry","category-allgemein","tag-das-holen-wir-alles-nach","tag-depression","tag-fotoworkshop","tag-motivation","tag-sylt"],"yoast_head":"<!-- This site is optimized with the Yoast SEO plugin v27.5 - https:\/\/yoast.com\/product\/yoast-seo-wordpress\/ -->\n<title>Das holen wir alles nach! | Leckere Kekse &amp; mehr<\/title>\n<meta name=\"description\" content=\"Das holen wir alles nach! Wer hat das nicht gesagt am Anfang der Pandemie. Aber geht das \u00fcberhaupt? Und ob!\" \/>\n<meta name=\"robots\" content=\"index, follow, max-snippet:-1, max-image-preview:large, max-video-preview:-1\" \/>\n<link rel=\"canonical\" href=\"https:\/\/leckerekekse.de\/wordpress\/das-holen-wir-alles-nach\/\" \/>\n<meta property=\"og:locale\" content=\"de_DE\" \/>\n<meta property=\"og:type\" content=\"article\" \/>\n<meta property=\"og:title\" content=\"Das holen wir alles nach! | Leckere Kekse &amp; mehr\" \/>\n<meta property=\"og:description\" content=\"Das holen wir alles nach! Wer hat das nicht gesagt am Anfang der Pandemie. Aber geht das \u00fcberhaupt? Und ob!\" \/>\n<meta property=\"og:url\" content=\"https:\/\/leckerekekse.de\/wordpress\/das-holen-wir-alles-nach\/\" \/>\n<meta property=\"og:site_name\" content=\"Leckere Kekse &amp; mehr\" \/>\n<meta property=\"article:published_time\" content=\"2021-10-17T06:09:00+00:00\" \/>\n<meta property=\"og:image\" content=\"https:\/\/leckerekekse.de\/wordpress\/wp-content\/uploads\/2021\/10\/Mein-September-10.jpg\" \/>\n\t<meta property=\"og:image:width\" content=\"640\" \/>\n\t<meta property=\"og:image:height\" content=\"427\" \/>\n\t<meta property=\"og:image:type\" content=\"image\/jpeg\" \/>\n<meta name=\"author\" content=\"Astrid\" \/>\n<meta name=\"twitter:label1\" content=\"Verfasst von\" \/>\n\t<meta name=\"twitter:data1\" content=\"Astrid\" \/>\n\t<meta name=\"twitter:label2\" content=\"Gesch\u00e4tzte Lesezeit\" \/>\n\t<meta name=\"twitter:data2\" content=\"8\u00a0Minuten\" \/>\n<script type=\"application\/ld+json\" class=\"yoast-schema-graph\">{\"@context\":\"https:\\\/\\\/schema.org\",\"@graph\":[{\"@type\":\"Article\",\"@id\":\"https:\\\/\\\/leckerekekse.de\\\/wordpress\\\/das-holen-wir-alles-nach\\\/#article\",\"isPartOf\":{\"@id\":\"https:\\\/\\\/leckerekekse.de\\\/wordpress\\\/das-holen-wir-alles-nach\\\/\"},\"author\":{\"name\":\"Astrid\",\"@id\":\"https:\\\/\\\/leckerekekse.de\\\/wordpress\\\/#\\\/schema\\\/person\\\/6e4b2658514a3b7423a1f323400bdc1b\"},\"headline\":\"Das holen wir alles nach!\",\"datePublished\":\"2021-10-17T06:09:00+00:00\",\"mainEntityOfPage\":{\"@id\":\"https:\\\/\\\/leckerekekse.de\\\/wordpress\\\/das-holen-wir-alles-nach\\\/\"},\"wordCount\":796,\"commentCount\":1,\"publisher\":{\"@id\":\"https:\\\/\\\/leckerekekse.de\\\/wordpress\\\/#\\\/schema\\\/person\\\/6e4b2658514a3b7423a1f323400bdc1b\"},\"image\":{\"@id\":\"https:\\\/\\\/leckerekekse.de\\\/wordpress\\\/das-holen-wir-alles-nach\\\/#primaryimage\"},\"thumbnailUrl\":\"https:\\\/\\\/leckerekekse.de\\\/wordpress\\\/wp-content\\\/uploads\\\/2021\\\/10\\\/Mein-September-10.jpg\",\"keywords\":[\"Das holen wir alles nach\",\"Depression\",\"Fotoworkshop\",\"Motivation\",\"Sylt\"],\"inLanguage\":\"de\",\"potentialAction\":[{\"@type\":\"CommentAction\",\"name\":\"Comment\",\"target\":[\"https:\\\/\\\/leckerekekse.de\\\/wordpress\\\/das-holen-wir-alles-nach\\\/#respond\"]}]},{\"@type\":\"WebPage\",\"@id\":\"https:\\\/\\\/leckerekekse.de\\\/wordpress\\\/das-holen-wir-alles-nach\\\/\",\"url\":\"https:\\\/\\\/leckerekekse.de\\\/wordpress\\\/das-holen-wir-alles-nach\\\/\",\"name\":\"Das holen wir alles nach! | Leckere Kekse &amp; mehr\",\"isPartOf\":{\"@id\":\"https:\\\/\\\/leckerekekse.de\\\/wordpress\\\/#website\"},\"primaryImageOfPage\":{\"@id\":\"https:\\\/\\\/leckerekekse.de\\\/wordpress\\\/das-holen-wir-alles-nach\\\/#primaryimage\"},\"image\":{\"@id\":\"https:\\\/\\\/leckerekekse.de\\\/wordpress\\\/das-holen-wir-alles-nach\\\/#primaryimage\"},\"thumbnailUrl\":\"https:\\\/\\\/leckerekekse.de\\\/wordpress\\\/wp-content\\\/uploads\\\/2021\\\/10\\\/Mein-September-10.jpg\",\"datePublished\":\"2021-10-17T06:09:00+00:00\",\"description\":\"Das holen wir alles nach! Wer hat das nicht gesagt am Anfang der Pandemie. Aber geht das \u00fcberhaupt? Und ob!\",\"breadcrumb\":{\"@id\":\"https:\\\/\\\/leckerekekse.de\\\/wordpress\\\/das-holen-wir-alles-nach\\\/#breadcrumb\"},\"inLanguage\":\"de\",\"potentialAction\":[{\"@type\":\"ReadAction\",\"target\":[\"https:\\\/\\\/leckerekekse.de\\\/wordpress\\\/das-holen-wir-alles-nach\\\/\"]}]},{\"@type\":\"ImageObject\",\"inLanguage\":\"de\",\"@id\":\"https:\\\/\\\/leckerekekse.de\\\/wordpress\\\/das-holen-wir-alles-nach\\\/#primaryimage\",\"url\":\"https:\\\/\\\/leckerekekse.de\\\/wordpress\\\/wp-content\\\/uploads\\\/2021\\\/10\\\/Mein-September-10.jpg\",\"contentUrl\":\"https:\\\/\\\/leckerekekse.de\\\/wordpress\\\/wp-content\\\/uploads\\\/2021\\\/10\\\/Mein-September-10.jpg\",\"width\":640,\"height\":427,\"caption\":\"Strandk\u00f6rbe\"},{\"@type\":\"BreadcrumbList\",\"@id\":\"https:\\\/\\\/leckerekekse.de\\\/wordpress\\\/das-holen-wir-alles-nach\\\/#breadcrumb\",\"itemListElement\":[{\"@type\":\"ListItem\",\"position\":1,\"name\":\"Home\",\"item\":\"https:\\\/\\\/leckerekekse.de\\\/wordpress\\\/\"},{\"@type\":\"ListItem\",\"position\":2,\"name\":\"Das holen wir alles nach!\"}]},{\"@type\":\"WebSite\",\"@id\":\"https:\\\/\\\/leckerekekse.de\\\/wordpress\\\/#website\",\"url\":\"https:\\\/\\\/leckerekekse.de\\\/wordpress\\\/\",\"name\":\"Leckere Kekse &amp; mehr\",\"description\":\"Kekse backen, B\u00fccher lesen und mehr\",\"publisher\":{\"@id\":\"https:\\\/\\\/leckerekekse.de\\\/wordpress\\\/#\\\/schema\\\/person\\\/6e4b2658514a3b7423a1f323400bdc1b\"},\"potentialAction\":[{\"@type\":\"SearchAction\",\"target\":{\"@type\":\"EntryPoint\",\"urlTemplate\":\"https:\\\/\\\/leckerekekse.de\\\/wordpress\\\/?s={search_term_string}\"},\"query-input\":{\"@type\":\"PropertyValueSpecification\",\"valueRequired\":true,\"valueName\":\"search_term_string\"}}],\"inLanguage\":\"de\"},{\"@type\":[\"Person\",\"Organization\"],\"@id\":\"https:\\\/\\\/leckerekekse.de\\\/wordpress\\\/#\\\/schema\\\/person\\\/6e4b2658514a3b7423a1f323400bdc1b\",\"name\":\"Astrid\",\"logo\":{\"@id\":\"https:\\\/\\\/leckerekekse.de\\\/wordpress\\\/#\\\/schema\\\/person\\\/image\\\/\"},\"sameAs\":[\"https:\\\/\\\/leckerekekse.de\\\/wordpress\"]}]}<\/script>\n<!-- \/ Yoast SEO plugin. -->","yoast_head_json":{"title":"Das holen wir alles nach! | Leckere Kekse &amp; mehr","description":"Das holen wir alles nach! Wer hat das nicht gesagt am Anfang der Pandemie. Aber geht das \u00fcberhaupt? Und ob!","robots":{"index":"index","follow":"follow","max-snippet":"max-snippet:-1","max-image-preview":"max-image-preview:large","max-video-preview":"max-video-preview:-1"},"canonical":"https:\/\/leckerekekse.de\/wordpress\/das-holen-wir-alles-nach\/","og_locale":"de_DE","og_type":"article","og_title":"Das holen wir alles nach! | Leckere Kekse &amp; mehr","og_description":"Das holen wir alles nach! Wer hat das nicht gesagt am Anfang der Pandemie. Aber geht das \u00fcberhaupt? Und ob!","og_url":"https:\/\/leckerekekse.de\/wordpress\/das-holen-wir-alles-nach\/","og_site_name":"Leckere Kekse &amp; mehr","article_published_time":"2021-10-17T06:09:00+00:00","og_image":[{"width":640,"height":427,"url":"https:\/\/leckerekekse.de\/wordpress\/wp-content\/uploads\/2021\/10\/Mein-September-10.jpg","type":"image\/jpeg"}],"author":"Astrid","twitter_misc":{"Verfasst von":"Astrid","Gesch\u00e4tzte Lesezeit":"8\u00a0Minuten"},"schema":{"@context":"https:\/\/schema.org","@graph":[{"@type":"Article","@id":"https:\/\/leckerekekse.de\/wordpress\/das-holen-wir-alles-nach\/#article","isPartOf":{"@id":"https:\/\/leckerekekse.de\/wordpress\/das-holen-wir-alles-nach\/"},"author":{"name":"Astrid","@id":"https:\/\/leckerekekse.de\/wordpress\/#\/schema\/person\/6e4b2658514a3b7423a1f323400bdc1b"},"headline":"Das holen wir alles nach!","datePublished":"2021-10-17T06:09:00+00:00","mainEntityOfPage":{"@id":"https:\/\/leckerekekse.de\/wordpress\/das-holen-wir-alles-nach\/"},"wordCount":796,"commentCount":1,"publisher":{"@id":"https:\/\/leckerekekse.de\/wordpress\/#\/schema\/person\/6e4b2658514a3b7423a1f323400bdc1b"},"image":{"@id":"https:\/\/leckerekekse.de\/wordpress\/das-holen-wir-alles-nach\/#primaryimage"},"thumbnailUrl":"https:\/\/leckerekekse.de\/wordpress\/wp-content\/uploads\/2021\/10\/Mein-September-10.jpg","keywords":["Das holen wir alles nach","Depression","Fotoworkshop","Motivation","Sylt"],"inLanguage":"de","potentialAction":[{"@type":"CommentAction","name":"Comment","target":["https:\/\/leckerekekse.de\/wordpress\/das-holen-wir-alles-nach\/#respond"]}]},{"@type":"WebPage","@id":"https:\/\/leckerekekse.de\/wordpress\/das-holen-wir-alles-nach\/","url":"https:\/\/leckerekekse.de\/wordpress\/das-holen-wir-alles-nach\/","name":"Das holen wir alles nach! | Leckere Kekse &amp; mehr","isPartOf":{"@id":"https:\/\/leckerekekse.de\/wordpress\/#website"},"primaryImageOfPage":{"@id":"https:\/\/leckerekekse.de\/wordpress\/das-holen-wir-alles-nach\/#primaryimage"},"image":{"@id":"https:\/\/leckerekekse.de\/wordpress\/das-holen-wir-alles-nach\/#primaryimage"},"thumbnailUrl":"https:\/\/leckerekekse.de\/wordpress\/wp-content\/uploads\/2021\/10\/Mein-September-10.jpg","datePublished":"2021-10-17T06:09:00+00:00","description":"Das holen wir alles nach! Wer hat das nicht gesagt am Anfang der Pandemie. Aber geht das \u00fcberhaupt? Und ob!","breadcrumb":{"@id":"https:\/\/leckerekekse.de\/wordpress\/das-holen-wir-alles-nach\/#breadcrumb"},"inLanguage":"de","potentialAction":[{"@type":"ReadAction","target":["https:\/\/leckerekekse.de\/wordpress\/das-holen-wir-alles-nach\/"]}]},{"@type":"ImageObject","inLanguage":"de","@id":"https:\/\/leckerekekse.de\/wordpress\/das-holen-wir-alles-nach\/#primaryimage","url":"https:\/\/leckerekekse.de\/wordpress\/wp-content\/uploads\/2021\/10\/Mein-September-10.jpg","contentUrl":"https:\/\/leckerekekse.de\/wordpress\/wp-content\/uploads\/2021\/10\/Mein-September-10.jpg","width":640,"height":427,"caption":"Strandk\u00f6rbe"},{"@type":"BreadcrumbList","@id":"https:\/\/leckerekekse.de\/wordpress\/das-holen-wir-alles-nach\/#breadcrumb","itemListElement":[{"@type":"ListItem","position":1,"name":"Home","item":"https:\/\/leckerekekse.de\/wordpress\/"},{"@type":"ListItem","position":2,"name":"Das holen wir alles nach!"}]},{"@type":"WebSite","@id":"https:\/\/leckerekekse.de\/wordpress\/#website","url":"https:\/\/leckerekekse.de\/wordpress\/","name":"Leckere Kekse &amp; mehr","description":"Kekse backen, B\u00fccher lesen und mehr","publisher":{"@id":"https:\/\/leckerekekse.de\/wordpress\/#\/schema\/person\/6e4b2658514a3b7423a1f323400bdc1b"},"potentialAction":[{"@type":"SearchAction","target":{"@type":"EntryPoint","urlTemplate":"https:\/\/leckerekekse.de\/wordpress\/?s={search_term_string}"},"query-input":{"@type":"PropertyValueSpecification","valueRequired":true,"valueName":"search_term_string"}}],"inLanguage":"de"},{"@type":["Person","Organization"],"@id":"https:\/\/leckerekekse.de\/wordpress\/#\/schema\/person\/6e4b2658514a3b7423a1f323400bdc1b","name":"Astrid","logo":{"@id":"https:\/\/leckerekekse.de\/wordpress\/#\/schema\/person\/image\/"},"sameAs":["https:\/\/leckerekekse.de\/wordpress"]}]}},"_links":{"self":[{"href":"https:\/\/leckerekekse.de\/wordpress\/wp-json\/wp\/v2\/posts\/16809","targetHints":{"allow":["GET"]}}],"collection":[{"href":"https:\/\/leckerekekse.de\/wordpress\/wp-json\/wp\/v2\/posts"}],"about":[{"href":"https:\/\/leckerekekse.de\/wordpress\/wp-json\/wp\/v2\/types\/post"}],"author":[{"embeddable":true,"href":"https:\/\/leckerekekse.de\/wordpress\/wp-json\/wp\/v2\/users\/1"}],"replies":[{"embeddable":true,"href":"https:\/\/leckerekekse.de\/wordpress\/wp-json\/wp\/v2\/comments?post=16809"}],"version-history":[{"count":3,"href":"https:\/\/leckerekekse.de\/wordpress\/wp-json\/wp\/v2\/posts\/16809\/revisions"}],"predecessor-version":[{"id":16858,"href":"https:\/\/leckerekekse.de\/wordpress\/wp-json\/wp\/v2\/posts\/16809\/revisions\/16858"}],"wp:featuredmedia":[{"embeddable":true,"href":"https:\/\/leckerekekse.de\/wordpress\/wp-json\/wp\/v2\/media\/16825"}],"wp:attachment":[{"href":"https:\/\/leckerekekse.de\/wordpress\/wp-json\/wp\/v2\/media?parent=16809"}],"wp:term":[{"taxonomy":"category","embeddable":true,"href":"https:\/\/leckerekekse.de\/wordpress\/wp-json\/wp\/v2\/categories?post=16809"},{"taxonomy":"post_tag","embeddable":true,"href":"https:\/\/leckerekekse.de\/wordpress\/wp-json\/wp\/v2\/tags?post=16809"}],"curies":[{"name":"wp","href":"https:\/\/api.w.org\/{rel}","templated":true}]}}