{"id":16878,"date":"2021-11-14T09:08:00","date_gmt":"2021-11-14T08:08:00","guid":{"rendered":"https:\/\/leckerekekse.de\/wordpress\/?p=16878"},"modified":"2021-11-13T09:09:09","modified_gmt":"2021-11-13T08:09:09","slug":"nachlese-borkum","status":"publish","type":"post","link":"https:\/\/leckerekekse.de\/wordpress\/nachlese-borkum\/","title":{"rendered":"Nachlese Borkum"},"content":{"rendered":"\n<figure class=\"wp-block-image size-large\"><img loading=\"lazy\" decoding=\"async\" width=\"640\" height=\"427\" src=\"https:\/\/leckerekekse.de\/wordpress\/wp-content\/uploads\/2021\/11\/urlaub-auf-borkum.jpg\" alt=\"Herbsturlaub auf Borkum gelesenen B\u00fccher und Erlebtes, D\u00fcnen\" class=\"wp-image-16889\" srcset=\"https:\/\/leckerekekse.de\/wordpress\/wp-content\/uploads\/2021\/11\/urlaub-auf-borkum.jpg 640w, https:\/\/leckerekekse.de\/wordpress\/wp-content\/uploads\/2021\/11\/urlaub-auf-borkum-300x200.jpg 300w\" sizes=\"auto, (max-width: 640px) 100vw, 640px\" \/><\/figure>\n\n\n\n<h3 class=\"wp-block-heading\">Kurzurlaub an der Nordsee<\/h3>\n\n\n\n<p>Eine Woche m\u00f6glichst gar nichts tun, das haben wir uns f\u00fcr unseren Urlaub auf Borkum vorgenommen. Viel rauen Wind um die Nase wehen lassen und nat\u00fcrlich lesen.<br>Welche B\u00fccher ich im Urlaub gelesen habe und was die Insel f\u00fcr uns zu bieten hatte, erz\u00e4hle ich in diesem Post.<\/p>\n\n\n\n<!--more-->\n\n\n\n<h3 class=\"wp-block-heading\">Besichtigung eines Ungl\u00fccks<\/h3>\n\n\n\n<p>Das war mein erster Roman des Autors Gert Losch\u00fctz. Er spielt in verschiedenen Zeitebenen. Ein Mann, Thomas Vandersee, recherchiert \u00fcber das bisher schwerste Zugungl\u00fcck in Deutschland. Es passierte 1939 in Genthin. Thomas Verbindung dazu ist recht lose. Seine Mutter wohnte zu der Zeit in Genthin. Was sie wohl mitbekommen hat? Hatte sie Kontakte zu den Verletzten? Besonders interessiert ihn das Schicksal von Carla, die einen falschen Namen angibt.<br>Der Schreibstil selbst gefiel mir ganz gut. Spannend fand ich die minuti\u00f6se Schilderung der Geschehnisse auf den Schienen vor dem Zugungl\u00fcck. Doch die Verbindungen zum Protagonisten Thomas erscheinen mir zu lose. Das Zugungl\u00fcck spielt sp\u00e4ter keine Rolle mehr, es geht um Vergangenheitsbew\u00e4ltigung. Ungl\u00fccke in der Familie und bei anderen Menschen. Sehr viel Zufall, aber dieser macht ja h\u00e4ufig das Leben aus. Ich glaube zu verstehen, warum das Buch f\u00fcr den Deutschen Buchpreis nominiert wurde, denn es hebt sich durch die Konstruktion heraus, aber so wirklich begeistern konnte es mich nicht. Die Motive waren mir zu nebul\u00f6s.<br>Zum Teil wird der Autor auch seiner eigenen Geschichte nachgesp\u00fcrt haben, denn er wurde 1946 in Genthin geboren.<\/p>\n\n\n\n<figure class=\"wp-block-image size-large\"><img loading=\"lazy\" decoding=\"async\" width=\"640\" height=\"480\" src=\"https:\/\/leckerekekse.de\/wordpress\/wp-content\/uploads\/2021\/11\/Borkum.jpg\" alt=\"Cover Buch Gert Losch\u00fctz: Besichtigung eines Ungl\u00fccks, Inselbahn Borkum\" class=\"wp-image-16880\" srcset=\"https:\/\/leckerekekse.de\/wordpress\/wp-content\/uploads\/2021\/11\/Borkum.jpg 640w, https:\/\/leckerekekse.de\/wordpress\/wp-content\/uploads\/2021\/11\/Borkum-300x225.jpg 300w\" sizes=\"auto, (max-width: 640px) 100vw, 640px\" \/><\/figure>\n\n\n\n<h3 class=\"wp-block-heading\">Inselbahn<\/h3>\n\n\n\n<p>Kommt man in Borkum (ohne Auto) mit der F\u00e4hre an, wartet schon die kleine Inselbahn auf die Passagiere um sie in den Ort zu bringen. Ein Zugungl\u00fcck gab es meines Wissens noch nicht. Irritiert waren wir \u00fcber die Abfahrtszeiten der Z\u00fcge f\u00fcr den R\u00fcckweg vom Ort aus. Die im Fahrplan angegebenen F\u00e4hrzeiten richten sich nicht nach der Abfahrt der F\u00e4hre, sondern nach der Abfahrt der Inselbahn. Irgendwie logisch. Wir waren ohne Auto dort. Wir nahmen den Katamaran von Emden aus. Der braucht etwa eine Stunde. Alles hat ein wenig von einer Flugreise, auch das Innere des Schiffes. Ein Auto haben wir auf der kleinen Insel nun wirklich nicht vermisst.<br>Leider habe ich kein Foto von dem B\u00e4hnchen gemacht, ich habe \u00fcberhaupt sehr wenig fotografiert.<\/p>\n\n\n\n<h3 class=\"wp-block-heading\">Wo der Wolf lauert<\/h3>\n\n\n\n<p>Auf dieses Buch war ich besonders gespannt, weil ich Ayelet Gundar-Goshen im September schon auf einer Lesung in K\u00f6ln erleben durfte.<br>Dieser Roman hat mich total \u00fcberzeugt. Es gefiel mir viel besser als zum Beispiel \u201eL\u00fcgnerin\u201c. Das Buch ist spannend bis zum Schluss. Es geht um Gewalt, Antisemitismus, Rassismus, die Gesellschaft in den USA und in Israel, Auswanderung, Heimat. Und f\u00fcr mich vor allem um Mutterschaft. Wann ist der Zeitpunkt, an dem du feststellst, dass du dein Kind nicht kennst? Ich glaube an so einen Punkt kommt jede Mutter mal. Ich bin nicht so eine Helikoptermutter wie die Protagonistin Lilach Schuster, ihr Lebensinhalt ist ihr Sohn. Trotzdem kann ich vieles aus der Beschreibung der Mutter-Sohn-Beziehung wiedererkennen.<\/p>\n\n\n\n<figure class=\"wp-block-image size-large\"><img loading=\"lazy\" decoding=\"async\" width=\"640\" height=\"480\" src=\"https:\/\/leckerekekse.de\/wordpress\/wp-content\/uploads\/2021\/11\/wo-der-wolf-lauert-pferd.jpg\" alt=\"Cover Buch Wo der Wolf lauert von Ayelet Gundar-Goshen und Pferdehals\" class=\"wp-image-16882\" srcset=\"https:\/\/leckerekekse.de\/wordpress\/wp-content\/uploads\/2021\/11\/wo-der-wolf-lauert-pferd.jpg 640w, https:\/\/leckerekekse.de\/wordpress\/wp-content\/uploads\/2021\/11\/wo-der-wolf-lauert-pferd-300x225.jpg 300w\" sizes=\"auto, (max-width: 640px) 100vw, 640px\" \/><\/figure>\n\n\n\n<h3 class=\"wp-block-heading\">Reiten auf Borkum<\/h3>\n\n\n\n<p>Reiten am Strand ist so wundersch\u00f6n! Auch auf Borkum habe ich diese Gelegenheit genutzt. Im Reitstall dort gibt es auch guten Unterricht. Sehr gut fand ich auch, dass man erst eine Reitstunde nehmen muss, dann erst \u201edie Lizenz zum Galoppausritt\u201c bekommt. So ist das f\u00fcr alle wesentlich sicherer.&nbsp; Denn auch f\u00fcr die erfahrenen Reiter ist es nicht lustig, wenn da jemand mitgeht, der keine Ahnung hat, wie er auch mal in einer Gefahrsituation richtig reagiert. Oder nicht in der Lage ist, sein Pferd hinter dem Vorderpferd zu halten.<br>So waren nur Reiter mit dabei. Jeder Ausritt war anders, mal mit viel, mal wenig Wind, mal Sonne, mal sehr bew\u00f6lkt.<br>Da meine \u201enormale\u201c Reitm\u00f6glichkeit wegen Corona zugemacht hat, war ich froh diese M\u00f6glichkeit zum Reiten auf Borkum nutzen zu k\u00f6nnen.<\/p>\n\n\n\n<h3 class=\"wp-block-heading\">Offene See<\/h3>\n\n\n\n<p>Dieser Roman von Benjamin Myers war 2020 das Lieblingsbuch der unabh\u00e4ngigen Buchhandlungen. Zu Recht, wie ich meine.<br>Eine Insel ist ein guter Ort, um dieses Buch zu lesen.<br>Es spielt kurz nach dem zweiten Weltkrieg und ist auch im passenden Stil verfasst. Ein junger Mann m\u00f6chte noch nicht in die Fu\u00dfstapfen seines Vaters und Gro\u00dfvaters treten (Bergbau). Er packt ein paar Sachen in einen Rucksack und wandert los. Mit Tagel\u00f6hner Jobs h\u00e4lt er sich \u00fcber Wasser, bis er eine \u00e4ltere Dame kennenlernt und dort einiges an Arbeiten erledigt. Sie erz\u00e4hlen sich gegenseitig ihr Leben, sie \u00f6ffnet ungeahnte Horizonte f\u00fcr ihn. Diese Begegnung \u00e4ndert sein Leben.<br>Sehr interessant fand ich die Beschreibung der Verh\u00e4ltnisse in England nach dem zweiten gro\u00dfen Krieg. Natur spielt auch eine gro\u00dfe Rolle. Das Buch ist so gut geschrieben, dass ich die Insekten und V\u00f6gel h\u00f6ren, die Hitze sp\u00fcren und die Pflanzen riechen konnte.<br>Ein ruhiges, melancholisches Buch. Sicher nicht das letzte, dass ich von diesem Autor lesen werde.<\/p>\n\n\n\n<figure class=\"wp-block-image size-large\"><img loading=\"lazy\" decoding=\"async\" width=\"640\" height=\"480\" src=\"https:\/\/leckerekekse.de\/wordpress\/wp-content\/uploads\/2021\/11\/benjamin-myers-offene-see.jpg\" alt=\"h Offenen See von Benjamin Myers, Bild vom Meer\" class=\"wp-image-16884\" srcset=\"https:\/\/leckerekekse.de\/wordpress\/wp-content\/uploads\/2021\/11\/benjamin-myers-offene-see.jpg 640w, https:\/\/leckerekekse.de\/wordpress\/wp-content\/uploads\/2021\/11\/benjamin-myers-offene-see-300x225.jpg 300w\" sizes=\"auto, (max-width: 640px) 100vw, 640px\" \/><\/figure>\n\n\n\n<h3 class=\"wp-block-heading\">Das Meer<\/h3>\n\n\n\n<p>Auf einer so kleinen Insel ist das Meer nat\u00fcrlich allgegenw\u00e4rtig. Im Hotelzimmer konnten wir die Wellen h\u00f6ren. Oft liegt der Geruch nach Salzwasser in der Luft. <br>Auf den Sandb\u00e4nken sonnen sich bei Ebbe die Seehunde, ich empfehle ein Fernglas mitzunehmen. <br>Es gab Surfer und Kiter, denen ich fasziniert zusah. <br>Der Strand l\u00e4dt zu langen Spazierg\u00e4ngen ein. Auch jetzt im Herbst wurden eifrig Sandburgen gebaut. Ich denke im Sommer ist das ein Paradies f\u00fcr Kinder. <\/p>\n\n\n\n<h3 class=\"wp-block-heading\">Tote ohne Namen<\/h3>\n\n\n\n<p>Zwischendurch war mir nach einem Krimi. Der Suhrkampverlag hat da ein gutes H\u00e4ndchen, wenn es um Thriller mit starken Frauenfiguren geht. Auch dieser Thriller von Louisa Luna gefiel mir gut. Die Privatdektektivin Alice Vega wird gebeten, den Fall von zwei namenlosen M\u00e4dchenleichen zu \u00fcbernehmen. Sie bettet dabei Max Caplan zu Hilfe. Sie haben zusammen schon mal einen gro\u00dfen Fall gemeinsam gel\u00f6st. Und das war das Problem des Buches. Es gibt vorher schon B\u00fccher zu dieser Reihe, aber hier in Deutschland nicht ver\u00f6ffentlicht wurden.&nbsp; Tote ohne Namen hat sehr viele Verweise auf den vorherigen Fall. Der Story konnte ich trotzdem folgen, aber die Entwicklung der Hauptfiguren ist ja das, was eine Reihe f\u00fcr mich ausmacht. Nat\u00fcrlich h\u00e4tte ich das vorherige Buch auf englisch lesen k\u00f6nnen, aber bis ich das begriffen habe, war ich hier ja schon mitten drin. Warum setzte der Verlag nicht mit dem ersten Band auf? Ist der so schlecht?<br>Dieser war ganz gut, vielleicht etwas unrealistisch, aber er nahm die Probleme an der mexikanischen Grenze ganz gut auf. Brutal war er auch, aber da habe ich schon H\u00e4rteres gelesen. Thema war neben Mord auch Zwangsprostitution von Kindern und Jugendlichen.<\/p>\n\n\n\n<figure class=\"wp-block-image size-large\"><img loading=\"lazy\" decoding=\"async\" width=\"640\" height=\"480\" src=\"https:\/\/leckerekekse.de\/wordpress\/wp-content\/uploads\/2021\/11\/tote-ohne-namen-luna.jpg\" alt=\"Cover Buch Tote ohne Namen von Louise Luna und Leuchtturm auf Borkum\" class=\"wp-image-16886\" srcset=\"https:\/\/leckerekekse.de\/wordpress\/wp-content\/uploads\/2021\/11\/tote-ohne-namen-luna.jpg 640w, https:\/\/leckerekekse.de\/wordpress\/wp-content\/uploads\/2021\/11\/tote-ohne-namen-luna-300x225.jpg 300w\" sizes=\"auto, (max-width: 640px) 100vw, 640px\" \/><\/figure>\n\n\n\n<h3 class=\"wp-block-heading\">T\u00fcrme<\/h3>\n\n\n\n<p>Es gibt mehrere Leuchtt\u00fcrme auf Borkum. Einer ist direkt im Zentrum des Ortes und auch jede Nach in Betrieb. Dann gibt es noch den alten Leuchtturm, einen kleinen und Wassert\u00fcrme. Auch erstaunlich viele Kirchen f\u00fcr einen Ort mit knapp \u00fcber 5000 Einwohnern.<br>Der ganze Ort ist eindeutig \u00fcber Jahrhunderte gewachsen. Alle steht kreuz und quer, es gibt keine einheitlichen Baustile. Das gef\u00e4llt mir ganz gut. Du kannst dort Z\u00e4une sehen, die mehrere hundert Jahre alt sind und aus Walknochen bestehen. Denn Borkum war eine Station f\u00fcr Walf\u00e4nger.<br>Dann gibt es protzige Bauten aus der Jahrhundertwende, denn da war Borkum ein beliebtes Heilbad. Und dann gibt es die vielen, vielen Ferienh\u00e4user. Jetzt im November war schon einiges los, ich m\u00f6chte dort nicht im Sommer sein (obwohl die Str\u00e4nde sehr einladend aussehen).<\/p>\n\n\n\n<h3 class=\"wp-block-heading\">Vierunddrei\u00dfigster September<\/h3>\n\n\n\n<p>Ich kenne die vorherigen B\u00fccher von Angelika Kl\u00fcssendorf, die sich mit dem Leben einer jungen Frau besch\u00e4ftigen (Das M\u00e4dchen, <a href=\"https:\/\/leckerekekse.de\/wordpress\/angelika-kluessendorf-april\/\">April<\/a>, <a href=\"https:\/\/leckerekekse.de\/wordpress\/rezension-kluessendorf\/\">Jahre sp\u00e4ter<\/a>).<br>Dieser Roman ist die Geschichte eines Dorfes in Ostdeutschland, vom zweiten Weltkrieg \u00fcber die Wende bis heute. Und die Geschichte von vielen Einwohnern dort, Toten, wie auch Lebenden.<br>Walter erf\u00e4hrt durch einen Hirntumor eine starke Wesensver\u00e4nderung. Seine Frau Hilde erschl\u00e4gt ihn mit der Axt. Walter \u201eerwacht\u201c wieder als Toter auf dem Dorffriedhof. Er trifft dort einige Bekannte und auch Unbekannte. So \u00e4hnlich wie bei Seethalers <a href=\"https:\/\/leckerekekse.de\/wordpress\/rezension-das-feld-seethaler\/\">Das Feld<\/a> kommen hier die Toten zu Wort. Sie k\u00f6nnen das Dorf nicht verlassen, aber ansonsten so ziemlich alles, bis zum Erlernen neuer Sprachen und Nutzung des Internets. Das ist sehr skurril, auf eine f\u00fcr mich sch\u00f6ne Art. So entsteht eine Art Episodenroman, der von Menschen und ihren Tr\u00e4umen erz\u00e4hlt. Zwei haben es mir besonders angetan: R\u00f6schen, der es nicht gelingt zu sterben und die Transfrau Gabriela. Es gibt einen alten Keiler, eine Schildkr\u00f6te, viele S\u00e4ufer und sogar einen Besuch von Steven Spielberg.\u00a0 Im Ort gibt es auch eine namenlose Schriftstellerin. Wer wei\u00df wieviel von Kl\u00fcssendorf in ihr steckt\u2026<\/p>\n\n\n\n<figure class=\"wp-block-image size-large\"><img loading=\"lazy\" decoding=\"async\" width=\"640\" height=\"480\" src=\"https:\/\/leckerekekse.de\/wordpress\/wp-content\/uploads\/2021\/11\/kluessendorf-vierunddreissigster-september.jpg\" alt=\"Cover Vierunddrei\u00dfigster September von Angelika Kl\u00fcssendorf\" class=\"wp-image-16887\" srcset=\"https:\/\/leckerekekse.de\/wordpress\/wp-content\/uploads\/2021\/11\/kluessendorf-vierunddreissigster-september.jpg 640w, https:\/\/leckerekekse.de\/wordpress\/wp-content\/uploads\/2021\/11\/kluessendorf-vierunddreissigster-september-300x225.jpg 300w\" sizes=\"auto, (max-width: 640px) 100vw, 640px\" \/><\/figure>\n\n\n\n<h3 class=\"wp-block-heading\">Radeln und Essen<\/h3>\n\n\n\n<p>So ganz ohne Bewegung geht es bei uns irgendwie nicht. Wir haben uns f\u00fcr die Woche auf Borkum Hollandr\u00e4der geliehen und sind fast jeden Tag damit ein wenig unterwegs gewesen. Es gibt viele Radwege dort, auch auf den Stra\u00dfen ist relativ wenig Verkehr.\u00a0 Die Landschaft ist abwechslungsreich. Mal sieht man das Meer, mal Sandd\u00fcnen, es gibt aber auch moorartige Gebieten und auch kleine W\u00e4lder. Es gibt auch viele Wanderwege, die mit dem Rad nicht befahren werden k\u00f6nnen und d\u00fcrfen. Und wir haben ganz viele Regenb\u00f6gen gesehen. <br>\u00dcberall sind Caf\u00e9s, Bars, Restaurants, so dass auch die Pausen sch\u00f6n werden. Allerdings hatte jetzt Anfang November auch schon einiges geschlossen. Doch auch abends haben wir immer gut gegessen. Besonders empfehlen kann ich Klein und Fein und St\u00f6rtebeker.<br>Gest\u00f6rt hat uns allerdings ganz extrem, dass in Lokalen, in denen nicht gegessen wird, geraucht werden darf. Das ist hier in NRW \u00fcberall verboten. Dort gab es abends nichts, wo wir uns mit einem Glas Wein oder Bier ohne Qualm hinsetzen konnten. Niedersachsen ist ein Raucherparadies. Ich w\u00fcrde mir sehr w\u00fcnschen, dass dort mal \u00e4hnliche Regeln gelten wie hier.<\/p>\n\n\n\n<h3 class=\"wp-block-heading\">Sch\u00f6ner Urlaub<\/h3>\n\n\n\n<p>Insgesamt war es eine wundersch\u00f6ne Woche auf Borkum. Das Wetter war viel besser als ich es erwarten konnte. Wir haben uns gut erholt und \u00fcberlegen, auf welche Insel wir n\u00e4chstes Jahr fahren werden.<\/p>\n","protected":false},"excerpt":{"rendered":"<p>Kurzurlaub an der Nordsee Eine Woche m\u00f6glichst gar nichts tun, das haben wir uns f\u00fcr unseren Urlaub auf Borkum vorgenommen. Viel rauen Wind um die Nase wehen lassen und nat\u00fcrlich lesen.Welche B\u00fccher ich im Urlaub gelesen habe und was die Insel f\u00fcr uns zu bieten hatte, erz\u00e4hle ich in diesem Post.<\/p>\n","protected":false},"author":2,"featured_media":0,"comment_status":"open","ping_status":"open","sticky":false,"template":"","format":"standard","meta":{"footnotes":""},"categories":[1,808],"tags":[1442,609,236,28,271],"class_list":["post-16878","post","type-post","status-publish","format-standard","hentry","category-allgemein","category-buchtipps","tag-borkum","tag-buecher","tag-insel","tag-nordsee","tag-urlaub"],"yoast_head":"<!-- This site is optimized with the Yoast SEO plugin v27.4 - https:\/\/yoast.com\/product\/yoast-seo-wordpress\/ -->\n<title>Nachlese Borkum | Leckere Kekse &amp; mehr<\/title>\n<meta name=\"description\" content=\"Eine Woche im November auf Borkum. Zeit zum Lesen und f\u00fcr viele andere Dinge. Kurzbesprechungen der gelesenen B\u00fccher und Urlaubstipps.\" \/>\n<meta name=\"robots\" content=\"index, follow, max-snippet:-1, max-image-preview:large, max-video-preview:-1\" \/>\n<link rel=\"canonical\" href=\"https:\/\/leckerekekse.de\/wordpress\/nachlese-borkum\/\" \/>\n<meta property=\"og:locale\" content=\"de_DE\" \/>\n<meta property=\"og:type\" content=\"article\" \/>\n<meta property=\"og:title\" content=\"Nachlese Borkum | Leckere Kekse &amp; mehr\" \/>\n<meta property=\"og:description\" content=\"Eine Woche im November auf Borkum. Zeit zum Lesen und f\u00fcr viele andere Dinge. Kurzbesprechungen der gelesenen B\u00fccher und Urlaubstipps.\" \/>\n<meta property=\"og:url\" content=\"https:\/\/leckerekekse.de\/wordpress\/nachlese-borkum\/\" \/>\n<meta property=\"og:site_name\" content=\"Leckere Kekse &amp; mehr\" \/>\n<meta property=\"article:published_time\" content=\"2021-11-14T08:08:00+00:00\" \/>\n<meta property=\"og:image\" content=\"https:\/\/leckerekekse.de\/wordpress\/wp-content\/uploads\/2021\/11\/urlaub-auf-borkum.jpg\" \/>\n<meta name=\"author\" content=\"Buchlieberin\" \/>\n<meta name=\"twitter:label1\" content=\"Verfasst von\" \/>\n\t<meta name=\"twitter:data1\" content=\"Buchlieberin\" \/>\n\t<meta name=\"twitter:label2\" content=\"Gesch\u00e4tzte Lesezeit\" \/>\n\t<meta name=\"twitter:data2\" content=\"9\u00a0Minuten\" \/>\n<script type=\"application\/ld+json\" class=\"yoast-schema-graph\">{\"@context\":\"https:\\\/\\\/schema.org\",\"@graph\":[{\"@type\":\"Article\",\"@id\":\"https:\\\/\\\/leckerekekse.de\\\/wordpress\\\/nachlese-borkum\\\/#article\",\"isPartOf\":{\"@id\":\"https:\\\/\\\/leckerekekse.de\\\/wordpress\\\/nachlese-borkum\\\/\"},\"author\":{\"name\":\"Buchlieberin\",\"@id\":\"https:\\\/\\\/leckerekekse.de\\\/wordpress\\\/#\\\/schema\\\/person\\\/aeca9a159c2be36b9bce9092b38c13c8\"},\"headline\":\"Nachlese Borkum\",\"datePublished\":\"2021-11-14T08:08:00+00:00\",\"mainEntityOfPage\":{\"@id\":\"https:\\\/\\\/leckerekekse.de\\\/wordpress\\\/nachlese-borkum\\\/\"},\"wordCount\":1703,\"commentCount\":0,\"publisher\":{\"@id\":\"https:\\\/\\\/leckerekekse.de\\\/wordpress\\\/#\\\/schema\\\/person\\\/6e4b2658514a3b7423a1f323400bdc1b\"},\"image\":{\"@id\":\"https:\\\/\\\/leckerekekse.de\\\/wordpress\\\/nachlese-borkum\\\/#primaryimage\"},\"thumbnailUrl\":\"https:\\\/\\\/leckerekekse.de\\\/wordpress\\\/wp-content\\\/uploads\\\/2021\\\/11\\\/urlaub-auf-borkum.jpg\",\"keywords\":[\"Borkum\",\"B\u00fccher\",\"Insel\",\"Nordsee\",\"Urlaub\"],\"articleSection\":{\"1\":\"Buchtipps\"},\"inLanguage\":\"de\",\"potentialAction\":[{\"@type\":\"CommentAction\",\"name\":\"Comment\",\"target\":[\"https:\\\/\\\/leckerekekse.de\\\/wordpress\\\/nachlese-borkum\\\/#respond\"]}]},{\"@type\":\"WebPage\",\"@id\":\"https:\\\/\\\/leckerekekse.de\\\/wordpress\\\/nachlese-borkum\\\/\",\"url\":\"https:\\\/\\\/leckerekekse.de\\\/wordpress\\\/nachlese-borkum\\\/\",\"name\":\"Nachlese Borkum | Leckere Kekse &amp; mehr\",\"isPartOf\":{\"@id\":\"https:\\\/\\\/leckerekekse.de\\\/wordpress\\\/#website\"},\"primaryImageOfPage\":{\"@id\":\"https:\\\/\\\/leckerekekse.de\\\/wordpress\\\/nachlese-borkum\\\/#primaryimage\"},\"image\":{\"@id\":\"https:\\\/\\\/leckerekekse.de\\\/wordpress\\\/nachlese-borkum\\\/#primaryimage\"},\"thumbnailUrl\":\"https:\\\/\\\/leckerekekse.de\\\/wordpress\\\/wp-content\\\/uploads\\\/2021\\\/11\\\/urlaub-auf-borkum.jpg\",\"datePublished\":\"2021-11-14T08:08:00+00:00\",\"description\":\"Eine Woche im November auf Borkum. Zeit zum Lesen und f\u00fcr viele andere Dinge. Kurzbesprechungen der gelesenen B\u00fccher und Urlaubstipps.\",\"breadcrumb\":{\"@id\":\"https:\\\/\\\/leckerekekse.de\\\/wordpress\\\/nachlese-borkum\\\/#breadcrumb\"},\"inLanguage\":\"de\",\"potentialAction\":[{\"@type\":\"ReadAction\",\"target\":[\"https:\\\/\\\/leckerekekse.de\\\/wordpress\\\/nachlese-borkum\\\/\"]}]},{\"@type\":\"ImageObject\",\"inLanguage\":\"de\",\"@id\":\"https:\\\/\\\/leckerekekse.de\\\/wordpress\\\/nachlese-borkum\\\/#primaryimage\",\"url\":\"https:\\\/\\\/leckerekekse.de\\\/wordpress\\\/wp-content\\\/uploads\\\/2021\\\/11\\\/urlaub-auf-borkum.jpg\",\"contentUrl\":\"https:\\\/\\\/leckerekekse.de\\\/wordpress\\\/wp-content\\\/uploads\\\/2021\\\/11\\\/urlaub-auf-borkum.jpg\",\"width\":640,\"height\":427},{\"@type\":\"BreadcrumbList\",\"@id\":\"https:\\\/\\\/leckerekekse.de\\\/wordpress\\\/nachlese-borkum\\\/#breadcrumb\",\"itemListElement\":[{\"@type\":\"ListItem\",\"position\":1,\"name\":\"Home\",\"item\":\"https:\\\/\\\/leckerekekse.de\\\/wordpress\\\/\"},{\"@type\":\"ListItem\",\"position\":2,\"name\":\"Nachlese Borkum\"}]},{\"@type\":\"WebSite\",\"@id\":\"https:\\\/\\\/leckerekekse.de\\\/wordpress\\\/#website\",\"url\":\"https:\\\/\\\/leckerekekse.de\\\/wordpress\\\/\",\"name\":\"Leckere Kekse &amp; mehr\",\"description\":\"Kekse backen, B\u00fccher lesen und mehr\",\"publisher\":{\"@id\":\"https:\\\/\\\/leckerekekse.de\\\/wordpress\\\/#\\\/schema\\\/person\\\/6e4b2658514a3b7423a1f323400bdc1b\"},\"potentialAction\":[{\"@type\":\"SearchAction\",\"target\":{\"@type\":\"EntryPoint\",\"urlTemplate\":\"https:\\\/\\\/leckerekekse.de\\\/wordpress\\\/?s={search_term_string}\"},\"query-input\":{\"@type\":\"PropertyValueSpecification\",\"valueRequired\":true,\"valueName\":\"search_term_string\"}}],\"inLanguage\":\"de\"},{\"@type\":[\"Person\",\"Organization\"],\"@id\":\"https:\\\/\\\/leckerekekse.de\\\/wordpress\\\/#\\\/schema\\\/person\\\/6e4b2658514a3b7423a1f323400bdc1b\",\"name\":\"Astrid\",\"logo\":{\"@id\":\"https:\\\/\\\/leckerekekse.de\\\/wordpress\\\/#\\\/schema\\\/person\\\/image\\\/\"},\"sameAs\":[\"https:\\\/\\\/leckerekekse.de\\\/wordpress\"]},{\"@type\":\"Person\",\"@id\":\"https:\\\/\\\/leckerekekse.de\\\/wordpress\\\/#\\\/schema\\\/person\\\/aeca9a159c2be36b9bce9092b38c13c8\",\"name\":\"Buchlieberin\",\"sameAs\":[\"https:\\\/\\\/leckerekekse.de\\\/wordpress\"]}]}<\/script>\n<!-- \/ Yoast SEO plugin. -->","yoast_head_json":{"title":"Nachlese Borkum | Leckere Kekse &amp; mehr","description":"Eine Woche im November auf Borkum. Zeit zum Lesen und f\u00fcr viele andere Dinge. Kurzbesprechungen der gelesenen B\u00fccher und Urlaubstipps.","robots":{"index":"index","follow":"follow","max-snippet":"max-snippet:-1","max-image-preview":"max-image-preview:large","max-video-preview":"max-video-preview:-1"},"canonical":"https:\/\/leckerekekse.de\/wordpress\/nachlese-borkum\/","og_locale":"de_DE","og_type":"article","og_title":"Nachlese Borkum | Leckere Kekse &amp; mehr","og_description":"Eine Woche im November auf Borkum. Zeit zum Lesen und f\u00fcr viele andere Dinge. Kurzbesprechungen der gelesenen B\u00fccher und Urlaubstipps.","og_url":"https:\/\/leckerekekse.de\/wordpress\/nachlese-borkum\/","og_site_name":"Leckere Kekse &amp; mehr","article_published_time":"2021-11-14T08:08:00+00:00","og_image":[{"url":"https:\/\/leckerekekse.de\/wordpress\/wp-content\/uploads\/2021\/11\/urlaub-auf-borkum.jpg","type":"","width":"","height":""}],"author":"Buchlieberin","twitter_misc":{"Verfasst von":"Buchlieberin","Gesch\u00e4tzte Lesezeit":"9\u00a0Minuten"},"schema":{"@context":"https:\/\/schema.org","@graph":[{"@type":"Article","@id":"https:\/\/leckerekekse.de\/wordpress\/nachlese-borkum\/#article","isPartOf":{"@id":"https:\/\/leckerekekse.de\/wordpress\/nachlese-borkum\/"},"author":{"name":"Buchlieberin","@id":"https:\/\/leckerekekse.de\/wordpress\/#\/schema\/person\/aeca9a159c2be36b9bce9092b38c13c8"},"headline":"Nachlese Borkum","datePublished":"2021-11-14T08:08:00+00:00","mainEntityOfPage":{"@id":"https:\/\/leckerekekse.de\/wordpress\/nachlese-borkum\/"},"wordCount":1703,"commentCount":0,"publisher":{"@id":"https:\/\/leckerekekse.de\/wordpress\/#\/schema\/person\/6e4b2658514a3b7423a1f323400bdc1b"},"image":{"@id":"https:\/\/leckerekekse.de\/wordpress\/nachlese-borkum\/#primaryimage"},"thumbnailUrl":"https:\/\/leckerekekse.de\/wordpress\/wp-content\/uploads\/2021\/11\/urlaub-auf-borkum.jpg","keywords":["Borkum","B\u00fccher","Insel","Nordsee","Urlaub"],"articleSection":{"1":"Buchtipps"},"inLanguage":"de","potentialAction":[{"@type":"CommentAction","name":"Comment","target":["https:\/\/leckerekekse.de\/wordpress\/nachlese-borkum\/#respond"]}]},{"@type":"WebPage","@id":"https:\/\/leckerekekse.de\/wordpress\/nachlese-borkum\/","url":"https:\/\/leckerekekse.de\/wordpress\/nachlese-borkum\/","name":"Nachlese Borkum | Leckere Kekse &amp; mehr","isPartOf":{"@id":"https:\/\/leckerekekse.de\/wordpress\/#website"},"primaryImageOfPage":{"@id":"https:\/\/leckerekekse.de\/wordpress\/nachlese-borkum\/#primaryimage"},"image":{"@id":"https:\/\/leckerekekse.de\/wordpress\/nachlese-borkum\/#primaryimage"},"thumbnailUrl":"https:\/\/leckerekekse.de\/wordpress\/wp-content\/uploads\/2021\/11\/urlaub-auf-borkum.jpg","datePublished":"2021-11-14T08:08:00+00:00","description":"Eine Woche im November auf Borkum. Zeit zum Lesen und f\u00fcr viele andere Dinge. Kurzbesprechungen der gelesenen B\u00fccher und Urlaubstipps.","breadcrumb":{"@id":"https:\/\/leckerekekse.de\/wordpress\/nachlese-borkum\/#breadcrumb"},"inLanguage":"de","potentialAction":[{"@type":"ReadAction","target":["https:\/\/leckerekekse.de\/wordpress\/nachlese-borkum\/"]}]},{"@type":"ImageObject","inLanguage":"de","@id":"https:\/\/leckerekekse.de\/wordpress\/nachlese-borkum\/#primaryimage","url":"https:\/\/leckerekekse.de\/wordpress\/wp-content\/uploads\/2021\/11\/urlaub-auf-borkum.jpg","contentUrl":"https:\/\/leckerekekse.de\/wordpress\/wp-content\/uploads\/2021\/11\/urlaub-auf-borkum.jpg","width":640,"height":427},{"@type":"BreadcrumbList","@id":"https:\/\/leckerekekse.de\/wordpress\/nachlese-borkum\/#breadcrumb","itemListElement":[{"@type":"ListItem","position":1,"name":"Home","item":"https:\/\/leckerekekse.de\/wordpress\/"},{"@type":"ListItem","position":2,"name":"Nachlese Borkum"}]},{"@type":"WebSite","@id":"https:\/\/leckerekekse.de\/wordpress\/#website","url":"https:\/\/leckerekekse.de\/wordpress\/","name":"Leckere Kekse &amp; mehr","description":"Kekse backen, B\u00fccher lesen und mehr","publisher":{"@id":"https:\/\/leckerekekse.de\/wordpress\/#\/schema\/person\/6e4b2658514a3b7423a1f323400bdc1b"},"potentialAction":[{"@type":"SearchAction","target":{"@type":"EntryPoint","urlTemplate":"https:\/\/leckerekekse.de\/wordpress\/?s={search_term_string}"},"query-input":{"@type":"PropertyValueSpecification","valueRequired":true,"valueName":"search_term_string"}}],"inLanguage":"de"},{"@type":["Person","Organization"],"@id":"https:\/\/leckerekekse.de\/wordpress\/#\/schema\/person\/6e4b2658514a3b7423a1f323400bdc1b","name":"Astrid","logo":{"@id":"https:\/\/leckerekekse.de\/wordpress\/#\/schema\/person\/image\/"},"sameAs":["https:\/\/leckerekekse.de\/wordpress"]},{"@type":"Person","@id":"https:\/\/leckerekekse.de\/wordpress\/#\/schema\/person\/aeca9a159c2be36b9bce9092b38c13c8","name":"Buchlieberin","sameAs":["https:\/\/leckerekekse.de\/wordpress"]}]}},"_links":{"self":[{"href":"https:\/\/leckerekekse.de\/wordpress\/wp-json\/wp\/v2\/posts\/16878","targetHints":{"allow":["GET"]}}],"collection":[{"href":"https:\/\/leckerekekse.de\/wordpress\/wp-json\/wp\/v2\/posts"}],"about":[{"href":"https:\/\/leckerekekse.de\/wordpress\/wp-json\/wp\/v2\/types\/post"}],"author":[{"embeddable":true,"href":"https:\/\/leckerekekse.de\/wordpress\/wp-json\/wp\/v2\/users\/2"}],"replies":[{"embeddable":true,"href":"https:\/\/leckerekekse.de\/wordpress\/wp-json\/wp\/v2\/comments?post=16878"}],"version-history":[{"count":3,"href":"https:\/\/leckerekekse.de\/wordpress\/wp-json\/wp\/v2\/posts\/16878\/revisions"}],"predecessor-version":[{"id":16890,"href":"https:\/\/leckerekekse.de\/wordpress\/wp-json\/wp\/v2\/posts\/16878\/revisions\/16890"}],"wp:attachment":[{"href":"https:\/\/leckerekekse.de\/wordpress\/wp-json\/wp\/v2\/media?parent=16878"}],"wp:term":[{"taxonomy":"category","embeddable":true,"href":"https:\/\/leckerekekse.de\/wordpress\/wp-json\/wp\/v2\/categories?post=16878"},{"taxonomy":"post_tag","embeddable":true,"href":"https:\/\/leckerekekse.de\/wordpress\/wp-json\/wp\/v2\/tags?post=16878"}],"curies":[{"name":"wp","href":"https:\/\/api.w.org\/{rel}","templated":true}]}}