{"id":17272,"date":"2022-05-08T08:02:00","date_gmt":"2022-05-08T06:02:00","guid":{"rendered":"https:\/\/leckerekekse.de\/wordpress\/?p=17272"},"modified":"2022-05-07T16:02:53","modified_gmt":"2022-05-07T14:02:53","slug":"laura-cwiertnia-auf-der-strasse-heissen-wir-anders","status":"publish","type":"post","link":"https:\/\/leckerekekse.de\/wordpress\/laura-cwiertnia-auf-der-strasse-heissen-wir-anders\/","title":{"rendered":"Laura Cwiertnia: Auf der Strasse hei\u00dfen wir anders"},"content":{"rendered":"\n<figure class=\"wp-block-image size-full\"><img loading=\"lazy\" decoding=\"async\" width=\"640\" height=\"446\" src=\"https:\/\/leckerekekse.de\/wordpress\/wp-content\/uploads\/2022\/05\/cwiertnia-strasse-heissen-wir-anders.jpg\" alt=\"Cover Buch Auf der Strasse hei\u00dfen wir anders von Laura Cwiertnia\" class=\"wp-image-17273\" srcset=\"https:\/\/leckerekekse.de\/wordpress\/wp-content\/uploads\/2022\/05\/cwiertnia-strasse-heissen-wir-anders.jpg 640w, https:\/\/leckerekekse.de\/wordpress\/wp-content\/uploads\/2022\/05\/cwiertnia-strasse-heissen-wir-anders-300x209.jpg 300w\" sizes=\"auto, (max-width: 640px) 100vw, 640px\" \/><\/figure>\n\n\n\n<h2 class=\"wp-block-heading\" id=\"armenische-familiengeschichte\">Armenische Familiengeschichte<\/h2>\n\n\n\n<p>Karlotta w\u00e4chst in Bremen auf. Sie lebt bei ihrer deutschen Mutter. Ihr Vater ist Taxifahrer und gilt als T\u00fcrke, ist aber eigentlich Armenier. Ein Armenier, der noch nie in Armenien war. Der Roman handelt von der Vergangenheit der Familie des Vaters, Karlottas Kindheit und einer gemeinsamen Reise von Vater und Tochter. Ja, ihr erratet es: nach Armenien.&nbsp; Dabei lernte ich viele Einzelheiten aus der Geschichte der Armenier im 20. Jahrhundert.&nbsp;<\/p>\n\n\n\n<!--more-->\n\n\n\n<p>Das Buch beginnt mit einer Beerdigung. Karlas Gro\u00dfmutter ist gestorben. Eine Zeremonie mit armenischen Anteilen. Sie weckt Karlas Interesse, mehr \u00fcber die Familie und die Heimat dieses Familienzweiges zu wissen. Als noch ein Erbst\u00fcck an eine Armenierin vermacht wird, packt sie die Gelegenheit und ihren Vater um dorthin zu reisen und die verschollene Verwandte zu finden.<\/p>\n\n\n\n<h3 class=\"wp-block-heading\" id=\"perspektiven\">Perspektiven<\/h3>\n\n\n\n<p>Der Roman ist aus verschiedenen Perspektiven geschrieben. Allen voran Karlotta, die sich im Laufe der Zeit zu Karla wandelt. Aus wessen Sicht gerade ein Teil der Geschichte erz\u00e4hlt wird, erfuhr ich immer am Anfang des Kapitels, die \u00dcberschrift entspricht dem Namen.<br>Doch es werden nicht nur Teile der Familiengeschichte aus verschiedenen Sichten erz\u00e4hlt, sondern alles auch noch r\u00fcckw\u00e4rts.<br>Ein Erz\u00e4hlstrang, der von Karla, verl\u00e4uft in der Gegenwart und ist auch im Pr\u00e4senz geschrieben.<br>Der andere Strang erz\u00e4hlt die Geschichte der Familie. Er beginnt mit Karlottas Kindheit und Jugend, geht \u00fcber die Geschichte des Vaters, der Gro\u00dfmutter und f\u00fchrt so weiter immer weiter in die Vergangenheit.<\/p>\n\n\n\n<h3 class=\"wp-block-heading\" id=\"korrekturen\">Korrekturen<\/h3>\n\n\n\n<p>Das ist eine sehr spannende Konstruktion. So dachte ich zum Beispiel erst: was ist das f\u00fcr eine Mutter, die ihre Kinder ohne Abschied bei einem gewaltt\u00e4tigen Vater zur\u00fcckl\u00e4sst?<br>Da hatte ich nat\u00fcrlich erstmal sehr ungute Gef\u00fchle dieser Protagonistin gegen\u00fcber. Bis ich St\u00fcck f\u00fcr St\u00fcck hinter die Motive und die zugrunde liegenden Ereignisse kam. Sie wurde vieles r\u00fcckwirkend korrigiert. Dauernd musste ich mich neu einstellen und meine Ansicht \u00e4ndern. Das fand ich Diese Erz\u00e4hlweise lehrte mich mal wieder, dass ich nicht \u00fcber Menschen urteilen sollte, bis ich nicht die wahren Beweggr\u00fcnde kenne.<\/p>\n\n\n\n<figure class=\"wp-block-image size-full\"><img loading=\"lazy\" decoding=\"async\" width=\"640\" height=\"446\" src=\"https:\/\/leckerekekse.de\/wordpress\/wp-content\/uploads\/2022\/05\/laura-cwiertnia-rezension.jpg\" alt=\"Laura Cwiertnia\" class=\"wp-image-17276\" srcset=\"https:\/\/leckerekekse.de\/wordpress\/wp-content\/uploads\/2022\/05\/laura-cwiertnia-rezension.jpg 640w, https:\/\/leckerekekse.de\/wordpress\/wp-content\/uploads\/2022\/05\/laura-cwiertnia-rezension-300x209.jpg 300w\" sizes=\"auto, (max-width: 640px) 100vw, 640px\" \/><figcaption>Copyright Autorinnenfoto: Marlena Waldthausen \u00fcber Klett-Cotta-Verlag<\/figcaption><\/figure>\n\n\n\n<h3 class=\"wp-block-heading\" id=\"pogrom\">Pogrom<\/h3>\n\n\n\n<p>Armenier sind ein verfolgtes Volk. Der V\u00f6lkermord begann bereits mit Massakern Ende des 19. Jahrhunderts und gipfelte in einem systematischen Genozid w\u00e4hrend des ersten Weltkrieges.<br>nach dem zweiten Weltkrieg lebten viele Armenier in der T\u00fcrkei. Dort gab es im September 1955 ein weiteres Pogrom in Istanbul und weiteren St\u00e4dten in der T\u00fcrkei.&nbsp;<br>Die Armenier die dies \u00fcberlebten wurden ihrer wirtschaftlichen Existenz beraubt und gaben sich nach Au\u00dfen als T\u00fcrken aus. Das gibt diesem Roman auch seinen Namen:<\/p>\n\n\n\n<p>Seit ihrer Kindheit legten sie ihren Vornamen an der T\u00fcrschwelle ab wie einen Mantel. Zuhause hie\u00df sie Maryam, drau\u00dfen Meryem. \u2026<br>\u201eAuf der Stra\u00dfe hei\u00dfen wir anders\u201c Das hatte ihre Mutter oft zu ihr gesagt, als sie noch klein war.\u201c<\/p>\n\n\n\n<p>Als weiterf\u00fchrende Lekt\u00fcre empfehle ich <a href=\"https:\/\/birgit-boellinger.com\/2015\/04\/14\/hilsenrath-marchen\/\" target=\"_blank\" rel=\"noreferrer noopener\">Das M\u00e4rchen vom letzten Gedanken<\/a> von Edgar Hilsenrath und <a href=\"https:\/\/schreibgewitter.de\/?p=333\" target=\"_blank\" rel=\"noreferrer noopener\">Die vierzig Tage des Musa Dagh<\/a> von Franz Werfel. Beides B\u00fccher, die ich vor ca. 20 Jahren gelesen habe und mir immer noch in Erinnerung geblieben sind. In beiden Romanen ist der V\u00f6lkermord von 1915 das Thema.<\/p>\n\n\n\n<h3 class=\"wp-block-heading\" id=\"reise-nach-armenien\">Reise nach Armenien<\/h3>\n\n\n\n<p>Das Pogrom in der T\u00fcrkei im Jahr 1955 brachten alle weiteren, vorher im Roman beschriebenen, Ereignisse in Gang. Eine lange Kette von Kausalit\u00e4ten, die mit einem goldenen Armreif in der Schublade von Karlas Gro\u00dfmutter endeten. Oder eben nicht, weil Karla mit ihrem Vater nach Jerewan fliegt, Armenien und die Lebensart dort kennenlernt. Sie forschen dort auch nach Resten der Familie und versuchen hinter die Geschichte dieser Familie zu kommen.<\/p>\n\n\n\n<figure class=\"wp-block-image size-full\"><img loading=\"lazy\" decoding=\"async\" width=\"640\" height=\"446\" src=\"https:\/\/leckerekekse.de\/wordpress\/wp-content\/uploads\/2022\/05\/auf-der-strasse-heissen-wir-anders-cwiertnia.jpg\" alt=\"Cover Buch Auf der Strasse hei\u00dfen wir anders von Laura Cwiertnia\" class=\"wp-image-17274\" srcset=\"https:\/\/leckerekekse.de\/wordpress\/wp-content\/uploads\/2022\/05\/auf-der-strasse-heissen-wir-anders-cwiertnia.jpg 640w, https:\/\/leckerekekse.de\/wordpress\/wp-content\/uploads\/2022\/05\/auf-der-strasse-heissen-wir-anders-cwiertnia-300x209.jpg 300w\" sizes=\"auto, (max-width: 640px) 100vw, 640px\" \/><\/figure>\n\n\n\n<p>So wird es f\u00fcr den Vater doch zu einer Art Reise in eine Heimat, die er vorher nie kennenlernte.\u00a0 Denn er wuchs in der T\u00fcrkei und auch in Jerusalem auf.<\/p>\n\n\n\n<h3 class=\"wp-block-heading\" id=\"fazit\">Fazit<\/h3>\n\n\n\n<p><a href=\"https:\/\/www.klett-cotta.de\/buch\/Gegenwartsliteratur\/Auf_der_Strasse_heissen_wir_anders\/450817\">Auf der Stra\u00dfe hei\u00dfen wir anders<\/a> von Laura Cwiertnia ist ein sehr gut konstruierter Roman der ber\u00fchrt und auch manchmal am\u00fcsiert. Letzteres schafft die Autorin durch eine leichte Sprache und dem Verm\u00f6gen auch immer etwas Gutes in \u00fcblen Situationen zu sehen. Das Buch brachte mich dazu, mich mit dem Schicksal des armenischen Volkes zu besch\u00e4ftigen. Ein bemerkenswerter Deb\u00fctroman.<\/p>\n\n\n\n<h3 class=\"wp-block-heading\" id=\"weitere-stimmen\">Weitere Stimmen<\/h3>\n\n\n\n<p>Mehr Rezensionen zu diesem Buch k\u00f6nnt ihr auf diesen Blogs finden:<\/p>\n\n\n\n<p><a href=\"https:\/\/schiefgelesen.net\/2022\/04\/05\/fremde-heimat-auf-der-strase-heisen-wir-anders-von-laura-cwiertnia\/\">Schiefgelesen<\/a><br><a href=\"https:\/\/literaturreich.de\/2022\/03\/27\/laura-cwiertnia-auf-der-strasse-heissen-wir-anders\/\">LiteraturReich<\/a><br><a href=\"https:\/\/letteraturablog.wordpress.com\/2022\/02\/26\/laura-cwiertnia-auf-der-strase-heisen-wir-anders\/\">Letteratura<\/a><\/p>\n","protected":false},"excerpt":{"rendered":"<p>Armenische Familiengeschichte Karlotta w\u00e4chst in Bremen auf. Sie lebt bei ihrer deutschen Mutter. Ihr Vater ist Taxifahrer und gilt als T\u00fcrke, ist aber eigentlich Armenier. Ein Armenier, der noch nie in Armenien war. Der Roman handelt von der Vergangenheit der Familie des Vaters, Karlottas Kindheit und einer gemeinsamen Reise von Vater und Tochter. Ja, ihr [&hellip;]<\/p>\n","protected":false},"author":2,"featured_media":0,"comment_status":"open","ping_status":"open","sticky":false,"template":"","format":"standard","meta":{"footnotes":""},"categories":[1,3,788],"tags":[1470,835,29,1473,1472,1471],"class_list":["post-17272","post","type-post","status-publish","format-standard","hentry","category-allgemein","category-buecher","category-rezension","tag-armenien","tag-familiengeschichte","tag-heimat","tag-muetter","tag-toechter","tag-vaeter"],"yoast_head":"<!-- This site is optimized with the Yoast SEO plugin v27.4 - https:\/\/yoast.com\/product\/yoast-seo-wordpress\/ -->\n<title>Laura Cwiertnia: Auf der Strasse hei\u00dfen wir anders | Leckere Kekse &amp; mehr<\/title>\n<meta name=\"description\" content=\"Der Deb\u00fctroman von Laura Cwiertnia besch\u00e4ftigt sich mit einer Heimat, die keine ist. Eine armenische Familiengeschichte.\" \/>\n<meta name=\"robots\" content=\"index, follow, max-snippet:-1, max-image-preview:large, max-video-preview:-1\" \/>\n<link rel=\"canonical\" href=\"https:\/\/leckerekekse.de\/wordpress\/laura-cwiertnia-auf-der-strasse-heissen-wir-anders\/\" \/>\n<meta property=\"og:locale\" content=\"de_DE\" \/>\n<meta property=\"og:type\" content=\"article\" \/>\n<meta property=\"og:title\" content=\"Laura Cwiertnia: Auf der Strasse hei\u00dfen wir anders | Leckere Kekse &amp; mehr\" \/>\n<meta property=\"og:description\" content=\"Der Deb\u00fctroman von Laura Cwiertnia besch\u00e4ftigt sich mit einer Heimat, die keine ist. Eine armenische Familiengeschichte.\" \/>\n<meta property=\"og:url\" content=\"https:\/\/leckerekekse.de\/wordpress\/laura-cwiertnia-auf-der-strasse-heissen-wir-anders\/\" \/>\n<meta property=\"og:site_name\" content=\"Leckere Kekse &amp; mehr\" \/>\n<meta property=\"article:published_time\" content=\"2022-05-08T06:02:00+00:00\" \/>\n<meta property=\"og:image\" content=\"https:\/\/leckerekekse.de\/wordpress\/wp-content\/uploads\/2022\/05\/cwiertnia-strasse-heissen-wir-anders.jpg\" \/>\n<meta name=\"author\" content=\"Buchlieberin\" \/>\n<meta name=\"twitter:label1\" content=\"Verfasst von\" \/>\n\t<meta name=\"twitter:data1\" content=\"Buchlieberin\" \/>\n\t<meta name=\"twitter:label2\" content=\"Gesch\u00e4tzte Lesezeit\" \/>\n\t<meta name=\"twitter:data2\" content=\"5\u00a0Minuten\" \/>\n<script type=\"application\/ld+json\" class=\"yoast-schema-graph\">{\"@context\":\"https:\\\/\\\/schema.org\",\"@graph\":[{\"@type\":\"Article\",\"@id\":\"https:\\\/\\\/leckerekekse.de\\\/wordpress\\\/laura-cwiertnia-auf-der-strasse-heissen-wir-anders\\\/#article\",\"isPartOf\":{\"@id\":\"https:\\\/\\\/leckerekekse.de\\\/wordpress\\\/laura-cwiertnia-auf-der-strasse-heissen-wir-anders\\\/\"},\"author\":{\"name\":\"Buchlieberin\",\"@id\":\"https:\\\/\\\/leckerekekse.de\\\/wordpress\\\/#\\\/schema\\\/person\\\/aeca9a159c2be36b9bce9092b38c13c8\"},\"headline\":\"Laura Cwiertnia: Auf der Strasse hei\u00dfen wir anders\",\"datePublished\":\"2022-05-08T06:02:00+00:00\",\"mainEntityOfPage\":{\"@id\":\"https:\\\/\\\/leckerekekse.de\\\/wordpress\\\/laura-cwiertnia-auf-der-strasse-heissen-wir-anders\\\/\"},\"wordCount\":739,\"commentCount\":0,\"publisher\":{\"@id\":\"https:\\\/\\\/leckerekekse.de\\\/wordpress\\\/#\\\/schema\\\/person\\\/6e4b2658514a3b7423a1f323400bdc1b\"},\"image\":{\"@id\":\"https:\\\/\\\/leckerekekse.de\\\/wordpress\\\/laura-cwiertnia-auf-der-strasse-heissen-wir-anders\\\/#primaryimage\"},\"thumbnailUrl\":\"https:\\\/\\\/leckerekekse.de\\\/wordpress\\\/wp-content\\\/uploads\\\/2022\\\/05\\\/cwiertnia-strasse-heissen-wir-anders.jpg\",\"keywords\":[\"Armenien\",\"Familiengeschichte\",\"Heimat\",\"M\u00fctter\",\"T\u00f6chter\",\"V\u00e4ter\"],\"articleSection\":{\"1\":\"B\u00fccher\",\"2\":\"Rezension\"},\"inLanguage\":\"de\",\"potentialAction\":[{\"@type\":\"CommentAction\",\"name\":\"Comment\",\"target\":[\"https:\\\/\\\/leckerekekse.de\\\/wordpress\\\/laura-cwiertnia-auf-der-strasse-heissen-wir-anders\\\/#respond\"]}]},{\"@type\":\"WebPage\",\"@id\":\"https:\\\/\\\/leckerekekse.de\\\/wordpress\\\/laura-cwiertnia-auf-der-strasse-heissen-wir-anders\\\/\",\"url\":\"https:\\\/\\\/leckerekekse.de\\\/wordpress\\\/laura-cwiertnia-auf-der-strasse-heissen-wir-anders\\\/\",\"name\":\"Laura Cwiertnia: Auf der Strasse hei\u00dfen wir anders | Leckere Kekse &amp; mehr\",\"isPartOf\":{\"@id\":\"https:\\\/\\\/leckerekekse.de\\\/wordpress\\\/#website\"},\"primaryImageOfPage\":{\"@id\":\"https:\\\/\\\/leckerekekse.de\\\/wordpress\\\/laura-cwiertnia-auf-der-strasse-heissen-wir-anders\\\/#primaryimage\"},\"image\":{\"@id\":\"https:\\\/\\\/leckerekekse.de\\\/wordpress\\\/laura-cwiertnia-auf-der-strasse-heissen-wir-anders\\\/#primaryimage\"},\"thumbnailUrl\":\"https:\\\/\\\/leckerekekse.de\\\/wordpress\\\/wp-content\\\/uploads\\\/2022\\\/05\\\/cwiertnia-strasse-heissen-wir-anders.jpg\",\"datePublished\":\"2022-05-08T06:02:00+00:00\",\"description\":\"Der Deb\u00fctroman von Laura Cwiertnia besch\u00e4ftigt sich mit einer Heimat, die keine ist. Eine armenische Familiengeschichte.\",\"breadcrumb\":{\"@id\":\"https:\\\/\\\/leckerekekse.de\\\/wordpress\\\/laura-cwiertnia-auf-der-strasse-heissen-wir-anders\\\/#breadcrumb\"},\"inLanguage\":\"de\",\"potentialAction\":[{\"@type\":\"ReadAction\",\"target\":[\"https:\\\/\\\/leckerekekse.de\\\/wordpress\\\/laura-cwiertnia-auf-der-strasse-heissen-wir-anders\\\/\"]}]},{\"@type\":\"ImageObject\",\"inLanguage\":\"de\",\"@id\":\"https:\\\/\\\/leckerekekse.de\\\/wordpress\\\/laura-cwiertnia-auf-der-strasse-heissen-wir-anders\\\/#primaryimage\",\"url\":\"https:\\\/\\\/leckerekekse.de\\\/wordpress\\\/wp-content\\\/uploads\\\/2022\\\/05\\\/cwiertnia-strasse-heissen-wir-anders.jpg\",\"contentUrl\":\"https:\\\/\\\/leckerekekse.de\\\/wordpress\\\/wp-content\\\/uploads\\\/2022\\\/05\\\/cwiertnia-strasse-heissen-wir-anders.jpg\",\"width\":640,\"height\":446},{\"@type\":\"BreadcrumbList\",\"@id\":\"https:\\\/\\\/leckerekekse.de\\\/wordpress\\\/laura-cwiertnia-auf-der-strasse-heissen-wir-anders\\\/#breadcrumb\",\"itemListElement\":[{\"@type\":\"ListItem\",\"position\":1,\"name\":\"Home\",\"item\":\"https:\\\/\\\/leckerekekse.de\\\/wordpress\\\/\"},{\"@type\":\"ListItem\",\"position\":2,\"name\":\"Laura Cwiertnia: Auf der Strasse hei\u00dfen wir anders\"}]},{\"@type\":\"WebSite\",\"@id\":\"https:\\\/\\\/leckerekekse.de\\\/wordpress\\\/#website\",\"url\":\"https:\\\/\\\/leckerekekse.de\\\/wordpress\\\/\",\"name\":\"Leckere Kekse &amp; mehr\",\"description\":\"Kekse backen, B\u00fccher lesen und mehr\",\"publisher\":{\"@id\":\"https:\\\/\\\/leckerekekse.de\\\/wordpress\\\/#\\\/schema\\\/person\\\/6e4b2658514a3b7423a1f323400bdc1b\"},\"potentialAction\":[{\"@type\":\"SearchAction\",\"target\":{\"@type\":\"EntryPoint\",\"urlTemplate\":\"https:\\\/\\\/leckerekekse.de\\\/wordpress\\\/?s={search_term_string}\"},\"query-input\":{\"@type\":\"PropertyValueSpecification\",\"valueRequired\":true,\"valueName\":\"search_term_string\"}}],\"inLanguage\":\"de\"},{\"@type\":[\"Person\",\"Organization\"],\"@id\":\"https:\\\/\\\/leckerekekse.de\\\/wordpress\\\/#\\\/schema\\\/person\\\/6e4b2658514a3b7423a1f323400bdc1b\",\"name\":\"Astrid\",\"logo\":{\"@id\":\"https:\\\/\\\/leckerekekse.de\\\/wordpress\\\/#\\\/schema\\\/person\\\/image\\\/\"},\"sameAs\":[\"https:\\\/\\\/leckerekekse.de\\\/wordpress\"]},{\"@type\":\"Person\",\"@id\":\"https:\\\/\\\/leckerekekse.de\\\/wordpress\\\/#\\\/schema\\\/person\\\/aeca9a159c2be36b9bce9092b38c13c8\",\"name\":\"Buchlieberin\",\"sameAs\":[\"https:\\\/\\\/leckerekekse.de\\\/wordpress\"]}]}<\/script>\n<!-- \/ Yoast SEO plugin. -->","yoast_head_json":{"title":"Laura Cwiertnia: Auf der Strasse hei\u00dfen wir anders | Leckere Kekse &amp; mehr","description":"Der Deb\u00fctroman von Laura Cwiertnia besch\u00e4ftigt sich mit einer Heimat, die keine ist. Eine armenische Familiengeschichte.","robots":{"index":"index","follow":"follow","max-snippet":"max-snippet:-1","max-image-preview":"max-image-preview:large","max-video-preview":"max-video-preview:-1"},"canonical":"https:\/\/leckerekekse.de\/wordpress\/laura-cwiertnia-auf-der-strasse-heissen-wir-anders\/","og_locale":"de_DE","og_type":"article","og_title":"Laura Cwiertnia: Auf der Strasse hei\u00dfen wir anders | Leckere Kekse &amp; mehr","og_description":"Der Deb\u00fctroman von Laura Cwiertnia besch\u00e4ftigt sich mit einer Heimat, die keine ist. Eine armenische Familiengeschichte.","og_url":"https:\/\/leckerekekse.de\/wordpress\/laura-cwiertnia-auf-der-strasse-heissen-wir-anders\/","og_site_name":"Leckere Kekse &amp; mehr","article_published_time":"2022-05-08T06:02:00+00:00","og_image":[{"url":"https:\/\/leckerekekse.de\/wordpress\/wp-content\/uploads\/2022\/05\/cwiertnia-strasse-heissen-wir-anders.jpg","type":"","width":"","height":""}],"author":"Buchlieberin","twitter_misc":{"Verfasst von":"Buchlieberin","Gesch\u00e4tzte Lesezeit":"5\u00a0Minuten"},"schema":{"@context":"https:\/\/schema.org","@graph":[{"@type":"Article","@id":"https:\/\/leckerekekse.de\/wordpress\/laura-cwiertnia-auf-der-strasse-heissen-wir-anders\/#article","isPartOf":{"@id":"https:\/\/leckerekekse.de\/wordpress\/laura-cwiertnia-auf-der-strasse-heissen-wir-anders\/"},"author":{"name":"Buchlieberin","@id":"https:\/\/leckerekekse.de\/wordpress\/#\/schema\/person\/aeca9a159c2be36b9bce9092b38c13c8"},"headline":"Laura Cwiertnia: Auf der Strasse hei\u00dfen wir anders","datePublished":"2022-05-08T06:02:00+00:00","mainEntityOfPage":{"@id":"https:\/\/leckerekekse.de\/wordpress\/laura-cwiertnia-auf-der-strasse-heissen-wir-anders\/"},"wordCount":739,"commentCount":0,"publisher":{"@id":"https:\/\/leckerekekse.de\/wordpress\/#\/schema\/person\/6e4b2658514a3b7423a1f323400bdc1b"},"image":{"@id":"https:\/\/leckerekekse.de\/wordpress\/laura-cwiertnia-auf-der-strasse-heissen-wir-anders\/#primaryimage"},"thumbnailUrl":"https:\/\/leckerekekse.de\/wordpress\/wp-content\/uploads\/2022\/05\/cwiertnia-strasse-heissen-wir-anders.jpg","keywords":["Armenien","Familiengeschichte","Heimat","M\u00fctter","T\u00f6chter","V\u00e4ter"],"articleSection":{"1":"B\u00fccher","2":"Rezension"},"inLanguage":"de","potentialAction":[{"@type":"CommentAction","name":"Comment","target":["https:\/\/leckerekekse.de\/wordpress\/laura-cwiertnia-auf-der-strasse-heissen-wir-anders\/#respond"]}]},{"@type":"WebPage","@id":"https:\/\/leckerekekse.de\/wordpress\/laura-cwiertnia-auf-der-strasse-heissen-wir-anders\/","url":"https:\/\/leckerekekse.de\/wordpress\/laura-cwiertnia-auf-der-strasse-heissen-wir-anders\/","name":"Laura Cwiertnia: Auf der Strasse hei\u00dfen wir anders | Leckere Kekse &amp; mehr","isPartOf":{"@id":"https:\/\/leckerekekse.de\/wordpress\/#website"},"primaryImageOfPage":{"@id":"https:\/\/leckerekekse.de\/wordpress\/laura-cwiertnia-auf-der-strasse-heissen-wir-anders\/#primaryimage"},"image":{"@id":"https:\/\/leckerekekse.de\/wordpress\/laura-cwiertnia-auf-der-strasse-heissen-wir-anders\/#primaryimage"},"thumbnailUrl":"https:\/\/leckerekekse.de\/wordpress\/wp-content\/uploads\/2022\/05\/cwiertnia-strasse-heissen-wir-anders.jpg","datePublished":"2022-05-08T06:02:00+00:00","description":"Der Deb\u00fctroman von Laura Cwiertnia besch\u00e4ftigt sich mit einer Heimat, die keine ist. Eine armenische Familiengeschichte.","breadcrumb":{"@id":"https:\/\/leckerekekse.de\/wordpress\/laura-cwiertnia-auf-der-strasse-heissen-wir-anders\/#breadcrumb"},"inLanguage":"de","potentialAction":[{"@type":"ReadAction","target":["https:\/\/leckerekekse.de\/wordpress\/laura-cwiertnia-auf-der-strasse-heissen-wir-anders\/"]}]},{"@type":"ImageObject","inLanguage":"de","@id":"https:\/\/leckerekekse.de\/wordpress\/laura-cwiertnia-auf-der-strasse-heissen-wir-anders\/#primaryimage","url":"https:\/\/leckerekekse.de\/wordpress\/wp-content\/uploads\/2022\/05\/cwiertnia-strasse-heissen-wir-anders.jpg","contentUrl":"https:\/\/leckerekekse.de\/wordpress\/wp-content\/uploads\/2022\/05\/cwiertnia-strasse-heissen-wir-anders.jpg","width":640,"height":446},{"@type":"BreadcrumbList","@id":"https:\/\/leckerekekse.de\/wordpress\/laura-cwiertnia-auf-der-strasse-heissen-wir-anders\/#breadcrumb","itemListElement":[{"@type":"ListItem","position":1,"name":"Home","item":"https:\/\/leckerekekse.de\/wordpress\/"},{"@type":"ListItem","position":2,"name":"Laura Cwiertnia: Auf der Strasse hei\u00dfen wir anders"}]},{"@type":"WebSite","@id":"https:\/\/leckerekekse.de\/wordpress\/#website","url":"https:\/\/leckerekekse.de\/wordpress\/","name":"Leckere Kekse &amp; mehr","description":"Kekse backen, B\u00fccher lesen und mehr","publisher":{"@id":"https:\/\/leckerekekse.de\/wordpress\/#\/schema\/person\/6e4b2658514a3b7423a1f323400bdc1b"},"potentialAction":[{"@type":"SearchAction","target":{"@type":"EntryPoint","urlTemplate":"https:\/\/leckerekekse.de\/wordpress\/?s={search_term_string}"},"query-input":{"@type":"PropertyValueSpecification","valueRequired":true,"valueName":"search_term_string"}}],"inLanguage":"de"},{"@type":["Person","Organization"],"@id":"https:\/\/leckerekekse.de\/wordpress\/#\/schema\/person\/6e4b2658514a3b7423a1f323400bdc1b","name":"Astrid","logo":{"@id":"https:\/\/leckerekekse.de\/wordpress\/#\/schema\/person\/image\/"},"sameAs":["https:\/\/leckerekekse.de\/wordpress"]},{"@type":"Person","@id":"https:\/\/leckerekekse.de\/wordpress\/#\/schema\/person\/aeca9a159c2be36b9bce9092b38c13c8","name":"Buchlieberin","sameAs":["https:\/\/leckerekekse.de\/wordpress"]}]}},"_links":{"self":[{"href":"https:\/\/leckerekekse.de\/wordpress\/wp-json\/wp\/v2\/posts\/17272","targetHints":{"allow":["GET"]}}],"collection":[{"href":"https:\/\/leckerekekse.de\/wordpress\/wp-json\/wp\/v2\/posts"}],"about":[{"href":"https:\/\/leckerekekse.de\/wordpress\/wp-json\/wp\/v2\/types\/post"}],"author":[{"embeddable":true,"href":"https:\/\/leckerekekse.de\/wordpress\/wp-json\/wp\/v2\/users\/2"}],"replies":[{"embeddable":true,"href":"https:\/\/leckerekekse.de\/wordpress\/wp-json\/wp\/v2\/comments?post=17272"}],"version-history":[{"count":3,"href":"https:\/\/leckerekekse.de\/wordpress\/wp-json\/wp\/v2\/posts\/17272\/revisions"}],"predecessor-version":[{"id":17279,"href":"https:\/\/leckerekekse.de\/wordpress\/wp-json\/wp\/v2\/posts\/17272\/revisions\/17279"}],"wp:attachment":[{"href":"https:\/\/leckerekekse.de\/wordpress\/wp-json\/wp\/v2\/media?parent=17272"}],"wp:term":[{"taxonomy":"category","embeddable":true,"href":"https:\/\/leckerekekse.de\/wordpress\/wp-json\/wp\/v2\/categories?post=17272"},{"taxonomy":"post_tag","embeddable":true,"href":"https:\/\/leckerekekse.de\/wordpress\/wp-json\/wp\/v2\/tags?post=17272"}],"curies":[{"name":"wp","href":"https:\/\/api.w.org\/{rel}","templated":true}]}}