{"id":17282,"date":"2022-05-22T07:52:00","date_gmt":"2022-05-22T05:52:00","guid":{"rendered":"https:\/\/leckerekekse.de\/wordpress\/?p=17282"},"modified":"2022-05-19T08:35:03","modified_gmt":"2022-05-19T06:35:03","slug":"christoph-poschenrieder-ein-leben-lang","status":"publish","type":"post","link":"https:\/\/leckerekekse.de\/wordpress\/christoph-poschenrieder-ein-leben-lang\/","title":{"rendered":"Christoph Poschenrieder: Ein Leben lang"},"content":{"rendered":"\n<figure class=\"wp-block-image size-full\"><img loading=\"lazy\" decoding=\"async\" width=\"640\" height=\"480\" src=\"https:\/\/leckerekekse.de\/wordpress\/wp-content\/uploads\/2022\/05\/Poschenrieder-eim-leben-lang.jpg\" alt=\"Buch Ein Leben lang von Christoph Poschenrieder\" class=\"wp-image-17284\" srcset=\"https:\/\/leckerekekse.de\/wordpress\/wp-content\/uploads\/2022\/05\/Poschenrieder-eim-leben-lang.jpg 640w, https:\/\/leckerekekse.de\/wordpress\/wp-content\/uploads\/2022\/05\/Poschenrieder-eim-leben-lang-300x225.jpg 300w\" sizes=\"auto, (max-width: 640px) 100vw, 640px\" \/><\/figure>\n\n\n\n<h2 class=\"wp-block-heading\" id=\"kann-ein-morder-mein-freund-sein\">Kann ein M\u00f6rder mein Freund sein?<\/h2>\n\n\n\n<p>Eine Clique von Schulfreunden wird auf einen schweren Pr\u00fcfstand gestellt: einer von ihnen soll ein M\u00f6rder sein. Der Roman setzt 15 Jahre sp\u00e4ter auf. Eine Journalistin spricht mit allen aus der Freundesgruppe um daraus vielleicht selbst ein Buch zu machen.<\/p>\n\n\n\n<!--more-->\n\n\n\n<h3 class=\"wp-block-heading\" id=\"die-clique\">Die Clique<\/h3>\n\n\n\n<p>Sabine, Emilia, Benjamin, Till und Sebastian sind fast schon immer beste Freunde. Komplettiert wurde das Sextett durch einen weiteren jungen Mann, der eigentlich die Hauptperson des Romans ist, aber niemals mit Namen benannt wird. Hier hei\u00dft er nur \u201eDer Gefangene\u201c.<\/p>\n\n\n\n<blockquote class=\"wp-block-quote is-layout-flow wp-block-quote-is-layout-flow\"><p>Die nennen ihn nie beim Namen. Sie sind die Gruppe und er ist er, oder &lt;&lt;unser Freund&gt;&gt;. Einer von ihnen und doch nicht. Oder nicht mehr.<\/p><\/blockquote>\n\n\n\n<p>Sie haben schon viel zusammen gemacht, gefeiert und erlebt. H\u00e4ufig trafen sie sich in einer kleinen H\u00fctte an einem See. Grillten, schwammen, quatschten. Sie gingen miteinander durch dick und d\u00fcnn. Sie bleiben auch sp\u00e4ter in Kontakt als die Jugend vorbei war und \u201eder Ernst des Lebens\u201c begann. Eine Freundschaft, von der man nur tr\u00e4umen kann.<br>Doch die Tat, der Verdacht \u00e4ndert doch irgendwie alles. Zum einen schwei\u00dft es sie sehr eng zusammen. Zum anderen grenzt es \u201eihn\u201c auch aus. Entsteht dadurch nicht eine neue Gruppe?<\/p>\n\n\n\n<blockquote class=\"wp-block-quote is-layout-flow wp-block-quote-is-layout-flow\"><p>Das Einzige, was an unserer Gruppe speziell war, war, dass einer fehlte. Eine Gruppe um einen herum, der fehlte. Und in der Mitte ein Loch. Oder als w\u00fcrdest du auf deine H\u00e4nde schauen und, sagen wir, der Ringfinder der linken w\u00e4re weg. Trotzdem hast du zwei H\u00e4nde, oder? Ich kapier\u2019s heute noch nicht: Mit wie vielen Fingern ist eine Hand eine Hand?<\/p><\/blockquote>\n\n\n\n<p>F\u00fcr mich Bemerkenswert: ist eine Hand mit sechs Fingern (so viele sind in der Ursprungsgruppe) auch eine Hand? Meint der Sprecher, die Gruppe ist ohne den Gefangenen komplett ist?<\/p>\n\n\n\n<h3 class=\"wp-block-heading\" id=\"die-struktur-des-buches\">Die Struktur des Buches<\/h3>\n\n\n\n<p>Eigentlich ist es eine Art Notizbuch der Journalistin. Der Gefangene ist jetzt seit 15 Jahren im Knast. Er hat nie ein Gest\u00e4ndnis abgelegt. Vielleicht eine gute Gelegenheit alles nochmal aufzunehmen und Artikel oder gar ein Buch zu ver\u00f6ffentlichen?<br>Die Journalistin nimmt Kontakt zu allen aus der Clique auf und bittet um Interviews. Zu den einzelnen Phasen der Tat und des Prozesses kommen die Freunde zu Wort, immer sehr subjektiv.\u00a0 Seltener auch Der Gefangene. Sie entsteht ein Bild der Ereignisse aus verschiedenen Sichten. Das ist sehr spannend gemacht. Denn nat\u00fcrlich haben nicht alle dieselben Erinnerungen an bestimmte Ereignisse, oder haben einiges schon immer anders gesehen.<br>Inhaltlich wird so die Zeit von der Tat bis zur Anklage, der Prozess selbst und das Urteil aufgearbeitet. Somit schon chronologisch, aber aus sehr viel sp\u00e4teren Perspektiven.<\/p>\n\n\n\n<h3 class=\"wp-block-heading\" id=\"kein-krimi\">Kein Krimi<\/h3>\n\n\n\n<p>Das Buch ist spannend, aber kein Krimi. Obwohl es einen Kriminalfall behandelt.<br>Aus meiner Sicht geht es nicht um eine Aufl\u00f6sung, sondern darum, was mit dieser Freundesgruppe passiert, als einer von ihnen ein M\u00f6rder sein soll.<br>Hier zeigt sich auch die St\u00e4rke dieser Freundschaft. Alle st\u00e4rken Dem Gefangenen den R\u00fccken. Vor allem w\u00e4hrend des Prozesses, so langwierig er sich auch gestaltet. Das ist bewundernswert.<\/p>\n\n\n\n<p>Besonders interessant: sie fragen ihn nicht, ob er seinen Onkel get\u00f6tet hat.<br>Mir ist nicht ganz klar, ob sie Angst vor der Antwort haben, oder einfach von der Unschuld \u00fcberzeugt sind.<\/p>\n\n\n\n<blockquote class=\"wp-block-quote is-layout-flow wp-block-quote-is-layout-flow\"><p>Wir h\u00e4tten uns fr\u00fcher fragen m\u00fcssen, ob wir zu ihm halten, <em>weil<\/em> er es nicht getan hat, oder <em>obwohl<\/em> er es getan hat.<\/p><\/blockquote>\n\n\n\n<p>So ist der Titel \u201eEin Leben lang\u201c sch\u00f6n doppeldeutig: Lebenslang im Knast, aber auch echte&nbsp; Freundschaft kann lebenslang bedeuten.<\/p>\n\n\n\n<div class=\"wp-block-image\"><figure class=\"aligncenter size-full is-resized\"><img loading=\"lazy\" decoding=\"async\" src=\"https:\/\/leckerekekse.de\/wordpress\/wp-content\/uploads\/2022\/05\/ein-leben-lang-poschenrieder.jpg\" alt=\"Buch Ein Leben lang von Christoph Poschenrieder\" class=\"wp-image-17285\" width=\"481\" height=\"640\" srcset=\"https:\/\/leckerekekse.de\/wordpress\/wp-content\/uploads\/2022\/05\/ein-leben-lang-poschenrieder.jpg 481w, https:\/\/leckerekekse.de\/wordpress\/wp-content\/uploads\/2022\/05\/ein-leben-lang-poschenrieder-225x300.jpg 225w\" sizes=\"auto, (max-width: 481px) 100vw, 481px\" \/><\/figure><\/div>\n\n\n\n<h3 class=\"wp-block-heading\" id=\"was-wurde-ich-machen\">Was w\u00fcrde ich machen?<\/h3>\n\n\n\n<p>Wie w\u00fcrde ich reagieren, wenn eine sehr gute Freundin des Mordes angeklagt werden w\u00fcrde? K\u00f6nnte ich mir vorstellen, dass sie die Tat durchgef\u00fchrt hat? Also ich w\u00fcrde sie fragen, ob sie es war. Ich w\u00fcrde es wissen wollen. Und ihre Antwort glauben. Ob die Verbundenheit bestehen bleiben w\u00fcrde? Das h\u00e4ngt sicher von der Tat, dem Opfer, den Motiven ab.<br>Auch ich k\u00f6nnte sicher unter bestimmten Umst\u00e4nden zur M\u00f6rderin werden. Welche das w\u00e4ren? Keine Ahnung. Ich hoffe, das tritt nie ein.<\/p>\n\n\n\n<h3 class=\"wp-block-heading\" id=\"schuld\">Schuld<\/h3>\n\n\n\n<p>War er es, oder war er es nicht? Das ist in diesem Buch eben nicht die Frage.<br>Es gibt einen Indizienprozess, kein Gest\u00e4ndnis, keine eindeutigen Beweise. Aber einen Schuldspruch.<br>Der Gefangene sagt mal im Buch:<\/p>\n\n\n\n<blockquote class=\"wp-block-quote is-layout-flow wp-block-quote-is-layout-flow\"><p>Beweise, dass ich es <em>nicht<\/em> getan habe. Oder Beweise, <em>dass ich es getan habe<\/em>. Aber sag nicht: Ich h\u00e4tte es nie, <em>nie<\/em> tun k\u00f6nnen, weil \u2013 ja, warum? Weil ich ein guter Mensch bin? Sind wir doch alle. Und alle tun schreckliche Dinge. Sieh dich nur um.<\/p><\/blockquote>\n\n\n\n<p>F\u00fchlt er sich vielleicht schon deshalb schuldig, weil er es getan haben k\u00f6nnte? Kann er deshalb die Strafe akzeptieren? Allerdings bleibt ihm auch nichts anderes \u00fcbrig.<\/p>\n\n\n\n<h3 class=\"wp-block-heading\" id=\"fazit\">Fazit<\/h3>\n\n\n\n<p><a href=\"https:\/\/www.diogenes.ch\/leser\/titel\/christoph-poschenrieder\/ein-leben-lang-9783257071955.html\">Ein Leben lang<\/a> von <a href=\"https:\/\/www.poschenrieder.de\/\">Christoph Poschenrieder<\/a> ist ein wunderbares Buch \u00fcber Freundschaft. Eine spannende Chronik eines Verbrechens. Der Roman hat mich sehr zum Nachdenken angeregt.<\/p>\n\n\n\n<h3 class=\"wp-block-heading\" id=\"weitere-bucher-uber-freundschaft\">Weitere B\u00fccher \u00fcber Freundschaft<\/h3>\n\n\n\n<p><a href=\"https:\/\/leckerekekse.de\/wordpress\/shida-bazyar-drei-kameradinnen-rezension\/\">Shida Bazyar: Drei Kameradinnen<\/a><br><a href=\"https:\/\/leckerekekse.de\/wordpress\/orkun-ertener-was-bisher-geschah-und-was-niemals-geschehen-darf\/\">Orkun Ertener: Was bisher geschah (und was niemals geschehen darf)<\/a> <br><a href=\"https:\/\/leckerekekse.de\/wordpress\/lisa-krusche-unsere-anarchistischen-herzen\/\">Lisa Krusche: Unsere anarchistischen Herzen<\/a> <br><a href=\"https:\/\/leckerekekse.de\/wordpress\/salih-jamal-das-perfekte-grau\/\">Salih Jamal: Das perfekte Grau<\/a><\/p>\n","protected":false},"excerpt":{"rendered":"<p>Kann ein M\u00f6rder mein Freund sein? Eine Clique von Schulfreunden wird auf einen schweren Pr\u00fcfstand gestellt: einer von ihnen soll ein M\u00f6rder sein. Der Roman setzt 15 Jahre sp\u00e4ter auf. Eine Journalistin spricht mit allen aus der Freundesgruppe um daraus vielleicht selbst ein Buch zu machen.<\/p>\n","protected":false},"author":2,"featured_media":17284,"comment_status":"open","ping_status":"open","sticky":false,"template":"","format":"standard","meta":{"footnotes":""},"categories":[1,3,788],"tags":[1475,1082,998,868],"class_list":["post-17282","post","type-post","status-publish","format-standard","has-post-thumbnail","hentry","category-allgemein","category-buecher","category-rezension","tag-freunde","tag-freundschaft","tag-mord","tag-mordprozess"],"yoast_head":"<!-- This site is optimized with the Yoast SEO plugin v27.4 - https:\/\/yoast.com\/product\/yoast-seo-wordpress\/ -->\n<title>Christoph Poschenrieder: Ein Leben lang | Leckere Kekse &amp; mehr<\/title>\n<meta name=\"description\" content=\"Wenn ein Freund des Mordes angeklagt wird, macht das auch mit seinen Freunden etwas. Christoph Poschenrieder entwirft hier eine wunderbare Freundschaft.\" \/>\n<meta name=\"robots\" content=\"index, follow, max-snippet:-1, max-image-preview:large, max-video-preview:-1\" \/>\n<link rel=\"canonical\" href=\"https:\/\/leckerekekse.de\/wordpress\/christoph-poschenrieder-ein-leben-lang\/\" \/>\n<meta property=\"og:locale\" content=\"de_DE\" \/>\n<meta property=\"og:type\" content=\"article\" \/>\n<meta property=\"og:title\" content=\"Christoph Poschenrieder: Ein Leben lang | Leckere Kekse &amp; mehr\" \/>\n<meta property=\"og:description\" content=\"Wenn ein Freund des Mordes angeklagt wird, macht das auch mit seinen Freunden etwas. Christoph Poschenrieder entwirft hier eine wunderbare Freundschaft.\" \/>\n<meta property=\"og:url\" content=\"https:\/\/leckerekekse.de\/wordpress\/christoph-poschenrieder-ein-leben-lang\/\" \/>\n<meta property=\"og:site_name\" content=\"Leckere Kekse &amp; mehr\" \/>\n<meta property=\"article:published_time\" content=\"2022-05-22T05:52:00+00:00\" \/>\n<meta property=\"og:image\" content=\"https:\/\/leckerekekse.de\/wordpress\/wp-content\/uploads\/2022\/05\/Poschenrieder-eim-leben-lang.jpg\" \/>\n\t<meta property=\"og:image:width\" content=\"640\" \/>\n\t<meta property=\"og:image:height\" content=\"480\" \/>\n\t<meta property=\"og:image:type\" content=\"image\/jpeg\" \/>\n<meta name=\"author\" content=\"Buchlieberin\" \/>\n<meta name=\"twitter:label1\" content=\"Verfasst von\" \/>\n\t<meta name=\"twitter:data1\" content=\"Buchlieberin\" \/>\n\t<meta name=\"twitter:label2\" content=\"Gesch\u00e4tzte Lesezeit\" \/>\n\t<meta name=\"twitter:data2\" content=\"5\u00a0Minuten\" \/>\n<script type=\"application\/ld+json\" class=\"yoast-schema-graph\">{\"@context\":\"https:\\\/\\\/schema.org\",\"@graph\":[{\"@type\":\"Article\",\"@id\":\"https:\\\/\\\/leckerekekse.de\\\/wordpress\\\/christoph-poschenrieder-ein-leben-lang\\\/#article\",\"isPartOf\":{\"@id\":\"https:\\\/\\\/leckerekekse.de\\\/wordpress\\\/christoph-poschenrieder-ein-leben-lang\\\/\"},\"author\":{\"name\":\"Buchlieberin\",\"@id\":\"https:\\\/\\\/leckerekekse.de\\\/wordpress\\\/#\\\/schema\\\/person\\\/aeca9a159c2be36b9bce9092b38c13c8\"},\"headline\":\"Christoph Poschenrieder: Ein Leben lang\",\"datePublished\":\"2022-05-22T05:52:00+00:00\",\"mainEntityOfPage\":{\"@id\":\"https:\\\/\\\/leckerekekse.de\\\/wordpress\\\/christoph-poschenrieder-ein-leben-lang\\\/\"},\"wordCount\":869,\"commentCount\":0,\"publisher\":{\"@id\":\"https:\\\/\\\/leckerekekse.de\\\/wordpress\\\/#\\\/schema\\\/person\\\/6e4b2658514a3b7423a1f323400bdc1b\"},\"image\":{\"@id\":\"https:\\\/\\\/leckerekekse.de\\\/wordpress\\\/christoph-poschenrieder-ein-leben-lang\\\/#primaryimage\"},\"thumbnailUrl\":\"https:\\\/\\\/leckerekekse.de\\\/wordpress\\\/wp-content\\\/uploads\\\/2022\\\/05\\\/Poschenrieder-eim-leben-lang.jpg\",\"keywords\":[\"Freunde\",\"Freundschaft\",\"Mord\",\"Mordproze\u00df\"],\"articleSection\":{\"1\":\"B\u00fccher\",\"2\":\"Rezension\"},\"inLanguage\":\"de\",\"potentialAction\":[{\"@type\":\"CommentAction\",\"name\":\"Comment\",\"target\":[\"https:\\\/\\\/leckerekekse.de\\\/wordpress\\\/christoph-poschenrieder-ein-leben-lang\\\/#respond\"]}]},{\"@type\":\"WebPage\",\"@id\":\"https:\\\/\\\/leckerekekse.de\\\/wordpress\\\/christoph-poschenrieder-ein-leben-lang\\\/\",\"url\":\"https:\\\/\\\/leckerekekse.de\\\/wordpress\\\/christoph-poschenrieder-ein-leben-lang\\\/\",\"name\":\"Christoph Poschenrieder: Ein Leben lang | Leckere Kekse &amp; mehr\",\"isPartOf\":{\"@id\":\"https:\\\/\\\/leckerekekse.de\\\/wordpress\\\/#website\"},\"primaryImageOfPage\":{\"@id\":\"https:\\\/\\\/leckerekekse.de\\\/wordpress\\\/christoph-poschenrieder-ein-leben-lang\\\/#primaryimage\"},\"image\":{\"@id\":\"https:\\\/\\\/leckerekekse.de\\\/wordpress\\\/christoph-poschenrieder-ein-leben-lang\\\/#primaryimage\"},\"thumbnailUrl\":\"https:\\\/\\\/leckerekekse.de\\\/wordpress\\\/wp-content\\\/uploads\\\/2022\\\/05\\\/Poschenrieder-eim-leben-lang.jpg\",\"datePublished\":\"2022-05-22T05:52:00+00:00\",\"description\":\"Wenn ein Freund des Mordes angeklagt wird, macht das auch mit seinen Freunden etwas. Christoph Poschenrieder entwirft hier eine wunderbare Freundschaft.\",\"breadcrumb\":{\"@id\":\"https:\\\/\\\/leckerekekse.de\\\/wordpress\\\/christoph-poschenrieder-ein-leben-lang\\\/#breadcrumb\"},\"inLanguage\":\"de\",\"potentialAction\":[{\"@type\":\"ReadAction\",\"target\":[\"https:\\\/\\\/leckerekekse.de\\\/wordpress\\\/christoph-poschenrieder-ein-leben-lang\\\/\"]}]},{\"@type\":\"ImageObject\",\"inLanguage\":\"de\",\"@id\":\"https:\\\/\\\/leckerekekse.de\\\/wordpress\\\/christoph-poschenrieder-ein-leben-lang\\\/#primaryimage\",\"url\":\"https:\\\/\\\/leckerekekse.de\\\/wordpress\\\/wp-content\\\/uploads\\\/2022\\\/05\\\/Poschenrieder-eim-leben-lang.jpg\",\"contentUrl\":\"https:\\\/\\\/leckerekekse.de\\\/wordpress\\\/wp-content\\\/uploads\\\/2022\\\/05\\\/Poschenrieder-eim-leben-lang.jpg\",\"width\":640,\"height\":480},{\"@type\":\"BreadcrumbList\",\"@id\":\"https:\\\/\\\/leckerekekse.de\\\/wordpress\\\/christoph-poschenrieder-ein-leben-lang\\\/#breadcrumb\",\"itemListElement\":[{\"@type\":\"ListItem\",\"position\":1,\"name\":\"Home\",\"item\":\"https:\\\/\\\/leckerekekse.de\\\/wordpress\\\/\"},{\"@type\":\"ListItem\",\"position\":2,\"name\":\"Christoph Poschenrieder: Ein Leben lang\"}]},{\"@type\":\"WebSite\",\"@id\":\"https:\\\/\\\/leckerekekse.de\\\/wordpress\\\/#website\",\"url\":\"https:\\\/\\\/leckerekekse.de\\\/wordpress\\\/\",\"name\":\"Leckere Kekse &amp; mehr\",\"description\":\"Kekse backen, B\u00fccher lesen und mehr\",\"publisher\":{\"@id\":\"https:\\\/\\\/leckerekekse.de\\\/wordpress\\\/#\\\/schema\\\/person\\\/6e4b2658514a3b7423a1f323400bdc1b\"},\"potentialAction\":[{\"@type\":\"SearchAction\",\"target\":{\"@type\":\"EntryPoint\",\"urlTemplate\":\"https:\\\/\\\/leckerekekse.de\\\/wordpress\\\/?s={search_term_string}\"},\"query-input\":{\"@type\":\"PropertyValueSpecification\",\"valueRequired\":true,\"valueName\":\"search_term_string\"}}],\"inLanguage\":\"de\"},{\"@type\":[\"Person\",\"Organization\"],\"@id\":\"https:\\\/\\\/leckerekekse.de\\\/wordpress\\\/#\\\/schema\\\/person\\\/6e4b2658514a3b7423a1f323400bdc1b\",\"name\":\"Astrid\",\"logo\":{\"@id\":\"https:\\\/\\\/leckerekekse.de\\\/wordpress\\\/#\\\/schema\\\/person\\\/image\\\/\"},\"sameAs\":[\"https:\\\/\\\/leckerekekse.de\\\/wordpress\"]},{\"@type\":\"Person\",\"@id\":\"https:\\\/\\\/leckerekekse.de\\\/wordpress\\\/#\\\/schema\\\/person\\\/aeca9a159c2be36b9bce9092b38c13c8\",\"name\":\"Buchlieberin\",\"sameAs\":[\"https:\\\/\\\/leckerekekse.de\\\/wordpress\"]}]}<\/script>\n<!-- \/ Yoast SEO plugin. -->","yoast_head_json":{"title":"Christoph Poschenrieder: Ein Leben lang | Leckere Kekse &amp; mehr","description":"Wenn ein Freund des Mordes angeklagt wird, macht das auch mit seinen Freunden etwas. Christoph Poschenrieder entwirft hier eine wunderbare Freundschaft.","robots":{"index":"index","follow":"follow","max-snippet":"max-snippet:-1","max-image-preview":"max-image-preview:large","max-video-preview":"max-video-preview:-1"},"canonical":"https:\/\/leckerekekse.de\/wordpress\/christoph-poschenrieder-ein-leben-lang\/","og_locale":"de_DE","og_type":"article","og_title":"Christoph Poschenrieder: Ein Leben lang | Leckere Kekse &amp; mehr","og_description":"Wenn ein Freund des Mordes angeklagt wird, macht das auch mit seinen Freunden etwas. Christoph Poschenrieder entwirft hier eine wunderbare Freundschaft.","og_url":"https:\/\/leckerekekse.de\/wordpress\/christoph-poschenrieder-ein-leben-lang\/","og_site_name":"Leckere Kekse &amp; mehr","article_published_time":"2022-05-22T05:52:00+00:00","og_image":[{"width":640,"height":480,"url":"https:\/\/leckerekekse.de\/wordpress\/wp-content\/uploads\/2022\/05\/Poschenrieder-eim-leben-lang.jpg","type":"image\/jpeg"}],"author":"Buchlieberin","twitter_misc":{"Verfasst von":"Buchlieberin","Gesch\u00e4tzte Lesezeit":"5\u00a0Minuten"},"schema":{"@context":"https:\/\/schema.org","@graph":[{"@type":"Article","@id":"https:\/\/leckerekekse.de\/wordpress\/christoph-poschenrieder-ein-leben-lang\/#article","isPartOf":{"@id":"https:\/\/leckerekekse.de\/wordpress\/christoph-poschenrieder-ein-leben-lang\/"},"author":{"name":"Buchlieberin","@id":"https:\/\/leckerekekse.de\/wordpress\/#\/schema\/person\/aeca9a159c2be36b9bce9092b38c13c8"},"headline":"Christoph Poschenrieder: Ein Leben lang","datePublished":"2022-05-22T05:52:00+00:00","mainEntityOfPage":{"@id":"https:\/\/leckerekekse.de\/wordpress\/christoph-poschenrieder-ein-leben-lang\/"},"wordCount":869,"commentCount":0,"publisher":{"@id":"https:\/\/leckerekekse.de\/wordpress\/#\/schema\/person\/6e4b2658514a3b7423a1f323400bdc1b"},"image":{"@id":"https:\/\/leckerekekse.de\/wordpress\/christoph-poschenrieder-ein-leben-lang\/#primaryimage"},"thumbnailUrl":"https:\/\/leckerekekse.de\/wordpress\/wp-content\/uploads\/2022\/05\/Poschenrieder-eim-leben-lang.jpg","keywords":["Freunde","Freundschaft","Mord","Mordproze\u00df"],"articleSection":{"1":"B\u00fccher","2":"Rezension"},"inLanguage":"de","potentialAction":[{"@type":"CommentAction","name":"Comment","target":["https:\/\/leckerekekse.de\/wordpress\/christoph-poschenrieder-ein-leben-lang\/#respond"]}]},{"@type":"WebPage","@id":"https:\/\/leckerekekse.de\/wordpress\/christoph-poschenrieder-ein-leben-lang\/","url":"https:\/\/leckerekekse.de\/wordpress\/christoph-poschenrieder-ein-leben-lang\/","name":"Christoph Poschenrieder: Ein Leben lang | Leckere Kekse &amp; mehr","isPartOf":{"@id":"https:\/\/leckerekekse.de\/wordpress\/#website"},"primaryImageOfPage":{"@id":"https:\/\/leckerekekse.de\/wordpress\/christoph-poschenrieder-ein-leben-lang\/#primaryimage"},"image":{"@id":"https:\/\/leckerekekse.de\/wordpress\/christoph-poschenrieder-ein-leben-lang\/#primaryimage"},"thumbnailUrl":"https:\/\/leckerekekse.de\/wordpress\/wp-content\/uploads\/2022\/05\/Poschenrieder-eim-leben-lang.jpg","datePublished":"2022-05-22T05:52:00+00:00","description":"Wenn ein Freund des Mordes angeklagt wird, macht das auch mit seinen Freunden etwas. Christoph Poschenrieder entwirft hier eine wunderbare Freundschaft.","breadcrumb":{"@id":"https:\/\/leckerekekse.de\/wordpress\/christoph-poschenrieder-ein-leben-lang\/#breadcrumb"},"inLanguage":"de","potentialAction":[{"@type":"ReadAction","target":["https:\/\/leckerekekse.de\/wordpress\/christoph-poschenrieder-ein-leben-lang\/"]}]},{"@type":"ImageObject","inLanguage":"de","@id":"https:\/\/leckerekekse.de\/wordpress\/christoph-poschenrieder-ein-leben-lang\/#primaryimage","url":"https:\/\/leckerekekse.de\/wordpress\/wp-content\/uploads\/2022\/05\/Poschenrieder-eim-leben-lang.jpg","contentUrl":"https:\/\/leckerekekse.de\/wordpress\/wp-content\/uploads\/2022\/05\/Poschenrieder-eim-leben-lang.jpg","width":640,"height":480},{"@type":"BreadcrumbList","@id":"https:\/\/leckerekekse.de\/wordpress\/christoph-poschenrieder-ein-leben-lang\/#breadcrumb","itemListElement":[{"@type":"ListItem","position":1,"name":"Home","item":"https:\/\/leckerekekse.de\/wordpress\/"},{"@type":"ListItem","position":2,"name":"Christoph Poschenrieder: Ein Leben lang"}]},{"@type":"WebSite","@id":"https:\/\/leckerekekse.de\/wordpress\/#website","url":"https:\/\/leckerekekse.de\/wordpress\/","name":"Leckere Kekse &amp; mehr","description":"Kekse backen, B\u00fccher lesen und mehr","publisher":{"@id":"https:\/\/leckerekekse.de\/wordpress\/#\/schema\/person\/6e4b2658514a3b7423a1f323400bdc1b"},"potentialAction":[{"@type":"SearchAction","target":{"@type":"EntryPoint","urlTemplate":"https:\/\/leckerekekse.de\/wordpress\/?s={search_term_string}"},"query-input":{"@type":"PropertyValueSpecification","valueRequired":true,"valueName":"search_term_string"}}],"inLanguage":"de"},{"@type":["Person","Organization"],"@id":"https:\/\/leckerekekse.de\/wordpress\/#\/schema\/person\/6e4b2658514a3b7423a1f323400bdc1b","name":"Astrid","logo":{"@id":"https:\/\/leckerekekse.de\/wordpress\/#\/schema\/person\/image\/"},"sameAs":["https:\/\/leckerekekse.de\/wordpress"]},{"@type":"Person","@id":"https:\/\/leckerekekse.de\/wordpress\/#\/schema\/person\/aeca9a159c2be36b9bce9092b38c13c8","name":"Buchlieberin","sameAs":["https:\/\/leckerekekse.de\/wordpress"]}]}},"_links":{"self":[{"href":"https:\/\/leckerekekse.de\/wordpress\/wp-json\/wp\/v2\/posts\/17282","targetHints":{"allow":["GET"]}}],"collection":[{"href":"https:\/\/leckerekekse.de\/wordpress\/wp-json\/wp\/v2\/posts"}],"about":[{"href":"https:\/\/leckerekekse.de\/wordpress\/wp-json\/wp\/v2\/types\/post"}],"author":[{"embeddable":true,"href":"https:\/\/leckerekekse.de\/wordpress\/wp-json\/wp\/v2\/users\/2"}],"replies":[{"embeddable":true,"href":"https:\/\/leckerekekse.de\/wordpress\/wp-json\/wp\/v2\/comments?post=17282"}],"version-history":[{"count":2,"href":"https:\/\/leckerekekse.de\/wordpress\/wp-json\/wp\/v2\/posts\/17282\/revisions"}],"predecessor-version":[{"id":17292,"href":"https:\/\/leckerekekse.de\/wordpress\/wp-json\/wp\/v2\/posts\/17282\/revisions\/17292"}],"wp:featuredmedia":[{"embeddable":true,"href":"https:\/\/leckerekekse.de\/wordpress\/wp-json\/wp\/v2\/media\/17284"}],"wp:attachment":[{"href":"https:\/\/leckerekekse.de\/wordpress\/wp-json\/wp\/v2\/media?parent=17282"}],"wp:term":[{"taxonomy":"category","embeddable":true,"href":"https:\/\/leckerekekse.de\/wordpress\/wp-json\/wp\/v2\/categories?post=17282"},{"taxonomy":"post_tag","embeddable":true,"href":"https:\/\/leckerekekse.de\/wordpress\/wp-json\/wp\/v2\/tags?post=17282"}],"curies":[{"name":"wp","href":"https:\/\/api.w.org\/{rel}","templated":true}]}}