{"id":17293,"date":"2022-05-29T08:53:00","date_gmt":"2022-05-29T06:53:00","guid":{"rendered":"https:\/\/leckerekekse.de\/wordpress\/?p=17293"},"modified":"2022-05-19T08:56:11","modified_gmt":"2022-05-19T06:56:11","slug":"kurt-kroemer-du-darfst-nicht-alles-glauben","status":"publish","type":"post","link":"https:\/\/leckerekekse.de\/wordpress\/kurt-kroemer-du-darfst-nicht-alles-glauben\/","title":{"rendered":"Kurt Kr\u00f6mer: Du darfst nicht alles glauben &#8230;"},"content":{"rendered":"\n\n\n<figure class=\"wp-block-image size-full\"><img loading=\"lazy\" decoding=\"async\" width=\"640\" height=\"640\" src=\"https:\/\/leckerekekse.de\/wordpress\/wp-content\/uploads\/2022\/05\/kurt-kroemer.jpg\" alt=\"\" class=\"wp-image-17294\" srcset=\"https:\/\/leckerekekse.de\/wordpress\/wp-content\/uploads\/2022\/05\/kurt-kroemer.jpg 640w, https:\/\/leckerekekse.de\/wordpress\/wp-content\/uploads\/2022\/05\/kurt-kroemer-300x300.jpg 300w, https:\/\/leckerekekse.de\/wordpress\/wp-content\/uploads\/2022\/05\/kurt-kroemer-150x150.jpg 150w, https:\/\/leckerekekse.de\/wordpress\/wp-content\/uploads\/2022\/05\/kurt-kroemer-144x144.jpg 144w, https:\/\/leckerekekse.de\/wordpress\/wp-content\/uploads\/2022\/05\/kurt-kroemer-120x120.jpg 120w\" sizes=\"auto, (max-width: 640px) 100vw, 640px\" \/><\/figure>\n\n\n\n<h2 class=\"wp-block-heading\" id=\"depressionen-ein-paar-gedanken-zum-buch\">Depressionen: Ein paar Gedanken zum Buch<\/h2>\n\n\n\n<p>Als erstes muss ich mich nun wohl erstmal outen. Ich kenne keinen Kurt Kr\u00f6mer. Ich kannte ihn vor der Lekt\u00fcre dieses Buches nicht und auch danach kenne ich ihn nicht. Mal sehen, vielleicht l\u00e4uft er mir demn\u00e4chst im Fernsehen mal \u00fcber den Weg &#8211; mal schauen.&nbsp;<\/p>\n\n\n\n<p>Im Buch habe ich lediglich Alexander Bojcan ein klein wenig kennengelernt.&nbsp;<\/p>\n\n\n\n<!--more-->\n\n\n\n<p>Vorneweg! Das wird hier keine Rezension werden. Ich m\u00f6chte mich nur ein klein wenig zu diesem Buch \u00e4u\u00dfern. Als Mensch, der zum Gl\u00fcck nicht selbst betroffen ist, aber durchaus viel mit dem Thema Depressionen zu tun hat. Immer mal wieder, immer mal mehr, mal weniger.&nbsp;<\/p>\n\n\n\n<p>Ich bin jedem Menschen zutiefst dankbar, wenn er sich traut, \u00fcber das Thema Depression ein Buch zu schreiben. Es ist immer noch ein Tabuthema, wie so vieles in dieser Welt. Und ich freue mich \u00fcber jeden, der versucht, das zu \u00e4ndern.&nbsp;<\/p>\n\n\n\n<p>Leider treffe ich in meinem Umfeld sehr h\u00e4ufig auf Menschen mit leichten, mittelschweren und schweren Depressionen. Ich f\u00fchle mich dann wirklich machtlos, weil ich nicht wei\u00df, wie ich reagieren soll. Aus diesem Grunde lese ich schon lange \u00fcber dieses Thema, um einfach mehr zu verstehen. Und so auch dieses Mal wieder. Ich habe einige neue Erkenntnisse gewonnen und dieses Buch hat auch mir ein wenig Lebenshilfe gegeben.&nbsp;<\/p>\n\n\n\n<p>Die Tatsache, dass Alexander Bojcan Komiker ist, macht die Sache zu einem gar nicht traurigen Erlebnis. Das H\u00f6rbuch, das er selbst liest, kann einige Lacher vorweisen. Auch wenn es wirklich wahnsinnig traurig ist, erz\u00e4hlt er es doch mit Humor. Das macht es dem Leser leichter &#8211; ganz klar.<\/p>\n\n\n\n<p>F\u00fcr mich sollte dieses Buch definitiv ein paar Antworten liefern. Und die habe ich bekommen. Ich kenne viele Menschen, die mit Depressionen in einer Klinik waren. Da ich das aber nicht immer von den Menschen selbst erz\u00e4hlt bekommen habe, sondern nur \u00fcber einige Ecken geh\u00f6rt habe, hatte ich nicht immer die M\u00f6glichkeit zu fragen, wie genau das eigentlich funktioniert. Da habe ich jetzt ein paar genauere Infos zu bekommen.&nbsp;<\/p>\n\n\n\n<figure class=\"wp-block-image size-full\"><img loading=\"lazy\" decoding=\"async\" width=\"640\" height=\"960\" src=\"https:\/\/leckerekekse.de\/wordpress\/wp-content\/uploads\/2022\/05\/Kurt-kroemer-du-darst-nicht-alles-glauben.jpg\" alt=\"\" class=\"wp-image-17297\" srcset=\"https:\/\/leckerekekse.de\/wordpress\/wp-content\/uploads\/2022\/05\/Kurt-kroemer-du-darst-nicht-alles-glauben.jpg 640w, https:\/\/leckerekekse.de\/wordpress\/wp-content\/uploads\/2022\/05\/Kurt-kroemer-du-darst-nicht-alles-glauben-200x300.jpg 200w, https:\/\/leckerekekse.de\/wordpress\/wp-content\/uploads\/2022\/05\/Kurt-kroemer-du-darst-nicht-alles-glauben-427x640.jpg 427w\" sizes=\"auto, (max-width: 640px) 100vw, 640px\" \/><\/figure>\n\n\n\n<p>Auch das Thema Selbstmord besch\u00e4ftigt mich immer sehr. Ist jeder Depressive eigentlich selbstmordgef\u00e4hrdet? Da hat mich k\u00fcrzlich eine Freundin beruhigt. Das ist nicht so! Und auch Alexander Bojcan hat das nie in Betracht gezogen. Da habe ich wohl selber \u201ekatastrophiert\u201c. Mein neues Lieblingswort nach dem H\u00f6ren des Buches.&nbsp;<\/p>\n\n\n\n<p>Dieses Buch hat mir viel erkl\u00e4rt und ich habe nun verstanden, warum vieles f\u00fcr Depressive so schwer ist, was f\u00fcr viele andere Normalit\u00e4t ist. Ich kann dieses Buch \u2013 vor allem auch das H\u00f6rbuch&nbsp; \u2013 wirklich jedem Menschen empfehlen. Alexander Bojcan hat eine sehr angenehme Stimme und einen wundersch\u00f6nen Berliner Dialekt. Aber das wisst ihr ja vielleicht. Ihr kennt ja sicher Kurt Kr\u00f6mer.&nbsp;<\/p>\n\n\n\n<div class=\"wp-block-image\"><figure class=\"aligncenter\"><img loading=\"lazy\" decoding=\"async\" width=\"206\" height=\"97\" src=\"https:\/\/leckerekekse.de\/wordpress\/wp-content\/uploads\/2016\/04\/Scan-11.jpeg\" alt=\"\" class=\"wp-image-5966\"\/><\/figure><\/div>\n","protected":false},"excerpt":{"rendered":"<p>Depressionen: Ein paar Gedanken zum Buch Als erstes muss ich mich nun wohl erstmal outen. Ich kenne keinen Kurt Kr\u00f6mer. Ich kannte ihn vor der Lekt\u00fcre dieses Buches nicht und auch danach kenne ich ihn nicht. Mal sehen, vielleicht l\u00e4uft er mir demn\u00e4chst im Fernsehen mal \u00fcber den Weg &#8211; mal schauen.&nbsp; Im Buch habe [&hellip;]<\/p>\n","protected":false},"author":1,"featured_media":17294,"comment_status":"open","ping_status":"open","sticky":false,"template":"","format":"standard","meta":{"footnotes":""},"categories":[1],"tags":[1476,711,803],"class_list":["post-17293","post","type-post","status-publish","format-standard","has-post-thumbnail","hentry","category-allgemein","tag-behandlung","tag-depression","tag-depressionen"],"yoast_head":"<!-- This site is optimized with the Yoast SEO plugin v27.4 - https:\/\/yoast.com\/product\/yoast-seo-wordpress\/ -->\n<title>Kurt Kr\u00f6mer: Du darfst nicht alles glauben ... | Leckere Kekse &amp; mehr<\/title>\n<meta name=\"description\" content=\"Wenn Prominente \u00fcber Depressionen schreiben, ist das Thema in aller Munde. Und das ist Gold wert.\" \/>\n<meta name=\"robots\" content=\"index, follow, max-snippet:-1, max-image-preview:large, max-video-preview:-1\" \/>\n<link rel=\"canonical\" href=\"https:\/\/leckerekekse.de\/wordpress\/kurt-kroemer-du-darfst-nicht-alles-glauben\/\" \/>\n<meta property=\"og:locale\" content=\"de_DE\" \/>\n<meta property=\"og:type\" content=\"article\" \/>\n<meta property=\"og:title\" content=\"Kurt Kr\u00f6mer: Du darfst nicht alles glauben ... | Leckere Kekse &amp; mehr\" \/>\n<meta property=\"og:description\" content=\"Wenn Prominente \u00fcber Depressionen schreiben, ist das Thema in aller Munde. Und das ist Gold wert.\" \/>\n<meta property=\"og:url\" content=\"https:\/\/leckerekekse.de\/wordpress\/kurt-kroemer-du-darfst-nicht-alles-glauben\/\" \/>\n<meta property=\"og:site_name\" content=\"Leckere Kekse &amp; mehr\" \/>\n<meta property=\"article:published_time\" content=\"2022-05-29T06:53:00+00:00\" \/>\n<meta property=\"og:image\" content=\"https:\/\/leckerekekse.de\/wordpress\/wp-content\/uploads\/2022\/05\/kurt-kroemer.jpg\" \/>\n\t<meta property=\"og:image:width\" content=\"640\" \/>\n\t<meta property=\"og:image:height\" content=\"640\" \/>\n\t<meta property=\"og:image:type\" content=\"image\/jpeg\" \/>\n<meta name=\"author\" content=\"Astrid\" \/>\n<meta name=\"twitter:label1\" content=\"Verfasst von\" \/>\n\t<meta name=\"twitter:data1\" content=\"Astrid\" \/>\n\t<meta name=\"twitter:label2\" content=\"Gesch\u00e4tzte Lesezeit\" \/>\n\t<meta name=\"twitter:data2\" content=\"3\u00a0Minuten\" \/>\n<script type=\"application\/ld+json\" class=\"yoast-schema-graph\">{\"@context\":\"https:\\\/\\\/schema.org\",\"@graph\":[{\"@type\":\"Article\",\"@id\":\"https:\\\/\\\/leckerekekse.de\\\/wordpress\\\/kurt-kroemer-du-darfst-nicht-alles-glauben\\\/#article\",\"isPartOf\":{\"@id\":\"https:\\\/\\\/leckerekekse.de\\\/wordpress\\\/kurt-kroemer-du-darfst-nicht-alles-glauben\\\/\"},\"author\":{\"name\":\"Astrid\",\"@id\":\"https:\\\/\\\/leckerekekse.de\\\/wordpress\\\/#\\\/schema\\\/person\\\/6e4b2658514a3b7423a1f323400bdc1b\"},\"headline\":\"Kurt Kr\u00f6mer: Du darfst nicht alles glauben &#8230;\",\"datePublished\":\"2022-05-29T06:53:00+00:00\",\"mainEntityOfPage\":{\"@id\":\"https:\\\/\\\/leckerekekse.de\\\/wordpress\\\/kurt-kroemer-du-darfst-nicht-alles-glauben\\\/\"},\"wordCount\":485,\"commentCount\":0,\"publisher\":{\"@id\":\"https:\\\/\\\/leckerekekse.de\\\/wordpress\\\/#\\\/schema\\\/person\\\/6e4b2658514a3b7423a1f323400bdc1b\"},\"image\":{\"@id\":\"https:\\\/\\\/leckerekekse.de\\\/wordpress\\\/kurt-kroemer-du-darfst-nicht-alles-glauben\\\/#primaryimage\"},\"thumbnailUrl\":\"https:\\\/\\\/leckerekekse.de\\\/wordpress\\\/wp-content\\\/uploads\\\/2022\\\/05\\\/kurt-kroemer.jpg\",\"keywords\":[\"Behandlung\",\"Depression\",\"Depressionen\"],\"inLanguage\":\"de\",\"potentialAction\":[{\"@type\":\"CommentAction\",\"name\":\"Comment\",\"target\":[\"https:\\\/\\\/leckerekekse.de\\\/wordpress\\\/kurt-kroemer-du-darfst-nicht-alles-glauben\\\/#respond\"]}]},{\"@type\":\"WebPage\",\"@id\":\"https:\\\/\\\/leckerekekse.de\\\/wordpress\\\/kurt-kroemer-du-darfst-nicht-alles-glauben\\\/\",\"url\":\"https:\\\/\\\/leckerekekse.de\\\/wordpress\\\/kurt-kroemer-du-darfst-nicht-alles-glauben\\\/\",\"name\":\"Kurt Kr\u00f6mer: Du darfst nicht alles glauben ... | Leckere Kekse &amp; mehr\",\"isPartOf\":{\"@id\":\"https:\\\/\\\/leckerekekse.de\\\/wordpress\\\/#website\"},\"primaryImageOfPage\":{\"@id\":\"https:\\\/\\\/leckerekekse.de\\\/wordpress\\\/kurt-kroemer-du-darfst-nicht-alles-glauben\\\/#primaryimage\"},\"image\":{\"@id\":\"https:\\\/\\\/leckerekekse.de\\\/wordpress\\\/kurt-kroemer-du-darfst-nicht-alles-glauben\\\/#primaryimage\"},\"thumbnailUrl\":\"https:\\\/\\\/leckerekekse.de\\\/wordpress\\\/wp-content\\\/uploads\\\/2022\\\/05\\\/kurt-kroemer.jpg\",\"datePublished\":\"2022-05-29T06:53:00+00:00\",\"description\":\"Wenn Prominente \u00fcber Depressionen schreiben, ist das Thema in aller Munde. Und das ist Gold wert.\",\"breadcrumb\":{\"@id\":\"https:\\\/\\\/leckerekekse.de\\\/wordpress\\\/kurt-kroemer-du-darfst-nicht-alles-glauben\\\/#breadcrumb\"},\"inLanguage\":\"de\",\"potentialAction\":[{\"@type\":\"ReadAction\",\"target\":[\"https:\\\/\\\/leckerekekse.de\\\/wordpress\\\/kurt-kroemer-du-darfst-nicht-alles-glauben\\\/\"]}]},{\"@type\":\"ImageObject\",\"inLanguage\":\"de\",\"@id\":\"https:\\\/\\\/leckerekekse.de\\\/wordpress\\\/kurt-kroemer-du-darfst-nicht-alles-glauben\\\/#primaryimage\",\"url\":\"https:\\\/\\\/leckerekekse.de\\\/wordpress\\\/wp-content\\\/uploads\\\/2022\\\/05\\\/kurt-kroemer.jpg\",\"contentUrl\":\"https:\\\/\\\/leckerekekse.de\\\/wordpress\\\/wp-content\\\/uploads\\\/2022\\\/05\\\/kurt-kroemer.jpg\",\"width\":640,\"height\":640,\"caption\":\"Depressionen\"},{\"@type\":\"BreadcrumbList\",\"@id\":\"https:\\\/\\\/leckerekekse.de\\\/wordpress\\\/kurt-kroemer-du-darfst-nicht-alles-glauben\\\/#breadcrumb\",\"itemListElement\":[{\"@type\":\"ListItem\",\"position\":1,\"name\":\"Home\",\"item\":\"https:\\\/\\\/leckerekekse.de\\\/wordpress\\\/\"},{\"@type\":\"ListItem\",\"position\":2,\"name\":\"Kurt Kr\u00f6mer: Du darfst nicht alles glauben &#8230;\"}]},{\"@type\":\"WebSite\",\"@id\":\"https:\\\/\\\/leckerekekse.de\\\/wordpress\\\/#website\",\"url\":\"https:\\\/\\\/leckerekekse.de\\\/wordpress\\\/\",\"name\":\"Leckere Kekse &amp; mehr\",\"description\":\"Kekse backen, B\u00fccher lesen und mehr\",\"publisher\":{\"@id\":\"https:\\\/\\\/leckerekekse.de\\\/wordpress\\\/#\\\/schema\\\/person\\\/6e4b2658514a3b7423a1f323400bdc1b\"},\"potentialAction\":[{\"@type\":\"SearchAction\",\"target\":{\"@type\":\"EntryPoint\",\"urlTemplate\":\"https:\\\/\\\/leckerekekse.de\\\/wordpress\\\/?s={search_term_string}\"},\"query-input\":{\"@type\":\"PropertyValueSpecification\",\"valueRequired\":true,\"valueName\":\"search_term_string\"}}],\"inLanguage\":\"de\"},{\"@type\":[\"Person\",\"Organization\"],\"@id\":\"https:\\\/\\\/leckerekekse.de\\\/wordpress\\\/#\\\/schema\\\/person\\\/6e4b2658514a3b7423a1f323400bdc1b\",\"name\":\"Astrid\",\"logo\":{\"@id\":\"https:\\\/\\\/leckerekekse.de\\\/wordpress\\\/#\\\/schema\\\/person\\\/image\\\/\"},\"sameAs\":[\"https:\\\/\\\/leckerekekse.de\\\/wordpress\"]}]}<\/script>\n<!-- \/ Yoast SEO plugin. -->","yoast_head_json":{"title":"Kurt Kr\u00f6mer: Du darfst nicht alles glauben ... | Leckere Kekse &amp; mehr","description":"Wenn Prominente \u00fcber Depressionen schreiben, ist das Thema in aller Munde. Und das ist Gold wert.","robots":{"index":"index","follow":"follow","max-snippet":"max-snippet:-1","max-image-preview":"max-image-preview:large","max-video-preview":"max-video-preview:-1"},"canonical":"https:\/\/leckerekekse.de\/wordpress\/kurt-kroemer-du-darfst-nicht-alles-glauben\/","og_locale":"de_DE","og_type":"article","og_title":"Kurt Kr\u00f6mer: Du darfst nicht alles glauben ... | Leckere Kekse &amp; mehr","og_description":"Wenn Prominente \u00fcber Depressionen schreiben, ist das Thema in aller Munde. Und das ist Gold wert.","og_url":"https:\/\/leckerekekse.de\/wordpress\/kurt-kroemer-du-darfst-nicht-alles-glauben\/","og_site_name":"Leckere Kekse &amp; mehr","article_published_time":"2022-05-29T06:53:00+00:00","og_image":[{"width":640,"height":640,"url":"https:\/\/leckerekekse.de\/wordpress\/wp-content\/uploads\/2022\/05\/kurt-kroemer.jpg","type":"image\/jpeg"}],"author":"Astrid","twitter_misc":{"Verfasst von":"Astrid","Gesch\u00e4tzte Lesezeit":"3\u00a0Minuten"},"schema":{"@context":"https:\/\/schema.org","@graph":[{"@type":"Article","@id":"https:\/\/leckerekekse.de\/wordpress\/kurt-kroemer-du-darfst-nicht-alles-glauben\/#article","isPartOf":{"@id":"https:\/\/leckerekekse.de\/wordpress\/kurt-kroemer-du-darfst-nicht-alles-glauben\/"},"author":{"name":"Astrid","@id":"https:\/\/leckerekekse.de\/wordpress\/#\/schema\/person\/6e4b2658514a3b7423a1f323400bdc1b"},"headline":"Kurt Kr\u00f6mer: Du darfst nicht alles glauben &#8230;","datePublished":"2022-05-29T06:53:00+00:00","mainEntityOfPage":{"@id":"https:\/\/leckerekekse.de\/wordpress\/kurt-kroemer-du-darfst-nicht-alles-glauben\/"},"wordCount":485,"commentCount":0,"publisher":{"@id":"https:\/\/leckerekekse.de\/wordpress\/#\/schema\/person\/6e4b2658514a3b7423a1f323400bdc1b"},"image":{"@id":"https:\/\/leckerekekse.de\/wordpress\/kurt-kroemer-du-darfst-nicht-alles-glauben\/#primaryimage"},"thumbnailUrl":"https:\/\/leckerekekse.de\/wordpress\/wp-content\/uploads\/2022\/05\/kurt-kroemer.jpg","keywords":["Behandlung","Depression","Depressionen"],"inLanguage":"de","potentialAction":[{"@type":"CommentAction","name":"Comment","target":["https:\/\/leckerekekse.de\/wordpress\/kurt-kroemer-du-darfst-nicht-alles-glauben\/#respond"]}]},{"@type":"WebPage","@id":"https:\/\/leckerekekse.de\/wordpress\/kurt-kroemer-du-darfst-nicht-alles-glauben\/","url":"https:\/\/leckerekekse.de\/wordpress\/kurt-kroemer-du-darfst-nicht-alles-glauben\/","name":"Kurt Kr\u00f6mer: Du darfst nicht alles glauben ... | Leckere Kekse &amp; mehr","isPartOf":{"@id":"https:\/\/leckerekekse.de\/wordpress\/#website"},"primaryImageOfPage":{"@id":"https:\/\/leckerekekse.de\/wordpress\/kurt-kroemer-du-darfst-nicht-alles-glauben\/#primaryimage"},"image":{"@id":"https:\/\/leckerekekse.de\/wordpress\/kurt-kroemer-du-darfst-nicht-alles-glauben\/#primaryimage"},"thumbnailUrl":"https:\/\/leckerekekse.de\/wordpress\/wp-content\/uploads\/2022\/05\/kurt-kroemer.jpg","datePublished":"2022-05-29T06:53:00+00:00","description":"Wenn Prominente \u00fcber Depressionen schreiben, ist das Thema in aller Munde. Und das ist Gold wert.","breadcrumb":{"@id":"https:\/\/leckerekekse.de\/wordpress\/kurt-kroemer-du-darfst-nicht-alles-glauben\/#breadcrumb"},"inLanguage":"de","potentialAction":[{"@type":"ReadAction","target":["https:\/\/leckerekekse.de\/wordpress\/kurt-kroemer-du-darfst-nicht-alles-glauben\/"]}]},{"@type":"ImageObject","inLanguage":"de","@id":"https:\/\/leckerekekse.de\/wordpress\/kurt-kroemer-du-darfst-nicht-alles-glauben\/#primaryimage","url":"https:\/\/leckerekekse.de\/wordpress\/wp-content\/uploads\/2022\/05\/kurt-kroemer.jpg","contentUrl":"https:\/\/leckerekekse.de\/wordpress\/wp-content\/uploads\/2022\/05\/kurt-kroemer.jpg","width":640,"height":640,"caption":"Depressionen"},{"@type":"BreadcrumbList","@id":"https:\/\/leckerekekse.de\/wordpress\/kurt-kroemer-du-darfst-nicht-alles-glauben\/#breadcrumb","itemListElement":[{"@type":"ListItem","position":1,"name":"Home","item":"https:\/\/leckerekekse.de\/wordpress\/"},{"@type":"ListItem","position":2,"name":"Kurt Kr\u00f6mer: Du darfst nicht alles glauben &#8230;"}]},{"@type":"WebSite","@id":"https:\/\/leckerekekse.de\/wordpress\/#website","url":"https:\/\/leckerekekse.de\/wordpress\/","name":"Leckere Kekse &amp; mehr","description":"Kekse backen, B\u00fccher lesen und mehr","publisher":{"@id":"https:\/\/leckerekekse.de\/wordpress\/#\/schema\/person\/6e4b2658514a3b7423a1f323400bdc1b"},"potentialAction":[{"@type":"SearchAction","target":{"@type":"EntryPoint","urlTemplate":"https:\/\/leckerekekse.de\/wordpress\/?s={search_term_string}"},"query-input":{"@type":"PropertyValueSpecification","valueRequired":true,"valueName":"search_term_string"}}],"inLanguage":"de"},{"@type":["Person","Organization"],"@id":"https:\/\/leckerekekse.de\/wordpress\/#\/schema\/person\/6e4b2658514a3b7423a1f323400bdc1b","name":"Astrid","logo":{"@id":"https:\/\/leckerekekse.de\/wordpress\/#\/schema\/person\/image\/"},"sameAs":["https:\/\/leckerekekse.de\/wordpress"]}]}},"_links":{"self":[{"href":"https:\/\/leckerekekse.de\/wordpress\/wp-json\/wp\/v2\/posts\/17293","targetHints":{"allow":["GET"]}}],"collection":[{"href":"https:\/\/leckerekekse.de\/wordpress\/wp-json\/wp\/v2\/posts"}],"about":[{"href":"https:\/\/leckerekekse.de\/wordpress\/wp-json\/wp\/v2\/types\/post"}],"author":[{"embeddable":true,"href":"https:\/\/leckerekekse.de\/wordpress\/wp-json\/wp\/v2\/users\/1"}],"replies":[{"embeddable":true,"href":"https:\/\/leckerekekse.de\/wordpress\/wp-json\/wp\/v2\/comments?post=17293"}],"version-history":[{"count":3,"href":"https:\/\/leckerekekse.de\/wordpress\/wp-json\/wp\/v2\/posts\/17293\/revisions"}],"predecessor-version":[{"id":17303,"href":"https:\/\/leckerekekse.de\/wordpress\/wp-json\/wp\/v2\/posts\/17293\/revisions\/17303"}],"wp:featuredmedia":[{"embeddable":true,"href":"https:\/\/leckerekekse.de\/wordpress\/wp-json\/wp\/v2\/media\/17294"}],"wp:attachment":[{"href":"https:\/\/leckerekekse.de\/wordpress\/wp-json\/wp\/v2\/media?parent=17293"}],"wp:term":[{"taxonomy":"category","embeddable":true,"href":"https:\/\/leckerekekse.de\/wordpress\/wp-json\/wp\/v2\/categories?post=17293"},{"taxonomy":"post_tag","embeddable":true,"href":"https:\/\/leckerekekse.de\/wordpress\/wp-json\/wp\/v2\/tags?post=17293"}],"curies":[{"name":"wp","href":"https:\/\/api.w.org\/{rel}","templated":true}]}}