{"id":17686,"date":"2023-01-21T13:09:36","date_gmt":"2023-01-21T12:09:36","guid":{"rendered":"https:\/\/leckerekekse.de\/wordpress\/?p=17686"},"modified":"2023-01-21T13:09:37","modified_gmt":"2023-01-21T12:09:37","slug":"sofi-oksanen-baby-jane","status":"publish","type":"post","link":"https:\/\/leckerekekse.de\/wordpress\/sofi-oksanen-baby-jane\/","title":{"rendered":"Sofi Oksanen: Baby Jane"},"content":{"rendered":"\n<figure class=\"wp-block-image size-full\"><img loading=\"lazy\" decoding=\"async\" width=\"640\" height=\"481\" src=\"https:\/\/leckerekekse.de\/wordpress\/wp-content\/uploads\/2023\/01\/IMG_2847.jpg\" alt=\"Buch Baby Jane von Sofie Oksanen\" class=\"wp-image-17688\" srcset=\"https:\/\/leckerekekse.de\/wordpress\/wp-content\/uploads\/2023\/01\/IMG_2847.jpg 640w, https:\/\/leckerekekse.de\/wordpress\/wp-content\/uploads\/2023\/01\/IMG_2847-300x225.jpg 300w\" sizes=\"auto, (max-width: 640px) 100vw, 640px\" \/><\/figure>\n\n\n\n<h2 class=\"wp-block-heading\">Rezension<\/h2>\n\n\n\n<p>Oksanen hat den Roman Baby Jane bereits 2005 ver\u00f6ffentlicht. Dieses Jahr erschien dieses Buch endlich auch auf Deutsch. Baby Jane ist der zweite Roman von Sofi Oksanen. Manchmal ist es ja bei bisher nicht ver\u00f6ffentlichten fr\u00fcheren Werken so, dass ich nach dem Lesen verstehe, warum es noch nicht auf den Markt kam, h\u00e4ufig sind sie einfach noch nicht so gut wie die Nachfolger. So war ich vor der Lekt\u00fcre sehr gespannt, wie ich das bei Baby Jane sehen w\u00fcrde.<\/p>\n\n\n\n<!--more-->\n\n\n\n<h3 class=\"wp-block-heading\">Verliebt<\/h3>\n\n\n\n<p>Der Roman Baby Jane wird von einer namenlosen Ich-Erz\u00e4hlerin geschildert. Sie lebt in Helsinki, lernt Piki kennen und verliebt sich Hals \u00fcber Kopf in die sch\u00f6ne, charismatische Frau.<br>So handelt der erste Teil des Buches von dem Beginn dieser Liebe. Das ist temporeich geschrieben, die zwei feiern die N\u00e4chte in Clubs durch, sind total ineinander verknallt und tr\u00e4umen schon von der M\u00f6glichkeit ihre gleichgeschlechtliche Beziehung zu legalisieren. Sie erg\u00e4nzen sich und geben sich Gegenseitig Halt und Sicherheit<\/p>\n\n\n\n<blockquote class=\"wp-block-quote is-layout-flow wp-block-quote-is-layout-flow\">\n<p>Noch nie hatte jemand mich so im Arm gehalten, Haut an Haut, so g\u00e4nzlich verborgen vor der Welt, so sicher. So zuverl\u00e4ssig sicher.<\/p>\n<\/blockquote>\n\n\n\n<p>Als das Geld ausgeht, \u00fcberlegen sie gemeinsam, wie sie etwas verdienen k\u00f6nnen.<br>Denn einen regelm\u00e4\u00dfigen Job aufzunehmen: das schaffen beide nicht.<\/p>\n\n\n\n<h3 class=\"wp-block-heading\">Hoch<\/h3>\n\n\n\n<p>Denn beide Frauen sind psychisch krank. Sie leiden unter Depressionen. Genaue Diagnosen werden nicht angegeben. Die Symptome sind auch recht unterschiedlich. Bei beiden sind die Krankheiten auch amtlich anerkannt, so dass sie eine kleine Unterst\u00fctzung bekommen. Doch das reicht nat\u00fcrlich nicht aus um st\u00e4ndig Party zu machen, viel Alkohol und gelegentlich auch Drogen zu konsumieren.\u00a0<br>Die st\u00fcrmische Phase der Liebe erzeugt vielleicht eine Art manische Phase, in der einige der weiteren Symptome wohl nicht so stark auftreten. Doch das ist keine medizinische Interpretation, das kann ich mir nicht anma\u00dfen.<\/p>\n\n\n\n<blockquote class=\"wp-block-quote is-layout-flow wp-block-quote-is-layout-flow\">\n<p>Und ich glaubte, das alles w\u00e4re m\u00f6glich, ich hatte keinen Grund daran zu zweifeln. Wir tr\u00e4umten von nichts, was ich f\u00fcr unm\u00f6glich hielt, nur von kleinen gro\u00dfen entz\u00fcckenden Dingen, f\u00fcr die man nichts braucht als die Geliebte und gen\u00fcgend Liebe, und davon hatten wir mehr als reichlich.<\/p>\n<\/blockquote>\n\n\n\n<h3 class=\"wp-block-heading\">Tief<\/h3>\n\n\n\n<p>Im zweiten Teil ist \u201eIch\u201c auf einem ziemlichen Tiefpunkt. Ohne Erkl\u00e4rung lebt sie pl\u00f6tzlich mit einem Mann zusammen und verbringt ihre Tage gr\u00f6\u00dftenteils in der Badewanne.<\/p>\n\n\n\n<blockquote class=\"wp-block-quote is-layout-flow wp-block-quote-is-layout-flow\">\n<p>Wenn ich in der Wanne lag, konnte ich ungehindert die Wand anstarren und brauchte weder etwas zu tun noch zu sagen.<\/p>\n<\/blockquote>\n\n\n\n<p>Aus dem lebensfrohen Partygirl ist eine lethargische Frau geworden, die verzweifelt versucht ihrem Freund zu gefallen und ihre Sch\u00f6nheit zu erhalten. Es scheint das einzige Kapital zu sein auf das sie noch bauen m\u00f6chte. Sie gibt viel Geld f\u00fcr Kosmetik aus und pflegt ihren K\u00f6rper.<br>So \u00fcberbordend der erste Teil des Buches war, so z\u00e4hfl\u00fcssig wirkte auf mich der zweite. Ich sp\u00fcrte geradezu wie lang so ein Tag ohne Aufgabe, ohne Ansprache, ohne Liebe ist. Ich hatte das Gef\u00fchl, das Oksanen den Stil auf diese Situation anpasste.<br>Es gibt erstmal keine Erkl\u00e4rung was passiert ist, wie es zur Trennung von Piki kam, der Frau, nach der sie sich vor Sehnsucht regelrecht verzehrt.<\/p>\n\n\n\n<figure class=\"wp-block-image size-full\"><img loading=\"lazy\" decoding=\"async\" width=\"640\" height=\"480\" src=\"https:\/\/leckerekekse.de\/wordpress\/wp-content\/uploads\/2017\/03\/sofi-oksanen.jpg\" alt=\"Sofie Oksanen: Die Sache mit Norma\" class=\"wp-image-8618\" srcset=\"https:\/\/leckerekekse.de\/wordpress\/wp-content\/uploads\/2017\/03\/sofi-oksanen.jpg 640w, https:\/\/leckerekekse.de\/wordpress\/wp-content\/uploads\/2017\/03\/sofi-oksanen-300x225.jpg 300w\" sizes=\"auto, (max-width: 640px) 100vw, 640px\" \/><figcaption class=\"wp-element-caption\">Sofi Oksanen auf einer Lesung 2017 in K\u00f6ln: &#8222;It&#8217;s just hair&#8220;<\/figcaption><\/figure>\n\n\n\n<h3 class=\"wp-block-heading\">Dreierbeziehung<\/h3>\n\n\n\n<p>Nach und nach kommt heraus, was passiert ist. Allerdings empfand ich die zweite H\u00e4lfte des Buches als nicht so einfach zu lesen. Denn die Autorin springt etwas in den Zeiten hin und her. Es wird berichtet, wie die Beziehung zwischen \u201eIch\u201c und Piki zerbrach und auch wie sie sich neu ann\u00e4hern. Da musste ich mich schon konzentrieren um eine Chronologie im Kopf aufzubauen.<br>Auf jeden Fall kommt heraus, das Bossa, eine alte Freundin von Piki, einen Keil zwischen die zwei Liebenden getrieben hat.<\/p>\n\n\n\n<blockquote class=\"wp-block-quote is-layout-flow wp-block-quote-is-layout-flow\">\n<p>Bossa war geschmacklos, farblos, konturlos und dennoch allgegenw\u00e4rtig. Wie Sauerstoff. Unbesiegbar. Man konnte sie nicht loswerden.<\/p>\n<\/blockquote>\n\n\n\n<p>Bossa ist eine Ex-Partnerin von Piki. Doch der Kontakt ist weiter recht eng. So \u00fcbernimmt Bossa viele allt\u00e4gliche Aufgaben f\u00fcr Piki. Letztere glaubt diese aufgrund ihrer psychischen Erkrankung nicht selbst zu schaffen. Doch Bossa nutzt das aus. Sie setzt Piki unter Druck, indem sie zum Beispiel einfach mal eine Woche nicht einkaufen geht. Durch diese Machtspielchen wird Pikis Zustand immer schlimmer.<br>Diese toxische Dreierbeziehung gipfelt am Ende in eine Trag\u00f6die.<br><\/p>\n\n\n\n<h3 class=\"wp-block-heading\">Titel des Buches<\/h3>\n\n\n\n<p>Oksanen lehnt sich mit diesem Roman lose an den Film von Robert Aldrich \u00a0\u201e<a href=\"https:\/\/de.wikipedia.org\/wiki\/Was_geschah_wirklich_mit_Baby_Jane%3F\">Was geschah wirklich mit Baby Jane<\/a>\u201c an. Auch dort geht es um eine toxische Abh\u00e4ngigkeitsbeziehung, allerdings zwischen zwei Schwestern. Die sexuelle Komponente fehlt hier also. Doch wie das Buch, endet auch der Film dramatisch-tragisch und l\u00e4sst ein paar Punkte offen. Der Film von 1962 ist \u00fcbrigens mit Bette Davis und Joan Crawford sehr hochkaratig besetzt.\u00a0<\/p>\n\n\n\n<h3 class=\"wp-block-heading\">Fazit<\/h3>\n\n\n\n<p><a href=\"https:\/\/www.kiwi-verlag.de\/buch\/sofi-oksanen-baby-jane-9783462004090\">Baby Jane von Sofi Oksanen<\/a> ist ein stimmiger Roman \u00fcber eine toxische Dreiecksbeziehung. Er gibt einen Einblick in verschiedene psychische Erkrankungen und ihre Folgen. Rein sprachlich habe ich nicht bemerkt, dass es sich um ein Fr\u00fchwerk handelt. Oksanen hat mich auch mit diesem Buch zu einem sogartigen Lesen verleitet. Das Thema psychische Erkrankungen empfinde ich als sehr aktuell.&nbsp; Ich merkte dem Buch sein Alter nicht an.<\/p>\n\n\n\n<figure class=\"wp-block-image size-medium\"><img loading=\"lazy\" decoding=\"async\" width=\"300\" height=\"219\" src=\"https:\/\/leckerekekse.de\/wordpress\/wp-content\/uploads\/2016\/04\/Signatur-002-300x219.jpg\" alt=\"\" class=\"wp-image-5977\" srcset=\"https:\/\/leckerekekse.de\/wordpress\/wp-content\/uploads\/2016\/04\/Signatur-002-300x219.jpg 300w, https:\/\/leckerekekse.de\/wordpress\/wp-content\/uploads\/2016\/04\/Signatur-002.jpg 640w\" sizes=\"auto, (max-width: 300px) 100vw, 300px\" \/><\/figure>\n\n\n\n<h3 class=\"wp-block-heading\">Weitere B\u00fccher von Sofie Oksanen<\/h3>\n\n\n\n<p><a href=\"https:\/\/leckerekekse.de\/wordpress\/die-sache-mit-norma-rezension-sofi-oksanen\/?doing_wp_cron=1674214778.8878660202026367187500\">Die Sache mit Norma<\/a><br><a href=\"https:\/\/leckerekekse.de\/wordpress\/sofi-oksanen-hundepark\/\">Hundepark<\/a><\/p>\n","protected":false},"excerpt":{"rendered":"<p>Rezension Oksanen hat den Roman Baby Jane bereits 2005 ver\u00f6ffentlicht. Dieses Jahr erschien dieses Buch endlich auch auf Deutsch. Baby Jane ist der zweite Roman von Sofi Oksanen. Manchmal ist es ja bei bisher nicht ver\u00f6ffentlichten fr\u00fcheren Werken so, dass ich nach dem Lesen verstehe, warum es noch nicht auf den Markt kam, h\u00e4ufig sind [&hellip;]<\/p>\n","protected":false},"author":2,"featured_media":17688,"comment_status":"open","ping_status":"open","sticky":false,"template":"","format":"standard","meta":{"footnotes":""},"categories":[1,3,788],"tags":[778,711,1501,842],"class_list":["post-17686","post","type-post","status-publish","format-standard","has-post-thumbnail","hentry","category-allgemein","category-buecher","category-rezension","tag-beziehung","tag-depression","tag-lesbisch","tag-psychische-erkrankung"],"yoast_head":"<!-- This site is optimized with the Yoast SEO plugin v27.4 - https:\/\/yoast.com\/product\/yoast-seo-wordpress\/ -->\n<title>Sofi Oksanen: Baby Jane | Leckere Kekse &amp; mehr<\/title>\n<meta name=\"description\" content=\"Der Roman Baby Jane ist ein Fr\u00fchwerk von Sofi Oksanen, der erst 2023 in einer deutschen \u00dcbersetzung ver\u00f6ffentlicht wurde. Rezension.\" \/>\n<meta name=\"robots\" content=\"index, follow, max-snippet:-1, max-image-preview:large, max-video-preview:-1\" \/>\n<link rel=\"canonical\" href=\"https:\/\/leckerekekse.de\/wordpress\/sofi-oksanen-baby-jane\/\" \/>\n<meta property=\"og:locale\" content=\"de_DE\" \/>\n<meta property=\"og:type\" content=\"article\" \/>\n<meta property=\"og:title\" content=\"Sofi Oksanen: Baby Jane | Leckere Kekse &amp; mehr\" \/>\n<meta property=\"og:description\" content=\"Der Roman Baby Jane ist ein Fr\u00fchwerk von Sofi Oksanen, der erst 2023 in einer deutschen \u00dcbersetzung ver\u00f6ffentlicht wurde. Rezension.\" \/>\n<meta property=\"og:url\" content=\"https:\/\/leckerekekse.de\/wordpress\/sofi-oksanen-baby-jane\/\" \/>\n<meta property=\"og:site_name\" content=\"Leckere Kekse &amp; mehr\" \/>\n<meta property=\"article:published_time\" content=\"2023-01-21T12:09:36+00:00\" \/>\n<meta property=\"article:modified_time\" content=\"2023-01-21T12:09:37+00:00\" \/>\n<meta property=\"og:image\" content=\"https:\/\/leckerekekse.de\/wordpress\/wp-content\/uploads\/2023\/01\/IMG_2847.jpg\" \/>\n\t<meta property=\"og:image:width\" content=\"640\" \/>\n\t<meta property=\"og:image:height\" content=\"481\" \/>\n\t<meta property=\"og:image:type\" content=\"image\/jpeg\" \/>\n<meta name=\"author\" content=\"Buchlieberin\" \/>\n<meta name=\"twitter:label1\" content=\"Verfasst von\" \/>\n\t<meta name=\"twitter:data1\" content=\"Buchlieberin\" \/>\n\t<meta name=\"twitter:label2\" content=\"Gesch\u00e4tzte Lesezeit\" \/>\n\t<meta name=\"twitter:data2\" content=\"6\u00a0Minuten\" \/>\n<script type=\"application\/ld+json\" class=\"yoast-schema-graph\">{\"@context\":\"https:\\\/\\\/schema.org\",\"@graph\":[{\"@type\":\"Article\",\"@id\":\"https:\\\/\\\/leckerekekse.de\\\/wordpress\\\/sofi-oksanen-baby-jane\\\/#article\",\"isPartOf\":{\"@id\":\"https:\\\/\\\/leckerekekse.de\\\/wordpress\\\/sofi-oksanen-baby-jane\\\/\"},\"author\":{\"name\":\"Buchlieberin\",\"@id\":\"https:\\\/\\\/leckerekekse.de\\\/wordpress\\\/#\\\/schema\\\/person\\\/aeca9a159c2be36b9bce9092b38c13c8\"},\"headline\":\"Sofi Oksanen: Baby Jane\",\"datePublished\":\"2023-01-21T12:09:36+00:00\",\"dateModified\":\"2023-01-21T12:09:37+00:00\",\"mainEntityOfPage\":{\"@id\":\"https:\\\/\\\/leckerekekse.de\\\/wordpress\\\/sofi-oksanen-baby-jane\\\/\"},\"wordCount\":884,\"commentCount\":0,\"publisher\":{\"@id\":\"https:\\\/\\\/leckerekekse.de\\\/wordpress\\\/#\\\/schema\\\/person\\\/6e4b2658514a3b7423a1f323400bdc1b\"},\"image\":{\"@id\":\"https:\\\/\\\/leckerekekse.de\\\/wordpress\\\/sofi-oksanen-baby-jane\\\/#primaryimage\"},\"thumbnailUrl\":\"https:\\\/\\\/leckerekekse.de\\\/wordpress\\\/wp-content\\\/uploads\\\/2023\\\/01\\\/IMG_2847.jpg\",\"keywords\":[\"Beziehung\",\"Depression\",\"Lesbisch\",\"psychische Erkrankung\"],\"articleSection\":{\"1\":\"B\u00fccher\",\"2\":\"Rezension\"},\"inLanguage\":\"de\",\"potentialAction\":[{\"@type\":\"CommentAction\",\"name\":\"Comment\",\"target\":[\"https:\\\/\\\/leckerekekse.de\\\/wordpress\\\/sofi-oksanen-baby-jane\\\/#respond\"]}]},{\"@type\":\"WebPage\",\"@id\":\"https:\\\/\\\/leckerekekse.de\\\/wordpress\\\/sofi-oksanen-baby-jane\\\/\",\"url\":\"https:\\\/\\\/leckerekekse.de\\\/wordpress\\\/sofi-oksanen-baby-jane\\\/\",\"name\":\"Sofi Oksanen: Baby Jane | Leckere Kekse &amp; mehr\",\"isPartOf\":{\"@id\":\"https:\\\/\\\/leckerekekse.de\\\/wordpress\\\/#website\"},\"primaryImageOfPage\":{\"@id\":\"https:\\\/\\\/leckerekekse.de\\\/wordpress\\\/sofi-oksanen-baby-jane\\\/#primaryimage\"},\"image\":{\"@id\":\"https:\\\/\\\/leckerekekse.de\\\/wordpress\\\/sofi-oksanen-baby-jane\\\/#primaryimage\"},\"thumbnailUrl\":\"https:\\\/\\\/leckerekekse.de\\\/wordpress\\\/wp-content\\\/uploads\\\/2023\\\/01\\\/IMG_2847.jpg\",\"datePublished\":\"2023-01-21T12:09:36+00:00\",\"dateModified\":\"2023-01-21T12:09:37+00:00\",\"description\":\"Der Roman Baby Jane ist ein Fr\u00fchwerk von Sofi Oksanen, der erst 2023 in einer deutschen \u00dcbersetzung ver\u00f6ffentlicht wurde. Rezension.\",\"breadcrumb\":{\"@id\":\"https:\\\/\\\/leckerekekse.de\\\/wordpress\\\/sofi-oksanen-baby-jane\\\/#breadcrumb\"},\"inLanguage\":\"de\",\"potentialAction\":[{\"@type\":\"ReadAction\",\"target\":[\"https:\\\/\\\/leckerekekse.de\\\/wordpress\\\/sofi-oksanen-baby-jane\\\/\"]}]},{\"@type\":\"ImageObject\",\"inLanguage\":\"de\",\"@id\":\"https:\\\/\\\/leckerekekse.de\\\/wordpress\\\/sofi-oksanen-baby-jane\\\/#primaryimage\",\"url\":\"https:\\\/\\\/leckerekekse.de\\\/wordpress\\\/wp-content\\\/uploads\\\/2023\\\/01\\\/IMG_2847.jpg\",\"contentUrl\":\"https:\\\/\\\/leckerekekse.de\\\/wordpress\\\/wp-content\\\/uploads\\\/2023\\\/01\\\/IMG_2847.jpg\",\"width\":640,\"height\":481},{\"@type\":\"BreadcrumbList\",\"@id\":\"https:\\\/\\\/leckerekekse.de\\\/wordpress\\\/sofi-oksanen-baby-jane\\\/#breadcrumb\",\"itemListElement\":[{\"@type\":\"ListItem\",\"position\":1,\"name\":\"Home\",\"item\":\"https:\\\/\\\/leckerekekse.de\\\/wordpress\\\/\"},{\"@type\":\"ListItem\",\"position\":2,\"name\":\"Sofi Oksanen: Baby Jane\"}]},{\"@type\":\"WebSite\",\"@id\":\"https:\\\/\\\/leckerekekse.de\\\/wordpress\\\/#website\",\"url\":\"https:\\\/\\\/leckerekekse.de\\\/wordpress\\\/\",\"name\":\"Leckere Kekse &amp; mehr\",\"description\":\"Kekse backen, B\u00fccher lesen und mehr\",\"publisher\":{\"@id\":\"https:\\\/\\\/leckerekekse.de\\\/wordpress\\\/#\\\/schema\\\/person\\\/6e4b2658514a3b7423a1f323400bdc1b\"},\"potentialAction\":[{\"@type\":\"SearchAction\",\"target\":{\"@type\":\"EntryPoint\",\"urlTemplate\":\"https:\\\/\\\/leckerekekse.de\\\/wordpress\\\/?s={search_term_string}\"},\"query-input\":{\"@type\":\"PropertyValueSpecification\",\"valueRequired\":true,\"valueName\":\"search_term_string\"}}],\"inLanguage\":\"de\"},{\"@type\":[\"Person\",\"Organization\"],\"@id\":\"https:\\\/\\\/leckerekekse.de\\\/wordpress\\\/#\\\/schema\\\/person\\\/6e4b2658514a3b7423a1f323400bdc1b\",\"name\":\"Astrid\",\"logo\":{\"@id\":\"https:\\\/\\\/leckerekekse.de\\\/wordpress\\\/#\\\/schema\\\/person\\\/image\\\/\"},\"sameAs\":[\"https:\\\/\\\/leckerekekse.de\\\/wordpress\"]},{\"@type\":\"Person\",\"@id\":\"https:\\\/\\\/leckerekekse.de\\\/wordpress\\\/#\\\/schema\\\/person\\\/aeca9a159c2be36b9bce9092b38c13c8\",\"name\":\"Buchlieberin\",\"sameAs\":[\"https:\\\/\\\/leckerekekse.de\\\/wordpress\"]}]}<\/script>\n<!-- \/ Yoast SEO plugin. -->","yoast_head_json":{"title":"Sofi Oksanen: Baby Jane | Leckere Kekse &amp; mehr","description":"Der Roman Baby Jane ist ein Fr\u00fchwerk von Sofi Oksanen, der erst 2023 in einer deutschen \u00dcbersetzung ver\u00f6ffentlicht wurde. Rezension.","robots":{"index":"index","follow":"follow","max-snippet":"max-snippet:-1","max-image-preview":"max-image-preview:large","max-video-preview":"max-video-preview:-1"},"canonical":"https:\/\/leckerekekse.de\/wordpress\/sofi-oksanen-baby-jane\/","og_locale":"de_DE","og_type":"article","og_title":"Sofi Oksanen: Baby Jane | Leckere Kekse &amp; mehr","og_description":"Der Roman Baby Jane ist ein Fr\u00fchwerk von Sofi Oksanen, der erst 2023 in einer deutschen \u00dcbersetzung ver\u00f6ffentlicht wurde. Rezension.","og_url":"https:\/\/leckerekekse.de\/wordpress\/sofi-oksanen-baby-jane\/","og_site_name":"Leckere Kekse &amp; mehr","article_published_time":"2023-01-21T12:09:36+00:00","article_modified_time":"2023-01-21T12:09:37+00:00","og_image":[{"width":640,"height":481,"url":"https:\/\/leckerekekse.de\/wordpress\/wp-content\/uploads\/2023\/01\/IMG_2847.jpg","type":"image\/jpeg"}],"author":"Buchlieberin","twitter_misc":{"Verfasst von":"Buchlieberin","Gesch\u00e4tzte Lesezeit":"6\u00a0Minuten"},"schema":{"@context":"https:\/\/schema.org","@graph":[{"@type":"Article","@id":"https:\/\/leckerekekse.de\/wordpress\/sofi-oksanen-baby-jane\/#article","isPartOf":{"@id":"https:\/\/leckerekekse.de\/wordpress\/sofi-oksanen-baby-jane\/"},"author":{"name":"Buchlieberin","@id":"https:\/\/leckerekekse.de\/wordpress\/#\/schema\/person\/aeca9a159c2be36b9bce9092b38c13c8"},"headline":"Sofi Oksanen: Baby Jane","datePublished":"2023-01-21T12:09:36+00:00","dateModified":"2023-01-21T12:09:37+00:00","mainEntityOfPage":{"@id":"https:\/\/leckerekekse.de\/wordpress\/sofi-oksanen-baby-jane\/"},"wordCount":884,"commentCount":0,"publisher":{"@id":"https:\/\/leckerekekse.de\/wordpress\/#\/schema\/person\/6e4b2658514a3b7423a1f323400bdc1b"},"image":{"@id":"https:\/\/leckerekekse.de\/wordpress\/sofi-oksanen-baby-jane\/#primaryimage"},"thumbnailUrl":"https:\/\/leckerekekse.de\/wordpress\/wp-content\/uploads\/2023\/01\/IMG_2847.jpg","keywords":["Beziehung","Depression","Lesbisch","psychische Erkrankung"],"articleSection":{"1":"B\u00fccher","2":"Rezension"},"inLanguage":"de","potentialAction":[{"@type":"CommentAction","name":"Comment","target":["https:\/\/leckerekekse.de\/wordpress\/sofi-oksanen-baby-jane\/#respond"]}]},{"@type":"WebPage","@id":"https:\/\/leckerekekse.de\/wordpress\/sofi-oksanen-baby-jane\/","url":"https:\/\/leckerekekse.de\/wordpress\/sofi-oksanen-baby-jane\/","name":"Sofi Oksanen: Baby Jane | Leckere Kekse &amp; mehr","isPartOf":{"@id":"https:\/\/leckerekekse.de\/wordpress\/#website"},"primaryImageOfPage":{"@id":"https:\/\/leckerekekse.de\/wordpress\/sofi-oksanen-baby-jane\/#primaryimage"},"image":{"@id":"https:\/\/leckerekekse.de\/wordpress\/sofi-oksanen-baby-jane\/#primaryimage"},"thumbnailUrl":"https:\/\/leckerekekse.de\/wordpress\/wp-content\/uploads\/2023\/01\/IMG_2847.jpg","datePublished":"2023-01-21T12:09:36+00:00","dateModified":"2023-01-21T12:09:37+00:00","description":"Der Roman Baby Jane ist ein Fr\u00fchwerk von Sofi Oksanen, der erst 2023 in einer deutschen \u00dcbersetzung ver\u00f6ffentlicht wurde. Rezension.","breadcrumb":{"@id":"https:\/\/leckerekekse.de\/wordpress\/sofi-oksanen-baby-jane\/#breadcrumb"},"inLanguage":"de","potentialAction":[{"@type":"ReadAction","target":["https:\/\/leckerekekse.de\/wordpress\/sofi-oksanen-baby-jane\/"]}]},{"@type":"ImageObject","inLanguage":"de","@id":"https:\/\/leckerekekse.de\/wordpress\/sofi-oksanen-baby-jane\/#primaryimage","url":"https:\/\/leckerekekse.de\/wordpress\/wp-content\/uploads\/2023\/01\/IMG_2847.jpg","contentUrl":"https:\/\/leckerekekse.de\/wordpress\/wp-content\/uploads\/2023\/01\/IMG_2847.jpg","width":640,"height":481},{"@type":"BreadcrumbList","@id":"https:\/\/leckerekekse.de\/wordpress\/sofi-oksanen-baby-jane\/#breadcrumb","itemListElement":[{"@type":"ListItem","position":1,"name":"Home","item":"https:\/\/leckerekekse.de\/wordpress\/"},{"@type":"ListItem","position":2,"name":"Sofi Oksanen: Baby Jane"}]},{"@type":"WebSite","@id":"https:\/\/leckerekekse.de\/wordpress\/#website","url":"https:\/\/leckerekekse.de\/wordpress\/","name":"Leckere Kekse &amp; mehr","description":"Kekse backen, B\u00fccher lesen und mehr","publisher":{"@id":"https:\/\/leckerekekse.de\/wordpress\/#\/schema\/person\/6e4b2658514a3b7423a1f323400bdc1b"},"potentialAction":[{"@type":"SearchAction","target":{"@type":"EntryPoint","urlTemplate":"https:\/\/leckerekekse.de\/wordpress\/?s={search_term_string}"},"query-input":{"@type":"PropertyValueSpecification","valueRequired":true,"valueName":"search_term_string"}}],"inLanguage":"de"},{"@type":["Person","Organization"],"@id":"https:\/\/leckerekekse.de\/wordpress\/#\/schema\/person\/6e4b2658514a3b7423a1f323400bdc1b","name":"Astrid","logo":{"@id":"https:\/\/leckerekekse.de\/wordpress\/#\/schema\/person\/image\/"},"sameAs":["https:\/\/leckerekekse.de\/wordpress"]},{"@type":"Person","@id":"https:\/\/leckerekekse.de\/wordpress\/#\/schema\/person\/aeca9a159c2be36b9bce9092b38c13c8","name":"Buchlieberin","sameAs":["https:\/\/leckerekekse.de\/wordpress"]}]}},"_links":{"self":[{"href":"https:\/\/leckerekekse.de\/wordpress\/wp-json\/wp\/v2\/posts\/17686","targetHints":{"allow":["GET"]}}],"collection":[{"href":"https:\/\/leckerekekse.de\/wordpress\/wp-json\/wp\/v2\/posts"}],"about":[{"href":"https:\/\/leckerekekse.de\/wordpress\/wp-json\/wp\/v2\/types\/post"}],"author":[{"embeddable":true,"href":"https:\/\/leckerekekse.de\/wordpress\/wp-json\/wp\/v2\/users\/2"}],"replies":[{"embeddable":true,"href":"https:\/\/leckerekekse.de\/wordpress\/wp-json\/wp\/v2\/comments?post=17686"}],"version-history":[{"count":2,"href":"https:\/\/leckerekekse.de\/wordpress\/wp-json\/wp\/v2\/posts\/17686\/revisions"}],"predecessor-version":[{"id":17689,"href":"https:\/\/leckerekekse.de\/wordpress\/wp-json\/wp\/v2\/posts\/17686\/revisions\/17689"}],"wp:featuredmedia":[{"embeddable":true,"href":"https:\/\/leckerekekse.de\/wordpress\/wp-json\/wp\/v2\/media\/17688"}],"wp:attachment":[{"href":"https:\/\/leckerekekse.de\/wordpress\/wp-json\/wp\/v2\/media?parent=17686"}],"wp:term":[{"taxonomy":"category","embeddable":true,"href":"https:\/\/leckerekekse.de\/wordpress\/wp-json\/wp\/v2\/categories?post=17686"},{"taxonomy":"post_tag","embeddable":true,"href":"https:\/\/leckerekekse.de\/wordpress\/wp-json\/wp\/v2\/tags?post=17686"}],"curies":[{"name":"wp","href":"https:\/\/api.w.org\/{rel}","templated":true}]}}