{"id":17807,"date":"2023-04-08T08:13:00","date_gmt":"2023-04-08T06:13:00","guid":{"rendered":"https:\/\/leckerekekse.de\/wordpress\/?p=17807"},"modified":"2023-04-07T15:13:30","modified_gmt":"2023-04-07T13:13:30","slug":"steven-uhly-die-summe-des-ganzen","status":"publish","type":"post","link":"https:\/\/leckerekekse.de\/wordpress\/steven-uhly-die-summe-des-ganzen\/","title":{"rendered":"Steven Uhly: Die Summe des Ganzen"},"content":{"rendered":"\n<figure class=\"wp-block-image size-large\"><img loading=\"lazy\" decoding=\"async\" width=\"640\" height=\"640\" src=\"https:\/\/leckerekekse.de\/wordpress\/wp-content\/uploads\/2023\/04\/summe-des-ganzen-steven-uhly-640x640.jpg\" alt=\"\" class=\"wp-image-17809\" srcset=\"https:\/\/leckerekekse.de\/wordpress\/wp-content\/uploads\/2023\/04\/summe-des-ganzen-steven-uhly.jpg 640w, https:\/\/leckerekekse.de\/wordpress\/wp-content\/uploads\/2023\/04\/summe-des-ganzen-steven-uhly-300x300.jpg 300w, https:\/\/leckerekekse.de\/wordpress\/wp-content\/uploads\/2023\/04\/summe-des-ganzen-steven-uhly-150x150.jpg 150w, https:\/\/leckerekekse.de\/wordpress\/wp-content\/uploads\/2023\/04\/summe-des-ganzen-steven-uhly-144x144.jpg 144w, https:\/\/leckerekekse.de\/wordpress\/wp-content\/uploads\/2023\/04\/summe-des-ganzen-steven-uhly-120x120.jpg 120w\" sizes=\"auto, (max-width: 640px) 100vw, 640px\" \/><\/figure>\n\n\n\n<h2 class=\"wp-block-heading\">Kammerspiel im Beichtstuhl<\/h2>\n\n\n\n<p>Ein Priester in einer Kirche in Madrid. Jeden Tag verbringt er langweilige Stunden im Beichtstuhl. Seine Sch\u00e4fchen kommen regelm\u00e4\u00dfig, erz\u00e4hlen immer dasselbe. Sie holen sich ihre Absolution und den Auftrag zu beten. In der folgenden Woche kommen sie wieder und beichten dieselben S\u00fcnden. Bis eines Tages ein Fremder im Beichtstuhl sitzt und mit den klassischen Worten \u201ePadre ich habe ges\u00fcndigt\u201c beginnt.<\/p>\n\n\n\n<p>De Mann will zun\u00e4chst nicht recht raus mit der Sprache. Dann deutet er \u201eunnat\u00fcrliche Neigungen\u201c an und erz\u00e4hlt, dass er einen Nachhilfesch\u00fcler hat. <br>Statt weiter zu sprechen, verl\u00e4sst der S\u00fcnder fluchtartig den Beichtstuhl.<\/p>\n\n\n\n<!--more-->\n\n\n\n<h3 class=\"wp-block-heading\">Der Priester<\/h3>\n\n\n\n<p>Zun\u00e4chst ist der Priester nur froh, dass der S\u00fcnder so schnell verschwand. Denn der H\u00f6hepunkt der Woche wartet auf ihn: der Knabenchor. Allen voran Armando, der wohl eine wunderbare Stimme hat.<br>Sein Alltag l\u00e4uft sonst nach festen Mustern ab. Hier eine Trauung, dort eine Taufe. Nat\u00fcrlich auch manchmal die letzte \u00d6lung am Krankenbett und Trauerfeiern.<br>Dieser unbekannte S\u00fcnder w\u00fchlt ihn auf. Wer steckt wohl dahinter? Was ist genau passiert? Ist \u201ees\u201c schon geschehen, oder kann das noch abgewendet werden? Er l\u00e4sst sich immer mehr in die Erz\u00e4hlungen des S\u00fcnders hineinziehen.<\/p>\n\n\n\n<h3 class=\"wp-block-heading\">Der S\u00fcnder<\/h3>\n\n\n\n<p>Schon nach 20 Seiten erfuhr ich, dass es sich um Lucas Hern\u00e1ndez handelt. Auch er scheint hin- und hergerissen zu sein. Voller Mitleid mit dem Jungen, dem er trotzdem anscheinend nicht scheut schreckliches anzutun.<br>Lucas hat eine Frau und Tochter, scheint aber getrennt von ihnen zu leben. Auch \u00fcber ihn und seinen Alltag erfahre ich im Buch nicht viel.<br>Allerding macht er in einem Park in Madrid eine neue Bekanntschaft: Akachukwu.<\/p>\n\n\n\n<h3 class=\"wp-block-heading\">Akachukwu<\/h3>\n\n\n\n<p>\u00dcbersetzt hei\u00dft sein Name \u201edie Hand Gottes\u201c. Sicher kein Zufall, der Name in diesem Buch. Lucas kauft ihm aus einer pl\u00f6tzlichen Eingebung ein paar Gramm Gras ab. Sie kommen ins Gespr\u00e4ch und der Nigerianer scheint Lucas einzige Bezugsperson in Madrid zu sein.<br>Durch Akachukwu kommt die Verlogenheit der Gesellschaft nicht nur um Bezug auf Kirche, sondern auch Richtung Migration und fehlende Integration zur Sprache. So berichtet er zum Beispiel von seinem Traum eine Ausbildung zu machen. Doch leider kann er als Fl\u00fcchtling keine geregelte, legale Arbeit beginnen und hat praktisch keine Wahl als kriminell zu werden.<br>Akachukwu erz\u00e4hlt wie er nach Madrid kam, warum er aus Nigeria gefl\u00fcchtet ist und auch Lucas \u00f6ffnet sich ihm nach und nach.<br>Sie reden \u00fcber Gott und Religion, die Welt und die Menschen. Diese Passagen sind f\u00fcr mich fast entspannend zu lesen, w\u00e4hrend sich im Beichtstuhl die Spannung immer mehr aufbaut.<\/p>\n\n\n\n<h3 class=\"wp-block-heading\">Krimi?<\/h3>\n\n\n\n<p>Denn spannend ist das Buch. Fast wie ein Krimi. Ich w\u00fcrde es nicht als Kriminalroman bezeichnen, aber Langeweile kam nie bei mir auf. Dieses Zusammenspiel zwischen dem Priester und Lucas, die Diskussion \u00fcber Schuld und S\u00fchne waren sehr spannend zu lesen. Es tat dem Buch auch gut, dass es mit 150 Seiten sehr reduziert war. Uhly beschr\u00e4nkt sich auf das wesentliche, alles \u00dcberfl\u00fcssige l\u00e4sst er weg.<br>Trotzdem bildhafte Beschreibungen, Kopfkino hatte ich de ganze Zeit. Ich sah den Beichtstuhl, den Kinderchor, den Park. Vielleicht wird das Buch ja auch mal verfilmt, wer wei\u00df?<\/p>\n\n\n<div class=\"wp-block-image\">\n<figure class=\"aligncenter size-full\"><img loading=\"lazy\" decoding=\"async\" width=\"480\" height=\"640\" src=\"https:\/\/leckerekekse.de\/wordpress\/wp-content\/uploads\/2023\/04\/beichstuhl-bonn-muenster.jpg\" alt=\"Beichtstuhl im Bonner M\u00fcnster\" class=\"wp-image-17810\" srcset=\"https:\/\/leckerekekse.de\/wordpress\/wp-content\/uploads\/2023\/04\/beichstuhl-bonn-muenster.jpg 480w, https:\/\/leckerekekse.de\/wordpress\/wp-content\/uploads\/2023\/04\/beichstuhl-bonn-muenster-225x300.jpg 225w\" sizes=\"auto, (max-width: 480px) 100vw, 480px\" \/><figcaption class=\"wp-element-caption\">Beichtstuhl im Bonner M\u00fcnster<\/figcaption><\/figure>\n<\/div>\n\n\n<h3 class=\"wp-block-heading\">Beichte<\/h3>\n\n\n\n<p>Die dritte der sieben sogenannten Tots\u00fcnden ist die Wollust, oder auch eben Luxuria. Heute wird in der katholischen Kirche her von Unkeuschheit und Haupts\u00fcnden gesprochen. Das h\u00f6rt sich wohl nicht so martialisch an. Trotzdem kann ich als Katholikin diese S\u00fcnden beichten und mir Absolution abholen. Ich nehme an, &nbsp;der Hintergrund dessen war auch mal das Bereuen.<\/p>\n\n\n\n<blockquote class=\"wp-block-quote is-layout-flow wp-block-quote-is-layout-flow\">\n<p>Luxuria ist eine K\u00f6nigin, die die Welt regiert.<\/p>\n<\/blockquote>\n\n\n\n<p>In diesem Buch wird wunderbar klargestellt, wie absurd das alles doch ist. Vor allem, wenn ich als S\u00fcnder mein Leben danach nicht \u00e4ndere.<br>Ganz wunderbar eine Szene am Ende, in der der Priester die Beichte ablegen m\u00f6chte. Wunderbar, wie die Rollen vertauscht werden!<br>Ich konnte gemeinsam mit einem guten Dutzend anderer Leser: innen mit dem Autor im Rahmen des Leseclubfestivals diskutieren. Dabei meldete sich eine Teilnehmerin und sagte, dass sich mit Kirche keine eigenen Erfahrungen h\u00e4tte und fragte nach ob das bei den Katholiken wirklich so sei, mit der Beichte und Vergebung und so. Sie war ganz fassungslos.<\/p>\n\n\n\n<h3 class=\"wp-block-heading\">Leseclubfestival<\/h3>\n\n\n\n<p>Vor Corona ist das <a href=\"https:\/\/www.leseclubfestival.com\/\">Leseclubfestival<\/a> nur in K\u00f6ln mit mehreren parallelen Veranstaltungen gestartet. Dieses Jahr fand es schon in zehn St\u00e4dten statt und 33 Autor:innen stellten Leser:innen der Diskussion zu ihrem Buch. Das ist also keine Lesung, sondern wirklich ein exklusiver Lesekreis, in dem man die einmalige Gelegenheit hat mit dem Autor, der Autorin \u00fcber sein\/ihr Buch zu sprechen. Nach dem Kauf der Eintrittskarte bekommst du das Buch nach Hause geschickt, du liest es vor der Veranstaltung und los geht die Diskussion. Auch die Meinung der anderen Teilnehmer:innen ist sehr wertvoll. In meinen eigenen Lesekreisen habe ich manchmal das Gef\u00fchl, dass alles ein wenig eingefahren ist. Beim Leseclubfestival kommen Menschen zusammen die sich nicht kennen. Die einzige offensichtliche Gemeinsamkeit ist das Interesse f\u00fcr das Buch. Wir hatten sehr kontroverse Diskussionen an dem Abend.<br>Tolle Veranstaltungsreihe. N\u00e4chstes Jahr bin ich wieder dabei!<\/p>\n\n\n<div class=\"wp-block-image\">\n<figure class=\"aligncenter size-full\"><img loading=\"lazy\" decoding=\"async\" width=\"480\" height=\"640\" src=\"https:\/\/leckerekekse.de\/wordpress\/wp-content\/uploads\/2023\/04\/steven-uhly-summe-des-ganzen.jpg\" alt=\"Steven Uhly in Bonn auf dem Leseclubfestival\" class=\"wp-image-17811\" srcset=\"https:\/\/leckerekekse.de\/wordpress\/wp-content\/uploads\/2023\/04\/steven-uhly-summe-des-ganzen.jpg 480w, https:\/\/leckerekekse.de\/wordpress\/wp-content\/uploads\/2023\/04\/steven-uhly-summe-des-ganzen-225x300.jpg 225w\" sizes=\"auto, (max-width: 480px) 100vw, 480px\" \/><figcaption class=\"wp-element-caption\">Steven Uhly<\/figcaption><\/figure>\n<\/div>\n\n\n<h3 class=\"wp-block-heading\">Steven Uhly<\/h3>\n\n\n\n<p>Uhly diskutierte sehr angeregt und sachlich mit seinen Leser:innen. Auch Kritik konnte er gut wegstecken.<br>Ihm war gerade, bei diesem Thema Kindesmissbrauch und Kirche wichtig, dass er als Autor kein Urteil f\u00e4llt, sondern eine Geschichte erz\u00e4hlen m\u00f6chte.<br>Einige der Protagonisten hat er in Anlehnung an Freunde geschaffen. Er kennt einige Missbrauchsopfer pers\u00f6nlich. <br>Interessant war auch, wie er von Lesungen mit vom Missbrauch Betroffenen berichtete. Er erz\u00e4hlt, das w\u00e4ren auch f\u00fcr ihn unheimlich schwere Begegnungen gewesen. Trotzdem war deren Resonanz auf das Buch durchweg positiv.<\/p>\n\n\n\n<h3 class=\"wp-block-heading\">Fazit<\/h3>\n\n\n\n<p><a href=\"https:\/\/secession-verlag.com\/buecher\/die-summe-des-ganzen\">Die Summe des Ganzen<\/a> von Steven Uhly behandelt das Thema Kindesmissbrauch in der Kirche behutsam und macht doch einen spannendenRoman daraus. Trotz der Reduziertheit des Buches (knapp 200 Seiten) ist es ungeheuer vielschichtig. <br>Anmerkung:  das Buch sehr stimmig gestaltet ist. Allein die Haptik des Papiers lohnt sich und ist in diesem Fall dem eBook vorzuziehen! <\/p>\n\n\n\n<h3 class=\"wp-block-heading\">Weitere B\u00fccher zum Thema<\/h3>\n\n\n\n<p>Auch andere Autor:innen n\u00e4hern sich dem THema Kindesmissbrauch an:<br><a href=\"https:\/\/leckerekekse.de\/wordpress\/lioba-werrelmann-hinterhaus\/\">Hinterhaus<\/a> von Lioba Werrelmann<br><a href=\"https:\/\/leckerekekse.de\/wordpress\/toni-morrison-gott-hilf-dem-kind-rezension\/\">Gott hilf dem Kind<\/a> von Toni Morrison<br>Zum Thema Kirche empfehle ich folgende B\u00fccher:<br><a href=\"https:\/\/leckerekekse.de\/wordpress\/bernadette-schoog-marie-kommt-heim\/\">Marie kommt heim<\/a> von Bernadette Schoog<br><a href=\"https:\/\/leckerekekse.de\/wordpress\/slata-roschal-153-formen-des-nichtseins\/\">153 Formen des Nichtseins<\/a> von Slata Roschal<\/p>\n\n\n\n<figure class=\"wp-block-image size-medium\"><img loading=\"lazy\" decoding=\"async\" width=\"300\" height=\"219\" src=\"https:\/\/leckerekekse.de\/wordpress\/wp-content\/uploads\/2016\/04\/Signatur-002-300x219.jpg\" alt=\"\" class=\"wp-image-5977\" srcset=\"https:\/\/leckerekekse.de\/wordpress\/wp-content\/uploads\/2016\/04\/Signatur-002-300x219.jpg 300w, https:\/\/leckerekekse.de\/wordpress\/wp-content\/uploads\/2016\/04\/Signatur-002.jpg 640w\" sizes=\"auto, (max-width: 300px) 100vw, 300px\" \/><\/figure>\n","protected":false},"excerpt":{"rendered":"<p>Kammerspiel im Beichtstuhl Ein Priester in einer Kirche in Madrid. Jeden Tag verbringt er langweilige Stunden im Beichtstuhl. Seine Sch\u00e4fchen kommen regelm\u00e4\u00dfig, erz\u00e4hlen immer dasselbe. Sie holen sich ihre Absolution und den Auftrag zu beten. In der folgenden Woche kommen sie wieder und beichten dieselben S\u00fcnden. Bis eines Tages ein Fremder im Beichtstuhl sitzt und [&hellip;]<\/p>\n","protected":false},"author":2,"featured_media":17809,"comment_status":"open","ping_status":"open","sticky":false,"template":"","format":"standard","meta":{"footnotes":""},"categories":[1,3,788],"tags":[1507,1506,643],"class_list":["post-17807","post","type-post","status-publish","format-standard","has-post-thumbnail","hentry","category-allgemein","category-buecher","category-rezension","tag-beichte","tag-kindesmissbrauch","tag-kirche"],"yoast_head":"<!-- This site is optimized with the Yoast SEO plugin v27.4 - https:\/\/yoast.com\/product\/yoast-seo-wordpress\/ -->\n<title>Steven Uhly: Die Summe des Ganzen | Leckere Kekse &amp; mehr<\/title>\n<meta name=\"description\" content=\"Im Rahmen des Leseclubfestival konnte ich in Bonn mit Steven Uhly \u00fcber seinen Roman &quot;Die Summe das Ganzen&quot; diskutieren.\" \/>\n<meta name=\"robots\" content=\"index, follow, max-snippet:-1, max-image-preview:large, max-video-preview:-1\" \/>\n<link rel=\"canonical\" href=\"https:\/\/leckerekekse.de\/wordpress\/steven-uhly-die-summe-des-ganzen\/\" \/>\n<meta property=\"og:locale\" content=\"de_DE\" \/>\n<meta property=\"og:type\" content=\"article\" \/>\n<meta property=\"og:title\" content=\"Steven Uhly: Die Summe des Ganzen | Leckere Kekse &amp; mehr\" \/>\n<meta property=\"og:description\" content=\"Im Rahmen des Leseclubfestival konnte ich in Bonn mit Steven Uhly \u00fcber seinen Roman &quot;Die Summe das Ganzen&quot; diskutieren.\" \/>\n<meta property=\"og:url\" content=\"https:\/\/leckerekekse.de\/wordpress\/steven-uhly-die-summe-des-ganzen\/\" \/>\n<meta property=\"og:site_name\" content=\"Leckere Kekse &amp; mehr\" \/>\n<meta property=\"article:published_time\" content=\"2023-04-08T06:13:00+00:00\" \/>\n<meta property=\"og:image\" content=\"https:\/\/leckerekekse.de\/wordpress\/wp-content\/uploads\/2023\/04\/summe-des-ganzen-steven-uhly.jpg\" \/>\n\t<meta property=\"og:image:width\" content=\"640\" \/>\n\t<meta property=\"og:image:height\" content=\"640\" \/>\n\t<meta property=\"og:image:type\" content=\"image\/jpeg\" \/>\n<meta name=\"author\" content=\"Buchlieberin\" \/>\n<meta name=\"twitter:label1\" content=\"Verfasst von\" \/>\n\t<meta name=\"twitter:data1\" content=\"Buchlieberin\" \/>\n\t<meta name=\"twitter:label2\" content=\"Gesch\u00e4tzte Lesezeit\" \/>\n\t<meta name=\"twitter:data2\" content=\"7\u00a0Minuten\" \/>\n<script type=\"application\/ld+json\" class=\"yoast-schema-graph\">{\"@context\":\"https:\\\/\\\/schema.org\",\"@graph\":[{\"@type\":\"Article\",\"@id\":\"https:\\\/\\\/leckerekekse.de\\\/wordpress\\\/steven-uhly-die-summe-des-ganzen\\\/#article\",\"isPartOf\":{\"@id\":\"https:\\\/\\\/leckerekekse.de\\\/wordpress\\\/steven-uhly-die-summe-des-ganzen\\\/\"},\"author\":{\"name\":\"Buchlieberin\",\"@id\":\"https:\\\/\\\/leckerekekse.de\\\/wordpress\\\/#\\\/schema\\\/person\\\/aeca9a159c2be36b9bce9092b38c13c8\"},\"headline\":\"Steven Uhly: Die Summe des Ganzen\",\"datePublished\":\"2023-04-08T06:13:00+00:00\",\"mainEntityOfPage\":{\"@id\":\"https:\\\/\\\/leckerekekse.de\\\/wordpress\\\/steven-uhly-die-summe-des-ganzen\\\/\"},\"wordCount\":1068,\"commentCount\":1,\"publisher\":{\"@id\":\"https:\\\/\\\/leckerekekse.de\\\/wordpress\\\/#\\\/schema\\\/person\\\/6e4b2658514a3b7423a1f323400bdc1b\"},\"image\":{\"@id\":\"https:\\\/\\\/leckerekekse.de\\\/wordpress\\\/steven-uhly-die-summe-des-ganzen\\\/#primaryimage\"},\"thumbnailUrl\":\"https:\\\/\\\/leckerekekse.de\\\/wordpress\\\/wp-content\\\/uploads\\\/2023\\\/04\\\/summe-des-ganzen-steven-uhly.jpg\",\"keywords\":[\"Beichte\",\"Kindesmissbrauch\",\"Kirche\"],\"articleSection\":{\"1\":\"B\u00fccher\",\"2\":\"Rezension\"},\"inLanguage\":\"de\",\"potentialAction\":[{\"@type\":\"CommentAction\",\"name\":\"Comment\",\"target\":[\"https:\\\/\\\/leckerekekse.de\\\/wordpress\\\/steven-uhly-die-summe-des-ganzen\\\/#respond\"]}]},{\"@type\":\"WebPage\",\"@id\":\"https:\\\/\\\/leckerekekse.de\\\/wordpress\\\/steven-uhly-die-summe-des-ganzen\\\/\",\"url\":\"https:\\\/\\\/leckerekekse.de\\\/wordpress\\\/steven-uhly-die-summe-des-ganzen\\\/\",\"name\":\"Steven Uhly: Die Summe des Ganzen | Leckere Kekse &amp; mehr\",\"isPartOf\":{\"@id\":\"https:\\\/\\\/leckerekekse.de\\\/wordpress\\\/#website\"},\"primaryImageOfPage\":{\"@id\":\"https:\\\/\\\/leckerekekse.de\\\/wordpress\\\/steven-uhly-die-summe-des-ganzen\\\/#primaryimage\"},\"image\":{\"@id\":\"https:\\\/\\\/leckerekekse.de\\\/wordpress\\\/steven-uhly-die-summe-des-ganzen\\\/#primaryimage\"},\"thumbnailUrl\":\"https:\\\/\\\/leckerekekse.de\\\/wordpress\\\/wp-content\\\/uploads\\\/2023\\\/04\\\/summe-des-ganzen-steven-uhly.jpg\",\"datePublished\":\"2023-04-08T06:13:00+00:00\",\"description\":\"Im Rahmen des Leseclubfestival konnte ich in Bonn mit Steven Uhly \u00fcber seinen Roman \\\"Die Summe das Ganzen\\\" diskutieren.\",\"breadcrumb\":{\"@id\":\"https:\\\/\\\/leckerekekse.de\\\/wordpress\\\/steven-uhly-die-summe-des-ganzen\\\/#breadcrumb\"},\"inLanguage\":\"de\",\"potentialAction\":[{\"@type\":\"ReadAction\",\"target\":[\"https:\\\/\\\/leckerekekse.de\\\/wordpress\\\/steven-uhly-die-summe-des-ganzen\\\/\"]}]},{\"@type\":\"ImageObject\",\"inLanguage\":\"de\",\"@id\":\"https:\\\/\\\/leckerekekse.de\\\/wordpress\\\/steven-uhly-die-summe-des-ganzen\\\/#primaryimage\",\"url\":\"https:\\\/\\\/leckerekekse.de\\\/wordpress\\\/wp-content\\\/uploads\\\/2023\\\/04\\\/summe-des-ganzen-steven-uhly.jpg\",\"contentUrl\":\"https:\\\/\\\/leckerekekse.de\\\/wordpress\\\/wp-content\\\/uploads\\\/2023\\\/04\\\/summe-des-ganzen-steven-uhly.jpg\",\"width\":640,\"height\":640},{\"@type\":\"BreadcrumbList\",\"@id\":\"https:\\\/\\\/leckerekekse.de\\\/wordpress\\\/steven-uhly-die-summe-des-ganzen\\\/#breadcrumb\",\"itemListElement\":[{\"@type\":\"ListItem\",\"position\":1,\"name\":\"Home\",\"item\":\"https:\\\/\\\/leckerekekse.de\\\/wordpress\\\/\"},{\"@type\":\"ListItem\",\"position\":2,\"name\":\"Steven Uhly: Die Summe des Ganzen\"}]},{\"@type\":\"WebSite\",\"@id\":\"https:\\\/\\\/leckerekekse.de\\\/wordpress\\\/#website\",\"url\":\"https:\\\/\\\/leckerekekse.de\\\/wordpress\\\/\",\"name\":\"Leckere Kekse &amp; mehr\",\"description\":\"Kekse backen, B\u00fccher lesen und mehr\",\"publisher\":{\"@id\":\"https:\\\/\\\/leckerekekse.de\\\/wordpress\\\/#\\\/schema\\\/person\\\/6e4b2658514a3b7423a1f323400bdc1b\"},\"potentialAction\":[{\"@type\":\"SearchAction\",\"target\":{\"@type\":\"EntryPoint\",\"urlTemplate\":\"https:\\\/\\\/leckerekekse.de\\\/wordpress\\\/?s={search_term_string}\"},\"query-input\":{\"@type\":\"PropertyValueSpecification\",\"valueRequired\":true,\"valueName\":\"search_term_string\"}}],\"inLanguage\":\"de\"},{\"@type\":[\"Person\",\"Organization\"],\"@id\":\"https:\\\/\\\/leckerekekse.de\\\/wordpress\\\/#\\\/schema\\\/person\\\/6e4b2658514a3b7423a1f323400bdc1b\",\"name\":\"Astrid\",\"logo\":{\"@id\":\"https:\\\/\\\/leckerekekse.de\\\/wordpress\\\/#\\\/schema\\\/person\\\/image\\\/\"},\"sameAs\":[\"https:\\\/\\\/leckerekekse.de\\\/wordpress\"]},{\"@type\":\"Person\",\"@id\":\"https:\\\/\\\/leckerekekse.de\\\/wordpress\\\/#\\\/schema\\\/person\\\/aeca9a159c2be36b9bce9092b38c13c8\",\"name\":\"Buchlieberin\",\"sameAs\":[\"https:\\\/\\\/leckerekekse.de\\\/wordpress\"]}]}<\/script>\n<!-- \/ Yoast SEO plugin. -->","yoast_head_json":{"title":"Steven Uhly: Die Summe des Ganzen | Leckere Kekse &amp; mehr","description":"Im Rahmen des Leseclubfestival konnte ich in Bonn mit Steven Uhly \u00fcber seinen Roman \"Die Summe das Ganzen\" diskutieren.","robots":{"index":"index","follow":"follow","max-snippet":"max-snippet:-1","max-image-preview":"max-image-preview:large","max-video-preview":"max-video-preview:-1"},"canonical":"https:\/\/leckerekekse.de\/wordpress\/steven-uhly-die-summe-des-ganzen\/","og_locale":"de_DE","og_type":"article","og_title":"Steven Uhly: Die Summe des Ganzen | Leckere Kekse &amp; mehr","og_description":"Im Rahmen des Leseclubfestival konnte ich in Bonn mit Steven Uhly \u00fcber seinen Roman \"Die Summe das Ganzen\" diskutieren.","og_url":"https:\/\/leckerekekse.de\/wordpress\/steven-uhly-die-summe-des-ganzen\/","og_site_name":"Leckere Kekse &amp; mehr","article_published_time":"2023-04-08T06:13:00+00:00","og_image":[{"width":640,"height":640,"url":"https:\/\/leckerekekse.de\/wordpress\/wp-content\/uploads\/2023\/04\/summe-des-ganzen-steven-uhly.jpg","type":"image\/jpeg"}],"author":"Buchlieberin","twitter_misc":{"Verfasst von":"Buchlieberin","Gesch\u00e4tzte Lesezeit":"7\u00a0Minuten"},"schema":{"@context":"https:\/\/schema.org","@graph":[{"@type":"Article","@id":"https:\/\/leckerekekse.de\/wordpress\/steven-uhly-die-summe-des-ganzen\/#article","isPartOf":{"@id":"https:\/\/leckerekekse.de\/wordpress\/steven-uhly-die-summe-des-ganzen\/"},"author":{"name":"Buchlieberin","@id":"https:\/\/leckerekekse.de\/wordpress\/#\/schema\/person\/aeca9a159c2be36b9bce9092b38c13c8"},"headline":"Steven Uhly: Die Summe des Ganzen","datePublished":"2023-04-08T06:13:00+00:00","mainEntityOfPage":{"@id":"https:\/\/leckerekekse.de\/wordpress\/steven-uhly-die-summe-des-ganzen\/"},"wordCount":1068,"commentCount":1,"publisher":{"@id":"https:\/\/leckerekekse.de\/wordpress\/#\/schema\/person\/6e4b2658514a3b7423a1f323400bdc1b"},"image":{"@id":"https:\/\/leckerekekse.de\/wordpress\/steven-uhly-die-summe-des-ganzen\/#primaryimage"},"thumbnailUrl":"https:\/\/leckerekekse.de\/wordpress\/wp-content\/uploads\/2023\/04\/summe-des-ganzen-steven-uhly.jpg","keywords":["Beichte","Kindesmissbrauch","Kirche"],"articleSection":{"1":"B\u00fccher","2":"Rezension"},"inLanguage":"de","potentialAction":[{"@type":"CommentAction","name":"Comment","target":["https:\/\/leckerekekse.de\/wordpress\/steven-uhly-die-summe-des-ganzen\/#respond"]}]},{"@type":"WebPage","@id":"https:\/\/leckerekekse.de\/wordpress\/steven-uhly-die-summe-des-ganzen\/","url":"https:\/\/leckerekekse.de\/wordpress\/steven-uhly-die-summe-des-ganzen\/","name":"Steven Uhly: Die Summe des Ganzen | Leckere Kekse &amp; mehr","isPartOf":{"@id":"https:\/\/leckerekekse.de\/wordpress\/#website"},"primaryImageOfPage":{"@id":"https:\/\/leckerekekse.de\/wordpress\/steven-uhly-die-summe-des-ganzen\/#primaryimage"},"image":{"@id":"https:\/\/leckerekekse.de\/wordpress\/steven-uhly-die-summe-des-ganzen\/#primaryimage"},"thumbnailUrl":"https:\/\/leckerekekse.de\/wordpress\/wp-content\/uploads\/2023\/04\/summe-des-ganzen-steven-uhly.jpg","datePublished":"2023-04-08T06:13:00+00:00","description":"Im Rahmen des Leseclubfestival konnte ich in Bonn mit Steven Uhly \u00fcber seinen Roman \"Die Summe das Ganzen\" diskutieren.","breadcrumb":{"@id":"https:\/\/leckerekekse.de\/wordpress\/steven-uhly-die-summe-des-ganzen\/#breadcrumb"},"inLanguage":"de","potentialAction":[{"@type":"ReadAction","target":["https:\/\/leckerekekse.de\/wordpress\/steven-uhly-die-summe-des-ganzen\/"]}]},{"@type":"ImageObject","inLanguage":"de","@id":"https:\/\/leckerekekse.de\/wordpress\/steven-uhly-die-summe-des-ganzen\/#primaryimage","url":"https:\/\/leckerekekse.de\/wordpress\/wp-content\/uploads\/2023\/04\/summe-des-ganzen-steven-uhly.jpg","contentUrl":"https:\/\/leckerekekse.de\/wordpress\/wp-content\/uploads\/2023\/04\/summe-des-ganzen-steven-uhly.jpg","width":640,"height":640},{"@type":"BreadcrumbList","@id":"https:\/\/leckerekekse.de\/wordpress\/steven-uhly-die-summe-des-ganzen\/#breadcrumb","itemListElement":[{"@type":"ListItem","position":1,"name":"Home","item":"https:\/\/leckerekekse.de\/wordpress\/"},{"@type":"ListItem","position":2,"name":"Steven Uhly: Die Summe des Ganzen"}]},{"@type":"WebSite","@id":"https:\/\/leckerekekse.de\/wordpress\/#website","url":"https:\/\/leckerekekse.de\/wordpress\/","name":"Leckere Kekse &amp; mehr","description":"Kekse backen, B\u00fccher lesen und mehr","publisher":{"@id":"https:\/\/leckerekekse.de\/wordpress\/#\/schema\/person\/6e4b2658514a3b7423a1f323400bdc1b"},"potentialAction":[{"@type":"SearchAction","target":{"@type":"EntryPoint","urlTemplate":"https:\/\/leckerekekse.de\/wordpress\/?s={search_term_string}"},"query-input":{"@type":"PropertyValueSpecification","valueRequired":true,"valueName":"search_term_string"}}],"inLanguage":"de"},{"@type":["Person","Organization"],"@id":"https:\/\/leckerekekse.de\/wordpress\/#\/schema\/person\/6e4b2658514a3b7423a1f323400bdc1b","name":"Astrid","logo":{"@id":"https:\/\/leckerekekse.de\/wordpress\/#\/schema\/person\/image\/"},"sameAs":["https:\/\/leckerekekse.de\/wordpress"]},{"@type":"Person","@id":"https:\/\/leckerekekse.de\/wordpress\/#\/schema\/person\/aeca9a159c2be36b9bce9092b38c13c8","name":"Buchlieberin","sameAs":["https:\/\/leckerekekse.de\/wordpress"]}]}},"_links":{"self":[{"href":"https:\/\/leckerekekse.de\/wordpress\/wp-json\/wp\/v2\/posts\/17807","targetHints":{"allow":["GET"]}}],"collection":[{"href":"https:\/\/leckerekekse.de\/wordpress\/wp-json\/wp\/v2\/posts"}],"about":[{"href":"https:\/\/leckerekekse.de\/wordpress\/wp-json\/wp\/v2\/types\/post"}],"author":[{"embeddable":true,"href":"https:\/\/leckerekekse.de\/wordpress\/wp-json\/wp\/v2\/users\/2"}],"replies":[{"embeddable":true,"href":"https:\/\/leckerekekse.de\/wordpress\/wp-json\/wp\/v2\/comments?post=17807"}],"version-history":[{"count":3,"href":"https:\/\/leckerekekse.de\/wordpress\/wp-json\/wp\/v2\/posts\/17807\/revisions"}],"predecessor-version":[{"id":17819,"href":"https:\/\/leckerekekse.de\/wordpress\/wp-json\/wp\/v2\/posts\/17807\/revisions\/17819"}],"wp:featuredmedia":[{"embeddable":true,"href":"https:\/\/leckerekekse.de\/wordpress\/wp-json\/wp\/v2\/media\/17809"}],"wp:attachment":[{"href":"https:\/\/leckerekekse.de\/wordpress\/wp-json\/wp\/v2\/media?parent=17807"}],"wp:term":[{"taxonomy":"category","embeddable":true,"href":"https:\/\/leckerekekse.de\/wordpress\/wp-json\/wp\/v2\/categories?post=17807"},{"taxonomy":"post_tag","embeddable":true,"href":"https:\/\/leckerekekse.de\/wordpress\/wp-json\/wp\/v2\/tags?post=17807"}],"curies":[{"name":"wp","href":"https:\/\/api.w.org\/{rel}","templated":true}]}}