{"id":17847,"date":"2023-05-01T12:51:00","date_gmt":"2023-05-01T10:51:00","guid":{"rendered":"https:\/\/leckerekekse.de\/wordpress\/?p=17847"},"modified":"2023-05-01T11:53:44","modified_gmt":"2023-05-01T09:53:44","slug":"wiedersehen-in-leipzig-lbm2023","status":"publish","type":"post","link":"https:\/\/leckerekekse.de\/wordpress\/wiedersehen-in-leipzig-lbm2023\/","title":{"rendered":"Wiedersehen in Leipzig (#LBM2023)"},"content":{"rendered":"\n<figure class=\"wp-block-image size-full\"><img loading=\"lazy\" decoding=\"async\" width=\"640\" height=\"427\" src=\"https:\/\/leckerekekse.de\/wordpress\/wp-content\/uploads\/2023\/05\/Buchmesse-2023-1-1.jpg\" alt=\"Voland+Quist\" class=\"wp-image-17879\" srcset=\"https:\/\/leckerekekse.de\/wordpress\/wp-content\/uploads\/2023\/05\/Buchmesse-2023-1-1.jpg 640w, https:\/\/leckerekekse.de\/wordpress\/wp-content\/uploads\/2023\/05\/Buchmesse-2023-1-1-300x200.jpg 300w\" sizes=\"auto, (max-width: 640px) 100vw, 640px\" \/><\/figure>\n\n\n\n<h2 class=\"wp-block-heading\">Ein Besuch auf der Leipziger Buchmesse<\/h2>\n\n\n\n<p>Endlich wieder Leipziger Messeluft! Wie hat uns das gefehlt. Und nicht nur dieses Buchfest, auch haben wir (Astrid und Silvia) uns in den letzten Jahren viel zu selten gesehen.<br>Mittwoch sind wir angereist, Samstagnachmittag haben wir Leipzig wieder verlassen. In dieser Zeit haben wir viele gute Gespr\u00e4che gef\u00fchrt: miteinander, mit anderen Messebesuchern und Ausstellern. Wir konnten vielf\u00e4ltige Eindr\u00fccke und nat\u00fcrlich Unmengen an Inspiration f\u00fcr unser B\u00fccherregal und Blogger-Motivation gewinnen. Es blieb sogar noch ein wenig Zeit f\u00fcr Sightseeing.<br>Einige unserer Erlebnisse m\u00f6chten wir mit diesem Beitrag mit euch teilen.<\/p>\n\n\n\n<!--more-->\n\n\n\n<h3 class=\"wp-block-heading\">Mittwoch<\/h3>\n\n\n\n<p>Anreise mit der Bahn. Bei Astrid hat alles gut geklappt, Silvia kam eine Stunde zu sp\u00e4t, konnte daf\u00fcr aber ihr aktuelles Buch auslesen.<br>Dieses Jahr haben wir eine Ferienwohnung gebucht. Das war ziemlich sch\u00f6n. So konnten wir abends noch lange am K\u00fcchentisch miteinander quatschen und Tee trinken.<br>Ferienwohnung bedeutet aber auch: einkaufen. Fr\u00fchst\u00fcck gab es in der Wohnung, abends sind wir essen gegangen. Da gab es rund um die Wohnung ein paar M\u00f6glichkeiten.<\/p>\n\n\n<div class=\"wp-block-image\">\n<figure class=\"aligncenter size-full\"><img loading=\"lazy\" decoding=\"async\" width=\"427\" height=\"640\" src=\"https:\/\/leckerekekse.de\/wordpress\/wp-content\/uploads\/2023\/05\/Buchmesse-2023-15.jpg\" alt=\"\" class=\"wp-image-17868\" srcset=\"https:\/\/leckerekekse.de\/wordpress\/wp-content\/uploads\/2023\/05\/Buchmesse-2023-15.jpg 427w, https:\/\/leckerekekse.de\/wordpress\/wp-content\/uploads\/2023\/05\/Buchmesse-2023-15-200x300.jpg 200w\" sizes=\"auto, (max-width: 427px) 100vw, 427px\" \/><\/figure>\n<\/div>\n\n\n<h4 class=\"wp-block-heading\">Donnerstag<\/h4>\n\n\n\n<p>Der erste Messetag. Wir waren voller Vorfreude. Schon in der Stra\u00dfenbahn sieht man lauter buchbegeisterte Menschen. Das ist einfach sch\u00f6n. Gerade donnerstags sind auch viele Schulklassen auf der Messe unterwegs. Das l\u00e4sst auf Lesernachwuchs hoffen.<br>In der Bahn haben wir sogar noch Sitzpl\u00e4tze gefunden. Unser Tipp: steigt am Augustusplatz, nicht am Hauptbahnhof, ein. Dort sind die Bahnen noch wesentlich leerer.<br>Als Blogger geh\u00f6ren wir ja zur Presse. So haben wir das Privileg den Presseeingang, die dortige Lounge und Garderobe nutzen zu d\u00fcrfen. Sehr hilfreich, wir f\u00fchlen uns dort immer ein wenig privilegiert.<br>Von dort geht es an der Mangahalle und einigen Cosplayern mit tollen Kost\u00fcmen vorbei in die erste \u201erichtige\u201c B\u00fccherhalle.<br>Es war gut gef\u00fcllt, aber nicht \u00fcbervoll. Wir schlenderten einfach durch die G\u00e4nge und hielten uns vor allem bei den unabh\u00e4ngigen Verlagen l\u00e4nger auf. Dort kamen wir auch schnell ins Gespr\u00e4ch.<br>So holten wir uns bei <a href=\"https:\/\/www.voland-quist.de\/\">Voland &amp; Quist <\/a>einen Tipp f\u00fcr eine Lesung am n\u00e4chsten Tag und einen Buchtipp ab, lie\u00dfen uns am Stand vom <a href=\"https:\/\/www.mare.de\/buecher\/neuheiten-und-bestseller\">mare Verlag<\/a> das sehr sch\u00f6ne Herbstprogramm zeigen &nbsp;und lernten Jorghi Poll pers\u00f6nlich kennen. Er ist Verleger des \u00d6sterreichischen Verlags <a href=\"https:\/\/www.editionatelier.at\/titel\/cenzi-flendrovsky\/\">Edition Atelier<\/a> und Illustrator des Buches <a href=\"https:\/\/leckerekekse.de\/wordpress\/petra-sturm-cenzi-flendrovsky\/\">Cenzi Flendrovsky<\/a>, welches Silvia so begeistert hat.<br>Wir k\u00f6nnen gar nicht alle Erlebnisse hier wiedergeben.<\/p>\n\n\n\n<figure class=\"wp-block-image size-full\"><img loading=\"lazy\" decoding=\"async\" width=\"640\" height=\"427\" src=\"https:\/\/leckerekekse.de\/wordpress\/wp-content\/uploads\/2023\/05\/Buchmesse-2023-4.jpg\" alt=\"Edition Atelier\" class=\"wp-image-17857\" srcset=\"https:\/\/leckerekekse.de\/wordpress\/wp-content\/uploads\/2023\/05\/Buchmesse-2023-4.jpg 640w, https:\/\/leckerekekse.de\/wordpress\/wp-content\/uploads\/2023\/05\/Buchmesse-2023-4-300x200.jpg 300w\" sizes=\"auto, (max-width: 640px) 100vw, 640px\" \/><\/figure>\n\n\n\n<h3 class=\"wp-block-heading\">Wo sind die Blogger geblieben?<\/h3>\n\n\n\n<p>Nachmittags gab es ein Bloggertreffen bei Kiwi. Dort stellte Sebastian Hotz sein Buch <a href=\"https:\/\/www.kiwi-verlag.de\/buch\/sebastian-hotz-mindset-9783462002843\">Mindset<\/a> vor. Sogar ein Kamerateam war anwesend. Wir entsprechen da eher nicht der Zielgruppe, aber wir hofften dort bei den Besuchern viele bekannte Gesichter zu treffen. Der Raum war auch \u00fcbervoll, aber eigentlich erkannten wir nur drei der Blogger:innen.<\/p>\n\n\n\n<figure class=\"wp-block-image size-full\"><img loading=\"lazy\" decoding=\"async\" width=\"640\" height=\"427\" src=\"https:\/\/leckerekekse.de\/wordpress\/wp-content\/uploads\/2023\/05\/Buchmesse-2023-6.jpg\" alt=\"\" class=\"wp-image-17859\" srcset=\"https:\/\/leckerekekse.de\/wordpress\/wp-content\/uploads\/2023\/05\/Buchmesse-2023-6.jpg 640w, https:\/\/leckerekekse.de\/wordpress\/wp-content\/uploads\/2023\/05\/Buchmesse-2023-6-300x200.jpg 300w\" sizes=\"auto, (max-width: 640px) 100vw, 640px\" \/><\/figure>\n\n\n\n<p><br>Wo sind sie alle geblieben? Wir \u00fcberlegten, wen wir sonst immer gerne dort getroffen haben, erinnerten uns an die Namen der Blogs, recherchierten nochmal im Netz und stellten fest, dass einige aufgegeben haben in den letzten Jahren. Sind Blogs tot? Z\u00e4hlen nur noch die sozialen Medien wie Instagram und TicToc? Oder waren wir nur nicht zur gleichen Zeit am gleichen Ort? Vielleich m\u00fcssen wir auch einfach neue Netzwerke kn\u00fcpfen? Die Bloggertreffen wir z.B. die <a href=\"https:\/\/leckerekekse.de\/wordpress\/litblogconvention-2019\/\">Litblogconvention<\/a> fehlen auch um neue pers\u00f6nliche Kontakte zu bekommen.<br>Wie sieht es mit der Zukunft von Leckere Kekse aus? N\u00e4chstes Jahr haben wir schon zehnj\u00e4hriges Jubil\u00e4um!<br>Dieses Thema haben wir abends am K\u00fcchentisch nochmal lange diskutiert.<br>Doch immerhin haben wir Bozena von <a href=\"https:\/\/dasdebuet.com\/\">Das Deb\u00fct<\/a> und Petra von <a href=\"https:\/\/literaturreich.de\/\">Literaturreich<\/a> getroffen und wir hatten sogar Zeit f\u00fcr einen Schwatz, bei dem wir uns direkt f\u00fcr den Abend verabredeten.<\/p>\n\n\n\n<h3 class=\"wp-block-heading\">Messeabend<\/h3>\n\n\n\n<p>Die Buchmesse ist auch bekannt f\u00fcr ihre Partys. Am Donnerstag stand der Abend beim Eichborn Verlag mit anschlie\u00dfender Party an.<br>Doch im Restaurant in der N\u00e4he mussten wir sehr lange auf unser Essen warten. Astrid passte dann schon f\u00fcr die Veranstaltung. Silvia machte sich noch auf den Weg. Schlie\u00dflich wollte sie auch dort dem Programm lauschen und ein paar Leute treffen.<br>Doch Silvia kam recht sp\u00e4t an, durfte zwar noch in den \u00fcberf\u00fcllten Raum, konnte aber nur noch einen Stehplatz bekommen. Und sie war nach bereits 10 Stunden auf den Beinen schon recht m\u00fcde. So sprach sie nur kurz mit ein paar Bekannten und ging dann recht fr\u00fch. Zum Gl\u00fcck hielt dort ein Bus, der sie bis zur Unterkunft brachte.<br>Wir werden halt auch nicht j\u00fcnger\u2026<\/p>\n\n\n\n<h3 class=\"wp-block-heading\">Freitag<\/h3>\n\n\n\n<p>Wesentlich voller, schon in der Bahn. Unser Trick mit dem Augustusplatz brachte uns immerhin noch einen Sitzplatz und einen recht komfortablen Stehplatz mit Anlehnm\u00f6glichkeit. Umfallen konnte man ab Hauptbahnhof allerdings auch nicht mehr, so voll war es in der Bahn. Wir waren \u00fcbrigens in einer alten, historisch anmutenden Stra\u00dfenbahn. Und tats\u00e4chlich sind uns an der Strecke zahlreiche Tramfans aufgefallen, die Fotos machten.<br>Im Messegel\u00e4nde war es auch schon wesentlich voller als am Vortag.<\/p>\n\n\n\n<h3 class=\"wp-block-heading\">Entzwei<\/h3>\n\n\n\n<figure class=\"wp-block-image size-full\"><img loading=\"lazy\" decoding=\"async\" width=\"640\" height=\"427\" src=\"https:\/\/leckerekekse.de\/wordpress\/wp-content\/uploads\/2023\/05\/Buchmesse-2023-9.jpg\" alt=\"Entzwei\" class=\"wp-image-17862\" srcset=\"https:\/\/leckerekekse.de\/wordpress\/wp-content\/uploads\/2023\/05\/Buchmesse-2023-9.jpg 640w, https:\/\/leckerekekse.de\/wordpress\/wp-content\/uploads\/2023\/05\/Buchmesse-2023-9-300x200.jpg 300w\" sizes=\"auto, (max-width: 640px) 100vw, 640px\" \/><\/figure>\n\n\n\n<p>Der erste H\u00f6hepunkt war die Lesung von Sabine Gelsing, die ihren Deb\u00fctroman <a href=\"https:\/\/www.ulrike-helmer-verlag.de\/buchbeschreibungen\/sabine-gelsing-entzwei\/#cc-m-product-14703253932\">Entzwei<\/a> vorstellte. Wir kennen Sabine aus der Jury f\u00fcr den <a href=\"https:\/\/leckerekekse.de\/wordpress\/bloggerpreis-das-debuet-2022\/\">Bloggerdeb\u00fctpreis<\/a> und freuen uns sehr f\u00fcr sie. Wir waren von der Geschichte des Romans fasziniert und kauften uns jede direkt ein Exemplar, das Sabine uns auch gerne signierte.<\/p>\n\n\n\n<figure class=\"wp-block-image size-full\"><img loading=\"lazy\" decoding=\"async\" width=\"640\" height=\"427\" src=\"https:\/\/leckerekekse.de\/wordpress\/wp-content\/uploads\/2023\/05\/Buchmesse-2023-10.jpg\" alt=\"Entzwei - Roman\" class=\"wp-image-17863\" srcset=\"https:\/\/leckerekekse.de\/wordpress\/wp-content\/uploads\/2023\/05\/Buchmesse-2023-10.jpg 640w, https:\/\/leckerekekse.de\/wordpress\/wp-content\/uploads\/2023\/05\/Buchmesse-2023-10-300x200.jpg 300w\" sizes=\"auto, (max-width: 640px) 100vw, 640px\" \/><\/figure>\n\n\n\n<figure class=\"wp-block-image size-full\"><img loading=\"lazy\" decoding=\"async\" width=\"640\" height=\"427\" src=\"https:\/\/leckerekekse.de\/wordpress\/wp-content\/uploads\/2023\/05\/Buchmesse-2023-11.jpg\" alt=\"Buchmesse\" class=\"wp-image-17864\" srcset=\"https:\/\/leckerekekse.de\/wordpress\/wp-content\/uploads\/2023\/05\/Buchmesse-2023-11.jpg 640w, https:\/\/leckerekekse.de\/wordpress\/wp-content\/uploads\/2023\/05\/Buchmesse-2023-11-300x200.jpg 300w\" sizes=\"auto, (max-width: 640px) 100vw, 640px\" \/><\/figure>\n\n\n\n<h3 class=\"wp-block-heading\">Leseinsel der jungen Verlage<\/h3>\n\n\n\n<p>An diesem zweiten Messetag haben wir weniger gest\u00f6bert, daf\u00fcr mehr Lesungen besucht. So haben wir auch Ralph Tharayil gelauscht, der aus seinem Roman <a href=\"https:\/\/www.voland-quist.de\/wppb_works\/nimm-die-alpen-weg\/\" target=\"_blank\" rel=\"noreferrer noopener\">Nimm die Alpen<\/a> weg vortrug. Das war der Lesungstipp, den wir am Vortag am Stand von Volandt &amp; Quist erhielten. Und wirklich: Ralph hat eine tolle Stimme. Blickt man in das Buch, schreckt das ein wenig ab. Es sieht aus wie ein Epos in Versform. Der Stil ist auch wunderbar poetisch. Doch vorgetragen stimme ich der Einordnung in den Typ Roman zu. Am liebsten h\u00e4tten wir uns das gesamte Buch vorlesen lassen. Auch dieses Buch wanderte in Astrids Rucksack.<\/p>\n\n\n\n<figure class=\"wp-block-image size-full\"><img loading=\"lazy\" decoding=\"async\" width=\"640\" height=\"427\" src=\"https:\/\/leckerekekse.de\/wordpress\/wp-content\/uploads\/2023\/05\/Buchmesse-2023-24.jpg\" alt=\"Nimm die Alpen weg\" class=\"wp-image-17877\" srcset=\"https:\/\/leckerekekse.de\/wordpress\/wp-content\/uploads\/2023\/05\/Buchmesse-2023-24.jpg 640w, https:\/\/leckerekekse.de\/wordpress\/wp-content\/uploads\/2023\/05\/Buchmesse-2023-24-300x200.jpg 300w\" sizes=\"auto, (max-width: 640px) 100vw, 640px\" \/><\/figure>\n\n\n\n<figure class=\"wp-block-image size-large\"><img loading=\"lazy\" decoding=\"async\" width=\"640\" height=\"640\" src=\"https:\/\/leckerekekse.de\/wordpress\/wp-content\/uploads\/2023\/05\/Buchmesse-2023-18-640x640.jpg\" alt=\"\" class=\"wp-image-17871\" srcset=\"https:\/\/leckerekekse.de\/wordpress\/wp-content\/uploads\/2023\/05\/Buchmesse-2023-18.jpg 640w, https:\/\/leckerekekse.de\/wordpress\/wp-content\/uploads\/2023\/05\/Buchmesse-2023-18-300x300.jpg 300w, https:\/\/leckerekekse.de\/wordpress\/wp-content\/uploads\/2023\/05\/Buchmesse-2023-18-150x150.jpg 150w, https:\/\/leckerekekse.de\/wordpress\/wp-content\/uploads\/2023\/05\/Buchmesse-2023-18-144x144.jpg 144w, https:\/\/leckerekekse.de\/wordpress\/wp-content\/uploads\/2023\/05\/Buchmesse-2023-18-120x120.jpg 120w\" sizes=\"auto, (max-width: 640px) 100vw, 640px\" \/><\/figure>\n\n\n\n<p><br>Buchmessetipp: an der Leseinsel f\u00fcr junge Verlage gibt es durchgehendes Programm. Sehr abwechslungsreich. Wenn du auf der Messe bist, dann lass dich dort ruhig mal nieder. Du kannst interessante Entdeckungen machen und auch die F\u00fc\u00dfe etwas ausruhen lassen. Ganz in der N\u00e4he gibt es auch ein Caf\u00e9, das von den unabh\u00e4ngigen Verlagen betrieben wird. Dort kannst du auf Spendenbasis ein paar Erfrischungen genie\u00dfen.<\/p>\n\n\n\n<figure class=\"wp-block-image size-full\"><img loading=\"lazy\" decoding=\"async\" width=\"640\" height=\"427\" src=\"https:\/\/leckerekekse.de\/wordpress\/wp-content\/uploads\/2023\/05\/Buchmesse-2023-12.jpg\" alt=\"\" class=\"wp-image-17865\" srcset=\"https:\/\/leckerekekse.de\/wordpress\/wp-content\/uploads\/2023\/05\/Buchmesse-2023-12.jpg 640w, https:\/\/leckerekekse.de\/wordpress\/wp-content\/uploads\/2023\/05\/Buchmesse-2023-12-300x200.jpg 300w\" sizes=\"auto, (max-width: 640px) 100vw, 640px\" \/><\/figure>\n\n\n\n<h3 class=\"wp-block-heading\">\u00d6sterreich<\/h3>\n\n\n\n<p>Das diesj\u00e4hrige Gastland \u00d6sterreich war \u00fcberall pr\u00e4sent. Auch bei vielen deutschen Verlagen.<br>Es gab auf der Messe eine eigene B\u00fchne f\u00fcr das Gastland, das mit dem (f\u00fcr uns) v\u00f6llig r\u00e4tselhaftem Slogan: \u201emeaoiswiamia\u201c warb. Wir hatten noch nicht mal eine Ahnung, wie wir das aussprechen k\u00f6nnten. Als wir uns am Stand von \u00d6sterreich aufhielten, sprachen wir dar\u00fcber. Eine andere Messebesucherin konnte uns helfen. In \u00d6sterreich gibt es schon den gel\u00e4ufigen Begriff \u201emia san mia\u201c, was wir uns selbst mit \u201eWir sind Wir\u201c \u00fcbersetzen k\u00f6nnen. \u201emeaoiswiamia\u201c bedeutet also so was wie \u201emehr als wir\u201c. Sehr selbstbewusster Spruch. Da w\u00e4ren wir von alleine nicht draufgekommen.<br>Die Auftritte der Gastl\u00e4nder sind in Leipzig nicht so spektakul\u00e4r wie in Frankfurt, aber auch sehr sch\u00f6n und informativ. Neben einem gro\u00dfen Lesungsprogramm stellten sich \u00f6sterreichische Verlage in einem geschmackvoll gestalteten Stand mit ihrem Fr\u00fchjahrsprogramm vor. Die \u00f6sterreichische Verlagswelt ist sehr vielf\u00e4ltig. Der Weg an diesen Stand hat sich auf alle F\u00e4lle gelohnt. Dort wanderten wieder einige B\u00fcche auf unsere Merkzettel.<\/p>\n\n\n\n<h3 class=\"wp-block-heading\">Wo ist das blaue Sofa?<\/h3>\n\n\n\n<p>Das blaue Sofa war auf allen Buchmessen eine Institution. Und es ist auf einmal weg.<br>Auf der gro\u00dfen B\u00fchne vom ZDF steht jetzt eine graue Sitzlandschaft. Das Programm ist \u00e4hnlich, aber wir waren doch sehr erstaunt.<br>Von Insidern erfuhren wir, dass es da wohl hinter den Kulissen Uneinigkeiten gab. Das blaue Sofa war eigentlich unabh\u00e4ngig und das ZDF und das blaue Sofa haben sich getrennt. Wir f\u00fchlten uns wie Scheidungskinder.<br>F\u00fcr das blaue Sofa h\u00e4tten wir abends einen weiteren Veranstaltungsort aufsuchen m\u00fcssen, dort gab es ein kleines Programm im Rahmen von Leipzig liest.<br>Schade. Damit hat die Messe eine altbekannte Institution verloren.<br>Trotzdem haben wir noch einige Zeit vor der bef\u00fcllten ZDF-B\u00fchne verbracht und lauschten Birgit Birnbacher, Maja Lund und Robert Seethaler. In den 20 Minuten mit ihm konnten wir mehrmals herzlich lachen. Sein neuer Roman <a href=\"https:\/\/www.ullstein.de\/werke\/das-cafe-ohne-namen\/hardcover\/9783546100328\">Das Caf\u00e9 ohne Namen<\/a> liegt schon auf Silvias Nachttisch.<\/p>\n\n\n\n<figure class=\"wp-block-image size-full\"><img loading=\"lazy\" decoding=\"async\" width=\"640\" height=\"427\" src=\"https:\/\/leckerekekse.de\/wordpress\/wp-content\/uploads\/2023\/05\/Buchmesse-2023-14.jpg\" alt=\"Caf\u00e9 ohne Namen\" class=\"wp-image-17867\" srcset=\"https:\/\/leckerekekse.de\/wordpress\/wp-content\/uploads\/2023\/05\/Buchmesse-2023-14.jpg 640w, https:\/\/leckerekekse.de\/wordpress\/wp-content\/uploads\/2023\/05\/Buchmesse-2023-14-300x200.jpg 300w\" sizes=\"auto, (max-width: 640px) 100vw, 640px\" \/><\/figure>\n\n\n\n<h3 class=\"wp-block-heading\">Hochstapler<\/h3>\n\n\n\n<p>Den zweiten Messetag lie\u00dfen wir mit einer Lesung in der <a href=\"http:\/\/seitenblick-leipzig.com\/buchladen.html\">Buchhandlung Seitenblick<\/a> ausklingen. Einfach, weil diese ganz in der N\u00e4he unserer Unterkunft lag.<br>Solche Abende machen f\u00fcr uns das Rahmenprogramm der Messe Leipzig liest aus. Wir gehen einfach mal irgendwohin und lassen uns \u00fcberraschen. Hier gab es direkt zwei sch\u00f6ne \u00dcberraschungen. Die Buchhandlung selbst hat eine tolle Auslage und ist sicher einen Besuch wert. Der Besitzer behielt trotz des Besucheransturms die Ruhe, zauberte hier noch einen Stuhl, dort noch einen Hocker hervor und schenkte \u00f6sterreichischen Wein aus.<br>Der lesende Autor kam auch aus dem Gastland. Ich kannte <a href=\"https:\/\/bastiankresser.com\/de\/\">Bastian Kresser<\/a> bis dahin nicht. Ein Abend mit ihm ist aber eine Empfehlung. Er ist unheimlich unterhaltsam. Kein Wunder, wollte er doch schon als Kind Geschichtenerz\u00e4hler werden. Insofern passt der Stoff seines neuen Romans <a href=\"https:\/\/www.braumueller.at\/t?isbn=9783992003402\">Als mir die Welt geh\u00f6rte<\/a> wie Faust aufs Auge zum Autor. Vorlage ist das Leben von Victor Lustig. Diesen gab es wirklich, er konnte als Berufsbezeichnung Hochstapler angeben. Er verkaufte einmal den Eiffelturm und sa\u00df sp\u00e4ter mit Al Capone in Alcatraz. Nur um mal ein paar Stationen seines Lebens zu nennen. &nbsp;Wenn du Lust auf einen Abenteuerroman hast: greif zu. Das Buch ist spannend, humorvoll, lehrreich.<\/p>\n\n\n<div class=\"wp-block-image\">\n<figure class=\"aligncenter size-full\"><img loading=\"lazy\" decoding=\"async\" width=\"480\" height=\"640\" src=\"https:\/\/leckerekekse.de\/wordpress\/wp-content\/uploads\/2023\/05\/Buchmesse-2023-22.jpg\" alt=\"Als die Welt mir geh\u00f6rte\" class=\"wp-image-17875\" srcset=\"https:\/\/leckerekekse.de\/wordpress\/wp-content\/uploads\/2023\/05\/Buchmesse-2023-22.jpg 480w, https:\/\/leckerekekse.de\/wordpress\/wp-content\/uploads\/2023\/05\/Buchmesse-2023-22-225x300.jpg 225w\" sizes=\"auto, (max-width: 480px) 100vw, 480px\" \/><\/figure>\n<\/div>\n\n<div class=\"wp-block-image\">\n<figure class=\"aligncenter size-full\"><img loading=\"lazy\" decoding=\"async\" width=\"480\" height=\"640\" src=\"https:\/\/leckerekekse.de\/wordpress\/wp-content\/uploads\/2023\/05\/Buchmesse-2023-23.jpg\" alt=\"\" class=\"wp-image-17876\" srcset=\"https:\/\/leckerekekse.de\/wordpress\/wp-content\/uploads\/2023\/05\/Buchmesse-2023-23.jpg 480w, https:\/\/leckerekekse.de\/wordpress\/wp-content\/uploads\/2023\/05\/Buchmesse-2023-23-225x300.jpg 225w\" sizes=\"auto, (max-width: 480px) 100vw, 480px\" \/><\/figure>\n<\/div>\n\n\n<h3 class=\"wp-block-heading\">Panometer<\/h3>\n\n\n\n<p>Samstags fahren wir nicht mehr zur Messe. Das ist uns einfach zu voll!<br>Stattdessen streifen wir etwas durch die Stadt. Diesmal besuchten wir eine tolle Ausstellung \u00fcber &nbsp;9\/11 im <a href=\"https:\/\/www.panometer.de\/homepage\">Panometer<\/a> vom Yadegar Asisi. Ein Besuch dort lohnt sich allemal. Das Thema \u00e4ndert sich in etwa alle zwei Jahre, wir sahen Bilder von zur\u00fcckliegenden Installationen, auch diese w\u00e4ren alle sehenswert gewesen.<\/p>\n\n\n<div class=\"wp-block-image\">\n<figure class=\"aligncenter size-full\"><img loading=\"lazy\" decoding=\"async\" width=\"480\" height=\"640\" src=\"https:\/\/leckerekekse.de\/wordpress\/wp-content\/uploads\/2023\/05\/Buchmesse-2023-20.jpg\" alt=\"\" class=\"wp-image-17873\" srcset=\"https:\/\/leckerekekse.de\/wordpress\/wp-content\/uploads\/2023\/05\/Buchmesse-2023-20.jpg 480w, https:\/\/leckerekekse.de\/wordpress\/wp-content\/uploads\/2023\/05\/Buchmesse-2023-20-225x300.jpg 225w\" sizes=\"auto, (max-width: 480px) 100vw, 480px\" \/><\/figure>\n<\/div>\n\n\n<h3 class=\"wp-block-heading\">Tipps<\/h3>\n\n\n\n<p>Noch ein paar Toruistentipps abseits der Buchmesse:<br>wir gehen gerne ins <a href=\"https:\/\/riquethaus.de\/\">Kaffeehaus Riquet<\/a>. Es hat eine lange Tradition, befindet sich in einem wundersch\u00f6nen alten Geb\u00e4ude, es gibt sehr leckeren Kuchen. Silvia empfiehlt die Spezialit\u00e4t Leipziger Lerchen mit viel Marzipan, Astrid hatte einen veganen Zupfkuchen. Beides sehr lecker. Es ist allerdings sehr voll. Meist musst du auf einen Tisch warten, doch es geht recht schnell und lohnt sich.<br>Direkt daneben befindet sich auch die sehenswerte historische Einkaufsgalerie <a href=\"https:\/\/speckshof.de\/de\/\">Specks Hof<\/a>. Dort findet ihr die wunderbare <a href=\"https:\/\/www.cvb-leipzig.de\/\">Connewitzer Verlagsbuchhandlung<\/a>.<\/p>\n\n\n\n<h3 class=\"wp-block-heading\">Fazit<\/h3>\n\n\n\n<p>Silvia sagte am Donnerstagabend: \u201eEs ist ja ganz nett hier, aber ich glaube n\u00e4chstes Jahr komme ich nicht\u201c. Sie war entt\u00e4uscht, weil sie nur wenige Blogger traf, total m\u00fcde war und schmerzende F\u00fc\u00dfe hatte. Am Freitag plante sie aber schon den n\u00e4chsten Besuch. 2024 soll die Leipziger Buchmesse wieder im M\u00e4rz stattfinden, Gastl\u00e4nder werden die Niederlande und Flandern sein.<\/p>\n\n\n\n<p>Astrid hatte lange Zeit nicht an unseren Besuch auf der Messe geglaubt, zu tief sa\u00df die Entt\u00e4uschung \u00fcber die Absagen der letzten Jahre. Und da sie auch momentan nicht mehr viel liest, dachte sie, dass es vielleicht auch ihre letzte Buchmesse werden k\u00f6nnte. Aber wie es manchmal so ist, am Samstag h\u00e4tte sie am liebsten bereits die Unterkunft f\u00fcrs n\u00e4chsten Jahr gebucht. Und vermutlich ist nun auch die Leselust zur\u00fcck. Danke Leipzig &#8211; du warst sehr gut zu uns.<br><br>Um die Leipziger Buchmesse zu besuchen, musste du kein Fachbesucher oder Buchblogger sein. Diese Messe ist ganz auf ein breites Publikum ausgerichtet und \u00f6ffnet ihre Pforten allen Besuchern.<br>Ein wahres B\u00fccherfest!<\/p>\n\n\n<div class=\"wp-block-image\">\n<figure class=\"aligncenter size-full\"><img loading=\"lazy\" decoding=\"async\" width=\"480\" height=\"640\" src=\"https:\/\/leckerekekse.de\/wordpress\/wp-content\/uploads\/2023\/05\/Buchmesse-2023-21.jpg\" alt=\"\" class=\"wp-image-17874\" srcset=\"https:\/\/leckerekekse.de\/wordpress\/wp-content\/uploads\/2023\/05\/Buchmesse-2023-21.jpg 480w, https:\/\/leckerekekse.de\/wordpress\/wp-content\/uploads\/2023\/05\/Buchmesse-2023-21-225x300.jpg 225w\" sizes=\"auto, (max-width: 480px) 100vw, 480px\" \/><\/figure>\n<\/div>\n\n\n<figure class=\"wp-block-image size-full\"><img loading=\"lazy\" decoding=\"async\" width=\"566\" height=\"283\" src=\"https:\/\/leckerekekse.de\/wordpress\/wp-content\/uploads\/2016\/09\/Signatur-Astrid-Silvia.png\" alt=\"\" class=\"wp-image-6979\" srcset=\"https:\/\/leckerekekse.de\/wordpress\/wp-content\/uploads\/2016\/09\/Signatur-Astrid-Silvia.png 566w, https:\/\/leckerekekse.de\/wordpress\/wp-content\/uploads\/2016\/09\/Signatur-Astrid-Silvia-300x150.png 300w\" sizes=\"auto, (max-width: 566px) 100vw, 566px\" \/><\/figure>\n\n\n\n<p><\/p>\n","protected":false},"excerpt":{"rendered":"<p>Ein Besuch auf der Leipziger Buchmesse Endlich wieder Leipziger Messeluft! Wie hat uns das gefehlt. Und nicht nur dieses Buchfest, auch haben wir (Astrid und Silvia) uns in den letzten Jahren viel zu selten gesehen.Mittwoch sind wir angereist, Samstagnachmittag haben wir Leipzig wieder verlassen. In dieser Zeit haben wir viele gute Gespr\u00e4che gef\u00fchrt: miteinander, mit [&hellip;]<\/p>\n","protected":false},"author":2,"featured_media":0,"comment_status":"open","ping_status":"open","sticky":false,"template":"","format":"standard","meta":{"footnotes":""},"categories":[1,3,19],"tags":[440,739,310,882],"class_list":["post-17847","post","type-post","status-publish","format-standard","hentry","category-allgemein","category-buecher","category-veranstaltungen","tag-buchmesse","tag-buchmesse-leipzig","tag-leipzig","tag-messe"],"yoast_head":"<!-- This site is optimized with the Yoast SEO plugin v27.5 - https:\/\/yoast.com\/product\/yoast-seo-wordpress\/ -->\n<title>Wiedersehen in Leipzig (#LBM2023) | Leckere Kekse &amp; mehr<\/title>\n<meta name=\"description\" content=\"Endlich wieder Buchmesse in Leipzig. Wir waren dabei und teilen unsere Erlebnisse in diesem Messebericht mit euch.\" \/>\n<meta name=\"robots\" content=\"index, follow, max-snippet:-1, max-image-preview:large, max-video-preview:-1\" \/>\n<link rel=\"canonical\" href=\"https:\/\/leckerekekse.de\/wordpress\/wiedersehen-in-leipzig-lbm2023\/\" \/>\n<meta property=\"og:locale\" content=\"de_DE\" \/>\n<meta property=\"og:type\" content=\"article\" \/>\n<meta property=\"og:title\" content=\"Wiedersehen in Leipzig (#LBM2023) | Leckere Kekse &amp; mehr\" \/>\n<meta property=\"og:description\" content=\"Endlich wieder Buchmesse in Leipzig. Wir waren dabei und teilen unsere Erlebnisse in diesem Messebericht mit euch.\" \/>\n<meta property=\"og:url\" content=\"https:\/\/leckerekekse.de\/wordpress\/wiedersehen-in-leipzig-lbm2023\/\" \/>\n<meta property=\"og:site_name\" content=\"Leckere Kekse &amp; mehr\" \/>\n<meta property=\"article:published_time\" content=\"2023-05-01T10:51:00+00:00\" \/>\n<meta property=\"og:image\" content=\"https:\/\/leckerekekse.de\/wordpress\/wp-content\/uploads\/2023\/05\/Buchmesse-2023-1-1.jpg\" \/>\n<meta name=\"author\" content=\"Buchlieberin\" \/>\n<meta name=\"twitter:label1\" content=\"Verfasst von\" \/>\n\t<meta name=\"twitter:data1\" content=\"Buchlieberin\" \/>\n\t<meta name=\"twitter:label2\" content=\"Gesch\u00e4tzte Lesezeit\" \/>\n\t<meta name=\"twitter:data2\" content=\"14\u00a0Minuten\" \/>\n<script type=\"application\/ld+json\" class=\"yoast-schema-graph\">{\"@context\":\"https:\\\/\\\/schema.org\",\"@graph\":[{\"@type\":\"Article\",\"@id\":\"https:\\\/\\\/leckerekekse.de\\\/wordpress\\\/wiedersehen-in-leipzig-lbm2023\\\/#article\",\"isPartOf\":{\"@id\":\"https:\\\/\\\/leckerekekse.de\\\/wordpress\\\/wiedersehen-in-leipzig-lbm2023\\\/\"},\"author\":{\"name\":\"Buchlieberin\",\"@id\":\"https:\\\/\\\/leckerekekse.de\\\/wordpress\\\/#\\\/schema\\\/person\\\/aeca9a159c2be36b9bce9092b38c13c8\"},\"headline\":\"Wiedersehen in Leipzig (#LBM2023)\",\"datePublished\":\"2023-05-01T10:51:00+00:00\",\"mainEntityOfPage\":{\"@id\":\"https:\\\/\\\/leckerekekse.de\\\/wordpress\\\/wiedersehen-in-leipzig-lbm2023\\\/\"},\"wordCount\":1959,\"commentCount\":8,\"publisher\":{\"@id\":\"https:\\\/\\\/leckerekekse.de\\\/wordpress\\\/#\\\/schema\\\/person\\\/6e4b2658514a3b7423a1f323400bdc1b\"},\"image\":{\"@id\":\"https:\\\/\\\/leckerekekse.de\\\/wordpress\\\/wiedersehen-in-leipzig-lbm2023\\\/#primaryimage\"},\"thumbnailUrl\":\"https:\\\/\\\/leckerekekse.de\\\/wordpress\\\/wp-content\\\/uploads\\\/2023\\\/05\\\/Buchmesse-2023-1-1.jpg\",\"keywords\":[\"Buchmesse\",\"Buchmesse Leipzig\",\"Leipzig\",\"Messe\"],\"articleSection\":{\"1\":\"B\u00fccher\",\"2\":\"Veranstaltungen\"},\"inLanguage\":\"de\",\"potentialAction\":[{\"@type\":\"CommentAction\",\"name\":\"Comment\",\"target\":[\"https:\\\/\\\/leckerekekse.de\\\/wordpress\\\/wiedersehen-in-leipzig-lbm2023\\\/#respond\"]}]},{\"@type\":\"WebPage\",\"@id\":\"https:\\\/\\\/leckerekekse.de\\\/wordpress\\\/wiedersehen-in-leipzig-lbm2023\\\/\",\"url\":\"https:\\\/\\\/leckerekekse.de\\\/wordpress\\\/wiedersehen-in-leipzig-lbm2023\\\/\",\"name\":\"Wiedersehen in Leipzig (#LBM2023) | Leckere Kekse &amp; mehr\",\"isPartOf\":{\"@id\":\"https:\\\/\\\/leckerekekse.de\\\/wordpress\\\/#website\"},\"primaryImageOfPage\":{\"@id\":\"https:\\\/\\\/leckerekekse.de\\\/wordpress\\\/wiedersehen-in-leipzig-lbm2023\\\/#primaryimage\"},\"image\":{\"@id\":\"https:\\\/\\\/leckerekekse.de\\\/wordpress\\\/wiedersehen-in-leipzig-lbm2023\\\/#primaryimage\"},\"thumbnailUrl\":\"https:\\\/\\\/leckerekekse.de\\\/wordpress\\\/wp-content\\\/uploads\\\/2023\\\/05\\\/Buchmesse-2023-1-1.jpg\",\"datePublished\":\"2023-05-01T10:51:00+00:00\",\"description\":\"Endlich wieder Buchmesse in Leipzig. Wir waren dabei und teilen unsere Erlebnisse in diesem Messebericht mit euch.\",\"breadcrumb\":{\"@id\":\"https:\\\/\\\/leckerekekse.de\\\/wordpress\\\/wiedersehen-in-leipzig-lbm2023\\\/#breadcrumb\"},\"inLanguage\":\"de\",\"potentialAction\":[{\"@type\":\"ReadAction\",\"target\":[\"https:\\\/\\\/leckerekekse.de\\\/wordpress\\\/wiedersehen-in-leipzig-lbm2023\\\/\"]}]},{\"@type\":\"ImageObject\",\"inLanguage\":\"de\",\"@id\":\"https:\\\/\\\/leckerekekse.de\\\/wordpress\\\/wiedersehen-in-leipzig-lbm2023\\\/#primaryimage\",\"url\":\"https:\\\/\\\/leckerekekse.de\\\/wordpress\\\/wp-content\\\/uploads\\\/2023\\\/05\\\/Buchmesse-2023-1-1.jpg\",\"contentUrl\":\"https:\\\/\\\/leckerekekse.de\\\/wordpress\\\/wp-content\\\/uploads\\\/2023\\\/05\\\/Buchmesse-2023-1-1.jpg\",\"width\":640,\"height\":427,\"caption\":\"Voland+Quist\"},{\"@type\":\"BreadcrumbList\",\"@id\":\"https:\\\/\\\/leckerekekse.de\\\/wordpress\\\/wiedersehen-in-leipzig-lbm2023\\\/#breadcrumb\",\"itemListElement\":[{\"@type\":\"ListItem\",\"position\":1,\"name\":\"Home\",\"item\":\"https:\\\/\\\/leckerekekse.de\\\/wordpress\\\/\"},{\"@type\":\"ListItem\",\"position\":2,\"name\":\"Wiedersehen in Leipzig (#LBM2023)\"}]},{\"@type\":\"WebSite\",\"@id\":\"https:\\\/\\\/leckerekekse.de\\\/wordpress\\\/#website\",\"url\":\"https:\\\/\\\/leckerekekse.de\\\/wordpress\\\/\",\"name\":\"Leckere Kekse &amp; mehr\",\"description\":\"Kekse backen, B\u00fccher lesen und mehr\",\"publisher\":{\"@id\":\"https:\\\/\\\/leckerekekse.de\\\/wordpress\\\/#\\\/schema\\\/person\\\/6e4b2658514a3b7423a1f323400bdc1b\"},\"potentialAction\":[{\"@type\":\"SearchAction\",\"target\":{\"@type\":\"EntryPoint\",\"urlTemplate\":\"https:\\\/\\\/leckerekekse.de\\\/wordpress\\\/?s={search_term_string}\"},\"query-input\":{\"@type\":\"PropertyValueSpecification\",\"valueRequired\":true,\"valueName\":\"search_term_string\"}}],\"inLanguage\":\"de\"},{\"@type\":[\"Person\",\"Organization\"],\"@id\":\"https:\\\/\\\/leckerekekse.de\\\/wordpress\\\/#\\\/schema\\\/person\\\/6e4b2658514a3b7423a1f323400bdc1b\",\"name\":\"Astrid\",\"logo\":{\"@id\":\"https:\\\/\\\/leckerekekse.de\\\/wordpress\\\/#\\\/schema\\\/person\\\/image\\\/\"},\"sameAs\":[\"https:\\\/\\\/leckerekekse.de\\\/wordpress\"]},{\"@type\":\"Person\",\"@id\":\"https:\\\/\\\/leckerekekse.de\\\/wordpress\\\/#\\\/schema\\\/person\\\/aeca9a159c2be36b9bce9092b38c13c8\",\"name\":\"Buchlieberin\",\"sameAs\":[\"https:\\\/\\\/leckerekekse.de\\\/wordpress\"]}]}<\/script>\n<!-- \/ Yoast SEO plugin. -->","yoast_head_json":{"title":"Wiedersehen in Leipzig (#LBM2023) | Leckere Kekse &amp; mehr","description":"Endlich wieder Buchmesse in Leipzig. Wir waren dabei und teilen unsere Erlebnisse in diesem Messebericht mit euch.","robots":{"index":"index","follow":"follow","max-snippet":"max-snippet:-1","max-image-preview":"max-image-preview:large","max-video-preview":"max-video-preview:-1"},"canonical":"https:\/\/leckerekekse.de\/wordpress\/wiedersehen-in-leipzig-lbm2023\/","og_locale":"de_DE","og_type":"article","og_title":"Wiedersehen in Leipzig (#LBM2023) | Leckere Kekse &amp; mehr","og_description":"Endlich wieder Buchmesse in Leipzig. Wir waren dabei und teilen unsere Erlebnisse in diesem Messebericht mit euch.","og_url":"https:\/\/leckerekekse.de\/wordpress\/wiedersehen-in-leipzig-lbm2023\/","og_site_name":"Leckere Kekse &amp; mehr","article_published_time":"2023-05-01T10:51:00+00:00","og_image":[{"url":"https:\/\/leckerekekse.de\/wordpress\/wp-content\/uploads\/2023\/05\/Buchmesse-2023-1-1.jpg","type":"","width":"","height":""}],"author":"Buchlieberin","twitter_misc":{"Verfasst von":"Buchlieberin","Gesch\u00e4tzte Lesezeit":"14\u00a0Minuten"},"schema":{"@context":"https:\/\/schema.org","@graph":[{"@type":"Article","@id":"https:\/\/leckerekekse.de\/wordpress\/wiedersehen-in-leipzig-lbm2023\/#article","isPartOf":{"@id":"https:\/\/leckerekekse.de\/wordpress\/wiedersehen-in-leipzig-lbm2023\/"},"author":{"name":"Buchlieberin","@id":"https:\/\/leckerekekse.de\/wordpress\/#\/schema\/person\/aeca9a159c2be36b9bce9092b38c13c8"},"headline":"Wiedersehen in Leipzig (#LBM2023)","datePublished":"2023-05-01T10:51:00+00:00","mainEntityOfPage":{"@id":"https:\/\/leckerekekse.de\/wordpress\/wiedersehen-in-leipzig-lbm2023\/"},"wordCount":1959,"commentCount":8,"publisher":{"@id":"https:\/\/leckerekekse.de\/wordpress\/#\/schema\/person\/6e4b2658514a3b7423a1f323400bdc1b"},"image":{"@id":"https:\/\/leckerekekse.de\/wordpress\/wiedersehen-in-leipzig-lbm2023\/#primaryimage"},"thumbnailUrl":"https:\/\/leckerekekse.de\/wordpress\/wp-content\/uploads\/2023\/05\/Buchmesse-2023-1-1.jpg","keywords":["Buchmesse","Buchmesse Leipzig","Leipzig","Messe"],"articleSection":{"1":"B\u00fccher","2":"Veranstaltungen"},"inLanguage":"de","potentialAction":[{"@type":"CommentAction","name":"Comment","target":["https:\/\/leckerekekse.de\/wordpress\/wiedersehen-in-leipzig-lbm2023\/#respond"]}]},{"@type":"WebPage","@id":"https:\/\/leckerekekse.de\/wordpress\/wiedersehen-in-leipzig-lbm2023\/","url":"https:\/\/leckerekekse.de\/wordpress\/wiedersehen-in-leipzig-lbm2023\/","name":"Wiedersehen in Leipzig (#LBM2023) | Leckere Kekse &amp; mehr","isPartOf":{"@id":"https:\/\/leckerekekse.de\/wordpress\/#website"},"primaryImageOfPage":{"@id":"https:\/\/leckerekekse.de\/wordpress\/wiedersehen-in-leipzig-lbm2023\/#primaryimage"},"image":{"@id":"https:\/\/leckerekekse.de\/wordpress\/wiedersehen-in-leipzig-lbm2023\/#primaryimage"},"thumbnailUrl":"https:\/\/leckerekekse.de\/wordpress\/wp-content\/uploads\/2023\/05\/Buchmesse-2023-1-1.jpg","datePublished":"2023-05-01T10:51:00+00:00","description":"Endlich wieder Buchmesse in Leipzig. Wir waren dabei und teilen unsere Erlebnisse in diesem Messebericht mit euch.","breadcrumb":{"@id":"https:\/\/leckerekekse.de\/wordpress\/wiedersehen-in-leipzig-lbm2023\/#breadcrumb"},"inLanguage":"de","potentialAction":[{"@type":"ReadAction","target":["https:\/\/leckerekekse.de\/wordpress\/wiedersehen-in-leipzig-lbm2023\/"]}]},{"@type":"ImageObject","inLanguage":"de","@id":"https:\/\/leckerekekse.de\/wordpress\/wiedersehen-in-leipzig-lbm2023\/#primaryimage","url":"https:\/\/leckerekekse.de\/wordpress\/wp-content\/uploads\/2023\/05\/Buchmesse-2023-1-1.jpg","contentUrl":"https:\/\/leckerekekse.de\/wordpress\/wp-content\/uploads\/2023\/05\/Buchmesse-2023-1-1.jpg","width":640,"height":427,"caption":"Voland+Quist"},{"@type":"BreadcrumbList","@id":"https:\/\/leckerekekse.de\/wordpress\/wiedersehen-in-leipzig-lbm2023\/#breadcrumb","itemListElement":[{"@type":"ListItem","position":1,"name":"Home","item":"https:\/\/leckerekekse.de\/wordpress\/"},{"@type":"ListItem","position":2,"name":"Wiedersehen in Leipzig (#LBM2023)"}]},{"@type":"WebSite","@id":"https:\/\/leckerekekse.de\/wordpress\/#website","url":"https:\/\/leckerekekse.de\/wordpress\/","name":"Leckere Kekse &amp; mehr","description":"Kekse backen, B\u00fccher lesen und mehr","publisher":{"@id":"https:\/\/leckerekekse.de\/wordpress\/#\/schema\/person\/6e4b2658514a3b7423a1f323400bdc1b"},"potentialAction":[{"@type":"SearchAction","target":{"@type":"EntryPoint","urlTemplate":"https:\/\/leckerekekse.de\/wordpress\/?s={search_term_string}"},"query-input":{"@type":"PropertyValueSpecification","valueRequired":true,"valueName":"search_term_string"}}],"inLanguage":"de"},{"@type":["Person","Organization"],"@id":"https:\/\/leckerekekse.de\/wordpress\/#\/schema\/person\/6e4b2658514a3b7423a1f323400bdc1b","name":"Astrid","logo":{"@id":"https:\/\/leckerekekse.de\/wordpress\/#\/schema\/person\/image\/"},"sameAs":["https:\/\/leckerekekse.de\/wordpress"]},{"@type":"Person","@id":"https:\/\/leckerekekse.de\/wordpress\/#\/schema\/person\/aeca9a159c2be36b9bce9092b38c13c8","name":"Buchlieberin","sameAs":["https:\/\/leckerekekse.de\/wordpress"]}]}},"_links":{"self":[{"href":"https:\/\/leckerekekse.de\/wordpress\/wp-json\/wp\/v2\/posts\/17847","targetHints":{"allow":["GET"]}}],"collection":[{"href":"https:\/\/leckerekekse.de\/wordpress\/wp-json\/wp\/v2\/posts"}],"about":[{"href":"https:\/\/leckerekekse.de\/wordpress\/wp-json\/wp\/v2\/types\/post"}],"author":[{"embeddable":true,"href":"https:\/\/leckerekekse.de\/wordpress\/wp-json\/wp\/v2\/users\/2"}],"replies":[{"embeddable":true,"href":"https:\/\/leckerekekse.de\/wordpress\/wp-json\/wp\/v2\/comments?post=17847"}],"version-history":[{"count":3,"href":"https:\/\/leckerekekse.de\/wordpress\/wp-json\/wp\/v2\/posts\/17847\/revisions"}],"predecessor-version":[{"id":17899,"href":"https:\/\/leckerekekse.de\/wordpress\/wp-json\/wp\/v2\/posts\/17847\/revisions\/17899"}],"wp:attachment":[{"href":"https:\/\/leckerekekse.de\/wordpress\/wp-json\/wp\/v2\/media?parent=17847"}],"wp:term":[{"taxonomy":"category","embeddable":true,"href":"https:\/\/leckerekekse.de\/wordpress\/wp-json\/wp\/v2\/categories?post=17847"},{"taxonomy":"post_tag","embeddable":true,"href":"https:\/\/leckerekekse.de\/wordpress\/wp-json\/wp\/v2\/tags?post=17847"}],"curies":[{"name":"wp","href":"https:\/\/api.w.org\/{rel}","templated":true}]}}