{"id":17940,"date":"2023-05-28T08:30:00","date_gmt":"2023-05-28T06:30:00","guid":{"rendered":"https:\/\/leckerekekse.de\/wordpress\/?p=17940"},"modified":"2023-05-20T14:07:34","modified_gmt":"2023-05-20T12:07:34","slug":"robert-seethaler-das-cafe-ohne-namen","status":"publish","type":"post","link":"https:\/\/leckerekekse.de\/wordpress\/robert-seethaler-das-cafe-ohne-namen\/","title":{"rendered":"Robert Seethaler: Das Caf\u00e9 ohne Namen"},"content":{"rendered":"\n<figure class=\"wp-block-image size-large\"><img loading=\"lazy\" decoding=\"async\" width=\"640\" height=\"481\" src=\"https:\/\/leckerekekse.de\/wordpress\/wp-content\/uploads\/2023\/05\/seethlaer-cafe-ohne-namen-640x481.jpg\" alt=\"Buch Caf\u00e9 ohne Namen von Robert Seethaler\" class=\"wp-image-17943\" srcset=\"https:\/\/leckerekekse.de\/wordpress\/wp-content\/uploads\/2023\/05\/seethlaer-cafe-ohne-namen-640x481.jpg 640w, https:\/\/leckerekekse.de\/wordpress\/wp-content\/uploads\/2023\/05\/seethlaer-cafe-ohne-namen-300x225.jpg 300w, https:\/\/leckerekekse.de\/wordpress\/wp-content\/uploads\/2023\/05\/seethlaer-cafe-ohne-namen-768x577.jpg 768w, https:\/\/leckerekekse.de\/wordpress\/wp-content\/uploads\/2023\/05\/seethlaer-cafe-ohne-namen-1536x1153.jpg 1536w, https:\/\/leckerekekse.de\/wordpress\/wp-content\/uploads\/2023\/05\/seethlaer-cafe-ohne-namen-scaled.jpg 2048w, https:\/\/leckerekekse.de\/wordpress\/wp-content\/uploads\/2023\/05\/seethlaer-cafe-ohne-namen-1200x901.jpg 1200w\" sizes=\"auto, (max-width: 640px) 100vw, 640px\" \/><\/figure>\n\n\n\n<h2 class=\"wp-block-heading\">Leben in einem Wiener Kaffeehaus<\/h2>\n\n\n\n<p>Das Buch beginnt in Wien im Jahr 1966. Simon arbeitet als Handlanger auf dem Markt. Er hilft den H\u00e4ndlern bei allem was so anf\u00e4llt. Doch damit ist jetzt Schluss: er erf\u00fcllt sich seinen Traum und er\u00f6ffnet ein Caf\u00e9.<\/p>\n\n\n\n<!--more-->\n\n\n\n<p>Ein leerstehendes Lokal war ihm schon lange im Auge. Jetzt hat er genug gespart um es zu pachten.&nbsp; Gleichzeitig zur Aufbruchstimmung in Wien er\u00f6ffnet er sein Lokal. Es wird auch ganz gut angenommen. Doch viel Geld verdient er damit nicht. Sind seine Kunden doch auch eher einfache Menschen, die nicht viel Geld haben.<br>Doch Simon f\u00fchlt sich wohl. Auch wenn er jeden Tag viele Stunden arbeitet. Er ist jetzt sein eigener Herr. Irgendwann kann er sogar eine Kellnerin anstellen, obwohl das gar nicht geplant war.<br>Der Roman beschreibt circa 10 Jahre im Leben von Simon.<\/p>\n\n\n\n<blockquote class=\"wp-block-quote is-layout-flow wp-block-quote-is-layout-flow\">\n<p>Mit dem Caf\u00e9 hatte er sich seinen Traum verwirklicht, doch nun wurde ihm die schlichte Tatsache bewusst, dass jeder Traum verschwindet, sobald er sich erf\u00fcllt.<\/p>\n<\/blockquote>\n\n\n\n<p>Sein Traum vom eigenen Lokal hat er sich erf\u00fcllt. Doch f\u00fcr andere Tr\u00e4ume war daneben kein Platz. F\u00fcr Familie, eine Frau. Da gab es zwar mal jemanden, aber\u2026<br>Das Caf\u00e9 war sein Leben in dieser Zeit. Auch wenn es ihn auslaugte, bei Problemen vielleicht auch mal zum Alptraum wurde.<\/p>\n\n\n\n<h3 class=\"wp-block-heading\">Zeitgeist<\/h3>\n\n\n\n<p>1966 herrscht \u00fcberall Aufbruchstimmung. Die Spuren des zweiten Weltkriegs sind getilgt. \u00dcberall wird gebaut und investiert. Am Prater wird gefeiert, das Riesenrad dreht sich.<br>Viele Menschen kommen aus dem Umland nach Wien, sie schuften in den Fabriken. Auf ihrem R\u00fccken wird der neue Wohlstand aufgebaut. Das sind auch die Kunden, die Simon in seinem Caf\u00e9 bedient.<br>Die ersten Spuren der Gentrifizierung lassen sich blicken. In den zehn Jahren, in denen der Roman spielt, \u00e4ndert sich sehr viel in der Gesellschaft, \u00e4ndert sich auch Wien sehr. Doch Simon ist flexibel und ein positiver Mensch.<\/p>\n\n\n\n<blockquote class=\"wp-block-quote is-layout-flow wp-block-quote-is-layout-flow\">\n<p>Man sollte sich immer ein bisschen mehr Hoffnung als Sorgen machen. Alles andere w\u00e4re doch bl\u00f6dsinnig, oder?<\/p>\n<\/blockquote>\n\n\n\n<figure class=\"wp-block-image size-large\"><img loading=\"lazy\" decoding=\"async\" width=\"640\" height=\"427\" src=\"https:\/\/leckerekekse.de\/wordpress\/wp-content\/uploads\/2018\/08\/prater-riesenrad-640x427.jpg\" alt=\"Riesenrad im Wiener Prater\" class=\"wp-image-11985\" srcset=\"https:\/\/leckerekekse.de\/wordpress\/wp-content\/uploads\/2018\/08\/prater-riesenrad.jpg 640w, https:\/\/leckerekekse.de\/wordpress\/wp-content\/uploads\/2018\/08\/prater-riesenrad-300x200.jpg 300w\" sizes=\"auto, (max-width: 640px) 100vw, 640px\" \/><figcaption class=\"wp-element-caption\">Riesenrad im Wiener Prater<\/figcaption><\/figure>\n\n\n\n<h3 class=\"wp-block-heading\">Menschen<\/h3>\n\n\n\n<p>Seethaler kann besonders gut Personen beschreiben. Und durch das Caf\u00e9 kann de Autor viele Menschen auftreten lassen. Von einigen erz\u00e4hlt er ganz nebenbei in wenigen S\u00e4tzen die Geschichte, zeigt ihr Leben, ihre Probleme, ihre Freuden.<br>Da sind zum Beispiel zwei Damen, die jeden Tag in seinem Caf\u00e9 sitzen und ununterbrochen reden. Dieser Redeschwall bildet immer wieder ein Kapitel und gibt ein Spiegelbild von dem, was gerade so passiert in diesem Wiener Viertel.<br>Da gibt es den Mann, der sein Geld mit Boxen verdient, bis er irgendwann das Publikum nicht mehr anzieht. Da sind die Alkoholiker, die Verr\u00fcckten und die einfachen Arbeiter. Der Metzger, zu dem Simon ein freundschaftliches Verh\u00e4ltnis hat. Sein Vermieter, immer einsam ist. Alle suchen Gesellschaft und Zerstreuung im Caf\u00e9, das immer namenlos bleibt.<\/p>\n\n\n\n<blockquote class=\"wp-block-quote is-layout-flow wp-block-quote-is-layout-flow\">\n<p>Simon dachte an seine G\u00e4ste. Es war merkw\u00fcrdig, wie wenig er von ihnen wusste und wie gut er sie doch kannte.<\/p>\n<\/blockquote>\n\n\n\n<p>Dieser Roman ist wie eine Mischung aus vorherigen Romanen von Seethaler.&nbsp; In <a href=\"https:\/\/leckerekekse.de\/wordpress\/ein-ganzes-leben\/\">Ein ganzes Leben<\/a> wurde auch das Leben eines bescheidenen Menschen beschrieben, der immer viel arbeitet. In dem Friedhofsroman <a href=\"https:\/\/leckerekekse.de\/wordpress\/rezension-das-feld-seethaler\/\">Das Feld<\/a> werden auch die Leben vieler Menschen, die dort beerdigt wurden, angerissen und miteinander in Verbindung gesetzt.<\/p>\n\n\n\n<h3 class=\"wp-block-heading\">Die Witwe<\/h3>\n\n\n\n<p>Meine Lieblingsfigur ist die Witwe, bei der Simon ein Zimmer gemietet hat.<br>Sie ist immer allein, versorgt die Wohnung, gibt Simon gute Tipps und Lebensweisheiten mit. Doch bleibt sie immer einsam. Simon scheint ihr einziger Kontakt zu sein. So lange lebt er mit ihr unter einem Dach. Sie essen h\u00e4ufig zusammen. Doch er kennt sie nicht. Er wei\u00df nicht, wie sie ihren Tag verbringt, ob sie Tr\u00e4ume und Freundinnen hat. Bis sie immer mehr abbaut und Simon sich jetzt um sie k\u00fcmmert. An ihr wird die Zeit irgendwie ersichtlich.<\/p>\n\n\n\n<blockquote class=\"wp-block-quote is-layout-flow wp-block-quote-is-layout-flow\">\n<p>W\u00e4hrend die Tage sich immer weiter zu dehnen und zu strecken schienen, flogen die Jahre nur so dahin und hinterlie\u00dfen kaum mehr als ein paar Erinnerungsspuren.<\/p>\n<\/blockquote>\n\n\n\n<h3 class=\"wp-block-heading\">Seethaler<\/h3>\n\n\n\n<p>Ich konnte den Autor w\u00e4hrend der <a href=\"https:\/\/leckerekekse.de\/wordpress\/wiedersehen-in-leipzig-lbm2023\/\">LBM2023<\/a> live erleben. Dabei sprach er von diesem Buch und gab auch einiges von sich selbst preis.<br>So ist Seethalers Geburtsjahr 1966, dasselbe Jahr, in dem auch dieser Roman einsetzt. Doch nach seiner Aussage war das Zufall. Er stammt ja auch aus Wien, aus dem 2. Bezirk, den er als \u201eArmenloch\u201c bezeichnet. Seine Gro\u00dfmutter war Tellerw\u00e4scherin, der Vater Asphaltierer. Die Literatur wurde ihm also nicht automatisch in die Wiege gelegt. Er kam auch nicht nur aus einer Arbeiterfamilie, sondern musste auch noch wegen einer Augenerkrankung auf eine Sonderschule gehen.<br>Auf seine Arbeit angesprochen, meinte er, Recherche sei ein sehr m\u00fchsames Handwerk. Das m\u00fcsste sein, aber er macht es nicht gerne. Au\u00dferdem w\u00e4re Schreiben sehr m\u00fchsam, aber nicht schreiben ebenso. Beides sei aushaltbar.<br>Er m\u00f6chte auch keine Figuren in seinem Buch haben, sondern Menschen. Vielleicht ist das sein Geheimnis?<br>Auf alle F\u00e4lle fand ich Robert Seethaler recht sympathisch, reflektiert und humorvoll. Wenn es mal eine Veranstaltung mit ihm in K\u00f6ln gibt, werde ich hingehen.<\/p>\n\n\n\n<h3 class=\"wp-block-heading\">Fazit<\/h3>\n\n\n\n<p>Robert Seethaler hat mich mit seinem Roman <a href=\"https:\/\/www.ullstein.de\/werke\/das-cafe-ohne-namen\/hardcover\/9783546100328\">Caf\u00e9 ohne Namen <\/a>wieder gefangen genommen. Diese vielen Menschen, die dort ein- und ausgingen und mit wenigen S\u00e4tzen bildhaft beschrieben wurden wurden in meinem Kopf lebendig. Ein Roman, der viele kleine Geschichten beinhaltet. Gemeinsam bilden sie die Geschichte eines Caf\u00e9s und auch ein Teil der Geschichte von Wien. Hinter jeder Geschichte steht ein Leben, das es sich auch zu beschreiben lohnt.<br>Ich werde bei meinem n\u00e4chsten Caf\u00e9besuch an diesen Roman denken und versuchen die Geschichten der dort sitzenden Menschen zu erraten. \u00a0<\/p>\n\n\n\n<figure class=\"wp-block-image size-medium\"><img loading=\"lazy\" decoding=\"async\" width=\"300\" height=\"219\" src=\"https:\/\/leckerekekse.de\/wordpress\/wp-content\/uploads\/2016\/04\/Signatur-002-300x219.jpg\" alt=\"\" class=\"wp-image-5977\" srcset=\"https:\/\/leckerekekse.de\/wordpress\/wp-content\/uploads\/2016\/04\/Signatur-002-300x219.jpg 300w, https:\/\/leckerekekse.de\/wordpress\/wp-content\/uploads\/2016\/04\/Signatur-002.jpg 640w\" sizes=\"auto, (max-width: 300px) 100vw, 300px\" \/><\/figure>\n","protected":false},"excerpt":{"rendered":"<p>Leben in einem Wiener Kaffeehaus Das Buch beginnt in Wien im Jahr 1966. Simon arbeitet als Handlanger auf dem Markt. Er hilft den H\u00e4ndlern bei allem was so anf\u00e4llt. Doch damit ist jetzt Schluss: er erf\u00fcllt sich seinen Traum und er\u00f6ffnet ein Caf\u00e9.<\/p>\n","protected":false},"author":2,"featured_media":17943,"comment_status":"open","ping_status":"open","sticky":false,"template":"","format":"standard","meta":{"footnotes":""},"categories":[1,3,788],"tags":[1510,821,1512,1511,194],"class_list":["post-17940","post","type-post","status-publish","format-standard","has-post-thumbnail","hentry","category-allgemein","category-buecher","category-rezension","tag-cafe","tag-geschichten","tag-kaffeehaus","tag-menschen","tag-wien"],"yoast_head":"<!-- This site is optimized with the Yoast SEO plugin v27.4 - https:\/\/yoast.com\/product\/yoast-seo-wordpress\/ -->\n<title>Robert Seethaler: Das Caf\u00e9 ohne Namen | Leckere Kekse &amp; mehr<\/title>\n<meta name=\"description\" content=\"In seinem neuen Roman beschriebt Robert Seethaler das Leben in einem Caf\u00e9 in Wien in den 1960iger und 1970iger Jahren. Eine Rezension.\" \/>\n<meta name=\"robots\" content=\"index, follow, max-snippet:-1, max-image-preview:large, max-video-preview:-1\" \/>\n<link rel=\"canonical\" href=\"https:\/\/leckerekekse.de\/wordpress\/robert-seethaler-das-cafe-ohne-namen\/\" \/>\n<meta property=\"og:locale\" content=\"de_DE\" \/>\n<meta property=\"og:type\" content=\"article\" \/>\n<meta property=\"og:title\" content=\"Robert Seethaler: Das Caf\u00e9 ohne Namen | Leckere Kekse &amp; mehr\" \/>\n<meta property=\"og:description\" content=\"In seinem neuen Roman beschriebt Robert Seethaler das Leben in einem Caf\u00e9 in Wien in den 1960iger und 1970iger Jahren. Eine Rezension.\" \/>\n<meta property=\"og:url\" content=\"https:\/\/leckerekekse.de\/wordpress\/robert-seethaler-das-cafe-ohne-namen\/\" \/>\n<meta property=\"og:site_name\" content=\"Leckere Kekse &amp; mehr\" \/>\n<meta property=\"article:published_time\" content=\"2023-05-28T06:30:00+00:00\" \/>\n<meta property=\"og:image\" content=\"https:\/\/leckerekekse.de\/wordpress\/wp-content\/uploads\/2023\/05\/seethlaer-cafe-ohne-namen-scaled.jpg\" \/>\n\t<meta property=\"og:image:width\" content=\"2048\" \/>\n\t<meta property=\"og:image:height\" content=\"1538\" \/>\n\t<meta property=\"og:image:type\" content=\"image\/jpeg\" \/>\n<meta name=\"author\" content=\"Buchlieberin\" \/>\n<meta name=\"twitter:label1\" content=\"Verfasst von\" \/>\n\t<meta name=\"twitter:data1\" content=\"Buchlieberin\" \/>\n\t<meta name=\"twitter:label2\" content=\"Gesch\u00e4tzte Lesezeit\" \/>\n\t<meta name=\"twitter:data2\" content=\"6\u00a0Minuten\" \/>\n<script type=\"application\/ld+json\" class=\"yoast-schema-graph\">{\"@context\":\"https:\\\/\\\/schema.org\",\"@graph\":[{\"@type\":\"Article\",\"@id\":\"https:\\\/\\\/leckerekekse.de\\\/wordpress\\\/robert-seethaler-das-cafe-ohne-namen\\\/#article\",\"isPartOf\":{\"@id\":\"https:\\\/\\\/leckerekekse.de\\\/wordpress\\\/robert-seethaler-das-cafe-ohne-namen\\\/\"},\"author\":{\"name\":\"Buchlieberin\",\"@id\":\"https:\\\/\\\/leckerekekse.de\\\/wordpress\\\/#\\\/schema\\\/person\\\/aeca9a159c2be36b9bce9092b38c13c8\"},\"headline\":\"Robert Seethaler: Das Caf\u00e9 ohne Namen\",\"datePublished\":\"2023-05-28T06:30:00+00:00\",\"mainEntityOfPage\":{\"@id\":\"https:\\\/\\\/leckerekekse.de\\\/wordpress\\\/robert-seethaler-das-cafe-ohne-namen\\\/\"},\"wordCount\":942,\"commentCount\":3,\"publisher\":{\"@id\":\"https:\\\/\\\/leckerekekse.de\\\/wordpress\\\/#\\\/schema\\\/person\\\/6e4b2658514a3b7423a1f323400bdc1b\"},\"image\":{\"@id\":\"https:\\\/\\\/leckerekekse.de\\\/wordpress\\\/robert-seethaler-das-cafe-ohne-namen\\\/#primaryimage\"},\"thumbnailUrl\":\"https:\\\/\\\/leckerekekse.de\\\/wordpress\\\/wp-content\\\/uploads\\\/2023\\\/05\\\/seethlaer-cafe-ohne-namen-scaled.jpg\",\"keywords\":[\"Caf\u00e9\",\"Geschichten\",\"Kaffeehaus\",\"Menschen\",\"Wien\"],\"articleSection\":{\"1\":\"B\u00fccher\",\"2\":\"Rezension\"},\"inLanguage\":\"de\",\"potentialAction\":[{\"@type\":\"CommentAction\",\"name\":\"Comment\",\"target\":[\"https:\\\/\\\/leckerekekse.de\\\/wordpress\\\/robert-seethaler-das-cafe-ohne-namen\\\/#respond\"]}]},{\"@type\":\"WebPage\",\"@id\":\"https:\\\/\\\/leckerekekse.de\\\/wordpress\\\/robert-seethaler-das-cafe-ohne-namen\\\/\",\"url\":\"https:\\\/\\\/leckerekekse.de\\\/wordpress\\\/robert-seethaler-das-cafe-ohne-namen\\\/\",\"name\":\"Robert Seethaler: Das Caf\u00e9 ohne Namen | Leckere Kekse &amp; mehr\",\"isPartOf\":{\"@id\":\"https:\\\/\\\/leckerekekse.de\\\/wordpress\\\/#website\"},\"primaryImageOfPage\":{\"@id\":\"https:\\\/\\\/leckerekekse.de\\\/wordpress\\\/robert-seethaler-das-cafe-ohne-namen\\\/#primaryimage\"},\"image\":{\"@id\":\"https:\\\/\\\/leckerekekse.de\\\/wordpress\\\/robert-seethaler-das-cafe-ohne-namen\\\/#primaryimage\"},\"thumbnailUrl\":\"https:\\\/\\\/leckerekekse.de\\\/wordpress\\\/wp-content\\\/uploads\\\/2023\\\/05\\\/seethlaer-cafe-ohne-namen-scaled.jpg\",\"datePublished\":\"2023-05-28T06:30:00+00:00\",\"description\":\"In seinem neuen Roman beschriebt Robert Seethaler das Leben in einem Caf\u00e9 in Wien in den 1960iger und 1970iger Jahren. Eine Rezension.\",\"breadcrumb\":{\"@id\":\"https:\\\/\\\/leckerekekse.de\\\/wordpress\\\/robert-seethaler-das-cafe-ohne-namen\\\/#breadcrumb\"},\"inLanguage\":\"de\",\"potentialAction\":[{\"@type\":\"ReadAction\",\"target\":[\"https:\\\/\\\/leckerekekse.de\\\/wordpress\\\/robert-seethaler-das-cafe-ohne-namen\\\/\"]}]},{\"@type\":\"ImageObject\",\"inLanguage\":\"de\",\"@id\":\"https:\\\/\\\/leckerekekse.de\\\/wordpress\\\/robert-seethaler-das-cafe-ohne-namen\\\/#primaryimage\",\"url\":\"https:\\\/\\\/leckerekekse.de\\\/wordpress\\\/wp-content\\\/uploads\\\/2023\\\/05\\\/seethlaer-cafe-ohne-namen-scaled.jpg\",\"contentUrl\":\"https:\\\/\\\/leckerekekse.de\\\/wordpress\\\/wp-content\\\/uploads\\\/2023\\\/05\\\/seethlaer-cafe-ohne-namen-scaled.jpg\",\"width\":2048,\"height\":1538},{\"@type\":\"BreadcrumbList\",\"@id\":\"https:\\\/\\\/leckerekekse.de\\\/wordpress\\\/robert-seethaler-das-cafe-ohne-namen\\\/#breadcrumb\",\"itemListElement\":[{\"@type\":\"ListItem\",\"position\":1,\"name\":\"Home\",\"item\":\"https:\\\/\\\/leckerekekse.de\\\/wordpress\\\/\"},{\"@type\":\"ListItem\",\"position\":2,\"name\":\"Robert Seethaler: Das Caf\u00e9 ohne Namen\"}]},{\"@type\":\"WebSite\",\"@id\":\"https:\\\/\\\/leckerekekse.de\\\/wordpress\\\/#website\",\"url\":\"https:\\\/\\\/leckerekekse.de\\\/wordpress\\\/\",\"name\":\"Leckere Kekse &amp; mehr\",\"description\":\"Kekse backen, B\u00fccher lesen und mehr\",\"publisher\":{\"@id\":\"https:\\\/\\\/leckerekekse.de\\\/wordpress\\\/#\\\/schema\\\/person\\\/6e4b2658514a3b7423a1f323400bdc1b\"},\"potentialAction\":[{\"@type\":\"SearchAction\",\"target\":{\"@type\":\"EntryPoint\",\"urlTemplate\":\"https:\\\/\\\/leckerekekse.de\\\/wordpress\\\/?s={search_term_string}\"},\"query-input\":{\"@type\":\"PropertyValueSpecification\",\"valueRequired\":true,\"valueName\":\"search_term_string\"}}],\"inLanguage\":\"de\"},{\"@type\":[\"Person\",\"Organization\"],\"@id\":\"https:\\\/\\\/leckerekekse.de\\\/wordpress\\\/#\\\/schema\\\/person\\\/6e4b2658514a3b7423a1f323400bdc1b\",\"name\":\"Astrid\",\"logo\":{\"@id\":\"https:\\\/\\\/leckerekekse.de\\\/wordpress\\\/#\\\/schema\\\/person\\\/image\\\/\"},\"sameAs\":[\"https:\\\/\\\/leckerekekse.de\\\/wordpress\"]},{\"@type\":\"Person\",\"@id\":\"https:\\\/\\\/leckerekekse.de\\\/wordpress\\\/#\\\/schema\\\/person\\\/aeca9a159c2be36b9bce9092b38c13c8\",\"name\":\"Buchlieberin\",\"sameAs\":[\"https:\\\/\\\/leckerekekse.de\\\/wordpress\"]}]}<\/script>\n<!-- \/ Yoast SEO plugin. -->","yoast_head_json":{"title":"Robert Seethaler: Das Caf\u00e9 ohne Namen | Leckere Kekse &amp; mehr","description":"In seinem neuen Roman beschriebt Robert Seethaler das Leben in einem Caf\u00e9 in Wien in den 1960iger und 1970iger Jahren. Eine Rezension.","robots":{"index":"index","follow":"follow","max-snippet":"max-snippet:-1","max-image-preview":"max-image-preview:large","max-video-preview":"max-video-preview:-1"},"canonical":"https:\/\/leckerekekse.de\/wordpress\/robert-seethaler-das-cafe-ohne-namen\/","og_locale":"de_DE","og_type":"article","og_title":"Robert Seethaler: Das Caf\u00e9 ohne Namen | Leckere Kekse &amp; mehr","og_description":"In seinem neuen Roman beschriebt Robert Seethaler das Leben in einem Caf\u00e9 in Wien in den 1960iger und 1970iger Jahren. Eine Rezension.","og_url":"https:\/\/leckerekekse.de\/wordpress\/robert-seethaler-das-cafe-ohne-namen\/","og_site_name":"Leckere Kekse &amp; mehr","article_published_time":"2023-05-28T06:30:00+00:00","og_image":[{"width":2048,"height":1538,"url":"https:\/\/leckerekekse.de\/wordpress\/wp-content\/uploads\/2023\/05\/seethlaer-cafe-ohne-namen-scaled.jpg","type":"image\/jpeg"}],"author":"Buchlieberin","twitter_misc":{"Verfasst von":"Buchlieberin","Gesch\u00e4tzte Lesezeit":"6\u00a0Minuten"},"schema":{"@context":"https:\/\/schema.org","@graph":[{"@type":"Article","@id":"https:\/\/leckerekekse.de\/wordpress\/robert-seethaler-das-cafe-ohne-namen\/#article","isPartOf":{"@id":"https:\/\/leckerekekse.de\/wordpress\/robert-seethaler-das-cafe-ohne-namen\/"},"author":{"name":"Buchlieberin","@id":"https:\/\/leckerekekse.de\/wordpress\/#\/schema\/person\/aeca9a159c2be36b9bce9092b38c13c8"},"headline":"Robert Seethaler: Das Caf\u00e9 ohne Namen","datePublished":"2023-05-28T06:30:00+00:00","mainEntityOfPage":{"@id":"https:\/\/leckerekekse.de\/wordpress\/robert-seethaler-das-cafe-ohne-namen\/"},"wordCount":942,"commentCount":3,"publisher":{"@id":"https:\/\/leckerekekse.de\/wordpress\/#\/schema\/person\/6e4b2658514a3b7423a1f323400bdc1b"},"image":{"@id":"https:\/\/leckerekekse.de\/wordpress\/robert-seethaler-das-cafe-ohne-namen\/#primaryimage"},"thumbnailUrl":"https:\/\/leckerekekse.de\/wordpress\/wp-content\/uploads\/2023\/05\/seethlaer-cafe-ohne-namen-scaled.jpg","keywords":["Caf\u00e9","Geschichten","Kaffeehaus","Menschen","Wien"],"articleSection":{"1":"B\u00fccher","2":"Rezension"},"inLanguage":"de","potentialAction":[{"@type":"CommentAction","name":"Comment","target":["https:\/\/leckerekekse.de\/wordpress\/robert-seethaler-das-cafe-ohne-namen\/#respond"]}]},{"@type":"WebPage","@id":"https:\/\/leckerekekse.de\/wordpress\/robert-seethaler-das-cafe-ohne-namen\/","url":"https:\/\/leckerekekse.de\/wordpress\/robert-seethaler-das-cafe-ohne-namen\/","name":"Robert Seethaler: Das Caf\u00e9 ohne Namen | Leckere Kekse &amp; mehr","isPartOf":{"@id":"https:\/\/leckerekekse.de\/wordpress\/#website"},"primaryImageOfPage":{"@id":"https:\/\/leckerekekse.de\/wordpress\/robert-seethaler-das-cafe-ohne-namen\/#primaryimage"},"image":{"@id":"https:\/\/leckerekekse.de\/wordpress\/robert-seethaler-das-cafe-ohne-namen\/#primaryimage"},"thumbnailUrl":"https:\/\/leckerekekse.de\/wordpress\/wp-content\/uploads\/2023\/05\/seethlaer-cafe-ohne-namen-scaled.jpg","datePublished":"2023-05-28T06:30:00+00:00","description":"In seinem neuen Roman beschriebt Robert Seethaler das Leben in einem Caf\u00e9 in Wien in den 1960iger und 1970iger Jahren. Eine Rezension.","breadcrumb":{"@id":"https:\/\/leckerekekse.de\/wordpress\/robert-seethaler-das-cafe-ohne-namen\/#breadcrumb"},"inLanguage":"de","potentialAction":[{"@type":"ReadAction","target":["https:\/\/leckerekekse.de\/wordpress\/robert-seethaler-das-cafe-ohne-namen\/"]}]},{"@type":"ImageObject","inLanguage":"de","@id":"https:\/\/leckerekekse.de\/wordpress\/robert-seethaler-das-cafe-ohne-namen\/#primaryimage","url":"https:\/\/leckerekekse.de\/wordpress\/wp-content\/uploads\/2023\/05\/seethlaer-cafe-ohne-namen-scaled.jpg","contentUrl":"https:\/\/leckerekekse.de\/wordpress\/wp-content\/uploads\/2023\/05\/seethlaer-cafe-ohne-namen-scaled.jpg","width":2048,"height":1538},{"@type":"BreadcrumbList","@id":"https:\/\/leckerekekse.de\/wordpress\/robert-seethaler-das-cafe-ohne-namen\/#breadcrumb","itemListElement":[{"@type":"ListItem","position":1,"name":"Home","item":"https:\/\/leckerekekse.de\/wordpress\/"},{"@type":"ListItem","position":2,"name":"Robert Seethaler: Das Caf\u00e9 ohne Namen"}]},{"@type":"WebSite","@id":"https:\/\/leckerekekse.de\/wordpress\/#website","url":"https:\/\/leckerekekse.de\/wordpress\/","name":"Leckere Kekse &amp; mehr","description":"Kekse backen, B\u00fccher lesen und mehr","publisher":{"@id":"https:\/\/leckerekekse.de\/wordpress\/#\/schema\/person\/6e4b2658514a3b7423a1f323400bdc1b"},"potentialAction":[{"@type":"SearchAction","target":{"@type":"EntryPoint","urlTemplate":"https:\/\/leckerekekse.de\/wordpress\/?s={search_term_string}"},"query-input":{"@type":"PropertyValueSpecification","valueRequired":true,"valueName":"search_term_string"}}],"inLanguage":"de"},{"@type":["Person","Organization"],"@id":"https:\/\/leckerekekse.de\/wordpress\/#\/schema\/person\/6e4b2658514a3b7423a1f323400bdc1b","name":"Astrid","logo":{"@id":"https:\/\/leckerekekse.de\/wordpress\/#\/schema\/person\/image\/"},"sameAs":["https:\/\/leckerekekse.de\/wordpress"]},{"@type":"Person","@id":"https:\/\/leckerekekse.de\/wordpress\/#\/schema\/person\/aeca9a159c2be36b9bce9092b38c13c8","name":"Buchlieberin","sameAs":["https:\/\/leckerekekse.de\/wordpress"]}]}},"_links":{"self":[{"href":"https:\/\/leckerekekse.de\/wordpress\/wp-json\/wp\/v2\/posts\/17940","targetHints":{"allow":["GET"]}}],"collection":[{"href":"https:\/\/leckerekekse.de\/wordpress\/wp-json\/wp\/v2\/posts"}],"about":[{"href":"https:\/\/leckerekekse.de\/wordpress\/wp-json\/wp\/v2\/types\/post"}],"author":[{"embeddable":true,"href":"https:\/\/leckerekekse.de\/wordpress\/wp-json\/wp\/v2\/users\/2"}],"replies":[{"embeddable":true,"href":"https:\/\/leckerekekse.de\/wordpress\/wp-json\/wp\/v2\/comments?post=17940"}],"version-history":[{"count":3,"href":"https:\/\/leckerekekse.de\/wordpress\/wp-json\/wp\/v2\/posts\/17940\/revisions"}],"predecessor-version":[{"id":17945,"href":"https:\/\/leckerekekse.de\/wordpress\/wp-json\/wp\/v2\/posts\/17940\/revisions\/17945"}],"wp:featuredmedia":[{"embeddable":true,"href":"https:\/\/leckerekekse.de\/wordpress\/wp-json\/wp\/v2\/media\/17943"}],"wp:attachment":[{"href":"https:\/\/leckerekekse.de\/wordpress\/wp-json\/wp\/v2\/media?parent=17940"}],"wp:term":[{"taxonomy":"category","embeddable":true,"href":"https:\/\/leckerekekse.de\/wordpress\/wp-json\/wp\/v2\/categories?post=17940"},{"taxonomy":"post_tag","embeddable":true,"href":"https:\/\/leckerekekse.de\/wordpress\/wp-json\/wp\/v2\/tags?post=17940"}],"curies":[{"name":"wp","href":"https:\/\/api.w.org\/{rel}","templated":true}]}}