{"id":18294,"date":"2024-03-31T07:56:00","date_gmt":"2024-03-31T05:56:00","guid":{"rendered":"https:\/\/leckerekekse.de\/wordpress\/?p=18294"},"modified":"2024-04-01T16:00:28","modified_gmt":"2024-04-01T14:00:28","slug":"donal-ryan-seltsame-blueten","status":"publish","type":"post","link":"https:\/\/leckerekekse.de\/wordpress\/donal-ryan-seltsame-blueten\/","title":{"rendered":"Donal Ryan Seltsame Bl\u00fcten"},"content":{"rendered":"\n<figure class=\"wp-block-image size-full\"><img loading=\"lazy\" decoding=\"async\" width=\"640\" height=\"481\" src=\"https:\/\/leckerekekse.de\/wordpress\/wp-content\/uploads\/2024\/03\/Donal-ryan-seltsame-blueten.jpg\" alt=\"Buch Seltsame Bl\u00fcten von Donal Ryan auf Gras\" class=\"wp-image-18300\" srcset=\"https:\/\/leckerekekse.de\/wordpress\/wp-content\/uploads\/2024\/03\/Donal-ryan-seltsame-blueten.jpg 640w, https:\/\/leckerekekse.de\/wordpress\/wp-content\/uploads\/2024\/03\/Donal-ryan-seltsame-blueten-300x225.jpg 300w\" sizes=\"auto, (max-width: 640px) 100vw, 640px\" \/><\/figure>\n\n\n\n<h2 class=\"wp-block-heading\">Die Geschichte einer irischen Familie<\/h2>\n\n\n\n<p>Eine kleine Familie lebt auf dem Land in Irland, irgendwann in den 1970iger Jahren. Paddy und Kit Gladney wohnen mit ihrer Tochter Molly in einem kleinen Cottage. Die Eltern arbeiten beide, ihr Leben erlaubt keine gro\u00dfen Spr\u00fcnge, aber sie sind zufrieden. Moll hei\u00dft eigentlich Mary, sie lebt ebenso ein ruhiges Leben, bis sie mit 20 Jahren pl\u00f6tzlich, ohne eine Nachricht an ihre Eltern, verschwindet.<\/p>\n\n\n\n<!--more-->\n\n\n\n<h3 class=\"wp-block-heading\">Traurige Suche<\/h3>\n\n\n\n<p>Die Eltern sind verzweifelt. Es ist die Zeit vor dem Internet und des Mobilfunks. Ihre M\u00f6glichkeiten sind begrenzt. Das ganze Dorf nimmt Anteil, wenn auch viel getratscht wird:<\/p>\n\n\n\n<blockquote class=\"wp-block-quote is-layout-flow wp-block-quote-is-layout-flow\">\n<p>Man w\u00fcrde das Naheliegendste denken: dass Molly Gladney entweder tot oder schwanger war. Und was davon schlimmer gewesen w\u00e4re, das wusste man nicht.<\/p>\n<\/blockquote>\n\n\n\n<p>Au\u00dfer beten bleibt ihnen nicht viel, was sie tun k\u00f6nnen. Wir befinden uns im katholischen Irland. Die Mutter betet unz\u00e4hlig viele Rosenkr\u00e4nze. Dabei kommt sie mir in keiner Weise bigott vor. Das ist wahrer Glaube. Diese N\u00e4he zur katholischen Kirche wird im Roman immer wieder deutlich. Zum Beispiel auch durch die Namen der Kapitel, wie z.B. Genesis, Exodus, Hohelied und Offenbarung.<\/p>\n\n\n\n<h3 class=\"wp-block-heading\">Zur\u00fcck<\/h3>\n\n\n\n<p>Eines Tages, nach f\u00fcnf Jahren, steht Moll einfach wieder vor der T\u00fcr. Erkl\u00e4rungen gibt sie nicht an. Doch sie ist eindeutig weder tot noch schwanger. Kit und Paddy sind sehr gl\u00fccklich, das geliebte Kind wieder bei sich zu haben.&nbsp;<br>Bis ein Fremder nach Moll fragt. Paddy will ihn verjagen und erf\u00e4hrt dabei Erstaunliches.<\/p>\n\n\n\n<figure class=\"wp-block-image size-full\"><img loading=\"lazy\" decoding=\"async\" width=\"640\" height=\"481\" src=\"https:\/\/leckerekekse.de\/wordpress\/wp-content\/uploads\/2024\/03\/IMG_4603.jpg\" alt=\"Irisches Cottage auf Wiese, im Hintergrund das Meer\" class=\"wp-image-18302\" srcset=\"https:\/\/leckerekekse.de\/wordpress\/wp-content\/uploads\/2024\/03\/IMG_4603.jpg 640w, https:\/\/leckerekekse.de\/wordpress\/wp-content\/uploads\/2024\/03\/IMG_4603-300x225.jpg 300w\" sizes=\"auto, (max-width: 640px) 100vw, 640px\" \/><\/figure>\n\n\n\n<h3 class=\"wp-block-heading\">Idylle<\/h3>\n\n\n\n<p>Die Hauptfigur im Roman ist f\u00fcr mich Irland selbst. Letzten Herbst bin ich f\u00fcr zwei Wochen quer durchs Land gereist und kann mir die beschriebenen kleinen Ortschaften sehr gut vorstellen. Der Beginn des Romans spielt zwar vor etwa 50 Jahren, doch die d\u00f6rfliche Struktur und die beschriebenen H\u00e4uschen stehen auch jetzt noch so dort. Auch die beschriebene Landschaft deckt sich genau mit meinem Bild von Irland.<\/p>\n\n\n\n<blockquote class=\"wp-block-quote is-layout-flow wp-block-quote-is-layout-flow\">\n<p>Das Gr\u00fcn hier. \u00dcberall dieses Gr\u00fcn, die B\u00e4ume voll davon, die Hecken hell, dunkel und in allen Schattierungen dazwischen gesprenkelt, sanft geschwungene Wiesen und gr\u00fcne H\u00fcgel, soweit das Auge reichte\u2026<\/p>\n<\/blockquote>\n\n\n\n<p>Das h\u00f6rt sich verkitscht an, ist aber tats\u00e4chlich so, insbesondere das Gr\u00fcn der Weiden und die riesigen Hecken. &nbsp;Wir sind an vielen Kilometern hoher, bl\u00fchender Fuchsienhecken vorbeigefahren. Daran konnte ich mich kaum sattsehen.<br>Zu diesen idyllischen Beschreibungen geh\u00f6rt auch der Eindruck von \u201ehinter dem Mond\u201c leben. Die Post wird von Paddy nat\u00fcrlich mit einem klapprigen Rad ausgetragen, ein eigenes Telefon gibt es auch lange nicht.<\/p>\n\n\n\n<h3 class=\"wp-block-heading\">Kein Rassismus<\/h3>\n\n\n\n<p>Ein Thema in diesem Buch. Eine Wei\u00dfe und eine Schwarze Familie treffen aufeinander. Ein Kind wird geboren, Mutter wei\u00df, Vater schwarz. Das Kind ist wei\u00df. Die schwarzen Gro\u00dfeltern sind davon sehr erstaunt und anfangs auch irritiert. Doch dann sagt der Gro\u00dfvater:<\/p>\n\n\n\n<blockquote class=\"wp-block-quote is-layout-flow wp-block-quote-is-layout-flow\">\n<p>Haut sei schlie\u00dflich nur dazu da, den K\u00f6rper wasserdicht zu machen, die Farbe spiele da keine Rolle.<\/p>\n<\/blockquote>\n\n\n\n<p>Ist das nicht eine wundervolle Einstellung in Bezug auf Hautfarbe?<br>Auch Kit hat eine Begegnung mit einem schwarzen Mann und was kommt dabei heraus?<\/p>\n\n\n\n<blockquote class=\"wp-block-quote is-layout-flow wp-block-quote-is-layout-flow\">\n<p>Sie hatte noch nie einen Schwarzen aus der N\u00e4he gesehen\u2026<\/p>\n<\/blockquote>\n\n\n\n<p>Es ist so sch\u00f6n beschrieben, dass diese vermeintlich einfachen Menschen, die hinter dem Mond zu leben scheinen, vorurteilsfrei an f\u00fcr sie Neues herangehen. Ich h\u00e4tte Kit und Paddy sehr gerne pers\u00f6nlich kennengelernt.<\/p>\n\n\n\n<h3 class=\"wp-block-heading\">Perspektiven<\/h3>\n\n\n\n<p>In den einzelnen Buchteilen wechseln die Zeiten und auch die Perspektiven. Im ersten Teil werden die Ereignisse aus Sicht von Molls Eltern beschrieben, da bekommt man auch einen guten Eindruck von ihrem Alltag und den mittelalterlich anmutenden Dorfstrukturen. Die Zeit um die R\u00fcckkehr von Moll wird aus der Sicht der Mutter ausgef\u00fchrt, ebenso wie das Schlusskapitel. Auch Molls inneres Ich lernen wir kennen und noch zwei weitere Perspektiven. Dabei werden auch immer wieder Jahre \u00fcbersprungen, so wird der Text abwechslungsreich und irgendwie dichter.<\/p>\n\n\n\n<figure class=\"wp-block-image size-full\"><img loading=\"lazy\" decoding=\"async\" width=\"640\" height=\"480\" src=\"https:\/\/leckerekekse.de\/wordpress\/wp-content\/uploads\/2024\/03\/Donal-Ryan.jpg\" alt=\"\" class=\"wp-image-18304\" srcset=\"https:\/\/leckerekekse.de\/wordpress\/wp-content\/uploads\/2024\/03\/Donal-Ryan.jpg 640w, https:\/\/leckerekekse.de\/wordpress\/wp-content\/uploads\/2024\/03\/Donal-Ryan-300x225.jpg 300w\" sizes=\"auto, (max-width: 640px) 100vw, 640px\" \/><\/figure>\n\n\n\n<h3 class=\"wp-block-heading\">Kit<\/h3>\n\n\n\n<p>Meine absolute Lieblingsperson im Buch. Sie nimmt alle Schicksalsschl\u00e4ge an, verliert dabei nie ihren Glauben. Als sie am Ende alleine in dem kleinen Cottage lebt und sich praktisch schon auf ihren eigenen Tod vorbereitet, weil das ja der Lauf der Dinge ist, hadert sie nicht, ist immer noch voller Hoffnung, dass ein von ihr sehr geliebter Mensch zur\u00fcckkehrt.<br>Das alles ist fast an der Grenze zum Kitsch, hat mich aber auch sehr ber\u00fchrt.&nbsp; So zum Beispiel, wie sie die Anwesenheit ihres bereits verstorbenen Mannes erlebt:<\/p>\n\n\n\n<blockquote class=\"wp-block-quote is-layout-flow wp-block-quote-is-layout-flow\">\n<p>\u2026 sie hat Besuch von Paddy gehabt, sie kann ihn riechen und seine Energie sp\u00fcren und seine Stille, unerm\u00fcdliche Liebe; die den Raum von Wand zu Wand und von der Decke bis zum Boden ausf\u00fcllt, und es ist ein Genuss, schlicht und ergreifend, es ist der Himmel auf Erden, hier so umgeben und durchdrungen davon zu sitzen.<\/p>\n<\/blockquote>\n\n\n\n<p>Das empfand ich einfach als sch\u00f6n und erinnert mich an meine \u201eBegegnungen\u201c mit bereits verstorbenen, mit sehr wichtigen Menschen.<\/p>\n\n\n\n<h3 class=\"wp-block-heading\">Autor<\/h3>\n\n\n\n<p>Donal Ryan, Ire, lebt mit seiner Familie bei Limerick. Er wurde 1976 geboren und kam wohl \u00fcber Umwege zur Literatur, denn er studierte Bauwesen und Jura. Inzwischen hat er mehrere Auszeichnungen f\u00fcr seine B\u00fccher erhalten und unterrichtet an der Uni von Limerick Creative Writing. Seltsame Bl\u00fcten ist sein f\u00fcnfter Roman. Ich habe vorher von Ryan schon begeistert \u201eDie Stille des Meeres\u201c gelesen<\/p>\n\n\n\n<h3 class=\"wp-block-heading\">Fazit<\/h3>\n\n\n\n<p><a href=\"https:\/\/www.diogenes.ch\/leser\/titel\/donal-ryan\/seltsame-blueten-9783257072655.html\">Seltsame Bl\u00fcten<\/a> von Donal Ryan ist ein ruhiger, manchmal poetischer Roman \u00fcber eine irische Familie. Es hat mich sehr ber\u00fchrt und in mir starkes Fernweh nach Irland ausgel\u00f6st.<\/p>\n\n\n\n<figure class=\"wp-block-image size-medium\"><img loading=\"lazy\" decoding=\"async\" width=\"300\" height=\"219\" src=\"https:\/\/leckerekekse.de\/wordpress\/wp-content\/uploads\/2016\/04\/Signatur-002-300x219.jpg\" alt=\"\" class=\"wp-image-5977\" srcset=\"https:\/\/leckerekekse.de\/wordpress\/wp-content\/uploads\/2016\/04\/Signatur-002-300x219.jpg 300w, https:\/\/leckerekekse.de\/wordpress\/wp-content\/uploads\/2016\/04\/Signatur-002.jpg 640w\" sizes=\"auto, (max-width: 300px) 100vw, 300px\" \/><\/figure>\n","protected":false},"excerpt":{"rendered":"<p>Die Geschichte einer irischen Familie Eine kleine Familie lebt auf dem Land in Irland, irgendwann in den 1970iger Jahren. Paddy und Kit Gladney wohnen mit ihrer Tochter Molly in einem kleinen Cottage. Die Eltern arbeiten beide, ihr Leben erlaubt keine gro\u00dfen Spr\u00fcnge, aber sie sind zufrieden. Moll hei\u00dft eigentlich Mary, sie lebt ebenso ein ruhiges [&hellip;]<\/p>\n","protected":false},"author":2,"featured_media":18300,"comment_status":"open","ping_status":"open","sticky":false,"template":"","format":"standard","meta":{"footnotes":""},"categories":[1,3,788],"tags":[557,129,1159,127],"class_list":["post-18294","post","type-post","status-publish","format-standard","has-post-thumbnail","hentry","category-allgemein","category-buecher","category-rezension","tag-drama","tag-familie","tag-irland","tag-rassismus"],"yoast_head":"<!-- This site is optimized with the Yoast SEO plugin v27.4 - https:\/\/yoast.com\/product\/yoast-seo-wordpress\/ -->\n<title>Donal Ryan Seltsame Bl\u00fcten | Leckere Kekse &amp; mehr<\/title>\n<meta name=\"description\" content=\"H\u00f6hen und Tiefen einer irischen Familie in drei Generationen beschreibt das Buch seltsame Bl\u00fcten von Donal Ryan. Rezension.\" \/>\n<meta name=\"robots\" content=\"index, follow, max-snippet:-1, max-image-preview:large, max-video-preview:-1\" \/>\n<link rel=\"canonical\" href=\"https:\/\/leckerekekse.de\/wordpress\/donal-ryan-seltsame-blueten\/\" \/>\n<meta property=\"og:locale\" content=\"de_DE\" \/>\n<meta property=\"og:type\" content=\"article\" \/>\n<meta property=\"og:title\" content=\"Donal Ryan Seltsame Bl\u00fcten | Leckere Kekse &amp; mehr\" \/>\n<meta property=\"og:description\" content=\"H\u00f6hen und Tiefen einer irischen Familie in drei Generationen beschreibt das Buch seltsame Bl\u00fcten von Donal Ryan. Rezension.\" \/>\n<meta property=\"og:url\" content=\"https:\/\/leckerekekse.de\/wordpress\/donal-ryan-seltsame-blueten\/\" \/>\n<meta property=\"og:site_name\" content=\"Leckere Kekse &amp; mehr\" \/>\n<meta property=\"article:published_time\" content=\"2024-03-31T05:56:00+00:00\" \/>\n<meta property=\"article:modified_time\" content=\"2024-04-01T14:00:28+00:00\" \/>\n<meta property=\"og:image\" content=\"https:\/\/leckerekekse.de\/wordpress\/wp-content\/uploads\/2024\/03\/Donal-ryan-seltsame-blueten.jpg\" \/>\n\t<meta property=\"og:image:width\" content=\"640\" \/>\n\t<meta property=\"og:image:height\" content=\"481\" \/>\n\t<meta property=\"og:image:type\" content=\"image\/jpeg\" \/>\n<meta name=\"author\" content=\"Buchlieberin\" \/>\n<meta name=\"twitter:label1\" content=\"Verfasst von\" \/>\n\t<meta name=\"twitter:data1\" content=\"Buchlieberin\" \/>\n\t<meta name=\"twitter:label2\" content=\"Gesch\u00e4tzte Lesezeit\" \/>\n\t<meta name=\"twitter:data2\" content=\"6\u00a0Minuten\" \/>\n<script type=\"application\/ld+json\" class=\"yoast-schema-graph\">{\"@context\":\"https:\\\/\\\/schema.org\",\"@graph\":[{\"@type\":\"Article\",\"@id\":\"https:\\\/\\\/leckerekekse.de\\\/wordpress\\\/donal-ryan-seltsame-blueten\\\/#article\",\"isPartOf\":{\"@id\":\"https:\\\/\\\/leckerekekse.de\\\/wordpress\\\/donal-ryan-seltsame-blueten\\\/\"},\"author\":{\"name\":\"Buchlieberin\",\"@id\":\"https:\\\/\\\/leckerekekse.de\\\/wordpress\\\/#\\\/schema\\\/person\\\/aeca9a159c2be36b9bce9092b38c13c8\"},\"headline\":\"Donal Ryan Seltsame Bl\u00fcten\",\"datePublished\":\"2024-03-31T05:56:00+00:00\",\"dateModified\":\"2024-04-01T14:00:28+00:00\",\"mainEntityOfPage\":{\"@id\":\"https:\\\/\\\/leckerekekse.de\\\/wordpress\\\/donal-ryan-seltsame-blueten\\\/\"},\"wordCount\":927,\"commentCount\":1,\"publisher\":{\"@id\":\"https:\\\/\\\/leckerekekse.de\\\/wordpress\\\/#\\\/schema\\\/person\\\/6e4b2658514a3b7423a1f323400bdc1b\"},\"image\":{\"@id\":\"https:\\\/\\\/leckerekekse.de\\\/wordpress\\\/donal-ryan-seltsame-blueten\\\/#primaryimage\"},\"thumbnailUrl\":\"https:\\\/\\\/leckerekekse.de\\\/wordpress\\\/wp-content\\\/uploads\\\/2024\\\/03\\\/Donal-ryan-seltsame-blueten.jpg\",\"keywords\":[\"Drama\",\"Familie\",\"Irland\",\"Rassismus\"],\"articleSection\":{\"1\":\"B\u00fccher\",\"2\":\"Rezension\"},\"inLanguage\":\"de\",\"potentialAction\":[{\"@type\":\"CommentAction\",\"name\":\"Comment\",\"target\":[\"https:\\\/\\\/leckerekekse.de\\\/wordpress\\\/donal-ryan-seltsame-blueten\\\/#respond\"]}]},{\"@type\":\"WebPage\",\"@id\":\"https:\\\/\\\/leckerekekse.de\\\/wordpress\\\/donal-ryan-seltsame-blueten\\\/\",\"url\":\"https:\\\/\\\/leckerekekse.de\\\/wordpress\\\/donal-ryan-seltsame-blueten\\\/\",\"name\":\"Donal Ryan Seltsame Bl\u00fcten | Leckere Kekse &amp; mehr\",\"isPartOf\":{\"@id\":\"https:\\\/\\\/leckerekekse.de\\\/wordpress\\\/#website\"},\"primaryImageOfPage\":{\"@id\":\"https:\\\/\\\/leckerekekse.de\\\/wordpress\\\/donal-ryan-seltsame-blueten\\\/#primaryimage\"},\"image\":{\"@id\":\"https:\\\/\\\/leckerekekse.de\\\/wordpress\\\/donal-ryan-seltsame-blueten\\\/#primaryimage\"},\"thumbnailUrl\":\"https:\\\/\\\/leckerekekse.de\\\/wordpress\\\/wp-content\\\/uploads\\\/2024\\\/03\\\/Donal-ryan-seltsame-blueten.jpg\",\"datePublished\":\"2024-03-31T05:56:00+00:00\",\"dateModified\":\"2024-04-01T14:00:28+00:00\",\"description\":\"H\u00f6hen und Tiefen einer irischen Familie in drei Generationen beschreibt das Buch seltsame Bl\u00fcten von Donal Ryan. Rezension.\",\"breadcrumb\":{\"@id\":\"https:\\\/\\\/leckerekekse.de\\\/wordpress\\\/donal-ryan-seltsame-blueten\\\/#breadcrumb\"},\"inLanguage\":\"de\",\"potentialAction\":[{\"@type\":\"ReadAction\",\"target\":[\"https:\\\/\\\/leckerekekse.de\\\/wordpress\\\/donal-ryan-seltsame-blueten\\\/\"]}]},{\"@type\":\"ImageObject\",\"inLanguage\":\"de\",\"@id\":\"https:\\\/\\\/leckerekekse.de\\\/wordpress\\\/donal-ryan-seltsame-blueten\\\/#primaryimage\",\"url\":\"https:\\\/\\\/leckerekekse.de\\\/wordpress\\\/wp-content\\\/uploads\\\/2024\\\/03\\\/Donal-ryan-seltsame-blueten.jpg\",\"contentUrl\":\"https:\\\/\\\/leckerekekse.de\\\/wordpress\\\/wp-content\\\/uploads\\\/2024\\\/03\\\/Donal-ryan-seltsame-blueten.jpg\",\"width\":640,\"height\":481},{\"@type\":\"BreadcrumbList\",\"@id\":\"https:\\\/\\\/leckerekekse.de\\\/wordpress\\\/donal-ryan-seltsame-blueten\\\/#breadcrumb\",\"itemListElement\":[{\"@type\":\"ListItem\",\"position\":1,\"name\":\"Home\",\"item\":\"https:\\\/\\\/leckerekekse.de\\\/wordpress\\\/\"},{\"@type\":\"ListItem\",\"position\":2,\"name\":\"Donal Ryan Seltsame Bl\u00fcten\"}]},{\"@type\":\"WebSite\",\"@id\":\"https:\\\/\\\/leckerekekse.de\\\/wordpress\\\/#website\",\"url\":\"https:\\\/\\\/leckerekekse.de\\\/wordpress\\\/\",\"name\":\"Leckere Kekse &amp; mehr\",\"description\":\"Kekse backen, B\u00fccher lesen und mehr\",\"publisher\":{\"@id\":\"https:\\\/\\\/leckerekekse.de\\\/wordpress\\\/#\\\/schema\\\/person\\\/6e4b2658514a3b7423a1f323400bdc1b\"},\"potentialAction\":[{\"@type\":\"SearchAction\",\"target\":{\"@type\":\"EntryPoint\",\"urlTemplate\":\"https:\\\/\\\/leckerekekse.de\\\/wordpress\\\/?s={search_term_string}\"},\"query-input\":{\"@type\":\"PropertyValueSpecification\",\"valueRequired\":true,\"valueName\":\"search_term_string\"}}],\"inLanguage\":\"de\"},{\"@type\":[\"Person\",\"Organization\"],\"@id\":\"https:\\\/\\\/leckerekekse.de\\\/wordpress\\\/#\\\/schema\\\/person\\\/6e4b2658514a3b7423a1f323400bdc1b\",\"name\":\"Astrid\",\"logo\":{\"@id\":\"https:\\\/\\\/leckerekekse.de\\\/wordpress\\\/#\\\/schema\\\/person\\\/image\\\/\"},\"sameAs\":[\"https:\\\/\\\/leckerekekse.de\\\/wordpress\"]},{\"@type\":\"Person\",\"@id\":\"https:\\\/\\\/leckerekekse.de\\\/wordpress\\\/#\\\/schema\\\/person\\\/aeca9a159c2be36b9bce9092b38c13c8\",\"name\":\"Buchlieberin\",\"sameAs\":[\"https:\\\/\\\/leckerekekse.de\\\/wordpress\"]}]}<\/script>\n<!-- \/ Yoast SEO plugin. -->","yoast_head_json":{"title":"Donal Ryan Seltsame Bl\u00fcten | Leckere Kekse &amp; mehr","description":"H\u00f6hen und Tiefen einer irischen Familie in drei Generationen beschreibt das Buch seltsame Bl\u00fcten von Donal Ryan. Rezension.","robots":{"index":"index","follow":"follow","max-snippet":"max-snippet:-1","max-image-preview":"max-image-preview:large","max-video-preview":"max-video-preview:-1"},"canonical":"https:\/\/leckerekekse.de\/wordpress\/donal-ryan-seltsame-blueten\/","og_locale":"de_DE","og_type":"article","og_title":"Donal Ryan Seltsame Bl\u00fcten | Leckere Kekse &amp; mehr","og_description":"H\u00f6hen und Tiefen einer irischen Familie in drei Generationen beschreibt das Buch seltsame Bl\u00fcten von Donal Ryan. Rezension.","og_url":"https:\/\/leckerekekse.de\/wordpress\/donal-ryan-seltsame-blueten\/","og_site_name":"Leckere Kekse &amp; mehr","article_published_time":"2024-03-31T05:56:00+00:00","article_modified_time":"2024-04-01T14:00:28+00:00","og_image":[{"width":640,"height":481,"url":"https:\/\/leckerekekse.de\/wordpress\/wp-content\/uploads\/2024\/03\/Donal-ryan-seltsame-blueten.jpg","type":"image\/jpeg"}],"author":"Buchlieberin","twitter_misc":{"Verfasst von":"Buchlieberin","Gesch\u00e4tzte Lesezeit":"6\u00a0Minuten"},"schema":{"@context":"https:\/\/schema.org","@graph":[{"@type":"Article","@id":"https:\/\/leckerekekse.de\/wordpress\/donal-ryan-seltsame-blueten\/#article","isPartOf":{"@id":"https:\/\/leckerekekse.de\/wordpress\/donal-ryan-seltsame-blueten\/"},"author":{"name":"Buchlieberin","@id":"https:\/\/leckerekekse.de\/wordpress\/#\/schema\/person\/aeca9a159c2be36b9bce9092b38c13c8"},"headline":"Donal Ryan Seltsame Bl\u00fcten","datePublished":"2024-03-31T05:56:00+00:00","dateModified":"2024-04-01T14:00:28+00:00","mainEntityOfPage":{"@id":"https:\/\/leckerekekse.de\/wordpress\/donal-ryan-seltsame-blueten\/"},"wordCount":927,"commentCount":1,"publisher":{"@id":"https:\/\/leckerekekse.de\/wordpress\/#\/schema\/person\/6e4b2658514a3b7423a1f323400bdc1b"},"image":{"@id":"https:\/\/leckerekekse.de\/wordpress\/donal-ryan-seltsame-blueten\/#primaryimage"},"thumbnailUrl":"https:\/\/leckerekekse.de\/wordpress\/wp-content\/uploads\/2024\/03\/Donal-ryan-seltsame-blueten.jpg","keywords":["Drama","Familie","Irland","Rassismus"],"articleSection":{"1":"B\u00fccher","2":"Rezension"},"inLanguage":"de","potentialAction":[{"@type":"CommentAction","name":"Comment","target":["https:\/\/leckerekekse.de\/wordpress\/donal-ryan-seltsame-blueten\/#respond"]}]},{"@type":"WebPage","@id":"https:\/\/leckerekekse.de\/wordpress\/donal-ryan-seltsame-blueten\/","url":"https:\/\/leckerekekse.de\/wordpress\/donal-ryan-seltsame-blueten\/","name":"Donal Ryan Seltsame Bl\u00fcten | Leckere Kekse &amp; mehr","isPartOf":{"@id":"https:\/\/leckerekekse.de\/wordpress\/#website"},"primaryImageOfPage":{"@id":"https:\/\/leckerekekse.de\/wordpress\/donal-ryan-seltsame-blueten\/#primaryimage"},"image":{"@id":"https:\/\/leckerekekse.de\/wordpress\/donal-ryan-seltsame-blueten\/#primaryimage"},"thumbnailUrl":"https:\/\/leckerekekse.de\/wordpress\/wp-content\/uploads\/2024\/03\/Donal-ryan-seltsame-blueten.jpg","datePublished":"2024-03-31T05:56:00+00:00","dateModified":"2024-04-01T14:00:28+00:00","description":"H\u00f6hen und Tiefen einer irischen Familie in drei Generationen beschreibt das Buch seltsame Bl\u00fcten von Donal Ryan. Rezension.","breadcrumb":{"@id":"https:\/\/leckerekekse.de\/wordpress\/donal-ryan-seltsame-blueten\/#breadcrumb"},"inLanguage":"de","potentialAction":[{"@type":"ReadAction","target":["https:\/\/leckerekekse.de\/wordpress\/donal-ryan-seltsame-blueten\/"]}]},{"@type":"ImageObject","inLanguage":"de","@id":"https:\/\/leckerekekse.de\/wordpress\/donal-ryan-seltsame-blueten\/#primaryimage","url":"https:\/\/leckerekekse.de\/wordpress\/wp-content\/uploads\/2024\/03\/Donal-ryan-seltsame-blueten.jpg","contentUrl":"https:\/\/leckerekekse.de\/wordpress\/wp-content\/uploads\/2024\/03\/Donal-ryan-seltsame-blueten.jpg","width":640,"height":481},{"@type":"BreadcrumbList","@id":"https:\/\/leckerekekse.de\/wordpress\/donal-ryan-seltsame-blueten\/#breadcrumb","itemListElement":[{"@type":"ListItem","position":1,"name":"Home","item":"https:\/\/leckerekekse.de\/wordpress\/"},{"@type":"ListItem","position":2,"name":"Donal Ryan Seltsame Bl\u00fcten"}]},{"@type":"WebSite","@id":"https:\/\/leckerekekse.de\/wordpress\/#website","url":"https:\/\/leckerekekse.de\/wordpress\/","name":"Leckere Kekse &amp; mehr","description":"Kekse backen, B\u00fccher lesen und mehr","publisher":{"@id":"https:\/\/leckerekekse.de\/wordpress\/#\/schema\/person\/6e4b2658514a3b7423a1f323400bdc1b"},"potentialAction":[{"@type":"SearchAction","target":{"@type":"EntryPoint","urlTemplate":"https:\/\/leckerekekse.de\/wordpress\/?s={search_term_string}"},"query-input":{"@type":"PropertyValueSpecification","valueRequired":true,"valueName":"search_term_string"}}],"inLanguage":"de"},{"@type":["Person","Organization"],"@id":"https:\/\/leckerekekse.de\/wordpress\/#\/schema\/person\/6e4b2658514a3b7423a1f323400bdc1b","name":"Astrid","logo":{"@id":"https:\/\/leckerekekse.de\/wordpress\/#\/schema\/person\/image\/"},"sameAs":["https:\/\/leckerekekse.de\/wordpress"]},{"@type":"Person","@id":"https:\/\/leckerekekse.de\/wordpress\/#\/schema\/person\/aeca9a159c2be36b9bce9092b38c13c8","name":"Buchlieberin","sameAs":["https:\/\/leckerekekse.de\/wordpress"]}]}},"_links":{"self":[{"href":"https:\/\/leckerekekse.de\/wordpress\/wp-json\/wp\/v2\/posts\/18294","targetHints":{"allow":["GET"]}}],"collection":[{"href":"https:\/\/leckerekekse.de\/wordpress\/wp-json\/wp\/v2\/posts"}],"about":[{"href":"https:\/\/leckerekekse.de\/wordpress\/wp-json\/wp\/v2\/types\/post"}],"author":[{"embeddable":true,"href":"https:\/\/leckerekekse.de\/wordpress\/wp-json\/wp\/v2\/users\/2"}],"replies":[{"embeddable":true,"href":"https:\/\/leckerekekse.de\/wordpress\/wp-json\/wp\/v2\/comments?post=18294"}],"version-history":[{"count":3,"href":"https:\/\/leckerekekse.de\/wordpress\/wp-json\/wp\/v2\/posts\/18294\/revisions"}],"predecessor-version":[{"id":18306,"href":"https:\/\/leckerekekse.de\/wordpress\/wp-json\/wp\/v2\/posts\/18294\/revisions\/18306"}],"wp:featuredmedia":[{"embeddable":true,"href":"https:\/\/leckerekekse.de\/wordpress\/wp-json\/wp\/v2\/media\/18300"}],"wp:attachment":[{"href":"https:\/\/leckerekekse.de\/wordpress\/wp-json\/wp\/v2\/media?parent=18294"}],"wp:term":[{"taxonomy":"category","embeddable":true,"href":"https:\/\/leckerekekse.de\/wordpress\/wp-json\/wp\/v2\/categories?post=18294"},{"taxonomy":"post_tag","embeddable":true,"href":"https:\/\/leckerekekse.de\/wordpress\/wp-json\/wp\/v2\/tags?post=18294"}],"curies":[{"name":"wp","href":"https:\/\/api.w.org\/{rel}","templated":true}]}}