{"id":18354,"date":"2024-10-20T12:34:28","date_gmt":"2024-10-20T10:34:28","guid":{"rendered":"https:\/\/leckerekekse.de\/wordpress\/?p=18354"},"modified":"2024-11-12T14:27:53","modified_gmt":"2024-11-12T13:27:53","slug":"salih-jamal-vor-der-nacht","status":"publish","type":"post","link":"https:\/\/leckerekekse.de\/wordpress\/salih-jamal-vor-der-nacht\/","title":{"rendered":"Salih Jamal: Vor der Nacht"},"content":{"rendered":"\n<figure class=\"wp-block-image size-full\"><img loading=\"lazy\" decoding=\"async\" width=\"640\" height=\"480\" src=\"https:\/\/leckerekekse.de\/wordpress\/wp-content\/uploads\/2024\/10\/Rezension-vor-der-nacht-salih-jamal.jpg\" alt=\"Buch Vor der Nacht von Salih Jamal mit einem Apfel.\" class=\"wp-image-18356\" srcset=\"https:\/\/leckerekekse.de\/wordpress\/wp-content\/uploads\/2024\/10\/Rezension-vor-der-nacht-salih-jamal.jpg 640w, https:\/\/leckerekekse.de\/wordpress\/wp-content\/uploads\/2024\/10\/Rezension-vor-der-nacht-salih-jamal-300x225.jpg 300w\" sizes=\"auto, (max-width: 640px) 100vw, 640px\" \/><\/figure>\n\n\n\n<h2 class=\"wp-block-heading\">Verlorene Seelen<\/h2>\n\n\n\n<p>Jonas ist 14 Jahre alt. Seine Mutter ist tot, der Vater kommt ins Gef\u00e4ngnis. Sonst gibt es keine Familienangeh\u00f6rige. Jonas muss also in ein Kinderheim. Dort ist er erst einsam, dann trifft er auf andere Kinder und Jugendliche, die sich ebenso alleingelassen f\u00fchlen. Der Roman umfasst nicht nur die Zeit im Heim, sondern auch einen l\u00e4ngeren Zeitraum danach.<\/p>\n\n\n\n<!--more-->\n\n\n\n<h3 class=\"wp-block-heading\">Die Gruppe<\/h3>\n\n\n\n<p>Jonas wohnt mit Frei auf einem Zimmer. Dessen Name ist Programm, er l\u00e4sst sich nichts sagen, von niemandem. Die kleine zarte Lilly kommt erst sp\u00e4ter dazu. Beria und Sinan sind Geschwister. Dann gibt es noch den Jungen, der Pappel genannt wird.<br>Sie erfahren keine Geborgenheit im Heim. Die Pflegemutter \u00fcberl\u00e4sst die Kinder gr\u00f6\u00dftenteils sich selbst. Ihre eigene Tochter Jessica wird hingegen sehr verw\u00f6hnt. Diese geb\u00e4rdet sich wie eine Diva und nutzt die anderen schamlos aus.<\/p>\n\n\n\n<h3 class=\"wp-block-heading\">Ritual<\/h3>\n\n\n\n<p>Abends treffen sie sich h\u00e4ufig gemeinsam in einem Zimmer und teilen sich einen Apfel. Es geht nicht darum den Magen zu f\u00fcllen, sondern darum, den Hunger nach Gemeinschaft, Familie, Zusammenhalt zu stillen. Diese \u201eApfelabendmahle\u201c schwei\u00dfen sie zusammen und geben allen die M\u00f6glichkeit den Tag zu reflektieren.<\/p>\n\n\n\n<figure class=\"wp-block-image size-large\"><img loading=\"lazy\" decoding=\"async\" width=\"640\" height=\"640\" src=\"https:\/\/leckerekekse.de\/wordpress\/wp-content\/uploads\/2024\/10\/apfelritual-vor-der-nacht-salih-jamal-640x640.jpeg\" alt=\"\" class=\"wp-image-18355\" srcset=\"https:\/\/leckerekekse.de\/wordpress\/wp-content\/uploads\/2024\/10\/apfelritual-vor-der-nacht-salih-jamal-640x640.jpeg 640w, https:\/\/leckerekekse.de\/wordpress\/wp-content\/uploads\/2024\/10\/apfelritual-vor-der-nacht-salih-jamal-300x300.jpeg 300w, https:\/\/leckerekekse.de\/wordpress\/wp-content\/uploads\/2024\/10\/apfelritual-vor-der-nacht-salih-jamal-150x150.jpeg 150w, https:\/\/leckerekekse.de\/wordpress\/wp-content\/uploads\/2024\/10\/apfelritual-vor-der-nacht-salih-jamal-768x768.jpeg 768w, https:\/\/leckerekekse.de\/wordpress\/wp-content\/uploads\/2024\/10\/apfelritual-vor-der-nacht-salih-jamal-144x144.jpeg 144w, https:\/\/leckerekekse.de\/wordpress\/wp-content\/uploads\/2024\/10\/apfelritual-vor-der-nacht-salih-jamal.jpeg 1024w\" sizes=\"auto, (max-width: 640px) 100vw, 640px\" \/><\/figure>\n\n\n\n<p>Dieses Bild habe ich \u00fcbrigens einem AI-Bildgenerator erstellt. Wollte ich einfach mal ausprobieren. <\/p>\n\n\n\n<p>Die Kinder f\u00fchlen sich alle verloren und wissen nicht wo sie hingeh\u00f6ren. Jamal dr\u00fcckt das in einem dem Buch vorangestellten Satz sehr passend aus<\/p>\n\n\n\n<blockquote class=\"wp-block-quote is-layout-flow wp-block-quote-is-layout-flow\">\n<p>Da, wo ich bin, kann ich nicht ankommen, und da, wo ich ankomm, kann ich nicht hin. &nbsp;<\/p>\n<\/blockquote>\n\n\n\n<p>Doch durch das abendliche Ritual und die Bereitschaft f\u00fcreinander einzustehen, wachsen sie zu einer Art Ersatzfamilie zusammen.<\/p>\n\n\n\n<h3 class=\"wp-block-heading\">Jimmy<\/h3>\n\n\n\n<p>Im Heim wird Jonas schnell zu Jimmy. Er hast den Spitznamen, kann ihn aber nicht mehr absch\u00fctteln. Er ist sensibel und emphatisch. So gewinnt er unter den anderen Kindern schnell Freunde. Zum Teil f\u00fcrs Leben. Er entdeckt die Literatur und liest alles, was er in die Finger bekommt. Sp\u00e4ter ist es sein sehnlichster Wunsch Schriftsteller zu werden. Daf\u00fcr gibt er alles.<\/p>\n\n\n\n<h3 class=\"wp-block-heading\">Trennung<\/h3>\n\n\n\n<p>Wenn man 18 Jahre alt wird, muss man das Heim verlassen. Das ist nicht einfach. Weder f\u00fcr den, der geht, noch f\u00fcr die, die bleiben. Eines Tages verschwinden zwei von ihnen spurlos. Der Rest des Buches besch\u00e4ftigt sich praktisch mit der Aufl\u00f6sung der Hintergr\u00fcnde. Dabei l\u00e4sst der Autor keine losen Enden.<br>Doch die Vergangenheit im Heim l\u00e4sst sich nicht absch\u00fctteln, so sagt Jimmy als Erwachsener mal \u00fcber das Heim:<\/p>\n\n\n\n<blockquote class=\"wp-block-quote is-layout-flow wp-block-quote-is-layout-flow\">\n<p>Wir sind schon so lange da raus, aber es wird nie aus uns herauskommen.<\/p>\n<\/blockquote>\n\n\n\n<h3 class=\"wp-block-heading\">Perspektive<\/h3>\n\n\n\n<p>Jimmy ist die Hauptfigur, der Roman wird von ihm als Ich-Erz\u00e4hler entwickelt. Dabei hat Jamal einen interessanten Kniff genutzt: auch das Vorwort ist in der Ich-Form geschrieben. So kam ich nicht umhin mich zu fragen, ob Salih Jimmy ist. Die beschriebenen Ereignisse und Gef\u00fchle kommen mir als Leserin durch diese Perspektive sehr nah. Verst\u00e4rkt wird das durch die vielen Metaphern, die die Sprache des Autors durchziehen. Ich muss aber auch sagen, dass er nach meinem Geschmack etwas sparsamer mit diesen Bildern h\u00e4tte umgehen k\u00f6nnen. Allerdings bekommt das Buch so eine poetische Note und verdeutlicht die Gef\u00fchle der Protagonisten sehr stark. &nbsp;&nbsp;<\/p>\n\n\n\n<figure class=\"wp-block-image size-full\"><img loading=\"lazy\" decoding=\"async\" width=\"640\" height=\"480\" src=\"https:\/\/leckerekekse.de\/wordpress\/wp-content\/uploads\/2024\/10\/zitat-aus-vor-der-nacht-salig-jamal.jpg\" alt=\"\" class=\"wp-image-18357\" srcset=\"https:\/\/leckerekekse.de\/wordpress\/wp-content\/uploads\/2024\/10\/zitat-aus-vor-der-nacht-salig-jamal.jpg 640w, https:\/\/leckerekekse.de\/wordpress\/wp-content\/uploads\/2024\/10\/zitat-aus-vor-der-nacht-salig-jamal-300x225.jpg 300w\" sizes=\"auto, (max-width: 640px) 100vw, 640px\" \/><\/figure>\n\n\n\n<h3 class=\"wp-block-heading\">Zeitreise<\/h3>\n\n\n\n<p>Jimmy ist 1972 geboren. Die Geschichte setzt also Mitte der 1980iger Jahre ein. Im Laufe des Buches werden immer wieder tats\u00e4chliche Ereignisse erw\u00e4hnt. Auch Musik und Filme werden genannt.<br>So war der Roman f\u00fcr mich auch eine Zeitreise, ich bin nur ein paar Jahre \u00e4lter als Jimmy. Ich hatte h\u00e4ufig Ohrw\u00fcrmer durch die genannten Songs, die mich f\u00fcr den Rest des Tages begleiteten. So bekam ich h\u00e4ufig w\u00e4hrend der Lekt\u00fcre recht nostalgische Gef\u00fchle.<\/p>\n\n\n\n<h3 class=\"wp-block-heading\">Autor<\/h3>\n\n\n\n<p><a href=\"https:\/\/salihjamal.com\/\">Salih Jamal<\/a> ist selbst Jahrgang 1966. Er lebt und arbeitet in D\u00fcsseldorf. F\u00fcr seinen Deb\u00fctroman \u201eBriefe an die gr\u00fcne Fee\u201c erhielt er 2018 auf der Frankfurter Buchmesse eine Auszeichnung f\u00fcr das beste Buch des Jahres in der Kategorie zeitgen\u00f6ssische Literatur ausgezeichnet. Mit seinem Roman \u201e<a href=\"https:\/\/leckerekekse.de\/wordpress\/salih-jamal-das-perfekte-grau\/\">Das perfekte Grau<\/a>\u201c schaffte er es auf die Hotlist der B\u00fccher des Jahres der unabh\u00e4ngigen Verlage. Zu diesem Buch findet ihr ein <a href=\"https:\/\/leckerekekse.de\/wordpress\/interview-mit-salih-jamal\/\">Interview mit dem Autor<\/a> auf unserem Blog.<\/p>\n\n\n\n<h3 class=\"wp-block-heading\">Fazit<\/h3>\n\n\n\n<p><a href=\"https:\/\/www.leykamverlag.at\/produkt\/vor-der-nacht\/\">Vor der Nacht<\/a> von <a href=\"https:\/\/www.leykamverlag.at\/autorenportait\/salih-jamal\/\">Salih Jamal<\/a> ist ein sehr bildgewaltiges, einf\u00fchlsames Buch. Es ist ein gef\u00fchlvoller Roman \u00fcber das Schicksal einiger Menschen, die eine gemeinsame Vergangenheit in einem Heim \u00fcber ihr ganzes Leben hinweg verbindet.<\/p>\n\n\n\n<h3 class=\"wp-block-heading\">Weitere Rezensionen<\/h3>\n\n\n\n<p><a href=\"https:\/\/www.lesenueberall.com\/vor-der-nacht-salih-jamal\">Lesenueberall<\/a><br><a href=\"https:\/\/lust-auf-literatur.com\/vor-der-nacht-von-salih-jamal\/\">Lust auf Literatur<\/a><br><a href=\"https:\/\/xn--tausendlxi-i7a.de\/vor-der-nacht-salih-jamal\">Tausendl\u00e9xi<\/a><\/p>\n\n\n\n<p>\u00a0<\/p>\n<p>\u00a0<\/p>\n","protected":false},"excerpt":{"rendered":"<p>Verlorene Seelen Jonas ist 14 Jahre alt. Seine Mutter ist tot, der Vater kommt ins Gef\u00e4ngnis. Sonst gibt es keine Familienangeh\u00f6rige. Jonas muss also in ein Kinderheim. Dort ist er erst einsam, dann trifft er auf andere Kinder und Jugendliche, die sich ebenso alleingelassen f\u00fchlen. Der Roman umfasst nicht nur die Zeit im Heim, sondern [&hellip;]<\/p>\n","protected":false},"author":2,"featured_media":18356,"comment_status":"open","ping_status":"open","sticky":false,"template":"","format":"standard","meta":{"footnotes":""},"categories":[1,3,788],"tags":[1082,1508,551,245],"class_list":["post-18354","post","type-post","status-publish","format-standard","has-post-thumbnail","hentry","category-allgemein","category-buecher","category-rezension","tag-freundschaft","tag-kinderheim","tag-kindheit","tag-schicksal"],"yoast_head":"<!-- This site is optimized with the Yoast SEO plugin v27.4 - https:\/\/yoast.com\/product\/yoast-seo-wordpress\/ -->\n<title>Salih Jamal: Vor der Nacht | Leckere Kekse &amp; mehr<\/title>\n<meta name=\"description\" content=\"Rezension von &quot;Vor der Nacht&quot; von Salih Jamal. Kinder lernen sich im Heim kennen, das ist eine Verbindung f\u00fcr das ganze Leben.\" \/>\n<meta name=\"robots\" content=\"index, follow, max-snippet:-1, max-image-preview:large, max-video-preview:-1\" \/>\n<link rel=\"canonical\" href=\"https:\/\/leckerekekse.de\/wordpress\/salih-jamal-vor-der-nacht\/\" \/>\n<meta property=\"og:locale\" content=\"de_DE\" \/>\n<meta property=\"og:type\" content=\"article\" \/>\n<meta property=\"og:title\" content=\"Salih Jamal: Vor der Nacht | Leckere Kekse &amp; mehr\" \/>\n<meta property=\"og:description\" content=\"Rezension von &quot;Vor der Nacht&quot; von Salih Jamal. Kinder lernen sich im Heim kennen, das ist eine Verbindung f\u00fcr das ganze Leben.\" \/>\n<meta property=\"og:url\" content=\"https:\/\/leckerekekse.de\/wordpress\/salih-jamal-vor-der-nacht\/\" \/>\n<meta property=\"og:site_name\" content=\"Leckere Kekse &amp; mehr\" \/>\n<meta property=\"article:published_time\" content=\"2024-10-20T10:34:28+00:00\" \/>\n<meta property=\"article:modified_time\" content=\"2024-11-12T13:27:53+00:00\" \/>\n<meta property=\"og:image\" content=\"https:\/\/leckerekekse.de\/wordpress\/wp-content\/uploads\/2024\/10\/Rezension-vor-der-nacht-salih-jamal.jpg\" \/>\n\t<meta property=\"og:image:width\" content=\"640\" \/>\n\t<meta property=\"og:image:height\" content=\"480\" \/>\n\t<meta property=\"og:image:type\" content=\"image\/jpeg\" \/>\n<meta name=\"author\" content=\"Buchlieberin\" \/>\n<meta name=\"twitter:label1\" content=\"Verfasst von\" \/>\n\t<meta name=\"twitter:data1\" content=\"Buchlieberin\" \/>\n\t<meta name=\"twitter:label2\" content=\"Gesch\u00e4tzte Lesezeit\" \/>\n\t<meta name=\"twitter:data2\" content=\"5\u00a0Minuten\" \/>\n<script type=\"application\/ld+json\" class=\"yoast-schema-graph\">{\"@context\":\"https:\\\/\\\/schema.org\",\"@graph\":[{\"@type\":\"Article\",\"@id\":\"https:\\\/\\\/leckerekekse.de\\\/wordpress\\\/salih-jamal-vor-der-nacht\\\/#article\",\"isPartOf\":{\"@id\":\"https:\\\/\\\/leckerekekse.de\\\/wordpress\\\/salih-jamal-vor-der-nacht\\\/\"},\"author\":{\"name\":\"Buchlieberin\",\"@id\":\"https:\\\/\\\/leckerekekse.de\\\/wordpress\\\/#\\\/schema\\\/person\\\/aeca9a159c2be36b9bce9092b38c13c8\"},\"headline\":\"Salih Jamal: Vor der Nacht\",\"datePublished\":\"2024-10-20T10:34:28+00:00\",\"dateModified\":\"2024-11-12T13:27:53+00:00\",\"mainEntityOfPage\":{\"@id\":\"https:\\\/\\\/leckerekekse.de\\\/wordpress\\\/salih-jamal-vor-der-nacht\\\/\"},\"wordCount\":753,\"commentCount\":0,\"publisher\":{\"@id\":\"https:\\\/\\\/leckerekekse.de\\\/wordpress\\\/#\\\/schema\\\/person\\\/6e4b2658514a3b7423a1f323400bdc1b\"},\"image\":{\"@id\":\"https:\\\/\\\/leckerekekse.de\\\/wordpress\\\/salih-jamal-vor-der-nacht\\\/#primaryimage\"},\"thumbnailUrl\":\"https:\\\/\\\/leckerekekse.de\\\/wordpress\\\/wp-content\\\/uploads\\\/2024\\\/10\\\/Rezension-vor-der-nacht-salih-jamal.jpg\",\"keywords\":[\"Freundschaft\",\"Kinderheim\",\"Kindheit\",\"Schicksal\"],\"articleSection\":{\"1\":\"B\u00fccher\",\"2\":\"Rezension\"},\"inLanguage\":\"de\",\"potentialAction\":[{\"@type\":\"CommentAction\",\"name\":\"Comment\",\"target\":[\"https:\\\/\\\/leckerekekse.de\\\/wordpress\\\/salih-jamal-vor-der-nacht\\\/#respond\"]}]},{\"@type\":\"WebPage\",\"@id\":\"https:\\\/\\\/leckerekekse.de\\\/wordpress\\\/salih-jamal-vor-der-nacht\\\/\",\"url\":\"https:\\\/\\\/leckerekekse.de\\\/wordpress\\\/salih-jamal-vor-der-nacht\\\/\",\"name\":\"Salih Jamal: Vor der Nacht | Leckere Kekse &amp; mehr\",\"isPartOf\":{\"@id\":\"https:\\\/\\\/leckerekekse.de\\\/wordpress\\\/#website\"},\"primaryImageOfPage\":{\"@id\":\"https:\\\/\\\/leckerekekse.de\\\/wordpress\\\/salih-jamal-vor-der-nacht\\\/#primaryimage\"},\"image\":{\"@id\":\"https:\\\/\\\/leckerekekse.de\\\/wordpress\\\/salih-jamal-vor-der-nacht\\\/#primaryimage\"},\"thumbnailUrl\":\"https:\\\/\\\/leckerekekse.de\\\/wordpress\\\/wp-content\\\/uploads\\\/2024\\\/10\\\/Rezension-vor-der-nacht-salih-jamal.jpg\",\"datePublished\":\"2024-10-20T10:34:28+00:00\",\"dateModified\":\"2024-11-12T13:27:53+00:00\",\"description\":\"Rezension von \\\"Vor der Nacht\\\" von Salih Jamal. Kinder lernen sich im Heim kennen, das ist eine Verbindung f\u00fcr das ganze Leben.\",\"breadcrumb\":{\"@id\":\"https:\\\/\\\/leckerekekse.de\\\/wordpress\\\/salih-jamal-vor-der-nacht\\\/#breadcrumb\"},\"inLanguage\":\"de\",\"potentialAction\":[{\"@type\":\"ReadAction\",\"target\":[\"https:\\\/\\\/leckerekekse.de\\\/wordpress\\\/salih-jamal-vor-der-nacht\\\/\"]}]},{\"@type\":\"ImageObject\",\"inLanguage\":\"de\",\"@id\":\"https:\\\/\\\/leckerekekse.de\\\/wordpress\\\/salih-jamal-vor-der-nacht\\\/#primaryimage\",\"url\":\"https:\\\/\\\/leckerekekse.de\\\/wordpress\\\/wp-content\\\/uploads\\\/2024\\\/10\\\/Rezension-vor-der-nacht-salih-jamal.jpg\",\"contentUrl\":\"https:\\\/\\\/leckerekekse.de\\\/wordpress\\\/wp-content\\\/uploads\\\/2024\\\/10\\\/Rezension-vor-der-nacht-salih-jamal.jpg\",\"width\":640,\"height\":480},{\"@type\":\"BreadcrumbList\",\"@id\":\"https:\\\/\\\/leckerekekse.de\\\/wordpress\\\/salih-jamal-vor-der-nacht\\\/#breadcrumb\",\"itemListElement\":[{\"@type\":\"ListItem\",\"position\":1,\"name\":\"Home\",\"item\":\"https:\\\/\\\/leckerekekse.de\\\/wordpress\\\/\"},{\"@type\":\"ListItem\",\"position\":2,\"name\":\"Salih Jamal: Vor der Nacht\"}]},{\"@type\":\"WebSite\",\"@id\":\"https:\\\/\\\/leckerekekse.de\\\/wordpress\\\/#website\",\"url\":\"https:\\\/\\\/leckerekekse.de\\\/wordpress\\\/\",\"name\":\"Leckere Kekse &amp; mehr\",\"description\":\"Kekse backen, B\u00fccher lesen und mehr\",\"publisher\":{\"@id\":\"https:\\\/\\\/leckerekekse.de\\\/wordpress\\\/#\\\/schema\\\/person\\\/6e4b2658514a3b7423a1f323400bdc1b\"},\"potentialAction\":[{\"@type\":\"SearchAction\",\"target\":{\"@type\":\"EntryPoint\",\"urlTemplate\":\"https:\\\/\\\/leckerekekse.de\\\/wordpress\\\/?s={search_term_string}\"},\"query-input\":{\"@type\":\"PropertyValueSpecification\",\"valueRequired\":true,\"valueName\":\"search_term_string\"}}],\"inLanguage\":\"de\"},{\"@type\":[\"Person\",\"Organization\"],\"@id\":\"https:\\\/\\\/leckerekekse.de\\\/wordpress\\\/#\\\/schema\\\/person\\\/6e4b2658514a3b7423a1f323400bdc1b\",\"name\":\"Astrid\",\"logo\":{\"@id\":\"https:\\\/\\\/leckerekekse.de\\\/wordpress\\\/#\\\/schema\\\/person\\\/image\\\/\"},\"sameAs\":[\"https:\\\/\\\/leckerekekse.de\\\/wordpress\"]},{\"@type\":\"Person\",\"@id\":\"https:\\\/\\\/leckerekekse.de\\\/wordpress\\\/#\\\/schema\\\/person\\\/aeca9a159c2be36b9bce9092b38c13c8\",\"name\":\"Buchlieberin\",\"sameAs\":[\"https:\\\/\\\/leckerekekse.de\\\/wordpress\"]}]}<\/script>\n<!-- \/ Yoast SEO plugin. -->","yoast_head_json":{"title":"Salih Jamal: Vor der Nacht | Leckere Kekse &amp; mehr","description":"Rezension von \"Vor der Nacht\" von Salih Jamal. Kinder lernen sich im Heim kennen, das ist eine Verbindung f\u00fcr das ganze Leben.","robots":{"index":"index","follow":"follow","max-snippet":"max-snippet:-1","max-image-preview":"max-image-preview:large","max-video-preview":"max-video-preview:-1"},"canonical":"https:\/\/leckerekekse.de\/wordpress\/salih-jamal-vor-der-nacht\/","og_locale":"de_DE","og_type":"article","og_title":"Salih Jamal: Vor der Nacht | Leckere Kekse &amp; mehr","og_description":"Rezension von \"Vor der Nacht\" von Salih Jamal. Kinder lernen sich im Heim kennen, das ist eine Verbindung f\u00fcr das ganze Leben.","og_url":"https:\/\/leckerekekse.de\/wordpress\/salih-jamal-vor-der-nacht\/","og_site_name":"Leckere Kekse &amp; mehr","article_published_time":"2024-10-20T10:34:28+00:00","article_modified_time":"2024-11-12T13:27:53+00:00","og_image":[{"width":640,"height":480,"url":"https:\/\/leckerekekse.de\/wordpress\/wp-content\/uploads\/2024\/10\/Rezension-vor-der-nacht-salih-jamal.jpg","type":"image\/jpeg"}],"author":"Buchlieberin","twitter_misc":{"Verfasst von":"Buchlieberin","Gesch\u00e4tzte Lesezeit":"5\u00a0Minuten"},"schema":{"@context":"https:\/\/schema.org","@graph":[{"@type":"Article","@id":"https:\/\/leckerekekse.de\/wordpress\/salih-jamal-vor-der-nacht\/#article","isPartOf":{"@id":"https:\/\/leckerekekse.de\/wordpress\/salih-jamal-vor-der-nacht\/"},"author":{"name":"Buchlieberin","@id":"https:\/\/leckerekekse.de\/wordpress\/#\/schema\/person\/aeca9a159c2be36b9bce9092b38c13c8"},"headline":"Salih Jamal: Vor der Nacht","datePublished":"2024-10-20T10:34:28+00:00","dateModified":"2024-11-12T13:27:53+00:00","mainEntityOfPage":{"@id":"https:\/\/leckerekekse.de\/wordpress\/salih-jamal-vor-der-nacht\/"},"wordCount":753,"commentCount":0,"publisher":{"@id":"https:\/\/leckerekekse.de\/wordpress\/#\/schema\/person\/6e4b2658514a3b7423a1f323400bdc1b"},"image":{"@id":"https:\/\/leckerekekse.de\/wordpress\/salih-jamal-vor-der-nacht\/#primaryimage"},"thumbnailUrl":"https:\/\/leckerekekse.de\/wordpress\/wp-content\/uploads\/2024\/10\/Rezension-vor-der-nacht-salih-jamal.jpg","keywords":["Freundschaft","Kinderheim","Kindheit","Schicksal"],"articleSection":{"1":"B\u00fccher","2":"Rezension"},"inLanguage":"de","potentialAction":[{"@type":"CommentAction","name":"Comment","target":["https:\/\/leckerekekse.de\/wordpress\/salih-jamal-vor-der-nacht\/#respond"]}]},{"@type":"WebPage","@id":"https:\/\/leckerekekse.de\/wordpress\/salih-jamal-vor-der-nacht\/","url":"https:\/\/leckerekekse.de\/wordpress\/salih-jamal-vor-der-nacht\/","name":"Salih Jamal: Vor der Nacht | Leckere Kekse &amp; mehr","isPartOf":{"@id":"https:\/\/leckerekekse.de\/wordpress\/#website"},"primaryImageOfPage":{"@id":"https:\/\/leckerekekse.de\/wordpress\/salih-jamal-vor-der-nacht\/#primaryimage"},"image":{"@id":"https:\/\/leckerekekse.de\/wordpress\/salih-jamal-vor-der-nacht\/#primaryimage"},"thumbnailUrl":"https:\/\/leckerekekse.de\/wordpress\/wp-content\/uploads\/2024\/10\/Rezension-vor-der-nacht-salih-jamal.jpg","datePublished":"2024-10-20T10:34:28+00:00","dateModified":"2024-11-12T13:27:53+00:00","description":"Rezension von \"Vor der Nacht\" von Salih Jamal. Kinder lernen sich im Heim kennen, das ist eine Verbindung f\u00fcr das ganze Leben.","breadcrumb":{"@id":"https:\/\/leckerekekse.de\/wordpress\/salih-jamal-vor-der-nacht\/#breadcrumb"},"inLanguage":"de","potentialAction":[{"@type":"ReadAction","target":["https:\/\/leckerekekse.de\/wordpress\/salih-jamal-vor-der-nacht\/"]}]},{"@type":"ImageObject","inLanguage":"de","@id":"https:\/\/leckerekekse.de\/wordpress\/salih-jamal-vor-der-nacht\/#primaryimage","url":"https:\/\/leckerekekse.de\/wordpress\/wp-content\/uploads\/2024\/10\/Rezension-vor-der-nacht-salih-jamal.jpg","contentUrl":"https:\/\/leckerekekse.de\/wordpress\/wp-content\/uploads\/2024\/10\/Rezension-vor-der-nacht-salih-jamal.jpg","width":640,"height":480},{"@type":"BreadcrumbList","@id":"https:\/\/leckerekekse.de\/wordpress\/salih-jamal-vor-der-nacht\/#breadcrumb","itemListElement":[{"@type":"ListItem","position":1,"name":"Home","item":"https:\/\/leckerekekse.de\/wordpress\/"},{"@type":"ListItem","position":2,"name":"Salih Jamal: Vor der Nacht"}]},{"@type":"WebSite","@id":"https:\/\/leckerekekse.de\/wordpress\/#website","url":"https:\/\/leckerekekse.de\/wordpress\/","name":"Leckere Kekse &amp; mehr","description":"Kekse backen, B\u00fccher lesen und mehr","publisher":{"@id":"https:\/\/leckerekekse.de\/wordpress\/#\/schema\/person\/6e4b2658514a3b7423a1f323400bdc1b"},"potentialAction":[{"@type":"SearchAction","target":{"@type":"EntryPoint","urlTemplate":"https:\/\/leckerekekse.de\/wordpress\/?s={search_term_string}"},"query-input":{"@type":"PropertyValueSpecification","valueRequired":true,"valueName":"search_term_string"}}],"inLanguage":"de"},{"@type":["Person","Organization"],"@id":"https:\/\/leckerekekse.de\/wordpress\/#\/schema\/person\/6e4b2658514a3b7423a1f323400bdc1b","name":"Astrid","logo":{"@id":"https:\/\/leckerekekse.de\/wordpress\/#\/schema\/person\/image\/"},"sameAs":["https:\/\/leckerekekse.de\/wordpress"]},{"@type":"Person","@id":"https:\/\/leckerekekse.de\/wordpress\/#\/schema\/person\/aeca9a159c2be36b9bce9092b38c13c8","name":"Buchlieberin","sameAs":["https:\/\/leckerekekse.de\/wordpress"]}]}},"_links":{"self":[{"href":"https:\/\/leckerekekse.de\/wordpress\/wp-json\/wp\/v2\/posts\/18354","targetHints":{"allow":["GET"]}}],"collection":[{"href":"https:\/\/leckerekekse.de\/wordpress\/wp-json\/wp\/v2\/posts"}],"about":[{"href":"https:\/\/leckerekekse.de\/wordpress\/wp-json\/wp\/v2\/types\/post"}],"author":[{"embeddable":true,"href":"https:\/\/leckerekekse.de\/wordpress\/wp-json\/wp\/v2\/users\/2"}],"replies":[{"embeddable":true,"href":"https:\/\/leckerekekse.de\/wordpress\/wp-json\/wp\/v2\/comments?post=18354"}],"version-history":[{"count":2,"href":"https:\/\/leckerekekse.de\/wordpress\/wp-json\/wp\/v2\/posts\/18354\/revisions"}],"predecessor-version":[{"id":18367,"href":"https:\/\/leckerekekse.de\/wordpress\/wp-json\/wp\/v2\/posts\/18354\/revisions\/18367"}],"wp:featuredmedia":[{"embeddable":true,"href":"https:\/\/leckerekekse.de\/wordpress\/wp-json\/wp\/v2\/media\/18356"}],"wp:attachment":[{"href":"https:\/\/leckerekekse.de\/wordpress\/wp-json\/wp\/v2\/media?parent=18354"}],"wp:term":[{"taxonomy":"category","embeddable":true,"href":"https:\/\/leckerekekse.de\/wordpress\/wp-json\/wp\/v2\/categories?post=18354"},{"taxonomy":"post_tag","embeddable":true,"href":"https:\/\/leckerekekse.de\/wordpress\/wp-json\/wp\/v2\/tags?post=18354"}],"curies":[{"name":"wp","href":"https:\/\/api.w.org\/{rel}","templated":true}]}}