{"id":1837,"date":"2015-02-14T08:02:48","date_gmt":"2015-02-14T06:02:48","guid":{"rendered":"http:\/\/leckerekekse.de\/wordpress\/?p=1837"},"modified":"2015-02-14T08:14:27","modified_gmt":"2015-02-14T06:14:27","slug":"karneval-eindruecke-aus-koelner-sicht","status":"publish","type":"post","link":"https:\/\/leckerekekse.de\/wordpress\/karneval-eindruecke-aus-koelner-sicht\/","title":{"rendered":"Karneval \u2013 Eindr\u00fccke aus K\u00f6lner Sicht"},"content":{"rendered":"<h6>Die f\u00fcnfte Jahreszeit \u2013 Eindr\u00fccke aus K\u00f6lner und Norddeutscher Sicht<\/h6>\n<p>Was haltet Ihr denn so vom Karneval? Feiert Ihr begeistert mit? Oder k\u00f6nnt Ihr damit gar nichts anfangen? Verreist Ihr vielleicht lieber in der Zeit?<\/p>\n<p>Wir zwei Bloggerinnen haben eine ganz unterschiedliche Sicht auf dieses Ereignis. Was wohl haupts\u00e4chlich durch unsere Wohnorte begr\u00fcndet ist. K\u00f6ln und Hamburg sind da schon sehr unterschiedlich.<\/p>\n<h6><a href=\"https:\/\/leckerekekse.de\/wordpress\/wp-content\/uploads\/2015\/02\/CCF12022015_00000.jpg\"><img loading=\"lazy\" decoding=\"async\" class=\"alignleft size-medium wp-image-1838\" src=\"https:\/\/leckerekekse.de\/wordpress\/wp-content\/uploads\/2015\/02\/CCF12022015_00000-141x300.jpg\" alt=\"Clown\" width=\"141\" height=\"300\" srcset=\"https:\/\/leckerekekse.de\/wordpress\/wp-content\/uploads\/2015\/02\/CCF12022015_00000-141x300.jpg 141w, https:\/\/leckerekekse.de\/wordpress\/wp-content\/uploads\/2015\/02\/CCF12022015_00000.jpg 376w\" sizes=\"auto, (max-width: 141px) 100vw, 141px\" \/><\/a>Ein paar Impressionen zum K\u00f6lner Karneval<\/h6>\n<p>Ich bin ein k\u00f6lsches M\u00e4dche. Oder zumindest bin ich in K\u00f6ln geboren, wenn auch auf der falschen Rheinseite, und habe fast immer hier gewohnt. Als Kind war Karneval (man darf in K\u00f6ln nie, wirklich niemals \u201eFasching\u201c sagen) einer meiner Jahresh\u00f6hepunkte, denn ich liebte es mich zu verkleiden. Karneval geht in K\u00f6ln vom Elften im Elften und erst Aschermittwoch ist, bis auf das traditionelle Aschekreuz und Fischessen, alles vorbei. <!--more--> <a href=\"https:\/\/leckerekekse.de\/wordpress\/wp-content\/uploads\/2015\/02\/CCF12022015_00001.jpg\"><img loading=\"lazy\" decoding=\"async\" class=\"alignright wp-image-1839 size-medium\" src=\"https:\/\/leckerekekse.de\/wordpress\/wp-content\/uploads\/2015\/02\/CCF12022015_00001-228x300.jpg\" alt=\"Prinzessin\" width=\"228\" height=\"300\" srcset=\"https:\/\/leckerekekse.de\/wordpress\/wp-content\/uploads\/2015\/02\/CCF12022015_00001-228x300.jpg 228w, https:\/\/leckerekekse.de\/wordpress\/wp-content\/uploads\/2015\/02\/CCF12022015_00001.jpg 608w\" sizes=\"auto, (max-width: 228px) 100vw, 228px\" \/><\/a><\/p>\n<p>Mein erstes Weiberfastnacht in der K\u00f6lner Altstadt war auch mein letztes dort. Ich war s\u00fc\u00dfe 16 und machte mich nach der Schule (in K\u00f6lner Schulen wird meistens eine Feier in der Klasse oder mit der ganzen Schule gemacht, so bis 12 Uhr) mit meinen Freundinnen auf ins tolle Leben. Bereits Mittags um Eins lagen die ersten Besoffenen in der Gosse, oft in eigenen K\u00f6rperfl\u00fcssigkeiten. Schon damals musste ich feststellen: ohne Alkohol geht irgendwie gar nichts. Und deshalb bin ich bis heute kein Karnevalsfreund. Mir fehlen dazu zwei grundlegende Voraussetzungen: ich mag weder Bier noch Karnevalsmusik. Und n\u00fcchtern kann man das nicht aushalten, und in einer K\u00f6lner Kneipe an Weiberfastnacht etwas anderes zu trinken zu bekommen ist fast unm\u00f6glich (wenn man es nach langem anstehen \u00fcberhaupt hinein geschafft hat. Man muss immer sehr fr\u00fch da sein und darf die Lokalit\u00e4t nicht wechseln).<\/p>\n<p>Der Rosenmontagszug in K\u00f6ln ist schon ein \u00fcberw\u00e4ltigendes Ereignis. \u00dcber Stunden zieht sich der riesige Lindwurm durch die Stra\u00dfen. Die begeisterte Masse steht bei jedem Wetter in 10-20iger Reihen am kilometerlangen Zugweg. Nicht nur Touristen stehen dort, auch viel aus K\u00f6ln und Umgebung. Der Kenner besucht den Schull- un Veedelsz\u00f6ch, der am Tag vorher stattfindet.<br \/>\n<a href=\"https:\/\/leckerekekse.de\/wordpress\/wp-content\/uploads\/2015\/02\/CCF12022015_00003.jpg\"><img loading=\"lazy\" decoding=\"async\" class=\"alignleft size-medium wp-image-1841\" src=\"https:\/\/leckerekekse.de\/wordpress\/wp-content\/uploads\/2015\/02\/CCF12022015_00003-168x300.jpg\" alt=\"Cowgirl\" width=\"168\" height=\"300\" srcset=\"https:\/\/leckerekekse.de\/wordpress\/wp-content\/uploads\/2015\/02\/CCF12022015_00003-168x300.jpg 168w, https:\/\/leckerekekse.de\/wordpress\/wp-content\/uploads\/2015\/02\/CCF12022015_00003.jpg 450w\" sizes=\"auto, (max-width: 168px) 100vw, 168px\" \/><\/a><\/p>\n<p>Au\u00dferdem hat jedes Viertel und Stadtteil seinen eigenen Zug. Ich wohne immer noch auf der falschen Rheinseite, was die rechte ist (K\u00f6lner Logik). Genauer gesagt in Porz. Dort gibt es auch mehrere Z\u00fcge. So am Sonntag den \u201ePorzer\u201c mit ca. 45000 Zuschauern. Und zum Beispiel am Samstag den \u201eWahner Zug\u201c. Da gehen wir hin seit wir Kinder haben. Dieser Zug ist klein, ca. 80 Gruppen und Wagen, dauert eine gute Stunde, wenn man ihn als Zuschauer an sich vorbeiziehen l\u00e4sst.<br \/>\nWir gehen mit ein paar anderen Familien (zwei aus Hamburg!) dorthin, haben ein F\u00e4sschen, Tisch und ein Picknick dabei (auch hier muss man mindestens eine Stunde vor Beginn am Zugweg stehen, sonst steht man in der dritten Reihe\u2026) und haben viel Spa\u00df.<br \/>\nAm Zug werde ich, als Karnevalshasserin, zum Tier. Ich schreie nach Kamelle und Str\u00fcssjer, springe, grabsche, singe. In jeder dritten Gruppe kenne ich jemanden, kreische wie irre den Namen und werde mit Pralinen, Stofftieren und Blumen belohnt. Und alle zusammen rufen wir beim Wagen von Guido Cantz (der wohnt hier im die Ecke) \u201eGuido, ich will ein Kind von Dir\u201c.<br \/>\nNach dem Zug beruhige ich mich wieder und wir laufen schnell nach Hause, weil alle auf die Toilette m\u00fcssen. Dann gibt es hei\u00dfe Suppe und die Kinder leeren ihre vielen Taschen mit Kamelle aus, tauschen und freuen sich.<br \/>\n<a href=\"https:\/\/leckerekekse.de\/wordpress\/wp-content\/uploads\/2015\/02\/CCF12022015_00002.jpg\"><img loading=\"lazy\" decoding=\"async\" class=\"alignright wp-image-1840 size-medium\" src=\"https:\/\/leckerekekse.de\/wordpress\/wp-content\/uploads\/2015\/02\/CCF12022015_00002-177x300.jpg\" alt=\"Pirat\" width=\"177\" height=\"300\" srcset=\"https:\/\/leckerekekse.de\/wordpress\/wp-content\/uploads\/2015\/02\/CCF12022015_00002-177x300.jpg 177w, https:\/\/leckerekekse.de\/wordpress\/wp-content\/uploads\/2015\/02\/CCF12022015_00002.jpg 472w\" sizes=\"auto, (max-width: 177px) 100vw, 177px\" \/><\/a><\/p>\n<p>Ein sch\u00f6ner Brauch ist auch die Nubbelverbrennung. Der Nubbel ist eine Strohpuppe, die f\u00fcr die S\u00fcnden, die wir alle w\u00e4hrend der tollen Tage begannen haben, am Ende verbrannt wird. In einem Jahr hatten wir Stunk-Sitzungskarten f\u00fcr den Veilchendienstag mit anschlie\u00dfender Nubbelverbrennung. Das war sehr stimmungsvoll, mit ruhigen Liedern und gro\u00dfem Feuer. In der S\u00fcdstadt habe ich mal eine Veranstaltung besucht, da mussten wir b\u00fc\u00dfend auf der Stra\u00dfe knien und wurden mit Wasser von einer Klob\u00fcrste gesegnet. War sehr lustig.<\/p>\n<p>Beim K\u00f6lner Karneval ist alles erlaubt (nat\u00fcrlich au\u00dfer Helau sagen und nach D\u00fcsseldorf fahren) was Spa\u00df macht. Jedes Jahr will ich fl\u00fcchten und bin dann doch ganz froh, dass ich geblieben bin.<\/p>\n<p>In diesem Sinne rufe ich ein dreifaches \u201eK\u00f6lle Alaaf\u201c!<\/p>\n<p>\u264c<\/p>\n","protected":false},"excerpt":{"rendered":"<p>Die f\u00fcnfte Jahreszeit \u2013 Eindr\u00fccke aus K\u00f6lner und Norddeutscher Sicht Was haltet Ihr denn so vom Karneval? Feiert Ihr begeistert mit? Oder k\u00f6nnt Ihr damit gar nichts anfangen? Verreist Ihr vielleicht lieber in der Zeit? Wir zwei Bloggerinnen haben eine ganz unterschiedliche Sicht auf dieses Ereignis. Was wohl haupts\u00e4chlich durch unsere Wohnorte begr\u00fcndet ist. K\u00f6ln [&hellip;]<\/p>\n","protected":false},"author":2,"featured_media":1838,"comment_status":"open","ping_status":"open","sticky":false,"template":"","format":"standard","meta":{"footnotes":""},"categories":[1,19],"tags":[281],"class_list":["post-1837","post","type-post","status-publish","format-standard","has-post-thumbnail","hentry","category-allgemein","category-veranstaltungen","tag-karneval"],"yoast_head":"<!-- This site is optimized with the Yoast SEO plugin v27.5 - https:\/\/yoast.com\/product\/yoast-seo-wordpress\/ -->\n<title>Karneval \u2013 Eindr\u00fccke aus K\u00f6lner Sicht | Leckere Kekse &amp; mehr<\/title>\n<meta name=\"description\" content=\"Karneval aus K\u00f6lner Sicht. Ein paar Namerkungen zum k\u00f6lner Karneval und wie wichtig dort die 5. Jahreszeit ist. Von jemanden, der kein Karnevalist ist.\" \/>\n<meta name=\"robots\" content=\"index, follow, max-snippet:-1, max-image-preview:large, max-video-preview:-1\" \/>\n<link rel=\"canonical\" href=\"https:\/\/leckerekekse.de\/wordpress\/karneval-eindruecke-aus-koelner-sicht\/\" \/>\n<meta property=\"og:locale\" content=\"de_DE\" \/>\n<meta property=\"og:type\" content=\"article\" \/>\n<meta property=\"og:title\" content=\"Karneval \u2013 Eindr\u00fccke aus K\u00f6lner Sicht | Leckere Kekse &amp; mehr\" \/>\n<meta property=\"og:description\" content=\"Karneval aus K\u00f6lner Sicht. Ein paar Namerkungen zum k\u00f6lner Karneval und wie wichtig dort die 5. Jahreszeit ist. Von jemanden, der kein Karnevalist ist.\" \/>\n<meta property=\"og:url\" content=\"https:\/\/leckerekekse.de\/wordpress\/karneval-eindruecke-aus-koelner-sicht\/\" \/>\n<meta property=\"og:site_name\" content=\"Leckere Kekse &amp; mehr\" \/>\n<meta property=\"article:published_time\" content=\"2015-02-14T06:02:48+00:00\" \/>\n<meta property=\"article:modified_time\" content=\"2015-02-14T06:14:27+00:00\" \/>\n<meta property=\"og:image\" content=\"https:\/\/leckerekekse.de\/wordpress\/wp-content\/uploads\/2015\/02\/CCF12022015_00000.jpg\" \/>\n\t<meta property=\"og:image:width\" content=\"376\" \/>\n\t<meta property=\"og:image:height\" content=\"800\" \/>\n\t<meta property=\"og:image:type\" content=\"image\/jpeg\" \/>\n<meta name=\"author\" content=\"Buchlieberin\" \/>\n<meta name=\"twitter:label1\" content=\"Verfasst von\" \/>\n\t<meta name=\"twitter:data1\" content=\"Buchlieberin\" \/>\n\t<meta name=\"twitter:label2\" content=\"Gesch\u00e4tzte Lesezeit\" \/>\n\t<meta name=\"twitter:data2\" content=\"4\u00a0Minuten\" \/>\n<script type=\"application\/ld+json\" class=\"yoast-schema-graph\">{\"@context\":\"https:\\\/\\\/schema.org\",\"@graph\":[{\"@type\":\"Article\",\"@id\":\"https:\\\/\\\/leckerekekse.de\\\/wordpress\\\/karneval-eindruecke-aus-koelner-sicht\\\/#article\",\"isPartOf\":{\"@id\":\"https:\\\/\\\/leckerekekse.de\\\/wordpress\\\/karneval-eindruecke-aus-koelner-sicht\\\/\"},\"author\":{\"name\":\"Buchlieberin\",\"@id\":\"https:\\\/\\\/leckerekekse.de\\\/wordpress\\\/#\\\/schema\\\/person\\\/aeca9a159c2be36b9bce9092b38c13c8\"},\"headline\":\"Karneval \u2013 Eindr\u00fccke aus K\u00f6lner Sicht\",\"datePublished\":\"2015-02-14T06:02:48+00:00\",\"dateModified\":\"2015-02-14T06:14:27+00:00\",\"mainEntityOfPage\":{\"@id\":\"https:\\\/\\\/leckerekekse.de\\\/wordpress\\\/karneval-eindruecke-aus-koelner-sicht\\\/\"},\"wordCount\":729,\"commentCount\":1,\"publisher\":{\"@id\":\"https:\\\/\\\/leckerekekse.de\\\/wordpress\\\/#\\\/schema\\\/person\\\/6e4b2658514a3b7423a1f323400bdc1b\"},\"image\":{\"@id\":\"https:\\\/\\\/leckerekekse.de\\\/wordpress\\\/karneval-eindruecke-aus-koelner-sicht\\\/#primaryimage\"},\"thumbnailUrl\":\"https:\\\/\\\/leckerekekse.de\\\/wordpress\\\/wp-content\\\/uploads\\\/2015\\\/02\\\/CCF12022015_00000.jpg\",\"keywords\":[\"Karneval\"],\"articleSection\":{\"1\":\"Veranstaltungen\"},\"inLanguage\":\"de\",\"potentialAction\":[{\"@type\":\"CommentAction\",\"name\":\"Comment\",\"target\":[\"https:\\\/\\\/leckerekekse.de\\\/wordpress\\\/karneval-eindruecke-aus-koelner-sicht\\\/#respond\"]}]},{\"@type\":\"WebPage\",\"@id\":\"https:\\\/\\\/leckerekekse.de\\\/wordpress\\\/karneval-eindruecke-aus-koelner-sicht\\\/\",\"url\":\"https:\\\/\\\/leckerekekse.de\\\/wordpress\\\/karneval-eindruecke-aus-koelner-sicht\\\/\",\"name\":\"Karneval \u2013 Eindr\u00fccke aus K\u00f6lner Sicht | Leckere Kekse &amp; mehr\",\"isPartOf\":{\"@id\":\"https:\\\/\\\/leckerekekse.de\\\/wordpress\\\/#website\"},\"primaryImageOfPage\":{\"@id\":\"https:\\\/\\\/leckerekekse.de\\\/wordpress\\\/karneval-eindruecke-aus-koelner-sicht\\\/#primaryimage\"},\"image\":{\"@id\":\"https:\\\/\\\/leckerekekse.de\\\/wordpress\\\/karneval-eindruecke-aus-koelner-sicht\\\/#primaryimage\"},\"thumbnailUrl\":\"https:\\\/\\\/leckerekekse.de\\\/wordpress\\\/wp-content\\\/uploads\\\/2015\\\/02\\\/CCF12022015_00000.jpg\",\"datePublished\":\"2015-02-14T06:02:48+00:00\",\"dateModified\":\"2015-02-14T06:14:27+00:00\",\"description\":\"Karneval aus K\u00f6lner Sicht. Ein paar Namerkungen zum k\u00f6lner Karneval und wie wichtig dort die 5. Jahreszeit ist. Von jemanden, der kein Karnevalist ist.\",\"breadcrumb\":{\"@id\":\"https:\\\/\\\/leckerekekse.de\\\/wordpress\\\/karneval-eindruecke-aus-koelner-sicht\\\/#breadcrumb\"},\"inLanguage\":\"de\",\"potentialAction\":[{\"@type\":\"ReadAction\",\"target\":[\"https:\\\/\\\/leckerekekse.de\\\/wordpress\\\/karneval-eindruecke-aus-koelner-sicht\\\/\"]}]},{\"@type\":\"ImageObject\",\"inLanguage\":\"de\",\"@id\":\"https:\\\/\\\/leckerekekse.de\\\/wordpress\\\/karneval-eindruecke-aus-koelner-sicht\\\/#primaryimage\",\"url\":\"https:\\\/\\\/leckerekekse.de\\\/wordpress\\\/wp-content\\\/uploads\\\/2015\\\/02\\\/CCF12022015_00000.jpg\",\"contentUrl\":\"https:\\\/\\\/leckerekekse.de\\\/wordpress\\\/wp-content\\\/uploads\\\/2015\\\/02\\\/CCF12022015_00000.jpg\",\"width\":376,\"height\":800},{\"@type\":\"BreadcrumbList\",\"@id\":\"https:\\\/\\\/leckerekekse.de\\\/wordpress\\\/karneval-eindruecke-aus-koelner-sicht\\\/#breadcrumb\",\"itemListElement\":[{\"@type\":\"ListItem\",\"position\":1,\"name\":\"Home\",\"item\":\"https:\\\/\\\/leckerekekse.de\\\/wordpress\\\/\"},{\"@type\":\"ListItem\",\"position\":2,\"name\":\"Karneval \u2013 Eindr\u00fccke aus K\u00f6lner Sicht\"}]},{\"@type\":\"WebSite\",\"@id\":\"https:\\\/\\\/leckerekekse.de\\\/wordpress\\\/#website\",\"url\":\"https:\\\/\\\/leckerekekse.de\\\/wordpress\\\/\",\"name\":\"Leckere Kekse &amp; mehr\",\"description\":\"Kekse backen, B\u00fccher lesen und mehr\",\"publisher\":{\"@id\":\"https:\\\/\\\/leckerekekse.de\\\/wordpress\\\/#\\\/schema\\\/person\\\/6e4b2658514a3b7423a1f323400bdc1b\"},\"potentialAction\":[{\"@type\":\"SearchAction\",\"target\":{\"@type\":\"EntryPoint\",\"urlTemplate\":\"https:\\\/\\\/leckerekekse.de\\\/wordpress\\\/?s={search_term_string}\"},\"query-input\":{\"@type\":\"PropertyValueSpecification\",\"valueRequired\":true,\"valueName\":\"search_term_string\"}}],\"inLanguage\":\"de\"},{\"@type\":[\"Person\",\"Organization\"],\"@id\":\"https:\\\/\\\/leckerekekse.de\\\/wordpress\\\/#\\\/schema\\\/person\\\/6e4b2658514a3b7423a1f323400bdc1b\",\"name\":\"Astrid\",\"logo\":{\"@id\":\"https:\\\/\\\/leckerekekse.de\\\/wordpress\\\/#\\\/schema\\\/person\\\/image\\\/\"},\"sameAs\":[\"https:\\\/\\\/leckerekekse.de\\\/wordpress\"]},{\"@type\":\"Person\",\"@id\":\"https:\\\/\\\/leckerekekse.de\\\/wordpress\\\/#\\\/schema\\\/person\\\/aeca9a159c2be36b9bce9092b38c13c8\",\"name\":\"Buchlieberin\",\"sameAs\":[\"https:\\\/\\\/leckerekekse.de\\\/wordpress\"]}]}<\/script>\n<!-- \/ Yoast SEO plugin. -->","yoast_head_json":{"title":"Karneval \u2013 Eindr\u00fccke aus K\u00f6lner Sicht | Leckere Kekse &amp; mehr","description":"Karneval aus K\u00f6lner Sicht. Ein paar Namerkungen zum k\u00f6lner Karneval und wie wichtig dort die 5. Jahreszeit ist. Von jemanden, der kein Karnevalist ist.","robots":{"index":"index","follow":"follow","max-snippet":"max-snippet:-1","max-image-preview":"max-image-preview:large","max-video-preview":"max-video-preview:-1"},"canonical":"https:\/\/leckerekekse.de\/wordpress\/karneval-eindruecke-aus-koelner-sicht\/","og_locale":"de_DE","og_type":"article","og_title":"Karneval \u2013 Eindr\u00fccke aus K\u00f6lner Sicht | Leckere Kekse &amp; mehr","og_description":"Karneval aus K\u00f6lner Sicht. Ein paar Namerkungen zum k\u00f6lner Karneval und wie wichtig dort die 5. Jahreszeit ist. Von jemanden, der kein Karnevalist ist.","og_url":"https:\/\/leckerekekse.de\/wordpress\/karneval-eindruecke-aus-koelner-sicht\/","og_site_name":"Leckere Kekse &amp; mehr","article_published_time":"2015-02-14T06:02:48+00:00","article_modified_time":"2015-02-14T06:14:27+00:00","og_image":[{"width":376,"height":800,"url":"https:\/\/leckerekekse.de\/wordpress\/wp-content\/uploads\/2015\/02\/CCF12022015_00000.jpg","type":"image\/jpeg"}],"author":"Buchlieberin","twitter_misc":{"Verfasst von":"Buchlieberin","Gesch\u00e4tzte Lesezeit":"4\u00a0Minuten"},"schema":{"@context":"https:\/\/schema.org","@graph":[{"@type":"Article","@id":"https:\/\/leckerekekse.de\/wordpress\/karneval-eindruecke-aus-koelner-sicht\/#article","isPartOf":{"@id":"https:\/\/leckerekekse.de\/wordpress\/karneval-eindruecke-aus-koelner-sicht\/"},"author":{"name":"Buchlieberin","@id":"https:\/\/leckerekekse.de\/wordpress\/#\/schema\/person\/aeca9a159c2be36b9bce9092b38c13c8"},"headline":"Karneval \u2013 Eindr\u00fccke aus K\u00f6lner Sicht","datePublished":"2015-02-14T06:02:48+00:00","dateModified":"2015-02-14T06:14:27+00:00","mainEntityOfPage":{"@id":"https:\/\/leckerekekse.de\/wordpress\/karneval-eindruecke-aus-koelner-sicht\/"},"wordCount":729,"commentCount":1,"publisher":{"@id":"https:\/\/leckerekekse.de\/wordpress\/#\/schema\/person\/6e4b2658514a3b7423a1f323400bdc1b"},"image":{"@id":"https:\/\/leckerekekse.de\/wordpress\/karneval-eindruecke-aus-koelner-sicht\/#primaryimage"},"thumbnailUrl":"https:\/\/leckerekekse.de\/wordpress\/wp-content\/uploads\/2015\/02\/CCF12022015_00000.jpg","keywords":["Karneval"],"articleSection":{"1":"Veranstaltungen"},"inLanguage":"de","potentialAction":[{"@type":"CommentAction","name":"Comment","target":["https:\/\/leckerekekse.de\/wordpress\/karneval-eindruecke-aus-koelner-sicht\/#respond"]}]},{"@type":"WebPage","@id":"https:\/\/leckerekekse.de\/wordpress\/karneval-eindruecke-aus-koelner-sicht\/","url":"https:\/\/leckerekekse.de\/wordpress\/karneval-eindruecke-aus-koelner-sicht\/","name":"Karneval \u2013 Eindr\u00fccke aus K\u00f6lner Sicht | Leckere Kekse &amp; mehr","isPartOf":{"@id":"https:\/\/leckerekekse.de\/wordpress\/#website"},"primaryImageOfPage":{"@id":"https:\/\/leckerekekse.de\/wordpress\/karneval-eindruecke-aus-koelner-sicht\/#primaryimage"},"image":{"@id":"https:\/\/leckerekekse.de\/wordpress\/karneval-eindruecke-aus-koelner-sicht\/#primaryimage"},"thumbnailUrl":"https:\/\/leckerekekse.de\/wordpress\/wp-content\/uploads\/2015\/02\/CCF12022015_00000.jpg","datePublished":"2015-02-14T06:02:48+00:00","dateModified":"2015-02-14T06:14:27+00:00","description":"Karneval aus K\u00f6lner Sicht. Ein paar Namerkungen zum k\u00f6lner Karneval und wie wichtig dort die 5. Jahreszeit ist. Von jemanden, der kein Karnevalist ist.","breadcrumb":{"@id":"https:\/\/leckerekekse.de\/wordpress\/karneval-eindruecke-aus-koelner-sicht\/#breadcrumb"},"inLanguage":"de","potentialAction":[{"@type":"ReadAction","target":["https:\/\/leckerekekse.de\/wordpress\/karneval-eindruecke-aus-koelner-sicht\/"]}]},{"@type":"ImageObject","inLanguage":"de","@id":"https:\/\/leckerekekse.de\/wordpress\/karneval-eindruecke-aus-koelner-sicht\/#primaryimage","url":"https:\/\/leckerekekse.de\/wordpress\/wp-content\/uploads\/2015\/02\/CCF12022015_00000.jpg","contentUrl":"https:\/\/leckerekekse.de\/wordpress\/wp-content\/uploads\/2015\/02\/CCF12022015_00000.jpg","width":376,"height":800},{"@type":"BreadcrumbList","@id":"https:\/\/leckerekekse.de\/wordpress\/karneval-eindruecke-aus-koelner-sicht\/#breadcrumb","itemListElement":[{"@type":"ListItem","position":1,"name":"Home","item":"https:\/\/leckerekekse.de\/wordpress\/"},{"@type":"ListItem","position":2,"name":"Karneval \u2013 Eindr\u00fccke aus K\u00f6lner Sicht"}]},{"@type":"WebSite","@id":"https:\/\/leckerekekse.de\/wordpress\/#website","url":"https:\/\/leckerekekse.de\/wordpress\/","name":"Leckere Kekse &amp; mehr","description":"Kekse backen, B\u00fccher lesen und mehr","publisher":{"@id":"https:\/\/leckerekekse.de\/wordpress\/#\/schema\/person\/6e4b2658514a3b7423a1f323400bdc1b"},"potentialAction":[{"@type":"SearchAction","target":{"@type":"EntryPoint","urlTemplate":"https:\/\/leckerekekse.de\/wordpress\/?s={search_term_string}"},"query-input":{"@type":"PropertyValueSpecification","valueRequired":true,"valueName":"search_term_string"}}],"inLanguage":"de"},{"@type":["Person","Organization"],"@id":"https:\/\/leckerekekse.de\/wordpress\/#\/schema\/person\/6e4b2658514a3b7423a1f323400bdc1b","name":"Astrid","logo":{"@id":"https:\/\/leckerekekse.de\/wordpress\/#\/schema\/person\/image\/"},"sameAs":["https:\/\/leckerekekse.de\/wordpress"]},{"@type":"Person","@id":"https:\/\/leckerekekse.de\/wordpress\/#\/schema\/person\/aeca9a159c2be36b9bce9092b38c13c8","name":"Buchlieberin","sameAs":["https:\/\/leckerekekse.de\/wordpress"]}]}},"_links":{"self":[{"href":"https:\/\/leckerekekse.de\/wordpress\/wp-json\/wp\/v2\/posts\/1837","targetHints":{"allow":["GET"]}}],"collection":[{"href":"https:\/\/leckerekekse.de\/wordpress\/wp-json\/wp\/v2\/posts"}],"about":[{"href":"https:\/\/leckerekekse.de\/wordpress\/wp-json\/wp\/v2\/types\/post"}],"author":[{"embeddable":true,"href":"https:\/\/leckerekekse.de\/wordpress\/wp-json\/wp\/v2\/users\/2"}],"replies":[{"embeddable":true,"href":"https:\/\/leckerekekse.de\/wordpress\/wp-json\/wp\/v2\/comments?post=1837"}],"version-history":[{"count":9,"href":"https:\/\/leckerekekse.de\/wordpress\/wp-json\/wp\/v2\/posts\/1837\/revisions"}],"predecessor-version":[{"id":1866,"href":"https:\/\/leckerekekse.de\/wordpress\/wp-json\/wp\/v2\/posts\/1837\/revisions\/1866"}],"wp:featuredmedia":[{"embeddable":true,"href":"https:\/\/leckerekekse.de\/wordpress\/wp-json\/wp\/v2\/media\/1838"}],"wp:attachment":[{"href":"https:\/\/leckerekekse.de\/wordpress\/wp-json\/wp\/v2\/media?parent=1837"}],"wp:term":[{"taxonomy":"category","embeddable":true,"href":"https:\/\/leckerekekse.de\/wordpress\/wp-json\/wp\/v2\/categories?post=1837"},{"taxonomy":"post_tag","embeddable":true,"href":"https:\/\/leckerekekse.de\/wordpress\/wp-json\/wp\/v2\/tags?post=1837"}],"curies":[{"name":"wp","href":"https:\/\/api.w.org\/{rel}","templated":true}]}}