{"id":1847,"date":"2015-02-15T08:28:56","date_gmt":"2015-02-15T06:28:56","guid":{"rendered":"http:\/\/leckerekekse.de\/wordpress\/?p=1847"},"modified":"2015-02-14T08:11:33","modified_gmt":"2015-02-14T06:11:33","slug":"einblicke-den-koelner-karneval-aus-norddeutscher-sicht","status":"publish","type":"post","link":"https:\/\/leckerekekse.de\/wordpress\/einblicke-den-koelner-karneval-aus-norddeutscher-sicht\/","title":{"rendered":"Einblicke in den K\u00f6lner Karneval aus norddeutscher Sicht!"},"content":{"rendered":"<p>Gestern hat Silvia <a href=\"https:\/\/leckerekekse.de\/wordpress\/karneval-eindruecke-aus-koelner-sicht\/\" target=\"_blank\">hier<\/a> ein wenig \u00fcber den K\u00f6lner Karneval erz\u00e4hlt. Heute bin ich dran Euch meine Sicht auf den Karneval zu schildern.<\/p>\n<p>Als Norddeutsche zog es mich f\u00fcr einige Jahre nach K\u00f6ln. Als Kind hatte ich nur im Sportverein und in der Schule Kontakt mit Fasching \u2013 wie die Norddeutschen sagen. Fasching bestand aus einem Tag \u2013 Rosenmontag. Mein Umzug nach K\u00f6ln fand irgendwann im Januar statt. Also schon in der Karnevalszeit. Da ich anfangs noch auf Jobsuche war, hatte ich keinen n\u00e4heren Kontakt zu K\u00f6lnern und auch noch keinen Zugang zum Karneval.<\/p>\n<p><img loading=\"lazy\" decoding=\"async\" class=\"aligncenter size-full wp-image-1852\" src=\"https:\/\/leckerekekse.de\/wordpress\/wp-content\/uploads\/2015\/02\/Kalender-rosenmontag.jpg\" alt=\"Rosenmontag leckerekekse-blog\" width=\"640\" height=\"427\" srcset=\"https:\/\/leckerekekse.de\/wordpress\/wp-content\/uploads\/2015\/02\/Kalender-rosenmontag.jpg 640w, https:\/\/leckerekekse.de\/wordpress\/wp-content\/uploads\/2015\/02\/Kalender-rosenmontag-300x200.jpg 300w\" sizes=\"auto, (max-width: 640px) 100vw, 640px\" \/><\/p>\n<p>Im Februar kam mich eine Freundin aus dem Norden besuchen und wir hatten vor, shoppen zu gehen. Dass ausgerechnet Weiberfastnacht war und was das genau bedeutete, davon hatte ich keinen blassen Schimmer. Wir fuhren in die K\u00f6lner Innenstadt und trauten unseren Augen nicht. Ich hatte in meinem Leben noch nie so viele verkleidete Erwachsene gesehen und die Gesch\u00e4fte \u2013 hatten geschlossen! Unverrichteter Dinge fuhren wir zur\u00fcck nach Hause und wunderten uns. \u00dcber diese Geschichte hat sich \u00fcbrigens sp\u00e4ter jeder K\u00f6lner halb schlappgelacht. An Weiberfastnacht shoppen gehen \u2013 wer kommt nur auf die Idee!<\/p>\n<p><!--more--><\/p>\n<p>Bei uns im Norden gab es im Fernsehen den Rosenmontagsumzug, den kannte ich. Dass aber in jedem Stadtteil und Vorort noch ein eigener Umzug stattfindet, merkte ich erst vor Ort. Meine damalige Wohnung lag sehr zentral und dass es dort direkt vor meiner Haust\u00fcr einen eigenen Zug gab, das merkte ich erst auf dem Nachhauseweg mit dem Auto &#8211; die Stra\u00dfen drum herum waren alle gesperrt. Ich mu\u00dfte zu Fu\u00df nach Hause laufen!<\/p>\n<p>Als ich einen Job gefunden hatte, hatte ich pl\u00f6tzlich sehr viele nette Menschen um mich rum, die mir das Geheimnis um Karneval n\u00e4her brachten. St\u00e4ndig lernte ich etwas dazu. Dinge, von denen ich zuvor nie geh\u00f6rt hatte. Nubbelverbrennung, Fastelovend, Stuncksitzung, Dreigestirn, Karnevalssession, Karnevalsbands und -lieder und noch vieles andere.<\/p>\n<p><img loading=\"lazy\" decoding=\"async\" class=\"aligncenter size-full wp-image-1856\" src=\"https:\/\/leckerekekse.de\/wordpress\/wp-content\/uploads\/2015\/02\/Liste-Karneval.jpg\" alt=\"liste karneval leckerekekse-blog\" width=\"640\" height=\"427\" srcset=\"https:\/\/leckerekekse.de\/wordpress\/wp-content\/uploads\/2015\/02\/Liste-Karneval.jpg 640w, https:\/\/leckerekekse.de\/wordpress\/wp-content\/uploads\/2015\/02\/Liste-Karneval-300x200.jpg 300w\" sizes=\"auto, (max-width: 640px) 100vw, 640px\" \/><\/p>\n<p>Was ich gar nicht bedacht hatte, als ich nach K\u00f6ln zog, waren die freien Tage. Dort ist wirklich Ausnahmezustand und ich hatte meist von Donnerstag (Weiberfastnacht) bis Karnevalsdienstag frei. Mit ein paar wenigen \u00dcberstunden konnte man prima ein paar Tage freimachen.<\/p>\n<p>Jedes Jahr machte ich mehr und mehr an Veranstaltungen mit. Einmal war ich sogar mit Kollegen beim traditionellen Rosenmontagsumzug. Das ist eigentlich eine Touriveranstaltung und so langatmig, dass man zwischendurch schon mal gem\u00fctlich eine Pizza essen gehen kann. Im Restaurant und nicht auf die Hand!<\/p>\n<p><a href=\"https:\/\/leckerekekse.de\/wordpress\/wp-content\/uploads\/2015\/02\/guido-kanz-koeln.jpg\"><img loading=\"lazy\" decoding=\"async\" class=\"aligncenter size-full wp-image-1853\" src=\"https:\/\/leckerekekse.de\/wordpress\/wp-content\/uploads\/2015\/02\/guido-kanz-koeln.jpg\" alt=\"guido-kanz-koeln\" width=\"640\" height=\"428\" srcset=\"https:\/\/leckerekekse.de\/wordpress\/wp-content\/uploads\/2015\/02\/guido-kanz-koeln.jpg 640w, https:\/\/leckerekekse.de\/wordpress\/wp-content\/uploads\/2015\/02\/guido-kanz-koeln-300x200.jpg 300w\" sizes=\"auto, (max-width: 640px) 100vw, 640px\" \/><\/a> <img loading=\"lazy\" decoding=\"async\" class=\"aligncenter size-full wp-image-1854\" src=\"https:\/\/leckerekekse.de\/wordpress\/wp-content\/uploads\/2015\/02\/karneval-koeln.jpg\" alt=\"karneval-koeln\" width=\"640\" height=\"427\" srcset=\"https:\/\/leckerekekse.de\/wordpress\/wp-content\/uploads\/2015\/02\/karneval-koeln.jpg 640w, https:\/\/leckerekekse.de\/wordpress\/wp-content\/uploads\/2015\/02\/karneval-koeln-300x200.jpg 300w\" sizes=\"auto, (max-width: 640px) 100vw, 640px\" \/> <a href=\"https:\/\/leckerekekse.de\/wordpress\/wp-content\/uploads\/2015\/02\/koeln-ballons.jpg\"><img loading=\"lazy\" decoding=\"async\" class=\"aligncenter size-full wp-image-1855\" src=\"https:\/\/leckerekekse.de\/wordpress\/wp-content\/uploads\/2015\/02\/koeln-ballons.jpg\" alt=\"koeln-ballons\" width=\"640\" height=\"427\" srcset=\"https:\/\/leckerekekse.de\/wordpress\/wp-content\/uploads\/2015\/02\/koeln-ballons.jpg 640w, https:\/\/leckerekekse.de\/wordpress\/wp-content\/uploads\/2015\/02\/koeln-ballons-300x200.jpg 300w\" sizes=\"auto, (max-width: 640px) 100vw, 640px\" \/><\/a><\/p>\n<p>Am meisten beeindruckt und in Erinnerung geblieben, ist mir die Nubbelverbrennung. Laut Wikipedia ist \u201eder <strong>Nubbel<\/strong>, eine angekleidete mannsgro\u00dfe Strohpuppe, die Figur des S\u00fcndenbocks im rheinischen Karneval. Der Nubbel h\u00e4ngt in der Karnevalszeit \u00fcber vielen Kneipen und wird in der letzten Karnevalsnacht verbrannt.\u201c<\/p>\n<p>Es war gar nicht geplant dorthin zu gehen. Ich war mit einem Freund abends gem\u00fctlich essen in der K\u00f6lner City und auf dem Weg nach Hause waren wir pl\u00f6tzlich mitten in der Nubbelverbrennungszeremonie gelandet. \u00dcberall auf den Stra\u00dfen standen Leute zusammen, tanzten und sangen Karnevalslieder, von denen ich allm\u00e4hlich auch endlich den Text verstand. Das war richtiges G\u00e4nsehautfeeling.<\/p>\n<p>So, und bevor das ganze hier viel zu lang wird&#8230; Nun wohne ich seit etlichen Jahren in Hamburg und so oft ich es mit meiner Familie schaffe, fahren wir zum Karneval nach K\u00f6ln. Unsere Kinder haben ein ganz anderes Verst\u00e4ndnis f\u00fcr den Karneval als andere norddeutsche Kinder. Und ich werde schon mal schief angesehen, wenn ich hier mit blauen Haaren herumlaufe, weil ich es noch nicht geschafft habe, meine Verkleidung wieder ganz abzulegen.<\/p>\n<p>Und wie steht ihr zum Karneval? Gibt es vielleicht noch mehr Norddeutsche, die auch gerne Karneval feiern und keine ablehnende\/unwissende Einstellung dazu haben?<\/p>\n<p><a href=\"https:\/\/leckerekekse.de\/wordpress\/wp-content\/uploads\/2014\/08\/Symbol-moewe-2.png\"><img loading=\"lazy\" decoding=\"async\" class=\"alignleft size-full wp-image-248\" src=\"https:\/\/leckerekekse.de\/wordpress\/wp-content\/uploads\/2014\/08\/Symbol-moewe-2.png\" alt=\"Symbol-moewe-2\" width=\"40\" height=\"40\" \/><\/a><\/p>\n","protected":false},"excerpt":{"rendered":"<p>Gestern hat Silvia hier ein wenig \u00fcber den K\u00f6lner Karneval erz\u00e4hlt. Heute bin ich dran Euch meine Sicht auf den Karneval zu schildern. Als Norddeutsche zog es mich f\u00fcr einige Jahre nach K\u00f6ln. Als Kind hatte ich nur im Sportverein und in der Schule Kontakt mit Fasching \u2013 wie die Norddeutschen sagen. Fasching bestand aus [&hellip;]<\/p>\n","protected":false},"author":1,"featured_media":1852,"comment_status":"open","ping_status":"open","sticky":false,"template":"","format":"standard","meta":{"footnotes":""},"categories":[1,19],"tags":[281,282],"class_list":["post-1847","post","type-post","status-publish","format-standard","has-post-thumbnail","hentry","category-allgemein","category-veranstaltungen","tag-karneval","tag-koeln"],"yoast_head":"<!-- This site is optimized with the Yoast SEO plugin v27.5 - https:\/\/yoast.com\/product\/yoast-seo-wordpress\/ -->\n<title>Einblicke in den K\u00f6lner Karneval aus norddeutscher Sicht! | Leckere Kekse &amp; mehr<\/title>\n<meta name=\"description\" content=\"Als Norddeutsche ist der K\u00f6lner Karneval schwer zu verstehen. Es braucht schon eine Weile bis man vieles versteht.\" \/>\n<meta name=\"robots\" content=\"index, follow, max-snippet:-1, max-image-preview:large, max-video-preview:-1\" \/>\n<link rel=\"canonical\" href=\"https:\/\/leckerekekse.de\/wordpress\/einblicke-den-koelner-karneval-aus-norddeutscher-sicht\/\" \/>\n<meta property=\"og:locale\" content=\"de_DE\" \/>\n<meta property=\"og:type\" content=\"article\" \/>\n<meta property=\"og:title\" content=\"Einblicke in den K\u00f6lner Karneval aus norddeutscher Sicht! | Leckere Kekse &amp; mehr\" \/>\n<meta property=\"og:description\" content=\"Als Norddeutsche ist der K\u00f6lner Karneval schwer zu verstehen. Es braucht schon eine Weile bis man vieles versteht.\" \/>\n<meta property=\"og:url\" content=\"https:\/\/leckerekekse.de\/wordpress\/einblicke-den-koelner-karneval-aus-norddeutscher-sicht\/\" \/>\n<meta property=\"og:site_name\" content=\"Leckere Kekse &amp; mehr\" \/>\n<meta property=\"article:published_time\" content=\"2015-02-15T06:28:56+00:00\" \/>\n<meta property=\"og:image\" content=\"https:\/\/leckerekekse.de\/wordpress\/wp-content\/uploads\/2015\/02\/Kalender-rosenmontag.jpg\" \/>\n\t<meta property=\"og:image:width\" content=\"640\" \/>\n\t<meta property=\"og:image:height\" content=\"427\" \/>\n\t<meta property=\"og:image:type\" content=\"image\/jpeg\" \/>\n<meta name=\"author\" content=\"Astrid\" \/>\n<meta name=\"twitter:label1\" content=\"Verfasst von\" \/>\n\t<meta name=\"twitter:data1\" content=\"Astrid\" \/>\n\t<meta name=\"twitter:label2\" content=\"Gesch\u00e4tzte Lesezeit\" \/>\n\t<meta name=\"twitter:data2\" content=\"3\u00a0Minuten\" \/>\n<script type=\"application\/ld+json\" class=\"yoast-schema-graph\">{\"@context\":\"https:\\\/\\\/schema.org\",\"@graph\":[{\"@type\":\"Article\",\"@id\":\"https:\\\/\\\/leckerekekse.de\\\/wordpress\\\/einblicke-den-koelner-karneval-aus-norddeutscher-sicht\\\/#article\",\"isPartOf\":{\"@id\":\"https:\\\/\\\/leckerekekse.de\\\/wordpress\\\/einblicke-den-koelner-karneval-aus-norddeutscher-sicht\\\/\"},\"author\":{\"name\":\"Astrid\",\"@id\":\"https:\\\/\\\/leckerekekse.de\\\/wordpress\\\/#\\\/schema\\\/person\\\/6e4b2658514a3b7423a1f323400bdc1b\"},\"headline\":\"Einblicke in den K\u00f6lner Karneval aus norddeutscher Sicht!\",\"datePublished\":\"2015-02-15T06:28:56+00:00\",\"mainEntityOfPage\":{\"@id\":\"https:\\\/\\\/leckerekekse.de\\\/wordpress\\\/einblicke-den-koelner-karneval-aus-norddeutscher-sicht\\\/\"},\"wordCount\":631,\"commentCount\":0,\"publisher\":{\"@id\":\"https:\\\/\\\/leckerekekse.de\\\/wordpress\\\/#\\\/schema\\\/person\\\/6e4b2658514a3b7423a1f323400bdc1b\"},\"image\":{\"@id\":\"https:\\\/\\\/leckerekekse.de\\\/wordpress\\\/einblicke-den-koelner-karneval-aus-norddeutscher-sicht\\\/#primaryimage\"},\"thumbnailUrl\":\"https:\\\/\\\/leckerekekse.de\\\/wordpress\\\/wp-content\\\/uploads\\\/2015\\\/02\\\/Kalender-rosenmontag.jpg\",\"keywords\":[\"Karneval\",\"K\u00f6ln\"],\"articleSection\":{\"1\":\"Veranstaltungen\"},\"inLanguage\":\"de\",\"potentialAction\":[{\"@type\":\"CommentAction\",\"name\":\"Comment\",\"target\":[\"https:\\\/\\\/leckerekekse.de\\\/wordpress\\\/einblicke-den-koelner-karneval-aus-norddeutscher-sicht\\\/#respond\"]}]},{\"@type\":\"WebPage\",\"@id\":\"https:\\\/\\\/leckerekekse.de\\\/wordpress\\\/einblicke-den-koelner-karneval-aus-norddeutscher-sicht\\\/\",\"url\":\"https:\\\/\\\/leckerekekse.de\\\/wordpress\\\/einblicke-den-koelner-karneval-aus-norddeutscher-sicht\\\/\",\"name\":\"Einblicke in den K\u00f6lner Karneval aus norddeutscher Sicht! | Leckere Kekse &amp; mehr\",\"isPartOf\":{\"@id\":\"https:\\\/\\\/leckerekekse.de\\\/wordpress\\\/#website\"},\"primaryImageOfPage\":{\"@id\":\"https:\\\/\\\/leckerekekse.de\\\/wordpress\\\/einblicke-den-koelner-karneval-aus-norddeutscher-sicht\\\/#primaryimage\"},\"image\":{\"@id\":\"https:\\\/\\\/leckerekekse.de\\\/wordpress\\\/einblicke-den-koelner-karneval-aus-norddeutscher-sicht\\\/#primaryimage\"},\"thumbnailUrl\":\"https:\\\/\\\/leckerekekse.de\\\/wordpress\\\/wp-content\\\/uploads\\\/2015\\\/02\\\/Kalender-rosenmontag.jpg\",\"datePublished\":\"2015-02-15T06:28:56+00:00\",\"description\":\"Als Norddeutsche ist der K\u00f6lner Karneval schwer zu verstehen. Es braucht schon eine Weile bis man vieles versteht.\",\"breadcrumb\":{\"@id\":\"https:\\\/\\\/leckerekekse.de\\\/wordpress\\\/einblicke-den-koelner-karneval-aus-norddeutscher-sicht\\\/#breadcrumb\"},\"inLanguage\":\"de\",\"potentialAction\":[{\"@type\":\"ReadAction\",\"target\":[\"https:\\\/\\\/leckerekekse.de\\\/wordpress\\\/einblicke-den-koelner-karneval-aus-norddeutscher-sicht\\\/\"]}]},{\"@type\":\"ImageObject\",\"inLanguage\":\"de\",\"@id\":\"https:\\\/\\\/leckerekekse.de\\\/wordpress\\\/einblicke-den-koelner-karneval-aus-norddeutscher-sicht\\\/#primaryimage\",\"url\":\"https:\\\/\\\/leckerekekse.de\\\/wordpress\\\/wp-content\\\/uploads\\\/2015\\\/02\\\/Kalender-rosenmontag.jpg\",\"contentUrl\":\"https:\\\/\\\/leckerekekse.de\\\/wordpress\\\/wp-content\\\/uploads\\\/2015\\\/02\\\/Kalender-rosenmontag.jpg\",\"width\":640,\"height\":427,\"caption\":\"Rosenmontag leckerekekse-blog\"},{\"@type\":\"BreadcrumbList\",\"@id\":\"https:\\\/\\\/leckerekekse.de\\\/wordpress\\\/einblicke-den-koelner-karneval-aus-norddeutscher-sicht\\\/#breadcrumb\",\"itemListElement\":[{\"@type\":\"ListItem\",\"position\":1,\"name\":\"Home\",\"item\":\"https:\\\/\\\/leckerekekse.de\\\/wordpress\\\/\"},{\"@type\":\"ListItem\",\"position\":2,\"name\":\"Einblicke in den K\u00f6lner Karneval aus norddeutscher Sicht!\"}]},{\"@type\":\"WebSite\",\"@id\":\"https:\\\/\\\/leckerekekse.de\\\/wordpress\\\/#website\",\"url\":\"https:\\\/\\\/leckerekekse.de\\\/wordpress\\\/\",\"name\":\"Leckere Kekse &amp; mehr\",\"description\":\"Kekse backen, B\u00fccher lesen und mehr\",\"publisher\":{\"@id\":\"https:\\\/\\\/leckerekekse.de\\\/wordpress\\\/#\\\/schema\\\/person\\\/6e4b2658514a3b7423a1f323400bdc1b\"},\"potentialAction\":[{\"@type\":\"SearchAction\",\"target\":{\"@type\":\"EntryPoint\",\"urlTemplate\":\"https:\\\/\\\/leckerekekse.de\\\/wordpress\\\/?s={search_term_string}\"},\"query-input\":{\"@type\":\"PropertyValueSpecification\",\"valueRequired\":true,\"valueName\":\"search_term_string\"}}],\"inLanguage\":\"de\"},{\"@type\":[\"Person\",\"Organization\"],\"@id\":\"https:\\\/\\\/leckerekekse.de\\\/wordpress\\\/#\\\/schema\\\/person\\\/6e4b2658514a3b7423a1f323400bdc1b\",\"name\":\"Astrid\",\"logo\":{\"@id\":\"https:\\\/\\\/leckerekekse.de\\\/wordpress\\\/#\\\/schema\\\/person\\\/image\\\/\"},\"sameAs\":[\"https:\\\/\\\/leckerekekse.de\\\/wordpress\"]}]}<\/script>\n<!-- \/ Yoast SEO plugin. -->","yoast_head_json":{"title":"Einblicke in den K\u00f6lner Karneval aus norddeutscher Sicht! | Leckere Kekse &amp; mehr","description":"Als Norddeutsche ist der K\u00f6lner Karneval schwer zu verstehen. Es braucht schon eine Weile bis man vieles versteht.","robots":{"index":"index","follow":"follow","max-snippet":"max-snippet:-1","max-image-preview":"max-image-preview:large","max-video-preview":"max-video-preview:-1"},"canonical":"https:\/\/leckerekekse.de\/wordpress\/einblicke-den-koelner-karneval-aus-norddeutscher-sicht\/","og_locale":"de_DE","og_type":"article","og_title":"Einblicke in den K\u00f6lner Karneval aus norddeutscher Sicht! | Leckere Kekse &amp; mehr","og_description":"Als Norddeutsche ist der K\u00f6lner Karneval schwer zu verstehen. Es braucht schon eine Weile bis man vieles versteht.","og_url":"https:\/\/leckerekekse.de\/wordpress\/einblicke-den-koelner-karneval-aus-norddeutscher-sicht\/","og_site_name":"Leckere Kekse &amp; mehr","article_published_time":"2015-02-15T06:28:56+00:00","og_image":[{"width":640,"height":427,"url":"https:\/\/leckerekekse.de\/wordpress\/wp-content\/uploads\/2015\/02\/Kalender-rosenmontag.jpg","type":"image\/jpeg"}],"author":"Astrid","twitter_misc":{"Verfasst von":"Astrid","Gesch\u00e4tzte Lesezeit":"3\u00a0Minuten"},"schema":{"@context":"https:\/\/schema.org","@graph":[{"@type":"Article","@id":"https:\/\/leckerekekse.de\/wordpress\/einblicke-den-koelner-karneval-aus-norddeutscher-sicht\/#article","isPartOf":{"@id":"https:\/\/leckerekekse.de\/wordpress\/einblicke-den-koelner-karneval-aus-norddeutscher-sicht\/"},"author":{"name":"Astrid","@id":"https:\/\/leckerekekse.de\/wordpress\/#\/schema\/person\/6e4b2658514a3b7423a1f323400bdc1b"},"headline":"Einblicke in den K\u00f6lner Karneval aus norddeutscher Sicht!","datePublished":"2015-02-15T06:28:56+00:00","mainEntityOfPage":{"@id":"https:\/\/leckerekekse.de\/wordpress\/einblicke-den-koelner-karneval-aus-norddeutscher-sicht\/"},"wordCount":631,"commentCount":0,"publisher":{"@id":"https:\/\/leckerekekse.de\/wordpress\/#\/schema\/person\/6e4b2658514a3b7423a1f323400bdc1b"},"image":{"@id":"https:\/\/leckerekekse.de\/wordpress\/einblicke-den-koelner-karneval-aus-norddeutscher-sicht\/#primaryimage"},"thumbnailUrl":"https:\/\/leckerekekse.de\/wordpress\/wp-content\/uploads\/2015\/02\/Kalender-rosenmontag.jpg","keywords":["Karneval","K\u00f6ln"],"articleSection":{"1":"Veranstaltungen"},"inLanguage":"de","potentialAction":[{"@type":"CommentAction","name":"Comment","target":["https:\/\/leckerekekse.de\/wordpress\/einblicke-den-koelner-karneval-aus-norddeutscher-sicht\/#respond"]}]},{"@type":"WebPage","@id":"https:\/\/leckerekekse.de\/wordpress\/einblicke-den-koelner-karneval-aus-norddeutscher-sicht\/","url":"https:\/\/leckerekekse.de\/wordpress\/einblicke-den-koelner-karneval-aus-norddeutscher-sicht\/","name":"Einblicke in den K\u00f6lner Karneval aus norddeutscher Sicht! | Leckere Kekse &amp; mehr","isPartOf":{"@id":"https:\/\/leckerekekse.de\/wordpress\/#website"},"primaryImageOfPage":{"@id":"https:\/\/leckerekekse.de\/wordpress\/einblicke-den-koelner-karneval-aus-norddeutscher-sicht\/#primaryimage"},"image":{"@id":"https:\/\/leckerekekse.de\/wordpress\/einblicke-den-koelner-karneval-aus-norddeutscher-sicht\/#primaryimage"},"thumbnailUrl":"https:\/\/leckerekekse.de\/wordpress\/wp-content\/uploads\/2015\/02\/Kalender-rosenmontag.jpg","datePublished":"2015-02-15T06:28:56+00:00","description":"Als Norddeutsche ist der K\u00f6lner Karneval schwer zu verstehen. Es braucht schon eine Weile bis man vieles versteht.","breadcrumb":{"@id":"https:\/\/leckerekekse.de\/wordpress\/einblicke-den-koelner-karneval-aus-norddeutscher-sicht\/#breadcrumb"},"inLanguage":"de","potentialAction":[{"@type":"ReadAction","target":["https:\/\/leckerekekse.de\/wordpress\/einblicke-den-koelner-karneval-aus-norddeutscher-sicht\/"]}]},{"@type":"ImageObject","inLanguage":"de","@id":"https:\/\/leckerekekse.de\/wordpress\/einblicke-den-koelner-karneval-aus-norddeutscher-sicht\/#primaryimage","url":"https:\/\/leckerekekse.de\/wordpress\/wp-content\/uploads\/2015\/02\/Kalender-rosenmontag.jpg","contentUrl":"https:\/\/leckerekekse.de\/wordpress\/wp-content\/uploads\/2015\/02\/Kalender-rosenmontag.jpg","width":640,"height":427,"caption":"Rosenmontag leckerekekse-blog"},{"@type":"BreadcrumbList","@id":"https:\/\/leckerekekse.de\/wordpress\/einblicke-den-koelner-karneval-aus-norddeutscher-sicht\/#breadcrumb","itemListElement":[{"@type":"ListItem","position":1,"name":"Home","item":"https:\/\/leckerekekse.de\/wordpress\/"},{"@type":"ListItem","position":2,"name":"Einblicke in den K\u00f6lner Karneval aus norddeutscher Sicht!"}]},{"@type":"WebSite","@id":"https:\/\/leckerekekse.de\/wordpress\/#website","url":"https:\/\/leckerekekse.de\/wordpress\/","name":"Leckere Kekse &amp; mehr","description":"Kekse backen, B\u00fccher lesen und mehr","publisher":{"@id":"https:\/\/leckerekekse.de\/wordpress\/#\/schema\/person\/6e4b2658514a3b7423a1f323400bdc1b"},"potentialAction":[{"@type":"SearchAction","target":{"@type":"EntryPoint","urlTemplate":"https:\/\/leckerekekse.de\/wordpress\/?s={search_term_string}"},"query-input":{"@type":"PropertyValueSpecification","valueRequired":true,"valueName":"search_term_string"}}],"inLanguage":"de"},{"@type":["Person","Organization"],"@id":"https:\/\/leckerekekse.de\/wordpress\/#\/schema\/person\/6e4b2658514a3b7423a1f323400bdc1b","name":"Astrid","logo":{"@id":"https:\/\/leckerekekse.de\/wordpress\/#\/schema\/person\/image\/"},"sameAs":["https:\/\/leckerekekse.de\/wordpress"]}]}},"_links":{"self":[{"href":"https:\/\/leckerekekse.de\/wordpress\/wp-json\/wp\/v2\/posts\/1847","targetHints":{"allow":["GET"]}}],"collection":[{"href":"https:\/\/leckerekekse.de\/wordpress\/wp-json\/wp\/v2\/posts"}],"about":[{"href":"https:\/\/leckerekekse.de\/wordpress\/wp-json\/wp\/v2\/types\/post"}],"author":[{"embeddable":true,"href":"https:\/\/leckerekekse.de\/wordpress\/wp-json\/wp\/v2\/users\/1"}],"replies":[{"embeddable":true,"href":"https:\/\/leckerekekse.de\/wordpress\/wp-json\/wp\/v2\/comments?post=1847"}],"version-history":[{"count":10,"href":"https:\/\/leckerekekse.de\/wordpress\/wp-json\/wp\/v2\/posts\/1847\/revisions"}],"predecessor-version":[{"id":1864,"href":"https:\/\/leckerekekse.de\/wordpress\/wp-json\/wp\/v2\/posts\/1847\/revisions\/1864"}],"wp:featuredmedia":[{"embeddable":true,"href":"https:\/\/leckerekekse.de\/wordpress\/wp-json\/wp\/v2\/media\/1852"}],"wp:attachment":[{"href":"https:\/\/leckerekekse.de\/wordpress\/wp-json\/wp\/v2\/media?parent=1847"}],"wp:term":[{"taxonomy":"category","embeddable":true,"href":"https:\/\/leckerekekse.de\/wordpress\/wp-json\/wp\/v2\/categories?post=1847"},{"taxonomy":"post_tag","embeddable":true,"href":"https:\/\/leckerekekse.de\/wordpress\/wp-json\/wp\/v2\/tags?post=1847"}],"curies":[{"name":"wp","href":"https:\/\/api.w.org\/{rel}","templated":true}]}}