{"id":1868,"date":"2015-02-17T07:00:54","date_gmt":"2015-02-17T05:00:54","guid":{"rendered":"http:\/\/leckerekekse.de\/wordpress\/?p=1868"},"modified":"2015-02-17T11:25:07","modified_gmt":"2015-02-17T09:25:07","slug":"gipfeltreffen-koeln","status":"publish","type":"post","link":"https:\/\/leckerekekse.de\/wordpress\/gipfeltreffen-koeln\/","title":{"rendered":"Gipfeltreffen in K\u00f6ln"},"content":{"rendered":"<h5>DIY-Kost\u00fcm f\u00fcr den LeckereKekse-Blog<\/h5>\n<p>Die f\u00fchrenden Mitarbeiter des bedeutenden Blogs\u00a0<a href=\"https:\/\/leckerekekse.de\/wordpress\" target=\"_blank\">leckereKekse<\/a> f\u00fchrten am 14.02.2015 ein Gipfeltreffen in K\u00f6ln durch.<\/p>\n<p>Bei strahlendem Sonnenschein, Musik und belegten Br\u00f6tchen trafen sich Astrid und Silvia um die weitere Blog-Strategie f\u00fcr den n\u00e4chsten Monat festzulegen.<\/p>\n<p>Anl\u00e4sslich dieses historischen Ereignisses fand ein Festumzug in den Strassen von K\u00f6ln-Porz-Wahn statt. Tausende s\u00e4umten die Strassen, feierten mit Musik und Tanz.\u00a0 Damit auch das leibliche Wohl nicht zu kurz kam, wurden Lebensmittel kostenlos an alle Zuschauer verteilt.<\/p>\n<p><img loading=\"lazy\" decoding=\"async\" class=\"aligncenter size-full wp-image-1887\" src=\"https:\/\/leckerekekse.de\/wordpress\/wp-content\/uploads\/2015\/02\/leckerekekse-karneval-koeln-9.jpg\" alt=\"Kostuem leckerekekse leckerekekse-blog\" width=\"640\" height=\"428\" srcset=\"https:\/\/leckerekekse.de\/wordpress\/wp-content\/uploads\/2015\/02\/leckerekekse-karneval-koeln-9.jpg 640w, https:\/\/leckerekekse.de\/wordpress\/wp-content\/uploads\/2015\/02\/leckerekekse-karneval-koeln-9-300x200.jpg 300w\" sizes=\"auto, (max-width: 640px) 100vw, 640px\" \/><\/p>\n<p><!--more--><\/p>\n<p>Selbst k\u00f6nigliche Hoheiten, darunter Prinz, Jungfrau und Bauer des Porzer Kinderdreigestirns fanden sich ein, um das Treffen der beiden Hochleistungsbloggerinnen zu feiern.<\/p>\n<p>Ehreng\u00e4ste waren die Familien von Astrid und Silvia, sowie noch zwei andere befreundete Familien, die hier namentlich nicht genannt werden wollen. So viel sei allerdings verraten, dass auch Lone Rangerin Tina, ein Clown, ein laufender K\u00fcrbis sowie Tod und Teufel sich nicht zu schade waren, dabei zu sein. Ebenfalls waren Haustiere wie Gorilla, Katze, Eisb\u00e4r, Schlange und ein riesiges rosa Kaninchen mit von der Partie.<\/p>\n<p>Nach dem Umzug zogen sich die beiden Blog-Magnatinnen mit ihren Ehreng\u00e4sten in den Wohnsitz von Silvia zur\u00fcck und feierten bis zum n\u00e4chsten Morgen.<\/p>\n<p>Das n\u00e4chste Gipfeltreffen findet Mitte M\u00e4rz in Leipzig in den Messehallen statt.<\/p>\n<p><img loading=\"lazy\" decoding=\"async\" class=\"aligncenter size-full wp-image-1885\" src=\"https:\/\/leckerekekse.de\/wordpress\/wp-content\/uploads\/2015\/02\/leckerekekse-karneval-koeln-7.jpg\" alt=\"Karneval Hut leckerekekse-blog\" width=\"640\" height=\"264\" srcset=\"https:\/\/leckerekekse.de\/wordpress\/wp-content\/uploads\/2015\/02\/leckerekekse-karneval-koeln-7.jpg 640w, https:\/\/leckerekekse.de\/wordpress\/wp-content\/uploads\/2015\/02\/leckerekekse-karneval-koeln-7-300x123.jpg 300w\" sizes=\"auto, (max-width: 640px) 100vw, 640px\" \/><\/p>\n<div id=\"attachment_1884\" style=\"width: 650px\" class=\"wp-caption aligncenter\"><img loading=\"lazy\" decoding=\"async\" aria-describedby=\"caption-attachment-1884\" class=\"wp-image-1884 size-full\" src=\"https:\/\/leckerekekse.de\/wordpress\/wp-content\/uploads\/2015\/02\/leckerekekse-karneval-koeln-6.jpg\" alt=\"Kost\u00fcm leckerekekse-blog\" width=\"640\" height=\"428\" srcset=\"https:\/\/leckerekekse.de\/wordpress\/wp-content\/uploads\/2015\/02\/leckerekekse-karneval-koeln-6.jpg 640w, https:\/\/leckerekekse.de\/wordpress\/wp-content\/uploads\/2015\/02\/leckerekekse-karneval-koeln-6-300x200.jpg 300w\" sizes=\"auto, (max-width: 640px) 100vw, 640px\" \/><p id=\"caption-attachment-1884\" class=\"wp-caption-text\">Ist doch mal was anderes als immer nur Indianer, Clowns und Bienen<\/p><\/div>\n<p><img loading=\"lazy\" decoding=\"async\" class=\"aligncenter size-full wp-image-1883\" src=\"https:\/\/leckerekekse.de\/wordpress\/wp-content\/uploads\/2015\/02\/leckerekekse-karneval-koeln-5.jpg\" alt=\"leckerekekse-karneval-koeln-5\" width=\"480\" height=\"722\" srcset=\"https:\/\/leckerekekse.de\/wordpress\/wp-content\/uploads\/2015\/02\/leckerekekse-karneval-koeln-5.jpg 480w, https:\/\/leckerekekse.de\/wordpress\/wp-content\/uploads\/2015\/02\/leckerekekse-karneval-koeln-5-199x300.jpg 199w\" sizes=\"auto, (max-width: 480px) 100vw, 480px\" \/><\/p>\n<div id=\"attachment_1886\" style=\"width: 650px\" class=\"wp-caption aligncenter\"><img loading=\"lazy\" decoding=\"async\" aria-describedby=\"caption-attachment-1886\" class=\"size-full wp-image-1886\" src=\"https:\/\/leckerekekse.de\/wordpress\/wp-content\/uploads\/2015\/02\/leckerekekse-karneval-koeln-8.jpg\" alt=\"Kamelle!!!!!!!!!!\" width=\"640\" height=\"427\" srcset=\"https:\/\/leckerekekse.de\/wordpress\/wp-content\/uploads\/2015\/02\/leckerekekse-karneval-koeln-8.jpg 640w, https:\/\/leckerekekse.de\/wordpress\/wp-content\/uploads\/2015\/02\/leckerekekse-karneval-koeln-8-300x200.jpg 300w\" sizes=\"auto, (max-width: 640px) 100vw, 640px\" \/><p id=\"caption-attachment-1886\" class=\"wp-caption-text\">Kamelle!!!!!!!!!!<\/p><\/div>\n<div id=\"attachment_1882\" style=\"width: 490px\" class=\"wp-caption aligncenter\"><img loading=\"lazy\" decoding=\"async\" aria-describedby=\"caption-attachment-1882\" class=\"size-full wp-image-1882\" src=\"https:\/\/leckerekekse.de\/wordpress\/wp-content\/uploads\/2015\/02\/leckerekekse-karneval-koeln-4.jpg\" alt=\"Davon wurden wir eher satt!\" width=\"480\" height=\"719\" srcset=\"https:\/\/leckerekekse.de\/wordpress\/wp-content\/uploads\/2015\/02\/leckerekekse-karneval-koeln-4.jpg 480w, https:\/\/leckerekekse.de\/wordpress\/wp-content\/uploads\/2015\/02\/leckerekekse-karneval-koeln-4-200x300.jpg 200w\" sizes=\"auto, (max-width: 480px) 100vw, 480px\" \/><p id=\"caption-attachment-1882\" class=\"wp-caption-text\">Davon wurden wir eher satt!<\/p><\/div>\n<div id=\"attachment_1880\" style=\"width: 650px\" class=\"wp-caption aligncenter\"><img loading=\"lazy\" decoding=\"async\" aria-describedby=\"caption-attachment-1880\" class=\"size-full wp-image-1880\" src=\"https:\/\/leckerekekse.de\/wordpress\/wp-content\/uploads\/2015\/02\/leckerekekse-karneval-koeln-2.jpg\" alt=\"Fotografin leckerekekse-blog\" width=\"640\" height=\"427\" srcset=\"https:\/\/leckerekekse.de\/wordpress\/wp-content\/uploads\/2015\/02\/leckerekekse-karneval-koeln-2.jpg 640w, https:\/\/leckerekekse.de\/wordpress\/wp-content\/uploads\/2015\/02\/leckerekekse-karneval-koeln-2-300x200.jpg 300w\" sizes=\"auto, (max-width: 640px) 100vw, 640px\" \/><p id=\"caption-attachment-1880\" class=\"wp-caption-text\">Die Fotografin in Aktion<\/p><\/div>\n<p><img loading=\"lazy\" decoding=\"async\" class=\"aligncenter size-full wp-image-1888\" src=\"https:\/\/leckerekekse.de\/wordpress\/wp-content\/uploads\/2015\/02\/leckerekekse-karneval-koeln-10.jpg\" alt=\"leckerekekse-karneval-koeln-10\" width=\"640\" height=\"427\" srcset=\"https:\/\/leckerekekse.de\/wordpress\/wp-content\/uploads\/2015\/02\/leckerekekse-karneval-koeln-10.jpg 640w, https:\/\/leckerekekse.de\/wordpress\/wp-content\/uploads\/2015\/02\/leckerekekse-karneval-koeln-10-300x200.jpg 300w\" sizes=\"auto, (max-width: 640px) 100vw, 640px\" \/><\/p>\n<div id=\"attachment_1879\" style=\"width: 490px\" class=\"wp-caption aligncenter\"><img loading=\"lazy\" decoding=\"async\" aria-describedby=\"caption-attachment-1879\" class=\"wp-image-1879 size-full\" src=\"https:\/\/leckerekekse.de\/wordpress\/wp-content\/uploads\/2015\/02\/leckerekekse-karneval-koeln-1.jpg\" alt=\"Kost\u00fcm leckereKekse\" width=\"480\" height=\"719\" srcset=\"https:\/\/leckerekekse.de\/wordpress\/wp-content\/uploads\/2015\/02\/leckerekekse-karneval-koeln-1.jpg 480w, https:\/\/leckerekekse.de\/wordpress\/wp-content\/uploads\/2015\/02\/leckerekekse-karneval-koeln-1-200x300.jpg 200w\" sizes=\"auto, (max-width: 480px) 100vw, 480px\" \/><p id=\"caption-attachment-1879\" class=\"wp-caption-text\">Kamelle!!!<\/p><\/div>\n<p>Wie findet Ihr denn unsere LeckereKekse-Kost\u00fcme? Eigentlich wollten wir ganz anders gehen. Da es in Hamburg aber nicht so einfach ist, an Karnevalskost\u00fcme zu kommen, mu\u00dften wir anderweitig kreativ werden.<\/p>\n<div id=\"attachment_1881\" style=\"width: 650px\" class=\"wp-caption aligncenter\"><img loading=\"lazy\" decoding=\"async\" aria-describedby=\"caption-attachment-1881\" class=\"wp-image-1881 size-full\" src=\"https:\/\/leckerekekse.de\/wordpress\/wp-content\/uploads\/2015\/02\/leckerekekse-karneval-koeln-3.jpg\" alt=\"leckerekekse-karneval-koeln-3\" width=\"640\" height=\"429\" srcset=\"https:\/\/leckerekekse.de\/wordpress\/wp-content\/uploads\/2015\/02\/leckerekekse-karneval-koeln-3.jpg 640w, https:\/\/leckerekekse.de\/wordpress\/wp-content\/uploads\/2015\/02\/leckerekekse-karneval-koeln-3-300x201.jpg 300w\" sizes=\"auto, (max-width: 640px) 100vw, 640px\" \/><p id=\"caption-attachment-1881\" class=\"wp-caption-text\">Auf Filz hielt der Kleber nicht so gut<\/p><\/div>\n<p><img loading=\"lazy\" decoding=\"async\" class=\"aligncenter size-full wp-image-1889\" src=\"https:\/\/leckerekekse.de\/wordpress\/wp-content\/uploads\/2015\/02\/leckerekekse-karneval-koeln-11.jpg\" alt=\"leckerekekse-karneval-koeln-11\" width=\"480\" height=\"719\" srcset=\"https:\/\/leckerekekse.de\/wordpress\/wp-content\/uploads\/2015\/02\/leckerekekse-karneval-koeln-11.jpg 480w, https:\/\/leckerekekse.de\/wordpress\/wp-content\/uploads\/2015\/02\/leckerekekse-karneval-koeln-11-200x300.jpg 200w\" sizes=\"auto, (max-width: 480px) 100vw, 480px\" \/><\/p>\n<p>Die Kekse und das Logo haben wir mit einem Laserdrucker ausgedruckt, ausgeschnitten und mit einem Decopatch-Kleber auf den Stoff geklebt. Das hielt auf dem Stoff sehr gut. Nur auf Silvias Hut (der ist aus Filz) klappte es nicht &#8211; daher die Tesafilm-Streifen. Die kleinen pinkfarbenen Stempelkekse habe ich mit lufttrocknender Modelliermasse gemacht. Ich hatte fast das Gef\u00fchl, ich backe Kekse! Masse ausrollen, stempeln &#8211; fertig! Einen Tag an der Luft trocknen lassen und anmalen. Super Idee &#8211; vielen Dank an die nette Verk\u00e4uferin im Bastelladen, die mit mir zusammen \u00fcberlegt, abgew\u00e4gt und mir dann genau das richtige verkauft hat.<\/p>\n<p><img loading=\"lazy\" decoding=\"async\" class=\"aligncenter size-full wp-image-1890\" src=\"https:\/\/leckerekekse.de\/wordpress\/wp-content\/uploads\/2015\/02\/leckerekekse-karneval-koeln-12.jpg\" alt=\"leckerekekse-karneval-koeln-12\" width=\"640\" height=\"427\" srcset=\"https:\/\/leckerekekse.de\/wordpress\/wp-content\/uploads\/2015\/02\/leckerekekse-karneval-koeln-12.jpg 640w, https:\/\/leckerekekse.de\/wordpress\/wp-content\/uploads\/2015\/02\/leckerekekse-karneval-koeln-12-300x200.jpg 300w\" sizes=\"auto, (max-width: 640px) 100vw, 640px\" \/><\/p>\n<p>&nbsp;<\/p>\n","protected":false},"excerpt":{"rendered":"<p>DIY-Kost\u00fcm f\u00fcr den LeckereKekse-Blog Die f\u00fchrenden Mitarbeiter des bedeutenden Blogs\u00a0leckereKekse f\u00fchrten am 14.02.2015 ein Gipfeltreffen in K\u00f6ln durch. Bei strahlendem Sonnenschein, Musik und belegten Br\u00f6tchen trafen sich Astrid und Silvia um die weitere Blog-Strategie f\u00fcr den n\u00e4chsten Monat festzulegen. Anl\u00e4sslich dieses historischen Ereignisses fand ein Festumzug in den Strassen von K\u00f6ln-Porz-Wahn statt. Tausende s\u00e4umten die [&hellip;]<\/p>\n","protected":false},"author":2,"featured_media":1890,"comment_status":"open","ping_status":"open","sticky":false,"template":"","format":"standard","meta":{"footnotes":""},"categories":[1,4,19],"tags":[284,283,281,285],"class_list":["post-1868","post","type-post","status-publish","format-standard","has-post-thumbnail","hentry","category-allgemein","category-photography","category-veranstaltungen","tag-diy-kostuem","tag-gipfeltreffen","tag-karneval","tag-umzug"],"yoast_head":"<!-- This site is optimized with the Yoast SEO plugin v27.5 - https:\/\/yoast.com\/product\/yoast-seo-wordpress\/ -->\n<title>Gipfeltreffen in K\u00f6ln | Leckere Kekse &amp; mehr<\/title>\n<meta name=\"description\" content=\"Gipfeltreffen der beiden f\u00fchrenden Keks, Buch. und Fotobloggerinnen fand in K\u00f6ln statt. Tausende feierten auf der Strasse bei strahlendem Sonnenschein mit.\" \/>\n<meta name=\"robots\" content=\"index, follow, max-snippet:-1, max-image-preview:large, max-video-preview:-1\" \/>\n<link rel=\"canonical\" href=\"https:\/\/leckerekekse.de\/wordpress\/gipfeltreffen-koeln\/\" \/>\n<meta property=\"og:locale\" content=\"de_DE\" \/>\n<meta property=\"og:type\" content=\"article\" \/>\n<meta property=\"og:title\" content=\"Gipfeltreffen in K\u00f6ln | Leckere Kekse &amp; mehr\" \/>\n<meta property=\"og:description\" content=\"Gipfeltreffen der beiden f\u00fchrenden Keks, Buch. und Fotobloggerinnen fand in K\u00f6ln statt. Tausende feierten auf der Strasse bei strahlendem Sonnenschein mit.\" \/>\n<meta property=\"og:url\" content=\"https:\/\/leckerekekse.de\/wordpress\/gipfeltreffen-koeln\/\" \/>\n<meta property=\"og:site_name\" content=\"Leckere Kekse &amp; mehr\" \/>\n<meta property=\"article:published_time\" content=\"2015-02-17T05:00:54+00:00\" \/>\n<meta property=\"article:modified_time\" content=\"2015-02-17T09:25:07+00:00\" \/>\n<meta property=\"og:image\" content=\"https:\/\/leckerekekse.de\/wordpress\/wp-content\/uploads\/2015\/02\/leckerekekse-karneval-koeln-12.jpg\" \/>\n\t<meta property=\"og:image:width\" content=\"640\" \/>\n\t<meta property=\"og:image:height\" content=\"427\" \/>\n\t<meta property=\"og:image:type\" content=\"image\/jpeg\" \/>\n<meta name=\"author\" content=\"Buchlieberin\" \/>\n<meta name=\"twitter:label1\" content=\"Verfasst von\" \/>\n\t<meta name=\"twitter:data1\" content=\"Buchlieberin\" \/>\n\t<meta name=\"twitter:label2\" content=\"Gesch\u00e4tzte Lesezeit\" \/>\n\t<meta name=\"twitter:data2\" content=\"2\u00a0Minuten\" \/>\n<script type=\"application\/ld+json\" class=\"yoast-schema-graph\">{\"@context\":\"https:\\\/\\\/schema.org\",\"@graph\":[{\"@type\":\"Article\",\"@id\":\"https:\\\/\\\/leckerekekse.de\\\/wordpress\\\/gipfeltreffen-koeln\\\/#article\",\"isPartOf\":{\"@id\":\"https:\\\/\\\/leckerekekse.de\\\/wordpress\\\/gipfeltreffen-koeln\\\/\"},\"author\":{\"name\":\"Buchlieberin\",\"@id\":\"https:\\\/\\\/leckerekekse.de\\\/wordpress\\\/#\\\/schema\\\/person\\\/aeca9a159c2be36b9bce9092b38c13c8\"},\"headline\":\"Gipfeltreffen in K\u00f6ln\",\"datePublished\":\"2015-02-17T05:00:54+00:00\",\"dateModified\":\"2015-02-17T09:25:07+00:00\",\"mainEntityOfPage\":{\"@id\":\"https:\\\/\\\/leckerekekse.de\\\/wordpress\\\/gipfeltreffen-koeln\\\/\"},\"wordCount\":432,\"commentCount\":5,\"publisher\":{\"@id\":\"https:\\\/\\\/leckerekekse.de\\\/wordpress\\\/#\\\/schema\\\/person\\\/6e4b2658514a3b7423a1f323400bdc1b\"},\"image\":{\"@id\":\"https:\\\/\\\/leckerekekse.de\\\/wordpress\\\/gipfeltreffen-koeln\\\/#primaryimage\"},\"thumbnailUrl\":\"https:\\\/\\\/leckerekekse.de\\\/wordpress\\\/wp-content\\\/uploads\\\/2015\\\/02\\\/leckerekekse-karneval-koeln-12.jpg\",\"keywords\":[\"DIY-Kost\u00fcm\",\"Gipfeltreffen\",\"Karneval\",\"Umzug\"],\"articleSection\":{\"1\":\"Photography\",\"2\":\"Veranstaltungen\"},\"inLanguage\":\"de\",\"potentialAction\":[{\"@type\":\"CommentAction\",\"name\":\"Comment\",\"target\":[\"https:\\\/\\\/leckerekekse.de\\\/wordpress\\\/gipfeltreffen-koeln\\\/#respond\"]}]},{\"@type\":\"WebPage\",\"@id\":\"https:\\\/\\\/leckerekekse.de\\\/wordpress\\\/gipfeltreffen-koeln\\\/\",\"url\":\"https:\\\/\\\/leckerekekse.de\\\/wordpress\\\/gipfeltreffen-koeln\\\/\",\"name\":\"Gipfeltreffen in K\u00f6ln | Leckere Kekse &amp; mehr\",\"isPartOf\":{\"@id\":\"https:\\\/\\\/leckerekekse.de\\\/wordpress\\\/#website\"},\"primaryImageOfPage\":{\"@id\":\"https:\\\/\\\/leckerekekse.de\\\/wordpress\\\/gipfeltreffen-koeln\\\/#primaryimage\"},\"image\":{\"@id\":\"https:\\\/\\\/leckerekekse.de\\\/wordpress\\\/gipfeltreffen-koeln\\\/#primaryimage\"},\"thumbnailUrl\":\"https:\\\/\\\/leckerekekse.de\\\/wordpress\\\/wp-content\\\/uploads\\\/2015\\\/02\\\/leckerekekse-karneval-koeln-12.jpg\",\"datePublished\":\"2015-02-17T05:00:54+00:00\",\"dateModified\":\"2015-02-17T09:25:07+00:00\",\"description\":\"Gipfeltreffen der beiden f\u00fchrenden Keks, Buch. und Fotobloggerinnen fand in K\u00f6ln statt. Tausende feierten auf der Strasse bei strahlendem Sonnenschein mit.\",\"breadcrumb\":{\"@id\":\"https:\\\/\\\/leckerekekse.de\\\/wordpress\\\/gipfeltreffen-koeln\\\/#breadcrumb\"},\"inLanguage\":\"de\",\"potentialAction\":[{\"@type\":\"ReadAction\",\"target\":[\"https:\\\/\\\/leckerekekse.de\\\/wordpress\\\/gipfeltreffen-koeln\\\/\"]}]},{\"@type\":\"ImageObject\",\"inLanguage\":\"de\",\"@id\":\"https:\\\/\\\/leckerekekse.de\\\/wordpress\\\/gipfeltreffen-koeln\\\/#primaryimage\",\"url\":\"https:\\\/\\\/leckerekekse.de\\\/wordpress\\\/wp-content\\\/uploads\\\/2015\\\/02\\\/leckerekekse-karneval-koeln-12.jpg\",\"contentUrl\":\"https:\\\/\\\/leckerekekse.de\\\/wordpress\\\/wp-content\\\/uploads\\\/2015\\\/02\\\/leckerekekse-karneval-koeln-12.jpg\",\"width\":640,\"height\":427,\"caption\":\"leckerekekse-blog logo\"},{\"@type\":\"BreadcrumbList\",\"@id\":\"https:\\\/\\\/leckerekekse.de\\\/wordpress\\\/gipfeltreffen-koeln\\\/#breadcrumb\",\"itemListElement\":[{\"@type\":\"ListItem\",\"position\":1,\"name\":\"Home\",\"item\":\"https:\\\/\\\/leckerekekse.de\\\/wordpress\\\/\"},{\"@type\":\"ListItem\",\"position\":2,\"name\":\"Gipfeltreffen in K\u00f6ln\"}]},{\"@type\":\"WebSite\",\"@id\":\"https:\\\/\\\/leckerekekse.de\\\/wordpress\\\/#website\",\"url\":\"https:\\\/\\\/leckerekekse.de\\\/wordpress\\\/\",\"name\":\"Leckere Kekse &amp; mehr\",\"description\":\"Kekse backen, B\u00fccher lesen und mehr\",\"publisher\":{\"@id\":\"https:\\\/\\\/leckerekekse.de\\\/wordpress\\\/#\\\/schema\\\/person\\\/6e4b2658514a3b7423a1f323400bdc1b\"},\"potentialAction\":[{\"@type\":\"SearchAction\",\"target\":{\"@type\":\"EntryPoint\",\"urlTemplate\":\"https:\\\/\\\/leckerekekse.de\\\/wordpress\\\/?s={search_term_string}\"},\"query-input\":{\"@type\":\"PropertyValueSpecification\",\"valueRequired\":true,\"valueName\":\"search_term_string\"}}],\"inLanguage\":\"de\"},{\"@type\":[\"Person\",\"Organization\"],\"@id\":\"https:\\\/\\\/leckerekekse.de\\\/wordpress\\\/#\\\/schema\\\/person\\\/6e4b2658514a3b7423a1f323400bdc1b\",\"name\":\"Astrid\",\"logo\":{\"@id\":\"https:\\\/\\\/leckerekekse.de\\\/wordpress\\\/#\\\/schema\\\/person\\\/image\\\/\"},\"sameAs\":[\"https:\\\/\\\/leckerekekse.de\\\/wordpress\"]},{\"@type\":\"Person\",\"@id\":\"https:\\\/\\\/leckerekekse.de\\\/wordpress\\\/#\\\/schema\\\/person\\\/aeca9a159c2be36b9bce9092b38c13c8\",\"name\":\"Buchlieberin\",\"sameAs\":[\"https:\\\/\\\/leckerekekse.de\\\/wordpress\"]}]}<\/script>\n<!-- \/ Yoast SEO plugin. -->","yoast_head_json":{"title":"Gipfeltreffen in K\u00f6ln | Leckere Kekse &amp; mehr","description":"Gipfeltreffen der beiden f\u00fchrenden Keks, Buch. und Fotobloggerinnen fand in K\u00f6ln statt. Tausende feierten auf der Strasse bei strahlendem Sonnenschein mit.","robots":{"index":"index","follow":"follow","max-snippet":"max-snippet:-1","max-image-preview":"max-image-preview:large","max-video-preview":"max-video-preview:-1"},"canonical":"https:\/\/leckerekekse.de\/wordpress\/gipfeltreffen-koeln\/","og_locale":"de_DE","og_type":"article","og_title":"Gipfeltreffen in K\u00f6ln | Leckere Kekse &amp; mehr","og_description":"Gipfeltreffen der beiden f\u00fchrenden Keks, Buch. und Fotobloggerinnen fand in K\u00f6ln statt. Tausende feierten auf der Strasse bei strahlendem Sonnenschein mit.","og_url":"https:\/\/leckerekekse.de\/wordpress\/gipfeltreffen-koeln\/","og_site_name":"Leckere Kekse &amp; mehr","article_published_time":"2015-02-17T05:00:54+00:00","article_modified_time":"2015-02-17T09:25:07+00:00","og_image":[{"width":640,"height":427,"url":"https:\/\/leckerekekse.de\/wordpress\/wp-content\/uploads\/2015\/02\/leckerekekse-karneval-koeln-12.jpg","type":"image\/jpeg"}],"author":"Buchlieberin","twitter_misc":{"Verfasst von":"Buchlieberin","Gesch\u00e4tzte Lesezeit":"2\u00a0Minuten"},"schema":{"@context":"https:\/\/schema.org","@graph":[{"@type":"Article","@id":"https:\/\/leckerekekse.de\/wordpress\/gipfeltreffen-koeln\/#article","isPartOf":{"@id":"https:\/\/leckerekekse.de\/wordpress\/gipfeltreffen-koeln\/"},"author":{"name":"Buchlieberin","@id":"https:\/\/leckerekekse.de\/wordpress\/#\/schema\/person\/aeca9a159c2be36b9bce9092b38c13c8"},"headline":"Gipfeltreffen in K\u00f6ln","datePublished":"2015-02-17T05:00:54+00:00","dateModified":"2015-02-17T09:25:07+00:00","mainEntityOfPage":{"@id":"https:\/\/leckerekekse.de\/wordpress\/gipfeltreffen-koeln\/"},"wordCount":432,"commentCount":5,"publisher":{"@id":"https:\/\/leckerekekse.de\/wordpress\/#\/schema\/person\/6e4b2658514a3b7423a1f323400bdc1b"},"image":{"@id":"https:\/\/leckerekekse.de\/wordpress\/gipfeltreffen-koeln\/#primaryimage"},"thumbnailUrl":"https:\/\/leckerekekse.de\/wordpress\/wp-content\/uploads\/2015\/02\/leckerekekse-karneval-koeln-12.jpg","keywords":["DIY-Kost\u00fcm","Gipfeltreffen","Karneval","Umzug"],"articleSection":{"1":"Photography","2":"Veranstaltungen"},"inLanguage":"de","potentialAction":[{"@type":"CommentAction","name":"Comment","target":["https:\/\/leckerekekse.de\/wordpress\/gipfeltreffen-koeln\/#respond"]}]},{"@type":"WebPage","@id":"https:\/\/leckerekekse.de\/wordpress\/gipfeltreffen-koeln\/","url":"https:\/\/leckerekekse.de\/wordpress\/gipfeltreffen-koeln\/","name":"Gipfeltreffen in K\u00f6ln | Leckere Kekse &amp; mehr","isPartOf":{"@id":"https:\/\/leckerekekse.de\/wordpress\/#website"},"primaryImageOfPage":{"@id":"https:\/\/leckerekekse.de\/wordpress\/gipfeltreffen-koeln\/#primaryimage"},"image":{"@id":"https:\/\/leckerekekse.de\/wordpress\/gipfeltreffen-koeln\/#primaryimage"},"thumbnailUrl":"https:\/\/leckerekekse.de\/wordpress\/wp-content\/uploads\/2015\/02\/leckerekekse-karneval-koeln-12.jpg","datePublished":"2015-02-17T05:00:54+00:00","dateModified":"2015-02-17T09:25:07+00:00","description":"Gipfeltreffen der beiden f\u00fchrenden Keks, Buch. und Fotobloggerinnen fand in K\u00f6ln statt. Tausende feierten auf der Strasse bei strahlendem Sonnenschein mit.","breadcrumb":{"@id":"https:\/\/leckerekekse.de\/wordpress\/gipfeltreffen-koeln\/#breadcrumb"},"inLanguage":"de","potentialAction":[{"@type":"ReadAction","target":["https:\/\/leckerekekse.de\/wordpress\/gipfeltreffen-koeln\/"]}]},{"@type":"ImageObject","inLanguage":"de","@id":"https:\/\/leckerekekse.de\/wordpress\/gipfeltreffen-koeln\/#primaryimage","url":"https:\/\/leckerekekse.de\/wordpress\/wp-content\/uploads\/2015\/02\/leckerekekse-karneval-koeln-12.jpg","contentUrl":"https:\/\/leckerekekse.de\/wordpress\/wp-content\/uploads\/2015\/02\/leckerekekse-karneval-koeln-12.jpg","width":640,"height":427,"caption":"leckerekekse-blog logo"},{"@type":"BreadcrumbList","@id":"https:\/\/leckerekekse.de\/wordpress\/gipfeltreffen-koeln\/#breadcrumb","itemListElement":[{"@type":"ListItem","position":1,"name":"Home","item":"https:\/\/leckerekekse.de\/wordpress\/"},{"@type":"ListItem","position":2,"name":"Gipfeltreffen in K\u00f6ln"}]},{"@type":"WebSite","@id":"https:\/\/leckerekekse.de\/wordpress\/#website","url":"https:\/\/leckerekekse.de\/wordpress\/","name":"Leckere Kekse &amp; mehr","description":"Kekse backen, B\u00fccher lesen und mehr","publisher":{"@id":"https:\/\/leckerekekse.de\/wordpress\/#\/schema\/person\/6e4b2658514a3b7423a1f323400bdc1b"},"potentialAction":[{"@type":"SearchAction","target":{"@type":"EntryPoint","urlTemplate":"https:\/\/leckerekekse.de\/wordpress\/?s={search_term_string}"},"query-input":{"@type":"PropertyValueSpecification","valueRequired":true,"valueName":"search_term_string"}}],"inLanguage":"de"},{"@type":["Person","Organization"],"@id":"https:\/\/leckerekekse.de\/wordpress\/#\/schema\/person\/6e4b2658514a3b7423a1f323400bdc1b","name":"Astrid","logo":{"@id":"https:\/\/leckerekekse.de\/wordpress\/#\/schema\/person\/image\/"},"sameAs":["https:\/\/leckerekekse.de\/wordpress"]},{"@type":"Person","@id":"https:\/\/leckerekekse.de\/wordpress\/#\/schema\/person\/aeca9a159c2be36b9bce9092b38c13c8","name":"Buchlieberin","sameAs":["https:\/\/leckerekekse.de\/wordpress"]}]}},"_links":{"self":[{"href":"https:\/\/leckerekekse.de\/wordpress\/wp-json\/wp\/v2\/posts\/1868","targetHints":{"allow":["GET"]}}],"collection":[{"href":"https:\/\/leckerekekse.de\/wordpress\/wp-json\/wp\/v2\/posts"}],"about":[{"href":"https:\/\/leckerekekse.de\/wordpress\/wp-json\/wp\/v2\/types\/post"}],"author":[{"embeddable":true,"href":"https:\/\/leckerekekse.de\/wordpress\/wp-json\/wp\/v2\/users\/2"}],"replies":[{"embeddable":true,"href":"https:\/\/leckerekekse.de\/wordpress\/wp-json\/wp\/v2\/comments?post=1868"}],"version-history":[{"count":13,"href":"https:\/\/leckerekekse.de\/wordpress\/wp-json\/wp\/v2\/posts\/1868\/revisions"}],"predecessor-version":[{"id":1897,"href":"https:\/\/leckerekekse.de\/wordpress\/wp-json\/wp\/v2\/posts\/1868\/revisions\/1897"}],"wp:featuredmedia":[{"embeddable":true,"href":"https:\/\/leckerekekse.de\/wordpress\/wp-json\/wp\/v2\/media\/1890"}],"wp:attachment":[{"href":"https:\/\/leckerekekse.de\/wordpress\/wp-json\/wp\/v2\/media?parent=1868"}],"wp:term":[{"taxonomy":"category","embeddable":true,"href":"https:\/\/leckerekekse.de\/wordpress\/wp-json\/wp\/v2\/categories?post=1868"},{"taxonomy":"post_tag","embeddable":true,"href":"https:\/\/leckerekekse.de\/wordpress\/wp-json\/wp\/v2\/tags?post=1868"}],"curies":[{"name":"wp","href":"https:\/\/api.w.org\/{rel}","templated":true}]}}