{"id":1899,"date":"2015-03-03T06:30:02","date_gmt":"2015-03-03T04:30:02","guid":{"rendered":"http:\/\/leckerekekse.de\/wordpress\/?p=1899"},"modified":"2021-03-27T16:34:41","modified_gmt":"2021-03-27T15:34:41","slug":"die-schuld-der-anderen","status":"publish","type":"post","link":"https:\/\/leckerekekse.de\/wordpress\/die-schuld-der-anderen\/","title":{"rendered":"Die Schuld der Anderen"},"content":{"rendered":"<p><img loading=\"lazy\" decoding=\"async\" class=\"alignleft size-medium wp-image-1900\" src=\"https:\/\/leckerekekse.de\/wordpress\/wp-content\/uploads\/2015\/02\/Die-Schuld-der-anderen-185x300.jpg\" alt=\"Die Schuld der anderen\" width=\"185\" height=\"300\" \/>Dieses Buch wird als Kriminalroman gef\u00fchrt.<br \/>\nDas finde ich nicht ganz zutreffend.<br \/>\nJa, es wird ein Mord und nebenbei auch einige andere Straftaten aufgekl\u00e4rt, aber ich w\u00fcrde es eher als kritischen Gesellschaftsroman bezeichnen, der aber auch mit einer geh\u00f6rigen Portion Spannung daher kommt.<\/p>\n<h6>Zum Buch:<\/h6>\n<p>Marc Rappaport ist Journalist. Und reicher Erbe. Er sitzt deshalb auch im Vorstand eines Wirtschaftskonzerns. Er ist also finanziell unabh\u00e4ngig, hat sich aber f\u00fcr eine eigene, unabh\u00e4ngige Laufbahn entschieden. Sein Chef Pierre ist gleichzeitig ein guter Freund.<br \/>\nDa wird der Mord an einer jungen Prostituierten durch einen DNA-Abgleich scheinbar aufgekl\u00e4rt. Dieser Mord liegt 27 Jahre zur\u00fcck, aber Marc interessiert sich f\u00fcr diese Geschichte.<br \/>\nEr geht ihr nach und st\u00f6\u00dft in einer franz\u00f6sischen Kleinstadt auf einen schockierenden Gesundheitsskandal. Viele Arbeiter einer Chemiefabrik erkrankten an Nierenkrebs. Auch der Vater der jungen Frau starb daran. Doch wie h\u00e4ngt alles zusammen? <!--more--><br \/>\nMarc versucht die Mi\u00dfst\u00e4nde aufzudecken.<\/p>\n<p>Immer wenn ich meinte, jetzt wei\u00df ich, worum es geht, wurden neue Facetten und Hintergr\u00fcnde aufgedeckt. So ein wenig wie bei diesen russischen Holzpuppen.<\/p>\n<h6>Franz\u00f6sische Verh\u00e4ltnisse<\/h6>\n<p>so wird der Klappentext eingeleitet. Und das passt. Das Buch ist sehr franz\u00f6sisch. Paris, die Provinz, die Strukturen, das Essen, die Frauen und M\u00e4nner.<\/p>\n<p>So ganz nebenbei schafft es die Autorin auch, auf viele gesellschaftliche Missst\u00e4nde in Frankreich und Europa hinzuweisen. Die Hauptperson Marc ist auch ein sehr vielschichtiger Mensch. Engagiert, intelligent, frei und doch auch ein Produkt seiner Erziehung, bei der mehrere Parteien in verschiedene Richtungen zogen.<\/p>\n<h6>Zitate<\/h6>\n<blockquote><p>\u201ewas die M\u00e4chtigen und Reichen \u2026 von sozialer Gerechtigkeit verstanden: gar nichts\u201c<\/p><\/blockquote>\n<p>Ein Satz zum Antisemitismus aus der Sicht von Juden:<\/p>\n<blockquote><p>Dazu musste man am eigenen Leib erfahren haben, wie es war, zu denen zu geh\u00f6ren, denen alles jederzeit weggenommen werden konnte.<\/p><\/blockquote>\n<p>Ein erschreckender Satz, der einem Polizisten in den Mund gelegt wird:<\/p>\n<blockquote><p>Seit wann kann man Nutten vergewaltigen<\/p><\/blockquote>\n<p>Ein paar S\u00e4tze \u00fcber Jugendkriminalit\u00e4t und Aufst\u00e4nde in Marseille:<\/p>\n<blockquote><p>Hatte Gewaltbereitschaft etwas mit der Hautfarbe zu tun? Mit der Religion? Nein! Der Nationalit\u00e4t? Nein! Mit dem sozialen Umfeld und der famili\u00e4ren Situation? Sicherlich. Aber nicht nur.<\/p><\/blockquote>\n<blockquote><p>Aber diese Generation protestierte nicht, wollte nichts, suchte nichts, denn sie hatte die Gewissheit, dass sich keiner f\u00fcr sie interessierte, schon l\u00e4ngst geschluckt und verdaut.<\/p><\/blockquote>\n<blockquote><p>&#8230;selbst diese Entwurzelten, die dachten, das alternde Europa sei dem Niedergang geweiht, gaben sich mit ihrem selbstgebastelten Islam letztendlich nur ein Gef\u00fchl von Bedeutung.<\/p><\/blockquote>\n<p>Nochmal: &#8222;Die Schuld der anderen&#8220; einen Krimi zu nennen, wird diesem Spiegel der Gesellschaft nicht gerecht.<br \/>\nF\u00fcr mich ein anspruchsvoller, spannender Roman, der mich durch seine Wendungen und ausgefeilte Struktur sehr positiv \u00fcberrascht hat. Die anderen Romane der Autorin wandern direkt auf meine Wunschliste.<\/p>\n<p>Gila Lustiger: Die Schuld der Anderen, Berlin Verlag, ISBN: 978-3-8270-1227-2, 496 Seiten, als Hardcover \u20ac 22,99<br \/>\n&#x264c;<\/p>\n","protected":false},"excerpt":{"rendered":"<p>Dieses Buch wird als Kriminalroman gef\u00fchrt. Das finde ich nicht ganz zutreffend. Ja, es wird ein Mord und nebenbei auch einige andere Straftaten aufgekl\u00e4rt, aber ich w\u00fcrde es eher als kritischen Gesellschaftsroman bezeichnen, der aber auch mit einer geh\u00f6rigen Portion Spannung daher kommt. Zum Buch: Marc Rappaport ist Journalist. Und reicher Erbe. Er sitzt deshalb [&hellip;]<\/p>\n","protected":false},"author":2,"featured_media":1900,"comment_status":"open","ping_status":"open","sticky":false,"template":"","format":"standard","meta":{"footnotes":""},"categories":[1,3],"tags":[432,433],"class_list":["post-1899","post","type-post","status-publish","format-standard","has-post-thumbnail","hentry","category-allgemein","category-buecher","tag-buch","tag-lesen"],"yoast_head":"<!-- This site is optimized with the Yoast SEO plugin v27.4 - https:\/\/yoast.com\/product\/yoast-seo-wordpress\/ -->\n<title>Die Schuld der Anderen | Leckere Kekse &amp; mehr<\/title>\n<meta name=\"description\" content=\"Gesellschaftskritischer Krimi \u00fcber einen Mord und franz\u00f6sische bzw. europ\u00e4ische Verh\u00e4ltnisse.\" \/>\n<meta name=\"robots\" content=\"index, follow, max-snippet:-1, max-image-preview:large, max-video-preview:-1\" \/>\n<link rel=\"canonical\" href=\"https:\/\/leckerekekse.de\/wordpress\/die-schuld-der-anderen\/\" \/>\n<meta property=\"og:locale\" content=\"de_DE\" \/>\n<meta property=\"og:type\" content=\"article\" \/>\n<meta property=\"og:title\" content=\"Die Schuld der Anderen | Leckere Kekse &amp; mehr\" \/>\n<meta property=\"og:description\" content=\"Gesellschaftskritischer Krimi \u00fcber einen Mord und franz\u00f6sische bzw. europ\u00e4ische Verh\u00e4ltnisse.\" \/>\n<meta property=\"og:url\" content=\"https:\/\/leckerekekse.de\/wordpress\/die-schuld-der-anderen\/\" \/>\n<meta property=\"og:site_name\" content=\"Leckere Kekse &amp; mehr\" \/>\n<meta property=\"article:published_time\" content=\"2015-03-03T04:30:02+00:00\" \/>\n<meta property=\"article:modified_time\" content=\"2021-03-27T15:34:41+00:00\" \/>\n<meta property=\"og:image\" content=\"https:\/\/leckerekekse.de\/wordpress\/wp-content\/uploads\/2015\/02\/Die-Schuld-der-anderen.jpg\" \/>\n\t<meta property=\"og:image:width\" content=\"300\" \/>\n\t<meta property=\"og:image:height\" content=\"484\" \/>\n\t<meta property=\"og:image:type\" content=\"image\/jpeg\" \/>\n<meta name=\"author\" content=\"Buchlieberin\" \/>\n<meta name=\"twitter:label1\" content=\"Verfasst von\" \/>\n\t<meta name=\"twitter:data1\" content=\"Buchlieberin\" \/>\n\t<meta name=\"twitter:label2\" content=\"Gesch\u00e4tzte Lesezeit\" \/>\n\t<meta name=\"twitter:data2\" content=\"2\u00a0Minuten\" \/>\n<script type=\"application\/ld+json\" class=\"yoast-schema-graph\">{\"@context\":\"https:\\\/\\\/schema.org\",\"@graph\":[{\"@type\":\"Article\",\"@id\":\"https:\\\/\\\/leckerekekse.de\\\/wordpress\\\/die-schuld-der-anderen\\\/#article\",\"isPartOf\":{\"@id\":\"https:\\\/\\\/leckerekekse.de\\\/wordpress\\\/die-schuld-der-anderen\\\/\"},\"author\":{\"name\":\"Buchlieberin\",\"@id\":\"https:\\\/\\\/leckerekekse.de\\\/wordpress\\\/#\\\/schema\\\/person\\\/aeca9a159c2be36b9bce9092b38c13c8\"},\"headline\":\"Die Schuld der Anderen\",\"datePublished\":\"2015-03-03T04:30:02+00:00\",\"dateModified\":\"2021-03-27T15:34:41+00:00\",\"mainEntityOfPage\":{\"@id\":\"https:\\\/\\\/leckerekekse.de\\\/wordpress\\\/die-schuld-der-anderen\\\/\"},\"wordCount\":482,\"commentCount\":1,\"publisher\":{\"@id\":\"https:\\\/\\\/leckerekekse.de\\\/wordpress\\\/#\\\/schema\\\/person\\\/6e4b2658514a3b7423a1f323400bdc1b\"},\"image\":{\"@id\":\"https:\\\/\\\/leckerekekse.de\\\/wordpress\\\/die-schuld-der-anderen\\\/#primaryimage\"},\"thumbnailUrl\":\"https:\\\/\\\/leckerekekse.de\\\/wordpress\\\/wp-content\\\/uploads\\\/2015\\\/02\\\/Die-Schuld-der-anderen.jpg\",\"keywords\":[\"Buch\",\"lesen\"],\"articleSection\":{\"1\":\"B\u00fccher\"},\"inLanguage\":\"de\",\"potentialAction\":[{\"@type\":\"CommentAction\",\"name\":\"Comment\",\"target\":[\"https:\\\/\\\/leckerekekse.de\\\/wordpress\\\/die-schuld-der-anderen\\\/#respond\"]}]},{\"@type\":\"WebPage\",\"@id\":\"https:\\\/\\\/leckerekekse.de\\\/wordpress\\\/die-schuld-der-anderen\\\/\",\"url\":\"https:\\\/\\\/leckerekekse.de\\\/wordpress\\\/die-schuld-der-anderen\\\/\",\"name\":\"Die Schuld der Anderen | Leckere Kekse &amp; mehr\",\"isPartOf\":{\"@id\":\"https:\\\/\\\/leckerekekse.de\\\/wordpress\\\/#website\"},\"primaryImageOfPage\":{\"@id\":\"https:\\\/\\\/leckerekekse.de\\\/wordpress\\\/die-schuld-der-anderen\\\/#primaryimage\"},\"image\":{\"@id\":\"https:\\\/\\\/leckerekekse.de\\\/wordpress\\\/die-schuld-der-anderen\\\/#primaryimage\"},\"thumbnailUrl\":\"https:\\\/\\\/leckerekekse.de\\\/wordpress\\\/wp-content\\\/uploads\\\/2015\\\/02\\\/Die-Schuld-der-anderen.jpg\",\"datePublished\":\"2015-03-03T04:30:02+00:00\",\"dateModified\":\"2021-03-27T15:34:41+00:00\",\"description\":\"Gesellschaftskritischer Krimi \u00fcber einen Mord und franz\u00f6sische bzw. europ\u00e4ische Verh\u00e4ltnisse.\",\"breadcrumb\":{\"@id\":\"https:\\\/\\\/leckerekekse.de\\\/wordpress\\\/die-schuld-der-anderen\\\/#breadcrumb\"},\"inLanguage\":\"de\",\"potentialAction\":[{\"@type\":\"ReadAction\",\"target\":[\"https:\\\/\\\/leckerekekse.de\\\/wordpress\\\/die-schuld-der-anderen\\\/\"]}]},{\"@type\":\"ImageObject\",\"inLanguage\":\"de\",\"@id\":\"https:\\\/\\\/leckerekekse.de\\\/wordpress\\\/die-schuld-der-anderen\\\/#primaryimage\",\"url\":\"https:\\\/\\\/leckerekekse.de\\\/wordpress\\\/wp-content\\\/uploads\\\/2015\\\/02\\\/Die-Schuld-der-anderen.jpg\",\"contentUrl\":\"https:\\\/\\\/leckerekekse.de\\\/wordpress\\\/wp-content\\\/uploads\\\/2015\\\/02\\\/Die-Schuld-der-anderen.jpg\",\"width\":300,\"height\":484},{\"@type\":\"BreadcrumbList\",\"@id\":\"https:\\\/\\\/leckerekekse.de\\\/wordpress\\\/die-schuld-der-anderen\\\/#breadcrumb\",\"itemListElement\":[{\"@type\":\"ListItem\",\"position\":1,\"name\":\"Home\",\"item\":\"https:\\\/\\\/leckerekekse.de\\\/wordpress\\\/\"},{\"@type\":\"ListItem\",\"position\":2,\"name\":\"Die Schuld der Anderen\"}]},{\"@type\":\"WebSite\",\"@id\":\"https:\\\/\\\/leckerekekse.de\\\/wordpress\\\/#website\",\"url\":\"https:\\\/\\\/leckerekekse.de\\\/wordpress\\\/\",\"name\":\"Leckere Kekse &amp; mehr\",\"description\":\"Kekse backen, B\u00fccher lesen und mehr\",\"publisher\":{\"@id\":\"https:\\\/\\\/leckerekekse.de\\\/wordpress\\\/#\\\/schema\\\/person\\\/6e4b2658514a3b7423a1f323400bdc1b\"},\"potentialAction\":[{\"@type\":\"SearchAction\",\"target\":{\"@type\":\"EntryPoint\",\"urlTemplate\":\"https:\\\/\\\/leckerekekse.de\\\/wordpress\\\/?s={search_term_string}\"},\"query-input\":{\"@type\":\"PropertyValueSpecification\",\"valueRequired\":true,\"valueName\":\"search_term_string\"}}],\"inLanguage\":\"de\"},{\"@type\":[\"Person\",\"Organization\"],\"@id\":\"https:\\\/\\\/leckerekekse.de\\\/wordpress\\\/#\\\/schema\\\/person\\\/6e4b2658514a3b7423a1f323400bdc1b\",\"name\":\"Astrid\",\"logo\":{\"@id\":\"https:\\\/\\\/leckerekekse.de\\\/wordpress\\\/#\\\/schema\\\/person\\\/image\\\/\"},\"sameAs\":[\"https:\\\/\\\/leckerekekse.de\\\/wordpress\"]},{\"@type\":\"Person\",\"@id\":\"https:\\\/\\\/leckerekekse.de\\\/wordpress\\\/#\\\/schema\\\/person\\\/aeca9a159c2be36b9bce9092b38c13c8\",\"name\":\"Buchlieberin\",\"sameAs\":[\"https:\\\/\\\/leckerekekse.de\\\/wordpress\"]}]}<\/script>\n<!-- \/ Yoast SEO plugin. -->","yoast_head_json":{"title":"Die Schuld der Anderen | Leckere Kekse &amp; mehr","description":"Gesellschaftskritischer Krimi \u00fcber einen Mord und franz\u00f6sische bzw. europ\u00e4ische Verh\u00e4ltnisse.","robots":{"index":"index","follow":"follow","max-snippet":"max-snippet:-1","max-image-preview":"max-image-preview:large","max-video-preview":"max-video-preview:-1"},"canonical":"https:\/\/leckerekekse.de\/wordpress\/die-schuld-der-anderen\/","og_locale":"de_DE","og_type":"article","og_title":"Die Schuld der Anderen | Leckere Kekse &amp; mehr","og_description":"Gesellschaftskritischer Krimi \u00fcber einen Mord und franz\u00f6sische bzw. europ\u00e4ische Verh\u00e4ltnisse.","og_url":"https:\/\/leckerekekse.de\/wordpress\/die-schuld-der-anderen\/","og_site_name":"Leckere Kekse &amp; mehr","article_published_time":"2015-03-03T04:30:02+00:00","article_modified_time":"2021-03-27T15:34:41+00:00","og_image":[{"width":300,"height":484,"url":"https:\/\/leckerekekse.de\/wordpress\/wp-content\/uploads\/2015\/02\/Die-Schuld-der-anderen.jpg","type":"image\/jpeg"}],"author":"Buchlieberin","twitter_misc":{"Verfasst von":"Buchlieberin","Gesch\u00e4tzte Lesezeit":"2\u00a0Minuten"},"schema":{"@context":"https:\/\/schema.org","@graph":[{"@type":"Article","@id":"https:\/\/leckerekekse.de\/wordpress\/die-schuld-der-anderen\/#article","isPartOf":{"@id":"https:\/\/leckerekekse.de\/wordpress\/die-schuld-der-anderen\/"},"author":{"name":"Buchlieberin","@id":"https:\/\/leckerekekse.de\/wordpress\/#\/schema\/person\/aeca9a159c2be36b9bce9092b38c13c8"},"headline":"Die Schuld der Anderen","datePublished":"2015-03-03T04:30:02+00:00","dateModified":"2021-03-27T15:34:41+00:00","mainEntityOfPage":{"@id":"https:\/\/leckerekekse.de\/wordpress\/die-schuld-der-anderen\/"},"wordCount":482,"commentCount":1,"publisher":{"@id":"https:\/\/leckerekekse.de\/wordpress\/#\/schema\/person\/6e4b2658514a3b7423a1f323400bdc1b"},"image":{"@id":"https:\/\/leckerekekse.de\/wordpress\/die-schuld-der-anderen\/#primaryimage"},"thumbnailUrl":"https:\/\/leckerekekse.de\/wordpress\/wp-content\/uploads\/2015\/02\/Die-Schuld-der-anderen.jpg","keywords":["Buch","lesen"],"articleSection":{"1":"B\u00fccher"},"inLanguage":"de","potentialAction":[{"@type":"CommentAction","name":"Comment","target":["https:\/\/leckerekekse.de\/wordpress\/die-schuld-der-anderen\/#respond"]}]},{"@type":"WebPage","@id":"https:\/\/leckerekekse.de\/wordpress\/die-schuld-der-anderen\/","url":"https:\/\/leckerekekse.de\/wordpress\/die-schuld-der-anderen\/","name":"Die Schuld der Anderen | Leckere Kekse &amp; mehr","isPartOf":{"@id":"https:\/\/leckerekekse.de\/wordpress\/#website"},"primaryImageOfPage":{"@id":"https:\/\/leckerekekse.de\/wordpress\/die-schuld-der-anderen\/#primaryimage"},"image":{"@id":"https:\/\/leckerekekse.de\/wordpress\/die-schuld-der-anderen\/#primaryimage"},"thumbnailUrl":"https:\/\/leckerekekse.de\/wordpress\/wp-content\/uploads\/2015\/02\/Die-Schuld-der-anderen.jpg","datePublished":"2015-03-03T04:30:02+00:00","dateModified":"2021-03-27T15:34:41+00:00","description":"Gesellschaftskritischer Krimi \u00fcber einen Mord und franz\u00f6sische bzw. europ\u00e4ische Verh\u00e4ltnisse.","breadcrumb":{"@id":"https:\/\/leckerekekse.de\/wordpress\/die-schuld-der-anderen\/#breadcrumb"},"inLanguage":"de","potentialAction":[{"@type":"ReadAction","target":["https:\/\/leckerekekse.de\/wordpress\/die-schuld-der-anderen\/"]}]},{"@type":"ImageObject","inLanguage":"de","@id":"https:\/\/leckerekekse.de\/wordpress\/die-schuld-der-anderen\/#primaryimage","url":"https:\/\/leckerekekse.de\/wordpress\/wp-content\/uploads\/2015\/02\/Die-Schuld-der-anderen.jpg","contentUrl":"https:\/\/leckerekekse.de\/wordpress\/wp-content\/uploads\/2015\/02\/Die-Schuld-der-anderen.jpg","width":300,"height":484},{"@type":"BreadcrumbList","@id":"https:\/\/leckerekekse.de\/wordpress\/die-schuld-der-anderen\/#breadcrumb","itemListElement":[{"@type":"ListItem","position":1,"name":"Home","item":"https:\/\/leckerekekse.de\/wordpress\/"},{"@type":"ListItem","position":2,"name":"Die Schuld der Anderen"}]},{"@type":"WebSite","@id":"https:\/\/leckerekekse.de\/wordpress\/#website","url":"https:\/\/leckerekekse.de\/wordpress\/","name":"Leckere Kekse &amp; mehr","description":"Kekse backen, B\u00fccher lesen und mehr","publisher":{"@id":"https:\/\/leckerekekse.de\/wordpress\/#\/schema\/person\/6e4b2658514a3b7423a1f323400bdc1b"},"potentialAction":[{"@type":"SearchAction","target":{"@type":"EntryPoint","urlTemplate":"https:\/\/leckerekekse.de\/wordpress\/?s={search_term_string}"},"query-input":{"@type":"PropertyValueSpecification","valueRequired":true,"valueName":"search_term_string"}}],"inLanguage":"de"},{"@type":["Person","Organization"],"@id":"https:\/\/leckerekekse.de\/wordpress\/#\/schema\/person\/6e4b2658514a3b7423a1f323400bdc1b","name":"Astrid","logo":{"@id":"https:\/\/leckerekekse.de\/wordpress\/#\/schema\/person\/image\/"},"sameAs":["https:\/\/leckerekekse.de\/wordpress"]},{"@type":"Person","@id":"https:\/\/leckerekekse.de\/wordpress\/#\/schema\/person\/aeca9a159c2be36b9bce9092b38c13c8","name":"Buchlieberin","sameAs":["https:\/\/leckerekekse.de\/wordpress"]}]}},"_links":{"self":[{"href":"https:\/\/leckerekekse.de\/wordpress\/wp-json\/wp\/v2\/posts\/1899","targetHints":{"allow":["GET"]}}],"collection":[{"href":"https:\/\/leckerekekse.de\/wordpress\/wp-json\/wp\/v2\/posts"}],"about":[{"href":"https:\/\/leckerekekse.de\/wordpress\/wp-json\/wp\/v2\/types\/post"}],"author":[{"embeddable":true,"href":"https:\/\/leckerekekse.de\/wordpress\/wp-json\/wp\/v2\/users\/2"}],"replies":[{"embeddable":true,"href":"https:\/\/leckerekekse.de\/wordpress\/wp-json\/wp\/v2\/comments?post=1899"}],"version-history":[{"count":3,"href":"https:\/\/leckerekekse.de\/wordpress\/wp-json\/wp\/v2\/posts\/1899\/revisions"}],"predecessor-version":[{"id":16329,"href":"https:\/\/leckerekekse.de\/wordpress\/wp-json\/wp\/v2\/posts\/1899\/revisions\/16329"}],"wp:featuredmedia":[{"embeddable":true,"href":"https:\/\/leckerekekse.de\/wordpress\/wp-json\/wp\/v2\/media\/1900"}],"wp:attachment":[{"href":"https:\/\/leckerekekse.de\/wordpress\/wp-json\/wp\/v2\/media?parent=1899"}],"wp:term":[{"taxonomy":"category","embeddable":true,"href":"https:\/\/leckerekekse.de\/wordpress\/wp-json\/wp\/v2\/categories?post=1899"},{"taxonomy":"post_tag","embeddable":true,"href":"https:\/\/leckerekekse.de\/wordpress\/wp-json\/wp\/v2\/tags?post=1899"}],"curies":[{"name":"wp","href":"https:\/\/api.w.org\/{rel}","templated":true}]}}