{"id":2118,"date":"2015-03-16T20:31:06","date_gmt":"2015-03-16T18:31:06","guid":{"rendered":"http:\/\/leckerekekse.de\/wordpress\/?p=2118"},"modified":"2021-03-27T16:34:48","modified_gmt":"2021-03-27T15:34:48","slug":"buchmesse-leipzig-ein-tagebuch","status":"publish","type":"post","link":"https:\/\/leckerekekse.de\/wordpress\/buchmesse-leipzig-ein-tagebuch\/","title":{"rendered":"Buchmesse Leipzig, ein Tagebuch"},"content":{"rendered":"<h6>1. Tag, Freitag, 13.03.2015<\/h6>\n<p><strong>04:50<\/strong> Aufstehen! Mein Wecker klingelt zwar erst sp\u00e4ter, aber ich bin schon ewig wach. Dem Gef\u00fchl nach habe ich \u00fcberhaupt nicht geschlafen. Bin total erk\u00e4ltet. Super. Fliegen mit Erk\u00e4ltung ist \u00e4tzend. Drei erk\u00e4ltete Messetage sicher auch. Aber da muss ich jetzt durch!<\/p>\n<p><strong>05:45<\/strong> Autoscheiben freikratzen und los! Mein G\u00f6ttergatte ist so nett und bringt mich schnell zum Flughafen, sind nur 4 Kilometer.<\/p>\n<p><strong>06:10<\/strong> Sicherheitsschleuse diesmal ohne Striptease geschafft. Sogar die Schuhe habe ich anbehalten d\u00fcrfen!<\/p>\n<p><strong>06:30<\/strong> Boarding beginnt<\/p>\n<p><strong>06:40<\/strong> Wir machen uns p\u00fcnktlich auf zur Startbahn. Begleitet werde ich vom H\u00f6rbuch &#8222;Neid&#8220; von Arne Dahl<\/p>\n<p><strong>07:45<\/strong> Fr\u00fchst\u00fcck im Flughafen-Restaurant in Leipzig. Super B\u00fcffet f\u00fcr 13,90 \u20ac. Sogar frisch gepressten Saft gibt es.<\/p>\n<p><strong>09:00<\/strong> Mit der S-Bahn eine Station zur Messe. Fu\u00dfweg zur Messe. Nach 100 Metern f\u00e4hrt die Stra\u00dfenbahn an uns vorbei. Mist, die h\u00e4tte ich auch nehmen k\u00f6nnen. Allerdings tut die frische Luft auch sehr gut!<br \/><a href=\"https:\/\/leckerekekse.de\/wordpress\/wp-content\/uploads\/2015\/03\/IMG_0180.jpg\"><img loading=\"lazy\" decoding=\"async\" class=\"alignright wp-image-2128 size-thumbnail\" src=\"https:\/\/leckerekekse.de\/wordpress\/wp-content\/uploads\/2015\/03\/IMG_0180-150x150.jpg\" alt=\"Messeausweis\" width=\"150\" height=\"150\" srcset=\"https:\/\/leckerekekse.de\/wordpress\/wp-content\/uploads\/2015\/03\/IMG_0180-150x150.jpg 150w, https:\/\/leckerekekse.de\/wordpress\/wp-content\/uploads\/2015\/03\/IMG_0180-144x144.jpg 144w\" sizes=\"auto, (max-width: 150px) 100vw, 150px\" \/><\/a><\/p>\n<p><strong>09:10<\/strong> Erste Herausforderung: Pressezentrum finden. Ja! Denn als Buchblogger kann man sich an der Messe akkreditieren lassen. Das bedeutet freier Eintritt, Presseausweis und Zugang zum Pressezentrum mit eigener Lounge (Snacks und Getr\u00e4nke zu sehr annehmbaren Preisen), eigener Garderobe mit super nettem Personal und ein Raum mit Rechnern und Internetzugang.<\/p>\n<p><strong>09:30<\/strong> Begehbar ist bis 10 Uhr nur die gro\u00dfe, zentrale Glashalle. Die Ausstellungshallen \u00f6ffnen erst um 10 Uhr. Es herrscht schon reger Betrieb und gespannte Vorfreude. Viele Cos-Player sind schon da, viele lagern vor Halle 1, dort ist die Manga-Comic-Convention. <!--more--><br \/>H\u00e4nge vor Halle 4 rum. Versuche Astrid zu erreichen, sie hat aber im Zug keinen Empfang. Ruhe vor dem Sturm.<br \/><a href=\"https:\/\/leckerekekse.de\/wordpress\/wp-content\/uploads\/2015\/03\/IMG_0175.jpg\"><img loading=\"lazy\" decoding=\"async\" class=\" wp-image-2129 size-full aligncenter\" src=\"https:\/\/leckerekekse.de\/wordpress\/wp-content\/uploads\/2015\/03\/IMG_0175.jpg\" alt=\"Messehalle\" width=\"600\" height=\"800\" srcset=\"https:\/\/leckerekekse.de\/wordpress\/wp-content\/uploads\/2015\/03\/IMG_0175.jpg 600w, https:\/\/leckerekekse.de\/wordpress\/wp-content\/uploads\/2015\/03\/IMG_0175-225x300.jpg 225w\" sizes=\"auto, (max-width: 600px) 100vw, 600px\" \/><\/a><br \/><a href=\"https:\/\/leckerekekse.de\/wordpress\/wp-content\/uploads\/2015\/03\/IMG_0181.jpg\"><img loading=\"lazy\" decoding=\"async\" class=\" size-medium wp-image-2131 alignright\" src=\"https:\/\/leckerekekse.de\/wordpress\/wp-content\/uploads\/2015\/03\/IMG_0181-300x225.jpg\" alt=\"Backb\u00fccher\" width=\"300\" height=\"225\" srcset=\"https:\/\/leckerekekse.de\/wordpress\/wp-content\/uploads\/2015\/03\/IMG_0181-300x225.jpg 300w, https:\/\/leckerekekse.de\/wordpress\/wp-content\/uploads\/2015\/03\/IMG_0181.jpg 800w\" sizes=\"auto, (max-width: 300px) 100vw, 300px\" \/><\/a><\/p>\n<p><strong>10:00<\/strong> P\u00fcnktlich treten die Ordner beiseite und ein breiter Menschenstrom flie\u00dft in die Hallen.<br \/>Ich hinterher.<br \/>Halle 4, Stand A105,<br \/><a href=\"https:\/\/www.blv.de\/\" target=\"_blank\" rel=\"noopener noreferrer\">blv-Verlag<\/a>.<br \/>Dort wurde ich zu einem Gespr\u00e4ch erwartet.<br \/>Das sch\u00f6ne Herbstprogramm habe ich mir angesehen und zwei B\u00fccher vom aktuellen Programm zur Besprechung ausgew\u00e4hlt. Ich freue mich schon aufs Backen!<br \/><a href=\"https:\/\/leckerekekse.de\/wordpress\/wp-content\/uploads\/2015\/03\/IMG_9809.jpg\"><img loading=\"lazy\" decoding=\"async\" class=\"alignleft size-medium wp-image-2134\" src=\"https:\/\/leckerekekse.de\/wordpress\/wp-content\/uploads\/2015\/03\/IMG_9809-200x300.jpg\" alt=\"Aurelie Bastian\" width=\"200\" height=\"300\" srcset=\"https:\/\/leckerekekse.de\/wordpress\/wp-content\/uploads\/2015\/03\/IMG_9809-200x300.jpg 200w, https:\/\/leckerekekse.de\/wordpress\/wp-content\/uploads\/2015\/03\/IMG_9809.jpg 426w\" sizes=\"auto, (max-width: 200px) 100vw, 200px\" \/><\/a><\/p>\n<p>11:00 <a href=\"http:\/\/www.aureliebastian.de\/\" target=\"_blank\" rel=\"noopener noreferrer\">Aurelie Bastian<\/a> stellt ihr neues Buch vor. Astrid und ich treffen uns endlich und unterhalten uns mit der sehr sympathischen Franz\u00f6sin. Es gibt sehr leckere Kostproben ihrer Backkunst zu testen. Es gibt nat\u00fcrlich <a href=\"https:\/\/leckerekekse.de\/wordpress\/macarons-ein-erfolgserlebnis\/\" target=\"_blank\" rel=\"noopener noreferrer\">Macarons<\/a> und Tartes zum Probieren.<br \/>Sie bietet uns an, spezielle F\u00f6rmchen und Lebensmittelfarbe f\u00fcr uns zu besorgen. Sehr nett!<\/p>\n<p><strong>11:30<\/strong> Astrid ist auch erk\u00e4ltet.<br \/>Was machen wir jetzt? Wir haben uns zwar einige Programmpunkte schon ausgesucht und angekreuzt, aber es ist uns erst mal danach, relativ ziellos durch die Hallen zu streifen. Wir trennen uns, kommen wieder zusammen und genie\u00dfen das Treiben in der Menge tausender Buchliebhaber!<\/p>\n<p><strong>13:00<\/strong> Treffen in der Bloggerlounge. Erstmalig hat die Leipziger Buchmesse f\u00fcr Blogger einen eigenen Bereich zur Verf\u00fcgung gestellt. Hier kann man sich ausruhen, etwas trinken, essen und, vor allem, andere Blogger treffen. Es gibt auch ein kleines Veranstaltungsprogramm. So wurden heute die Nominierten f\u00fcr den Buchpreis eingeladen. Einige sind auch gekommen, darunter auch ein paar der Sieger!<br \/>Einige der Autoren haben hier zum ersten Mal Kontakt zu ihrem Bloggerpaten bekommen. Richtig bekannte Blogger waren hier.\u00a0Moderiert wurden die Veranstaltungen, die wir in der Bloggerlounge besuchten,\u00a0von <a href=\"http:\/\/www.glasperlenspiel13.com\/\" target=\"_blank\" rel=\"noopener noreferrer\">Vera von Glasperlenspiel13<\/a>.<\/p>\n<p><strong>14:00<\/strong> Inoffizielles Bloggertreffen in der Lounge. Sehr nette Bekanntschaften mit bekannten und uns unbekannten Blogs gemacht. Viele kannten sich ganz eindeutig schon pers\u00f6nlich, aber neue Kontakte zu kn\u00fcpfen war sehr einfach und nett. Wie gut, das Astrid unsere Visitenkarten vorher hat drucken lassen.<\/p>\n<p><strong>15:00<\/strong> Erk\u00e4ltet und \u00fcbern\u00e4chtigt wie wir sind, ziehen wir zum blauen Sofa (das dauert schon etwa 20 Minuten; die Wege sind weit und lang) und hoffen auf ein paar Sitzpl\u00e4tze. Nat\u00fcrlich vergeblich. Wir k\u00f6nnen \u00fcber viele K\u00f6pfe hinweg einen kurzen Blick auf Martin Suter erhaschen.<\/p>\n<p><strong>15:30<\/strong> V\u00f6llig erledigt begeben uns auf den R\u00fcckweg und g\u00f6nnen uns ein Taxi zum Hotel.<\/p>\n<p><strong>16:00<\/strong> Wir beziehen unsere Zimmer und genie\u00dfen eine Stunde Ruhe &#8222;mit F\u00fc\u00dfe hoch&#8220;.<\/p>\n<p><strong>17:00<\/strong> Erstaunlich gut erholt machen wir uns zum Abendprogramm auf. Denn die Buchmesse wird von\u00a0Leipzig liest begleitet. Ein weitgehend kostenloses Angebot mit 3200 Veranstaltungen in der Stadt und in der Messe an sehr verschiedenen Orten.<\/p>\n<p><strong>17:35<\/strong> Nach einem sch\u00f6nen Spaziergang landen wir im <a href=\"http:\/\/www.cafe-grundmann.de\/\" target=\"_blank\" rel=\"noopener noreferrer\">Caf\u00e9 Grundmann<\/a>. Hier wollen wir eine Kleinigkeit essen, bevor wir an die Lokalit\u00e4t zu der von uns ausgew\u00e4hlten Lesung weitergehen. Auch in dem Cafe, in dem wir essen, wird nachher eine Lesung stattfinden. Die beiden Frauen am Nachbartisch (sie kommen \u00fcbrigens aus K\u00f6ln&#8230;) wissen auch welche: Julia Jessen liest aus: <a href=\"http:\/\/www.kunstmann.de\/titel-0-0\/alles_wird_hell-1044\/\" target=\"_blank\" rel=\"noopener noreferrer\">Alles wird hell<\/a>. Hm. Auch ein gutes Buch, wie ich geh\u00f6rt habe. Aber wir bleiben bei unserem urspr\u00fcnglichen Plan:<\/p>\n<p><strong>19:30<\/strong> in der Kneipe\u00a0<a href=\"http:\/\/www.horns-erben.de\/\" target=\"_blank\" rel=\"noopener noreferrer\">Horns Erben<\/a> gibt es eine Lesung zu dem Buch &#8222;<a href=\"http:\/\/www.randomhouse.de\/Buch\/Lieber-Mr-Salinger\/Joanna-Rakoff\/e396264.rhd\" target=\"_blank\" rel=\"noopener noreferrer\">Lieber Mr. Salinger&#8220; <\/a> von Joanne Rakoff, moderiert von Karla Paul, die wir noch von ihrem alten Arbeitgeber Lovelybooks kennen. Mehr zu diesem Buch wird es in einer Rezension von Astrid geben.<\/p>\n<p><strong>19:55<\/strong> die Lesung beginnt mit Versp\u00e4tung&#8230;<\/p>\n<p><strong>21:00<\/strong> Wir suchen die Stra\u00dfenbahn, das Hotel und das Bett. Gute Nacht.<\/p>\n<h6>2. Tag, Samstag 14.03.2015<\/h6>\n<p><strong>08:30<\/strong>, wir lassen es mit einem sp\u00e4ten, langen Fr\u00fchst\u00fcck langsam angehen. Schlie\u00dflich wollen wir uns auch mal in Ruhe unterhalten!<\/p>\n<p><strong>11:00<\/strong> Wir sind recht sp\u00e4t an der Messe, allerdings braucht man mit der Bahn auch nicht l\u00e4nger als mit dem Taxi, es ist nur viel voller!<\/p>\n<p><strong>11:15<\/strong> Garderobe ist abgegeben, wir erreichen die ersten Hallen. Was wollten wir heute nochmal machen? Wieder Programm z\u00fccken, nachsehen, absprechen. Gut vorbereitet ist anders&#8230;<\/p>\n<p><strong><a href=\"https:\/\/leckerekekse.de\/wordpress\/wp-content\/uploads\/2015\/03\/IMG_0567-e1426521342354.jpg\"><img loading=\"lazy\" decoding=\"async\" class=\"alignleft wp-image-2154 size-thumbnail\" src=\"https:\/\/leckerekekse.de\/wordpress\/wp-content\/uploads\/2015\/03\/IMG_0567-e1426521342354-150x150.jpg\" alt=\"Gila Lustiger\" width=\"150\" height=\"150\" srcset=\"https:\/\/leckerekekse.de\/wordpress\/wp-content\/uploads\/2015\/03\/IMG_0567-e1426521342354-150x150.jpg 150w, https:\/\/leckerekekse.de\/wordpress\/wp-content\/uploads\/2015\/03\/IMG_0567-e1426521342354-144x144.jpg 144w\" sizes=\"auto, (max-width: 150px) 100vw, 150px\" \/><\/a>11:30<\/strong> Schlendern durch Halle 4, viele Belletristik-Verlage. Nettes Gespr\u00e4ch am Stand des Piper und Berlin Verlag. Habe dort mein Talent als Buchverk\u00e4ufer getestet. Und die Dame war \u00fcberzeugt und kaufte &#8222;<a href=\"https:\/\/leckerekekse.de\/wordpress\/die-schuld-der-anderen\/\" target=\"_blank\" rel=\"noopener noreferrer\">Die Schuld der anderen<\/a>&#8222;. Dieses Jahr waren an vielen der gr\u00f6\u00dferen St\u00e4nde die Messebuchhandlung vertreten, so\u00a0das man direkt vor Ort die ausgestellten B\u00fccher erwerben konnte. War mir letztes Jahr nicht so aufgefallen. (Gila Lustiger habe ich auch gesehen. Ich weiss aber ehrlich gesagt nicht mehr, wann das war).<\/p>\n<p><strong>13:00<\/strong> Wir treffen uns wieder. Am blauen Sofa. Sehr praktisch, es liegt zentral und dort ist es nie langweilig, leider aber auch sehr voll. Wir bleiben noch ein wenig und lauschen Ayelet Gundar-Goshen, die Fragen zu ihrem Buch &#8222;L\u00f6wen wecken&#8220; beantwortet. (Die Buch-Wunschliste w\u00e4chst)<\/p>\n<p><strong>13:30<\/strong> Wir machen uns schon langsam auf den Weg ins Konferenzzentrum, denn dort sollte das Lovelybooks-Treffen stattfinden. Und die Wege in der Messe dauern heute ewig. Der vollste Tag! Die meisten G\u00e4nge und Verbindungen zwischen den Hallen sind One-Way. Wir m\u00fcssen also Umwege machen. Und dann nat\u00fcrlich auch immer mal wieder stehen bleiben und B\u00fccher gucken. Daf\u00fcr sind wir ja auch zur Messe gefahren.<\/p>\n<p><strong>13:45<\/strong> Wir sind fast da. Da f\u00e4llt mir siedendheiss ein, das ich meine Einladung im Hotel vergessen habe. Wie dumm kann man sein? Treffen auf &#8222;<a href=\"https:\/\/irveliest.wordpress.com\/\" target=\"_blank\" rel=\"noopener noreferrer\">Irve<\/a>&#8222;, ich erkenne sie an ihrem Logo, welches auch ihr LB-Avatar ist. Es sind Hunderte von LB-Mitgliedern da. 250 Einladungen wurden vergeben. Man musste bis 14 Uhr vor Ort sein, sp\u00e4terer Einlass sei nicht m\u00f6glich. Also wollten alle p\u00fcnktlich sein, kleinlaut gab ich am Eingang meine nicht vorhandene Einladung bekannt. Ich durfte mich aber zu den anderen mit gleichem Schicksal stellen und wurde nachher auf der G\u00e4steliste (dort hei\u00dfe ich gruenente)\u00a0gefunden und durfte bleiben.<\/p>\n<p><strong>14:10<\/strong> Es gab eine kleine Podiumsdiskussion,\u00a0<a href=\"http:\/\/buzzaldrins.de\/about\/\" target=\"_blank\" rel=\"noopener noreferrer\">Maras<\/a> Film (eine &#8222;Promi&#8220;-Bloggerin wurde einen Tag auf der Messe vom MDR begeitet) wurde gezeigt, drei Verlage waren vertreten und diskutierten mit, Twittereintr\u00e4ge mit passendem Hashtag wurden \u00fcber den Beamer permanent angezeigt,\u00a0<a href=\"http:\/\/www.bettinabelitz.de\/\" target=\"_blank\" rel=\"noopener noreferrer\">Bettina Belitz<\/a> gab eine Pr\u00e4-Premieren-Lesung ihres neuen Buches, Melanie Raabe (<a href=\"http:\/\/www.randomhouse.de\/Buch\/Die-Falle-Roman\/Melanie-Raabe\/e467802.rhd\" target=\"_blank\" rel=\"noopener noreferrer\">Die Falle<\/a>) war auch da und freute sich \u00fcber die positive Resonanz. TinaLiest gab die Moderatorin und l\u00f6ste diese Aufgabe sehr erfrischend und trotzdem souver\u00e4n. Dann gab es noch Geschenke:<\/p>\n<p><a href=\"https:\/\/leckerekekse.de\/wordpress\/wp-content\/uploads\/2015\/03\/IMG_0182.jpg\"><img loading=\"lazy\" decoding=\"async\" class=\"alignleft wp-image-2160 size-medium\" src=\"https:\/\/leckerekekse.de\/wordpress\/wp-content\/uploads\/2015\/03\/IMG_0182-e1426521815272-300x284.jpg\" alt=\"Goodie-Bag\" width=\"300\" height=\"284\" srcset=\"https:\/\/leckerekekse.de\/wordpress\/wp-content\/uploads\/2015\/03\/IMG_0182-e1426521815272-300x284.jpg 300w, https:\/\/leckerekekse.de\/wordpress\/wp-content\/uploads\/2015\/03\/IMG_0182-e1426521815272.jpg 560w\" sizes=\"auto, (max-width: 300px) 100vw, 300px\" \/><\/a> <a href=\"https:\/\/leckerekekse.de\/wordpress\/wp-content\/uploads\/2015\/03\/IMG_0183.jpg\"><img loading=\"lazy\" decoding=\"async\" class=\"alignleft wp-image-2161 size-medium\" src=\"https:\/\/leckerekekse.de\/wordpress\/wp-content\/uploads\/2015\/03\/IMG_0183-e1426521907195-204x300.jpg\" alt=\"IMG_0183\" width=\"204\" height=\"300\" srcset=\"https:\/\/leckerekekse.de\/wordpress\/wp-content\/uploads\/2015\/03\/IMG_0183-e1426521907195-204x300.jpg 204w, https:\/\/leckerekekse.de\/wordpress\/wp-content\/uploads\/2015\/03\/IMG_0183-e1426521907195.jpg 413w\" sizes=\"auto, (max-width: 204px) 100vw, 204px\" \/><\/a><a href=\"https:\/\/leckerekekse.de\/wordpress\/wp-content\/uploads\/2015\/03\/IMG_0580-e1426521709160.jpg\"><img loading=\"lazy\" decoding=\"async\" class=\"alignleft size-medium wp-image-2162\" src=\"https:\/\/leckerekekse.de\/wordpress\/wp-content\/uploads\/2015\/03\/IMG_0580-e1426521709160-225x300.jpg\" alt=\"Cupcakes\" width=\"225\" height=\"300\" srcset=\"https:\/\/leckerekekse.de\/wordpress\/wp-content\/uploads\/2015\/03\/IMG_0580-e1426521709160-225x300.jpg 225w, https:\/\/leckerekekse.de\/wordpress\/wp-content\/uploads\/2015\/03\/IMG_0580-e1426521709160.jpg 480w\" sizes=\"auto, (max-width: 225px) 100vw, 225px\" \/><\/a><br \/>Leckere Cupcakes und Goodie-Bags. Diesmal waren in den Beuteln unterschiedliche B\u00fccher. Dadurch kam es zu anregenden Tauschgespr\u00e4chen. Einige LB-Menschen lernte ich endlich mal pers\u00f6nlich kennen, wo wir uns schon so oft virtuell ausgetauscht haben.<\/p>\n<p><strong>16:30<\/strong> Wir werfen noch einen kurzen Blick auf Jussi Adler-Olsen. Doch um das Interview \u00fcber sein neues Buch &#8222;Verhei\u00dfung&#8220; im Stehen anzuh\u00f6ren, fehlt uns die Kraft. Schade, denn er wirkt sehr humorvoll und gut aufgelegt.<\/p>\n<p>Noch ein paar Bilder vom Tag (und ja, das ist G\u00fcnter Grass!):<\/p>\n<p><a href=\"https:\/\/leckerekekse.de\/wordpress\/wp-content\/uploads\/2015\/03\/IMG_0564-e1426522702601.jpg\"><img loading=\"lazy\" decoding=\"async\" class=\"alignleft size-medium wp-image-2153\" src=\"https:\/\/leckerekekse.de\/wordpress\/wp-content\/uploads\/2015\/03\/IMG_0564-e1426522702601-225x300.jpg\" alt=\"Jussi Adler-Olsen\" width=\"225\" height=\"300\" srcset=\"https:\/\/leckerekekse.de\/wordpress\/wp-content\/uploads\/2015\/03\/IMG_0564-e1426522702601-225x300.jpg 225w, https:\/\/leckerekekse.de\/wordpress\/wp-content\/uploads\/2015\/03\/IMG_0564-e1426522702601.jpg 480w\" sizes=\"auto, (max-width: 225px) 100vw, 225px\" \/><\/a><a href=\"https:\/\/leckerekekse.de\/wordpress\/wp-content\/uploads\/2015\/03\/Grass-e1426523114872.jpg\"><img loading=\"lazy\" decoding=\"async\" class=\"alignleft size-medium wp-image-2166\" src=\"https:\/\/leckerekekse.de\/wordpress\/wp-content\/uploads\/2015\/03\/Grass-e1426523114872-300x191.jpg\" alt=\"Grass\" width=\"300\" height=\"191\" srcset=\"https:\/\/leckerekekse.de\/wordpress\/wp-content\/uploads\/2015\/03\/Grass-e1426523114872-300x191.jpg 300w, https:\/\/leckerekekse.de\/wordpress\/wp-content\/uploads\/2015\/03\/Grass-e1426523114872-1024x651.jpg 1024w, https:\/\/leckerekekse.de\/wordpress\/wp-content\/uploads\/2015\/03\/Grass-e1426523114872-900x572.jpg 900w, https:\/\/leckerekekse.de\/wordpress\/wp-content\/uploads\/2015\/03\/Grass-e1426523114872.jpg 1109w\" sizes=\"auto, (max-width: 300px) 100vw, 300px\" \/><\/a><\/p>\n<p>\u00a0<\/p>\n<p>\u00a0<\/p>\n<p>\u00a0<\/p>\n<p>\u00a0<\/p>\n<p>\u00a0<\/p>\n<p>\u00a0<\/p>\n<p>\u00a0<\/p>\n<p>\u00a0<\/p>\n<p><strong>17:00<\/strong> Heimfahrt. Volle Bahn, wir finden aber einen Sitzplatz.<\/p>\n<p><strong>18:15<\/strong> Abends essen gehen, schwierig, kaum einen Tisch bekommen, dann gab es leckeren Miniflammkuchen und daf\u00fcr Nachtisch, dann ein weiteres Highlight:<\/p>\n<p><strong><a href=\"https:\/\/leckerekekse.de\/wordpress\/wp-content\/uploads\/2015\/03\/IMG_0184-e1426523258669.jpg\"><img loading=\"lazy\" decoding=\"async\" class=\"alignleft size-medium wp-image-2167\" src=\"https:\/\/leckerekekse.de\/wordpress\/wp-content\/uploads\/2015\/03\/IMG_0184-e1426523258669-260x300.jpg\" alt=\"Spiel der Zeit\" width=\"260\" height=\"300\" srcset=\"https:\/\/leckerekekse.de\/wordpress\/wp-content\/uploads\/2015\/03\/IMG_0184-e1426523258669-260x300.jpg 260w, https:\/\/leckerekekse.de\/wordpress\/wp-content\/uploads\/2015\/03\/IMG_0184-e1426523258669.jpg 378w\" sizes=\"auto, (max-width: 260px) 100vw, 260px\" \/><\/a>20:00<\/strong> Lesung im ehrw\u00fcrdigen alten Rathaussaal mit Ulla Hahn. Sie war auf der Messe, weil sie ein neues Projekt der Stadt Monheim vorstellte:\u00a0 das\u00a0Ulla-Hahn-Haus.<br \/>Und weil sie schon mal in der Stadt sei, k\u00f6nnte sie auch etwas vorlesen.<br \/>Der Saal bot ein ehrw\u00fcrdiges Ambiente. Wir hatten eine ungew\u00f6hnliche Perspektive und sa\u00dfen hinter der Autorin.<br \/>Es war nat\u00fcrlich wieder voll, und diesmal geh\u00f6rten wir eher zu den j\u00fcngeren Teilnehmern.<br \/>Bei dieser Gelegenheit konnte ich der Signierm\u00f6glichkeit nicht wiederstehen.<\/p>\n<p><strong>22:00<\/strong> Ab ins Bett<\/p>\n<p>\u00a0<\/p>\n<h6>3. Tag, Sonntag 15.03.2015<\/h6>\n<p><strong>8:00<\/strong> Fr\u00fchst\u00fcck. Schon etwas schlapp. Eigentlich wollten wir diesmal auch etwas von der Stadt sehen, aber Samstag war schlechtes Wetter und heute mit dem Gep\u00e4ck: auch doof.<\/p>\n<p><strong>10:30<\/strong> Messe. Wir sind inzwischen sehr routiniert. Haben aber wieder keinen Plan. Da hilft ein Blick ins Programmheft mit den vielen Kreuzen.<\/p>\n<p><strong><a href=\"https:\/\/leckerekekse.de\/wordpress\/wp-content\/uploads\/2015\/03\/IMG_0588.jpg\"><img loading=\"lazy\" decoding=\"async\" class=\"alignleft wp-image-2155 size-thumbnail\" src=\"https:\/\/leckerekekse.de\/wordpress\/wp-content\/uploads\/2015\/03\/IMG_0588-e1426523780280-150x150.jpg\" alt=\"Nhi Le\" width=\"150\" height=\"150\" srcset=\"https:\/\/leckerekekse.de\/wordpress\/wp-content\/uploads\/2015\/03\/IMG_0588-e1426523780280-150x150.jpg 150w, https:\/\/leckerekekse.de\/wordpress\/wp-content\/uploads\/2015\/03\/IMG_0588-e1426523780280-144x144.jpg 144w\" sizes=\"auto, (max-width: 150px) 100vw, 150px\" \/><\/a>11:00<\/strong> Poetry Slam!!!<br \/>Am Stand der HTWK Hochschule f\u00fcr Technik, Wirtschaft und Kultur Leipzig gibt\u00a0Nhi Le vier St\u00fccke zum Besten.<br \/>Super!<br \/>Und vielen Dank an die K\u00fcnstlerin, das sie danach nur sagte: &#8222;Sch\u00f6n, dass sie sich daf\u00fcr interessieren&#8220; Und das fast erwartete &#8222;in ihrem Alter&#8220; weglie\u00df.<\/p>\n<p><strong><a href=\"https:\/\/leckerekekse.de\/wordpress\/wp-content\/uploads\/2015\/03\/IMG_0185-e1426523874804.jpg\"><img loading=\"lazy\" decoding=\"async\" class=\"alignright wp-image-2171 size-thumbnail\" src=\"https:\/\/leckerekekse.de\/wordpress\/wp-content\/uploads\/2015\/03\/IMG_0185-e1426523874804-150x150.jpg\" alt=\"Souvenirs\" width=\"150\" height=\"150\" srcset=\"https:\/\/leckerekekse.de\/wordpress\/wp-content\/uploads\/2015\/03\/IMG_0185-e1426523874804-150x150.jpg 150w, https:\/\/leckerekekse.de\/wordpress\/wp-content\/uploads\/2015\/03\/IMG_0185-e1426523874804-144x144.jpg 144w\" sizes=\"auto, (max-width: 150px) 100vw, 150px\" \/><\/a>11:30<\/strong> Sch\u00f6nes, zielloses Bummeln, ein paar Foto machen, ein paar Souvenirs kaufen. So macht Messe viel Spa\u00df!<\/p>\n<p><strong>13:00<\/strong> Bloggerlounge. Laut Programmpunkt: <strong>&#8222;<b>DIE UNABH\u00c4NGIGEN <\/b>Vertreter der unabh\u00e4ngigen Verlage treffen auf Blogger&#8220; <\/strong>\u00dcberraschend leer, Veranstaltung in der Lounge mit sehr wenig Teilnehmern, es war auch nur ein Verlag , <a href=\"https:\/\/www.voland-quist.de\/\" target=\"_blank\" rel=\"noopener noreferrer\">Voland &amp; Quist <\/a>und einer deren Autoren,\u00a0<a href=\"http:\/\/www.juliusfischer.de\/\" target=\"_blank\" rel=\"noopener noreferrer\">Julius Fischer, da. Die hatten aber sehr interessantes, witziges und spannendes zu erz\u00e4hlen.\u00a0 Die nicht Anwesenden haben was verpasst!<\/a><\/p>\n<p><strong>13:45<\/strong> Dann musste\u00a0Astrid leider fahren.<\/p>\n<p><strong>14:00<\/strong> Und ich st\u00fcrzte mich nochmal\u00a0in die Hallen: ein wenig MDR, ein wenig blaues Sofa, \u00fcberall Sitzplatz gefunden!!! Der Tag bietet zwar weniger Veranstaltungen, daf\u00fcr kann man alles besser geniessen.<\/p>\n<p><strong>14:30 <\/strong>Michel Bergmann im Gespr\u00e4ch \u00fcber seinen Roman &#8222;<a href=\"http:\/\/www.doerlemann.com\/?id=556&amp;k=2&amp;sk=2&amp;tb=&amp;bioid=310\" target=\"_blank\" rel=\"noopener noreferrer\">Weinhebers Koffer<\/a>&#8222;. Auf der Wunschliste notiert und heute direkt in der B\u00fccherei vorgemerkt.<br \/><a href=\"https:\/\/leckerekekse.de\/wordpress\/wp-content\/uploads\/2015\/03\/IMG_0592-e1426524030646.jpg\"><img loading=\"lazy\" decoding=\"async\" class=\"aligncenter wp-image-2156 size-full\" src=\"https:\/\/leckerekekse.de\/wordpress\/wp-content\/uploads\/2015\/03\/IMG_0592-e1426524030646.jpg\" alt=\"Michel Bergmann\" width=\"480\" height=\"640\" srcset=\"https:\/\/leckerekekse.de\/wordpress\/wp-content\/uploads\/2015\/03\/IMG_0592-e1426524030646.jpg 480w, https:\/\/leckerekekse.de\/wordpress\/wp-content\/uploads\/2015\/03\/IMG_0592-e1426524030646-225x300.jpg 225w\" sizes=\"auto, (max-width: 480px) 100vw, 480px\" \/><\/a><\/p>\n<p><strong>15:00<\/strong> Wolfgang Tischer vom <a href=\"http:\/\/www.literaturcafe.de\/\" target=\"_blank\" rel=\"noopener noreferrer\">Literaturcaf\u00e9 <\/a>moderierte das Gespr\u00e4ch &#8222;Was erwarten Blogger von Verlagen und Autoren&#8220;. Interessant und Sitzplatz mit Lehne!!!<br \/><a href=\"https:\/\/leckerekekse.de\/wordpress\/wp-content\/uploads\/2015\/03\/IMG_0594.jpg\"><img loading=\"lazy\" decoding=\"async\" class=\"aligncenter wp-image-2157 size-full\" src=\"https:\/\/leckerekekse.de\/wordpress\/wp-content\/uploads\/2015\/03\/IMG_0594-e1426524182687.jpg\" alt=\"Blogger\" width=\"640\" height=\"480\" srcset=\"https:\/\/leckerekekse.de\/wordpress\/wp-content\/uploads\/2015\/03\/IMG_0594-e1426524182687.jpg 640w, https:\/\/leckerekekse.de\/wordpress\/wp-content\/uploads\/2015\/03\/IMG_0594-e1426524182687-300x225.jpg 300w\" sizes=\"auto, (max-width: 640px) 100vw, 640px\" \/><\/a><\/p>\n<p><strong>16:00<\/strong> Live-Sendung des MDR mit Arno Geiger beginnt. Aber 90 Minuten ohne Sitzplatz! Nein. Das schaffe ich nicht mehr. Ausserdem sehe ich ihn am Freitag in K\u00f6ln!<\/p>\n<p><strong>16:15<\/strong> Auf der Messe ist langsam Exodus. Viele schlendern Richtung Ausgang, ich zum Pressezentrum. Tee trinken, Obstsalat und K\u00e4sebr\u00f6tchen. Flasche Wasser. Ich habe echt viel zu wenig getrunken die letzten Tage.<\/p>\n<p><strong>17:00<\/strong> Dann setze ich mich gem\u00fctlich in den fast leeren Arbeitsraum f\u00fcr Journalisten, sch\u00e4me mich f\u00fcr mein 4-Finger-System und fange an diesen Bericht zu tippen.<\/p>\n<p><a href=\"https:\/\/leckerekekse.de\/wordpress\/wp-content\/uploads\/2015\/03\/IMG_0013.jpg\"><img loading=\"lazy\" decoding=\"async\" class=\"aligncenter wp-image-2143 size-full\" src=\"https:\/\/leckerekekse.de\/wordpress\/wp-content\/uploads\/2015\/03\/IMG_0013.jpg\" alt=\"Buchmesse\" width=\"427\" height=\"640\" srcset=\"https:\/\/leckerekekse.de\/wordpress\/wp-content\/uploads\/2015\/03\/IMG_0013.jpg 427w, https:\/\/leckerekekse.de\/wordpress\/wp-content\/uploads\/2015\/03\/IMG_0013-200x300.jpg 200w\" sizes=\"auto, (max-width: 427px) 100vw, 427px\" \/><\/a><\/p>\n<p><strong>18:00<\/strong>\u00a0 Abflug. Leider noch nicht nach K\u00f6ln, erst Richtung Flughafen. Dort lese ich in <a href=\"http:\/\/www.suhrkamp.de\/buecher\/erinnerungen_an_eine_ehe-louis_begley_42392.html\" target=\"_blank\" rel=\"noopener noreferrer\">Erinnerungen an eine Ehe.<\/a><\/p>\n<p><strong>20:30<\/strong> endlich Boarding. Leider heben wir versp\u00e4tet ab.<\/p>\n<p><strong>22:15<\/strong> Nach einer kurzen Autofahrt vom Flughafen (danke, lieber G\u00f6ttergatte) bin ich endlich wieder zu Hause.<\/p>\n<p><a href=\"https:\/\/leckerekekse.de\/wordpress\/wp-content\/uploads\/2015\/03\/IMG_0598.jpg\"><img loading=\"lazy\" decoding=\"async\" class=\"aligncenter wp-image-2158 size-full\" src=\"https:\/\/leckerekekse.de\/wordpress\/wp-content\/uploads\/2015\/03\/IMG_0598-e1426524280211.jpg\" alt=\"IMG_0598\" width=\"640\" height=\"480\" srcset=\"https:\/\/leckerekekse.de\/wordpress\/wp-content\/uploads\/2015\/03\/IMG_0598-e1426524280211.jpg 640w, https:\/\/leckerekekse.de\/wordpress\/wp-content\/uploads\/2015\/03\/IMG_0598-e1426524280211-300x225.jpg 300w\" sizes=\"auto, (max-width: 640px) 100vw, 640px\" \/><\/a><\/p>\n<p>Ich glaube ich habe n\u00e4chstes Jahr, Mitte M\u00e4rz, schon was vor&#8230;<br \/><a href=\"https:\/\/leckerekekse.de\/wordpress\/wp-content\/uploads\/2015\/03\/IMG_0174.jpg\"><img loading=\"lazy\" decoding=\"async\" class=\"aligncenter wp-image-2142 size-full\" src=\"https:\/\/leckerekekse.de\/wordpress\/wp-content\/uploads\/2015\/03\/IMG_0174.jpg\" alt=\"Buchmesse\" width=\"600\" height=\"800\" srcset=\"https:\/\/leckerekekse.de\/wordpress\/wp-content\/uploads\/2015\/03\/IMG_0174.jpg 600w, https:\/\/leckerekekse.de\/wordpress\/wp-content\/uploads\/2015\/03\/IMG_0174-225x300.jpg 225w\" sizes=\"auto, (max-width: 600px) 100vw, 600px\" \/><\/a><\/p>\n<p>\u00a0<\/p>\n\n\n<div class=\"wp-block-image\"><figure class=\"aligncenter\"><img loading=\"lazy\" decoding=\"async\" width=\"300\" height=\"219\" src=\"https:\/\/leckerekekse.de\/wordpress\/wp-content\/uploads\/2016\/04\/Signatur-002-300x219.jpg\" alt=\"\" class=\"wp-image-5977\" srcset=\"https:\/\/leckerekekse.de\/wordpress\/wp-content\/uploads\/2016\/04\/Signatur-002-300x219.jpg 300w, https:\/\/leckerekekse.de\/wordpress\/wp-content\/uploads\/2016\/04\/Signatur-002.jpg 640w\" sizes=\"auto, (max-width: 300px) 100vw, 300px\" \/><\/figure><\/div>\n","protected":false},"excerpt":{"rendered":"<p>1. Tag, Freitag, 13.03.2015 04:50 Aufstehen! Mein Wecker klingelt zwar erst sp\u00e4ter, aber ich bin schon ewig wach. Dem Gef\u00fchl nach habe ich \u00fcberhaupt nicht geschlafen. Bin total erk\u00e4ltet. Super. Fliegen mit Erk\u00e4ltung ist \u00e4tzend. Drei erk\u00e4ltete Messetage sicher auch. Aber da muss ich jetzt durch! 05:45 Autoscheiben freikratzen und los! Mein G\u00f6ttergatte ist so [&hellip;]<\/p>\n","protected":false},"author":2,"featured_media":2142,"comment_status":"open","ping_status":"open","sticky":false,"template":"","format":"standard","meta":{"footnotes":""},"categories":[1,3,19],"tags":[311,310],"class_list":["post-2118","post","type-post","status-publish","format-standard","has-post-thumbnail","hentry","category-allgemein","category-buecher","category-veranstaltungen","tag-buchmesse-leipzig-liest","tag-leipzig"],"yoast_head":"<!-- This site is optimized with the Yoast SEO plugin v27.4 - https:\/\/yoast.com\/product\/yoast-seo-wordpress\/ -->\n<title>Buchmesse Leipzig, ein Tagebuch | Leckere Kekse &amp; mehr<\/title>\n<meta name=\"description\" content=\"Drei Tage Buchmesse 2015 in Leipzig. Soviele EIndr\u00fccke. Um diese zu sortieren habe ich ein Messe-Tagebuch verfasst.\" \/>\n<meta name=\"robots\" content=\"index, follow, max-snippet:-1, max-image-preview:large, max-video-preview:-1\" \/>\n<link rel=\"canonical\" href=\"https:\/\/leckerekekse.de\/wordpress\/buchmesse-leipzig-ein-tagebuch\/\" \/>\n<meta property=\"og:locale\" content=\"de_DE\" \/>\n<meta property=\"og:type\" content=\"article\" \/>\n<meta property=\"og:title\" content=\"Buchmesse Leipzig, ein Tagebuch | Leckere Kekse &amp; mehr\" \/>\n<meta property=\"og:description\" content=\"Drei Tage Buchmesse 2015 in Leipzig. Soviele EIndr\u00fccke. Um diese zu sortieren habe ich ein Messe-Tagebuch verfasst.\" \/>\n<meta property=\"og:url\" content=\"https:\/\/leckerekekse.de\/wordpress\/buchmesse-leipzig-ein-tagebuch\/\" \/>\n<meta property=\"og:site_name\" content=\"Leckere Kekse &amp; mehr\" \/>\n<meta property=\"article:published_time\" content=\"2015-03-16T18:31:06+00:00\" \/>\n<meta property=\"article:modified_time\" content=\"2021-03-27T15:34:48+00:00\" \/>\n<meta property=\"og:image\" content=\"https:\/\/leckerekekse.de\/wordpress\/wp-content\/uploads\/2015\/03\/IMG_0174.jpg\" \/>\n\t<meta property=\"og:image:width\" content=\"600\" \/>\n\t<meta property=\"og:image:height\" content=\"800\" \/>\n\t<meta property=\"og:image:type\" content=\"image\/jpeg\" \/>\n<meta name=\"author\" content=\"Buchlieberin\" \/>\n<meta name=\"twitter:label1\" content=\"Verfasst von\" \/>\n\t<meta name=\"twitter:data1\" content=\"Buchlieberin\" \/>\n\t<meta name=\"twitter:label2\" content=\"Gesch\u00e4tzte Lesezeit\" \/>\n\t<meta name=\"twitter:data2\" content=\"9\u00a0Minuten\" \/>\n<script type=\"application\/ld+json\" class=\"yoast-schema-graph\">{\"@context\":\"https:\\\/\\\/schema.org\",\"@graph\":[{\"@type\":\"Article\",\"@id\":\"https:\\\/\\\/leckerekekse.de\\\/wordpress\\\/buchmesse-leipzig-ein-tagebuch\\\/#article\",\"isPartOf\":{\"@id\":\"https:\\\/\\\/leckerekekse.de\\\/wordpress\\\/buchmesse-leipzig-ein-tagebuch\\\/\"},\"author\":{\"name\":\"Buchlieberin\",\"@id\":\"https:\\\/\\\/leckerekekse.de\\\/wordpress\\\/#\\\/schema\\\/person\\\/aeca9a159c2be36b9bce9092b38c13c8\"},\"headline\":\"Buchmesse Leipzig, ein Tagebuch\",\"datePublished\":\"2015-03-16T18:31:06+00:00\",\"dateModified\":\"2021-03-27T15:34:48+00:00\",\"mainEntityOfPage\":{\"@id\":\"https:\\\/\\\/leckerekekse.de\\\/wordpress\\\/buchmesse-leipzig-ein-tagebuch\\\/\"},\"wordCount\":1874,\"commentCount\":10,\"publisher\":{\"@id\":\"https:\\\/\\\/leckerekekse.de\\\/wordpress\\\/#\\\/schema\\\/person\\\/6e4b2658514a3b7423a1f323400bdc1b\"},\"image\":{\"@id\":\"https:\\\/\\\/leckerekekse.de\\\/wordpress\\\/buchmesse-leipzig-ein-tagebuch\\\/#primaryimage\"},\"thumbnailUrl\":\"https:\\\/\\\/leckerekekse.de\\\/wordpress\\\/wp-content\\\/uploads\\\/2015\\\/03\\\/IMG_0174.jpg\",\"keywords\":[\"Buchmesse. Leipzig liest\",\"Leipzig\"],\"articleSection\":{\"1\":\"B\u00fccher\",\"2\":\"Veranstaltungen\"},\"inLanguage\":\"de\",\"potentialAction\":[{\"@type\":\"CommentAction\",\"name\":\"Comment\",\"target\":[\"https:\\\/\\\/leckerekekse.de\\\/wordpress\\\/buchmesse-leipzig-ein-tagebuch\\\/#respond\"]}]},{\"@type\":\"WebPage\",\"@id\":\"https:\\\/\\\/leckerekekse.de\\\/wordpress\\\/buchmesse-leipzig-ein-tagebuch\\\/\",\"url\":\"https:\\\/\\\/leckerekekse.de\\\/wordpress\\\/buchmesse-leipzig-ein-tagebuch\\\/\",\"name\":\"Buchmesse Leipzig, ein Tagebuch | Leckere Kekse &amp; mehr\",\"isPartOf\":{\"@id\":\"https:\\\/\\\/leckerekekse.de\\\/wordpress\\\/#website\"},\"primaryImageOfPage\":{\"@id\":\"https:\\\/\\\/leckerekekse.de\\\/wordpress\\\/buchmesse-leipzig-ein-tagebuch\\\/#primaryimage\"},\"image\":{\"@id\":\"https:\\\/\\\/leckerekekse.de\\\/wordpress\\\/buchmesse-leipzig-ein-tagebuch\\\/#primaryimage\"},\"thumbnailUrl\":\"https:\\\/\\\/leckerekekse.de\\\/wordpress\\\/wp-content\\\/uploads\\\/2015\\\/03\\\/IMG_0174.jpg\",\"datePublished\":\"2015-03-16T18:31:06+00:00\",\"dateModified\":\"2021-03-27T15:34:48+00:00\",\"description\":\"Drei Tage Buchmesse 2015 in Leipzig. Soviele EIndr\u00fccke. Um diese zu sortieren habe ich ein Messe-Tagebuch verfasst.\",\"breadcrumb\":{\"@id\":\"https:\\\/\\\/leckerekekse.de\\\/wordpress\\\/buchmesse-leipzig-ein-tagebuch\\\/#breadcrumb\"},\"inLanguage\":\"de\",\"potentialAction\":[{\"@type\":\"ReadAction\",\"target\":[\"https:\\\/\\\/leckerekekse.de\\\/wordpress\\\/buchmesse-leipzig-ein-tagebuch\\\/\"]}]},{\"@type\":\"ImageObject\",\"inLanguage\":\"de\",\"@id\":\"https:\\\/\\\/leckerekekse.de\\\/wordpress\\\/buchmesse-leipzig-ein-tagebuch\\\/#primaryimage\",\"url\":\"https:\\\/\\\/leckerekekse.de\\\/wordpress\\\/wp-content\\\/uploads\\\/2015\\\/03\\\/IMG_0174.jpg\",\"contentUrl\":\"https:\\\/\\\/leckerekekse.de\\\/wordpress\\\/wp-content\\\/uploads\\\/2015\\\/03\\\/IMG_0174.jpg\",\"width\":600,\"height\":800},{\"@type\":\"BreadcrumbList\",\"@id\":\"https:\\\/\\\/leckerekekse.de\\\/wordpress\\\/buchmesse-leipzig-ein-tagebuch\\\/#breadcrumb\",\"itemListElement\":[{\"@type\":\"ListItem\",\"position\":1,\"name\":\"Home\",\"item\":\"https:\\\/\\\/leckerekekse.de\\\/wordpress\\\/\"},{\"@type\":\"ListItem\",\"position\":2,\"name\":\"Buchmesse Leipzig, ein Tagebuch\"}]},{\"@type\":\"WebSite\",\"@id\":\"https:\\\/\\\/leckerekekse.de\\\/wordpress\\\/#website\",\"url\":\"https:\\\/\\\/leckerekekse.de\\\/wordpress\\\/\",\"name\":\"Leckere Kekse &amp; mehr\",\"description\":\"Kekse backen, B\u00fccher lesen und mehr\",\"publisher\":{\"@id\":\"https:\\\/\\\/leckerekekse.de\\\/wordpress\\\/#\\\/schema\\\/person\\\/6e4b2658514a3b7423a1f323400bdc1b\"},\"potentialAction\":[{\"@type\":\"SearchAction\",\"target\":{\"@type\":\"EntryPoint\",\"urlTemplate\":\"https:\\\/\\\/leckerekekse.de\\\/wordpress\\\/?s={search_term_string}\"},\"query-input\":{\"@type\":\"PropertyValueSpecification\",\"valueRequired\":true,\"valueName\":\"search_term_string\"}}],\"inLanguage\":\"de\"},{\"@type\":[\"Person\",\"Organization\"],\"@id\":\"https:\\\/\\\/leckerekekse.de\\\/wordpress\\\/#\\\/schema\\\/person\\\/6e4b2658514a3b7423a1f323400bdc1b\",\"name\":\"Astrid\",\"logo\":{\"@id\":\"https:\\\/\\\/leckerekekse.de\\\/wordpress\\\/#\\\/schema\\\/person\\\/image\\\/\"},\"sameAs\":[\"https:\\\/\\\/leckerekekse.de\\\/wordpress\"]},{\"@type\":\"Person\",\"@id\":\"https:\\\/\\\/leckerekekse.de\\\/wordpress\\\/#\\\/schema\\\/person\\\/aeca9a159c2be36b9bce9092b38c13c8\",\"name\":\"Buchlieberin\",\"sameAs\":[\"https:\\\/\\\/leckerekekse.de\\\/wordpress\"]}]}<\/script>\n<!-- \/ Yoast SEO plugin. -->","yoast_head_json":{"title":"Buchmesse Leipzig, ein Tagebuch | Leckere Kekse &amp; mehr","description":"Drei Tage Buchmesse 2015 in Leipzig. Soviele EIndr\u00fccke. Um diese zu sortieren habe ich ein Messe-Tagebuch verfasst.","robots":{"index":"index","follow":"follow","max-snippet":"max-snippet:-1","max-image-preview":"max-image-preview:large","max-video-preview":"max-video-preview:-1"},"canonical":"https:\/\/leckerekekse.de\/wordpress\/buchmesse-leipzig-ein-tagebuch\/","og_locale":"de_DE","og_type":"article","og_title":"Buchmesse Leipzig, ein Tagebuch | Leckere Kekse &amp; mehr","og_description":"Drei Tage Buchmesse 2015 in Leipzig. Soviele EIndr\u00fccke. Um diese zu sortieren habe ich ein Messe-Tagebuch verfasst.","og_url":"https:\/\/leckerekekse.de\/wordpress\/buchmesse-leipzig-ein-tagebuch\/","og_site_name":"Leckere Kekse &amp; mehr","article_published_time":"2015-03-16T18:31:06+00:00","article_modified_time":"2021-03-27T15:34:48+00:00","og_image":[{"width":600,"height":800,"url":"https:\/\/leckerekekse.de\/wordpress\/wp-content\/uploads\/2015\/03\/IMG_0174.jpg","type":"image\/jpeg"}],"author":"Buchlieberin","twitter_misc":{"Verfasst von":"Buchlieberin","Gesch\u00e4tzte Lesezeit":"9\u00a0Minuten"},"schema":{"@context":"https:\/\/schema.org","@graph":[{"@type":"Article","@id":"https:\/\/leckerekekse.de\/wordpress\/buchmesse-leipzig-ein-tagebuch\/#article","isPartOf":{"@id":"https:\/\/leckerekekse.de\/wordpress\/buchmesse-leipzig-ein-tagebuch\/"},"author":{"name":"Buchlieberin","@id":"https:\/\/leckerekekse.de\/wordpress\/#\/schema\/person\/aeca9a159c2be36b9bce9092b38c13c8"},"headline":"Buchmesse Leipzig, ein Tagebuch","datePublished":"2015-03-16T18:31:06+00:00","dateModified":"2021-03-27T15:34:48+00:00","mainEntityOfPage":{"@id":"https:\/\/leckerekekse.de\/wordpress\/buchmesse-leipzig-ein-tagebuch\/"},"wordCount":1874,"commentCount":10,"publisher":{"@id":"https:\/\/leckerekekse.de\/wordpress\/#\/schema\/person\/6e4b2658514a3b7423a1f323400bdc1b"},"image":{"@id":"https:\/\/leckerekekse.de\/wordpress\/buchmesse-leipzig-ein-tagebuch\/#primaryimage"},"thumbnailUrl":"https:\/\/leckerekekse.de\/wordpress\/wp-content\/uploads\/2015\/03\/IMG_0174.jpg","keywords":["Buchmesse. Leipzig liest","Leipzig"],"articleSection":{"1":"B\u00fccher","2":"Veranstaltungen"},"inLanguage":"de","potentialAction":[{"@type":"CommentAction","name":"Comment","target":["https:\/\/leckerekekse.de\/wordpress\/buchmesse-leipzig-ein-tagebuch\/#respond"]}]},{"@type":"WebPage","@id":"https:\/\/leckerekekse.de\/wordpress\/buchmesse-leipzig-ein-tagebuch\/","url":"https:\/\/leckerekekse.de\/wordpress\/buchmesse-leipzig-ein-tagebuch\/","name":"Buchmesse Leipzig, ein Tagebuch | Leckere Kekse &amp; mehr","isPartOf":{"@id":"https:\/\/leckerekekse.de\/wordpress\/#website"},"primaryImageOfPage":{"@id":"https:\/\/leckerekekse.de\/wordpress\/buchmesse-leipzig-ein-tagebuch\/#primaryimage"},"image":{"@id":"https:\/\/leckerekekse.de\/wordpress\/buchmesse-leipzig-ein-tagebuch\/#primaryimage"},"thumbnailUrl":"https:\/\/leckerekekse.de\/wordpress\/wp-content\/uploads\/2015\/03\/IMG_0174.jpg","datePublished":"2015-03-16T18:31:06+00:00","dateModified":"2021-03-27T15:34:48+00:00","description":"Drei Tage Buchmesse 2015 in Leipzig. Soviele EIndr\u00fccke. Um diese zu sortieren habe ich ein Messe-Tagebuch verfasst.","breadcrumb":{"@id":"https:\/\/leckerekekse.de\/wordpress\/buchmesse-leipzig-ein-tagebuch\/#breadcrumb"},"inLanguage":"de","potentialAction":[{"@type":"ReadAction","target":["https:\/\/leckerekekse.de\/wordpress\/buchmesse-leipzig-ein-tagebuch\/"]}]},{"@type":"ImageObject","inLanguage":"de","@id":"https:\/\/leckerekekse.de\/wordpress\/buchmesse-leipzig-ein-tagebuch\/#primaryimage","url":"https:\/\/leckerekekse.de\/wordpress\/wp-content\/uploads\/2015\/03\/IMG_0174.jpg","contentUrl":"https:\/\/leckerekekse.de\/wordpress\/wp-content\/uploads\/2015\/03\/IMG_0174.jpg","width":600,"height":800},{"@type":"BreadcrumbList","@id":"https:\/\/leckerekekse.de\/wordpress\/buchmesse-leipzig-ein-tagebuch\/#breadcrumb","itemListElement":[{"@type":"ListItem","position":1,"name":"Home","item":"https:\/\/leckerekekse.de\/wordpress\/"},{"@type":"ListItem","position":2,"name":"Buchmesse Leipzig, ein Tagebuch"}]},{"@type":"WebSite","@id":"https:\/\/leckerekekse.de\/wordpress\/#website","url":"https:\/\/leckerekekse.de\/wordpress\/","name":"Leckere Kekse &amp; mehr","description":"Kekse backen, B\u00fccher lesen und mehr","publisher":{"@id":"https:\/\/leckerekekse.de\/wordpress\/#\/schema\/person\/6e4b2658514a3b7423a1f323400bdc1b"},"potentialAction":[{"@type":"SearchAction","target":{"@type":"EntryPoint","urlTemplate":"https:\/\/leckerekekse.de\/wordpress\/?s={search_term_string}"},"query-input":{"@type":"PropertyValueSpecification","valueRequired":true,"valueName":"search_term_string"}}],"inLanguage":"de"},{"@type":["Person","Organization"],"@id":"https:\/\/leckerekekse.de\/wordpress\/#\/schema\/person\/6e4b2658514a3b7423a1f323400bdc1b","name":"Astrid","logo":{"@id":"https:\/\/leckerekekse.de\/wordpress\/#\/schema\/person\/image\/"},"sameAs":["https:\/\/leckerekekse.de\/wordpress"]},{"@type":"Person","@id":"https:\/\/leckerekekse.de\/wordpress\/#\/schema\/person\/aeca9a159c2be36b9bce9092b38c13c8","name":"Buchlieberin","sameAs":["https:\/\/leckerekekse.de\/wordpress"]}]}},"_links":{"self":[{"href":"https:\/\/leckerekekse.de\/wordpress\/wp-json\/wp\/v2\/posts\/2118","targetHints":{"allow":["GET"]}}],"collection":[{"href":"https:\/\/leckerekekse.de\/wordpress\/wp-json\/wp\/v2\/posts"}],"about":[{"href":"https:\/\/leckerekekse.de\/wordpress\/wp-json\/wp\/v2\/types\/post"}],"author":[{"embeddable":true,"href":"https:\/\/leckerekekse.de\/wordpress\/wp-json\/wp\/v2\/users\/2"}],"replies":[{"embeddable":true,"href":"https:\/\/leckerekekse.de\/wordpress\/wp-json\/wp\/v2\/comments?post=2118"}],"version-history":[{"count":3,"href":"https:\/\/leckerekekse.de\/wordpress\/wp-json\/wp\/v2\/posts\/2118\/revisions"}],"predecessor-version":[{"id":16331,"href":"https:\/\/leckerekekse.de\/wordpress\/wp-json\/wp\/v2\/posts\/2118\/revisions\/16331"}],"wp:featuredmedia":[{"embeddable":true,"href":"https:\/\/leckerekekse.de\/wordpress\/wp-json\/wp\/v2\/media\/2142"}],"wp:attachment":[{"href":"https:\/\/leckerekekse.de\/wordpress\/wp-json\/wp\/v2\/media?parent=2118"}],"wp:term":[{"taxonomy":"category","embeddable":true,"href":"https:\/\/leckerekekse.de\/wordpress\/wp-json\/wp\/v2\/categories?post=2118"},{"taxonomy":"post_tag","embeddable":true,"href":"https:\/\/leckerekekse.de\/wordpress\/wp-json\/wp\/v2\/tags?post=2118"}],"curies":[{"name":"wp","href":"https:\/\/api.w.org\/{rel}","templated":true}]}}