{"id":2682,"date":"2015-05-14T07:14:41","date_gmt":"2015-05-14T05:14:41","guid":{"rendered":"http:\/\/leckerekekse.de\/wordpress\/?p=2682"},"modified":"2019-09-17T15:16:16","modified_gmt":"2019-09-17T13:16:16","slug":"der-verdacht","status":"publish","type":"post","link":"https:\/\/leckerekekse.de\/wordpress\/der-verdacht\/","title":{"rendered":"Der Verdacht"},"content":{"rendered":"<h5 style=\"text-align: center;\">Mal wieder einen Klassiker lesen!<\/h5>\n<p><img loading=\"lazy\" decoding=\"async\" class=\" size-full wp-image-2683 aligncenter\" src=\"https:\/\/leckerekekse.de\/wordpress\/wp-content\/uploads\/2015\/04\/978-3-257-21436-9.jpg\" alt=\"Verdacht\" width=\"503\" height=\"800\" srcset=\"https:\/\/leckerekekse.de\/wordpress\/wp-content\/uploads\/2015\/04\/978-3-257-21436-9.jpg 503w, https:\/\/leckerekekse.de\/wordpress\/wp-content\/uploads\/2015\/04\/978-3-257-21436-9-189x300.jpg 189w\" sizes=\"auto, (max-width: 503px) 100vw, 503px\" \/><\/p>\n<p>B\u00e4rlach (aus der Richter und sein Henker bekannt) liegt im Krankenhaus.<\/p>\n<p>Er hat Krebs. Es ist sehr ernst.<\/p>\n<p>Sein Arzt und Freund Hungertobel er\u00f6ffnet ihm, das er etwa noch ein Jahr zu leben hat.<br \/>\nDeshalb wird er auch direkt pensioniert. Ein Umstand, den er \u00e4u\u00dferlich mit Fassung tr\u00e4gt:<\/p>\n<blockquote><p>Man lasse die gro\u00dfen Schurken laufen und stecke die kleinen ein.<\/p><\/blockquote>\n<p>Trotzdem kann man den Kommiss\u00e4r in ihm nicht einfach abstellen.<br \/>\nHungertobel glaubt im Foto eines brutalen KZ-Arztes einen Kollegen zu erkennen: Dr. Emmenberger, der jetzt, in der Nachkriegszeit, in Z\u00fcrich eine lukrative Privatklinik leitet.<br \/>\nDoch das kann nicht sein: Emmenberger war zu der Zeit, als das Foto entstand, in Chile. <!--more--><br \/>\nB\u00e4rlach hat angebissen. Er aktiviert alte Freunde, wie zum Beispiel Gulliver. Ein Jude, der mehrere Konzentrationslager \u00fcberlebte, f\u00fcr tot erkl\u00e4rt wurde und seitdem im Untergrund lebt. Dieser Gulliver musste eine sehr beeindruckende Erscheinung gewesen sein:<\/p>\n<blockquote><p>So sa\u00df nun in der Mitternacht dieser riesenhafte Ahasver bei ihm, dem alten Kommiss\u00e4r, der da todkrank in seinem Bette lag und den Worten des jammervollen Mannes lauschte, den die Geschichte unserer Epoche zu einem d\u00fcsteren, furchterregenden Todesengel geschaffen hatte.<\/p><\/blockquote>\n<p>Gulliver hat sehr viel hinter sich. So hat er den bewussten KZ-Arzt auch selbst gesehen. Jetzt ist sein Lebensziel, die damaligen Verbrecher aufzusp\u00fcren und der Bestrafung zuzuf\u00fchren, oder im Notfall auch selbst zu strafen.<\/p>\n<p>In der Nacht, in der er B\u00e4rlach besucht, kommen viele grausame Erinnerungen hoch:<\/p>\n<blockquote><p>\u2026bei Ostwind wurde geh\u00e4ngt, und bei S\u00fcdwind hetzte man die Hunde auf Juda.<\/p><\/blockquote>\n<p>Auf wenigen Seiten werden durch kurze Beschreibungen die Gr\u00e4uel eines KZs verdeutlicht. Einen besonderen Hass scheint Gulliver auf Lager\u00e4rzte zu haben. Er nennt sie<\/p>\n<blockquote><p>Schmei\u00dffliegen, die sich mit wissenschaftlichem Eifer dem Massenmord hingaben\u2026<\/p><\/blockquote>\n<p>Sein Vision:<\/p>\n<blockquote><p>Mein Gott, Kommissar, la\u00df uns k\u00e4mpfen, da\u00df die Freiheit f\u00fcr alle das gleiche wird, da\u00df sich keiner vor dem anderen f\u00fcr seine Freiheit zu sch\u00e4men hat!<\/p><\/blockquote>\n<p>Ein weiterer Verb\u00fcndeter, der bei der Pr\u00fcfung des Verdachts gegen Emmenberger helfen soll, ist der erfolglose Schriftsteller Fortschig. Obwohl diese Bezeichnung diesem nicht gefallen h\u00e4tte. Er nennt sich selbst <strong>Wortsteller<\/strong>:<\/p>\n<blockquote><p>\u2026ich stelle Worte auf, nicht Schriften!<\/p><\/blockquote>\n<p>So bastelt B\u00e4rlach an seiner Falle f\u00fcr Emmenberger und begibt sich auf eine riskante Reise:<br \/>\num Emmenberger n\u00e4her zu \u00fcberpr\u00fcfen l\u00e4sst sich B\u00e4rlach in dessen Privatklinik \u00fcberf\u00fchren.<\/p>\n<p>Auf dem Weg dorthin erfasst ihn erstmals die Resignation wegen seiner Erkrankung:<\/p>\n<blockquote><p>Zum erstenmal seit seiner Krankheit kam sich B\u00e4rlach als einer vor, dessen Zeit vorbei war, der die Schlacht mit dem Tode, diese unab\u00e4nderliche Schlacht, verloren hatte.<\/p><\/blockquote>\n<p>Und sp\u00e4ter:<\/p>\n<blockquote><p>Ihm wurde kalt. Die K\u00e4lte des Weltalls, diese nur von ferne erahnte, gro\u00dfe, steinige K\u00e4lte senkte sich auf ihn; die fl\u00fcchtige Spur eine Sekunde lang, eine Ewigkeit lang.<\/p><\/blockquote>\n<p>Dieses Wortspiel mit der Zeit ist ein sch\u00f6ner Vorgriff auf den sp\u00e4ter folgenden Showdown. Auf einer \u00e4lteren ausgabe des Buches habe ich ein Bild von einer Uhr gesehen, die auf f\u00fcnf Minuten vor Sieben steht. Wesentlich passender als das Bild der jetzigen Ausgabe.<br \/>\n<a href=\"https:\/\/leckerekekse.de\/wordpress\/wp-content\/uploads\/2015\/05\/image1.png\"><img loading=\"lazy\" decoding=\"async\" class=\"aligncenter wp-image-2827 size-medium\" src=\"https:\/\/leckerekekse.de\/wordpress\/wp-content\/uploads\/2015\/05\/image1-300x225.png\" alt=\"fuenf-vor-sieben\" width=\"300\" height=\"225\" srcset=\"https:\/\/leckerekekse.de\/wordpress\/wp-content\/uploads\/2015\/05\/image1-300x225.png 300w, https:\/\/leckerekekse.de\/wordpress\/wp-content\/uploads\/2015\/05\/image1-1024x768.png 1024w, https:\/\/leckerekekse.de\/wordpress\/wp-content\/uploads\/2015\/05\/image1-1200x900.png 1200w, https:\/\/leckerekekse.de\/wordpress\/wp-content\/uploads\/2015\/05\/image1-900x675.png 900w, https:\/\/leckerekekse.de\/wordpress\/wp-content\/uploads\/2015\/05\/image1.png 2048w\" sizes=\"auto, (max-width: 300px) 100vw, 300px\" \/><\/a><\/p>\n<p>Der Aufenthalt in der Klinik ist sehr riskant, Emmentalers Spezialit\u00e4t sind Operationen ohne Narkose.<\/p>\n<blockquote><p>Er f\u00fcrchtete sich und sch\u00e4mte sich nicht, es zu gestehen.<\/p><\/blockquote>\n<p>B\u00e4rlach ist sich des Risikos also durchaus bewusst und hat sich nicht wegen einer geheimen Todessehnsucht in der Klinik eingeschlichen.<\/p>\n<p>Eine interessante Protagonistin muss ich noch erw\u00e4hnen: Dr. Marlok. Sie wird als Emmenbergers Assistentin eingef\u00fchrt. B\u00e4rlach ist (zu Recht) misstrauisch. Allerdings aus den falschen Gr\u00fcnden:<\/p>\n<blockquote><p>Als Berner waren ihm &gt;&gt;studierte&lt;&lt; Frauen unheimlich.<\/p><\/blockquote>\n<p>Diese Dr. Marlok kommt nur in einigen wenigen Szenen vor. Doch ihr im Buch skizziertes Leben w\u00e4re einen eigenen Roman wert.<br \/>\nDer H\u00f6hepunkt des Romans sind die Diskussionen zwischen Arzt und Opfer, w\u00e4hrend sie auf einen OP-Termin warten. Emmenberger erweckt den Anschein, dass er jeden Sadismus lassen w\u00fcrde, wenn ihm einige Fragen beantwortet werden. So ist auch der Glauben ein Thema in diesem schwierigen Gespr\u00e4ch:<\/p>\n<blockquote><p>\u2026ich glaube an eine Materie\u2026die keinen Gott braucht. Und ich glaube, da\u00df ich bin, als ein Teil dieser Materie, Atom, Kraft, Masse, Molek\u00fcl wie Sie, und da\u00df mir meine Existenz das Recht gibt, zu tun, was ich will.<\/p><\/blockquote>\n<p>In diesem Zusammenhang antwortet Emmenberger auf das \u201e<strong>Warum<\/strong>\u201c seiner Taten:<\/p>\n<blockquote><p>\u2026denn wenn ich einen anderen Menschen t\u00f6te\u2026werde ich frei, werde ich nichts als ein Augenblick. Aber was f\u00fcr ein Augenblick\u2026in diesem zitternden, ohnm\u00e4chtigen, wei\u00dfen Fleisch unter meinem Messer spiegelt sich <em>mein <\/em>Triumph und <em>meine <\/em>Freiheit und nichts au\u00dferdem.<\/p><\/blockquote>\n<p>Spannende Abrechnung mit einem Arzt, der seinen Sadismus an Unschuldigen auslebt.<\/p>\n<p>Warum wurde dieses Buch eigentlich nicht verfilmt? Es bietet so viele tolle Figuren und Bilder!<\/p>\n<p>Es lohnt sich, ab und an mal einen Blick in die Schullekt\u00fcren zu werfen!<\/p>\n<p>&#x264c;<\/p>\n<p class=\"erster\">Friedrich D\u00fcrrenmatt: Der Verdacht, Roman, detebe 21436,\u00a0 ISBN 978-3-257-21436-9, 128\u00a0Seiten, \u20ac\u00a0(D)\u00a08.90<\/p>\n<p>&nbsp;<\/p>\n<p>&nbsp;<\/p>\n","protected":false},"excerpt":{"rendered":"<p>Mal wieder einen Klassiker lesen! B\u00e4rlach (aus der Richter und sein Henker bekannt) liegt im Krankenhaus. Er hat Krebs. Es ist sehr ernst. Sein Arzt und Freund Hungertobel er\u00f6ffnet ihm, das er etwa noch ein Jahr zu leben hat. Deshalb wird er auch direkt pensioniert. Ein Umstand, den er \u00e4u\u00dferlich mit Fassung tr\u00e4gt: Man lasse [&hellip;]<\/p>\n","protected":false},"author":2,"featured_media":2683,"comment_status":"open","ping_status":"open","sticky":false,"template":"","format":"standard","meta":{"footnotes":""},"categories":[1,3],"tags":[374,376,457,459,467,375],"class_list":["post-2682","post","type-post","status-publish","format-standard","has-post-thumbnail","hentry","category-allgemein","category-buecher","tag-duerrenmatt","tag-klassiker","tag-literatur","tag-roman","tag-schweiz","tag-verdacht"],"yoast_head":"<!-- This site is optimized with the Yoast SEO plugin v27.5 - https:\/\/yoast.com\/product\/yoast-seo-wordpress\/ -->\n<title>Der Verdacht | Leckere Kekse &amp; mehr<\/title>\n<meta name=\"description\" content=\"Der Verdacht von Friedrich D\u00fcrrenmatt ist ein spannender Roman und doch ein Klassiker, der viele Themen streift, die auch heute noch aktuell sind.\" \/>\n<meta name=\"robots\" content=\"index, follow, max-snippet:-1, max-image-preview:large, max-video-preview:-1\" \/>\n<link rel=\"canonical\" href=\"https:\/\/leckerekekse.de\/wordpress\/der-verdacht\/\" \/>\n<meta property=\"og:locale\" content=\"de_DE\" \/>\n<meta property=\"og:type\" content=\"article\" \/>\n<meta property=\"og:title\" content=\"Der Verdacht | Leckere Kekse &amp; mehr\" \/>\n<meta property=\"og:description\" content=\"Der Verdacht von Friedrich D\u00fcrrenmatt ist ein spannender Roman und doch ein Klassiker, der viele Themen streift, die auch heute noch aktuell sind.\" \/>\n<meta property=\"og:url\" content=\"https:\/\/leckerekekse.de\/wordpress\/der-verdacht\/\" \/>\n<meta property=\"og:site_name\" content=\"Leckere Kekse &amp; mehr\" \/>\n<meta property=\"article:published_time\" content=\"2015-05-14T05:14:41+00:00\" \/>\n<meta property=\"article:modified_time\" content=\"2019-09-17T13:16:16+00:00\" \/>\n<meta property=\"og:image\" content=\"https:\/\/leckerekekse.de\/wordpress\/wp-content\/uploads\/2015\/04\/978-3-257-21436-9.jpg\" \/>\n\t<meta property=\"og:image:width\" content=\"503\" \/>\n\t<meta property=\"og:image:height\" content=\"800\" \/>\n\t<meta property=\"og:image:type\" content=\"image\/jpeg\" \/>\n<meta name=\"author\" content=\"Buchlieberin\" \/>\n<meta name=\"twitter:label1\" content=\"Verfasst von\" \/>\n\t<meta name=\"twitter:data1\" content=\"Buchlieberin\" \/>\n\t<meta name=\"twitter:label2\" content=\"Gesch\u00e4tzte Lesezeit\" \/>\n\t<meta name=\"twitter:data2\" content=\"4\u00a0Minuten\" \/>\n<script type=\"application\/ld+json\" class=\"yoast-schema-graph\">{\"@context\":\"https:\\\/\\\/schema.org\",\"@graph\":[{\"@type\":\"Article\",\"@id\":\"https:\\\/\\\/leckerekekse.de\\\/wordpress\\\/der-verdacht\\\/#article\",\"isPartOf\":{\"@id\":\"https:\\\/\\\/leckerekekse.de\\\/wordpress\\\/der-verdacht\\\/\"},\"author\":{\"name\":\"Buchlieberin\",\"@id\":\"https:\\\/\\\/leckerekekse.de\\\/wordpress\\\/#\\\/schema\\\/person\\\/aeca9a159c2be36b9bce9092b38c13c8\"},\"headline\":\"Der Verdacht\",\"datePublished\":\"2015-05-14T05:14:41+00:00\",\"dateModified\":\"2019-09-17T13:16:16+00:00\",\"mainEntityOfPage\":{\"@id\":\"https:\\\/\\\/leckerekekse.de\\\/wordpress\\\/der-verdacht\\\/\"},\"wordCount\":842,\"commentCount\":0,\"publisher\":{\"@id\":\"https:\\\/\\\/leckerekekse.de\\\/wordpress\\\/#\\\/schema\\\/person\\\/6e4b2658514a3b7423a1f323400bdc1b\"},\"image\":{\"@id\":\"https:\\\/\\\/leckerekekse.de\\\/wordpress\\\/der-verdacht\\\/#primaryimage\"},\"thumbnailUrl\":\"https:\\\/\\\/leckerekekse.de\\\/wordpress\\\/wp-content\\\/uploads\\\/2015\\\/04\\\/978-3-257-21436-9.jpg\",\"keywords\":[\"D\u00fcrrenmatt\",\"Klassiker\",\"Literatur\",\"Roman\",\"Schweiz\",\"Verdacht\"],\"articleSection\":{\"1\":\"B\u00fccher\"},\"inLanguage\":\"de\",\"potentialAction\":[{\"@type\":\"CommentAction\",\"name\":\"Comment\",\"target\":[\"https:\\\/\\\/leckerekekse.de\\\/wordpress\\\/der-verdacht\\\/#respond\"]}]},{\"@type\":\"WebPage\",\"@id\":\"https:\\\/\\\/leckerekekse.de\\\/wordpress\\\/der-verdacht\\\/\",\"url\":\"https:\\\/\\\/leckerekekse.de\\\/wordpress\\\/der-verdacht\\\/\",\"name\":\"Der Verdacht | Leckere Kekse &amp; mehr\",\"isPartOf\":{\"@id\":\"https:\\\/\\\/leckerekekse.de\\\/wordpress\\\/#website\"},\"primaryImageOfPage\":{\"@id\":\"https:\\\/\\\/leckerekekse.de\\\/wordpress\\\/der-verdacht\\\/#primaryimage\"},\"image\":{\"@id\":\"https:\\\/\\\/leckerekekse.de\\\/wordpress\\\/der-verdacht\\\/#primaryimage\"},\"thumbnailUrl\":\"https:\\\/\\\/leckerekekse.de\\\/wordpress\\\/wp-content\\\/uploads\\\/2015\\\/04\\\/978-3-257-21436-9.jpg\",\"datePublished\":\"2015-05-14T05:14:41+00:00\",\"dateModified\":\"2019-09-17T13:16:16+00:00\",\"description\":\"Der Verdacht von Friedrich D\u00fcrrenmatt ist ein spannender Roman und doch ein Klassiker, der viele Themen streift, die auch heute noch aktuell sind.\",\"breadcrumb\":{\"@id\":\"https:\\\/\\\/leckerekekse.de\\\/wordpress\\\/der-verdacht\\\/#breadcrumb\"},\"inLanguage\":\"de\",\"potentialAction\":[{\"@type\":\"ReadAction\",\"target\":[\"https:\\\/\\\/leckerekekse.de\\\/wordpress\\\/der-verdacht\\\/\"]}]},{\"@type\":\"ImageObject\",\"inLanguage\":\"de\",\"@id\":\"https:\\\/\\\/leckerekekse.de\\\/wordpress\\\/der-verdacht\\\/#primaryimage\",\"url\":\"https:\\\/\\\/leckerekekse.de\\\/wordpress\\\/wp-content\\\/uploads\\\/2015\\\/04\\\/978-3-257-21436-9.jpg\",\"contentUrl\":\"https:\\\/\\\/leckerekekse.de\\\/wordpress\\\/wp-content\\\/uploads\\\/2015\\\/04\\\/978-3-257-21436-9.jpg\",\"width\":503,\"height\":800},{\"@type\":\"BreadcrumbList\",\"@id\":\"https:\\\/\\\/leckerekekse.de\\\/wordpress\\\/der-verdacht\\\/#breadcrumb\",\"itemListElement\":[{\"@type\":\"ListItem\",\"position\":1,\"name\":\"Home\",\"item\":\"https:\\\/\\\/leckerekekse.de\\\/wordpress\\\/\"},{\"@type\":\"ListItem\",\"position\":2,\"name\":\"Der Verdacht\"}]},{\"@type\":\"WebSite\",\"@id\":\"https:\\\/\\\/leckerekekse.de\\\/wordpress\\\/#website\",\"url\":\"https:\\\/\\\/leckerekekse.de\\\/wordpress\\\/\",\"name\":\"Leckere Kekse &amp; mehr\",\"description\":\"Kekse backen, B\u00fccher lesen und mehr\",\"publisher\":{\"@id\":\"https:\\\/\\\/leckerekekse.de\\\/wordpress\\\/#\\\/schema\\\/person\\\/6e4b2658514a3b7423a1f323400bdc1b\"},\"potentialAction\":[{\"@type\":\"SearchAction\",\"target\":{\"@type\":\"EntryPoint\",\"urlTemplate\":\"https:\\\/\\\/leckerekekse.de\\\/wordpress\\\/?s={search_term_string}\"},\"query-input\":{\"@type\":\"PropertyValueSpecification\",\"valueRequired\":true,\"valueName\":\"search_term_string\"}}],\"inLanguage\":\"de\"},{\"@type\":[\"Person\",\"Organization\"],\"@id\":\"https:\\\/\\\/leckerekekse.de\\\/wordpress\\\/#\\\/schema\\\/person\\\/6e4b2658514a3b7423a1f323400bdc1b\",\"name\":\"Astrid\",\"logo\":{\"@id\":\"https:\\\/\\\/leckerekekse.de\\\/wordpress\\\/#\\\/schema\\\/person\\\/image\\\/\"},\"sameAs\":[\"https:\\\/\\\/leckerekekse.de\\\/wordpress\"]},{\"@type\":\"Person\",\"@id\":\"https:\\\/\\\/leckerekekse.de\\\/wordpress\\\/#\\\/schema\\\/person\\\/aeca9a159c2be36b9bce9092b38c13c8\",\"name\":\"Buchlieberin\",\"sameAs\":[\"https:\\\/\\\/leckerekekse.de\\\/wordpress\"]}]}<\/script>\n<!-- \/ Yoast SEO plugin. -->","yoast_head_json":{"title":"Der Verdacht | Leckere Kekse &amp; mehr","description":"Der Verdacht von Friedrich D\u00fcrrenmatt ist ein spannender Roman und doch ein Klassiker, der viele Themen streift, die auch heute noch aktuell sind.","robots":{"index":"index","follow":"follow","max-snippet":"max-snippet:-1","max-image-preview":"max-image-preview:large","max-video-preview":"max-video-preview:-1"},"canonical":"https:\/\/leckerekekse.de\/wordpress\/der-verdacht\/","og_locale":"de_DE","og_type":"article","og_title":"Der Verdacht | Leckere Kekse &amp; mehr","og_description":"Der Verdacht von Friedrich D\u00fcrrenmatt ist ein spannender Roman und doch ein Klassiker, der viele Themen streift, die auch heute noch aktuell sind.","og_url":"https:\/\/leckerekekse.de\/wordpress\/der-verdacht\/","og_site_name":"Leckere Kekse &amp; mehr","article_published_time":"2015-05-14T05:14:41+00:00","article_modified_time":"2019-09-17T13:16:16+00:00","og_image":[{"width":503,"height":800,"url":"https:\/\/leckerekekse.de\/wordpress\/wp-content\/uploads\/2015\/04\/978-3-257-21436-9.jpg","type":"image\/jpeg"}],"author":"Buchlieberin","twitter_misc":{"Verfasst von":"Buchlieberin","Gesch\u00e4tzte Lesezeit":"4\u00a0Minuten"},"schema":{"@context":"https:\/\/schema.org","@graph":[{"@type":"Article","@id":"https:\/\/leckerekekse.de\/wordpress\/der-verdacht\/#article","isPartOf":{"@id":"https:\/\/leckerekekse.de\/wordpress\/der-verdacht\/"},"author":{"name":"Buchlieberin","@id":"https:\/\/leckerekekse.de\/wordpress\/#\/schema\/person\/aeca9a159c2be36b9bce9092b38c13c8"},"headline":"Der Verdacht","datePublished":"2015-05-14T05:14:41+00:00","dateModified":"2019-09-17T13:16:16+00:00","mainEntityOfPage":{"@id":"https:\/\/leckerekekse.de\/wordpress\/der-verdacht\/"},"wordCount":842,"commentCount":0,"publisher":{"@id":"https:\/\/leckerekekse.de\/wordpress\/#\/schema\/person\/6e4b2658514a3b7423a1f323400bdc1b"},"image":{"@id":"https:\/\/leckerekekse.de\/wordpress\/der-verdacht\/#primaryimage"},"thumbnailUrl":"https:\/\/leckerekekse.de\/wordpress\/wp-content\/uploads\/2015\/04\/978-3-257-21436-9.jpg","keywords":["D\u00fcrrenmatt","Klassiker","Literatur","Roman","Schweiz","Verdacht"],"articleSection":{"1":"B\u00fccher"},"inLanguage":"de","potentialAction":[{"@type":"CommentAction","name":"Comment","target":["https:\/\/leckerekekse.de\/wordpress\/der-verdacht\/#respond"]}]},{"@type":"WebPage","@id":"https:\/\/leckerekekse.de\/wordpress\/der-verdacht\/","url":"https:\/\/leckerekekse.de\/wordpress\/der-verdacht\/","name":"Der Verdacht | Leckere Kekse &amp; mehr","isPartOf":{"@id":"https:\/\/leckerekekse.de\/wordpress\/#website"},"primaryImageOfPage":{"@id":"https:\/\/leckerekekse.de\/wordpress\/der-verdacht\/#primaryimage"},"image":{"@id":"https:\/\/leckerekekse.de\/wordpress\/der-verdacht\/#primaryimage"},"thumbnailUrl":"https:\/\/leckerekekse.de\/wordpress\/wp-content\/uploads\/2015\/04\/978-3-257-21436-9.jpg","datePublished":"2015-05-14T05:14:41+00:00","dateModified":"2019-09-17T13:16:16+00:00","description":"Der Verdacht von Friedrich D\u00fcrrenmatt ist ein spannender Roman und doch ein Klassiker, der viele Themen streift, die auch heute noch aktuell sind.","breadcrumb":{"@id":"https:\/\/leckerekekse.de\/wordpress\/der-verdacht\/#breadcrumb"},"inLanguage":"de","potentialAction":[{"@type":"ReadAction","target":["https:\/\/leckerekekse.de\/wordpress\/der-verdacht\/"]}]},{"@type":"ImageObject","inLanguage":"de","@id":"https:\/\/leckerekekse.de\/wordpress\/der-verdacht\/#primaryimage","url":"https:\/\/leckerekekse.de\/wordpress\/wp-content\/uploads\/2015\/04\/978-3-257-21436-9.jpg","contentUrl":"https:\/\/leckerekekse.de\/wordpress\/wp-content\/uploads\/2015\/04\/978-3-257-21436-9.jpg","width":503,"height":800},{"@type":"BreadcrumbList","@id":"https:\/\/leckerekekse.de\/wordpress\/der-verdacht\/#breadcrumb","itemListElement":[{"@type":"ListItem","position":1,"name":"Home","item":"https:\/\/leckerekekse.de\/wordpress\/"},{"@type":"ListItem","position":2,"name":"Der Verdacht"}]},{"@type":"WebSite","@id":"https:\/\/leckerekekse.de\/wordpress\/#website","url":"https:\/\/leckerekekse.de\/wordpress\/","name":"Leckere Kekse &amp; mehr","description":"Kekse backen, B\u00fccher lesen und mehr","publisher":{"@id":"https:\/\/leckerekekse.de\/wordpress\/#\/schema\/person\/6e4b2658514a3b7423a1f323400bdc1b"},"potentialAction":[{"@type":"SearchAction","target":{"@type":"EntryPoint","urlTemplate":"https:\/\/leckerekekse.de\/wordpress\/?s={search_term_string}"},"query-input":{"@type":"PropertyValueSpecification","valueRequired":true,"valueName":"search_term_string"}}],"inLanguage":"de"},{"@type":["Person","Organization"],"@id":"https:\/\/leckerekekse.de\/wordpress\/#\/schema\/person\/6e4b2658514a3b7423a1f323400bdc1b","name":"Astrid","logo":{"@id":"https:\/\/leckerekekse.de\/wordpress\/#\/schema\/person\/image\/"},"sameAs":["https:\/\/leckerekekse.de\/wordpress"]},{"@type":"Person","@id":"https:\/\/leckerekekse.de\/wordpress\/#\/schema\/person\/aeca9a159c2be36b9bce9092b38c13c8","name":"Buchlieberin","sameAs":["https:\/\/leckerekekse.de\/wordpress"]}]}},"_links":{"self":[{"href":"https:\/\/leckerekekse.de\/wordpress\/wp-json\/wp\/v2\/posts\/2682","targetHints":{"allow":["GET"]}}],"collection":[{"href":"https:\/\/leckerekekse.de\/wordpress\/wp-json\/wp\/v2\/posts"}],"about":[{"href":"https:\/\/leckerekekse.de\/wordpress\/wp-json\/wp\/v2\/types\/post"}],"author":[{"embeddable":true,"href":"https:\/\/leckerekekse.de\/wordpress\/wp-json\/wp\/v2\/users\/2"}],"replies":[{"embeddable":true,"href":"https:\/\/leckerekekse.de\/wordpress\/wp-json\/wp\/v2\/comments?post=2682"}],"version-history":[{"count":5,"href":"https:\/\/leckerekekse.de\/wordpress\/wp-json\/wp\/v2\/posts\/2682\/revisions"}],"predecessor-version":[{"id":14154,"href":"https:\/\/leckerekekse.de\/wordpress\/wp-json\/wp\/v2\/posts\/2682\/revisions\/14154"}],"wp:featuredmedia":[{"embeddable":true,"href":"https:\/\/leckerekekse.de\/wordpress\/wp-json\/wp\/v2\/media\/2683"}],"wp:attachment":[{"href":"https:\/\/leckerekekse.de\/wordpress\/wp-json\/wp\/v2\/media?parent=2682"}],"wp:term":[{"taxonomy":"category","embeddable":true,"href":"https:\/\/leckerekekse.de\/wordpress\/wp-json\/wp\/v2\/categories?post=2682"},{"taxonomy":"post_tag","embeddable":true,"href":"https:\/\/leckerekekse.de\/wordpress\/wp-json\/wp\/v2\/tags?post=2682"}],"curies":[{"name":"wp","href":"https:\/\/api.w.org\/{rel}","templated":true}]}}