{"id":3657,"date":"2015-07-09T07:05:42","date_gmt":"2015-07-09T05:05:42","guid":{"rendered":"http:\/\/leckerekekse.de\/wordpress\/?p=3657"},"modified":"2021-03-27T16:34:53","modified_gmt":"2021-03-27T15:34:53","slug":"silvias-buecherregal","status":"publish","type":"post","link":"https:\/\/leckerekekse.de\/wordpress\/silvias-buecherregal\/","title":{"rendered":"Silvias B\u00fccherregal"},"content":{"rendered":"<p>&nbsp;<\/p>\n<h4 style=\"text-align: center;\">\u00a0 Mein B\u00fccherregal<\/h4>\n<p style=\"text-align: left;\">Wir haben mehrere Regale, verteilt im ganzen Haus. Unser gr\u00f6\u00dftes Regal steht in einem schmalen Anbau im Wohnzimmer.<\/p>\n<p style=\"text-align: left;\">Es ist unser ganzer Stolz (neben unseren T\u00f6chtern ;)).<\/p>\n<p style=\"text-align: left;\">Es ist vier Meter breit und geht vom Boden bis zur Decke. Es besteht aus acht, jeweils 80 cm breiten, Elementen, mit jeweils 8 B\u00f6den. Drei davon sind in vorderer Reihe auf Schienen angebracht und k\u00f6nnen hin und her geschoben werden. Wir haben es vor sechs Jahren von einem Schreiner auf Ma\u00df anfertigen lassen.<\/p>\n<h4 style=\"text-align: center;\"><a href=\"https:\/\/leckerekekse.de\/wordpress\/wp-content\/uploads\/2015\/06\/IMG_0777-001.jpg\"><img loading=\"lazy\" decoding=\"async\" class=\"aligncenter wp-image-3661 size-full\" src=\"https:\/\/leckerekekse.de\/wordpress\/wp-content\/uploads\/2015\/06\/IMG_0777-001.jpg\" alt=\"IMG_0777-001\" width=\"640\" height=\"480\" srcset=\"https:\/\/leckerekekse.de\/wordpress\/wp-content\/uploads\/2015\/06\/IMG_0777-001.jpg 640w, https:\/\/leckerekekse.de\/wordpress\/wp-content\/uploads\/2015\/06\/IMG_0777-001-300x225.jpg 300w\" sizes=\"auto, (max-width: 640px) 100vw, 640px\" \/><\/a><\/h4>\n<p style=\"text-align: left;\">Inzwischen ist es fast voll. Also 64 laufende Meter B\u00fccher.<\/p>\n<p style=\"text-align: left;\">Ausserdem haben wir verteilt im Wohnzimmer und drei weiteren R\u00e4umen noch 6 weitere Regale in verschiedenen Breiten und Ausf\u00fchrungen.<\/p>\n<p style=\"text-align: left;\">Wieviele B\u00fccher wir besitzen weiss ich nicht. Es kommen auch noch mehrere 100 eBooks hinzu&#8230;<\/p>\n<h6 style=\"text-align: left;\">Sortierung<\/h6>\n<p style=\"text-align: left;\">Generell sind die B\u00fccher im Wohnzimmer in zwei Kategorien aufgeteilt: Krimis und Nicht-Krimis. In den Kategorien sind die B\u00fccher noch nach Autorennamen alphabetisch sortiert. Innerhalb des Autors nach Erscheinungsdatum, obwohl wir da nicht so streng sind.<\/p>\n<p style=\"text-align: left;\">Dann haben unsere T\u00f6chter noch jeweils ein Regal mit Kinder &#8211; und Jugendb\u00fcchern. Und dann gibt es im G\u00e4stezimmer noch ein Regal mit M\u00e4rchen, Sachb\u00fcchern, Science Fiction, Fantasy und Karl May-B\u00fcchern (diese lagerten bis vor kurzem im Haus meiner Schwiegereltern und mussten letzten Sommer umziehen)<\/p>\n<p style=\"text-align: left;\">Wir haben die B\u00fccher gerne sortiert, damit wir sie schnell finden. Wir reden viel \u00fcber B\u00fccher und schauen \u00f6fters mal was nach: Wie hiess noch? Was passierte im letzten Teil von? Wer hat das eine Buch geschrieben?<\/p>\n<p style=\"text-align: left;\">Mein Mann liest auch viel. Und nur eigene, reale B\u00fccher. Ich leihe mir auch gerne mal etwas oder lese digital.<\/p>\n<h6 style=\"text-align: left;\">Mein Buch ist dein Buch<\/h6>\n<p style=\"text-align: left;\">Der Tag, an dem wir in unserer Beziehung die B\u00fcchertrennung aufhoben, war f\u00fcr uns irgendwie bedeutsam. Schwer war es noch zu entscheiden, welcher Band der doppelten B\u00fccher entfernt wird. Das waren aber weniger als zehn B\u00fccher.<\/p>\n<p style=\"text-align: left;\">Wir haben also ein gemeinsames B\u00fccherregal. Trotzdem bleibt ein wenig mein und dein erhalten. N\u00e4mlich beim &#8222;Erst-Leserecht&#8220;. Wenn mein Schatz ein Buch hat, das ich auch gerne lesen will, muss ich warten, bis er damt fertig ist. Das ist manchmal ganz sch\u00f6n schwer.<\/p>\n<h4 style=\"text-align: center;\">Unsere SUB&#8217;s<\/h4>\n<p><a href=\"https:\/\/leckerekekse.de\/wordpress\/wp-content\/uploads\/2015\/06\/IMG_0776-001.jpg\"><img loading=\"lazy\" decoding=\"async\" class=\"aligncenter wp-image-3659 size-full\" src=\"https:\/\/leckerekekse.de\/wordpress\/wp-content\/uploads\/2015\/06\/IMG_0776-001.jpg\" alt=\"IMG_0776-001\" width=\"482\" height=\"640\" srcset=\"https:\/\/leckerekekse.de\/wordpress\/wp-content\/uploads\/2015\/06\/IMG_0776-001.jpg 482w, https:\/\/leckerekekse.de\/wordpress\/wp-content\/uploads\/2015\/06\/IMG_0776-001-226x300.jpg 226w\" sizes=\"auto, (max-width: 482px) 100vw, 482px\" \/><\/a><\/p>\n<p>Vier B\u00f6den unseres Regals sind f\u00fcr unsere SUBs reserviert.<\/p>\n<p>Unten ist der meiner j\u00fcngeren Tochter (12 Jahre alt). Sie hat wechselweise Leseanf\u00e4lle und Leseflauten. Nachmal liest sie auch ein eBook.<\/p>\n<p>Dar\u00fcber, das ungeliebte Regal meiner 14-j\u00e4hrigen. Sie hat lesen leider fast v\u00f6llig aufgegeben. Diese B\u00fccher warten schon seit mindestens einem Jahr darauf gelesen zu werden. Traurig, oder?<\/p>\n<p>Das zweite von oben ist mein Regalbrett. Immer wenn nix mehr hineinpasst fliegt etwas raus. B\u00fccher die dort schon zu lange warten m\u00fcssen woanders hin. Auf Lovelybooks habe ich noch virtuelle SUB-Regale. Dort bleibt alles stehen, bis ich es gelesen habe. Dann gibt es noch ein paar (ca. 250) ungelesene eBooks. F\u00fcr so sammelw\u00fctige Eichh\u00f6rnchen wie mich sind diese kleinen Dateien irgendwie t\u00f6dlich. Um alles lesen zu k\u00f6nnen m\u00fcsste ich schon etwas l\u00e4nger auf eine einsame Insel ohne sonstige Zerstreuung und ohne Buchhandlung.<\/p>\n<p>Das oberste ist meinem G\u00f6ttergatten. Links gestapelt die B\u00fccher f\u00fcr den nahenden Urlaub. Rechts der SUB. Dazu noch ein paar Worte: dieser ist nie st\u00e4rker als 20 B\u00fccher. H\u00f6chstens 10 Krimis und 10 Romane. Es wird immer ein Krimi, ein Roman abwechselnd gelesen. Die Auswahl des n\u00e4chsten Buches ist auch interessant: die Kinder d\u00fcrfen abwechselnd aus den vorhandenen B\u00fcchern einen Krimi und einen Roman ausw\u00e4hlen. So k\u00f6nnen manche B\u00fccher &#8222;ewig&#8220; auf dem SUB verbleiben. Ganz selten darf ich auch mal ein Buch aussuchen&#8230;<\/p>\n<p>Und warum bin ich darauf gekommen euch soviel \u00fcber mein Regal zu erz\u00e4hlen? Dies ist meine erste Beteiligung an einer Blogparade, die Tobi von Lesestunden organisiert hat. Er hat ein wundersch\u00f6nes,\u00a0 nach Farben sortiertes, B\u00fccherregal. Schaut es euch mal an!<\/p>\n<p>&#x264c;<\/p>\n<p>P.S. Astrid bekommt bald ein neues B\u00fccherregal. Das wird sicher einen Beitrag mit tollen Bilder geben!<\/p>\n","protected":false},"excerpt":{"rendered":"<p>&nbsp; \u00a0 Mein B\u00fccherregal Wir haben mehrere Regale, verteilt im ganzen Haus. Unser gr\u00f6\u00dftes Regal steht in einem schmalen Anbau im Wohnzimmer. Es ist unser ganzer Stolz (neben unseren T\u00f6chtern ;)). Es ist vier Meter breit und geht vom Boden bis zur Decke. Es besteht aus acht, jeweils 80 cm breiten, Elementen, mit jeweils 8 [&hellip;]<\/p>\n","protected":false},"author":2,"featured_media":3661,"comment_status":"open","ping_status":"open","sticky":false,"template":"","format":"standard","meta":{"footnotes":""},"categories":[1,3],"tags":[499,500,221,457,459,275],"class_list":["post-3657","post","type-post","status-publish","format-standard","has-post-thumbnail","hentry","category-allgemein","category-buecher","tag-blogtour","tag-buecherregal","tag-krimi","tag-literatur","tag-roman","tag-sub"],"yoast_head":"<!-- This site is optimized with the Yoast SEO plugin v27.4 - https:\/\/yoast.com\/product\/yoast-seo-wordpress\/ -->\n<title>Silvias B\u00fccherregal | Leckere Kekse &amp; mehr<\/title>\n<meta name=\"description\" content=\"Zeigt her eure B\u00fccher! Tobi veranstaltet eine Blogparade mit dem Titel &quot;Mein B\u00fccherregal&quot; und wir sind dabei.\" \/>\n<meta name=\"robots\" content=\"index, follow, max-snippet:-1, max-image-preview:large, max-video-preview:-1\" \/>\n<link rel=\"canonical\" href=\"https:\/\/leckerekekse.de\/wordpress\/silvias-buecherregal\/\" \/>\n<meta property=\"og:locale\" content=\"de_DE\" \/>\n<meta property=\"og:type\" content=\"article\" \/>\n<meta property=\"og:title\" content=\"Silvias B\u00fccherregal | Leckere Kekse &amp; mehr\" \/>\n<meta property=\"og:description\" content=\"Zeigt her eure B\u00fccher! Tobi veranstaltet eine Blogparade mit dem Titel &quot;Mein B\u00fccherregal&quot; und wir sind dabei.\" \/>\n<meta property=\"og:url\" content=\"https:\/\/leckerekekse.de\/wordpress\/silvias-buecherregal\/\" \/>\n<meta property=\"og:site_name\" content=\"Leckere Kekse &amp; mehr\" \/>\n<meta property=\"article:published_time\" content=\"2015-07-09T05:05:42+00:00\" \/>\n<meta property=\"article:modified_time\" content=\"2021-03-27T15:34:53+00:00\" \/>\n<meta property=\"og:image\" content=\"https:\/\/leckerekekse.de\/wordpress\/wp-content\/uploads\/2015\/06\/IMG_0777-001.jpg\" \/>\n\t<meta property=\"og:image:width\" content=\"640\" \/>\n\t<meta property=\"og:image:height\" content=\"480\" \/>\n\t<meta property=\"og:image:type\" content=\"image\/jpeg\" \/>\n<meta name=\"author\" content=\"Buchlieberin\" \/>\n<meta name=\"twitter:label1\" content=\"Verfasst von\" \/>\n\t<meta name=\"twitter:data1\" content=\"Buchlieberin\" \/>\n\t<meta name=\"twitter:label2\" content=\"Gesch\u00e4tzte Lesezeit\" \/>\n\t<meta name=\"twitter:data2\" content=\"3\u00a0Minuten\" \/>\n<script type=\"application\/ld+json\" class=\"yoast-schema-graph\">{\"@context\":\"https:\\\/\\\/schema.org\",\"@graph\":[{\"@type\":\"Article\",\"@id\":\"https:\\\/\\\/leckerekekse.de\\\/wordpress\\\/silvias-buecherregal\\\/#article\",\"isPartOf\":{\"@id\":\"https:\\\/\\\/leckerekekse.de\\\/wordpress\\\/silvias-buecherregal\\\/\"},\"author\":{\"name\":\"Buchlieberin\",\"@id\":\"https:\\\/\\\/leckerekekse.de\\\/wordpress\\\/#\\\/schema\\\/person\\\/aeca9a159c2be36b9bce9092b38c13c8\"},\"headline\":\"Silvias B\u00fccherregal\",\"datePublished\":\"2015-07-09T05:05:42+00:00\",\"dateModified\":\"2021-03-27T15:34:53+00:00\",\"mainEntityOfPage\":{\"@id\":\"https:\\\/\\\/leckerekekse.de\\\/wordpress\\\/silvias-buecherregal\\\/\"},\"wordCount\":688,\"commentCount\":3,\"publisher\":{\"@id\":\"https:\\\/\\\/leckerekekse.de\\\/wordpress\\\/#\\\/schema\\\/person\\\/6e4b2658514a3b7423a1f323400bdc1b\"},\"image\":{\"@id\":\"https:\\\/\\\/leckerekekse.de\\\/wordpress\\\/silvias-buecherregal\\\/#primaryimage\"},\"thumbnailUrl\":\"https:\\\/\\\/leckerekekse.de\\\/wordpress\\\/wp-content\\\/uploads\\\/2015\\\/06\\\/IMG_0777-001.jpg\",\"keywords\":[\"Blogtour\",\"B\u00fccherregal\",\"Krimi\",\"Literatur\",\"Roman\",\"SUB\"],\"articleSection\":{\"1\":\"B\u00fccher\"},\"inLanguage\":\"de\",\"potentialAction\":[{\"@type\":\"CommentAction\",\"name\":\"Comment\",\"target\":[\"https:\\\/\\\/leckerekekse.de\\\/wordpress\\\/silvias-buecherregal\\\/#respond\"]}]},{\"@type\":\"WebPage\",\"@id\":\"https:\\\/\\\/leckerekekse.de\\\/wordpress\\\/silvias-buecherregal\\\/\",\"url\":\"https:\\\/\\\/leckerekekse.de\\\/wordpress\\\/silvias-buecherregal\\\/\",\"name\":\"Silvias B\u00fccherregal | Leckere Kekse &amp; mehr\",\"isPartOf\":{\"@id\":\"https:\\\/\\\/leckerekekse.de\\\/wordpress\\\/#website\"},\"primaryImageOfPage\":{\"@id\":\"https:\\\/\\\/leckerekekse.de\\\/wordpress\\\/silvias-buecherregal\\\/#primaryimage\"},\"image\":{\"@id\":\"https:\\\/\\\/leckerekekse.de\\\/wordpress\\\/silvias-buecherregal\\\/#primaryimage\"},\"thumbnailUrl\":\"https:\\\/\\\/leckerekekse.de\\\/wordpress\\\/wp-content\\\/uploads\\\/2015\\\/06\\\/IMG_0777-001.jpg\",\"datePublished\":\"2015-07-09T05:05:42+00:00\",\"dateModified\":\"2021-03-27T15:34:53+00:00\",\"description\":\"Zeigt her eure B\u00fccher! Tobi veranstaltet eine Blogparade mit dem Titel \\\"Mein B\u00fccherregal\\\" und wir sind dabei.\",\"breadcrumb\":{\"@id\":\"https:\\\/\\\/leckerekekse.de\\\/wordpress\\\/silvias-buecherregal\\\/#breadcrumb\"},\"inLanguage\":\"de\",\"potentialAction\":[{\"@type\":\"ReadAction\",\"target\":[\"https:\\\/\\\/leckerekekse.de\\\/wordpress\\\/silvias-buecherregal\\\/\"]}]},{\"@type\":\"ImageObject\",\"inLanguage\":\"de\",\"@id\":\"https:\\\/\\\/leckerekekse.de\\\/wordpress\\\/silvias-buecherregal\\\/#primaryimage\",\"url\":\"https:\\\/\\\/leckerekekse.de\\\/wordpress\\\/wp-content\\\/uploads\\\/2015\\\/06\\\/IMG_0777-001.jpg\",\"contentUrl\":\"https:\\\/\\\/leckerekekse.de\\\/wordpress\\\/wp-content\\\/uploads\\\/2015\\\/06\\\/IMG_0777-001.jpg\",\"width\":640,\"height\":480},{\"@type\":\"BreadcrumbList\",\"@id\":\"https:\\\/\\\/leckerekekse.de\\\/wordpress\\\/silvias-buecherregal\\\/#breadcrumb\",\"itemListElement\":[{\"@type\":\"ListItem\",\"position\":1,\"name\":\"Home\",\"item\":\"https:\\\/\\\/leckerekekse.de\\\/wordpress\\\/\"},{\"@type\":\"ListItem\",\"position\":2,\"name\":\"Silvias B\u00fccherregal\"}]},{\"@type\":\"WebSite\",\"@id\":\"https:\\\/\\\/leckerekekse.de\\\/wordpress\\\/#website\",\"url\":\"https:\\\/\\\/leckerekekse.de\\\/wordpress\\\/\",\"name\":\"Leckere Kekse &amp; mehr\",\"description\":\"Kekse backen, B\u00fccher lesen und mehr\",\"publisher\":{\"@id\":\"https:\\\/\\\/leckerekekse.de\\\/wordpress\\\/#\\\/schema\\\/person\\\/6e4b2658514a3b7423a1f323400bdc1b\"},\"potentialAction\":[{\"@type\":\"SearchAction\",\"target\":{\"@type\":\"EntryPoint\",\"urlTemplate\":\"https:\\\/\\\/leckerekekse.de\\\/wordpress\\\/?s={search_term_string}\"},\"query-input\":{\"@type\":\"PropertyValueSpecification\",\"valueRequired\":true,\"valueName\":\"search_term_string\"}}],\"inLanguage\":\"de\"},{\"@type\":[\"Person\",\"Organization\"],\"@id\":\"https:\\\/\\\/leckerekekse.de\\\/wordpress\\\/#\\\/schema\\\/person\\\/6e4b2658514a3b7423a1f323400bdc1b\",\"name\":\"Astrid\",\"logo\":{\"@id\":\"https:\\\/\\\/leckerekekse.de\\\/wordpress\\\/#\\\/schema\\\/person\\\/image\\\/\"},\"sameAs\":[\"https:\\\/\\\/leckerekekse.de\\\/wordpress\"]},{\"@type\":\"Person\",\"@id\":\"https:\\\/\\\/leckerekekse.de\\\/wordpress\\\/#\\\/schema\\\/person\\\/aeca9a159c2be36b9bce9092b38c13c8\",\"name\":\"Buchlieberin\",\"sameAs\":[\"https:\\\/\\\/leckerekekse.de\\\/wordpress\"]}]}<\/script>\n<!-- \/ Yoast SEO plugin. -->","yoast_head_json":{"title":"Silvias B\u00fccherregal | Leckere Kekse &amp; mehr","description":"Zeigt her eure B\u00fccher! Tobi veranstaltet eine Blogparade mit dem Titel \"Mein B\u00fccherregal\" und wir sind dabei.","robots":{"index":"index","follow":"follow","max-snippet":"max-snippet:-1","max-image-preview":"max-image-preview:large","max-video-preview":"max-video-preview:-1"},"canonical":"https:\/\/leckerekekse.de\/wordpress\/silvias-buecherregal\/","og_locale":"de_DE","og_type":"article","og_title":"Silvias B\u00fccherregal | Leckere Kekse &amp; mehr","og_description":"Zeigt her eure B\u00fccher! Tobi veranstaltet eine Blogparade mit dem Titel \"Mein B\u00fccherregal\" und wir sind dabei.","og_url":"https:\/\/leckerekekse.de\/wordpress\/silvias-buecherregal\/","og_site_name":"Leckere Kekse &amp; mehr","article_published_time":"2015-07-09T05:05:42+00:00","article_modified_time":"2021-03-27T15:34:53+00:00","og_image":[{"width":640,"height":480,"url":"https:\/\/leckerekekse.de\/wordpress\/wp-content\/uploads\/2015\/06\/IMG_0777-001.jpg","type":"image\/jpeg"}],"author":"Buchlieberin","twitter_misc":{"Verfasst von":"Buchlieberin","Gesch\u00e4tzte Lesezeit":"3\u00a0Minuten"},"schema":{"@context":"https:\/\/schema.org","@graph":[{"@type":"Article","@id":"https:\/\/leckerekekse.de\/wordpress\/silvias-buecherregal\/#article","isPartOf":{"@id":"https:\/\/leckerekekse.de\/wordpress\/silvias-buecherregal\/"},"author":{"name":"Buchlieberin","@id":"https:\/\/leckerekekse.de\/wordpress\/#\/schema\/person\/aeca9a159c2be36b9bce9092b38c13c8"},"headline":"Silvias B\u00fccherregal","datePublished":"2015-07-09T05:05:42+00:00","dateModified":"2021-03-27T15:34:53+00:00","mainEntityOfPage":{"@id":"https:\/\/leckerekekse.de\/wordpress\/silvias-buecherregal\/"},"wordCount":688,"commentCount":3,"publisher":{"@id":"https:\/\/leckerekekse.de\/wordpress\/#\/schema\/person\/6e4b2658514a3b7423a1f323400bdc1b"},"image":{"@id":"https:\/\/leckerekekse.de\/wordpress\/silvias-buecherregal\/#primaryimage"},"thumbnailUrl":"https:\/\/leckerekekse.de\/wordpress\/wp-content\/uploads\/2015\/06\/IMG_0777-001.jpg","keywords":["Blogtour","B\u00fccherregal","Krimi","Literatur","Roman","SUB"],"articleSection":{"1":"B\u00fccher"},"inLanguage":"de","potentialAction":[{"@type":"CommentAction","name":"Comment","target":["https:\/\/leckerekekse.de\/wordpress\/silvias-buecherregal\/#respond"]}]},{"@type":"WebPage","@id":"https:\/\/leckerekekse.de\/wordpress\/silvias-buecherregal\/","url":"https:\/\/leckerekekse.de\/wordpress\/silvias-buecherregal\/","name":"Silvias B\u00fccherregal | Leckere Kekse &amp; mehr","isPartOf":{"@id":"https:\/\/leckerekekse.de\/wordpress\/#website"},"primaryImageOfPage":{"@id":"https:\/\/leckerekekse.de\/wordpress\/silvias-buecherregal\/#primaryimage"},"image":{"@id":"https:\/\/leckerekekse.de\/wordpress\/silvias-buecherregal\/#primaryimage"},"thumbnailUrl":"https:\/\/leckerekekse.de\/wordpress\/wp-content\/uploads\/2015\/06\/IMG_0777-001.jpg","datePublished":"2015-07-09T05:05:42+00:00","dateModified":"2021-03-27T15:34:53+00:00","description":"Zeigt her eure B\u00fccher! Tobi veranstaltet eine Blogparade mit dem Titel \"Mein B\u00fccherregal\" und wir sind dabei.","breadcrumb":{"@id":"https:\/\/leckerekekse.de\/wordpress\/silvias-buecherregal\/#breadcrumb"},"inLanguage":"de","potentialAction":[{"@type":"ReadAction","target":["https:\/\/leckerekekse.de\/wordpress\/silvias-buecherregal\/"]}]},{"@type":"ImageObject","inLanguage":"de","@id":"https:\/\/leckerekekse.de\/wordpress\/silvias-buecherregal\/#primaryimage","url":"https:\/\/leckerekekse.de\/wordpress\/wp-content\/uploads\/2015\/06\/IMG_0777-001.jpg","contentUrl":"https:\/\/leckerekekse.de\/wordpress\/wp-content\/uploads\/2015\/06\/IMG_0777-001.jpg","width":640,"height":480},{"@type":"BreadcrumbList","@id":"https:\/\/leckerekekse.de\/wordpress\/silvias-buecherregal\/#breadcrumb","itemListElement":[{"@type":"ListItem","position":1,"name":"Home","item":"https:\/\/leckerekekse.de\/wordpress\/"},{"@type":"ListItem","position":2,"name":"Silvias B\u00fccherregal"}]},{"@type":"WebSite","@id":"https:\/\/leckerekekse.de\/wordpress\/#website","url":"https:\/\/leckerekekse.de\/wordpress\/","name":"Leckere Kekse &amp; mehr","description":"Kekse backen, B\u00fccher lesen und mehr","publisher":{"@id":"https:\/\/leckerekekse.de\/wordpress\/#\/schema\/person\/6e4b2658514a3b7423a1f323400bdc1b"},"potentialAction":[{"@type":"SearchAction","target":{"@type":"EntryPoint","urlTemplate":"https:\/\/leckerekekse.de\/wordpress\/?s={search_term_string}"},"query-input":{"@type":"PropertyValueSpecification","valueRequired":true,"valueName":"search_term_string"}}],"inLanguage":"de"},{"@type":["Person","Organization"],"@id":"https:\/\/leckerekekse.de\/wordpress\/#\/schema\/person\/6e4b2658514a3b7423a1f323400bdc1b","name":"Astrid","logo":{"@id":"https:\/\/leckerekekse.de\/wordpress\/#\/schema\/person\/image\/"},"sameAs":["https:\/\/leckerekekse.de\/wordpress"]},{"@type":"Person","@id":"https:\/\/leckerekekse.de\/wordpress\/#\/schema\/person\/aeca9a159c2be36b9bce9092b38c13c8","name":"Buchlieberin","sameAs":["https:\/\/leckerekekse.de\/wordpress"]}]}},"_links":{"self":[{"href":"https:\/\/leckerekekse.de\/wordpress\/wp-json\/wp\/v2\/posts\/3657","targetHints":{"allow":["GET"]}}],"collection":[{"href":"https:\/\/leckerekekse.de\/wordpress\/wp-json\/wp\/v2\/posts"}],"about":[{"href":"https:\/\/leckerekekse.de\/wordpress\/wp-json\/wp\/v2\/types\/post"}],"author":[{"embeddable":true,"href":"https:\/\/leckerekekse.de\/wordpress\/wp-json\/wp\/v2\/users\/2"}],"replies":[{"embeddable":true,"href":"https:\/\/leckerekekse.de\/wordpress\/wp-json\/wp\/v2\/comments?post=3657"}],"version-history":[{"count":3,"href":"https:\/\/leckerekekse.de\/wordpress\/wp-json\/wp\/v2\/posts\/3657\/revisions"}],"predecessor-version":[{"id":16332,"href":"https:\/\/leckerekekse.de\/wordpress\/wp-json\/wp\/v2\/posts\/3657\/revisions\/16332"}],"wp:featuredmedia":[{"embeddable":true,"href":"https:\/\/leckerekekse.de\/wordpress\/wp-json\/wp\/v2\/media\/3661"}],"wp:attachment":[{"href":"https:\/\/leckerekekse.de\/wordpress\/wp-json\/wp\/v2\/media?parent=3657"}],"wp:term":[{"taxonomy":"category","embeddable":true,"href":"https:\/\/leckerekekse.de\/wordpress\/wp-json\/wp\/v2\/categories?post=3657"},{"taxonomy":"post_tag","embeddable":true,"href":"https:\/\/leckerekekse.de\/wordpress\/wp-json\/wp\/v2\/tags?post=3657"}],"curies":[{"name":"wp","href":"https:\/\/api.w.org\/{rel}","templated":true}]}}