{"id":3691,"date":"2015-07-12T08:29:11","date_gmt":"2015-07-12T06:29:11","guid":{"rendered":"http:\/\/leckerekekse.de\/wordpress\/?p=3691"},"modified":"2018-03-29T15:41:15","modified_gmt":"2018-03-29T13:41:15","slug":"zoran-drvenkar-koennte-ich-meine-sehnsucht-nach-dir-sammeln","status":"publish","type":"post","link":"https:\/\/leckerekekse.de\/wordpress\/zoran-drvenkar-koennte-ich-meine-sehnsucht-nach-dir-sammeln\/","title":{"rendered":"Zoran Drvenkar: K\u00f6nnte ich meine Sehnsucht nach dir sammeln"},"content":{"rendered":"<h6 style=\"text-align: center;\">Gedichte und Fotografien<\/h6>\n<p>Eine Fotografin macht jeden Tag ein Foto. Ein Schriftsteller schreibt jeden Tag ein Gedicht dazu. Ein ganzes Jahr lang!<\/p>\n<p><img loading=\"lazy\" decoding=\"async\" class=\"aligncenter size-full wp-image-3692\" src=\"https:\/\/leckerekekse.de\/wordpress\/wp-content\/uploads\/2015\/07\/Cover-zoranDrvenkar-gedichte.jpg\" alt=\"K\u00f6nnte ich meine Sehnsucht nach dir sammeln\" width=\"640\" height=\"427\" srcset=\"https:\/\/leckerekekse.de\/wordpress\/wp-content\/uploads\/2015\/07\/Cover-zoranDrvenkar-gedichte.jpg 640w, https:\/\/leckerekekse.de\/wordpress\/wp-content\/uploads\/2015\/07\/Cover-zoranDrvenkar-gedichte-300x200.jpg 300w\" sizes=\"auto, (max-width: 640px) 100vw, 640px\" \/><!--more--><\/p>\n<p>&nbsp;<\/p>\n<p>Auf dieses Buch habe ich mich sehr gefreut. Es hat ein ungew\u00f6hnliches Konzept. Es kam mir so neu vor. Keine Ahnung, ob das wirklich so ist! Ich fand die Idee mit den Fotos und den Gedichten einfach toll.<\/p>\n<p>Die Fotos sind ganz willk\u00fcrlich gew\u00e4hlt. Alle sind schwarz\/wei\u00df. Meist gar nichts Besonderes. Mal ein paar F\u00fc\u00dfe, Sandspielzeug, ein Glas Wasser. Erst der Dichter macht eine Geschichte daraus. Was er zu den Bildern zu erz\u00e4hlen hat, ist spannend f\u00fcr den Leser. Die Gedichte sind einf\u00fchlsam, phantasievoll, g\u00e4nsehauterzeugend, traurig, lustig, einfallsreich, ersch\u00fctternd, immer wieder neu. S\u00e4mtliche Themen des Lebens werden angesprochen: Liebe, Ehe, Alter, Jugend, Freundschaft, Tod.<\/p>\n<p><img loading=\"lazy\" decoding=\"async\" class=\"aligncenter size-full wp-image-3693\" src=\"https:\/\/leckerekekse.de\/wordpress\/wp-content\/uploads\/2015\/07\/Cover-zoranDrvenkar-gedichte-2.jpg\" alt=\"K\u00f6nnte ich meine Sehnsucht nach dir sammeln\" width=\"640\" height=\"427\" srcset=\"https:\/\/leckerekekse.de\/wordpress\/wp-content\/uploads\/2015\/07\/Cover-zoranDrvenkar-gedichte-2.jpg 640w, https:\/\/leckerekekse.de\/wordpress\/wp-content\/uploads\/2015\/07\/Cover-zoranDrvenkar-gedichte-2-300x200.jpg 300w\" sizes=\"auto, (max-width: 640px) 100vw, 640px\" \/><\/p>\n<p>Ein tolles Buch, das ich immer wieder in die Hand nehme, um darin zu lesen. Eigentlich wollte ich mir wirklich immer nur ein Foto und Gedicht vornehmen f\u00fcr jeden Tag. Aber dazu war ich zu ungeduldig. Mal schauen, vielleicht mache ich das mit dem n\u00e4chsten Band.<\/p>\n<p><img loading=\"lazy\" decoding=\"async\" class=\"aligncenter size-full wp-image-3694\" src=\"https:\/\/leckerekekse.de\/wordpress\/wp-content\/uploads\/2015\/07\/zoran-drvenkar-gedichte-fotos.jpg\" alt=\"zoran-drvenkar-gedichte-fotos\" width=\"640\" height=\"427\" srcset=\"https:\/\/leckerekekse.de\/wordpress\/wp-content\/uploads\/2015\/07\/zoran-drvenkar-gedichte-fotos.jpg 640w, https:\/\/leckerekekse.de\/wordpress\/wp-content\/uploads\/2015\/07\/zoran-drvenkar-gedichte-fotos-300x200.jpg 300w\" sizes=\"auto, (max-width: 640px) 100vw, 640px\" \/><\/p>\n<p><img loading=\"lazy\" decoding=\"async\" class=\"aligncenter size-full wp-image-3695\" src=\"https:\/\/leckerekekse.de\/wordpress\/wp-content\/uploads\/2015\/07\/zoran-drvenkar-gedichte-fotos-2.jpg\" alt=\"zoran-drvenkar-gedichte-fotos-2\" width=\"640\" height=\"428\" srcset=\"https:\/\/leckerekekse.de\/wordpress\/wp-content\/uploads\/2015\/07\/zoran-drvenkar-gedichte-fotos-2.jpg 640w, https:\/\/leckerekekse.de\/wordpress\/wp-content\/uploads\/2015\/07\/zoran-drvenkar-gedichte-fotos-2-300x201.jpg 300w\" sizes=\"auto, (max-width: 640px) 100vw, 640px\" \/><\/p>\n<p>Dieses Buch ist n\u00e4mlich das erste von insgesamt 4 B\u00fcchern, die das ganze Jahr abbilden. Dieses Buch beginnt mit dem 8. Juli und geht bis in den Oktober hinein.<\/p>\n<p>Am Ende des Buches erz\u00e4hlt die Fotografin zu jedem Foto, wo es entstanden ist und in welcher Situation. Erst am Ende wird mir klar, dass die beiden Autoren ein Paar sind.<\/p>\n<p>Der Titel des Buches ist wundersch\u00f6n und auf dem Cover toll integriert. Es ist nur gar nicht so einfach, die Autorennamen und den Titel mit den Augen zu erfassen, weil so unglaublich viel auf diesem Coverfoto zu sehen ist.<\/p>\n<p>Ich freue mich schon auf die Folgeb\u00fccher.<\/p>\n<p>Zoran Drvenkar: K\u00f6nnte ich meine Sehnsucht nach dir sammeln, Gedichte und FotografienGebundenes Buch mit Schutzumschlag, 200 Seiten,<br \/>\nMit vielen s\/w Fotos<br \/>\nFotos von Corinna Bernburg<br \/>\nISBN: 978-3-570-15909-5<br \/>\n\u20ac 22,99 [D] , Verlag: cbj<\/p>\n<p>Verlagsseite<\/p>\n<p><a href=\"https:\/\/leckerekekse.de\/wordpress\/wp-content\/uploads\/2014\/08\/Symbol-moewe-2.png\"><img loading=\"lazy\" decoding=\"async\" class=\" size-full wp-image-248 alignleft\" src=\"https:\/\/leckerekekse.de\/wordpress\/wp-content\/uploads\/2014\/08\/Symbol-moewe-2.png\" alt=\"Symbol-moewe-2\" width=\"40\" height=\"40\" \/><\/a><\/p>\n<p>&nbsp;<\/p>\n<p>&nbsp;<\/p>\n","protected":false},"excerpt":{"rendered":"<p>Gedichte und Fotografien Eine Fotografin macht jeden Tag ein Foto. Ein Schriftsteller schreibt jeden Tag ein Gedicht dazu. Ein ganzes Jahr lang!<\/p>\n","protected":false},"author":1,"featured_media":3692,"comment_status":"open","ping_status":"open","sticky":false,"template":"","format":"standard","meta":{"footnotes":""},"categories":[1,3,4],"tags":[432,422,507],"class_list":["post-3691","post","type-post","status-publish","format-standard","has-post-thumbnail","hentry","category-allgemein","category-buecher","category-photography","tag-buch","tag-fotos","tag-gedichte"],"yoast_head":"<!-- This site is optimized with the Yoast SEO plugin v27.4 - https:\/\/yoast.com\/product\/yoast-seo-wordpress\/ -->\n<title>Zoran Drvenkar: K\u00f6nnte ich meine Sehnsucht nach dir sammeln | Leckere Kekse &amp; mehr<\/title>\n<meta name=\"description\" content=\"Eine Fotografin macht jeden Tag ein Foto. Ein Schriftsteller schreibt jeden Tag ein Gedicht dazu. Ein ganzes Jahr! F\u00fcr alle, die Fotos und Gedichte m\u00f6gen\" \/>\n<meta name=\"robots\" content=\"index, follow, max-snippet:-1, max-image-preview:large, max-video-preview:-1\" \/>\n<link rel=\"canonical\" href=\"https:\/\/leckerekekse.de\/wordpress\/zoran-drvenkar-koennte-ich-meine-sehnsucht-nach-dir-sammeln\/\" \/>\n<meta property=\"og:locale\" content=\"de_DE\" \/>\n<meta property=\"og:type\" content=\"article\" \/>\n<meta property=\"og:title\" content=\"Zoran Drvenkar: K\u00f6nnte ich meine Sehnsucht nach dir sammeln | Leckere Kekse &amp; mehr\" \/>\n<meta property=\"og:description\" content=\"Eine Fotografin macht jeden Tag ein Foto. Ein Schriftsteller schreibt jeden Tag ein Gedicht dazu. Ein ganzes Jahr! F\u00fcr alle, die Fotos und Gedichte m\u00f6gen\" \/>\n<meta property=\"og:url\" content=\"https:\/\/leckerekekse.de\/wordpress\/zoran-drvenkar-koennte-ich-meine-sehnsucht-nach-dir-sammeln\/\" \/>\n<meta property=\"og:site_name\" content=\"Leckere Kekse &amp; mehr\" \/>\n<meta property=\"article:published_time\" content=\"2015-07-12T06:29:11+00:00\" \/>\n<meta property=\"article:modified_time\" content=\"2018-03-29T13:41:15+00:00\" \/>\n<meta property=\"og:image\" content=\"https:\/\/leckerekekse.de\/wordpress\/wp-content\/uploads\/2015\/07\/Cover-zoranDrvenkar-gedichte.jpg\" \/>\n\t<meta property=\"og:image:width\" content=\"640\" \/>\n\t<meta property=\"og:image:height\" content=\"427\" \/>\n\t<meta property=\"og:image:type\" content=\"image\/jpeg\" \/>\n<meta name=\"author\" content=\"Astrid\" \/>\n<meta name=\"twitter:label1\" content=\"Verfasst von\" \/>\n\t<meta name=\"twitter:data1\" content=\"Astrid\" \/>\n\t<meta name=\"twitter:label2\" content=\"Gesch\u00e4tzte Lesezeit\" \/>\n\t<meta name=\"twitter:data2\" content=\"2\u00a0Minuten\" \/>\n<script type=\"application\/ld+json\" class=\"yoast-schema-graph\">{\"@context\":\"https:\\\/\\\/schema.org\",\"@graph\":[{\"@type\":\"Article\",\"@id\":\"https:\\\/\\\/leckerekekse.de\\\/wordpress\\\/zoran-drvenkar-koennte-ich-meine-sehnsucht-nach-dir-sammeln\\\/#article\",\"isPartOf\":{\"@id\":\"https:\\\/\\\/leckerekekse.de\\\/wordpress\\\/zoran-drvenkar-koennte-ich-meine-sehnsucht-nach-dir-sammeln\\\/\"},\"author\":{\"name\":\"Astrid\",\"@id\":\"https:\\\/\\\/leckerekekse.de\\\/wordpress\\\/#\\\/schema\\\/person\\\/6e4b2658514a3b7423a1f323400bdc1b\"},\"headline\":\"Zoran Drvenkar: K\u00f6nnte ich meine Sehnsucht nach dir sammeln\",\"datePublished\":\"2015-07-12T06:29:11+00:00\",\"dateModified\":\"2018-03-29T13:41:15+00:00\",\"mainEntityOfPage\":{\"@id\":\"https:\\\/\\\/leckerekekse.de\\\/wordpress\\\/zoran-drvenkar-koennte-ich-meine-sehnsucht-nach-dir-sammeln\\\/\"},\"wordCount\":342,\"commentCount\":2,\"publisher\":{\"@id\":\"https:\\\/\\\/leckerekekse.de\\\/wordpress\\\/#\\\/schema\\\/person\\\/6e4b2658514a3b7423a1f323400bdc1b\"},\"image\":{\"@id\":\"https:\\\/\\\/leckerekekse.de\\\/wordpress\\\/zoran-drvenkar-koennte-ich-meine-sehnsucht-nach-dir-sammeln\\\/#primaryimage\"},\"thumbnailUrl\":\"https:\\\/\\\/leckerekekse.de\\\/wordpress\\\/wp-content\\\/uploads\\\/2015\\\/07\\\/Cover-zoranDrvenkar-gedichte.jpg\",\"keywords\":[\"Buch\",\"Fotos\",\"Gedichte\"],\"articleSection\":{\"1\":\"B\u00fccher\",\"2\":\"Photography\"},\"inLanguage\":\"de\",\"potentialAction\":[{\"@type\":\"CommentAction\",\"name\":\"Comment\",\"target\":[\"https:\\\/\\\/leckerekekse.de\\\/wordpress\\\/zoran-drvenkar-koennte-ich-meine-sehnsucht-nach-dir-sammeln\\\/#respond\"]}]},{\"@type\":\"WebPage\",\"@id\":\"https:\\\/\\\/leckerekekse.de\\\/wordpress\\\/zoran-drvenkar-koennte-ich-meine-sehnsucht-nach-dir-sammeln\\\/\",\"url\":\"https:\\\/\\\/leckerekekse.de\\\/wordpress\\\/zoran-drvenkar-koennte-ich-meine-sehnsucht-nach-dir-sammeln\\\/\",\"name\":\"Zoran Drvenkar: K\u00f6nnte ich meine Sehnsucht nach dir sammeln | Leckere Kekse &amp; mehr\",\"isPartOf\":{\"@id\":\"https:\\\/\\\/leckerekekse.de\\\/wordpress\\\/#website\"},\"primaryImageOfPage\":{\"@id\":\"https:\\\/\\\/leckerekekse.de\\\/wordpress\\\/zoran-drvenkar-koennte-ich-meine-sehnsucht-nach-dir-sammeln\\\/#primaryimage\"},\"image\":{\"@id\":\"https:\\\/\\\/leckerekekse.de\\\/wordpress\\\/zoran-drvenkar-koennte-ich-meine-sehnsucht-nach-dir-sammeln\\\/#primaryimage\"},\"thumbnailUrl\":\"https:\\\/\\\/leckerekekse.de\\\/wordpress\\\/wp-content\\\/uploads\\\/2015\\\/07\\\/Cover-zoranDrvenkar-gedichte.jpg\",\"datePublished\":\"2015-07-12T06:29:11+00:00\",\"dateModified\":\"2018-03-29T13:41:15+00:00\",\"description\":\"Eine Fotografin macht jeden Tag ein Foto. Ein Schriftsteller schreibt jeden Tag ein Gedicht dazu. Ein ganzes Jahr! F\u00fcr alle, die Fotos und Gedichte m\u00f6gen\",\"breadcrumb\":{\"@id\":\"https:\\\/\\\/leckerekekse.de\\\/wordpress\\\/zoran-drvenkar-koennte-ich-meine-sehnsucht-nach-dir-sammeln\\\/#breadcrumb\"},\"inLanguage\":\"de\",\"potentialAction\":[{\"@type\":\"ReadAction\",\"target\":[\"https:\\\/\\\/leckerekekse.de\\\/wordpress\\\/zoran-drvenkar-koennte-ich-meine-sehnsucht-nach-dir-sammeln\\\/\"]}]},{\"@type\":\"ImageObject\",\"inLanguage\":\"de\",\"@id\":\"https:\\\/\\\/leckerekekse.de\\\/wordpress\\\/zoran-drvenkar-koennte-ich-meine-sehnsucht-nach-dir-sammeln\\\/#primaryimage\",\"url\":\"https:\\\/\\\/leckerekekse.de\\\/wordpress\\\/wp-content\\\/uploads\\\/2015\\\/07\\\/Cover-zoranDrvenkar-gedichte.jpg\",\"contentUrl\":\"https:\\\/\\\/leckerekekse.de\\\/wordpress\\\/wp-content\\\/uploads\\\/2015\\\/07\\\/Cover-zoranDrvenkar-gedichte.jpg\",\"width\":640,\"height\":427,\"caption\":\"K\u00f6nnte ich meine Sehnsucht nach dir sammeln\"},{\"@type\":\"BreadcrumbList\",\"@id\":\"https:\\\/\\\/leckerekekse.de\\\/wordpress\\\/zoran-drvenkar-koennte-ich-meine-sehnsucht-nach-dir-sammeln\\\/#breadcrumb\",\"itemListElement\":[{\"@type\":\"ListItem\",\"position\":1,\"name\":\"Home\",\"item\":\"https:\\\/\\\/leckerekekse.de\\\/wordpress\\\/\"},{\"@type\":\"ListItem\",\"position\":2,\"name\":\"Zoran Drvenkar: K\u00f6nnte ich meine Sehnsucht nach dir sammeln\"}]},{\"@type\":\"WebSite\",\"@id\":\"https:\\\/\\\/leckerekekse.de\\\/wordpress\\\/#website\",\"url\":\"https:\\\/\\\/leckerekekse.de\\\/wordpress\\\/\",\"name\":\"Leckere Kekse &amp; mehr\",\"description\":\"Kekse backen, B\u00fccher lesen und mehr\",\"publisher\":{\"@id\":\"https:\\\/\\\/leckerekekse.de\\\/wordpress\\\/#\\\/schema\\\/person\\\/6e4b2658514a3b7423a1f323400bdc1b\"},\"potentialAction\":[{\"@type\":\"SearchAction\",\"target\":{\"@type\":\"EntryPoint\",\"urlTemplate\":\"https:\\\/\\\/leckerekekse.de\\\/wordpress\\\/?s={search_term_string}\"},\"query-input\":{\"@type\":\"PropertyValueSpecification\",\"valueRequired\":true,\"valueName\":\"search_term_string\"}}],\"inLanguage\":\"de\"},{\"@type\":[\"Person\",\"Organization\"],\"@id\":\"https:\\\/\\\/leckerekekse.de\\\/wordpress\\\/#\\\/schema\\\/person\\\/6e4b2658514a3b7423a1f323400bdc1b\",\"name\":\"Astrid\",\"logo\":{\"@id\":\"https:\\\/\\\/leckerekekse.de\\\/wordpress\\\/#\\\/schema\\\/person\\\/image\\\/\"},\"sameAs\":[\"https:\\\/\\\/leckerekekse.de\\\/wordpress\"]}]}<\/script>\n<!-- \/ Yoast SEO plugin. -->","yoast_head_json":{"title":"Zoran Drvenkar: K\u00f6nnte ich meine Sehnsucht nach dir sammeln | Leckere Kekse &amp; mehr","description":"Eine Fotografin macht jeden Tag ein Foto. Ein Schriftsteller schreibt jeden Tag ein Gedicht dazu. Ein ganzes Jahr! F\u00fcr alle, die Fotos und Gedichte m\u00f6gen","robots":{"index":"index","follow":"follow","max-snippet":"max-snippet:-1","max-image-preview":"max-image-preview:large","max-video-preview":"max-video-preview:-1"},"canonical":"https:\/\/leckerekekse.de\/wordpress\/zoran-drvenkar-koennte-ich-meine-sehnsucht-nach-dir-sammeln\/","og_locale":"de_DE","og_type":"article","og_title":"Zoran Drvenkar: K\u00f6nnte ich meine Sehnsucht nach dir sammeln | Leckere Kekse &amp; mehr","og_description":"Eine Fotografin macht jeden Tag ein Foto. Ein Schriftsteller schreibt jeden Tag ein Gedicht dazu. Ein ganzes Jahr! F\u00fcr alle, die Fotos und Gedichte m\u00f6gen","og_url":"https:\/\/leckerekekse.de\/wordpress\/zoran-drvenkar-koennte-ich-meine-sehnsucht-nach-dir-sammeln\/","og_site_name":"Leckere Kekse &amp; mehr","article_published_time":"2015-07-12T06:29:11+00:00","article_modified_time":"2018-03-29T13:41:15+00:00","og_image":[{"width":640,"height":427,"url":"https:\/\/leckerekekse.de\/wordpress\/wp-content\/uploads\/2015\/07\/Cover-zoranDrvenkar-gedichte.jpg","type":"image\/jpeg"}],"author":"Astrid","twitter_misc":{"Verfasst von":"Astrid","Gesch\u00e4tzte Lesezeit":"2\u00a0Minuten"},"schema":{"@context":"https:\/\/schema.org","@graph":[{"@type":"Article","@id":"https:\/\/leckerekekse.de\/wordpress\/zoran-drvenkar-koennte-ich-meine-sehnsucht-nach-dir-sammeln\/#article","isPartOf":{"@id":"https:\/\/leckerekekse.de\/wordpress\/zoran-drvenkar-koennte-ich-meine-sehnsucht-nach-dir-sammeln\/"},"author":{"name":"Astrid","@id":"https:\/\/leckerekekse.de\/wordpress\/#\/schema\/person\/6e4b2658514a3b7423a1f323400bdc1b"},"headline":"Zoran Drvenkar: K\u00f6nnte ich meine Sehnsucht nach dir sammeln","datePublished":"2015-07-12T06:29:11+00:00","dateModified":"2018-03-29T13:41:15+00:00","mainEntityOfPage":{"@id":"https:\/\/leckerekekse.de\/wordpress\/zoran-drvenkar-koennte-ich-meine-sehnsucht-nach-dir-sammeln\/"},"wordCount":342,"commentCount":2,"publisher":{"@id":"https:\/\/leckerekekse.de\/wordpress\/#\/schema\/person\/6e4b2658514a3b7423a1f323400bdc1b"},"image":{"@id":"https:\/\/leckerekekse.de\/wordpress\/zoran-drvenkar-koennte-ich-meine-sehnsucht-nach-dir-sammeln\/#primaryimage"},"thumbnailUrl":"https:\/\/leckerekekse.de\/wordpress\/wp-content\/uploads\/2015\/07\/Cover-zoranDrvenkar-gedichte.jpg","keywords":["Buch","Fotos","Gedichte"],"articleSection":{"1":"B\u00fccher","2":"Photography"},"inLanguage":"de","potentialAction":[{"@type":"CommentAction","name":"Comment","target":["https:\/\/leckerekekse.de\/wordpress\/zoran-drvenkar-koennte-ich-meine-sehnsucht-nach-dir-sammeln\/#respond"]}]},{"@type":"WebPage","@id":"https:\/\/leckerekekse.de\/wordpress\/zoran-drvenkar-koennte-ich-meine-sehnsucht-nach-dir-sammeln\/","url":"https:\/\/leckerekekse.de\/wordpress\/zoran-drvenkar-koennte-ich-meine-sehnsucht-nach-dir-sammeln\/","name":"Zoran Drvenkar: K\u00f6nnte ich meine Sehnsucht nach dir sammeln | Leckere Kekse &amp; mehr","isPartOf":{"@id":"https:\/\/leckerekekse.de\/wordpress\/#website"},"primaryImageOfPage":{"@id":"https:\/\/leckerekekse.de\/wordpress\/zoran-drvenkar-koennte-ich-meine-sehnsucht-nach-dir-sammeln\/#primaryimage"},"image":{"@id":"https:\/\/leckerekekse.de\/wordpress\/zoran-drvenkar-koennte-ich-meine-sehnsucht-nach-dir-sammeln\/#primaryimage"},"thumbnailUrl":"https:\/\/leckerekekse.de\/wordpress\/wp-content\/uploads\/2015\/07\/Cover-zoranDrvenkar-gedichte.jpg","datePublished":"2015-07-12T06:29:11+00:00","dateModified":"2018-03-29T13:41:15+00:00","description":"Eine Fotografin macht jeden Tag ein Foto. Ein Schriftsteller schreibt jeden Tag ein Gedicht dazu. Ein ganzes Jahr! F\u00fcr alle, die Fotos und Gedichte m\u00f6gen","breadcrumb":{"@id":"https:\/\/leckerekekse.de\/wordpress\/zoran-drvenkar-koennte-ich-meine-sehnsucht-nach-dir-sammeln\/#breadcrumb"},"inLanguage":"de","potentialAction":[{"@type":"ReadAction","target":["https:\/\/leckerekekse.de\/wordpress\/zoran-drvenkar-koennte-ich-meine-sehnsucht-nach-dir-sammeln\/"]}]},{"@type":"ImageObject","inLanguage":"de","@id":"https:\/\/leckerekekse.de\/wordpress\/zoran-drvenkar-koennte-ich-meine-sehnsucht-nach-dir-sammeln\/#primaryimage","url":"https:\/\/leckerekekse.de\/wordpress\/wp-content\/uploads\/2015\/07\/Cover-zoranDrvenkar-gedichte.jpg","contentUrl":"https:\/\/leckerekekse.de\/wordpress\/wp-content\/uploads\/2015\/07\/Cover-zoranDrvenkar-gedichte.jpg","width":640,"height":427,"caption":"K\u00f6nnte ich meine Sehnsucht nach dir sammeln"},{"@type":"BreadcrumbList","@id":"https:\/\/leckerekekse.de\/wordpress\/zoran-drvenkar-koennte-ich-meine-sehnsucht-nach-dir-sammeln\/#breadcrumb","itemListElement":[{"@type":"ListItem","position":1,"name":"Home","item":"https:\/\/leckerekekse.de\/wordpress\/"},{"@type":"ListItem","position":2,"name":"Zoran Drvenkar: K\u00f6nnte ich meine Sehnsucht nach dir sammeln"}]},{"@type":"WebSite","@id":"https:\/\/leckerekekse.de\/wordpress\/#website","url":"https:\/\/leckerekekse.de\/wordpress\/","name":"Leckere Kekse &amp; mehr","description":"Kekse backen, B\u00fccher lesen und mehr","publisher":{"@id":"https:\/\/leckerekekse.de\/wordpress\/#\/schema\/person\/6e4b2658514a3b7423a1f323400bdc1b"},"potentialAction":[{"@type":"SearchAction","target":{"@type":"EntryPoint","urlTemplate":"https:\/\/leckerekekse.de\/wordpress\/?s={search_term_string}"},"query-input":{"@type":"PropertyValueSpecification","valueRequired":true,"valueName":"search_term_string"}}],"inLanguage":"de"},{"@type":["Person","Organization"],"@id":"https:\/\/leckerekekse.de\/wordpress\/#\/schema\/person\/6e4b2658514a3b7423a1f323400bdc1b","name":"Astrid","logo":{"@id":"https:\/\/leckerekekse.de\/wordpress\/#\/schema\/person\/image\/"},"sameAs":["https:\/\/leckerekekse.de\/wordpress"]}]}},"_links":{"self":[{"href":"https:\/\/leckerekekse.de\/wordpress\/wp-json\/wp\/v2\/posts\/3691","targetHints":{"allow":["GET"]}}],"collection":[{"href":"https:\/\/leckerekekse.de\/wordpress\/wp-json\/wp\/v2\/posts"}],"about":[{"href":"https:\/\/leckerekekse.de\/wordpress\/wp-json\/wp\/v2\/types\/post"}],"author":[{"embeddable":true,"href":"https:\/\/leckerekekse.de\/wordpress\/wp-json\/wp\/v2\/users\/1"}],"replies":[{"embeddable":true,"href":"https:\/\/leckerekekse.de\/wordpress\/wp-json\/wp\/v2\/comments?post=3691"}],"version-history":[{"count":3,"href":"https:\/\/leckerekekse.de\/wordpress\/wp-json\/wp\/v2\/posts\/3691\/revisions"}],"predecessor-version":[{"id":11273,"href":"https:\/\/leckerekekse.de\/wordpress\/wp-json\/wp\/v2\/posts\/3691\/revisions\/11273"}],"wp:featuredmedia":[{"embeddable":true,"href":"https:\/\/leckerekekse.de\/wordpress\/wp-json\/wp\/v2\/media\/3692"}],"wp:attachment":[{"href":"https:\/\/leckerekekse.de\/wordpress\/wp-json\/wp\/v2\/media?parent=3691"}],"wp:term":[{"taxonomy":"category","embeddable":true,"href":"https:\/\/leckerekekse.de\/wordpress\/wp-json\/wp\/v2\/categories?post=3691"},{"taxonomy":"post_tag","embeddable":true,"href":"https:\/\/leckerekekse.de\/wordpress\/wp-json\/wp\/v2\/tags?post=3691"}],"curies":[{"name":"wp","href":"https:\/\/api.w.org\/{rel}","templated":true}]}}