{"id":3732,"date":"2015-07-14T06:59:33","date_gmt":"2015-07-14T04:59:33","guid":{"rendered":"http:\/\/leckerekekse.de\/wordpress\/?p=3732"},"modified":"2015-07-08T13:06:46","modified_gmt":"2015-07-08T11:06:46","slug":"lesung-mit-martin-kordic","status":"publish","type":"post","link":"https:\/\/leckerekekse.de\/wordpress\/lesung-mit-martin-kordic\/","title":{"rendered":"Lesung mit Martin Kordic"},"content":{"rendered":"<p><a href=\"https:\/\/leckerekekse.de\/wordpress\/wp-content\/uploads\/2014\/09\/Kordic.jpg\"><img loading=\"lazy\" decoding=\"async\" class=\" wp-image-513 size-full alignright\" src=\"https:\/\/leckerekekse.de\/wordpress\/wp-content\/uploads\/2014\/09\/Kordic.jpg\" alt=\"Wie ich mir das Gl\u00fcck vorstelle\" width=\"120\" height=\"196\" \/><\/a>Sommerurlaub in K\u00e4rnten. Kurz vorher sah ich aus einer Laune heraus mal nach, ob dort in der N\u00e4he vielleicht eine interessante Lesung angeboten wird. Und siehe da: im <a href=\"http:\/\/www.musilmuseum.at\/index.php\">Robert-Musil-Literaturmuseum<\/a> beginnt der 19. Klagenfurter Literaturkurs. Am Er\u00f6ffnungsabend liest einer der ehemaligen Teilnehmer: Martin Kordic aus seinem Deb\u00fct &#8222;<a href=\"https:\/\/leckerekekse.de\/wordpress\/martin-kordic-wie-ich-mir-das-glueck-vorstelle\/\" target=\"_blank\">Wie ich mir das Gl\u00fcck vorstelle<\/a>&#8220; .<br \/>\n<!--more--><\/p>\n<p>Nach einem sehr netten Mailkontakt mit dem Veranstalter, der mir einen Platz reservieren wollte, machte ich mich an dem Tag auf den Weg nach Klagenfurt, ca. 30 Kilometer von meinem Urlaubsort \u00fcber dem Ossiacher See (Foto) entfernt.<\/p>\n<p><a href=\"https:\/\/leckerekekse.de\/wordpress\/wp-content\/uploads\/2015\/07\/IMG_07871.jpg\"><img loading=\"lazy\" decoding=\"async\" class=\"aligncenter wp-image-3739 size-full\" src=\"https:\/\/leckerekekse.de\/wordpress\/wp-content\/uploads\/2015\/07\/IMG_07871.jpg\" alt=\"IMG_0787\" width=\"482\" height=\"640\" srcset=\"https:\/\/leckerekekse.de\/wordpress\/wp-content\/uploads\/2015\/07\/IMG_07871.jpg 482w, https:\/\/leckerekekse.de\/wordpress\/wp-content\/uploads\/2015\/07\/IMG_07871-226x300.jpg 226w\" sizes=\"auto, (max-width: 482px) 100vw, 482px\" \/><\/a>Im Klagenfurter Literaturmuseum, das in einem sehr sch\u00f6nen, \u00e4lterem Geb\u00e4ude Foto direkt gegen\u00fcber vom Hauptbahnhof untergebracht ist, besuchte ich zuerst das dort angesiedelte Musil-Caf\u00e9 zu einem leckeren, leichten Abendessen.<\/p>\n<p><a href=\"https:\/\/leckerekekse.de\/wordpress\/wp-content\/uploads\/2015\/07\/IMG_5401.jpg\"><img loading=\"lazy\" decoding=\"async\" class=\" wp-image-3733 size-full aligncenter\" src=\"https:\/\/leckerekekse.de\/wordpress\/wp-content\/uploads\/2015\/07\/IMG_5401.jpg\" alt=\"Literaturmuseum-klagenfurt\" width=\"427\" height=\"640\" srcset=\"https:\/\/leckerekekse.de\/wordpress\/wp-content\/uploads\/2015\/07\/IMG_5401.jpg 427w, https:\/\/leckerekekse.de\/wordpress\/wp-content\/uploads\/2015\/07\/IMG_5401-200x300.jpg 200w\" sizes=\"auto, (max-width: 427px) 100vw, 427px\" \/><\/a><\/p>\n<p>Die Lesung selbst war ein sehr intimes Ereignis. Es waren vielleicht 20 G\u00e4ste bei der (kostenlosen!) Veranstaltung. Die meisten davon geh\u00f6rten zum Umfeld des Klagenfurter Literaturkurses. Es gab freie Getr\u00e4nke und anspruchsvolle Gespr\u00e4che \u00fcber Literatur.<\/p>\n<p>Martin Kordic fuhr mit dem Rad vor. Er kennt Klagenfurt sehr gut, hat hier Freunde und Bekannte und nutzte den Anlass gerne zu einer Reise mit der Bahn von M\u00fcnchen aus, wo er jetzt wohnt.<\/p>\n<p>Der Autor kam in legerer Kleidung (Jeans, derbe Schuhe, kragenloses Hemd), musste vor und nach der Lesung dringend eine Zigarette rauchen und trank w\u00e4hrend der Veranstaltung Wasser und Wei\u00dfwein. Es sieht trotz Vollbart sehr jung aus. Wenn sich auch die ersten grauen Haare sehen lassen\u2026<\/p>\n<p><a href=\"https:\/\/leckerekekse.de\/wordpress\/wp-content\/uploads\/2015\/07\/IMG_5406.jpg\"><img loading=\"lazy\" decoding=\"async\" class=\"aligncenter wp-image-3734 size-full\" src=\"https:\/\/leckerekekse.de\/wordpress\/wp-content\/uploads\/2015\/07\/IMG_5406.jpg\" alt=\"martin-kordic\" width=\"427\" height=\"640\" srcset=\"https:\/\/leckerekekse.de\/wordpress\/wp-content\/uploads\/2015\/07\/IMG_5406.jpg 427w, https:\/\/leckerekekse.de\/wordpress\/wp-content\/uploads\/2015\/07\/IMG_5406-200x300.jpg 200w\" sizes=\"auto, (max-width: 427px) 100vw, 427px\" \/><\/a>Die Atmosph\u00e4re war sehr famili\u00e4r. Kordic kannte einige aus dem Publikum pers\u00f6nlich und bedankte sich bei einigen auch f\u00fcr ihre Mithilfe bei dem Buch, dessen Entstehung sechs Jahre gedauert hat. Eigentlich viel l\u00e4nger, denn er erz\u00e4hlt, das auch seine ersten Schreibversuche immer um dieses Thema Jugoslawienkrieg kreisten. Kordics Mutter ist Deutsche, der Vater Kroate. Martin wuchs in Deutschland auf, eigentlich wollte die Familie nach Kroatien ziehen, aber dann kam der Krieg. Statt in den S\u00fcden auszuwandern, kamen viele Verwandte nach Deutschland, sie fl\u00fcchteten vor den unklaren, gef\u00e4hrlichen Verh\u00e4ltnissen.<\/p>\n<p>Aber das Buch ist bei weitem nicht autobiographisch. Er war w\u00e4hrend des gesamten Krieges in Deutschland. Einzelne Geschichten und auch Fakten stimmen nicht, weshalb er auch keine realen Ortsnamen benutzt. Allerdings sind die Umschreibungen wie \u201eDorf der Gl\u00fccklichen\u201c oder \u201eStadt der Br\u00fccken\u201c f\u00fcr Eingeweihte leicht zu entschl\u00fcsseln.<\/p>\n<p>Eingeleitet wurde der offizielle Teil des Abends von einer kurzen Vorstellung und Einf\u00fchrung durch den Leiter des Literaturhauses, dann wurden einige Stellen gelesen, danach gab es vorbereitete und spontane Fragen.<\/p>\n<p><a href=\"https:\/\/leckerekekse.de\/wordpress\/wp-content\/uploads\/2015\/07\/IMG_5405.jpg\"><img loading=\"lazy\" decoding=\"async\" class=\"aligncenter wp-image-3735 size-full\" src=\"https:\/\/leckerekekse.de\/wordpress\/wp-content\/uploads\/2015\/07\/IMG_5405.jpg\" alt=\"martin-kordic\" width=\"640\" height=\"427\" srcset=\"https:\/\/leckerekekse.de\/wordpress\/wp-content\/uploads\/2015\/07\/IMG_5405.jpg 640w, https:\/\/leckerekekse.de\/wordpress\/wp-content\/uploads\/2015\/07\/IMG_5405-300x200.jpg 300w\" sizes=\"auto, (max-width: 640px) 100vw, 640px\" \/><\/a><\/p>\n<p>Der Autor benutzte zum Lesen ein sehr abgenutztes Exemplar mit vielen Post-Its. Die einzelnen Lesungen notiert er im Buch. Er erz\u00e4hlt, dass sich heute praktisch ein Kreis schlie\u00dft. Die erste offizielle Lesung war zwar in K\u00f6ln, aber vorher hat er in Klagenfurt aus seinem noch unver\u00f6ffentlichten Manuskript schon vorgelesen. Also praktisch ein \u201eHeimspiel\u201c.<\/p>\n<p>Er plauderte ein wenig aus dem N\u00e4hk\u00e4stchen. So hat er zum Beispiel das Getr\u00e4nk \u201eFanta\u201c erst ins Buch reingenommen, dann wieder raus, dann wieder rein. Daraufhin entschuldigte sich der Veranstalter mit einem Augenzwinkern leider Fanta in Form von Radler anbieten zu k\u00f6nnen.<\/p>\n<p>F\u00fcr alle Zuh\u00f6rer, die das Buch noch nicht kannten, erkl\u00e4rte Kordic, das das gar nichts machte, wenn er nicht nur den Anfang liest, denn das Buch ist ja nicht chronologisch aufgebaut. \u201eMan kann es auch von hinten nach vorne lesen\u201c. Was f\u00fcr einige Lacher sorgte und vielleicht mal einen Versuch wert w\u00e4re.<\/p>\n<p>Die gelesenen Textstellen gaben einen kurzen Einblick in die verschiedenen Handlungsorte, die wichtigsten Protagonisten und lie\u00dfen auch die, f\u00fcr das Buch, typischen Anleitungen und Listen nicht aus.<\/p>\n<p>Nach einer besonders deprimierenden Szene sagte er \u201e Als n\u00e4chstes schreibe ich ein lustiges Buch.\u201c Konkret sprach er aber leider nicht \u00fcber seine weiteren Pl\u00e4ne. Wenn das zweite Buch auch sechs Jahre zur Entstehung braucht, m\u00fcssen wir noch ein paar Jahre warten.<\/p>\n<p>In der Fragerunde danach erz\u00e4hlte Kordic, dass er ganz gut kroatisch spreche und verstehe, aber kaum in dieser Sprache schreiben k\u00f6nnte. Er w\u00fcrde sich w\u00fcnschen, dass sein Buch mal in seine Vatersprache \u00fcbersetzt werden w\u00fcrde, damit seine Verwandten, die nicht auf Deutsch lesen k\u00f6nnen, es auch mal lesen k\u00f6nnten. Leider ist diese \u00dcbersetzung bisher nicht geplant.<\/p>\n<p>Er freut sich aber sehr, dass das Buch langsam auch von jungen Lesern entdeckt wird. Er hat auch irgendwie ein \u201eKinderbuch f\u00fcr Erwachsene\u201c geschrieben.<\/p>\n<p><a href=\"https:\/\/leckerekekse.de\/wordpress\/wp-content\/uploads\/2015\/07\/IMG_5407.jpg\"><img loading=\"lazy\" decoding=\"async\" class=\"aligncenter wp-image-3736 size-full\" src=\"https:\/\/leckerekekse.de\/wordpress\/wp-content\/uploads\/2015\/07\/IMG_5407.jpg\" alt=\"martin_kordic\" width=\"640\" height=\"427\" srcset=\"https:\/\/leckerekekse.de\/wordpress\/wp-content\/uploads\/2015\/07\/IMG_5407.jpg 640w, https:\/\/leckerekekse.de\/wordpress\/wp-content\/uploads\/2015\/07\/IMG_5407-300x200.jpg 300w\" sizes=\"auto, (max-width: 640px) 100vw, 640px\" \/><\/a><\/p>\n<p>Auf den k\u00fcrzlich erhaltenen Chamisso-F\u00f6rderpreis angesprochen, \u00e4u\u00dferte er Kritik an den ihn interviewenden Journalisten, die sich fast alle in den Gespr\u00e4chen auf seine deutsch-kroatische Herkunft konzentriert h\u00e4tten. Aber so ganz allgemein w\u00e4re die Anerkennung durch so einen Preis doch sch\u00f6n!<\/p>\n<p>Insgesamt ist er auch zufrieden mit seinem eigenen Buch, an dem er lange gearbeitet und gefeilt hat. Das Schreiben liegt auch in ihm selbst. Ermutigung durch Andere ist zwar sch\u00f6n, bei ihm aber nicht ausschlaggebend f\u00fcr den eigenen Schreibprozess.<\/p>\n<p>Der nette Abend wurde durch ein lockeres Zusammensein von Autor, G\u00e4sten, Veranstaltern und Teilnehmern des Literaturkurses abgerundet.<\/p>\n<p>Es war sehr sch\u00f6n, auch mal eine Lesung im ganz anderen Umfeld zu besuchen.<\/p>\n<p>\u264c<\/p>\n","protected":false},"excerpt":{"rendered":"<p>Sommerurlaub in K\u00e4rnten. Kurz vorher sah ich aus einer Laune heraus mal nach, ob dort in der N\u00e4he vielleicht eine interessante Lesung angeboten wird. Und siehe da: im Robert-Musil-Literaturmuseum beginnt der 19. Klagenfurter Literaturkurs. Am Er\u00f6ffnungsabend liest einer der ehemaligen Teilnehmer: Martin Kordic aus seinem Deb\u00fct &#8222;Wie ich mir das Gl\u00fcck vorstelle&#8220; .<\/p>\n","protected":false},"author":2,"featured_media":3736,"comment_status":"open","ping_status":"open","sticky":false,"template":"","format":"standard","meta":{"footnotes":""},"categories":[1,3,19],"tags":[513,22,512],"class_list":["post-3732","post","type-post","status-publish","format-standard","has-post-thumbnail","hentry","category-allgemein","category-buecher","category-veranstaltungen","tag-klagenfurt","tag-lesung","tag-martin-kordic"],"yoast_head":"<!-- This site is optimized with the Yoast SEO plugin v27.4 - https:\/\/yoast.com\/product\/yoast-seo-wordpress\/ -->\n<title>Lesung mit Martin Kordic | Leckere Kekse &amp; mehr<\/title>\n<meta name=\"description\" content=\"Martin Kordic gab sich die Ehre und las zum Beginnd des Klagenfurter Literaturkurses aus seinem Deb\u00fct. Die Veranstaltung hatte fast famili\u00e4ren Character.\" \/>\n<meta name=\"robots\" content=\"index, follow, max-snippet:-1, max-image-preview:large, max-video-preview:-1\" \/>\n<link rel=\"canonical\" href=\"https:\/\/leckerekekse.de\/wordpress\/lesung-mit-martin-kordic\/\" \/>\n<meta property=\"og:locale\" content=\"de_DE\" \/>\n<meta property=\"og:type\" content=\"article\" \/>\n<meta property=\"og:title\" content=\"Lesung mit Martin Kordic | Leckere Kekse &amp; mehr\" \/>\n<meta property=\"og:description\" content=\"Martin Kordic gab sich die Ehre und las zum Beginnd des Klagenfurter Literaturkurses aus seinem Deb\u00fct. Die Veranstaltung hatte fast famili\u00e4ren Character.\" \/>\n<meta property=\"og:url\" content=\"https:\/\/leckerekekse.de\/wordpress\/lesung-mit-martin-kordic\/\" \/>\n<meta property=\"og:site_name\" content=\"Leckere Kekse &amp; mehr\" \/>\n<meta property=\"article:published_time\" content=\"2015-07-14T04:59:33+00:00\" \/>\n<meta property=\"og:image\" content=\"https:\/\/leckerekekse.de\/wordpress\/wp-content\/uploads\/2015\/07\/IMG_5407.jpg\" \/>\n\t<meta property=\"og:image:width\" content=\"640\" \/>\n\t<meta property=\"og:image:height\" content=\"427\" \/>\n\t<meta property=\"og:image:type\" content=\"image\/jpeg\" \/>\n<meta name=\"author\" content=\"Buchlieberin\" \/>\n<meta name=\"twitter:label1\" content=\"Verfasst von\" \/>\n\t<meta name=\"twitter:data1\" content=\"Buchlieberin\" \/>\n\t<meta name=\"twitter:label2\" content=\"Gesch\u00e4tzte Lesezeit\" \/>\n\t<meta name=\"twitter:data2\" content=\"4\u00a0Minuten\" \/>\n<script type=\"application\/ld+json\" class=\"yoast-schema-graph\">{\"@context\":\"https:\\\/\\\/schema.org\",\"@graph\":[{\"@type\":\"Article\",\"@id\":\"https:\\\/\\\/leckerekekse.de\\\/wordpress\\\/lesung-mit-martin-kordic\\\/#article\",\"isPartOf\":{\"@id\":\"https:\\\/\\\/leckerekekse.de\\\/wordpress\\\/lesung-mit-martin-kordic\\\/\"},\"author\":{\"name\":\"Buchlieberin\",\"@id\":\"https:\\\/\\\/leckerekekse.de\\\/wordpress\\\/#\\\/schema\\\/person\\\/aeca9a159c2be36b9bce9092b38c13c8\"},\"headline\":\"Lesung mit Martin Kordic\",\"datePublished\":\"2015-07-14T04:59:33+00:00\",\"mainEntityOfPage\":{\"@id\":\"https:\\\/\\\/leckerekekse.de\\\/wordpress\\\/lesung-mit-martin-kordic\\\/\"},\"wordCount\":872,\"commentCount\":0,\"publisher\":{\"@id\":\"https:\\\/\\\/leckerekekse.de\\\/wordpress\\\/#\\\/schema\\\/person\\\/6e4b2658514a3b7423a1f323400bdc1b\"},\"image\":{\"@id\":\"https:\\\/\\\/leckerekekse.de\\\/wordpress\\\/lesung-mit-martin-kordic\\\/#primaryimage\"},\"thumbnailUrl\":\"https:\\\/\\\/leckerekekse.de\\\/wordpress\\\/wp-content\\\/uploads\\\/2015\\\/07\\\/IMG_5407.jpg\",\"keywords\":[\"Klagenfurt\",\"Lesung\",\"Martin Kordic\"],\"articleSection\":{\"1\":\"B\u00fccher\",\"2\":\"Veranstaltungen\"},\"inLanguage\":\"de\",\"potentialAction\":[{\"@type\":\"CommentAction\",\"name\":\"Comment\",\"target\":[\"https:\\\/\\\/leckerekekse.de\\\/wordpress\\\/lesung-mit-martin-kordic\\\/#respond\"]}]},{\"@type\":\"WebPage\",\"@id\":\"https:\\\/\\\/leckerekekse.de\\\/wordpress\\\/lesung-mit-martin-kordic\\\/\",\"url\":\"https:\\\/\\\/leckerekekse.de\\\/wordpress\\\/lesung-mit-martin-kordic\\\/\",\"name\":\"Lesung mit Martin Kordic | Leckere Kekse &amp; mehr\",\"isPartOf\":{\"@id\":\"https:\\\/\\\/leckerekekse.de\\\/wordpress\\\/#website\"},\"primaryImageOfPage\":{\"@id\":\"https:\\\/\\\/leckerekekse.de\\\/wordpress\\\/lesung-mit-martin-kordic\\\/#primaryimage\"},\"image\":{\"@id\":\"https:\\\/\\\/leckerekekse.de\\\/wordpress\\\/lesung-mit-martin-kordic\\\/#primaryimage\"},\"thumbnailUrl\":\"https:\\\/\\\/leckerekekse.de\\\/wordpress\\\/wp-content\\\/uploads\\\/2015\\\/07\\\/IMG_5407.jpg\",\"datePublished\":\"2015-07-14T04:59:33+00:00\",\"description\":\"Martin Kordic gab sich die Ehre und las zum Beginnd des Klagenfurter Literaturkurses aus seinem Deb\u00fct. Die Veranstaltung hatte fast famili\u00e4ren Character.\",\"breadcrumb\":{\"@id\":\"https:\\\/\\\/leckerekekse.de\\\/wordpress\\\/lesung-mit-martin-kordic\\\/#breadcrumb\"},\"inLanguage\":\"de\",\"potentialAction\":[{\"@type\":\"ReadAction\",\"target\":[\"https:\\\/\\\/leckerekekse.de\\\/wordpress\\\/lesung-mit-martin-kordic\\\/\"]}]},{\"@type\":\"ImageObject\",\"inLanguage\":\"de\",\"@id\":\"https:\\\/\\\/leckerekekse.de\\\/wordpress\\\/lesung-mit-martin-kordic\\\/#primaryimage\",\"url\":\"https:\\\/\\\/leckerekekse.de\\\/wordpress\\\/wp-content\\\/uploads\\\/2015\\\/07\\\/IMG_5407.jpg\",\"contentUrl\":\"https:\\\/\\\/leckerekekse.de\\\/wordpress\\\/wp-content\\\/uploads\\\/2015\\\/07\\\/IMG_5407.jpg\",\"width\":640,\"height\":427},{\"@type\":\"BreadcrumbList\",\"@id\":\"https:\\\/\\\/leckerekekse.de\\\/wordpress\\\/lesung-mit-martin-kordic\\\/#breadcrumb\",\"itemListElement\":[{\"@type\":\"ListItem\",\"position\":1,\"name\":\"Home\",\"item\":\"https:\\\/\\\/leckerekekse.de\\\/wordpress\\\/\"},{\"@type\":\"ListItem\",\"position\":2,\"name\":\"Lesung mit Martin Kordic\"}]},{\"@type\":\"WebSite\",\"@id\":\"https:\\\/\\\/leckerekekse.de\\\/wordpress\\\/#website\",\"url\":\"https:\\\/\\\/leckerekekse.de\\\/wordpress\\\/\",\"name\":\"Leckere Kekse &amp; mehr\",\"description\":\"Kekse backen, B\u00fccher lesen und mehr\",\"publisher\":{\"@id\":\"https:\\\/\\\/leckerekekse.de\\\/wordpress\\\/#\\\/schema\\\/person\\\/6e4b2658514a3b7423a1f323400bdc1b\"},\"potentialAction\":[{\"@type\":\"SearchAction\",\"target\":{\"@type\":\"EntryPoint\",\"urlTemplate\":\"https:\\\/\\\/leckerekekse.de\\\/wordpress\\\/?s={search_term_string}\"},\"query-input\":{\"@type\":\"PropertyValueSpecification\",\"valueRequired\":true,\"valueName\":\"search_term_string\"}}],\"inLanguage\":\"de\"},{\"@type\":[\"Person\",\"Organization\"],\"@id\":\"https:\\\/\\\/leckerekekse.de\\\/wordpress\\\/#\\\/schema\\\/person\\\/6e4b2658514a3b7423a1f323400bdc1b\",\"name\":\"Astrid\",\"logo\":{\"@id\":\"https:\\\/\\\/leckerekekse.de\\\/wordpress\\\/#\\\/schema\\\/person\\\/image\\\/\"},\"sameAs\":[\"https:\\\/\\\/leckerekekse.de\\\/wordpress\"]},{\"@type\":\"Person\",\"@id\":\"https:\\\/\\\/leckerekekse.de\\\/wordpress\\\/#\\\/schema\\\/person\\\/aeca9a159c2be36b9bce9092b38c13c8\",\"name\":\"Buchlieberin\",\"sameAs\":[\"https:\\\/\\\/leckerekekse.de\\\/wordpress\"]}]}<\/script>\n<!-- \/ Yoast SEO plugin. -->","yoast_head_json":{"title":"Lesung mit Martin Kordic | Leckere Kekse &amp; mehr","description":"Martin Kordic gab sich die Ehre und las zum Beginnd des Klagenfurter Literaturkurses aus seinem Deb\u00fct. Die Veranstaltung hatte fast famili\u00e4ren Character.","robots":{"index":"index","follow":"follow","max-snippet":"max-snippet:-1","max-image-preview":"max-image-preview:large","max-video-preview":"max-video-preview:-1"},"canonical":"https:\/\/leckerekekse.de\/wordpress\/lesung-mit-martin-kordic\/","og_locale":"de_DE","og_type":"article","og_title":"Lesung mit Martin Kordic | Leckere Kekse &amp; mehr","og_description":"Martin Kordic gab sich die Ehre und las zum Beginnd des Klagenfurter Literaturkurses aus seinem Deb\u00fct. Die Veranstaltung hatte fast famili\u00e4ren Character.","og_url":"https:\/\/leckerekekse.de\/wordpress\/lesung-mit-martin-kordic\/","og_site_name":"Leckere Kekse &amp; mehr","article_published_time":"2015-07-14T04:59:33+00:00","og_image":[{"width":640,"height":427,"url":"https:\/\/leckerekekse.de\/wordpress\/wp-content\/uploads\/2015\/07\/IMG_5407.jpg","type":"image\/jpeg"}],"author":"Buchlieberin","twitter_misc":{"Verfasst von":"Buchlieberin","Gesch\u00e4tzte Lesezeit":"4\u00a0Minuten"},"schema":{"@context":"https:\/\/schema.org","@graph":[{"@type":"Article","@id":"https:\/\/leckerekekse.de\/wordpress\/lesung-mit-martin-kordic\/#article","isPartOf":{"@id":"https:\/\/leckerekekse.de\/wordpress\/lesung-mit-martin-kordic\/"},"author":{"name":"Buchlieberin","@id":"https:\/\/leckerekekse.de\/wordpress\/#\/schema\/person\/aeca9a159c2be36b9bce9092b38c13c8"},"headline":"Lesung mit Martin Kordic","datePublished":"2015-07-14T04:59:33+00:00","mainEntityOfPage":{"@id":"https:\/\/leckerekekse.de\/wordpress\/lesung-mit-martin-kordic\/"},"wordCount":872,"commentCount":0,"publisher":{"@id":"https:\/\/leckerekekse.de\/wordpress\/#\/schema\/person\/6e4b2658514a3b7423a1f323400bdc1b"},"image":{"@id":"https:\/\/leckerekekse.de\/wordpress\/lesung-mit-martin-kordic\/#primaryimage"},"thumbnailUrl":"https:\/\/leckerekekse.de\/wordpress\/wp-content\/uploads\/2015\/07\/IMG_5407.jpg","keywords":["Klagenfurt","Lesung","Martin Kordic"],"articleSection":{"1":"B\u00fccher","2":"Veranstaltungen"},"inLanguage":"de","potentialAction":[{"@type":"CommentAction","name":"Comment","target":["https:\/\/leckerekekse.de\/wordpress\/lesung-mit-martin-kordic\/#respond"]}]},{"@type":"WebPage","@id":"https:\/\/leckerekekse.de\/wordpress\/lesung-mit-martin-kordic\/","url":"https:\/\/leckerekekse.de\/wordpress\/lesung-mit-martin-kordic\/","name":"Lesung mit Martin Kordic | Leckere Kekse &amp; mehr","isPartOf":{"@id":"https:\/\/leckerekekse.de\/wordpress\/#website"},"primaryImageOfPage":{"@id":"https:\/\/leckerekekse.de\/wordpress\/lesung-mit-martin-kordic\/#primaryimage"},"image":{"@id":"https:\/\/leckerekekse.de\/wordpress\/lesung-mit-martin-kordic\/#primaryimage"},"thumbnailUrl":"https:\/\/leckerekekse.de\/wordpress\/wp-content\/uploads\/2015\/07\/IMG_5407.jpg","datePublished":"2015-07-14T04:59:33+00:00","description":"Martin Kordic gab sich die Ehre und las zum Beginnd des Klagenfurter Literaturkurses aus seinem Deb\u00fct. Die Veranstaltung hatte fast famili\u00e4ren Character.","breadcrumb":{"@id":"https:\/\/leckerekekse.de\/wordpress\/lesung-mit-martin-kordic\/#breadcrumb"},"inLanguage":"de","potentialAction":[{"@type":"ReadAction","target":["https:\/\/leckerekekse.de\/wordpress\/lesung-mit-martin-kordic\/"]}]},{"@type":"ImageObject","inLanguage":"de","@id":"https:\/\/leckerekekse.de\/wordpress\/lesung-mit-martin-kordic\/#primaryimage","url":"https:\/\/leckerekekse.de\/wordpress\/wp-content\/uploads\/2015\/07\/IMG_5407.jpg","contentUrl":"https:\/\/leckerekekse.de\/wordpress\/wp-content\/uploads\/2015\/07\/IMG_5407.jpg","width":640,"height":427},{"@type":"BreadcrumbList","@id":"https:\/\/leckerekekse.de\/wordpress\/lesung-mit-martin-kordic\/#breadcrumb","itemListElement":[{"@type":"ListItem","position":1,"name":"Home","item":"https:\/\/leckerekekse.de\/wordpress\/"},{"@type":"ListItem","position":2,"name":"Lesung mit Martin Kordic"}]},{"@type":"WebSite","@id":"https:\/\/leckerekekse.de\/wordpress\/#website","url":"https:\/\/leckerekekse.de\/wordpress\/","name":"Leckere Kekse &amp; mehr","description":"Kekse backen, B\u00fccher lesen und mehr","publisher":{"@id":"https:\/\/leckerekekse.de\/wordpress\/#\/schema\/person\/6e4b2658514a3b7423a1f323400bdc1b"},"potentialAction":[{"@type":"SearchAction","target":{"@type":"EntryPoint","urlTemplate":"https:\/\/leckerekekse.de\/wordpress\/?s={search_term_string}"},"query-input":{"@type":"PropertyValueSpecification","valueRequired":true,"valueName":"search_term_string"}}],"inLanguage":"de"},{"@type":["Person","Organization"],"@id":"https:\/\/leckerekekse.de\/wordpress\/#\/schema\/person\/6e4b2658514a3b7423a1f323400bdc1b","name":"Astrid","logo":{"@id":"https:\/\/leckerekekse.de\/wordpress\/#\/schema\/person\/image\/"},"sameAs":["https:\/\/leckerekekse.de\/wordpress"]},{"@type":"Person","@id":"https:\/\/leckerekekse.de\/wordpress\/#\/schema\/person\/aeca9a159c2be36b9bce9092b38c13c8","name":"Buchlieberin","sameAs":["https:\/\/leckerekekse.de\/wordpress"]}]}},"_links":{"self":[{"href":"https:\/\/leckerekekse.de\/wordpress\/wp-json\/wp\/v2\/posts\/3732","targetHints":{"allow":["GET"]}}],"collection":[{"href":"https:\/\/leckerekekse.de\/wordpress\/wp-json\/wp\/v2\/posts"}],"about":[{"href":"https:\/\/leckerekekse.de\/wordpress\/wp-json\/wp\/v2\/types\/post"}],"author":[{"embeddable":true,"href":"https:\/\/leckerekekse.de\/wordpress\/wp-json\/wp\/v2\/users\/2"}],"replies":[{"embeddable":true,"href":"https:\/\/leckerekekse.de\/wordpress\/wp-json\/wp\/v2\/comments?post=3732"}],"version-history":[{"count":4,"href":"https:\/\/leckerekekse.de\/wordpress\/wp-json\/wp\/v2\/posts\/3732\/revisions"}],"predecessor-version":[{"id":3744,"href":"https:\/\/leckerekekse.de\/wordpress\/wp-json\/wp\/v2\/posts\/3732\/revisions\/3744"}],"wp:featuredmedia":[{"embeddable":true,"href":"https:\/\/leckerekekse.de\/wordpress\/wp-json\/wp\/v2\/media\/3736"}],"wp:attachment":[{"href":"https:\/\/leckerekekse.de\/wordpress\/wp-json\/wp\/v2\/media?parent=3732"}],"wp:term":[{"taxonomy":"category","embeddable":true,"href":"https:\/\/leckerekekse.de\/wordpress\/wp-json\/wp\/v2\/categories?post=3732"},{"taxonomy":"post_tag","embeddable":true,"href":"https:\/\/leckerekekse.de\/wordpress\/wp-json\/wp\/v2\/tags?post=3732"}],"curies":[{"name":"wp","href":"https:\/\/api.w.org\/{rel}","templated":true}]}}