{"id":3749,"date":"2015-07-23T07:33:55","date_gmt":"2015-07-23T05:33:55","guid":{"rendered":"http:\/\/leckerekekse.de\/wordpress\/?p=3749"},"modified":"2022-09-12T11:54:59","modified_gmt":"2022-09-12T09:54:59","slug":"wilhelm-brasse-der-fotograf-von-auschwitz","status":"publish","type":"post","link":"https:\/\/leckerekekse.de\/wordpress\/wilhelm-brasse-der-fotograf-von-auschwitz\/","title":{"rendered":"Wilhelm Brasse: Der Fotograf von Auschwitz"},"content":{"rendered":"<h6 style=\"text-align: center;\">von Luca Crippa\/Maurizio Onnis<\/h6>\n<p><img loading=\"lazy\" decoding=\"async\" class=\"aligncenter size-full wp-image-3750\" src=\"https:\/\/leckerekekse.de\/wordpress\/wp-content\/uploads\/2015\/07\/Der-Fotograf-von-Auschwitz-crippa.jpg\" alt=\"Wilhelm Brasse - Der Fotograf von Auschwitz\" width=\"640\" height=\"427\" srcset=\"https:\/\/leckerekekse.de\/wordpress\/wp-content\/uploads\/2015\/07\/Der-Fotograf-von-Auschwitz-crippa.jpg 640w, https:\/\/leckerekekse.de\/wordpress\/wp-content\/uploads\/2015\/07\/Der-Fotograf-von-Auschwitz-crippa-300x200.jpg 300w\" sizes=\"auto, (max-width: 640px) 100vw, 640px\" \/><\/p>\n<p>Wilhelm Brasse (1917-2012) war ein deutsch-polnischer Fotograf und \u00dcberlebender des Konzentrationslagers Auschwitz. Als H\u00e4ftling dort war er vier Jahre lang Lagerfotograf.<\/p>\n<h6>Nummer 3444<\/h6>\n<p>Als einer der ersten Gefangenen von Auschwitz kam Wilhelm Brasse 22j\u00e4hrig Ende August 1940 dort an. Er bekam die Nummer 3444. Nach etlichen Arbeitseins\u00e4tzen in verschiedenen Bereichen des Lagers, wurden im Lager Fotografen f\u00fcr den Erkennungsdienst gesucht. Mit mehreren anderen Polen begann er als Cheffotograf seine Arbeit im Block 26, in dem ein Atelier und eine Dunkelkammer eingerichtet wurden.<\/p>\n<p><!--more--><\/p>\n<p>Anfangs wurden alle H\u00e4ftlinge registriert. Mit Foto, Nummer und Inhaftierungsdatum. Die Deutschen waren sehr gewissenhaft, was ihre B\u00fcrokratie betraf. Als im Laufe der Zeit viele Ank\u00f6mmlinge direkt in die Gaskammern kamen, sparte man sich die Fotos.<\/p>\n<p>So kam es, dass Brasse und seine Mith\u00e4ftlinge immer mehr zu einem \u201enormalen\u201c Fotostudio wurden. Viele SS-Angeh\u00f6rige wollten Portr\u00e4ts von sich nach Hause schicken.<\/p>\n<p>Je l\u00e4nger das Lager bestand, desto mehr Experimente an Menschen begannen. Der ber\u00fcchtigte Lagerarzt Dr. Josef Mengele arbeitete in Auschwitz und wollte seine Forschungen gut dokumentieren. Die Auschwitz-Fotografen mussten unmenschliches auf Fotos festhalten.<\/p>\n<h6>Widerstand<\/h6>\n<p>Wilhelm Brasse wurde im Laufe seiner Lagerzugeh\u00f6rigkeit immer mutiger. Im letzten Jahr vor der Befreiung hat er sich dem Widerstand im Lager angeschlossen und konnte wertvolle Informationen weitergeben.<\/p>\n<p>Als er kurz vor der Befreiung den Befehl bekam, alle Fotos und Negative zu verbrennen, widersetzte er sich und konnte so viele seiner Fotos retten. Sie waren f\u00fcr die Befreier von unsch\u00e4tzbarem Wert. Im Buch werden viele Fotos abgebildet und das macht das Geschehen f\u00fcr den Leser noch realer. Viele von Brasses Fotos h\u00e4ngen heute im Auswitzmuseum und in der Gedenkst\u00e4tte Yad Vashem in Jerusalem.<\/p>\n<h6>Schwerer Lesestoff<\/h6>\n<p>Es ist mir sehr schwer gefallen, dieses Buch zu lesen. Obwohl ich schon unz\u00e4hlige B\u00fccher \u00fcber den Holocaust kenne, ist dieses eins, dass mich besonders mitgenommen hat. Viele Beschreibungen waren kaum zu ertragen und gerade die Experimente an den Gefangenen waren unbeschreiblich grausam. Man kann sich so gut einf\u00fchlen in den Fotografen.<\/p>\n<p>Es ist gut, dass es immer noch neue B\u00fccher \u00fcber den Holocaust gibt \u2013leider wird das wohl sehr bald nicht mehr so sein. Viele \u00dcberlebende von Konzentrationslagern gibt es nicht mehr und so ist es fraglich, wie die Aufkl\u00e4rungsarbeit \u00fcber die Nazizeit weitergehen wird.<\/p>\n<p><img loading=\"lazy\" decoding=\"async\" class=\"aligncenter size-full wp-image-3751\" src=\"https:\/\/leckerekekse.de\/wordpress\/wp-content\/uploads\/2015\/07\/Der-Fotograf-von-Auschwitz-Engelmann.jpg\" alt=\"Wilhelm Brasse - Der Fotograf von Auschwitz\" width=\"640\" height=\"427\" srcset=\"https:\/\/leckerekekse.de\/wordpress\/wp-content\/uploads\/2015\/07\/Der-Fotograf-von-Auschwitz-Engelmann.jpg 640w, https:\/\/leckerekekse.de\/wordpress\/wp-content\/uploads\/2015\/07\/Der-Fotograf-von-Auschwitz-Engelmann-300x200.jpg 300w\" sizes=\"auto, (max-width: 640px) 100vw, 640px\" \/><\/p>\n<p>&nbsp;<\/p>\n<h6>Reiner Engelmann: Der Fotograf von Auschwitz<\/h6>\n<h6>Vergleich der beiden B\u00fccher<\/h6>\n<p>Ein weiteres Buch \u00fcber den Fotografen von Ausschwitz gibt es von Reiner Engelmann. \u201eDer Fotograf von Auschwitz: Das Leben des Wilhelm Brasse. Dieses Buch ist f\u00fcr Jugendliche ab 13 Jahren. Mich interessierte sehr, wie unterschiedlich diese B\u00fccher wohl sein w\u00fcrden. Also habe ich auch dieses Buch gelesen. Alle Autoren hatten anscheinend das gleiche Ausgangsmaterial und haben ganz unterschiedliche B\u00fccher daraus gemacht. Das Jugendbuch behandelt alle Themen wesentlich oberfl\u00e4chlicher und ohne gro\u00dfe Emotionen. Die beiden italienischen Autoren gingen viel mehr ins Detail, was f\u00fcr ein Jugendbuch nicht geeignet w\u00e4re.<\/p>\n<p>Entt\u00e4uscht haben mich allerdings einige Dinge, die nicht \u00fcbereinstimmten. Hatte Brasse in einem Buch 3 Geschwister, so waren es im anderen 5. In einem zwei T\u00f6chter, im anderen zumindest ein Sohn. Die Geschichten aus Auschwitz deckten sich dagegen, wobei der Zeitrahmen ein anderer war. Hatte ich bei dem Erwachsenenbuch das Gef\u00fchl, dass es eine logische Reihenfolge der Geschehnisse gab, so hat man bei dem Jugendbuch darauf verzichtet.<\/p>\n<p><img loading=\"lazy\" decoding=\"async\" class=\"aligncenter size-full wp-image-3752\" src=\"https:\/\/leckerekekse.de\/wordpress\/wp-content\/uploads\/2015\/07\/Der-Fotograf-von-Auschwitz-Wilhelm-Brasse.jpg\" alt=\"Wilhelm Brasse - Der Fotograf von Auschwitz\" width=\"640\" height=\"457\" srcset=\"https:\/\/leckerekekse.de\/wordpress\/wp-content\/uploads\/2015\/07\/Der-Fotograf-von-Auschwitz-Wilhelm-Brasse.jpg 640w, https:\/\/leckerekekse.de\/wordpress\/wp-content\/uploads\/2015\/07\/Der-Fotograf-von-Auschwitz-Wilhelm-Brasse-300x214.jpg 300w\" sizes=\"auto, (max-width: 640px) 100vw, 640px\" \/><\/p>\n<h6>F\u00fcr Jugendliche ab 13 Jahren geeignet?<\/h6>\n<p>Ob ich das Jugendbuch schon 13j\u00e4hrigen empfehlen w\u00fcrde, wei\u00df ich nicht so recht. Da sie in diesem Alter in der Schule noch gar keine Ber\u00fchrung mit dem zweiten Weltkrieg und der Judenverfolgung gemacht haben, w\u00fcrde ich ihnen kein Auschwitzbuch in dem Alter empfehlen. Da ist das \u201eTagebuch der Anne Frank\u201c oder \u201eAls Hitler das rosa Kaninchen stahl\u201c wesentlich altersgerechter.<\/p>\n<p>Von dem Buch von Reiner Engelmann gibt es <a href=\"https:\/\/astrolibrium.wordpress.com\/2014\/12\/19\/der-fotograf-von-auschwitz-von-reiner-engelmann\/\" target=\"_blank\" rel=\"noopener\">hier<\/a> noch eine ausf\u00fchrlichere Rezension.<\/p>\n<div class=\"headerBuchinfo\">\n<p>Luca Crippa, Maurizio Onnis, Wilhelm Brasse &#8211; der Fotograf von Auschwitz,<br \/>\nAus dem Italienischen von Bruno Genzler,\u00a0 336 Seiten, ISBN: 978-3-89667-531-6, \u20ac 19,99 [D], Verlag:  Blessing <\/p>\n<\/div>\n<div class=\"headerBuchinfo\">\n<p>Reiner Engelmann, Der Fotograf von Auschwitz, Das Leben des Wilhelm Brasse, Ab 13 Jahren<br \/>\nGebundenes Buch, Pappband, 192 Seiten, ISBN: 978-3-570-15919-4, \u20ac 14,99 [D], Verlag:  cbj <\/p>\n<\/div>\n<p><a href=\"https:\/\/leckerekekse.de\/wordpress\/wp-content\/uploads\/2014\/08\/Symbol-moewe-2.png\"><img loading=\"lazy\" decoding=\"async\" class=\" size-full wp-image-248 alignleft\" src=\"https:\/\/leckerekekse.de\/wordpress\/wp-content\/uploads\/2014\/08\/Symbol-moewe-2.png\" alt=\"Symbol-moewe-2\" width=\"40\" height=\"40\" \/><\/a><\/p>\n<p>&nbsp;<\/p>\n<p>&nbsp;<\/p>\n<p>&nbsp;<\/p>\n","protected":false},"excerpt":{"rendered":"<p>von Luca Crippa\/Maurizio Onnis Wilhelm Brasse (1917-2012) war ein deutsch-polnischer Fotograf und \u00dcberlebender des Konzentrationslagers Auschwitz. Als H\u00e4ftling dort war er vier Jahre lang Lagerfotograf. Nummer 3444 Als einer der ersten Gefangenen von Auschwitz kam Wilhelm Brasse 22j\u00e4hrig Ende August 1940 dort an. Er bekam die Nummer 3444. Nach etlichen Arbeitseins\u00e4tzen in verschiedenen Bereichen des [&hellip;]<\/p>\n","protected":false},"author":1,"featured_media":3752,"comment_status":"open","ping_status":"open","sticky":false,"template":"","format":"standard","meta":{"footnotes":""},"categories":[1,3],"tags":[516,432,515,517],"class_list":["post-3749","post","type-post","status-publish","format-standard","has-post-thumbnail","hentry","category-allgemein","category-buecher","tag-auschwitz","tag-buch","tag-fotograf","tag-holocaust"],"yoast_head":"<!-- This site is optimized with the Yoast SEO plugin v27.4 - https:\/\/yoast.com\/product\/yoast-seo-wordpress\/ -->\n<title>Wilhelm Brasse: Der Fotograf von Auschwitz | Leckere Kekse &amp; mehr<\/title>\n<meta name=\"description\" content=\"Wilhlm Brasse war der Fotograf von Auschwitz. Zwei interessante B\u00fccher \u00fcber sein Leben im KZ. Vorgestellt wird eines f\u00fcr Kinder und eines f\u00fcr Erwachsene\" \/>\n<meta name=\"robots\" content=\"index, follow, max-snippet:-1, max-image-preview:large, max-video-preview:-1\" \/>\n<link rel=\"canonical\" href=\"https:\/\/leckerekekse.de\/wordpress\/wilhelm-brasse-der-fotograf-von-auschwitz\/\" \/>\n<meta property=\"og:locale\" content=\"de_DE\" \/>\n<meta property=\"og:type\" content=\"article\" \/>\n<meta property=\"og:title\" content=\"Wilhelm Brasse: Der Fotograf von Auschwitz | Leckere Kekse &amp; mehr\" \/>\n<meta property=\"og:description\" content=\"Wilhlm Brasse war der Fotograf von Auschwitz. Zwei interessante B\u00fccher \u00fcber sein Leben im KZ. Vorgestellt wird eines f\u00fcr Kinder und eines f\u00fcr Erwachsene\" \/>\n<meta property=\"og:url\" content=\"https:\/\/leckerekekse.de\/wordpress\/wilhelm-brasse-der-fotograf-von-auschwitz\/\" \/>\n<meta property=\"og:site_name\" content=\"Leckere Kekse &amp; mehr\" \/>\n<meta property=\"article:published_time\" content=\"2015-07-23T05:33:55+00:00\" \/>\n<meta property=\"article:modified_time\" content=\"2022-09-12T09:54:59+00:00\" \/>\n<meta property=\"og:image\" content=\"https:\/\/leckerekekse.de\/wordpress\/wp-content\/uploads\/2015\/07\/Der-Fotograf-von-Auschwitz-Wilhelm-Brasse.jpg\" \/>\n\t<meta property=\"og:image:width\" content=\"640\" \/>\n\t<meta property=\"og:image:height\" content=\"457\" \/>\n\t<meta property=\"og:image:type\" content=\"image\/jpeg\" \/>\n<meta name=\"author\" content=\"Astrid\" \/>\n<meta name=\"twitter:label1\" content=\"Verfasst von\" \/>\n\t<meta name=\"twitter:data1\" content=\"Astrid\" \/>\n\t<meta name=\"twitter:label2\" content=\"Gesch\u00e4tzte Lesezeit\" \/>\n\t<meta name=\"twitter:data2\" content=\"4\u00a0Minuten\" \/>\n<script type=\"application\/ld+json\" class=\"yoast-schema-graph\">{\"@context\":\"https:\\\/\\\/schema.org\",\"@graph\":[{\"@type\":\"Article\",\"@id\":\"https:\\\/\\\/leckerekekse.de\\\/wordpress\\\/wilhelm-brasse-der-fotograf-von-auschwitz\\\/#article\",\"isPartOf\":{\"@id\":\"https:\\\/\\\/leckerekekse.de\\\/wordpress\\\/wilhelm-brasse-der-fotograf-von-auschwitz\\\/\"},\"author\":{\"name\":\"Astrid\",\"@id\":\"https:\\\/\\\/leckerekekse.de\\\/wordpress\\\/#\\\/schema\\\/person\\\/6e4b2658514a3b7423a1f323400bdc1b\"},\"headline\":\"Wilhelm Brasse: Der Fotograf von Auschwitz\",\"datePublished\":\"2015-07-23T05:33:55+00:00\",\"dateModified\":\"2022-09-12T09:54:59+00:00\",\"mainEntityOfPage\":{\"@id\":\"https:\\\/\\\/leckerekekse.de\\\/wordpress\\\/wilhelm-brasse-der-fotograf-von-auschwitz\\\/\"},\"wordCount\":709,\"commentCount\":3,\"publisher\":{\"@id\":\"https:\\\/\\\/leckerekekse.de\\\/wordpress\\\/#\\\/schema\\\/person\\\/6e4b2658514a3b7423a1f323400bdc1b\"},\"image\":{\"@id\":\"https:\\\/\\\/leckerekekse.de\\\/wordpress\\\/wilhelm-brasse-der-fotograf-von-auschwitz\\\/#primaryimage\"},\"thumbnailUrl\":\"https:\\\/\\\/leckerekekse.de\\\/wordpress\\\/wp-content\\\/uploads\\\/2015\\\/07\\\/Der-Fotograf-von-Auschwitz-Wilhelm-Brasse.jpg\",\"keywords\":[\"Auschwitz\",\"Buch\",\"Fotograf\",\"Holocaust\"],\"articleSection\":{\"1\":\"B\u00fccher\"},\"inLanguage\":\"de\",\"potentialAction\":[{\"@type\":\"CommentAction\",\"name\":\"Comment\",\"target\":[\"https:\\\/\\\/leckerekekse.de\\\/wordpress\\\/wilhelm-brasse-der-fotograf-von-auschwitz\\\/#respond\"]}]},{\"@type\":\"WebPage\",\"@id\":\"https:\\\/\\\/leckerekekse.de\\\/wordpress\\\/wilhelm-brasse-der-fotograf-von-auschwitz\\\/\",\"url\":\"https:\\\/\\\/leckerekekse.de\\\/wordpress\\\/wilhelm-brasse-der-fotograf-von-auschwitz\\\/\",\"name\":\"Wilhelm Brasse: Der Fotograf von Auschwitz | Leckere Kekse &amp; mehr\",\"isPartOf\":{\"@id\":\"https:\\\/\\\/leckerekekse.de\\\/wordpress\\\/#website\"},\"primaryImageOfPage\":{\"@id\":\"https:\\\/\\\/leckerekekse.de\\\/wordpress\\\/wilhelm-brasse-der-fotograf-von-auschwitz\\\/#primaryimage\"},\"image\":{\"@id\":\"https:\\\/\\\/leckerekekse.de\\\/wordpress\\\/wilhelm-brasse-der-fotograf-von-auschwitz\\\/#primaryimage\"},\"thumbnailUrl\":\"https:\\\/\\\/leckerekekse.de\\\/wordpress\\\/wp-content\\\/uploads\\\/2015\\\/07\\\/Der-Fotograf-von-Auschwitz-Wilhelm-Brasse.jpg\",\"datePublished\":\"2015-07-23T05:33:55+00:00\",\"dateModified\":\"2022-09-12T09:54:59+00:00\",\"description\":\"Wilhlm Brasse war der Fotograf von Auschwitz. Zwei interessante B\u00fccher \u00fcber sein Leben im KZ. Vorgestellt wird eines f\u00fcr Kinder und eines f\u00fcr Erwachsene\",\"breadcrumb\":{\"@id\":\"https:\\\/\\\/leckerekekse.de\\\/wordpress\\\/wilhelm-brasse-der-fotograf-von-auschwitz\\\/#breadcrumb\"},\"inLanguage\":\"de\",\"potentialAction\":[{\"@type\":\"ReadAction\",\"target\":[\"https:\\\/\\\/leckerekekse.de\\\/wordpress\\\/wilhelm-brasse-der-fotograf-von-auschwitz\\\/\"]}]},{\"@type\":\"ImageObject\",\"inLanguage\":\"de\",\"@id\":\"https:\\\/\\\/leckerekekse.de\\\/wordpress\\\/wilhelm-brasse-der-fotograf-von-auschwitz\\\/#primaryimage\",\"url\":\"https:\\\/\\\/leckerekekse.de\\\/wordpress\\\/wp-content\\\/uploads\\\/2015\\\/07\\\/Der-Fotograf-von-Auschwitz-Wilhelm-Brasse.jpg\",\"contentUrl\":\"https:\\\/\\\/leckerekekse.de\\\/wordpress\\\/wp-content\\\/uploads\\\/2015\\\/07\\\/Der-Fotograf-von-Auschwitz-Wilhelm-Brasse.jpg\",\"width\":640,\"height\":457,\"caption\":\"Wilhelm Brasse - Der Fotograf von Auschwitz\"},{\"@type\":\"BreadcrumbList\",\"@id\":\"https:\\\/\\\/leckerekekse.de\\\/wordpress\\\/wilhelm-brasse-der-fotograf-von-auschwitz\\\/#breadcrumb\",\"itemListElement\":[{\"@type\":\"ListItem\",\"position\":1,\"name\":\"Home\",\"item\":\"https:\\\/\\\/leckerekekse.de\\\/wordpress\\\/\"},{\"@type\":\"ListItem\",\"position\":2,\"name\":\"Wilhelm Brasse: Der Fotograf von Auschwitz\"}]},{\"@type\":\"WebSite\",\"@id\":\"https:\\\/\\\/leckerekekse.de\\\/wordpress\\\/#website\",\"url\":\"https:\\\/\\\/leckerekekse.de\\\/wordpress\\\/\",\"name\":\"Leckere Kekse &amp; mehr\",\"description\":\"Kekse backen, B\u00fccher lesen und mehr\",\"publisher\":{\"@id\":\"https:\\\/\\\/leckerekekse.de\\\/wordpress\\\/#\\\/schema\\\/person\\\/6e4b2658514a3b7423a1f323400bdc1b\"},\"potentialAction\":[{\"@type\":\"SearchAction\",\"target\":{\"@type\":\"EntryPoint\",\"urlTemplate\":\"https:\\\/\\\/leckerekekse.de\\\/wordpress\\\/?s={search_term_string}\"},\"query-input\":{\"@type\":\"PropertyValueSpecification\",\"valueRequired\":true,\"valueName\":\"search_term_string\"}}],\"inLanguage\":\"de\"},{\"@type\":[\"Person\",\"Organization\"],\"@id\":\"https:\\\/\\\/leckerekekse.de\\\/wordpress\\\/#\\\/schema\\\/person\\\/6e4b2658514a3b7423a1f323400bdc1b\",\"name\":\"Astrid\",\"logo\":{\"@id\":\"https:\\\/\\\/leckerekekse.de\\\/wordpress\\\/#\\\/schema\\\/person\\\/image\\\/\"},\"sameAs\":[\"https:\\\/\\\/leckerekekse.de\\\/wordpress\"]}]}<\/script>\n<!-- \/ Yoast SEO plugin. -->","yoast_head_json":{"title":"Wilhelm Brasse: Der Fotograf von Auschwitz | Leckere Kekse &amp; mehr","description":"Wilhlm Brasse war der Fotograf von Auschwitz. Zwei interessante B\u00fccher \u00fcber sein Leben im KZ. Vorgestellt wird eines f\u00fcr Kinder und eines f\u00fcr Erwachsene","robots":{"index":"index","follow":"follow","max-snippet":"max-snippet:-1","max-image-preview":"max-image-preview:large","max-video-preview":"max-video-preview:-1"},"canonical":"https:\/\/leckerekekse.de\/wordpress\/wilhelm-brasse-der-fotograf-von-auschwitz\/","og_locale":"de_DE","og_type":"article","og_title":"Wilhelm Brasse: Der Fotograf von Auschwitz | Leckere Kekse &amp; mehr","og_description":"Wilhlm Brasse war der Fotograf von Auschwitz. Zwei interessante B\u00fccher \u00fcber sein Leben im KZ. Vorgestellt wird eines f\u00fcr Kinder und eines f\u00fcr Erwachsene","og_url":"https:\/\/leckerekekse.de\/wordpress\/wilhelm-brasse-der-fotograf-von-auschwitz\/","og_site_name":"Leckere Kekse &amp; mehr","article_published_time":"2015-07-23T05:33:55+00:00","article_modified_time":"2022-09-12T09:54:59+00:00","og_image":[{"width":640,"height":457,"url":"https:\/\/leckerekekse.de\/wordpress\/wp-content\/uploads\/2015\/07\/Der-Fotograf-von-Auschwitz-Wilhelm-Brasse.jpg","type":"image\/jpeg"}],"author":"Astrid","twitter_misc":{"Verfasst von":"Astrid","Gesch\u00e4tzte Lesezeit":"4\u00a0Minuten"},"schema":{"@context":"https:\/\/schema.org","@graph":[{"@type":"Article","@id":"https:\/\/leckerekekse.de\/wordpress\/wilhelm-brasse-der-fotograf-von-auschwitz\/#article","isPartOf":{"@id":"https:\/\/leckerekekse.de\/wordpress\/wilhelm-brasse-der-fotograf-von-auschwitz\/"},"author":{"name":"Astrid","@id":"https:\/\/leckerekekse.de\/wordpress\/#\/schema\/person\/6e4b2658514a3b7423a1f323400bdc1b"},"headline":"Wilhelm Brasse: Der Fotograf von Auschwitz","datePublished":"2015-07-23T05:33:55+00:00","dateModified":"2022-09-12T09:54:59+00:00","mainEntityOfPage":{"@id":"https:\/\/leckerekekse.de\/wordpress\/wilhelm-brasse-der-fotograf-von-auschwitz\/"},"wordCount":709,"commentCount":3,"publisher":{"@id":"https:\/\/leckerekekse.de\/wordpress\/#\/schema\/person\/6e4b2658514a3b7423a1f323400bdc1b"},"image":{"@id":"https:\/\/leckerekekse.de\/wordpress\/wilhelm-brasse-der-fotograf-von-auschwitz\/#primaryimage"},"thumbnailUrl":"https:\/\/leckerekekse.de\/wordpress\/wp-content\/uploads\/2015\/07\/Der-Fotograf-von-Auschwitz-Wilhelm-Brasse.jpg","keywords":["Auschwitz","Buch","Fotograf","Holocaust"],"articleSection":{"1":"B\u00fccher"},"inLanguage":"de","potentialAction":[{"@type":"CommentAction","name":"Comment","target":["https:\/\/leckerekekse.de\/wordpress\/wilhelm-brasse-der-fotograf-von-auschwitz\/#respond"]}]},{"@type":"WebPage","@id":"https:\/\/leckerekekse.de\/wordpress\/wilhelm-brasse-der-fotograf-von-auschwitz\/","url":"https:\/\/leckerekekse.de\/wordpress\/wilhelm-brasse-der-fotograf-von-auschwitz\/","name":"Wilhelm Brasse: Der Fotograf von Auschwitz | Leckere Kekse &amp; mehr","isPartOf":{"@id":"https:\/\/leckerekekse.de\/wordpress\/#website"},"primaryImageOfPage":{"@id":"https:\/\/leckerekekse.de\/wordpress\/wilhelm-brasse-der-fotograf-von-auschwitz\/#primaryimage"},"image":{"@id":"https:\/\/leckerekekse.de\/wordpress\/wilhelm-brasse-der-fotograf-von-auschwitz\/#primaryimage"},"thumbnailUrl":"https:\/\/leckerekekse.de\/wordpress\/wp-content\/uploads\/2015\/07\/Der-Fotograf-von-Auschwitz-Wilhelm-Brasse.jpg","datePublished":"2015-07-23T05:33:55+00:00","dateModified":"2022-09-12T09:54:59+00:00","description":"Wilhlm Brasse war der Fotograf von Auschwitz. Zwei interessante B\u00fccher \u00fcber sein Leben im KZ. Vorgestellt wird eines f\u00fcr Kinder und eines f\u00fcr Erwachsene","breadcrumb":{"@id":"https:\/\/leckerekekse.de\/wordpress\/wilhelm-brasse-der-fotograf-von-auschwitz\/#breadcrumb"},"inLanguage":"de","potentialAction":[{"@type":"ReadAction","target":["https:\/\/leckerekekse.de\/wordpress\/wilhelm-brasse-der-fotograf-von-auschwitz\/"]}]},{"@type":"ImageObject","inLanguage":"de","@id":"https:\/\/leckerekekse.de\/wordpress\/wilhelm-brasse-der-fotograf-von-auschwitz\/#primaryimage","url":"https:\/\/leckerekekse.de\/wordpress\/wp-content\/uploads\/2015\/07\/Der-Fotograf-von-Auschwitz-Wilhelm-Brasse.jpg","contentUrl":"https:\/\/leckerekekse.de\/wordpress\/wp-content\/uploads\/2015\/07\/Der-Fotograf-von-Auschwitz-Wilhelm-Brasse.jpg","width":640,"height":457,"caption":"Wilhelm Brasse - Der Fotograf von Auschwitz"},{"@type":"BreadcrumbList","@id":"https:\/\/leckerekekse.de\/wordpress\/wilhelm-brasse-der-fotograf-von-auschwitz\/#breadcrumb","itemListElement":[{"@type":"ListItem","position":1,"name":"Home","item":"https:\/\/leckerekekse.de\/wordpress\/"},{"@type":"ListItem","position":2,"name":"Wilhelm Brasse: Der Fotograf von Auschwitz"}]},{"@type":"WebSite","@id":"https:\/\/leckerekekse.de\/wordpress\/#website","url":"https:\/\/leckerekekse.de\/wordpress\/","name":"Leckere Kekse &amp; mehr","description":"Kekse backen, B\u00fccher lesen und mehr","publisher":{"@id":"https:\/\/leckerekekse.de\/wordpress\/#\/schema\/person\/6e4b2658514a3b7423a1f323400bdc1b"},"potentialAction":[{"@type":"SearchAction","target":{"@type":"EntryPoint","urlTemplate":"https:\/\/leckerekekse.de\/wordpress\/?s={search_term_string}"},"query-input":{"@type":"PropertyValueSpecification","valueRequired":true,"valueName":"search_term_string"}}],"inLanguage":"de"},{"@type":["Person","Organization"],"@id":"https:\/\/leckerekekse.de\/wordpress\/#\/schema\/person\/6e4b2658514a3b7423a1f323400bdc1b","name":"Astrid","logo":{"@id":"https:\/\/leckerekekse.de\/wordpress\/#\/schema\/person\/image\/"},"sameAs":["https:\/\/leckerekekse.de\/wordpress"]}]}},"_links":{"self":[{"href":"https:\/\/leckerekekse.de\/wordpress\/wp-json\/wp\/v2\/posts\/3749","targetHints":{"allow":["GET"]}}],"collection":[{"href":"https:\/\/leckerekekse.de\/wordpress\/wp-json\/wp\/v2\/posts"}],"about":[{"href":"https:\/\/leckerekekse.de\/wordpress\/wp-json\/wp\/v2\/types\/post"}],"author":[{"embeddable":true,"href":"https:\/\/leckerekekse.de\/wordpress\/wp-json\/wp\/v2\/users\/1"}],"replies":[{"embeddable":true,"href":"https:\/\/leckerekekse.de\/wordpress\/wp-json\/wp\/v2\/comments?post=3749"}],"version-history":[{"count":3,"href":"https:\/\/leckerekekse.de\/wordpress\/wp-json\/wp\/v2\/posts\/3749\/revisions"}],"predecessor-version":[{"id":17448,"href":"https:\/\/leckerekekse.de\/wordpress\/wp-json\/wp\/v2\/posts\/3749\/revisions\/17448"}],"wp:featuredmedia":[{"embeddable":true,"href":"https:\/\/leckerekekse.de\/wordpress\/wp-json\/wp\/v2\/media\/3752"}],"wp:attachment":[{"href":"https:\/\/leckerekekse.de\/wordpress\/wp-json\/wp\/v2\/media?parent=3749"}],"wp:term":[{"taxonomy":"category","embeddable":true,"href":"https:\/\/leckerekekse.de\/wordpress\/wp-json\/wp\/v2\/categories?post=3749"},{"taxonomy":"post_tag","embeddable":true,"href":"https:\/\/leckerekekse.de\/wordpress\/wp-json\/wp\/v2\/tags?post=3749"}],"curies":[{"name":"wp","href":"https:\/\/api.w.org\/{rel}","templated":true}]}}