{"id":3893,"date":"2015-08-13T08:10:34","date_gmt":"2015-08-13T06:10:34","guid":{"rendered":"http:\/\/leckerekekse.de\/wordpress\/?p=3893"},"modified":"2017-03-09T18:34:46","modified_gmt":"2017-03-09T17:34:46","slug":"panthertage-mein-leben-mit-epilepsie","status":"publish","type":"post","link":"https:\/\/leckerekekse.de\/wordpress\/panthertage-mein-leben-mit-epilepsie\/","title":{"rendered":"Panthertage &#8211; Mein Leben mit Epilepsie"},"content":{"rendered":"<h3 style=\"text-align: center;\">Dieses Buch sollte wirklich jeder lesen<\/h3>\n<p><img loading=\"lazy\" decoding=\"async\" class=\"aligncenter size-full wp-image-3894\" src=\"https:\/\/leckerekekse.de\/wordpress\/wp-content\/uploads\/2015\/08\/panthertage.jpg\" alt=\"Sarah Elise Bischof: Panthertage\" width=\"640\" height=\"505\" srcset=\"https:\/\/leckerekekse.de\/wordpress\/wp-content\/uploads\/2015\/08\/panthertage.jpg 640w, https:\/\/leckerekekse.de\/wordpress\/wp-content\/uploads\/2015\/08\/panthertage-300x237.jpg 300w\" sizes=\"auto, (max-width: 640px) 100vw, 640px\" \/><\/p>\n<p>Dieses Buch hat mich lange Zeit \u201everfolgt\u201c. Immer wieder bin ich drauf gesto\u00dfen worden. Im Internet, in der Buchhandlung. Es hat mich magisch angezogen. Aber ich wollte das Buch nicht lesen. Warum? Wei\u00df ich nicht!<\/p>\n<p>Aber es lie\u00df mich nicht los. Einmal zappte ich unmotiviert durch s\u00e4mtliche unserer Fernsehprogramme bis ich auf Bayern3 (so ziemlich das letzte bei unserer Reihenfolge) ankam. Es gab eine beeindruckende Reportage \u00fcber eine Frau mit Epilepsie. Mir war ziemlich schnell klar, dass es sich nur um die Autorin des Buches \u201ePanthertage\u201c handeln konnte. Nun doch sehr neugierig musste es sofort dieses Buch sein. Und es hat mich nicht entt\u00e4uscht.<\/p>\n<p><!--more--><\/p>\n<p>\u201ePanthertage\u201c ist ein autobiografischer Roman. Die Autorin ist Epileptikerin mit der eher seltenen Auspr\u00e4gung, dass ihre Medikamente die Anf\u00e4lle nicht vollst\u00e4ndig unterdr\u00fccken. Immer wieder hat sie Anf\u00e4lle, sie braucht immer einige Tage, um sich davon zu erholen. Sehr ausf\u00fchrlich und verst\u00e4ndlich beschreibt sie diese Tage. Sehr pers\u00f6nliche Dinge aus ihrem Privatleben legt sie offen, um uns Leser mit dieser Krankheit vertraut zu machen. Nicht immer einfach.<\/p>\n<p>Es war mir nicht immer klar, was echt und was fiktiv war. Bei einer Leserunde auf Lovelybooks erkl\u00e4rt sie es den Lesern. Alles, was mit ihrer Krankheit zu tun hat, entspricht der Realit\u00e4t, alles andere ist k\u00fcnstlerische Freiheit.<\/p>\n<p>Ich dachte immer, ich w\u00fcrde viel \u00fcber diese Krankheit wissen, aber dem war leider nicht so. Vieles war mir neu und besonders viele Alltagssituationen h\u00e4tte ich mir nie so vorstellen k\u00f6nnen. Gibt es wirklich so wenig Verst\u00e4ndnis f\u00fcr Epileptiker?<\/p>\n<p><img loading=\"lazy\" decoding=\"async\" class=\"aligncenter size-full wp-image-3895\" src=\"https:\/\/leckerekekse.de\/wordpress\/wp-content\/uploads\/2015\/08\/panthertage2.jpg\" alt=\"Sarah Elise Bischof: Panthertage\" width=\"640\" height=\"427\" srcset=\"https:\/\/leckerekekse.de\/wordpress\/wp-content\/uploads\/2015\/08\/panthertage2.jpg 640w, https:\/\/leckerekekse.de\/wordpress\/wp-content\/uploads\/2015\/08\/panthertage2-300x200.jpg 300w\" sizes=\"auto, (max-width: 640px) 100vw, 640px\" \/><\/p>\n<p>Das Buch hat mich auf der einen Seite sehr traurig gemacht, andererseits auch w\u00fctend, weil ich viele Situationen nicht verstehen kann. Weil sie einfach so unvorstellbar sind!<\/p>\n<p>Ein gro\u00dfes Lob an die Autorin, die versucht, ein normales, selbst\u00e4ndiges Leben mit dieser Krankheit zu f\u00fchren. Sie hat sich ein gro\u00dfartiges Netzwerk aufgebaut, das diese Selbst\u00e4ndigkeit m\u00f6glich macht. Daf\u00fcr braucht sie sehr viel Mut. Den hat sie auch durch dieses Buch bewiesen. Damit viel mehr Menschen auf Epilepsie aufmerksam werden, hat sie sich nicht gescheut, ihr Leben vor der \u00d6ffentlichkeit auszubreiten. Meine Hochachtung! Und vielen Dank daf\u00fcr!<\/p>\n<p>Sarah Elise Bischof: \u201ePanthertage\u201c, erschienen bei Eden Books, 978-3944296937, 14,95 Euro.<\/p>\n<p>&nbsp;<\/p>\n<p><img loading=\"lazy\" decoding=\"async\" class=\" size-full wp-image-248 alignleft\" src=\"https:\/\/leckerekekse.de\/wordpress\/wp-content\/uploads\/2014\/08\/Symbol-moewe-2.png\" alt=\"Symbol-moewe-2\" width=\"40\" height=\"40\" \/><\/p>\n<p>&nbsp;<\/p>\n<p>&nbsp;<\/p>\n","protected":false},"excerpt":{"rendered":"<p>Dieses Buch sollte wirklich jeder lesen Dieses Buch hat mich lange Zeit \u201everfolgt\u201c. Immer wieder bin ich drauf gesto\u00dfen worden. Im Internet, in der Buchhandlung. Es hat mich magisch angezogen. Aber ich wollte das Buch nicht lesen. Warum? Wei\u00df ich nicht! Aber es lie\u00df mich nicht los. Einmal zappte ich unmotiviert durch s\u00e4mtliche unserer Fernsehprogramme [&hellip;]<\/p>\n","protected":false},"author":1,"featured_media":3895,"comment_status":"open","ping_status":"open","sticky":false,"template":"","format":"standard","meta":{"footnotes":""},"categories":[1,3],"tags":[432,545,547,244,139,548,546],"class_list":["post-3893","post","type-post","status-publish","format-standard","has-post-thumbnail","hentry","category-allgemein","category-buecher","tag-buch","tag-epilepsie","tag-krankheit","tag-leben","tag-maenner","tag-muenchen","tag-selbstaendigkeit"],"yoast_head":"<!-- This site is optimized with the Yoast SEO plugin v27.4 - https:\/\/yoast.com\/product\/yoast-seo-wordpress\/ -->\n<title>Panthertage - Mein Leben mit Epilepsie | Leckere Kekse &amp; mehr<\/title>\n<meta name=\"description\" content=\"Sarah E. Bischof hat Epilepsie. Und sie erz\u00e4hlt dem Leser sehr offen von ihrem Leben mit dieser Krankheit. Ein mutiges Buch und eine bewundernswerte Frau.\" \/>\n<meta name=\"robots\" content=\"index, follow, max-snippet:-1, max-image-preview:large, max-video-preview:-1\" \/>\n<link rel=\"canonical\" href=\"https:\/\/leckerekekse.de\/wordpress\/panthertage-mein-leben-mit-epilepsie\/\" \/>\n<meta property=\"og:locale\" content=\"de_DE\" \/>\n<meta property=\"og:type\" content=\"article\" \/>\n<meta property=\"og:title\" content=\"Panthertage - Mein Leben mit Epilepsie | Leckere Kekse &amp; mehr\" \/>\n<meta property=\"og:description\" content=\"Sarah E. Bischof hat Epilepsie. Und sie erz\u00e4hlt dem Leser sehr offen von ihrem Leben mit dieser Krankheit. Ein mutiges Buch und eine bewundernswerte Frau.\" \/>\n<meta property=\"og:url\" content=\"https:\/\/leckerekekse.de\/wordpress\/panthertage-mein-leben-mit-epilepsie\/\" \/>\n<meta property=\"og:site_name\" content=\"Leckere Kekse &amp; mehr\" \/>\n<meta property=\"article:published_time\" content=\"2015-08-13T06:10:34+00:00\" \/>\n<meta property=\"article:modified_time\" content=\"2017-03-09T17:34:46+00:00\" \/>\n<meta property=\"og:image\" content=\"https:\/\/leckerekekse.de\/wordpress\/wp-content\/uploads\/2015\/08\/panthertage2.jpg\" \/>\n\t<meta property=\"og:image:width\" content=\"640\" \/>\n\t<meta property=\"og:image:height\" content=\"427\" \/>\n\t<meta property=\"og:image:type\" content=\"image\/jpeg\" \/>\n<meta name=\"author\" content=\"Astrid\" \/>\n<meta name=\"twitter:label1\" content=\"Verfasst von\" \/>\n\t<meta name=\"twitter:data1\" content=\"Astrid\" \/>\n\t<meta name=\"twitter:label2\" content=\"Gesch\u00e4tzte Lesezeit\" \/>\n\t<meta name=\"twitter:data2\" content=\"2\u00a0Minuten\" \/>\n<script type=\"application\/ld+json\" class=\"yoast-schema-graph\">{\"@context\":\"https:\\\/\\\/schema.org\",\"@graph\":[{\"@type\":\"Article\",\"@id\":\"https:\\\/\\\/leckerekekse.de\\\/wordpress\\\/panthertage-mein-leben-mit-epilepsie\\\/#article\",\"isPartOf\":{\"@id\":\"https:\\\/\\\/leckerekekse.de\\\/wordpress\\\/panthertage-mein-leben-mit-epilepsie\\\/\"},\"author\":{\"name\":\"Astrid\",\"@id\":\"https:\\\/\\\/leckerekekse.de\\\/wordpress\\\/#\\\/schema\\\/person\\\/6e4b2658514a3b7423a1f323400bdc1b\"},\"headline\":\"Panthertage &#8211; Mein Leben mit Epilepsie\",\"datePublished\":\"2015-08-13T06:10:34+00:00\",\"dateModified\":\"2017-03-09T17:34:46+00:00\",\"mainEntityOfPage\":{\"@id\":\"https:\\\/\\\/leckerekekse.de\\\/wordpress\\\/panthertage-mein-leben-mit-epilepsie\\\/\"},\"wordCount\":395,\"commentCount\":0,\"publisher\":{\"@id\":\"https:\\\/\\\/leckerekekse.de\\\/wordpress\\\/#\\\/schema\\\/person\\\/6e4b2658514a3b7423a1f323400bdc1b\"},\"image\":{\"@id\":\"https:\\\/\\\/leckerekekse.de\\\/wordpress\\\/panthertage-mein-leben-mit-epilepsie\\\/#primaryimage\"},\"thumbnailUrl\":\"https:\\\/\\\/leckerekekse.de\\\/wordpress\\\/wp-content\\\/uploads\\\/2015\\\/08\\\/panthertage2.jpg\",\"keywords\":[\"Buch\",\"Epilepsie\",\"Krankheit\",\"Leben\",\"M\u00e4nner\",\"M\u00fcnchen\",\"Selbst\u00e4ndigkeit\"],\"articleSection\":{\"1\":\"B\u00fccher\"},\"inLanguage\":\"de\",\"potentialAction\":[{\"@type\":\"CommentAction\",\"name\":\"Comment\",\"target\":[\"https:\\\/\\\/leckerekekse.de\\\/wordpress\\\/panthertage-mein-leben-mit-epilepsie\\\/#respond\"]}]},{\"@type\":\"WebPage\",\"@id\":\"https:\\\/\\\/leckerekekse.de\\\/wordpress\\\/panthertage-mein-leben-mit-epilepsie\\\/\",\"url\":\"https:\\\/\\\/leckerekekse.de\\\/wordpress\\\/panthertage-mein-leben-mit-epilepsie\\\/\",\"name\":\"Panthertage - Mein Leben mit Epilepsie | Leckere Kekse &amp; mehr\",\"isPartOf\":{\"@id\":\"https:\\\/\\\/leckerekekse.de\\\/wordpress\\\/#website\"},\"primaryImageOfPage\":{\"@id\":\"https:\\\/\\\/leckerekekse.de\\\/wordpress\\\/panthertage-mein-leben-mit-epilepsie\\\/#primaryimage\"},\"image\":{\"@id\":\"https:\\\/\\\/leckerekekse.de\\\/wordpress\\\/panthertage-mein-leben-mit-epilepsie\\\/#primaryimage\"},\"thumbnailUrl\":\"https:\\\/\\\/leckerekekse.de\\\/wordpress\\\/wp-content\\\/uploads\\\/2015\\\/08\\\/panthertage2.jpg\",\"datePublished\":\"2015-08-13T06:10:34+00:00\",\"dateModified\":\"2017-03-09T17:34:46+00:00\",\"description\":\"Sarah E. Bischof hat Epilepsie. Und sie erz\u00e4hlt dem Leser sehr offen von ihrem Leben mit dieser Krankheit. Ein mutiges Buch und eine bewundernswerte Frau.\",\"breadcrumb\":{\"@id\":\"https:\\\/\\\/leckerekekse.de\\\/wordpress\\\/panthertage-mein-leben-mit-epilepsie\\\/#breadcrumb\"},\"inLanguage\":\"de\",\"potentialAction\":[{\"@type\":\"ReadAction\",\"target\":[\"https:\\\/\\\/leckerekekse.de\\\/wordpress\\\/panthertage-mein-leben-mit-epilepsie\\\/\"]}]},{\"@type\":\"ImageObject\",\"inLanguage\":\"de\",\"@id\":\"https:\\\/\\\/leckerekekse.de\\\/wordpress\\\/panthertage-mein-leben-mit-epilepsie\\\/#primaryimage\",\"url\":\"https:\\\/\\\/leckerekekse.de\\\/wordpress\\\/wp-content\\\/uploads\\\/2015\\\/08\\\/panthertage2.jpg\",\"contentUrl\":\"https:\\\/\\\/leckerekekse.de\\\/wordpress\\\/wp-content\\\/uploads\\\/2015\\\/08\\\/panthertage2.jpg\",\"width\":640,\"height\":427,\"caption\":\"Sarah Elise Bischof: Panthertage\"},{\"@type\":\"BreadcrumbList\",\"@id\":\"https:\\\/\\\/leckerekekse.de\\\/wordpress\\\/panthertage-mein-leben-mit-epilepsie\\\/#breadcrumb\",\"itemListElement\":[{\"@type\":\"ListItem\",\"position\":1,\"name\":\"Home\",\"item\":\"https:\\\/\\\/leckerekekse.de\\\/wordpress\\\/\"},{\"@type\":\"ListItem\",\"position\":2,\"name\":\"Panthertage &#8211; Mein Leben mit Epilepsie\"}]},{\"@type\":\"WebSite\",\"@id\":\"https:\\\/\\\/leckerekekse.de\\\/wordpress\\\/#website\",\"url\":\"https:\\\/\\\/leckerekekse.de\\\/wordpress\\\/\",\"name\":\"Leckere Kekse &amp; mehr\",\"description\":\"Kekse backen, B\u00fccher lesen und mehr\",\"publisher\":{\"@id\":\"https:\\\/\\\/leckerekekse.de\\\/wordpress\\\/#\\\/schema\\\/person\\\/6e4b2658514a3b7423a1f323400bdc1b\"},\"potentialAction\":[{\"@type\":\"SearchAction\",\"target\":{\"@type\":\"EntryPoint\",\"urlTemplate\":\"https:\\\/\\\/leckerekekse.de\\\/wordpress\\\/?s={search_term_string}\"},\"query-input\":{\"@type\":\"PropertyValueSpecification\",\"valueRequired\":true,\"valueName\":\"search_term_string\"}}],\"inLanguage\":\"de\"},{\"@type\":[\"Person\",\"Organization\"],\"@id\":\"https:\\\/\\\/leckerekekse.de\\\/wordpress\\\/#\\\/schema\\\/person\\\/6e4b2658514a3b7423a1f323400bdc1b\",\"name\":\"Astrid\",\"logo\":{\"@id\":\"https:\\\/\\\/leckerekekse.de\\\/wordpress\\\/#\\\/schema\\\/person\\\/image\\\/\"},\"sameAs\":[\"https:\\\/\\\/leckerekekse.de\\\/wordpress\"]}]}<\/script>\n<!-- \/ Yoast SEO plugin. -->","yoast_head_json":{"title":"Panthertage - Mein Leben mit Epilepsie | Leckere Kekse &amp; mehr","description":"Sarah E. Bischof hat Epilepsie. Und sie erz\u00e4hlt dem Leser sehr offen von ihrem Leben mit dieser Krankheit. Ein mutiges Buch und eine bewundernswerte Frau.","robots":{"index":"index","follow":"follow","max-snippet":"max-snippet:-1","max-image-preview":"max-image-preview:large","max-video-preview":"max-video-preview:-1"},"canonical":"https:\/\/leckerekekse.de\/wordpress\/panthertage-mein-leben-mit-epilepsie\/","og_locale":"de_DE","og_type":"article","og_title":"Panthertage - Mein Leben mit Epilepsie | Leckere Kekse &amp; mehr","og_description":"Sarah E. Bischof hat Epilepsie. Und sie erz\u00e4hlt dem Leser sehr offen von ihrem Leben mit dieser Krankheit. Ein mutiges Buch und eine bewundernswerte Frau.","og_url":"https:\/\/leckerekekse.de\/wordpress\/panthertage-mein-leben-mit-epilepsie\/","og_site_name":"Leckere Kekse &amp; mehr","article_published_time":"2015-08-13T06:10:34+00:00","article_modified_time":"2017-03-09T17:34:46+00:00","og_image":[{"width":640,"height":427,"url":"https:\/\/leckerekekse.de\/wordpress\/wp-content\/uploads\/2015\/08\/panthertage2.jpg","type":"image\/jpeg"}],"author":"Astrid","twitter_misc":{"Verfasst von":"Astrid","Gesch\u00e4tzte Lesezeit":"2\u00a0Minuten"},"schema":{"@context":"https:\/\/schema.org","@graph":[{"@type":"Article","@id":"https:\/\/leckerekekse.de\/wordpress\/panthertage-mein-leben-mit-epilepsie\/#article","isPartOf":{"@id":"https:\/\/leckerekekse.de\/wordpress\/panthertage-mein-leben-mit-epilepsie\/"},"author":{"name":"Astrid","@id":"https:\/\/leckerekekse.de\/wordpress\/#\/schema\/person\/6e4b2658514a3b7423a1f323400bdc1b"},"headline":"Panthertage &#8211; Mein Leben mit Epilepsie","datePublished":"2015-08-13T06:10:34+00:00","dateModified":"2017-03-09T17:34:46+00:00","mainEntityOfPage":{"@id":"https:\/\/leckerekekse.de\/wordpress\/panthertage-mein-leben-mit-epilepsie\/"},"wordCount":395,"commentCount":0,"publisher":{"@id":"https:\/\/leckerekekse.de\/wordpress\/#\/schema\/person\/6e4b2658514a3b7423a1f323400bdc1b"},"image":{"@id":"https:\/\/leckerekekse.de\/wordpress\/panthertage-mein-leben-mit-epilepsie\/#primaryimage"},"thumbnailUrl":"https:\/\/leckerekekse.de\/wordpress\/wp-content\/uploads\/2015\/08\/panthertage2.jpg","keywords":["Buch","Epilepsie","Krankheit","Leben","M\u00e4nner","M\u00fcnchen","Selbst\u00e4ndigkeit"],"articleSection":{"1":"B\u00fccher"},"inLanguage":"de","potentialAction":[{"@type":"CommentAction","name":"Comment","target":["https:\/\/leckerekekse.de\/wordpress\/panthertage-mein-leben-mit-epilepsie\/#respond"]}]},{"@type":"WebPage","@id":"https:\/\/leckerekekse.de\/wordpress\/panthertage-mein-leben-mit-epilepsie\/","url":"https:\/\/leckerekekse.de\/wordpress\/panthertage-mein-leben-mit-epilepsie\/","name":"Panthertage - Mein Leben mit Epilepsie | Leckere Kekse &amp; mehr","isPartOf":{"@id":"https:\/\/leckerekekse.de\/wordpress\/#website"},"primaryImageOfPage":{"@id":"https:\/\/leckerekekse.de\/wordpress\/panthertage-mein-leben-mit-epilepsie\/#primaryimage"},"image":{"@id":"https:\/\/leckerekekse.de\/wordpress\/panthertage-mein-leben-mit-epilepsie\/#primaryimage"},"thumbnailUrl":"https:\/\/leckerekekse.de\/wordpress\/wp-content\/uploads\/2015\/08\/panthertage2.jpg","datePublished":"2015-08-13T06:10:34+00:00","dateModified":"2017-03-09T17:34:46+00:00","description":"Sarah E. Bischof hat Epilepsie. Und sie erz\u00e4hlt dem Leser sehr offen von ihrem Leben mit dieser Krankheit. Ein mutiges Buch und eine bewundernswerte Frau.","breadcrumb":{"@id":"https:\/\/leckerekekse.de\/wordpress\/panthertage-mein-leben-mit-epilepsie\/#breadcrumb"},"inLanguage":"de","potentialAction":[{"@type":"ReadAction","target":["https:\/\/leckerekekse.de\/wordpress\/panthertage-mein-leben-mit-epilepsie\/"]}]},{"@type":"ImageObject","inLanguage":"de","@id":"https:\/\/leckerekekse.de\/wordpress\/panthertage-mein-leben-mit-epilepsie\/#primaryimage","url":"https:\/\/leckerekekse.de\/wordpress\/wp-content\/uploads\/2015\/08\/panthertage2.jpg","contentUrl":"https:\/\/leckerekekse.de\/wordpress\/wp-content\/uploads\/2015\/08\/panthertage2.jpg","width":640,"height":427,"caption":"Sarah Elise Bischof: Panthertage"},{"@type":"BreadcrumbList","@id":"https:\/\/leckerekekse.de\/wordpress\/panthertage-mein-leben-mit-epilepsie\/#breadcrumb","itemListElement":[{"@type":"ListItem","position":1,"name":"Home","item":"https:\/\/leckerekekse.de\/wordpress\/"},{"@type":"ListItem","position":2,"name":"Panthertage &#8211; Mein Leben mit Epilepsie"}]},{"@type":"WebSite","@id":"https:\/\/leckerekekse.de\/wordpress\/#website","url":"https:\/\/leckerekekse.de\/wordpress\/","name":"Leckere Kekse &amp; mehr","description":"Kekse backen, B\u00fccher lesen und mehr","publisher":{"@id":"https:\/\/leckerekekse.de\/wordpress\/#\/schema\/person\/6e4b2658514a3b7423a1f323400bdc1b"},"potentialAction":[{"@type":"SearchAction","target":{"@type":"EntryPoint","urlTemplate":"https:\/\/leckerekekse.de\/wordpress\/?s={search_term_string}"},"query-input":{"@type":"PropertyValueSpecification","valueRequired":true,"valueName":"search_term_string"}}],"inLanguage":"de"},{"@type":["Person","Organization"],"@id":"https:\/\/leckerekekse.de\/wordpress\/#\/schema\/person\/6e4b2658514a3b7423a1f323400bdc1b","name":"Astrid","logo":{"@id":"https:\/\/leckerekekse.de\/wordpress\/#\/schema\/person\/image\/"},"sameAs":["https:\/\/leckerekekse.de\/wordpress"]}]}},"_links":{"self":[{"href":"https:\/\/leckerekekse.de\/wordpress\/wp-json\/wp\/v2\/posts\/3893","targetHints":{"allow":["GET"]}}],"collection":[{"href":"https:\/\/leckerekekse.de\/wordpress\/wp-json\/wp\/v2\/posts"}],"about":[{"href":"https:\/\/leckerekekse.de\/wordpress\/wp-json\/wp\/v2\/types\/post"}],"author":[{"embeddable":true,"href":"https:\/\/leckerekekse.de\/wordpress\/wp-json\/wp\/v2\/users\/1"}],"replies":[{"embeddable":true,"href":"https:\/\/leckerekekse.de\/wordpress\/wp-json\/wp\/v2\/comments?post=3893"}],"version-history":[{"count":3,"href":"https:\/\/leckerekekse.de\/wordpress\/wp-json\/wp\/v2\/posts\/3893\/revisions"}],"predecessor-version":[{"id":8546,"href":"https:\/\/leckerekekse.de\/wordpress\/wp-json\/wp\/v2\/posts\/3893\/revisions\/8546"}],"wp:featuredmedia":[{"embeddable":true,"href":"https:\/\/leckerekekse.de\/wordpress\/wp-json\/wp\/v2\/media\/3895"}],"wp:attachment":[{"href":"https:\/\/leckerekekse.de\/wordpress\/wp-json\/wp\/v2\/media?parent=3893"}],"wp:term":[{"taxonomy":"category","embeddable":true,"href":"https:\/\/leckerekekse.de\/wordpress\/wp-json\/wp\/v2\/categories?post=3893"},{"taxonomy":"post_tag","embeddable":true,"href":"https:\/\/leckerekekse.de\/wordpress\/wp-json\/wp\/v2\/tags?post=3893"}],"curies":[{"name":"wp","href":"https:\/\/api.w.org\/{rel}","templated":true}]}}