{"id":3902,"date":"2015-08-21T07:49:57","date_gmt":"2015-08-21T05:49:57","guid":{"rendered":"http:\/\/leckerekekse.de\/wordpress\/?p=3902"},"modified":"2022-09-12T11:54:22","modified_gmt":"2022-09-12T09:54:22","slug":"peter-henning-die-chronik-des-verpassten-gluecks","status":"publish","type":"post","link":"https:\/\/leckerekekse.de\/wordpress\/peter-henning-die-chronik-des-verpassten-gluecks\/","title":{"rendered":"Peter Henning: Die Chronik des verpassten Gl\u00fccks"},"content":{"rendered":"<p><img loading=\"lazy\" decoding=\"async\" class=\"aligncenter size-full wp-image-3921\" src=\"https:\/\/leckerekekse.de\/wordpress\/wp-content\/uploads\/2015\/08\/Chronik-des-verpassten-gl\u00fccks-1.jpg\" alt=\"Peter Henning Die Chronik des verpassten Gl\u00fccks\" width=\"640\" height=\"427\" srcset=\"https:\/\/leckerekekse.de\/wordpress\/wp-content\/uploads\/2015\/08\/Chronik-des-verpassten-gl\u00fccks-1.jpg 640w, https:\/\/leckerekekse.de\/wordpress\/wp-content\/uploads\/2015\/08\/Chronik-des-verpassten-gl\u00fccks-1-300x200.jpg 300w\" sizes=\"auto, (max-width: 640px) 100vw, 640px\" \/><\/p>\n<p>Selten ist mir ein Titel passender vorgekommen!<\/p>\n<p>Alle vier Protagonisten haben ihrer Meinung nach im Leben nicht viel Gl\u00fcck gehabt.<\/p>\n<p>Es geht um den Deutschen Richard Warlo und die Polen Oliwia, Marcin und Lucyna. Warlo entdeckt in seinem Keller zuf\u00e4lligerweise alte Fotos vom verstorbenen Pawel. Pawel war f\u00fcr ihn wie ein Vater, zu dem er aufsehen konnte und der ihm eine sch\u00f6ne Kindheit geschenkt hat. Und nun entdeckt er Fotos von dem Polen Pawel in Naziuniform. Die Bilder lassen ihn nicht los und so reist er nach Polen, um zu recherchieren. Dort trifft er auf Pawels Frau, die fr\u00fch verlassen wurde, sowie seine leiblichen Kinder, die er gar nicht kennt.<!--more--><\/p>\n<p>Oliwia, Pawels Ehefrau, liegt im Sterben und sinniert \u00fcber ihr Leben. Marcin ist eine verkrachte Existenz, hat st\u00e4ndig Geldn\u00f6te und vermisst seinen Vater auch nach fast 50 Jahren Trennung immer noch jeden Tag. Ihm gibt er die Schuld an seinem missgl\u00fcckten Leben. Lucyna lebt seit der Scheidung von ihrem Mann alleine mit ihrem geliebten Sohn und tut sich schwer mit M\u00e4nnern. Die Schuld daran gibt sie ihrem Vater, der sie verlassen hat, als sie klein war.<\/p>\n<p><img loading=\"lazy\" decoding=\"async\" class=\"aligncenter size-full wp-image-3922\" src=\"https:\/\/leckerekekse.de\/wordpress\/wp-content\/uploads\/2015\/08\/Chronik-des-verpassten-gl\u00fccks-2.jpg\" alt=\"Das Gl\u00fcck des Lesens\" width=\"640\" height=\"427\" srcset=\"https:\/\/leckerekekse.de\/wordpress\/wp-content\/uploads\/2015\/08\/Chronik-des-verpassten-gl\u00fccks-2.jpg 640w, https:\/\/leckerekekse.de\/wordpress\/wp-content\/uploads\/2015\/08\/Chronik-des-verpassten-gl\u00fccks-2-300x200.jpg 300w\" sizes=\"auto, (max-width: 640px) 100vw, 640px\" \/><\/p>\n<p>F\u00fcr den Leser sind die gefundenen Fotos von Pawel eine interessante Ausgangssituation. Was ist damals passiert? Warum tr\u00e4gt ein Pole im zweiten Weltkrieg Naziuniform? Man kann sich Warlo vorstellen, wie er ungl\u00e4ubig auf die Fotos schaut. Und als Leser denkt man nun an eine interessante Reise nach Polen, die im Zeichen von neuen Erkenntnissen und Offenbarungen steht.<\/p>\n<p>Leider ist dem nicht so! Die einzelnen kurzen Abschnitte, in denen die Protagonisten sich Gedanken machen \u00fcber ihr Leben, entwickeln sich nicht so, wie der Leser es erwartet. Die Aufk\u00e4rung von Pawels Fotos spielt eine sehr untergeordnete Rolle. Daf\u00fcr lamentieren die Protagonisten stundenlang \u00fcber ihr verpasstes Gl\u00fcck. Ab der Mitte des Buches m\u00f6chte der Leser alle (bis auf die todkranke Oliwia) einmal r\u00fctteln und ihnen den Rat geben, ihr Leben nun mal endlich selbst in die Hand zu nehmen und nicht st\u00e4ndig anderen die Schuld daf\u00fcr zu geben.<\/p>\n<p>Die Sprache des Autors gefiel mir sehr. Leider reichte das nicht, um bis zum Schluss gerne zu lesen. Die ewigen Wiederholungen reichten irgendwann. Aufgefallen sind auch einige Unstimmigkeiten. Ist die Kommunikation aufgrund der beiden Sprachen anfangs ein gro\u00dfes Problem, wird darauf sp\u00e4ter gar nicht mehr eingegangen.<\/p>\n<p>Lediglich die Figur der sterbenden Oliwia hat mir sehr gut gefallen. Dieser Charakter ist dem Autor hervorragend gelungen. Er hat das langsame Sterben sehr \u00fcberzeugend r\u00fcberbringen k\u00f6nnen.<\/p>\n<p>Schade, ich hatte mich auf das Buch gefreut, es birgt eine Menge Potenzial, die der Autor leider nicht gut umgesetzt hat.<\/p>\n<p>Peter Henning, Die Chronik des verpassten Gl\u00fccks,\u00a0 448 Seiten, ISBN: 978-3-630-87446-3, \u20ac 19,99<\/p>\n<p>Verlag: Luchterhand Literaturverlag <\/p>\n<p><img loading=\"lazy\" decoding=\"async\" class=\"aligncenter size-full wp-image-3923\" src=\"https:\/\/leckerekekse.de\/wordpress\/wp-content\/uploads\/2015\/08\/Chronik-des-verpassten-gl\u00fccks-3.jpg\" alt=\"Lesen Buch\" width=\"640\" height=\"427\" srcset=\"https:\/\/leckerekekse.de\/wordpress\/wp-content\/uploads\/2015\/08\/Chronik-des-verpassten-gl\u00fccks-3.jpg 640w, https:\/\/leckerekekse.de\/wordpress\/wp-content\/uploads\/2015\/08\/Chronik-des-verpassten-gl\u00fccks-3-300x200.jpg 300w\" sizes=\"auto, (max-width: 640px) 100vw, 640px\" \/><\/p>\n<p><a href=\"https:\/\/leckerekekse.de\/wordpress\/wp-content\/uploads\/2014\/08\/Symbol-moewe-2.png\"><img loading=\"lazy\" decoding=\"async\" class=\" size-full wp-image-248 alignleft\" src=\"https:\/\/leckerekekse.de\/wordpress\/wp-content\/uploads\/2014\/08\/Symbol-moewe-2.png\" alt=\"Symbol-moewe-2\" width=\"40\" height=\"40\" \/><\/a><\/p>\n<p>&nbsp;<\/p>\n<p>&nbsp;<\/p>\n<p>&nbsp;<\/p>\n","protected":false},"excerpt":{"rendered":"<p>Selten ist mir ein Titel passender vorgekommen! Alle vier Protagonisten haben ihrer Meinung nach im Leben nicht viel Gl\u00fcck gehabt. Es geht um den Deutschen Richard Warlo und die Polen Oliwia, Marcin und Lucyna. Warlo entdeckt in seinem Keller zuf\u00e4lligerweise alte Fotos vom verstorbenen Pawel. Pawel war f\u00fcr ihn wie ein Vater, zu dem er [&hellip;]<\/p>\n","protected":false},"author":1,"featured_media":3921,"comment_status":"open","ping_status":"open","sticky":false,"template":"","format":"standard","meta":{"footnotes":""},"categories":[1,3],"tags":[147,551,244,549,212,550],"class_list":["post-3902","post","type-post","status-publish","format-standard","has-post-thumbnail","hentry","category-allgemein","category-buecher","tag-glueck","tag-kindheit","tag-leben","tag-nazi","tag-polen","tag-vater"],"yoast_head":"<!-- This site is optimized with the Yoast SEO plugin v27.5 - https:\/\/yoast.com\/product\/yoast-seo-wordpress\/ -->\n<title>Peter Henning: Die Chronik des verpassten Gl\u00fccks | Leckere Kekse &amp; mehr<\/title>\n<meta name=\"description\" content=\"Vier Personen erz\u00e4hlen sehr detailgetreu aus ihrem Leben. Viel Gl\u00fcck haben sie alle nicht gehabt.\" \/>\n<meta name=\"robots\" content=\"index, follow, max-snippet:-1, max-image-preview:large, max-video-preview:-1\" \/>\n<link rel=\"canonical\" href=\"https:\/\/leckerekekse.de\/wordpress\/peter-henning-die-chronik-des-verpassten-gluecks\/\" \/>\n<meta property=\"og:locale\" content=\"de_DE\" \/>\n<meta property=\"og:type\" content=\"article\" \/>\n<meta property=\"og:title\" content=\"Peter Henning: Die Chronik des verpassten Gl\u00fccks | Leckere Kekse &amp; mehr\" \/>\n<meta property=\"og:description\" content=\"Vier Personen erz\u00e4hlen sehr detailgetreu aus ihrem Leben. Viel Gl\u00fcck haben sie alle nicht gehabt.\" \/>\n<meta property=\"og:url\" content=\"https:\/\/leckerekekse.de\/wordpress\/peter-henning-die-chronik-des-verpassten-gluecks\/\" \/>\n<meta property=\"og:site_name\" content=\"Leckere Kekse &amp; mehr\" \/>\n<meta property=\"article:published_time\" content=\"2015-08-21T05:49:57+00:00\" \/>\n<meta property=\"article:modified_time\" content=\"2022-09-12T09:54:22+00:00\" \/>\n<meta property=\"og:image\" content=\"https:\/\/leckerekekse.de\/wordpress\/wp-content\/uploads\/2015\/08\/Chronik-des-verpassten-gl\u00fccks-1.jpg\" \/>\n\t<meta property=\"og:image:width\" content=\"640\" \/>\n\t<meta property=\"og:image:height\" content=\"427\" \/>\n\t<meta property=\"og:image:type\" content=\"image\/jpeg\" \/>\n<meta name=\"author\" content=\"Astrid\" \/>\n<meta name=\"twitter:label1\" content=\"Verfasst von\" \/>\n\t<meta name=\"twitter:data1\" content=\"Astrid\" \/>\n\t<meta name=\"twitter:label2\" content=\"Gesch\u00e4tzte Lesezeit\" \/>\n\t<meta name=\"twitter:data2\" content=\"2\u00a0Minuten\" \/>\n<script type=\"application\/ld+json\" class=\"yoast-schema-graph\">{\"@context\":\"https:\\\/\\\/schema.org\",\"@graph\":[{\"@type\":\"Article\",\"@id\":\"https:\\\/\\\/leckerekekse.de\\\/wordpress\\\/peter-henning-die-chronik-des-verpassten-gluecks\\\/#article\",\"isPartOf\":{\"@id\":\"https:\\\/\\\/leckerekekse.de\\\/wordpress\\\/peter-henning-die-chronik-des-verpassten-gluecks\\\/\"},\"author\":{\"name\":\"Astrid\",\"@id\":\"https:\\\/\\\/leckerekekse.de\\\/wordpress\\\/#\\\/schema\\\/person\\\/8f45748de22f11ca6e316da813f59b85\"},\"headline\":\"Peter Henning: Die Chronik des verpassten Gl\u00fccks\",\"datePublished\":\"2015-08-21T05:49:57+00:00\",\"dateModified\":\"2022-09-12T09:54:22+00:00\",\"mainEntityOfPage\":{\"@id\":\"https:\\\/\\\/leckerekekse.de\\\/wordpress\\\/peter-henning-die-chronik-des-verpassten-gluecks\\\/\"},\"wordCount\":475,\"commentCount\":0,\"publisher\":{\"@id\":\"https:\\\/\\\/leckerekekse.de\\\/wordpress\\\/#\\\/schema\\\/person\\\/8f45748de22f11ca6e316da813f59b85\"},\"image\":{\"@id\":\"https:\\\/\\\/leckerekekse.de\\\/wordpress\\\/peter-henning-die-chronik-des-verpassten-gluecks\\\/#primaryimage\"},\"thumbnailUrl\":\"https:\\\/\\\/leckerekekse.de\\\/wordpress\\\/wp-content\\\/uploads\\\/2015\\\/08\\\/Chronik-des-verpassten-gl\u00fccks-1.jpg\",\"keywords\":[\"Gl\u00fcck\",\"Kindheit\",\"Leben\",\"Nazi\",\"Polen\",\"Vater\"],\"articleSection\":{\"1\":\"B\u00fccher\"},\"inLanguage\":\"de\",\"potentialAction\":[{\"@type\":\"CommentAction\",\"name\":\"Comment\",\"target\":[\"https:\\\/\\\/leckerekekse.de\\\/wordpress\\\/peter-henning-die-chronik-des-verpassten-gluecks\\\/#respond\"]}]},{\"@type\":\"WebPage\",\"@id\":\"https:\\\/\\\/leckerekekse.de\\\/wordpress\\\/peter-henning-die-chronik-des-verpassten-gluecks\\\/\",\"url\":\"https:\\\/\\\/leckerekekse.de\\\/wordpress\\\/peter-henning-die-chronik-des-verpassten-gluecks\\\/\",\"name\":\"Peter Henning: Die Chronik des verpassten Gl\u00fccks | Leckere Kekse &amp; mehr\",\"isPartOf\":{\"@id\":\"https:\\\/\\\/leckerekekse.de\\\/wordpress\\\/#website\"},\"primaryImageOfPage\":{\"@id\":\"https:\\\/\\\/leckerekekse.de\\\/wordpress\\\/peter-henning-die-chronik-des-verpassten-gluecks\\\/#primaryimage\"},\"image\":{\"@id\":\"https:\\\/\\\/leckerekekse.de\\\/wordpress\\\/peter-henning-die-chronik-des-verpassten-gluecks\\\/#primaryimage\"},\"thumbnailUrl\":\"https:\\\/\\\/leckerekekse.de\\\/wordpress\\\/wp-content\\\/uploads\\\/2015\\\/08\\\/Chronik-des-verpassten-gl\u00fccks-1.jpg\",\"datePublished\":\"2015-08-21T05:49:57+00:00\",\"dateModified\":\"2022-09-12T09:54:22+00:00\",\"description\":\"Vier Personen erz\u00e4hlen sehr detailgetreu aus ihrem Leben. Viel Gl\u00fcck haben sie alle nicht gehabt.\",\"breadcrumb\":{\"@id\":\"https:\\\/\\\/leckerekekse.de\\\/wordpress\\\/peter-henning-die-chronik-des-verpassten-gluecks\\\/#breadcrumb\"},\"inLanguage\":\"de\",\"potentialAction\":[{\"@type\":\"ReadAction\",\"target\":[\"https:\\\/\\\/leckerekekse.de\\\/wordpress\\\/peter-henning-die-chronik-des-verpassten-gluecks\\\/\"]}]},{\"@type\":\"ImageObject\",\"inLanguage\":\"de\",\"@id\":\"https:\\\/\\\/leckerekekse.de\\\/wordpress\\\/peter-henning-die-chronik-des-verpassten-gluecks\\\/#primaryimage\",\"url\":\"https:\\\/\\\/leckerekekse.de\\\/wordpress\\\/wp-content\\\/uploads\\\/2015\\\/08\\\/Chronik-des-verpassten-gl\u00fccks-1.jpg\",\"contentUrl\":\"https:\\\/\\\/leckerekekse.de\\\/wordpress\\\/wp-content\\\/uploads\\\/2015\\\/08\\\/Chronik-des-verpassten-gl\u00fccks-1.jpg\",\"width\":640,\"height\":427,\"caption\":\"Peter Henning Die Chronik des verpassten Gl\u00fccks\"},{\"@type\":\"BreadcrumbList\",\"@id\":\"https:\\\/\\\/leckerekekse.de\\\/wordpress\\\/peter-henning-die-chronik-des-verpassten-gluecks\\\/#breadcrumb\",\"itemListElement\":[{\"@type\":\"ListItem\",\"position\":1,\"name\":\"Home\",\"item\":\"https:\\\/\\\/leckerekekse.de\\\/wordpress\\\/\"},{\"@type\":\"ListItem\",\"position\":2,\"name\":\"Peter Henning: Die Chronik des verpassten Gl\u00fccks\"}]},{\"@type\":\"WebSite\",\"@id\":\"https:\\\/\\\/leckerekekse.de\\\/wordpress\\\/#website\",\"url\":\"https:\\\/\\\/leckerekekse.de\\\/wordpress\\\/\",\"name\":\"Leckere Kekse &amp; mehr\",\"description\":\"Kekse backen, B\u00fccher lesen und mehr\",\"publisher\":{\"@id\":\"https:\\\/\\\/leckerekekse.de\\\/wordpress\\\/#\\\/schema\\\/person\\\/8f45748de22f11ca6e316da813f59b85\"},\"potentialAction\":[{\"@type\":\"SearchAction\",\"target\":{\"@type\":\"EntryPoint\",\"urlTemplate\":\"https:\\\/\\\/leckerekekse.de\\\/wordpress\\\/?s={search_term_string}\"},\"query-input\":{\"@type\":\"PropertyValueSpecification\",\"valueRequired\":true,\"valueName\":\"search_term_string\"}}],\"inLanguage\":\"de\"},{\"@type\":[\"Person\",\"Organization\"],\"@id\":\"https:\\\/\\\/leckerekekse.de\\\/wordpress\\\/#\\\/schema\\\/person\\\/8f45748de22f11ca6e316da813f59b85\",\"name\":\"Astrid\",\"logo\":{\"@id\":\"https:\\\/\\\/leckerekekse.de\\\/wordpress\\\/#\\\/schema\\\/person\\\/image\\\/\"},\"sameAs\":[\"https:\\\/\\\/leckerekekse.de\\\/wordpress\"]}]}<\/script>\n<!-- \/ Yoast SEO plugin. -->","yoast_head_json":{"title":"Peter Henning: Die Chronik des verpassten Gl\u00fccks | Leckere Kekse &amp; mehr","description":"Vier Personen erz\u00e4hlen sehr detailgetreu aus ihrem Leben. Viel Gl\u00fcck haben sie alle nicht gehabt.","robots":{"index":"index","follow":"follow","max-snippet":"max-snippet:-1","max-image-preview":"max-image-preview:large","max-video-preview":"max-video-preview:-1"},"canonical":"https:\/\/leckerekekse.de\/wordpress\/peter-henning-die-chronik-des-verpassten-gluecks\/","og_locale":"de_DE","og_type":"article","og_title":"Peter Henning: Die Chronik des verpassten Gl\u00fccks | Leckere Kekse &amp; mehr","og_description":"Vier Personen erz\u00e4hlen sehr detailgetreu aus ihrem Leben. Viel Gl\u00fcck haben sie alle nicht gehabt.","og_url":"https:\/\/leckerekekse.de\/wordpress\/peter-henning-die-chronik-des-verpassten-gluecks\/","og_site_name":"Leckere Kekse &amp; mehr","article_published_time":"2015-08-21T05:49:57+00:00","article_modified_time":"2022-09-12T09:54:22+00:00","og_image":[{"width":640,"height":427,"url":"https:\/\/leckerekekse.de\/wordpress\/wp-content\/uploads\/2015\/08\/Chronik-des-verpassten-gl\u00fccks-1.jpg","type":"image\/jpeg"}],"author":"Astrid","twitter_misc":{"Verfasst von":"Astrid","Gesch\u00e4tzte Lesezeit":"2\u00a0Minuten"},"schema":{"@context":"https:\/\/schema.org","@graph":[{"@type":"Article","@id":"https:\/\/leckerekekse.de\/wordpress\/peter-henning-die-chronik-des-verpassten-gluecks\/#article","isPartOf":{"@id":"https:\/\/leckerekekse.de\/wordpress\/peter-henning-die-chronik-des-verpassten-gluecks\/"},"author":{"name":"Astrid","@id":"https:\/\/leckerekekse.de\/wordpress\/#\/schema\/person\/8f45748de22f11ca6e316da813f59b85"},"headline":"Peter Henning: Die Chronik des verpassten Gl\u00fccks","datePublished":"2015-08-21T05:49:57+00:00","dateModified":"2022-09-12T09:54:22+00:00","mainEntityOfPage":{"@id":"https:\/\/leckerekekse.de\/wordpress\/peter-henning-die-chronik-des-verpassten-gluecks\/"},"wordCount":475,"commentCount":0,"publisher":{"@id":"https:\/\/leckerekekse.de\/wordpress\/#\/schema\/person\/8f45748de22f11ca6e316da813f59b85"},"image":{"@id":"https:\/\/leckerekekse.de\/wordpress\/peter-henning-die-chronik-des-verpassten-gluecks\/#primaryimage"},"thumbnailUrl":"https:\/\/leckerekekse.de\/wordpress\/wp-content\/uploads\/2015\/08\/Chronik-des-verpassten-gl\u00fccks-1.jpg","keywords":["Gl\u00fcck","Kindheit","Leben","Nazi","Polen","Vater"],"articleSection":{"1":"B\u00fccher"},"inLanguage":"de","potentialAction":[{"@type":"CommentAction","name":"Comment","target":["https:\/\/leckerekekse.de\/wordpress\/peter-henning-die-chronik-des-verpassten-gluecks\/#respond"]}]},{"@type":"WebPage","@id":"https:\/\/leckerekekse.de\/wordpress\/peter-henning-die-chronik-des-verpassten-gluecks\/","url":"https:\/\/leckerekekse.de\/wordpress\/peter-henning-die-chronik-des-verpassten-gluecks\/","name":"Peter Henning: Die Chronik des verpassten Gl\u00fccks | Leckere Kekse &amp; mehr","isPartOf":{"@id":"https:\/\/leckerekekse.de\/wordpress\/#website"},"primaryImageOfPage":{"@id":"https:\/\/leckerekekse.de\/wordpress\/peter-henning-die-chronik-des-verpassten-gluecks\/#primaryimage"},"image":{"@id":"https:\/\/leckerekekse.de\/wordpress\/peter-henning-die-chronik-des-verpassten-gluecks\/#primaryimage"},"thumbnailUrl":"https:\/\/leckerekekse.de\/wordpress\/wp-content\/uploads\/2015\/08\/Chronik-des-verpassten-gl\u00fccks-1.jpg","datePublished":"2015-08-21T05:49:57+00:00","dateModified":"2022-09-12T09:54:22+00:00","description":"Vier Personen erz\u00e4hlen sehr detailgetreu aus ihrem Leben. Viel Gl\u00fcck haben sie alle nicht gehabt.","breadcrumb":{"@id":"https:\/\/leckerekekse.de\/wordpress\/peter-henning-die-chronik-des-verpassten-gluecks\/#breadcrumb"},"inLanguage":"de","potentialAction":[{"@type":"ReadAction","target":["https:\/\/leckerekekse.de\/wordpress\/peter-henning-die-chronik-des-verpassten-gluecks\/"]}]},{"@type":"ImageObject","inLanguage":"de","@id":"https:\/\/leckerekekse.de\/wordpress\/peter-henning-die-chronik-des-verpassten-gluecks\/#primaryimage","url":"https:\/\/leckerekekse.de\/wordpress\/wp-content\/uploads\/2015\/08\/Chronik-des-verpassten-gl\u00fccks-1.jpg","contentUrl":"https:\/\/leckerekekse.de\/wordpress\/wp-content\/uploads\/2015\/08\/Chronik-des-verpassten-gl\u00fccks-1.jpg","width":640,"height":427,"caption":"Peter Henning Die Chronik des verpassten Gl\u00fccks"},{"@type":"BreadcrumbList","@id":"https:\/\/leckerekekse.de\/wordpress\/peter-henning-die-chronik-des-verpassten-gluecks\/#breadcrumb","itemListElement":[{"@type":"ListItem","position":1,"name":"Home","item":"https:\/\/leckerekekse.de\/wordpress\/"},{"@type":"ListItem","position":2,"name":"Peter Henning: Die Chronik des verpassten Gl\u00fccks"}]},{"@type":"WebSite","@id":"https:\/\/leckerekekse.de\/wordpress\/#website","url":"https:\/\/leckerekekse.de\/wordpress\/","name":"Leckere Kekse &amp; mehr","description":"Kekse backen, B\u00fccher lesen und mehr","publisher":{"@id":"https:\/\/leckerekekse.de\/wordpress\/#\/schema\/person\/8f45748de22f11ca6e316da813f59b85"},"potentialAction":[{"@type":"SearchAction","target":{"@type":"EntryPoint","urlTemplate":"https:\/\/leckerekekse.de\/wordpress\/?s={search_term_string}"},"query-input":{"@type":"PropertyValueSpecification","valueRequired":true,"valueName":"search_term_string"}}],"inLanguage":"de"},{"@type":["Person","Organization"],"@id":"https:\/\/leckerekekse.de\/wordpress\/#\/schema\/person\/8f45748de22f11ca6e316da813f59b85","name":"Astrid","logo":{"@id":"https:\/\/leckerekekse.de\/wordpress\/#\/schema\/person\/image\/"},"sameAs":["https:\/\/leckerekekse.de\/wordpress"]}]}},"_links":{"self":[{"href":"https:\/\/leckerekekse.de\/wordpress\/wp-json\/wp\/v2\/posts\/3902","targetHints":{"allow":["GET"]}}],"collection":[{"href":"https:\/\/leckerekekse.de\/wordpress\/wp-json\/wp\/v2\/posts"}],"about":[{"href":"https:\/\/leckerekekse.de\/wordpress\/wp-json\/wp\/v2\/types\/post"}],"author":[{"embeddable":true,"href":"https:\/\/leckerekekse.de\/wordpress\/wp-json\/wp\/v2\/users\/1"}],"replies":[{"embeddable":true,"href":"https:\/\/leckerekekse.de\/wordpress\/wp-json\/wp\/v2\/comments?post=3902"}],"version-history":[{"count":3,"href":"https:\/\/leckerekekse.de\/wordpress\/wp-json\/wp\/v2\/posts\/3902\/revisions"}],"predecessor-version":[{"id":17440,"href":"https:\/\/leckerekekse.de\/wordpress\/wp-json\/wp\/v2\/posts\/3902\/revisions\/17440"}],"wp:featuredmedia":[{"embeddable":true,"href":"https:\/\/leckerekekse.de\/wordpress\/wp-json\/wp\/v2\/media\/3921"}],"wp:attachment":[{"href":"https:\/\/leckerekekse.de\/wordpress\/wp-json\/wp\/v2\/media?parent=3902"}],"wp:term":[{"taxonomy":"category","embeddable":true,"href":"https:\/\/leckerekekse.de\/wordpress\/wp-json\/wp\/v2\/categories?post=3902"},{"taxonomy":"post_tag","embeddable":true,"href":"https:\/\/leckerekekse.de\/wordpress\/wp-json\/wp\/v2\/tags?post=3902"}],"curies":[{"name":"wp","href":"https:\/\/api.w.org\/{rel}","templated":true}]}}