{"id":406,"date":"2014-09-13T17:07:50","date_gmt":"2014-09-13T15:07:50","guid":{"rendered":"http:\/\/leckerekekse.de\/wordpress\/?p=406"},"modified":"2015-07-09T11:40:15","modified_gmt":"2015-07-09T09:40:15","slug":"anthony-doerr-alles-licht-das-wir-nicht-sehen","status":"publish","type":"post","link":"https:\/\/leckerekekse.de\/wordpress\/anthony-doerr-alles-licht-das-wir-nicht-sehen\/","title":{"rendered":"Anthony Doerr: Alles Licht, das wir nicht sehen"},"content":{"rendered":"<p><a href=\"https:\/\/leckerekekse.de\/wordpress\/wp-content\/uploads\/2014\/11\/cover-alles-licht-das-wir-nicht-sehen-buchtipp.jpg\"><img loading=\"lazy\" decoding=\"async\" class=\" size-full wp-image-1052 alignleft\" src=\"https:\/\/leckerekekse.de\/wordpress\/wp-content\/uploads\/2014\/11\/cover-alles-licht-das-wir-nicht-sehen-buchtipp.jpg\" alt=\"cover-alles-licht-das-wir-nicht-sehen-buchtipp\" width=\"159\" height=\"250\" \/><\/a>Ein beeindruckendes Buch \u00fcber den zweiten Weltkrieg, der zu gro\u00dfen Teilen in Saint Malo an der franz\u00f6sischen K\u00fcste spielt.<\/p>\n<p>Marie-Laure, ein erblindetes junges M\u00e4dchen, das von ihrem Vater immer mit an seinen Arbeitsplatz im Naturkundemuseum in Paris genommen wird bis sie vor den Deutschen nach Saint Malo zu ihrem Gro\u00dfonkel fliehen. Der Vater k\u00fcmmert sich r\u00fchrend um seine Tochter und hat ihr in Paris und auch in Saint-Malo kleine filigrane Modelle ihres Wohnviertels entworfen, mit denen sie sich auch als Blinde dort zurechtfindet.<\/p>\n<p>Werner, ein Waisenjunge aus dem Ruhrpott, au\u00dferordentlich begabt und haupts\u00e4chlich damit besch\u00e4ftigt, Radios zu erforschen. Sein Talent wird erkannt und so kommt er als 14j\u00e4hriger auf eine Nationalpolitische Lehranstalt (die sogenannte Napola). Ein Lehrer erkennt sofort seine Begabung und entwickelt mit ihm zusammen ein Peilger\u00e4t, mit dem feindliche Sender aufgesp\u00fcrt werden k\u00f6nnen. Als Werner mit 16 Jahren an die Front geschickt wird, ist das seine Aufgabe.<\/p>\n<p><!--more--><\/p>\n<p>Etienne, der Gro\u00dfonkel von Marie-Laure, hat im ersten Weltkrieg seinen Bruder verloren und gilt seitdem als verr\u00fcckt. Er h\u00f6rt Stimmen und geht nicht mehr aus dem Haus. Sein Bruder hatte einst einen Radiosender auf dem Dachboden, mit dem er Kindern die Wissenschaft erkl\u00e4rte.<\/p>\n<p>Madame Manec ist die Haush\u00e4lterin von Etienne und k\u00fcmmert sich r\u00fchrend um die Verwandtschaft aus Paris.<\/p>\n<p>Als sich der Krieg in Frankreichs Norden zuspitzt, unterst\u00fctzt Madame Manec den Widerstand und \u00fcberredet Marie-Laure und Etienne, sich dem anzuschlie\u00dfen. Fortan sendet der Radiosender auf dem Dachboden wieder regelm\u00e4\u00dfig. Werner kommt ebenfalls nach Nordfrankreich, um diesen Sender aufzusp\u00fcren&#8230;<\/p>\n<p>Dann gibt es noch: einen fanatischen Feldwebel, der auf der Suche nach einem Diamanten ist, den Marie-Laures Vater aus dem Museum in Paris geschmuggelt hat, Jules Vernes Buch \u201eZwanzig Tausend Meilen unter dem Meer\u201c spielt eine gro\u00dfe Rolle und nicht zu vergessen, Werners Freund Frederik, der sich auf V\u00f6gel spezialisiert hat und seinen Prinzipien treu bleibt.<\/p>\n<p>Was f\u00fcr ein beeindruckendes Buch! Und so sch\u00f6n geschrieben! Es nimmt einen gefangen bis zur letzten Seite. Es beschreibt die Gewissenskonflikte der haupts\u00e4chlich jungen Charaktere sehr eindringlich. Werner, der froh ist, der Arbeit unter Tage entkommen zu sein, erkennt auf der Eliteschule schon bald seinen Irrtum. \u201eDie Arbeit eines Wissenschaftlers wird von zwei Dingen bestimmt. Seinen Interessen und den Interessen der Zeit.\u201c<\/p>\n<p>Dieses Buch ist eines der sch\u00f6nsten, die ich seit langem gelesen habe. Es kommt auf jeden Fall auf meine Liste der verschenke-tauglichen B\u00fccher.<\/p>\n<p>C.H.BECK \u00a0\u00a0\u00a0ISBN 978-3-406-66751-0<\/p>\n<p><a href=\"https:\/\/leckerekekse.de\/wordpress\/wp-content\/uploads\/2014\/08\/Symbol-moewe-2.png\"><img loading=\"lazy\" decoding=\"async\" class=\"alignleft size-full wp-image-248\" src=\"https:\/\/leckerekekse.de\/wordpress\/wp-content\/uploads\/2014\/08\/Symbol-moewe-2.png\" alt=\"Symbol-moewe-2\" width=\"40\" height=\"40\" \/><\/a><\/p>\n<p>&nbsp;<\/p>\n","protected":false},"excerpt":{"rendered":"<p>Ein beeindruckendes Buch \u00fcber den zweiten Weltkrieg, der zu gro\u00dfen Teilen in Saint Malo an der franz\u00f6sischen K\u00fcste spielt. Marie-Laure, ein erblindetes junges M\u00e4dchen, das von ihrem Vater immer mit an seinen Arbeitsplatz im Naturkundemuseum in Paris genommen wird bis sie vor den Deutschen nach Saint Malo zu ihrem Gro\u00dfonkel fliehen. Der Vater k\u00fcmmert sich [&hellip;]<\/p>\n","protected":false},"author":1,"featured_media":1053,"comment_status":"open","ping_status":"open","sticky":false,"template":"","format":"standard","meta":{"footnotes":""},"categories":[1,3],"tags":[14,432,16,18,15,17],"class_list":["post-406","post","type-post","status-publish","format-standard","has-post-thumbnail","hentry","category-allgemein","category-buecher","tag-2-weltkrieg","tag-buch","tag-napola","tag-paris","tag-radiotechnik","tag-saint-malo"],"yoast_head":"<!-- This site is optimized with the Yoast SEO plugin v27.5 - https:\/\/yoast.com\/product\/yoast-seo-wordpress\/ -->\n<title>Anthony Doerr: Alles Licht, das wir nicht sehen | Leckere Kekse &amp; mehr<\/title>\n<meta name=\"description\" content=\"Anthony Doerr: Ein beeindruckendes Buch \u00fcber den zweiten Weltkrieg, der zu gro\u00dfen Teilen in Saint Malo an der franz\u00f6sischen K\u00fcste spielt.\" \/>\n<meta name=\"robots\" content=\"index, follow, max-snippet:-1, max-image-preview:large, max-video-preview:-1\" \/>\n<link rel=\"canonical\" href=\"https:\/\/leckerekekse.de\/wordpress\/anthony-doerr-alles-licht-das-wir-nicht-sehen\/\" \/>\n<meta property=\"og:locale\" content=\"de_DE\" \/>\n<meta property=\"og:type\" content=\"article\" \/>\n<meta property=\"og:title\" content=\"Anthony Doerr: Alles Licht, das wir nicht sehen | Leckere Kekse &amp; mehr\" \/>\n<meta property=\"og:description\" content=\"Anthony Doerr: Ein beeindruckendes Buch \u00fcber den zweiten Weltkrieg, der zu gro\u00dfen Teilen in Saint Malo an der franz\u00f6sischen K\u00fcste spielt.\" \/>\n<meta property=\"og:url\" content=\"https:\/\/leckerekekse.de\/wordpress\/anthony-doerr-alles-licht-das-wir-nicht-sehen\/\" \/>\n<meta property=\"og:site_name\" content=\"Leckere Kekse &amp; mehr\" \/>\n<meta property=\"article:published_time\" content=\"2014-09-13T15:07:50+00:00\" \/>\n<meta property=\"article:modified_time\" content=\"2015-07-09T09:40:15+00:00\" \/>\n<meta property=\"og:image\" content=\"https:\/\/leckerekekse.de\/wordpress\/wp-content\/uploads\/2014\/11\/cover-alles-licht-das-wir-nicht-sehen-buchtipp1.jpg\" \/>\n\t<meta property=\"og:image:width\" content=\"159\" \/>\n\t<meta property=\"og:image:height\" content=\"250\" \/>\n\t<meta property=\"og:image:type\" content=\"image\/jpeg\" \/>\n<meta name=\"author\" content=\"Astrid\" \/>\n<meta name=\"twitter:label1\" content=\"Verfasst von\" \/>\n\t<meta name=\"twitter:data1\" content=\"Astrid\" \/>\n\t<meta name=\"twitter:label2\" content=\"Gesch\u00e4tzte Lesezeit\" \/>\n\t<meta name=\"twitter:data2\" content=\"2\u00a0Minuten\" \/>\n<script type=\"application\/ld+json\" class=\"yoast-schema-graph\">{\"@context\":\"https:\\\/\\\/schema.org\",\"@graph\":[{\"@type\":\"Article\",\"@id\":\"https:\\\/\\\/leckerekekse.de\\\/wordpress\\\/anthony-doerr-alles-licht-das-wir-nicht-sehen\\\/#article\",\"isPartOf\":{\"@id\":\"https:\\\/\\\/leckerekekse.de\\\/wordpress\\\/anthony-doerr-alles-licht-das-wir-nicht-sehen\\\/\"},\"author\":{\"name\":\"Astrid\",\"@id\":\"https:\\\/\\\/leckerekekse.de\\\/wordpress\\\/#\\\/schema\\\/person\\\/6e4b2658514a3b7423a1f323400bdc1b\"},\"headline\":\"Anthony Doerr: Alles Licht, das wir nicht sehen\",\"datePublished\":\"2014-09-13T15:07:50+00:00\",\"dateModified\":\"2015-07-09T09:40:15+00:00\",\"mainEntityOfPage\":{\"@id\":\"https:\\\/\\\/leckerekekse.de\\\/wordpress\\\/anthony-doerr-alles-licht-das-wir-nicht-sehen\\\/\"},\"wordCount\":436,\"commentCount\":2,\"publisher\":{\"@id\":\"https:\\\/\\\/leckerekekse.de\\\/wordpress\\\/#\\\/schema\\\/person\\\/6e4b2658514a3b7423a1f323400bdc1b\"},\"image\":{\"@id\":\"https:\\\/\\\/leckerekekse.de\\\/wordpress\\\/anthony-doerr-alles-licht-das-wir-nicht-sehen\\\/#primaryimage\"},\"thumbnailUrl\":\"https:\\\/\\\/leckerekekse.de\\\/wordpress\\\/wp-content\\\/uploads\\\/2014\\\/11\\\/cover-alles-licht-das-wir-nicht-sehen-buchtipp1.jpg\",\"keywords\":[\"2. Weltkrieg\",\"Buch\",\"Napola\",\"Paris\",\"Radiotechnik\",\"Saint-Malo\"],\"articleSection\":{\"1\":\"B\u00fccher\"},\"inLanguage\":\"de\",\"potentialAction\":[{\"@type\":\"CommentAction\",\"name\":\"Comment\",\"target\":[\"https:\\\/\\\/leckerekekse.de\\\/wordpress\\\/anthony-doerr-alles-licht-das-wir-nicht-sehen\\\/#respond\"]}]},{\"@type\":\"WebPage\",\"@id\":\"https:\\\/\\\/leckerekekse.de\\\/wordpress\\\/anthony-doerr-alles-licht-das-wir-nicht-sehen\\\/\",\"url\":\"https:\\\/\\\/leckerekekse.de\\\/wordpress\\\/anthony-doerr-alles-licht-das-wir-nicht-sehen\\\/\",\"name\":\"Anthony Doerr: Alles Licht, das wir nicht sehen | Leckere Kekse &amp; mehr\",\"isPartOf\":{\"@id\":\"https:\\\/\\\/leckerekekse.de\\\/wordpress\\\/#website\"},\"primaryImageOfPage\":{\"@id\":\"https:\\\/\\\/leckerekekse.de\\\/wordpress\\\/anthony-doerr-alles-licht-das-wir-nicht-sehen\\\/#primaryimage\"},\"image\":{\"@id\":\"https:\\\/\\\/leckerekekse.de\\\/wordpress\\\/anthony-doerr-alles-licht-das-wir-nicht-sehen\\\/#primaryimage\"},\"thumbnailUrl\":\"https:\\\/\\\/leckerekekse.de\\\/wordpress\\\/wp-content\\\/uploads\\\/2014\\\/11\\\/cover-alles-licht-das-wir-nicht-sehen-buchtipp1.jpg\",\"datePublished\":\"2014-09-13T15:07:50+00:00\",\"dateModified\":\"2015-07-09T09:40:15+00:00\",\"description\":\"Anthony Doerr: Ein beeindruckendes Buch \u00fcber den zweiten Weltkrieg, der zu gro\u00dfen Teilen in Saint Malo an der franz\u00f6sischen K\u00fcste spielt.\",\"breadcrumb\":{\"@id\":\"https:\\\/\\\/leckerekekse.de\\\/wordpress\\\/anthony-doerr-alles-licht-das-wir-nicht-sehen\\\/#breadcrumb\"},\"inLanguage\":\"de\",\"potentialAction\":[{\"@type\":\"ReadAction\",\"target\":[\"https:\\\/\\\/leckerekekse.de\\\/wordpress\\\/anthony-doerr-alles-licht-das-wir-nicht-sehen\\\/\"]}]},{\"@type\":\"ImageObject\",\"inLanguage\":\"de\",\"@id\":\"https:\\\/\\\/leckerekekse.de\\\/wordpress\\\/anthony-doerr-alles-licht-das-wir-nicht-sehen\\\/#primaryimage\",\"url\":\"https:\\\/\\\/leckerekekse.de\\\/wordpress\\\/wp-content\\\/uploads\\\/2014\\\/11\\\/cover-alles-licht-das-wir-nicht-sehen-buchtipp1.jpg\",\"contentUrl\":\"https:\\\/\\\/leckerekekse.de\\\/wordpress\\\/wp-content\\\/uploads\\\/2014\\\/11\\\/cover-alles-licht-das-wir-nicht-sehen-buchtipp1.jpg\",\"width\":159,\"height\":250},{\"@type\":\"BreadcrumbList\",\"@id\":\"https:\\\/\\\/leckerekekse.de\\\/wordpress\\\/anthony-doerr-alles-licht-das-wir-nicht-sehen\\\/#breadcrumb\",\"itemListElement\":[{\"@type\":\"ListItem\",\"position\":1,\"name\":\"Home\",\"item\":\"https:\\\/\\\/leckerekekse.de\\\/wordpress\\\/\"},{\"@type\":\"ListItem\",\"position\":2,\"name\":\"Anthony Doerr: Alles Licht, das wir nicht sehen\"}]},{\"@type\":\"WebSite\",\"@id\":\"https:\\\/\\\/leckerekekse.de\\\/wordpress\\\/#website\",\"url\":\"https:\\\/\\\/leckerekekse.de\\\/wordpress\\\/\",\"name\":\"Leckere Kekse &amp; mehr\",\"description\":\"Kekse backen, B\u00fccher lesen und mehr\",\"publisher\":{\"@id\":\"https:\\\/\\\/leckerekekse.de\\\/wordpress\\\/#\\\/schema\\\/person\\\/6e4b2658514a3b7423a1f323400bdc1b\"},\"potentialAction\":[{\"@type\":\"SearchAction\",\"target\":{\"@type\":\"EntryPoint\",\"urlTemplate\":\"https:\\\/\\\/leckerekekse.de\\\/wordpress\\\/?s={search_term_string}\"},\"query-input\":{\"@type\":\"PropertyValueSpecification\",\"valueRequired\":true,\"valueName\":\"search_term_string\"}}],\"inLanguage\":\"de\"},{\"@type\":[\"Person\",\"Organization\"],\"@id\":\"https:\\\/\\\/leckerekekse.de\\\/wordpress\\\/#\\\/schema\\\/person\\\/6e4b2658514a3b7423a1f323400bdc1b\",\"name\":\"Astrid\",\"logo\":{\"@id\":\"https:\\\/\\\/leckerekekse.de\\\/wordpress\\\/#\\\/schema\\\/person\\\/image\\\/\"},\"sameAs\":[\"https:\\\/\\\/leckerekekse.de\\\/wordpress\"]}]}<\/script>\n<!-- \/ Yoast SEO plugin. -->","yoast_head_json":{"title":"Anthony Doerr: Alles Licht, das wir nicht sehen | Leckere Kekse &amp; mehr","description":"Anthony Doerr: Ein beeindruckendes Buch \u00fcber den zweiten Weltkrieg, der zu gro\u00dfen Teilen in Saint Malo an der franz\u00f6sischen K\u00fcste spielt.","robots":{"index":"index","follow":"follow","max-snippet":"max-snippet:-1","max-image-preview":"max-image-preview:large","max-video-preview":"max-video-preview:-1"},"canonical":"https:\/\/leckerekekse.de\/wordpress\/anthony-doerr-alles-licht-das-wir-nicht-sehen\/","og_locale":"de_DE","og_type":"article","og_title":"Anthony Doerr: Alles Licht, das wir nicht sehen | Leckere Kekse &amp; mehr","og_description":"Anthony Doerr: Ein beeindruckendes Buch \u00fcber den zweiten Weltkrieg, der zu gro\u00dfen Teilen in Saint Malo an der franz\u00f6sischen K\u00fcste spielt.","og_url":"https:\/\/leckerekekse.de\/wordpress\/anthony-doerr-alles-licht-das-wir-nicht-sehen\/","og_site_name":"Leckere Kekse &amp; mehr","article_published_time":"2014-09-13T15:07:50+00:00","article_modified_time":"2015-07-09T09:40:15+00:00","og_image":[{"width":159,"height":250,"url":"https:\/\/leckerekekse.de\/wordpress\/wp-content\/uploads\/2014\/11\/cover-alles-licht-das-wir-nicht-sehen-buchtipp1.jpg","type":"image\/jpeg"}],"author":"Astrid","twitter_misc":{"Verfasst von":"Astrid","Gesch\u00e4tzte Lesezeit":"2\u00a0Minuten"},"schema":{"@context":"https:\/\/schema.org","@graph":[{"@type":"Article","@id":"https:\/\/leckerekekse.de\/wordpress\/anthony-doerr-alles-licht-das-wir-nicht-sehen\/#article","isPartOf":{"@id":"https:\/\/leckerekekse.de\/wordpress\/anthony-doerr-alles-licht-das-wir-nicht-sehen\/"},"author":{"name":"Astrid","@id":"https:\/\/leckerekekse.de\/wordpress\/#\/schema\/person\/6e4b2658514a3b7423a1f323400bdc1b"},"headline":"Anthony Doerr: Alles Licht, das wir nicht sehen","datePublished":"2014-09-13T15:07:50+00:00","dateModified":"2015-07-09T09:40:15+00:00","mainEntityOfPage":{"@id":"https:\/\/leckerekekse.de\/wordpress\/anthony-doerr-alles-licht-das-wir-nicht-sehen\/"},"wordCount":436,"commentCount":2,"publisher":{"@id":"https:\/\/leckerekekse.de\/wordpress\/#\/schema\/person\/6e4b2658514a3b7423a1f323400bdc1b"},"image":{"@id":"https:\/\/leckerekekse.de\/wordpress\/anthony-doerr-alles-licht-das-wir-nicht-sehen\/#primaryimage"},"thumbnailUrl":"https:\/\/leckerekekse.de\/wordpress\/wp-content\/uploads\/2014\/11\/cover-alles-licht-das-wir-nicht-sehen-buchtipp1.jpg","keywords":["2. Weltkrieg","Buch","Napola","Paris","Radiotechnik","Saint-Malo"],"articleSection":{"1":"B\u00fccher"},"inLanguage":"de","potentialAction":[{"@type":"CommentAction","name":"Comment","target":["https:\/\/leckerekekse.de\/wordpress\/anthony-doerr-alles-licht-das-wir-nicht-sehen\/#respond"]}]},{"@type":"WebPage","@id":"https:\/\/leckerekekse.de\/wordpress\/anthony-doerr-alles-licht-das-wir-nicht-sehen\/","url":"https:\/\/leckerekekse.de\/wordpress\/anthony-doerr-alles-licht-das-wir-nicht-sehen\/","name":"Anthony Doerr: Alles Licht, das wir nicht sehen | Leckere Kekse &amp; mehr","isPartOf":{"@id":"https:\/\/leckerekekse.de\/wordpress\/#website"},"primaryImageOfPage":{"@id":"https:\/\/leckerekekse.de\/wordpress\/anthony-doerr-alles-licht-das-wir-nicht-sehen\/#primaryimage"},"image":{"@id":"https:\/\/leckerekekse.de\/wordpress\/anthony-doerr-alles-licht-das-wir-nicht-sehen\/#primaryimage"},"thumbnailUrl":"https:\/\/leckerekekse.de\/wordpress\/wp-content\/uploads\/2014\/11\/cover-alles-licht-das-wir-nicht-sehen-buchtipp1.jpg","datePublished":"2014-09-13T15:07:50+00:00","dateModified":"2015-07-09T09:40:15+00:00","description":"Anthony Doerr: Ein beeindruckendes Buch \u00fcber den zweiten Weltkrieg, der zu gro\u00dfen Teilen in Saint Malo an der franz\u00f6sischen K\u00fcste spielt.","breadcrumb":{"@id":"https:\/\/leckerekekse.de\/wordpress\/anthony-doerr-alles-licht-das-wir-nicht-sehen\/#breadcrumb"},"inLanguage":"de","potentialAction":[{"@type":"ReadAction","target":["https:\/\/leckerekekse.de\/wordpress\/anthony-doerr-alles-licht-das-wir-nicht-sehen\/"]}]},{"@type":"ImageObject","inLanguage":"de","@id":"https:\/\/leckerekekse.de\/wordpress\/anthony-doerr-alles-licht-das-wir-nicht-sehen\/#primaryimage","url":"https:\/\/leckerekekse.de\/wordpress\/wp-content\/uploads\/2014\/11\/cover-alles-licht-das-wir-nicht-sehen-buchtipp1.jpg","contentUrl":"https:\/\/leckerekekse.de\/wordpress\/wp-content\/uploads\/2014\/11\/cover-alles-licht-das-wir-nicht-sehen-buchtipp1.jpg","width":159,"height":250},{"@type":"BreadcrumbList","@id":"https:\/\/leckerekekse.de\/wordpress\/anthony-doerr-alles-licht-das-wir-nicht-sehen\/#breadcrumb","itemListElement":[{"@type":"ListItem","position":1,"name":"Home","item":"https:\/\/leckerekekse.de\/wordpress\/"},{"@type":"ListItem","position":2,"name":"Anthony Doerr: Alles Licht, das wir nicht sehen"}]},{"@type":"WebSite","@id":"https:\/\/leckerekekse.de\/wordpress\/#website","url":"https:\/\/leckerekekse.de\/wordpress\/","name":"Leckere Kekse &amp; mehr","description":"Kekse backen, B\u00fccher lesen und mehr","publisher":{"@id":"https:\/\/leckerekekse.de\/wordpress\/#\/schema\/person\/6e4b2658514a3b7423a1f323400bdc1b"},"potentialAction":[{"@type":"SearchAction","target":{"@type":"EntryPoint","urlTemplate":"https:\/\/leckerekekse.de\/wordpress\/?s={search_term_string}"},"query-input":{"@type":"PropertyValueSpecification","valueRequired":true,"valueName":"search_term_string"}}],"inLanguage":"de"},{"@type":["Person","Organization"],"@id":"https:\/\/leckerekekse.de\/wordpress\/#\/schema\/person\/6e4b2658514a3b7423a1f323400bdc1b","name":"Astrid","logo":{"@id":"https:\/\/leckerekekse.de\/wordpress\/#\/schema\/person\/image\/"},"sameAs":["https:\/\/leckerekekse.de\/wordpress"]}]}},"_links":{"self":[{"href":"https:\/\/leckerekekse.de\/wordpress\/wp-json\/wp\/v2\/posts\/406","targetHints":{"allow":["GET"]}}],"collection":[{"href":"https:\/\/leckerekekse.de\/wordpress\/wp-json\/wp\/v2\/posts"}],"about":[{"href":"https:\/\/leckerekekse.de\/wordpress\/wp-json\/wp\/v2\/types\/post"}],"author":[{"embeddable":true,"href":"https:\/\/leckerekekse.de\/wordpress\/wp-json\/wp\/v2\/users\/1"}],"replies":[{"embeddable":true,"href":"https:\/\/leckerekekse.de\/wordpress\/wp-json\/wp\/v2\/comments?post=406"}],"version-history":[{"count":6,"href":"https:\/\/leckerekekse.de\/wordpress\/wp-json\/wp\/v2\/posts\/406\/revisions"}],"predecessor-version":[{"id":3620,"href":"https:\/\/leckerekekse.de\/wordpress\/wp-json\/wp\/v2\/posts\/406\/revisions\/3620"}],"wp:featuredmedia":[{"embeddable":true,"href":"https:\/\/leckerekekse.de\/wordpress\/wp-json\/wp\/v2\/media\/1053"}],"wp:attachment":[{"href":"https:\/\/leckerekekse.de\/wordpress\/wp-json\/wp\/v2\/media?parent=406"}],"wp:term":[{"taxonomy":"category","embeddable":true,"href":"https:\/\/leckerekekse.de\/wordpress\/wp-json\/wp\/v2\/categories?post=406"},{"taxonomy":"post_tag","embeddable":true,"href":"https:\/\/leckerekekse.de\/wordpress\/wp-json\/wp\/v2\/tags?post=406"}],"curies":[{"name":"wp","href":"https:\/\/api.w.org\/{rel}","templated":true}]}}