{"id":4227,"date":"2015-09-27T07:00:12","date_gmt":"2015-09-27T05:00:12","guid":{"rendered":"http:\/\/leckerekekse.de\/wordpress\/?p=4227"},"modified":"2017-01-05T19:28:02","modified_gmt":"2017-01-05T18:28:02","slug":"literaturpreise","status":"publish","type":"post","link":"https:\/\/leckerekekse.de\/wordpress\/literaturpreise\/","title":{"rendered":"Literaturpreise"},"content":{"rendered":"<p>Es regnet Preise. Literaturpreise. So mein Eindruck.<\/p>\n<p>\u00dcberall liest und h\u00f6rt man jetzt von Shortlist hier, Longlist dort.<\/p>\n<p>Einige Preise wurden schon vergeben.<\/p>\n<p>Im Herbst, rund um die Frankfurter Buchmesse scheint die Vergabe von Literaturpreisen fast schon inflation\u00e4r.<\/p>\n<p>Ein paar der Preise m\u00f6chte ich hier kurz vorstellen.<\/p>\n<p>Der bekannteste in Deutschland ist wohl der <!--more--><\/p>\n<h3>Deutsche Buchpreis<\/h3>\n<p><a href=\"http:\/\/www.deutscher-buchpreis.de\/\" target=\"_blank\"><img loading=\"lazy\" decoding=\"async\" class=\"aligncenter wp-image-4228\" src=\"https:\/\/leckerekekse.de\/wordpress\/wp-content\/uploads\/2015\/09\/Logo_dbp_15_RGB.jpg\" alt=\"Logo Detuscher Buchpres 2015 \" width=\"351\" height=\"275\" srcset=\"https:\/\/leckerekekse.de\/wordpress\/wp-content\/uploads\/2015\/09\/Logo_dbp_15_RGB.jpg 640w, https:\/\/leckerekekse.de\/wordpress\/wp-content\/uploads\/2015\/09\/Logo_dbp_15_RGB-300x235.jpg 300w\" sizes=\"auto, (max-width: 351px) 100vw, 351px\" \/><\/a><\/p>\n<p><strong>Wer vergibt den Preis?<\/strong><\/p>\n<p>Die &#8222;B\u00f6rsenverein des Deutschen Buchhandels&#8220; Stiftung<\/p>\n<p><strong>Seit wann gibt es den Preis?<\/strong><\/p>\n<p>Seit 2004<\/p>\n<p><strong>Was erh\u00e4lt der Gewinner?<\/strong><\/p>\n<p>Der Preistr\u00e4ger erh\u00e4lt 25.000 Euro, die \u00fcbrigen f\u00fcnf Autoren der Shortlist erhalten jeweils 2.500 Euro.<\/p>\n<p><strong>Wie funktioniert die Vergabe?<\/strong><\/p>\n<p>Verlage k\u00f6nnen sich direkt mit ihren Titeln um die Teilnahme bewerben. Ausschlaggebend sind deutschsprachige Autoren und die Ver\u00f6ffentlichung in einem bestimmten Zeitraum.<\/p>\n<p><strong>Wer bildet die Jury?<\/strong><\/p>\n<p>Die Jury besteht aus sieben Personen und wird j\u00e4hrlich neu von der\u00a0Akademie Deutscher Buchpreis gew\u00e4hlt. Dieses Jahr sind ein Theaterintendant, zwei Buchh\u00e4ndler, eine Journalistin, zwei Literaturredakteure und eine Journalistikdozentin dabei.<\/p>\n<p><strong>Wer sind die Kandidaten?<\/strong><\/p>\n<p>Im August wird eine <a href=\"http:\/\/www.deutscher-buchpreis.de\/nominiert\/#section-longlist\">Longlist<\/a> mit 20 Titeln, im September eine Shortlist mit 6 Titeln ver\u00f6ffentlicht. Hier die Cover der diesj\u00e4hrigen Shortlist:<\/p>\n<p><img loading=\"lazy\" decoding=\"async\" class=\" aligncenter\" src=\"https:\/\/leckerekekse.de\/wordpress\/wp-content\/uploads\/2015\/09\/Longlist1.jpg\" alt=\"\" usemap=\"#map1\" width=\"640\" height=\"640\" border=\"0\" \/><\/p>\n<p>Gelesen habe ich davon nur ein Buch:\u00a0<a href=\"https:\/\/leckerekekse.de\/wordpress\/gehen-ging-gegangen\/\" target=\"_blank\"> Gehen, ging, gegangen<\/a>. Im Regal steht zus\u00e4tzlich noch &#8222;\u00dcber den Winter&#8220; von Rolf Lappert, auf dem eBook-Reader wartet bereits &#8222;Eins im Anderen&#8220;. Die RAF-Geschichte interessiert mich irgendwie gar nicht\u00a0 (beachtenswert finde ich hier aber die L\u00e4nge des Titels&#8230;). &#8222;Das bessere Leben&#8220; ist mir irgendwie zu hoch. F\u00fcr das Buch &#8222;Wie ihr wollt&#8220; interessiere ich mich sehr. Ich musste beim Inhalt direkt an &#8222;<a href=\"https:\/\/leckerekekse.de\/wordpress\/thomas-hettche-pfaueninsel\/\" target=\"_blank\">Die Pfaueninsel<\/a>&#8220; denken, auch hier ist eine kleinw\u00fcchsige Frau die Hauptperson in einem historischen Roman.<\/p>\n<p>Mein Gewinnertipp: Jenny Erpenbeck<\/p>\n<p>Eine recht bunte Mischung, die hier vorgestellt wird.\u00a0 Drei weibliche, drei m\u00e4nnliche Autoren und sogar B\u00fccher von unabh\u00e4ngigen Verlagen stehen auf dieser Liste.<\/p>\n<p><strong>Wann findet die Verleihung statt?<\/strong><\/p>\n<p>Am 12.10.2015 findet die Bekanntgabe des Gewinners und die Preisverleihung in Frankfurt statt.<\/p>\n<p><strong>Und sonst noch?<\/strong><\/p>\n<p>Seit ein paar Jahren wird der Buchpreis von einer Bloggeraktion begleitet. Die &#8222;Buchpreisblogger&#8220;. Durch eine Anregung von <a href=\"http:\/\/buzzaldrins.de\/\" target=\"_blank\">Mara (Buzzaldrins B\u00fccher),\u00a0<\/a> werden die Longlist-B\u00fccher an eine handverlesene Truppe von Buchbloggern verteilt, die diese B\u00fccher lesen und rezensieren.\u00a0 Ein deutliches Zeichen, dass die Buchblogger von der Szene langsam ernst genommen werden.<\/p>\n<p>Interessant fand ich dieses Jahr, dass\u00a0 es Autoren mit aussichtsreichen B\u00fcchern gibt, die lieber auf den ganzen Rummel verzichten (Ralf Rothmann,<a href=\"http:\/\/www.suhrkamp.de\/buecher\/im_fruehling_sterben-ralf_rothmann_42475.html\" target=\"_blank\"> Im Fr\u00fchling sterben<\/a>).<\/p>\n<p>Ausserdem gab es nach der Ver\u00f6ffentlichung der Shortlist laute Aufschreie in der Szene. Von Skandal war die Rede. Da waren wohl viele der Ansicht, dass die falschen B\u00fccher auf der Shortlist gelandet sind. Oder vielmehr, das wichtige B\u00fccher fehlen w\u00fcrden. Dies ging mit einer starken Kritik an der Zusammensetzung der Jury einher. Es war richtig was los! Das erinnerte mich irgendwie an das letzte <a href=\"https:\/\/leckerekekse.de\/wordpress\/der-beste-roman-des-jahres\/\" target=\"_blank\">Buch<\/a> von Edward St. Aubyn. Ein Kochbuch hat es aber doch nicht auf die Shortlist geschafft&#8230;<\/p>\n<p>&nbsp;<\/p>\n<h3>ZDF Aspekte Literaturpreis<\/h3>\n<div id=\"attachment_4232\" style=\"width: 650px\" class=\"wp-caption aligncenter\"><a href=\"http:\/\/www.presseportal.de\/pm\/7840\/3120544\" target=\"_blank\"><img loading=\"lazy\" decoding=\"async\" aria-describedby=\"caption-attachment-4232\" class=\"size-full wp-image-4232\" src=\"https:\/\/leckerekekse.de\/wordpress\/wp-content\/uploads\/2015\/09\/00110230_o.jpg\" alt=\"obs\/ZDF\/ZDF\/ Opium Effect\" width=\"640\" height=\"380\" srcset=\"https:\/\/leckerekekse.de\/wordpress\/wp-content\/uploads\/2015\/09\/00110230_o.jpg 640w, https:\/\/leckerekekse.de\/wordpress\/wp-content\/uploads\/2015\/09\/00110230_o-300x178.jpg 300w\" sizes=\"auto, (max-width: 640px) 100vw, 640px\" \/><\/a><p id=\"caption-attachment-4232\" class=\"wp-caption-text\">Quelle: obs\/ZDF\/ZDF\/ Opium Effect<\/p><\/div>\n<p><strong>Wer vergibt den Preis?<\/strong><\/p>\n<p>Der deutsche Fernsehsender ZDF.<\/p>\n<p><strong>Seit wann gibt es den Preis?<\/strong><\/p>\n<p>Seit 1979.<\/p>\n<p><strong>Was erh\u00e4lt der Gewinner?<\/strong><\/p>\n<p>10000 \u20ac.<\/p>\n<p><strong>Wie funktioniert die Vergabe?<\/strong><\/p>\n<p>Dieser Preis wird f\u00fcr &#8222;das beste deutschsprachige Prosa-Deb\u00fct&#8220; verliehen. Das Buch muss im laufenden Kalenderjahr erschienen sein. Verlage und Autoren k\u00f6nnen Vorschl\u00e4ge an das ZDF einreichen.<\/p>\n<p><strong>Wer bildet die Jury?<\/strong><\/p>\n<p>Mitglieder der aktuellen Jury sind ein Redaktionsleiter, eine Autorin, zwei Kritiker und ein Schauspieler.<\/p>\n<p><strong>Wer sind die Kandidaten?<\/strong><\/p>\n<p>Das ZDF spricht von Finalisten. Sie wurden Mitte September bekannt gegeben:<\/p>\n<p><img loading=\"lazy\" decoding=\"async\" src=\"https:\/\/leckerekekse.de\/wordpress\/wp-content\/uploads\/2015\/09\/Aspekte.jpg\" alt=\"\" usemap=\"#map3\" width=\"640\" height=\"640\" border=\"0\" \/><\/p>\n<p>&#8222;Die Gl\u00fccklichen&#8220; habe ich bereits gelesen und war von diesem Deb\u00fct recht beeindruckt. Die anderen kenne ich leider noch nicht, die Klappentexte lesen sich recht interessant.<\/p>\n<p><strong>Wann findet die Verleihung statt?<\/strong><\/p>\n<p>Die Bekanntgabe findet am 9. Oktober in der ZDF-Sendung &#8222;aspekte&#8220; statt, die Preisverleihung\u00a0 am 15. Oktober im Rahmen der Frankfurter Buchmesse.<\/p>\n<p><strong>Und sonst noch?<\/strong><\/p>\n<p>Obwohl es diesen Preis schon recht lange gibt, habe ich davon noch kaum etwas geh\u00f6rt. Warum eigentlich?<\/p>\n<p>Ein Blick auf die <a href=\"https:\/\/de.wikipedia.org\/wiki\/Aspekte-Literaturpreis\" target=\"_blank\">bisherigen Preistr\u00e4ger<\/a> lohnt sich. Es ist sogar eine sp\u00e4tere Literaturnobelpreistr\u00e4gerin dabei und viel andere bekannte Namen. Man hat hier anscheinend oft ein gutes H\u00e4ndchen bewiesen. Ich werde mir die B\u00fccher der \u00fcbrigen Finalisten und der bisherigen Preistr\u00e4ger genauer ansehen!<\/p>\n<p>&nbsp;<\/p>\n<h3>Preis der besten B\u00fccher aus unagh\u00e4ngigen Verlagen<\/h3>\n<p><a href=\"http:\/\/www.hotlist-online.com\/\" target=\"_blank\"><img loading=\"lazy\" decoding=\"async\" class=\"aligncenter size-full wp-image-4234\" src=\"https:\/\/leckerekekse.de\/wordpress\/wp-content\/uploads\/2015\/09\/hotlist.jpg\" alt=\"preis unabh\u00e4ngiger Verlage Hotlist 2015\" width=\"640\" height=\"152\" srcset=\"https:\/\/leckerekekse.de\/wordpress\/wp-content\/uploads\/2015\/09\/hotlist.jpg 640w, https:\/\/leckerekekse.de\/wordpress\/wp-content\/uploads\/2015\/09\/hotlist-300x71.jpg 300w\" sizes=\"auto, (max-width: 640px) 100vw, 640px\" \/><\/a><\/p>\n<p><strong>Wer vergibt den Preis?<\/strong><\/p>\n<p>Der Verein der Hotlist.<\/p>\n<p><strong>Seit wann gibt es den Preis?<\/strong><\/p>\n<p>Seit 2009.<\/p>\n<p><strong>Was erh\u00e4lt der Gewinner?<\/strong><\/p>\n<p>Der Gewinnerverlag erh\u00e4lt\u00a05000 Euro.\u00a0 Ein weiterer Verlag erh\u00e4lt den <a title=\"Der Melusine-Huss-Preis\" href=\"http:\/\/www.hotlist-online.com\/der-melusine-huss-preis\/\" target=\"_blank\">Melusine-Huss-Preis<\/a>, dotiert mit einem Druckgutschein im Wert von <strong>4000 Euro<\/strong>.<\/p>\n<p><strong>Wie funktioniert die Vergabe?<\/strong><\/p>\n<p>Unabh\u00e4ngige Verlage k\u00f6nnen jeweils einen Vorschlag einreichen. Das waren dieses Jahr 171 B\u00fccher. Daraus wurde eine Vorschlagliste von 30 B\u00fcchern erstellt. Daraus wurde die Hotlist (siehe unten gew\u00e4hlt). An der Auswahl f\u00fcr die Hotlist konnte sich jedermann beteiligen.<\/p>\n<p><strong>Wer bildet die Jury?<\/strong><\/p>\n<p>Mitglieder der aktuellen Jury sind\u00a0 eine Journalistin, ein Redakteur, ein Literaturdozent, ein Buchh\u00e4ndler und eine Kritikerin.<\/p>\n<p><strong>Wer sind die Kandidaten?<\/strong><\/p>\n<p>Die sogenannte <a href=\"https:\/\/www.hotlist-online.com\/das-war-2015\/die-hotlist-2015\/\" target=\"_blank\">Hotlist <\/a>sieht so aus:<\/p>\n<p><img loading=\"lazy\" decoding=\"async\" class=\" aligncenter\" src=\"https:\/\/leckerekekse.de\/wordpress\/wp-content\/uploads\/2015\/09\/Hotlist.jpg\" alt=\"\" usemap=\"#map\" width=\"640\" height=\"360\" border=\"0\" \/><\/p>\n<p>&#8222;Havarie&#8220; habe ich zum Geburtstag bekommen. Ich hatte es <a href=\"https:\/\/leckerekekse.de\/wordpress\/neuerscheinungen-mai\/\" target=\"_blank\">hier<\/a> schon kurz vorgestellt. &#8222;Bodentiefe Fenster&#8220; und &#8222;Applaus f\u00fcr Bronikowski&#8220; warten auch schon auf mich. Die letzteren standen auch auf der Longlist des Deutschen Buchpreises. Interessant finde ich auch das Cover ohne Titelangabe. Das Cover von &#8222;Young Blood&#8220; spricht mich auch sehr an (mein Haus hat eine blaue Holzfassade).<\/p>\n<p>Insgesamt ist die Hotlist eine bunte Mischung aus verschiedenen Genre, die Autoren stammen aus unterschiedlichen L\u00e4ndern.<\/p>\n<p><strong>Wann findet die Verleihung statt?<\/strong><\/p>\n<p>Die Verleihung der Preise findet am 16. Oktober 2015 in Frankfurt statt.<\/p>\n<p><strong>Und sonst noch?<\/strong><\/p>\n<p>Diesen Preis finde ich interessant, weil er sich direkt an die Verlage richtet. Diese kleinen, unabh\u00e4ngigen Verlage, die sich zum Beispiel auch in der <a href=\"http:\/\/www.indiebook.de\/\" target=\"_blank\">indiebook<\/a>-Vereinigung zusammentun, sind f\u00fcr unsere Kultur sehr wichtig. Sie haben kein gro\u00dfes Werbebudget, k\u00f6nnen nicht hunderte von Rezensionsexemplare an die Presse verteilen, haben meist ein kleines, aber feines Angebot und bereichern die deutsche Buchlandschaft ungemein.<\/p>\n<p>Was mir an diesem Preis noch gef\u00e4llt ist zum einen die totale Transparenz. Alle eingereichten B\u00fccher kann man sehen, das Publikum wurde mit einbezogen. Der passende <a href=\"https:\/\/derhotlistblog.wordpress.com\/\" target=\"_blank\">Blog<\/a> ist auch sehr interessant zu lesen. Zum anderen steht hier sp\u00fcrbar viel Engagement und Herzblut dahinter!<\/p>\n<h4>Fazit<\/h4>\n<p>Das waren nur drei Literaturpreise. Auf uns wartet noch der Literaturnobelpreis, dessen Gewinner auch im Oktober bekannt gegeben wird (es gibt Menschen, die auf eine posthume Verleihung an G\u00fcnther Grass wetten), den Man Booker Preis in Gro\u00dfbritannien und, und und.<\/p>\n<p>Bei den Recherchen habe ich bei Wikipedia eine lange <a href=\"https:\/\/de.wikipedia.org\/wiki\/Literaturjahr_2015#Deutsche_Literaturpreise\" target=\"_blank\">Liste<\/a> gefunden, die auch noch nicht vollst\u00e4ndig ist.<\/p>\n<p>Diese Listen und Diskussionen rund um die Preise finde ich sehr interessant und bereichernd und bin sehr gespannt wer gewinnt!<\/p>\n<p>\u264c<\/p>\n<p>PS Die Cover in den Bild-Collagen sind alle mit den Verlagsseiten verlinkt. Die Anleitung habe ich \u00fcbrigens <a href=\"https:\/\/leckerekekse.de\/wordpress\/tutorial-collage-mit-verlinkten-beitraegen\/\" target=\"_blank\">hier<\/a> &#8222;gefunden&#8220;. Danke, Astrid.<\/p>\n<map name=\"map1\">\n<!-- #$-:Image map file created by GIMP Image Map plug-in --><br \/>\n<!-- #$-:GIMP Image Map plug-in by Maurits Rijk --><br \/>\n<!-- #$-:Please do not edit lines starting with \"#$\" --><br \/>\n<!-- #$VERSION:2.3 --><br \/>\n<!-- #$AUTHOR:SilviaW --><\/p>\n<area shape=\"rect\" coords=\"5,3,212,318\" href=\"http:\/\/www.randomhouse.de\/Buch\/Gehen-ging-gegangen-Roman\/Jenny-Erpenbeck\/e336327.rhd\" target=\"_blank\"\/>\n<area shape=\"rect\" coords=\"222,13,423,313\" href=\"http:\/\/www.droschl.com\/programm\/buch.php?book_id=796\" target=\"_blank\"\/>\n<area shape=\"rect\" coords=\"430,11,639,318\" href=\"http:\/\/www.matthes-seitz-berlin.de\/buch\/die-erfindung-der-roten-armee-fraktion-durch-einen-manisch-depressiven-teenager-im-sommer-1969.html\" target=\"_blank\"\/>\n<area shape=\"rect\" coords=\"11,325,212,629\" href=\"http:\/\/www.fischerverlage.de\/buch\/das_bessere_leben\/9783100608055\" target=\"_blank\"\/>\n<area shape=\"rect\" coords=\"221,326,421,631\" href=\"http:\/\/www.hanser-literaturverlage.de\/buch\/ueber-den-winter\/978-3-446-24905-9\/\"target=\"_blank\" \/>\n<area shape=\"rect\" coords=\"432,325,634,630\" href=\"http:\/\/www.berlinverlag.de\/buecher\/wie-ihr-wollt-isbn-978-3-8270-1213-5\"target=\"_blank\" \/>\n<\/map>\n<map name=\"map3\">\n<!-- #$-:Image map file created by GIMP Image Map plug-in --><br \/>\n<!-- #$-:GIMP Image Map plug-in by Maurits Rijk --><br \/>\n<!-- #$-:Please do not edit lines starting with \"#$\" --><br \/>\n<!-- #$VERSION:2.3 --><br \/>\n<!-- #$AUTHOR:SilviaW --><\/p>\n<area shape=\"rect\" coords=\"8,3,209,315\" href=\"http:\/\/www.rowohlt.de\/hardcover\/franziska-hauser-sommerdreieck.html\" target=\"_blank\"\/>\n<area shape=\"rect\" coords=\"219,3,421,319\" href=\"http:\/\/www.fischerverlage.de\/buch\/winternaehe\/9783100024190\" target=\"_blank\" \/>\n<area shape=\"rect\" coords=\"437,3,635,316\" href=\"http:\/\/www.hoffmann-und-campe.de\/buch-info\/superposition-buch-7546\/\" target=\"_blank\"\/>\n<area shape=\"rect\" coords=\"5,327,210,636\" href=\"http:\/\/www.randomhouse.de\/Buch\/Die-Gluecklichen-Roman\/Kristine-Bilkau\/e462474.rhd\" target=\"_blank\"\/>\n<area shape=\"rect\" coords=\"222,326,421,638\" href=\"http:\/\/www.hanser-literaturverlage.de\/buch\/chronik-einer-froehlichen-verschwoerung\/978-3-552-05714-2\/\"target=\"_blank\" \/>\n<area shape=\"rect\" coords=\"430,325,638,636\" href=\"https:\/\/www.luebbe.de\/eichborn\/buecher\/sonstige-belletristik\/gott-will-uns-tot-sehen\/id_2776160\" target=\"_blank\"\/>\n<\/map>\n<map name=\"map\">\n<!-- #$-:Image map file created by GIMP Image Map plug-in --><br \/>\n<!-- #$-:GIMP Image Map plug-in by Maurits Rijk --><br \/>\n<!-- #$-:Please do not edit lines starting with \"#$\" --><br \/>\n<!-- #$VERSION:2.3 --><br \/>\n<!-- #$AUTHOR:SilviaW --><\/p>\n<area shape=\"rect\" coords=\"5,4,125,174\" href=\"http:\/\/www.korrespondenzen.at\/Titel.html\" target=\"_blank\" \/>\n<area shape=\"rect\" coords=\"129,7,254,179\" href=\"http:\/\/www.argument.de\/belle_index_reload.html?ak\/1224.html\" target=\"_blank\" \/>\n<area shape=\"rect\" coords=\"261,5,380,176\" href=\"http:\/\/eichenspinner.de\/buecher\/news\/erbmuetter-welttoechtersamische-gedichte\/?tx_news_pi1[controller]=News&amp;tx_news_pi1[action]=detail&amp;cHash=464c0b9754df649a709f26d0b69c7e3e\" target=\"_blank\" \/>\n<area shape=\"rect\" coords=\"390,8,511,176\" href=\"http:\/\/www.engeler-verlag.com\/titel\/die-kur.html\" target=\"_blank\"\/>\n<area shape=\"rect\" coords=\"523,6,630,174\" href=\"https:\/\/keinundaber.ch\/de\/literary-work\/unsere-namen\/\" target=\"_blank\" \/>\n<area shape=\"rect\" coords=\"6,186,124,354\" href=\"http:\/\/www.kookbooks.de\/buecher.php\" target=\"_blank\"\/>\n<area shape=\"rect\" coords=\"132,185,254,355\" href=\"http:\/\/www.peter-hammer-verlag.de\/buchdetails\/young-blood\/\" target=\"_blank\"\/>\n<area shape=\"rect\" coords=\"260,187,382,357\" href=\"http:\/\/www.spectorbooks.com\/#saisonarbeit\" target=\"_blank\"\/>\n<area shape=\"rect\" coords=\"391,184,509,354\" href=\"http:\/\/www.verbrecherverlag.de\/book\/detail\/761\" target=\"_blank\" \/>\n<area shape=\"rect\" coords=\"516,183,637,357\" href=\"http:\/\/www.wallstein-verlag.de\/9783835316041-kai-weyand-applaus-fuer-bronikowski.html\" target=\"_blank\"\/>\n<\/map>\n","protected":false},"excerpt":{"rendered":"<p>Es regnet Preise. Literaturpreise. So mein Eindruck. \u00dcberall liest und h\u00f6rt man jetzt von Shortlist hier, Longlist dort. Einige Preise wurden schon vergeben. Im Herbst, rund um die Frankfurter Buchmesse scheint die Vergabe von Literaturpreisen fast schon inflation\u00e4r. Ein paar der Preise m\u00f6chte ich hier kurz vorstellen. Der bekannteste in Deutschland ist wohl der<\/p>\n","protected":false},"author":2,"featured_media":4256,"comment_status":"open","ping_status":"open","sticky":false,"template":"","format":"standard","meta":{"footnotes":""},"categories":[1,3],"tags":[204,447,593,597,459],"class_list":["post-4227","post","type-post","status-publish","format-standard","has-post-thumbnail","hentry","category-allgemein","category-buecher","tag-204","tag-belletristik","tag-erpenbeck","tag-literaturpreis","tag-roman"],"yoast_head":"<!-- This site is optimized with the Yoast SEO plugin v27.4 - https:\/\/yoast.com\/product\/yoast-seo-wordpress\/ -->\n<title>Literaturpreise | Leckere Kekse &amp; mehr<\/title>\n<meta name=\"description\" content=\"Ein paar deutsche Literaturpreise und die Kandidaten werden hier vorgestellt. Alle Preise haben einen anderen Focus.\" \/>\n<meta name=\"robots\" content=\"index, follow, max-snippet:-1, max-image-preview:large, max-video-preview:-1\" \/>\n<link rel=\"canonical\" href=\"https:\/\/leckerekekse.de\/wordpress\/literaturpreise\/\" \/>\n<meta property=\"og:locale\" content=\"de_DE\" \/>\n<meta property=\"og:type\" content=\"article\" \/>\n<meta property=\"og:title\" content=\"Literaturpreise | Leckere Kekse &amp; mehr\" \/>\n<meta property=\"og:description\" content=\"Ein paar deutsche Literaturpreise und die Kandidaten werden hier vorgestellt. Alle Preise haben einen anderen Focus.\" \/>\n<meta property=\"og:url\" content=\"https:\/\/leckerekekse.de\/wordpress\/literaturpreise\/\" \/>\n<meta property=\"og:site_name\" content=\"Leckere Kekse &amp; mehr\" \/>\n<meta property=\"article:published_time\" content=\"2015-09-27T05:00:12+00:00\" \/>\n<meta property=\"article:modified_time\" content=\"2017-01-05T18:28:02+00:00\" \/>\n<meta property=\"og:image\" content=\"https:\/\/leckerekekse.de\/wordpress\/wp-content\/uploads\/2015\/09\/Literaturpreise.jpg\" \/>\n\t<meta property=\"og:image:width\" content=\"640\" \/>\n\t<meta property=\"og:image:height\" content=\"360\" \/>\n\t<meta property=\"og:image:type\" content=\"image\/jpeg\" \/>\n<meta name=\"author\" content=\"Buchlieberin\" \/>\n<meta name=\"twitter:label1\" content=\"Verfasst von\" \/>\n\t<meta name=\"twitter:data1\" content=\"Buchlieberin\" \/>\n\t<meta name=\"twitter:label2\" content=\"Gesch\u00e4tzte Lesezeit\" \/>\n\t<meta name=\"twitter:data2\" content=\"6\u00a0Minuten\" \/>\n<script type=\"application\/ld+json\" class=\"yoast-schema-graph\">{\"@context\":\"https:\\\/\\\/schema.org\",\"@graph\":[{\"@type\":\"Article\",\"@id\":\"https:\\\/\\\/leckerekekse.de\\\/wordpress\\\/literaturpreise\\\/#article\",\"isPartOf\":{\"@id\":\"https:\\\/\\\/leckerekekse.de\\\/wordpress\\\/literaturpreise\\\/\"},\"author\":{\"name\":\"Buchlieberin\",\"@id\":\"https:\\\/\\\/leckerekekse.de\\\/wordpress\\\/#\\\/schema\\\/person\\\/aeca9a159c2be36b9bce9092b38c13c8\"},\"headline\":\"Literaturpreise\",\"datePublished\":\"2015-09-27T05:00:12+00:00\",\"dateModified\":\"2017-01-05T18:28:02+00:00\",\"mainEntityOfPage\":{\"@id\":\"https:\\\/\\\/leckerekekse.de\\\/wordpress\\\/literaturpreise\\\/\"},\"wordCount\":1149,\"commentCount\":0,\"publisher\":{\"@id\":\"https:\\\/\\\/leckerekekse.de\\\/wordpress\\\/#\\\/schema\\\/person\\\/6e4b2658514a3b7423a1f323400bdc1b\"},\"image\":{\"@id\":\"https:\\\/\\\/leckerekekse.de\\\/wordpress\\\/literaturpreise\\\/#primaryimage\"},\"thumbnailUrl\":\"https:\\\/\\\/leckerekekse.de\\\/wordpress\\\/wp-content\\\/uploads\\\/2015\\\/09\\\/Literaturpreise.jpg\",\"keywords\":[\"2015\",\"Belletristik\",\"Erpenbeck\",\"Literaturpreis\",\"Roman\"],\"articleSection\":{\"1\":\"B\u00fccher\"},\"inLanguage\":\"de\",\"potentialAction\":[{\"@type\":\"CommentAction\",\"name\":\"Comment\",\"target\":[\"https:\\\/\\\/leckerekekse.de\\\/wordpress\\\/literaturpreise\\\/#respond\"]}]},{\"@type\":\"WebPage\",\"@id\":\"https:\\\/\\\/leckerekekse.de\\\/wordpress\\\/literaturpreise\\\/\",\"url\":\"https:\\\/\\\/leckerekekse.de\\\/wordpress\\\/literaturpreise\\\/\",\"name\":\"Literaturpreise | Leckere Kekse &amp; mehr\",\"isPartOf\":{\"@id\":\"https:\\\/\\\/leckerekekse.de\\\/wordpress\\\/#website\"},\"primaryImageOfPage\":{\"@id\":\"https:\\\/\\\/leckerekekse.de\\\/wordpress\\\/literaturpreise\\\/#primaryimage\"},\"image\":{\"@id\":\"https:\\\/\\\/leckerekekse.de\\\/wordpress\\\/literaturpreise\\\/#primaryimage\"},\"thumbnailUrl\":\"https:\\\/\\\/leckerekekse.de\\\/wordpress\\\/wp-content\\\/uploads\\\/2015\\\/09\\\/Literaturpreise.jpg\",\"datePublished\":\"2015-09-27T05:00:12+00:00\",\"dateModified\":\"2017-01-05T18:28:02+00:00\",\"description\":\"Ein paar deutsche Literaturpreise und die Kandidaten werden hier vorgestellt. Alle Preise haben einen anderen Focus.\",\"breadcrumb\":{\"@id\":\"https:\\\/\\\/leckerekekse.de\\\/wordpress\\\/literaturpreise\\\/#breadcrumb\"},\"inLanguage\":\"de\",\"potentialAction\":[{\"@type\":\"ReadAction\",\"target\":[\"https:\\\/\\\/leckerekekse.de\\\/wordpress\\\/literaturpreise\\\/\"]}]},{\"@type\":\"ImageObject\",\"inLanguage\":\"de\",\"@id\":\"https:\\\/\\\/leckerekekse.de\\\/wordpress\\\/literaturpreise\\\/#primaryimage\",\"url\":\"https:\\\/\\\/leckerekekse.de\\\/wordpress\\\/wp-content\\\/uploads\\\/2015\\\/09\\\/Literaturpreise.jpg\",\"contentUrl\":\"https:\\\/\\\/leckerekekse.de\\\/wordpress\\\/wp-content\\\/uploads\\\/2015\\\/09\\\/Literaturpreise.jpg\",\"width\":640,\"height\":360},{\"@type\":\"BreadcrumbList\",\"@id\":\"https:\\\/\\\/leckerekekse.de\\\/wordpress\\\/literaturpreise\\\/#breadcrumb\",\"itemListElement\":[{\"@type\":\"ListItem\",\"position\":1,\"name\":\"Home\",\"item\":\"https:\\\/\\\/leckerekekse.de\\\/wordpress\\\/\"},{\"@type\":\"ListItem\",\"position\":2,\"name\":\"Literaturpreise\"}]},{\"@type\":\"WebSite\",\"@id\":\"https:\\\/\\\/leckerekekse.de\\\/wordpress\\\/#website\",\"url\":\"https:\\\/\\\/leckerekekse.de\\\/wordpress\\\/\",\"name\":\"Leckere Kekse &amp; mehr\",\"description\":\"Kekse backen, B\u00fccher lesen und mehr\",\"publisher\":{\"@id\":\"https:\\\/\\\/leckerekekse.de\\\/wordpress\\\/#\\\/schema\\\/person\\\/6e4b2658514a3b7423a1f323400bdc1b\"},\"potentialAction\":[{\"@type\":\"SearchAction\",\"target\":{\"@type\":\"EntryPoint\",\"urlTemplate\":\"https:\\\/\\\/leckerekekse.de\\\/wordpress\\\/?s={search_term_string}\"},\"query-input\":{\"@type\":\"PropertyValueSpecification\",\"valueRequired\":true,\"valueName\":\"search_term_string\"}}],\"inLanguage\":\"de\"},{\"@type\":[\"Person\",\"Organization\"],\"@id\":\"https:\\\/\\\/leckerekekse.de\\\/wordpress\\\/#\\\/schema\\\/person\\\/6e4b2658514a3b7423a1f323400bdc1b\",\"name\":\"Astrid\",\"logo\":{\"@id\":\"https:\\\/\\\/leckerekekse.de\\\/wordpress\\\/#\\\/schema\\\/person\\\/image\\\/\"},\"sameAs\":[\"https:\\\/\\\/leckerekekse.de\\\/wordpress\"]},{\"@type\":\"Person\",\"@id\":\"https:\\\/\\\/leckerekekse.de\\\/wordpress\\\/#\\\/schema\\\/person\\\/aeca9a159c2be36b9bce9092b38c13c8\",\"name\":\"Buchlieberin\",\"sameAs\":[\"https:\\\/\\\/leckerekekse.de\\\/wordpress\"]}]}<\/script>\n<!-- \/ Yoast SEO plugin. -->","yoast_head_json":{"title":"Literaturpreise | Leckere Kekse &amp; mehr","description":"Ein paar deutsche Literaturpreise und die Kandidaten werden hier vorgestellt. Alle Preise haben einen anderen Focus.","robots":{"index":"index","follow":"follow","max-snippet":"max-snippet:-1","max-image-preview":"max-image-preview:large","max-video-preview":"max-video-preview:-1"},"canonical":"https:\/\/leckerekekse.de\/wordpress\/literaturpreise\/","og_locale":"de_DE","og_type":"article","og_title":"Literaturpreise | Leckere Kekse &amp; mehr","og_description":"Ein paar deutsche Literaturpreise und die Kandidaten werden hier vorgestellt. Alle Preise haben einen anderen Focus.","og_url":"https:\/\/leckerekekse.de\/wordpress\/literaturpreise\/","og_site_name":"Leckere Kekse &amp; mehr","article_published_time":"2015-09-27T05:00:12+00:00","article_modified_time":"2017-01-05T18:28:02+00:00","og_image":[{"width":640,"height":360,"url":"https:\/\/leckerekekse.de\/wordpress\/wp-content\/uploads\/2015\/09\/Literaturpreise.jpg","type":"image\/jpeg"}],"author":"Buchlieberin","twitter_misc":{"Verfasst von":"Buchlieberin","Gesch\u00e4tzte Lesezeit":"6\u00a0Minuten"},"schema":{"@context":"https:\/\/schema.org","@graph":[{"@type":"Article","@id":"https:\/\/leckerekekse.de\/wordpress\/literaturpreise\/#article","isPartOf":{"@id":"https:\/\/leckerekekse.de\/wordpress\/literaturpreise\/"},"author":{"name":"Buchlieberin","@id":"https:\/\/leckerekekse.de\/wordpress\/#\/schema\/person\/aeca9a159c2be36b9bce9092b38c13c8"},"headline":"Literaturpreise","datePublished":"2015-09-27T05:00:12+00:00","dateModified":"2017-01-05T18:28:02+00:00","mainEntityOfPage":{"@id":"https:\/\/leckerekekse.de\/wordpress\/literaturpreise\/"},"wordCount":1149,"commentCount":0,"publisher":{"@id":"https:\/\/leckerekekse.de\/wordpress\/#\/schema\/person\/6e4b2658514a3b7423a1f323400bdc1b"},"image":{"@id":"https:\/\/leckerekekse.de\/wordpress\/literaturpreise\/#primaryimage"},"thumbnailUrl":"https:\/\/leckerekekse.de\/wordpress\/wp-content\/uploads\/2015\/09\/Literaturpreise.jpg","keywords":["2015","Belletristik","Erpenbeck","Literaturpreis","Roman"],"articleSection":{"1":"B\u00fccher"},"inLanguage":"de","potentialAction":[{"@type":"CommentAction","name":"Comment","target":["https:\/\/leckerekekse.de\/wordpress\/literaturpreise\/#respond"]}]},{"@type":"WebPage","@id":"https:\/\/leckerekekse.de\/wordpress\/literaturpreise\/","url":"https:\/\/leckerekekse.de\/wordpress\/literaturpreise\/","name":"Literaturpreise | Leckere Kekse &amp; mehr","isPartOf":{"@id":"https:\/\/leckerekekse.de\/wordpress\/#website"},"primaryImageOfPage":{"@id":"https:\/\/leckerekekse.de\/wordpress\/literaturpreise\/#primaryimage"},"image":{"@id":"https:\/\/leckerekekse.de\/wordpress\/literaturpreise\/#primaryimage"},"thumbnailUrl":"https:\/\/leckerekekse.de\/wordpress\/wp-content\/uploads\/2015\/09\/Literaturpreise.jpg","datePublished":"2015-09-27T05:00:12+00:00","dateModified":"2017-01-05T18:28:02+00:00","description":"Ein paar deutsche Literaturpreise und die Kandidaten werden hier vorgestellt. Alle Preise haben einen anderen Focus.","breadcrumb":{"@id":"https:\/\/leckerekekse.de\/wordpress\/literaturpreise\/#breadcrumb"},"inLanguage":"de","potentialAction":[{"@type":"ReadAction","target":["https:\/\/leckerekekse.de\/wordpress\/literaturpreise\/"]}]},{"@type":"ImageObject","inLanguage":"de","@id":"https:\/\/leckerekekse.de\/wordpress\/literaturpreise\/#primaryimage","url":"https:\/\/leckerekekse.de\/wordpress\/wp-content\/uploads\/2015\/09\/Literaturpreise.jpg","contentUrl":"https:\/\/leckerekekse.de\/wordpress\/wp-content\/uploads\/2015\/09\/Literaturpreise.jpg","width":640,"height":360},{"@type":"BreadcrumbList","@id":"https:\/\/leckerekekse.de\/wordpress\/literaturpreise\/#breadcrumb","itemListElement":[{"@type":"ListItem","position":1,"name":"Home","item":"https:\/\/leckerekekse.de\/wordpress\/"},{"@type":"ListItem","position":2,"name":"Literaturpreise"}]},{"@type":"WebSite","@id":"https:\/\/leckerekekse.de\/wordpress\/#website","url":"https:\/\/leckerekekse.de\/wordpress\/","name":"Leckere Kekse &amp; mehr","description":"Kekse backen, B\u00fccher lesen und mehr","publisher":{"@id":"https:\/\/leckerekekse.de\/wordpress\/#\/schema\/person\/6e4b2658514a3b7423a1f323400bdc1b"},"potentialAction":[{"@type":"SearchAction","target":{"@type":"EntryPoint","urlTemplate":"https:\/\/leckerekekse.de\/wordpress\/?s={search_term_string}"},"query-input":{"@type":"PropertyValueSpecification","valueRequired":true,"valueName":"search_term_string"}}],"inLanguage":"de"},{"@type":["Person","Organization"],"@id":"https:\/\/leckerekekse.de\/wordpress\/#\/schema\/person\/6e4b2658514a3b7423a1f323400bdc1b","name":"Astrid","logo":{"@id":"https:\/\/leckerekekse.de\/wordpress\/#\/schema\/person\/image\/"},"sameAs":["https:\/\/leckerekekse.de\/wordpress"]},{"@type":"Person","@id":"https:\/\/leckerekekse.de\/wordpress\/#\/schema\/person\/aeca9a159c2be36b9bce9092b38c13c8","name":"Buchlieberin","sameAs":["https:\/\/leckerekekse.de\/wordpress"]}]}},"_links":{"self":[{"href":"https:\/\/leckerekekse.de\/wordpress\/wp-json\/wp\/v2\/posts\/4227","targetHints":{"allow":["GET"]}}],"collection":[{"href":"https:\/\/leckerekekse.de\/wordpress\/wp-json\/wp\/v2\/posts"}],"about":[{"href":"https:\/\/leckerekekse.de\/wordpress\/wp-json\/wp\/v2\/types\/post"}],"author":[{"embeddable":true,"href":"https:\/\/leckerekekse.de\/wordpress\/wp-json\/wp\/v2\/users\/2"}],"replies":[{"embeddable":true,"href":"https:\/\/leckerekekse.de\/wordpress\/wp-json\/wp\/v2\/comments?post=4227"}],"version-history":[{"count":4,"href":"https:\/\/leckerekekse.de\/wordpress\/wp-json\/wp\/v2\/posts\/4227\/revisions"}],"predecessor-version":[{"id":8065,"href":"https:\/\/leckerekekse.de\/wordpress\/wp-json\/wp\/v2\/posts\/4227\/revisions\/8065"}],"wp:featuredmedia":[{"embeddable":true,"href":"https:\/\/leckerekekse.de\/wordpress\/wp-json\/wp\/v2\/media\/4256"}],"wp:attachment":[{"href":"https:\/\/leckerekekse.de\/wordpress\/wp-json\/wp\/v2\/media?parent=4227"}],"wp:term":[{"taxonomy":"category","embeddable":true,"href":"https:\/\/leckerekekse.de\/wordpress\/wp-json\/wp\/v2\/categories?post=4227"},{"taxonomy":"post_tag","embeddable":true,"href":"https:\/\/leckerekekse.de\/wordpress\/wp-json\/wp\/v2\/tags?post=4227"}],"curies":[{"name":"wp","href":"https:\/\/api.w.org\/{rel}","templated":true}]}}