{"id":4426,"date":"2015-10-19T07:00:21","date_gmt":"2015-10-19T05:00:21","guid":{"rendered":"http:\/\/leckerekekse.de\/wordpress\/?p=4426"},"modified":"2015-10-18T18:44:42","modified_gmt":"2015-10-18T16:44:42","slug":"fbm15","status":"publish","type":"post","link":"https:\/\/leckerekekse.de\/wordpress\/fbm15\/","title":{"rendered":"FBM15"},"content":{"rendered":"<h4>Zwei Tage Buchmesse in Frankfurt<\/h4>\n<p>So durcheinander sieht es auch in meinem Gehirn aus:<\/p>\n<p><a href=\"https:\/\/leckerekekse.de\/wordpress\/wp-content\/uploads\/2015\/10\/Messe_FBM15.jpg\"><img loading=\"lazy\" decoding=\"async\" class=\"aligncenter size-full wp-image-4451\" src=\"https:\/\/leckerekekse.de\/wordpress\/wp-content\/uploads\/2015\/10\/Messe_FBM15.jpg\" alt=\"FBM15\" width=\"640\" height=\"285\" srcset=\"https:\/\/leckerekekse.de\/wordpress\/wp-content\/uploads\/2015\/10\/Messe_FBM15.jpg 640w, https:\/\/leckerekekse.de\/wordpress\/wp-content\/uploads\/2015\/10\/Messe_FBM15-300x134.jpg 300w\" sizes=\"auto, (max-width: 640px) 100vw, 640px\" \/><\/a><\/p>\n<p>Zum gro\u00dfen Teil lie\u00df ich mich einfach treiben, kreuz und quer durch die verschiedenen Hallen. Leider war ich diesmal allein, Astrid konnte nicht dabei sein. Das war schade. Trotzdem habe ich dort viel erlebt und gebe hier einen kurzen Abriss.<\/p>\n<p>Dabei entdeckte ich Dinge die ich mir immer noch nicht ganz erkl\u00e4ren kann:<\/p>\n<p><a href=\"https:\/\/leckerekekse.de\/wordpress\/wp-content\/uploads\/2015\/10\/Cover_Clinic.jpg\"><img loading=\"lazy\" decoding=\"async\" class=\"aligncenter size-full wp-image-4429\" src=\"https:\/\/leckerekekse.de\/wordpress\/wp-content\/uploads\/2015\/10\/Cover_Clinic.jpg\" alt=\"FBM15 Book Cover Clinic\" width=\"482\" height=\"640\" srcset=\"https:\/\/leckerekekse.de\/wordpress\/wp-content\/uploads\/2015\/10\/Cover_Clinic.jpg 482w, https:\/\/leckerekekse.de\/wordpress\/wp-content\/uploads\/2015\/10\/Cover_Clinic-226x300.jpg 226w\" sizes=\"auto, (max-width: 482px) 100vw, 482px\" \/><\/a><br \/>\n<!--more-->Sch\u00f6ne Regale<\/p>\n<p><a href=\"https:\/\/leckerekekse.de\/wordpress\/wp-content\/uploads\/2015\/10\/Regal.jpg\"><img loading=\"lazy\" decoding=\"async\" class=\"aligncenter size-full wp-image-4430\" src=\"https:\/\/leckerekekse.de\/wordpress\/wp-content\/uploads\/2015\/10\/Regal.jpg\" alt=\"Ullstein Regal FBM15\" width=\"478\" height=\"640\" srcset=\"https:\/\/leckerekekse.de\/wordpress\/wp-content\/uploads\/2015\/10\/Regal.jpg 478w, https:\/\/leckerekekse.de\/wordpress\/wp-content\/uploads\/2015\/10\/Regal-224x300.jpg 224w\" sizes=\"auto, (max-width: 478px) 100vw, 478px\" \/><\/a><\/p>\n<p>h\u00fcbsche Non-Book-Artikel<\/p>\n<p><a href=\"https:\/\/leckerekekse.de\/wordpress\/wp-content\/uploads\/2015\/10\/Kartons.jpg\"><img loading=\"lazy\" decoding=\"async\" class=\"aligncenter size-full wp-image-4431\" src=\"https:\/\/leckerekekse.de\/wordpress\/wp-content\/uploads\/2015\/10\/Kartons.jpg\" alt=\"FBM15 Kartonstapel\" width=\"481\" height=\"640\" srcset=\"https:\/\/leckerekekse.de\/wordpress\/wp-content\/uploads\/2015\/10\/Kartons.jpg 481w, https:\/\/leckerekekse.de\/wordpress\/wp-content\/uploads\/2015\/10\/Kartons-225x300.jpg 225w\" sizes=\"auto, (max-width: 481px) 100vw, 481px\" \/><\/a><\/p>\n<p>Eine traumhafte Geburtstagstorte<\/p>\n<p><a href=\"https:\/\/leckerekekse.de\/wordpress\/wp-content\/uploads\/2015\/10\/Torte.jpg\"><img loading=\"lazy\" decoding=\"async\" class=\"aligncenter size-full wp-image-4439\" src=\"https:\/\/leckerekekse.de\/wordpress\/wp-content\/uploads\/2015\/10\/Torte.jpg\" alt=\"fbm15 Torte Geburtstag Buch\" width=\"481\" height=\"640\" srcset=\"https:\/\/leckerekekse.de\/wordpress\/wp-content\/uploads\/2015\/10\/Torte.jpg 481w, https:\/\/leckerekekse.de\/wordpress\/wp-content\/uploads\/2015\/10\/Torte-225x300.jpg 225w\" sizes=\"auto, (max-width: 481px) 100vw, 481px\" \/><\/a><\/p>\n<p>Promis, wenn sie zum Teil auch nur im Buch-Universum prominent sind<\/p>\n<p><a href=\"https:\/\/leckerekekse.de\/wordpress\/wp-content\/uploads\/2015\/10\/Promis_FBM15.jpg\"><img loading=\"lazy\" decoding=\"async\" class=\"aligncenter size-full wp-image-4441\" src=\"https:\/\/leckerekekse.de\/wordpress\/wp-content\/uploads\/2015\/10\/Promis_FBM15.jpg\" alt=\"Promis FB;15 Sawatzki Karla Paul Helge Schneider Charlotte Roche\" width=\"640\" height=\"360\" srcset=\"https:\/\/leckerekekse.de\/wordpress\/wp-content\/uploads\/2015\/10\/Promis_FBM15.jpg 640w, https:\/\/leckerekekse.de\/wordpress\/wp-content\/uploads\/2015\/10\/Promis_FBM15-300x169.jpg 300w\" sizes=\"auto, (max-width: 640px) 100vw, 640px\" \/><\/a><\/p>\n<p>Lieblingsautoren<\/p>\n<p><a href=\"https:\/\/leckerekekse.de\/wordpress\/wp-content\/uploads\/2015\/10\/Enquist_Moster.jpg\"><img loading=\"lazy\" decoding=\"async\" class=\"aligncenter size-full wp-image-4442\" src=\"https:\/\/leckerekekse.de\/wordpress\/wp-content\/uploads\/2015\/10\/Enquist_Moster.jpg\" alt=\"FBM15 Anna Enquist Stefan Moster\" width=\"640\" height=\"360\" srcset=\"https:\/\/leckerekekse.de\/wordpress\/wp-content\/uploads\/2015\/10\/Enquist_Moster.jpg 640w, https:\/\/leckerekekse.de\/wordpress\/wp-content\/uploads\/2015\/10\/Enquist_Moster-300x169.jpg 300w\" sizes=\"auto, (max-width: 640px) 100vw, 640px\" \/><\/a><\/p>\n<p>Ich kam mir dabei ein wenig vor wie ein Groupie. Die B\u00fccher von <a href=\"http:\/\/www.mare.de\/index.php?article_id=1591\" target=\"_blank\">Stefan Moster<\/a> finde ich klasse und freue mich auf das neue, das Anfang n\u00e4chsten Jahres erscheinen wird. Das neue Buch von Anna Enquist, <a href=\"http:\/\/www.randomhouse.de\/Buch\/Streichquartett-Roman\/Anna-Enquist\/e472497.rhd?mid=8\" target=\"_blank\">Streichquartett<\/a> lese ich gerade. Leider war dieses Interview auf dem blauen Sofa nicht so gelungen. Es fand auf deutsch statt. die Moderatorin artikulierte \u00fcberdeutlich und ich hatte das Gef\u00fchl, das sie versuchte in einfachen Worten zu sprechen, was alles etwas steif wirken liess.<\/p>\n<p>Au\u00dferdem habe ich Interviews an mehreren Verlagsst\u00e4nden gef\u00fchrt. Mehr zu den Inhalten wird es in weiteren Blogbeitr\u00e4gen geben:<\/p>\n<p><a href=\"https:\/\/leckerekekse.de\/wordpress\/wp-content\/uploads\/2015\/10\/Verlage.jpg\"><img loading=\"lazy\" decoding=\"async\" class=\"aligncenter size-full wp-image-4444\" src=\"https:\/\/leckerekekse.de\/wordpress\/wp-content\/uploads\/2015\/10\/Verlage.jpg\" alt=\"FBM15 mareverlag Mattheis und Seitz Wallstein Dr\u00f6schl\" width=\"640\" height=\"285\" srcset=\"https:\/\/leckerekekse.de\/wordpress\/wp-content\/uploads\/2015\/10\/Verlage.jpg 640w, https:\/\/leckerekekse.de\/wordpress\/wp-content\/uploads\/2015\/10\/Verlage-300x134.jpg 300w\" sizes=\"auto, (max-width: 640px) 100vw, 640px\" \/><\/a><\/p>\n<p>Ich schaute mir nat\u00fcrlich auch die Pr\u00e4sentation des Gastlandes Indonesien an<\/p>\n<p><a href=\"https:\/\/leckerekekse.de\/wordpress\/wp-content\/uploads\/2015\/10\/Indonesien.jpg\"><img loading=\"lazy\" decoding=\"async\" class=\"aligncenter size-full wp-image-4432\" src=\"https:\/\/leckerekekse.de\/wordpress\/wp-content\/uploads\/2015\/10\/Indonesien.jpg\" alt=\"fbm15 indonesien gastland\" width=\"640\" height=\"480\" srcset=\"https:\/\/leckerekekse.de\/wordpress\/wp-content\/uploads\/2015\/10\/Indonesien.jpg 640w, https:\/\/leckerekekse.de\/wordpress\/wp-content\/uploads\/2015\/10\/Indonesien-300x225.jpg 300w\" sizes=\"auto, (max-width: 640px) 100vw, 640px\" \/><\/a><\/p>\n<p>Passend dazu gab es im Orbanism Space die Pr\u00e4sentation des Buches einer indonesischen Autorin durch die Autorin und Verlegerin Zoe Beck. Vorgestellt wurde das Buch &#8222;<a href=\"http:\/\/www.culturbooks.de\/portfolio\/ratih-kumala-das-zigarettenmaedchen-roman\/\" target=\"_blank\">Das Zigarettenm\u00e4dchen<\/a>&#8220; von Ratih Kumala. Sie las kleine St\u00fccke auf indonesisch, was sich sehr sch\u00f6n anh\u00f6rte.<\/p>\n<p><a href=\"https:\/\/leckerekekse.de\/wordpress\/wp-content\/uploads\/2015\/10\/Zigarettenmaedchen.jpg\"><img loading=\"lazy\" decoding=\"async\" class=\"aligncenter size-full wp-image-4433\" src=\"https:\/\/leckerekekse.de\/wordpress\/wp-content\/uploads\/2015\/10\/Zigarettenmaedchen.jpg\" alt=\"fbm15 Zoe beck Zigarettenmaedchen\" width=\"640\" height=\"480\" srcset=\"https:\/\/leckerekekse.de\/wordpress\/wp-content\/uploads\/2015\/10\/Zigarettenmaedchen.jpg 640w, https:\/\/leckerekekse.de\/wordpress\/wp-content\/uploads\/2015\/10\/Zigarettenmaedchen-300x225.jpg 300w\" sizes=\"auto, (max-width: 640px) 100vw, 640px\" \/><\/a><\/p>\n<p>Anekdote: Samstag Mittag traf ich Zoe Beck in einer verzweigten Stra\u00dfenunterf\u00fchrung in der Frankfurter Innenstadt. Ich quatschte sie einfach an. Sie gab mir direkt die Hand und war heilfroh, dass meine Frankfurter Begleitung ihr den gesuchten Weg erkl\u00e4ren konnte. Eine Frau mit viel Ausstrahlung.<\/p>\n<p>Im Orbanism war auch das Bloggertreffen am Freitag, auf dem ich einige nette Unterhaltungen f\u00fchren konnte. Direkt gefolgt vom Treffen f\u00fcr Blogger mit Vertretern und Autoren von Hanser, Fischer und Suhrkamp. Es gab eine Podiumsdiskussion, deren Themen sp\u00e4ter in intensiven Gespr\u00e4chen in kleineren Gruppen fortgef\u00fchrt werden konnte. Da konnte ich zum Beispiel mit Clemens Setz \u00fcber sein Buch plaudern oder mit Bloggern und Verlagsvertretern \u00fcber die M\u00f6glichkeit der Werbung auf Blogs diskutieren. Dieses Thema wird sicher auch noch weiter im Netz diskutiert werden.<\/p>\n<p>Es gab noch Kuchen und Getr\u00e4nke. Auch bei diesem Termin hatte ich das Gef\u00fchl als Blogger ernst genommen zu werden. Selbst ich, von einem kleinen Blog kommend, wurde interessiert an den Verlagsst\u00e4nden empfangen und so habe ich viele intensive Gespr\u00e4che gef\u00fchrt.<\/p>\n<p>Mein Fazit: Verlage und Autoren sind interessiert an der Buch-Blogger-Szene und zur Zusammenarbeit bereit: los geht\u2019s!<\/p>\n<p>Als letzten Veranstaltungspunkt beobachtete ich am SZ-Stand ein Interview mit Heinz Helle, dessen neues Buch mich auch sehr interessiert. Im Anschluss daran sah ich den Journalisten, Lothar M\u00fcller, der das Gespr\u00e4ch f\u00fchrte, an der U-Bahn stehen, quatschte ihn an und erfuhr so noch ein paar Details \u00fcber den Autor.<\/p>\n<p><a href=\"https:\/\/leckerekekse.de\/wordpress\/wp-content\/uploads\/2015\/10\/Heinz_Helle.jpg\"><img loading=\"lazy\" decoding=\"async\" class=\"aligncenter size-full wp-image-4435\" src=\"https:\/\/leckerekekse.de\/wordpress\/wp-content\/uploads\/2015\/10\/Heinz_Helle.jpg\" alt=\"Heinz Helle FBM15 \" width=\"640\" height=\"480\" srcset=\"https:\/\/leckerekekse.de\/wordpress\/wp-content\/uploads\/2015\/10\/Heinz_Helle.jpg 640w, https:\/\/leckerekekse.de\/wordpress\/wp-content\/uploads\/2015\/10\/Heinz_Helle-300x225.jpg 300w\" sizes=\"auto, (max-width: 640px) 100vw, 640px\" \/><\/a><\/p>\n<p>Ausklingen lie\u00df ich den Abend bei Tapas und Wein in der \u201eWei\u00dfen Lilie\u201c und konnte mit meinen Begleitungen auch mal \u00fcber etwas anderes als B\u00fccher reden\u2026<\/p>\n<p><a href=\"https:\/\/leckerekekse.de\/wordpress\/wp-content\/uploads\/2015\/10\/kerze.jpg\"><img loading=\"lazy\" decoding=\"async\" class=\"aligncenter size-full wp-image-4436\" src=\"https:\/\/leckerekekse.de\/wordpress\/wp-content\/uploads\/2015\/10\/kerze.jpg\" alt=\"fbm15 feierabend\" width=\"481\" height=\"640\" srcset=\"https:\/\/leckerekekse.de\/wordpress\/wp-content\/uploads\/2015\/10\/kerze.jpg 481w, https:\/\/leckerekekse.de\/wordpress\/wp-content\/uploads\/2015\/10\/kerze-225x300.jpg 225w\" sizes=\"auto, (max-width: 481px) 100vw, 481px\" \/><\/a><\/p>\n<p>Es waren zwei abwechslungsreiche, anstrengende Tage mit unheimlich vielen Eindr\u00fccken, die ich erst mal f\u00fcr mich sortieren muss. Ich bedauere jetzt schon, dass ich n\u00e4chstes Jahr wahrscheinlich weder die Leipziger noch die Frankfurter Buchmesse besuchen kann. Da muss ich von Euren Messeberichten zehren.<br \/>\n\u264c<\/p>\n","protected":false},"excerpt":{"rendered":"<p>Zwei Tage Buchmesse in Frankfurt So durcheinander sieht es auch in meinem Gehirn aus: Zum gro\u00dfen Teil lie\u00df ich mich einfach treiben, kreuz und quer durch die verschiedenen Hallen. Leider war ich diesmal allein, Astrid konnte nicht dabei sein. Das war schade. Trotzdem habe ich dort viel erlebt und gebe hier einen kurzen Abriss. Dabei [&hellip;]<\/p>\n","protected":false},"author":2,"featured_media":4451,"comment_status":"open","ping_status":"open","sticky":false,"template":"","format":"standard","meta":{"footnotes":""},"categories":[1,3,19],"tags":[434,440,620,621,457],"class_list":["post-4426","post","type-post","status-publish","format-standard","has-post-thumbnail","hentry","category-allgemein","category-buecher","category-veranstaltungen","tag-blogger","tag-buchmesse","tag-fbm15","tag-frankfurt","tag-literatur"],"yoast_head":"<!-- This site is optimized with the Yoast SEO plugin v27.4 - https:\/\/yoast.com\/product\/yoast-seo-wordpress\/ -->\n<title>FBM15 | Leckere Kekse &amp; mehr<\/title>\n<meta name=\"description\" content=\"FBM15 = Frankfurter Buchmesse 2015, viele Eindr\u00fccke, tolle Gespr\u00e4che verarbeitet als Messebericht. Nur einige der Ereignisse konnten Erw\u00e4hnung finden.\" \/>\n<meta name=\"robots\" content=\"index, follow, max-snippet:-1, max-image-preview:large, max-video-preview:-1\" \/>\n<link rel=\"canonical\" href=\"https:\/\/leckerekekse.de\/wordpress\/fbm15\/\" \/>\n<meta property=\"og:locale\" content=\"de_DE\" \/>\n<meta property=\"og:type\" content=\"article\" \/>\n<meta property=\"og:title\" content=\"FBM15 | Leckere Kekse &amp; mehr\" \/>\n<meta property=\"og:description\" content=\"FBM15 = Frankfurter Buchmesse 2015, viele Eindr\u00fccke, tolle Gespr\u00e4che verarbeitet als Messebericht. Nur einige der Ereignisse konnten Erw\u00e4hnung finden.\" \/>\n<meta property=\"og:url\" content=\"https:\/\/leckerekekse.de\/wordpress\/fbm15\/\" \/>\n<meta property=\"og:site_name\" content=\"Leckere Kekse &amp; mehr\" \/>\n<meta property=\"article:published_time\" content=\"2015-10-19T05:00:21+00:00\" \/>\n<meta property=\"og:image\" content=\"https:\/\/leckerekekse.de\/wordpress\/wp-content\/uploads\/2015\/10\/Messe_FBM15.jpg\" \/>\n\t<meta property=\"og:image:width\" content=\"640\" \/>\n\t<meta property=\"og:image:height\" content=\"285\" \/>\n\t<meta property=\"og:image:type\" content=\"image\/jpeg\" \/>\n<meta name=\"author\" content=\"Buchlieberin\" \/>\n<meta name=\"twitter:label1\" content=\"Verfasst von\" \/>\n\t<meta name=\"twitter:data1\" content=\"Buchlieberin\" \/>\n\t<meta name=\"twitter:label2\" content=\"Gesch\u00e4tzte Lesezeit\" \/>\n\t<meta name=\"twitter:data2\" content=\"3\u00a0Minuten\" \/>\n<script type=\"application\/ld+json\" class=\"yoast-schema-graph\">{\"@context\":\"https:\\\/\\\/schema.org\",\"@graph\":[{\"@type\":\"Article\",\"@id\":\"https:\\\/\\\/leckerekekse.de\\\/wordpress\\\/fbm15\\\/#article\",\"isPartOf\":{\"@id\":\"https:\\\/\\\/leckerekekse.de\\\/wordpress\\\/fbm15\\\/\"},\"author\":{\"name\":\"Buchlieberin\",\"@id\":\"https:\\\/\\\/leckerekekse.de\\\/wordpress\\\/#\\\/schema\\\/person\\\/aeca9a159c2be36b9bce9092b38c13c8\"},\"headline\":\"FBM15\",\"datePublished\":\"2015-10-19T05:00:21+00:00\",\"mainEntityOfPage\":{\"@id\":\"https:\\\/\\\/leckerekekse.de\\\/wordpress\\\/fbm15\\\/\"},\"wordCount\":579,\"commentCount\":8,\"publisher\":{\"@id\":\"https:\\\/\\\/leckerekekse.de\\\/wordpress\\\/#\\\/schema\\\/person\\\/6e4b2658514a3b7423a1f323400bdc1b\"},\"image\":{\"@id\":\"https:\\\/\\\/leckerekekse.de\\\/wordpress\\\/fbm15\\\/#primaryimage\"},\"thumbnailUrl\":\"https:\\\/\\\/leckerekekse.de\\\/wordpress\\\/wp-content\\\/uploads\\\/2015\\\/10\\\/Messe_FBM15.jpg\",\"keywords\":[\"Blogger\",\"Buchmesse\",\"FBM15\",\"Frankfurt\",\"Literatur\"],\"articleSection\":{\"1\":\"B\u00fccher\",\"2\":\"Veranstaltungen\"},\"inLanguage\":\"de\",\"potentialAction\":[{\"@type\":\"CommentAction\",\"name\":\"Comment\",\"target\":[\"https:\\\/\\\/leckerekekse.de\\\/wordpress\\\/fbm15\\\/#respond\"]}]},{\"@type\":\"WebPage\",\"@id\":\"https:\\\/\\\/leckerekekse.de\\\/wordpress\\\/fbm15\\\/\",\"url\":\"https:\\\/\\\/leckerekekse.de\\\/wordpress\\\/fbm15\\\/\",\"name\":\"FBM15 | Leckere Kekse &amp; mehr\",\"isPartOf\":{\"@id\":\"https:\\\/\\\/leckerekekse.de\\\/wordpress\\\/#website\"},\"primaryImageOfPage\":{\"@id\":\"https:\\\/\\\/leckerekekse.de\\\/wordpress\\\/fbm15\\\/#primaryimage\"},\"image\":{\"@id\":\"https:\\\/\\\/leckerekekse.de\\\/wordpress\\\/fbm15\\\/#primaryimage\"},\"thumbnailUrl\":\"https:\\\/\\\/leckerekekse.de\\\/wordpress\\\/wp-content\\\/uploads\\\/2015\\\/10\\\/Messe_FBM15.jpg\",\"datePublished\":\"2015-10-19T05:00:21+00:00\",\"description\":\"FBM15 = Frankfurter Buchmesse 2015, viele Eindr\u00fccke, tolle Gespr\u00e4che verarbeitet als Messebericht. Nur einige der Ereignisse konnten Erw\u00e4hnung finden.\",\"breadcrumb\":{\"@id\":\"https:\\\/\\\/leckerekekse.de\\\/wordpress\\\/fbm15\\\/#breadcrumb\"},\"inLanguage\":\"de\",\"potentialAction\":[{\"@type\":\"ReadAction\",\"target\":[\"https:\\\/\\\/leckerekekse.de\\\/wordpress\\\/fbm15\\\/\"]}]},{\"@type\":\"ImageObject\",\"inLanguage\":\"de\",\"@id\":\"https:\\\/\\\/leckerekekse.de\\\/wordpress\\\/fbm15\\\/#primaryimage\",\"url\":\"https:\\\/\\\/leckerekekse.de\\\/wordpress\\\/wp-content\\\/uploads\\\/2015\\\/10\\\/Messe_FBM15.jpg\",\"contentUrl\":\"https:\\\/\\\/leckerekekse.de\\\/wordpress\\\/wp-content\\\/uploads\\\/2015\\\/10\\\/Messe_FBM15.jpg\",\"width\":640,\"height\":285,\"caption\":\"FBM15\"},{\"@type\":\"BreadcrumbList\",\"@id\":\"https:\\\/\\\/leckerekekse.de\\\/wordpress\\\/fbm15\\\/#breadcrumb\",\"itemListElement\":[{\"@type\":\"ListItem\",\"position\":1,\"name\":\"Home\",\"item\":\"https:\\\/\\\/leckerekekse.de\\\/wordpress\\\/\"},{\"@type\":\"ListItem\",\"position\":2,\"name\":\"FBM15\"}]},{\"@type\":\"WebSite\",\"@id\":\"https:\\\/\\\/leckerekekse.de\\\/wordpress\\\/#website\",\"url\":\"https:\\\/\\\/leckerekekse.de\\\/wordpress\\\/\",\"name\":\"Leckere Kekse &amp; mehr\",\"description\":\"Kekse backen, B\u00fccher lesen und mehr\",\"publisher\":{\"@id\":\"https:\\\/\\\/leckerekekse.de\\\/wordpress\\\/#\\\/schema\\\/person\\\/6e4b2658514a3b7423a1f323400bdc1b\"},\"potentialAction\":[{\"@type\":\"SearchAction\",\"target\":{\"@type\":\"EntryPoint\",\"urlTemplate\":\"https:\\\/\\\/leckerekekse.de\\\/wordpress\\\/?s={search_term_string}\"},\"query-input\":{\"@type\":\"PropertyValueSpecification\",\"valueRequired\":true,\"valueName\":\"search_term_string\"}}],\"inLanguage\":\"de\"},{\"@type\":[\"Person\",\"Organization\"],\"@id\":\"https:\\\/\\\/leckerekekse.de\\\/wordpress\\\/#\\\/schema\\\/person\\\/6e4b2658514a3b7423a1f323400bdc1b\",\"name\":\"Astrid\",\"logo\":{\"@id\":\"https:\\\/\\\/leckerekekse.de\\\/wordpress\\\/#\\\/schema\\\/person\\\/image\\\/\"},\"sameAs\":[\"https:\\\/\\\/leckerekekse.de\\\/wordpress\"]},{\"@type\":\"Person\",\"@id\":\"https:\\\/\\\/leckerekekse.de\\\/wordpress\\\/#\\\/schema\\\/person\\\/aeca9a159c2be36b9bce9092b38c13c8\",\"name\":\"Buchlieberin\",\"sameAs\":[\"https:\\\/\\\/leckerekekse.de\\\/wordpress\"]}]}<\/script>\n<!-- \/ Yoast SEO plugin. -->","yoast_head_json":{"title":"FBM15 | Leckere Kekse &amp; mehr","description":"FBM15 = Frankfurter Buchmesse 2015, viele Eindr\u00fccke, tolle Gespr\u00e4che verarbeitet als Messebericht. Nur einige der Ereignisse konnten Erw\u00e4hnung finden.","robots":{"index":"index","follow":"follow","max-snippet":"max-snippet:-1","max-image-preview":"max-image-preview:large","max-video-preview":"max-video-preview:-1"},"canonical":"https:\/\/leckerekekse.de\/wordpress\/fbm15\/","og_locale":"de_DE","og_type":"article","og_title":"FBM15 | Leckere Kekse &amp; mehr","og_description":"FBM15 = Frankfurter Buchmesse 2015, viele Eindr\u00fccke, tolle Gespr\u00e4che verarbeitet als Messebericht. Nur einige der Ereignisse konnten Erw\u00e4hnung finden.","og_url":"https:\/\/leckerekekse.de\/wordpress\/fbm15\/","og_site_name":"Leckere Kekse &amp; mehr","article_published_time":"2015-10-19T05:00:21+00:00","og_image":[{"width":640,"height":285,"url":"https:\/\/leckerekekse.de\/wordpress\/wp-content\/uploads\/2015\/10\/Messe_FBM15.jpg","type":"image\/jpeg"}],"author":"Buchlieberin","twitter_misc":{"Verfasst von":"Buchlieberin","Gesch\u00e4tzte Lesezeit":"3\u00a0Minuten"},"schema":{"@context":"https:\/\/schema.org","@graph":[{"@type":"Article","@id":"https:\/\/leckerekekse.de\/wordpress\/fbm15\/#article","isPartOf":{"@id":"https:\/\/leckerekekse.de\/wordpress\/fbm15\/"},"author":{"name":"Buchlieberin","@id":"https:\/\/leckerekekse.de\/wordpress\/#\/schema\/person\/aeca9a159c2be36b9bce9092b38c13c8"},"headline":"FBM15","datePublished":"2015-10-19T05:00:21+00:00","mainEntityOfPage":{"@id":"https:\/\/leckerekekse.de\/wordpress\/fbm15\/"},"wordCount":579,"commentCount":8,"publisher":{"@id":"https:\/\/leckerekekse.de\/wordpress\/#\/schema\/person\/6e4b2658514a3b7423a1f323400bdc1b"},"image":{"@id":"https:\/\/leckerekekse.de\/wordpress\/fbm15\/#primaryimage"},"thumbnailUrl":"https:\/\/leckerekekse.de\/wordpress\/wp-content\/uploads\/2015\/10\/Messe_FBM15.jpg","keywords":["Blogger","Buchmesse","FBM15","Frankfurt","Literatur"],"articleSection":{"1":"B\u00fccher","2":"Veranstaltungen"},"inLanguage":"de","potentialAction":[{"@type":"CommentAction","name":"Comment","target":["https:\/\/leckerekekse.de\/wordpress\/fbm15\/#respond"]}]},{"@type":"WebPage","@id":"https:\/\/leckerekekse.de\/wordpress\/fbm15\/","url":"https:\/\/leckerekekse.de\/wordpress\/fbm15\/","name":"FBM15 | Leckere Kekse &amp; mehr","isPartOf":{"@id":"https:\/\/leckerekekse.de\/wordpress\/#website"},"primaryImageOfPage":{"@id":"https:\/\/leckerekekse.de\/wordpress\/fbm15\/#primaryimage"},"image":{"@id":"https:\/\/leckerekekse.de\/wordpress\/fbm15\/#primaryimage"},"thumbnailUrl":"https:\/\/leckerekekse.de\/wordpress\/wp-content\/uploads\/2015\/10\/Messe_FBM15.jpg","datePublished":"2015-10-19T05:00:21+00:00","description":"FBM15 = Frankfurter Buchmesse 2015, viele Eindr\u00fccke, tolle Gespr\u00e4che verarbeitet als Messebericht. Nur einige der Ereignisse konnten Erw\u00e4hnung finden.","breadcrumb":{"@id":"https:\/\/leckerekekse.de\/wordpress\/fbm15\/#breadcrumb"},"inLanguage":"de","potentialAction":[{"@type":"ReadAction","target":["https:\/\/leckerekekse.de\/wordpress\/fbm15\/"]}]},{"@type":"ImageObject","inLanguage":"de","@id":"https:\/\/leckerekekse.de\/wordpress\/fbm15\/#primaryimage","url":"https:\/\/leckerekekse.de\/wordpress\/wp-content\/uploads\/2015\/10\/Messe_FBM15.jpg","contentUrl":"https:\/\/leckerekekse.de\/wordpress\/wp-content\/uploads\/2015\/10\/Messe_FBM15.jpg","width":640,"height":285,"caption":"FBM15"},{"@type":"BreadcrumbList","@id":"https:\/\/leckerekekse.de\/wordpress\/fbm15\/#breadcrumb","itemListElement":[{"@type":"ListItem","position":1,"name":"Home","item":"https:\/\/leckerekekse.de\/wordpress\/"},{"@type":"ListItem","position":2,"name":"FBM15"}]},{"@type":"WebSite","@id":"https:\/\/leckerekekse.de\/wordpress\/#website","url":"https:\/\/leckerekekse.de\/wordpress\/","name":"Leckere Kekse &amp; mehr","description":"Kekse backen, B\u00fccher lesen und mehr","publisher":{"@id":"https:\/\/leckerekekse.de\/wordpress\/#\/schema\/person\/6e4b2658514a3b7423a1f323400bdc1b"},"potentialAction":[{"@type":"SearchAction","target":{"@type":"EntryPoint","urlTemplate":"https:\/\/leckerekekse.de\/wordpress\/?s={search_term_string}"},"query-input":{"@type":"PropertyValueSpecification","valueRequired":true,"valueName":"search_term_string"}}],"inLanguage":"de"},{"@type":["Person","Organization"],"@id":"https:\/\/leckerekekse.de\/wordpress\/#\/schema\/person\/6e4b2658514a3b7423a1f323400bdc1b","name":"Astrid","logo":{"@id":"https:\/\/leckerekekse.de\/wordpress\/#\/schema\/person\/image\/"},"sameAs":["https:\/\/leckerekekse.de\/wordpress"]},{"@type":"Person","@id":"https:\/\/leckerekekse.de\/wordpress\/#\/schema\/person\/aeca9a159c2be36b9bce9092b38c13c8","name":"Buchlieberin","sameAs":["https:\/\/leckerekekse.de\/wordpress"]}]}},"_links":{"self":[{"href":"https:\/\/leckerekekse.de\/wordpress\/wp-json\/wp\/v2\/posts\/4426","targetHints":{"allow":["GET"]}}],"collection":[{"href":"https:\/\/leckerekekse.de\/wordpress\/wp-json\/wp\/v2\/posts"}],"about":[{"href":"https:\/\/leckerekekse.de\/wordpress\/wp-json\/wp\/v2\/types\/post"}],"author":[{"embeddable":true,"href":"https:\/\/leckerekekse.de\/wordpress\/wp-json\/wp\/v2\/users\/2"}],"replies":[{"embeddable":true,"href":"https:\/\/leckerekekse.de\/wordpress\/wp-json\/wp\/v2\/comments?post=4426"}],"version-history":[{"count":3,"href":"https:\/\/leckerekekse.de\/wordpress\/wp-json\/wp\/v2\/posts\/4426\/revisions"}],"predecessor-version":[{"id":4452,"href":"https:\/\/leckerekekse.de\/wordpress\/wp-json\/wp\/v2\/posts\/4426\/revisions\/4452"}],"wp:featuredmedia":[{"embeddable":true,"href":"https:\/\/leckerekekse.de\/wordpress\/wp-json\/wp\/v2\/media\/4451"}],"wp:attachment":[{"href":"https:\/\/leckerekekse.de\/wordpress\/wp-json\/wp\/v2\/media?parent=4426"}],"wp:term":[{"taxonomy":"category","embeddable":true,"href":"https:\/\/leckerekekse.de\/wordpress\/wp-json\/wp\/v2\/categories?post=4426"},{"taxonomy":"post_tag","embeddable":true,"href":"https:\/\/leckerekekse.de\/wordpress\/wp-json\/wp\/v2\/tags?post=4426"}],"curies":[{"name":"wp","href":"https:\/\/api.w.org\/{rel}","templated":true}]}}