{"id":5192,"date":"2016-02-11T07:00:56","date_gmt":"2016-02-11T05:00:56","guid":{"rendered":"http:\/\/leckerekekse.de\/wordpress\/?p=5192"},"modified":"2016-02-08T10:13:11","modified_gmt":"2016-02-08T08:13:11","slug":"5192-2","status":"publish","type":"post","link":"https:\/\/leckerekekse.de\/wordpress\/5192-2\/","title":{"rendered":"Joachim Meyerhoff: Wann wird es endlich wieder so, wie es nie war"},"content":{"rendered":"<h3>Das Buch zum Keks<\/h3>\n<p><img loading=\"lazy\" decoding=\"async\" class=\"aligncenter size-full wp-image-5326\" src=\"https:\/\/leckerekekse.de\/wordpress\/wp-content\/uploads\/2016\/02\/meyerhoffbuch.jpg\" alt=\"Meyerhoff: Wann wird es endlich wieder so wie es nie war\" width=\"640\" height=\"427\" srcset=\"https:\/\/leckerekekse.de\/wordpress\/wp-content\/uploads\/2016\/02\/meyerhoffbuch.jpg 640w, https:\/\/leckerekekse.de\/wordpress\/wp-content\/uploads\/2016\/02\/meyerhoffbuch-300x200.jpg 300w\" sizes=\"auto, (max-width: 640px) 100vw, 640px\" \/><\/p>\n<p>Meine pers\u00f6nliche Meyerhoff-L\u00fccke habe ich mit diesem Buch geschlossen. Den ersten Band \u201eAlle Toten fliegen hoch\u201c habe ich vor langer Zeit gelesen und im Dezember letzten Jahres <a href=\"https:\/\/leckerekekse.de\/wordpress\/joachim-meyerhoff-ach-diese-luecke-diese-entsetzliche-luecke\/\" target=\"_blank\">Band 3 \u201eAch diese L\u00fccke, diese entsetzliche L\u00fccke\u201c<\/a><\/p>\n<p>Meyerhoff kehrt in diesem Buch zur\u00fcck in seine Kindheit. Sein Vater war Direktor der Kinder- und Jugendpsychiatrie in Schleswig in Norddeutschland. Das Wohnhaus der Familie stand mitten auf dem Krankenhausgel\u00e4nde. F\u00fcr den kleinen Meyerhoff war das v\u00f6llig normal, f\u00fcr den Leser eher ungew\u00f6hnlich.<!--more--><\/p>\n<p>Wieder erz\u00e4hlt Meyerhoff ausf\u00fchrlich von vielen kleinen und gro\u00dfen Erinnerungen, komisch, traurig, r\u00fchrend, spannend.<\/p>\n<h3>Interessante Einblicke<\/h3>\n<p>Das Buch bietet interessante Einblicke in die Irrenanstalt der 70er und 80er Jahre, in das Familienleben mit Eltern, den beiden \u00e4lteren Br\u00fcdern und dem Hund. Sind die ersten Jahre wieder sehr humorvoll erz\u00e4hlt, wird es zum Ende hin sehr traurig.<\/p>\n<p>Im Vordergrund steht sein Vater. Intelligent, sehr belesen,\u00a0 ein absoluter Theoretiker. Wundersch\u00f6n und nachvollziehbar erz\u00e4hlt der Autor von einer T\u00fcrkeireise, die er ohne Familie unternommen hat. Wieder zu Hause hat sein Vater Mengen an B\u00fcchern \u00fcber die T\u00fcrkei gelesen und st\u00f6\u00dft seinen Sohn mit diesem Wissen total vor den Kopf.<\/p>\n<p>Dieser Vater hatte viele Ideen. Und wenn eine neue Idee kam, wurde der Vater zum Profi. Er besorgte sich B\u00fccher und abonnierte Zeitschriften. Die Umsetzung war nicht sein Ding und so wurden die Kinder und die Mutter instruiert. So hatte er Zeit, sich neuen Interessen zu widmen.<\/p>\n<p>Besonders am\u00fcsieren konnte ich mich \u00fcber das Segelkapitel. Da kauft der Vater aus lauter Begeisterung eine Segelyacht, bevor er \u00fcberhaupt einmal auf dem Wasser war und noch nicht einmal seinen Segelschein bestanden hat.<\/p>\n<p>Die \u00a0Psychiatrie spielt eine gro\u00dfe Rolle in diesem Buch. Die Familie lebt auf dem gro\u00dfen Grundst\u00fcck und wird in den Betrieb mit einbezogen. Sie kennen die Patienten, zum Geburtstag des Vater werden einige eingeladen, der kleine Sohn hat hier mehr Spielkameraden als in der Schule und bei Feierlichkeiten ist die ganze Familie involviert.<\/p>\n<p>Vor der Lekt\u00fcre dieses Buches war mir nicht klar, dass ich auch ein wenig zur\u00fcckkehre in meine eigene Kindheit. Da Meyerhoff und ich gleichaltrig sind, hilft er mir mit seinem Buch, mich zu erinnern. Auch ich kenne das Gef\u00fchl, wenn eine gro\u00dfe Familie durch Tod oder Auszug der erwachsenen Geschwister kleiner wird. Auch wir mussten leider einmal miterleben, w\u00e4hrend einer Beerdigung ausgeraubt zu werden. Nur beim Wetter sind wir uns nicht einig. Meine Sommer waren warm und sonnig!<\/p>\n<h3>Deutsches Schauspielhaus<\/h3>\n<p>Zu meiner \u00dcberraschung entdeckte ich, dass Meyerhoff neben dem Wiener Burgtheater auch im Ensemble des Hamburger Schauspielhauses ist und daher h\u00e4ufiger Lesungen im Theater anbietet. Wer ihn also live erleben m\u00f6chte, sollte man schauen, ob er noch Karten bekommt. F\u00fcr sein Theaterst\u00fcck habe ich leider keine Karten mehr bekommen. Sehr schade!<\/p>\n<h3>Marzipankartoffeln<\/h3>\n<p>Eine Episode im Buch behandelt das Thema Marzipankartoffeln. Ich verrate hier keine Einzelheiten &#8211; nur so viel, das Rezept steht im Buch und diese leckeren S\u00fc\u00dfigkeiten werden f\u00fcr mich immer mit diesem Buch in Verbindung stehen. Das Rezept bekommt ihr in den n\u00e4chsten Tagen.<\/p>\n<p><img loading=\"lazy\" decoding=\"async\" class=\"aligncenter size-full wp-image-5219\" src=\"https:\/\/leckerekekse.de\/wordpress\/wp-content\/uploads\/2016\/01\/Meyerhoff-Marzipan.jpg\" alt=\"Marzipankartoffeln\" width=\"640\" height=\"427\" srcset=\"https:\/\/leckerekekse.de\/wordpress\/wp-content\/uploads\/2016\/01\/Meyerhoff-Marzipan.jpg 640w, https:\/\/leckerekekse.de\/wordpress\/wp-content\/uploads\/2016\/01\/Meyerhoff-Marzipan-300x200.jpg 300w\" sizes=\"auto, (max-width: 640px) 100vw, 640px\" \/><\/p>\n<p>Joachim Meyerhoff, Wann wird es endlich wieder so, wie es nie war,\u00a0ISBN: 978-3-462-04516-1;<br \/>\n<b>352 Seiten<\/b><\/p>\n<p>Es gibt auch eine Taschenbuchausgabe!<\/p>\n<p><a href=\"http:\/\/www.kiwi-verlag.de\/buch\/wann-wird-es-endlich-wieder-so-wie-es-nie-war\/978-3-462-04516-1\/\" target=\"_blank\">Verlagsseite<\/a><\/p>\n<p>&nbsp;<\/p>\n<p><img loading=\"lazy\" decoding=\"async\" class=\"alignleft size-full wp-image-248\" src=\"https:\/\/leckerekekse.de\/wordpress\/wp-content\/uploads\/2014\/08\/Symbol-moewe-2.png\" alt=\"Symbol-moewe-2\" width=\"40\" height=\"40\" \/><\/p>\n<p>&nbsp;<\/p>\n<p>&nbsp;<\/p>\n<p>&nbsp;<\/p>\n","protected":false},"excerpt":{"rendered":"<p>Das Buch zum Keks Meine pers\u00f6nliche Meyerhoff-L\u00fccke habe ich mit diesem Buch geschlossen. Den ersten Band \u201eAlle Toten fliegen hoch\u201c habe ich vor langer Zeit gelesen und im Dezember letzten Jahres Band 3 \u201eAch diese L\u00fccke, diese entsetzliche L\u00fccke\u201c Meyerhoff kehrt in diesem Buch zur\u00fcck in seine Kindheit. Sein Vater war Direktor der Kinder- und [&hellip;]<\/p>\n","protected":false},"author":1,"featured_media":5220,"comment_status":"open","ping_status":"open","sticky":false,"template":"","format":"standard","meta":{"footnotes":""},"categories":[1,3,692],"tags":[316,129,697,551],"class_list":["post-5192","post","type-post","status-publish","format-standard","has-post-thumbnail","hentry","category-allgemein","category-buecher","category-der-keks-zum-buch","tag-erinnerungen","tag-familie","tag-geschwister","tag-kindheit"],"yoast_head":"<!-- This site is optimized with the Yoast SEO plugin v27.5 - https:\/\/yoast.com\/product\/yoast-seo-wordpress\/ -->\n<title>Joachim Meyerhoff: Wann wird es endlich wieder so, wie es nie war | Leckere Kekse &amp; mehr<\/title>\n<meta name=\"description\" content=\"Meine pers\u00f6nliche Meyerhoff-L\u00fccke habe ich mit diesem Buch geschlossen. F\u00fcr mich das sch\u00f6nste der drei B\u00e4nde und das pers\u00f6nlichste. Humorvoll und traurig!\" \/>\n<meta name=\"robots\" content=\"index, follow, max-snippet:-1, max-image-preview:large, max-video-preview:-1\" \/>\n<link rel=\"canonical\" href=\"https:\/\/leckerekekse.de\/wordpress\/5192-2\/\" \/>\n<meta property=\"og:locale\" content=\"de_DE\" \/>\n<meta property=\"og:type\" content=\"article\" \/>\n<meta property=\"og:title\" content=\"Joachim Meyerhoff: Wann wird es endlich wieder so, wie es nie war | Leckere Kekse &amp; mehr\" \/>\n<meta property=\"og:description\" content=\"Meine pers\u00f6nliche Meyerhoff-L\u00fccke habe ich mit diesem Buch geschlossen. F\u00fcr mich das sch\u00f6nste der drei B\u00e4nde und das pers\u00f6nlichste. Humorvoll und traurig!\" \/>\n<meta property=\"og:url\" content=\"https:\/\/leckerekekse.de\/wordpress\/5192-2\/\" \/>\n<meta property=\"og:site_name\" content=\"Leckere Kekse &amp; mehr\" \/>\n<meta property=\"article:published_time\" content=\"2016-02-11T05:00:56+00:00\" \/>\n<meta property=\"og:image\" content=\"https:\/\/leckerekekse.de\/wordpress\/wp-content\/uploads\/2016\/01\/Meyerhoff-Marzipan-7.jpg\" \/>\n\t<meta property=\"og:image:width\" content=\"640\" \/>\n\t<meta property=\"og:image:height\" content=\"427\" \/>\n\t<meta property=\"og:image:type\" content=\"image\/jpeg\" \/>\n<meta name=\"author\" content=\"Astrid\" \/>\n<meta name=\"twitter:label1\" content=\"Verfasst von\" \/>\n\t<meta name=\"twitter:data1\" content=\"Astrid\" \/>\n\t<meta name=\"twitter:label2\" content=\"Gesch\u00e4tzte Lesezeit\" \/>\n\t<meta name=\"twitter:data2\" content=\"3\u00a0Minuten\" \/>\n<script type=\"application\/ld+json\" class=\"yoast-schema-graph\">{\"@context\":\"https:\\\/\\\/schema.org\",\"@graph\":[{\"@type\":\"Article\",\"@id\":\"https:\\\/\\\/leckerekekse.de\\\/wordpress\\\/5192-2\\\/#article\",\"isPartOf\":{\"@id\":\"https:\\\/\\\/leckerekekse.de\\\/wordpress\\\/5192-2\\\/\"},\"author\":{\"name\":\"Astrid\",\"@id\":\"https:\\\/\\\/leckerekekse.de\\\/wordpress\\\/#\\\/schema\\\/person\\\/8f45748de22f11ca6e316da813f59b85\"},\"headline\":\"Joachim Meyerhoff: Wann wird es endlich wieder so, wie es nie war\",\"datePublished\":\"2016-02-11T05:00:56+00:00\",\"mainEntityOfPage\":{\"@id\":\"https:\\\/\\\/leckerekekse.de\\\/wordpress\\\/5192-2\\\/\"},\"wordCount\":575,\"commentCount\":3,\"publisher\":{\"@id\":\"https:\\\/\\\/leckerekekse.de\\\/wordpress\\\/#\\\/schema\\\/person\\\/8f45748de22f11ca6e316da813f59b85\"},\"image\":{\"@id\":\"https:\\\/\\\/leckerekekse.de\\\/wordpress\\\/5192-2\\\/#primaryimage\"},\"thumbnailUrl\":\"https:\\\/\\\/leckerekekse.de\\\/wordpress\\\/wp-content\\\/uploads\\\/2016\\\/01\\\/Meyerhoff-Marzipan-7.jpg\",\"keywords\":[\"Erinnerungen\",\"Familie\",\"Geschwister\",\"Kindheit\"],\"articleSection\":{\"1\":\"B\u00fccher\",\"2\":\"Der Keks zum Buch\"},\"inLanguage\":\"de\",\"potentialAction\":[{\"@type\":\"CommentAction\",\"name\":\"Comment\",\"target\":[\"https:\\\/\\\/leckerekekse.de\\\/wordpress\\\/5192-2\\\/#respond\"]}]},{\"@type\":\"WebPage\",\"@id\":\"https:\\\/\\\/leckerekekse.de\\\/wordpress\\\/5192-2\\\/\",\"url\":\"https:\\\/\\\/leckerekekse.de\\\/wordpress\\\/5192-2\\\/\",\"name\":\"Joachim Meyerhoff: Wann wird es endlich wieder so, wie es nie war | Leckere Kekse &amp; mehr\",\"isPartOf\":{\"@id\":\"https:\\\/\\\/leckerekekse.de\\\/wordpress\\\/#website\"},\"primaryImageOfPage\":{\"@id\":\"https:\\\/\\\/leckerekekse.de\\\/wordpress\\\/5192-2\\\/#primaryimage\"},\"image\":{\"@id\":\"https:\\\/\\\/leckerekekse.de\\\/wordpress\\\/5192-2\\\/#primaryimage\"},\"thumbnailUrl\":\"https:\\\/\\\/leckerekekse.de\\\/wordpress\\\/wp-content\\\/uploads\\\/2016\\\/01\\\/Meyerhoff-Marzipan-7.jpg\",\"datePublished\":\"2016-02-11T05:00:56+00:00\",\"description\":\"Meine pers\u00f6nliche Meyerhoff-L\u00fccke habe ich mit diesem Buch geschlossen. F\u00fcr mich das sch\u00f6nste der drei B\u00e4nde und das pers\u00f6nlichste. Humorvoll und traurig!\",\"breadcrumb\":{\"@id\":\"https:\\\/\\\/leckerekekse.de\\\/wordpress\\\/5192-2\\\/#breadcrumb\"},\"inLanguage\":\"de\",\"potentialAction\":[{\"@type\":\"ReadAction\",\"target\":[\"https:\\\/\\\/leckerekekse.de\\\/wordpress\\\/5192-2\\\/\"]}]},{\"@type\":\"ImageObject\",\"inLanguage\":\"de\",\"@id\":\"https:\\\/\\\/leckerekekse.de\\\/wordpress\\\/5192-2\\\/#primaryimage\",\"url\":\"https:\\\/\\\/leckerekekse.de\\\/wordpress\\\/wp-content\\\/uploads\\\/2016\\\/01\\\/Meyerhoff-Marzipan-7.jpg\",\"contentUrl\":\"https:\\\/\\\/leckerekekse.de\\\/wordpress\\\/wp-content\\\/uploads\\\/2016\\\/01\\\/Meyerhoff-Marzipan-7.jpg\",\"width\":640,\"height\":427,\"caption\":\"Meyerhoff Marzipan\"},{\"@type\":\"BreadcrumbList\",\"@id\":\"https:\\\/\\\/leckerekekse.de\\\/wordpress\\\/5192-2\\\/#breadcrumb\",\"itemListElement\":[{\"@type\":\"ListItem\",\"position\":1,\"name\":\"Home\",\"item\":\"https:\\\/\\\/leckerekekse.de\\\/wordpress\\\/\"},{\"@type\":\"ListItem\",\"position\":2,\"name\":\"Joachim Meyerhoff: Wann wird es endlich wieder so, wie es nie war\"}]},{\"@type\":\"WebSite\",\"@id\":\"https:\\\/\\\/leckerekekse.de\\\/wordpress\\\/#website\",\"url\":\"https:\\\/\\\/leckerekekse.de\\\/wordpress\\\/\",\"name\":\"Leckere Kekse &amp; mehr\",\"description\":\"Kekse backen, B\u00fccher lesen und mehr\",\"publisher\":{\"@id\":\"https:\\\/\\\/leckerekekse.de\\\/wordpress\\\/#\\\/schema\\\/person\\\/8f45748de22f11ca6e316da813f59b85\"},\"potentialAction\":[{\"@type\":\"SearchAction\",\"target\":{\"@type\":\"EntryPoint\",\"urlTemplate\":\"https:\\\/\\\/leckerekekse.de\\\/wordpress\\\/?s={search_term_string}\"},\"query-input\":{\"@type\":\"PropertyValueSpecification\",\"valueRequired\":true,\"valueName\":\"search_term_string\"}}],\"inLanguage\":\"de\"},{\"@type\":[\"Person\",\"Organization\"],\"@id\":\"https:\\\/\\\/leckerekekse.de\\\/wordpress\\\/#\\\/schema\\\/person\\\/8f45748de22f11ca6e316da813f59b85\",\"name\":\"Astrid\",\"logo\":{\"@id\":\"https:\\\/\\\/leckerekekse.de\\\/wordpress\\\/#\\\/schema\\\/person\\\/image\\\/\"},\"sameAs\":[\"https:\\\/\\\/leckerekekse.de\\\/wordpress\"]}]}<\/script>\n<!-- \/ Yoast SEO plugin. -->","yoast_head_json":{"title":"Joachim Meyerhoff: Wann wird es endlich wieder so, wie es nie war | Leckere Kekse &amp; mehr","description":"Meine pers\u00f6nliche Meyerhoff-L\u00fccke habe ich mit diesem Buch geschlossen. F\u00fcr mich das sch\u00f6nste der drei B\u00e4nde und das pers\u00f6nlichste. Humorvoll und traurig!","robots":{"index":"index","follow":"follow","max-snippet":"max-snippet:-1","max-image-preview":"max-image-preview:large","max-video-preview":"max-video-preview:-1"},"canonical":"https:\/\/leckerekekse.de\/wordpress\/5192-2\/","og_locale":"de_DE","og_type":"article","og_title":"Joachim Meyerhoff: Wann wird es endlich wieder so, wie es nie war | Leckere Kekse &amp; mehr","og_description":"Meine pers\u00f6nliche Meyerhoff-L\u00fccke habe ich mit diesem Buch geschlossen. F\u00fcr mich das sch\u00f6nste der drei B\u00e4nde und das pers\u00f6nlichste. Humorvoll und traurig!","og_url":"https:\/\/leckerekekse.de\/wordpress\/5192-2\/","og_site_name":"Leckere Kekse &amp; mehr","article_published_time":"2016-02-11T05:00:56+00:00","og_image":[{"width":640,"height":427,"url":"https:\/\/leckerekekse.de\/wordpress\/wp-content\/uploads\/2016\/01\/Meyerhoff-Marzipan-7.jpg","type":"image\/jpeg"}],"author":"Astrid","twitter_misc":{"Verfasst von":"Astrid","Gesch\u00e4tzte Lesezeit":"3\u00a0Minuten"},"schema":{"@context":"https:\/\/schema.org","@graph":[{"@type":"Article","@id":"https:\/\/leckerekekse.de\/wordpress\/5192-2\/#article","isPartOf":{"@id":"https:\/\/leckerekekse.de\/wordpress\/5192-2\/"},"author":{"name":"Astrid","@id":"https:\/\/leckerekekse.de\/wordpress\/#\/schema\/person\/8f45748de22f11ca6e316da813f59b85"},"headline":"Joachim Meyerhoff: Wann wird es endlich wieder so, wie es nie war","datePublished":"2016-02-11T05:00:56+00:00","mainEntityOfPage":{"@id":"https:\/\/leckerekekse.de\/wordpress\/5192-2\/"},"wordCount":575,"commentCount":3,"publisher":{"@id":"https:\/\/leckerekekse.de\/wordpress\/#\/schema\/person\/8f45748de22f11ca6e316da813f59b85"},"image":{"@id":"https:\/\/leckerekekse.de\/wordpress\/5192-2\/#primaryimage"},"thumbnailUrl":"https:\/\/leckerekekse.de\/wordpress\/wp-content\/uploads\/2016\/01\/Meyerhoff-Marzipan-7.jpg","keywords":["Erinnerungen","Familie","Geschwister","Kindheit"],"articleSection":{"1":"B\u00fccher","2":"Der Keks zum Buch"},"inLanguage":"de","potentialAction":[{"@type":"CommentAction","name":"Comment","target":["https:\/\/leckerekekse.de\/wordpress\/5192-2\/#respond"]}]},{"@type":"WebPage","@id":"https:\/\/leckerekekse.de\/wordpress\/5192-2\/","url":"https:\/\/leckerekekse.de\/wordpress\/5192-2\/","name":"Joachim Meyerhoff: Wann wird es endlich wieder so, wie es nie war | Leckere Kekse &amp; mehr","isPartOf":{"@id":"https:\/\/leckerekekse.de\/wordpress\/#website"},"primaryImageOfPage":{"@id":"https:\/\/leckerekekse.de\/wordpress\/5192-2\/#primaryimage"},"image":{"@id":"https:\/\/leckerekekse.de\/wordpress\/5192-2\/#primaryimage"},"thumbnailUrl":"https:\/\/leckerekekse.de\/wordpress\/wp-content\/uploads\/2016\/01\/Meyerhoff-Marzipan-7.jpg","datePublished":"2016-02-11T05:00:56+00:00","description":"Meine pers\u00f6nliche Meyerhoff-L\u00fccke habe ich mit diesem Buch geschlossen. F\u00fcr mich das sch\u00f6nste der drei B\u00e4nde und das pers\u00f6nlichste. Humorvoll und traurig!","breadcrumb":{"@id":"https:\/\/leckerekekse.de\/wordpress\/5192-2\/#breadcrumb"},"inLanguage":"de","potentialAction":[{"@type":"ReadAction","target":["https:\/\/leckerekekse.de\/wordpress\/5192-2\/"]}]},{"@type":"ImageObject","inLanguage":"de","@id":"https:\/\/leckerekekse.de\/wordpress\/5192-2\/#primaryimage","url":"https:\/\/leckerekekse.de\/wordpress\/wp-content\/uploads\/2016\/01\/Meyerhoff-Marzipan-7.jpg","contentUrl":"https:\/\/leckerekekse.de\/wordpress\/wp-content\/uploads\/2016\/01\/Meyerhoff-Marzipan-7.jpg","width":640,"height":427,"caption":"Meyerhoff Marzipan"},{"@type":"BreadcrumbList","@id":"https:\/\/leckerekekse.de\/wordpress\/5192-2\/#breadcrumb","itemListElement":[{"@type":"ListItem","position":1,"name":"Home","item":"https:\/\/leckerekekse.de\/wordpress\/"},{"@type":"ListItem","position":2,"name":"Joachim Meyerhoff: Wann wird es endlich wieder so, wie es nie war"}]},{"@type":"WebSite","@id":"https:\/\/leckerekekse.de\/wordpress\/#website","url":"https:\/\/leckerekekse.de\/wordpress\/","name":"Leckere Kekse &amp; mehr","description":"Kekse backen, B\u00fccher lesen und mehr","publisher":{"@id":"https:\/\/leckerekekse.de\/wordpress\/#\/schema\/person\/8f45748de22f11ca6e316da813f59b85"},"potentialAction":[{"@type":"SearchAction","target":{"@type":"EntryPoint","urlTemplate":"https:\/\/leckerekekse.de\/wordpress\/?s={search_term_string}"},"query-input":{"@type":"PropertyValueSpecification","valueRequired":true,"valueName":"search_term_string"}}],"inLanguage":"de"},{"@type":["Person","Organization"],"@id":"https:\/\/leckerekekse.de\/wordpress\/#\/schema\/person\/8f45748de22f11ca6e316da813f59b85","name":"Astrid","logo":{"@id":"https:\/\/leckerekekse.de\/wordpress\/#\/schema\/person\/image\/"},"sameAs":["https:\/\/leckerekekse.de\/wordpress"]}]}},"_links":{"self":[{"href":"https:\/\/leckerekekse.de\/wordpress\/wp-json\/wp\/v2\/posts\/5192","targetHints":{"allow":["GET"]}}],"collection":[{"href":"https:\/\/leckerekekse.de\/wordpress\/wp-json\/wp\/v2\/posts"}],"about":[{"href":"https:\/\/leckerekekse.de\/wordpress\/wp-json\/wp\/v2\/types\/post"}],"author":[{"embeddable":true,"href":"https:\/\/leckerekekse.de\/wordpress\/wp-json\/wp\/v2\/users\/1"}],"replies":[{"embeddable":true,"href":"https:\/\/leckerekekse.de\/wordpress\/wp-json\/wp\/v2\/comments?post=5192"}],"version-history":[{"count":3,"href":"https:\/\/leckerekekse.de\/wordpress\/wp-json\/wp\/v2\/posts\/5192\/revisions"}],"predecessor-version":[{"id":5328,"href":"https:\/\/leckerekekse.de\/wordpress\/wp-json\/wp\/v2\/posts\/5192\/revisions\/5328"}],"wp:featuredmedia":[{"embeddable":true,"href":"https:\/\/leckerekekse.de\/wordpress\/wp-json\/wp\/v2\/media\/5220"}],"wp:attachment":[{"href":"https:\/\/leckerekekse.de\/wordpress\/wp-json\/wp\/v2\/media?parent=5192"}],"wp:term":[{"taxonomy":"category","embeddable":true,"href":"https:\/\/leckerekekse.de\/wordpress\/wp-json\/wp\/v2\/categories?post=5192"},{"taxonomy":"post_tag","embeddable":true,"href":"https:\/\/leckerekekse.de\/wordpress\/wp-json\/wp\/v2\/tags?post=5192"}],"curies":[{"name":"wp","href":"https:\/\/api.w.org\/{rel}","templated":true}]}}