{"id":5545,"date":"2016-03-10T07:00:37","date_gmt":"2016-03-10T05:00:37","guid":{"rendered":"http:\/\/leckerekekse.de\/wordpress\/?p=5545"},"modified":"2018-05-23T11:44:28","modified_gmt":"2018-05-23T09:44:28","slug":"gala-deutscher-hoerbuchpreis","status":"publish","type":"post","link":"https:\/\/leckerekekse.de\/wordpress\/gala-deutscher-hoerbuchpreis\/","title":{"rendered":"bookup: Gala Deutscher H\u00f6rbuchpreis"},"content":{"rendered":"<p><del><\/del>Mein erstes Bookup, und das direkt bei der Gala zur Verleihung des deutschen H\u00f6rbuchpreises.<\/p>\n<p>Ein wenig aufgeregt war ich vorher schon. 20 Blogger und Bloggerinnen wurden eingeladen aktiv an dem Ereignis teilzunehmen. Es hie\u00df f\u00fcr uns \u201eHandys raus\u201c statt f\u00fcr alle anderen: \u201eHandys aus\u201c.<\/p>\n<h6>Vorbereitungen<\/h6>\n<p><img loading=\"lazy\" decoding=\"async\" class=\"aligncenter size-full wp-image-5547\" src=\"https:\/\/leckerekekse.de\/wordpress\/wp-content\/uploads\/2016\/03\/Vorbereitungen.jpg\" alt=\"B\u00fchne deutsche H\u00f6rbuchpreisverleihung\" width=\"640\" height=\"427\" srcset=\"https:\/\/leckerekekse.de\/wordpress\/wp-content\/uploads\/2016\/03\/Vorbereitungen.jpg 640w, https:\/\/leckerekekse.de\/wordpress\/wp-content\/uploads\/2016\/03\/Vorbereitungen-300x200.jpg 300w\" sizes=\"auto, (max-width: 640px) 100vw, 640px\" \/><\/p>\n<p>Die Tage vorher ging es bei den Teilnehmern des Bookups auf Twitter und Co., schon hoch her. Einige mussten eine l\u00e4ngere Anfahrt planen, nichts durfte vergessen werden. Und nat\u00fcrlich musste auch die Frage gekl\u00e4rt werden: was ziehe ich an? Schlie\u00dflich war das eine Gala, und es wurde von allen G\u00e4sten erwartet, dass wir uns schon chic machten. So waren wir eine sehr ansehnliche Gruppe.<!--more--><\/p>\n<h6>Die Rahmenbedingungen<\/h6>\n<p>Betreut wurden wir von zwei sehr netten Mitarbeiterinnen des WDR. Esther-Maria Roos und Ulrike Westhoff. Au\u00dferdem war Stefanie Leo , die Erfinderin des Formates Bookup immer mit dabei und k\u00fcmmerte sich um uns. Sehr witzig fand ich die Aufschrift auf den Platzreservierungen f\u00fcr Stefanie und ihren Mann: \u201eFrau mit den roten Schuhen\u201c und \u201eMann von der Frau mit den roten Schuhen\u201c.<\/p>\n<p><img loading=\"lazy\" decoding=\"async\" class=\"aligncenter size-full wp-image-5550\" src=\"https:\/\/leckerekekse.de\/wordpress\/wp-content\/uploads\/2016\/03\/011368f87cb0c62399b1d37a7d8e5a27e50e09e897.jpg\" alt=\"011368f87cb0c62399b1d37a7d8e5a27e50e09e897\" width=\"480\" height=\"640\" srcset=\"https:\/\/leckerekekse.de\/wordpress\/wp-content\/uploads\/2016\/03\/011368f87cb0c62399b1d37a7d8e5a27e50e09e897.jpg 480w, https:\/\/leckerekekse.de\/wordpress\/wp-content\/uploads\/2016\/03\/011368f87cb0c62399b1d37a7d8e5a27e50e09e897-225x300.jpg 225w\" sizes=\"auto, (max-width: 480px) 100vw, 480px\" \/><\/p>\n<p>Wir bekamen einen eigenen Bereich auf der Empore des Saals (vor der Presse, die \u00fcbrigens NICHT fotografieren durfte!), mit WLAN (das allerdings leicht \u00fcberlastet war als wir alle loslegten) und einer sehr guten Sicht auf die B\u00fchne.<\/p>\n<p>Unter den Hashtags<strong> #dhp2016 <\/strong>und<strong> #bookupDE<\/strong> posteten wir auf allen Kan\u00e4len was das Zeug hielt. Oder vielmehr der Akku. Schon nach der H\u00e4lfte der Veranstaltung ging meiner ziemlich zur Neige und ich musste etwas weniger posten. (da muss ich wohl endlich eine Powerbank kaufen!!). Sucht ruhig mal nach den Hashtags, es wurden viele unterschiedliche Eindr\u00fccke mitgeteilt!<\/p>\n<p><img loading=\"lazy\" decoding=\"async\" class=\"aligncenter size-full wp-image-5551\" src=\"https:\/\/leckerekekse.de\/wordpress\/wp-content\/uploads\/2016\/03\/Familie.jpg\" alt=\"Blogger at Work\" width=\"640\" height=\"443\" srcset=\"https:\/\/leckerekekse.de\/wordpress\/wp-content\/uploads\/2016\/03\/Familie.jpg 640w, https:\/\/leckerekekse.de\/wordpress\/wp-content\/uploads\/2016\/03\/Familie-300x208.jpg 300w\" sizes=\"auto, (max-width: 640px) 100vw, 640px\" \/><\/p>\n<p>Viele von uns hatten auch noch andere Kameras mit, da gibt es sicher auch noch auf anderen Blogs weitere Bilder zu sehen. Allerdings mussten wir sicherstellen, dass alles ohne Blitz fotografiert wurde. Denn die Gala wurde f\u00fcr das Fernsehen aufgezeichnet und kam schon am gleichen Abend im WDR. Der Zeitplan w\u00e4hrend der Verleihung war sehr straff, das merkte man an den hektischen Regieanweisungen. Die Sendung wurde schlie\u00dflich auf mehreren Radiosendern live \u00fcbertragen.<\/p>\n<h6>Die Veranstaltung<\/h6>\n<p>Wir bekamen eine runde, gelungene Veranstaltung zu sehen. Einzig fand ich sehr schade, dass Sophie Rois nicht pers\u00f6nlich dabei war. Die Preistr\u00e4ger hatte ich schon mal <a href=\"https:\/\/leckerekekse.de\/wordpress\/5265-2\/\" target=\"_blank\">hier<\/a> vorgestellt.<\/p>\n<p>Es gab meistens kurze Einstimmungsfilme zum H\u00f6rbuch, dann wurde der Preis \u00fcberreicht und ein kurzes Gespr\u00e4ch mit den Preistr\u00e4gern gef\u00fchrt.<\/p>\n<p>Viele Preistr\u00e4ger trugen auch noch ein St\u00fcck aus \u201eihrem\u201c H\u00f6rbuch vor, so auch Lars Eidinger der direkt f\u00fcr sein erstes eingesprochenes H\u00f6rbuch den Preis f\u00fcr den besten m\u00e4nnlichen Interpreten absahnte. Man beachte das nette Haarsp\u00e4ngchen:<\/p>\n<p><img loading=\"lazy\" decoding=\"async\" class=\"aligncenter size-full wp-image-5552\" src=\"https:\/\/leckerekekse.de\/wordpress\/wp-content\/uploads\/2016\/03\/01c161a89eb03a0a37df198dc0d9b916e45718e801.jpg\" alt=\"Lars Eidinger\" width=\"480\" height=\"640\" srcset=\"https:\/\/leckerekekse.de\/wordpress\/wp-content\/uploads\/2016\/03\/01c161a89eb03a0a37df198dc0d9b916e45718e801.jpg 480w, https:\/\/leckerekekse.de\/wordpress\/wp-content\/uploads\/2016\/03\/01c161a89eb03a0a37df198dc0d9b916e45718e801-225x300.jpg 225w\" sizes=\"auto, (max-width: 480px) 100vw, 480px\" \/><\/p>\n<h6>Moderation<\/h6>\n<p>Moderator des Abends war ein gut gelaunter G\u00f6rtz Alsmann, der viele Witze einstreute, die Gespr\u00e4che auf den Sofas aber auch oft nach Regieanweisung abrupt beenden musste.<\/p>\n<p>Nach der Preisverleihung er\u00f6ffnete er mit einem Glas Sekt und einem literarischen Song zur Mandoline noch die Litcologne. Denn ganz nebenbei bildet die Gala zur Preisverleihung auch deren Startschuss. Da ich dieses Jahr nicht zur LBM kann, habe ich mir vier Karten f\u00fcr weitere Veranstaltungen geg\u00f6nnt. Davon werde ich sicher auch noch auf dem Blog berichten.<\/p>\n<p><img loading=\"lazy\" decoding=\"async\" class=\"aligncenter size-full wp-image-5553\" src=\"https:\/\/leckerekekse.de\/wordpress\/wp-content\/uploads\/2016\/03\/IMG_6098.jpg\" alt=\"G\u00f6tz Alsmann\" width=\"640\" height=\"427\" srcset=\"https:\/\/leckerekekse.de\/wordpress\/wp-content\/uploads\/2016\/03\/IMG_6098.jpg 640w, https:\/\/leckerekekse.de\/wordpress\/wp-content\/uploads\/2016\/03\/IMG_6098-300x200.jpg 300w\" sizes=\"auto, (max-width: 640px) 100vw, 640px\" \/><\/p>\n<h6>Meine H\u00f6hepunkte<\/h6>\n<p>H\u00f6hepunkte der Veranstaltung waren f\u00fcr mich die Live-Lesungen, allen voran die Darbietung zur \u201eUnendlichen Geschichte\u201c Die neue Inszenierung des H\u00f6rbuches wurde mit gro\u00dfem Aufwand hergestellt und war der Gewinner des Kinderpreises. <a href=\"https:\/\/de.wikipedia.org\/wiki\/Laura_Maire\" target=\"_blank\">Laura Maire<\/a>\u00a0 als Irrlicht wird mir noch lange in Erinnerung bleiben.<\/p>\n<p>Stimmungsvoll war auch die Hommage an Roger Willemsen. Der k\u00fcrzlich verstorbene K\u00f6lner hatte auch schon einen der H\u00f6rbuchpreise bekommen.<\/p>\n<p>Generationen\u00fcbergreifend von Interesse waren die Preistr\u00e4ger des Sonderpreises. Die drei ???. Drei M\u00e4nner, die schon seit 1979!!! die drei Jungs aus dem H\u00f6rbuch sprechen und mittlerweile auch mit Live-Darbietungen riesige Hallen f\u00fcllen. Auch ich erinnere mich gut daran als Kind im Hitchcock-Club gewesen zu sein\u2026<\/p>\n<p>Erst am Abend wurde bekannt gegeben wer den \u201eH\u00f6rkules\u201c, den Zuh\u00f6rerpreis, gewann. Er ging an Simon J\u00e4ger f\u00fcr seine Vertonung von \u201ePassagier 23\u201c.<\/p>\n<p><img loading=\"lazy\" decoding=\"async\" class=\"aligncenter size-full wp-image-5554\" src=\"https:\/\/leckerekekse.de\/wordpress\/wp-content\/uploads\/2016\/03\/IMG_6086.jpg\" alt=\"Simon Jaeger\" width=\"427\" height=\"640\" srcset=\"https:\/\/leckerekekse.de\/wordpress\/wp-content\/uploads\/2016\/03\/IMG_6086.jpg 427w, https:\/\/leckerekekse.de\/wordpress\/wp-content\/uploads\/2016\/03\/IMG_6086-200x300.jpg 200w\" sizes=\"auto, (max-width: 427px) 100vw, 427px\" \/><\/p>\n<p>Ich habe schon sehr viele H\u00f6rb\u00fccher geh\u00f6rt, die er eingelesen hat. Trotzdem habe ich w\u00e4hrend des Gespr\u00e4chs seine Stimme kaum erkannt. Erst als er den Beginn des Buches live vorlas, war ich direkt im H\u00f6rbuch-Modus.<\/p>\n<h6>Musik<\/h6>\n<p>Eine drei-Mann-Band (Piano mit <a href=\"https:\/\/de.wikipedia.org\/wiki\/Mike_Herting\" target=\"_blank\">Mike Herting<\/a>, Kontrabass und Percussion) war die ganze Zeit auf der B\u00fchne und untermalte die Handlung sehr stimmig mit ihrer Musik. Als Liveacts trat auch die iranische Frauen-Vokalgruppe <a href=\"http:\/\/www.maryamakhondy.com\/\" target=\"_blank\">Maryam Akhondy &amp; Banu<\/a> auf.<\/p>\n<p><img loading=\"lazy\" decoding=\"async\" class=\"aligncenter size-full wp-image-5559\" src=\"https:\/\/leckerekekse.de\/wordpress\/wp-content\/uploads\/2016\/03\/maryam.jpg\" alt=\"maryam\" width=\"640\" height=\"427\" srcset=\"https:\/\/leckerekekse.de\/wordpress\/wp-content\/uploads\/2016\/03\/maryam.jpg 640w, https:\/\/leckerekekse.de\/wordpress\/wp-content\/uploads\/2016\/03\/maryam-300x200.jpg 300w\" sizes=\"auto, (max-width: 640px) 100vw, 640px\" \/><\/p>\n<h6>After Show<\/h6>\n<p>Es gab Buffet, Getr\u00e4nke, Gespr\u00e4che und alle Preistr\u00e4ger zum Anquatschen. Alle waren nett zu uns Bloggern und anderen Fans. Aber es gab ein riesiges Gewusel und Gedr\u00e4nge. Zum Essen kam ich also gar nicht (nicht schlimm, verhungern w\u00fcrde bei mir Wochen dauern), der Weg zu alkoholfreien Getr\u00e4nken war von unserem Standort auch recht beschwerlich.<\/p>\n<p>Besonders freute mich noch den Komponisten <a href=\"http:\/\/www.raphael-thoene.de\/\" target=\"_blank\">Raphael D. Th\u00f6ne<\/a> der Musik zum H\u00f6rspiel \u201eWir\u201c getroffen zu haben. Er erz\u00e4hlte, dass er die Musik zum Teil schon vor der Erstellung der Sprachfassung erdachte. Da ich \u201eWir\u201c erst an dem Gala-Tag geh\u00f6rt habe, war ich von dem perfekten Zusammenspiel von Inhalt, Musik und Stimmen noch ganz gefangen.<\/p>\n<h6>Fazit<\/h6>\n<p>Der Abend wird mir noch lange in Erinnerung bleiben und ich hoffe, dass ich bald wieder die Gelegenheit zu einem bookup bekomme. Es war sehr sch\u00f6n auf diese Art eine Veranstaltung zu erleben und ich habe viele nette Menschen kennengelernt und interessante Gespr\u00e4che gef\u00fchrt.<\/p>\n<p>&nbsp;<\/p>\n","protected":false},"excerpt":{"rendered":"<p>Mein erstes Bookup, und das direkt bei der Gala zur Verleihung des deutschen H\u00f6rbuchpreises. Ein wenig aufgeregt war ich vorher schon. 20 Blogger und Bloggerinnen wurden eingeladen aktiv an dem Ereignis teilzunehmen. Es hie\u00df f\u00fcr uns \u201eHandys raus\u201c statt f\u00fcr alle anderen: \u201eHandys aus\u201c. Vorbereitungen Die Tage vorher ging es bei den Teilnehmern des Bookups [&hellip;]<\/p>\n","protected":false},"author":2,"featured_media":5553,"comment_status":"open","ping_status":"open","sticky":false,"template":"","format":"standard","meta":{"footnotes":""},"categories":[1,3,19],"tags":[732,728,451],"class_list":["post-5545","post","type-post","status-publish","format-standard","has-post-thumbnail","hentry","category-allgemein","category-buecher","category-veranstaltungen","tag-deutscher-hoerbuchpreis","tag-dhp","tag-hoerbuch"],"yoast_head":"<!-- This site is optimized with the Yoast SEO plugin v27.5 - https:\/\/yoast.com\/product\/yoast-seo-wordpress\/ -->\n<title>bookup: Gala Deutscher H\u00f6rbuchpreis | Leckere Kekse &amp; mehr<\/title>\n<meta name=\"description\" content=\"Zur Gala anl\u00e4sslich der Verleihung des Deutschen H\u00f6buchpreises wurde 2016 ein Bookup veranstaltet. Ich durfte dabei sein!\" \/>\n<meta name=\"robots\" content=\"index, follow, max-snippet:-1, max-image-preview:large, max-video-preview:-1\" \/>\n<link rel=\"canonical\" href=\"https:\/\/leckerekekse.de\/wordpress\/gala-deutscher-hoerbuchpreis\/\" \/>\n<meta property=\"og:locale\" content=\"de_DE\" \/>\n<meta property=\"og:type\" content=\"article\" \/>\n<meta property=\"og:title\" content=\"bookup: Gala Deutscher H\u00f6rbuchpreis | Leckere Kekse &amp; mehr\" \/>\n<meta property=\"og:description\" content=\"Zur Gala anl\u00e4sslich der Verleihung des Deutschen H\u00f6buchpreises wurde 2016 ein Bookup veranstaltet. Ich durfte dabei sein!\" \/>\n<meta property=\"og:url\" content=\"https:\/\/leckerekekse.de\/wordpress\/gala-deutscher-hoerbuchpreis\/\" \/>\n<meta property=\"og:site_name\" content=\"Leckere Kekse &amp; mehr\" \/>\n<meta property=\"article:published_time\" content=\"2016-03-10T05:00:37+00:00\" \/>\n<meta property=\"article:modified_time\" content=\"2018-05-23T09:44:28+00:00\" \/>\n<meta property=\"og:image\" content=\"https:\/\/leckerekekse.de\/wordpress\/wp-content\/uploads\/2016\/03\/IMG_6098.jpg\" \/>\n\t<meta property=\"og:image:width\" content=\"640\" \/>\n\t<meta property=\"og:image:height\" content=\"427\" \/>\n\t<meta property=\"og:image:type\" content=\"image\/jpeg\" \/>\n<meta name=\"author\" content=\"Buchlieberin\" \/>\n<meta name=\"twitter:label1\" content=\"Verfasst von\" \/>\n\t<meta name=\"twitter:data1\" content=\"Buchlieberin\" \/>\n\t<meta name=\"twitter:label2\" content=\"Gesch\u00e4tzte Lesezeit\" \/>\n\t<meta name=\"twitter:data2\" content=\"5\u00a0Minuten\" \/>\n<script type=\"application\/ld+json\" class=\"yoast-schema-graph\">{\"@context\":\"https:\\\/\\\/schema.org\",\"@graph\":[{\"@type\":\"Article\",\"@id\":\"https:\\\/\\\/leckerekekse.de\\\/wordpress\\\/gala-deutscher-hoerbuchpreis\\\/#article\",\"isPartOf\":{\"@id\":\"https:\\\/\\\/leckerekekse.de\\\/wordpress\\\/gala-deutscher-hoerbuchpreis\\\/\"},\"author\":{\"name\":\"Buchlieberin\",\"@id\":\"https:\\\/\\\/leckerekekse.de\\\/wordpress\\\/#\\\/schema\\\/person\\\/161a8971fdc6b42b40eb2cf476f78939\"},\"headline\":\"bookup: Gala Deutscher H\u00f6rbuchpreis\",\"datePublished\":\"2016-03-10T05:00:37+00:00\",\"dateModified\":\"2018-05-23T09:44:28+00:00\",\"mainEntityOfPage\":{\"@id\":\"https:\\\/\\\/leckerekekse.de\\\/wordpress\\\/gala-deutscher-hoerbuchpreis\\\/\"},\"wordCount\":940,\"commentCount\":3,\"publisher\":{\"@id\":\"https:\\\/\\\/leckerekekse.de\\\/wordpress\\\/#\\\/schema\\\/person\\\/8f45748de22f11ca6e316da813f59b85\"},\"image\":{\"@id\":\"https:\\\/\\\/leckerekekse.de\\\/wordpress\\\/gala-deutscher-hoerbuchpreis\\\/#primaryimage\"},\"thumbnailUrl\":\"https:\\\/\\\/leckerekekse.de\\\/wordpress\\\/wp-content\\\/uploads\\\/2016\\\/03\\\/IMG_6098.jpg\",\"keywords\":[\"Deutscher H\u00f6rbuchpreis\",\"DHP\",\"H\u00f6rbuch\"],\"articleSection\":{\"1\":\"B\u00fccher\",\"2\":\"Veranstaltungen\"},\"inLanguage\":\"de\",\"potentialAction\":[{\"@type\":\"CommentAction\",\"name\":\"Comment\",\"target\":[\"https:\\\/\\\/leckerekekse.de\\\/wordpress\\\/gala-deutscher-hoerbuchpreis\\\/#respond\"]}]},{\"@type\":\"WebPage\",\"@id\":\"https:\\\/\\\/leckerekekse.de\\\/wordpress\\\/gala-deutscher-hoerbuchpreis\\\/\",\"url\":\"https:\\\/\\\/leckerekekse.de\\\/wordpress\\\/gala-deutscher-hoerbuchpreis\\\/\",\"name\":\"bookup: Gala Deutscher H\u00f6rbuchpreis | Leckere Kekse &amp; mehr\",\"isPartOf\":{\"@id\":\"https:\\\/\\\/leckerekekse.de\\\/wordpress\\\/#website\"},\"primaryImageOfPage\":{\"@id\":\"https:\\\/\\\/leckerekekse.de\\\/wordpress\\\/gala-deutscher-hoerbuchpreis\\\/#primaryimage\"},\"image\":{\"@id\":\"https:\\\/\\\/leckerekekse.de\\\/wordpress\\\/gala-deutscher-hoerbuchpreis\\\/#primaryimage\"},\"thumbnailUrl\":\"https:\\\/\\\/leckerekekse.de\\\/wordpress\\\/wp-content\\\/uploads\\\/2016\\\/03\\\/IMG_6098.jpg\",\"datePublished\":\"2016-03-10T05:00:37+00:00\",\"dateModified\":\"2018-05-23T09:44:28+00:00\",\"description\":\"Zur Gala anl\u00e4sslich der Verleihung des Deutschen H\u00f6buchpreises wurde 2016 ein Bookup veranstaltet. Ich durfte dabei sein!\",\"breadcrumb\":{\"@id\":\"https:\\\/\\\/leckerekekse.de\\\/wordpress\\\/gala-deutscher-hoerbuchpreis\\\/#breadcrumb\"},\"inLanguage\":\"de\",\"potentialAction\":[{\"@type\":\"ReadAction\",\"target\":[\"https:\\\/\\\/leckerekekse.de\\\/wordpress\\\/gala-deutscher-hoerbuchpreis\\\/\"]}]},{\"@type\":\"ImageObject\",\"inLanguage\":\"de\",\"@id\":\"https:\\\/\\\/leckerekekse.de\\\/wordpress\\\/gala-deutscher-hoerbuchpreis\\\/#primaryimage\",\"url\":\"https:\\\/\\\/leckerekekse.de\\\/wordpress\\\/wp-content\\\/uploads\\\/2016\\\/03\\\/IMG_6098.jpg\",\"contentUrl\":\"https:\\\/\\\/leckerekekse.de\\\/wordpress\\\/wp-content\\\/uploads\\\/2016\\\/03\\\/IMG_6098.jpg\",\"width\":640,\"height\":427},{\"@type\":\"BreadcrumbList\",\"@id\":\"https:\\\/\\\/leckerekekse.de\\\/wordpress\\\/gala-deutscher-hoerbuchpreis\\\/#breadcrumb\",\"itemListElement\":[{\"@type\":\"ListItem\",\"position\":1,\"name\":\"Home\",\"item\":\"https:\\\/\\\/leckerekekse.de\\\/wordpress\\\/\"},{\"@type\":\"ListItem\",\"position\":2,\"name\":\"bookup: Gala Deutscher H\u00f6rbuchpreis\"}]},{\"@type\":\"WebSite\",\"@id\":\"https:\\\/\\\/leckerekekse.de\\\/wordpress\\\/#website\",\"url\":\"https:\\\/\\\/leckerekekse.de\\\/wordpress\\\/\",\"name\":\"Leckere Kekse &amp; mehr\",\"description\":\"Kekse backen, B\u00fccher lesen und mehr\",\"publisher\":{\"@id\":\"https:\\\/\\\/leckerekekse.de\\\/wordpress\\\/#\\\/schema\\\/person\\\/8f45748de22f11ca6e316da813f59b85\"},\"potentialAction\":[{\"@type\":\"SearchAction\",\"target\":{\"@type\":\"EntryPoint\",\"urlTemplate\":\"https:\\\/\\\/leckerekekse.de\\\/wordpress\\\/?s={search_term_string}\"},\"query-input\":{\"@type\":\"PropertyValueSpecification\",\"valueRequired\":true,\"valueName\":\"search_term_string\"}}],\"inLanguage\":\"de\"},{\"@type\":[\"Person\",\"Organization\"],\"@id\":\"https:\\\/\\\/leckerekekse.de\\\/wordpress\\\/#\\\/schema\\\/person\\\/8f45748de22f11ca6e316da813f59b85\",\"name\":\"Astrid\",\"logo\":{\"@id\":\"https:\\\/\\\/leckerekekse.de\\\/wordpress\\\/#\\\/schema\\\/person\\\/image\\\/\"},\"sameAs\":[\"https:\\\/\\\/leckerekekse.de\\\/wordpress\"]},{\"@type\":\"Person\",\"@id\":\"https:\\\/\\\/leckerekekse.de\\\/wordpress\\\/#\\\/schema\\\/person\\\/161a8971fdc6b42b40eb2cf476f78939\",\"name\":\"Buchlieberin\",\"sameAs\":[\"https:\\\/\\\/leckerekekse.de\\\/wordpress\"]}]}<\/script>\n<!-- \/ Yoast SEO plugin. -->","yoast_head_json":{"title":"bookup: Gala Deutscher H\u00f6rbuchpreis | Leckere Kekse &amp; mehr","description":"Zur Gala anl\u00e4sslich der Verleihung des Deutschen H\u00f6buchpreises wurde 2016 ein Bookup veranstaltet. Ich durfte dabei sein!","robots":{"index":"index","follow":"follow","max-snippet":"max-snippet:-1","max-image-preview":"max-image-preview:large","max-video-preview":"max-video-preview:-1"},"canonical":"https:\/\/leckerekekse.de\/wordpress\/gala-deutscher-hoerbuchpreis\/","og_locale":"de_DE","og_type":"article","og_title":"bookup: Gala Deutscher H\u00f6rbuchpreis | Leckere Kekse &amp; mehr","og_description":"Zur Gala anl\u00e4sslich der Verleihung des Deutschen H\u00f6buchpreises wurde 2016 ein Bookup veranstaltet. Ich durfte dabei sein!","og_url":"https:\/\/leckerekekse.de\/wordpress\/gala-deutscher-hoerbuchpreis\/","og_site_name":"Leckere Kekse &amp; mehr","article_published_time":"2016-03-10T05:00:37+00:00","article_modified_time":"2018-05-23T09:44:28+00:00","og_image":[{"width":640,"height":427,"url":"https:\/\/leckerekekse.de\/wordpress\/wp-content\/uploads\/2016\/03\/IMG_6098.jpg","type":"image\/jpeg"}],"author":"Buchlieberin","twitter_misc":{"Verfasst von":"Buchlieberin","Gesch\u00e4tzte Lesezeit":"5\u00a0Minuten"},"schema":{"@context":"https:\/\/schema.org","@graph":[{"@type":"Article","@id":"https:\/\/leckerekekse.de\/wordpress\/gala-deutscher-hoerbuchpreis\/#article","isPartOf":{"@id":"https:\/\/leckerekekse.de\/wordpress\/gala-deutscher-hoerbuchpreis\/"},"author":{"name":"Buchlieberin","@id":"https:\/\/leckerekekse.de\/wordpress\/#\/schema\/person\/161a8971fdc6b42b40eb2cf476f78939"},"headline":"bookup: Gala Deutscher H\u00f6rbuchpreis","datePublished":"2016-03-10T05:00:37+00:00","dateModified":"2018-05-23T09:44:28+00:00","mainEntityOfPage":{"@id":"https:\/\/leckerekekse.de\/wordpress\/gala-deutscher-hoerbuchpreis\/"},"wordCount":940,"commentCount":3,"publisher":{"@id":"https:\/\/leckerekekse.de\/wordpress\/#\/schema\/person\/8f45748de22f11ca6e316da813f59b85"},"image":{"@id":"https:\/\/leckerekekse.de\/wordpress\/gala-deutscher-hoerbuchpreis\/#primaryimage"},"thumbnailUrl":"https:\/\/leckerekekse.de\/wordpress\/wp-content\/uploads\/2016\/03\/IMG_6098.jpg","keywords":["Deutscher H\u00f6rbuchpreis","DHP","H\u00f6rbuch"],"articleSection":{"1":"B\u00fccher","2":"Veranstaltungen"},"inLanguage":"de","potentialAction":[{"@type":"CommentAction","name":"Comment","target":["https:\/\/leckerekekse.de\/wordpress\/gala-deutscher-hoerbuchpreis\/#respond"]}]},{"@type":"WebPage","@id":"https:\/\/leckerekekse.de\/wordpress\/gala-deutscher-hoerbuchpreis\/","url":"https:\/\/leckerekekse.de\/wordpress\/gala-deutscher-hoerbuchpreis\/","name":"bookup: Gala Deutscher H\u00f6rbuchpreis | Leckere Kekse &amp; mehr","isPartOf":{"@id":"https:\/\/leckerekekse.de\/wordpress\/#website"},"primaryImageOfPage":{"@id":"https:\/\/leckerekekse.de\/wordpress\/gala-deutscher-hoerbuchpreis\/#primaryimage"},"image":{"@id":"https:\/\/leckerekekse.de\/wordpress\/gala-deutscher-hoerbuchpreis\/#primaryimage"},"thumbnailUrl":"https:\/\/leckerekekse.de\/wordpress\/wp-content\/uploads\/2016\/03\/IMG_6098.jpg","datePublished":"2016-03-10T05:00:37+00:00","dateModified":"2018-05-23T09:44:28+00:00","description":"Zur Gala anl\u00e4sslich der Verleihung des Deutschen H\u00f6buchpreises wurde 2016 ein Bookup veranstaltet. Ich durfte dabei sein!","breadcrumb":{"@id":"https:\/\/leckerekekse.de\/wordpress\/gala-deutscher-hoerbuchpreis\/#breadcrumb"},"inLanguage":"de","potentialAction":[{"@type":"ReadAction","target":["https:\/\/leckerekekse.de\/wordpress\/gala-deutscher-hoerbuchpreis\/"]}]},{"@type":"ImageObject","inLanguage":"de","@id":"https:\/\/leckerekekse.de\/wordpress\/gala-deutscher-hoerbuchpreis\/#primaryimage","url":"https:\/\/leckerekekse.de\/wordpress\/wp-content\/uploads\/2016\/03\/IMG_6098.jpg","contentUrl":"https:\/\/leckerekekse.de\/wordpress\/wp-content\/uploads\/2016\/03\/IMG_6098.jpg","width":640,"height":427},{"@type":"BreadcrumbList","@id":"https:\/\/leckerekekse.de\/wordpress\/gala-deutscher-hoerbuchpreis\/#breadcrumb","itemListElement":[{"@type":"ListItem","position":1,"name":"Home","item":"https:\/\/leckerekekse.de\/wordpress\/"},{"@type":"ListItem","position":2,"name":"bookup: Gala Deutscher H\u00f6rbuchpreis"}]},{"@type":"WebSite","@id":"https:\/\/leckerekekse.de\/wordpress\/#website","url":"https:\/\/leckerekekse.de\/wordpress\/","name":"Leckere Kekse &amp; mehr","description":"Kekse backen, B\u00fccher lesen und mehr","publisher":{"@id":"https:\/\/leckerekekse.de\/wordpress\/#\/schema\/person\/8f45748de22f11ca6e316da813f59b85"},"potentialAction":[{"@type":"SearchAction","target":{"@type":"EntryPoint","urlTemplate":"https:\/\/leckerekekse.de\/wordpress\/?s={search_term_string}"},"query-input":{"@type":"PropertyValueSpecification","valueRequired":true,"valueName":"search_term_string"}}],"inLanguage":"de"},{"@type":["Person","Organization"],"@id":"https:\/\/leckerekekse.de\/wordpress\/#\/schema\/person\/8f45748de22f11ca6e316da813f59b85","name":"Astrid","logo":{"@id":"https:\/\/leckerekekse.de\/wordpress\/#\/schema\/person\/image\/"},"sameAs":["https:\/\/leckerekekse.de\/wordpress"]},{"@type":"Person","@id":"https:\/\/leckerekekse.de\/wordpress\/#\/schema\/person\/161a8971fdc6b42b40eb2cf476f78939","name":"Buchlieberin","sameAs":["https:\/\/leckerekekse.de\/wordpress"]}]}},"_links":{"self":[{"href":"https:\/\/leckerekekse.de\/wordpress\/wp-json\/wp\/v2\/posts\/5545","targetHints":{"allow":["GET"]}}],"collection":[{"href":"https:\/\/leckerekekse.de\/wordpress\/wp-json\/wp\/v2\/posts"}],"about":[{"href":"https:\/\/leckerekekse.de\/wordpress\/wp-json\/wp\/v2\/types\/post"}],"author":[{"embeddable":true,"href":"https:\/\/leckerekekse.de\/wordpress\/wp-json\/wp\/v2\/users\/2"}],"replies":[{"embeddable":true,"href":"https:\/\/leckerekekse.de\/wordpress\/wp-json\/wp\/v2\/comments?post=5545"}],"version-history":[{"count":4,"href":"https:\/\/leckerekekse.de\/wordpress\/wp-json\/wp\/v2\/posts\/5545\/revisions"}],"predecessor-version":[{"id":11553,"href":"https:\/\/leckerekekse.de\/wordpress\/wp-json\/wp\/v2\/posts\/5545\/revisions\/11553"}],"wp:featuredmedia":[{"embeddable":true,"href":"https:\/\/leckerekekse.de\/wordpress\/wp-json\/wp\/v2\/media\/5553"}],"wp:attachment":[{"href":"https:\/\/leckerekekse.de\/wordpress\/wp-json\/wp\/v2\/media?parent=5545"}],"wp:term":[{"taxonomy":"category","embeddable":true,"href":"https:\/\/leckerekekse.de\/wordpress\/wp-json\/wp\/v2\/categories?post=5545"},{"taxonomy":"post_tag","embeddable":true,"href":"https:\/\/leckerekekse.de\/wordpress\/wp-json\/wp\/v2\/tags?post=5545"}],"curies":[{"name":"wp","href":"https:\/\/api.w.org\/{rel}","templated":true}]}}