{"id":5594,"date":"2016-03-22T08:00:35","date_gmt":"2016-03-22T06:00:35","guid":{"rendered":"http:\/\/leckerekekse.de\/wordpress\/?p=5594"},"modified":"2017-10-02T16:51:36","modified_gmt":"2017-10-02T14:51:36","slug":"was-das-meer-ihnen-vorschlug","status":"publish","type":"post","link":"https:\/\/leckerekekse.de\/wordpress\/was-das-meer-ihnen-vorschlug\/","title":{"rendered":"Was das Meer ihnen vorschlug"},"content":{"rendered":"<h5>Der alte Mistkerl und das Meer<\/h5>\n<p>Mario und Javier sind Zwillinge, eigentlich schon erwachsen und wohnen doch noch auf der kleinen Hotelanlage der Eltern. Sie w\u00fcrden zu gerne ihrem j\u00e4hzornigem Vater entkommen, wollen aber ihre Mutter nicht zur\u00fccklassen. Denn Nora ist schizophren und dadurch total unselbst\u00e4ndig.<\/p>\n<p>Da bestimmt der Vater, trotz eines drohenden Sturms, eine Fahrt aufs Meer, zum Fischen. Denn sie angeln sich die Fische f\u00fcr das Restaurant gerne selbst. Drei M\u00e4nner auf dem Meer, ein Sturm und eine (verr\u00fcckte) Frau zu Hause. Das sind gute Ingredienzen f\u00fcr ein Drama.<\/p>\n<p><img loading=\"lazy\" decoding=\"async\" class=\"aligncenter size-full wp-image-5595\" src=\"https:\/\/leckerekekse.de\/wordpress\/wp-content\/uploads\/2016\/03\/Was_das_meer_ihnen_vorschlug_sand.jpg\" alt=\"Was_das_meer_ihnen_vorschlug_sand\" width=\"640\" height=\"427\" srcset=\"https:\/\/leckerekekse.de\/wordpress\/wp-content\/uploads\/2016\/03\/Was_das_meer_ihnen_vorschlug_sand.jpg 640w, https:\/\/leckerekekse.de\/wordpress\/wp-content\/uploads\/2016\/03\/Was_das_meer_ihnen_vorschlug_sand-300x200.jpg 300w\" sizes=\"auto, (max-width: 640px) 100vw, 640px\" \/><\/p>\n<p><!--more-->Vieles erinnert an Hemingway. So bemerkt Javier wohl auch nicht zuf\u00e4llig:<\/p>\n<blockquote><p>Der alte Mistkerl und das Meer.<\/p><\/blockquote>\n<p>Was das Buch von Hemingways Klassiker stark unterscheidet ist der interessante Aufbau: Gonz\u00e1les wechselt dauernd die Perspektive. So kommen die drei M\u00e4nner selbst zu Wort, die Mutter mit den vielf\u00e4ltigen Stimmen im Kopf, Hotelg\u00e4ste. Zum Teil in der dritten Person, zum Teil in der ersten Person geschrieben. Das erfordert vom Leser schon ein gewisses Ma\u00df an Aufmerksamkeit.<\/p>\n<p>Die Timeline wird durch Ank\u00fcndigungen der Uhrzeit im Kapiteltitel allerdings immer offensichtlich gehalten.<\/p>\n<p>Die beiden Br\u00fcder, obgleich Zwillinge, sind sehr unterschiedlich im Temperament und ihren Pl\u00e4nen. Trotzdem verstehen sie sich ohne Worte und ahnen die Handlungen des Bruders meist voraus. Die M\u00e4nner, die gegen die Urgewalten des Meeres k\u00e4mpfen und im Gegensatz dazu die ganz aus der Realit\u00e4t geworfene Mutter an Land. Sie lebt in ihrem unterk\u00fchlten Apartment und feiert Partys mit den Stimmen im Kopf. Allerdings haben ihre \u00c4u\u00dferungen, oder die der Stimmen, auf schon mal Orakel-Charakter, so dass klar wird, dass sie ein wenig von der Realit\u00e4t noch mitbekommt:<\/p>\n<blockquote><p>Unwetter, das den Kompass kreuzt. Sextant, der den Horizont nicht sieht.<\/p><\/blockquote>\n<p>Da gibt es Touristen, die sich dort am Meer, am Strand sehr wohl f\u00fchlen, aber auch sehen:<\/p>\n<blockquote><p>Arm sind die dran, die immer hierbleiben m\u00fcssen, verdammt und festgekettet an dieses Meer.<\/p><\/blockquote>\n<p>So geht es auch Mario und Javier. Festgekettet an die Mutter, denn der Vater hat seine neue Frau, samt gemeinsamen Kind auch schon im Hotel mit untergebracht. Die beiden jungen M\u00e4nner malen sich ihre Zukunft fern des Vaters rosig aus, kommen aber nicht gegen den Patriarch an.<\/p>\n<blockquote><p>Die Bewunderung, die er einst f\u00fcr ihn empfunden hatte \u2013 eine andere Art von Liebe hatte der Alte nie erlaubt &#8211; war l\u00e4ngst nicht mehr da. Mag sein, dass ein Kind sich noch von der St\u00e4rke blenden l\u00e4sst, aber ein junger Mensch nicht mehr.<\/p><\/blockquote>\n<p>Das Buch spielt \u00fcbrigens in Kolumbien. Ein Land, das ich vor allem mit Drogenkartellen in Verbindung bringe. Es gefiel mir sehr gut zu erkennen, dass es dort auch ganz normale Menschen mit allt\u00e4glichen Problemen, Familienstreit und Urlaubssuchende gibt. Die Landschaft muss wundersch\u00f6n sein!<\/p>\n<p><img loading=\"lazy\" decoding=\"async\" class=\"aligncenter size-full wp-image-5596\" src=\"https:\/\/leckerekekse.de\/wordpress\/wp-content\/uploads\/2016\/03\/was_das_meer_tasse.jpg\" alt=\"was_das_meer_tasse\" width=\"640\" height=\"427\" srcset=\"https:\/\/leckerekekse.de\/wordpress\/wp-content\/uploads\/2016\/03\/was_das_meer_tasse.jpg 640w, https:\/\/leckerekekse.de\/wordpress\/wp-content\/uploads\/2016\/03\/was_das_meer_tasse-300x200.jpg 300w\" sizes=\"auto, (max-width: 640px) 100vw, 640px\" \/><\/p>\n<p>Alles ist im Umbruch, ein Generationenwechsel steht eigentlich an, aber die Jungen schaffen es nicht sich durchzusetzen. Der Vater ist gewaltig. K\u00f6rperlich zwar schon vom Alter gekennzeichnet (daf\u00fcr aber noch sehr fit!), da kann er gegen seine Jungs nicht mehr an, aber durch seine Gewaltt\u00e4tigkeit und seine ausge\u00fcbte Macht und Pr\u00e4senz herrscht er \u00fcber alles. Seine S\u00f6hne, seine Frauen, sein Hotel, seine G\u00e4ste, das Meer. Doch:<\/p>\n<blockquote><p>Genau diese Anma\u00dfung, dass man das Meer kennt, hat zu Katastrophen gef\u00fchrt, seitdem es das Meer gibt.<\/p><\/blockquote>\n<p>Und genau diese Katastrophe kommt nicht. Und das ist das, was mir bei dem Buch fehlte. Ich erwartete den tragischen Ausgang. Ein Sturm kam auf und wirbelte alles durcheinander, barg M\u00f6glichkeiten die nicht ergriffen wurden.<\/p>\n<p>Doch sind nicht doch die Br\u00fcder die St\u00e4rkeren, weil sie eben nicht der Versuchung nachgegeben haben? Das Meer bietet den Br\u00fcdern eine M\u00f6glichkeit, die sie nicht ergreifen. Alles wie bei einem klassischen Drama angelegt, ist danach eigentlich alles wieder beim alten. Obwohl vieles m\u00f6glich gewesen w\u00e4re. Ich habe immer auf das dicke Ende gewartet, aber der Sturm zieht vorbei und alles geht seinen alten Gang. Damit hat mich der Autor sehr \u00fcberrascht. Die Probleme Einzelner haben eben keine Auswirkung auf den Gang der Welt und der Gezeiten. Auch wenn das Schlimmste passiert w\u00e4re, h\u00e4tte das Meer selbst keine Ver\u00e4nderung dadurch erfahren. Auch der Vater erf\u00e4hrt keine Ver\u00e4nderung. Er ergreift diese Chance auf seine S\u00f6hne stolz zu sein und sich ihrer Loyalit\u00e4t zu erfreuen, nicht.<\/p>\n<p><img loading=\"lazy\" decoding=\"async\" class=\"aligncenter size-full wp-image-5597\" src=\"https:\/\/leckerekekse.de\/wordpress\/wp-content\/uploads\/2016\/03\/Was_das_meer_ihnen_vorschlug_stein.jpg\" alt=\"Was_das_meer_ihnen_vorschlug_stein\" width=\"640\" height=\"427\" srcset=\"https:\/\/leckerekekse.de\/wordpress\/wp-content\/uploads\/2016\/03\/Was_das_meer_ihnen_vorschlug_stein.jpg 640w, https:\/\/leckerekekse.de\/wordpress\/wp-content\/uploads\/2016\/03\/Was_das_meer_ihnen_vorschlug_stein-300x200.jpg 300w\" sizes=\"auto, (max-width: 640px) 100vw, 640px\" \/><\/p>\n<p>Der Originaltitel des Buches lautet \u201eTemporal\u201c. Eine m\u00f6gliche \u00dcbersetzung dieses spanischen Begriffes ist \u201everg\u00e4nglich\u201c. Im Vergleich zwischen den Schicksalen der Protagonisten und dem Meer wird der Unterschied zwischen Ewigkeit und Verg\u00e4nglichkeit sehr klar.<\/p>\n<p>Sprachlich fand ich diesen Roman sehr gelungen. Die Perspektivwechsel und die immer mitlaufende Timeline machten das Buch f\u00fcr mich sehr spannend. Denn auch an Land spielten sich Dramen ab, die beinahe t\u00f6dlich endeten. Auch die Sprache geht mit der Handlung und dem Sturm, beziehungsweise der Ruhe danach und davor, wunderbar mit. Sehr eindrucksvoll fand ich die Beschreibungen w\u00e4hrend des erfolgreichen Hochseeangelns. Die unausgesprochenen Wettbewerbe, die K\u00f6der, die toten und halbtoten zuckenden Fische. F\u00fcr mich w\u00e4re das nichts, aber mein Kopfkino wurde wirkungsvoll gef\u00fcttert.<\/p>\n<p>Und so findet alles wieder seinen alten Gang, als ob diese 24 Stunden nicht passiert w\u00e4ren, wie auch die beiden letzten S\u00e4tze des Buches verraten:<\/p>\n<blockquote><p>Es gab fast keine Spuren mehr von den Wogen chaotischen Unrats, den die Flut j\u00fcngst auf den Strand gesp\u00fclt hatte. Wie alles auf dieser Welt sind auch die Tropengewitter fl\u00fcchtig in ihrer Ewigkeit.<\/p><\/blockquote>\n<p>\u264c<\/p>\n<p><img loading=\"lazy\" decoding=\"async\" class=\"alignleft wp-image-9974 size-medium\" src=\"https:\/\/leckerekekse.de\/wordpress\/wp-content\/uploads\/2016\/03\/was_das_meer_ihnen_vorschlug_cover-624x1024-183x300.jpg\" alt=\"\" width=\"183\" height=\"300\" srcset=\"https:\/\/leckerekekse.de\/wordpress\/wp-content\/uploads\/2016\/03\/was_das_meer_ihnen_vorschlug_cover-624x1024-183x300.jpg 183w, https:\/\/leckerekekse.de\/wordpress\/wp-content\/uploads\/2016\/03\/was_das_meer_ihnen_vorschlug_cover-624x1024-390x640.jpg 390w, https:\/\/leckerekekse.de\/wordpress\/wp-content\/uploads\/2016\/03\/was_das_meer_ihnen_vorschlug_cover-624x1024.jpg 624w\" sizes=\"auto, (max-width: 183px) 100vw, 183px\" \/><br \/>\nTom\u00e1s Gonz\u00e1les: <a href=\"http:\/\/www.mare.de\/index.php?article_id=4316&amp;setCookie=1\" target=\"_blank\" rel=\"noopener\">Was das Meer ihnen vorschlug<\/a>,<\/p>\n<p>Roman, in einer \u00dcbersetzung aus dem Spanischen<\/p>\n<p>von Rainer Schultze-Kraft und Peter Schultze Kraft,<\/p>\n<p>mareverlag, ISBN 978-3-86648-224-1,<\/p>\n<p>160 Seiten, [D] 18,00 \u20ac<\/p>\n<p>&nbsp;<\/p>\n<p>&nbsp;<\/p>\n<p><span style=\"border-top-left-radius: 2px; border-top-right-radius: 2px; border-bottom-right-radius: 2px; border-bottom-left-radius: 2px; text-indent: 20px; width: auto; padding: 0px 4px 0px 0px; text-align: center; font-style: normal; font-variant-caps: normal; font-weight: bold; font-size: 11px; line-height: 20px; font-family: 'Helvetica Neue', Helvetica, sans-serif; color: #ffffff; background-image: url(data:image\/svg+xml; base64,phn2zyb4bwxucz0iahr0cdovl3d3dy53my5vcmcvmjawmc9zdmciighlawdodd0imzbwecigd2lkdgg9ijmwchgiihzpzxdcb3g9ii0xic0xidmxidmxij48zz48cgf0acbkpsjnmjkundq5lde0ljy2mibdmjkundq5ldiyljcymiaymi44njgsmjkumju2ide0ljc1ldi5lji1nibdni42mzismjkumju2idaumduxldiyljcymiawlja1mswxnc42njigqzaumduxldyunjaxidyunjmyldaumdy3ide0ljc1ldaumdy3iemymi44njgsmc4wnjcgmjkundq5ldyunjaxidi5ljq0oswxnc42njiiigzpbgw9iinmzmyiihn0cm9rzt0ii2zmziigc3ryb2tllxdpzhropsixij48l3bhdgg+phbhdgggzd0itte0ljczmywxljy4nibdny41mtysms42odygms42njusny40otugms42njusmtqunjyyiemxljy2nswymc4xntkgns4xmdksmjquodu0idkuotcsmjyunzq0iem5ljg1niwyns43mtggos43ntmsmjqumtqzidewljaxniwymy4wmjigqzewlji1mywymi4wmsaxms41ndgsmtyuntcyidexlju0ocwxni41nzigqzexlju0ocwxni41nzigmteumtu3lde1ljc5nsaxms4xntcsmtqunjq2iemxms4xntcsmtiuodqyideyljixmswxms40otugmtmuntiyldexljq5nsbdmtqunjm3ldexljq5nsaxns4xnzusmtiumzi2ide1lje3nswxmy4zmjmgqze1lje3nswxnc40mzygmtqundyylde2ljegmtqumdkzlde3ljy0mybdmtmunzg1lde4ljkznsaxnc43ndusmtkuotg4ide2ljayocwxos45odggqze4ljm1mswxos45odggmjaumtm2lde3lju1niaymc4xmzysmtqumdq2iemymc4xmzysmtauotm5ide3ljg4ocw4ljc2nyaxnc42nzgsoc43njcgqzewljk1osw4ljc2nya4ljc3nywxms41mzygoc43nzcsmtqumzk4iem4ljc3nywxns41mtmgos4ymswxni43mdkgos43ndksmtcumzu5iem5ljg1niwxny40odggos44nzismtcunia5ljg0lde3ljczmsbdos43ndesmtgumtqxidkuntismtkumdizidkundc3lde5ljiwmybdos40miwxos40nca5lji4ocwxos40otegos4wncwxos4znzygqzcunda4lde4ljyymia2ljm4nywxni4yntigni4zodcsmtqumzq5iem2ljm4nywxmc4yntygos4zodmsni40otcgmtuumdiyldyundk3iemxos41ntusni40otcgmjmumdc4ldkunza1idizlja3ocwxmy45otegqzizlja3ocwxoc40njmgmjaumjm5ldiylja2miaxni4yotcsmjiumdyyiemxnc45nzmsmjiumdyyidezljcyocwyms4znzkgmtmumzayldiwlju3mibdmtmumzayldiwlju3miaxmi42ndcsmjmumdugmtiundg4ldizljy1nybdmtiumtkzldi0ljc4ncaxms4zotysmjyumtk2idewljg2mywyny4wntggqzeylja4niwyny40mzqgmtmumzg2ldi3ljyznyaxnc43mzmsmjcunjm3iemyms45nswyny42mzcgmjcuodaxldixljgyocayny44mdesmtqunjyyiemyny44mdesny40otugmjeuotusms42odygmtqunzmzldeunjg2iibmawxspsijymqwodfjij48l3bhdgg+pc9npjwvc3znpg==); background-size: 14px 14px; background-color: #bd081c; position: absolute; opacity: 1; z-index: 8675309; display: none; cursor: pointer; border: none; -webkit-font-smoothing: antialiased; top: 3494px; left: 148px; background-position: 3px 50%; background-repeat: no-repeat no-repeat;\">Merken<\/span><span style=\"border-top-left-radius: 2px; border-top-right-radius: 2px; border-bottom-right-radius: 2px; border-bottom-left-radius: 2px; text-indent: 20px; width: auto; padding: 0px 4px 0px 0px; text-align: center; font-style: normal; font-variant-caps: normal; font-weight: bold; font-size: 11px; line-height: 20px; font-family: 'Helvetica Neue', Helvetica, sans-serif; color: #ffffff; background-image: url(data:image\/svg+xml; base64,phn2zyb4bwxucz0iahr0cdovl3d3dy53my5vcmcvmjawmc9zdmciighlawdodd0imzbwecigd2lkdgg9ijmwchgiihzpzxdcb3g9ii0xic0xidmxidmxij48zz48cgf0acbkpsjnmjkundq5lde0ljy2mibdmjkundq5ldiyljcymiaymi44njgsmjkumju2ide0ljc1ldi5lji1nibdni42mzismjkumju2idaumduxldiyljcymiawlja1mswxnc42njigqzaumduxldyunjaxidyunjmyldaumdy3ide0ljc1ldaumdy3iemymi44njgsmc4wnjcgmjkundq5ldyunjaxidi5ljq0oswxnc42njiiigzpbgw9iinmzmyiihn0cm9rzt0ii2zmziigc3ryb2tllxdpzhropsixij48l3bhdgg+phbhdgggzd0itte0ljczmywxljy4nibdny41mtysms42odygms42njusny40otugms42njusmtqunjyyiemxljy2nswymc4xntkgns4xmdksmjquodu0idkuotcsmjyunzq0iem5ljg1niwyns43mtggos43ntmsmjqumtqzidewljaxniwymy4wmjigqzewlji1mywymi4wmsaxms41ndgsmtyuntcyidexlju0ocwxni41nzigqzexlju0ocwxni41nzigmteumtu3lde1ljc5nsaxms4xntcsmtqunjq2iemxms4xntcsmtiuodqyideyljixmswxms40otugmtmuntiyldexljq5nsbdmtqunjm3ldexljq5nsaxns4xnzusmtiumzi2ide1lje3nswxmy4zmjmgqze1lje3nswxnc40mzygmtqundyylde2ljegmtqumdkzlde3ljy0mybdmtmunzg1lde4ljkznsaxnc43ndusmtkuotg4ide2ljayocwxos45odggqze4ljm1mswxos45odggmjaumtm2lde3lju1niaymc4xmzysmtqumdq2iemymc4xmzysmtauotm5ide3ljg4ocw4ljc2nyaxnc42nzgsoc43njcgqzewljk1osw4ljc2nya4ljc3nywxms41mzygoc43nzcsmtqumzk4iem4ljc3nywxns41mtmgos4ymswxni43mdkgos43ndksmtcumzu5iem5ljg1niwxny40odggos44nzismtcunia5ljg0lde3ljczmsbdos43ndesmtgumtqxidkuntismtkumdizidkundc3lde5ljiwmybdos40miwxos40nca5lji4ocwxos40otegos4wncwxos4znzygqzcunda4lde4ljyymia2ljm4nywxni4yntigni4zodcsmtqumzq5iem2ljm4nywxmc4yntygos4zodmsni40otcgmtuumdiyldyundk3iemxos41ntusni40otcgmjmumdc4ldkunza1idizlja3ocwxmy45otegqzizlja3ocwxoc40njmgmjaumjm5ldiylja2miaxni4yotcsmjiumdyyiemxnc45nzmsmjiumdyyidezljcyocwyms4znzkgmtmumzayldiwlju3mibdmtmumzayldiwlju3miaxmi42ndcsmjmumdugmtiundg4ldizljy1nybdmtiumtkzldi0ljc4ncaxms4zotysmjyumtk2idewljg2mywyny4wntggqzeylja4niwyny40mzqgmtmumzg2ldi3ljyznyaxnc43mzmsmjcunjm3iemyms45nswyny42mzcgmjcuodaxldixljgyocayny44mdesmtqunjyyiemyny44mdesny40otugmjeuotusms42odygmtqunzmzldeunjg2iibmawxspsijymqwodfjij48l3bhdgg+pc9npjwvc3znpg==); background-size: 14px 14px; background-color: #bd081c; position: absolute; opacity: 1; z-index: 8675309; display: none; cursor: pointer; border: none; -webkit-font-smoothing: antialiased; top: 3494px; left: 148px; background-position: 3px 50%; background-repeat: no-repeat no-repeat;\">Merken<\/span><\/p>\n","protected":false},"excerpt":{"rendered":"<p>Der alte Mistkerl und das Meer Mario und Javier sind Zwillinge, eigentlich schon erwachsen und wohnen doch noch auf der kleinen Hotelanlage der Eltern. Sie w\u00fcrden zu gerne ihrem j\u00e4hzornigem Vater entkommen, wollen aber ihre Mutter nicht zur\u00fccklassen. Denn Nora ist schizophren und dadurch total unselbst\u00e4ndig. Da bestimmt der Vater, trotz eines drohenden Sturms, eine [&hellip;]<\/p>\n","protected":false},"author":2,"featured_media":5596,"comment_status":"open","ping_status":"open","sticky":false,"template":"","format":"standard","meta":{"footnotes":""},"categories":[1,3],"tags":[557,129,544,27],"class_list":["post-5594","post","type-post","status-publish","format-standard","has-post-thumbnail","hentry","category-allgemein","category-buecher","tag-drama","tag-familie","tag-mare-verlag","tag-meer"],"yoast_head":"<!-- This site is optimized with the Yoast SEO plugin v27.5 - https:\/\/yoast.com\/product\/yoast-seo-wordpress\/ -->\n<title>Was das Meer ihnen vorschlug | Leckere Kekse &amp; mehr<\/title>\n<meta name=\"description\" content=\"Zwei S\u00f6hne, ein j\u00e4hzorniger Vater und eine verr\u00fcckte Mutter: Familiendrama in Klumbien. Und ein Buch \u00fcber das ewige Meer.\" \/>\n<meta name=\"robots\" content=\"index, follow, max-snippet:-1, max-image-preview:large, max-video-preview:-1\" \/>\n<link rel=\"canonical\" href=\"https:\/\/leckerekekse.de\/wordpress\/was-das-meer-ihnen-vorschlug\/\" \/>\n<meta property=\"og:locale\" content=\"de_DE\" \/>\n<meta property=\"og:type\" content=\"article\" \/>\n<meta property=\"og:title\" content=\"Was das Meer ihnen vorschlug | Leckere Kekse &amp; mehr\" \/>\n<meta property=\"og:description\" content=\"Zwei S\u00f6hne, ein j\u00e4hzorniger Vater und eine verr\u00fcckte Mutter: Familiendrama in Klumbien. Und ein Buch \u00fcber das ewige Meer.\" \/>\n<meta property=\"og:url\" content=\"https:\/\/leckerekekse.de\/wordpress\/was-das-meer-ihnen-vorschlug\/\" \/>\n<meta property=\"og:site_name\" content=\"Leckere Kekse &amp; mehr\" \/>\n<meta property=\"article:published_time\" content=\"2016-03-22T06:00:35+00:00\" \/>\n<meta property=\"article:modified_time\" content=\"2017-10-02T14:51:36+00:00\" \/>\n<meta property=\"og:image\" content=\"https:\/\/leckerekekse.de\/wordpress\/wp-content\/uploads\/2016\/03\/was_das_meer_tasse.jpg\" \/>\n\t<meta property=\"og:image:width\" content=\"640\" \/>\n\t<meta property=\"og:image:height\" content=\"427\" \/>\n\t<meta property=\"og:image:type\" content=\"image\/jpeg\" \/>\n<meta name=\"author\" content=\"Buchlieberin\" \/>\n<meta name=\"twitter:label1\" content=\"Verfasst von\" \/>\n\t<meta name=\"twitter:data1\" content=\"Buchlieberin\" \/>\n\t<meta name=\"twitter:label2\" content=\"Gesch\u00e4tzte Lesezeit\" \/>\n\t<meta name=\"twitter:data2\" content=\"5\u00a0Minuten\" \/>\n<script type=\"application\/ld+json\" class=\"yoast-schema-graph\">{\"@context\":\"https:\\\/\\\/schema.org\",\"@graph\":[{\"@type\":\"Article\",\"@id\":\"https:\\\/\\\/leckerekekse.de\\\/wordpress\\\/was-das-meer-ihnen-vorschlug\\\/#article\",\"isPartOf\":{\"@id\":\"https:\\\/\\\/leckerekekse.de\\\/wordpress\\\/was-das-meer-ihnen-vorschlug\\\/\"},\"author\":{\"name\":\"Buchlieberin\",\"@id\":\"https:\\\/\\\/leckerekekse.de\\\/wordpress\\\/#\\\/schema\\\/person\\\/161a8971fdc6b42b40eb2cf476f78939\"},\"headline\":\"Was das Meer ihnen vorschlug\",\"datePublished\":\"2016-03-22T06:00:35+00:00\",\"dateModified\":\"2017-10-02T14:51:36+00:00\",\"mainEntityOfPage\":{\"@id\":\"https:\\\/\\\/leckerekekse.de\\\/wordpress\\\/was-das-meer-ihnen-vorschlug\\\/\"},\"wordCount\":965,\"commentCount\":0,\"publisher\":{\"@id\":\"https:\\\/\\\/leckerekekse.de\\\/wordpress\\\/#\\\/schema\\\/person\\\/8f45748de22f11ca6e316da813f59b85\"},\"image\":{\"@id\":\"https:\\\/\\\/leckerekekse.de\\\/wordpress\\\/was-das-meer-ihnen-vorschlug\\\/#primaryimage\"},\"thumbnailUrl\":\"https:\\\/\\\/leckerekekse.de\\\/wordpress\\\/wp-content\\\/uploads\\\/2016\\\/03\\\/was_das_meer_tasse.jpg\",\"keywords\":[\"Drama\",\"Familie\",\"mare Verlag\",\"Meer\"],\"articleSection\":{\"1\":\"B\u00fccher\"},\"inLanguage\":\"de\",\"potentialAction\":[{\"@type\":\"CommentAction\",\"name\":\"Comment\",\"target\":[\"https:\\\/\\\/leckerekekse.de\\\/wordpress\\\/was-das-meer-ihnen-vorschlug\\\/#respond\"]}]},{\"@type\":\"WebPage\",\"@id\":\"https:\\\/\\\/leckerekekse.de\\\/wordpress\\\/was-das-meer-ihnen-vorschlug\\\/\",\"url\":\"https:\\\/\\\/leckerekekse.de\\\/wordpress\\\/was-das-meer-ihnen-vorschlug\\\/\",\"name\":\"Was das Meer ihnen vorschlug | Leckere Kekse &amp; mehr\",\"isPartOf\":{\"@id\":\"https:\\\/\\\/leckerekekse.de\\\/wordpress\\\/#website\"},\"primaryImageOfPage\":{\"@id\":\"https:\\\/\\\/leckerekekse.de\\\/wordpress\\\/was-das-meer-ihnen-vorschlug\\\/#primaryimage\"},\"image\":{\"@id\":\"https:\\\/\\\/leckerekekse.de\\\/wordpress\\\/was-das-meer-ihnen-vorschlug\\\/#primaryimage\"},\"thumbnailUrl\":\"https:\\\/\\\/leckerekekse.de\\\/wordpress\\\/wp-content\\\/uploads\\\/2016\\\/03\\\/was_das_meer_tasse.jpg\",\"datePublished\":\"2016-03-22T06:00:35+00:00\",\"dateModified\":\"2017-10-02T14:51:36+00:00\",\"description\":\"Zwei S\u00f6hne, ein j\u00e4hzorniger Vater und eine verr\u00fcckte Mutter: Familiendrama in Klumbien. Und ein Buch \u00fcber das ewige Meer.\",\"breadcrumb\":{\"@id\":\"https:\\\/\\\/leckerekekse.de\\\/wordpress\\\/was-das-meer-ihnen-vorschlug\\\/#breadcrumb\"},\"inLanguage\":\"de\",\"potentialAction\":[{\"@type\":\"ReadAction\",\"target\":[\"https:\\\/\\\/leckerekekse.de\\\/wordpress\\\/was-das-meer-ihnen-vorschlug\\\/\"]}]},{\"@type\":\"ImageObject\",\"inLanguage\":\"de\",\"@id\":\"https:\\\/\\\/leckerekekse.de\\\/wordpress\\\/was-das-meer-ihnen-vorschlug\\\/#primaryimage\",\"url\":\"https:\\\/\\\/leckerekekse.de\\\/wordpress\\\/wp-content\\\/uploads\\\/2016\\\/03\\\/was_das_meer_tasse.jpg\",\"contentUrl\":\"https:\\\/\\\/leckerekekse.de\\\/wordpress\\\/wp-content\\\/uploads\\\/2016\\\/03\\\/was_das_meer_tasse.jpg\",\"width\":640,\"height\":427},{\"@type\":\"BreadcrumbList\",\"@id\":\"https:\\\/\\\/leckerekekse.de\\\/wordpress\\\/was-das-meer-ihnen-vorschlug\\\/#breadcrumb\",\"itemListElement\":[{\"@type\":\"ListItem\",\"position\":1,\"name\":\"Home\",\"item\":\"https:\\\/\\\/leckerekekse.de\\\/wordpress\\\/\"},{\"@type\":\"ListItem\",\"position\":2,\"name\":\"Was das Meer ihnen vorschlug\"}]},{\"@type\":\"WebSite\",\"@id\":\"https:\\\/\\\/leckerekekse.de\\\/wordpress\\\/#website\",\"url\":\"https:\\\/\\\/leckerekekse.de\\\/wordpress\\\/\",\"name\":\"Leckere Kekse &amp; mehr\",\"description\":\"Kekse backen, B\u00fccher lesen und mehr\",\"publisher\":{\"@id\":\"https:\\\/\\\/leckerekekse.de\\\/wordpress\\\/#\\\/schema\\\/person\\\/8f45748de22f11ca6e316da813f59b85\"},\"potentialAction\":[{\"@type\":\"SearchAction\",\"target\":{\"@type\":\"EntryPoint\",\"urlTemplate\":\"https:\\\/\\\/leckerekekse.de\\\/wordpress\\\/?s={search_term_string}\"},\"query-input\":{\"@type\":\"PropertyValueSpecification\",\"valueRequired\":true,\"valueName\":\"search_term_string\"}}],\"inLanguage\":\"de\"},{\"@type\":[\"Person\",\"Organization\"],\"@id\":\"https:\\\/\\\/leckerekekse.de\\\/wordpress\\\/#\\\/schema\\\/person\\\/8f45748de22f11ca6e316da813f59b85\",\"name\":\"Astrid\",\"logo\":{\"@id\":\"https:\\\/\\\/leckerekekse.de\\\/wordpress\\\/#\\\/schema\\\/person\\\/image\\\/\"},\"sameAs\":[\"https:\\\/\\\/leckerekekse.de\\\/wordpress\"]},{\"@type\":\"Person\",\"@id\":\"https:\\\/\\\/leckerekekse.de\\\/wordpress\\\/#\\\/schema\\\/person\\\/161a8971fdc6b42b40eb2cf476f78939\",\"name\":\"Buchlieberin\",\"sameAs\":[\"https:\\\/\\\/leckerekekse.de\\\/wordpress\"]}]}<\/script>\n<!-- \/ Yoast SEO plugin. -->","yoast_head_json":{"title":"Was das Meer ihnen vorschlug | Leckere Kekse &amp; mehr","description":"Zwei S\u00f6hne, ein j\u00e4hzorniger Vater und eine verr\u00fcckte Mutter: Familiendrama in Klumbien. Und ein Buch \u00fcber das ewige Meer.","robots":{"index":"index","follow":"follow","max-snippet":"max-snippet:-1","max-image-preview":"max-image-preview:large","max-video-preview":"max-video-preview:-1"},"canonical":"https:\/\/leckerekekse.de\/wordpress\/was-das-meer-ihnen-vorschlug\/","og_locale":"de_DE","og_type":"article","og_title":"Was das Meer ihnen vorschlug | Leckere Kekse &amp; mehr","og_description":"Zwei S\u00f6hne, ein j\u00e4hzorniger Vater und eine verr\u00fcckte Mutter: Familiendrama in Klumbien. Und ein Buch \u00fcber das ewige Meer.","og_url":"https:\/\/leckerekekse.de\/wordpress\/was-das-meer-ihnen-vorschlug\/","og_site_name":"Leckere Kekse &amp; mehr","article_published_time":"2016-03-22T06:00:35+00:00","article_modified_time":"2017-10-02T14:51:36+00:00","og_image":[{"width":640,"height":427,"url":"https:\/\/leckerekekse.de\/wordpress\/wp-content\/uploads\/2016\/03\/was_das_meer_tasse.jpg","type":"image\/jpeg"}],"author":"Buchlieberin","twitter_misc":{"Verfasst von":"Buchlieberin","Gesch\u00e4tzte Lesezeit":"5\u00a0Minuten"},"schema":{"@context":"https:\/\/schema.org","@graph":[{"@type":"Article","@id":"https:\/\/leckerekekse.de\/wordpress\/was-das-meer-ihnen-vorschlug\/#article","isPartOf":{"@id":"https:\/\/leckerekekse.de\/wordpress\/was-das-meer-ihnen-vorschlug\/"},"author":{"name":"Buchlieberin","@id":"https:\/\/leckerekekse.de\/wordpress\/#\/schema\/person\/161a8971fdc6b42b40eb2cf476f78939"},"headline":"Was das Meer ihnen vorschlug","datePublished":"2016-03-22T06:00:35+00:00","dateModified":"2017-10-02T14:51:36+00:00","mainEntityOfPage":{"@id":"https:\/\/leckerekekse.de\/wordpress\/was-das-meer-ihnen-vorschlug\/"},"wordCount":965,"commentCount":0,"publisher":{"@id":"https:\/\/leckerekekse.de\/wordpress\/#\/schema\/person\/8f45748de22f11ca6e316da813f59b85"},"image":{"@id":"https:\/\/leckerekekse.de\/wordpress\/was-das-meer-ihnen-vorschlug\/#primaryimage"},"thumbnailUrl":"https:\/\/leckerekekse.de\/wordpress\/wp-content\/uploads\/2016\/03\/was_das_meer_tasse.jpg","keywords":["Drama","Familie","mare Verlag","Meer"],"articleSection":{"1":"B\u00fccher"},"inLanguage":"de","potentialAction":[{"@type":"CommentAction","name":"Comment","target":["https:\/\/leckerekekse.de\/wordpress\/was-das-meer-ihnen-vorschlug\/#respond"]}]},{"@type":"WebPage","@id":"https:\/\/leckerekekse.de\/wordpress\/was-das-meer-ihnen-vorschlug\/","url":"https:\/\/leckerekekse.de\/wordpress\/was-das-meer-ihnen-vorschlug\/","name":"Was das Meer ihnen vorschlug | Leckere Kekse &amp; mehr","isPartOf":{"@id":"https:\/\/leckerekekse.de\/wordpress\/#website"},"primaryImageOfPage":{"@id":"https:\/\/leckerekekse.de\/wordpress\/was-das-meer-ihnen-vorschlug\/#primaryimage"},"image":{"@id":"https:\/\/leckerekekse.de\/wordpress\/was-das-meer-ihnen-vorschlug\/#primaryimage"},"thumbnailUrl":"https:\/\/leckerekekse.de\/wordpress\/wp-content\/uploads\/2016\/03\/was_das_meer_tasse.jpg","datePublished":"2016-03-22T06:00:35+00:00","dateModified":"2017-10-02T14:51:36+00:00","description":"Zwei S\u00f6hne, ein j\u00e4hzorniger Vater und eine verr\u00fcckte Mutter: Familiendrama in Klumbien. Und ein Buch \u00fcber das ewige Meer.","breadcrumb":{"@id":"https:\/\/leckerekekse.de\/wordpress\/was-das-meer-ihnen-vorschlug\/#breadcrumb"},"inLanguage":"de","potentialAction":[{"@type":"ReadAction","target":["https:\/\/leckerekekse.de\/wordpress\/was-das-meer-ihnen-vorschlug\/"]}]},{"@type":"ImageObject","inLanguage":"de","@id":"https:\/\/leckerekekse.de\/wordpress\/was-das-meer-ihnen-vorschlug\/#primaryimage","url":"https:\/\/leckerekekse.de\/wordpress\/wp-content\/uploads\/2016\/03\/was_das_meer_tasse.jpg","contentUrl":"https:\/\/leckerekekse.de\/wordpress\/wp-content\/uploads\/2016\/03\/was_das_meer_tasse.jpg","width":640,"height":427},{"@type":"BreadcrumbList","@id":"https:\/\/leckerekekse.de\/wordpress\/was-das-meer-ihnen-vorschlug\/#breadcrumb","itemListElement":[{"@type":"ListItem","position":1,"name":"Home","item":"https:\/\/leckerekekse.de\/wordpress\/"},{"@type":"ListItem","position":2,"name":"Was das Meer ihnen vorschlug"}]},{"@type":"WebSite","@id":"https:\/\/leckerekekse.de\/wordpress\/#website","url":"https:\/\/leckerekekse.de\/wordpress\/","name":"Leckere Kekse &amp; mehr","description":"Kekse backen, B\u00fccher lesen und mehr","publisher":{"@id":"https:\/\/leckerekekse.de\/wordpress\/#\/schema\/person\/8f45748de22f11ca6e316da813f59b85"},"potentialAction":[{"@type":"SearchAction","target":{"@type":"EntryPoint","urlTemplate":"https:\/\/leckerekekse.de\/wordpress\/?s={search_term_string}"},"query-input":{"@type":"PropertyValueSpecification","valueRequired":true,"valueName":"search_term_string"}}],"inLanguage":"de"},{"@type":["Person","Organization"],"@id":"https:\/\/leckerekekse.de\/wordpress\/#\/schema\/person\/8f45748de22f11ca6e316da813f59b85","name":"Astrid","logo":{"@id":"https:\/\/leckerekekse.de\/wordpress\/#\/schema\/person\/image\/"},"sameAs":["https:\/\/leckerekekse.de\/wordpress"]},{"@type":"Person","@id":"https:\/\/leckerekekse.de\/wordpress\/#\/schema\/person\/161a8971fdc6b42b40eb2cf476f78939","name":"Buchlieberin","sameAs":["https:\/\/leckerekekse.de\/wordpress"]}]}},"_links":{"self":[{"href":"https:\/\/leckerekekse.de\/wordpress\/wp-json\/wp\/v2\/posts\/5594","targetHints":{"allow":["GET"]}}],"collection":[{"href":"https:\/\/leckerekekse.de\/wordpress\/wp-json\/wp\/v2\/posts"}],"about":[{"href":"https:\/\/leckerekekse.de\/wordpress\/wp-json\/wp\/v2\/types\/post"}],"author":[{"embeddable":true,"href":"https:\/\/leckerekekse.de\/wordpress\/wp-json\/wp\/v2\/users\/2"}],"replies":[{"embeddable":true,"href":"https:\/\/leckerekekse.de\/wordpress\/wp-json\/wp\/v2\/comments?post=5594"}],"version-history":[{"count":3,"href":"https:\/\/leckerekekse.de\/wordpress\/wp-json\/wp\/v2\/posts\/5594\/revisions"}],"predecessor-version":[{"id":9975,"href":"https:\/\/leckerekekse.de\/wordpress\/wp-json\/wp\/v2\/posts\/5594\/revisions\/9975"}],"wp:featuredmedia":[{"embeddable":true,"href":"https:\/\/leckerekekse.de\/wordpress\/wp-json\/wp\/v2\/media\/5596"}],"wp:attachment":[{"href":"https:\/\/leckerekekse.de\/wordpress\/wp-json\/wp\/v2\/media?parent=5594"}],"wp:term":[{"taxonomy":"category","embeddable":true,"href":"https:\/\/leckerekekse.de\/wordpress\/wp-json\/wp\/v2\/categories?post=5594"},{"taxonomy":"post_tag","embeddable":true,"href":"https:\/\/leckerekekse.de\/wordpress\/wp-json\/wp\/v2\/tags?post=5594"}],"curies":[{"name":"wp","href":"https:\/\/api.w.org\/{rel}","templated":true}]}}