{"id":5889,"date":"2016-04-24T07:00:27","date_gmt":"2016-04-24T05:00:27","guid":{"rendered":"http:\/\/leckerekekse.de\/wordpress\/?p=5889"},"modified":"2017-04-26T18:18:21","modified_gmt":"2017-04-26T16:18:21","slug":"verlagsvorstellung-duotincta","status":"publish","type":"post","link":"https:\/\/leckerekekse.de\/wordpress\/verlagsvorstellung-duotincta\/","title":{"rendered":"Verlagsvorstellung duotincta"},"content":{"rendered":"<p>Heute stelle ich einen ganz jungen Verlag vor: der duotincta Verlag erblickte erst im letzten Jahr das Licht der B\u00fccherwelt.<\/p>\n<p>Das Programm ist noch nicht sehr gro\u00df, aber vielf\u00e4ltig und interessant. Bisher habe ich aus diesem Verlag das Buch &#8222;<a href=\"https:\/\/leckerekekse.de\/wordpress\/dezemberfieber\/\" target=\"_blank\">Dezemberfieber<\/a>&#8220; von <a href=\"https:\/\/rudkoffsky.com\/\" target=\"_blank\">Frank Rudkoffsky<\/a> besprochen.<\/p>\n<p>Um diesen Verlag vorzustellen f\u00fchrte ich ein eMail-Interview mit J\u00fcrgen Volk, dem Mann, der im Verlag f\u00fcr marketing, Vertrieb und PR zust\u00e4ndig ist. J\u00fcrgen ist selbst Autor, Lektor und jetzt auch Verleger.<\/p>\n<p>Die Photos von J\u00fcrgen stellte er mir zur Verf\u00fcgung und die Rechte daf\u00fcr liegen bei ihm.<\/p>\n<h6>Zum Aufw\u00e4rmen ein paar pers\u00f6nliche Fragen<\/h6>\n<div id=\"attachment_5890\" style=\"width: 592px\" class=\"wp-caption aligncenter\"><img loading=\"lazy\" decoding=\"async\" aria-describedby=\"caption-attachment-5890\" class=\"wp-image-5890 size-full\" src=\"https:\/\/leckerekekse.de\/wordpress\/wp-content\/uploads\/2016\/04\/J\u00fcrgen_Volk.jpg\" alt=\"J\u00fcrgen_Volk\" width=\"582\" height=\"640\" srcset=\"https:\/\/leckerekekse.de\/wordpress\/wp-content\/uploads\/2016\/04\/J\u00fcrgen_Volk.jpg 582w, https:\/\/leckerekekse.de\/wordpress\/wp-content\/uploads\/2016\/04\/J\u00fcrgen_Volk-273x300.jpg 273w\" sizes=\"auto, (max-width: 582px) 100vw, 582px\" \/><p id=\"caption-attachment-5890\" class=\"wp-caption-text\">Copyrigth bei J\u00fcrgen Volk<\/p><\/div>\n<p><!--more--><\/p>\n<h6>Welches Buch hast Du im letzten Urlaub gelesen?<\/h6>\n<p>Der letzte Urlaub liegt schon ein wenig zur\u00fcck, da habe ich zum Jahreswechsel <em>Der schwarze Obelisk<\/em> von Erich Maria Remarque gelesen. Aktuell und in Vorfreude auf die Buchpremiere von Wolfgang Eichers <em>Die Insel<\/em>\u00a0 lese ich Stefan Zweig: <em>Die Welt von Gestern<\/em>.<\/p>\n<h6><img loading=\"lazy\" decoding=\"async\" class=\"aligncenter size-full wp-image-5891\" src=\"https:\/\/leckerekekse.de\/wordpress\/wp-content\/uploads\/2016\/04\/2016-03-08_RZ_Cover_DieInsel_RGB.jpg\" alt=\"Cover Die Insel, duotincta Verlag\" width=\"402\" height=\"640\" srcset=\"https:\/\/leckerekekse.de\/wordpress\/wp-content\/uploads\/2016\/04\/2016-03-08_RZ_Cover_DieInsel_RGB.jpg 402w, https:\/\/leckerekekse.de\/wordpress\/wp-content\/uploads\/2016\/04\/2016-03-08_RZ_Cover_DieInsel_RGB-188x300.jpg 188w\" sizes=\"auto, (max-width: 402px) 100vw, 402px\" \/><\/h6>\n<h6>Magst Du uns eine pers\u00f6nliche Buchempfehlung geben?<\/h6>\n<p>Da f\u00e4llt mir spontan Sven Heuchert <em>Asche<\/em> aus dem Bernstein Verlag ein. Und da Lyrik ja immer zu kurz kommt und obwohl ich noch nicht ganz fertig gelesen habe: <em>Der Kairos<\/em> von Rene Kanzler aus dem Programm des Freigeist Verlags. Ich habe ja u.a. Allgemeine Rhetorik und Philosophie studiert und da springt einen der Titel f\u00f6rmlich an \u2026<\/p>\n<h6>Wie sieht dein Arbeitsalltag aus? Was sind deine konkreten Aufgaben?<\/h6>\n<p>Wir bei duotincta sind ja so eine Art Verlegerkollektiv, d.h. es wird, was das Programm oder die Zukunft angeht, basisdemokratisch entschieden, was viel Diskussion mit sich bringt. Das ist aber gut so, denn dadurch haben wir einen lebendigen Austausch und ein Verst\u00e4ndnis des je anderen. Die wichtigen Entscheidungen werden also zu dritt getroffen. Dar\u00fcber hinaus hat jeder sein Gebiet, auf dem er t\u00e4tig ist. Ansgar K\u00f6b ist unser Lektor, Michael Wallmeyer \u00fcbernimmt die Herstellung der Print- und E-Book-Titel, die Auslieferung und die Webseite samt anderen damit verbunden Admin-Aufgaben. Ich hingegen bin der \u201eReklamechef\u201c und mache Marketing\/Vertrieb\/PR, d.h. so ziemlich alles, was das Gesicht und den Auftritt der duotincta nach au\u00dfen hin ausmacht, alles, grob gesagt, damit es eine Einheit und ein Profil gibt.<\/p>\n<h6>Wie hoch ist deine durchschnittliche Wochenarbeitszeit?<\/h6>\n<p>Wir sind ja so eine Art Freizeitverlag, wobei wir immer gerne unterstreichen, dass wir Berufsidealisten sind. Ich selbst gehe 20 Stunden die Woche einer regul\u00e4ren Erwerbsarbeit nach und \u2013 abz\u00fcglich Privatleben und eigener Schriftstellerei \u2013 geht der Rest an duotincta, d.h. 20 Stunden plus X in der Woche. Da sind die Tage dann dicht bepackt, aber Samstagnachmittag ist dann meistens Schluss. Au\u00dfer vor den Messen, da habe ich bisher zwei, drei Wochen unbezahlten Urlaub genommen, damit zur Messe auch die richtige Tapete h\u00e4ngt \ud83d\ude09<\/p>\n<h4>Ein paar Fragen zum Verlag duotincta<\/h4>\n<h6>Wie ist der Name \u201eduotincta\u201c entstanden?<\/h6>\n<p>Das ist ein wenig kompliziert. Urspr\u00fcnglich hatten wir als Namen fahrenheit232 vorgesehen. In Anlehnung, aber auch im Gegensatz zu Ray Bradburys Dystopie <em>Fahrenheit 451<\/em> hatten wir nicht die Temperatur, bei der Papier Feuer f\u00e4ngt, gew\u00e4hlt, sondern diejenige, bei der Papier in der Produktion entsteht. Unsere pers\u00f6nliche Utopie sozusagen, bei der wir digital beginnen wollten, um dann Papier in Form von B\u00fcchern entstehen zu lassen \u2026 W\u00e4hrend unserer Recherchen hatten wir gesehen, dass es in M\u00fcnchen einmal einen Fahrenheit Verlag gegeben hatte, der dann aber von Piper geschluckt und irgendwo in den Schubladen verschwunden war. Also machten wir uns ans Werk, gingen mit Facebook- sowie Webseite online und merkten einige Wochen sp\u00e4ter, dass Piper mit fahrenheitbooks ein E-Book-Projekt gestartet hatte. Namensrechtlich h\u00e4tte das unseren Informationen nach sogar geklappt und wir wollten bei fahrenheit232 bleiben, aber dann sahen wir das Programm von fahrenheitbooks und aufgrund der Namens\u00e4hnlichkeit w\u00e4ren Verwechslungen wohl nicht zu vermeiden gewesen, was dann wiederum nicht in unserem Sinne gewesen w\u00e4re. fahrenheitbooks wurde dann nach einigen Monaten wieder eingestellt. Seit ein paar Wochen gibt es nun Piper Fahrenheit, aber das betrifft uns nun alles nicht mehr. Damals war es allerdings eine Katastrophe. Wir entschieden uns kurz vor Ostern, den alten Namen zu begraben und begannen wieder von Null bei der Namensfindung. Sinnigerweise kam es dann \u00fcber das Osterwochenende zur Erleuchtung. Die duotincta manifestierte sich vor meinen Augen und wir feierten Wiederauferstehung. Die duotincta steht f\u00fcr die beiden Tintenarten, die wir bedienen: einmal die E-ink auf dem E-Book-Reader und zum anderen die Druckerschw\u00e4rze bei den Printausgaben. Ein Traum w\u00fcrde sich f\u00fcr uns erf\u00fcllen, wenn die Mehrwertsteuer f\u00fcr E-Books an die f\u00fcr Printb\u00fccher angeglichen werden w\u00fcrde, damit wir beide Fassungen auch im Duo anbieten k\u00f6nnten. Aber danach sieht es gerade leider nicht aus \u2026 Eine weitere Bedeutung der duotincta ist \u00fcbrigens, dass es sich um eine Orchideenart handelt. Besonders ist sie ja, die duotincta, und zurzeit erfreuen wir uns daran zuzusehen, wie sie bl\u00fcht \u2026<\/p>\n<h6>Was ist das Besondere am duotincta Verlag?<\/h6>\n<p>Es w\u00e4re jetzt ein wenig billig zu sagen: das Programm. Was uns von anderen, nicht allen Verlagen, unterscheidet, ist der pers\u00f6nliche Umgang mit Autoren, Buchh\u00e4ndlern, Bloggern und Lesern. Dieser Umgang wurde schon mehrfach als famili\u00e4r bezeichnet. Obwohl wir Freizeitverleger sind, hat jeder von uns Verlagserfahrung, ich beispielsweise als Bereichsleiter Marketing\/Vertrieb beim Kunstbuchverlag Schnell &amp; Steiner. Dazu kenne ich die Autorenperspektive, kenne also die Sorgen, Fragen und Herausforderungen, die auf eine Autorin oder einen Autor bei der Erstver\u00f6ffentlichung zukommen, was in der Kommunikation sehr hilft. Wie gesagt, wir sind klein, und von daher haben die Autoren immer den direkten Draht und auch die M\u00f6glichkeit, sich in allen Belangen mit einzubringen, vom Lektorat \u00fcber die Covergestaltung bis hin zur Vermarktung. Bei uns wird keiner gezwungen. Ein Alleinstellungsmerkmal, das mir noch einfiele, wobei ich mir nicht sicher bin, ob das andere nicht auch machen, w\u00e4re, dass auf unserem <a href=\"https:\/\/www.youtube.com\/channel\/UCrzfhfm3tgbzgHi8nF_3xYw\" target=\"_blank\">youtube-Kanal<\/a> zu jedem Titel nicht nur ein Buchtrailer, sondern auch eine Videoleseprobe mit dem Autor pers\u00f6nlich zu finden ist. Das Allerwichtigste sind aber unsere Autoren, die wirklich nichts zu w\u00fcnschen \u00fcbrig lassen. Welcher Verlag hat schon Autoren, die alles geben, sich beispielsweise einen QR-Code, der zur Verlagsseite f\u00fchrt, auf den Oberarm t\u00e4towieren lassen?<\/p>\n<h6>Was ist das bisher bestverkaufte Buch?<\/h6>\n<p>Normalerweise geh\u00f6rt es ja zum guten Ton und auch auf R\u00fccksicht auf die AutorInnen, nicht allzu viel in der \u00d6ffentlichkeit \u00fcber Verkaufszahlen und wer wieviel verkauft hat zu sprechen. Aber nachdem wir nur einen Autor haben, der bisher bei Deutschlandradio Kultur, im BR, auf RTL, n24, ntv, Pro7, im RBB, um nur eine Auswahl zu nennen, zu sehen und zu h\u00f6ren war, ist es wohl offensichtlich, dass es sich um Dominik Forster mit <em>crystal.klar<\/em> handelt \u2026 \ud83d\ude09<\/p>\n<h6>Was ist das bisherige Highlight im Programm 2016?<\/h6>\n<p>Im Programm f\u00fcr 2016 gab es bisher drei Glanzlichter. Da ist zum einen Wolfgang Eicher, der uns mit <em>Die Insel <\/em> ins Schwarze Meer, auch der Melancholie, entf\u00fchrt und einen gro\u00dfen Sieg der Liebe beschreibt. Genauso wie Birgit Rabisch es in <em>Die vier Liebeszeiten<\/em> tut, einem Liebesroman, der dort anf\u00e4ngt, wo das Kino normalerweise aufh\u00f6rt: nach dem Happy End; und der auch m\u00e4nnertauglich ist, wie wir drei duotinctaner mit unserer Wahl bewiesen haben.<\/p>\n<p><img loading=\"lazy\" decoding=\"async\" class=\"aligncenter size-full wp-image-5892\" src=\"https:\/\/leckerekekse.de\/wordpress\/wp-content\/uploads\/2016\/04\/2016-02-18_RZ_Cover_Die4Liebeszeiten_RGB.jpg\" alt=\"2016-02-18_RZ_Cover_Die4Liebeszeiten.indd\" width=\"403\" height=\"640\" srcset=\"https:\/\/leckerekekse.de\/wordpress\/wp-content\/uploads\/2016\/04\/2016-02-18_RZ_Cover_Die4Liebeszeiten_RGB.jpg 403w, https:\/\/leckerekekse.de\/wordpress\/wp-content\/uploads\/2016\/04\/2016-02-18_RZ_Cover_Die4Liebeszeiten_RGB-189x300.jpg 189w\" sizes=\"auto, (max-width: 403px) 100vw, 403px\" \/><br \/>\nAuf eine andere Weise gl\u00e4nzt Daniel Breuer mit <em>nathanroad.rec<\/em>. Dieses Glanzst\u00fcck ist nicht nur ein sprachliches Wunderwerk, sondern geht auch sonst sehr ins Experimentelle. Um der Sch\u00f6nheit der Geste willen und um ein Motiv Lucas Cranach d.\u00c4. zu erf\u00fcllen, entf\u00fchren dort zwei der Hauptfiguren drei Zahn\u00e4rzte, um den Stra\u00dfenhunden einer Stadt Goldz\u00e4hne einzusetzen \u2013 und erf\u00fcllen damit auf einer h\u00f6heren Ebene die Bestimmung im Leben eines Klaviertr\u00e4gers, dessen Leben im Hong Kong der 1980er Jahre eine unvorhersehbare Wendung nahm \u2026 Das gl\u00e4nzt nicht nur, das funkelt in allen Spektralfarben!<\/p>\n<h6><img loading=\"lazy\" decoding=\"async\" class=\"aligncenter size-full wp-image-5893\" src=\"https:\/\/leckerekekse.de\/wordpress\/wp-content\/uploads\/2016\/04\/2016-03-05_RZ_Cover_nathanroad_RGB.jpg\" alt=\"Cover_nathanroad.indd\" width=\"401\" height=\"640\" srcset=\"https:\/\/leckerekekse.de\/wordpress\/wp-content\/uploads\/2016\/04\/2016-03-05_RZ_Cover_nathanroad_RGB.jpg 401w, https:\/\/leckerekekse.de\/wordpress\/wp-content\/uploads\/2016\/04\/2016-03-05_RZ_Cover_nathanroad_RGB-188x300.jpg 188w\" sizes=\"auto, (max-width: 401px) 100vw, 401px\" \/><\/h6>\n<p>Auf welche B\u00fccher k\u00f6nnen wir uns besonders freuen?<\/p>\n<p>Mit <em>Gerlinde Gerlach und der Tanz der Tierchen<\/em> von Katharina Gerwens erscheint Ende April nicht nur ein skurriler Roman mit viel schwarzem Humor, sondern auch eine bereits renommierte Autorin bei duotincta.<\/p>\n<p><img loading=\"lazy\" decoding=\"async\" class=\"aligncenter size-full wp-image-5894\" src=\"https:\/\/leckerekekse.de\/wordpress\/wp-content\/uploads\/2016\/04\/2016-04-10_Cover_Entwurf-neu_TanzDerTierchen.jpg\" alt=\"2016-04-10_Cover_Entwurf-neu_TanzDerTierchen\" width=\"451\" height=\"640\" srcset=\"https:\/\/leckerekekse.de\/wordpress\/wp-content\/uploads\/2016\/04\/2016-04-10_Cover_Entwurf-neu_TanzDerTierchen.jpg 451w, https:\/\/leckerekekse.de\/wordpress\/wp-content\/uploads\/2016\/04\/2016-04-10_Cover_Entwurf-neu_TanzDerTierchen-211x300.jpg 211w\" sizes=\"auto, (max-width: 451px) 100vw, 451px\" \/><\/p>\n<p>Vertrauen, das uns f\u00fcr unsere Arbeit belohnt und auch den Deb\u00fct-Autoren Sicherheit gibt, weil wir mit ihr und Birgit Rabisch \u2013 deren zweiter Roman, der bei duotincta unter dem Titel <em>Wir kennen uns nicht<\/em> erscheint \u2013 zwei Autorinnen haben, die schon bei namhaften Verlagen ver\u00f6ffentlich haben.<\/p>\n<p>Weiter freuen wir uns sehr auf einen Fu\u00dfballroman. Mit Schattenheld von Holger Dauer wird zur EM ein Roman kommen, der von der Wunder-von-Bern-Elf handelt und der die unabwendbar kommende Hurra-Patriotismus-Fu\u00dfball-Kommerz-Suppe ein wenig versalzt.<\/p>\n<h6>Was sind zurzeit die individuellen Herausforderungen des Verlags?<\/h6>\n<p>Ja, das liebe Geld \u2013 oder besser gesagt die Kosten \u2026 Mittlerweile kann die duotincta auf eigenen Beinen stehen. Wir steuern nichts mehr bei, holen aber auch nichts raus, wodurch es unter gegenw\u00e4rtigen Bedingungen auf die Dauer schwer sein w\u00fcrde, das bisherige Niveau zu halten. Aber obwohl wir mehr als zwei Jahre Vorarbeit geleistet haben, sind die ersten B\u00fccher ja erst im vergangenen September erschienen. Und der bisherige Erfolg stimmt uns zuversichtlich f\u00fcr die Zukunft. Wir glauben, die duotincta f\u00e4llt in den Bereich der konkreten Utopie, der docta spes nach Ernst Bloch, und wird weiterbl\u00fchen.<\/p>\n<h6>Was hat es mit der \u201eKooperative duotincta\u201c auf sich?<\/h6>\n<p>Die duotincta ist ja nicht nur Verlag, sondern auch E-Book-Dienstleister, d.h. wir produzieren und vertreiben f\u00fcr Verlage, deren Programm mit unserem Ber\u00fchrungspunkte aufweist, die E-Books und bauen auf duotincta.de eine Plattform, ein Programm jenseits des Mainstreams. Dabei wollen wir uns konkret \u00fcber unsere Partnerbuchhandlungen mit dem station\u00e4ren Buchhandel vernetzen. Mit dem <a href=\"https:\/\/www.bernstein-verlag.de\/\" target=\"_blank\">Bernstein Verlag<\/a> und dem deutsch-franz\u00f6sischen Verlag<a href=\"http:\/\/www.rodeodame.fr\/\" target=\"_blank\"> Rod\u00e9o d\u2019\u00e5me<\/a> aus Stra\u00dfburg haben wir schon zwei Partner gefunden und das erste E-Book f\u00fcr den Bernstein Verlag geht in den n\u00e4chsten Tagen online. Sichtbar davon ist noch nicht viel auf der Webseite, weil wir uns den Vorwurf machen m\u00fcssen, in letzter Zeit zu viel B\u00fccher f\u00fcr duotincta gemacht zu haben \ud83d\ude09 Zur zweiten H\u00e4lfte des Jahres wollen wir die Kooperation mehr nach vorne bringen, weil wir \u00fcberzeugt sind, nur wer eine Gemeinschaft um sich sammelt, kann in Zukunft bestehen, anstatt in der Flut der Publikationen, zum Beispiel bei amazon, zu Horrorkonditionen unterzugehen \u2026 Wir m\u00f6chten eine Alternative mit \u00fcberschaubarem Programm zum St\u00f6bern, geb\u00fcndelt aus verschiedenen Verlagen, bieten. Man kann sich \u00fcbrigens jetzt schon auf duotincta registrieren und sich f\u00fcr den Newsletter eintragen \u2013 wenn wir es jemals schaffen, den zu verschicken \ud83d\ude09<\/p>\n<h6>Wie kommen die Kontakte zwischen euch und den Autoren zustande?<\/h6>\n<p>Ganz am Anfang, noch bevor wir online waren, erhielten wir viele Angebote aus dem (erweiterten) Bekanntenkreis, weil sich sowas einfach rumspricht. Jetzt geschieht dies auf den Messen oder ganz einfach per Mail. Manchmal auch im Anschluss an eine Veranstaltung, die in einem Ort stattgefunden hat und in der Zeitung angek\u00fcndigt war. Die Autoren schicken ihre Manuskriptangebote und wir pr\u00fcfen. Das tun wir bisher noch mit jedem Manuskript, auch wenn sich die Zeit, bis ein Autor eine endg\u00fcltige Antwort bekommt, nun immer mehr verl\u00e4ngert, aber wir m\u00fcssen ja auch B\u00fccher machen \u2026 Bei Gefallen unsererseits f\u00fchren wir Gespr\u00e4che und sagen ganz klar, was wir als kleiner Verlag leisten k\u00f6nnen und was nicht. Wenn beide Seiten zufrieden sind, machen wir einen Vertrag und dann ein Buch. Wir sind bem\u00fcht, diese Reihenfolge einzuhalten und es ist uns jetzt fast immer gelungen \u2013 aber Vertr\u00e4ge, nun ja \u2026<\/p>\n<h6>Falls ich einen Verlag gr\u00fcnden m\u00f6chte, welchen Fehler sollte ich dann nicht begehen?<\/h6>\n<p>Wir stehen ja erst am Anfang und werden wohl noch eine Menge Fehler machen \u2026 Grunds\u00e4tzlich glaube ich aber, dass ein junger Verlag heute nur bestehen kann, wenn er eine klare Linie f\u00e4hrt. Wir haben uns f\u00fcr Gegenwartsliteratur mit Anspruch, f\u00fcr das Ungew\u00f6hnliche, f\u00fcr Autoren, die den Finger in die Wunde legen, und das dann auf hohem sprachlichem Niveau tun, entschieden. Daran wird sich auch nichts \u00e4ndern, au\u00dfer dass wir erg\u00e4nzend dazu noch E-Book-Singles machen werden. Wir k\u00f6nnen uns auch vorstellen, dieses Programm, das immer Kern bleiben wird, k\u00fcnftig, also in ferner Zukunft, mit Lyrik oder thematisch nahen Sachb\u00fcchern zu flankieren, aber inhaltlich muss der Verlag, wie auch jeder Roman, ein Versprechen abgeben \u2013 und dies dann auch einl\u00f6sen. Ein Fehler w\u00e4re es, aufgrund von Umsatzaussichten oder anderer Interessen das Programm aufzuweichen. Das w\u00e4re, glaube ich, der S\u00fcndenfall, dem man widerstehen muss. Wer einen Gemischtwarenladen f\u00fchrt, kann nicht das Vertrauen und die Treue einer Leserschaft gewinnen.<\/p>\n<h6>Findet man euch auf beiden Buchmessen (FBM\/LBM)? Oder anderen Veranstaltungen?<\/h6>\n<p>Buchmessezeiten sind die besten Zeiten des Jahres. Es ist fast wie Weihnachten, wo man auch mal das Budget au\u00dfer Acht l\u00e4sst, daf\u00fcr aber alle Lieben trifft und dazu noch an dem arbeitet, wof\u00fcr man lebt. Deshalb sind wir, wenn auch klein, in Frankfurt und Leipzig vertreten. Gerade Leipzig bietet tolle M\u00f6glichkeiten. So hatten wir eine Lesung im Beyerhaus mit allen unseren Autoren und ein volles Literaturforum mit Dominik Forster auf dem Messegel\u00e4nde. Neben den beiden gro\u00dfen Messen sind wir dieses Jahr noch beim Buchquartier in Wien vertreten und \u00fcberdenken derzeit noch auf andere kleinere Messen zu gehen.<\/p>\n<h4>VisionEN!<\/h4>\n<h6>Bitte vervollst\u00e4ndige den Satz: Im Jahr 2025 ist der Verlag duotincta<\/h6>\n<p>anspruchsvollen Lesern ein Begriff, hat aber den Mut zum Experiment und zum ungew\u00f6hnlichen, nicht kommerziellen Programm nicht verloren.<\/p>\n<div id=\"attachment_5898\" style=\"width: 437px\" class=\"wp-caption aligncenter\"><img loading=\"lazy\" decoding=\"async\" aria-describedby=\"caption-attachment-5898\" class=\"wp-image-5898 size-full\" src=\"https:\/\/leckerekekse.de\/wordpress\/wp-content\/uploads\/2016\/04\/VOLK_Juergen_Autorenfoto.jpg\" alt=\"VOLK_Juergen_Autorenfoto\" width=\"427\" height=\"640\" srcset=\"https:\/\/leckerekekse.de\/wordpress\/wp-content\/uploads\/2016\/04\/VOLK_Juergen_Autorenfoto.jpg 427w, https:\/\/leckerekekse.de\/wordpress\/wp-content\/uploads\/2016\/04\/VOLK_Juergen_Autorenfoto-200x300.jpg 200w\" sizes=\"auto, (max-width: 427px) 100vw, 427px\" \/><p id=\"caption-attachment-5898\" class=\"wp-caption-text\">Copyrigth liegt bei J\u00fcrgen Volk<\/p><\/div>\n<h4>Blogger<\/h4>\n<h6>Welche Bedeutung haben Blogger f\u00fcr den Verlag duotincta?<\/h6>\n<p>Die Blogger-Gemeinschaft ist f\u00fcr uns als Verlag, aber auch f\u00fcr unsere Autoren als R\u00fcckmeldung ungemein wichtig, daran gibt es nichts zu r\u00fctteln. Anl\u00e4sslich des <a href=\"http:\/\/www.zeit.de\/kultur\/literatur\/2016-02\/buchblogger-verlage\" target=\"_blank\">Zeit-Artikels<\/a> zu Literaturblogs vom 11. Februar 2016 haben wir unseren Standpunkt in einem langen facebook-Post klargestellt und u.a. geschrieben, dass nicht jeder Autor, der den Parnass der Verlagsver\u00f6ffentlichung erklommen hat, gleichzeitig auf den Olymp der gro\u00dfen Feuilletons erhoben wird und die Blogs gerade f\u00fcr kleinere Verlage wie uns aus den o.g. Gr\u00fcnden extrem wichtig sind. Frank O. Rudkoffsky, duotincta Autor mit dem Roman <em>Dezemberfieber<\/em> hat in seinem vielbeachteten Blogbeitrag <a href=\"https:\/\/rudkoffsky.com\/2016\/03\/23\/vernetzung-statt-hierarchie\/\" target=\"_blank\">Vernetzung statt Hierarchie<\/a> dieses Bild noch verfeinert und damit gezeigt, dass die Gegen\u00fcberstellung Feuilleton vs. Blog heutzutage einen Antagonismus darstellt.<\/p>\n<h6>Vergebt ihr Rezensionsexemplare an Blogger und lohnt sich das f\u00fcr den Verlag?<\/h6>\n<p>Aber nat\u00fcrlich vergeben wir Rezensionsexemplare und das sehr gerne. W\u00fcrden wir uns die Frage \u201eLohnt sich das denn?\u201c stellen, dann w\u00e4ren wir keine Verleger sondern <em>Verzweifler<\/em>, h\u00e4tten die duotincta wahrscheinlich gar nicht erst gegr\u00fcndet. Wie oben bei den Herausforderungen f\u00fcr den Verlag gerade schon gesagt, ist die wirtschaftliche Situation, so wie sie eben ist, aber etwas Lohnenswertes wird ja \u2013 zumindest unserem Verst\u00e4ndnis nach \u2013 nicht rein \u00fcber \u00f6konomische Faktoren definiert, und was auf alle F\u00e4lle lohnenswert an einer Rezension auf einem Blog ist \u2013 auch wenn der Beitrag die Autorin oder den Autor jetzt nicht gerade auf die Spiegel Bestsellerliste bringt \u2013, ist die damit verbundene R\u00fcckmeldung. Das sage ich jetzt auch als Autor, der selbst durch alle H\u00f6hen und Tiefen einer Ver\u00f6ffentlichung gegangen ist. Es geht n\u00e4mlich, unabh\u00e4ngig wie das Urteil ausf\u00e4llt, um die Wertsch\u00e4tzung, darum, dass sich da jemand Zeit nimmt, das Buch zu lesen und dar\u00fcber zu schreiben. Es kommt f\u00fcr jeden Autoren, gerade bei der Erstver\u00f6ffentlichung, einem Wunder gleich, dass da drau\u00dfen jemand ist und sich mit der Arbeit, die in das Buch gesteckt wurde, auseinandersetzt.<\/p>\n<h6>Sollte ich als Blogger nur Lobpreisungen ver\u00f6ffentlichen oder auch Verrisse?<\/h6>\n<p>Das h\u00e4ngt davon ab, wie Verrisse definiert werden. Es spricht nichts gegen eine kritische Herangehensweise, sie muss sogar sein. Es gibt Lesererwartungen und es gibt auch ein Versprechen, das ein Roman durch Covergestaltung, Klappentext und andere Dinge abgibt. Wird dieses Versprechen nicht eingel\u00f6st, dann ist Kritik nat\u00fcrlich berechtigt. Bei der Lesererwartung ist es schon schwieriger. Wenn sie entt\u00e4uscht wird, liegt es im Ermessen jedes Einzelnen, inwieweit Distanz zu dieser Entt\u00e4uschung genommen wird und in welcher Form diese dann kommuniziert wird. Das w\u00fcrde f\u00fcr mich, w\u00fcrde ich einen Literaturblog betreiben, gerade den Anspruch und die Spannung ausmachen. Unterm Strich glaube ich aber, dass Verrisse und Entt\u00e4uschungen mehr durch Missverst\u00e4ndnisse, als durch B\u00f6swilligkeit zustande kommen. Ein kurzes Beispiel vielleicht: Auf der Frankfurter Buchmesse kam eine sehr nette Bloggerin bei uns am Stand vorbei und wir f\u00fchrten ein kurzes und kurzweiliges Gespr\u00e4ch. Sie nahm auf die Schnelle eines unserer B\u00fccher mit und ver\u00f6ffentlichte dann auch eine Kritik. Leider handelte es sich um eine Bloggerin, die ausschlie\u00dflich Fantasy liest. Mit einem Roman, wie <em>Letzte Runde<\/em> von Stefanie Schleemilch, \u00fcber den Tod, der das Leben feiert und Ausfl\u00fcge in den Existentialismus und die Mathematik macht, konnte sie nichts anfangen, verglich ihn mit einer Bedienungsanleitung \u2026 Ihre Erwartungen wurden entt\u00e4uscht. Aber irgendwie f\u00fchlte sie sich verpflichtet zu rezensieren, oder wollte vielleicht auch nur dieser entt\u00e4uschten Erwartung \u2013 trotz eines klaren Versprechens des orkfreien Romans \u2013 Luft verschaffen. Wenn diese Bloggerin ihren Beitrag zus\u00e4tzlich noch auf s\u00e4mtlichen Foren und Verkaufskan\u00e4len postet, dann ist das nat\u00fcrlich der Supergau. Da w\u00e4re dann meiner Meinung nach Schweigen angebracht, aber wir leben ja schlie\u00dflich in einer freien Welt \u2026<\/p>\n<h6><img loading=\"lazy\" decoding=\"async\" class=\"aligncenter size-full wp-image-5896\" src=\"https:\/\/leckerekekse.de\/wordpress\/wp-content\/uploads\/2016\/04\/Cover_Reinzeichnung_LetzteRunde_RGB.jpg\" alt=\"Cover_Letzte_Runde \" width=\"451\" height=\"640\" srcset=\"https:\/\/leckerekekse.de\/wordpress\/wp-content\/uploads\/2016\/04\/Cover_Reinzeichnung_LetzteRunde_RGB.jpg 451w, https:\/\/leckerekekse.de\/wordpress\/wp-content\/uploads\/2016\/04\/Cover_Reinzeichnung_LetzteRunde_RGB-211x300.jpg 211w\" sizes=\"auto, (max-width: 451px) 100vw, 451px\" \/><\/h6>\n<h6>Was m\u00f6chtest Du unseren Lesern sonst noch sagen?<\/h6>\n<p>Das, was ich allen Menschen sage: <strong>Lest B\u00fccher!<\/strong> Sie sind noch immer das verl\u00e4sslichste Bollwerk gegen die Barbarei und eine der wenigen Besch\u00e4ftigungen, bei welchen der <em>Konsum<\/em> keinen Verbrauch, nach dem nichts \u00fcbrig bleibt, sondern eine pers\u00f6nliche Bereicherung bewirkt. Den Menschen, die einen Blog lesen, sage ich auch, lest weiter Literaturblogs! Denn die Blogs sind wiederum eine Bastion gegen die anonymen Empfehlungssysteme der gro\u00dfen Plattformen und der damit verbundenen ewigen Wiederkehr des Gleichen. Literaturblogger sind f\u00fcr mich die Kuratoren des literarischen Feldes. Nur, dass sie nicht millionenteure Kunstwerke kuratieren, sondern mit B\u00fcchern oder E-Books, die demokratischste Kunstform \u00fcberhaupt, die f\u00fcr jeden erschwinglich ist.<\/p>\n<h5>Dank<\/h5>\n<p>Lieber J\u00fcrgen, ich danke Dir f\u00fcr die interessanten Einblicke in euer Verlagsleben und die offenen Worte \u00fcber den Literaturbetrieb.<\/p>\n<p>F\u00fcr mich ist der duotincta Verlag ein sehr spannendes Unternehmen, das sehr interessante B\u00fccher hervorbringt. Sehr gut gef\u00e4llt mir auch das Spektrum, das der Verlag mit seinen B\u00fcchern abdeckt. Ich freue mich auf viele weitere gute Leseerlebnisse!<br \/>\n\u264c<\/p>\n","protected":false},"excerpt":{"rendered":"<p>Heute stelle ich einen ganz jungen Verlag vor: der duotincta Verlag erblickte erst im letzten Jahr das Licht der B\u00fccherwelt. Das Programm ist noch nicht sehr gro\u00df, aber vielf\u00e4ltig und interessant. Bisher habe ich aus diesem Verlag das Buch &#8222;Dezemberfieber&#8220; von Frank Rudkoffsky besprochen. Um diesen Verlag vorzustellen f\u00fchrte ich ein eMail-Interview mit J\u00fcrgen Volk, [&hellip;]<\/p>\n","protected":false},"author":2,"featured_media":0,"comment_status":"open","ping_status":"open","sticky":false,"template":"","format":"standard","meta":{"footnotes":""},"categories":[1,3,770],"tags":[771,644],"class_list":["post-5889","post","type-post","status-publish","format-standard","hentry","category-allgemein","category-buecher","category-verlag","tag-duotincta","tag-verlagsvorstellung"],"yoast_head":"<!-- This site is optimized with the Yoast SEO plugin v27.5 - https:\/\/yoast.com\/product\/yoast-seo-wordpress\/ -->\n<title>Verlagsvorstellung duotincta | Leckere Kekse &amp; mehr<\/title>\n<meta name=\"description\" content=\"Der junge Verlag duotincta verf\u00fcgt bereits \u00fcber ein interessantes Program. Der Verleger J\u00fcrgen Volk erz\u00e4hlt von seiner Arbeit, dem Verlag und Bloggern.\" \/>\n<meta name=\"robots\" content=\"index, follow, max-snippet:-1, max-image-preview:large, max-video-preview:-1\" \/>\n<link rel=\"canonical\" href=\"https:\/\/leckerekekse.de\/wordpress\/verlagsvorstellung-duotincta\/\" \/>\n<meta property=\"og:locale\" content=\"de_DE\" \/>\n<meta property=\"og:type\" content=\"article\" \/>\n<meta property=\"og:title\" content=\"Verlagsvorstellung duotincta | Leckere Kekse &amp; mehr\" \/>\n<meta property=\"og:description\" content=\"Der junge Verlag duotincta verf\u00fcgt bereits \u00fcber ein interessantes Program. Der Verleger J\u00fcrgen Volk erz\u00e4hlt von seiner Arbeit, dem Verlag und Bloggern.\" \/>\n<meta property=\"og:url\" content=\"https:\/\/leckerekekse.de\/wordpress\/verlagsvorstellung-duotincta\/\" \/>\n<meta property=\"og:site_name\" content=\"Leckere Kekse &amp; mehr\" \/>\n<meta property=\"article:published_time\" content=\"2016-04-24T05:00:27+00:00\" \/>\n<meta property=\"article:modified_time\" content=\"2017-04-26T16:18:21+00:00\" \/>\n<meta property=\"og:image\" content=\"https:\/\/leckerekekse.de\/wordpress\/wp-content\/uploads\/2016\/04\/J\u00fcrgen_Volk.jpg\" \/>\n<meta name=\"author\" content=\"Buchlieberin\" \/>\n<meta name=\"twitter:label1\" content=\"Verfasst von\" \/>\n\t<meta name=\"twitter:data1\" content=\"Buchlieberin\" \/>\n\t<meta name=\"twitter:label2\" content=\"Gesch\u00e4tzte Lesezeit\" \/>\n\t<meta name=\"twitter:data2\" content=\"15\u00a0Minuten\" \/>\n<script type=\"application\/ld+json\" class=\"yoast-schema-graph\">{\"@context\":\"https:\\\/\\\/schema.org\",\"@graph\":[{\"@type\":\"Article\",\"@id\":\"https:\\\/\\\/leckerekekse.de\\\/wordpress\\\/verlagsvorstellung-duotincta\\\/#article\",\"isPartOf\":{\"@id\":\"https:\\\/\\\/leckerekekse.de\\\/wordpress\\\/verlagsvorstellung-duotincta\\\/\"},\"author\":{\"name\":\"Buchlieberin\",\"@id\":\"https:\\\/\\\/leckerekekse.de\\\/wordpress\\\/#\\\/schema\\\/person\\\/aeca9a159c2be36b9bce9092b38c13c8\"},\"headline\":\"Verlagsvorstellung duotincta\",\"datePublished\":\"2016-04-24T05:00:27+00:00\",\"dateModified\":\"2017-04-26T16:18:21+00:00\",\"mainEntityOfPage\":{\"@id\":\"https:\\\/\\\/leckerekekse.de\\\/wordpress\\\/verlagsvorstellung-duotincta\\\/\"},\"wordCount\":3094,\"commentCount\":2,\"publisher\":{\"@id\":\"https:\\\/\\\/leckerekekse.de\\\/wordpress\\\/#\\\/schema\\\/person\\\/6e4b2658514a3b7423a1f323400bdc1b\"},\"image\":{\"@id\":\"https:\\\/\\\/leckerekekse.de\\\/wordpress\\\/verlagsvorstellung-duotincta\\\/#primaryimage\"},\"thumbnailUrl\":\"https:\\\/\\\/leckerekekse.de\\\/wordpress\\\/wp-content\\\/uploads\\\/2016\\\/04\\\/2016-03-08_RZ_Cover_DieInsel_RGB.jpg\",\"keywords\":[\"duotincta\",\"Verlagsvorstellung\"],\"articleSection\":{\"1\":\"B\u00fccher\",\"2\":\"Verlag\"},\"inLanguage\":\"de\",\"potentialAction\":[{\"@type\":\"CommentAction\",\"name\":\"Comment\",\"target\":[\"https:\\\/\\\/leckerekekse.de\\\/wordpress\\\/verlagsvorstellung-duotincta\\\/#respond\"]}]},{\"@type\":\"WebPage\",\"@id\":\"https:\\\/\\\/leckerekekse.de\\\/wordpress\\\/verlagsvorstellung-duotincta\\\/\",\"url\":\"https:\\\/\\\/leckerekekse.de\\\/wordpress\\\/verlagsvorstellung-duotincta\\\/\",\"name\":\"Verlagsvorstellung duotincta | Leckere Kekse &amp; mehr\",\"isPartOf\":{\"@id\":\"https:\\\/\\\/leckerekekse.de\\\/wordpress\\\/#website\"},\"primaryImageOfPage\":{\"@id\":\"https:\\\/\\\/leckerekekse.de\\\/wordpress\\\/verlagsvorstellung-duotincta\\\/#primaryimage\"},\"image\":{\"@id\":\"https:\\\/\\\/leckerekekse.de\\\/wordpress\\\/verlagsvorstellung-duotincta\\\/#primaryimage\"},\"thumbnailUrl\":\"https:\\\/\\\/leckerekekse.de\\\/wordpress\\\/wp-content\\\/uploads\\\/2016\\\/04\\\/2016-03-08_RZ_Cover_DieInsel_RGB.jpg\",\"datePublished\":\"2016-04-24T05:00:27+00:00\",\"dateModified\":\"2017-04-26T16:18:21+00:00\",\"description\":\"Der junge Verlag duotincta verf\u00fcgt bereits \u00fcber ein interessantes Program. Der Verleger J\u00fcrgen Volk erz\u00e4hlt von seiner Arbeit, dem Verlag und Bloggern.\",\"breadcrumb\":{\"@id\":\"https:\\\/\\\/leckerekekse.de\\\/wordpress\\\/verlagsvorstellung-duotincta\\\/#breadcrumb\"},\"inLanguage\":\"de\",\"potentialAction\":[{\"@type\":\"ReadAction\",\"target\":[\"https:\\\/\\\/leckerekekse.de\\\/wordpress\\\/verlagsvorstellung-duotincta\\\/\"]}]},{\"@type\":\"ImageObject\",\"inLanguage\":\"de\",\"@id\":\"https:\\\/\\\/leckerekekse.de\\\/wordpress\\\/verlagsvorstellung-duotincta\\\/#primaryimage\",\"url\":\"https:\\\/\\\/leckerekekse.de\\\/wordpress\\\/wp-content\\\/uploads\\\/2016\\\/04\\\/2016-03-08_RZ_Cover_DieInsel_RGB.jpg\",\"contentUrl\":\"https:\\\/\\\/leckerekekse.de\\\/wordpress\\\/wp-content\\\/uploads\\\/2016\\\/04\\\/2016-03-08_RZ_Cover_DieInsel_RGB.jpg\"},{\"@type\":\"BreadcrumbList\",\"@id\":\"https:\\\/\\\/leckerekekse.de\\\/wordpress\\\/verlagsvorstellung-duotincta\\\/#breadcrumb\",\"itemListElement\":[{\"@type\":\"ListItem\",\"position\":1,\"name\":\"Home\",\"item\":\"https:\\\/\\\/leckerekekse.de\\\/wordpress\\\/\"},{\"@type\":\"ListItem\",\"position\":2,\"name\":\"Verlagsvorstellung duotincta\"}]},{\"@type\":\"WebSite\",\"@id\":\"https:\\\/\\\/leckerekekse.de\\\/wordpress\\\/#website\",\"url\":\"https:\\\/\\\/leckerekekse.de\\\/wordpress\\\/\",\"name\":\"Leckere Kekse &amp; mehr\",\"description\":\"Kekse backen, B\u00fccher lesen und mehr\",\"publisher\":{\"@id\":\"https:\\\/\\\/leckerekekse.de\\\/wordpress\\\/#\\\/schema\\\/person\\\/6e4b2658514a3b7423a1f323400bdc1b\"},\"potentialAction\":[{\"@type\":\"SearchAction\",\"target\":{\"@type\":\"EntryPoint\",\"urlTemplate\":\"https:\\\/\\\/leckerekekse.de\\\/wordpress\\\/?s={search_term_string}\"},\"query-input\":{\"@type\":\"PropertyValueSpecification\",\"valueRequired\":true,\"valueName\":\"search_term_string\"}}],\"inLanguage\":\"de\"},{\"@type\":[\"Person\",\"Organization\"],\"@id\":\"https:\\\/\\\/leckerekekse.de\\\/wordpress\\\/#\\\/schema\\\/person\\\/6e4b2658514a3b7423a1f323400bdc1b\",\"name\":\"Astrid\",\"logo\":{\"@id\":\"https:\\\/\\\/leckerekekse.de\\\/wordpress\\\/#\\\/schema\\\/person\\\/image\\\/\"},\"sameAs\":[\"https:\\\/\\\/leckerekekse.de\\\/wordpress\"]},{\"@type\":\"Person\",\"@id\":\"https:\\\/\\\/leckerekekse.de\\\/wordpress\\\/#\\\/schema\\\/person\\\/aeca9a159c2be36b9bce9092b38c13c8\",\"name\":\"Buchlieberin\",\"sameAs\":[\"https:\\\/\\\/leckerekekse.de\\\/wordpress\"]}]}<\/script>\n<!-- \/ Yoast SEO plugin. -->","yoast_head_json":{"title":"Verlagsvorstellung duotincta | Leckere Kekse &amp; mehr","description":"Der junge Verlag duotincta verf\u00fcgt bereits \u00fcber ein interessantes Program. Der Verleger J\u00fcrgen Volk erz\u00e4hlt von seiner Arbeit, dem Verlag und Bloggern.","robots":{"index":"index","follow":"follow","max-snippet":"max-snippet:-1","max-image-preview":"max-image-preview:large","max-video-preview":"max-video-preview:-1"},"canonical":"https:\/\/leckerekekse.de\/wordpress\/verlagsvorstellung-duotincta\/","og_locale":"de_DE","og_type":"article","og_title":"Verlagsvorstellung duotincta | Leckere Kekse &amp; mehr","og_description":"Der junge Verlag duotincta verf\u00fcgt bereits \u00fcber ein interessantes Program. Der Verleger J\u00fcrgen Volk erz\u00e4hlt von seiner Arbeit, dem Verlag und Bloggern.","og_url":"https:\/\/leckerekekse.de\/wordpress\/verlagsvorstellung-duotincta\/","og_site_name":"Leckere Kekse &amp; mehr","article_published_time":"2016-04-24T05:00:27+00:00","article_modified_time":"2017-04-26T16:18:21+00:00","og_image":[{"url":"https:\/\/leckerekekse.de\/wordpress\/wp-content\/uploads\/2016\/04\/J\u00fcrgen_Volk.jpg","type":"","width":"","height":""}],"author":"Buchlieberin","twitter_misc":{"Verfasst von":"Buchlieberin","Gesch\u00e4tzte Lesezeit":"15\u00a0Minuten"},"schema":{"@context":"https:\/\/schema.org","@graph":[{"@type":"Article","@id":"https:\/\/leckerekekse.de\/wordpress\/verlagsvorstellung-duotincta\/#article","isPartOf":{"@id":"https:\/\/leckerekekse.de\/wordpress\/verlagsvorstellung-duotincta\/"},"author":{"name":"Buchlieberin","@id":"https:\/\/leckerekekse.de\/wordpress\/#\/schema\/person\/aeca9a159c2be36b9bce9092b38c13c8"},"headline":"Verlagsvorstellung duotincta","datePublished":"2016-04-24T05:00:27+00:00","dateModified":"2017-04-26T16:18:21+00:00","mainEntityOfPage":{"@id":"https:\/\/leckerekekse.de\/wordpress\/verlagsvorstellung-duotincta\/"},"wordCount":3094,"commentCount":2,"publisher":{"@id":"https:\/\/leckerekekse.de\/wordpress\/#\/schema\/person\/6e4b2658514a3b7423a1f323400bdc1b"},"image":{"@id":"https:\/\/leckerekekse.de\/wordpress\/verlagsvorstellung-duotincta\/#primaryimage"},"thumbnailUrl":"https:\/\/leckerekekse.de\/wordpress\/wp-content\/uploads\/2016\/04\/2016-03-08_RZ_Cover_DieInsel_RGB.jpg","keywords":["duotincta","Verlagsvorstellung"],"articleSection":{"1":"B\u00fccher","2":"Verlag"},"inLanguage":"de","potentialAction":[{"@type":"CommentAction","name":"Comment","target":["https:\/\/leckerekekse.de\/wordpress\/verlagsvorstellung-duotincta\/#respond"]}]},{"@type":"WebPage","@id":"https:\/\/leckerekekse.de\/wordpress\/verlagsvorstellung-duotincta\/","url":"https:\/\/leckerekekse.de\/wordpress\/verlagsvorstellung-duotincta\/","name":"Verlagsvorstellung duotincta | Leckere Kekse &amp; mehr","isPartOf":{"@id":"https:\/\/leckerekekse.de\/wordpress\/#website"},"primaryImageOfPage":{"@id":"https:\/\/leckerekekse.de\/wordpress\/verlagsvorstellung-duotincta\/#primaryimage"},"image":{"@id":"https:\/\/leckerekekse.de\/wordpress\/verlagsvorstellung-duotincta\/#primaryimage"},"thumbnailUrl":"https:\/\/leckerekekse.de\/wordpress\/wp-content\/uploads\/2016\/04\/2016-03-08_RZ_Cover_DieInsel_RGB.jpg","datePublished":"2016-04-24T05:00:27+00:00","dateModified":"2017-04-26T16:18:21+00:00","description":"Der junge Verlag duotincta verf\u00fcgt bereits \u00fcber ein interessantes Program. Der Verleger J\u00fcrgen Volk erz\u00e4hlt von seiner Arbeit, dem Verlag und Bloggern.","breadcrumb":{"@id":"https:\/\/leckerekekse.de\/wordpress\/verlagsvorstellung-duotincta\/#breadcrumb"},"inLanguage":"de","potentialAction":[{"@type":"ReadAction","target":["https:\/\/leckerekekse.de\/wordpress\/verlagsvorstellung-duotincta\/"]}]},{"@type":"ImageObject","inLanguage":"de","@id":"https:\/\/leckerekekse.de\/wordpress\/verlagsvorstellung-duotincta\/#primaryimage","url":"https:\/\/leckerekekse.de\/wordpress\/wp-content\/uploads\/2016\/04\/2016-03-08_RZ_Cover_DieInsel_RGB.jpg","contentUrl":"https:\/\/leckerekekse.de\/wordpress\/wp-content\/uploads\/2016\/04\/2016-03-08_RZ_Cover_DieInsel_RGB.jpg"},{"@type":"BreadcrumbList","@id":"https:\/\/leckerekekse.de\/wordpress\/verlagsvorstellung-duotincta\/#breadcrumb","itemListElement":[{"@type":"ListItem","position":1,"name":"Home","item":"https:\/\/leckerekekse.de\/wordpress\/"},{"@type":"ListItem","position":2,"name":"Verlagsvorstellung duotincta"}]},{"@type":"WebSite","@id":"https:\/\/leckerekekse.de\/wordpress\/#website","url":"https:\/\/leckerekekse.de\/wordpress\/","name":"Leckere Kekse &amp; mehr","description":"Kekse backen, B\u00fccher lesen und mehr","publisher":{"@id":"https:\/\/leckerekekse.de\/wordpress\/#\/schema\/person\/6e4b2658514a3b7423a1f323400bdc1b"},"potentialAction":[{"@type":"SearchAction","target":{"@type":"EntryPoint","urlTemplate":"https:\/\/leckerekekse.de\/wordpress\/?s={search_term_string}"},"query-input":{"@type":"PropertyValueSpecification","valueRequired":true,"valueName":"search_term_string"}}],"inLanguage":"de"},{"@type":["Person","Organization"],"@id":"https:\/\/leckerekekse.de\/wordpress\/#\/schema\/person\/6e4b2658514a3b7423a1f323400bdc1b","name":"Astrid","logo":{"@id":"https:\/\/leckerekekse.de\/wordpress\/#\/schema\/person\/image\/"},"sameAs":["https:\/\/leckerekekse.de\/wordpress"]},{"@type":"Person","@id":"https:\/\/leckerekekse.de\/wordpress\/#\/schema\/person\/aeca9a159c2be36b9bce9092b38c13c8","name":"Buchlieberin","sameAs":["https:\/\/leckerekekse.de\/wordpress"]}]}},"_links":{"self":[{"href":"https:\/\/leckerekekse.de\/wordpress\/wp-json\/wp\/v2\/posts\/5889","targetHints":{"allow":["GET"]}}],"collection":[{"href":"https:\/\/leckerekekse.de\/wordpress\/wp-json\/wp\/v2\/posts"}],"about":[{"href":"https:\/\/leckerekekse.de\/wordpress\/wp-json\/wp\/v2\/types\/post"}],"author":[{"embeddable":true,"href":"https:\/\/leckerekekse.de\/wordpress\/wp-json\/wp\/v2\/users\/2"}],"replies":[{"embeddable":true,"href":"https:\/\/leckerekekse.de\/wordpress\/wp-json\/wp\/v2\/comments?post=5889"}],"version-history":[{"count":4,"href":"https:\/\/leckerekekse.de\/wordpress\/wp-json\/wp\/v2\/posts\/5889\/revisions"}],"predecessor-version":[{"id":8862,"href":"https:\/\/leckerekekse.de\/wordpress\/wp-json\/wp\/v2\/posts\/5889\/revisions\/8862"}],"wp:attachment":[{"href":"https:\/\/leckerekekse.de\/wordpress\/wp-json\/wp\/v2\/media?parent=5889"}],"wp:term":[{"taxonomy":"category","embeddable":true,"href":"https:\/\/leckerekekse.de\/wordpress\/wp-json\/wp\/v2\/categories?post=5889"},{"taxonomy":"post_tag","embeddable":true,"href":"https:\/\/leckerekekse.de\/wordpress\/wp-json\/wp\/v2\/tags?post=5889"}],"curies":[{"name":"wp","href":"https:\/\/api.w.org\/{rel}","templated":true}]}}