{"id":6315,"date":"2016-06-14T07:00:51","date_gmt":"2016-06-14T05:00:51","guid":{"rendered":"http:\/\/leckerekekse.de\/wordpress\/?p=6315"},"modified":"2021-03-27T16:36:19","modified_gmt":"2021-03-27T15:36:19","slug":"die-glasglocke","status":"publish","type":"post","link":"https:\/\/leckerekekse.de\/wordpress\/die-glasglocke\/","title":{"rendered":"Die Glasglocke"},"content":{"rendered":"<p><img loading=\"lazy\" decoding=\"async\" class=\"aligncenter wp-image-5363 size-full\" src=\"https:\/\/leckerekekse.de\/wordpress\/wp-content\/uploads\/2016\/02\/IMG_5922.jpg\" alt=\"Glasglocke\" width=\"427\" height=\"640\" srcset=\"https:\/\/leckerekekse.de\/wordpress\/wp-content\/uploads\/2016\/02\/IMG_5922.jpg 427w, https:\/\/leckerekekse.de\/wordpress\/wp-content\/uploads\/2016\/02\/IMG_5922-200x300.jpg 200w\" sizes=\"auto, (max-width: 427px) 100vw, 427px\" \/><\/p>\n<h3>Klassiker: Die Glasglocke<\/h3>\n<p>Es gibt B\u00fccher die man vom Namen her einfach kennt. Von so einem Buch denke ich immer jeder au\u00dfer mir hat es schon gelesen. Dazu geh\u00f6rt \u201eDie Glasglocke\u201c. Es wird oft in anderen B\u00fcchern erw\u00e4hnt, der Name der Autorin, Sylvia Plath, meist mit Ehrfurcht genannt. Durch die<a href=\"https:\/\/leckerekekse.de\/wordpress\/buecherkultur-challenge\/\" target=\"_blank\" rel=\"noopener\"> B\u00fccherkulturchallenge<\/a> wurde ich mit der Nase darauf gesto\u00dfen, als ich im Februar noch ein Buch f\u00fcr Das Jahr des Taschenbuchs brauchte, habe ich es mir endlich gekauft. Auch im Lesekreis konnte ich die anderen Teilnehmer von diesem Buch \u00fcberzeugen. Bei der Besprechung war ich leider krank und konnte nicht dabei sein. Schade, die Diskussionen dort zeigen mir oft Seiten an B\u00fcchern auf, die ich vorher nicht gesehen habe.<br \/>\n<!--more--><\/p>\n<h4>Das Buch<\/h4>\n<p>Als erstes stellte ich \u00fcberrascht fest, da es kein monumentaler W\u00e4lzer, sondern ein eher d\u00fcnnes Buch von ca. 260 Seiten ist. Und dann ist das Buch sehr gut lesbar. Nach den vielen Erw\u00e4hnungen in anderen B\u00fcchern erwartete ich eher ein sperriges, hochgestochen philosophisches Buch. Philosophisch ist es sicher auch, aber gut verst\u00e4ndlich.<\/p>\n<p>Dieser Roman, der einzige der Autorin, hat wohl autobiographische Z\u00fcge, was die gew\u00e4hlte Erz\u00e4hlperspektive in der Ich-Form noch unterstreicht. Der Roman f\u00fchrt uns nach New York, ins Jahr 1953. Es ist Sommer, schw\u00fcl und hei\u00df. Die junge Esther Greenwood gewinnt als Collegestudentin die Teilnahme an einem Volontariat bei einer Modezeitschrift. Gemeinsam mit elf anderen jungen Frauen lebt sie f\u00fcr die Zeit in einem einfachen Hotel. Sie sollen in der Redaktion mitarbeiten und bekommen viele Termine, in denen diese Aktion werbewirksam ausgeschlachtet wird. Esther kommt aus eher einfachen Verh\u00e4ltnissen und ist erst von dem Glamourleben begeistert.<\/p>\n<p>Nach und nach kommt sie aber in diesen Wochen in eine Existenzkrise.<\/p>\n<blockquote><p>Angeblich erlebte ich gerade die sch\u00f6nste Zeit meines Lebens. \u2026<\/p>\n<p>Die Sache ist die, da\u00df ich gar nichts im Griff hatte, nicht einmal mich selbst.<\/p><\/blockquote>\n<p>Immer wieder kommt das Bild der <a href=\"https:\/\/de.wikipedia.org\/wiki\/Ethel_und_Julius_Rosenberg\" target=\"_blank\" rel=\"noopener\">Rosenbergs<\/a> ins Spiel.\u00a0 Ein amerikanisches Ehepaar, die wegen Spionage zum Tode verurteilt wurden und im Juni 1953 auf dem elektrischen Stuhl hingerichtet wurden. Esther stellt sich immer wieder vor, wie es w\u00e4re so zu sterben.<\/p>\n<p>Durch die Erz\u00e4hlperspektive wird klar, dass Esther diesen Sommer irgendwie \u00fcberlebt und sp\u00e4ter sogar eine Familie gr\u00fcndet, sonst w\u00e4re die depressive Stimmung kaum ertr\u00e4glich. Vor allem, weil der Selbstmord der Autorin (sie brachte sich in dem Jahr um, in dem auch dieser Roman erschien) immer im Buch mitschwebt. Zwischendurch gibt es auch entspanntere Szenen, in denen ich auch heutige Teenagersorgen wiedererkenne:<\/p>\n<blockquote><p>Es mu\u00df eine Menge Dinge geben, gegen die ein hei\u00dfes Bad nicht hilft, aber ich kenne nicht viele. Wenn ich todtraurig bin, oder so nerv\u00f6s, da\u00df ich nicht schlafen kann, oder in jemanden verliebt, den ich eine Woche lang nicht treffen kann, sacke ich in mir zusammen, und dann sage ich mir: &#8222;Jetzt nehme ich ein hei\u00dfes Bad.&#8220;<\/p><\/blockquote>\n<p>Es gibt Pelzshows, Modenschauen, Arbeit in der Redaktion, viele Geschenke, neue Kleidung, Makeup: eigentlich alles, wovon eine junge Frau zu dieser Zeit nur tr\u00e4umen kann. Doch Esther f\u00e4llt in eine starke Lethargie:<\/p>\n<blockquote><p>Ich fragte mich, warum ich es nicht mehr schaffte, das zu tun, was ich eigentlich tun sollte.<\/p><\/blockquote>\n<p>Sie l\u00e4sst Termine ausfallen, gibt Arbeiten nicht rechtzeitig ab. Vorher war Esther sehr zielorientiert, flei\u00dfig, hat einige Auszeichnungen im College gewonnen. Doch hier, in diesem schw\u00fclen Sommer in New York verl\u00e4sst sie alle Kraft. Der Grund daf\u00fcr wird mir nicht klar, doch das liegt wohl auch in der Natur von Depressionen.<\/p>\n<p>Sie schafft es immer wieder sich selbst zu frustrieren \u201e<em>Ich fing an, alles aufzuz\u00e4hlen, was ich nicht konnte.<\/em>\u201c<\/p>\n<p>Sie kn\u00fcpft Freundschaften mit M\u00e4dchen, die ebenfalls mit im Hotel wohnen, lernt M\u00e4nner kennen, wird aber immer unzufriedener mit sich selbst, sie kann aus ihren Talenten keine Kraft mehr sch\u00f6pfen: \u201e<em>Ich kam mir vor wie ein Rennpferd in einer Welt ohne Rennbahnen<\/em>.\u201c<\/p>\n<p>In folgender Szene, meiner Lieblingsstelle, erkenne ich auch heutige Jugend mit ihren vielen M\u00f6glichkeiten und der Unf\u00e4higkeit Entscheidungen zu treffen, wieder:<\/p>\n<p><img loading=\"lazy\" decoding=\"async\" class=\"aligncenter wp-image-6317 size-full\" src=\"https:\/\/leckerekekse.de\/wordpress\/wp-content\/uploads\/2016\/06\/Lieblingsstelle_die_glasglocke-Kopie2-e1465655726232.jpg\" alt=\"Die Glasglocke von Sylvia Plath\" width=\"595\" height=\"291\" \/><\/p>\n<p>Die Depressionen und ihre Folgen bleiben nat\u00fcrlich nicht unentdeckt. Esther muss in eine Klinik. Ihre alleinerziehende Mutter ist mit der Situation total \u00fcberfordert \u00a0und kann diese Erkrankung nicht nachvollziehen. Zum Gl\u00fcck meldet sich eine reiche G\u00f6nnerin, die die Behandlung finanziert. Doch Elektroschocks und Medikamente bringen Esther in dieses Gef\u00fchl in einer Glasglocke zu leben:<\/p>\n<blockquote><p>\u2026 immer sa\u00df ich unter der gleichen Glasglocke in meinem eigenen sauren Dunst.<\/p><\/blockquote>\n<p>Momente der Besserung passen auch gut in dieses metaphorische Bild<\/p>\n<blockquote><p>Die Glasglocke schwebte einige Fu\u00df \u00fcber meinem Kopf. Ein Luftzug erreichte mich.<\/p><\/blockquote>\n<p>Doch die schlechten Momente \u00fcberwiegen:<\/p>\n<blockquote><p>Woher sollte ich wissen, ob sich nicht eines Tages \u2013 im College, in Europa, irgendwo, \u00fcberall \u2013 die Glasglocke mit ihren erstickenden, l\u00e4hmenden Verzerrungen wieder \u00fcber mich senken w\u00fcrde?<\/p>\n<p>F\u00fcr den, der eingezw\u00e4ngt und wie ein totes Baby in der Glasglocke hockt, ist die Welt selbst der b\u00f6se Traum!<\/p><\/blockquote>\n<p>Es gibt viele Beschreibungen aus dem Leben in der Klinik, die Schicksale andere Patientinnen, viel sehr beklemmende Situationen. Ich selbst kann diese tiefen L\u00f6cher in die psychisch Kranke fallen nicht nachvollziehen, was wahrscheinlich ein gutes Zeichen f\u00fcr mich ist. Aber B\u00fccher wie diese zeigen, wie hoffnungslos die Situation f\u00fcr die Betroffenen ist und wie dringend sie Hilfe ben\u00f6tigen.<\/p>\n<p>Da sich Plath Selbstmord beginnt frage ich mich nat\u00fcrlich, ob dieses Buch nicht ein einziger langer Hilfeschrei war.<\/p>\n<h5>Fazit<\/h5>\n<p>Sylvia Plath beschreibt mit diesem Buch sehr eindrucksvoll, wie eine junge Frau in eine Depression f\u00e4llt und wie unm\u00f6glich es scheint dort wieder herauszukommen. Obwohl das Buch schon \u00fcber 50 Jahre alt ist, bleiben viele der psychischen Probleme aktuell, auch wenn sich die Behandlungsmethoden zum Teil ge\u00e4ndert haben. Aus dem Bekanntenkreis wei\u00df ich allerdings, dass eine vollst\u00e4ndige Heilung auch heute eine Utopie ist. So kann dieses Buch, neben der literarischen St\u00e4rke auch einen Blick in das Innenleben einer Betroffenen bieten. \u201eDie Glasglocke\u201c ist in seiner K\u00fcrze voll von Szenen und Situationen, so reich an Interpretationsspielr\u00e4umen und Diskussionsm\u00f6glichkeiten, das es mich nicht wundert, des es so oft zitiert und als Vergleich herangezogen wird.<\/p>\n<p><img loading=\"lazy\" decoding=\"async\" class=\"aligncenter wp-image-6322 size-full\" src=\"https:\/\/leckerekekse.de\/wordpress\/wp-content\/uploads\/2016\/06\/Die-Glasglocke.jpg\" alt=\"Die Glasglocke\" width=\"391\" height=\"640\" srcset=\"https:\/\/leckerekekse.de\/wordpress\/wp-content\/uploads\/2016\/06\/Die-Glasglocke.jpg 391w, https:\/\/leckerekekse.de\/wordpress\/wp-content\/uploads\/2016\/06\/Die-Glasglocke-183x300.jpg 183w\" sizes=\"auto, (max-width: 391px) 100vw, 391px\" \/><\/p>\n<h5>Erg\u00e4nzungen<\/h5>\n<p>Kurz nachdem ich \u201eDie Glasglocke\u201c gelesen habe, h\u00f6rte ich im Rahmen meiner Vorbereitung auf die Verleihung des deutschen <a href=\"https:\/\/leckerekekse.de\/wordpress\/gala-deutscher-hoerbuchpreis\/\" target=\"_blank\" rel=\"noopener\">H\u00f6rbuchpreises<\/a> von David Foster Wallace \u201eDer Planet Trillaphon im Verh\u00e4ltnis zur \u00fcblen Sache\u201c . Hier beschreibt der Autor, der gegen die Depression starke Medikamente nimmt, wie diese sein Bewusstsein so ver\u00e4ndern, dass er wie in einem Paralleluniversum lebt. \u00dcbrigens wird auch bei Wallace \u201eDie Glasglocke\u201c erw\u00e4hnt\u2026<\/p>\n<p>Im September kommt das Buch von Connie Palmen \u201eDu sagst es\u201c im Diogenes Verlag heraus. Sylvia Plath und Ted Hughes bildeten ein literarisches Liebespaar. Diese fiktive Autobiographie von Ted Hughes ist der Versuch diese komplexe Beziehung aus seiner Sicht zu beleuchten. Ich freue mich darauf, durch dieses neue Buch auch einen neuen Blick auf \u201eDie Glasglocke\u201c zu werfen.<\/p>\n<h5>Weitere Stimmen zu diesem Buch<\/h5>\n<p><a href=\"http:\/\/herzpotenzial.com\/die-glasglocke-sylvia-plath\/\" target=\"_blank\" rel=\"noopener\">Maike von Herzpotential<\/a><\/p>\n<p><a href=\"https:\/\/radiergummi.wordpress.com\/2013\/07\/09\/sylvia-plath-die-glasglocke\/\" target=\"_blank\" rel=\"noopener\">Herbert von aus.gelesen<\/a><\/p>\n<p><a href=\"http:\/\/creativity-first.blogspot.de\/2016\/05\/rezension-die-glasglocke-sylvia-plath.html\" target=\"_blank\" rel=\"noopener\">Kora von creativity-first<\/a><img loading=\"lazy\" decoding=\"async\" class=\"aligncenter size-thumbnail wp-image-5977\" src=\"https:\/\/leckerekekse.de\/wordpress\/wp-content\/uploads\/2016\/04\/Signatur-002-150x150.jpg\" alt=\"Silvia_signatur\" width=\"150\" height=\"150\" srcset=\"https:\/\/leckerekekse.de\/wordpress\/wp-content\/uploads\/2016\/04\/Signatur-002-150x150.jpg 150w, https:\/\/leckerekekse.de\/wordpress\/wp-content\/uploads\/2016\/04\/Signatur-002-144x144.jpg 144w, https:\/\/leckerekekse.de\/wordpress\/wp-content\/uploads\/2016\/04\/Signatur-002-120x120.jpg 120w\" sizes=\"auto, (max-width: 150px) 100vw, 150px\" \/>Sylvia Plath: <a href=\"http:\/\/www.suhrkamp.de\/buecher\/die_glasglocke-sylvia_plath_45676.html\" target=\"_blank\" rel=\"noopener\">Die Glasglocke<\/a>, aus dem Englischen von Reinhard Kaiser,<\/p>\n<p>Suhrkamp Verlag, Broschur, 262 Seiten, ISBN: 978-3-518-45676-7, [D] 8,99 \u20ac<\/p>\n","protected":false},"excerpt":{"rendered":"<p>Klassiker: Die Glasglocke Es gibt B\u00fccher die man vom Namen her einfach kennt. Von so einem Buch denke ich immer jeder au\u00dfer mir hat es schon gelesen. Dazu geh\u00f6rt \u201eDie Glasglocke\u201c. Es wird oft in anderen B\u00fcchern erw\u00e4hnt, der Name der Autorin, Sylvia Plath, meist mit Ehrfurcht genannt. Durch die B\u00fccherkulturchallenge wurde ich mit der [&hellip;]<\/p>\n","protected":false},"author":2,"featured_media":5363,"comment_status":"open","ping_status":"open","sticky":false,"template":"","format":"standard","meta":{"footnotes":""},"categories":[1,3,788,682],"tags":[793,678,711,104,459,688],"class_list":["post-6315","post","type-post","status-publish","format-standard","has-post-thumbnail","hentry","category-allgemein","category-buecher","category-rezension","category-social-reading","tag-buecherkultur","tag-challenge","tag-depression","tag-new-york","tag-roman","tag-taschenbuch"],"yoast_head":"<!-- This site is optimized with the Yoast SEO plugin v27.5 - https:\/\/yoast.com\/product\/yoast-seo-wordpress\/ -->\n<title>Rezension: &quot;Die Glasglocke&quot; von Sylvia Plath, ein moderner Klassiker<\/title>\n<meta name=\"description\" content=\"Rezension: Von dem Buch &quot;Die Glasglocke&quot; hat so ziemlich jeder schon mal geh\u00f6rt. Es ist ein moderner, aktueller Klassiker von Sylvia Plath.\" \/>\n<meta name=\"robots\" content=\"index, follow, max-snippet:-1, max-image-preview:large, max-video-preview:-1\" \/>\n<link rel=\"canonical\" href=\"https:\/\/leckerekekse.de\/wordpress\/die-glasglocke\/\" \/>\n<meta property=\"og:locale\" content=\"de_DE\" \/>\n<meta property=\"og:type\" content=\"article\" \/>\n<meta property=\"og:title\" content=\"Rezension: &quot;Die Glasglocke&quot; von Sylvia Plath, ein moderner Klassiker\" \/>\n<meta property=\"og:description\" content=\"Rezension: Von dem Buch &quot;Die Glasglocke&quot; hat so ziemlich jeder schon mal geh\u00f6rt. Es ist ein moderner, aktueller Klassiker von Sylvia Plath.\" \/>\n<meta property=\"og:url\" content=\"https:\/\/leckerekekse.de\/wordpress\/die-glasglocke\/\" \/>\n<meta property=\"og:site_name\" content=\"Leckere Kekse &amp; mehr\" \/>\n<meta property=\"article:published_time\" content=\"2016-06-14T05:00:51+00:00\" \/>\n<meta property=\"article:modified_time\" content=\"2021-03-27T15:36:19+00:00\" \/>\n<meta property=\"og:image\" content=\"https:\/\/leckerekekse.de\/wordpress\/wp-content\/uploads\/2016\/02\/IMG_5922.jpg\" \/>\n\t<meta property=\"og:image:width\" content=\"427\" \/>\n\t<meta property=\"og:image:height\" content=\"640\" \/>\n\t<meta property=\"og:image:type\" content=\"image\/jpeg\" \/>\n<meta name=\"author\" content=\"Buchlieberin\" \/>\n<meta name=\"twitter:label1\" content=\"Verfasst von\" \/>\n\t<meta name=\"twitter:data1\" content=\"Buchlieberin\" \/>\n\t<meta name=\"twitter:label2\" content=\"Gesch\u00e4tzte Lesezeit\" \/>\n\t<meta name=\"twitter:data2\" content=\"6\u00a0Minuten\" \/>\n<script type=\"application\/ld+json\" class=\"yoast-schema-graph\">{\"@context\":\"https:\\\/\\\/schema.org\",\"@graph\":[{\"@type\":\"Article\",\"@id\":\"https:\\\/\\\/leckerekekse.de\\\/wordpress\\\/die-glasglocke\\\/#article\",\"isPartOf\":{\"@id\":\"https:\\\/\\\/leckerekekse.de\\\/wordpress\\\/die-glasglocke\\\/\"},\"author\":{\"name\":\"Buchlieberin\",\"@id\":\"https:\\\/\\\/leckerekekse.de\\\/wordpress\\\/#\\\/schema\\\/person\\\/161a8971fdc6b42b40eb2cf476f78939\"},\"headline\":\"Die Glasglocke\",\"datePublished\":\"2016-06-14T05:00:51+00:00\",\"dateModified\":\"2021-03-27T15:36:19+00:00\",\"mainEntityOfPage\":{\"@id\":\"https:\\\/\\\/leckerekekse.de\\\/wordpress\\\/die-glasglocke\\\/\"},\"wordCount\":1202,\"commentCount\":2,\"publisher\":{\"@id\":\"https:\\\/\\\/leckerekekse.de\\\/wordpress\\\/#\\\/schema\\\/person\\\/8f45748de22f11ca6e316da813f59b85\"},\"image\":{\"@id\":\"https:\\\/\\\/leckerekekse.de\\\/wordpress\\\/die-glasglocke\\\/#primaryimage\"},\"thumbnailUrl\":\"https:\\\/\\\/leckerekekse.de\\\/wordpress\\\/wp-content\\\/uploads\\\/2016\\\/02\\\/IMG_5922.jpg\",\"keywords\":[\"B\u00fccherkultur\",\"Challenge\",\"Depression\",\"New York\",\"Roman\",\"Taschenbuch\"],\"articleSection\":{\"1\":\"B\u00fccher\",\"2\":\"Rezension\",\"3\":\"Social Reading\"},\"inLanguage\":\"de\",\"potentialAction\":[{\"@type\":\"CommentAction\",\"name\":\"Comment\",\"target\":[\"https:\\\/\\\/leckerekekse.de\\\/wordpress\\\/die-glasglocke\\\/#respond\"]}]},{\"@type\":\"WebPage\",\"@id\":\"https:\\\/\\\/leckerekekse.de\\\/wordpress\\\/die-glasglocke\\\/\",\"url\":\"https:\\\/\\\/leckerekekse.de\\\/wordpress\\\/die-glasglocke\\\/\",\"name\":\"Rezension: \\\"Die Glasglocke\\\" von Sylvia Plath, ein moderner Klassiker\",\"isPartOf\":{\"@id\":\"https:\\\/\\\/leckerekekse.de\\\/wordpress\\\/#website\"},\"primaryImageOfPage\":{\"@id\":\"https:\\\/\\\/leckerekekse.de\\\/wordpress\\\/die-glasglocke\\\/#primaryimage\"},\"image\":{\"@id\":\"https:\\\/\\\/leckerekekse.de\\\/wordpress\\\/die-glasglocke\\\/#primaryimage\"},\"thumbnailUrl\":\"https:\\\/\\\/leckerekekse.de\\\/wordpress\\\/wp-content\\\/uploads\\\/2016\\\/02\\\/IMG_5922.jpg\",\"datePublished\":\"2016-06-14T05:00:51+00:00\",\"dateModified\":\"2021-03-27T15:36:19+00:00\",\"description\":\"Rezension: Von dem Buch \\\"Die Glasglocke\\\" hat so ziemlich jeder schon mal geh\u00f6rt. Es ist ein moderner, aktueller Klassiker von Sylvia Plath.\",\"breadcrumb\":{\"@id\":\"https:\\\/\\\/leckerekekse.de\\\/wordpress\\\/die-glasglocke\\\/#breadcrumb\"},\"inLanguage\":\"de\",\"potentialAction\":[{\"@type\":\"ReadAction\",\"target\":[\"https:\\\/\\\/leckerekekse.de\\\/wordpress\\\/die-glasglocke\\\/\"]}]},{\"@type\":\"ImageObject\",\"inLanguage\":\"de\",\"@id\":\"https:\\\/\\\/leckerekekse.de\\\/wordpress\\\/die-glasglocke\\\/#primaryimage\",\"url\":\"https:\\\/\\\/leckerekekse.de\\\/wordpress\\\/wp-content\\\/uploads\\\/2016\\\/02\\\/IMG_5922.jpg\",\"contentUrl\":\"https:\\\/\\\/leckerekekse.de\\\/wordpress\\\/wp-content\\\/uploads\\\/2016\\\/02\\\/IMG_5922.jpg\",\"width\":427,\"height\":640},{\"@type\":\"BreadcrumbList\",\"@id\":\"https:\\\/\\\/leckerekekse.de\\\/wordpress\\\/die-glasglocke\\\/#breadcrumb\",\"itemListElement\":[{\"@type\":\"ListItem\",\"position\":1,\"name\":\"Home\",\"item\":\"https:\\\/\\\/leckerekekse.de\\\/wordpress\\\/\"},{\"@type\":\"ListItem\",\"position\":2,\"name\":\"Die Glasglocke\"}]},{\"@type\":\"WebSite\",\"@id\":\"https:\\\/\\\/leckerekekse.de\\\/wordpress\\\/#website\",\"url\":\"https:\\\/\\\/leckerekekse.de\\\/wordpress\\\/\",\"name\":\"Leckere Kekse &amp; mehr\",\"description\":\"Kekse backen, B\u00fccher lesen und mehr\",\"publisher\":{\"@id\":\"https:\\\/\\\/leckerekekse.de\\\/wordpress\\\/#\\\/schema\\\/person\\\/8f45748de22f11ca6e316da813f59b85\"},\"potentialAction\":[{\"@type\":\"SearchAction\",\"target\":{\"@type\":\"EntryPoint\",\"urlTemplate\":\"https:\\\/\\\/leckerekekse.de\\\/wordpress\\\/?s={search_term_string}\"},\"query-input\":{\"@type\":\"PropertyValueSpecification\",\"valueRequired\":true,\"valueName\":\"search_term_string\"}}],\"inLanguage\":\"de\"},{\"@type\":[\"Person\",\"Organization\"],\"@id\":\"https:\\\/\\\/leckerekekse.de\\\/wordpress\\\/#\\\/schema\\\/person\\\/8f45748de22f11ca6e316da813f59b85\",\"name\":\"Astrid\",\"logo\":{\"@id\":\"https:\\\/\\\/leckerekekse.de\\\/wordpress\\\/#\\\/schema\\\/person\\\/image\\\/\"},\"sameAs\":[\"https:\\\/\\\/leckerekekse.de\\\/wordpress\"]},{\"@type\":\"Person\",\"@id\":\"https:\\\/\\\/leckerekekse.de\\\/wordpress\\\/#\\\/schema\\\/person\\\/161a8971fdc6b42b40eb2cf476f78939\",\"name\":\"Buchlieberin\",\"sameAs\":[\"https:\\\/\\\/leckerekekse.de\\\/wordpress\"]}]}<\/script>\n<!-- \/ Yoast SEO plugin. -->","yoast_head_json":{"title":"Rezension: \"Die Glasglocke\" von Sylvia Plath, ein moderner Klassiker","description":"Rezension: Von dem Buch \"Die Glasglocke\" hat so ziemlich jeder schon mal geh\u00f6rt. Es ist ein moderner, aktueller Klassiker von Sylvia Plath.","robots":{"index":"index","follow":"follow","max-snippet":"max-snippet:-1","max-image-preview":"max-image-preview:large","max-video-preview":"max-video-preview:-1"},"canonical":"https:\/\/leckerekekse.de\/wordpress\/die-glasglocke\/","og_locale":"de_DE","og_type":"article","og_title":"Rezension: \"Die Glasglocke\" von Sylvia Plath, ein moderner Klassiker","og_description":"Rezension: Von dem Buch \"Die Glasglocke\" hat so ziemlich jeder schon mal geh\u00f6rt. Es ist ein moderner, aktueller Klassiker von Sylvia Plath.","og_url":"https:\/\/leckerekekse.de\/wordpress\/die-glasglocke\/","og_site_name":"Leckere Kekse &amp; mehr","article_published_time":"2016-06-14T05:00:51+00:00","article_modified_time":"2021-03-27T15:36:19+00:00","og_image":[{"width":427,"height":640,"url":"https:\/\/leckerekekse.de\/wordpress\/wp-content\/uploads\/2016\/02\/IMG_5922.jpg","type":"image\/jpeg"}],"author":"Buchlieberin","twitter_misc":{"Verfasst von":"Buchlieberin","Gesch\u00e4tzte Lesezeit":"6\u00a0Minuten"},"schema":{"@context":"https:\/\/schema.org","@graph":[{"@type":"Article","@id":"https:\/\/leckerekekse.de\/wordpress\/die-glasglocke\/#article","isPartOf":{"@id":"https:\/\/leckerekekse.de\/wordpress\/die-glasglocke\/"},"author":{"name":"Buchlieberin","@id":"https:\/\/leckerekekse.de\/wordpress\/#\/schema\/person\/161a8971fdc6b42b40eb2cf476f78939"},"headline":"Die Glasglocke","datePublished":"2016-06-14T05:00:51+00:00","dateModified":"2021-03-27T15:36:19+00:00","mainEntityOfPage":{"@id":"https:\/\/leckerekekse.de\/wordpress\/die-glasglocke\/"},"wordCount":1202,"commentCount":2,"publisher":{"@id":"https:\/\/leckerekekse.de\/wordpress\/#\/schema\/person\/8f45748de22f11ca6e316da813f59b85"},"image":{"@id":"https:\/\/leckerekekse.de\/wordpress\/die-glasglocke\/#primaryimage"},"thumbnailUrl":"https:\/\/leckerekekse.de\/wordpress\/wp-content\/uploads\/2016\/02\/IMG_5922.jpg","keywords":["B\u00fccherkultur","Challenge","Depression","New York","Roman","Taschenbuch"],"articleSection":{"1":"B\u00fccher","2":"Rezension","3":"Social Reading"},"inLanguage":"de","potentialAction":[{"@type":"CommentAction","name":"Comment","target":["https:\/\/leckerekekse.de\/wordpress\/die-glasglocke\/#respond"]}]},{"@type":"WebPage","@id":"https:\/\/leckerekekse.de\/wordpress\/die-glasglocke\/","url":"https:\/\/leckerekekse.de\/wordpress\/die-glasglocke\/","name":"Rezension: \"Die Glasglocke\" von Sylvia Plath, ein moderner Klassiker","isPartOf":{"@id":"https:\/\/leckerekekse.de\/wordpress\/#website"},"primaryImageOfPage":{"@id":"https:\/\/leckerekekse.de\/wordpress\/die-glasglocke\/#primaryimage"},"image":{"@id":"https:\/\/leckerekekse.de\/wordpress\/die-glasglocke\/#primaryimage"},"thumbnailUrl":"https:\/\/leckerekekse.de\/wordpress\/wp-content\/uploads\/2016\/02\/IMG_5922.jpg","datePublished":"2016-06-14T05:00:51+00:00","dateModified":"2021-03-27T15:36:19+00:00","description":"Rezension: Von dem Buch \"Die Glasglocke\" hat so ziemlich jeder schon mal geh\u00f6rt. Es ist ein moderner, aktueller Klassiker von Sylvia Plath.","breadcrumb":{"@id":"https:\/\/leckerekekse.de\/wordpress\/die-glasglocke\/#breadcrumb"},"inLanguage":"de","potentialAction":[{"@type":"ReadAction","target":["https:\/\/leckerekekse.de\/wordpress\/die-glasglocke\/"]}]},{"@type":"ImageObject","inLanguage":"de","@id":"https:\/\/leckerekekse.de\/wordpress\/die-glasglocke\/#primaryimage","url":"https:\/\/leckerekekse.de\/wordpress\/wp-content\/uploads\/2016\/02\/IMG_5922.jpg","contentUrl":"https:\/\/leckerekekse.de\/wordpress\/wp-content\/uploads\/2016\/02\/IMG_5922.jpg","width":427,"height":640},{"@type":"BreadcrumbList","@id":"https:\/\/leckerekekse.de\/wordpress\/die-glasglocke\/#breadcrumb","itemListElement":[{"@type":"ListItem","position":1,"name":"Home","item":"https:\/\/leckerekekse.de\/wordpress\/"},{"@type":"ListItem","position":2,"name":"Die Glasglocke"}]},{"@type":"WebSite","@id":"https:\/\/leckerekekse.de\/wordpress\/#website","url":"https:\/\/leckerekekse.de\/wordpress\/","name":"Leckere Kekse &amp; mehr","description":"Kekse backen, B\u00fccher lesen und mehr","publisher":{"@id":"https:\/\/leckerekekse.de\/wordpress\/#\/schema\/person\/8f45748de22f11ca6e316da813f59b85"},"potentialAction":[{"@type":"SearchAction","target":{"@type":"EntryPoint","urlTemplate":"https:\/\/leckerekekse.de\/wordpress\/?s={search_term_string}"},"query-input":{"@type":"PropertyValueSpecification","valueRequired":true,"valueName":"search_term_string"}}],"inLanguage":"de"},{"@type":["Person","Organization"],"@id":"https:\/\/leckerekekse.de\/wordpress\/#\/schema\/person\/8f45748de22f11ca6e316da813f59b85","name":"Astrid","logo":{"@id":"https:\/\/leckerekekse.de\/wordpress\/#\/schema\/person\/image\/"},"sameAs":["https:\/\/leckerekekse.de\/wordpress"]},{"@type":"Person","@id":"https:\/\/leckerekekse.de\/wordpress\/#\/schema\/person\/161a8971fdc6b42b40eb2cf476f78939","name":"Buchlieberin","sameAs":["https:\/\/leckerekekse.de\/wordpress"]}]}},"_links":{"self":[{"href":"https:\/\/leckerekekse.de\/wordpress\/wp-json\/wp\/v2\/posts\/6315","targetHints":{"allow":["GET"]}}],"collection":[{"href":"https:\/\/leckerekekse.de\/wordpress\/wp-json\/wp\/v2\/posts"}],"about":[{"href":"https:\/\/leckerekekse.de\/wordpress\/wp-json\/wp\/v2\/types\/post"}],"author":[{"embeddable":true,"href":"https:\/\/leckerekekse.de\/wordpress\/wp-json\/wp\/v2\/users\/2"}],"replies":[{"embeddable":true,"href":"https:\/\/leckerekekse.de\/wordpress\/wp-json\/wp\/v2\/comments?post=6315"}],"version-history":[{"count":4,"href":"https:\/\/leckerekekse.de\/wordpress\/wp-json\/wp\/v2\/posts\/6315\/revisions"}],"predecessor-version":[{"id":16363,"href":"https:\/\/leckerekekse.de\/wordpress\/wp-json\/wp\/v2\/posts\/6315\/revisions\/16363"}],"wp:featuredmedia":[{"embeddable":true,"href":"https:\/\/leckerekekse.de\/wordpress\/wp-json\/wp\/v2\/media\/5363"}],"wp:attachment":[{"href":"https:\/\/leckerekekse.de\/wordpress\/wp-json\/wp\/v2\/media?parent=6315"}],"wp:term":[{"taxonomy":"category","embeddable":true,"href":"https:\/\/leckerekekse.de\/wordpress\/wp-json\/wp\/v2\/categories?post=6315"},{"taxonomy":"post_tag","embeddable":true,"href":"https:\/\/leckerekekse.de\/wordpress\/wp-json\/wp\/v2\/tags?post=6315"}],"curies":[{"name":"wp","href":"https:\/\/api.w.org\/{rel}","templated":true}]}}