{"id":6586,"date":"2016-08-07T07:30:06","date_gmt":"2016-08-07T05:30:06","guid":{"rendered":"http:\/\/leckerekekse.de\/wordpress\/?p=6586"},"modified":"2016-09-11T12:56:14","modified_gmt":"2016-09-11T10:56:14","slug":"elisabeth-graver-die-sommer-der-porters","status":"publish","type":"post","link":"https:\/\/leckerekekse.de\/wordpress\/elisabeth-graver-die-sommer-der-porters\/","title":{"rendered":"Elisabeth Graver: Die Sommer der Porters"},"content":{"rendered":"<p><img loading=\"lazy\" decoding=\"async\" class=\"aligncenter wp-image-6590 size-full\" src=\"https:\/\/leckerekekse.de\/wordpress\/wp-content\/uploads\/2016\/07\/Der-Sommer-der-Porters-4.jpg\" alt=\"Die Sommer der Porters\" width=\"640\" height=\"427\" srcset=\"https:\/\/leckerekekse.de\/wordpress\/wp-content\/uploads\/2016\/07\/Der-Sommer-der-Porters-4.jpg 640w, https:\/\/leckerekekse.de\/wordpress\/wp-content\/uploads\/2016\/07\/Der-Sommer-der-Porters-4-300x200.jpg 300w\" sizes=\"auto, (max-width: 640px) 100vw, 640px\" \/><\/p>\n<p>Nachdem der Sommer bei uns im Norden lange brauchte, bevor er \u00fcberhaupt angefangen hat, war ich immer auf der Suche nach einem Buch, das mir den Sommer bringen w\u00fcrde. Bei diesem Buch bin ich endlich f\u00fcndig geworden.<\/p>\n<h3>Inhalt<\/h3>\n<p>Das Buch &#8222;Der Sommer der Porters&#8220; beinhaltet eine Familiengeschichte \u00fcber eine amerikanische Familie, die die Sommer in ihrem Sommerhaus an der K\u00fcste verbringt. Erz\u00e4hlt aus unterschiedlichen Perspektiven. Erz\u00e4hlt \u00fcber eine lange Zeitspanne: 1942 bis 1999.<\/p>\n<p>Bea ist das Kinderm\u00e4dchen der Familie Porter. Aus Schottland ausgewandert hat sie Gl\u00fcck bei der reichen Familie, die sie haupts\u00e4chlich f\u00fcr ihre j\u00fcngste Tochter einstellt und dann fast ihr ganzes Leben dort verbringt. Das zweite Kinderm\u00e4dchen f\u00fcr die gr\u00f6\u00dferen Kindern wird zu ihrer eigenen Familie und Vertrauten. Sie beginnt die Erz\u00e4hlungen im Buch. Zu ihrer Zeit verbringt die Familie Porter noch ganze lange Sommer im Sommerhaus. Obwohl die Amerikaner 1942 einen St\u00fctzpunkt neben ihrem Haus errichten, genie\u00dfen sie den Sommer.<!--more--><\/p>\n<p>Helen, die \u00e4lteste Tochter der Porters erz\u00e4hlt einen weiteren Teil der Geschichte. Ihr Bruder ist im Krieg gefallen und die Trauer um den sympathischen Jungen h\u00e4lt noch Jahre an. Helen verbringt viel Zeit in Europa, bringt einen Ehemann mit in die gro\u00dfe Familie. Sie m\u00f6chte Karriere machen, aber die Geburt der vier Kinder hindert sie immer wieder daran. Ihr \u00e4ltester Sohn Charlie ist sehr vielversprechend in der Schule und sie erwartet viel von ihm. Zu ihrer Zeit sind die Sommer im Sommerhaus k\u00fcrzer. Man f\u00e4hrt an den Wochenenden und ein paar Wochen in den Ferien.<\/p>\n<p>Charlie, Helens \u00e4ltester Sohn, darf den gr\u00f6\u00dften Part der Geschichte erz\u00e4hlen. W\u00e4hrend seine ersten Lebens- und Schuljahre von Erfolgen gepr\u00e4gt sind, entwickelt er sich bald zum schwarzen Schaf der Familie. Seine Eltern haben ihm und seinem Bruder in Kindertagen eine kleine eigene H\u00fctte auf dem Grundst\u00fcck ihres Sommerhauses gebaut. Die primitive Behausung wird f\u00fcr lange Zeit seine Heimat. Zu diesen Zeiten sind immer noch alle Familienmitglieder gerne an der K\u00fcste, aber das Sommerhaus wird zwischenzeitlich auch an Fremde vermietet. der Reichtum der Eigent\u00fcmer schwindet und so werden auch Teile der Grundst\u00fccke verkauft und die heile Welt, in der Charlie aufgewachsen ist, f\u00e4llt mehr und mehr in sich zusammen. Er k\u00e4mpft noch eine Weile, muss aber am Ende den Umbruch akzeptieren.<\/p>\n<h3>Meine Meinung<\/h3>\n<p>Eine f\u00fcr mich typische amerikanische Familiengeschichte, ruhig erz\u00e4hlt. Ein wenig erinnerte sie mich an <a href=\"https:\/\/leckerekekse.de\/wordpress\/patry-francis-die-schatten-von-race-point\/\" target=\"_blank\">Die Schatten von Race Point<\/a>.<img loading=\"lazy\" decoding=\"async\" class=\"aligncenter wp-image-6588 size-full\" src=\"https:\/\/leckerekekse.de\/wordpress\/wp-content\/uploads\/2016\/07\/Der-Sommer-der-Porters-2.jpg\" alt=\"Die Sommer der Porters\" width=\"640\" height=\"960\" srcset=\"https:\/\/leckerekekse.de\/wordpress\/wp-content\/uploads\/2016\/07\/Der-Sommer-der-Porters-2.jpg 640w, https:\/\/leckerekekse.de\/wordpress\/wp-content\/uploads\/2016\/07\/Der-Sommer-der-Porters-2-200x300.jpg 200w\" sizes=\"auto, (max-width: 640px) 100vw, 640px\" \/><\/p>\n<p>Der Ort der Erz\u00e4hlungen ist fast immer das Ferienhaus der Familie, die Menschen ver\u00e4ndern sich, einige sterben und neue Familienmitglieder kommen dazu. Eine ganz normale Familiengeschichte wie sie sich schon millionenfach abgespielt hat. Ganz normale Geschehnisse werden erz\u00e4hlt. Aus den kleinen Kindern werden Erwachsene mit ihren eigenen Geschichten und Problemen. Eigentlich nichts besonderes! Und trotzdem hat mir dieses Buch sehr gut gefallen. Oder vielleicht gerade deswegen? Weil es die Normalit\u00e4t ist?<\/p>\n<p>In Beas Erz\u00e4hlstrang wird immer wieder gefragt, \u201ewas w\u00e4re wenn?\u201c. Wenn sie sich damals anders entschieden h\u00e4tte, wenn sie nicht nach Amerika gegangen w\u00e4re, wenn sie sich nicht f\u00fcr das Kind entschieden h\u00e4tte. Diese Fragen machen mir bewu\u00dft, wie anders ein Leben sein kann, wenn nur minimale Dinge anders gelaufen w\u00e4ren.<\/p>\n<p>Durch die gro\u00dfe Zeitspanne des Romans (57 Jahre) muss der Leser sich immer wieder auf die neue Zeit einstellen und muss sich immer wieder neu mit den Protagonisten anfreunden.\u00a0<img loading=\"lazy\" decoding=\"async\" class=\"aligncenter wp-image-6591 size-full\" src=\"https:\/\/leckerekekse.de\/wordpress\/wp-content\/uploads\/2016\/07\/Der-Sommer-der-Porters.jpg\" alt=\"Die Sommer der Porters\" width=\"640\" height=\"640\" srcset=\"https:\/\/leckerekekse.de\/wordpress\/wp-content\/uploads\/2016\/07\/Der-Sommer-der-Porters.jpg 640w, https:\/\/leckerekekse.de\/wordpress\/wp-content\/uploads\/2016\/07\/Der-Sommer-der-Porters-150x150.jpg 150w, https:\/\/leckerekekse.de\/wordpress\/wp-content\/uploads\/2016\/07\/Der-Sommer-der-Porters-300x300.jpg 300w, https:\/\/leckerekekse.de\/wordpress\/wp-content\/uploads\/2016\/07\/Der-Sommer-der-Porters-144x144.jpg 144w, https:\/\/leckerekekse.de\/wordpress\/wp-content\/uploads\/2016\/07\/Der-Sommer-der-Porters-120x120.jpg 120w\" sizes=\"auto, (max-width: 640px) 100vw, 640px\" \/><\/p>\n<p>F\u00fcr mich endlich mal ein Sommerbuch, das den Namen verdient. Ich habe es im Schatten im Liegestuhl gelesen und mich wohlgef\u00fchlt im Sommerhaus am Meer.<\/p>\n<p>Das Cover begeistert mich mal wieder sehr, wie schaffen die das von Mare eigentlich immer wieder?<\/p>\n<p>Dieses Buch landet \u00fcbrigens nicht in meinem B\u00fccherregal. Ich werde es in meiner Ferienwohnung an der Ostsee f\u00fcr unsere Ferieng\u00e4ste zur Verf\u00fcgung stellen. Vielleicht hat jemand Lust, es dort zu lesen.<\/p>\n<p>&nbsp;<\/p>\n<p style=\"text-align: left;\"><b><img loading=\"lazy\" decoding=\"async\" class=\"size-medium wp-image-6593 alignleft\" src=\"https:\/\/leckerekekse.de\/wordpress\/wp-content\/uploads\/2016\/07\/Sommer-der-Porters-183x300.jpg\" alt=\"Elizabeth_Graver_Die Sommer.indd\" width=\"183\" height=\"300\" srcset=\"https:\/\/leckerekekse.de\/wordpress\/wp-content\/uploads\/2016\/07\/Sommer-der-Porters-183x300.jpg 183w, https:\/\/leckerekekse.de\/wordpress\/wp-content\/uploads\/2016\/07\/Sommer-der-Porters.jpg 300w\" sizes=\"auto, (max-width: 183px) 100vw, 183px\" \/>Die Sommer der Porters,\u00a0<\/b>Elizabeth Graver,\u00a0\u00dcbersetzung: Juliane Zaubitzer,\u00a0ISBN 978-3-86648-223-4, OT: The End of the Point<\/p>\n<p><a href=\"http:\/\/www.mare.de\/index.php?article_id=4424\" target=\"_blank\">Verlagsseite<\/a><\/p>\n<p>&nbsp;<\/p>\n<p>&nbsp;<\/p>\n<p>&nbsp;<\/p>\n<p>&nbsp;<\/p>\n<p>&nbsp;<\/p>\n<p><img loading=\"lazy\" decoding=\"async\" class=\"aligncenter size-full wp-image-5968\" src=\"https:\/\/leckerekekse.de\/wordpress\/wp-content\/uploads\/2016\/04\/Astrid-Signatur.jpeg\" alt=\"Astrid-Signatur\" width=\"206\" height=\"97\" \/><\/p>\n<h3>Weitere Rezensionen:<\/h3>\n<p><a href=\"https:\/\/leseschatz.wordpress.com\/2016\/07\/18\/elizabeth-graver-die-sommer-der-porters\/\" target=\"_blank\">Leseschatz<\/a><\/p>\n<p><a href=\"http:\/\/herzpotenzial.com\/elizabeth-graver-die-sommer-der-porters\/\" target=\"_blank\">Herzpotenzial<\/a><\/p>\n","protected":false},"excerpt":{"rendered":"<p>Nachdem der Sommer bei uns im Norden lange brauchte, bevor er \u00fcberhaupt angefangen hat, war ich immer auf der Suche nach einem Buch, das mir den Sommer bringen w\u00fcrde. Bei diesem Buch bin ich endlich f\u00fcndig geworden. Inhalt Das Buch &#8222;Der Sommer der Porters&#8220; beinhaltet eine Familiengeschichte \u00fcber eine amerikanische Familie, die die Sommer in [&hellip;]<\/p>\n","protected":false},"author":1,"featured_media":6590,"comment_status":"open","ping_status":"open","sticky":false,"template":"","format":"standard","meta":{"footnotes":""},"categories":[1,3,788],"tags":[125,835,265,834],"class_list":["post-6586","post","type-post","status-publish","format-standard","has-post-thumbnail","hentry","category-allgemein","category-buecher","category-rezension","tag-amerika","tag-familiengeschichte","tag-sommer","tag-sommerhaus"],"yoast_head":"<!-- This site is optimized with the Yoast SEO plugin v27.5 - https:\/\/yoast.com\/product\/yoast-seo-wordpress\/ -->\n<title>Elisabeth Graver: Die Sommer der Porters | Leckere Kekse &amp; mehr<\/title>\n<meta name=\"description\" content=\"&quot;Die Sommer der Porters&quot; spielt an der amerik. K\u00fcste in dem Sommerhaus einer wohlhabenden Familie. Drei Generationen erz\u00e4hlen von Freud und Leid der Familie\" \/>\n<meta name=\"robots\" content=\"index, follow, max-snippet:-1, max-image-preview:large, max-video-preview:-1\" \/>\n<link rel=\"canonical\" href=\"https:\/\/leckerekekse.de\/wordpress\/elisabeth-graver-die-sommer-der-porters\/\" \/>\n<meta property=\"og:locale\" content=\"de_DE\" \/>\n<meta property=\"og:type\" content=\"article\" \/>\n<meta property=\"og:title\" content=\"Elisabeth Graver: Die Sommer der Porters | Leckere Kekse &amp; mehr\" \/>\n<meta property=\"og:description\" content=\"&quot;Die Sommer der Porters&quot; spielt an der amerik. K\u00fcste in dem Sommerhaus einer wohlhabenden Familie. Drei Generationen erz\u00e4hlen von Freud und Leid der Familie\" \/>\n<meta property=\"og:url\" content=\"https:\/\/leckerekekse.de\/wordpress\/elisabeth-graver-die-sommer-der-porters\/\" \/>\n<meta property=\"og:site_name\" content=\"Leckere Kekse &amp; mehr\" \/>\n<meta property=\"article:published_time\" content=\"2016-08-07T05:30:06+00:00\" \/>\n<meta property=\"article:modified_time\" content=\"2016-09-11T10:56:14+00:00\" \/>\n<meta property=\"og:image\" content=\"https:\/\/leckerekekse.de\/wordpress\/wp-content\/uploads\/2016\/07\/Der-Sommer-der-Porters-4.jpg\" \/>\n\t<meta property=\"og:image:width\" content=\"640\" \/>\n\t<meta property=\"og:image:height\" content=\"427\" \/>\n\t<meta property=\"og:image:type\" content=\"image\/jpeg\" \/>\n<meta name=\"author\" content=\"Astrid\" \/>\n<meta name=\"twitter:label1\" content=\"Verfasst von\" \/>\n\t<meta name=\"twitter:data1\" content=\"Astrid\" \/>\n\t<meta name=\"twitter:label2\" content=\"Gesch\u00e4tzte Lesezeit\" \/>\n\t<meta name=\"twitter:data2\" content=\"3\u00a0Minuten\" \/>\n<script type=\"application\/ld+json\" class=\"yoast-schema-graph\">{\"@context\":\"https:\\\/\\\/schema.org\",\"@graph\":[{\"@type\":\"Article\",\"@id\":\"https:\\\/\\\/leckerekekse.de\\\/wordpress\\\/elisabeth-graver-die-sommer-der-porters\\\/#article\",\"isPartOf\":{\"@id\":\"https:\\\/\\\/leckerekekse.de\\\/wordpress\\\/elisabeth-graver-die-sommer-der-porters\\\/\"},\"author\":{\"name\":\"Astrid\",\"@id\":\"https:\\\/\\\/leckerekekse.de\\\/wordpress\\\/#\\\/schema\\\/person\\\/8f45748de22f11ca6e316da813f59b85\"},\"headline\":\"Elisabeth Graver: Die Sommer der Porters\",\"datePublished\":\"2016-08-07T05:30:06+00:00\",\"dateModified\":\"2016-09-11T10:56:14+00:00\",\"mainEntityOfPage\":{\"@id\":\"https:\\\/\\\/leckerekekse.de\\\/wordpress\\\/elisabeth-graver-die-sommer-der-porters\\\/\"},\"wordCount\":700,\"commentCount\":0,\"publisher\":{\"@id\":\"https:\\\/\\\/leckerekekse.de\\\/wordpress\\\/#\\\/schema\\\/person\\\/8f45748de22f11ca6e316da813f59b85\"},\"image\":{\"@id\":\"https:\\\/\\\/leckerekekse.de\\\/wordpress\\\/elisabeth-graver-die-sommer-der-porters\\\/#primaryimage\"},\"thumbnailUrl\":\"https:\\\/\\\/leckerekekse.de\\\/wordpress\\\/wp-content\\\/uploads\\\/2016\\\/07\\\/Der-Sommer-der-Porters-4.jpg\",\"keywords\":[\"Amerika\",\"Familiengeschichte\",\"Sommer\",\"Sommerhaus\"],\"articleSection\":{\"1\":\"B\u00fccher\",\"2\":\"Rezension\"},\"inLanguage\":\"de\",\"potentialAction\":[{\"@type\":\"CommentAction\",\"name\":\"Comment\",\"target\":[\"https:\\\/\\\/leckerekekse.de\\\/wordpress\\\/elisabeth-graver-die-sommer-der-porters\\\/#respond\"]}]},{\"@type\":\"WebPage\",\"@id\":\"https:\\\/\\\/leckerekekse.de\\\/wordpress\\\/elisabeth-graver-die-sommer-der-porters\\\/\",\"url\":\"https:\\\/\\\/leckerekekse.de\\\/wordpress\\\/elisabeth-graver-die-sommer-der-porters\\\/\",\"name\":\"Elisabeth Graver: Die Sommer der Porters | Leckere Kekse &amp; mehr\",\"isPartOf\":{\"@id\":\"https:\\\/\\\/leckerekekse.de\\\/wordpress\\\/#website\"},\"primaryImageOfPage\":{\"@id\":\"https:\\\/\\\/leckerekekse.de\\\/wordpress\\\/elisabeth-graver-die-sommer-der-porters\\\/#primaryimage\"},\"image\":{\"@id\":\"https:\\\/\\\/leckerekekse.de\\\/wordpress\\\/elisabeth-graver-die-sommer-der-porters\\\/#primaryimage\"},\"thumbnailUrl\":\"https:\\\/\\\/leckerekekse.de\\\/wordpress\\\/wp-content\\\/uploads\\\/2016\\\/07\\\/Der-Sommer-der-Porters-4.jpg\",\"datePublished\":\"2016-08-07T05:30:06+00:00\",\"dateModified\":\"2016-09-11T10:56:14+00:00\",\"description\":\"\\\"Die Sommer der Porters\\\" spielt an der amerik. K\u00fcste in dem Sommerhaus einer wohlhabenden Familie. Drei Generationen erz\u00e4hlen von Freud und Leid der Familie\",\"breadcrumb\":{\"@id\":\"https:\\\/\\\/leckerekekse.de\\\/wordpress\\\/elisabeth-graver-die-sommer-der-porters\\\/#breadcrumb\"},\"inLanguage\":\"de\",\"potentialAction\":[{\"@type\":\"ReadAction\",\"target\":[\"https:\\\/\\\/leckerekekse.de\\\/wordpress\\\/elisabeth-graver-die-sommer-der-porters\\\/\"]}]},{\"@type\":\"ImageObject\",\"inLanguage\":\"de\",\"@id\":\"https:\\\/\\\/leckerekekse.de\\\/wordpress\\\/elisabeth-graver-die-sommer-der-porters\\\/#primaryimage\",\"url\":\"https:\\\/\\\/leckerekekse.de\\\/wordpress\\\/wp-content\\\/uploads\\\/2016\\\/07\\\/Der-Sommer-der-Porters-4.jpg\",\"contentUrl\":\"https:\\\/\\\/leckerekekse.de\\\/wordpress\\\/wp-content\\\/uploads\\\/2016\\\/07\\\/Der-Sommer-der-Porters-4.jpg\",\"width\":640,\"height\":427,\"caption\":\"Sommerbuch\"},{\"@type\":\"BreadcrumbList\",\"@id\":\"https:\\\/\\\/leckerekekse.de\\\/wordpress\\\/elisabeth-graver-die-sommer-der-porters\\\/#breadcrumb\",\"itemListElement\":[{\"@type\":\"ListItem\",\"position\":1,\"name\":\"Home\",\"item\":\"https:\\\/\\\/leckerekekse.de\\\/wordpress\\\/\"},{\"@type\":\"ListItem\",\"position\":2,\"name\":\"Elisabeth Graver: Die Sommer der Porters\"}]},{\"@type\":\"WebSite\",\"@id\":\"https:\\\/\\\/leckerekekse.de\\\/wordpress\\\/#website\",\"url\":\"https:\\\/\\\/leckerekekse.de\\\/wordpress\\\/\",\"name\":\"Leckere Kekse &amp; mehr\",\"description\":\"Kekse backen, B\u00fccher lesen und mehr\",\"publisher\":{\"@id\":\"https:\\\/\\\/leckerekekse.de\\\/wordpress\\\/#\\\/schema\\\/person\\\/8f45748de22f11ca6e316da813f59b85\"},\"potentialAction\":[{\"@type\":\"SearchAction\",\"target\":{\"@type\":\"EntryPoint\",\"urlTemplate\":\"https:\\\/\\\/leckerekekse.de\\\/wordpress\\\/?s={search_term_string}\"},\"query-input\":{\"@type\":\"PropertyValueSpecification\",\"valueRequired\":true,\"valueName\":\"search_term_string\"}}],\"inLanguage\":\"de\"},{\"@type\":[\"Person\",\"Organization\"],\"@id\":\"https:\\\/\\\/leckerekekse.de\\\/wordpress\\\/#\\\/schema\\\/person\\\/8f45748de22f11ca6e316da813f59b85\",\"name\":\"Astrid\",\"logo\":{\"@id\":\"https:\\\/\\\/leckerekekse.de\\\/wordpress\\\/#\\\/schema\\\/person\\\/image\\\/\"},\"sameAs\":[\"https:\\\/\\\/leckerekekse.de\\\/wordpress\"]}]}<\/script>\n<!-- \/ Yoast SEO plugin. -->","yoast_head_json":{"title":"Elisabeth Graver: Die Sommer der Porters | Leckere Kekse &amp; mehr","description":"\"Die Sommer der Porters\" spielt an der amerik. K\u00fcste in dem Sommerhaus einer wohlhabenden Familie. Drei Generationen erz\u00e4hlen von Freud und Leid der Familie","robots":{"index":"index","follow":"follow","max-snippet":"max-snippet:-1","max-image-preview":"max-image-preview:large","max-video-preview":"max-video-preview:-1"},"canonical":"https:\/\/leckerekekse.de\/wordpress\/elisabeth-graver-die-sommer-der-porters\/","og_locale":"de_DE","og_type":"article","og_title":"Elisabeth Graver: Die Sommer der Porters | Leckere Kekse &amp; mehr","og_description":"\"Die Sommer der Porters\" spielt an der amerik. K\u00fcste in dem Sommerhaus einer wohlhabenden Familie. Drei Generationen erz\u00e4hlen von Freud und Leid der Familie","og_url":"https:\/\/leckerekekse.de\/wordpress\/elisabeth-graver-die-sommer-der-porters\/","og_site_name":"Leckere Kekse &amp; mehr","article_published_time":"2016-08-07T05:30:06+00:00","article_modified_time":"2016-09-11T10:56:14+00:00","og_image":[{"width":640,"height":427,"url":"https:\/\/leckerekekse.de\/wordpress\/wp-content\/uploads\/2016\/07\/Der-Sommer-der-Porters-4.jpg","type":"image\/jpeg"}],"author":"Astrid","twitter_misc":{"Verfasst von":"Astrid","Gesch\u00e4tzte Lesezeit":"3\u00a0Minuten"},"schema":{"@context":"https:\/\/schema.org","@graph":[{"@type":"Article","@id":"https:\/\/leckerekekse.de\/wordpress\/elisabeth-graver-die-sommer-der-porters\/#article","isPartOf":{"@id":"https:\/\/leckerekekse.de\/wordpress\/elisabeth-graver-die-sommer-der-porters\/"},"author":{"name":"Astrid","@id":"https:\/\/leckerekekse.de\/wordpress\/#\/schema\/person\/8f45748de22f11ca6e316da813f59b85"},"headline":"Elisabeth Graver: Die Sommer der Porters","datePublished":"2016-08-07T05:30:06+00:00","dateModified":"2016-09-11T10:56:14+00:00","mainEntityOfPage":{"@id":"https:\/\/leckerekekse.de\/wordpress\/elisabeth-graver-die-sommer-der-porters\/"},"wordCount":700,"commentCount":0,"publisher":{"@id":"https:\/\/leckerekekse.de\/wordpress\/#\/schema\/person\/8f45748de22f11ca6e316da813f59b85"},"image":{"@id":"https:\/\/leckerekekse.de\/wordpress\/elisabeth-graver-die-sommer-der-porters\/#primaryimage"},"thumbnailUrl":"https:\/\/leckerekekse.de\/wordpress\/wp-content\/uploads\/2016\/07\/Der-Sommer-der-Porters-4.jpg","keywords":["Amerika","Familiengeschichte","Sommer","Sommerhaus"],"articleSection":{"1":"B\u00fccher","2":"Rezension"},"inLanguage":"de","potentialAction":[{"@type":"CommentAction","name":"Comment","target":["https:\/\/leckerekekse.de\/wordpress\/elisabeth-graver-die-sommer-der-porters\/#respond"]}]},{"@type":"WebPage","@id":"https:\/\/leckerekekse.de\/wordpress\/elisabeth-graver-die-sommer-der-porters\/","url":"https:\/\/leckerekekse.de\/wordpress\/elisabeth-graver-die-sommer-der-porters\/","name":"Elisabeth Graver: Die Sommer der Porters | Leckere Kekse &amp; mehr","isPartOf":{"@id":"https:\/\/leckerekekse.de\/wordpress\/#website"},"primaryImageOfPage":{"@id":"https:\/\/leckerekekse.de\/wordpress\/elisabeth-graver-die-sommer-der-porters\/#primaryimage"},"image":{"@id":"https:\/\/leckerekekse.de\/wordpress\/elisabeth-graver-die-sommer-der-porters\/#primaryimage"},"thumbnailUrl":"https:\/\/leckerekekse.de\/wordpress\/wp-content\/uploads\/2016\/07\/Der-Sommer-der-Porters-4.jpg","datePublished":"2016-08-07T05:30:06+00:00","dateModified":"2016-09-11T10:56:14+00:00","description":"\"Die Sommer der Porters\" spielt an der amerik. K\u00fcste in dem Sommerhaus einer wohlhabenden Familie. Drei Generationen erz\u00e4hlen von Freud und Leid der Familie","breadcrumb":{"@id":"https:\/\/leckerekekse.de\/wordpress\/elisabeth-graver-die-sommer-der-porters\/#breadcrumb"},"inLanguage":"de","potentialAction":[{"@type":"ReadAction","target":["https:\/\/leckerekekse.de\/wordpress\/elisabeth-graver-die-sommer-der-porters\/"]}]},{"@type":"ImageObject","inLanguage":"de","@id":"https:\/\/leckerekekse.de\/wordpress\/elisabeth-graver-die-sommer-der-porters\/#primaryimage","url":"https:\/\/leckerekekse.de\/wordpress\/wp-content\/uploads\/2016\/07\/Der-Sommer-der-Porters-4.jpg","contentUrl":"https:\/\/leckerekekse.de\/wordpress\/wp-content\/uploads\/2016\/07\/Der-Sommer-der-Porters-4.jpg","width":640,"height":427,"caption":"Sommerbuch"},{"@type":"BreadcrumbList","@id":"https:\/\/leckerekekse.de\/wordpress\/elisabeth-graver-die-sommer-der-porters\/#breadcrumb","itemListElement":[{"@type":"ListItem","position":1,"name":"Home","item":"https:\/\/leckerekekse.de\/wordpress\/"},{"@type":"ListItem","position":2,"name":"Elisabeth Graver: Die Sommer der Porters"}]},{"@type":"WebSite","@id":"https:\/\/leckerekekse.de\/wordpress\/#website","url":"https:\/\/leckerekekse.de\/wordpress\/","name":"Leckere Kekse &amp; mehr","description":"Kekse backen, B\u00fccher lesen und mehr","publisher":{"@id":"https:\/\/leckerekekse.de\/wordpress\/#\/schema\/person\/8f45748de22f11ca6e316da813f59b85"},"potentialAction":[{"@type":"SearchAction","target":{"@type":"EntryPoint","urlTemplate":"https:\/\/leckerekekse.de\/wordpress\/?s={search_term_string}"},"query-input":{"@type":"PropertyValueSpecification","valueRequired":true,"valueName":"search_term_string"}}],"inLanguage":"de"},{"@type":["Person","Organization"],"@id":"https:\/\/leckerekekse.de\/wordpress\/#\/schema\/person\/8f45748de22f11ca6e316da813f59b85","name":"Astrid","logo":{"@id":"https:\/\/leckerekekse.de\/wordpress\/#\/schema\/person\/image\/"},"sameAs":["https:\/\/leckerekekse.de\/wordpress"]}]}},"_links":{"self":[{"href":"https:\/\/leckerekekse.de\/wordpress\/wp-json\/wp\/v2\/posts\/6586","targetHints":{"allow":["GET"]}}],"collection":[{"href":"https:\/\/leckerekekse.de\/wordpress\/wp-json\/wp\/v2\/posts"}],"about":[{"href":"https:\/\/leckerekekse.de\/wordpress\/wp-json\/wp\/v2\/types\/post"}],"author":[{"embeddable":true,"href":"https:\/\/leckerekekse.de\/wordpress\/wp-json\/wp\/v2\/users\/1"}],"replies":[{"embeddable":true,"href":"https:\/\/leckerekekse.de\/wordpress\/wp-json\/wp\/v2\/comments?post=6586"}],"version-history":[{"count":3,"href":"https:\/\/leckerekekse.de\/wordpress\/wp-json\/wp\/v2\/posts\/6586\/revisions"}],"predecessor-version":[{"id":6897,"href":"https:\/\/leckerekekse.de\/wordpress\/wp-json\/wp\/v2\/posts\/6586\/revisions\/6897"}],"wp:featuredmedia":[{"embeddable":true,"href":"https:\/\/leckerekekse.de\/wordpress\/wp-json\/wp\/v2\/media\/6590"}],"wp:attachment":[{"href":"https:\/\/leckerekekse.de\/wordpress\/wp-json\/wp\/v2\/media?parent=6586"}],"wp:term":[{"taxonomy":"category","embeddable":true,"href":"https:\/\/leckerekekse.de\/wordpress\/wp-json\/wp\/v2\/categories?post=6586"},{"taxonomy":"post_tag","embeddable":true,"href":"https:\/\/leckerekekse.de\/wordpress\/wp-json\/wp\/v2\/tags?post=6586"}],"curies":[{"name":"wp","href":"https:\/\/api.w.org\/{rel}","templated":true}]}}