{"id":6727,"date":"2016-09-21T07:34:04","date_gmt":"2016-09-21T05:34:04","guid":{"rendered":"http:\/\/leckerekekse.de\/wordpress\/?p=6727"},"modified":"2021-03-27T16:36:20","modified_gmt":"2021-03-27T15:36:20","slug":"demenz-weltalzheimer-tag","status":"publish","type":"post","link":"https:\/\/leckerekekse.de\/wordpress\/demenz-weltalzheimer-tag\/","title":{"rendered":"Themen-Lesen: Demenz"},"content":{"rendered":"<p>Der 21. September ist <a href=\"https:\/\/www.deutsche-alzheimer.de\/termine\/welt-alzheimertag.html\" target=\"_blank\" rel=\"noopener\">Welt-Alzheimertag<\/a>.<br \/>\nDemenz und Alzheimer sind zwei t\u00fcckische Krankheitsbilder, die die Pers\u00f6nlichkeit und das Leben der Betroffenen und der Angeh\u00f6rigen vollkommen \u00e4ndern k\u00f6nnen. Diese Themen werden in vielen B\u00fcchern aufgegriffen. Ein paar davon stelle ich heute vor. Ausserdem habe ich ein Interview mit Lars Ruppel gef\u00fchrt, der Fortbildungsangebote f\u00fcr Pflegende die mit Demenzkranken arbeiten, anbietet.<\/p>\n<div id=\"attachment_6921\" style=\"width: 437px\" class=\"wp-caption aligncenter\"><img loading=\"lazy\" decoding=\"async\" aria-describedby=\"caption-attachment-6921\" class=\"wp-image-6921 size-full\" src=\"https:\/\/leckerekekse.de\/wordpress\/wp-content\/uploads\/2016\/09\/Lars_ruppel-1.jpg\" alt=\"Lars Ruppel, Weltalzheimertag, Demenz, \" width=\"427\" height=\"640\" srcset=\"https:\/\/leckerekekse.de\/wordpress\/wp-content\/uploads\/2016\/09\/Lars_ruppel-1.jpg 427w, https:\/\/leckerekekse.de\/wordpress\/wp-content\/uploads\/2016\/09\/Lars_ruppel-1-200x300.jpg 200w\" sizes=\"auto, (max-width: 427px) 100vw, 427px\" \/><p id=\"caption-attachment-6921\" class=\"wp-caption-text\">Quelle: Lars Ruppel<\/p><\/div>\n<p><a href=\"https:\/\/leckerekekse.de\/wordpress\/holla-lars-ruppel\/\" target=\"_blank\" rel=\"noopener\">Lars Ruppel<\/a> ist ein bekannter Poetry-Slammer, den ich auch schon mal Live erleben konnte. In meinem <a href=\"https:\/\/leckerekekse.de\/wordpress\/holla-lars-ruppel\/\" target=\"_blank\" rel=\"noopener\">Bericht<\/a> dazu gibt es noch einige Infos zu ihm.<!--more--><\/p>\n<h5>Interview mit Lars Ruppel<\/h5>\n<p><strong>Silvia: <\/strong>Erz\u00e4hle doch mal etwas \u00fcber Dein Projekt \u201e<a href=\"http:\/\/larsruppel.de\/?page_id=3\" target=\"_blank\" rel=\"noopener\">Weckworte<\/a>\u201c.<\/p>\n<p><em><strong>Lars:<\/strong> Es ist ein Fortbildungsangebot f\u00fcr Menschen, die in der Pflege t\u00e4tig sind, beruflich oder wegen eines Pflegefalls in der Familie. Ich zeige Ihnen Techniken, mit denen sie Gedichte in Pflegeroutinen integrieren k\u00f6nnen. Der Fokus liegt auf Gedichten, die die \u00e4ltere Generation noch nicht kennt, da das Kulturangebot in der Pflege sich allzu h\u00e4ufig auf Wiederholung von Altbekanntem beschr\u00e4nkt. Die Pflege soll kulturell aufgewertet werden. Das Fortbildungsangebot wird von vielen Einrichtungen in Deutschland und der Schweiz gebucht. Ich halte viele Vortr\u00e4ge zu dem Thema und es macht mir viel Spa\u00df.<\/em><\/p>\n<p><strong>Silvia:<\/strong> Ich finde es total spannend, dass Du als \u201eLaie\u201c Schulungen f\u00fcr Pflegekr\u00e4fte gibst. Gibt es auch Veranstaltungen f\u00fcr pflegende Angeh\u00f6rige?<\/p>\n<p><strong>Lars:<\/strong> <em>F\u00fcr das was ich mache gibt es sowieso keine Qualifikation, ausser der F\u00e4higkeit zu Empathie und die Begeisterung f\u00fcr Poesie. Ich w\u00fcrde als Laie nat\u00fcrlich keine Pflegetechniken zeigen. Ich zeige nur, wie viel Spa\u00df Poesie macht und, dass man sich diese schwere Arbeit erleichtern kann. Ob in den Fortbildungen Angeh\u00f6rige, Pflegesch\u00fclerInnen, Betreuungskr\u00e4fte oder Hedgefondsmanager sitzen ist mir egal.<\/em><\/p>\n<p><strong>Silvia:<\/strong> Wie kam Dir die Idee f\u00fcr die Anthologie \u201eGeblitzdingst?\u201c<\/p>\n<p><strong>Lars:<\/strong> <em>Mir ist aufgefallen, dass es einige qualitativ hochwertige Gedichte toller Poetry SlammerInnen gibt. Sie zeichneten sich durch eine besondere Authentizit\u00e4t aus und lagen \u00fcber dem Niveau viele Gedichte auf Slams, die sich oftmals um Belangloses drehen. Diesen Texten wollte ich in eine Plattform bieten. Pflegende sollen in den Texten die Sch\u00f6nheit Ihrer Arbeit entdecken und auch erkennen, dass andere Menschen da draussen die selben Schrecklichkeiten erleben.<\/em><\/p>\n<p><strong>Silvia:<\/strong> Hast Du Angst vor dem Alter und vor dem Vergessen?<\/p>\n<p><strong>Lars:<\/strong> <em>Vergessen ist nichts schlimmes, Vergessen ist lebensnotwendig. Wenn es altersbedingt passiert, dann sollte sich das ganze Umfeld daran gew\u00f6hnen, auch dann verliert das Vergessen seinen Schrecken.<\/em><\/p>\n<div id=\"attachment_6920\" style=\"width: 650px\" class=\"wp-caption aligncenter\"><img loading=\"lazy\" decoding=\"async\" aria-describedby=\"caption-attachment-6920\" class=\"wp-image-6920 size-full\" src=\"https:\/\/leckerekekse.de\/wordpress\/wp-content\/uploads\/2016\/09\/Lars_ruppel2.jpg\" alt=\"Lars Ruppel, Poetry-Slam, Alzheimer, Demenz, Geblitzdingst, Satyr Verlag\" width=\"640\" height=\"429\" srcset=\"https:\/\/leckerekekse.de\/wordpress\/wp-content\/uploads\/2016\/09\/Lars_ruppel2.jpg 640w, https:\/\/leckerekekse.de\/wordpress\/wp-content\/uploads\/2016\/09\/Lars_ruppel2-300x201.jpg 300w\" sizes=\"auto, (max-width: 640px) 100vw, 640px\" \/><p id=\"caption-attachment-6920\" class=\"wp-caption-text\">Quelle: Lars Ruppel<\/p><\/div>\n<p><strong>Silvia:<\/strong> Hast Du auch noch Pl\u00e4ne im Bereich Poetry Slam?<\/p>\n<p><strong>Lars:<\/strong><em> Ich w\u00fcrde gerne Spoken Word Gedichte f\u00fcr Kinder schreiben und w\u00fcrde mir ansonsten w\u00fcnschen, dass alles so bleibt wie es ist.<\/em><\/p>\n<p><strong>Silvia:<\/strong> Was sind deine Lieblingskekse? (gerne mit Rezept)<\/p>\n<p><strong>Lars:<\/strong> <em>Die Nussecken meiner Mutter oder die Florentiner meiner Freundin. Beide Rezepte sind streng geheim.<\/em><\/p>\n<p>Ich danke Lars Ruppel f\u00fcr dieses Interview. Ich hoffe, falls ich mal dement werde, dass meine Pfleger von ihm geschult wurden.<\/p>\n<h3>B\u00fccher zum Weltalzheimer-Tag<\/h3>\n<p>Ganz frisch aus dem <a href=\"http:\/\/satyr-verlag.de\/\" target=\"_blank\" rel=\"noopener\">Satyr-Verlag<\/a> ist das Buch &#8222;Geblitzdingst&#8220;.\u00a0 Es tr\u00e4gt den Untertitel: &#8222;Slam Poetry \u00fcber Demenz&#8220;,\u00a0 Herausgeber ist, wie oben schon erw\u00e4hnt, Lars Ruppel.<\/p>\n<h5>Geblitzdingst<\/h5>\n<p>Das diesj\u00e4hrige Motto des Welt-Alzheimertages ist &#8222;Jung und Alt bewegt Demenz&#8220;. Dazu passt dieses Buch wunderbar!<\/p>\n<p>Auf gut 100 Seiten wurden sehr unterschiedliche Texte zusammengefasst, die sich mit dem Alter, dem Vergessen und dem Erinnern befassen.<\/p>\n<p>Es gibt typische Poetry Slam-Texte, kurze Prosa und auch ein englisch-sprachiges Gedicht.<\/p>\n<p><img loading=\"lazy\" decoding=\"async\" class=\"aligncenter size-full wp-image-6930\" src=\"https:\/\/leckerekekse.de\/wordpress\/wp-content\/uploads\/2016\/09\/geblitzdingst1.jpg\" alt=\"Geblitzdingst Satyr-Verlag, Demenz, Alzheimer, Lars Ruppel\" width=\"640\" height=\"427\" srcset=\"https:\/\/leckerekekse.de\/wordpress\/wp-content\/uploads\/2016\/09\/geblitzdingst1.jpg 640w, https:\/\/leckerekekse.de\/wordpress\/wp-content\/uploads\/2016\/09\/geblitzdingst1-300x200.jpg 300w\" sizes=\"auto, (max-width: 640px) 100vw, 640px\" \/><\/p>\n<h6>Die Autoren<\/h6>\n<p>Da ich keinen Autor vergessen m\u00f6chte, liste ich einfach alle auf<\/p>\n<ul>\n<li><a href=\"http:\/\/www.davidfriedrich.de\/\" target=\"_blank\" rel=\"noopener\">David Friedrich<\/a>,<\/li>\n<li><a href=\"http:\/\/www.andreherrmann.de\/\" target=\"_blank\" rel=\"noopener\">Andr\u00e9 Hermann, <\/a><\/li>\n<li><a href=\"http:\/\/larsruppel.de\/\" target=\"_blank\" rel=\"noopener\">Lars Ruppel<\/a><\/li>\n<li><a href=\"https:\/\/bybercap.wordpress.com\/\" target=\"_blank\" rel=\"noopener\">Nicolas Schmidt<\/a><\/li>\n<li><a href=\"https:\/\/www.facebook.com\/Leah-Diba-117755655001147\/\" target=\"_blank\" rel=\"noopener\">Leah Diba<\/a><\/li>\n<li><a href=\"https:\/\/www.facebook.com\/pierre.lippuner\" target=\"_blank\" rel=\"noopener\">Pierre Lippuner<\/a><\/li>\n<li><a href=\"http:\/\/www.klausurban.com\/\" target=\"_blank\" rel=\"noopener\">Klaus Urban<\/a><\/li>\n<li><a href=\"http:\/\/www.andersvorgestellt.de\/\" target=\"_blank\" rel=\"noopener\">Alexander Bach<\/a><\/li>\n<li>Zita Lopram<\/li>\n<li><a href=\"http:\/\/www.wortartig.de\/\" target=\"_blank\" rel=\"noopener\">Stefan Unser<\/a><\/li>\n<li><a href=\"https:\/\/www.facebook.com\/Benjamin-Baumann-241060279384112\/\" target=\"_blank\" rel=\"noopener\">Benjamin Baumann<\/a><\/li>\n<li><a href=\"https:\/\/www.facebook.com\/Artem-Zolotarov-koollook-139235929569304\" target=\"_blank\" rel=\"noopener\">Artem Zolotarov<\/a><\/li>\n<li><a href=\"https:\/\/www.facebook.com\/christine.teichmann.39\" target=\"_blank\" rel=\"noopener\">Christine Teichmann<\/a><\/li>\n<li>Nikolai Fritzsche<\/li>\n<li><a href=\"http:\/\/www.dominik-bartels.de\/\" target=\"_blank\" rel=\"noopener\">Dominik Bartels<\/a><\/li>\n<li><a href=\"https:\/\/www.facebook.com\/Anna-Rau-995887397096212\/\" target=\"_blank\" rel=\"noopener\">Anna Rau<\/a><\/li>\n<li><a href=\"https:\/\/herrsalami.de\/\" target=\"_blank\" rel=\"noopener\">Johannes Floehr<\/a><\/li>\n<li><a href=\"http:\/\/www.bjoernhoegsdal.de\/\" target=\"_blank\" rel=\"noopener\">Bj\u00f6rn H\u00f6gsdal<\/a><\/li>\n<li><a href=\"http:\/\/www.julianheun.de\/wo.html\" target=\"_blank\" rel=\"noopener\">Julian Heun<\/a><\/li>\n<li>Eva Niedermeier<\/li>\n<li><a href=\"http:\/\/neu.volkersurmann.de\/\" target=\"_blank\" rel=\"noopener\">Volker Surmann<\/a><\/li>\n<li>Elias Hirschl<\/li>\n<li><a href=\"https:\/\/en.wikipedia.org\/wiki\/Gary_Mex_Glazner\" target=\"_blank\" rel=\"noopener\">Gary Glazner<\/a><\/li>\n<\/ul>\n<h6>Zitate<\/h6>\n<p>Um das Buch vorzustellen werde ich aus einigen Texten einzelne S\u00e4tze zitieren, um euch so dieses Buch besser beschreiben zu k\u00f6nnen:<\/p>\n<p><strong>Aus &#8222;Vergessen verdienen&#8220; von David Friedrich<br \/>\n<\/strong><\/p>\n<blockquote><p>Du sch\u00e4mst Dich daf\u00fcr, mich nicht zu erkennen<\/p>\n<p>Aber Du hast dir das Vergessen verdient<\/p><\/blockquote>\n<p><strong>Aus &#8222;Erika&#8220; von Zita Lopram<\/strong><\/p>\n<blockquote><p>Erika ist gestern im Alter von 92 Jahren verstorben<\/p>\n<p>Diagnose: fortgeschrittene Demenz bei Morbus Alzheimer.<\/p>\n<p>Doch das wusste Erika nicht. Am Ende hatte Erika alles vergessen. Wie man geht, wie man spricht und wann und wo sie war.<\/p>\n<p>Aber sie wusste, dass sie Kuchen mochte und Vogelgesang!<\/p><\/blockquote>\n<p><strong>Aus &#8222;S\u00fcsskirschenohrringe&#8220; von Dominik Bartels<\/strong><\/p>\n<blockquote><p>Deine Erinnerung steht mit nackten F\u00fc\u00dfen im kn\u00f6cheltiefen Schnee, und alles was du siehst, ist eine riesige, wei\u00dfe Ebene. Es gibt keinen Punkt, an dem dein Blick h\u00e4ngen bleiben k\u00f6nnte. Es gibt absolut nichts &#8211; au\u00dfer diesem elenden wei\u00dfen Rauschen in deinem Kopf.<\/p><\/blockquote>\n<p><strong>Aus &#8222;Als mein Vater den Tod bestahl&#8220; von Bj\u00f6rn H\u00f6gsdal<\/strong><\/p>\n<blockquote><p>Mein Gro\u00dfvater hat sich wie eine Schlange geh\u00e4utet, und wir trafen nur den zur\u00fcckgebliebenen Rest an.<\/p><\/blockquote>\n<p><strong>Aus &#8222;Die alte Frau und das Meer&#8220; von Julian Heun<\/strong><\/p>\n<blockquote><p>Denn wenn die Zeit r\u00fcckw\u00e4rtslaufen w\u00fcrde, dann h\u00e4tten alle Angst vor der Kindheit und nicht vor dem Alter. Ich stelle mir das so vor: Langsam verliert man all sein Wissen, die Erfahrungen, und die Haut strafft sich zwar, aber die Beine werden langsam unsicher, und man wird erstaunlich dumm, bis man nicht mal mehr w\u00e4hlen darf. Man langweilt sich schnell und versteht nichts.&#8220;<\/p><\/blockquote>\n<h6>Extras<\/h6>\n<p>Am Ende des Buches werden die Autoren noch kurz vorgestellt. Und es sind nicht nur die ganz Jungen, die sich im Bereich Poetry Slam tummeln!<\/p>\n<p>Als besonderes Goodie steht unter einigen Texten ein QR-Code und ein Link, hinter dem sich Audiodateien der Texte verbergen. Gerade Gedichte erschliessen sich so viel besser. <a href=\"http:\/\/satyr-verlag.de\/audio\/geblitzdingst6.mp3\" target=\"_blank\" rel=\"noopener\">Hier<\/a> ist ein Beispiel. Anna Rau liest: &#8222;Die Eule&#8220;.<\/p>\n<p><img loading=\"lazy\" decoding=\"async\" class=\"aligncenter size-full wp-image-6931\" src=\"https:\/\/leckerekekse.de\/wordpress\/wp-content\/uploads\/2016\/09\/geblitzdingst2.jpg\" alt=\"Geblitzdingst Satyr-Verlag, Demenz, Alzheimer, Lars Ruppel\" width=\"640\" height=\"427\" srcset=\"https:\/\/leckerekekse.de\/wordpress\/wp-content\/uploads\/2016\/09\/geblitzdingst2.jpg 640w, https:\/\/leckerekekse.de\/wordpress\/wp-content\/uploads\/2016\/09\/geblitzdingst2-300x200.jpg 300w\" sizes=\"auto, (max-width: 640px) 100vw, 640px\" \/><\/p>\n<h6>Fazit<\/h6>\n<p>Ich habe abwechselnd gelacht und geweint. Einige Texte haben mich unglaublich ber\u00fchrt.<\/p>\n<p>Im Vorwort hat Lars folgendes zum Ziel des Buches geschrieben:<\/p>\n<blockquote><p>Dieses Buch soll ein Fest f\u00fcr die Sprache in der Pflege sein, soll sagen, was viele Betroffene nicht mehr sagen k\u00f6nnen, und aufmerksam machen auf die millionenfach erbrachte Meisterleistung, mit Demenz zu leben.<\/p><\/blockquote>\n<p>F\u00fcr mich ist dieses Ziel erf\u00fcllt und ich w\u00fcnsche dem Buch viele, viele Leser.<\/p>\n<p><a href=\"http:\/\/satyr-verlag.de\/?p=1140\" target=\"_blank\" rel=\"noopener\">Geblitzdingst<\/a>, Herausgeber: Lars Ruppel, Satyr Verlag, ISBN 978-3-944035-75-8, 112 Seiten, [D] 11,90 \u20ac<\/p>\n<h5>Weiter B\u00fccher zum Thema Demenz<\/h5>\n<p>Auf unserem Blog haben wir schon einige B\u00fccher zum Thema besprochen:<\/p>\n<blockquote data-secret=\"CFpBsbGy0V\" class=\"wp-embedded-content\"><p><a href=\"https:\/\/leckerekekse.de\/wordpress\/traumschiff\/\">Traumschiff<\/a><\/p><\/blockquote>\n<p><iframe loading=\"lazy\" class=\"wp-embedded-content\" sandbox=\"allow-scripts\" security=\"restricted\" style=\"position: absolute; clip: rect(1px, 1px, 1px, 1px);\" src=\"https:\/\/leckerekekse.de\/wordpress\/traumschiff\/embed\/#?secret=CFpBsbGy0V\" data-secret=\"CFpBsbGy0V\" width=\"600\" height=\"338\" title=\"&#8222;Traumschiff&#8220; &#8212; Leckere Kekse &amp; mehr\" frameborder=\"0\" marginwidth=\"0\" marginheight=\"0\" scrolling=\"no\"><\/iframe><\/p>\n<blockquote data-secret=\"gBDb7vKIIZ\" class=\"wp-embedded-content\"><p><a href=\"https:\/\/leckerekekse.de\/wordpress\/wer-ist-mister-satoshi\/\">Wer ist Mister Satoshi?<\/a><\/p><\/blockquote>\n<p><iframe loading=\"lazy\" class=\"wp-embedded-content\" sandbox=\"allow-scripts\" security=\"restricted\" style=\"position: absolute; clip: rect(1px, 1px, 1px, 1px);\" src=\"https:\/\/leckerekekse.de\/wordpress\/wer-ist-mister-satoshi\/embed\/#?secret=gBDb7vKIIZ\" data-secret=\"gBDb7vKIIZ\" width=\"600\" height=\"338\" title=\"&#8222;Wer ist Mister Satoshi?&#8220; &#8212; Leckere Kekse &amp; mehr\" frameborder=\"0\" marginwidth=\"0\" marginheight=\"0\" scrolling=\"no\"><\/iframe><\/p>\n<blockquote data-secret=\"P2TtC3QeXt\" class=\"wp-embedded-content\"><p><a href=\"https:\/\/leckerekekse.de\/wordpress\/cecilia-engler-die-geschenke-meiner-mutter\/\">Cecilia Engler: Die Geschenke meiner Mutter<\/a><\/p><\/blockquote>\n<p><iframe loading=\"lazy\" class=\"wp-embedded-content\" sandbox=\"allow-scripts\" security=\"restricted\" style=\"position: absolute; clip: rect(1px, 1px, 1px, 1px);\" src=\"https:\/\/leckerekekse.de\/wordpress\/cecilia-engler-die-geschenke-meiner-mutter\/embed\/#?secret=P2TtC3QeXt\" data-secret=\"P2TtC3QeXt\" width=\"600\" height=\"338\" title=\"&#8222;Cecilia Engler: Die Geschenke meiner Mutter&#8220; &#8212; Leckere Kekse &amp; mehr\" frameborder=\"0\" marginwidth=\"0\" marginheight=\"0\" scrolling=\"no\"><\/iframe><\/p>\n<p>Es gibt noch viele weitere B\u00fccher. Mein Favorit ist &#8222;Der alte K\u00f6nig in seinem Exil&#8220; von Arno Geiger.<\/p>\n<p>K\u00f6nnt Ihr mir noch gute Romane empfehlen, die das Thema Demenz oder Alzheimer aufgenommen haben?<\/p>\n<p>Ich hoffe ich konnte euch zu diesem Tag einige Anregungen und Denkanst\u00f6\u00dfe geben.<\/p>\n<p>Vergesst euch nicht<\/p>\n<p><img loading=\"lazy\" decoding=\"async\" class=\"aligncenter wp-image-5977 size-medium\" src=\"https:\/\/leckerekekse.de\/wordpress\/wp-content\/uploads\/2016\/04\/Signatur-002-300x219.jpg\" alt=\"Silvia_signatur\" width=\"300\" height=\"219\" srcset=\"https:\/\/leckerekekse.de\/wordpress\/wp-content\/uploads\/2016\/04\/Signatur-002-300x219.jpg 300w, https:\/\/leckerekekse.de\/wordpress\/wp-content\/uploads\/2016\/04\/Signatur-002.jpg 640w\" sizes=\"auto, (max-width: 300px) 100vw, 300px\" \/><\/p>\n","protected":false},"excerpt":{"rendered":"<p>Der 21. September ist Welt-Alzheimertag. Demenz und Alzheimer sind zwei t\u00fcckische Krankheitsbilder, die die Pers\u00f6nlichkeit und das Leben der Betroffenen und der Angeh\u00f6rigen vollkommen \u00e4ndern k\u00f6nnen. Diese Themen werden in vielen B\u00fcchern aufgegriffen. Ein paar davon stelle ich heute vor. Ausserdem habe ich ein Interview mit Lars Ruppel gef\u00fchrt, der Fortbildungsangebote f\u00fcr Pflegende die mit [&hellip;]<\/p>\n","protected":false},"author":2,"featured_media":6930,"comment_status":"open","ping_status":"open","sticky":false,"template":"","format":"standard","meta":{"footnotes":""},"categories":[1,3,808,788],"tags":[651,609,179,457,688],"class_list":["post-6727","post","type-post","status-publish","format-standard","has-post-thumbnail","hentry","category-allgemein","category-buecher","category-buchtipps","category-rezension","tag-alzheimer","tag-buecher","tag-demenz","tag-literatur","tag-taschenbuch"],"yoast_head":"<!-- This site is optimized with the Yoast SEO plugin v27.5 - https:\/\/yoast.com\/product\/yoast-seo-wordpress\/ -->\n<title>Buchtipps zum Thema Demenz und einem Interview mit Lars Ruppel<\/title>\n<meta name=\"description\" content=\"Buchtipps: zum Weltalzheimer Tag stelle ich zum Thema Demenz vor, z.B:. Geblitzdingst und habe Lars Ruppel interviewt, der Pfleger von Demenzkranken schult.\" \/>\n<meta name=\"robots\" content=\"index, follow, max-snippet:-1, max-image-preview:large, max-video-preview:-1\" \/>\n<link rel=\"canonical\" href=\"https:\/\/leckerekekse.de\/wordpress\/demenz-weltalzheimer-tag\/\" \/>\n<meta property=\"og:locale\" content=\"de_DE\" \/>\n<meta property=\"og:type\" content=\"article\" \/>\n<meta property=\"og:title\" content=\"Buchtipps zum Thema Demenz und einem Interview mit Lars Ruppel\" \/>\n<meta property=\"og:description\" content=\"Buchtipps: zum Weltalzheimer Tag stelle ich zum Thema Demenz vor, z.B:. Geblitzdingst und habe Lars Ruppel interviewt, der Pfleger von Demenzkranken schult.\" \/>\n<meta property=\"og:url\" content=\"https:\/\/leckerekekse.de\/wordpress\/demenz-weltalzheimer-tag\/\" \/>\n<meta property=\"og:site_name\" content=\"Leckere Kekse &amp; mehr\" \/>\n<meta property=\"article:published_time\" content=\"2016-09-21T05:34:04+00:00\" \/>\n<meta property=\"article:modified_time\" content=\"2021-03-27T15:36:20+00:00\" \/>\n<meta property=\"og:image\" content=\"https:\/\/leckerekekse.de\/wordpress\/wp-content\/uploads\/2016\/09\/geblitzdingst1.jpg\" \/>\n\t<meta property=\"og:image:width\" content=\"640\" \/>\n\t<meta property=\"og:image:height\" content=\"427\" \/>\n\t<meta property=\"og:image:type\" content=\"image\/jpeg\" \/>\n<meta name=\"author\" content=\"Buchlieberin\" \/>\n<meta name=\"twitter:label1\" content=\"Verfasst von\" \/>\n\t<meta name=\"twitter:data1\" content=\"Buchlieberin\" \/>\n\t<meta name=\"twitter:label2\" content=\"Gesch\u00e4tzte Lesezeit\" \/>\n\t<meta name=\"twitter:data2\" content=\"6\u00a0Minuten\" \/>\n<script type=\"application\/ld+json\" class=\"yoast-schema-graph\">{\"@context\":\"https:\\\/\\\/schema.org\",\"@graph\":[{\"@type\":\"Article\",\"@id\":\"https:\\\/\\\/leckerekekse.de\\\/wordpress\\\/demenz-weltalzheimer-tag\\\/#article\",\"isPartOf\":{\"@id\":\"https:\\\/\\\/leckerekekse.de\\\/wordpress\\\/demenz-weltalzheimer-tag\\\/\"},\"author\":{\"name\":\"Buchlieberin\",\"@id\":\"https:\\\/\\\/leckerekekse.de\\\/wordpress\\\/#\\\/schema\\\/person\\\/aeca9a159c2be36b9bce9092b38c13c8\"},\"headline\":\"Themen-Lesen: Demenz\",\"datePublished\":\"2016-09-21T05:34:04+00:00\",\"dateModified\":\"2021-03-27T15:36:20+00:00\",\"mainEntityOfPage\":{\"@id\":\"https:\\\/\\\/leckerekekse.de\\\/wordpress\\\/demenz-weltalzheimer-tag\\\/\"},\"wordCount\":1155,\"commentCount\":10,\"publisher\":{\"@id\":\"https:\\\/\\\/leckerekekse.de\\\/wordpress\\\/#\\\/schema\\\/person\\\/6e4b2658514a3b7423a1f323400bdc1b\"},\"image\":{\"@id\":\"https:\\\/\\\/leckerekekse.de\\\/wordpress\\\/demenz-weltalzheimer-tag\\\/#primaryimage\"},\"thumbnailUrl\":\"https:\\\/\\\/leckerekekse.de\\\/wordpress\\\/wp-content\\\/uploads\\\/2016\\\/09\\\/geblitzdingst1.jpg\",\"keywords\":[\"Alzheimer\",\"B\u00fccher\",\"Demenz\",\"Literatur\",\"Taschenbuch\"],\"articleSection\":{\"1\":\"B\u00fccher\",\"2\":\"Buchtipps\",\"3\":\"Rezension\"},\"inLanguage\":\"de\",\"potentialAction\":[{\"@type\":\"CommentAction\",\"name\":\"Comment\",\"target\":[\"https:\\\/\\\/leckerekekse.de\\\/wordpress\\\/demenz-weltalzheimer-tag\\\/#respond\"]}]},{\"@type\":\"WebPage\",\"@id\":\"https:\\\/\\\/leckerekekse.de\\\/wordpress\\\/demenz-weltalzheimer-tag\\\/\",\"url\":\"https:\\\/\\\/leckerekekse.de\\\/wordpress\\\/demenz-weltalzheimer-tag\\\/\",\"name\":\"Buchtipps zum Thema Demenz und einem Interview mit Lars Ruppel\",\"isPartOf\":{\"@id\":\"https:\\\/\\\/leckerekekse.de\\\/wordpress\\\/#website\"},\"primaryImageOfPage\":{\"@id\":\"https:\\\/\\\/leckerekekse.de\\\/wordpress\\\/demenz-weltalzheimer-tag\\\/#primaryimage\"},\"image\":{\"@id\":\"https:\\\/\\\/leckerekekse.de\\\/wordpress\\\/demenz-weltalzheimer-tag\\\/#primaryimage\"},\"thumbnailUrl\":\"https:\\\/\\\/leckerekekse.de\\\/wordpress\\\/wp-content\\\/uploads\\\/2016\\\/09\\\/geblitzdingst1.jpg\",\"datePublished\":\"2016-09-21T05:34:04+00:00\",\"dateModified\":\"2021-03-27T15:36:20+00:00\",\"description\":\"Buchtipps: zum Weltalzheimer Tag stelle ich zum Thema Demenz vor, z.B:. Geblitzdingst und habe Lars Ruppel interviewt, der Pfleger von Demenzkranken schult.\",\"breadcrumb\":{\"@id\":\"https:\\\/\\\/leckerekekse.de\\\/wordpress\\\/demenz-weltalzheimer-tag\\\/#breadcrumb\"},\"inLanguage\":\"de\",\"potentialAction\":[{\"@type\":\"ReadAction\",\"target\":[\"https:\\\/\\\/leckerekekse.de\\\/wordpress\\\/demenz-weltalzheimer-tag\\\/\"]}]},{\"@type\":\"ImageObject\",\"inLanguage\":\"de\",\"@id\":\"https:\\\/\\\/leckerekekse.de\\\/wordpress\\\/demenz-weltalzheimer-tag\\\/#primaryimage\",\"url\":\"https:\\\/\\\/leckerekekse.de\\\/wordpress\\\/wp-content\\\/uploads\\\/2016\\\/09\\\/geblitzdingst1.jpg\",\"contentUrl\":\"https:\\\/\\\/leckerekekse.de\\\/wordpress\\\/wp-content\\\/uploads\\\/2016\\\/09\\\/geblitzdingst1.jpg\",\"width\":640,\"height\":427,\"caption\":\"Geblitzdingst Satyr-Verlag, Demenz, Alzheimer, Lars Ruppel\"},{\"@type\":\"BreadcrumbList\",\"@id\":\"https:\\\/\\\/leckerekekse.de\\\/wordpress\\\/demenz-weltalzheimer-tag\\\/#breadcrumb\",\"itemListElement\":[{\"@type\":\"ListItem\",\"position\":1,\"name\":\"Home\",\"item\":\"https:\\\/\\\/leckerekekse.de\\\/wordpress\\\/\"},{\"@type\":\"ListItem\",\"position\":2,\"name\":\"Themen-Lesen: Demenz\"}]},{\"@type\":\"WebSite\",\"@id\":\"https:\\\/\\\/leckerekekse.de\\\/wordpress\\\/#website\",\"url\":\"https:\\\/\\\/leckerekekse.de\\\/wordpress\\\/\",\"name\":\"Leckere Kekse &amp; mehr\",\"description\":\"Kekse backen, B\u00fccher lesen und mehr\",\"publisher\":{\"@id\":\"https:\\\/\\\/leckerekekse.de\\\/wordpress\\\/#\\\/schema\\\/person\\\/6e4b2658514a3b7423a1f323400bdc1b\"},\"potentialAction\":[{\"@type\":\"SearchAction\",\"target\":{\"@type\":\"EntryPoint\",\"urlTemplate\":\"https:\\\/\\\/leckerekekse.de\\\/wordpress\\\/?s={search_term_string}\"},\"query-input\":{\"@type\":\"PropertyValueSpecification\",\"valueRequired\":true,\"valueName\":\"search_term_string\"}}],\"inLanguage\":\"de\"},{\"@type\":[\"Person\",\"Organization\"],\"@id\":\"https:\\\/\\\/leckerekekse.de\\\/wordpress\\\/#\\\/schema\\\/person\\\/6e4b2658514a3b7423a1f323400bdc1b\",\"name\":\"Astrid\",\"logo\":{\"@id\":\"https:\\\/\\\/leckerekekse.de\\\/wordpress\\\/#\\\/schema\\\/person\\\/image\\\/\"},\"sameAs\":[\"https:\\\/\\\/leckerekekse.de\\\/wordpress\"]},{\"@type\":\"Person\",\"@id\":\"https:\\\/\\\/leckerekekse.de\\\/wordpress\\\/#\\\/schema\\\/person\\\/aeca9a159c2be36b9bce9092b38c13c8\",\"name\":\"Buchlieberin\",\"sameAs\":[\"https:\\\/\\\/leckerekekse.de\\\/wordpress\"]}]}<\/script>\n<!-- \/ Yoast SEO plugin. -->","yoast_head_json":{"title":"Buchtipps zum Thema Demenz und einem Interview mit Lars Ruppel","description":"Buchtipps: zum Weltalzheimer Tag stelle ich zum Thema Demenz vor, z.B:. Geblitzdingst und habe Lars Ruppel interviewt, der Pfleger von Demenzkranken schult.","robots":{"index":"index","follow":"follow","max-snippet":"max-snippet:-1","max-image-preview":"max-image-preview:large","max-video-preview":"max-video-preview:-1"},"canonical":"https:\/\/leckerekekse.de\/wordpress\/demenz-weltalzheimer-tag\/","og_locale":"de_DE","og_type":"article","og_title":"Buchtipps zum Thema Demenz und einem Interview mit Lars Ruppel","og_description":"Buchtipps: zum Weltalzheimer Tag stelle ich zum Thema Demenz vor, z.B:. Geblitzdingst und habe Lars Ruppel interviewt, der Pfleger von Demenzkranken schult.","og_url":"https:\/\/leckerekekse.de\/wordpress\/demenz-weltalzheimer-tag\/","og_site_name":"Leckere Kekse &amp; mehr","article_published_time":"2016-09-21T05:34:04+00:00","article_modified_time":"2021-03-27T15:36:20+00:00","og_image":[{"width":640,"height":427,"url":"https:\/\/leckerekekse.de\/wordpress\/wp-content\/uploads\/2016\/09\/geblitzdingst1.jpg","type":"image\/jpeg"}],"author":"Buchlieberin","twitter_misc":{"Verfasst von":"Buchlieberin","Gesch\u00e4tzte Lesezeit":"6\u00a0Minuten"},"schema":{"@context":"https:\/\/schema.org","@graph":[{"@type":"Article","@id":"https:\/\/leckerekekse.de\/wordpress\/demenz-weltalzheimer-tag\/#article","isPartOf":{"@id":"https:\/\/leckerekekse.de\/wordpress\/demenz-weltalzheimer-tag\/"},"author":{"name":"Buchlieberin","@id":"https:\/\/leckerekekse.de\/wordpress\/#\/schema\/person\/aeca9a159c2be36b9bce9092b38c13c8"},"headline":"Themen-Lesen: Demenz","datePublished":"2016-09-21T05:34:04+00:00","dateModified":"2021-03-27T15:36:20+00:00","mainEntityOfPage":{"@id":"https:\/\/leckerekekse.de\/wordpress\/demenz-weltalzheimer-tag\/"},"wordCount":1155,"commentCount":10,"publisher":{"@id":"https:\/\/leckerekekse.de\/wordpress\/#\/schema\/person\/6e4b2658514a3b7423a1f323400bdc1b"},"image":{"@id":"https:\/\/leckerekekse.de\/wordpress\/demenz-weltalzheimer-tag\/#primaryimage"},"thumbnailUrl":"https:\/\/leckerekekse.de\/wordpress\/wp-content\/uploads\/2016\/09\/geblitzdingst1.jpg","keywords":["Alzheimer","B\u00fccher","Demenz","Literatur","Taschenbuch"],"articleSection":{"1":"B\u00fccher","2":"Buchtipps","3":"Rezension"},"inLanguage":"de","potentialAction":[{"@type":"CommentAction","name":"Comment","target":["https:\/\/leckerekekse.de\/wordpress\/demenz-weltalzheimer-tag\/#respond"]}]},{"@type":"WebPage","@id":"https:\/\/leckerekekse.de\/wordpress\/demenz-weltalzheimer-tag\/","url":"https:\/\/leckerekekse.de\/wordpress\/demenz-weltalzheimer-tag\/","name":"Buchtipps zum Thema Demenz und einem Interview mit Lars Ruppel","isPartOf":{"@id":"https:\/\/leckerekekse.de\/wordpress\/#website"},"primaryImageOfPage":{"@id":"https:\/\/leckerekekse.de\/wordpress\/demenz-weltalzheimer-tag\/#primaryimage"},"image":{"@id":"https:\/\/leckerekekse.de\/wordpress\/demenz-weltalzheimer-tag\/#primaryimage"},"thumbnailUrl":"https:\/\/leckerekekse.de\/wordpress\/wp-content\/uploads\/2016\/09\/geblitzdingst1.jpg","datePublished":"2016-09-21T05:34:04+00:00","dateModified":"2021-03-27T15:36:20+00:00","description":"Buchtipps: zum Weltalzheimer Tag stelle ich zum Thema Demenz vor, z.B:. Geblitzdingst und habe Lars Ruppel interviewt, der Pfleger von Demenzkranken schult.","breadcrumb":{"@id":"https:\/\/leckerekekse.de\/wordpress\/demenz-weltalzheimer-tag\/#breadcrumb"},"inLanguage":"de","potentialAction":[{"@type":"ReadAction","target":["https:\/\/leckerekekse.de\/wordpress\/demenz-weltalzheimer-tag\/"]}]},{"@type":"ImageObject","inLanguage":"de","@id":"https:\/\/leckerekekse.de\/wordpress\/demenz-weltalzheimer-tag\/#primaryimage","url":"https:\/\/leckerekekse.de\/wordpress\/wp-content\/uploads\/2016\/09\/geblitzdingst1.jpg","contentUrl":"https:\/\/leckerekekse.de\/wordpress\/wp-content\/uploads\/2016\/09\/geblitzdingst1.jpg","width":640,"height":427,"caption":"Geblitzdingst Satyr-Verlag, Demenz, Alzheimer, Lars Ruppel"},{"@type":"BreadcrumbList","@id":"https:\/\/leckerekekse.de\/wordpress\/demenz-weltalzheimer-tag\/#breadcrumb","itemListElement":[{"@type":"ListItem","position":1,"name":"Home","item":"https:\/\/leckerekekse.de\/wordpress\/"},{"@type":"ListItem","position":2,"name":"Themen-Lesen: Demenz"}]},{"@type":"WebSite","@id":"https:\/\/leckerekekse.de\/wordpress\/#website","url":"https:\/\/leckerekekse.de\/wordpress\/","name":"Leckere Kekse &amp; mehr","description":"Kekse backen, B\u00fccher lesen und mehr","publisher":{"@id":"https:\/\/leckerekekse.de\/wordpress\/#\/schema\/person\/6e4b2658514a3b7423a1f323400bdc1b"},"potentialAction":[{"@type":"SearchAction","target":{"@type":"EntryPoint","urlTemplate":"https:\/\/leckerekekse.de\/wordpress\/?s={search_term_string}"},"query-input":{"@type":"PropertyValueSpecification","valueRequired":true,"valueName":"search_term_string"}}],"inLanguage":"de"},{"@type":["Person","Organization"],"@id":"https:\/\/leckerekekse.de\/wordpress\/#\/schema\/person\/6e4b2658514a3b7423a1f323400bdc1b","name":"Astrid","logo":{"@id":"https:\/\/leckerekekse.de\/wordpress\/#\/schema\/person\/image\/"},"sameAs":["https:\/\/leckerekekse.de\/wordpress"]},{"@type":"Person","@id":"https:\/\/leckerekekse.de\/wordpress\/#\/schema\/person\/aeca9a159c2be36b9bce9092b38c13c8","name":"Buchlieberin","sameAs":["https:\/\/leckerekekse.de\/wordpress"]}]}},"_links":{"self":[{"href":"https:\/\/leckerekekse.de\/wordpress\/wp-json\/wp\/v2\/posts\/6727","targetHints":{"allow":["GET"]}}],"collection":[{"href":"https:\/\/leckerekekse.de\/wordpress\/wp-json\/wp\/v2\/posts"}],"about":[{"href":"https:\/\/leckerekekse.de\/wordpress\/wp-json\/wp\/v2\/types\/post"}],"author":[{"embeddable":true,"href":"https:\/\/leckerekekse.de\/wordpress\/wp-json\/wp\/v2\/users\/2"}],"replies":[{"embeddable":true,"href":"https:\/\/leckerekekse.de\/wordpress\/wp-json\/wp\/v2\/comments?post=6727"}],"version-history":[{"count":3,"href":"https:\/\/leckerekekse.de\/wordpress\/wp-json\/wp\/v2\/posts\/6727\/revisions"}],"predecessor-version":[{"id":16368,"href":"https:\/\/leckerekekse.de\/wordpress\/wp-json\/wp\/v2\/posts\/6727\/revisions\/16368"}],"wp:featuredmedia":[{"embeddable":true,"href":"https:\/\/leckerekekse.de\/wordpress\/wp-json\/wp\/v2\/media\/6930"}],"wp:attachment":[{"href":"https:\/\/leckerekekse.de\/wordpress\/wp-json\/wp\/v2\/media?parent=6727"}],"wp:term":[{"taxonomy":"category","embeddable":true,"href":"https:\/\/leckerekekse.de\/wordpress\/wp-json\/wp\/v2\/categories?post=6727"},{"taxonomy":"post_tag","embeddable":true,"href":"https:\/\/leckerekekse.de\/wordpress\/wp-json\/wp\/v2\/tags?post=6727"}],"curies":[{"name":"wp","href":"https:\/\/api.w.org\/{rel}","templated":true}]}}