{"id":6945,"date":"2016-09-18T08:10:27","date_gmt":"2016-09-18T06:10:27","guid":{"rendered":"http:\/\/leckerekekse.de\/wordpress\/?p=6945"},"modified":"2017-01-20T19:53:54","modified_gmt":"2017-01-20T18:53:54","slug":"zwei-lesungen-mit-delphine-de-vigan","status":"publish","type":"post","link":"https:\/\/leckerekekse.de\/wordpress\/zwei-lesungen-mit-delphine-de-vigan\/","title":{"rendered":"Zwei Lesungen mit Delphine de Vigan"},"content":{"rendered":"<p>Delphine de Vigan ist in Deutschland auf Lesereise mit ihrem neuen Buch &#8222;<a href=\"https:\/\/leckerekekse.de\/wordpress\/nach-einer-wahren-geschichte\/\" target=\"_blank\">Nach einer wahren Geschichte<\/a>&#8222;. Sie machte auch Station in K\u00f6ln und in Hamburg. Wir waren bei beiden Lesungen dabei! Silvia am 14.09.2016 in K\u00f6ln, Astrid am 15.09.2016 in Hamburg.<\/p>\n<p><img loading=\"lazy\" decoding=\"async\" class=\"aligncenter size-full wp-image-6964\" src=\"https:\/\/leckerekekse.de\/wordpress\/wp-content\/uploads\/2016\/09\/Lesung-vigan-1.jpg\" alt=\"Lesung: Nach einer wahren Geschichte\" width=\"480\" height=\"640\" srcset=\"https:\/\/leckerekekse.de\/wordpress\/wp-content\/uploads\/2016\/09\/Lesung-vigan-1.jpg 480w, https:\/\/leckerekekse.de\/wordpress\/wp-content\/uploads\/2016\/09\/Lesung-vigan-1-225x300.jpg 225w\" sizes=\"auto, (max-width: 480px) 100vw, 480px\" \/><\/p>\n<h3>Wir haben uns \u00fcber unsere Erlebnisse ausgetauscht:<\/h3>\n<p><strong>Silvia<\/strong>: Nachdem ich schon vier B\u00fccher der franz\u00f6sischen Autorin gelesen habe, war ich direkt begeistert, als der Termin im Programm des K\u00f6lner Literaturhauses bekannt gegeben wurde. In welchem Rahmen wurde die Lesung in Hamburg veranstaltet?<\/p>\n<p><strong>Astrid<\/strong>: \u00a0In Hamburg gibt es im September immer das <a href=\"http:\/\/harbourfront-hamburg.com\" target=\"_blank\">Harbourfront Festival<\/a>. Da gibt es interessante Locations am Hafen, an denen die Lesungen stattfinden. Dieses Mal war es ein Museumsschiff. Die Cap San Diego. Ich kaufe mir am Anfang immer jeweils zwei Karten von meinen bevorzugten Lesungen\u00a0und frage erst kurz vorher, wer mich begleitet. Dieses Mal hatte eine Freundin gro\u00dfe Lust. Warst Du alleine?<!--more--><img loading=\"lazy\" decoding=\"async\" class=\"aligncenter size-full wp-image-6956\" src=\"https:\/\/leckerekekse.de\/wordpress\/wp-content\/uploads\/2016\/09\/Lesung-Vigan-6.jpg\" alt=\"Lesung Delphine de Vigan\" width=\"640\" height=\"427\" srcset=\"https:\/\/leckerekekse.de\/wordpress\/wp-content\/uploads\/2016\/09\/Lesung-Vigan-6.jpg 640w, https:\/\/leckerekekse.de\/wordpress\/wp-content\/uploads\/2016\/09\/Lesung-Vigan-6-300x200.jpg 300w\" sizes=\"auto, (max-width: 640px) 100vw, 640px\" \/><\/p>\n<p><strong>Silvia<\/strong>: Diesmal hatte ich viel Begleitung im Literaturhaus: vier Freundinnen aus dem Lesekreis waren mit dabei. Alle hatten noch nie etwas von der Autorin gelesen. Ich fand es sehr interessant, dass ihnen der Abend trotzdem so gut gefallen hat, obwohl sie von dem Buch und seinen Inhalten gar nichts wussten. Wer hat in Hamburg moderiert?<\/p>\n<h3>Moderation<\/h3>\n<p><strong>Astrid:<\/strong> Tja, das fand ich komisch. Er n\u00e4mlich keine Hamburgerin sondern K\u00f6lnerin. Es war <a href=\"http:\/\/harbourfront-hamburg.com\/mitwirkende\/angela-spizig\" target=\"_blank\">Angela Spizig<\/a>, eure ehemalige B\u00fcrgermeisterin. Sie sprach Franz\u00f6sisch und hat auch die \u00dcbersetzungen gemacht. Allerdings wurde f\u00fcr mich zu lange auf Franz\u00f6sisch gesprochen. K\u00fcrzere Passagen h\u00e4tten mir besser gefallen. War Frau Spizig auch bei Dir?<\/p>\n<p><strong>Silvia:<\/strong> Nein, in K\u00f6ln \u00fcbernahm die Moderation Olga Mannheimer, die ebenfalls Romanistik studierte und auch viele Jahre in Frankreich lebte. Mit meinem versch\u00fctteten Schulfranz\u00f6sisch konnte ich nur einzelne W\u00f6rter im Original verstehen. Doch einige im Saal anwesende Franzosen bescheinigten Frau Mannheimer sp\u00e4ter eine hervorragende \u00dcbersetzungsarbeit. Das Gespr\u00e4ch zwischen den beiden war lebhaft, repektvoll und spannend. Es wurde darauf geachtet, dass nicht zu viele Passagen am St\u00fcck auf franz\u00f6sische gesprchen werden, so dass es auch f\u00fcr den Teil des Publikums nicht langatmig wurde, der diese Sprache nicht verstandt. Frau Mannheimer war sehr gut vorbereitet, hatte das Buch im Original und auf deutsch gelesen (sie lobte die Arbeit der \u00dcbersetzerin Doris Heinemann \u00fcbrigens sehr) und bezog auch das Publikum immer wieder ein. Ich bin mir aber ziemlich sicher Frau Spitzig im Publikum entdeckt zu haben. Wer hat bei Euch den deutschen Text gelesen?<\/p>\n<p><img loading=\"lazy\" decoding=\"async\" class=\"aligncenter size-full wp-image-6961\" src=\"https:\/\/leckerekekse.de\/wordpress\/wp-content\/uploads\/2016\/09\/Lesung-Vigan-18.jpg\" alt=\"Lesung Harbourfront Festival\" width=\"640\" height=\"427\" srcset=\"https:\/\/leckerekekse.de\/wordpress\/wp-content\/uploads\/2016\/09\/Lesung-Vigan-18.jpg 640w, https:\/\/leckerekekse.de\/wordpress\/wp-content\/uploads\/2016\/09\/Lesung-Vigan-18-300x200.jpg 300w\" sizes=\"auto, (max-width: 640px) 100vw, 640px\" \/><\/p>\n<h3>Deutscher Text<\/h3>\n<p><strong>Astrid<\/strong>: <a href=\"http:\/\/harbourfront-hamburg.com\/mitwirkende\/milena-karas\" target=\"_blank\">Milena Karas<\/a>. Als sie anfing zu lesen, dachte ich, wow, die Stimme kommt mir\u00a0bekannt vor. Aber vielleicht war es auch nur dieses typische H\u00f6rbuchlesen, was mir da bekannt vorkam.<\/p>\n<p><img loading=\"lazy\" decoding=\"async\" class=\"aligncenter size-full wp-image-6960\" src=\"https:\/\/leckerekekse.de\/wordpress\/wp-content\/uploads\/2016\/09\/Lesung-Vigan-15.jpg\" alt=\"Lesung Delphine de Vigan\" width=\"640\" height=\"427\" srcset=\"https:\/\/leckerekekse.de\/wordpress\/wp-content\/uploads\/2016\/09\/Lesung-Vigan-15.jpg 640w, https:\/\/leckerekekse.de\/wordpress\/wp-content\/uploads\/2016\/09\/Lesung-Vigan-15-300x200.jpg 300w\" sizes=\"auto, (max-width: 640px) 100vw, 640px\" \/><\/p>\n<p><strong>Silvia:<\/strong> Ist nicht wahr! Sie war auch in K\u00f6ln dabei! Erst an diesem Abend ist mir \u00fcbrigens aufgefallen das die Romanfigur L. ausgesprochen wie das franz\u00f6siche Personalpronom &#8222;elle&#8220; klingt.\u00a0 Hattest Du auch so einen Aha-Effekt?<\/p>\n<p><strong>Astrid:<\/strong> Ja stimmt, das wurde bei uns auch erw\u00e4hnt. Dass wir da nicht selbst drauf gekommen sind!<\/p>\n<p><strong>Silvia:<\/strong> War es bei Euch auch so hei\u00df? Der lange schmale Lesungs-Raum war fast \u00fcberf\u00fcllt, die Luft stand und ich habe mir vorgenommen mir mal einen F\u00e4cher zuzulegen.<\/p>\n<p><strong>Astrid:<\/strong> Puh! Hab noch nie so geschwitzt Mitte September im Hamburger Hafen. Auf der Cap San Diego hatten wir einen tollen Raum ganz unten im Schiff. Dort war es muffig und hei\u00df.<\/p>\n<p><strong>Silvia:<\/strong> Hast Du Dein Buch auch signieren lassen?<\/p>\n<p><strong>Astrid:<\/strong> Na, klar! Was hat Delphine de Vigan denn in K\u00f6ln Interessantes erz\u00e4hlt?<\/p>\n<h3>Das L\u00e4cheln meiner Mutter<\/h3>\n<p><strong>Silvia:<\/strong> Spannend fand ich die Erz\u00e4hlungen von Delphine de Vigan, wie sie die Kontrolle \u00fcber die Reaktionen auf das Buch &#8222;Das L\u00e4cheln meiner Mutter&#8220; verlor. Fremde Menschen recherchierten pl\u00f6tzlich in Leben ihrer Familie herum. Das hat sie weder erwartet, noch gewollt. Bei diesem neuen Buch hat sie viel bewusster konzipiert um die Reaktionen besser absehen zu k\u00f6nnen. Hast Du durch die Lesung einen anderen Zugang zu dem\u00a0Buch bekommen?<\/p>\n<p><strong>Astrid:<\/strong> Nein, das nicht. Das lag bei mir aber sicher an der Sprachbarriere. Ich habe bei \u00dcbersetzungen leider immer das Gef\u00fchl, dass Informationen bei mir nicht 100%ig ankommen. Da bedauere ich dann immer meine fehlenden Sprachkenntnisse.<\/p>\n<p><img loading=\"lazy\" decoding=\"async\" class=\"aligncenter size-full wp-image-6957\" src=\"https:\/\/leckerekekse.de\/wordpress\/wp-content\/uploads\/2016\/09\/Lesung-Vigan-10.jpg\" alt=\"Lesung Delphine de Vigan\" width=\"640\" height=\"427\" srcset=\"https:\/\/leckerekekse.de\/wordpress\/wp-content\/uploads\/2016\/09\/Lesung-Vigan-10.jpg 640w, https:\/\/leckerekekse.de\/wordpress\/wp-content\/uploads\/2016\/09\/Lesung-Vigan-10-300x200.jpg 300w\" sizes=\"auto, (max-width: 640px) 100vw, 640px\" \/><\/p>\n<p><strong>Silvia:<\/strong> Ja, mein Schulfranz\u00f6sisch ist auch viel zu rudiment\u00e4r um wirklich etwas verstehen zu k\u00f6nnen. In K\u00f6ln hat Frau Mannheimer sehr darauf geachtet die Autorin Delphine de Vigan sprachlich von der gleichnamigen Romanfigur zu trennen. Ist man bei Eurer Lesung auf die Unterschiede zwischen den beiden eingegangen?<\/p>\n<p><strong>Astrid<\/strong>: Ist mir so offensichtlich nicht aufgefallen.<\/p>\n<p><strong>Silvia:<\/strong> Ich hoffe, wir k\u00f6nnen auch mal wieder gemeinsam auf eine Lesung gehen. Sp\u00e4testens im M\u00e4rz in Leipzig.<\/p>\n<p><strong>Astrid<\/strong>: Ich glaube, das war das erste Mal, dass wir die gleiche Autorin bei einer Lesung geh\u00f6rt haben. Eine interessante Erfahrung. Dein Bild mit der Autorin ist \u00fcbrigens klasse. Man k\u00f6nnte euch glatt f\u00fcr Schwestern halten.<\/p>\n<p><img loading=\"lazy\" decoding=\"async\" class=\"aligncenter size-full wp-image-6953\" src=\"https:\/\/leckerekekse.de\/wordpress\/wp-content\/uploads\/2016\/09\/Delphine_de_vigan_und_silvia.jpg\" alt=\"Silvia und Delphine de Vegan\" width=\"640\" height=\"480\" srcset=\"https:\/\/leckerekekse.de\/wordpress\/wp-content\/uploads\/2016\/09\/Delphine_de_vigan_und_silvia.jpg 640w, https:\/\/leckerekekse.de\/wordpress\/wp-content\/uploads\/2016\/09\/Delphine_de_vigan_und_silvia-300x225.jpg 300w\" sizes=\"auto, (max-width: 640px) 100vw, 640px\" \/><\/p>\n<p><strong>Astrid:<\/strong> Ein Bild muss ich euch\u00a0noch zeigen. Vor der Lesung war ich noch im Hafen essen, der Mond ging direkt neben der Elbphilharmonie auf und irgendein Kreuzfahrtschiff tummelt sich da auch immer.<img loading=\"lazy\" decoding=\"async\" class=\"aligncenter size-full wp-image-6955\" src=\"https:\/\/leckerekekse.de\/wordpress\/wp-content\/uploads\/2016\/09\/Hamburg-10.jpg\" alt=\"Hamburg bei Vollmond\" width=\"640\" height=\"427\" srcset=\"https:\/\/leckerekekse.de\/wordpress\/wp-content\/uploads\/2016\/09\/Hamburg-10.jpg 640w, https:\/\/leckerekekse.de\/wordpress\/wp-content\/uploads\/2016\/09\/Hamburg-10-300x200.jpg 300w\" sizes=\"auto, (max-width: 640px) 100vw, 640px\" \/><\/p>\n<p>&nbsp;<\/p>\n<p style=\"text-align: center;\"><strong><img loading=\"lazy\" decoding=\"async\" class=\"aligncenter size-full wp-image-6979\" src=\"https:\/\/leckerekekse.de\/wordpress\/wp-content\/uploads\/2016\/09\/Signatur-Astrid-Silvia.png\" alt=\"signatur-astrid-silvia\" width=\"566\" height=\"283\" srcset=\"https:\/\/leckerekekse.de\/wordpress\/wp-content\/uploads\/2016\/09\/Signatur-Astrid-Silvia.png 566w, https:\/\/leckerekekse.de\/wordpress\/wp-content\/uploads\/2016\/09\/Signatur-Astrid-Silvia-300x150.png 300w\" sizes=\"auto, (max-width: 566px) 100vw, 566px\" \/><\/strong><\/p>\n<p>&nbsp;<\/p>\n","protected":false},"excerpt":{"rendered":"<p>Delphine de Vigan ist in Deutschland auf Lesereise mit ihrem neuen Buch &#8222;Nach einer wahren Geschichte&#8222;. Sie machte auch Station in K\u00f6ln und in Hamburg. Wir waren bei beiden Lesungen dabei! Silvia am 14.09.2016 in K\u00f6ln, Astrid am 15.09.2016 in Hamburg. Wir haben uns \u00fcber unsere Erlebnisse ausgetauscht: Silvia: Nachdem ich schon vier B\u00fccher der [&hellip;]<\/p>\n","protected":false},"author":2,"featured_media":6964,"comment_status":"open","ping_status":"open","sticky":false,"template":"","format":"standard","meta":{"footnotes":""},"categories":[1,19],"tags":[248,23,612,282,22],"class_list":["post-6945","post","type-post","status-publish","format-standard","has-post-thumbnail","hentry","category-allgemein","category-veranstaltungen","tag-hamburg","tag-harbour-front-festival","tag-harbour-front-literatur-festival","tag-koeln","tag-lesung"],"yoast_head":"<!-- This site is optimized with the Yoast SEO plugin v27.5 - https:\/\/yoast.com\/product\/yoast-seo-wordpress\/ -->\n<title>Lesung: Delphine de Vigan mit &quot;Nach einer wahren Geschichte&quot;<\/title>\n<meta name=\"description\" content=\"Delphine de Vigan hatte in Deutschland zwei Lesungen zu ihrem Buch &quot;Nach einer wahren Geschichte&quot;. In K\u00f6ln und Hamburg. Wie passend f\u00fcr uns!\" \/>\n<meta name=\"robots\" content=\"index, follow, max-snippet:-1, max-image-preview:large, max-video-preview:-1\" \/>\n<link rel=\"canonical\" href=\"https:\/\/leckerekekse.de\/wordpress\/zwei-lesungen-mit-delphine-de-vigan\/\" \/>\n<meta property=\"og:locale\" content=\"de_DE\" \/>\n<meta property=\"og:type\" content=\"article\" \/>\n<meta property=\"og:title\" content=\"Lesung: Delphine de Vigan mit &quot;Nach einer wahren Geschichte&quot;\" \/>\n<meta property=\"og:description\" content=\"Delphine de Vigan hatte in Deutschland zwei Lesungen zu ihrem Buch &quot;Nach einer wahren Geschichte&quot;. In K\u00f6ln und Hamburg. Wie passend f\u00fcr uns!\" \/>\n<meta property=\"og:url\" content=\"https:\/\/leckerekekse.de\/wordpress\/zwei-lesungen-mit-delphine-de-vigan\/\" \/>\n<meta property=\"og:site_name\" content=\"Leckere Kekse &amp; mehr\" \/>\n<meta property=\"article:published_time\" content=\"2016-09-18T06:10:27+00:00\" \/>\n<meta property=\"article:modified_time\" content=\"2017-01-20T18:53:54+00:00\" \/>\n<meta property=\"og:image\" content=\"https:\/\/leckerekekse.de\/wordpress\/wp-content\/uploads\/2016\/09\/Lesung-vigan-1.jpg\" \/>\n\t<meta property=\"og:image:width\" content=\"480\" \/>\n\t<meta property=\"og:image:height\" content=\"640\" \/>\n\t<meta property=\"og:image:type\" content=\"image\/jpeg\" \/>\n<meta name=\"author\" content=\"Buchlieberin\" \/>\n<meta name=\"twitter:label1\" content=\"Verfasst von\" \/>\n\t<meta name=\"twitter:data1\" content=\"Buchlieberin\" \/>\n\t<meta name=\"twitter:label2\" content=\"Gesch\u00e4tzte Lesezeit\" \/>\n\t<meta name=\"twitter:data2\" content=\"4\u00a0Minuten\" \/>\n<script type=\"application\/ld+json\" class=\"yoast-schema-graph\">{\"@context\":\"https:\\\/\\\/schema.org\",\"@graph\":[{\"@type\":\"Article\",\"@id\":\"https:\\\/\\\/leckerekekse.de\\\/wordpress\\\/zwei-lesungen-mit-delphine-de-vigan\\\/#article\",\"isPartOf\":{\"@id\":\"https:\\\/\\\/leckerekekse.de\\\/wordpress\\\/zwei-lesungen-mit-delphine-de-vigan\\\/\"},\"author\":{\"name\":\"Buchlieberin\",\"@id\":\"https:\\\/\\\/leckerekekse.de\\\/wordpress\\\/#\\\/schema\\\/person\\\/aeca9a159c2be36b9bce9092b38c13c8\"},\"headline\":\"Zwei Lesungen mit Delphine de Vigan\",\"datePublished\":\"2016-09-18T06:10:27+00:00\",\"dateModified\":\"2017-01-20T18:53:54+00:00\",\"mainEntityOfPage\":{\"@id\":\"https:\\\/\\\/leckerekekse.de\\\/wordpress\\\/zwei-lesungen-mit-delphine-de-vigan\\\/\"},\"wordCount\":862,\"commentCount\":4,\"publisher\":{\"@id\":\"https:\\\/\\\/leckerekekse.de\\\/wordpress\\\/#\\\/schema\\\/person\\\/6e4b2658514a3b7423a1f323400bdc1b\"},\"image\":{\"@id\":\"https:\\\/\\\/leckerekekse.de\\\/wordpress\\\/zwei-lesungen-mit-delphine-de-vigan\\\/#primaryimage\"},\"thumbnailUrl\":\"https:\\\/\\\/leckerekekse.de\\\/wordpress\\\/wp-content\\\/uploads\\\/2016\\\/09\\\/Lesung-vigan-1.jpg\",\"keywords\":[\"Hamburg\",\"Harbour Front Festival\",\"Harbour Front Literatur Festival\",\"K\u00f6ln\",\"Lesung\"],\"articleSection\":{\"1\":\"Veranstaltungen\"},\"inLanguage\":\"de\",\"potentialAction\":[{\"@type\":\"CommentAction\",\"name\":\"Comment\",\"target\":[\"https:\\\/\\\/leckerekekse.de\\\/wordpress\\\/zwei-lesungen-mit-delphine-de-vigan\\\/#respond\"]}]},{\"@type\":\"WebPage\",\"@id\":\"https:\\\/\\\/leckerekekse.de\\\/wordpress\\\/zwei-lesungen-mit-delphine-de-vigan\\\/\",\"url\":\"https:\\\/\\\/leckerekekse.de\\\/wordpress\\\/zwei-lesungen-mit-delphine-de-vigan\\\/\",\"name\":\"Lesung: Delphine de Vigan mit \\\"Nach einer wahren Geschichte\\\"\",\"isPartOf\":{\"@id\":\"https:\\\/\\\/leckerekekse.de\\\/wordpress\\\/#website\"},\"primaryImageOfPage\":{\"@id\":\"https:\\\/\\\/leckerekekse.de\\\/wordpress\\\/zwei-lesungen-mit-delphine-de-vigan\\\/#primaryimage\"},\"image\":{\"@id\":\"https:\\\/\\\/leckerekekse.de\\\/wordpress\\\/zwei-lesungen-mit-delphine-de-vigan\\\/#primaryimage\"},\"thumbnailUrl\":\"https:\\\/\\\/leckerekekse.de\\\/wordpress\\\/wp-content\\\/uploads\\\/2016\\\/09\\\/Lesung-vigan-1.jpg\",\"datePublished\":\"2016-09-18T06:10:27+00:00\",\"dateModified\":\"2017-01-20T18:53:54+00:00\",\"description\":\"Delphine de Vigan hatte in Deutschland zwei Lesungen zu ihrem Buch \\\"Nach einer wahren Geschichte\\\". In K\u00f6ln und Hamburg. Wie passend f\u00fcr uns!\",\"breadcrumb\":{\"@id\":\"https:\\\/\\\/leckerekekse.de\\\/wordpress\\\/zwei-lesungen-mit-delphine-de-vigan\\\/#breadcrumb\"},\"inLanguage\":\"de\",\"potentialAction\":[{\"@type\":\"ReadAction\",\"target\":[\"https:\\\/\\\/leckerekekse.de\\\/wordpress\\\/zwei-lesungen-mit-delphine-de-vigan\\\/\"]}]},{\"@type\":\"ImageObject\",\"inLanguage\":\"de\",\"@id\":\"https:\\\/\\\/leckerekekse.de\\\/wordpress\\\/zwei-lesungen-mit-delphine-de-vigan\\\/#primaryimage\",\"url\":\"https:\\\/\\\/leckerekekse.de\\\/wordpress\\\/wp-content\\\/uploads\\\/2016\\\/09\\\/Lesung-vigan-1.jpg\",\"contentUrl\":\"https:\\\/\\\/leckerekekse.de\\\/wordpress\\\/wp-content\\\/uploads\\\/2016\\\/09\\\/Lesung-vigan-1.jpg\",\"width\":480,\"height\":640,\"caption\":\"Lesung: Nach einer wahren Geschichte\"},{\"@type\":\"BreadcrumbList\",\"@id\":\"https:\\\/\\\/leckerekekse.de\\\/wordpress\\\/zwei-lesungen-mit-delphine-de-vigan\\\/#breadcrumb\",\"itemListElement\":[{\"@type\":\"ListItem\",\"position\":1,\"name\":\"Home\",\"item\":\"https:\\\/\\\/leckerekekse.de\\\/wordpress\\\/\"},{\"@type\":\"ListItem\",\"position\":2,\"name\":\"Zwei Lesungen mit Delphine de Vigan\"}]},{\"@type\":\"WebSite\",\"@id\":\"https:\\\/\\\/leckerekekse.de\\\/wordpress\\\/#website\",\"url\":\"https:\\\/\\\/leckerekekse.de\\\/wordpress\\\/\",\"name\":\"Leckere Kekse &amp; mehr\",\"description\":\"Kekse backen, B\u00fccher lesen und mehr\",\"publisher\":{\"@id\":\"https:\\\/\\\/leckerekekse.de\\\/wordpress\\\/#\\\/schema\\\/person\\\/6e4b2658514a3b7423a1f323400bdc1b\"},\"potentialAction\":[{\"@type\":\"SearchAction\",\"target\":{\"@type\":\"EntryPoint\",\"urlTemplate\":\"https:\\\/\\\/leckerekekse.de\\\/wordpress\\\/?s={search_term_string}\"},\"query-input\":{\"@type\":\"PropertyValueSpecification\",\"valueRequired\":true,\"valueName\":\"search_term_string\"}}],\"inLanguage\":\"de\"},{\"@type\":[\"Person\",\"Organization\"],\"@id\":\"https:\\\/\\\/leckerekekse.de\\\/wordpress\\\/#\\\/schema\\\/person\\\/6e4b2658514a3b7423a1f323400bdc1b\",\"name\":\"Astrid\",\"logo\":{\"@id\":\"https:\\\/\\\/leckerekekse.de\\\/wordpress\\\/#\\\/schema\\\/person\\\/image\\\/\"},\"sameAs\":[\"https:\\\/\\\/leckerekekse.de\\\/wordpress\"]},{\"@type\":\"Person\",\"@id\":\"https:\\\/\\\/leckerekekse.de\\\/wordpress\\\/#\\\/schema\\\/person\\\/aeca9a159c2be36b9bce9092b38c13c8\",\"name\":\"Buchlieberin\",\"sameAs\":[\"https:\\\/\\\/leckerekekse.de\\\/wordpress\"]}]}<\/script>\n<!-- \/ Yoast SEO plugin. -->","yoast_head_json":{"title":"Lesung: Delphine de Vigan mit \"Nach einer wahren Geschichte\"","description":"Delphine de Vigan hatte in Deutschland zwei Lesungen zu ihrem Buch \"Nach einer wahren Geschichte\". In K\u00f6ln und Hamburg. Wie passend f\u00fcr uns!","robots":{"index":"index","follow":"follow","max-snippet":"max-snippet:-1","max-image-preview":"max-image-preview:large","max-video-preview":"max-video-preview:-1"},"canonical":"https:\/\/leckerekekse.de\/wordpress\/zwei-lesungen-mit-delphine-de-vigan\/","og_locale":"de_DE","og_type":"article","og_title":"Lesung: Delphine de Vigan mit \"Nach einer wahren Geschichte\"","og_description":"Delphine de Vigan hatte in Deutschland zwei Lesungen zu ihrem Buch \"Nach einer wahren Geschichte\". In K\u00f6ln und Hamburg. Wie passend f\u00fcr uns!","og_url":"https:\/\/leckerekekse.de\/wordpress\/zwei-lesungen-mit-delphine-de-vigan\/","og_site_name":"Leckere Kekse &amp; mehr","article_published_time":"2016-09-18T06:10:27+00:00","article_modified_time":"2017-01-20T18:53:54+00:00","og_image":[{"width":480,"height":640,"url":"https:\/\/leckerekekse.de\/wordpress\/wp-content\/uploads\/2016\/09\/Lesung-vigan-1.jpg","type":"image\/jpeg"}],"author":"Buchlieberin","twitter_misc":{"Verfasst von":"Buchlieberin","Gesch\u00e4tzte Lesezeit":"4\u00a0Minuten"},"schema":{"@context":"https:\/\/schema.org","@graph":[{"@type":"Article","@id":"https:\/\/leckerekekse.de\/wordpress\/zwei-lesungen-mit-delphine-de-vigan\/#article","isPartOf":{"@id":"https:\/\/leckerekekse.de\/wordpress\/zwei-lesungen-mit-delphine-de-vigan\/"},"author":{"name":"Buchlieberin","@id":"https:\/\/leckerekekse.de\/wordpress\/#\/schema\/person\/aeca9a159c2be36b9bce9092b38c13c8"},"headline":"Zwei Lesungen mit Delphine de Vigan","datePublished":"2016-09-18T06:10:27+00:00","dateModified":"2017-01-20T18:53:54+00:00","mainEntityOfPage":{"@id":"https:\/\/leckerekekse.de\/wordpress\/zwei-lesungen-mit-delphine-de-vigan\/"},"wordCount":862,"commentCount":4,"publisher":{"@id":"https:\/\/leckerekekse.de\/wordpress\/#\/schema\/person\/6e4b2658514a3b7423a1f323400bdc1b"},"image":{"@id":"https:\/\/leckerekekse.de\/wordpress\/zwei-lesungen-mit-delphine-de-vigan\/#primaryimage"},"thumbnailUrl":"https:\/\/leckerekekse.de\/wordpress\/wp-content\/uploads\/2016\/09\/Lesung-vigan-1.jpg","keywords":["Hamburg","Harbour Front Festival","Harbour Front Literatur Festival","K\u00f6ln","Lesung"],"articleSection":{"1":"Veranstaltungen"},"inLanguage":"de","potentialAction":[{"@type":"CommentAction","name":"Comment","target":["https:\/\/leckerekekse.de\/wordpress\/zwei-lesungen-mit-delphine-de-vigan\/#respond"]}]},{"@type":"WebPage","@id":"https:\/\/leckerekekse.de\/wordpress\/zwei-lesungen-mit-delphine-de-vigan\/","url":"https:\/\/leckerekekse.de\/wordpress\/zwei-lesungen-mit-delphine-de-vigan\/","name":"Lesung: Delphine de Vigan mit \"Nach einer wahren Geschichte\"","isPartOf":{"@id":"https:\/\/leckerekekse.de\/wordpress\/#website"},"primaryImageOfPage":{"@id":"https:\/\/leckerekekse.de\/wordpress\/zwei-lesungen-mit-delphine-de-vigan\/#primaryimage"},"image":{"@id":"https:\/\/leckerekekse.de\/wordpress\/zwei-lesungen-mit-delphine-de-vigan\/#primaryimage"},"thumbnailUrl":"https:\/\/leckerekekse.de\/wordpress\/wp-content\/uploads\/2016\/09\/Lesung-vigan-1.jpg","datePublished":"2016-09-18T06:10:27+00:00","dateModified":"2017-01-20T18:53:54+00:00","description":"Delphine de Vigan hatte in Deutschland zwei Lesungen zu ihrem Buch \"Nach einer wahren Geschichte\". In K\u00f6ln und Hamburg. Wie passend f\u00fcr uns!","breadcrumb":{"@id":"https:\/\/leckerekekse.de\/wordpress\/zwei-lesungen-mit-delphine-de-vigan\/#breadcrumb"},"inLanguage":"de","potentialAction":[{"@type":"ReadAction","target":["https:\/\/leckerekekse.de\/wordpress\/zwei-lesungen-mit-delphine-de-vigan\/"]}]},{"@type":"ImageObject","inLanguage":"de","@id":"https:\/\/leckerekekse.de\/wordpress\/zwei-lesungen-mit-delphine-de-vigan\/#primaryimage","url":"https:\/\/leckerekekse.de\/wordpress\/wp-content\/uploads\/2016\/09\/Lesung-vigan-1.jpg","contentUrl":"https:\/\/leckerekekse.de\/wordpress\/wp-content\/uploads\/2016\/09\/Lesung-vigan-1.jpg","width":480,"height":640,"caption":"Lesung: Nach einer wahren Geschichte"},{"@type":"BreadcrumbList","@id":"https:\/\/leckerekekse.de\/wordpress\/zwei-lesungen-mit-delphine-de-vigan\/#breadcrumb","itemListElement":[{"@type":"ListItem","position":1,"name":"Home","item":"https:\/\/leckerekekse.de\/wordpress\/"},{"@type":"ListItem","position":2,"name":"Zwei Lesungen mit Delphine de Vigan"}]},{"@type":"WebSite","@id":"https:\/\/leckerekekse.de\/wordpress\/#website","url":"https:\/\/leckerekekse.de\/wordpress\/","name":"Leckere Kekse &amp; mehr","description":"Kekse backen, B\u00fccher lesen und mehr","publisher":{"@id":"https:\/\/leckerekekse.de\/wordpress\/#\/schema\/person\/6e4b2658514a3b7423a1f323400bdc1b"},"potentialAction":[{"@type":"SearchAction","target":{"@type":"EntryPoint","urlTemplate":"https:\/\/leckerekekse.de\/wordpress\/?s={search_term_string}"},"query-input":{"@type":"PropertyValueSpecification","valueRequired":true,"valueName":"search_term_string"}}],"inLanguage":"de"},{"@type":["Person","Organization"],"@id":"https:\/\/leckerekekse.de\/wordpress\/#\/schema\/person\/6e4b2658514a3b7423a1f323400bdc1b","name":"Astrid","logo":{"@id":"https:\/\/leckerekekse.de\/wordpress\/#\/schema\/person\/image\/"},"sameAs":["https:\/\/leckerekekse.de\/wordpress"]},{"@type":"Person","@id":"https:\/\/leckerekekse.de\/wordpress\/#\/schema\/person\/aeca9a159c2be36b9bce9092b38c13c8","name":"Buchlieberin","sameAs":["https:\/\/leckerekekse.de\/wordpress"]}]}},"_links":{"self":[{"href":"https:\/\/leckerekekse.de\/wordpress\/wp-json\/wp\/v2\/posts\/6945","targetHints":{"allow":["GET"]}}],"collection":[{"href":"https:\/\/leckerekekse.de\/wordpress\/wp-json\/wp\/v2\/posts"}],"about":[{"href":"https:\/\/leckerekekse.de\/wordpress\/wp-json\/wp\/v2\/types\/post"}],"author":[{"embeddable":true,"href":"https:\/\/leckerekekse.de\/wordpress\/wp-json\/wp\/v2\/users\/2"}],"replies":[{"embeddable":true,"href":"https:\/\/leckerekekse.de\/wordpress\/wp-json\/wp\/v2\/comments?post=6945"}],"version-history":[{"count":4,"href":"https:\/\/leckerekekse.de\/wordpress\/wp-json\/wp\/v2\/posts\/6945\/revisions"}],"predecessor-version":[{"id":6980,"href":"https:\/\/leckerekekse.de\/wordpress\/wp-json\/wp\/v2\/posts\/6945\/revisions\/6980"}],"wp:featuredmedia":[{"embeddable":true,"href":"https:\/\/leckerekekse.de\/wordpress\/wp-json\/wp\/v2\/media\/6964"}],"wp:attachment":[{"href":"https:\/\/leckerekekse.de\/wordpress\/wp-json\/wp\/v2\/media?parent=6945"}],"wp:term":[{"taxonomy":"category","embeddable":true,"href":"https:\/\/leckerekekse.de\/wordpress\/wp-json\/wp\/v2\/categories?post=6945"},{"taxonomy":"post_tag","embeddable":true,"href":"https:\/\/leckerekekse.de\/wordpress\/wp-json\/wp\/v2\/tags?post=6945"}],"curies":[{"name":"wp","href":"https:\/\/api.w.org\/{rel}","templated":true}]}}